{"id":715227,"date":"2021-04-23T15:14:00","date_gmt":"2021-04-23T18:14:00","guid":{"rendered":"https:\/\/www.estrategiaconcursos.com.br\/blog\/?p=715227"},"modified":"2021-04-20T14:07:51","modified_gmt":"2021-04-20T17:07:51","slug":"administracao-ufrn-1","status":"publish","type":"post","link":"https:\/\/www.estrategiaconcursos.com.br\/blog\/administracao-ufrn-1\/","title":{"rendered":"Administra\u00e7\u00e3o para assistente em administra\u00e7\u00e3o da UFRN \u2013 parte 1"},"content":{"rendered":"\n<p>Ol\u00e1, pessoal! Tudo bem? Neste artigo teremos a primeira parte do nosso resumo de <strong>Administra\u00e7\u00e3o para assistente em administra\u00e7\u00e3o da UFRN<\/strong>. Buscaremos analisar a disciplina de Administra\u00e7\u00e3o para o cargo de assistente em administra\u00e7\u00e3o \u2013 c\u00f3digos <strong>206, 207 e 208<\/strong>.<\/p>\n\n\n\n<p>O cargo de assistente em administra\u00e7\u00e3o requer n\u00edvel m\u00e9dio ou m\u00e9dio t\u00e9cnico completo, oferecendo remunera\u00e7\u00e3o de R$ 2.446,96, aux\u00edlio alimenta\u00e7\u00e3o de R$ 458,00, al\u00e9m de outros benef\u00edcios.<\/p>\n\n\n\n<p>Os candidatos ser\u00e3o avaliados por meio de provas objetivas e reda\u00e7\u00e3o. N\u00e3o deixe de acessar a <a href=\"https:\/\/www.estrategiaconcursos.com.br\/blog\/concurso-ufrn-tecnico\/\" target=\"_blank\" rel=\"noreferrer noopener\">p\u00e1gina do concurso UFRN<\/a> aqui no Estrat\u00e9gia Concursos, onde h\u00e1 um resumo completo sobre o concurso.<\/p>\n\n\n\n<figure class=\"wp-block-image size-large\"><img loading=\"lazy\" decoding=\"async\" width=\"1024\" height=\"327\" src=\"https:\/\/dhg1h5j42swfq.cloudfront.net\/2021\/04\/15210438\/ufrn-1024x327.png\" alt=\"Administra\u00e7\u00e3o para assistente em administra\u00e7\u00e3o da UFRN \u2013 parte 1\" class=\"wp-image-715232\" srcset=\"https:\/\/dhg1h5j42swfq.cloudfront.net\/2021\/04\/15210438\/ufrn-1024x327.png 1024w, https:\/\/dhg1h5j42swfq.cloudfront.net\/2021\/04\/15210438\/ufrn-300x96.png 300w, https:\/\/dhg1h5j42swfq.cloudfront.net\/2021\/04\/15210438\/ufrn-768x246.png 768w, https:\/\/dhg1h5j42swfq.cloudfront.net\/2021\/04\/15210438\/ufrn-1536x491.png 1536w, https:\/\/dhg1h5j42swfq.cloudfront.net\/2021\/04\/15210438\/ufrn-610x195.png 610w, https:\/\/dhg1h5j42swfq.cloudfront.net\/2021\/04\/15210438\/ufrn.png 1920w\" sizes=\"auto, (max-width: 1024px) 100vw, 1024px\" \/><figcaption>UFRN<\/figcaption><\/figure>\n\n\n\n<p>Acesse, tamb\u00e9m, o <a href=\"https:\/\/dhg1h5j42swfq.cloudfront.net\/2021\/03\/24183523\/edital_retificado_20210322.pdf\" target=\"_blank\" rel=\"noreferrer noopener\">edital do concurso<\/a>, para conhecer todos os detalhes do certame.<\/p>\n\n\n\n<p>A nossa disciplina de administra\u00e7\u00e3o est\u00e1 nos <a href=\"http:\/\/www.comperve.ufrn.br\/conteudo\/concursos\/ufrn_202111\/programas\/206_207_208.pdf\" target=\"_blank\" rel=\"noreferrer noopener\">conhecimentos espec\u00edficos para o cargo<\/a>. Segue o programa de administra\u00e7\u00e3o:<\/p>\n\n\n\n<p><strong>1.<\/strong> <strong>Conhecimentos B\u00e1sicos em Administra\u00e7\u00e3o<\/strong>: fun\u00e7\u00f5es do processo administrativo: planejamento, organiza\u00e7\u00e3o, dire\u00e7\u00e3o e controle; n\u00edveis de planejamento; habilidades humanas (conceitual, humana, operacional); crit\u00e9rios de departamentaliza\u00e7\u00e3o; <strong>3.<\/strong> <strong>Rela\u00e7\u00f5es Humanas no Trabalho e Lideran\u00e7a<\/strong>: O papel do gestor; estilos de lideran\u00e7a, elementos da comunica\u00e7\u00e3o na organiza\u00e7\u00e3o; teorias motivacionais; (&#8230;) <strong>5. Qualidade no Servi\u00e7o P\u00fablico:<\/strong> ferramentas da gest\u00e3o da qualidade; carta de servi\u00e7os ao usu\u00e1rio, conforme Decreto Federal 9.094\/2017; <strong>6. No\u00e7\u00f5es de Gest\u00e3o de Processos e Projetos<\/strong>: business process management (BPM); conceitos b\u00e1sicos de gest\u00e3o de projetos; ciclo de vida de projetos; t\u00e9cnicas de gest\u00e3o de projetos (gest\u00e3o \u00e1gil, life cycle canvas (LCC)); <strong>7. Conhecimentos b\u00e1sicos em Administra\u00e7\u00e3o de Patrim\u00f4nio, Materiais e Log\u00edstica<\/strong>: compras e contrata\u00e7\u00f5es p\u00fablicas (legisla\u00e7\u00e3o sobre licita\u00e7\u00f5es); coleta de pre\u00e7os, gest\u00e3o e controle de estoque, distribui\u00e7\u00e3o de material e invent\u00e1rio de bens patrimoniais; sistemas de informa\u00e7\u00e3o para administra\u00e7\u00e3o de patrim\u00f4nio, materiais e log\u00edstica.<\/p>\n\n\n\n<p>Analisaremos os temas mais cobrados pela banca COMPERVE.<\/p>\n\n\n\n<h2 class=\"wp-block-heading\" id=\"h-fun-es-do-processo-administrativo\">Fun\u00e7\u00f5es do processo administrativo<\/h2>\n\n\n\n<p>Trata-se de tema important\u00edssimo em qualquer prova de Administra\u00e7\u00e3o e n\u00e3o \u00e9 diferente no conte\u00fado de Administra\u00e7\u00e3o para assistente em administra\u00e7\u00e3o da UFRN<strong>. <\/strong>Neste resumo, falaremos sobre a fun\u00e7\u00e3o de controle. Sugerimos a leitura do nosso Guia Definitivo sobre <a href=\"https:\/\/www.estrategiaconcursos.com.br\/blog\/funcoes-processo-administrativo-para-concursos-guia-definitivo\/\" target=\"_blank\" rel=\"noreferrer noopener\">Fun\u00e7\u00f5es do Processo Administrativo<\/a>, para um resumo que contemple todas as fun\u00e7\u00f5es.<\/p>\n\n\n\n<p>&nbsp;Veja a quest\u00e3o abaixo:<\/p>\n\n\n\n<p><strong>UFERSA (2013)<\/strong><\/p>\n\n\n\n<p><strong><em>\u201cSr. Paulo, o gerente geral da f\u00e1brica de balas Sonho Doce, afirmou: \u201c\u00c9 praticamente imposs\u00edvel controlar tudo aqui na empresa. Tenho de focar no que est\u00e1 fora do padr\u00e3o.\u201d<\/em><\/strong><\/p>\n\n\n\n<p><strong><em>Essa afirma\u00e7\u00e3o refere-se \u00e0<\/em><\/strong><\/p>\n\n\n\n<ol class=\"wp-block-list\" type=\"A\"><li><strong><em>aceita\u00e7\u00e3o.<\/em><\/strong><\/li><li><strong><em>objetividade.<\/em><\/strong><\/li><li><strong><em>\u00eanfase na exce\u00e7\u00e3o.<\/em><\/strong><\/li><li><strong><em>economia.\u201d<\/em><\/strong><\/li><\/ol>\n\n\n\n<p>A quest\u00e3o \u00e9 baseada na literatura de Maximiano. O autor considera que um sistema de controle, para ser eficaz, deve possuir algumas caracter\u00edsticas, as quais seguem abaixo:<\/p>\n\n\n\n<ul class=\"wp-block-list\"><li><strong>Foco nos pontos estrat\u00e9gicos<\/strong> &#8211; o controle deve ser mais apurado em pontos que possam gerar maiores problemas para a organiza\u00e7\u00e3o;<\/li><li><strong>Precis\u00e3o<\/strong> &#8211; os sistemas de controle devem evidenciar as informa\u00e7\u00f5es sobre varia\u00e7\u00e3o de forma precisa;<\/li><li><strong>Rapidez<\/strong> &#8211; as informa\u00e7\u00f5es devem ser disponibilizadas rapidamente ao tomador de decis\u00f5es;<\/li><li><strong>Objetividade<\/strong> &#8211; as informa\u00e7\u00f5es devem ser claras e objetivas, indicando com objetividade o desvio detectado;<\/li><li><strong>Economia<\/strong> &#8211; o custo do sistema deve ser menor do que os benef\u00edcios proporcionados;<\/li><li><strong>Aceita\u00e7\u00e3o<\/strong> &#8211; as pessoas precisam compreender que o sistema de controle \u00e9 uma parte importante de seu trabalho;<\/li><li><strong>\u00canfase na exce\u00e7\u00e3o<\/strong> &#8211; a \u00eanfase do sistema deve ser nos desvios detectados;<\/li><li><strong>Crit\u00e9rios m\u00faltiplos de avalia\u00e7\u00e3o de desempenho<\/strong> &#8211; o sistema deve propiciar a avalia\u00e7\u00e3o de variados crit\u00e9rios de desempenho, o que proporcionar\u00e1 uma informa\u00e7\u00e3o mais rica ao gestor.<\/li><\/ul>\n\n\n\n<p>Portanto, diante dos crit\u00e9rios definidos pelo autor, a alternativa correta \u00e9 a <strong>letra C: \u00eanfase nas exce\u00e7\u00f5es<\/strong>.<\/p>\n\n\n\n<h2 class=\"wp-block-heading\" id=\"h-planejamento-estrat-gico\">Planejamento Estrat\u00e9gico<\/h2>\n\n\n\n<p>Em mais uma das fun\u00e7\u00f5es do processo administrativo, optamos por abordar o planejamento em separado neste artigo de administra\u00e7\u00e3o para assistente em administra\u00e7\u00e3o da UFRN, pela sua import\u00e2ncia para a banca. Refor\u00e7amos a necessidade de acessar o link sugerido no t\u00f3pico anterior, para mais informa\u00e7\u00f5es.<\/p>\n\n\n\n<p>Neste t\u00f3pico, falaremos sobre um tema de planejamento que n\u00e3o \u00e9 muito cobrado em concursos, mas que j\u00e1 foi cobrado pela banca e que pode gerar grandes d\u00favidas. Estamos falando do <strong><u>Planejamento Estrat\u00e9gico Situacional (PES).<\/u><\/strong><\/p>\n\n\n\n<p>Concebido por Carlos Matus, o PES pode ser definido, segundo Dagnino (2014) como uma ferramenta que engloba tanto o aspecto cient\u00edfico, quanto o aspecto pol\u00edtico, feito para otimizar o trabalho de pessoas no governo.<\/p>\n\n\n\n<p>Nesse sentido, o PES pode ser entendido como uma metodologia que trabalha considerando diversas vari\u00e1veis e evita o tratamento dos fatos de forma herm\u00e9tica e padronizada, considerando as peculiaridades e assumindo a impossibilidade de controle de todas as vari\u00e1veis. Da\u00ed ser chamado de situacional, por considerar cada situa\u00e7\u00e3o de forma distinta da outra.<\/p>\n\n\n\n<p><strong>UFRN (2019)<\/strong><\/p>\n\n\n\n<p><strong><em>\u201cPara determinado modelo de planejamento estrat\u00e9gico, constitui um problema a dist\u00e2ncia entre uma situa\u00e7\u00e3o dada e uma situa\u00e7\u00e3o desejada, considerada por algu\u00e9m como \u00f3tima. Nessa perspectiva, torna-se necess\u00e1rio identificar um problema preliminar ou o n\u00facleo de problemas para, no pr\u00f3ximo passo, descrever o problema focal. Essa sequ\u00eancia faz parte da metodologia do modelo<\/em><\/strong><\/p>\n\n\n\n<ol class=\"wp-block-list\" type=\"A\"><li><strong><em>BSC.<\/em><\/strong><\/li><li><strong><em>PES.<\/em><\/strong><\/li><li><strong><em>POP.<\/em><\/strong><\/li><li><strong><em>B2B.\u201d<\/em><\/strong><\/li><\/ol>\n\n\n\n<p>O gabarito \u00e9 a <strong>alternativa B<\/strong>. Perceba que o PES trata justamente de identificar uma situa\u00e7\u00e3o desejada em compara\u00e7\u00e3o com uma outra situa\u00e7\u00e3o atual, identificando os problemas contextuais que se apresentam no caminho rumo \u00e0 situa\u00e7\u00e3o desejada.<\/p>\n\n\n\n<p>A tem\u00e1tica do PES costuma ser mais explorada em provas de Gest\u00e3o P\u00fablica. Por\u00e9m, n\u00e3o \u00e9 surpresa se for cobrada em Administra\u00e7\u00e3o Geral.<\/p>\n\n\n\n<h2 class=\"wp-block-heading\" id=\"h-ferramentas-do-planejamento\">Ferramentas do planejamento<\/h2>\n\n\n\n<p>Ainda como desdobramento do assunto de planejamento, \u00e9 necess\u00e1rio tratarmos de ferramentas de planejamento. A banca COMPERVE explora bastante o tema, o que faz com que seja uma aposta para a prova de Administra\u00e7\u00e3o para assistente em administra\u00e7\u00e3o da UFRN.<\/p>\n\n\n\n<p>Vejamos uma quest\u00e3o da banca. Exploraremos, nos coment\u00e1rios, os conceitos necess\u00e1rios.<\/p>\n\n\n\n<p><strong>UFRN (2019)<\/strong><\/p>\n\n\n\n<p><strong><em>\u201cSegundo Peter Drucker, \u201cA melhor forma de prever o futuro \u00e9 cri\u00e1-lo\u201d. Tendo em mente a no\u00e7\u00e3o de planejamento estrat\u00e9gico, considere as ferramentas apresentadas abaixo.<\/em><\/strong><\/p>\n\n\n\n<p><strong><em>I Matriz de Ansoff e BCG<\/em><\/strong><\/p>\n\n\n\n<p><strong><em>II SERVQUAL e Carta de controle<\/em><\/strong><\/p>\n\n\n\n<p><strong><em>III SMART e Seis Sigma<\/em><\/strong><\/p>\n\n\n\n<p><strong><em>IV 5 for\u00e7as competitivas de Porter e SWOT<\/em><\/strong><\/p>\n\n\n\n<p><strong><em>Ferramentas de an\u00e1lise para elabora\u00e7\u00e3o de um planejamento estrat\u00e9gico est\u00e3o presentes nos itens:<\/em><\/strong><\/p>\n\n\n\n<ol class=\"wp-block-list\" type=\"A\"><li><strong><em>III e IV.<\/em><\/strong><\/li><li><strong><em>I e II.<\/em><\/strong><\/li><li><strong><em>II e III.<\/em><\/strong><\/li><li><strong><em>I e IV.\u201d<\/em><\/strong><\/li><\/ol>\n\n\n\n<p>O gabarito \u00e9 a <strong>letra D<\/strong>. SERVQUAL \u00e9 um instrumento de mensura\u00e7\u00e3o de qualidade. Carta de controle \u00e9 uma ferramenta de gest\u00e3o da qualidade. Seis Sigma \u00e9 uma ferramenta para an\u00e1lise de varia\u00e7\u00f5es operacionais, buscando reduzir defeitos.<\/p>\n\n\n\n<p>SMART \u00e9 uma sigla para as caracter\u00edsticas de uma meta:<\/p>\n\n\n\n<ul class=\"wp-block-list\"><li><strong>Specific<\/strong> (espec\u00edfica);<\/li><li><strong>Measurable<\/strong> (mensur\u00e1vel);<\/li><li><strong>Attainable<\/strong> (ating\u00edvel);<\/li><li><strong>Relevant<\/strong> (relevante);<\/li><li><strong>Time based<\/strong> (temporal).<\/li><\/ul>\n\n\n\n<p>J\u00e1 as ferramentas de gest\u00e3o estrat\u00e9gica trazidas pela quest\u00e3o s\u00e3o as seguintes:<\/p>\n\n\n\n<ul class=\"wp-block-list\"><li><strong>A Matriz Ansoff<\/strong> que consiste em identificar oportunidades de atua\u00e7\u00e3o de uma organiza\u00e7\u00e3o, com seus produtos e servi\u00e7os, em um determinado mercado.<\/li><li><strong>A matriz BCG<\/strong>, que analisa o posicionamento estrat\u00e9gico de um produto ou servi\u00e7o no mercado.<\/li><li><strong>As cinco for\u00e7as<\/strong> competitivas de Porter, que s\u00e3o cinco fatores que afetam a estrat\u00e9gia de uma organiza\u00e7\u00e3o.<\/li><li><strong>A an\u00e1lise SWOT<\/strong>, que analise o ambiente interno e externo da organiza\u00e7\u00e3o.<\/li><\/ul>\n\n\n\n<p>Para complementar o estudo, acesse nosso Guia Definitivo sobre as <a href=\"https:\/\/www.estrategiaconcursos.com.br\/blog\/ferramentas-cobradas-planejamento\/\" target=\"_blank\" rel=\"noreferrer noopener\">ferramentas mais cobradas de planejamento estrat\u00e9gico<\/a>.<\/p>\n\n\n\n<h2 class=\"wp-block-heading\" id=\"h-crit-rios-de-departamentaliza-o\">Crit\u00e9rios de departamentaliza\u00e7\u00e3o<\/h2>\n\n\n\n<p>Desdobramento da fun\u00e7\u00e3o administrativa de organiza\u00e7\u00e3o, departamentaliza\u00e7\u00e3o \u00e9 um tema que causa muitas d\u00favidas entre os alunos. Por isso, entendemos ser necess\u00e1rio abord\u00e1-lo neste resumo de Administra\u00e7\u00e3o para assistente em administra\u00e7\u00e3o da UFRN.<\/p>\n\n\n\n<p>Analise a quest\u00e3o abaixo. Nos coment\u00e1rios, traremos os detalhamentos necess\u00e1rios.<\/p>\n\n\n\n<p><strong>UFRN (2019)<\/strong><\/p>\n\n\n\n<p><strong><em>\u201cO diretor de um centro administrativo de uma universidade est\u00e1 criando um novo organograma para a sua unidade, de forma a proporcionar a troca de experi\u00eancias entre especialistas de v\u00e1rias \u00e1reas de conhecimento. Para atender a essa demanda, o modelo de departamentaliza\u00e7\u00e3o a ser utilizado \u00e9 o<\/em><\/strong><\/p>\n\n\n\n<ol class=\"wp-block-list\" type=\"A\"><li><strong><em>matricial.<\/em><\/strong><\/li><li><strong><em>funcional.<\/em><\/strong><\/li><li><strong><em>consultivo.<\/em><\/strong><\/li><li><strong><em>vertical.\u201d<\/em><\/strong><\/li><\/ol>\n\n\n\n<p>Quest\u00e3o que derruba os mais afoitos. O gabarito \u00e9 a <strong>letra A<\/strong>. Se voc\u00ea j\u00e1 estudou o nosso Guia Definitivo de <a href=\"https:\/\/www.estrategiaconcursos.com.br\/blog\/tipos-de-departamentalizacao-para-concursos\/\" target=\"_blank\" rel=\"noreferrer noopener\">Tipos de Departamentaliza\u00e7\u00e3o para concursos<\/a>, voc\u00ea j\u00e1 aprendeu que a departamentaliza\u00e7\u00e3o do tipo funcional agrega os especialistas dentro de suas respectivas \u00e1reas. Perfeito.<\/p>\n\n\n\n<p>Por\u00e9m, perceba que a quest\u00e3o fala em \u201c<strong><em>troca de experi\u00eancias entre especialistas de v\u00e1rias \u00e1reas de conhecimento.\u201d. <\/em><\/strong>Assim, a departamentaliza\u00e7\u00e3o matricial, que \u00e9 um mix da departamentaliza\u00e7\u00e3o funcional com a departamentaliza\u00e7\u00e3o por projetos, \u00e9 o tipo de departamentaliza\u00e7\u00e3o que permite que especialistas em diferentes \u00e1reas atuem em conjunto, indo al\u00e9m da especializa\u00e7\u00e3o obtida com a departamentaliza\u00e7\u00e3o funcional.<\/p>\n\n\n\n<p>Outros tipos de departamentaliza\u00e7\u00e3o tamb\u00e9m proporcionam o benef\u00edcio elencado no enunciado. Por\u00e9m, dentre as op\u00e7\u00f5es apresentadas pela banca, a resposta \u00e9 mesmo departamentaliza\u00e7\u00e3o matricial.<\/p>\n\n\n\n<h2 class=\"wp-block-heading\" id=\"h-conclus-o\">Conclus\u00e3o<\/h2>\n\n\n\n<p>Chegamos ao fim do nosso estudo de Administra\u00e7\u00e3o para assistente em administra\u00e7\u00e3o da UFRN \u2013 parte 1. Utilize-o juntamente aos materiais te\u00f3ricos para o concurso, bem como com a resolu\u00e7\u00e3o de in\u00fameras quest\u00f5es sobre os temas. Na segunda parte deste artigo, seguiremos analisando outros t\u00f3picos relevantes da disciplina para a banca.<\/p>\n\n\n\n<p>Abra\u00e7os e bons estudos!<\/p>\n\n\n\n<p>Paulo Alvarenga<\/p>\n\n\n\n<p><a href=\"https:\/\/www.instagram.com\/profpauloalvarenga\/\">https:\/\/www.instagram.com\/profpauloalvarenga\/<\/a><\/p>\n\n\n\n<p><strong>Refer\u00eancias<\/strong>:<\/p>\n\n\n\n<p>DAGNINO, Renato Peixoto. <strong>Planejamento estrat\u00e9gico governamental.<\/strong> \u2013 3. ed. rev. atual. \u2013 Florian\u00f3polis : Departamento de Ci\u00eancias da Administra\u00e7\u00e3o \/ UFSC; [Bras\u00edlia] : CAPES : UAB, 2014 <\/p>\n\n\n\n<p>MAXIMIANO, Antonio Cesar Amaru. <strong>Introdu\u00e7\u00e3o \u00e0 Administra\u00e7\u00e3o<\/strong>. Atlas, 2004<\/p>\n\n\n\n<p class=\"has-text-align-center\"><em><strong>Assinatura Anual Ilimitada*<\/strong><\/em><\/p>\n\n\n\n<p class=\"has-text-align-center\"><em>Prepare-se com o melhor material e com quem mais aprova em Concursos P\u00fablicos em todo o pa\u00eds. Portanto, adquira a Assinatura Anual e tenha acesso ilimitado* a todos os nossos cursos.<\/em><\/p>\n\n\n\n<p class=\"has-text-align-center has-black-color has-light-green-cyan-background-color has-text-color has-background\"><strong>ADQUIRA AGORA<\/strong>&nbsp;\u2013&nbsp;<strong><a rel=\"noreferrer noopener\" href=\"https:\/\/www.estrategiaconcursos.com.br\/assinaturas\" target=\"_blank\">Assinatura Ilimitada<\/a><\/strong><\/p>\n\n\n\n<p class=\"has-text-align-center\"><strong><em><strong>Sistema de Quest\u00f5es<\/strong><\/em><\/strong><\/p>\n\n\n\n<p class=\"has-text-align-center\"><em>Estrat\u00e9gia Quest\u00f5es nasceu maior do que todos os concorrentes, com mais quest\u00f5es cadastradas e mais solu\u00e7\u00f5es por professores. Clique no link e aproveite os descontos e b\u00f4nus imperd\u00edveis!<\/em><\/p>\n\n\n\n<p class=\"has-text-align-center has-light-green-cyan-background-color has-background\"><strong><a rel=\"noreferrer noopener\" href=\"https:\/\/www.estrategiaconcursos.com.br\/cursosPorConcurso\/sistema-de-questoes\/#\/\" target=\"_blank\">Sistema de Quest\u00f5es<\/a><\/strong><\/p>\n\n\n\n<p class=\"has-text-align-center\"><strong><em>Confira os concursos com editais em aberto<\/em><\/strong><\/p>\n\n\n\n<p class=\"has-text-align-center has-pale-cyan-blue-background-color has-background\"><a rel=\"noreferrer noopener\" href=\"https:\/\/www.estrategiaconcursos.com.br\/blog\/concursos-abertos\/\" target=\"_blank\"><strong>CONCURSOS ABERTOS<\/strong><\/a><\/p>\n\n\n\n<p class=\"has-text-align-center\"><strong><em>As oportunidades previstas<\/em><\/strong><\/p>\n\n\n\n<p class=\"has-text-align-center has-pale-cyan-blue-background-color has-background\"><a rel=\"noreferrer noopener\" href=\"https:\/\/www.estrategiaconcursos.com.br\/blog\/concursos-2021\/\" target=\"_blank\"><strong>CONCURSOS 2021<\/strong><\/a><\/p>\n","protected":false},"excerpt":{"rendered":"<p>Ol\u00e1, pessoal! Tudo bem? Neste artigo teremos a primeira parte do nosso resumo de Administra\u00e7\u00e3o para assistente em administra\u00e7\u00e3o da UFRN. Buscaremos analisar a disciplina de Administra\u00e7\u00e3o para o cargo de assistente em administra\u00e7\u00e3o \u2013 c\u00f3digos 206, 207 e 208. O cargo de assistente em administra\u00e7\u00e3o requer n\u00edvel m\u00e9dio ou m\u00e9dio t\u00e9cnico completo, oferecendo remunera\u00e7\u00e3o [&hellip;]<\/p>\n","protected":false},"author":1822,"featured_media":715232,"comment_status":"open","ping_status":"closed","sticky":false,"template":"","format":"standard","meta":{"post_tipo":"article","footnotes":""},"categories":[1,214992],"tags":[],"tax_estado":[219983],"class_list":["post-715227","post","type-post","status-publish","format-standard","has-post-thumbnail","hentry","category-cursos-e-concursos","category-concursos-administrativos","tax_estado-rn"],"acf":[],"yoast_head":"<!-- This site is optimized with the Yoast SEO Premium plugin v27.2 (Yoast SEO v27.2) - https:\/\/yoast.com\/product\/yoast-seo-premium-wordpress\/ -->\n<title>Administra\u00e7\u00e3o para assistente em administra\u00e7\u00e3o da UFRN \u2013 parte 1<\/title>\n<meta name=\"description\" content=\"A prova da UFRN se aproxima! Conhe\u00e7a todos os detalhes de administra\u00e7\u00e3o para assistente em administra\u00e7\u00e3o da UFRN e esteja pronto!\" \/>\n<meta name=\"robots\" content=\"index, follow, max-snippet:-1, max-image-preview:large, max-video-preview:-1\" \/>\n<link rel=\"canonical\" href=\"https:\/\/www.estrategiaconcursos.com.br\/blog\/administracao-ufrn-1\/\" \/>\n<meta property=\"og:locale\" content=\"pt_BR\" \/>\n<meta property=\"og:type\" content=\"article\" \/>\n<meta property=\"og:title\" content=\"Administra\u00e7\u00e3o para assistente em administra\u00e7\u00e3o da UFRN \u2013 parte 1\" \/>\n<meta property=\"og:description\" content=\"A prova da UFRN se aproxima! Conhe\u00e7a todos os detalhes de administra\u00e7\u00e3o para assistente em administra\u00e7\u00e3o da UFRN e esteja pronto!\" \/>\n<meta property=\"og:url\" content=\"https:\/\/www.estrategiaconcursos.com.br\/blog\/administracao-ufrn-1\/\" \/>\n<meta property=\"og:site_name\" content=\"Estrat\u00e9gia Concursos\" \/>\n<meta property=\"article:published_time\" content=\"2021-04-23T18:14:00+00:00\" \/>\n<meta property=\"og:image\" content=\"https:\/\/dhg1h5j42swfq.cloudfront.net\/2021\/04\/15210438\/ufrn.png\" \/>\n\t<meta property=\"og:image:width\" content=\"1920\" \/>\n\t<meta property=\"og:image:height\" content=\"614\" \/>\n\t<meta property=\"og:image:type\" content=\"image\/png\" \/>\n<meta name=\"author\" content=\"Paulo Alvarenga Pires Cavalcanti\" \/>\n<meta name=\"twitter:card\" content=\"summary_large_image\" \/>\n<meta name=\"twitter:creator\" content=\"@EstratConcursos\" \/>\n<meta name=\"twitter:site\" content=\"@EstratConcursos\" \/>\n<meta name=\"twitter:label1\" content=\"Escrito por\" \/>\n\t<meta name=\"twitter:data1\" content=\"Paulo Alvarenga Pires Cavalcanti\" \/>\n\t<meta name=\"twitter:label2\" content=\"Est. tempo de leitura\" \/>\n\t<meta name=\"twitter:data2\" content=\"7 minutos\" \/>\n<script type=\"application\/ld+json\" class=\"yoast-schema-graph\">{\"@context\":\"https:\/\/schema.org\",\"@graph\":[{\"@type\":\"NewsArticle\",\"@id\":\"https:\/\/www.estrategiaconcursos.com.br\/blog\/administracao-ufrn-1\/#article\",\"isPartOf\":{\"@id\":\"https:\/\/www.estrategiaconcursos.com.br\/blog\/administracao-ufrn-1\/\"},\"author\":{\"name\":\"Paulo Alvarenga Pires Cavalcanti\",\"@id\":\"https:\/\/www.estrategiaconcursos.com.br\/blog\/#\/schema\/person\/030ec00ff66706ab6b93e6857a66d51e\"},\"headline\":\"Administra\u00e7\u00e3o para assistente em administra\u00e7\u00e3o da UFRN \u2013 parte 1\",\"datePublished\":\"2021-04-23T18:14:00+00:00\",\"mainEntityOfPage\":{\"@id\":\"https:\/\/www.estrategiaconcursos.com.br\/blog\/administracao-ufrn-1\/\"},\"wordCount\":1741,\"commentCount\":0,\"publisher\":{\"@id\":\"https:\/\/www.estrategiaconcursos.com.br\/blog\/#organization\"},\"image\":{\"@id\":\"https:\/\/www.estrategiaconcursos.com.br\/blog\/administracao-ufrn-1\/#primaryimage\"},\"thumbnailUrl\":\"https:\/\/dhg1h5j42swfq.cloudfront.net\/2021\/04\/15210438\/ufrn.png\",\"articleSection\":[\"Concursos P\u00fablicos\",\"Executivo (Administrativa)\"],\"inLanguage\":\"pt-BR\",\"potentialAction\":[{\"@type\":\"CommentAction\",\"name\":\"Comment\",\"target\":[\"https:\/\/www.estrategiaconcursos.com.br\/blog\/administracao-ufrn-1\/#respond\"]}],\"copyrightYear\":\"2021\",\"copyrightHolder\":{\"@id\":\"https:\/\/www.estrategiaconcursos.com.br\/blog\/#organization\"}},{\"@type\":\"WebPage\",\"@id\":\"https:\/\/www.estrategiaconcursos.com.br\/blog\/administracao-ufrn-1\/\",\"url\":\"https:\/\/www.estrategiaconcursos.com.br\/blog\/administracao-ufrn-1\/\",\"name\":\"Administra\u00e7\u00e3o para assistente em administra\u00e7\u00e3o da UFRN \u2013 parte 1\",\"isPartOf\":{\"@id\":\"https:\/\/www.estrategiaconcursos.com.br\/blog\/#website\"},\"primaryImageOfPage\":{\"@id\":\"https:\/\/www.estrategiaconcursos.com.br\/blog\/administracao-ufrn-1\/#primaryimage\"},\"image\":{\"@id\":\"https:\/\/www.estrategiaconcursos.com.br\/blog\/administracao-ufrn-1\/#primaryimage\"},\"thumbnailUrl\":\"https:\/\/dhg1h5j42swfq.cloudfront.net\/2021\/04\/15210438\/ufrn.png\",\"datePublished\":\"2021-04-23T18:14:00+00:00\",\"description\":\"A prova da UFRN se aproxima! Conhe\u00e7a todos os detalhes de administra\u00e7\u00e3o para assistente em administra\u00e7\u00e3o da UFRN e esteja pronto!\",\"breadcrumb\":{\"@id\":\"https:\/\/www.estrategiaconcursos.com.br\/blog\/administracao-ufrn-1\/#breadcrumb\"},\"inLanguage\":\"pt-BR\",\"potentialAction\":[{\"@type\":\"ReadAction\",\"target\":[\"https:\/\/www.estrategiaconcursos.com.br\/blog\/administracao-ufrn-1\/\"]}]},{\"@type\":\"ImageObject\",\"inLanguage\":\"pt-BR\",\"@id\":\"https:\/\/www.estrategiaconcursos.com.br\/blog\/administracao-ufrn-1\/#primaryimage\",\"url\":\"https:\/\/dhg1h5j42swfq.cloudfront.net\/2021\/04\/15210438\/ufrn.png\",\"contentUrl\":\"https:\/\/dhg1h5j42swfq.cloudfront.net\/2021\/04\/15210438\/ufrn.png\",\"width\":1920,\"height\":614,\"caption\":\"Administra\u00e7\u00e3o para assistente em administra\u00e7\u00e3o da UFRN\"},{\"@type\":\"BreadcrumbList\",\"@id\":\"https:\/\/www.estrategiaconcursos.com.br\/blog\/administracao-ufrn-1\/#breadcrumb\",\"itemListElement\":[{\"@type\":\"ListItem\",\"position\":1,\"name\":\"In\u00edcio\",\"item\":\"https:\/\/www.estrategiaconcursos.com.br\/blog\/\"},{\"@type\":\"ListItem\",\"position\":2,\"name\":\"Administra\u00e7\u00e3o para assistente em administra\u00e7\u00e3o da UFRN \u2013 parte 1\"}]},{\"@type\":\"WebSite\",\"@id\":\"https:\/\/www.estrategiaconcursos.com.br\/blog\/#website\",\"url\":\"https:\/\/www.estrategiaconcursos.com.br\/blog\/\",\"name\":\"Estrat\u00e9gia Concursos\",\"description\":\"O blog da Estrat\u00e9gia Concursos traz not\u00edcias sobre concursos e artigos de professores oferecendo cursos para concursos (pdf + videaulas) no site.\",\"publisher\":{\"@id\":\"https:\/\/www.estrategiaconcursos.com.br\/blog\/#organization\"},\"potentialAction\":[{\"@type\":\"SearchAction\",\"target\":{\"@type\":\"EntryPoint\",\"urlTemplate\":\"https:\/\/www.estrategiaconcursos.com.br\/blog\/?s={search_term_string}\"},\"query-input\":{\"@type\":\"PropertyValueSpecification\",\"valueRequired\":true,\"valueName\":\"search_term_string\"}}],\"inLanguage\":\"pt-BR\"},{\"@type\":\"Organization\",\"@id\":\"https:\/\/www.estrategiaconcursos.com.br\/blog\/#organization\",\"name\":\"Estrat\u00e9gia Concursos\",\"url\":\"https:\/\/www.estrategiaconcursos.com.br\/blog\/\",\"logo\":{\"@type\":\"ImageObject\",\"inLanguage\":\"pt-BR\",\"@id\":\"https:\/\/www.estrategiaconcursos.com.br\/blog\/#\/schema\/logo\/image\/\",\"url\":\"https:\/\/dhg1h5j42swfq.cloudfront.net\/2025\/06\/03203428\/logo_concursos-1.jpg\",\"contentUrl\":\"https:\/\/dhg1h5j42swfq.cloudfront.net\/2025\/06\/03203428\/logo_concursos-1.jpg\",\"width\":230,\"height\":60,\"caption\":\"Estrat\u00e9gia Concursos\"},\"image\":{\"@id\":\"https:\/\/www.estrategiaconcursos.com.br\/blog\/#\/schema\/logo\/image\/\"},\"sameAs\":[\"https:\/\/x.com\/EstratConcursos\"]},{\"@type\":\"Person\",\"@id\":\"https:\/\/www.estrategiaconcursos.com.br\/blog\/#\/schema\/person\/030ec00ff66706ab6b93e6857a66d51e\",\"name\":\"Paulo Alvarenga Pires Cavalcanti\",\"image\":{\"@type\":\"ImageObject\",\"inLanguage\":\"pt-BR\",\"@id\":\"https:\/\/secure.gravatar.com\/avatar\/6f9b01123d20ef71338ec5147532218e1af3162a2303dfcafaa699e63fbb5805?s=96&d=mm&r=g\",\"url\":\"https:\/\/secure.gravatar.com\/avatar\/6f9b01123d20ef71338ec5147532218e1af3162a2303dfcafaa699e63fbb5805?s=96&d=mm&r=g\",\"contentUrl\":\"https:\/\/secure.gravatar.com\/avatar\/6f9b01123d20ef71338ec5147532218e1af3162a2303dfcafaa699e63fbb5805?s=96&d=mm&r=g\",\"caption\":\"Paulo Alvarenga Pires Cavalcanti\"},\"url\":\"https:\/\/www.estrategiaconcursos.com.br\/blog\/author\/palvarenga88gmail-com\/\"}]}<\/script>\n<!-- \/ Yoast SEO Premium plugin. -->","yoast_head_json":{"title":"Administra\u00e7\u00e3o para assistente em administra\u00e7\u00e3o da UFRN \u2013 parte 1","description":"A prova da UFRN se aproxima! Conhe\u00e7a todos os detalhes de administra\u00e7\u00e3o para assistente em administra\u00e7\u00e3o da UFRN e esteja pronto!","robots":{"index":"index","follow":"follow","max-snippet":"max-snippet:-1","max-image-preview":"max-image-preview:large","max-video-preview":"max-video-preview:-1"},"canonical":"https:\/\/www.estrategiaconcursos.com.br\/blog\/administracao-ufrn-1\/","og_locale":"pt_BR","og_type":"article","og_title":"Administra\u00e7\u00e3o para assistente em administra\u00e7\u00e3o da UFRN \u2013 parte 1","og_description":"A prova da UFRN se aproxima! Conhe\u00e7a todos os detalhes de administra\u00e7\u00e3o para assistente em administra\u00e7\u00e3o da UFRN e esteja pronto!","og_url":"https:\/\/www.estrategiaconcursos.com.br\/blog\/administracao-ufrn-1\/","og_site_name":"Estrat\u00e9gia Concursos","article_published_time":"2021-04-23T18:14:00+00:00","og_image":[{"width":1920,"height":614,"url":"https:\/\/dhg1h5j42swfq.cloudfront.net\/2021\/04\/15210438\/ufrn.png","type":"image\/png"}],"author":"Paulo Alvarenga Pires Cavalcanti","twitter_card":"summary_large_image","twitter_creator":"@EstratConcursos","twitter_site":"@EstratConcursos","twitter_misc":{"Escrito por":"Paulo Alvarenga Pires Cavalcanti","Est. tempo de leitura":"7 minutos"},"schema":{"@context":"https:\/\/schema.org","@graph":[{"@type":"NewsArticle","@id":"https:\/\/www.estrategiaconcursos.com.br\/blog\/administracao-ufrn-1\/#article","isPartOf":{"@id":"https:\/\/www.estrategiaconcursos.com.br\/blog\/administracao-ufrn-1\/"},"author":{"name":"Paulo Alvarenga Pires Cavalcanti","@id":"https:\/\/www.estrategiaconcursos.com.br\/blog\/#\/schema\/person\/030ec00ff66706ab6b93e6857a66d51e"},"headline":"Administra\u00e7\u00e3o para assistente em administra\u00e7\u00e3o da UFRN \u2013 parte 1","datePublished":"2021-04-23T18:14:00+00:00","mainEntityOfPage":{"@id":"https:\/\/www.estrategiaconcursos.com.br\/blog\/administracao-ufrn-1\/"},"wordCount":1741,"commentCount":0,"publisher":{"@id":"https:\/\/www.estrategiaconcursos.com.br\/blog\/#organization"},"image":{"@id":"https:\/\/www.estrategiaconcursos.com.br\/blog\/administracao-ufrn-1\/#primaryimage"},"thumbnailUrl":"https:\/\/dhg1h5j42swfq.cloudfront.net\/2021\/04\/15210438\/ufrn.png","articleSection":["Concursos P\u00fablicos","Executivo (Administrativa)"],"inLanguage":"pt-BR","potentialAction":[{"@type":"CommentAction","name":"Comment","target":["https:\/\/www.estrategiaconcursos.com.br\/blog\/administracao-ufrn-1\/#respond"]}],"copyrightYear":"2021","copyrightHolder":{"@id":"https:\/\/www.estrategiaconcursos.com.br\/blog\/#organization"}},{"@type":"WebPage","@id":"https:\/\/www.estrategiaconcursos.com.br\/blog\/administracao-ufrn-1\/","url":"https:\/\/www.estrategiaconcursos.com.br\/blog\/administracao-ufrn-1\/","name":"Administra\u00e7\u00e3o para assistente em administra\u00e7\u00e3o da UFRN \u2013 parte 1","isPartOf":{"@id":"https:\/\/www.estrategiaconcursos.com.br\/blog\/#website"},"primaryImageOfPage":{"@id":"https:\/\/www.estrategiaconcursos.com.br\/blog\/administracao-ufrn-1\/#primaryimage"},"image":{"@id":"https:\/\/www.estrategiaconcursos.com.br\/blog\/administracao-ufrn-1\/#primaryimage"},"thumbnailUrl":"https:\/\/dhg1h5j42swfq.cloudfront.net\/2021\/04\/15210438\/ufrn.png","datePublished":"2021-04-23T18:14:00+00:00","description":"A prova da UFRN se aproxima! Conhe\u00e7a todos os detalhes de administra\u00e7\u00e3o para assistente em administra\u00e7\u00e3o da UFRN e esteja pronto!","breadcrumb":{"@id":"https:\/\/www.estrategiaconcursos.com.br\/blog\/administracao-ufrn-1\/#breadcrumb"},"inLanguage":"pt-BR","potentialAction":[{"@type":"ReadAction","target":["https:\/\/www.estrategiaconcursos.com.br\/blog\/administracao-ufrn-1\/"]}]},{"@type":"ImageObject","inLanguage":"pt-BR","@id":"https:\/\/www.estrategiaconcursos.com.br\/blog\/administracao-ufrn-1\/#primaryimage","url":"https:\/\/dhg1h5j42swfq.cloudfront.net\/2021\/04\/15210438\/ufrn.png","contentUrl":"https:\/\/dhg1h5j42swfq.cloudfront.net\/2021\/04\/15210438\/ufrn.png","width":1920,"height":614,"caption":"Administra\u00e7\u00e3o para assistente em administra\u00e7\u00e3o da UFRN"},{"@type":"BreadcrumbList","@id":"https:\/\/www.estrategiaconcursos.com.br\/blog\/administracao-ufrn-1\/#breadcrumb","itemListElement":[{"@type":"ListItem","position":1,"name":"In\u00edcio","item":"https:\/\/www.estrategiaconcursos.com.br\/blog\/"},{"@type":"ListItem","position":2,"name":"Administra\u00e7\u00e3o para assistente em administra\u00e7\u00e3o da UFRN \u2013 parte 1"}]},{"@type":"WebSite","@id":"https:\/\/www.estrategiaconcursos.com.br\/blog\/#website","url":"https:\/\/www.estrategiaconcursos.com.br\/blog\/","name":"Estrat\u00e9gia Concursos","description":"O blog da Estrat\u00e9gia Concursos traz not\u00edcias sobre concursos e artigos de professores oferecendo cursos para concursos (pdf + videaulas) no site.","publisher":{"@id":"https:\/\/www.estrategiaconcursos.com.br\/blog\/#organization"},"potentialAction":[{"@type":"SearchAction","target":{"@type":"EntryPoint","urlTemplate":"https:\/\/www.estrategiaconcursos.com.br\/blog\/?s={search_term_string}"},"query-input":{"@type":"PropertyValueSpecification","valueRequired":true,"valueName":"search_term_string"}}],"inLanguage":"pt-BR"},{"@type":"Organization","@id":"https:\/\/www.estrategiaconcursos.com.br\/blog\/#organization","name":"Estrat\u00e9gia Concursos","url":"https:\/\/www.estrategiaconcursos.com.br\/blog\/","logo":{"@type":"ImageObject","inLanguage":"pt-BR","@id":"https:\/\/www.estrategiaconcursos.com.br\/blog\/#\/schema\/logo\/image\/","url":"https:\/\/dhg1h5j42swfq.cloudfront.net\/2025\/06\/03203428\/logo_concursos-1.jpg","contentUrl":"https:\/\/dhg1h5j42swfq.cloudfront.net\/2025\/06\/03203428\/logo_concursos-1.jpg","width":230,"height":60,"caption":"Estrat\u00e9gia Concursos"},"image":{"@id":"https:\/\/www.estrategiaconcursos.com.br\/blog\/#\/schema\/logo\/image\/"},"sameAs":["https:\/\/x.com\/EstratConcursos"]},{"@type":"Person","@id":"https:\/\/www.estrategiaconcursos.com.br\/blog\/#\/schema\/person\/030ec00ff66706ab6b93e6857a66d51e","name":"Paulo Alvarenga Pires Cavalcanti","image":{"@type":"ImageObject","inLanguage":"pt-BR","@id":"https:\/\/secure.gravatar.com\/avatar\/6f9b01123d20ef71338ec5147532218e1af3162a2303dfcafaa699e63fbb5805?s=96&d=mm&r=g","url":"https:\/\/secure.gravatar.com\/avatar\/6f9b01123d20ef71338ec5147532218e1af3162a2303dfcafaa699e63fbb5805?s=96&d=mm&r=g","contentUrl":"https:\/\/secure.gravatar.com\/avatar\/6f9b01123d20ef71338ec5147532218e1af3162a2303dfcafaa699e63fbb5805?s=96&d=mm&r=g","caption":"Paulo Alvarenga Pires Cavalcanti"},"url":"https:\/\/www.estrategiaconcursos.com.br\/blog\/author\/palvarenga88gmail-com\/"}]}},"_links":{"self":[{"href":"https:\/\/www.estrategiaconcursos.com.br\/blog\/wp-json\/wp\/v2\/posts\/715227","targetHints":{"allow":["GET"]}}],"collection":[{"href":"https:\/\/www.estrategiaconcursos.com.br\/blog\/wp-json\/wp\/v2\/posts"}],"about":[{"href":"https:\/\/www.estrategiaconcursos.com.br\/blog\/wp-json\/wp\/v2\/types\/post"}],"author":[{"embeddable":true,"href":"https:\/\/www.estrategiaconcursos.com.br\/blog\/wp-json\/wp\/v2\/users\/1822"}],"replies":[{"embeddable":true,"href":"https:\/\/www.estrategiaconcursos.com.br\/blog\/wp-json\/wp\/v2\/comments?post=715227"}],"version-history":[{"count":4,"href":"https:\/\/www.estrategiaconcursos.com.br\/blog\/wp-json\/wp\/v2\/posts\/715227\/revisions"}],"predecessor-version":[{"id":719756,"href":"https:\/\/www.estrategiaconcursos.com.br\/blog\/wp-json\/wp\/v2\/posts\/715227\/revisions\/719756"}],"wp:featuredmedia":[{"embeddable":true,"href":"https:\/\/www.estrategiaconcursos.com.br\/blog\/wp-json\/wp\/v2\/media\/715232"}],"wp:attachment":[{"href":"https:\/\/www.estrategiaconcursos.com.br\/blog\/wp-json\/wp\/v2\/media?parent=715227"}],"wp:term":[{"taxonomy":"category","embeddable":true,"href":"https:\/\/www.estrategiaconcursos.com.br\/blog\/wp-json\/wp\/v2\/categories?post=715227"},{"taxonomy":"post_tag","embeddable":true,"href":"https:\/\/www.estrategiaconcursos.com.br\/blog\/wp-json\/wp\/v2\/tags?post=715227"},{"taxonomy":"tax_estado","embeddable":true,"href":"https:\/\/www.estrategiaconcursos.com.br\/blog\/wp-json\/wp\/v2\/tax_estado?post=715227"}],"curies":[{"name":"wp","href":"https:\/\/api.w.org\/{rel}","templated":true}]}}