{"id":715180,"date":"2026-03-18T11:09:00","date_gmt":"2026-03-18T14:09:00","guid":{"rendered":"https:\/\/www.estrategiaconcursos.com.br\/blog\/?p=715180"},"modified":"2026-03-18T15:25:05","modified_gmt":"2026-03-18T18:25:05","slug":"concurso-ipece","status":"publish","type":"post","link":"https:\/\/www.estrategiaconcursos.com.br\/blog\/concurso-ipece\/","title":{"rendered":"Concurso IPECE: edital de Analista antes de junho!"},"content":{"rendered":"\n<p id=\"h-\">Ap\u00f3s 18 anos, <strong>o Instituto de Pesquisa e Estrat\u00e9gia Econ\u00f4mica (IPECE)<\/strong> finalmente ir\u00e1 publicar o seu mais novo edital de concurso para o cargo de <strong>Analista de Pol\u00edticas P\u00fablicas. <\/strong><\/p>\n\n\n\n<p id=\"h-\">E n\u00e3o para por a\u00ed: de acordo com informa\u00e7\u00f5es obtidas pelo nosso jornalista Fabio Scaldelai, o <strong>edital est\u00e1 previsto para sair antes do m\u00eas de junho.<\/strong><\/p>\n\n\n\n<p id=\"h-\">Em contato com uma fonte interna, o que foi repassado \u00e9 que o certame est\u00e1 em <strong>tratativas finais em rela\u00e7\u00e3o \u00e0 elabora\u00e7\u00e3o do edital junto \u00e0 banca organizadora<\/strong>.<\/p>\n\n\n\n<p id=\"h-\">Vale lembrar que a empresa contratada para o concurso \u00e9 o <strong>Instituto Avalia. <\/strong>Inclusive, \u00e9 poss\u00edvel verificar o extrato de contrato logo abaixo:<\/p>\n\n\n\n<figure class=\"wp-block-image aligncenter size-large is-resized\"><img loading=\"lazy\" decoding=\"async\" width=\"1024\" height=\"451\" src=\"https:\/\/dhg1h5j42swfq.cloudfront.net\/2025\/10\/05233813\/screenshot-2025-12-05-at-23-36-28-diariooficial-pdf-1024x451.png\" alt=\"Concurso Ipece tem extrato de contrato divulgado\" class=\"wp-image-1681164\" style=\"width:744px;height:auto\" srcset=\"https:\/\/dhg1h5j42swfq.cloudfront.net\/2025\/10\/05233813\/screenshot-2025-12-05-at-23-36-28-diariooficial-pdf-1024x451.png 1024w, https:\/\/dhg1h5j42swfq.cloudfront.net\/2025\/10\/05233813\/screenshot-2025-12-05-at-23-36-28-diariooficial-pdf-300x132.png 300w, https:\/\/dhg1h5j42swfq.cloudfront.net\/2025\/10\/05233813\/screenshot-2025-12-05-at-23-36-28-diariooficial-pdf-768x338.png 768w, https:\/\/dhg1h5j42swfq.cloudfront.net\/2025\/10\/05233813\/screenshot-2025-12-05-at-23-36-28-diariooficial-pdf-150x66.png 150w, https:\/\/dhg1h5j42swfq.cloudfront.net\/2025\/10\/05233813\/screenshot-2025-12-05-at-23-36-28-diariooficial-pdf.png 1130w\" sizes=\"auto, (max-width: 1024px) 100vw, 1024px\" \/><\/figure>\n\n\n\n<p>Al\u00e9m disso, tamb\u00e9m conforme antecipado <strong>exclusivamente<\/strong>, o concurso oferecer\u00e1 <strong>9 vagas para a carreira de Analista<\/strong>, al\u00e9m de <strong>27 oportunidades em cadastro de reserva<\/strong>.<\/p>\n\n\n\n<ul class=\"wp-block-list has-very-light-gray-to-cyan-bluish-gray-gradient-background has-background\">\n<li><strong>Instituto de Pesquisa e Estrat\u00e9gia Econ\u00f4mica do Cear\u00e1 <\/strong><\/li>\n\n\n\n<li><strong>Status: <\/strong>banca contratada<\/li>\n\n\n\n<li><strong>Banca:<\/strong> <a href=\"https:\/\/www.avalia.org.br\/\" target=\"_blank\" rel=\"noreferrer noopener\">Instituto Avalia<\/a><\/li>\n\n\n\n<li><strong>Vagas:<\/strong> 09 + 27 CR<\/li>\n\n\n\n<li><strong>Sal\u00e1rio inicial:<\/strong> R$ 4.402,88<\/li>\n\n\n\n<li><strong>Edital:<\/strong> <a href=\"https:\/\/dhg1h5j42swfq.cloudfront.net\/2022\/01\/19091446\/do20060118p01.pdf\" target=\"_blank\" rel=\"noreferrer noopener nofollow\">\u00daltimo edital IPECE 2006<\/a><\/li>\n<\/ul>\n\n\n\n<p>Ademais, o \u00faltimo concurso do IPECE ocorreu em 2006. Na \u00e9poca, foram ofertadas 18 vagas para o cargo de Analista de Pol\u00edticas P\u00fablicas, cuja responsabilidade de provimento foi dada \u00e0 Funece.<\/p>\n\n\n\n<p>Enquanto novos detalhes sobre o futuro edital n\u00e3o s\u00e3o revelados, acompanhe neste artigo as principais informa\u00e7\u00f5es e etapas do \u00faltimo concurso IPECE. <\/p>\n\n\n\n<ul id=\"indice\" class=\"wp-block-list\">\n<li><strong><a href=\"#sobre\">Sobre o IPECE<\/a><\/strong><\/li>\n\n\n\n<li><a href=\"#situ\"><strong>Situa\u00e7\u00e3o atual<\/strong><\/a>\n<ul class=\"wp-block-list\">\n<li><a href=\"#banca-definida\">Banca definida<\/a><\/li>\n<\/ul>\n<\/li>\n\n\n\n<li><a href=\"#cargos\"><strong>Cargos e vagas<\/strong><\/a>\n<ul class=\"wp-block-list\">\n<li><a href=\"#atri\">Atribui\u00e7\u00f5es<\/a> <\/li>\n\n\n\n<li><a href=\"#requisitos\">Requisitos<\/a> <\/li>\n\n\n\n<li><a href=\"#salario-do-cargo\">Sal\u00e1rio<\/a><\/li>\n<\/ul>\n<\/li>\n\n\n\n<li><a href=\"#etapas\"><strong>Etapas<\/strong><\/a>\n<ul class=\"wp-block-list\">\n<li><a href=\"#objetiva\">Prova objetiva<\/a><\/li>\n\n\n\n<li><a href=\"#discursiva\">Prova discursiva<\/a><\/li>\n\n\n\n<li><a href=\"#titulos\">Avalia\u00e7\u00e3o de t\u00edtulos<\/a><\/li>\n<\/ul>\n<\/li>\n\n\n\n<li><a href=\"#ultimo-concurso-ipece\"><strong>\u00daltimo concurso<\/strong><\/a>\n<ul class=\"wp-block-list\">\n<li><a href=\"#etapas\">Etapas<\/a><\/li>\n<\/ul>\n<\/li>\n\n\n\n<li><a href=\"#curso\"><strong>Cursos e assinaturas<\/strong><\/a><\/li>\n\n\n\n<li><a href=\"#ficha\"><strong>Ficha t\u00e9cnica<\/strong><\/a><\/li>\n<\/ul>\n\n\n\n<div class=\"container\" id=\"boxes\">\n  <div class=\"row\">\n\n    <div class=\"col-sm\">\n      <div class=\"banner-adm\" id=\"box-assinatura\">\n        <h3 class=\"titulo-assinatura\">Concurso Ipece<\/h3>\n        <p class=\"subtitulo-assinatura\">Conhe\u00e7a os cursos<\/p>\n        <div class=\"box-botao\">\n          <a class=\"btn-assinatura\" target=\"_blank\" href=\"https:\/\/www.estrategiaconcursos.com.br\/pesquisa\/?q=ipece\" role=\"button\" rel=\"noopener noreferrer\">Conhe\u00e7a mais<\/a>\n        <\/div>\n      <\/div>\n      \n    <\/div>\n\n  <\/div>\n<\/div>\n\n\n\n<h2 class=\"wp-block-heading\" id=\"sobre\">Sobre IPECE<\/h2>\n\n\n\n<p>O Instituto de Pesquisa e Estrat\u00e9gia Econ\u00f4mica do Cear\u00e1 (<a href=\"https:\/\/www.ipece.ce.gov.br\/\" target=\"_blank\" rel=\"noreferrer noopener\">IPECE<\/a>) \u00e9 uma autarquia vinculada \u00e0 Secretaria do Planejamento e Gest\u00e3o do Estado do Cear\u00e1.<\/p>\n\n\n\n<p>Fundado em 14 de abril de 2003, o IPECE \u00e9 o \u00f3rg\u00e3o do Governo respons\u00e1vel pela gera\u00e7\u00e3o de estudos, pesquisas e informa\u00e7\u00f5es socioecon\u00f4micas e geogr\u00e1ficas que permitem a avalia\u00e7\u00e3o de programas e a elabora\u00e7\u00e3o de estrat\u00e9gias e pol\u00edticas p\u00fablicas para o desenvolvimento do Estado do Cear\u00e1.<\/p>\n\n\n\n<h2 class=\"wp-block-heading\" id=\"situ\">Situa\u00e7\u00e3o atual do concurso IPECE<\/h2>\n\n\n\n<h3 class=\"wp-block-heading\" id=\"banca-definida\">Banca contratada<\/h3>\n\n\n\n<p>O Instituto Avalia \u00e9 a banca organizadora do concurso IPECE, que ter\u00e1 9 (nove) vagas + 27 CR no cargo de <strong>Analista de Pol\u00edticas P\u00fablicas<\/strong>.<\/p>\n\n\n\n<figure class=\"wp-block-image aligncenter size-large\"><img loading=\"lazy\" decoding=\"async\" width=\"1024\" height=\"443\" src=\"https:\/\/dhg1h5j42swfq.cloudfront.net\/2025\/10\/07071632\/captura-de-tela-2025-10-07-071620-1024x443.png\" alt=\"banca concurso IPECE\" class=\"wp-image-1651157\" srcset=\"https:\/\/dhg1h5j42swfq.cloudfront.net\/2025\/10\/07071632\/captura-de-tela-2025-10-07-071620-1024x443.png 1024w, https:\/\/dhg1h5j42swfq.cloudfront.net\/2025\/10\/07071632\/captura-de-tela-2025-10-07-071620-300x130.png 300w, https:\/\/dhg1h5j42swfq.cloudfront.net\/2025\/10\/07071632\/captura-de-tela-2025-10-07-071620-768x332.png 768w, https:\/\/dhg1h5j42swfq.cloudfront.net\/2025\/10\/07071632\/captura-de-tela-2025-10-07-071620-150x65.png 150w, https:\/\/dhg1h5j42swfq.cloudfront.net\/2025\/10\/07071632\/captura-de-tela-2025-10-07-071620.png 1472w\" sizes=\"auto, (max-width: 1024px) 100vw, 1024px\" \/><figcaption class=\"wp-element-caption\">Banca do concurso IPECE<\/figcaption><\/figure>\n\n\n\n<h2 class=\"wp-block-heading\" id=\"cargos\">Cargos e vagas do concurso IPECE<\/h2>\n\n\n\n<p>Ser\u00e3o ofertadas vagas para as seguintes \u00e1reas de analista de pol\u00edticas p\u00fablicas:<\/p>\n\n\n\n<ul class=\"wp-block-list\">\n<li>\u00c1rea 1 \u2013 Analista de Pol\u00edticas P\u00fablicas: 4 vagas + 12 CR;<\/li>\n\n\n\n<li>\u00c1rea 2 \u2013 Estudos de Gest\u00e3o P\u00fablica: 2 vagas + 6 CR;<\/li>\n\n\n\n<li>\u00c1rea 3 \u2013 Geoprocessamento e Estudos Territoriais: 1 vaga + 3 CR;<\/li>\n\n\n\n<li>\u00c1rea 4 \u2013 M\u00e9todos Quantitativos: 1 vaga + 3 CR; e<\/li>\n\n\n\n<li>\u00c1rea 5 \u2013 Computa\u00e7\u00e3o e Ci\u00eancia de Dados: 1 vaga + 3 CR.<\/li>\n<\/ul>\n\n\n\n<h3 class=\"wp-block-heading\" id=\"atri\">Atribui\u00e7\u00f5es do cargo <\/h3>\n\n\n\n<ul class=\"wp-block-list\">\n<li><strong>I.<\/strong> desenvolvimento de trabalho de n\u00edvel superior na \u00e1rea de Planejamento e Pol\u00edticas P\u00fablicas do Governo Estadual, abrangendo estudos e pesquisas geo-s\u00f3cio-econ\u00f4micas;<\/li>\n\n\n\n<li><strong>II.<\/strong> elabora\u00e7\u00e3o de an\u00e1lise de cen\u00e1rios macroecon\u00f4micos, estabelecendo orienta\u00e7\u00f5es e diretrizes estrat\u00e9gicas;<\/li>\n\n\n\n<li><strong>III.<\/strong> coordena\u00e7\u00e3o de trabalhos ligados \u00e0 formula\u00e7\u00e3o, implementa\u00e7\u00e3o e avalia\u00e7\u00e3o de Pol\u00edticas P\u00fablicas;<\/li>\n\n\n\n<li><strong>IV.<\/strong> elabora\u00e7\u00e3o de pesquisas e estudos de suporte t\u00e9cnico aplicados \u00e0 formula\u00e7\u00e3o, monitoramento e avalia\u00e7\u00e3o de Pol\u00edticas P\u00fablicas adotadas no Estado;<\/li>\n\n\n\n<li><strong>V.<\/strong> realiza\u00e7\u00e3o de estudos e diagn\u00f3sticos sobre as condi\u00e7\u00f5es de desenvolvimento econ\u00f4mico, social e espacial do Estado;<\/li>\n\n\n\n<li><strong>VI.<\/strong> presta\u00e7\u00e3o de assessoria t\u00e9cnica no processo de elabora\u00e7\u00e3o de pol\u00edticas p\u00fablicas no Estado;<\/li>\n\n\n\n<li><strong>VII.<\/strong> desenvolvimento de estudos sobre a avalia\u00e7\u00e3o de impactos e da efic\u00e1cia das pol\u00edticas, projetos e a\u00e7\u00f5es desenvolvidas pelo Governo Estadual;<\/li>\n\n\n\n<li><strong>VIII.<\/strong> desenvolvimento e disponibiliza\u00e7\u00e3o de metodologias e t\u00e9cnicas de concep\u00e7\u00e3o, elabora\u00e7\u00e3o, monitoramento e avalia\u00e7\u00e3o de Pol\u00edticas P\u00fablicas para o Governo Estadual;<\/li>\n\n\n\n<li><strong>IX.<\/strong> presta\u00e7\u00e3o de consultoria t\u00e9cnica a outros \u00f3rg\u00e3os e entidades da administra\u00e7\u00e3o estadual, dos munic\u00edpios e da iniciativa privada, conforme autoriza\u00e7\u00e3o expressa do Diretor Geral do IPECE desde que esta atividade seja de interesse do IPECE e que haja autoriza\u00e7\u00e3o de seu Diretor Geral para a realiza\u00e7\u00e3o da consultoria;<\/li>\n\n\n\n<li><strong>X.<\/strong> outras atribui\u00e7\u00f5es que lhes forem designadas pela Diretoria do IPECE.<\/li>\n<\/ul>\n\n\n\n<h3 class=\"wp-block-heading\" id=\"requisitos\">Principais requisitos do cargo <\/h3>\n\n\n\n<ul class=\"wp-block-list\">\n<li><strong>I.<\/strong> ter sido aprovado e classificado no concurso, na forma estabelecida neste Edital;<\/li>\n\n\n\n<li><strong>II.<\/strong> ter nacionalidade brasileira; no caso de nacionalidade portuguesa, estar amparado pelo estatuto de igualdade entre brasileiros e portugueses, com reconhecimento do gozo dos direitos pol\u00edticos, na forma do disposto no art.13 do Decreto no 70.436, de 18 de abril de 1972;<\/li>\n\n\n\n<li><strong>III.<\/strong> gozar dos direitos pol\u00edticos;<\/li>\n\n\n\n<li><strong>IV. <\/strong>estar quite com as obriga\u00e7\u00f5es eleitorais;<\/li>\n\n\n\n<li><strong>V.<\/strong> estar quite com as obriga\u00e7\u00f5es do Servi\u00e7o Militar, para os candidatos do sexo masculino;<\/li>\n\n\n\n<li><strong>VI.<\/strong> ter idade m\u00ednima de 18 anos;<\/li>\n\n\n\n<li><strong>VII.<\/strong> ter aptid\u00e3o f\u00edsica e mental para o exerc\u00edcio das atribui\u00e7\u00f5es do emprego p\u00fablico, comprovadas por junta m\u00e9dica do Instituto de Previd\u00eancia do Estado do Cear\u00e1 \u2013 IPEC;<\/li>\n\n\n\n<li><strong>VIII.<\/strong> possuir a qualifica\u00e7\u00e3o exigida para admiss\u00e3o no emprego p\u00fablico de acordo com o Anexo I deste Edital.<\/li>\n<\/ul>\n\n\n\n<h3 class=\"wp-block-heading\" id=\"salario-do-cargo\">Sal\u00e1rio do cargo<\/h3>\n\n\n\n<p>O cargo que ser\u00e1 oferecido neste concurso possui um sal\u00e1rio base de R$ 4.402,88, conforme estipulado por lei. No entanto, o \u00f3rg\u00e3o revelou que os servidores conseguem elevar esse valor rapidamente.<\/p>\n\n\n\n<p>Isso ocorre porque o vencimento final do cargo, em pouco tempo de exerc\u00edcio, <strong>pode alcan\u00e7ar R$ 19 mil, somando benef\u00edcios e gratifica\u00e7\u00f5es por desempenho<\/strong>. De forma geral, os Analistas do IPECE costumam receber esse valor ou at\u00e9 mais.<\/p>\n\n\n\n<h2 class=\"wp-block-heading\" id=\"etapas\">Etapas do concurso IPECE<\/h2>\n\n\n\n<p>De acordo com o contrato disponibilizado no portal da transpar\u00eancia do estado, os candidatos ser\u00e3o avaliados por meio das fases seguintes:<\/p>\n\n\n\n<ul class=\"wp-block-list\">\n<li>Fase I \u2013 Prova Objetiva de Conhecimentos Gerais e Conhecimentos Espec\u00edficos;<\/li>\n\n\n\n<li>Fase II \u2013 Provas Discursivas; e<\/li>\n\n\n\n<li>Fase III \u2013 Provas de T\u00edtulos.<\/li>\n<\/ul>\n\n\n\n<p>Todas as fases do concurso p\u00fablico dever\u00e3o ser realizadas em Fortaleza, Cear\u00e1.<\/p>\n\n\n\n<h3 class=\"wp-block-heading\" id=\"objetiva\">Prova objetiva <\/h3>\n\n\n\n<p>A prova objetiva de conhecimentos gerais e espec\u00edficos, para todos os candidatos inscritos, de car\u00e1ter eliminat\u00f3rio e classificat\u00f3rio, ser\u00e1 aplicada no turno da manh\u00e3.<\/p>\n\n\n\n<p>As provas objetivas conter\u00e3o 80 quest\u00f5es de m\u00faltipla escolha dotadas das alternativas \u201cA\u201d, \u201cB\u201d, \u201cC\u201d, \u201cD\u201d e \u201cE\u201d, dentre as quais apenas uma ser\u00e1 considerada como resposta correta;<\/p>\n\n\n\n<p>Destas, 30 quest\u00f5es ser\u00e3o destinadas \u00e0 prova objetiva de conhecimentos gerais e 50 \u00e0 prova de conhecimentos espec\u00edficos. Cabe ressaltar que cada \u00e1rea de Conhecimento Espec\u00edfico ter\u00e1 provas independentes, enquanto a prova de conhecimentos gerais ser\u00e1 \u00fanica para todas as cinco \u00e1reas de conhecimento espec\u00edfico.<\/p>\n\n\n\n<p>Cada acerto equivaler\u00e1 a 1.25 pontos, totalizando 100 pontos; respostas erradas, rasuradas ou em branco equivaler\u00e3o a 0 (zero) pontos.<\/p>\n\n\n\n<p>Ser\u00e1 automaticamente desclassificado e eliminado do concurso p\u00fablico o candidato que obtiver pontua\u00e7\u00e3o inferior a 10 (dez) pontos na prova de conhecimentos gerais ou pontua\u00e7\u00e3o inferior a 20  pontos na prova de conhecimentos espec\u00edficos.<\/p>\n\n\n\n<p>Ser\u00e1 automaticamente desclassificado e eliminado do concurso p\u00fablico o candidato que obtiver pontua\u00e7\u00e3o inferior a 50 pontos no somat\u00f3rio das duas provas.<\/p>\n\n\n\n<h3 class=\"wp-block-heading\" id=\"discursiva\">Prova discursiva<\/h3>\n\n\n\n<p>A Prova Discursiva \u2013 Estudo de Caso ser\u00e1 composta de 2 (duas) quest\u00f5es pr\u00e1ticas, a fim de avaliar o dom\u00ednio de conte\u00fado dos temas abordados, a experi\u00eancia do candidato e sua adequabilidade \u00e0s atribui\u00e7\u00f5es do emprego p\u00fablico de Analista de Pol\u00edticas P\u00fablicas, devendo ser apresentadas, por escrito, as solu\u00e7\u00f5es.<\/p>\n\n\n\n<p>A Prova Discursiva \u2013 Estudo de Caso totalizar\u00e1 100 pontos, sendo 50 pontos para cada uma das quest\u00f5es.<\/p>\n\n\n\n<p>Somente ter\u00e3o as provas discursivas corrigidas os candidatos aprovados e classificados na Prova Objetiva em posi\u00e7\u00e3o at\u00e9 5 (cinco) vezes o n\u00famero de vagas existentes previstas no Edital, inclu\u00eddo o cadastro de reserva (n\u00famero de vagas existentes mais o cadastro de reserva).<\/p>\n\n\n\n<p>As provas discursivas de cada candidato ser\u00e3o avaliadas quanto ao dom\u00ednio do conhecimento especializado na \u00e1rea de atua\u00e7\u00e3o e a modalidade escrita de L\u00edngua Portuguesa.<\/p>\n\n\n\n<p>Ser\u00e1 automaticamente desclassificado e eliminado do concurso p\u00fablico o candidato que obtiver nota inferior a 50,00 pontos no somat\u00f3rio das 2 (duas) quest\u00f5es discursivas ou obtiver nota 0,00 (zero) em qualquer das quest\u00f5es.<\/p>\n\n\n\n<h3 class=\"wp-block-heading\" id=\"titulos\">Prova de t\u00edtulos<\/h3>\n\n\n\n<p>Para cada uma das cinco \u00e1reas de conhecimento, ser\u00e3o convocados para a avalia\u00e7\u00e3o de t\u00edtulos os candidatos aprovados nas provas discursivas e melhor classificados, conforme a soma das notas finais das provas objetivas e discursivas. <\/p>\n\n\n\n<p>Ser\u00e3o chamados at\u00e9 tr\u00eas vezes o n\u00famero total de vagas, inclu\u00eddo o cadastro de reserva (n\u00famero de vagas existentes mais o cadastro de reserva), garantindo-se a convoca\u00e7\u00e3o de todos os candidatos empatados na \u00faltima posi\u00e7\u00e3o.<\/p>\n\n\n\n<p>A avalia\u00e7\u00e3o de t\u00edtulos ter\u00e1 car\u00e1ter classificat\u00f3rio e valer\u00e1, no m\u00e1ximo, 30,00 pontos, mesmo que a soma dos valores dos t\u00edtulos apresentados seja superior a esse limite.<\/p>\n\n\n\n<h2 class=\"wp-block-heading\" id=\"ultimo-concurso-ipece\">\u00daltimo concurso IPECE<\/h2>\n\n\n\n<p>O \u00faltimo edital do Instituto de Pesquisa e Estrat\u00e9gia Econ\u00f4mica do Cear\u00e1 foi realizado h\u00e1 18 anos, em <strong>2006<\/strong>. Na \u00e9poca, <strong>18 vagas<\/strong> foram ofertadas para o cargo de <strong>Analista de Pol\u00edticas P\u00fablicas<\/strong>, sob responsabilidade da Funece.<\/p>\n\n\n\n<h3 class=\"wp-block-heading\" id=\"etapas\">Etapas do \u00faltimo concurso<\/h3>\n\n\n\n<p>O \u00faltimo concurso Ipece foi composto pelas fases de <strong>provas objetivas<\/strong> (conhecimentos gerais e espec\u00edficos) e<strong> prova de t\u00edtulos<\/strong>. Confira abaixo o resumo das etapas:<\/p>\n\n\n\n<h4 class=\"wp-block-heading\" id=\"h-prova-objetiva\"><strong>Prova Objetiva <\/strong><\/h4>\n\n\n\n<p>Foram aplicadas duas provas objetivas: Conhecimentos Gerais e Espec\u00edficos. A etapa de Conhecimentos Espec\u00edficos, foi composta por 30 quest\u00f5es da disciplina de Economia. <\/p>\n\n\n\n<p>A Prova de Conhecimentos Gerais foi constitu\u00edda por 50 quest\u00f5es das disciplinas de No\u00e7\u00f5es de Inform\u00e1tica, Geoprocessamento, Cartografia, Geografia Econ\u00f4mica e Ingl\u00eas. <\/p>\n\n\n\n<h4 class=\"wp-block-heading\" id=\"h-confira-o-quadro-abaixo\">Confira o quadro abaixo: <\/h4>\n\n\n\n<figure class=\"wp-block-image aligncenter size-large is-resized\"><img loading=\"lazy\" decoding=\"async\" width=\"1024\" height=\"280\" src=\"https:\/\/dhg1h5j42swfq.cloudfront.net\/2021\/04\/15195409\/image-71-1024x280.png\" alt=\"Etapas de provas do \u00faltimo concurso Ipece\" class=\"wp-image-715193\" srcset=\"https:\/\/dhg1h5j42swfq.cloudfront.net\/2021\/04\/15195409\/image-71-1024x280.png 1024w, https:\/\/dhg1h5j42swfq.cloudfront.net\/2021\/04\/15195409\/image-71-300x82.png 300w, https:\/\/dhg1h5j42swfq.cloudfront.net\/2021\/04\/15195409\/image-71-768x210.png 768w, https:\/\/dhg1h5j42swfq.cloudfront.net\/2021\/04\/15195409\/image-71-610x167.png 610w, https:\/\/dhg1h5j42swfq.cloudfront.net\/2021\/04\/15195409\/image-71.png 1177w\" sizes=\"auto, (max-width: 1024px) 100vw, 1024px\" \/><\/figure>\n\n\n\n<h4 class=\"wp-block-heading\" id=\"h-prova-de-titulos\">Prova de T\u00edtulos <\/h4>\n\n\n\n<p>A Prova de T\u00edtulos do \u00faltimo concurso Ipece, com pontua\u00e7\u00e3o m\u00e1xima de 40 pontos, teve car\u00e1ter classificat\u00f3rio e constou dos seguintes t\u00edtulos e pontua\u00e7\u00f5es: <\/p>\n\n\n\n<figure class=\"wp-block-image aligncenter size-large is-resized\"><img loading=\"lazy\" decoding=\"async\" width=\"1024\" height=\"545\" src=\"https:\/\/dhg1h5j42swfq.cloudfront.net\/2021\/04\/15202035\/image-73-1024x545.png\" alt=\"Avalia\u00e7\u00e3o de T\u00edtulos do \u00faltimo concurso Ipece\" class=\"wp-image-715203\" srcset=\"https:\/\/dhg1h5j42swfq.cloudfront.net\/2021\/04\/15202035\/image-73-1024x545.png 1024w, https:\/\/dhg1h5j42swfq.cloudfront.net\/2021\/04\/15202035\/image-73-300x160.png 300w, https:\/\/dhg1h5j42swfq.cloudfront.net\/2021\/04\/15202035\/image-73-768x409.png 768w, https:\/\/dhg1h5j42swfq.cloudfront.net\/2021\/04\/15202035\/image-73-610x325.png 610w, https:\/\/dhg1h5j42swfq.cloudfront.net\/2021\/04\/15202035\/image-73.png 1183w\" sizes=\"auto, (max-width: 1024px) 100vw, 1024px\" \/><\/figure>\n\n\n\n<hr class=\"wp-block-separator has-css-opacity\"\/>\n\n\n\n<h2 class=\"wp-block-heading has-text-align-center\" id=\"curso\"><em>Quer estudar para o concurso IPECE?<\/em><\/h2>\n\n\n\n<div class=\"container\" id=\"boxes\">\n  <div class=\"row\">\n\n    <div class=\"col-sm\">\n      <div class=\"banner-adm\" id=\"box-assinatura\">\n        <h3 class=\"titulo-assinatura\">Concurso Ipece<\/h3>\n        <p class=\"subtitulo-assinatura\">Conhe\u00e7a os cursos<\/p>\n        <div class=\"box-botao\">\n          <a class=\"btn-assinatura\" target=\"_blank\" href=\"https:\/\/www.estrategiaconcursos.com.br\/pesquisa\/?q=ipece\" role=\"button\" rel=\"noopener noreferrer\">Conhe\u00e7a mais<\/a>\n        <\/div>\n      <\/div>\n      \n    <\/div>\n\n  <\/div>\n<\/div>\n\n\n\n<div class=\"container\" id=\"boxes\">\n  <div class=\"row\">\n\n    <div class=\"col-sm\">\n      <div class=\"estrategia\" id=\"box-assinatura\">\n        <h3 class=\"titulo-assinatura\">Assinatura Concursos<\/h3>\n        <p class=\"subtitulo-assinatura\">Assinatura de 1 ano ou 2 anos<\/p>\n        <div class=\"box-botao\">\n          <a class=\"btn-assinatura\" target=\"_blank\" href=\"https:\/\/www.estrategiaconcursos.com.br\/assinaturas\/\" role=\"button\" rel=\"noopener noreferrer\">ASSINE AGORA<\/a>\n        <\/div>\n      <\/div><\/div><\/div><\/div>\n\n\n\n<h2 class=\"wp-block-heading has-text-align-center\" id=\"h-quer-saber-tudo-sobre-concursos-previstos-confira-nossos-artigos\">Quer saber tudo sobre concursos previstos?<br \/>Confira nossos artigos!<\/h2>\n\n\n\n<ul class=\"wp-block-list\">\n<li><a href=\"https:\/\/www.estrategiaconcursos.com.br\/blog\/concursos-abertos\/\" target=\"_blank\" rel=\"noreferrer noopener\">Concursos Abertos<\/a><\/li>\n\n\n\n<li><a href=\"https:\/\/www.estrategiaconcursos.com.br\/blog\/concurso-administrativos\/\">Concursos Administrativos<\/a><\/li>\n\n\n\n<li><a href=\"https:\/\/www.estrategiaconcursos.com.br\/blog\/concursos-2026\/\" target=\"_blank\" rel=\"noreferrer noopener\">Concursos 2026<\/a><\/li>\n<\/ul>\n\n\n\n<figure class=\"wp-block-image size-large is-resized\"><img loading=\"lazy\" decoding=\"async\" width=\"1024\" height=\"632\" src=\"https:\/\/dhg1h5j42swfq.cloudfront.net\/2021\/04\/15205809\/ficha-tecnica-1-1024x632-1-1.png\" alt=\"Ficha do concurso \" class=\"wp-image-715231\" style=\"aspect-ratio:1.620253164556962;width:252px;height:auto\" srcset=\"https:\/\/dhg1h5j42swfq.cloudfront.net\/2021\/04\/15205809\/ficha-tecnica-1-1024x632-1-1.png 1024w, https:\/\/dhg1h5j42swfq.cloudfront.net\/2021\/04\/15205809\/ficha-tecnica-1-1024x632-1-1-300x185.png 300w, https:\/\/dhg1h5j42swfq.cloudfront.net\/2021\/04\/15205809\/ficha-tecnica-1-1024x632-1-1-768x474.png 768w, https:\/\/dhg1h5j42swfq.cloudfront.net\/2021\/04\/15205809\/ficha-tecnica-1-1024x632-1-1-610x376.png 610w\" sizes=\"auto, (max-width: 1024px) 100vw, 1024px\" \/><\/figure>\n\n\n\n<h3 class=\"wp-block-heading\" id=\"ficha\">Informa\u00e7\u00f5es do pr\u00f3ximo concurso IPECE<\/h3>\n\n\n\n<ul class=\"wp-block-list\">\n<li><strong>Data prevista<\/strong>: 2026<\/li>\n\n\n\n<li><strong>Vagas:&nbsp;<\/strong>09 + 27 CR<\/li>\n\n\n\n<li><strong>Cargo:<\/strong>&nbsp;Analista de Pol\u00edtica P\u00fablicas <\/li>\n\n\n\n<li><strong>Escolaridade:<\/strong> n\u00edvel superior<\/li>\n\n\n\n<li><strong>Banca:&nbsp;<\/strong>Instituto Avalia <\/li>\n\n\n\n<li><strong>\u00daltimo edital:<\/strong>&nbsp;<a href=\"https:\/\/dhg1h5j42swfq.cloudfront.net\/2021\/04\/15205621\/do20060118p01.pdf\" target=\"_blank\" rel=\"noreferrer noopener nofollow\">IPECE 2006<\/a><\/li>\n<\/ul>\n","protected":false},"excerpt":{"rendered":"<p>Ap\u00f3s 18 anos, o Instituto de Pesquisa e Estrat\u00e9gia Econ\u00f4mica (IPECE) finalmente ir\u00e1 publicar o seu mais novo edital de concurso para o cargo de Analista de Pol\u00edticas P\u00fablicas. E n\u00e3o para por a\u00ed: de acordo com informa\u00e7\u00f5es obtidas pelo nosso jornalista Fabio Scaldelai, o edital est\u00e1 previsto para sair antes do m\u00eas de junho. [&hellip;]<\/p>\n","protected":false},"author":1,"featured_media":951623,"comment_status":"open","ping_status":"closed","sticky":false,"template":"","format":"standard","meta":{"post_tipo":"news_page","footnotes":""},"categories":[214992],"tags":[],"tax_estado":[219969],"class_list":["post-715180","post","type-post","status-publish","format-standard","has-post-thumbnail","hentry","category-concursos-administrativos","tax_estado-ce"],"acf":[],"yoast_head":"<!-- This site is optimized with the Yoast SEO Premium plugin v27.2 (Yoast SEO v27.2) - https:\/\/yoast.com\/product\/yoast-seo-premium-wordpress\/ -->\n<title>Concurso IPECE: edital de Analista antes de junho!<\/title>\n<meta name=\"description\" content=\"Concurso IPECE: edital para Analista de Pol\u00edticas P\u00fablicas ser\u00e1 publicado antes de junho! Instituto Avalia \u00e9 a banca. Saiba mais aqui!\" \/>\n<meta name=\"robots\" content=\"index, follow, max-snippet:-1, max-image-preview:large, max-video-preview:-1\" \/>\n<link rel=\"canonical\" href=\"https:\/\/www.estrategiaconcursos.com.br\/blog\/concurso-ipece\/\" \/>\n<meta property=\"og:locale\" content=\"pt_BR\" \/>\n<meta property=\"og:type\" content=\"article\" \/>\n<meta property=\"og:title\" content=\"Concurso IPECE: edital de Analista antes de junho!\" \/>\n<meta property=\"og:description\" content=\"Concurso IPECE: edital para Analista de Pol\u00edticas P\u00fablicas ser\u00e1 publicado antes de junho! Instituto Avalia \u00e9 a banca. Saiba mais aqui!\" \/>\n<meta property=\"og:url\" content=\"https:\/\/www.estrategiaconcursos.com.br\/blog\/concurso-ipece\/\" \/>\n<meta property=\"og:site_name\" content=\"Estrat\u00e9gia Concursos\" \/>\n<meta property=\"article:author\" content=\"https:\/\/www.facebook.com\/EstrategiaConcursos\" \/>\n<meta property=\"article:published_time\" content=\"2026-03-18T14:09:00+00:00\" \/>\n<meta property=\"article:modified_time\" content=\"2026-03-18T18:25:05+00:00\" \/>\n<meta property=\"og:image\" content=\"https:\/\/dhg1h5j42swfq.cloudfront.net\/2022\/01\/21095733\/ipece.jpg\" \/>\n\t<meta property=\"og:image:width\" content=\"768\" \/>\n\t<meta property=\"og:image:height\" content=\"432\" \/>\n\t<meta property=\"og:image:type\" content=\"image\/jpeg\" \/>\n<meta name=\"author\" content=\"Coordena\u00e7\u00e3o\" \/>\n<meta name=\"twitter:card\" content=\"summary_large_image\" \/>\n<meta name=\"twitter:creator\" content=\"@EstratConcursos\" \/>\n<meta name=\"twitter:site\" content=\"@EstratConcursos\" \/>\n<meta name=\"twitter:label1\" content=\"Escrito por\" \/>\n\t<meta name=\"twitter:data1\" content=\"Coordena\u00e7\u00e3o\" \/>\n\t<meta name=\"twitter:label2\" content=\"Est. tempo de leitura\" \/>\n\t<meta name=\"twitter:data2\" content=\"7 minutos\" \/>\n<script type=\"application\/ld+json\" class=\"yoast-schema-graph\">{\"@context\":\"https:\/\/schema.org\",\"@graph\":[{\"@type\":\"NewsArticle\",\"@id\":\"https:\/\/www.estrategiaconcursos.com.br\/blog\/concurso-ipece\/#article\",\"isPartOf\":{\"@id\":\"https:\/\/www.estrategiaconcursos.com.br\/blog\/concurso-ipece\/\"},\"author\":{\"name\":\"Coordena\u00e7\u00e3o\",\"@id\":\"https:\/\/www.estrategiaconcursos.com.br\/blog\/#\/schema\/person\/b4a388c97673c5f483d72185668afa1f\"},\"headline\":\"Concurso IPECE: edital de Analista antes de junho!\",\"datePublished\":\"2026-03-18T14:09:00+00:00\",\"dateModified\":\"2026-03-18T18:25:05+00:00\",\"mainEntityOfPage\":{\"@id\":\"https:\/\/www.estrategiaconcursos.com.br\/blog\/concurso-ipece\/\"},\"wordCount\":1711,\"commentCount\":0,\"publisher\":{\"@id\":\"https:\/\/www.estrategiaconcursos.com.br\/blog\/#organization\"},\"image\":{\"@id\":\"https:\/\/www.estrategiaconcursos.com.br\/blog\/concurso-ipece\/#primaryimage\"},\"thumbnailUrl\":\"https:\/\/dhg1h5j42swfq.cloudfront.net\/2022\/01\/21095733\/ipece.jpg\",\"articleSection\":[\"Executivo (Administrativa)\"],\"inLanguage\":\"pt-BR\",\"potentialAction\":[{\"@type\":\"CommentAction\",\"name\":\"Comment\",\"target\":[\"https:\/\/www.estrategiaconcursos.com.br\/blog\/concurso-ipece\/#respond\"]}],\"copyrightYear\":\"2026\",\"copyrightHolder\":{\"@id\":\"https:\/\/www.estrategiaconcursos.com.br\/blog\/#organization\"}},{\"@type\":\"WebPage\",\"@id\":\"https:\/\/www.estrategiaconcursos.com.br\/blog\/concurso-ipece\/\",\"url\":\"https:\/\/www.estrategiaconcursos.com.br\/blog\/concurso-ipece\/\",\"name\":\"Concurso IPECE: edital de Analista antes de junho!\",\"isPartOf\":{\"@id\":\"https:\/\/www.estrategiaconcursos.com.br\/blog\/#website\"},\"primaryImageOfPage\":{\"@id\":\"https:\/\/www.estrategiaconcursos.com.br\/blog\/concurso-ipece\/#primaryimage\"},\"image\":{\"@id\":\"https:\/\/www.estrategiaconcursos.com.br\/blog\/concurso-ipece\/#primaryimage\"},\"thumbnailUrl\":\"https:\/\/dhg1h5j42swfq.cloudfront.net\/2022\/01\/21095733\/ipece.jpg\",\"datePublished\":\"2026-03-18T14:09:00+00:00\",\"dateModified\":\"2026-03-18T18:25:05+00:00\",\"description\":\"Concurso IPECE: edital para Analista de Pol\u00edticas P\u00fablicas ser\u00e1 publicado antes de junho! Instituto Avalia \u00e9 a banca. Saiba mais aqui!\",\"breadcrumb\":{\"@id\":\"https:\/\/www.estrategiaconcursos.com.br\/blog\/concurso-ipece\/#breadcrumb\"},\"inLanguage\":\"pt-BR\",\"potentialAction\":[{\"@type\":\"ReadAction\",\"target\":[\"https:\/\/www.estrategiaconcursos.com.br\/blog\/concurso-ipece\/\"]}]},{\"@type\":\"ImageObject\",\"inLanguage\":\"pt-BR\",\"@id\":\"https:\/\/www.estrategiaconcursos.com.br\/blog\/concurso-ipece\/#primaryimage\",\"url\":\"https:\/\/dhg1h5j42swfq.cloudfront.net\/2022\/01\/21095733\/ipece.jpg\",\"contentUrl\":\"https:\/\/dhg1h5j42swfq.cloudfront.net\/2022\/01\/21095733\/ipece.jpg\",\"width\":768,\"height\":432,\"caption\":\"Concurso IPECE edital\"},{\"@type\":\"BreadcrumbList\",\"@id\":\"https:\/\/www.estrategiaconcursos.com.br\/blog\/concurso-ipece\/#breadcrumb\",\"itemListElement\":[{\"@type\":\"ListItem\",\"position\":1,\"name\":\"In\u00edcio\",\"item\":\"https:\/\/www.estrategiaconcursos.com.br\/blog\/\"},{\"@type\":\"ListItem\",\"position\":2,\"name\":\"Concurso IPECE: edital de Analista antes de junho!\"}]},{\"@type\":\"WebSite\",\"@id\":\"https:\/\/www.estrategiaconcursos.com.br\/blog\/#website\",\"url\":\"https:\/\/www.estrategiaconcursos.com.br\/blog\/\",\"name\":\"Estrat\u00e9gia Concursos\",\"description\":\"O blog da Estrat\u00e9gia Concursos traz not\u00edcias sobre concursos e artigos de professores oferecendo cursos para concursos (pdf + videaulas) no site.\",\"publisher\":{\"@id\":\"https:\/\/www.estrategiaconcursos.com.br\/blog\/#organization\"},\"potentialAction\":[{\"@type\":\"SearchAction\",\"target\":{\"@type\":\"EntryPoint\",\"urlTemplate\":\"https:\/\/www.estrategiaconcursos.com.br\/blog\/?s={search_term_string}\"},\"query-input\":{\"@type\":\"PropertyValueSpecification\",\"valueRequired\":true,\"valueName\":\"search_term_string\"}}],\"inLanguage\":\"pt-BR\"},{\"@type\":\"Organization\",\"@id\":\"https:\/\/www.estrategiaconcursos.com.br\/blog\/#organization\",\"name\":\"Estrat\u00e9gia Concursos\",\"url\":\"https:\/\/www.estrategiaconcursos.com.br\/blog\/\",\"logo\":{\"@type\":\"ImageObject\",\"inLanguage\":\"pt-BR\",\"@id\":\"https:\/\/www.estrategiaconcursos.com.br\/blog\/#\/schema\/logo\/image\/\",\"url\":\"https:\/\/dhg1h5j42swfq.cloudfront.net\/2025\/06\/03203428\/logo_concursos-1.jpg\",\"contentUrl\":\"https:\/\/dhg1h5j42swfq.cloudfront.net\/2025\/06\/03203428\/logo_concursos-1.jpg\",\"width\":230,\"height\":60,\"caption\":\"Estrat\u00e9gia Concursos\"},\"image\":{\"@id\":\"https:\/\/www.estrategiaconcursos.com.br\/blog\/#\/schema\/logo\/image\/\"},\"sameAs\":[\"https:\/\/x.com\/EstratConcursos\"]},{\"@type\":\"Person\",\"@id\":\"https:\/\/www.estrategiaconcursos.com.br\/blog\/#\/schema\/person\/b4a388c97673c5f483d72185668afa1f\",\"name\":\"Coordena\u00e7\u00e3o\",\"image\":{\"@type\":\"ImageObject\",\"inLanguage\":\"pt-BR\",\"@id\":\"https:\/\/secure.gravatar.com\/avatar\/b720319e4c9a967eb58678d110f4fe35452fc5d5f97b202bac7b8acceb18c6ad?s=96&d=mm&r=g\",\"url\":\"https:\/\/secure.gravatar.com\/avatar\/b720319e4c9a967eb58678d110f4fe35452fc5d5f97b202bac7b8acceb18c6ad?s=96&d=mm&r=g\",\"contentUrl\":\"https:\/\/secure.gravatar.com\/avatar\/b720319e4c9a967eb58678d110f4fe35452fc5d5f97b202bac7b8acceb18c6ad?s=96&d=mm&r=g\",\"caption\":\"Coordena\u00e7\u00e3o\"},\"sameAs\":[\"https:\/\/www.facebook.com\/EstrategiaConcursos\",\"https:\/\/x.com\/EstratConcursos\"],\"url\":\"https:\/\/www.estrategiaconcursos.com.br\/blog\/author\/estrategia2013\/\"}]}<\/script>\n<!-- \/ Yoast SEO Premium plugin. -->","yoast_head_json":{"title":"Concurso IPECE: edital de Analista antes de junho!","description":"Concurso IPECE: edital para Analista de Pol\u00edticas P\u00fablicas ser\u00e1 publicado antes de junho! Instituto Avalia \u00e9 a banca. Saiba mais aqui!","robots":{"index":"index","follow":"follow","max-snippet":"max-snippet:-1","max-image-preview":"max-image-preview:large","max-video-preview":"max-video-preview:-1"},"canonical":"https:\/\/www.estrategiaconcursos.com.br\/blog\/concurso-ipece\/","og_locale":"pt_BR","og_type":"article","og_title":"Concurso IPECE: edital de Analista antes de junho!","og_description":"Concurso IPECE: edital para Analista de Pol\u00edticas P\u00fablicas ser\u00e1 publicado antes de junho! Instituto Avalia \u00e9 a banca. Saiba mais aqui!","og_url":"https:\/\/www.estrategiaconcursos.com.br\/blog\/concurso-ipece\/","og_site_name":"Estrat\u00e9gia Concursos","article_author":"https:\/\/www.facebook.com\/EstrategiaConcursos","article_published_time":"2026-03-18T14:09:00+00:00","article_modified_time":"2026-03-18T18:25:05+00:00","og_image":[{"width":768,"height":432,"url":"https:\/\/dhg1h5j42swfq.cloudfront.net\/2022\/01\/21095733\/ipece.jpg","type":"image\/jpeg"}],"author":"Coordena\u00e7\u00e3o","twitter_card":"summary_large_image","twitter_creator":"@EstratConcursos","twitter_site":"@EstratConcursos","twitter_misc":{"Escrito por":"Coordena\u00e7\u00e3o","Est. tempo de leitura":"7 minutos"},"schema":{"@context":"https:\/\/schema.org","@graph":[{"@type":"NewsArticle","@id":"https:\/\/www.estrategiaconcursos.com.br\/blog\/concurso-ipece\/#article","isPartOf":{"@id":"https:\/\/www.estrategiaconcursos.com.br\/blog\/concurso-ipece\/"},"author":{"name":"Coordena\u00e7\u00e3o","@id":"https:\/\/www.estrategiaconcursos.com.br\/blog\/#\/schema\/person\/b4a388c97673c5f483d72185668afa1f"},"headline":"Concurso IPECE: edital de Analista antes de junho!","datePublished":"2026-03-18T14:09:00+00:00","dateModified":"2026-03-18T18:25:05+00:00","mainEntityOfPage":{"@id":"https:\/\/www.estrategiaconcursos.com.br\/blog\/concurso-ipece\/"},"wordCount":1711,"commentCount":0,"publisher":{"@id":"https:\/\/www.estrategiaconcursos.com.br\/blog\/#organization"},"image":{"@id":"https:\/\/www.estrategiaconcursos.com.br\/blog\/concurso-ipece\/#primaryimage"},"thumbnailUrl":"https:\/\/dhg1h5j42swfq.cloudfront.net\/2022\/01\/21095733\/ipece.jpg","articleSection":["Executivo (Administrativa)"],"inLanguage":"pt-BR","potentialAction":[{"@type":"CommentAction","name":"Comment","target":["https:\/\/www.estrategiaconcursos.com.br\/blog\/concurso-ipece\/#respond"]}],"copyrightYear":"2026","copyrightHolder":{"@id":"https:\/\/www.estrategiaconcursos.com.br\/blog\/#organization"}},{"@type":"WebPage","@id":"https:\/\/www.estrategiaconcursos.com.br\/blog\/concurso-ipece\/","url":"https:\/\/www.estrategiaconcursos.com.br\/blog\/concurso-ipece\/","name":"Concurso IPECE: edital de Analista antes de junho!","isPartOf":{"@id":"https:\/\/www.estrategiaconcursos.com.br\/blog\/#website"},"primaryImageOfPage":{"@id":"https:\/\/www.estrategiaconcursos.com.br\/blog\/concurso-ipece\/#primaryimage"},"image":{"@id":"https:\/\/www.estrategiaconcursos.com.br\/blog\/concurso-ipece\/#primaryimage"},"thumbnailUrl":"https:\/\/dhg1h5j42swfq.cloudfront.net\/2022\/01\/21095733\/ipece.jpg","datePublished":"2026-03-18T14:09:00+00:00","dateModified":"2026-03-18T18:25:05+00:00","description":"Concurso IPECE: edital para Analista de Pol\u00edticas P\u00fablicas ser\u00e1 publicado antes de junho! Instituto Avalia \u00e9 a banca. Saiba mais aqui!","breadcrumb":{"@id":"https:\/\/www.estrategiaconcursos.com.br\/blog\/concurso-ipece\/#breadcrumb"},"inLanguage":"pt-BR","potentialAction":[{"@type":"ReadAction","target":["https:\/\/www.estrategiaconcursos.com.br\/blog\/concurso-ipece\/"]}]},{"@type":"ImageObject","inLanguage":"pt-BR","@id":"https:\/\/www.estrategiaconcursos.com.br\/blog\/concurso-ipece\/#primaryimage","url":"https:\/\/dhg1h5j42swfq.cloudfront.net\/2022\/01\/21095733\/ipece.jpg","contentUrl":"https:\/\/dhg1h5j42swfq.cloudfront.net\/2022\/01\/21095733\/ipece.jpg","width":768,"height":432,"caption":"Concurso IPECE edital"},{"@type":"BreadcrumbList","@id":"https:\/\/www.estrategiaconcursos.com.br\/blog\/concurso-ipece\/#breadcrumb","itemListElement":[{"@type":"ListItem","position":1,"name":"In\u00edcio","item":"https:\/\/www.estrategiaconcursos.com.br\/blog\/"},{"@type":"ListItem","position":2,"name":"Concurso IPECE: edital de Analista antes de junho!"}]},{"@type":"WebSite","@id":"https:\/\/www.estrategiaconcursos.com.br\/blog\/#website","url":"https:\/\/www.estrategiaconcursos.com.br\/blog\/","name":"Estrat\u00e9gia Concursos","description":"O blog da Estrat\u00e9gia Concursos traz not\u00edcias sobre concursos e artigos de professores oferecendo cursos para concursos (pdf + videaulas) no site.","publisher":{"@id":"https:\/\/www.estrategiaconcursos.com.br\/blog\/#organization"},"potentialAction":[{"@type":"SearchAction","target":{"@type":"EntryPoint","urlTemplate":"https:\/\/www.estrategiaconcursos.com.br\/blog\/?s={search_term_string}"},"query-input":{"@type":"PropertyValueSpecification","valueRequired":true,"valueName":"search_term_string"}}],"inLanguage":"pt-BR"},{"@type":"Organization","@id":"https:\/\/www.estrategiaconcursos.com.br\/blog\/#organization","name":"Estrat\u00e9gia Concursos","url":"https:\/\/www.estrategiaconcursos.com.br\/blog\/","logo":{"@type":"ImageObject","inLanguage":"pt-BR","@id":"https:\/\/www.estrategiaconcursos.com.br\/blog\/#\/schema\/logo\/image\/","url":"https:\/\/dhg1h5j42swfq.cloudfront.net\/2025\/06\/03203428\/logo_concursos-1.jpg","contentUrl":"https:\/\/dhg1h5j42swfq.cloudfront.net\/2025\/06\/03203428\/logo_concursos-1.jpg","width":230,"height":60,"caption":"Estrat\u00e9gia Concursos"},"image":{"@id":"https:\/\/www.estrategiaconcursos.com.br\/blog\/#\/schema\/logo\/image\/"},"sameAs":["https:\/\/x.com\/EstratConcursos"]},{"@type":"Person","@id":"https:\/\/www.estrategiaconcursos.com.br\/blog\/#\/schema\/person\/b4a388c97673c5f483d72185668afa1f","name":"Coordena\u00e7\u00e3o","image":{"@type":"ImageObject","inLanguage":"pt-BR","@id":"https:\/\/secure.gravatar.com\/avatar\/b720319e4c9a967eb58678d110f4fe35452fc5d5f97b202bac7b8acceb18c6ad?s=96&d=mm&r=g","url":"https:\/\/secure.gravatar.com\/avatar\/b720319e4c9a967eb58678d110f4fe35452fc5d5f97b202bac7b8acceb18c6ad?s=96&d=mm&r=g","contentUrl":"https:\/\/secure.gravatar.com\/avatar\/b720319e4c9a967eb58678d110f4fe35452fc5d5f97b202bac7b8acceb18c6ad?s=96&d=mm&r=g","caption":"Coordena\u00e7\u00e3o"},"sameAs":["https:\/\/www.facebook.com\/EstrategiaConcursos","https:\/\/x.com\/EstratConcursos"],"url":"https:\/\/www.estrategiaconcursos.com.br\/blog\/author\/estrategia2013\/"}]}},"_links":{"self":[{"href":"https:\/\/www.estrategiaconcursos.com.br\/blog\/wp-json\/wp\/v2\/posts\/715180","targetHints":{"allow":["GET"]}}],"collection":[{"href":"https:\/\/www.estrategiaconcursos.com.br\/blog\/wp-json\/wp\/v2\/posts"}],"about":[{"href":"https:\/\/www.estrategiaconcursos.com.br\/blog\/wp-json\/wp\/v2\/types\/post"}],"author":[{"embeddable":true,"href":"https:\/\/www.estrategiaconcursos.com.br\/blog\/wp-json\/wp\/v2\/users\/1"}],"replies":[{"embeddable":true,"href":"https:\/\/www.estrategiaconcursos.com.br\/blog\/wp-json\/wp\/v2\/comments?post=715180"}],"version-history":[{"count":45,"href":"https:\/\/www.estrategiaconcursos.com.br\/blog\/wp-json\/wp\/v2\/posts\/715180\/revisions"}],"predecessor-version":[{"id":1738738,"href":"https:\/\/www.estrategiaconcursos.com.br\/blog\/wp-json\/wp\/v2\/posts\/715180\/revisions\/1738738"}],"wp:featuredmedia":[{"embeddable":true,"href":"https:\/\/www.estrategiaconcursos.com.br\/blog\/wp-json\/wp\/v2\/media\/951623"}],"wp:attachment":[{"href":"https:\/\/www.estrategiaconcursos.com.br\/blog\/wp-json\/wp\/v2\/media?parent=715180"}],"wp:term":[{"taxonomy":"category","embeddable":true,"href":"https:\/\/www.estrategiaconcursos.com.br\/blog\/wp-json\/wp\/v2\/categories?post=715180"},{"taxonomy":"post_tag","embeddable":true,"href":"https:\/\/www.estrategiaconcursos.com.br\/blog\/wp-json\/wp\/v2\/tags?post=715180"},{"taxonomy":"tax_estado","embeddable":true,"href":"https:\/\/www.estrategiaconcursos.com.br\/blog\/wp-json\/wp\/v2\/tax_estado?post=715180"}],"curies":[{"name":"wp","href":"https:\/\/api.w.org\/{rel}","templated":true}]}}