{"id":715145,"date":"2021-04-15T17:53:43","date_gmt":"2021-04-15T20:53:43","guid":{"rendered":"https:\/\/www.estrategiaconcursos.com.br\/blog\/?p=715145"},"modified":"2021-04-15T18:22:38","modified_gmt":"2021-04-15T21:22:38","slug":"sefaz-ce-atraso-edital","status":"publish","type":"post","link":"https:\/\/www.estrategiaconcursos.com.br\/blog\/sefaz-ce-atraso-edital\/","title":{"rendered":"Secret\u00e1ria confirma atraso na publica\u00e7\u00e3o do edital da Sefaz CE"},"content":{"rendered":"\n<p>A secret\u00e1ria da <strong>Secretaria de Estado da Fazenda do Cear\u00e1<\/strong>, Fernanda Pacobahyba, confirmou, em <a href=\"https:\/\/www.youtube.com\/watch?v=Ku6hI68lFTg\" target=\"_blank\" rel=\"noreferrer noopener\">live<\/a> realizada nesta quinta-feira, 15 de abril, que a publica\u00e7\u00e3o do edital do concurso Sefaz CE sofrer\u00e1 um atraso de 10 a 15 dias. <\/p>\n\n\n\n<p>Segundo Pacobahyba, por conta da <a href=\"https:\/\/www.estrategiaconcursos.com.br\/blog\/edital-sefaz-ce-reserva-vagas-negros\/\" target=\"_blank\" rel=\"noreferrer noopener\">Lei de Cotas<\/a> para os concursos do estado Cear\u00e1, sancionada pelo governador Camilo Santana no dia 25 de mar\u00e7o de 2021, a sele\u00e7\u00e3o precisou passar por readequa\u00e7\u00f5es, as quais foram aprovadas, recentemente, pela Assembleia Legislativa. <\/p>\n\n\n\n<p>Sendo assim, o documento n\u00e3o ser\u00e1 mais publicado hoje, conforme previs\u00e3o anterior. Apesar do atraso, o edital da Sefaz CE deve ser divulgado <a href=\"https:\/\/dhg1h5j42swfq.cloudfront.net\/2021\/04\/09132425\/image-28-610x533.png\" target=\"_blank\" rel=\"noreferrer noopener\">ainda neste m\u00eas<\/a>, seguindo o indicativo dado pelo pr\u00f3prio \u00f3rg\u00e3o, atrav\u00e9s de suas redes sociais.<\/p>\n\n\n\n<p>Organizado pelo Cebraspe, o novo certame ofertar\u00e1 100 vagas para os cargos de Auditor Fiscal da Receita Estadual, Auditor Fiscal Cont\u00e1bil-Financeiro da Receita Estadual, Auditor Fiscal Jur\u00eddico da Receita Estadual e Auditor Fiscal de Tecnologia da Informa\u00e7\u00e3o da Receita Estadual. <\/p>\n\n\n\n<p>O Termo de Refer\u00eancia, al\u00e9m de confirmar os cargos e vagas a serem ofertados, apresentou tamb\u00e9m as etapas que compor\u00e3o o edital: provas objetivas, discursivas e de t\u00edtulos.<\/p>\n\n\n\n<h4 class=\"wp-block-heading\" id=\"cargo\">Requisitos e remunera\u00e7\u00f5es do cargo de Auditor Fiscal<\/h4>\n\n\n\n<p>Para disputar um dos cargos de Auditor Fiscal da Receita Estadual, \u00e9 exigido&nbsp;<strong>n\u00edvel superior<\/strong>, em n\u00edvel de bacharelado, sem \u00e1rea de atua\u00e7\u00e3o espec\u00edfica. Os demais cargos do certame requerem gradua\u00e7\u00e3o espec\u00edfica na \u00e1rea de atua\u00e7\u00e3o, como:<\/p>\n\n\n\n<ul class=\"wp-block-list\"><li>Ci\u00eancias Cont\u00e1beis<\/li><li>Administra\u00e7\u00e3o de Empresas<\/li><li>Economia<\/li><li>Direito<\/li><li>Ci\u00eancias da Computa\u00e7\u00e3o<\/li><li>Inform\u00e1tica<\/li><li>Processamento de Dados<\/li><\/ul>\n\n\n\n<h3 class=\"wp-block-heading\" id=\"salario\">Sal\u00e1rio e carga hor\u00e1ria &#8211; Sefaz CE<\/h3>\n\n\n\n<p>Com carga hor\u00e1ria de 40 horas semanais, a remunera\u00e7\u00e3o m\u00ednima, em refer\u00eancia a valores de janeiro de 2020, para os cargos da&nbsp;<strong>1\u00aa Classe Refer\u00eancia A<\/strong>&nbsp;das carreiras de Auditor Fiscal \u00e9 de&nbsp;<strong>R$ 16.045,30<\/strong>, sendo:<\/p>\n\n\n\n<ul class=\"wp-block-list\"><li><strong>I \u2013&nbsp;<\/strong>Vencimento b\u00e1sico da 1\u00aa refer\u00eancia (1A), no valor de&nbsp;R$ 4.927,86;<\/li><li><strong>II \u2013&nbsp;<\/strong>Gratifica\u00e7\u00e3o pela execu\u00e7\u00e3o do trabalho em condi\u00e7\u00f5es especiais, inclusive com risco de vida ou sa\u00fade;<\/li><li><strong>III \u2013<\/strong>&nbsp;Gratifica\u00e7\u00e3o de titula\u00e7\u00e3o na ordem de 15% para o t\u00edtulo de Especialista, 30% para o t\u00edtulo de Mestre e 60% para o t\u00edtulo de Doutor, n\u00e3o cumul\u00e1veis, calculada sobre o vencimento b\u00e1sico percebido pelo servidor; e<\/li><li><strong>IV \u2013<\/strong>&nbsp;Pr\u00eamio por Desempenho Fiscal (PDF), no valor m\u00ednimo de&nbsp;R$ 8.492,17; e<\/li><li><strong>V \u2013<\/strong>&nbsp;Adicional de Pr\u00eamio por Desempenho Fiscal.<\/li><\/ul>\n\n\n\n<p class=\"has-text-align-center\"><strong>O Estrat\u00e9gia Concursos segue acompanhando as movimenta\u00e7\u00f5es do \u00f3rg\u00e3o e atualizar\u00e1 o portal assim que houver novidades! Para mais informa\u00e7\u00f5es sobre o concurso Sefaz CE, acesse o link abaixo:<\/strong><\/p>\n\n\n\n<p class=\"has-text-align-center has-cyan-bluish-gray-background-color has-background\" style=\"font-size:clamp(14.082px, 0.88rem + ((1vw - 3.2px) * 0.678), 21px);px\"><strong>Saiba mais: <a href=\"https:\/\/www.estrategiaconcursos.com.br\/blog\/concurso-sefaz-ce\/\" target=\"_blank\" rel=\"noreferrer noopener\">Concurso Sefaz CE<\/a><\/strong><\/p>\n\n\n\n<h2 class=\"has-text-align-center wp-block-heading\" id=\"cursos-assinatura\"><strong><em>Quer estudar para Concurso Sefaz CE?<\/em><\/strong><\/h2>\n\n\n\n<div id=\"boxes\" class=\"container\">\n<div class=\"row\">\n<div class=\"col-sm\">\n<div id=\"box-assinatura\" class=\"banner-fiscal-01\">\n<h3 class=\"titulo-assinatura\">Sefaz CE<\/h3>\n<p class=\"subtitulo-assinatura\">Estude conosco para o concurso<\/p>\n<div class=\"box-botao\"><a class=\"btn-assinatura\" role=\"button\" href=\"https:\/\/www.estrategiaconcursos.com.br\/cursosPorConcurso\/sefaz-ce\/\" target=\"_blank\" rel=\"noopener noreferrer\">Saiba mais<\/a><\/div>\n<\/div>\n<\/div>\n<\/div>\n<\/div>\n\n\n\n<div id=\"boxes\" class=\"container\">\n<div class=\"row\">\n<div class=\"col-sm\">\n<div id=\"box-assinatura\" class=\"estrategia\">\n<h3 class=\"titulo-assinatura\">Assinatura Concursos<\/h3>\n<p class=\"subtitulo-assinatura\">Assinatura de 1 ano ou 2 anos<\/p>\n<div class=\"box-botao\"><a class=\"btn-assinatura\" role=\"button\" href=\"https:\/\/www.estrategiaconcursos.com.br\/assinaturas\/\" target=\"_blank\" rel=\"noopener noreferrer\">ASSINE AGORA<\/a><\/div>\n<\/div>\n<\/div>\n<div class=\"col-sm\">\n<div id=\"box-assinatura\" class=\"questoes\">\n<h3 class=\"titulo-assinatura\">Sistema de Quest\u00f5es<\/h3>\n<p class=\"subtitulo-assinatura\">Assinatura de 1 ano ou 2 anos<\/p>\n<div class=\"box-botao\"><a class=\"btn-assinatura\" role=\"button\" href=\"https:\/\/www.estrategiaconcursos.com.br\/cursosPorConcurso\/sistema-de-questoes\/#\/\" target=\"_blank\" rel=\"noopener noreferrer\">ASSINE AGORA<\/a><\/div>\n<\/div>\n<\/div>\n<\/div>\n<\/div>\n\n\n\n<div id=\"boxes\" class=\"container\">\n<div class=\"row\">\n<div id=\"boxes-concursos\" class=\"col-sm\">\n<div id=\"box-concursos\" class=\"conteudo-concursos\" style=\"background-color: #005dad;\">\n<h3 class=\"titulo-assinatura\">Concursos Abertos<\/h3>\n<p class=\"subtitulo-assinatura\">mais de 15 mil vagas<\/p>\n<div class=\"box-botao\"><a class=\"btn-assinatura\" role=\"button\" href=\"https:\/\/www.estrategiaconcursos.com.br\/blog\/concursos-abertos\/\" target=\"_blank\" rel=\"noopener noreferrer\">Conhe\u00e7a Agora<\/a><\/div>\n<\/div>\n<\/div>\n<div id=\"boxes-concursos\" class=\"col-sm\">\n<div id=\"box-concursos\" class=\"conteudo-concursos\" style=\"background-color: #419ff0;\">\n<h3 class=\"titulo-assinatura\">Concursos 2021<\/h3>\n<p class=\"subtitulo-assinatura\">mais de 50 mil vagas<\/p>\n<div class=\"box-botao\"><a class=\"btn-assinatura\" role=\"button\" href=\"https:\/\/www.estrategiaconcursos.com.br\/blog\/concursos-2021\/\" target=\"_blank\" rel=\"noopener noreferrer\">Conhe\u00e7a Agora<\/a><\/div>\n<\/div>\n<\/div>\n<\/div>\n<\/div>\n\n\n\n<p><\/p>\n\n\n\n<p>  <\/p>\n","protected":false},"excerpt":{"rendered":"<p>A secret\u00e1ria da Secretaria de Estado da Fazenda do Cear\u00e1, Fernanda Pacobahyba, confirmou, em live realizada nesta quinta-feira, 15 de abril, que a publica\u00e7\u00e3o do edital do concurso Sefaz CE sofrer\u00e1 um atraso de 10 a 15 dias. Segundo Pacobahyba, por conta da Lei de Cotas para os concursos do estado Cear\u00e1, sancionada pelo governador [&hellip;]<\/p>\n","protected":false},"author":1,"featured_media":698518,"comment_status":"open","ping_status":"closed","sticky":false,"template":"","format":"standard","meta":{"post_tipo":"news","footnotes":""},"categories":[1983],"tags":[],"tax_estado":[219969],"class_list":["post-715145","post","type-post","status-publish","format-standard","has-post-thumbnail","hentry","category-fiscal-estadual","tax_estado-ce"],"acf":[],"yoast_head":"<!-- This site is optimized with the Yoast SEO Premium plugin v27.2 (Yoast SEO v27.2) - https:\/\/yoast.com\/product\/yoast-seo-premium-wordpress\/ -->\n<title>Secret\u00e1ria confirma atraso na publica\u00e7\u00e3o do edital da Sefaz CE<\/title>\n<meta name=\"description\" content=\"A secret\u00e1ria da SEFAZ CE confirmou que a publica\u00e7\u00e3o do edital do concurso sofrer\u00e1 um atraso. Acesse e confira todas as informa\u00e7\u00f5es no site!\" \/>\n<meta name=\"robots\" content=\"index, follow, max-snippet:-1, max-image-preview:large, max-video-preview:-1\" \/>\n<link rel=\"canonical\" href=\"https:\/\/www.estrategiaconcursos.com.br\/blog\/sefaz-ce-atraso-edital\/\" \/>\n<meta property=\"og:locale\" content=\"pt_BR\" \/>\n<meta property=\"og:type\" content=\"article\" \/>\n<meta property=\"og:title\" content=\"Secret\u00e1ria confirma atraso na publica\u00e7\u00e3o do edital da Sefaz CE\" \/>\n<meta property=\"og:description\" content=\"A secret\u00e1ria da SEFAZ CE confirmou que a publica\u00e7\u00e3o do edital do concurso sofrer\u00e1 um atraso. Acesse e confira todas as informa\u00e7\u00f5es no site!\" \/>\n<meta property=\"og:url\" content=\"https:\/\/www.estrategiaconcursos.com.br\/blog\/sefaz-ce-atraso-edital\/\" \/>\n<meta property=\"og:site_name\" content=\"Estrat\u00e9gia Concursos\" \/>\n<meta property=\"article:author\" content=\"https:\/\/www.facebook.com\/EstrategiaConcursos\" \/>\n<meta property=\"article:published_time\" content=\"2021-04-15T20:53:43+00:00\" \/>\n<meta property=\"article:modified_time\" content=\"2021-04-15T21:22:38+00:00\" \/>\n<meta property=\"og:image\" content=\"https:\/\/dhg1h5j42swfq.cloudfront.net\/2021\/03\/22154714\/sefaz-ce_2.jpg\" \/>\n\t<meta property=\"og:image:width\" content=\"1200\" \/>\n\t<meta property=\"og:image:height\" content=\"628\" \/>\n\t<meta property=\"og:image:type\" content=\"image\/jpeg\" \/>\n<meta name=\"author\" content=\"Coordena\u00e7\u00e3o\" \/>\n<meta name=\"twitter:card\" content=\"summary_large_image\" \/>\n<meta name=\"twitter:creator\" content=\"@EstratConcursos\" \/>\n<meta name=\"twitter:site\" content=\"@EstratConcursos\" \/>\n<meta name=\"twitter:label1\" content=\"Escrito por\" \/>\n\t<meta name=\"twitter:data1\" content=\"Coordena\u00e7\u00e3o\" \/>\n\t<meta name=\"twitter:label2\" content=\"Est. tempo de leitura\" \/>\n\t<meta name=\"twitter:data2\" content=\"3 minutos\" \/>\n<script type=\"application\/ld+json\" class=\"yoast-schema-graph\">{\"@context\":\"https:\/\/schema.org\",\"@graph\":[{\"@type\":\"NewsArticle\",\"@id\":\"https:\/\/www.estrategiaconcursos.com.br\/blog\/sefaz-ce-atraso-edital\/#article\",\"isPartOf\":{\"@id\":\"https:\/\/www.estrategiaconcursos.com.br\/blog\/sefaz-ce-atraso-edital\/\"},\"author\":{\"name\":\"Coordena\u00e7\u00e3o\",\"@id\":\"https:\/\/www.estrategiaconcursos.com.br\/blog\/#\/schema\/person\/b4a388c97673c5f483d72185668afa1f\"},\"headline\":\"Secret\u00e1ria confirma atraso na publica\u00e7\u00e3o do edital da Sefaz CE\",\"datePublished\":\"2021-04-15T20:53:43+00:00\",\"dateModified\":\"2021-04-15T21:22:38+00:00\",\"mainEntityOfPage\":{\"@id\":\"https:\/\/www.estrategiaconcursos.com.br\/blog\/sefaz-ce-atraso-edital\/\"},\"wordCount\":523,\"commentCount\":0,\"publisher\":{\"@id\":\"https:\/\/www.estrategiaconcursos.com.br\/blog\/#organization\"},\"image\":{\"@id\":\"https:\/\/www.estrategiaconcursos.com.br\/blog\/sefaz-ce-atraso-edital\/#primaryimage\"},\"thumbnailUrl\":\"https:\/\/dhg1h5j42swfq.cloudfront.net\/2021\/03\/22154714\/sefaz-ce_2.jpg\",\"articleSection\":[\"Fiscal - Estadual (ICMS)\"],\"inLanguage\":\"pt-BR\",\"potentialAction\":[{\"@type\":\"CommentAction\",\"name\":\"Comment\",\"target\":[\"https:\/\/www.estrategiaconcursos.com.br\/blog\/sefaz-ce-atraso-edital\/#respond\"]}],\"copyrightYear\":\"2021\",\"copyrightHolder\":{\"@id\":\"https:\/\/www.estrategiaconcursos.com.br\/blog\/#organization\"}},{\"@type\":\"WebPage\",\"@id\":\"https:\/\/www.estrategiaconcursos.com.br\/blog\/sefaz-ce-atraso-edital\/\",\"url\":\"https:\/\/www.estrategiaconcursos.com.br\/blog\/sefaz-ce-atraso-edital\/\",\"name\":\"Secret\u00e1ria confirma atraso na publica\u00e7\u00e3o do edital da Sefaz CE\",\"isPartOf\":{\"@id\":\"https:\/\/www.estrategiaconcursos.com.br\/blog\/#website\"},\"primaryImageOfPage\":{\"@id\":\"https:\/\/www.estrategiaconcursos.com.br\/blog\/sefaz-ce-atraso-edital\/#primaryimage\"},\"image\":{\"@id\":\"https:\/\/www.estrategiaconcursos.com.br\/blog\/sefaz-ce-atraso-edital\/#primaryimage\"},\"thumbnailUrl\":\"https:\/\/dhg1h5j42swfq.cloudfront.net\/2021\/03\/22154714\/sefaz-ce_2.jpg\",\"datePublished\":\"2021-04-15T20:53:43+00:00\",\"dateModified\":\"2021-04-15T21:22:38+00:00\",\"description\":\"A secret\u00e1ria da SEFAZ CE confirmou que a publica\u00e7\u00e3o do edital do concurso sofrer\u00e1 um atraso. Acesse e confira todas as informa\u00e7\u00f5es no site!\",\"breadcrumb\":{\"@id\":\"https:\/\/www.estrategiaconcursos.com.br\/blog\/sefaz-ce-atraso-edital\/#breadcrumb\"},\"inLanguage\":\"pt-BR\",\"potentialAction\":[{\"@type\":\"ReadAction\",\"target\":[\"https:\/\/www.estrategiaconcursos.com.br\/blog\/sefaz-ce-atraso-edital\/\"]}]},{\"@type\":\"ImageObject\",\"inLanguage\":\"pt-BR\",\"@id\":\"https:\/\/www.estrategiaconcursos.com.br\/blog\/sefaz-ce-atraso-edital\/#primaryimage\",\"url\":\"https:\/\/dhg1h5j42swfq.cloudfront.net\/2021\/03\/22154714\/sefaz-ce_2.jpg\",\"contentUrl\":\"https:\/\/dhg1h5j42swfq.cloudfront.net\/2021\/03\/22154714\/sefaz-ce_2.jpg\",\"width\":1200,\"height\":628,\"caption\":\"Inscri\u00e7\u00f5es Sefaz CE\"},{\"@type\":\"BreadcrumbList\",\"@id\":\"https:\/\/www.estrategiaconcursos.com.br\/blog\/sefaz-ce-atraso-edital\/#breadcrumb\",\"itemListElement\":[{\"@type\":\"ListItem\",\"position\":1,\"name\":\"In\u00edcio\",\"item\":\"https:\/\/www.estrategiaconcursos.com.br\/blog\/\"},{\"@type\":\"ListItem\",\"position\":2,\"name\":\"Secret\u00e1ria confirma atraso na publica\u00e7\u00e3o do edital da Sefaz CE\"}]},{\"@type\":\"WebSite\",\"@id\":\"https:\/\/www.estrategiaconcursos.com.br\/blog\/#website\",\"url\":\"https:\/\/www.estrategiaconcursos.com.br\/blog\/\",\"name\":\"Estrat\u00e9gia Concursos\",\"description\":\"O blog da Estrat\u00e9gia Concursos traz not\u00edcias sobre concursos e artigos de professores oferecendo cursos para concursos (pdf + videaulas) no site.\",\"publisher\":{\"@id\":\"https:\/\/www.estrategiaconcursos.com.br\/blog\/#organization\"},\"potentialAction\":[{\"@type\":\"SearchAction\",\"target\":{\"@type\":\"EntryPoint\",\"urlTemplate\":\"https:\/\/www.estrategiaconcursos.com.br\/blog\/?s={search_term_string}\"},\"query-input\":{\"@type\":\"PropertyValueSpecification\",\"valueRequired\":true,\"valueName\":\"search_term_string\"}}],\"inLanguage\":\"pt-BR\"},{\"@type\":\"Organization\",\"@id\":\"https:\/\/www.estrategiaconcursos.com.br\/blog\/#organization\",\"name\":\"Estrat\u00e9gia Concursos\",\"url\":\"https:\/\/www.estrategiaconcursos.com.br\/blog\/\",\"logo\":{\"@type\":\"ImageObject\",\"inLanguage\":\"pt-BR\",\"@id\":\"https:\/\/www.estrategiaconcursos.com.br\/blog\/#\/schema\/logo\/image\/\",\"url\":\"https:\/\/dhg1h5j42swfq.cloudfront.net\/2025\/06\/03203428\/logo_concursos-1.jpg\",\"contentUrl\":\"https:\/\/dhg1h5j42swfq.cloudfront.net\/2025\/06\/03203428\/logo_concursos-1.jpg\",\"width\":230,\"height\":60,\"caption\":\"Estrat\u00e9gia Concursos\"},\"image\":{\"@id\":\"https:\/\/www.estrategiaconcursos.com.br\/blog\/#\/schema\/logo\/image\/\"},\"sameAs\":[\"https:\/\/x.com\/EstratConcursos\"]},{\"@type\":\"Person\",\"@id\":\"https:\/\/www.estrategiaconcursos.com.br\/blog\/#\/schema\/person\/b4a388c97673c5f483d72185668afa1f\",\"name\":\"Coordena\u00e7\u00e3o\",\"image\":{\"@type\":\"ImageObject\",\"inLanguage\":\"pt-BR\",\"@id\":\"https:\/\/secure.gravatar.com\/avatar\/b720319e4c9a967eb58678d110f4fe35452fc5d5f97b202bac7b8acceb18c6ad?s=96&d=mm&r=g\",\"url\":\"https:\/\/secure.gravatar.com\/avatar\/b720319e4c9a967eb58678d110f4fe35452fc5d5f97b202bac7b8acceb18c6ad?s=96&d=mm&r=g\",\"contentUrl\":\"https:\/\/secure.gravatar.com\/avatar\/b720319e4c9a967eb58678d110f4fe35452fc5d5f97b202bac7b8acceb18c6ad?s=96&d=mm&r=g\",\"caption\":\"Coordena\u00e7\u00e3o\"},\"sameAs\":[\"https:\/\/www.facebook.com\/EstrategiaConcursos\",\"https:\/\/x.com\/EstratConcursos\"],\"url\":\"https:\/\/www.estrategiaconcursos.com.br\/blog\/author\/estrategia2013\/\"}]}<\/script>\n<!-- \/ Yoast SEO Premium plugin. -->","yoast_head_json":{"title":"Secret\u00e1ria confirma atraso na publica\u00e7\u00e3o do edital da Sefaz CE","description":"A secret\u00e1ria da SEFAZ CE confirmou que a publica\u00e7\u00e3o do edital do concurso sofrer\u00e1 um atraso. Acesse e confira todas as informa\u00e7\u00f5es no site!","robots":{"index":"index","follow":"follow","max-snippet":"max-snippet:-1","max-image-preview":"max-image-preview:large","max-video-preview":"max-video-preview:-1"},"canonical":"https:\/\/www.estrategiaconcursos.com.br\/blog\/sefaz-ce-atraso-edital\/","og_locale":"pt_BR","og_type":"article","og_title":"Secret\u00e1ria confirma atraso na publica\u00e7\u00e3o do edital da Sefaz CE","og_description":"A secret\u00e1ria da SEFAZ CE confirmou que a publica\u00e7\u00e3o do edital do concurso sofrer\u00e1 um atraso. Acesse e confira todas as informa\u00e7\u00f5es no site!","og_url":"https:\/\/www.estrategiaconcursos.com.br\/blog\/sefaz-ce-atraso-edital\/","og_site_name":"Estrat\u00e9gia Concursos","article_author":"https:\/\/www.facebook.com\/EstrategiaConcursos","article_published_time":"2021-04-15T20:53:43+00:00","article_modified_time":"2021-04-15T21:22:38+00:00","og_image":[{"width":1200,"height":628,"url":"https:\/\/dhg1h5j42swfq.cloudfront.net\/2021\/03\/22154714\/sefaz-ce_2.jpg","type":"image\/jpeg"}],"author":"Coordena\u00e7\u00e3o","twitter_card":"summary_large_image","twitter_creator":"@EstratConcursos","twitter_site":"@EstratConcursos","twitter_misc":{"Escrito por":"Coordena\u00e7\u00e3o","Est. tempo de leitura":"3 minutos"},"schema":{"@context":"https:\/\/schema.org","@graph":[{"@type":"NewsArticle","@id":"https:\/\/www.estrategiaconcursos.com.br\/blog\/sefaz-ce-atraso-edital\/#article","isPartOf":{"@id":"https:\/\/www.estrategiaconcursos.com.br\/blog\/sefaz-ce-atraso-edital\/"},"author":{"name":"Coordena\u00e7\u00e3o","@id":"https:\/\/www.estrategiaconcursos.com.br\/blog\/#\/schema\/person\/b4a388c97673c5f483d72185668afa1f"},"headline":"Secret\u00e1ria confirma atraso na publica\u00e7\u00e3o do edital da Sefaz CE","datePublished":"2021-04-15T20:53:43+00:00","dateModified":"2021-04-15T21:22:38+00:00","mainEntityOfPage":{"@id":"https:\/\/www.estrategiaconcursos.com.br\/blog\/sefaz-ce-atraso-edital\/"},"wordCount":523,"commentCount":0,"publisher":{"@id":"https:\/\/www.estrategiaconcursos.com.br\/blog\/#organization"},"image":{"@id":"https:\/\/www.estrategiaconcursos.com.br\/blog\/sefaz-ce-atraso-edital\/#primaryimage"},"thumbnailUrl":"https:\/\/dhg1h5j42swfq.cloudfront.net\/2021\/03\/22154714\/sefaz-ce_2.jpg","articleSection":["Fiscal - Estadual (ICMS)"],"inLanguage":"pt-BR","potentialAction":[{"@type":"CommentAction","name":"Comment","target":["https:\/\/www.estrategiaconcursos.com.br\/blog\/sefaz-ce-atraso-edital\/#respond"]}],"copyrightYear":"2021","copyrightHolder":{"@id":"https:\/\/www.estrategiaconcursos.com.br\/blog\/#organization"}},{"@type":"WebPage","@id":"https:\/\/www.estrategiaconcursos.com.br\/blog\/sefaz-ce-atraso-edital\/","url":"https:\/\/www.estrategiaconcursos.com.br\/blog\/sefaz-ce-atraso-edital\/","name":"Secret\u00e1ria confirma atraso na publica\u00e7\u00e3o do edital da Sefaz CE","isPartOf":{"@id":"https:\/\/www.estrategiaconcursos.com.br\/blog\/#website"},"primaryImageOfPage":{"@id":"https:\/\/www.estrategiaconcursos.com.br\/blog\/sefaz-ce-atraso-edital\/#primaryimage"},"image":{"@id":"https:\/\/www.estrategiaconcursos.com.br\/blog\/sefaz-ce-atraso-edital\/#primaryimage"},"thumbnailUrl":"https:\/\/dhg1h5j42swfq.cloudfront.net\/2021\/03\/22154714\/sefaz-ce_2.jpg","datePublished":"2021-04-15T20:53:43+00:00","dateModified":"2021-04-15T21:22:38+00:00","description":"A secret\u00e1ria da SEFAZ CE confirmou que a publica\u00e7\u00e3o do edital do concurso sofrer\u00e1 um atraso. Acesse e confira todas as informa\u00e7\u00f5es no site!","breadcrumb":{"@id":"https:\/\/www.estrategiaconcursos.com.br\/blog\/sefaz-ce-atraso-edital\/#breadcrumb"},"inLanguage":"pt-BR","potentialAction":[{"@type":"ReadAction","target":["https:\/\/www.estrategiaconcursos.com.br\/blog\/sefaz-ce-atraso-edital\/"]}]},{"@type":"ImageObject","inLanguage":"pt-BR","@id":"https:\/\/www.estrategiaconcursos.com.br\/blog\/sefaz-ce-atraso-edital\/#primaryimage","url":"https:\/\/dhg1h5j42swfq.cloudfront.net\/2021\/03\/22154714\/sefaz-ce_2.jpg","contentUrl":"https:\/\/dhg1h5j42swfq.cloudfront.net\/2021\/03\/22154714\/sefaz-ce_2.jpg","width":1200,"height":628,"caption":"Inscri\u00e7\u00f5es Sefaz CE"},{"@type":"BreadcrumbList","@id":"https:\/\/www.estrategiaconcursos.com.br\/blog\/sefaz-ce-atraso-edital\/#breadcrumb","itemListElement":[{"@type":"ListItem","position":1,"name":"In\u00edcio","item":"https:\/\/www.estrategiaconcursos.com.br\/blog\/"},{"@type":"ListItem","position":2,"name":"Secret\u00e1ria confirma atraso na publica\u00e7\u00e3o do edital da Sefaz CE"}]},{"@type":"WebSite","@id":"https:\/\/www.estrategiaconcursos.com.br\/blog\/#website","url":"https:\/\/www.estrategiaconcursos.com.br\/blog\/","name":"Estrat\u00e9gia Concursos","description":"O blog da Estrat\u00e9gia Concursos traz not\u00edcias sobre concursos e artigos de professores oferecendo cursos para concursos (pdf + videaulas) no site.","publisher":{"@id":"https:\/\/www.estrategiaconcursos.com.br\/blog\/#organization"},"potentialAction":[{"@type":"SearchAction","target":{"@type":"EntryPoint","urlTemplate":"https:\/\/www.estrategiaconcursos.com.br\/blog\/?s={search_term_string}"},"query-input":{"@type":"PropertyValueSpecification","valueRequired":true,"valueName":"search_term_string"}}],"inLanguage":"pt-BR"},{"@type":"Organization","@id":"https:\/\/www.estrategiaconcursos.com.br\/blog\/#organization","name":"Estrat\u00e9gia Concursos","url":"https:\/\/www.estrategiaconcursos.com.br\/blog\/","logo":{"@type":"ImageObject","inLanguage":"pt-BR","@id":"https:\/\/www.estrategiaconcursos.com.br\/blog\/#\/schema\/logo\/image\/","url":"https:\/\/dhg1h5j42swfq.cloudfront.net\/2025\/06\/03203428\/logo_concursos-1.jpg","contentUrl":"https:\/\/dhg1h5j42swfq.cloudfront.net\/2025\/06\/03203428\/logo_concursos-1.jpg","width":230,"height":60,"caption":"Estrat\u00e9gia Concursos"},"image":{"@id":"https:\/\/www.estrategiaconcursos.com.br\/blog\/#\/schema\/logo\/image\/"},"sameAs":["https:\/\/x.com\/EstratConcursos"]},{"@type":"Person","@id":"https:\/\/www.estrategiaconcursos.com.br\/blog\/#\/schema\/person\/b4a388c97673c5f483d72185668afa1f","name":"Coordena\u00e7\u00e3o","image":{"@type":"ImageObject","inLanguage":"pt-BR","@id":"https:\/\/secure.gravatar.com\/avatar\/b720319e4c9a967eb58678d110f4fe35452fc5d5f97b202bac7b8acceb18c6ad?s=96&d=mm&r=g","url":"https:\/\/secure.gravatar.com\/avatar\/b720319e4c9a967eb58678d110f4fe35452fc5d5f97b202bac7b8acceb18c6ad?s=96&d=mm&r=g","contentUrl":"https:\/\/secure.gravatar.com\/avatar\/b720319e4c9a967eb58678d110f4fe35452fc5d5f97b202bac7b8acceb18c6ad?s=96&d=mm&r=g","caption":"Coordena\u00e7\u00e3o"},"sameAs":["https:\/\/www.facebook.com\/EstrategiaConcursos","https:\/\/x.com\/EstratConcursos"],"url":"https:\/\/www.estrategiaconcursos.com.br\/blog\/author\/estrategia2013\/"}]}},"_links":{"self":[{"href":"https:\/\/www.estrategiaconcursos.com.br\/blog\/wp-json\/wp\/v2\/posts\/715145","targetHints":{"allow":["GET"]}}],"collection":[{"href":"https:\/\/www.estrategiaconcursos.com.br\/blog\/wp-json\/wp\/v2\/posts"}],"about":[{"href":"https:\/\/www.estrategiaconcursos.com.br\/blog\/wp-json\/wp\/v2\/types\/post"}],"author":[{"embeddable":true,"href":"https:\/\/www.estrategiaconcursos.com.br\/blog\/wp-json\/wp\/v2\/users\/1"}],"replies":[{"embeddable":true,"href":"https:\/\/www.estrategiaconcursos.com.br\/blog\/wp-json\/wp\/v2\/comments?post=715145"}],"version-history":[{"count":5,"href":"https:\/\/www.estrategiaconcursos.com.br\/blog\/wp-json\/wp\/v2\/posts\/715145\/revisions"}],"predecessor-version":[{"id":715173,"href":"https:\/\/www.estrategiaconcursos.com.br\/blog\/wp-json\/wp\/v2\/posts\/715145\/revisions\/715173"}],"wp:featuredmedia":[{"embeddable":true,"href":"https:\/\/www.estrategiaconcursos.com.br\/blog\/wp-json\/wp\/v2\/media\/698518"}],"wp:attachment":[{"href":"https:\/\/www.estrategiaconcursos.com.br\/blog\/wp-json\/wp\/v2\/media?parent=715145"}],"wp:term":[{"taxonomy":"category","embeddable":true,"href":"https:\/\/www.estrategiaconcursos.com.br\/blog\/wp-json\/wp\/v2\/categories?post=715145"},{"taxonomy":"post_tag","embeddable":true,"href":"https:\/\/www.estrategiaconcursos.com.br\/blog\/wp-json\/wp\/v2\/tags?post=715145"},{"taxonomy":"tax_estado","embeddable":true,"href":"https:\/\/www.estrategiaconcursos.com.br\/blog\/wp-json\/wp\/v2\/tax_estado?post=715145"}],"curies":[{"name":"wp","href":"https:\/\/api.w.org\/{rel}","templated":true}]}}