{"id":714911,"date":"2021-04-15T16:50:08","date_gmt":"2021-04-15T19:50:08","guid":{"rendered":"https:\/\/www.estrategiaconcursos.com.br\/blog\/?p=714911"},"modified":"2021-04-15T17:18:55","modified_gmt":"2021-04-15T20:18:55","slug":"sesau-rr-carreiras","status":"publish","type":"post","link":"https:\/\/www.estrategiaconcursos.com.br\/blog\/sesau-rr-carreiras\/","title":{"rendered":"Sesau RR: sancionado novo plano de cargos e carreiras"},"content":{"rendered":"\n<p>Um novo Plano de Cargos, Carreiras e Remunera\u00e7\u00f5es (PCCR) da Secretaria de Estado da Sa\u00fade de Roraima (SESAU RR) foi aprovado e sancionado pelo governador Antonio Denarium.<\/p>\n\n\n\n<p>O PCCR de que trata esta Lei tem por objetivo prover os \u00f3rg\u00e3os da \u00e1rea de sa\u00fade, com estrutura de cargos e carreiras organizados, mediante: <\/p>\n\n\n\n<p><strong>I &#8211;<\/strong> ado\u00e7\u00e3o da educa\u00e7\u00e3o continuada na forma\u00e7\u00e3o em servi\u00e7o dos servidores profissionais e trabalhadores de sa\u00fade do SUS; <br \/><strong>II &#8211;<\/strong> reconhecimento e valoriza\u00e7\u00e3o dos servidores p\u00fablicos, atrav\u00e9s de crit\u00e9rios que lhes proporcionem igualdade de oportunidades profissionais, garantindo a qualidade dos servi\u00e7os \u00e0 popula\u00e7\u00e3o.<\/p>\n\n\n\n<h3 class=\"wp-block-heading\" id=\"h-confira-abaixo-os-principais-pontos-da-nova-lei-de-carreiras-do-concurso-sesau-rr\">Confira abaixo os principais pontos da nova lei de carreiras do concurso SESAU RR:<\/h3>\n\n\n\n<h4 class=\"wp-block-heading\" id=\"h-carga-hor-ria-dos-cargos\">Carga hor\u00e1ria dos cargos: <\/h4>\n\n\n\n<p><strong>I &#8211;<\/strong> 20 (vinte) horas semanais para: M\u00e9dico Generalista (20h) e M\u00e9dico Especialista (20h), e Cirurgi\u00e3o-Dentista Generalista e Cirurgi\u00e3o-Dentista Especialista;<br \/><strong>II &#8211;<\/strong> 24 (vinte e quatro) horas semanais para: Tecn\u00f3logo em Radiologia e T\u00e9cnico em Radiologia;<br \/><strong>III &#8211;<\/strong> 30 (trinta) horas semanais para: M\u00e9dico Generalista (30h) e M\u00e9dico Especialista (30h), Assistente Social, Bi\u00f3logo, Biom\u00e9dico, Bioqu\u00edmico, Educador F\u00edsico, Enfermeiro, Farmac\u00eautico, Fisioterapeuta, F\u00edsico Especialista em Radiodiagn\u00f3stico, Fonoaudi\u00f3logo, Nutricionista, Psic\u00f3logo, Sanitarista, Terapeuta Ocupacional, T\u00e9cnico em Enfermagem, T\u00e9cnico em Laborat\u00f3rio e Analises Cl\u00ednicas, T\u00e9cnico em Pr\u00f3tese Dent\u00e1ria, T\u00e9cnico em Sa\u00fade Bucal, T\u00e9cnico em Nutri\u00e7\u00e3o, T\u00e9cnico em Histologia, T\u00e9cnico em Citologia, Auxiliar de Enfermagem (cargo em extin\u00e7\u00e3o), Auxiliar de Pr\u00f3tese Dent\u00e1ria, Auxiliar de Sa\u00fade Bucal, Auxiliar de Anatomia e Necropsia e Auxiliar de Servi\u00e7os de Sa\u00fade;<br \/><strong>IV<\/strong> &#8211; 40 (quarenta) horas semanais para: M\u00e9dico Generalista (40h) e M\u00e9dico Especialista (40h), cargos em extin\u00e7\u00e3o.<\/p>\n\n\n\n<p>Al\u00e9m disso, fica institu\u00eddo o regime de <strong>30 horas semanais<\/strong> para os profissionais m\u00e9dicos Generalistas e Especialistas.<\/p>\n\n\n\n<h3 class=\"wp-block-heading\" id=\"h-carreiras-da-sesau-rr\">Carreiras da SESAU RR:<\/h3>\n\n\n\n<p class=\"has-medium-font-size\"><strong>Tabela I<\/strong><\/p>\n\n\n\n<ul class=\"wp-block-list\"><li><strong>Assistente Social<\/strong> &#8211; 139 vagas &#8211; R$ 4.479,15 (inicial) a R$ 7.854,22 (final)<\/li><li><strong>Bi\u00f3logo<\/strong> &#8211; 28 vagas &#8211; R$ 4.479,15 (inicial) a R$ 7.854,22 (final) <\/li><li><strong>Biom\u00e9dico<\/strong> &#8211; 34 vagas &#8211; R$ 4.479,15 (inicial) a R$ 7.854,22 (final)<\/li><li><strong>Bioqu\u00edmico<\/strong> &#8211; 182 vagas &#8211; R$ 4.479,15 (inicial) a R$ 7.854,22 (final)<\/li><li><strong>Cirurgi\u00e3o-Dentista Generalista<\/strong> &#8211; 130 vagas &#8211; R$ 4.479,15 (inicial) a R$ 7.854,22 (final)<\/li><li><strong>Cirurgi\u00e3o-Dentista &#8211; Especialista em Cirurgia e Traumatologia Buco-Maxilo-Facial<\/strong> &#8211; 9 vagas &#8211; R$ 4.479,15 (inicial) a R$ 7.854,22 (final)<\/li><li><strong>Cirurgi\u00e3o-Dentista &#8211; Especialista em Dent\u00edstica<\/strong> &#8211; 3 -R$ 4.479,15 (inicial) a R$ 7.854,22 (final)<\/li><li><strong>Cirurgi\u00e3o-Dentista &#8211; Especialista em Odontologia para Pacientes com Necessidades Especiais<\/strong> &#8211; 3 vagas &#8211; R$ 4.479,15 (inicial) a R$ 7.854,22 (final)<\/li><li><strong>Cirurgi\u00e3o-Dentista &#8211; Especialista em Endodontia<\/strong> &#8211; 6 vagas &#8211; R$ 4.479,15 (inicial) a R$ 7.854,22 (final)<\/li><li><strong>Cirurgi\u00e3o-Dentista &#8211; Especialista em Odontopediatria<\/strong> &#8211; 3 vagas &#8211; R$ 4.479,15 (inicial) a R$ 7.854,22 (final)<\/li><li><strong>Cirurgi\u00e3o-Dentista &#8211; Especialista em Pr\u00f3tese Dent\u00e1ria<\/strong> &#8211; 5 vagas &#8211; R$ 4.479,15 (inicial) a R$ 7.854,22 (final)<\/li><li><strong>Cirurgi\u00e3o-Dentista &#8211; Especialista em Odontogeriatria<\/strong> &#8211; 3 vagas &#8211; R$ 4.479,15 (inicial) a R$ 7.854,22 (final)<\/li><li><strong>Cirurgi\u00e3o-Dentista &#8211; Especialista em Odontologia do Trabalho<\/strong> &#8211; 3 vagas &#8211; R$ 4.479,15 (inicial) a R$ 7.854,22 (final)<\/li><li><strong>Cirurgi\u00e3o-Dentista &#8211; Especialista em Disfun\u00e7\u00e3o Temporomandibular e Dor Orofacial<\/strong> &#8211; 3 vagas &#8211; R$ 4.479,15 (inicial) a R$ 7.854,22 (final)<\/li><li><strong>Cirurgi\u00e3o-Dentista &#8211; Especialista em Patologia Bucal<\/strong> &#8211; 3 vagas &#8211; R$ 4.479,15 (inicial) a R$ 7.854,22 (final)<\/li><li><strong>Cirurgi\u00e3o-Dentista &#8211; Especialista em Periodontia<\/strong> &#8211; 4 vagas &#8211; R$ 4.479,15 (inicial) a R$ 7.854,22 (final)<\/li><li><strong>Cirurgi\u00e3o-Dentista &#8211; Especialista em Ortodontia<\/strong> &#8211; 3 vagas &#8211; R$ 4.479,15 (inicial) a R$ 7.854,22 (final)<\/li><li><strong>Cirurgi\u00e3o-Dentista &#8211; Especialista em Estomatologia<\/strong> &#8211; 4 vagas- R$ 4.479,15 (inicial) a R$ 7.854,22 (final)<\/li><li><strong>Cirurgi\u00e3o-Dentista &#8211; Especialista em Radiologia Odontol\u00f3gica e Imaginologia<\/strong> &#8211; 4 vagas &#8211; R$ 4.479,15 (inicial) a R$ 7.854,22 (final)<\/li><li><strong>Cirurgi\u00e3o-Dentista &#8211; Especialista Ortopedia Funcional Maxilar<\/strong> &#8211; 3 vagas &#8211; R$ 4.479,15 (inicial) a R$ 7.854,22 (final)<\/li><li><strong>Cirurgi\u00e3o-Dentista &#8211; Especialista em Sa\u00fade Coletiva e da Fam\u00edlia<\/strong> &#8211; 5 vagas &#8211; R$ 4.479,15 (inicial) a R$ 7.854,22 (final)<\/li><li><strong>Educador F\u00edsico<\/strong> &#8211; 8 vagas &#8211; R$ 4.479,15 (inicial) a R$ 7.854,22 (final)<\/li><li><strong>Enfermeiro<\/strong> &#8211; 760 vagas &#8211; R$ 4.479,15 (inicial) a R$ 7.854,22 (final)<\/li><li><strong>Farmac\u00eautico<\/strong> &#8211; 153 vagas &#8211; R$ 4.479,15 (inicial) a R$ 7.854,22 (final)<\/li><li><strong>Fisioterapeuta<\/strong> &#8211; 164 vagas &#8211; R$ 4.479,15 (inicial) a R$ 7.854,22 (final)<\/li><li><strong>F\u00edsico Especialista em R\u00e1dio Diagn\u00f3stico<\/strong> &#8211; 2 vagas &#8211; R$ 4.479,15 (inicial) a R$ 7.854,22 (final)<\/li><li><strong>Fonoaudi\u00f3logo<\/strong> &#8211; 73 vagas &#8211; R$ 4.479,15 (inicial) a R$ 7.854,22 (final)<\/li><li><strong>M\u00e9dico Generalista<\/strong> (20h) &#8211; 73 vagas &#8211; R$ 7.479,15 (inicial) a R$ 15.203,57 (final)<\/li><li><strong>M\u00e9dico Generalista<\/strong> (30h) &#8211; 60 vagas &#8211; R$ 11.612,71 (inicial) a R$ 23.606,24 (final)<\/li><li><strong>M\u00e9dico Especialista<\/strong> (20h) &#8211; 27 vagas &#8211; R$ 8.070,38 (inicial) a R$ 16.405,42 (final)<\/li><li><strong>M\u00e9dico Especialista<\/strong> (30h) &#8211; 41 vagas &#8211; R$ 12.375,21 (inicial) a R$ 25.156,25 (final)<\/li><li><strong>Nutricionista<\/strong> &#8211; 78 vagas &#8211; R$ 4.479,15 (inicial) a R$ 7.854,22 (final)<\/li><li><strong>Psic\u00f3logo<\/strong> &#8211; 118 vagas &#8211; R$ 4.479,15 (inicial) a R$ 7.854,22 (final)<\/li><li><strong>Sanitarista<\/strong> &#8211; 9 vagas &#8211; R$ 4.479,15 (inicial) a R$ 7.854,22 (final)<\/li><li><strong>Tecn\u00f3logo em Radiologia<\/strong> &#8211; 7 vagas &#8211; R$ 4.280,26 (inicial) a R$ 8.700,89 (final)<\/li><li><strong>Terapeuta Ocupacional<\/strong> &#8211; 28 vagas &#8211; R$ 4.479,15 (inicial) a R$ 7.854,22 (final)<\/li><\/ul>\n\n\n\n<p class=\"has-medium-font-size\"><strong>Tabela II<\/strong><\/p>\n\n\n\n<ul class=\"wp-block-list\"><li><strong>Auxiliar de Enfermagem<\/strong> &#8211; 900 vagas<\/li><li><strong>Auxiliar de Pr\u00f3tese Dent\u00e1ria<\/strong> &#8211; 3 vagas &#8211; R$ 2.302,24 (inicial) a R$ 4.679,98 (final)<\/li><li><strong>Auxiliar de Sa\u00fade Bucal<\/strong> &#8211; 62 vagas &#8211; R$ 2.302,24 (inicial) a R$ 4.679,98 (final)<\/li><li><strong>Auxiliar em Anatomia e Necropsia<\/strong> &#8211; 6 vagas &#8211; R$ 2.302,24 (inicial) a R$ 4.679,98 (final)<\/li><li><strong>T\u00e9cnico em Enfermagem<\/strong> &#8211; 2.078 vagas &#8211; R$ 2.393,96 (inicial) a R$ 4.866,43 (final)<\/li><li><strong>T\u00e9cnico em Laborat\u00f3rio e An\u00e1lise Cl\u00ednica<\/strong> &#8211; 264 vagas &#8211; R$ 2.393,96 (inicial) a R$ 4.866,43 (final)<\/li><li><strong>T\u00e9cnico em Radiologia<\/strong> &#8211; 144 vagas &#8211; R$ 2.393,96 (inicial) a R$ 4.866,43 (final)<\/li><li><strong>T\u00e9cnico em Sa\u00fade Bucal<\/strong> &#8211; 40 vagas &#8211; R$ 2.393,96 (inicial) a R$ 4.866,43 (final)<\/li><li><strong>T\u00e9cnico em Pr\u00f3tese Dent\u00e1ria<\/strong> &#8211; 2 vagas &#8211; R$ 2.393,96 (inicial) a R$ 4.866,43 (final)<\/li><li><strong>T\u00e9cnico em Nutri\u00e7\u00e3o<\/strong> &#8211; 39 vagas &#8211; R$ 2.393,96 (inicial) a R$ 4.866,43 (final)<\/li><li><strong>T\u00e9cnico em Citologia<\/strong> &#8211; 5 vagas &#8211; R$ 2.393,96 (inicial) a R$ 4.866,43 (final)<\/li><li><strong>T\u00e9cnico em Histologia<\/strong> &#8211; 5 vagas &#8211; R$ 2.393,96 (inicial) a R$ 4.866,43 (final)<\/li><\/ul>\n\n\n\n<p class=\"has-medium-font-size\"><strong>Tabela III<\/strong><\/p>\n\n\n\n<ul class=\"wp-block-list\"><li><strong>Auxiliar de Servi\u00e7os de Sa\u00fade<\/strong> &#8211; 529 vagas &#8211; R$ 1.296,17 (inicial) a R$ 2.634,85 (final)<\/li><\/ul>\n\n\n\n<p class=\"has-medium-font-size\"><strong>Tabela IV<\/strong> <strong>&#8211; cargos em extin\u00e7\u00e3o<\/strong><\/p>\n\n\n\n<ul class=\"wp-block-list\"><li><strong>Auxiliar de Enfermagem <\/strong><\/li><\/ul>\n\n\n\n<p class=\"has-medium-font-size\"><strong>Tabela V<\/strong> <strong>&#8211; cargos em extin\u00e7\u00e3o<\/strong><\/p>\n\n\n\n<ul class=\"wp-block-list\"><li><strong>M\u00e9dico (40h)<\/strong><\/li><li><strong>M\u00e9dico Especialista (40h)<\/strong><\/li><\/ul>\n\n\n\n<p>A Secretaria de Estado de Sa\u00fade de Roraima oferta cargos de todos os n\u00edveis de escolaridade (fundamental, m\u00e9dio e superior).<\/p>\n\n\n\n<p>Para ficar ciente de todos os detalhes do novo Plano de Cargos, Carreiras e Remunera\u00e7\u00f5es (PCCR) da Secretaria de Estado da Sa\u00fade de Roraima (SESAU RR), clique <strong><a href=\"https:\/\/dhg1h5j42swfq.cloudfront.net\/2021\/04\/15162720\/diario-ale-rr-ed-3434-14-04-2021.pdf\" target=\"_blank\" rel=\"noreferrer noopener\">AQUI<\/a><\/strong>!<\/p>\n\n\n\n<p class=\"has-text-align-center has-luminous-vivid-amber-background-color has-background\" style=\"font-size:clamp(15.197px, 0.95rem + ((1vw - 3.2px) * 0.765), 23px);px\"><strong>Saiba mais: <a href=\"https:\/\/www.estrategiaconcursos.com.br\/blog\/concurso-sesau-rr\/\" target=\"_blank\" rel=\"noreferrer noopener\">concurso Secretaria de Estado da Sa\u00fade de Roraima<\/a><\/strong><\/p>\n\n\n\n<h3 class=\"has-text-align-center wp-block-heading\" id=\"cursos-e-assinaturas\"> Quer estudar para as carreiras do concurso SESAU RR?<\/h3>\n\n\n\n<div class=\"container\" id=\"boxes\">\n  <div class=\"row\">\n\n    <div class=\"col-sm\">\n      <div class=\"estrategia\" id=\"box-assinatura\">\n        <h3 class=\"titulo-assinatura\">Assinatura de Concursos<\/h3>\n        <p class=\"subtitulo-assinatura\">Assinatura de 1 ano ou 2 anos<\/p>\n        <div class=\"box-botao\">\n          <a class=\"btn-assinatura\" target=\"_blank\" href=\"https:\/\/www.estrategiaconcursos.com.br\/assinaturas\/\" role=\"button\" rel=\"noopener noreferrer\">ASSINE AGORA<\/a>\n        <\/div>\n      <\/div>\n     \n    <\/div>\n\n    <div class=\"col-sm\">\n      <div class=\"questoes\" id=\"box-assinatura\">\n        <h3 class=\"titulo-assinatura\">Sistema de Quest\u00f5es<\/h3>\n        <p class=\"subtitulo-assinatura\">Assinatura de 1 ano ou 2 anos\n<\/p>\n        <div class=\"box-botao\">\n          <a class=\"btn-assinatura\" target=\"_blank\" href=\"https:\/\/questoes.estrategiaconcursos.com.br\/\" role=\"button\" rel=\"noopener noreferrer\">ASSINE AGORA<\/a>\n        <\/div>\n      <\/div>\n    \n    <\/div>\n  <\/div>\n<\/div>\n\n\n\n<div class=\"container\" id=\"boxes\">\n  <div class=\"row\">\n\n    <div class=\"col-sm\" id=\"boxes-concursos\">\n      <div style=\"background-color: #005DAD;\" class=\"conteudo-concursos\" id=\"box-concursos\">\n        <h3 class=\"titulo-assinatura\">Concursos Abertos<\/h3>\n        <p class=\"subtitulo-assinatura\">mais de 15 mil vagas<\/p>\n        <div class=\"box-botao\">\n          <a class=\"btn-assinatura\" target=\"_blank\" href=\"https:\/\/www.estrategiaconcursos.com.br\/blog\/concursos-abertos\/\" role=\"button\" rel=\"noopener noreferrer\">Conhe\u00e7a Agora<\/a>\n        <\/div>\n      <\/div>\n    <\/div>\n\n    <div class=\"col-sm\" id=\"boxes-concursos\">\n      <div style=\"background-color: #419FF0;\" class=\"conteudo-concursos\" id=\"box-concursos\">\n        <h3 class=\"titulo-assinatura\">Concursos 2021<\/h3>\n        <p class=\"subtitulo-assinatura\">mais de 17 mil vagas<\/p>\n        <div class=\"box-botao\">\n          <a class=\"btn-assinatura\" target=\"_blank\" href=\"https:\/\/www.estrategiaconcursos.com.br\/blog\/concursos-2021\/\" role=\"button\" rel=\"noopener noreferrer\">Conhe\u00e7a Agora<\/a>\n        <\/div>\n      <\/div>\n    <\/div>\n\n  <\/div>\n<\/div>\n","protected":false},"excerpt":{"rendered":"<p>Um novo Plano de Cargos, Carreiras e Remunera\u00e7\u00f5es (PCCR) da Secretaria de Estado da Sa\u00fade de Roraima (SESAU RR) foi aprovado e sancionado pelo governador Antonio Denarium. O PCCR de que trata esta Lei tem por objetivo prover os \u00f3rg\u00e3os da \u00e1rea de sa\u00fade, com estrutura de cargos e carreiras organizados, mediante: I &#8211; ado\u00e7\u00e3o [&hellip;]<\/p>\n","protected":false},"author":1,"featured_media":715114,"comment_status":"open","ping_status":"closed","sticky":false,"template":"","format":"standard","meta":{"post_tipo":"news","footnotes":""},"categories":[1981],"tags":[],"tax_estado":[219985],"class_list":["post-714911","post","type-post","status-publish","format-standard","has-post-thumbnail","hentry","category-saude","tax_estado-rr"],"acf":[],"yoast_head":"<!-- This site is optimized with the Yoast SEO Premium plugin v27.2 (Yoast SEO v27.2) - https:\/\/yoast.com\/product\/yoast-seo-premium-wordpress\/ -->\n<title>Sesau RR: sancionado novo plano de cargos e carreiras<\/title>\n<meta name=\"description\" content=\"Um novo Plano de Cargos, Carreiras e Remunera\u00e7\u00f5es (PCCR) da Secretaria de Estado da Sa\u00fade de Roraima (SESAU RR) foi aprovado. Confira!\" \/>\n<meta name=\"robots\" content=\"index, follow, max-snippet:-1, max-image-preview:large, max-video-preview:-1\" \/>\n<link rel=\"canonical\" href=\"https:\/\/www.estrategiaconcursos.com.br\/blog\/sesau-rr-carreiras\/\" \/>\n<meta property=\"og:locale\" content=\"pt_BR\" \/>\n<meta property=\"og:type\" content=\"article\" \/>\n<meta property=\"og:title\" content=\"Sesau RR: sancionado novo plano de cargos e carreiras\" \/>\n<meta property=\"og:description\" content=\"Um novo Plano de Cargos, Carreiras e Remunera\u00e7\u00f5es (PCCR) da Secretaria de Estado da Sa\u00fade de Roraima (SESAU RR) foi aprovado. Confira!\" \/>\n<meta property=\"og:url\" content=\"https:\/\/www.estrategiaconcursos.com.br\/blog\/sesau-rr-carreiras\/\" \/>\n<meta property=\"og:site_name\" content=\"Estrat\u00e9gia Concursos\" \/>\n<meta property=\"article:author\" content=\"https:\/\/www.facebook.com\/EstrategiaConcursos\" \/>\n<meta property=\"article:published_time\" content=\"2021-04-15T19:50:08+00:00\" \/>\n<meta property=\"article:modified_time\" content=\"2021-04-15T20:18:55+00:00\" \/>\n<meta property=\"og:image\" content=\"https:\/\/dhg1h5j42swfq.cloudfront.net\/2021\/04\/15164945\/download.jpg\" \/>\n\t<meta property=\"og:image:width\" content=\"278\" \/>\n\t<meta property=\"og:image:height\" content=\"181\" \/>\n\t<meta property=\"og:image:type\" content=\"image\/jpeg\" \/>\n<meta name=\"author\" content=\"Coordena\u00e7\u00e3o\" \/>\n<meta name=\"twitter:card\" content=\"summary_large_image\" \/>\n<meta name=\"twitter:creator\" content=\"@EstratConcursos\" \/>\n<meta name=\"twitter:site\" content=\"@EstratConcursos\" \/>\n<meta name=\"twitter:label1\" content=\"Escrito por\" \/>\n\t<meta name=\"twitter:data1\" content=\"Coordena\u00e7\u00e3o\" \/>\n\t<meta name=\"twitter:label2\" content=\"Est. tempo de leitura\" \/>\n\t<meta name=\"twitter:data2\" content=\"5 minutos\" \/>\n<script type=\"application\/ld+json\" class=\"yoast-schema-graph\">{\"@context\":\"https:\/\/schema.org\",\"@graph\":[{\"@type\":\"NewsArticle\",\"@id\":\"https:\/\/www.estrategiaconcursos.com.br\/blog\/sesau-rr-carreiras\/#article\",\"isPartOf\":{\"@id\":\"https:\/\/www.estrategiaconcursos.com.br\/blog\/sesau-rr-carreiras\/\"},\"author\":{\"name\":\"Coordena\u00e7\u00e3o\",\"@id\":\"https:\/\/www.estrategiaconcursos.com.br\/blog\/#\/schema\/person\/b4a388c97673c5f483d72185668afa1f\"},\"headline\":\"Sesau RR: sancionado novo plano de cargos e carreiras\",\"datePublished\":\"2021-04-15T19:50:08+00:00\",\"dateModified\":\"2021-04-15T20:18:55+00:00\",\"mainEntityOfPage\":{\"@id\":\"https:\/\/www.estrategiaconcursos.com.br\/blog\/sesau-rr-carreiras\/\"},\"wordCount\":1109,\"commentCount\":0,\"publisher\":{\"@id\":\"https:\/\/www.estrategiaconcursos.com.br\/blog\/#organization\"},\"image\":{\"@id\":\"https:\/\/www.estrategiaconcursos.com.br\/blog\/sesau-rr-carreiras\/#primaryimage\"},\"thumbnailUrl\":\"https:\/\/dhg1h5j42swfq.cloudfront.net\/2021\/04\/15164945\/download.jpg\",\"articleSection\":[\"Sa\u00fade\"],\"inLanguage\":\"pt-BR\",\"potentialAction\":[{\"@type\":\"CommentAction\",\"name\":\"Comment\",\"target\":[\"https:\/\/www.estrategiaconcursos.com.br\/blog\/sesau-rr-carreiras\/#respond\"]}],\"copyrightYear\":\"2021\",\"copyrightHolder\":{\"@id\":\"https:\/\/www.estrategiaconcursos.com.br\/blog\/#organization\"}},{\"@type\":\"WebPage\",\"@id\":\"https:\/\/www.estrategiaconcursos.com.br\/blog\/sesau-rr-carreiras\/\",\"url\":\"https:\/\/www.estrategiaconcursos.com.br\/blog\/sesau-rr-carreiras\/\",\"name\":\"Sesau RR: sancionado novo plano de cargos e carreiras\",\"isPartOf\":{\"@id\":\"https:\/\/www.estrategiaconcursos.com.br\/blog\/#website\"},\"primaryImageOfPage\":{\"@id\":\"https:\/\/www.estrategiaconcursos.com.br\/blog\/sesau-rr-carreiras\/#primaryimage\"},\"image\":{\"@id\":\"https:\/\/www.estrategiaconcursos.com.br\/blog\/sesau-rr-carreiras\/#primaryimage\"},\"thumbnailUrl\":\"https:\/\/dhg1h5j42swfq.cloudfront.net\/2021\/04\/15164945\/download.jpg\",\"datePublished\":\"2021-04-15T19:50:08+00:00\",\"dateModified\":\"2021-04-15T20:18:55+00:00\",\"description\":\"Um novo Plano de Cargos, Carreiras e Remunera\u00e7\u00f5es (PCCR) da Secretaria de Estado da Sa\u00fade de Roraima (SESAU RR) foi aprovado. Confira!\",\"breadcrumb\":{\"@id\":\"https:\/\/www.estrategiaconcursos.com.br\/blog\/sesau-rr-carreiras\/#breadcrumb\"},\"inLanguage\":\"pt-BR\",\"potentialAction\":[{\"@type\":\"ReadAction\",\"target\":[\"https:\/\/www.estrategiaconcursos.com.br\/blog\/sesau-rr-carreiras\/\"]}]},{\"@type\":\"ImageObject\",\"inLanguage\":\"pt-BR\",\"@id\":\"https:\/\/www.estrategiaconcursos.com.br\/blog\/sesau-rr-carreiras\/#primaryimage\",\"url\":\"https:\/\/dhg1h5j42swfq.cloudfront.net\/2021\/04\/15164945\/download.jpg\",\"contentUrl\":\"https:\/\/dhg1h5j42swfq.cloudfront.net\/2021\/04\/15164945\/download.jpg\",\"width\":278,\"height\":181},{\"@type\":\"BreadcrumbList\",\"@id\":\"https:\/\/www.estrategiaconcursos.com.br\/blog\/sesau-rr-carreiras\/#breadcrumb\",\"itemListElement\":[{\"@type\":\"ListItem\",\"position\":1,\"name\":\"In\u00edcio\",\"item\":\"https:\/\/www.estrategiaconcursos.com.br\/blog\/\"},{\"@type\":\"ListItem\",\"position\":2,\"name\":\"Sesau RR: sancionado novo plano de cargos e carreiras\"}]},{\"@type\":\"WebSite\",\"@id\":\"https:\/\/www.estrategiaconcursos.com.br\/blog\/#website\",\"url\":\"https:\/\/www.estrategiaconcursos.com.br\/blog\/\",\"name\":\"Estrat\u00e9gia Concursos\",\"description\":\"O blog da Estrat\u00e9gia Concursos traz not\u00edcias sobre concursos e artigos de professores oferecendo cursos para concursos (pdf + videaulas) no site.\",\"publisher\":{\"@id\":\"https:\/\/www.estrategiaconcursos.com.br\/blog\/#organization\"},\"potentialAction\":[{\"@type\":\"SearchAction\",\"target\":{\"@type\":\"EntryPoint\",\"urlTemplate\":\"https:\/\/www.estrategiaconcursos.com.br\/blog\/?s={search_term_string}\"},\"query-input\":{\"@type\":\"PropertyValueSpecification\",\"valueRequired\":true,\"valueName\":\"search_term_string\"}}],\"inLanguage\":\"pt-BR\"},{\"@type\":\"Organization\",\"@id\":\"https:\/\/www.estrategiaconcursos.com.br\/blog\/#organization\",\"name\":\"Estrat\u00e9gia Concursos\",\"url\":\"https:\/\/www.estrategiaconcursos.com.br\/blog\/\",\"logo\":{\"@type\":\"ImageObject\",\"inLanguage\":\"pt-BR\",\"@id\":\"https:\/\/www.estrategiaconcursos.com.br\/blog\/#\/schema\/logo\/image\/\",\"url\":\"https:\/\/dhg1h5j42swfq.cloudfront.net\/2025\/06\/03203428\/logo_concursos-1.jpg\",\"contentUrl\":\"https:\/\/dhg1h5j42swfq.cloudfront.net\/2025\/06\/03203428\/logo_concursos-1.jpg\",\"width\":230,\"height\":60,\"caption\":\"Estrat\u00e9gia Concursos\"},\"image\":{\"@id\":\"https:\/\/www.estrategiaconcursos.com.br\/blog\/#\/schema\/logo\/image\/\"},\"sameAs\":[\"https:\/\/x.com\/EstratConcursos\"]},{\"@type\":\"Person\",\"@id\":\"https:\/\/www.estrategiaconcursos.com.br\/blog\/#\/schema\/person\/b4a388c97673c5f483d72185668afa1f\",\"name\":\"Coordena\u00e7\u00e3o\",\"image\":{\"@type\":\"ImageObject\",\"inLanguage\":\"pt-BR\",\"@id\":\"https:\/\/secure.gravatar.com\/avatar\/b720319e4c9a967eb58678d110f4fe35452fc5d5f97b202bac7b8acceb18c6ad?s=96&d=mm&r=g\",\"url\":\"https:\/\/secure.gravatar.com\/avatar\/b720319e4c9a967eb58678d110f4fe35452fc5d5f97b202bac7b8acceb18c6ad?s=96&d=mm&r=g\",\"contentUrl\":\"https:\/\/secure.gravatar.com\/avatar\/b720319e4c9a967eb58678d110f4fe35452fc5d5f97b202bac7b8acceb18c6ad?s=96&d=mm&r=g\",\"caption\":\"Coordena\u00e7\u00e3o\"},\"sameAs\":[\"https:\/\/www.facebook.com\/EstrategiaConcursos\",\"https:\/\/x.com\/EstratConcursos\"],\"url\":\"https:\/\/www.estrategiaconcursos.com.br\/blog\/author\/estrategia2013\/\"}]}<\/script>\n<!-- \/ Yoast SEO Premium plugin. -->","yoast_head_json":{"title":"Sesau RR: sancionado novo plano de cargos e carreiras","description":"Um novo Plano de Cargos, Carreiras e Remunera\u00e7\u00f5es (PCCR) da Secretaria de Estado da Sa\u00fade de Roraima (SESAU RR) foi aprovado. Confira!","robots":{"index":"index","follow":"follow","max-snippet":"max-snippet:-1","max-image-preview":"max-image-preview:large","max-video-preview":"max-video-preview:-1"},"canonical":"https:\/\/www.estrategiaconcursos.com.br\/blog\/sesau-rr-carreiras\/","og_locale":"pt_BR","og_type":"article","og_title":"Sesau RR: sancionado novo plano de cargos e carreiras","og_description":"Um novo Plano de Cargos, Carreiras e Remunera\u00e7\u00f5es (PCCR) da Secretaria de Estado da Sa\u00fade de Roraima (SESAU RR) foi aprovado. Confira!","og_url":"https:\/\/www.estrategiaconcursos.com.br\/blog\/sesau-rr-carreiras\/","og_site_name":"Estrat\u00e9gia Concursos","article_author":"https:\/\/www.facebook.com\/EstrategiaConcursos","article_published_time":"2021-04-15T19:50:08+00:00","article_modified_time":"2021-04-15T20:18:55+00:00","og_image":[{"width":278,"height":181,"url":"https:\/\/dhg1h5j42swfq.cloudfront.net\/2021\/04\/15164945\/download.jpg","type":"image\/jpeg"}],"author":"Coordena\u00e7\u00e3o","twitter_card":"summary_large_image","twitter_creator":"@EstratConcursos","twitter_site":"@EstratConcursos","twitter_misc":{"Escrito por":"Coordena\u00e7\u00e3o","Est. tempo de leitura":"5 minutos"},"schema":{"@context":"https:\/\/schema.org","@graph":[{"@type":"NewsArticle","@id":"https:\/\/www.estrategiaconcursos.com.br\/blog\/sesau-rr-carreiras\/#article","isPartOf":{"@id":"https:\/\/www.estrategiaconcursos.com.br\/blog\/sesau-rr-carreiras\/"},"author":{"name":"Coordena\u00e7\u00e3o","@id":"https:\/\/www.estrategiaconcursos.com.br\/blog\/#\/schema\/person\/b4a388c97673c5f483d72185668afa1f"},"headline":"Sesau RR: sancionado novo plano de cargos e carreiras","datePublished":"2021-04-15T19:50:08+00:00","dateModified":"2021-04-15T20:18:55+00:00","mainEntityOfPage":{"@id":"https:\/\/www.estrategiaconcursos.com.br\/blog\/sesau-rr-carreiras\/"},"wordCount":1109,"commentCount":0,"publisher":{"@id":"https:\/\/www.estrategiaconcursos.com.br\/blog\/#organization"},"image":{"@id":"https:\/\/www.estrategiaconcursos.com.br\/blog\/sesau-rr-carreiras\/#primaryimage"},"thumbnailUrl":"https:\/\/dhg1h5j42swfq.cloudfront.net\/2021\/04\/15164945\/download.jpg","articleSection":["Sa\u00fade"],"inLanguage":"pt-BR","potentialAction":[{"@type":"CommentAction","name":"Comment","target":["https:\/\/www.estrategiaconcursos.com.br\/blog\/sesau-rr-carreiras\/#respond"]}],"copyrightYear":"2021","copyrightHolder":{"@id":"https:\/\/www.estrategiaconcursos.com.br\/blog\/#organization"}},{"@type":"WebPage","@id":"https:\/\/www.estrategiaconcursos.com.br\/blog\/sesau-rr-carreiras\/","url":"https:\/\/www.estrategiaconcursos.com.br\/blog\/sesau-rr-carreiras\/","name":"Sesau RR: sancionado novo plano de cargos e carreiras","isPartOf":{"@id":"https:\/\/www.estrategiaconcursos.com.br\/blog\/#website"},"primaryImageOfPage":{"@id":"https:\/\/www.estrategiaconcursos.com.br\/blog\/sesau-rr-carreiras\/#primaryimage"},"image":{"@id":"https:\/\/www.estrategiaconcursos.com.br\/blog\/sesau-rr-carreiras\/#primaryimage"},"thumbnailUrl":"https:\/\/dhg1h5j42swfq.cloudfront.net\/2021\/04\/15164945\/download.jpg","datePublished":"2021-04-15T19:50:08+00:00","dateModified":"2021-04-15T20:18:55+00:00","description":"Um novo Plano de Cargos, Carreiras e Remunera\u00e7\u00f5es (PCCR) da Secretaria de Estado da Sa\u00fade de Roraima (SESAU RR) foi aprovado. Confira!","breadcrumb":{"@id":"https:\/\/www.estrategiaconcursos.com.br\/blog\/sesau-rr-carreiras\/#breadcrumb"},"inLanguage":"pt-BR","potentialAction":[{"@type":"ReadAction","target":["https:\/\/www.estrategiaconcursos.com.br\/blog\/sesau-rr-carreiras\/"]}]},{"@type":"ImageObject","inLanguage":"pt-BR","@id":"https:\/\/www.estrategiaconcursos.com.br\/blog\/sesau-rr-carreiras\/#primaryimage","url":"https:\/\/dhg1h5j42swfq.cloudfront.net\/2021\/04\/15164945\/download.jpg","contentUrl":"https:\/\/dhg1h5j42swfq.cloudfront.net\/2021\/04\/15164945\/download.jpg","width":278,"height":181},{"@type":"BreadcrumbList","@id":"https:\/\/www.estrategiaconcursos.com.br\/blog\/sesau-rr-carreiras\/#breadcrumb","itemListElement":[{"@type":"ListItem","position":1,"name":"In\u00edcio","item":"https:\/\/www.estrategiaconcursos.com.br\/blog\/"},{"@type":"ListItem","position":2,"name":"Sesau RR: sancionado novo plano de cargos e carreiras"}]},{"@type":"WebSite","@id":"https:\/\/www.estrategiaconcursos.com.br\/blog\/#website","url":"https:\/\/www.estrategiaconcursos.com.br\/blog\/","name":"Estrat\u00e9gia Concursos","description":"O blog da Estrat\u00e9gia Concursos traz not\u00edcias sobre concursos e artigos de professores oferecendo cursos para concursos (pdf + videaulas) no site.","publisher":{"@id":"https:\/\/www.estrategiaconcursos.com.br\/blog\/#organization"},"potentialAction":[{"@type":"SearchAction","target":{"@type":"EntryPoint","urlTemplate":"https:\/\/www.estrategiaconcursos.com.br\/blog\/?s={search_term_string}"},"query-input":{"@type":"PropertyValueSpecification","valueRequired":true,"valueName":"search_term_string"}}],"inLanguage":"pt-BR"},{"@type":"Organization","@id":"https:\/\/www.estrategiaconcursos.com.br\/blog\/#organization","name":"Estrat\u00e9gia Concursos","url":"https:\/\/www.estrategiaconcursos.com.br\/blog\/","logo":{"@type":"ImageObject","inLanguage":"pt-BR","@id":"https:\/\/www.estrategiaconcursos.com.br\/blog\/#\/schema\/logo\/image\/","url":"https:\/\/dhg1h5j42swfq.cloudfront.net\/2025\/06\/03203428\/logo_concursos-1.jpg","contentUrl":"https:\/\/dhg1h5j42swfq.cloudfront.net\/2025\/06\/03203428\/logo_concursos-1.jpg","width":230,"height":60,"caption":"Estrat\u00e9gia Concursos"},"image":{"@id":"https:\/\/www.estrategiaconcursos.com.br\/blog\/#\/schema\/logo\/image\/"},"sameAs":["https:\/\/x.com\/EstratConcursos"]},{"@type":"Person","@id":"https:\/\/www.estrategiaconcursos.com.br\/blog\/#\/schema\/person\/b4a388c97673c5f483d72185668afa1f","name":"Coordena\u00e7\u00e3o","image":{"@type":"ImageObject","inLanguage":"pt-BR","@id":"https:\/\/secure.gravatar.com\/avatar\/b720319e4c9a967eb58678d110f4fe35452fc5d5f97b202bac7b8acceb18c6ad?s=96&d=mm&r=g","url":"https:\/\/secure.gravatar.com\/avatar\/b720319e4c9a967eb58678d110f4fe35452fc5d5f97b202bac7b8acceb18c6ad?s=96&d=mm&r=g","contentUrl":"https:\/\/secure.gravatar.com\/avatar\/b720319e4c9a967eb58678d110f4fe35452fc5d5f97b202bac7b8acceb18c6ad?s=96&d=mm&r=g","caption":"Coordena\u00e7\u00e3o"},"sameAs":["https:\/\/www.facebook.com\/EstrategiaConcursos","https:\/\/x.com\/EstratConcursos"],"url":"https:\/\/www.estrategiaconcursos.com.br\/blog\/author\/estrategia2013\/"}]}},"_links":{"self":[{"href":"https:\/\/www.estrategiaconcursos.com.br\/blog\/wp-json\/wp\/v2\/posts\/714911","targetHints":{"allow":["GET"]}}],"collection":[{"href":"https:\/\/www.estrategiaconcursos.com.br\/blog\/wp-json\/wp\/v2\/posts"}],"about":[{"href":"https:\/\/www.estrategiaconcursos.com.br\/blog\/wp-json\/wp\/v2\/types\/post"}],"author":[{"embeddable":true,"href":"https:\/\/www.estrategiaconcursos.com.br\/blog\/wp-json\/wp\/v2\/users\/1"}],"replies":[{"embeddable":true,"href":"https:\/\/www.estrategiaconcursos.com.br\/blog\/wp-json\/wp\/v2\/comments?post=714911"}],"version-history":[{"count":6,"href":"https:\/\/www.estrategiaconcursos.com.br\/blog\/wp-json\/wp\/v2\/posts\/714911\/revisions"}],"predecessor-version":[{"id":715144,"href":"https:\/\/www.estrategiaconcursos.com.br\/blog\/wp-json\/wp\/v2\/posts\/714911\/revisions\/715144"}],"wp:featuredmedia":[{"embeddable":true,"href":"https:\/\/www.estrategiaconcursos.com.br\/blog\/wp-json\/wp\/v2\/media\/715114"}],"wp:attachment":[{"href":"https:\/\/www.estrategiaconcursos.com.br\/blog\/wp-json\/wp\/v2\/media?parent=714911"}],"wp:term":[{"taxonomy":"category","embeddable":true,"href":"https:\/\/www.estrategiaconcursos.com.br\/blog\/wp-json\/wp\/v2\/categories?post=714911"},{"taxonomy":"post_tag","embeddable":true,"href":"https:\/\/www.estrategiaconcursos.com.br\/blog\/wp-json\/wp\/v2\/tags?post=714911"},{"taxonomy":"tax_estado","embeddable":true,"href":"https:\/\/www.estrategiaconcursos.com.br\/blog\/wp-json\/wp\/v2\/tax_estado?post=714911"}],"curies":[{"name":"wp","href":"https:\/\/api.w.org\/{rel}","templated":true}]}}