{"id":714312,"date":"2026-03-23T17:30:39","date_gmt":"2026-03-23T20:30:39","guid":{"rendered":"https:\/\/www.estrategiaconcursos.com.br\/blog\/?p=714312"},"modified":"2026-03-23T17:30:41","modified_gmt":"2026-03-23T20:30:41","slug":"concurso-mp-sc","status":"publish","type":"post","link":"https:\/\/www.estrategiaconcursos.com.br\/blog\/concurso-mp-sc\/","title":{"rendered":"Concurso MPSC: aprovada a cria\u00e7\u00e3o de 200 novos cargos!"},"content":{"rendered":"\n<p class=\"has-large-font-size\"><strong><em>Cria\u00e7\u00e3o de 200 novos cargos aprovada e novo edital do Concurso MP SC esperado! \u00daltimo edital ofertou 50 vagas para n\u00edveis m\u00e9dio e superior<\/em><\/strong><\/p>\n\n\n\n<p>Foi aprovada a <strong>cria\u00e7\u00e3o de 200 novos cargos<\/strong> para servidores do&nbsp;<a href=\"https:\/\/www.estrategiaconcursos.com.br\/cursosPorConcurso\/ministerio-publico-de-santa-catarina-mp-sc-servidores\/\" target=\"_blank\" rel=\"noreferrer noopener\">Minist\u00e9rio P\u00fablico de Santa Catarina <\/a>(MP SC)!<\/p>\n\n\n\n<p>As novas vagas ser\u00e3o de n\u00edvel superior de escolaridade, em especialidades ainda n\u00e3o divulgadas.<\/p>\n\n\n\n<p>Lembrando que o MP SC conta com edital vigente, em fase de nomea\u00e7\u00e3o dos aprovados. Com isso, o provimento dos cargos criados pode se dar por meio de convoca\u00e7\u00e3o dos aprovados ou at\u00e9 mesmo com um novo edital.<\/p>\n\n\n\n<p>O certame ofertou <strong>50 vagas<\/strong> para cargos de n\u00edveis m\u00e9dio e superior de escolaridade, com remunera\u00e7\u00e3o inicial de<strong> R$ 6.233,73 a R$ 8.040,06<\/strong>.<\/p>\n\n\n\n<p>Veja o resultado final homologado do concurso MP SC atrav\u00e9s dos link abaixo:<\/p>\n\n\n\n<ul class=\"wp-block-list\">\n<li><a href=\"https:\/\/dhg1h5j42swfq.cloudfront.net\/2022\/09\/14143843\/homologacao_do_resultado_final_do_mpsc_2022-09-14.pdf\" target=\"_blank\" rel=\"noreferrer noopener nofollow\">Homologa\u00e7\u00e3o dos resultados finais<\/a>.<\/li>\n<\/ul>\n\n\n\n<ul class=\"wp-block-list has-very-light-gray-to-cyan-bluish-gray-gradient-background has-background\">\n<li><strong>Concurso MP SC &#8211; Servidores<\/strong><\/li>\n\n\n\n<li><strong>Status:<\/strong>&nbsp;nomea\u00e7\u00e3o dos aprovados<\/li>\n\n\n\n<li><strong>Banca:&nbsp;<\/strong>FGV<\/li>\n\n\n\n<li><strong>Vagas: <\/strong>50<\/li>\n\n\n\n<li><strong>Sal\u00e1rio inicial:<\/strong>&nbsp;R$ 6.233,73 a R$ 8.040,06<\/li>\n\n\n\n<li><strong>Edital:<\/strong> <a href=\"https:\/\/dhg1h5j42swfq.cloudfront.net\/2022\/03\/24213651\/do_mpsc_2022-03-25-1-1.pdf\" target=\"_blank\" rel=\"noreferrer noopener nofollow\"><\/a><a href=\"https:\/\/dhg1h5j42swfq.cloudfront.net\/2022\/03\/24213651\/do_mpsc_2022-03-25-1-1.pdf\" target=\"_blank\" rel=\"noreferrer noopener nofollow\">MP SC 2022<\/a><\/li>\n<\/ul>\n\n\n\n<div class=\"container\" id=\"boxes\">\n  <div class=\"row\">\n\n    <div class=\"col-sm\">\n      <div class=\"banner-tribunal\" id=\"box-assinatura\">\n        <h2 class=\"titulo-assinatura\"><span style=\"color: #ffffff;\">Cursos para MP SC<\/span><\/h2>\n        <p class=\"subtitulo-assinatura\">Conhe\u00e7a os cursos<\/p>\n        <div class=\"box-botao\">\n          <a class=\"btn-assinatura\" target=\"_blank\" href=\"https:\/\/www.estrategiaconcursos.com.br\/cursosPorConcurso\/ministerio-publico-de-santa-catarina-mp-sc-servidores\/\" rel=\"noopener noreferrer\">Conhe\u00e7a mais<\/a>\n        <\/div>\n      <\/div>\n      <p class=\"texto-auxiliar\"><\/p>\n    <\/div>\n\n  <\/div>\n<\/div>\n\n\n\n<p>Nosso objetivo \u00e9 deix\u00e1-los 100% informados. Acompanhe todas as informa\u00e7\u00f5es do edital do concurso MPSC nos t\u00f3picos a seguir!<\/p>\n\n\n\n<ul id=\"indice\" class=\"wp-block-list\">\n<li><a href=\"#atual\">Situa\u00e7\u00e3o atual: <\/a>\n<ul class=\"wp-block-list\">\n<li><a href=\"#criacao\">Cria\u00e7\u00e3o de cargos<\/a><\/li>\n<\/ul>\n<\/li>\n\n\n\n<li><a href=\"#h-concurso-mp-sc-2022\">Concurso MP SC 2022<\/a>\n<ul class=\"wp-block-list\">\n<li><a href=\"#vagas\">Cargos, vagas e remunera\u00e7\u00f5es<\/a><\/li>\n\n\n\n<li><a href=\"#etapas\">Etapas do concurso<\/a><\/li>\n\n\n\n<li><a href=\"#demanda-de-candidato-por-vaga-concurso-mpsc\">Candidato por vaga<\/a><\/li>\n<\/ul>\n<\/li>\n\n\n\n<li><ul><li><a href=\"#homologacao-concurso-mp-sc\">Resultados<\/a><\/li><\/ul>\n<ul class=\"wp-block-list\">\n<li><a href=\"#h-convocados-para-posse\">Convocados para posse<\/a><\/li>\n<\/ul>\n<\/li>\n\n\n\n<li><a href=\"#carreira\">Carreira<\/a>\n<ul class=\"wp-block-list\">\n<li><a href=\"#vagos\">Cargos vagos<\/a><\/li>\n\n\n\n<li><a href=\"#requisitos\">Requisitos e atribui\u00e7\u00f5es<\/a><\/li>\n\n\n\n<li><a href=\"#remuneratoria\">Estrutura Remunerat\u00f3ria<\/a><\/li>\n<\/ul>\n<\/li>\n\n\n\n<li><a href=\"#ultimo\">\u00daltimo concurso<\/a><\/li>\n\n\n\n<li><a href=\"#etapas\">Etapas do \u00faltimo concurso<\/a>\n<ul class=\"wp-block-list\">\n<li><a href=\"#objetiva\">Prova Objetiva<\/a><\/li>\n\n\n\n<li><a href=\"#prova-pratica-mp-sc\">Prova Pr\u00e1tica<\/a> <\/li>\n\n\n\n<li><a href=\"#titulos\">Prova de T\u00edtulos<\/a><\/li>\n<\/ul>\n<\/li>\n\n\n\n<li><a href=\"#curso\">Cursos e Assinaturas<\/a><\/li>\n\n\n\n<li><a href=\"#ficha\">Ficha T\u00e9cnica<\/a><\/li>\n<\/ul>\n\n\n\n<div class=\"wp-block-group has-background is-layout-flow wp-block-group-is-layout-flow\" style=\"background:linear-gradient(135deg,rgb(238,238,238) 20%,rgb(169,184,195) 100%)\">\n<p><strong>Leia tamb\u00e9m:<\/strong><\/p>\n\n\n\n<ul class=\"wp-block-list\">\n<li><a href=\"https:\/\/www.estrategiaconcursos.com.br\/blog\/concursos-sul\/\" target=\"_blank\" rel=\"noreferrer noopener\">Concursos Sul: as principais OPORTUNIDADES!<\/a><\/li>\n\n\n\n<li><a href=\"https:\/\/www.estrategiaconcursos.com.br\/blog\/concursos-sc\/\" target=\"_blank\" rel=\"noreferrer noopener\">Concursos SC: mais de 2 mil vagas em novos certames!<\/a><\/li>\n<\/ul>\n<\/div>\n\n\n\n<h2 class=\"wp-block-heading\" id=\"atual\">Concurso MPSC: situa\u00e7\u00e3o atual<\/h2>\n\n\n\n<p>Veja as informa\u00e7\u00f5es mais recentes do Concurso MPSC:<\/p>\n\n\n\n<h3 class=\"wp-block-heading\" id=\"criacao\">Cria\u00e7\u00e3o de cargos aprovada<\/h3>\n\n\n\n<p>A cria\u00e7\u00e3o de 200 novos cargos para servidores do&nbsp;Minist\u00e9rio P\u00fablico de Santa Catarina (MPSC)&nbsp;foi aprovada!&nbsp;<\/p>\n\n\n\n<p>Os novos cargos ser\u00e3o de n\u00edvel superior de escolaridade, em especialidades ainda n\u00e3o divulgadas.<\/p>\n\n\n\n<p>Al\u00e9m disso, tamb\u00e9m foi aprovada a <a href=\"https:\/\/www.estrategiaconcursos.com.br\/blog\/criacao-de-cargos-concurso-mp-sc\/\" target=\"_blank\" rel=\"noreferrer noopener\">cria\u00e7\u00e3o de 15 cargos de provimento<\/a> em Comiss\u00e3o e o ajuste da Lei de Cargos e Sal\u00e1rios do pr\u00f3prio \u00f3rg\u00e3o.<\/p>\n\n\n\n<h2 class=\"wp-block-heading\" id=\"h-concurso-mp-sc-2022\">Concurso MP SC 2022<\/h2>\n\n\n\n<h3 class=\"wp-block-heading\" id=\"vagas\">Concurso MPSC: cargos, vagas e remunera\u00e7\u00f5es<\/h3>\n\n\n\n<h4 class=\"wp-block-heading\" id=\"tecnico\">N\u00edvel m\u00e9dio<\/h4>\n\n\n\n<figure class=\"wp-block-table is-style-stripes\"><table class=\"has-very-light-gray-to-cyan-bluish-gray-gradient-background has-background has-fixed-layout\"><thead><tr><th class=\"has-text-align-center\" data-align=\"center\">CARGOS<\/th><th class=\"has-text-align-center\" data-align=\"center\">VAGAS<\/th><th class=\"has-text-align-center\" data-align=\"center\">SAL\u00c1RIO<\/th><\/tr><\/thead><tbody><tr><td class=\"has-text-align-center\" data-align=\"center\">Auxiliar do Minist\u00e9rio P\u00fablico<\/td><td class=\"has-text-align-center\" data-align=\"center\">33 + CR<\/td><td class=\"has-text-align-center\" data-align=\"center\">R$ 6.233,73<\/td><\/tr><\/tbody><\/table><figcaption class=\"wp-element-caption\">Cargos de n\u00edvel m\u00e9dio do \u00f3rg\u00e3o<\/figcaption><\/figure>\n\n\n\n<h4 class=\"wp-block-heading\" id=\"superior\">N\u00edvel superior<\/h4>\n\n\n\n<figure class=\"wp-block-table is-style-stripes\"><table class=\"has-very-light-gray-to-cyan-bluish-gray-gradient-background has-background has-fixed-layout\"><thead><tr><th class=\"has-text-align-center\" data-align=\"center\">CARGOS<\/th><th class=\"has-text-align-center\" data-align=\"center\">VAGAS<\/th><th class=\"has-text-align-center\" data-align=\"center\">SAL\u00c1RIO<\/th><\/tr><\/thead><tbody><tr><td class=\"has-text-align-center\" data-align=\"center\">Analista em Administra\u00e7\u00e3o<\/td><td class=\"has-text-align-center\" data-align=\"center\">2<\/td><td class=\"has-text-align-center\" data-align=\"center\">R$ 8.040,06<\/td><\/tr><tr><td class=\"has-text-align-center\" data-align=\"center\">Analista em Contabilidade<\/td><td class=\"has-text-align-center\" data-align=\"center\">3<\/td><td class=\"has-text-align-center\" data-align=\"center\">R$ 8.040,06<\/td><\/tr><tr><td class=\"has-text-align-center\" data-align=\"center\">Analista de Dados e Pesquisas<\/td><td class=\"has-text-align-center\" data-align=\"center\">1<\/td><td class=\"has-text-align-center\" data-align=\"center\">R$ 8.040,06<\/td><\/tr><tr><td class=\"has-text-align-center\" data-align=\"center\">Analista em Engenhara Civil<\/td><td class=\"has-text-align-center\" data-align=\"center\">2<\/td><td class=\"has-text-align-center\" data-align=\"center\">R$ 8.040,06<\/td><\/tr><tr><td class=\"has-text-align-center\" data-align=\"center\">Analista em Servi\u00e7o Social<\/td><td class=\"has-text-align-center\" data-align=\"center\">7 + CR<\/td><td class=\"has-text-align-center\" data-align=\"center\">R$ 8.040,06<\/td><\/tr><tr><td class=\"has-text-align-center\" data-align=\"center\">Analista de TI<\/td><td class=\"has-text-align-center\" data-align=\"center\">2<\/td><td class=\"has-text-align-center\" data-align=\"center\">R$ 8.040,06<\/td><\/tr><\/tbody><\/table><figcaption class=\"wp-element-caption\">Cargos de n\u00edvel superior do \u00f3rg\u00e3o<\/figcaption><\/figure>\n\n\n\n<p>Os aprovados tamb\u00e9m recebem os seguintes benef\u00edcios:<\/p>\n\n\n\n<ul class=\"wp-block-list\">\n<li>Aux\u00edlio-alimenta\u00e7\u00e3o de <strong>R$ 1.836,74<\/strong><\/li>\n\n\n\n<li>Auxilio sa\u00fade entre <strong>R$ 470 <\/strong>a at\u00e9 <strong>R$ 800 <\/strong>(varia conforme idade);<\/li>\n\n\n\n<li>Aux\u00edlio Creche de <strong>R$ 767,76<\/strong>;<\/li>\n\n\n\n<li>Auxilio alimenta\u00e7\u00e3o de <strong>R$ 1.836,74<\/strong>;<\/li>\n\n\n\n<li>Adicional de p\u00f3s-gradua\u00e7\u00e3o;<\/li>\n\n\n\n<li>Adicional por tempo de servi\u00e7o.<\/li>\n<\/ul>\n\n\n\n<h3 class=\"wp-block-heading\" id=\"etapas\">Concurso MPSC: etapas e provas<\/h3>\n\n\n\n<h4 class=\"wp-block-heading\" id=\"prova-objetiva\">Prova Objetiva<\/h4>\n\n\n\n<p>A Prova Escrita Objetiva de m\u00faltipla escolha, de car\u00e1ter eliminat\u00f3rio e classificat\u00f3rio, foi realizada em Florian\u00f3polis\/SC.<\/p>\n\n\n\n<p>Para os cargos de <strong><span style=\"text-decoration: underline;\">N\u00edvel Superior,<\/span><\/strong> a Prova Escrita Objetiva foi composta por 80 (oitenta) quest\u00f5es de m\u00faltipla escolha, numeradas sequencialmente, com 5 (cinco) alternativas e apenas 1 (uma) resposta correta.<\/p>\n\n\n\n<p>Cada quest\u00e3o de m\u00faltipla escolha valeu 1 (um) ponto, sendo 80 (oitenta) pontos a pontua\u00e7\u00e3o m\u00e1xima obtida na Prova Escrita Objetiva.<\/p>\n\n\n\n<figure class=\"wp-block-table is-style-stripes\"><table class=\"has-very-light-gray-to-cyan-bluish-gray-gradient-background has-background\"><thead><tr><th>M\u00d3DULO DE CONHECIMENTOS B\u00c1SICOS<\/th><th><\/th><\/tr><\/thead><tbody><tr><td><strong>DISCIPLINAS<\/strong><\/td><td><strong>QUEST\u00d5ES<\/strong><\/td><\/tr><tr><td>L\u00edngua Portuguesa<\/td><td>20<\/td><\/tr><tr><td>Racioc\u00ednio L\u00f3gico-Quantitativo<\/td><td>08<\/td><\/tr><tr><td>Conhecimentos Jur\u00eddicos<\/td><td>12<\/td><\/tr><tr><td><strong>M\u00d3DULO DE CONHECIMENTOS ESPEC\u00cdFICOS<\/strong><\/td><td><\/td><\/tr><tr><td>Conhecimentos Espec\u00edficos<\/td><td>40<\/td><\/tr><tr><td><strong>TOTAL<\/strong><\/td><td><strong>80<\/strong><\/td><\/tr><\/tbody><\/table><figcaption class=\"wp-element-caption\">Disciplinas cobradas na prova objetiva aos cargos de n\u00edvel superior<\/figcaption><\/figure>\n\n\n\n<p>Para o cargo de <strong><span style=\"text-decoration: underline;\">N\u00edvel M\u00e9dio<\/span><\/strong>, a Prova Escrita Objetiva foi composta por 60 (sessenta) quest\u00f5es de m\u00faltipla escolha, numeradas sequencialmente, com 5 (cinco) alternativas e apenas 1 (uma) resposta correta.<\/p>\n\n\n\n<p>Cada quest\u00e3o de m\u00faltipla escolha valeu 1 (um) ponto, sendo 60 (sessenta) pontos a pontua\u00e7\u00e3o m\u00e1xima obtida na Prova Escrita Objetiva.<\/p>\n\n\n\n<figure class=\"wp-block-image aligncenter size-full\"><img loading=\"lazy\" decoding=\"async\" width=\"873\" height=\"190\" src=\"https:\/\/dhg1h5j42swfq.cloudfront.net\/2022\/05\/10122956\/prova-objetiva-nivel-medio-para-o-concurso-mp-sc.png\" alt=\"Tabela de disciplinas exigidas na prova objetiva aos cargos de n\u00edvel m\u00e9dio do Concurso MPSC\" class=\"wp-image-1025201\" srcset=\"https:\/\/dhg1h5j42swfq.cloudfront.net\/2022\/05\/10122956\/prova-objetiva-nivel-medio-para-o-concurso-mp-sc.png 873w, https:\/\/dhg1h5j42swfq.cloudfront.net\/2022\/05\/10122956\/prova-objetiva-nivel-medio-para-o-concurso-mp-sc-300x65.png 300w, https:\/\/dhg1h5j42swfq.cloudfront.net\/2022\/05\/10122956\/prova-objetiva-nivel-medio-para-o-concurso-mp-sc-768x167.png 768w, https:\/\/dhg1h5j42swfq.cloudfront.net\/2022\/05\/10122956\/prova-objetiva-nivel-medio-para-o-concurso-mp-sc-610x133.png 610w\" sizes=\"auto, (max-width: 873px) 100vw, 873px\" \/><figcaption class=\"wp-element-caption\">Concurso MP SC: Prova objetiva n\u00edvel m\u00e9dio!<\/figcaption><\/figure>\n\n\n\n<p>Foi considerado aprovado na Prova Escrita Objetiva:<\/p>\n\n\n\n<ul class=\"wp-block-list\">\n<li>para os cargos de Analista de Dados e Pesquisas, Analista em Administra\u00e7\u00e3o, Analista em Contabilidade, Analista em Engenharia Civil, Analista em Servi\u00e7o Social e Analista em Tecnologia da Informa\u00e7\u00e3o, o candidato que, cumulativamente:\n<ul class=\"wp-block-list\">\n<li>acertou, no m\u00ednimo, 20 (vinte) quest\u00f5es de Conhecimentos Espec\u00edficos; e<\/li>\n\n\n\n<li>acertou, no m\u00ednimo, 40 (quarenta) quest\u00f5es do total da Prova Escrita Objetiva.<\/li>\n<\/ul>\n<\/li>\n\n\n\n<li>para o cargo de Auxiliar do Minist\u00e9rio P\u00fablico, o candidato que, cumulativamente:\n<ul class=\"wp-block-list\">\n<li>acertou, no m\u00ednimo, 15 (quinze) quest\u00f5es de Conhecimentos Espec\u00edficos; e<\/li>\n\n\n\n<li>acertou, no m\u00ednimo, 30 (trinta) quest\u00f5es do total da Prova Escrita Objetiva.<\/li>\n<\/ul>\n<\/li>\n<\/ul>\n\n\n\n<h3 class=\"wp-block-heading\" id=\"demanda-de-candidato-por-vaga-concurso-mpsc\">Demanda de candidato por vaga<\/h3>\n\n\n\n<p>O MP SC divulgou o quantitativo de inscritos e a demanda de candidatos por vagas para o certame.<\/p>\n\n\n\n<p>No total, <strong>foram 23.868 candidaturas<\/strong>. O cargo com a maior demanda de inscritos foi o de Auxiliar do Minist\u00e9rio P\u00fablico, com 20.687 inscri\u00e7\u00f5es. Confira o documento e a demanda por vaga abaixo!<\/p>\n\n\n\n<figure class=\"wp-block-image aligncenter size-full\"><img loading=\"lazy\" decoding=\"async\" width=\"655\" height=\"441\" src=\"https:\/\/dhg1h5j42swfq.cloudfront.net\/2022\/05\/27144419\/image-4-2.png\" alt=\"Tabela demonstrando a concorr\u00eancia por vaga para o concurso MP SC\" class=\"wp-image-1035323\" srcset=\"https:\/\/dhg1h5j42swfq.cloudfront.net\/2022\/05\/27144419\/image-4-2.png 655w, https:\/\/dhg1h5j42swfq.cloudfront.net\/2022\/05\/27144419\/image-4-2-300x202.png 300w, https:\/\/dhg1h5j42swfq.cloudfront.net\/2022\/05\/27144419\/image-4-2-610x411.png 610w\" sizes=\"auto, (max-width: 655px) 100vw, 655px\" \/><figcaption class=\"wp-element-caption\">Concorr\u00eancia por vaga concurso MP SC<\/figcaption><\/figure>\n\n\n\n<h3 class=\"wp-block-heading\" id=\"homologacao-concurso-mp-sc\">Resultados<\/h3>\n\n\n\n<ul class=\"wp-block-list\">\n<li><a href=\"https:\/\/dhg1h5j42swfq.cloudfront.net\/2022\/09\/14143843\/homologacao_do_resultado_final_do_mpsc_2022-09-14.pdf\" target=\"_blank\" rel=\"noreferrer noopener nofollow\">Homologa\u00e7\u00e3o dos resultados finais<\/a>.<\/li>\n\n\n\n<li><a href=\"https:\/\/dhg1h5j42swfq.cloudfront.net\/2022\/09\/13181311\/ampla.pdf\" target=\"_blank\" rel=\"noreferrer noopener nofollow\">Resultado final Ampla concorr\u00eancia<\/a>;<\/li>\n\n\n\n<li><a href=\"https:\/\/dhg1h5j42swfq.cloudfront.net\/2022\/09\/13181326\/pcd.pdf\" target=\"_blank\" rel=\"noreferrer noopener nofollow\">Resultado finalPessoa com Defici\u00eancia (PcD)<\/a>;<\/li>\n\n\n\n<li><a href=\"https:\/\/dhg1h5j42swfq.cloudfront.net\/2022\/09\/13181340\/negros.pdf\" target=\"_blank\" rel=\"noreferrer noopener nofollow\">Resultado final Negros<\/a>.<\/li>\n\n\n\n<li><a href=\"https:\/\/dhg1h5j42swfq.cloudfront.net\/2022\/08\/05201513\/229_mpsc_-_resultado_definitivo_prova_objetiva_-_consolidado.pdf\" target=\"_blank\" rel=\"noreferrer noopener nofollow\">Resultado final prova objetiva<\/a><\/li>\n<\/ul>\n\n\n\n<h3 class=\"wp-block-heading\" id=\"h-convocados-para-posse\">Convocados para posse<\/h3>\n\n\n\n<p>At\u00e9 o dia 12 de marco de 2026, foram convocados para posse 188 aprovados, conforme informa\u00e7\u00f5es no site do \u00f3rg\u00e3o.<\/p>\n\n\n\n<h2 class=\"wp-block-heading\" id=\"carreira\">Carreira no MP SC <\/h2>\n\n\n\n<h3 class=\"wp-block-heading\" id=\"vagos\">Cargos vagos <\/h3>\n\n\n\n<figure class=\"wp-block-table is-style-stripes\"><table class=\"has-very-light-gray-to-cyan-bluish-gray-gradient-background has-background has-fixed-layout\"><tbody><tr><td class=\"has-text-align-center\" data-align=\"center\"><strong>Cargos&nbsp;<\/strong><\/td><td class=\"has-text-align-center\" data-align=\"center\"><strong>Existentes<\/strong><\/td><td class=\"has-text-align-center\" data-align=\"center\"><strong>Ocupados<\/strong><\/td><td class=\"has-text-align-center\" data-align=\"center\"><strong>Vagos<\/strong><\/td><\/tr><tr><td class=\"has-text-align-center\" data-align=\"center\">Auxiliar T\u00e9cnico<\/td><td class=\"has-text-align-center\" data-align=\"center\">49<\/td><td class=\"has-text-align-center\" data-align=\"center\">49<\/td><td class=\"has-text-align-center\" data-align=\"center\">0<\/td><\/tr><tr><td class=\"has-text-align-center\" data-align=\"center\">Motorista Oficial I<\/td><td class=\"has-text-align-center\" data-align=\"center\">2<\/td><td class=\"has-text-align-center\" data-align=\"center\">2<\/td><td class=\"has-text-align-center\" data-align=\"center\">0<\/td><\/tr><tr><td class=\"has-text-align-center\" data-align=\"center\">Telefonista<\/td><td class=\"has-text-align-center\" data-align=\"center\">2<\/td><td class=\"has-text-align-center\" data-align=\"center\">2<\/td><td class=\"has-text-align-center\" data-align=\"center\">0<\/td><\/tr><tr><td class=\"has-text-align-center\" data-align=\"center\"><a href=\"https:\/\/www.estrategiaconcursos.com.br\/cursosPorConcurso\/ministerio-publico-de-santa-catarina-mp-sc-servidores\/\" target=\"_blank\" rel=\"noreferrer noopener\">T\u00e9cnico do MP<\/a><\/td><td class=\"has-text-align-center\" data-align=\"center\">252<\/td><td class=\"has-text-align-center\" data-align=\"center\">251<\/td><td class=\"has-text-align-center\" data-align=\"center\">1<\/td><\/tr><tr><td class=\"has-text-align-center\" data-align=\"center\">Auxiliar do MP&nbsp;<\/td><td class=\"has-text-align-center\" data-align=\"center\">109<\/td><td class=\"has-text-align-center\" data-align=\"center\">6<\/td><td class=\"has-text-align-center\" data-align=\"center\">103<\/td><\/tr><tr><td class=\"has-text-align-center\" data-align=\"center\">Motorista Oficial II<\/td><td class=\"has-text-align-center\" data-align=\"center\">19<\/td><td class=\"has-text-align-center\" data-align=\"center\">19<\/td><td class=\"has-text-align-center\" data-align=\"center\">0<\/td><\/tr><tr><td class=\"has-text-align-center\" data-align=\"center\">Oficial do Minist\u00e9rio P\u00fablico<\/td><td class=\"has-text-align-center\" data-align=\"center\">24<\/td><td class=\"has-text-align-center\" data-align=\"center\">24<\/td><td class=\"has-text-align-center\" data-align=\"center\">0<\/td><\/tr><tr><td class=\"has-text-align-center\" data-align=\"center\">Programador de Computador<\/td><td class=\"has-text-align-center\" data-align=\"center\">13<\/td><td class=\"has-text-align-center\" data-align=\"center\">13<\/td><td class=\"has-text-align-center\" data-align=\"center\">0<\/td><\/tr><tr><td class=\"has-text-align-center\" data-align=\"center\"><a href=\"https:\/\/www.estrategiaconcursos.com.br\/cursosPorConcurso\/ministerio-publico-de-santa-catarina-mp-sc-servidores\/\" target=\"_blank\" rel=\"noreferrer noopener\">Analista&nbsp;do MP<\/a><\/td><td class=\"has-text-align-center\" data-align=\"center\">185<\/td><td class=\"has-text-align-center\" data-align=\"center\">123<\/td><td class=\"has-text-align-center\" data-align=\"center\">62<\/td><\/tr><tr><td class=\"has-text-align-center\" data-align=\"center\"><strong>TOTAL<\/strong><\/td><td class=\"has-text-align-center\" data-align=\"center\"><strong>655<\/strong><\/td><td class=\"has-text-align-center\" data-align=\"center\"><strong>489<\/strong><\/td><td class=\"has-text-align-center\" data-align=\"center\"><strong>166<\/strong><\/td><\/tr><\/tbody><\/table><figcaption class=\"wp-element-caption\">Concurso <a href=\"https:\/\/www.mpsc.mp.br\/acesso-a-informacao\" target=\"_blank\" rel=\"noreferrer noopener\">MP SC<\/a>: Portal da Transpar\u00eancia: 04\/2022<\/figcaption><\/figure>\n\n\n\n<h3 class=\"wp-block-heading\" id=\"requisitos\">Requisitos e atribui\u00e7\u00f5es <\/h3>\n\n\n\n<h4 class=\"wp-block-heading\" id=\"h-analista-do-ministerio-publico\">Analista do Minist\u00e9rio P\u00fablico<\/h4>\n\n\n\n<ul class=\"wp-block-list\">\n<li><strong>Requisitos: <\/strong>Conclus\u00e3o de curso superior espec\u00edfico na \u00e1rea preterida, reconhecido pelo Minist\u00e9rio da Educa\u00e7\u00e3o (MEC), e inscri\u00e7\u00e3o\/registro no respectivo \u00f3rg\u00e3o fiscalizador, se houver.<br \/><\/li>\n\n\n\n<li><strong>Atribui\u00e7\u00f5es: <\/strong><\/li>\n<\/ul>\n\n\n\n<p>1. Participar na elabora\u00e7\u00e3o, na supervis\u00e3o, na orienta\u00e7\u00e3o, na coordena\u00e7\u00e3o, no planejamento, na cria\u00e7\u00e3o, no controle, na execu\u00e7\u00e3o e na an\u00e1lise ou avalia\u00e7\u00e3o de qualquer atividade que implique aplica\u00e7\u00e3o dos conhecimentos de sua \u00e1rea;<br \/>2. Auxiliar os estudos e acompanhar o desenvolvimento de projetos de estrutura\u00e7\u00e3o e reorganiza\u00e7\u00e3o de servi\u00e7os;<br \/>3. Apresentar propostas de moderniza\u00e7\u00e3o de procedimentos, objetivando maior dinamiza\u00e7\u00e3o dos trabalhos na sua \u00e1rea de atua\u00e7\u00e3o;<br \/>4. Executar a\u00e7\u00f5es inerentes a sua \u00e1rea de forma\u00e7\u00e3o b\u00e1sica;<br \/>5. Assessorar, na sua \u00e1rea de compet\u00eancia, a capacita\u00e7\u00e3o de recursos humanos;<br \/>6. Articular-se com as chefias, visando ao bom desempenho de suas fun\u00e7\u00f5es e ao bom desempenho entre o pessoal do setor em que estiver lotado;<br \/>7. Fornecer dados estat\u00edsticos das atividades do setor onde atua;<br \/>8. Preparar relat\u00f3rios e manter atualizado material informativo de natureza t\u00e9cnico-cient\u00edfica diretamente relacionado com as atividades desenvolvidas pelo setor onde desempenha suas fun\u00e7\u00f5es e de sua \u00e1rea de forma\u00e7\u00e3o b\u00e1sica;<br \/>9. Prestar assessoria e\/ou consultoria em assuntos relacionados a sua \u00e1rea de atua\u00e7\u00e3o;<br \/>10. Elaborar, individualmente ou integrando equipes multiprofissionais, documentos b\u00e1sicos para fixa\u00e7\u00e3o de normas t\u00e9cnicas para a melhoria da qualidade dos servi\u00e7os;<br \/>11. Emitir laudos e\/ou pareceres sobre mat\u00e9ria de sua \u00e1rea de atua\u00e7\u00e3o b\u00e1sica;<br \/>12. Executar outras atividades compat\u00edveis com o cargo.<\/p>\n\n\n\n<h4 class=\"wp-block-heading\" id=\"h-tecnico-do-ministerio-publico\">T\u00e9cnico do Minist\u00e9rio P\u00fablico<\/h4>\n\n\n\n<ul class=\"wp-block-list\">\n<li><strong>Requisitos: <\/strong>conclus\u00e3o do ensino m\u00e9dio<br \/><\/li>\n\n\n\n<li><strong>Atribui\u00e7\u00f5es: <\/strong><\/li>\n<\/ul>\n\n\n\n<p>1. Coordenar e executar trabalhos relacionados com a organiza\u00e7\u00e3o e atualiza\u00e7\u00e3o dos arquivos e fich\u00e1rios;<br \/>2. Redigir instru\u00e7\u00f5es, ordens de servi\u00e7o, minutas de cartas, of\u00edcios, memorandos e atos administrativos sobre assuntos do \u00f3rg\u00e3o;<br \/>3. Minutar contratos em geral;<br \/>4. Auxiliar na aquisi\u00e7\u00e3o e no suprimento de material permanente e de consumo, divulga\u00e7\u00e3o de editais e outras tarefas correlatas;<br \/>5. Fazer anota\u00e7\u00f5es nas fichas, nos livros e nos exemplares de ocorr\u00eancia verificadas nos registros em geral;<br \/>6. Colaborar com a reda\u00e7\u00e3o de relat\u00f3rios anuais ou parciais atendendo a exig\u00eancias ou normas do \u00f3rg\u00e3o;<br \/>7. Expedir atestados, lavrar termos de posse, apostilas, certid\u00f5es e termos de ocorr\u00eancia em geral;<br \/>8. Preparar documentos necess\u00e1rios para o funcionamento do \u00f3rg\u00e3o;<br \/>9. Realizar registros em geral;<br \/>10. Secretariar autoridades de hierarquia superior, digitando expedientes relacionados as suas atividades;<br \/>11. Providenciar os servi\u00e7os de reprografia;<br \/>12. Sugerir m\u00e9todos e processos de trabalho para simplifica\u00e7\u00e3o, recebimento, classifica\u00e7\u00e3o, registro, guarda, codifica\u00e7\u00e3o, tramita\u00e7\u00e3o e conserva\u00e7\u00e3o de documentos, processos e pap\u00e9is em geral; 13. executar outras atividades compat\u00edveis com o cargo.<\/p>\n\n\n\n<p>J\u00e1 na \u00e1rea de carreira jur\u00eddica, existem oportunidades para se tornar <a href=\"https:\/\/cj.estrategia.com\/portal\/concurso-mp-sc-promotor\/\">Promotor do MP SC<\/a>.<\/p>\n\n\n\n<h3 class=\"wp-block-heading\" id=\"remuneratoria\">Estrutura Remunerat\u00f3ria <\/h3>\n\n\n\n<figure class=\"wp-block-table is-style-stripes\"><table class=\"has-very-light-gray-to-cyan-bluish-gray-gradient-background has-background has-fixed-layout\"><tbody><tr><td class=\"has-text-align-center\" data-align=\"center\"><strong>N\u00edvel<\/strong><\/td><td><strong>A<\/strong><\/td><td><strong>B<\/strong><\/td><td><strong>C<\/strong><\/td><td><strong>D<\/strong><\/td><td><strong>E<\/strong><\/td><td><strong>F<\/strong><\/td><td><strong>G<\/strong><\/td><td><strong>H<\/strong><\/td><td><strong>I<\/strong><\/td><td><strong>J<\/strong><\/td><\/tr><tr><td class=\"has-text-align-center\" data-align=\"center\"><strong>1<\/strong><\/td><td>1,0000<\/td><td>1,0763<\/td><td>1,1032<\/td><td>1,1307<\/td><td>1,1590<\/td><td>1,1880<\/td><td>1,2177<\/td><td>1,2481<\/td><td>1,2793<\/td><td>1,3113<\/td><\/tr><tr><td class=\"has-text-align-center\" data-align=\"center\"><strong>2<\/strong><\/td><td>1,3441<\/td><td>1,3777<\/td><td>1,4121<\/td><td>1,4474<\/td><td>1,4836<\/td><td>1,5207<\/td><td>1,5587<\/td><td>1,5977<\/td><td>1,6376<\/td><td>1,6786<\/td><\/tr><tr><td class=\"has-text-align-center\" data-align=\"center\"><strong>3<\/strong><\/td><td>1,7205<\/td><td>1,7636<\/td><td>1,8076<\/td><td>1,8528<\/td><td>1,8992<\/td><td>1,9466<\/td><td>1,9953<\/td><td>2,0452<\/td><td>2,0963<\/td><td>2,1487<\/td><\/tr><tr><td class=\"has-text-align-center\" data-align=\"center\">4<\/td><td>2,2024<\/td><td>2,2575<\/td><td>2,3139<\/td><td>2,3718<\/td><td>2,4311<\/td><td>2,4919<\/td><td>2,5542<\/td><td>2,6180<\/td><td>2,6835<\/td><td>2,7506<\/td><\/tr><tr><td class=\"has-text-align-center\" data-align=\"center\"><strong>5<\/strong><\/td><td>2,8193<\/td><td>2,9638<\/td><td>3,1083<\/td><td>3,2528<\/td><td>3,3974<\/td><td>3,5419<\/td><td>3,6864<\/td><td>3,8309<\/td><td>3,9754<\/td><td>4,1200<\/td><\/tr><tr><td class=\"has-text-align-center\" data-align=\"center\"><strong>6<\/strong><\/td><td>4,2645<\/td><td>4,4090<\/td><td>4,5535<\/td><td>4,6980<\/td><td>4,8425<\/td><td>4,9871<\/td><td>5,1316<\/td><td>5,2761<\/td><td>5,4206<\/td><td>5,5651<\/td><\/tr><tr><td class=\"has-text-align-center\" data-align=\"center\"><strong>7<\/strong><\/td><td>5,7097<\/td><td>5,8542<\/td><td>5,9987<\/td><td>6,1432<\/td><td>6,2877<\/td><td>6,4322<\/td><td>6,5768<\/td><td>6,7213<\/td><td>6,8658<\/td><td>7,0103<\/td><\/tr><tr><td class=\"has-text-align-center\" data-align=\"center\"><strong>8<\/strong><\/td><td>7,1548<\/td><td>7,2993<\/td><td>7,4453<\/td><td>7,5942<\/td><td>7,7461<\/td><td>7,9011<\/td><td>8,0591<\/td><td>8,2203<\/td><td>8,3847<\/td><td>8,5524<\/td><\/tr><tr><td class=\"has-text-align-center\" data-align=\"center\"><strong>9<\/strong><\/td><td>8,7234<\/td><td>8,8979<\/td><td>9,0758<\/td><td>9,2573<\/td><td>9,4425<\/td><td>9,6313<\/td><td>9,8240<\/td><td>10,0205<\/td><td>10,2209<\/td><td>10,4253<\/td><\/tr><tr><td class=\"has-text-align-center\" data-align=\"center\"><strong>10<\/strong><\/td><td>10,6338<\/td><td>10,8465<\/td><td>11,0634<\/td><td>11,2846<\/td><td>11,5103<\/td><td>11,7405<\/td><td>11,9754<\/td><td>12,2149<\/td><td>12,4592<\/td><td>12,7084<\/td><\/tr><tr><td class=\"has-text-align-center\" data-align=\"center\"><strong>11<\/strong><\/td><td>12,9625<\/td><td>13,2218<\/td><td>13,4862<\/td><td>13,7559<\/td><td>14,0311<\/td><td>14,3117<\/td><td>14,5979<\/td><td>14,8899<\/td><td>15,1877<\/td><td>15,4914<\/td><\/tr><\/tbody><\/table><figcaption class=\"wp-element-caption\">Concurso MP SC: Portal da Transpar\u00eancia: 04\/2021<\/figcaption><\/figure>\n\n\n\n<h2 class=\"wp-block-heading\" id=\"ultimo\">Concurso MP SC 2014<\/h2>\n\n\n\n<p>O concurso Minist\u00e9rio P\u00fablico de Santa Catarina, organizado pela Funda\u00e7\u00e3o FEPESE, publicou <strong>seu \u00faltimo edital em 2014<\/strong>. Naquela ocasi\u00e3o, foram disponibilizadas <strong>87 vagas<\/strong>, al\u00e9m de cadastro de reserva, para candidatos com forma\u00e7\u00e3o de n\u00edveis m\u00e9dio e superior.<\/p>\n\n\n\n<p>As vagas de n\u00edvel superior eram para cargos de<strong>Analistas<\/strong>, divididos nas seguintes especialidades:<\/p>\n\n\n\n<ol class=\"wp-block-list\">\n<li>Analista do Minist\u00e9rio P\u00fablico;<\/li>\n\n\n\n<li>Analista em Arquivologia;<\/li>\n\n\n\n<li>Analista em Auditoria;<\/li>\n\n\n\n<li>Analista em Biblioteconomia;<\/li>\n\n\n\n<li>Analista em Economia;<\/li>\n\n\n\n<li>Analista em Pedagogia;<\/li>\n\n\n\n<li>Analista em Psicologia;<\/li>\n\n\n\n<li>Analista em Servi\u00e7o Social;<\/li>\n\n\n\n<li>Analista em Letras; <\/li>\n\n\n\n<li>Analista em Tecnologia da Informa\u00e7\u00e3o.<\/li>\n<\/ol>\n\n\n\n<p>J\u00e1 as vagas para n\u00edvel m\u00e9dio se referiam aos seguintes cargos: <\/p>\n\n\n\n<ol class=\"wp-block-list\">\n<li>Motorista Oficial II; <\/li>\n\n\n\n<li>T\u00e9cnico do Minist\u00e9rio P\u00fablico;<\/li>\n\n\n\n<li>T\u00e9cnico em Inform\u00e1tica.<\/li>\n<\/ol>\n\n\n\n<h3 class=\"wp-block-heading\" id=\"etapas\">Etapas do \u00faltimo concurso MP SC<\/h3>\n\n\n\n<p>O \u00faltimo certame MP SC foi composto das seguintes etapas: <\/p>\n\n\n\n<ul class=\"wp-block-list\">\n<li><strong>Prova Objetiva<\/strong> (todos os cargos): car\u00e1ter eliminat\u00f3rio e classificat\u00f3rio; <\/li>\n\n\n\n<li><strong>Prova Pr\u00e1tica<\/strong> (para motorista): car\u00e1ter eliminat\u00f3rio;<\/li>\n\n\n\n<li><strong>Prova de T\u00edtulos <\/strong>(n\u00edvel superior): car\u00e1ter classificat\u00f3rio. <\/li>\n<\/ul>\n\n\n\n<h4 class=\"wp-block-heading\" id=\"objetiva\">Prova Objetiva <\/h4>\n\n\n\n<h4 class=\"wp-block-heading\" id=\"h-motorista-oficial-ii-e-tecnico-do-mp\"><strong>Motorista Oficial II e T\u00e9cnico do MP<\/strong><\/h4>\n\n\n\n<figure class=\"wp-block-table is-style-stripes\"><table class=\"has-very-light-gray-to-cyan-bluish-gray-gradient-background has-background has-fixed-layout\"><tbody><tr><td class=\"has-text-align-center\" data-align=\"center\"><strong>Disciplinas<\/strong><\/td><td class=\"has-text-align-center\" data-align=\"center\"><strong>N\u00famero de quest\u00f5es <\/strong><\/td><td class=\"has-text-align-center\" data-align=\"center\"><strong>Peso <\/strong><\/td><td class=\"has-text-align-center\" data-align=\"center\"><strong>Total de pontos <\/strong><\/td><\/tr><tr><td class=\"has-text-align-center\" data-align=\"center\">Portugu\u00eas<\/td><td class=\"has-text-align-center\" data-align=\"center\">12<\/td><td class=\"has-text-align-center\" data-align=\"center\">1<\/td><td class=\"has-text-align-center\" data-align=\"center\">12<\/td><\/tr><tr><td class=\"has-text-align-center\" data-align=\"center\">Inform\u00e1tica<\/td><td class=\"has-text-align-center\" data-align=\"center\">4<\/td><td class=\"has-text-align-center\" data-align=\"center\">1<\/td><td class=\"has-text-align-center\" data-align=\"center\">4<\/td><\/tr><tr><td class=\"has-text-align-center\" data-align=\"center\">Racioc\u00ednio L\u00f3gico<\/td><td class=\"has-text-align-center\" data-align=\"center\">4<\/td><td class=\"has-text-align-center\" data-align=\"center\">1<\/td><td class=\"has-text-align-center\" data-align=\"center\">4<\/td><\/tr><tr><td class=\"has-text-align-center\" data-align=\"center\">Conhecimentos<br \/>Espec\u00edficos<\/td><td class=\"has-text-align-center\" data-align=\"center\">40<\/td><td class=\"has-text-align-center\" data-align=\"center\">2<\/td><td class=\"has-text-align-center\" data-align=\"center\">80<\/td><\/tr><tr><td class=\"has-text-align-center\" data-align=\"center\"><strong>TOTAL <\/strong><\/td><td class=\"has-text-align-center\" data-align=\"center\"><strong>60<\/strong><\/td><td class=\"has-text-align-center\" data-align=\"center\"><\/td><td class=\"has-text-align-center\" data-align=\"center\"><strong>100<\/strong><\/td><\/tr><\/tbody><\/table><figcaption class=\"wp-element-caption\">Concurso MP SC: Tabela de quest\u00f5es e disciplinas<\/figcaption><\/figure>\n\n\n\n<h4 class=\"wp-block-heading\" id=\"h-tecnico-em-informatica\"><strong>T\u00e9cnico em Inform\u00e1tica<\/strong><\/h4>\n\n\n\n<figure class=\"wp-block-table is-style-stripes\"><table class=\"has-very-light-gray-to-cyan-bluish-gray-gradient-background has-background has-fixed-layout\"><tbody><tr><td class=\"has-text-align-center\" data-align=\"center\"><strong>Disciplinas<\/strong><\/td><td class=\"has-text-align-center\" data-align=\"center\"><strong>N\u00famero de quest\u00f5es <\/strong><\/td><td class=\"has-text-align-center\" data-align=\"center\"><strong>Peso <\/strong><\/td><td class=\"has-text-align-center\" data-align=\"center\"><strong>Total de pontos <\/strong><\/td><\/tr><tr><td class=\"has-text-align-center\" data-align=\"center\">Portugu\u00eas<\/td><td class=\"has-text-align-center\" data-align=\"center\">12<\/td><td class=\"has-text-align-center\" data-align=\"center\">1<\/td><td class=\"has-text-align-center\" data-align=\"center\">12<\/td><\/tr><tr><td class=\"has-text-align-center\" data-align=\"center\">Racioc\u00ednio L\u00f3gico<\/td><td class=\"has-text-align-center\" data-align=\"center\">8<\/td><td class=\"has-text-align-center\" data-align=\"center\">1<\/td><td class=\"has-text-align-center\" data-align=\"center\">8<\/td><\/tr><tr><td class=\"has-text-align-center\" data-align=\"center\">Conhecimentos<br \/>Espec\u00edficos<\/td><td class=\"has-text-align-center\" data-align=\"center\">40<\/td><td class=\"has-text-align-center\" data-align=\"center\">2<\/td><td class=\"has-text-align-center\" data-align=\"center\">80<\/td><\/tr><tr><td class=\"has-text-align-center\" data-align=\"center\"><strong>TOTAL <\/strong><\/td><td class=\"has-text-align-center\" data-align=\"center\"><strong>60<\/strong><\/td><td class=\"has-text-align-center\" data-align=\"center\"><\/td><td class=\"has-text-align-center\" data-align=\"center\"><strong>100<\/strong><\/td><\/tr><\/tbody><\/table><figcaption class=\"wp-element-caption\">Concurso MP SC: Tabela de quest\u00f5es e disciplinas<\/figcaption><\/figure>\n\n\n\n<h4 class=\"wp-block-heading\" id=\"h-analista-do-mp-e-analistas-especialidade-1-a-8\"><strong>Analista do MP e Analistas &#8211; Especialidade 1 a 8  <\/strong><\/h4>\n\n\n\n<figure class=\"wp-block-table is-style-stripes\"><table class=\"has-very-light-gray-to-cyan-bluish-gray-gradient-background has-background has-fixed-layout\"><tbody><tr><td class=\"has-text-align-center\" data-align=\"center\"><strong>Disciplinas<\/strong><\/td><td class=\"has-text-align-center\" data-align=\"center\"><strong>N\u00famero de quest\u00f5es <\/strong><\/td><td class=\"has-text-align-center\" data-align=\"center\"><strong>Peso <\/strong><\/td><td class=\"has-text-align-center\" data-align=\"center\"><strong>Total de pontos <\/strong><\/td><\/tr><tr><td class=\"has-text-align-center\" data-align=\"center\">Portugu\u00eas<\/td><td class=\"has-text-align-center\" data-align=\"center\">12<\/td><td class=\"has-text-align-center\" data-align=\"center\">1<\/td><td class=\"has-text-align-center\" data-align=\"center\">12<\/td><\/tr><tr><td class=\"has-text-align-center\" data-align=\"center\">Inform\u00e1tica<\/td><td class=\"has-text-align-center\" data-align=\"center\">4<\/td><td class=\"has-text-align-center\" data-align=\"center\">1<\/td><td class=\"has-text-align-center\" data-align=\"center\">4<\/td><\/tr><tr><td class=\"has-text-align-center\" data-align=\"center\">Racioc\u00ednio L\u00f3gico<\/td><td class=\"has-text-align-center\" data-align=\"center\">4<\/td><td class=\"has-text-align-center\" data-align=\"center\">1<\/td><td class=\"has-text-align-center\" data-align=\"center\">4<\/td><\/tr><tr><td class=\"has-text-align-center\" data-align=\"center\">Conhecimentos Jur\u00eddicos<\/td><td class=\"has-text-align-center\" data-align=\"center\">10<\/td><td class=\"has-text-align-center\" data-align=\"center\">1<\/td><td class=\"has-text-align-center\" data-align=\"center\">10<\/td><\/tr><tr><td class=\"has-text-align-center\" data-align=\"center\">Conhecimentos<br \/>Espec\u00edficos<\/td><td class=\"has-text-align-center\" data-align=\"center\">35<\/td><td class=\"has-text-align-center\" data-align=\"center\">2<\/td><td class=\"has-text-align-center\" data-align=\"center\">70<\/td><\/tr><tr><td class=\"has-text-align-center\" data-align=\"center\"><strong>TOTAL <\/strong><\/td><td class=\"has-text-align-center\" data-align=\"center\"><strong>65<\/strong><\/td><td class=\"has-text-align-center\" data-align=\"center\"><\/td><td class=\"has-text-align-center\" data-align=\"center\"><strong>100<\/strong><\/td><\/tr><\/tbody><\/table><figcaption class=\"wp-element-caption\">Concurso MP SC: Tabela de quest\u00f5es e disciplinas<\/figcaption><\/figure>\n\n\n\n<h4 class=\"wp-block-heading\" id=\"h-analista-em-letras\"><strong>Analista em Letras  <\/strong><\/h4>\n\n\n\n<figure class=\"wp-block-table is-style-stripes\"><table class=\"has-very-light-gray-to-cyan-bluish-gray-gradient-background has-background has-fixed-layout\"><tbody><tr><td class=\"has-text-align-center\" data-align=\"center\"><strong>Disciplinas<\/strong><\/td><td class=\"has-text-align-center\" data-align=\"center\"><strong>N\u00famero de quest\u00f5es <\/strong><\/td><td class=\"has-text-align-center\" data-align=\"center\"><strong>Peso <\/strong><\/td><td class=\"has-text-align-center\" data-align=\"center\"><strong>Total de pontos <\/strong><\/td><\/tr><tr><td class=\"has-text-align-center\" data-align=\"center\">Inform\u00e1tica<\/td><td class=\"has-text-align-center\" data-align=\"center\">4<\/td><td class=\"has-text-align-center\" data-align=\"center\">1<\/td><td class=\"has-text-align-center\" data-align=\"center\">4<\/td><\/tr><tr><td class=\"has-text-align-center\" data-align=\"center\">Racioc\u00ednio L\u00f3gico<\/td><td class=\"has-text-align-center\" data-align=\"center\">4<\/td><td class=\"has-text-align-center\" data-align=\"center\">1<\/td><td class=\"has-text-align-center\" data-align=\"center\">4<\/td><\/tr><tr><td class=\"has-text-align-center\" data-align=\"center\">Conhecimentos Jur\u00eddicos<\/td><td class=\"has-text-align-center\" data-align=\"center\">10<\/td><td class=\"has-text-align-center\" data-align=\"center\">1<\/td><td class=\"has-text-align-center\" data-align=\"center\">10<\/td><\/tr><tr><td class=\"has-text-align-center\" data-align=\"center\">Conhecimentos<br \/>Espec\u00edficos<\/td><td class=\"has-text-align-center\" data-align=\"center\">41<\/td><td class=\"has-text-align-center\" data-align=\"center\">2<\/td><td class=\"has-text-align-center\" data-align=\"center\">82<\/td><\/tr><tr><td class=\"has-text-align-center\" data-align=\"center\"><strong>TOTAL <\/strong><\/td><td class=\"has-text-align-center\" data-align=\"center\"><strong>59<\/strong><\/td><td class=\"has-text-align-center\" data-align=\"center\"><\/td><td class=\"has-text-align-center\" data-align=\"center\"><strong>100<\/strong><\/td><\/tr><\/tbody><\/table><figcaption class=\"wp-element-caption\">Concurso MP SC: Tabela de quest\u00f5es e disciplinas<\/figcaption><\/figure>\n\n\n\n<h4 class=\"wp-block-heading\" id=\"h-analista-em-tecnologia-da-informacao\"><strong>Analista em Tecnologia da Informa\u00e7\u00e3o<\/strong><\/h4>\n\n\n\n<figure class=\"wp-block-table is-style-stripes\"><table class=\"has-very-light-gray-to-cyan-bluish-gray-gradient-background has-background has-fixed-layout\"><tbody><tr><td class=\"has-text-align-center\" data-align=\"center\"><strong>Disciplinas<\/strong><\/td><td class=\"has-text-align-center\" data-align=\"center\"><strong>N\u00famero de quest\u00f5es <\/strong><\/td><td class=\"has-text-align-center\" data-align=\"center\"><strong>Peso <\/strong><\/td><td class=\"has-text-align-center\" data-align=\"center\"><strong>Total de pontos <\/strong><\/td><\/tr><tr><td class=\"has-text-align-center\" data-align=\"center\">Portugu\u00eas<\/td><td class=\"has-text-align-center\" data-align=\"center\">12<\/td><td class=\"has-text-align-center\" data-align=\"center\">1<\/td><td class=\"has-text-align-center\" data-align=\"center\">12<\/td><\/tr><tr><td class=\"has-text-align-center\" data-align=\"center\">Conhecimentos Jur\u00eddicos<\/td><td class=\"has-text-align-center\" data-align=\"center\">10<\/td><td class=\"has-text-align-center\" data-align=\"center\">1<\/td><td class=\"has-text-align-center\" data-align=\"center\">10<\/td><\/tr><tr><td class=\"has-text-align-center\" data-align=\"center\">Conhecimentos<br \/>Espec\u00edficos<\/td><td class=\"has-text-align-center\" data-align=\"center\">52<\/td><td class=\"has-text-align-center\" data-align=\"center\">1,5<\/td><td class=\"has-text-align-center\" data-align=\"center\">78<\/td><\/tr><tr><td class=\"has-text-align-center\" data-align=\"center\"><strong>TOTAL <\/strong><\/td><td class=\"has-text-align-center\" data-align=\"center\"><strong>74<\/strong><\/td><td class=\"has-text-align-center\" data-align=\"center\"><\/td><td class=\"has-text-align-center\" data-align=\"center\"><strong>100<\/strong><\/td><\/tr><\/tbody><\/table><figcaption class=\"wp-element-caption\">Concurso MP SC: Tabela de quest\u00f5es e disciplinas <\/figcaption><\/figure>\n\n\n\n<p>A dura\u00e7\u00e3o das provas objetivas foi de<strong> 4 horas.<\/strong> O n\u00famero de pontos obtidos pelo candidato na prova escrita foi calculado pela soma do n\u00famero de acertos daquela prova multiplicado pelo peso da disciplina. A nota final na primeira etapa foi obtida atrav\u00e9s da <strong>divis\u00e3o do n\u00famero total de pontos obtidos na prova escrita por 10<\/strong>.<br \/><br \/>Foram considerados aprovados na primeira etapa os candidatos que atingirem a <strong>nota m\u00ednima de 6,00<\/strong>. <\/p>\n\n\n\n<h4 class=\"wp-block-heading\" id=\"prova-pratica-mp-sc\">Prova Pr\u00e1tica<\/h4>\n\n\n\n<p>A segunda etapa do concurso p\u00fablico MP SC, <strong>exclusivamente para o cargo de Motorista Oficial<\/strong>, constou de prova pr\u00e1tica, de car\u00e1ter eliminat\u00f3rio, que teve por objetivo avaliar a aptid\u00e3o e os conhecimentos pr\u00e1ticos do candidato para o exerc\u00edcio das atividades inerentes \u00e0 fun\u00e7\u00e3o. No entanto, foram convocados para a prova pr\u00e1tica os candidatos aprovados na prova escrita e classificados do <strong>1\u00ba ao 50\u00ba  lugar<\/strong>.<\/p>\n\n\n\n<p>Os candidatos deveriam comparecer ao local e hor\u00e1rio determinados trajados e cal\u00e7ados adequadamente, de acordo com as normas do C\u00f3digo Nacional de Tr\u00e2nsito, munidos de documento de identifica\u00e7\u00e3o e ou da carteira nacional de habilita\u00e7\u00e3o de categoria D (com foto), n\u00e3o se aceitando c\u00f3pias, mesmo que autenticadas ou qualquer tipo de protocolo.<\/p>\n\n\n\n<p>Procedimentos e tarefas que foram determinados durante a Prova Pr\u00e1tica:<br \/>a) Verifica\u00e7\u00e3o da condi\u00e7\u00e3o de opera\u00e7\u00e3o e seguran\u00e7a do ve\u00edculo;<br \/>b) Ligar o ve\u00edculo;<br \/>c) Manobrar e conduzir o ve\u00edculo por trajeto indicado na Folha de Tarefa;<br \/>d) Parar o ve\u00edculo e retomar a condu\u00e7\u00e3o em aclive e ou declive;<br \/>e) Estacionar o ve\u00edculo com seguran\u00e7a em local indicado pelo avaliador durante o percurso e explicar ao avaliador como procederia no caso de pane ou situa\u00e7\u00e3o de emerg\u00eancia;<br \/>f) Estacionar o ve\u00edculo em local determinado, no exato espa\u00e7o indicado por balizas, marca\u00e7\u00e3o ou pintura no solo;<br \/>g) Desligar o ve\u00edculo realizando todas as tarefas e manobras destinadas a manter a sua seguran\u00e7a;<br \/>h) Manter a postura exigida pela profiss\u00e3o, zelar pela sua seguran\u00e7a, do avaliador e do ve\u00edculo e obedecer estritamente \u00e0s normas do C\u00f3digo de Tr\u00e2nsito Brasileiro.<\/p>\n\n\n\n<figure class=\"wp-block-table is-style-stripes\"><table class=\"has-very-light-gray-to-cyan-bluish-gray-gradient-background has-background\"><tbody><tr><td><strong>ITEM AVALIADO<\/strong><\/td><td class=\"has-text-align-center\" data-align=\"center\">Avalia\u00e7\u00e3o\/pontua\u00e7\u00e3o<\/td><td class=\"has-text-align-center\" data-align=\"center\">Avalia\u00e7\u00e3o\/pontua\u00e7\u00e3o<\/td><\/tr><tr><td><\/td><td class=\"has-text-align-center\" data-align=\"center\"><strong>Atingiu plenamente<\/strong><\/td><td class=\"has-text-align-center\" data-align=\"center\"><strong>Atingiu plenamente<\/strong><\/td><\/tr><tr><td><strong>1. <\/strong>Verifica\u00e7\u00e3o da condi\u00e7\u00e3o e opera\u00e7\u00e3o e seguran\u00e7a<\/td><td class=\"has-text-align-center\" data-align=\"center\">10<\/td><td class=\"has-text-align-center\" data-align=\"center\">5<\/td><\/tr><tr><td><strong>2.<\/strong> Ligar e arrancar com seguran\u00e7a<\/td><td class=\"has-text-align-center\" data-align=\"center\">5<\/td><td class=\"has-text-align-center\" data-align=\"center\">2,5<\/td><\/tr><tr><td><strong>3. <\/strong>Opera\u00e7\u00e3o do ve\u00edculo durante o trajeto indicado<\/td><td class=\"has-text-align-center\" data-align=\"center\">30<\/td><td class=\"has-text-align-center\" data-align=\"center\">15<\/td><\/tr><tr><td><strong>4. <\/strong>Parada e arrancada em aclive e ou declive<\/td><td class=\"has-text-align-center\" data-align=\"center\">10<\/td><td class=\"has-text-align-center\" data-align=\"center\">5<\/td><\/tr><tr><td><strong>5.<\/strong> Estacionamento do ve\u00edculo durante o trajeto<\/td><td class=\"has-text-align-center\" data-align=\"center\">5<\/td><td class=\"has-text-align-center\" data-align=\"center\">2,5<\/td><\/tr><tr><td><strong>6.<\/strong> Resolu\u00e7\u00e3o da situa\u00e7\u00e3o problema<\/td><td class=\"has-text-align-center\" data-align=\"center\">20<\/td><td class=\"has-text-align-center\" data-align=\"center\">10<\/td><\/tr><tr><td><strong>7. <\/strong>Estacionamento e opera\u00e7\u00f5es finais<\/td><td class=\"has-text-align-center\" data-align=\"center\">10<\/td><td class=\"has-text-align-center\" data-align=\"center\">5<\/td><\/tr><tr><td><strong>8.<\/strong> Postura corporal<\/td><td class=\"has-text-align-center\" data-align=\"center\">10<\/td><td class=\"has-text-align-center\" data-align=\"center\">5<\/td><\/tr><tr><td>PONTUA\u00c7\u00c3O M\u00c1XIMA<\/td><td class=\"has-text-align-center\" data-align=\"center\">100<\/td><td class=\"has-text-align-center\" data-align=\"center\">50<\/td><\/tr><\/tbody><\/table><figcaption class=\"wp-element-caption\">Itens avaliados na prova pr\u00e1tica para o certame MP SC<\/figcaption><\/figure>\n\n\n\n<p>Por isso, foi exclu\u00eddo do concurso o candidato que n\u00e3o atingisse o desempenho m\u00ednimo de<strong> 50% dos pontos poss\u00edveis<\/strong> na Prova Pr\u00e1tica, ou seja, <strong>50 pontos<\/strong>.<\/p>\n\n\n\n<h4 class=\"wp-block-heading\" id=\"titulos\">Prova de T\u00edtulos <\/h4>\n\n\n\n<p>Todos os cargos de Analista tiveram Prova de T\u00edtulos, constitu\u00eddas pela an\u00e1lise e pontua\u00e7\u00e3o dos seguintes documentos:<\/p>\n\n\n\n<p>a) Diploma de <strong>P\u00f3s-Doutorado<\/strong>. Pontua\u00e7\u00e3o: <strong>2,0 (dois pontos)<\/strong>;<br \/>b) Diploma de <strong>Doutorado<\/strong>. Pontua\u00e7\u00e3o: <strong>1,5 (um ponto e meio)<\/strong>;<br \/>c) Diploma de <strong>Mestrado<\/strong>. Pontua\u00e7\u00e3o: <strong>1,00 (um ponto)<\/strong>;<br \/>d) Diploma de <strong>Especialista<\/strong>, acompanhado do Hist\u00f3rico Escolar. Pontua\u00e7\u00e3o: <strong>0,5 (meio ponto)<\/strong>;<br \/>e) Diploma de <strong>outra gradua\u00e7\u00e3o <\/strong>em n\u00edvel superior, <strong>exceto<\/strong> aquela exigida como requisito para o provimento do cargo: <strong>0,5 (meio ponto).<\/strong><\/p>\n\n\n\n<p>Em conclus\u00e3o, os t\u00edtulos n\u00e3o foram avaliados cumulativamente. Por\u00e9m, caso o candidato entregasse mais de um diploma, a titula\u00e7\u00e3o seria computada apenas ao de maior valor acad\u00eamico.<\/p>\n\n\n\n<h2 class=\"wp-block-heading has-text-align-center\" id=\"h-quer-saber-tudo-sobre-concursos-previstos-confira-nossos-artigos\">Quer saber tudo sobre concursos previstos? <br \/>Confira nossos artigos!<\/h2>\n\n\n\n<ul class=\"wp-block-list\">\n<li><a href=\"https:\/\/www.estrategiaconcursos.com.br\/blog\/concursos-abertos\/\" target=\"_blank\" rel=\"noreferrer noopener\">Concursos abertos<\/a><\/li>\n\n\n\n<li><a href=\"https:\/\/www.estrategiaconcursos.com.br\/blog\/concursos-mp\/\">Concursos MP<\/a><\/li>\n\n\n\n<li><a href=\"https:\/\/www.estrategiaconcursos.com.br\/blog\/concursos-2026\/\" target=\"_blank\" rel=\"noreferrer noopener\">Concursos 2026<\/a><\/li>\n<\/ul>\n\n\n\n<h2 class=\"wp-block-heading has-text-align-center\" id=\"curso\"><em>Quer estudar para o concurso MPSC?<\/em><\/h2>\n\n\n\n<div class=\"container\" id=\"boxes\">\n  <div class=\"row\">\n\n    <div class=\"col-sm\">\n      <div class=\"banner-tribunal\" id=\"box-assinatura\">\n        <h3 class=\"titulo-assinatura\">Cursos para MP SC<\/h3>\n        <p class=\"subtitulo-assinatura\">Conhe\u00e7a os cursos<\/p>\n        <div class=\"box-botao\">\n          <a class=\"btn-assinatura\" target=\"_blank\" href=\"https:\/\/www.estrategiaconcursos.com.br\/cursosPorConcurso\/ministerio-publico-de-santa-catarina-mp-sc-servidores\/\" rel=\"noopener noreferrer\">Conhe\u00e7a mais<\/a>\n        <\/div>\n      <\/div>\n      <p class=\"texto-auxiliar\"><\/p>\n    <\/div>\n\n  <\/div>\n<\/div>\n\n\n\n<div class=\"container\" id=\"boxes\">\n  <div class=\"row\">\n\n    <div class=\"col-sm\">\n      <div class=\"estrategia\" id=\"box-assinatura\">\n        <h3 class=\"titulo-assinatura\">Assinatura Concursos<\/h3>\n        <p class=\"subtitulo-assinatura\">Assinatura de 1 ano ou 2 anos<\/p>\n        <div class=\"box-botao\">\n          <a class=\"btn-assinatura\" target=\"_blank\" href=\"https:\/\/www.estrategiaconcursos.com.br\/assinaturas\/\" role=\"button\" rel=\"noopener noreferrer\">ASSINE AGORA<\/a>\n        <\/div>\n      <\/div>\n     \n    <\/div><\/div><\/div>\n\n\n\n<figure class=\"wp-block-image is-resized\"><img loading=\"lazy\" decoding=\"async\" width=\"1024\" height=\"632\" src=\"https:\/\/dhg1h5j42swfq.cloudfront.net\/2021\/04\/06153947\/ficha-tecnica-1-1024x632-1.png\" alt=\"ficha t\u00e9cnica para o concurso MP SC\" class=\"wp-image-708668\" style=\"width:190px;height:118px\" srcset=\"https:\/\/dhg1h5j42swfq.cloudfront.net\/2021\/04\/06153947\/ficha-tecnica-1-1024x632-1.png 1024w, https:\/\/dhg1h5j42swfq.cloudfront.net\/2021\/04\/06153947\/ficha-tecnica-1-1024x632-1-300x185.png 300w, https:\/\/dhg1h5j42swfq.cloudfront.net\/2021\/04\/06153947\/ficha-tecnica-1-1024x632-1-768x474.png 768w, https:\/\/dhg1h5j42swfq.cloudfront.net\/2021\/04\/06153947\/ficha-tecnica-1-1024x632-1-610x376.png 610w\" sizes=\"auto, (max-width: 1024px) 100vw, 1024px\" \/><\/figure>\n\n\n\n<h3 class=\"wp-block-heading\" id=\"ficha\">Informa\u00e7\u00f5es do concurso MPSC<\/h3>\n\n\n\n<ul class=\"wp-block-list\">\n<li><strong>Data prova<\/strong>: <s>12 de junho<\/s><\/li>\n\n\n\n<li><strong>Vagas<\/strong>: 50<\/li>\n\n\n\n<li><strong>Cargos<\/strong>: Analista e Auxiliar <\/li>\n\n\n\n<li><strong>Banca<\/strong>:&nbsp;FGV<\/li>\n\n\n\n<li><strong>Escolaridade<\/strong>: n\u00edveis m\u00e9dio e superior<\/li>\n\n\n\n<li><strong>Edital: <a href=\"https:\/\/dhg1h5j42swfq.cloudfront.net\/2022\/03\/24213651\/do_mpsc_2022-03-25-1-1.pdf\" target=\"_blank\" rel=\"noreferrer noopener nofollow\">MP SC 2022<\/a><\/strong><\/li>\n<\/ul>\n","protected":false},"excerpt":{"rendered":"<p>Cria\u00e7\u00e3o de 200 novos cargos aprovada e novo edital do Concurso MP SC esperado! \u00daltimo edital ofertou 50 vagas para n\u00edveis m\u00e9dio e superior Foi aprovada a cria\u00e7\u00e3o de 200 novos cargos para servidores do&nbsp;Minist\u00e9rio P\u00fablico de Santa Catarina (MP SC)! As novas vagas ser\u00e3o de n\u00edvel superior de escolaridade, em especialidades ainda n\u00e3o divulgadas. [&hellip;]<\/p>\n","protected":false},"author":1,"featured_media":994493,"comment_status":"open","ping_status":"closed","sticky":false,"template":"","format":"standard","meta":{"post_tipo":"news_page","footnotes":""},"categories":[1984],"tags":[],"tax_estado":[219987],"class_list":["post-714312","post","type-post","status-publish","format-standard","has-post-thumbnail","hentry","category-tribunais","tax_estado-sc"],"acf":[],"yoast_head":"<!-- This site is optimized with the Yoast SEO Premium plugin v27.2 (Yoast SEO v27.2) - https:\/\/yoast.com\/product\/yoast-seo-premium-wordpress\/ -->\n<title>Concurso MPSC: aprovada a cria\u00e7\u00e3o de 200 novos cargos!<\/title>\n<meta name=\"description\" content=\"Cria\u00e7\u00e3o de 200 novos cargos aprovada e novo edital do Concurso MP SC esperado! \u00daltimo edital ofertou 50 vagas para n\u00edveis m\u00e9dio e superior\" \/>\n<meta name=\"robots\" content=\"index, follow, max-snippet:-1, max-image-preview:large, max-video-preview:-1\" \/>\n<link rel=\"canonical\" href=\"https:\/\/www.estrategiaconcursos.com.br\/blog\/concurso-mp-sc\/\" \/>\n<meta property=\"og:locale\" content=\"pt_BR\" \/>\n<meta property=\"og:type\" content=\"article\" \/>\n<meta property=\"og:title\" content=\"Concurso MPSC: aprovada a cria\u00e7\u00e3o de 200 novos cargos!\" \/>\n<meta property=\"og:description\" content=\"Cria\u00e7\u00e3o de 200 novos cargos aprovada e novo edital do Concurso MP SC esperado! \u00daltimo edital ofertou 50 vagas para n\u00edveis m\u00e9dio e superior\" \/>\n<meta property=\"og:url\" content=\"https:\/\/www.estrategiaconcursos.com.br\/blog\/concurso-mp-sc\/\" \/>\n<meta property=\"og:site_name\" content=\"Estrat\u00e9gia Concursos\" \/>\n<meta property=\"article:author\" content=\"https:\/\/www.facebook.com\/EstrategiaConcursos\" \/>\n<meta property=\"article:published_time\" content=\"2026-03-23T20:30:39+00:00\" \/>\n<meta property=\"article:modified_time\" content=\"2026-03-23T20:30:41+00:00\" \/>\n<meta property=\"og:image\" content=\"https:\/\/dhg1h5j42swfq.cloudfront.net\/2022\/03\/24215440\/mp-sc.jpg\" \/>\n\t<meta property=\"og:image:width\" content=\"768\" \/>\n\t<meta property=\"og:image:height\" content=\"432\" \/>\n\t<meta property=\"og:image:type\" content=\"image\/jpeg\" \/>\n<meta name=\"author\" content=\"Coordena\u00e7\u00e3o\" \/>\n<meta name=\"twitter:card\" content=\"summary_large_image\" \/>\n<meta name=\"twitter:creator\" content=\"@EstratConcursos\" \/>\n<meta name=\"twitter:site\" content=\"@EstratConcursos\" \/>\n<meta name=\"twitter:label1\" content=\"Escrito por\" \/>\n\t<meta name=\"twitter:data1\" content=\"Coordena\u00e7\u00e3o\" \/>\n\t<meta name=\"twitter:label2\" content=\"Est. tempo de leitura\" \/>\n\t<meta name=\"twitter:data2\" content=\"15 minutos\" \/>\n<script type=\"application\/ld+json\" class=\"yoast-schema-graph\">{\"@context\":\"https:\/\/schema.org\",\"@graph\":[{\"@type\":\"NewsArticle\",\"@id\":\"https:\/\/www.estrategiaconcursos.com.br\/blog\/concurso-mp-sc\/#article\",\"isPartOf\":{\"@id\":\"https:\/\/www.estrategiaconcursos.com.br\/blog\/concurso-mp-sc\/\"},\"author\":{\"name\":\"Coordena\u00e7\u00e3o\",\"@id\":\"https:\/\/www.estrategiaconcursos.com.br\/blog\/#\/schema\/person\/b4a388c97673c5f483d72185668afa1f\"},\"headline\":\"Concurso MPSC: aprovada a cria\u00e7\u00e3o de 200 novos cargos!\",\"datePublished\":\"2026-03-23T20:30:39+00:00\",\"dateModified\":\"2026-03-23T20:30:41+00:00\",\"mainEntityOfPage\":{\"@id\":\"https:\/\/www.estrategiaconcursos.com.br\/blog\/concurso-mp-sc\/\"},\"wordCount\":2495,\"commentCount\":0,\"publisher\":{\"@id\":\"https:\/\/www.estrategiaconcursos.com.br\/blog\/#organization\"},\"image\":{\"@id\":\"https:\/\/www.estrategiaconcursos.com.br\/blog\/concurso-mp-sc\/#primaryimage\"},\"thumbnailUrl\":\"https:\/\/dhg1h5j42swfq.cloudfront.net\/2022\/03\/24215440\/mp-sc.jpg\",\"articleSection\":[\"Tribunais\"],\"inLanguage\":\"pt-BR\",\"potentialAction\":[{\"@type\":\"CommentAction\",\"name\":\"Comment\",\"target\":[\"https:\/\/www.estrategiaconcursos.com.br\/blog\/concurso-mp-sc\/#respond\"]}],\"copyrightYear\":\"2026\",\"copyrightHolder\":{\"@id\":\"https:\/\/www.estrategiaconcursos.com.br\/blog\/#organization\"}},{\"@type\":\"WebPage\",\"@id\":\"https:\/\/www.estrategiaconcursos.com.br\/blog\/concurso-mp-sc\/\",\"url\":\"https:\/\/www.estrategiaconcursos.com.br\/blog\/concurso-mp-sc\/\",\"name\":\"Concurso MPSC: aprovada a cria\u00e7\u00e3o de 200 novos cargos!\",\"isPartOf\":{\"@id\":\"https:\/\/www.estrategiaconcursos.com.br\/blog\/#website\"},\"primaryImageOfPage\":{\"@id\":\"https:\/\/www.estrategiaconcursos.com.br\/blog\/concurso-mp-sc\/#primaryimage\"},\"image\":{\"@id\":\"https:\/\/www.estrategiaconcursos.com.br\/blog\/concurso-mp-sc\/#primaryimage\"},\"thumbnailUrl\":\"https:\/\/dhg1h5j42swfq.cloudfront.net\/2022\/03\/24215440\/mp-sc.jpg\",\"datePublished\":\"2026-03-23T20:30:39+00:00\",\"dateModified\":\"2026-03-23T20:30:41+00:00\",\"description\":\"Cria\u00e7\u00e3o de 200 novos cargos aprovada e novo edital do Concurso MP SC esperado! \u00daltimo edital ofertou 50 vagas para n\u00edveis m\u00e9dio e superior\",\"breadcrumb\":{\"@id\":\"https:\/\/www.estrategiaconcursos.com.br\/blog\/concurso-mp-sc\/#breadcrumb\"},\"inLanguage\":\"pt-BR\",\"potentialAction\":[{\"@type\":\"ReadAction\",\"target\":[\"https:\/\/www.estrategiaconcursos.com.br\/blog\/concurso-mp-sc\/\"]}]},{\"@type\":\"ImageObject\",\"inLanguage\":\"pt-BR\",\"@id\":\"https:\/\/www.estrategiaconcursos.com.br\/blog\/concurso-mp-sc\/#primaryimage\",\"url\":\"https:\/\/dhg1h5j42swfq.cloudfront.net\/2022\/03\/24215440\/mp-sc.jpg\",\"contentUrl\":\"https:\/\/dhg1h5j42swfq.cloudfront.net\/2022\/03\/24215440\/mp-sc.jpg\",\"width\":768,\"height\":432,\"caption\":\"CONCURSO MP SC\"},{\"@type\":\"BreadcrumbList\",\"@id\":\"https:\/\/www.estrategiaconcursos.com.br\/blog\/concurso-mp-sc\/#breadcrumb\",\"itemListElement\":[{\"@type\":\"ListItem\",\"position\":1,\"name\":\"In\u00edcio\",\"item\":\"https:\/\/www.estrategiaconcursos.com.br\/blog\/\"},{\"@type\":\"ListItem\",\"position\":2,\"name\":\"Concurso MPSC: aprovada a cria\u00e7\u00e3o de 200 novos cargos!\"}]},{\"@type\":\"WebSite\",\"@id\":\"https:\/\/www.estrategiaconcursos.com.br\/blog\/#website\",\"url\":\"https:\/\/www.estrategiaconcursos.com.br\/blog\/\",\"name\":\"Estrat\u00e9gia Concursos\",\"description\":\"O blog da Estrat\u00e9gia Concursos traz not\u00edcias sobre concursos e artigos de professores oferecendo cursos para concursos (pdf + videaulas) no site.\",\"publisher\":{\"@id\":\"https:\/\/www.estrategiaconcursos.com.br\/blog\/#organization\"},\"potentialAction\":[{\"@type\":\"SearchAction\",\"target\":{\"@type\":\"EntryPoint\",\"urlTemplate\":\"https:\/\/www.estrategiaconcursos.com.br\/blog\/?s={search_term_string}\"},\"query-input\":{\"@type\":\"PropertyValueSpecification\",\"valueRequired\":true,\"valueName\":\"search_term_string\"}}],\"inLanguage\":\"pt-BR\"},{\"@type\":\"Organization\",\"@id\":\"https:\/\/www.estrategiaconcursos.com.br\/blog\/#organization\",\"name\":\"Estrat\u00e9gia Concursos\",\"url\":\"https:\/\/www.estrategiaconcursos.com.br\/blog\/\",\"logo\":{\"@type\":\"ImageObject\",\"inLanguage\":\"pt-BR\",\"@id\":\"https:\/\/www.estrategiaconcursos.com.br\/blog\/#\/schema\/logo\/image\/\",\"url\":\"https:\/\/dhg1h5j42swfq.cloudfront.net\/2025\/06\/03203428\/logo_concursos-1.jpg\",\"contentUrl\":\"https:\/\/dhg1h5j42swfq.cloudfront.net\/2025\/06\/03203428\/logo_concursos-1.jpg\",\"width\":230,\"height\":60,\"caption\":\"Estrat\u00e9gia Concursos\"},\"image\":{\"@id\":\"https:\/\/www.estrategiaconcursos.com.br\/blog\/#\/schema\/logo\/image\/\"},\"sameAs\":[\"https:\/\/x.com\/EstratConcursos\"]},{\"@type\":\"Person\",\"@id\":\"https:\/\/www.estrategiaconcursos.com.br\/blog\/#\/schema\/person\/b4a388c97673c5f483d72185668afa1f\",\"name\":\"Coordena\u00e7\u00e3o\",\"image\":{\"@type\":\"ImageObject\",\"inLanguage\":\"pt-BR\",\"@id\":\"https:\/\/secure.gravatar.com\/avatar\/b720319e4c9a967eb58678d110f4fe35452fc5d5f97b202bac7b8acceb18c6ad?s=96&d=mm&r=g\",\"url\":\"https:\/\/secure.gravatar.com\/avatar\/b720319e4c9a967eb58678d110f4fe35452fc5d5f97b202bac7b8acceb18c6ad?s=96&d=mm&r=g\",\"contentUrl\":\"https:\/\/secure.gravatar.com\/avatar\/b720319e4c9a967eb58678d110f4fe35452fc5d5f97b202bac7b8acceb18c6ad?s=96&d=mm&r=g\",\"caption\":\"Coordena\u00e7\u00e3o\"},\"sameAs\":[\"https:\/\/www.facebook.com\/EstrategiaConcursos\",\"https:\/\/x.com\/EstratConcursos\"],\"url\":\"https:\/\/www.estrategiaconcursos.com.br\/blog\/author\/estrategia2013\/\"}]}<\/script>\n<!-- \/ Yoast SEO Premium plugin. -->","yoast_head_json":{"title":"Concurso MPSC: aprovada a cria\u00e7\u00e3o de 200 novos cargos!","description":"Cria\u00e7\u00e3o de 200 novos cargos aprovada e novo edital do Concurso MP SC esperado! \u00daltimo edital ofertou 50 vagas para n\u00edveis m\u00e9dio e superior","robots":{"index":"index","follow":"follow","max-snippet":"max-snippet:-1","max-image-preview":"max-image-preview:large","max-video-preview":"max-video-preview:-1"},"canonical":"https:\/\/www.estrategiaconcursos.com.br\/blog\/concurso-mp-sc\/","og_locale":"pt_BR","og_type":"article","og_title":"Concurso MPSC: aprovada a cria\u00e7\u00e3o de 200 novos cargos!","og_description":"Cria\u00e7\u00e3o de 200 novos cargos aprovada e novo edital do Concurso MP SC esperado! \u00daltimo edital ofertou 50 vagas para n\u00edveis m\u00e9dio e superior","og_url":"https:\/\/www.estrategiaconcursos.com.br\/blog\/concurso-mp-sc\/","og_site_name":"Estrat\u00e9gia Concursos","article_author":"https:\/\/www.facebook.com\/EstrategiaConcursos","article_published_time":"2026-03-23T20:30:39+00:00","article_modified_time":"2026-03-23T20:30:41+00:00","og_image":[{"width":768,"height":432,"url":"https:\/\/dhg1h5j42swfq.cloudfront.net\/2022\/03\/24215440\/mp-sc.jpg","type":"image\/jpeg"}],"author":"Coordena\u00e7\u00e3o","twitter_card":"summary_large_image","twitter_creator":"@EstratConcursos","twitter_site":"@EstratConcursos","twitter_misc":{"Escrito por":"Coordena\u00e7\u00e3o","Est. tempo de leitura":"15 minutos"},"schema":{"@context":"https:\/\/schema.org","@graph":[{"@type":"NewsArticle","@id":"https:\/\/www.estrategiaconcursos.com.br\/blog\/concurso-mp-sc\/#article","isPartOf":{"@id":"https:\/\/www.estrategiaconcursos.com.br\/blog\/concurso-mp-sc\/"},"author":{"name":"Coordena\u00e7\u00e3o","@id":"https:\/\/www.estrategiaconcursos.com.br\/blog\/#\/schema\/person\/b4a388c97673c5f483d72185668afa1f"},"headline":"Concurso MPSC: aprovada a cria\u00e7\u00e3o de 200 novos cargos!","datePublished":"2026-03-23T20:30:39+00:00","dateModified":"2026-03-23T20:30:41+00:00","mainEntityOfPage":{"@id":"https:\/\/www.estrategiaconcursos.com.br\/blog\/concurso-mp-sc\/"},"wordCount":2495,"commentCount":0,"publisher":{"@id":"https:\/\/www.estrategiaconcursos.com.br\/blog\/#organization"},"image":{"@id":"https:\/\/www.estrategiaconcursos.com.br\/blog\/concurso-mp-sc\/#primaryimage"},"thumbnailUrl":"https:\/\/dhg1h5j42swfq.cloudfront.net\/2022\/03\/24215440\/mp-sc.jpg","articleSection":["Tribunais"],"inLanguage":"pt-BR","potentialAction":[{"@type":"CommentAction","name":"Comment","target":["https:\/\/www.estrategiaconcursos.com.br\/blog\/concurso-mp-sc\/#respond"]}],"copyrightYear":"2026","copyrightHolder":{"@id":"https:\/\/www.estrategiaconcursos.com.br\/blog\/#organization"}},{"@type":"WebPage","@id":"https:\/\/www.estrategiaconcursos.com.br\/blog\/concurso-mp-sc\/","url":"https:\/\/www.estrategiaconcursos.com.br\/blog\/concurso-mp-sc\/","name":"Concurso MPSC: aprovada a cria\u00e7\u00e3o de 200 novos cargos!","isPartOf":{"@id":"https:\/\/www.estrategiaconcursos.com.br\/blog\/#website"},"primaryImageOfPage":{"@id":"https:\/\/www.estrategiaconcursos.com.br\/blog\/concurso-mp-sc\/#primaryimage"},"image":{"@id":"https:\/\/www.estrategiaconcursos.com.br\/blog\/concurso-mp-sc\/#primaryimage"},"thumbnailUrl":"https:\/\/dhg1h5j42swfq.cloudfront.net\/2022\/03\/24215440\/mp-sc.jpg","datePublished":"2026-03-23T20:30:39+00:00","dateModified":"2026-03-23T20:30:41+00:00","description":"Cria\u00e7\u00e3o de 200 novos cargos aprovada e novo edital do Concurso MP SC esperado! \u00daltimo edital ofertou 50 vagas para n\u00edveis m\u00e9dio e superior","breadcrumb":{"@id":"https:\/\/www.estrategiaconcursos.com.br\/blog\/concurso-mp-sc\/#breadcrumb"},"inLanguage":"pt-BR","potentialAction":[{"@type":"ReadAction","target":["https:\/\/www.estrategiaconcursos.com.br\/blog\/concurso-mp-sc\/"]}]},{"@type":"ImageObject","inLanguage":"pt-BR","@id":"https:\/\/www.estrategiaconcursos.com.br\/blog\/concurso-mp-sc\/#primaryimage","url":"https:\/\/dhg1h5j42swfq.cloudfront.net\/2022\/03\/24215440\/mp-sc.jpg","contentUrl":"https:\/\/dhg1h5j42swfq.cloudfront.net\/2022\/03\/24215440\/mp-sc.jpg","width":768,"height":432,"caption":"CONCURSO MP SC"},{"@type":"BreadcrumbList","@id":"https:\/\/www.estrategiaconcursos.com.br\/blog\/concurso-mp-sc\/#breadcrumb","itemListElement":[{"@type":"ListItem","position":1,"name":"In\u00edcio","item":"https:\/\/www.estrategiaconcursos.com.br\/blog\/"},{"@type":"ListItem","position":2,"name":"Concurso MPSC: aprovada a cria\u00e7\u00e3o de 200 novos cargos!"}]},{"@type":"WebSite","@id":"https:\/\/www.estrategiaconcursos.com.br\/blog\/#website","url":"https:\/\/www.estrategiaconcursos.com.br\/blog\/","name":"Estrat\u00e9gia Concursos","description":"O blog da Estrat\u00e9gia Concursos traz not\u00edcias sobre concursos e artigos de professores oferecendo cursos para concursos (pdf + videaulas) no site.","publisher":{"@id":"https:\/\/www.estrategiaconcursos.com.br\/blog\/#organization"},"potentialAction":[{"@type":"SearchAction","target":{"@type":"EntryPoint","urlTemplate":"https:\/\/www.estrategiaconcursos.com.br\/blog\/?s={search_term_string}"},"query-input":{"@type":"PropertyValueSpecification","valueRequired":true,"valueName":"search_term_string"}}],"inLanguage":"pt-BR"},{"@type":"Organization","@id":"https:\/\/www.estrategiaconcursos.com.br\/blog\/#organization","name":"Estrat\u00e9gia Concursos","url":"https:\/\/www.estrategiaconcursos.com.br\/blog\/","logo":{"@type":"ImageObject","inLanguage":"pt-BR","@id":"https:\/\/www.estrategiaconcursos.com.br\/blog\/#\/schema\/logo\/image\/","url":"https:\/\/dhg1h5j42swfq.cloudfront.net\/2025\/06\/03203428\/logo_concursos-1.jpg","contentUrl":"https:\/\/dhg1h5j42swfq.cloudfront.net\/2025\/06\/03203428\/logo_concursos-1.jpg","width":230,"height":60,"caption":"Estrat\u00e9gia Concursos"},"image":{"@id":"https:\/\/www.estrategiaconcursos.com.br\/blog\/#\/schema\/logo\/image\/"},"sameAs":["https:\/\/x.com\/EstratConcursos"]},{"@type":"Person","@id":"https:\/\/www.estrategiaconcursos.com.br\/blog\/#\/schema\/person\/b4a388c97673c5f483d72185668afa1f","name":"Coordena\u00e7\u00e3o","image":{"@type":"ImageObject","inLanguage":"pt-BR","@id":"https:\/\/secure.gravatar.com\/avatar\/b720319e4c9a967eb58678d110f4fe35452fc5d5f97b202bac7b8acceb18c6ad?s=96&d=mm&r=g","url":"https:\/\/secure.gravatar.com\/avatar\/b720319e4c9a967eb58678d110f4fe35452fc5d5f97b202bac7b8acceb18c6ad?s=96&d=mm&r=g","contentUrl":"https:\/\/secure.gravatar.com\/avatar\/b720319e4c9a967eb58678d110f4fe35452fc5d5f97b202bac7b8acceb18c6ad?s=96&d=mm&r=g","caption":"Coordena\u00e7\u00e3o"},"sameAs":["https:\/\/www.facebook.com\/EstrategiaConcursos","https:\/\/x.com\/EstratConcursos"],"url":"https:\/\/www.estrategiaconcursos.com.br\/blog\/author\/estrategia2013\/"}]}},"_links":{"self":[{"href":"https:\/\/www.estrategiaconcursos.com.br\/blog\/wp-json\/wp\/v2\/posts\/714312","targetHints":{"allow":["GET"]}}],"collection":[{"href":"https:\/\/www.estrategiaconcursos.com.br\/blog\/wp-json\/wp\/v2\/posts"}],"about":[{"href":"https:\/\/www.estrategiaconcursos.com.br\/blog\/wp-json\/wp\/v2\/types\/post"}],"author":[{"embeddable":true,"href":"https:\/\/www.estrategiaconcursos.com.br\/blog\/wp-json\/wp\/v2\/users\/1"}],"replies":[{"embeddable":true,"href":"https:\/\/www.estrategiaconcursos.com.br\/blog\/wp-json\/wp\/v2\/comments?post=714312"}],"version-history":[{"count":149,"href":"https:\/\/www.estrategiaconcursos.com.br\/blog\/wp-json\/wp\/v2\/posts\/714312\/revisions"}],"predecessor-version":[{"id":1738947,"href":"https:\/\/www.estrategiaconcursos.com.br\/blog\/wp-json\/wp\/v2\/posts\/714312\/revisions\/1738947"}],"wp:featuredmedia":[{"embeddable":true,"href":"https:\/\/www.estrategiaconcursos.com.br\/blog\/wp-json\/wp\/v2\/media\/994493"}],"wp:attachment":[{"href":"https:\/\/www.estrategiaconcursos.com.br\/blog\/wp-json\/wp\/v2\/media?parent=714312"}],"wp:term":[{"taxonomy":"category","embeddable":true,"href":"https:\/\/www.estrategiaconcursos.com.br\/blog\/wp-json\/wp\/v2\/categories?post=714312"},{"taxonomy":"post_tag","embeddable":true,"href":"https:\/\/www.estrategiaconcursos.com.br\/blog\/wp-json\/wp\/v2\/tags?post=714312"},{"taxonomy":"tax_estado","embeddable":true,"href":"https:\/\/www.estrategiaconcursos.com.br\/blog\/wp-json\/wp\/v2\/tax_estado?post=714312"}],"curies":[{"name":"wp","href":"https:\/\/api.w.org\/{rel}","templated":true}]}}