{"id":711345,"date":"2021-04-09T20:02:06","date_gmt":"2021-04-09T23:02:06","guid":{"rendered":"https:\/\/www.estrategiaconcursos.com.br\/blog\/?p=711345"},"modified":"2021-04-12T16:15:31","modified_gmt":"2021-04-12T19:15:31","slug":"prf-abre-prazo-para-candidatos-alterarem-a-opcao-de-lingua-estrangeira","status":"publish","type":"post","link":"https:\/\/www.estrategiaconcursos.com.br\/blog\/prf-abre-prazo-para-candidatos-alterarem-a-opcao-de-lingua-estrangeira\/","title":{"rendered":"PRF abre prazo para candidatos alterarem a op\u00e7\u00e3o de l\u00edngua estrangeira"},"content":{"rendered":"\n<p>Em <a href=\"https:\/\/cdn.cebraspe.org.br\/concursos\/PRF_21\/arquivos\/ED_6_PRF_2021_OPO_LINGUA_ESTRANGEIRA.PDF\" target=\"_blank\" rel=\"noreferrer noopener\">comunicado<\/a> publicado no site do Cebraspe, a PRF (Pol\u00edcia Rodovi\u00e1ria Federal) anunciou a abertura de prazo para que os candidatos realizem o preenchimento ou a altera\u00e7\u00e3o da l\u00edngua estrangeira. Os candidatos podem escolher entre ingl\u00eas e espanhol.<\/p>\n\n\n\n<p>O per\u00edodo para realizar a altera\u00e7\u00e3o come\u00e7a \u00e0s <strong>10 horas do dia 12 de abril&nbsp; e vai at\u00e9 \u00e0s 18 horas do dia 16 de abril<\/strong>.<\/p>\n\n\n\n<p>A corpora\u00e7\u00e3o ir\u00e1 abrir o prazo pois alguns candidatos n\u00e3o conseguiram selecionar a op\u00e7\u00e3o de l\u00edngua estrangeira no momento da inscri\u00e7\u00e3o por conta de um problema t\u00e9cnico que ocasionou no n\u00e3o registro da op\u00e7\u00e3o.&nbsp;<\/p>\n\n\n\n<p>Para os candidatos que n\u00e3o marcarem nenhuma op\u00e7\u00e3o dentro do per\u00edodo estabelecido, ser\u00e1 considerada a op\u00e7\u00e3o de l\u00edngua inglesa.<\/p>\n\n\n\n<p>O documento traz as seguintes instru\u00e7\u00f5es para a efetuar o preenchimento ou a altera\u00e7\u00e3o da op\u00e7\u00e3o de l\u00edngua estrangeira:<\/p>\n\n\n\n<ol class=\"wp-block-list\"><li>Acessar a p\u00e1gina do Cebraspe, endere\u00e7o eletr\u00f4nico http:\/\/www.cebraspe.org.br\/;&nbsp;<\/li><li>Acessar a p\u00e1gina de acompanhamento por meio do bot\u00e3o \u201cP\u00e1gina de Acompanhamento\u201d situado na parte superior da p\u00e1gina eletr\u00f4nica do Cebraspe;&nbsp;<\/li><li>Realizar o login (autentica\u00e7\u00e3o por meio de CPF e senha);&nbsp;<\/li><li>Acessar a op\u00e7\u00e3o \u201cConcursos Inscritos\u201d;<\/li><li>Acessar o evento PRF_21;&nbsp;<\/li><li>Realizar a escolha da op\u00e7\u00e3o de l\u00edngua estrangeira (ingl\u00eas ou espanhol) e clicar no bot\u00e3o \u201cGravar\u201d.&nbsp;<\/li><\/ol>\n\n\n\n<p class=\"has-text-align-center has-cyan-bluish-gray-background-color has-background\"><strong><a href=\"https:\/\/cdn.cebraspe.org.br\/concursos\/PRF_21\/arquivos\/ED_6_PRF_2021_OPO_LINGUA_ESTRANGEIRA.PDF\" target=\"_blank\" rel=\"noreferrer noopener\">Confira o comunicado na \u00edntegra <\/a><\/strong><\/p>\n\n\n\n<p><\/p>\n\n\n\n<h2 class=\"wp-block-heading\" id=\"h-informa-es-do-concurso-prf\">Informa\u00e7\u00f5es do concurso PRF<\/h2>\n\n\n\n<p>O edital do concurso da PRF oferece 1.500 vagas imediatas, sendo 1.125 para ampla concorr\u00eancia, 300 para negros e 75 para candidatos com defici\u00eancia. A remunera\u00e7\u00e3o de um Policial Rodovi\u00e1rio Federal \u00e9 em forma de subs\u00eddio. O subs\u00eddio inicial \u00e9 de R$ 9.899,88.<\/p>\n\n\n\n<p><\/p>\n\n\n\n<h2 class=\"wp-block-heading\" id=\"h-etapas-do-concurso-prf\">Etapas do concurso PRF<\/h2>\n\n\n\n<p>O concurso da Pol\u00edcia Rodovi\u00e1ria Federal \u00e9 constitu\u00eddo pelas seguintes etapas:<\/p>\n\n\n\n<p>1\u00aa etapa:<\/p>\n\n\n\n<ul class=\"wp-block-list\"><li>Prova objetiva e discursiva \u2013 car\u00e1ter eliminat\u00f3rio e classificat\u00f3rio;<\/li><li>Exame de aptid\u00e3o f\u00edsica \u2013 car\u00e1ter eliminat\u00f3rio e classificat\u00f3rio;<\/li><li>Avalia\u00e7\u00e3o de sa\u00fade \u2013 car\u00e1ter eliminat\u00f3rio;<\/li><li>Avalia\u00e7\u00e3o psicol\u00f3gica \u2013 car\u00e1ter eliminat\u00f3rio;<\/li><li>Avalia\u00e7\u00e3o de t\u00edtulos \u2013 car\u00e1ter eliminat\u00f3rio;<\/li><li>Investiga\u00e7\u00e3o social \u2013 car\u00e1ter classificat\u00f3rio.<\/li><\/ul>\n\n\n\n<p>2\u00aa etapa:<\/p>\n\n\n\n<ul class=\"wp-block-list\"><li>Curso de Forma\u00e7\u00e3o Profissional \u2013 car\u00e1ter eliminat\u00f3rio.<\/li><\/ul>\n\n\n\n<p class=\"has-text-align-center\"><strong>Quer saber mais sobre o concurso PRF? Acesse o link abaixo, preparamos um artigo completo para voc\u00ea!<\/strong><\/p>\n\n\n\n<p class=\"has-text-align-center has-cyan-bluish-gray-background-color has-background\"><strong>Saiba mais: <a href=\"https:\/\/www.estrategiaconcursos.com.br\/blog\/concurso-prf-3\/\" target=\"_blank\" rel=\"noreferrer noopener\">concurso PRF<\/a><\/strong><\/p>\n\n\n\n<h2 class=\"has-text-align-center wp-block-heading\" id=\"h-quer-estudar-para-o-concurso-prf\">Quer estudar para o concurso PRF?<\/h2>\n\n\n\n<hr class=\"wp-block-separator\"\/>\n\n\n\n<div class=\"container\" id=\"boxes\">\n  <div class=\"row\">\n\n    <div class=\"col-sm\">\n      <div class=\"banner-estrategia\" id=\"box-assinatura\">\n        <h3 class=\"titulo-assinatura\">Curso PRF<\/h3>\n        <p class=\"subtitulo-assinatura\">Estude conosco<\/p>\n        <div class=\"box-botao\">\n          <a class=\"btn-assinatura\" target=\"_blank\" href=\"https:\/\/www.estrategiaconcursos.com.br\/cursosPorConcurso\/prf-policial-rodoviario-federal\/\" rel=\"noopener noreferrer\">Conhe\u00e7a os cursos<\/a>\n        <\/div>\n      <\/div>\n    \n    <\/div>\n\n  <\/div>\n<\/div>\n\n\n\n<div class=\"container\" id=\"boxes\">\n  <div class=\"row\">\n\n    <div class=\"col-sm\">\n      <div class=\"estrategia\" id=\"box-assinatura\">\n        <h3 class=\"titulo-assinatura\">Assinatura de Concursos<\/h3>\n        <p class=\"subtitulo-assinatura\">Assinatura Anual Ilimitada*<\/p>\n        <div class=\"box-botao\">\n          <a class=\"btn-assinatura\" target=\"_blank\" href=\"https:\/\/www.estrategiaconcursos.com.br\/assinaturas\/\" role=\"button\" rel=\"noopener noreferrer\">ASSINE AGORA<\/a>\n        <\/div>\n      <\/div>\n      <p class=\"texto-auxiliar\"><\/p>\n    <\/div>\n\n    <div class=\"col-sm\">\n      <div class=\"questoes\" id=\"box-assinatura\">\n        <h3 class=\"titulo-assinatura\">Sistema de Quest\u00f5es<\/h3>\n        <p class=\"subtitulo-assinatura\">Assinatura Ilimitada*\n<\/p>\n        <div class=\"box-botao\">\n          <a class=\"btn-assinatura\" target=\"_blank\" href=\"https:\/\/questoes.estrategiaconcursos.com.br\/\" role=\"button\" rel=\"noopener noreferrer\">ASSINE AGORA<\/a>\n        <\/div>\n      <\/div>\n      <p class=\"texto-auxiliar\"><\/p>\n    <\/div>\n  <\/div>\n<\/div>\n\n\n\n<div class=\"container\" id=\"boxes\">\n  <div class=\"row\">\n\n    <div class=\"col-sm\" id=\"boxes-concursos\">\n      <div style=\"background-color: #005DAD;\" class=\"conteudo-concursos\" id=\"box-concursos\">\n        <h3 class=\"titulo-assinatura\">Concursos Abertos<\/h3>\n        <p class=\"subtitulo-assinatura\">mais de 15 mil vagas<\/p>\n        <div class=\"box-botao\">\n          <a class=\"btn-assinatura\" target=\"_blank\" href=\"https:\/\/www.estrategiaconcursos.com.br\/blog\/concursos-abertos\/\" role=\"button\" rel=\"noopener noreferrer\">Conhe\u00e7a Agora<\/a>\n        <\/div>\n      <\/div>\n    <\/div>\n\n    <div class=\"col-sm\" id=\"boxes-concursos\">\n      <div style=\"background-color: #419FF0;\" class=\"conteudo-concursos\" id=\"box-concursos\">\n        <h3 class=\"titulo-assinatura\">Concursos 2021<\/h3>\n        <p class=\"subtitulo-assinatura\">mais de 50 mil vagas<\/p>\n        <div class=\"box-botao\">\n          <a class=\"btn-assinatura\" target=\"_blank\" href=\"https:\/\/www.estrategiaconcursos.com.br\/blog\/concursos-2021\/\" role=\"button\" rel=\"noopener noreferrer\">Conhe\u00e7a Agora<\/a>\n        <\/div>\n      <\/div>\n    <\/div>\n\n  <\/div>\n<\/div>\n","protected":false},"excerpt":{"rendered":"<p>Em comunicado publicado no site do Cebraspe, a PRF (Pol\u00edcia Rodovi\u00e1ria Federal) anunciou a abertura de prazo para que os candidatos realizem o preenchimento ou a altera\u00e7\u00e3o da l\u00edngua estrangeira. Os candidatos podem escolher entre ingl\u00eas e espanhol. O per\u00edodo para realizar a altera\u00e7\u00e3o come\u00e7a \u00e0s 10 horas do dia 12 de abril&nbsp; e vai [&hellip;]<\/p>\n","protected":false},"author":1,"featured_media":691339,"comment_status":"open","ping_status":"closed","sticky":false,"template":"","format":"standard","meta":{"post_tipo":"news","footnotes":""},"categories":[1988],"tags":[],"tax_estado":[219963],"class_list":["post-711345","post","type-post","status-publish","format-standard","has-post-thumbnail","hentry","category-policia","tax_estado-concursos-federais"],"acf":[],"yoast_head":"<!-- This site is optimized with the Yoast SEO Premium plugin v27.2 (Yoast SEO v27.2) - https:\/\/yoast.com\/product\/yoast-seo-premium-wordpress\/ -->\n<title>PRF abre prazo para candidatos alterarem a op\u00e7\u00e3o de l\u00edngua estrangeira<\/title>\n<meta name=\"description\" content=\"A PRF anunciou a abertura de prazo para que os candidatos assinalem ou a alterem a op\u00e7\u00e3o de l\u00edngua estrangeira.\" \/>\n<meta name=\"robots\" content=\"index, follow, max-snippet:-1, max-image-preview:large, max-video-preview:-1\" \/>\n<link rel=\"canonical\" href=\"https:\/\/www.estrategiaconcursos.com.br\/blog\/prf-abre-prazo-para-candidatos-alterarem-a-opcao-de-lingua-estrangeira\/\" \/>\n<meta property=\"og:locale\" content=\"pt_BR\" \/>\n<meta property=\"og:type\" content=\"article\" \/>\n<meta property=\"og:title\" content=\"PRF abre prazo para candidatos alterarem a op\u00e7\u00e3o de l\u00edngua estrangeira\" \/>\n<meta property=\"og:description\" content=\"A PRF anunciou a abertura de prazo para que os candidatos assinalem ou a alterem a op\u00e7\u00e3o de l\u00edngua estrangeira.\" \/>\n<meta property=\"og:url\" content=\"https:\/\/www.estrategiaconcursos.com.br\/blog\/prf-abre-prazo-para-candidatos-alterarem-a-opcao-de-lingua-estrangeira\/\" \/>\n<meta property=\"og:site_name\" content=\"Estrat\u00e9gia Concursos\" \/>\n<meta property=\"article:author\" content=\"https:\/\/www.facebook.com\/EstrategiaConcursos\" \/>\n<meta property=\"article:published_time\" content=\"2021-04-09T23:02:06+00:00\" \/>\n<meta property=\"article:modified_time\" content=\"2021-04-12T19:15:31+00:00\" \/>\n<meta property=\"og:image\" content=\"https:\/\/dhg1h5j42swfq.cloudfront.net\/2021\/03\/11185640\/reta-final-prf.png\" \/>\n\t<meta property=\"og:image:width\" content=\"414\" \/>\n\t<meta property=\"og:image:height\" content=\"183\" \/>\n\t<meta property=\"og:image:type\" content=\"image\/png\" \/>\n<meta name=\"author\" content=\"Coordena\u00e7\u00e3o\" \/>\n<meta name=\"twitter:card\" content=\"summary_large_image\" \/>\n<meta name=\"twitter:creator\" content=\"@EstratConcursos\" \/>\n<meta name=\"twitter:site\" content=\"@EstratConcursos\" \/>\n<meta name=\"twitter:label1\" content=\"Escrito por\" \/>\n\t<meta name=\"twitter:data1\" content=\"Coordena\u00e7\u00e3o\" \/>\n\t<meta name=\"twitter:label2\" content=\"Est. tempo de leitura\" \/>\n\t<meta name=\"twitter:data2\" content=\"2 minutos\" \/>\n<script type=\"application\/ld+json\" class=\"yoast-schema-graph\">{\"@context\":\"https:\/\/schema.org\",\"@graph\":[{\"@type\":\"NewsArticle\",\"@id\":\"https:\/\/www.estrategiaconcursos.com.br\/blog\/prf-abre-prazo-para-candidatos-alterarem-a-opcao-de-lingua-estrangeira\/#article\",\"isPartOf\":{\"@id\":\"https:\/\/www.estrategiaconcursos.com.br\/blog\/prf-abre-prazo-para-candidatos-alterarem-a-opcao-de-lingua-estrangeira\/\"},\"author\":{\"name\":\"Coordena\u00e7\u00e3o\",\"@id\":\"https:\/\/www.estrategiaconcursos.com.br\/blog\/#\/schema\/person\/b4a388c97673c5f483d72185668afa1f\"},\"headline\":\"PRF abre prazo para candidatos alterarem a op\u00e7\u00e3o de l\u00edngua estrangeira\",\"datePublished\":\"2021-04-09T23:02:06+00:00\",\"dateModified\":\"2021-04-12T19:15:31+00:00\",\"mainEntityOfPage\":{\"@id\":\"https:\/\/www.estrategiaconcursos.com.br\/blog\/prf-abre-prazo-para-candidatos-alterarem-a-opcao-de-lingua-estrangeira\/\"},\"wordCount\":464,\"commentCount\":0,\"publisher\":{\"@id\":\"https:\/\/www.estrategiaconcursos.com.br\/blog\/#organization\"},\"image\":{\"@id\":\"https:\/\/www.estrategiaconcursos.com.br\/blog\/prf-abre-prazo-para-candidatos-alterarem-a-opcao-de-lingua-estrangeira\/#primaryimage\"},\"thumbnailUrl\":\"https:\/\/dhg1h5j42swfq.cloudfront.net\/2021\/03\/11185640\/reta-final-prf.png\",\"articleSection\":[\"Policial (Agente, Escriv\u00e3o e Investigador)\"],\"inLanguage\":\"pt-BR\",\"potentialAction\":[{\"@type\":\"CommentAction\",\"name\":\"Comment\",\"target\":[\"https:\/\/www.estrategiaconcursos.com.br\/blog\/prf-abre-prazo-para-candidatos-alterarem-a-opcao-de-lingua-estrangeira\/#respond\"]}],\"copyrightYear\":\"2021\",\"copyrightHolder\":{\"@id\":\"https:\/\/www.estrategiaconcursos.com.br\/blog\/#organization\"}},{\"@type\":\"WebPage\",\"@id\":\"https:\/\/www.estrategiaconcursos.com.br\/blog\/prf-abre-prazo-para-candidatos-alterarem-a-opcao-de-lingua-estrangeira\/\",\"url\":\"https:\/\/www.estrategiaconcursos.com.br\/blog\/prf-abre-prazo-para-candidatos-alterarem-a-opcao-de-lingua-estrangeira\/\",\"name\":\"PRF abre prazo para candidatos alterarem a op\u00e7\u00e3o de l\u00edngua estrangeira\",\"isPartOf\":{\"@id\":\"https:\/\/www.estrategiaconcursos.com.br\/blog\/#website\"},\"primaryImageOfPage\":{\"@id\":\"https:\/\/www.estrategiaconcursos.com.br\/blog\/prf-abre-prazo-para-candidatos-alterarem-a-opcao-de-lingua-estrangeira\/#primaryimage\"},\"image\":{\"@id\":\"https:\/\/www.estrategiaconcursos.com.br\/blog\/prf-abre-prazo-para-candidatos-alterarem-a-opcao-de-lingua-estrangeira\/#primaryimage\"},\"thumbnailUrl\":\"https:\/\/dhg1h5j42swfq.cloudfront.net\/2021\/03\/11185640\/reta-final-prf.png\",\"datePublished\":\"2021-04-09T23:02:06+00:00\",\"dateModified\":\"2021-04-12T19:15:31+00:00\",\"description\":\"A PRF anunciou a abertura de prazo para que os candidatos assinalem ou a alterem a op\u00e7\u00e3o de l\u00edngua estrangeira.\",\"breadcrumb\":{\"@id\":\"https:\/\/www.estrategiaconcursos.com.br\/blog\/prf-abre-prazo-para-candidatos-alterarem-a-opcao-de-lingua-estrangeira\/#breadcrumb\"},\"inLanguage\":\"pt-BR\",\"potentialAction\":[{\"@type\":\"ReadAction\",\"target\":[\"https:\/\/www.estrategiaconcursos.com.br\/blog\/prf-abre-prazo-para-candidatos-alterarem-a-opcao-de-lingua-estrangeira\/\"]}]},{\"@type\":\"ImageObject\",\"inLanguage\":\"pt-BR\",\"@id\":\"https:\/\/www.estrategiaconcursos.com.br\/blog\/prf-abre-prazo-para-candidatos-alterarem-a-opcao-de-lingua-estrangeira\/#primaryimage\",\"url\":\"https:\/\/dhg1h5j42swfq.cloudfront.net\/2021\/03\/11185640\/reta-final-prf.png\",\"contentUrl\":\"https:\/\/dhg1h5j42swfq.cloudfront.net\/2021\/03\/11185640\/reta-final-prf.png\",\"width\":414,\"height\":183,\"caption\":\"Reta Final PRF\"},{\"@type\":\"BreadcrumbList\",\"@id\":\"https:\/\/www.estrategiaconcursos.com.br\/blog\/prf-abre-prazo-para-candidatos-alterarem-a-opcao-de-lingua-estrangeira\/#breadcrumb\",\"itemListElement\":[{\"@type\":\"ListItem\",\"position\":1,\"name\":\"In\u00edcio\",\"item\":\"https:\/\/www.estrategiaconcursos.com.br\/blog\/\"},{\"@type\":\"ListItem\",\"position\":2,\"name\":\"PRF abre prazo para candidatos alterarem a op\u00e7\u00e3o de l\u00edngua estrangeira\"}]},{\"@type\":\"WebSite\",\"@id\":\"https:\/\/www.estrategiaconcursos.com.br\/blog\/#website\",\"url\":\"https:\/\/www.estrategiaconcursos.com.br\/blog\/\",\"name\":\"Estrat\u00e9gia Concursos\",\"description\":\"O blog da Estrat\u00e9gia Concursos traz not\u00edcias sobre concursos e artigos de professores oferecendo cursos para concursos (pdf + videaulas) no site.\",\"publisher\":{\"@id\":\"https:\/\/www.estrategiaconcursos.com.br\/blog\/#organization\"},\"potentialAction\":[{\"@type\":\"SearchAction\",\"target\":{\"@type\":\"EntryPoint\",\"urlTemplate\":\"https:\/\/www.estrategiaconcursos.com.br\/blog\/?s={search_term_string}\"},\"query-input\":{\"@type\":\"PropertyValueSpecification\",\"valueRequired\":true,\"valueName\":\"search_term_string\"}}],\"inLanguage\":\"pt-BR\"},{\"@type\":\"Organization\",\"@id\":\"https:\/\/www.estrategiaconcursos.com.br\/blog\/#organization\",\"name\":\"Estrat\u00e9gia Concursos\",\"url\":\"https:\/\/www.estrategiaconcursos.com.br\/blog\/\",\"logo\":{\"@type\":\"ImageObject\",\"inLanguage\":\"pt-BR\",\"@id\":\"https:\/\/www.estrategiaconcursos.com.br\/blog\/#\/schema\/logo\/image\/\",\"url\":\"https:\/\/dhg1h5j42swfq.cloudfront.net\/2025\/06\/03203428\/logo_concursos-1.jpg\",\"contentUrl\":\"https:\/\/dhg1h5j42swfq.cloudfront.net\/2025\/06\/03203428\/logo_concursos-1.jpg\",\"width\":230,\"height\":60,\"caption\":\"Estrat\u00e9gia Concursos\"},\"image\":{\"@id\":\"https:\/\/www.estrategiaconcursos.com.br\/blog\/#\/schema\/logo\/image\/\"},\"sameAs\":[\"https:\/\/x.com\/EstratConcursos\"]},{\"@type\":\"Person\",\"@id\":\"https:\/\/www.estrategiaconcursos.com.br\/blog\/#\/schema\/person\/b4a388c97673c5f483d72185668afa1f\",\"name\":\"Coordena\u00e7\u00e3o\",\"image\":{\"@type\":\"ImageObject\",\"inLanguage\":\"pt-BR\",\"@id\":\"https:\/\/secure.gravatar.com\/avatar\/b720319e4c9a967eb58678d110f4fe35452fc5d5f97b202bac7b8acceb18c6ad?s=96&d=mm&r=g\",\"url\":\"https:\/\/secure.gravatar.com\/avatar\/b720319e4c9a967eb58678d110f4fe35452fc5d5f97b202bac7b8acceb18c6ad?s=96&d=mm&r=g\",\"contentUrl\":\"https:\/\/secure.gravatar.com\/avatar\/b720319e4c9a967eb58678d110f4fe35452fc5d5f97b202bac7b8acceb18c6ad?s=96&d=mm&r=g\",\"caption\":\"Coordena\u00e7\u00e3o\"},\"sameAs\":[\"https:\/\/www.facebook.com\/EstrategiaConcursos\",\"https:\/\/x.com\/EstratConcursos\"],\"url\":\"https:\/\/www.estrategiaconcursos.com.br\/blog\/author\/estrategia2013\/\"}]}<\/script>\n<!-- \/ Yoast SEO Premium plugin. -->","yoast_head_json":{"title":"PRF abre prazo para candidatos alterarem a op\u00e7\u00e3o de l\u00edngua estrangeira","description":"A PRF anunciou a abertura de prazo para que os candidatos assinalem ou a alterem a op\u00e7\u00e3o de l\u00edngua estrangeira.","robots":{"index":"index","follow":"follow","max-snippet":"max-snippet:-1","max-image-preview":"max-image-preview:large","max-video-preview":"max-video-preview:-1"},"canonical":"https:\/\/www.estrategiaconcursos.com.br\/blog\/prf-abre-prazo-para-candidatos-alterarem-a-opcao-de-lingua-estrangeira\/","og_locale":"pt_BR","og_type":"article","og_title":"PRF abre prazo para candidatos alterarem a op\u00e7\u00e3o de l\u00edngua estrangeira","og_description":"A PRF anunciou a abertura de prazo para que os candidatos assinalem ou a alterem a op\u00e7\u00e3o de l\u00edngua estrangeira.","og_url":"https:\/\/www.estrategiaconcursos.com.br\/blog\/prf-abre-prazo-para-candidatos-alterarem-a-opcao-de-lingua-estrangeira\/","og_site_name":"Estrat\u00e9gia Concursos","article_author":"https:\/\/www.facebook.com\/EstrategiaConcursos","article_published_time":"2021-04-09T23:02:06+00:00","article_modified_time":"2021-04-12T19:15:31+00:00","og_image":[{"width":414,"height":183,"url":"https:\/\/dhg1h5j42swfq.cloudfront.net\/2021\/03\/11185640\/reta-final-prf.png","type":"image\/png"}],"author":"Coordena\u00e7\u00e3o","twitter_card":"summary_large_image","twitter_creator":"@EstratConcursos","twitter_site":"@EstratConcursos","twitter_misc":{"Escrito por":"Coordena\u00e7\u00e3o","Est. tempo de leitura":"2 minutos"},"schema":{"@context":"https:\/\/schema.org","@graph":[{"@type":"NewsArticle","@id":"https:\/\/www.estrategiaconcursos.com.br\/blog\/prf-abre-prazo-para-candidatos-alterarem-a-opcao-de-lingua-estrangeira\/#article","isPartOf":{"@id":"https:\/\/www.estrategiaconcursos.com.br\/blog\/prf-abre-prazo-para-candidatos-alterarem-a-opcao-de-lingua-estrangeira\/"},"author":{"name":"Coordena\u00e7\u00e3o","@id":"https:\/\/www.estrategiaconcursos.com.br\/blog\/#\/schema\/person\/b4a388c97673c5f483d72185668afa1f"},"headline":"PRF abre prazo para candidatos alterarem a op\u00e7\u00e3o de l\u00edngua estrangeira","datePublished":"2021-04-09T23:02:06+00:00","dateModified":"2021-04-12T19:15:31+00:00","mainEntityOfPage":{"@id":"https:\/\/www.estrategiaconcursos.com.br\/blog\/prf-abre-prazo-para-candidatos-alterarem-a-opcao-de-lingua-estrangeira\/"},"wordCount":464,"commentCount":0,"publisher":{"@id":"https:\/\/www.estrategiaconcursos.com.br\/blog\/#organization"},"image":{"@id":"https:\/\/www.estrategiaconcursos.com.br\/blog\/prf-abre-prazo-para-candidatos-alterarem-a-opcao-de-lingua-estrangeira\/#primaryimage"},"thumbnailUrl":"https:\/\/dhg1h5j42swfq.cloudfront.net\/2021\/03\/11185640\/reta-final-prf.png","articleSection":["Policial (Agente, Escriv\u00e3o e Investigador)"],"inLanguage":"pt-BR","potentialAction":[{"@type":"CommentAction","name":"Comment","target":["https:\/\/www.estrategiaconcursos.com.br\/blog\/prf-abre-prazo-para-candidatos-alterarem-a-opcao-de-lingua-estrangeira\/#respond"]}],"copyrightYear":"2021","copyrightHolder":{"@id":"https:\/\/www.estrategiaconcursos.com.br\/blog\/#organization"}},{"@type":"WebPage","@id":"https:\/\/www.estrategiaconcursos.com.br\/blog\/prf-abre-prazo-para-candidatos-alterarem-a-opcao-de-lingua-estrangeira\/","url":"https:\/\/www.estrategiaconcursos.com.br\/blog\/prf-abre-prazo-para-candidatos-alterarem-a-opcao-de-lingua-estrangeira\/","name":"PRF abre prazo para candidatos alterarem a op\u00e7\u00e3o de l\u00edngua estrangeira","isPartOf":{"@id":"https:\/\/www.estrategiaconcursos.com.br\/blog\/#website"},"primaryImageOfPage":{"@id":"https:\/\/www.estrategiaconcursos.com.br\/blog\/prf-abre-prazo-para-candidatos-alterarem-a-opcao-de-lingua-estrangeira\/#primaryimage"},"image":{"@id":"https:\/\/www.estrategiaconcursos.com.br\/blog\/prf-abre-prazo-para-candidatos-alterarem-a-opcao-de-lingua-estrangeira\/#primaryimage"},"thumbnailUrl":"https:\/\/dhg1h5j42swfq.cloudfront.net\/2021\/03\/11185640\/reta-final-prf.png","datePublished":"2021-04-09T23:02:06+00:00","dateModified":"2021-04-12T19:15:31+00:00","description":"A PRF anunciou a abertura de prazo para que os candidatos assinalem ou a alterem a op\u00e7\u00e3o de l\u00edngua estrangeira.","breadcrumb":{"@id":"https:\/\/www.estrategiaconcursos.com.br\/blog\/prf-abre-prazo-para-candidatos-alterarem-a-opcao-de-lingua-estrangeira\/#breadcrumb"},"inLanguage":"pt-BR","potentialAction":[{"@type":"ReadAction","target":["https:\/\/www.estrategiaconcursos.com.br\/blog\/prf-abre-prazo-para-candidatos-alterarem-a-opcao-de-lingua-estrangeira\/"]}]},{"@type":"ImageObject","inLanguage":"pt-BR","@id":"https:\/\/www.estrategiaconcursos.com.br\/blog\/prf-abre-prazo-para-candidatos-alterarem-a-opcao-de-lingua-estrangeira\/#primaryimage","url":"https:\/\/dhg1h5j42swfq.cloudfront.net\/2021\/03\/11185640\/reta-final-prf.png","contentUrl":"https:\/\/dhg1h5j42swfq.cloudfront.net\/2021\/03\/11185640\/reta-final-prf.png","width":414,"height":183,"caption":"Reta Final PRF"},{"@type":"BreadcrumbList","@id":"https:\/\/www.estrategiaconcursos.com.br\/blog\/prf-abre-prazo-para-candidatos-alterarem-a-opcao-de-lingua-estrangeira\/#breadcrumb","itemListElement":[{"@type":"ListItem","position":1,"name":"In\u00edcio","item":"https:\/\/www.estrategiaconcursos.com.br\/blog\/"},{"@type":"ListItem","position":2,"name":"PRF abre prazo para candidatos alterarem a op\u00e7\u00e3o de l\u00edngua estrangeira"}]},{"@type":"WebSite","@id":"https:\/\/www.estrategiaconcursos.com.br\/blog\/#website","url":"https:\/\/www.estrategiaconcursos.com.br\/blog\/","name":"Estrat\u00e9gia Concursos","description":"O blog da Estrat\u00e9gia Concursos traz not\u00edcias sobre concursos e artigos de professores oferecendo cursos para concursos (pdf + videaulas) no site.","publisher":{"@id":"https:\/\/www.estrategiaconcursos.com.br\/blog\/#organization"},"potentialAction":[{"@type":"SearchAction","target":{"@type":"EntryPoint","urlTemplate":"https:\/\/www.estrategiaconcursos.com.br\/blog\/?s={search_term_string}"},"query-input":{"@type":"PropertyValueSpecification","valueRequired":true,"valueName":"search_term_string"}}],"inLanguage":"pt-BR"},{"@type":"Organization","@id":"https:\/\/www.estrategiaconcursos.com.br\/blog\/#organization","name":"Estrat\u00e9gia Concursos","url":"https:\/\/www.estrategiaconcursos.com.br\/blog\/","logo":{"@type":"ImageObject","inLanguage":"pt-BR","@id":"https:\/\/www.estrategiaconcursos.com.br\/blog\/#\/schema\/logo\/image\/","url":"https:\/\/dhg1h5j42swfq.cloudfront.net\/2025\/06\/03203428\/logo_concursos-1.jpg","contentUrl":"https:\/\/dhg1h5j42swfq.cloudfront.net\/2025\/06\/03203428\/logo_concursos-1.jpg","width":230,"height":60,"caption":"Estrat\u00e9gia Concursos"},"image":{"@id":"https:\/\/www.estrategiaconcursos.com.br\/blog\/#\/schema\/logo\/image\/"},"sameAs":["https:\/\/x.com\/EstratConcursos"]},{"@type":"Person","@id":"https:\/\/www.estrategiaconcursos.com.br\/blog\/#\/schema\/person\/b4a388c97673c5f483d72185668afa1f","name":"Coordena\u00e7\u00e3o","image":{"@type":"ImageObject","inLanguage":"pt-BR","@id":"https:\/\/secure.gravatar.com\/avatar\/b720319e4c9a967eb58678d110f4fe35452fc5d5f97b202bac7b8acceb18c6ad?s=96&d=mm&r=g","url":"https:\/\/secure.gravatar.com\/avatar\/b720319e4c9a967eb58678d110f4fe35452fc5d5f97b202bac7b8acceb18c6ad?s=96&d=mm&r=g","contentUrl":"https:\/\/secure.gravatar.com\/avatar\/b720319e4c9a967eb58678d110f4fe35452fc5d5f97b202bac7b8acceb18c6ad?s=96&d=mm&r=g","caption":"Coordena\u00e7\u00e3o"},"sameAs":["https:\/\/www.facebook.com\/EstrategiaConcursos","https:\/\/x.com\/EstratConcursos"],"url":"https:\/\/www.estrategiaconcursos.com.br\/blog\/author\/estrategia2013\/"}]}},"_links":{"self":[{"href":"https:\/\/www.estrategiaconcursos.com.br\/blog\/wp-json\/wp\/v2\/posts\/711345","targetHints":{"allow":["GET"]}}],"collection":[{"href":"https:\/\/www.estrategiaconcursos.com.br\/blog\/wp-json\/wp\/v2\/posts"}],"about":[{"href":"https:\/\/www.estrategiaconcursos.com.br\/blog\/wp-json\/wp\/v2\/types\/post"}],"author":[{"embeddable":true,"href":"https:\/\/www.estrategiaconcursos.com.br\/blog\/wp-json\/wp\/v2\/users\/1"}],"replies":[{"embeddable":true,"href":"https:\/\/www.estrategiaconcursos.com.br\/blog\/wp-json\/wp\/v2\/comments?post=711345"}],"version-history":[{"count":13,"href":"https:\/\/www.estrategiaconcursos.com.br\/blog\/wp-json\/wp\/v2\/posts\/711345\/revisions"}],"predecessor-version":[{"id":712538,"href":"https:\/\/www.estrategiaconcursos.com.br\/blog\/wp-json\/wp\/v2\/posts\/711345\/revisions\/712538"}],"wp:featuredmedia":[{"embeddable":true,"href":"https:\/\/www.estrategiaconcursos.com.br\/blog\/wp-json\/wp\/v2\/media\/691339"}],"wp:attachment":[{"href":"https:\/\/www.estrategiaconcursos.com.br\/blog\/wp-json\/wp\/v2\/media?parent=711345"}],"wp:term":[{"taxonomy":"category","embeddable":true,"href":"https:\/\/www.estrategiaconcursos.com.br\/blog\/wp-json\/wp\/v2\/categories?post=711345"},{"taxonomy":"post_tag","embeddable":true,"href":"https:\/\/www.estrategiaconcursos.com.br\/blog\/wp-json\/wp\/v2\/tags?post=711345"},{"taxonomy":"tax_estado","embeddable":true,"href":"https:\/\/www.estrategiaconcursos.com.br\/blog\/wp-json\/wp\/v2\/tax_estado?post=711345"}],"curies":[{"name":"wp","href":"https:\/\/api.w.org\/{rel}","templated":true}]}}