{"id":711222,"date":"2021-04-09T17:47:39","date_gmt":"2021-04-09T20:47:39","guid":{"rendered":"https:\/\/www.estrategiaconcursos.com.br\/blog\/?p=711222"},"modified":"2021-04-09T18:09:40","modified_gmt":"2021-04-09T21:09:40","slug":"sao-jose-do-vale-do-rio-preto-adia-provas","status":"publish","type":"post","link":"https:\/\/www.estrategiaconcursos.com.br\/blog\/sao-jose-do-vale-do-rio-preto-adia-provas\/","title":{"rendered":"S\u00e3o Jos\u00e9 do Vale do Rio Preto adia provas para julho e agosto"},"content":{"rendered":"\n<p>Est\u00e3o <strong>adiadas as provas objetivas do concurso p\u00fablico da Prefeitura de S\u00e3o Jos\u00e9 do Vale do Rio Preto<\/strong>, estado do Rio de Janeiro. De acordo com retifica\u00e7\u00e3o, a medida foi tomada em raz\u00e3o do agravamento da situa\u00e7\u00e3o de emerg\u00eancia de sa\u00fade p\u00fablica, causado pela pandemia. <\/p>\n\n\n\n<p>Sendo assim, a etapa, que era prevista para o dia 25 de abril, fica marcada para as datas de <strong>25 de julho e 1\u00ba de agosto<\/strong>. Os exames ser\u00e3o realizados nos turnos da manh\u00e3 e tarde, conforme distribui\u00e7\u00e3o abaixo:<\/p>\n\n\n\n<ul class=\"wp-block-list\"><li><strong>25 de julho<\/strong><ul><li><span style=\"text-decoration: underline;\">Manh\u00e3<\/span>: N\u00edvel M\u00e9dio, exceto Professor \u201cE\u201d S\u00e9ries Iniciais (Educa\u00e7\u00e3o Infantil ao 5\u00ba ano);<\/li><li><span style=\"text-decoration: underline;\">Tarde<\/span>: N\u00edvel Superior e Fundamental Completo.<\/li><\/ul><\/li><\/ul>\n\n\n\n<ul class=\"wp-block-list\"><li><strong>1\u00ba de agosto<\/strong><ul><li><span style=\"text-decoration: underline;\">Tarde<\/span>: Fundamental Incompleto e Professor \u201cE\u201d S\u00e9ries Iniciais (Educa\u00e7\u00e3o Infantil ao 5\u00ba ano).<\/li><\/ul><\/li><\/ul>\n\n\n\n<p>Por consequ\u00eancia, as demais etapas do concurso de S\u00e3o Jos\u00e9 do Vale do Rio Preto tamb\u00e9m sofreram altera\u00e7\u00f5es em suas datas, como \u00e9 o caso das provas pr\u00e1ticas, agora marcadas para 05 de setembro. A divulga\u00e7\u00e3o do resultado final deve ocorrer no dia 21 do mesmo m\u00eas.<\/p>\n\n\n\n<h2 class=\"has-text-align-center has-background has-medium-font-size wp-block-heading\" id=\"h-cronograma-de-provas-s-o-jos-do-vale-do-rio-preto\" style=\"background-color:#eeeeee\"><a href=\"https:\/\/dhg1h5j42swfq.cloudfront.net\/2025\/06\/09160252\/sao-jose-do-vale-do-rio-preto-provas-adiadas.pdf\" target=\"_blank\" rel=\"noreferrer noopener\">Cronograma de provas &#8211; S\u00e3o Jos\u00e9 do Vale do Rio Preto<\/a><\/h2>\n\n\n\n<h2 class=\"wp-block-heading\" id=\"h-sobre-o-concurso-s-o-jos-do-vale-do-rio-preto\">Sobre o concurso S\u00e3o Jos\u00e9 do Vale do Rio Preto<\/h2>\n\n\n\n<p>Levando em considera\u00e7\u00e3o todas as retifica\u00e7\u00f5es anunciadas at\u00e9 ent\u00e3o, o edital do concurso da Prefeitura S\u00e3o Jos\u00e9 do Vale do Rio Preto oferece&nbsp;<strong>77 vagas imediatas mais cadastro reserva<\/strong>. As oportunidades s\u00e3o&nbsp;para diversos cargos, abrangendo todos os n\u00edveis de escolaridade, com sal\u00e1rios de at\u00e9 R$ 10,4 mil.<\/p>\n\n\n\n<p>Os candidatos ser\u00e3o avaliados atrav\u00e9s de provas objetivas, pr\u00e1ticas e de t\u00edtulos. Tamb\u00e9m haver\u00e1 avalia\u00e7\u00e3o m\u00e9dica admissional e checagem de pr\u00e9-requisitos, al\u00e9m da comprova\u00e7\u00e3o de documentos.<\/p>\n\n\n\n<ul class=\"wp-block-list\"><li><strong>Prova Objetiva<\/strong>,&nbsp;de car\u00e1ter eliminat\u00f3rio e classificat\u00f3rio, para todos os candidatos;<\/li><li><strong>Prova de T\u00edtulos<\/strong>, de car\u00e1ter classificat\u00f3rio, para todos os cargos de N\u00edvel Superior e Cargos do Magist\u00e9rio;<\/li><li><strong>Prova Pr\u00e1tica,<\/strong> de car\u00e1ter eliminat\u00f3rio, para candidatos aos cargos de: Cozinheiro, Merendeira, Motorista, Operador de M\u00e1quinas Leves e Operador de M\u00e1quinas de Terraplanagem.<\/li><li><strong>Avalia\u00e7\u00e3o M\u00e9dica Admissional<\/strong>, de car\u00e1ter eliminat\u00f3rio, para todos candidatos aos cargos p\u00fablicos.<\/li><li><strong>Checagem de Pr\u00e9-Requisitos e Comprova\u00e7\u00e3o de Documentos<\/strong>, de car\u00e1ter eliminat\u00f3rio, para todos candidatos aos cargos p\u00fablicos, no momento da posse.<\/li><\/ul>\n\n\n\n<p class=\"has-text-align-center\"><strong><em>Quer saber mais sobre o concurso S\u00e3o Jos\u00e9 do Vale do Rio Preto? Acesse o link abaixo e confira tudo na \u00edntegra!<\/em><\/strong><\/p>\n\n\n\n<h2 class=\"has-text-align-center has-background has-medium-font-size wp-block-heading\" id=\"cursos-assinatura\" style=\"background-color:#eeeeee\"><span class=\"has-inline-color has-black-color\">Saiba mais: <\/span><a href=\"https:\/\/www.estrategiaconcursos.com.br\/blog\/concurso-sao-jose-do-vale-do-rio-preto\/\" target=\"_blank\" rel=\"noreferrer noopener\">Concurso S\u00e3o Jos\u00e9 do Vale do Rio Preto<\/a><\/h2>\n\n\n\n<hr class=\"wp-block-separator\"\/>\n\n\n\n<div class=\"container\" id=\"boxes\">\n  <div class=\"row\">\n\n    <div class=\"col-sm\">\n      <div class=\"banner-estrategia\" id=\"box-assinatura\">\n        <h3 class=\"titulo-assinatura\">Concurso S\u00e3o Jos\u00e9 do Vale do Rio Preto<\/h3>\n        <p class=\"subtitulo-assinatura\">Conhe\u00e7a os cursos<\/p>\n        <div class=\"box-botao\">\n          <a class=\"btn-assinatura\" target=\"_blank\" href=\"https:\/\/www.estrategiaconcursos.com.br\/cursos\/\" role=\"button\" rel=\"noopener noreferrer\">Saiba mais<\/a>\n        <\/div>\n      <\/div>\n\n    <\/div>\n\n  <\/div>\n<\/div>\n\n\n\n<div class=\"container\" id=\"boxes\">\n  <div class=\"row\">\n\n    <div class=\"col-sm\">\n      <div class=\"estrategia\" id=\"box-assinatura\">\n        <h3 class=\"titulo-assinatura\">Assinatura Concursos<\/h3>\n        <p class=\"subtitulo-assinatura\">Assinatura de 1 ano ou 2 anos<\/p>\n        <div class=\"box-botao\">\n          <a class=\"btn-assinatura\" target=\"_blank\" href=\"https:\/\/www.estrategiaconcursos.com.br\/assinaturas\/\" role=\"button\" rel=\"noopener noreferrer\">ASSINE AGORA<\/a>\n        <\/div>\n      <\/div>\n     \n    <\/div>\n\n    <div class=\"col-sm\">\n      <div class=\"questoes\" id=\"box-assinatura\">\n        <h3 class=\"titulo-assinatura\">Sistema de Quest\u00f5es<\/h3>\n        <p class=\"subtitulo-assinatura\">Assinatura de 1 ano ou 2 anos\n<\/p>\n        <div class=\"box-botao\">\n          <a class=\"btn-assinatura\" target=\"_blank\" href=\"https:\/\/questoes.estrategiaconcursos.com.br\/\" role=\"button\" rel=\"noopener noreferrer\">ASSINE AGORA<\/a>\n        <\/div>\n      <\/div>\n    \n    <\/div>\n  <\/div>\n<\/div>\n\n\n\n<div class=\"container\" id=\"boxes\">\n  <div class=\"row\">\n\n    <div class=\"col-sm\" id=\"boxes-concursos\">\n      <div style=\"background-color: #005DAD;\" class=\"conteudo-concursos\" id=\"box-concursos\">\n        <h3 class=\"titulo-assinatura\">Concursos Abertos<\/h3>\n        <p class=\"subtitulo-assinatura\">mais de 15 mil vagas<\/p>\n        <div class=\"box-botao\">\n          <a class=\"btn-assinatura\" target=\"_blank\" href=\"https:\/\/www.estrategiaconcursos.com.br\/blog\/concursos-abertos\/\" role=\"button\" rel=\"noopener noreferrer\">Conhe\u00e7a Agora<\/a>\n        <\/div>\n      <\/div>\n    <\/div>\n\n    <div class=\"col-sm\" id=\"boxes-concursos\">\n      <div style=\"background-color: #419FF0;\" class=\"conteudo-concursos\" id=\"box-concursos\">\n        <h3 class=\"titulo-assinatura\">Concursos 2021<\/h3>\n        <p class=\"subtitulo-assinatura\">mais de 50 mil vagas<\/p>\n        <div class=\"box-botao\">\n          <a class=\"btn-assinatura\" target=\"_blank\" href=\"https:\/\/www.estrategiaconcursos.com.br\/blog\/concursos-2021\/\" role=\"button\" rel=\"noopener noreferrer\">Conhe\u00e7a Agora<\/a>\n        <\/div>\n      <\/div>\n    <\/div>\n\n  <\/div>\n<\/div>\n","protected":false},"excerpt":{"rendered":"<p>Est\u00e3o adiadas as provas objetivas do concurso p\u00fablico da Prefeitura de S\u00e3o Jos\u00e9 do Vale do Rio Preto, estado do Rio de Janeiro. De acordo com retifica\u00e7\u00e3o, a medida foi tomada em raz\u00e3o do agravamento da situa\u00e7\u00e3o de emerg\u00eancia de sa\u00fade p\u00fablica, causado pela pandemia. Sendo assim, a etapa, que era prevista para o dia [&hellip;]<\/p>\n","protected":false},"author":1,"featured_media":612457,"comment_status":"open","ping_status":"closed","sticky":false,"template":"","format":"standard","meta":{"post_tipo":"news","footnotes":""},"categories":[1],"tags":[],"tax_estado":[219982],"class_list":["post-711222","post","type-post","status-publish","format-standard","has-post-thumbnail","hentry","category-cursos-e-concursos","tax_estado-rj"],"acf":[],"yoast_head":"<!-- This site is optimized with the Yoast SEO Premium plugin v27.2 (Yoast SEO v27.2) - https:\/\/yoast.com\/product\/yoast-seo-premium-wordpress\/ -->\n<title>S\u00e3o Jos\u00e9 do Vale do Rio Preto adia provas para julho e agosto<\/title>\n<meta name=\"description\" content=\"Prefeitura de S\u00e3o Jos\u00e9 do Vale do Rio Preto adia aplica\u00e7\u00e3o das provas objetivas de seu concurso para 25 de julho e 1\u00ba de agosto. Confira!\" \/>\n<meta name=\"robots\" content=\"index, follow, max-snippet:-1, max-image-preview:large, max-video-preview:-1\" \/>\n<link rel=\"canonical\" href=\"https:\/\/www.estrategiaconcursos.com.br\/blog\/sao-jose-do-vale-do-rio-preto-adia-provas\/\" \/>\n<meta property=\"og:locale\" content=\"pt_BR\" \/>\n<meta property=\"og:type\" content=\"article\" \/>\n<meta property=\"og:title\" content=\"S\u00e3o Jos\u00e9 do Vale do Rio Preto adia provas para julho e agosto\" \/>\n<meta property=\"og:description\" content=\"Prefeitura de S\u00e3o Jos\u00e9 do Vale do Rio Preto adia aplica\u00e7\u00e3o das provas objetivas de seu concurso para 25 de julho e 1\u00ba de agosto. Confira!\" \/>\n<meta property=\"og:url\" content=\"https:\/\/www.estrategiaconcursos.com.br\/blog\/sao-jose-do-vale-do-rio-preto-adia-provas\/\" \/>\n<meta property=\"og:site_name\" content=\"Estrat\u00e9gia Concursos\" \/>\n<meta property=\"article:author\" content=\"https:\/\/www.facebook.com\/EstrategiaConcursos\" \/>\n<meta property=\"article:published_time\" content=\"2021-04-09T20:47:39+00:00\" \/>\n<meta property=\"article:modified_time\" content=\"2021-04-09T21:09:40+00:00\" \/>\n<meta property=\"og:image\" content=\"https:\/\/dhg1h5j42swfq.cloudfront.net\/2020\/11\/18103010\/Prefeitura_de_Sao_Jose_do_Vale_do_Rio_Preto.jpg\" \/>\n\t<meta property=\"og:image:width\" content=\"1200\" \/>\n\t<meta property=\"og:image:height\" content=\"628\" \/>\n\t<meta property=\"og:image:type\" content=\"image\/jpeg\" \/>\n<meta name=\"author\" content=\"Coordena\u00e7\u00e3o\" \/>\n<meta name=\"twitter:card\" content=\"summary_large_image\" \/>\n<meta name=\"twitter:creator\" content=\"@EstratConcursos\" \/>\n<meta name=\"twitter:site\" content=\"@EstratConcursos\" \/>\n<meta name=\"twitter:label1\" content=\"Escrito por\" \/>\n\t<meta name=\"twitter:data1\" content=\"Coordena\u00e7\u00e3o\" \/>\n\t<meta name=\"twitter:label2\" content=\"Est. tempo de leitura\" \/>\n\t<meta name=\"twitter:data2\" content=\"2 minutos\" \/>\n<script type=\"application\/ld+json\" class=\"yoast-schema-graph\">{\"@context\":\"https:\/\/schema.org\",\"@graph\":[{\"@type\":\"NewsArticle\",\"@id\":\"https:\/\/www.estrategiaconcursos.com.br\/blog\/sao-jose-do-vale-do-rio-preto-adia-provas\/#article\",\"isPartOf\":{\"@id\":\"https:\/\/www.estrategiaconcursos.com.br\/blog\/sao-jose-do-vale-do-rio-preto-adia-provas\/\"},\"author\":{\"name\":\"Coordena\u00e7\u00e3o\",\"@id\":\"https:\/\/www.estrategiaconcursos.com.br\/blog\/#\/schema\/person\/b4a388c97673c5f483d72185668afa1f\"},\"headline\":\"S\u00e3o Jos\u00e9 do Vale do Rio Preto adia provas para julho e agosto\",\"datePublished\":\"2021-04-09T20:47:39+00:00\",\"dateModified\":\"2021-04-09T21:09:40+00:00\",\"mainEntityOfPage\":{\"@id\":\"https:\/\/www.estrategiaconcursos.com.br\/blog\/sao-jose-do-vale-do-rio-preto-adia-provas\/\"},\"wordCount\":505,\"commentCount\":0,\"publisher\":{\"@id\":\"https:\/\/www.estrategiaconcursos.com.br\/blog\/#organization\"},\"image\":{\"@id\":\"https:\/\/www.estrategiaconcursos.com.br\/blog\/sao-jose-do-vale-do-rio-preto-adia-provas\/#primaryimage\"},\"thumbnailUrl\":\"https:\/\/dhg1h5j42swfq.cloudfront.net\/2020\/11\/18103010\/Prefeitura_de_Sao_Jose_do_Vale_do_Rio_Preto.jpg\",\"articleSection\":[\"Concursos P\u00fablicos\"],\"inLanguage\":\"pt-BR\",\"potentialAction\":[{\"@type\":\"CommentAction\",\"name\":\"Comment\",\"target\":[\"https:\/\/www.estrategiaconcursos.com.br\/blog\/sao-jose-do-vale-do-rio-preto-adia-provas\/#respond\"]}],\"copyrightYear\":\"2021\",\"copyrightHolder\":{\"@id\":\"https:\/\/www.estrategiaconcursos.com.br\/blog\/#organization\"}},{\"@type\":\"WebPage\",\"@id\":\"https:\/\/www.estrategiaconcursos.com.br\/blog\/sao-jose-do-vale-do-rio-preto-adia-provas\/\",\"url\":\"https:\/\/www.estrategiaconcursos.com.br\/blog\/sao-jose-do-vale-do-rio-preto-adia-provas\/\",\"name\":\"S\u00e3o Jos\u00e9 do Vale do Rio Preto adia provas para julho e agosto\",\"isPartOf\":{\"@id\":\"https:\/\/www.estrategiaconcursos.com.br\/blog\/#website\"},\"primaryImageOfPage\":{\"@id\":\"https:\/\/www.estrategiaconcursos.com.br\/blog\/sao-jose-do-vale-do-rio-preto-adia-provas\/#primaryimage\"},\"image\":{\"@id\":\"https:\/\/www.estrategiaconcursos.com.br\/blog\/sao-jose-do-vale-do-rio-preto-adia-provas\/#primaryimage\"},\"thumbnailUrl\":\"https:\/\/dhg1h5j42swfq.cloudfront.net\/2020\/11\/18103010\/Prefeitura_de_Sao_Jose_do_Vale_do_Rio_Preto.jpg\",\"datePublished\":\"2021-04-09T20:47:39+00:00\",\"dateModified\":\"2021-04-09T21:09:40+00:00\",\"description\":\"Prefeitura de S\u00e3o Jos\u00e9 do Vale do Rio Preto adia aplica\u00e7\u00e3o das provas objetivas de seu concurso para 25 de julho e 1\u00ba de agosto. Confira!\",\"breadcrumb\":{\"@id\":\"https:\/\/www.estrategiaconcursos.com.br\/blog\/sao-jose-do-vale-do-rio-preto-adia-provas\/#breadcrumb\"},\"inLanguage\":\"pt-BR\",\"potentialAction\":[{\"@type\":\"ReadAction\",\"target\":[\"https:\/\/www.estrategiaconcursos.com.br\/blog\/sao-jose-do-vale-do-rio-preto-adia-provas\/\"]}]},{\"@type\":\"ImageObject\",\"inLanguage\":\"pt-BR\",\"@id\":\"https:\/\/www.estrategiaconcursos.com.br\/blog\/sao-jose-do-vale-do-rio-preto-adia-provas\/#primaryimage\",\"url\":\"https:\/\/dhg1h5j42swfq.cloudfront.net\/2020\/11\/18103010\/Prefeitura_de_Sao_Jose_do_Vale_do_Rio_Preto.jpg\",\"contentUrl\":\"https:\/\/dhg1h5j42swfq.cloudfront.net\/2020\/11\/18103010\/Prefeitura_de_Sao_Jose_do_Vale_do_Rio_Preto.jpg\",\"width\":1200,\"height\":628,\"caption\":\"S\u00e3o Jos\u00e9 do Vale do Rio Preto\"},{\"@type\":\"BreadcrumbList\",\"@id\":\"https:\/\/www.estrategiaconcursos.com.br\/blog\/sao-jose-do-vale-do-rio-preto-adia-provas\/#breadcrumb\",\"itemListElement\":[{\"@type\":\"ListItem\",\"position\":1,\"name\":\"In\u00edcio\",\"item\":\"https:\/\/www.estrategiaconcursos.com.br\/blog\/\"},{\"@type\":\"ListItem\",\"position\":2,\"name\":\"S\u00e3o Jos\u00e9 do Vale do Rio Preto adia provas para julho e agosto\"}]},{\"@type\":\"WebSite\",\"@id\":\"https:\/\/www.estrategiaconcursos.com.br\/blog\/#website\",\"url\":\"https:\/\/www.estrategiaconcursos.com.br\/blog\/\",\"name\":\"Estrat\u00e9gia Concursos\",\"description\":\"O blog da Estrat\u00e9gia Concursos traz not\u00edcias sobre concursos e artigos de professores oferecendo cursos para concursos (pdf + videaulas) no site.\",\"publisher\":{\"@id\":\"https:\/\/www.estrategiaconcursos.com.br\/blog\/#organization\"},\"potentialAction\":[{\"@type\":\"SearchAction\",\"target\":{\"@type\":\"EntryPoint\",\"urlTemplate\":\"https:\/\/www.estrategiaconcursos.com.br\/blog\/?s={search_term_string}\"},\"query-input\":{\"@type\":\"PropertyValueSpecification\",\"valueRequired\":true,\"valueName\":\"search_term_string\"}}],\"inLanguage\":\"pt-BR\"},{\"@type\":\"Organization\",\"@id\":\"https:\/\/www.estrategiaconcursos.com.br\/blog\/#organization\",\"name\":\"Estrat\u00e9gia Concursos\",\"url\":\"https:\/\/www.estrategiaconcursos.com.br\/blog\/\",\"logo\":{\"@type\":\"ImageObject\",\"inLanguage\":\"pt-BR\",\"@id\":\"https:\/\/www.estrategiaconcursos.com.br\/blog\/#\/schema\/logo\/image\/\",\"url\":\"https:\/\/dhg1h5j42swfq.cloudfront.net\/2025\/06\/03203428\/logo_concursos-1.jpg\",\"contentUrl\":\"https:\/\/dhg1h5j42swfq.cloudfront.net\/2025\/06\/03203428\/logo_concursos-1.jpg\",\"width\":230,\"height\":60,\"caption\":\"Estrat\u00e9gia Concursos\"},\"image\":{\"@id\":\"https:\/\/www.estrategiaconcursos.com.br\/blog\/#\/schema\/logo\/image\/\"},\"sameAs\":[\"https:\/\/x.com\/EstratConcursos\"]},{\"@type\":\"Person\",\"@id\":\"https:\/\/www.estrategiaconcursos.com.br\/blog\/#\/schema\/person\/b4a388c97673c5f483d72185668afa1f\",\"name\":\"Coordena\u00e7\u00e3o\",\"image\":{\"@type\":\"ImageObject\",\"inLanguage\":\"pt-BR\",\"@id\":\"https:\/\/secure.gravatar.com\/avatar\/b720319e4c9a967eb58678d110f4fe35452fc5d5f97b202bac7b8acceb18c6ad?s=96&d=mm&r=g\",\"url\":\"https:\/\/secure.gravatar.com\/avatar\/b720319e4c9a967eb58678d110f4fe35452fc5d5f97b202bac7b8acceb18c6ad?s=96&d=mm&r=g\",\"contentUrl\":\"https:\/\/secure.gravatar.com\/avatar\/b720319e4c9a967eb58678d110f4fe35452fc5d5f97b202bac7b8acceb18c6ad?s=96&d=mm&r=g\",\"caption\":\"Coordena\u00e7\u00e3o\"},\"sameAs\":[\"https:\/\/www.facebook.com\/EstrategiaConcursos\",\"https:\/\/x.com\/EstratConcursos\"],\"url\":\"https:\/\/www.estrategiaconcursos.com.br\/blog\/author\/estrategia2013\/\"}]}<\/script>\n<!-- \/ Yoast SEO Premium plugin. -->","yoast_head_json":{"title":"S\u00e3o Jos\u00e9 do Vale do Rio Preto adia provas para julho e agosto","description":"Prefeitura de S\u00e3o Jos\u00e9 do Vale do Rio Preto adia aplica\u00e7\u00e3o das provas objetivas de seu concurso para 25 de julho e 1\u00ba de agosto. Confira!","robots":{"index":"index","follow":"follow","max-snippet":"max-snippet:-1","max-image-preview":"max-image-preview:large","max-video-preview":"max-video-preview:-1"},"canonical":"https:\/\/www.estrategiaconcursos.com.br\/blog\/sao-jose-do-vale-do-rio-preto-adia-provas\/","og_locale":"pt_BR","og_type":"article","og_title":"S\u00e3o Jos\u00e9 do Vale do Rio Preto adia provas para julho e agosto","og_description":"Prefeitura de S\u00e3o Jos\u00e9 do Vale do Rio Preto adia aplica\u00e7\u00e3o das provas objetivas de seu concurso para 25 de julho e 1\u00ba de agosto. Confira!","og_url":"https:\/\/www.estrategiaconcursos.com.br\/blog\/sao-jose-do-vale-do-rio-preto-adia-provas\/","og_site_name":"Estrat\u00e9gia Concursos","article_author":"https:\/\/www.facebook.com\/EstrategiaConcursos","article_published_time":"2021-04-09T20:47:39+00:00","article_modified_time":"2021-04-09T21:09:40+00:00","og_image":[{"width":1200,"height":628,"url":"https:\/\/dhg1h5j42swfq.cloudfront.net\/2020\/11\/18103010\/Prefeitura_de_Sao_Jose_do_Vale_do_Rio_Preto.jpg","type":"image\/jpeg"}],"author":"Coordena\u00e7\u00e3o","twitter_card":"summary_large_image","twitter_creator":"@EstratConcursos","twitter_site":"@EstratConcursos","twitter_misc":{"Escrito por":"Coordena\u00e7\u00e3o","Est. tempo de leitura":"2 minutos"},"schema":{"@context":"https:\/\/schema.org","@graph":[{"@type":"NewsArticle","@id":"https:\/\/www.estrategiaconcursos.com.br\/blog\/sao-jose-do-vale-do-rio-preto-adia-provas\/#article","isPartOf":{"@id":"https:\/\/www.estrategiaconcursos.com.br\/blog\/sao-jose-do-vale-do-rio-preto-adia-provas\/"},"author":{"name":"Coordena\u00e7\u00e3o","@id":"https:\/\/www.estrategiaconcursos.com.br\/blog\/#\/schema\/person\/b4a388c97673c5f483d72185668afa1f"},"headline":"S\u00e3o Jos\u00e9 do Vale do Rio Preto adia provas para julho e agosto","datePublished":"2021-04-09T20:47:39+00:00","dateModified":"2021-04-09T21:09:40+00:00","mainEntityOfPage":{"@id":"https:\/\/www.estrategiaconcursos.com.br\/blog\/sao-jose-do-vale-do-rio-preto-adia-provas\/"},"wordCount":505,"commentCount":0,"publisher":{"@id":"https:\/\/www.estrategiaconcursos.com.br\/blog\/#organization"},"image":{"@id":"https:\/\/www.estrategiaconcursos.com.br\/blog\/sao-jose-do-vale-do-rio-preto-adia-provas\/#primaryimage"},"thumbnailUrl":"https:\/\/dhg1h5j42swfq.cloudfront.net\/2020\/11\/18103010\/Prefeitura_de_Sao_Jose_do_Vale_do_Rio_Preto.jpg","articleSection":["Concursos P\u00fablicos"],"inLanguage":"pt-BR","potentialAction":[{"@type":"CommentAction","name":"Comment","target":["https:\/\/www.estrategiaconcursos.com.br\/blog\/sao-jose-do-vale-do-rio-preto-adia-provas\/#respond"]}],"copyrightYear":"2021","copyrightHolder":{"@id":"https:\/\/www.estrategiaconcursos.com.br\/blog\/#organization"}},{"@type":"WebPage","@id":"https:\/\/www.estrategiaconcursos.com.br\/blog\/sao-jose-do-vale-do-rio-preto-adia-provas\/","url":"https:\/\/www.estrategiaconcursos.com.br\/blog\/sao-jose-do-vale-do-rio-preto-adia-provas\/","name":"S\u00e3o Jos\u00e9 do Vale do Rio Preto adia provas para julho e agosto","isPartOf":{"@id":"https:\/\/www.estrategiaconcursos.com.br\/blog\/#website"},"primaryImageOfPage":{"@id":"https:\/\/www.estrategiaconcursos.com.br\/blog\/sao-jose-do-vale-do-rio-preto-adia-provas\/#primaryimage"},"image":{"@id":"https:\/\/www.estrategiaconcursos.com.br\/blog\/sao-jose-do-vale-do-rio-preto-adia-provas\/#primaryimage"},"thumbnailUrl":"https:\/\/dhg1h5j42swfq.cloudfront.net\/2020\/11\/18103010\/Prefeitura_de_Sao_Jose_do_Vale_do_Rio_Preto.jpg","datePublished":"2021-04-09T20:47:39+00:00","dateModified":"2021-04-09T21:09:40+00:00","description":"Prefeitura de S\u00e3o Jos\u00e9 do Vale do Rio Preto adia aplica\u00e7\u00e3o das provas objetivas de seu concurso para 25 de julho e 1\u00ba de agosto. Confira!","breadcrumb":{"@id":"https:\/\/www.estrategiaconcursos.com.br\/blog\/sao-jose-do-vale-do-rio-preto-adia-provas\/#breadcrumb"},"inLanguage":"pt-BR","potentialAction":[{"@type":"ReadAction","target":["https:\/\/www.estrategiaconcursos.com.br\/blog\/sao-jose-do-vale-do-rio-preto-adia-provas\/"]}]},{"@type":"ImageObject","inLanguage":"pt-BR","@id":"https:\/\/www.estrategiaconcursos.com.br\/blog\/sao-jose-do-vale-do-rio-preto-adia-provas\/#primaryimage","url":"https:\/\/dhg1h5j42swfq.cloudfront.net\/2020\/11\/18103010\/Prefeitura_de_Sao_Jose_do_Vale_do_Rio_Preto.jpg","contentUrl":"https:\/\/dhg1h5j42swfq.cloudfront.net\/2020\/11\/18103010\/Prefeitura_de_Sao_Jose_do_Vale_do_Rio_Preto.jpg","width":1200,"height":628,"caption":"S\u00e3o Jos\u00e9 do Vale do Rio Preto"},{"@type":"BreadcrumbList","@id":"https:\/\/www.estrategiaconcursos.com.br\/blog\/sao-jose-do-vale-do-rio-preto-adia-provas\/#breadcrumb","itemListElement":[{"@type":"ListItem","position":1,"name":"In\u00edcio","item":"https:\/\/www.estrategiaconcursos.com.br\/blog\/"},{"@type":"ListItem","position":2,"name":"S\u00e3o Jos\u00e9 do Vale do Rio Preto adia provas para julho e agosto"}]},{"@type":"WebSite","@id":"https:\/\/www.estrategiaconcursos.com.br\/blog\/#website","url":"https:\/\/www.estrategiaconcursos.com.br\/blog\/","name":"Estrat\u00e9gia Concursos","description":"O blog da Estrat\u00e9gia Concursos traz not\u00edcias sobre concursos e artigos de professores oferecendo cursos para concursos (pdf + videaulas) no site.","publisher":{"@id":"https:\/\/www.estrategiaconcursos.com.br\/blog\/#organization"},"potentialAction":[{"@type":"SearchAction","target":{"@type":"EntryPoint","urlTemplate":"https:\/\/www.estrategiaconcursos.com.br\/blog\/?s={search_term_string}"},"query-input":{"@type":"PropertyValueSpecification","valueRequired":true,"valueName":"search_term_string"}}],"inLanguage":"pt-BR"},{"@type":"Organization","@id":"https:\/\/www.estrategiaconcursos.com.br\/blog\/#organization","name":"Estrat\u00e9gia Concursos","url":"https:\/\/www.estrategiaconcursos.com.br\/blog\/","logo":{"@type":"ImageObject","inLanguage":"pt-BR","@id":"https:\/\/www.estrategiaconcursos.com.br\/blog\/#\/schema\/logo\/image\/","url":"https:\/\/dhg1h5j42swfq.cloudfront.net\/2025\/06\/03203428\/logo_concursos-1.jpg","contentUrl":"https:\/\/dhg1h5j42swfq.cloudfront.net\/2025\/06\/03203428\/logo_concursos-1.jpg","width":230,"height":60,"caption":"Estrat\u00e9gia Concursos"},"image":{"@id":"https:\/\/www.estrategiaconcursos.com.br\/blog\/#\/schema\/logo\/image\/"},"sameAs":["https:\/\/x.com\/EstratConcursos"]},{"@type":"Person","@id":"https:\/\/www.estrategiaconcursos.com.br\/blog\/#\/schema\/person\/b4a388c97673c5f483d72185668afa1f","name":"Coordena\u00e7\u00e3o","image":{"@type":"ImageObject","inLanguage":"pt-BR","@id":"https:\/\/secure.gravatar.com\/avatar\/b720319e4c9a967eb58678d110f4fe35452fc5d5f97b202bac7b8acceb18c6ad?s=96&d=mm&r=g","url":"https:\/\/secure.gravatar.com\/avatar\/b720319e4c9a967eb58678d110f4fe35452fc5d5f97b202bac7b8acceb18c6ad?s=96&d=mm&r=g","contentUrl":"https:\/\/secure.gravatar.com\/avatar\/b720319e4c9a967eb58678d110f4fe35452fc5d5f97b202bac7b8acceb18c6ad?s=96&d=mm&r=g","caption":"Coordena\u00e7\u00e3o"},"sameAs":["https:\/\/www.facebook.com\/EstrategiaConcursos","https:\/\/x.com\/EstratConcursos"],"url":"https:\/\/www.estrategiaconcursos.com.br\/blog\/author\/estrategia2013\/"}]}},"_links":{"self":[{"href":"https:\/\/www.estrategiaconcursos.com.br\/blog\/wp-json\/wp\/v2\/posts\/711222","targetHints":{"allow":["GET"]}}],"collection":[{"href":"https:\/\/www.estrategiaconcursos.com.br\/blog\/wp-json\/wp\/v2\/posts"}],"about":[{"href":"https:\/\/www.estrategiaconcursos.com.br\/blog\/wp-json\/wp\/v2\/types\/post"}],"author":[{"embeddable":true,"href":"https:\/\/www.estrategiaconcursos.com.br\/blog\/wp-json\/wp\/v2\/users\/1"}],"replies":[{"embeddable":true,"href":"https:\/\/www.estrategiaconcursos.com.br\/blog\/wp-json\/wp\/v2\/comments?post=711222"}],"version-history":[{"count":3,"href":"https:\/\/www.estrategiaconcursos.com.br\/blog\/wp-json\/wp\/v2\/posts\/711222\/revisions"}],"predecessor-version":[{"id":711285,"href":"https:\/\/www.estrategiaconcursos.com.br\/blog\/wp-json\/wp\/v2\/posts\/711222\/revisions\/711285"}],"wp:featuredmedia":[{"embeddable":true,"href":"https:\/\/www.estrategiaconcursos.com.br\/blog\/wp-json\/wp\/v2\/media\/612457"}],"wp:attachment":[{"href":"https:\/\/www.estrategiaconcursos.com.br\/blog\/wp-json\/wp\/v2\/media?parent=711222"}],"wp:term":[{"taxonomy":"category","embeddable":true,"href":"https:\/\/www.estrategiaconcursos.com.br\/blog\/wp-json\/wp\/v2\/categories?post=711222"},{"taxonomy":"post_tag","embeddable":true,"href":"https:\/\/www.estrategiaconcursos.com.br\/blog\/wp-json\/wp\/v2\/tags?post=711222"},{"taxonomy":"tax_estado","embeddable":true,"href":"https:\/\/www.estrategiaconcursos.com.br\/blog\/wp-json\/wp\/v2\/tax_estado?post=711222"}],"curies":[{"name":"wp","href":"https:\/\/api.w.org\/{rel}","templated":true}]}}