{"id":710965,"date":"2021-04-09T13:14:50","date_gmt":"2021-04-09T16:14:50","guid":{"rendered":"https:\/\/www.estrategiaconcursos.com.br\/blog\/?p=710965"},"modified":"2021-04-10T10:51:56","modified_gmt":"2021-04-10T13:51:56","slug":"100-vagas-sefaz-ce-edital-esse-mes","status":"publish","type":"post","link":"https:\/\/www.estrategiaconcursos.com.br\/blog\/100-vagas-sefaz-ce-edital-esse-mes\/","title":{"rendered":"Com 100 vagas, Sefaz CE volta a confirmar edital para este m\u00eas"},"content":{"rendered":"\n<p>H\u00e1 quase 15 anos sem realizar um novo concurso p\u00fablico, a <a href=\"https:\/\/www.estrategiaconcursos.com.br\/blog\/concurso-sefaz-ce\/\" target=\"_blank\" rel=\"noreferrer noopener\">Secretaria de Estado da Fazenda do Cear\u00e1<\/a> (Sefaz CE) voltou a mexer com os \u00e2nimos dos concurseiros da <a href=\"https:\/\/www.estrategiaconcursos.com.br\/blog\/concursos-fiscais-2021\/\" target=\"_blank\" rel=\"noreferrer noopener\">\u00e1rea fiscal<\/a>. Em publica\u00e7\u00e3o em seu perfil oficial do Instagram, o \u00f3rg\u00e3o confirmou o que j\u00e1 \u00e9 esperado: o <strong>edital sai ainda este m\u00eas<\/strong>!<\/p>\n\n\n\n<div class=\"wp-block-image\"><figure class=\"aligncenter size-large is-resized\"><img loading=\"lazy\" decoding=\"async\" src=\"https:\/\/dhg1h5j42swfq.cloudfront.net\/2021\/04\/09130157\/image-27.png\" alt=\"Com 100 vagas, Sefaz CE volta a confirmar edital para esse m\u00eas\" class=\"wp-image-711009\" width=\"436\" height=\"418\" srcset=\"https:\/\/dhg1h5j42swfq.cloudfront.net\/2021\/04\/09130157\/image-27.png 888w, https:\/\/dhg1h5j42swfq.cloudfront.net\/2021\/04\/09130157\/image-27-300x288.png 300w, https:\/\/dhg1h5j42swfq.cloudfront.net\/2021\/04\/09130157\/image-27-768x738.png 768w, https:\/\/dhg1h5j42swfq.cloudfront.net\/2021\/04\/09130157\/image-27-610x586.png 610w\" sizes=\"auto, (max-width: 436px) 100vw, 436px\" \/><\/figure><\/div>\n\n\n\n<p>Ainda de acordo com o <a href=\"https:\/\/www.instagram.com\/p\/CNcfTnOBfpf\/\" target=\"_blank\" rel=\"noreferrer noopener\"><em>post<\/em><\/a>, a Secretaria destacou a contrata\u00e7\u00e3o do Cebraspe como banca organizadora e ressaltou sobre a defini\u00e7\u00e3o da comiss\u00e3o coordenadora. No total, s\u00e3o aguardadas <strong>100 oportunidades para diferentes especialidades de Auditor Fiscal<\/strong>.<\/p>\n\n\n\n<p>Vale lembrar que, durante as \u00faltimas semanas, a secret\u00e1ria do \u00f3rg\u00e3o, Fernanda Pacobahyba, tem soltado diversos detalhes a respeito do <a href=\"https:\/\/www.estrategiaconcursos.com.br\/cursosPorConcurso\/sefaz-ce\/\" target=\"_blank\" rel=\"noreferrer noopener\">concurso Sefaz CE<\/a>, tais como informa\u00e7\u00f5es do edital, distribui\u00e7\u00e3o das vagas e requisitos dos cargos. <\/p>\n\n\n\n<p>Segundo Pacobahyba, a <strong>publica\u00e7\u00e3o do documento deve ocorrer at\u00e9 o dia 15<\/strong>, ou seja, menos de uma semana! Em rela\u00e7\u00e3o \u00e0s vagas, a chefe da pasta compartilhou que o cargo de Auditor Fiscal da Receita Estadual deve receber o maior n\u00famero de oportunidades, no caso, 80. Ali\u00e1s, <span style=\"text-decoration: underline;\">n\u00e3o haver\u00e1 forma\u00e7\u00e3o de cadastro reserva<\/span>.<\/p>\n\n\n\n<p>Dentre os requisitos, existe a possibilidade do concurso aceitar<strong>&nbsp;<\/strong>curso de tecn\u00f3logo&nbsp;dos candidatos. Entretanto, a informa\u00e7\u00e3o n\u00e3o foi confirmada. Al\u00e9m disso, conforme recente aprova\u00e7\u00e3o da lei de cotas no estado, o edital da Sefaz CE ter\u00e1 <a href=\"https:\/\/www.estrategiaconcursos.com.br\/blog\/edital-sefaz-ce-reserva-vagas-negros\/\" target=\"_blank\" rel=\"noreferrer noopener\">reserva de 20% das vagas para negros<\/a>.&nbsp;<\/p>\n\n\n\n<h3 class=\"has-text-align-center has-pale-cyan-blue-background-color has-background has-medium-font-size wp-block-heading\" id=\"h-e-voc-que-est-aguardando-ansiosamente-a-publica-o-desse-edital-da-sefaz-ce-com-100-vagas-para-auditor-fiscal-participe-de-nossa-enquete\"><span class=\"has-inline-color has-black-color\">E voc\u00ea que est\u00e1 aguardando ansiosamente a publica\u00e7\u00e3o desse edital da Sefaz CE com 100 vagas para Auditor Fiscal, participe de nossa enquete:<\/span><\/h3>\n\n\n<div id=\"polls-312\" class=\"wp-polls\">\n\t<form id=\"polls_form_312\" class=\"wp-polls-form\" action=\"\/blog\/index.php\" method=\"post\">\n\t\t<p style=\"display: none;\"><input type=\"hidden\" id=\"poll_312_nonce\" name=\"wp-polls-nonce\" value=\"aa22ffb140\" \/><\/p>\n\t\t<p style=\"display: none;\"><input type=\"hidden\" name=\"poll_id\" value=\"312\" \/><\/p>\n\t\t<p><strong>Voc\u00ea acha que o edital da Sefaz CE sai mesmo at\u00e9 o dia 15?<\/strong><\/p><div id=\"polls-312-ans\" class=\"wp-polls-ans\"><ul class=\"wp-polls-ul\">\n\t\t<li><input type=\"radio\" id=\"poll-answer-1137\" name=\"poll_312\" value=\"1137\" \/> <label for=\"poll-answer-1137\">Claro, sai at\u00e9 antes!<\/label><\/li>\n\t\t<li><input type=\"radio\" id=\"poll-answer-1138\" name=\"poll_312\" value=\"1138\" \/> <label for=\"poll-answer-1138\">Sim, dia 15 certinho!<\/label><\/li>\n\t\t<li><input type=\"radio\" id=\"poll-answer-1139\" name=\"poll_312\" value=\"1139\" \/> <label for=\"poll-answer-1139\">Sai esse m\u00eas, mas depois do dia 15.<\/label><\/li>\n\t\t<li><input type=\"radio\" id=\"poll-answer-1140\" name=\"poll_312\" value=\"1140\" \/> <label for=\"poll-answer-1140\">Que nada, vai ficar para o pr\u00f3ximo m\u00eas!<\/label><\/li>\n\t\t<\/ul><p style=\"text-align: center\"><input type=\"button\" name=\"vote\" value=\"   Voto   \" class=\"Buttons\" onclick=\"poll_vote(312);\" \/><\/p><p style=\"text-align: center\"><a href=\"#ViewPollResults\" onclick=\"poll_result(312); return false;\" title=\"Veja resultados desta pesquisa\">Ver resultados<\/a><\/p><\/div>\n\t<\/form>\n<\/div>\n<div id=\"polls-312-loading\" class=\"wp-polls-loading\"><img loading=\"lazy\" decoding=\"async\" src=\"https:\/\/www.estrategiaconcursos.com.br\/blog\/wp-content\/plugins\/wp-polls\/images\/loading.gif\" width=\"16\" height=\"16\" alt=\"Carregando ...\" title=\"Carregando ...\" class=\"wp-polls-image\" \/>&nbsp;Carregando ...<\/div>\n\n\n\n\n<h2 class=\"wp-block-heading\" id=\"h-edital-sefaz-ce-vagas-e-provas\">Edital Sefaz CE: vagas e provas<\/h2>\n\n\n\n<p>Com a divulga\u00e7\u00e3o do <a href=\"https:\/\/dhg1h5j42swfq.cloudfront.net\/2021\/02\/02065816\/projeto-basico-concurso-sefaz-ce.pdf\" target=\"_blank\" rel=\"noreferrer noopener\">Termo de Refer\u00eancia<\/a>, algumas importantes informa\u00e7\u00f5es sobre o concurso Sefaz CE foram disponibilizadas. O documento confirmou o que j\u00e1 vinha sendo especulado, confirmando a oferta de 100 vagas para os seguintes cargos:<\/p>\n\n\n\n<ul class=\"has-background wp-block-list\" style=\"background-color:#eeeeee\"><li><strong>Auditor Fiscal da Receita Estadual<\/strong>;<\/li><li><strong>Auditor Fiscal Cont\u00e1bil-Financeiro da Receita Estadual<\/strong>;<\/li><li><strong>Auditor Fiscal Jur\u00eddico da Receita Estadual<\/strong>;<strong> <\/strong><\/li><li><strong>Auditor Fiscal de Tecnologia da Informa\u00e7\u00e3o da Receita Estadual<\/strong>.<\/li><\/ul>\n\n\n\n<p>De forma resumida, a avalia\u00e7\u00e3o dos candidatos ser\u00e1 realizada atrav\u00e9s de tr\u00eas etapas, sendo elas:<\/p>\n\n\n\n<ol class=\"wp-block-list\"><li><strong>Provas objetivas&nbsp;<\/strong>de conhecimentos gerais e espec\u00edficos, com 160 quest\u00f5es do tipo \u201ccerto\u201d ou \u201cerrado\u201d (eliminat\u00f3rio e classificat\u00f3rio);<\/li><li><strong>Prova discursiva<\/strong>&nbsp;de conhecimentos espec\u00edficos, composta por 2 quest\u00f5es com at\u00e9 20 linhas cada e 1 (um) estudo de caso com at\u00e9 45 linhas (eliminat\u00f3rio e classificat\u00f3rio);<\/li><li><strong>Prova de t\u00edtulos<\/strong>&nbsp;(classificat\u00f3rio).<\/li><\/ol>\n\n\n\n<p class=\"has-text-align-center\"><strong>Para saber as informa\u00e7\u00f5es completas e mais detalhadas sobre o edital do pr\u00f3ximo concurso da Sefaz CE, acesse abaixo nosso artigo e fique sempre bem informado com o Estrat\u00e9gia Concursos!<\/strong><\/p>\n\n\n\n<h2 class=\"has-text-align-center has-background has-medium-font-size wp-block-heading\" id=\"h-saiba-mais-concurso-sefaz-ce\" style=\"background-color:#eeeeee\"><span class=\"has-inline-color has-black-color\">Saiba mais:<\/span> <a href=\"https:\/\/www.estrategiaconcursos.com.br\/blog\/concurso-sefaz-ce\/\" target=\"_blank\" rel=\"noreferrer noopener\">Concurso Sefaz CE<\/a><\/h2>\n\n\n\n<hr class=\"wp-block-separator\"\/>\n\n\n\n<div class=\"container\" id=\"boxes\">\n  <div class=\"row\">\n\n    <div class=\"col-sm\">\n      <div class=\"banner-fiscal-01\" id=\"box-assinatura\">\n        <h3 class=\"titulo-assinatura\">Concurso Sefaz CE<\/h3>\n        <p class=\"subtitulo-assinatura\">Estude conosco<\/p>\n        <div class=\"box-botao\">\n          <a class=\"btn-assinatura\" target=\"_blank\" href=\"https:\/\/www.estrategiaconcursos.com.br\/cursosPorConcurso\/sefaz-ce\/\" role=\"button\" rel=\"noopener noreferrer\">Conhe\u00e7a os cursos<\/a>\n        <\/div>\n      <\/div>\n      \n    <\/div>\n\n  <\/div>\n<\/div>\n\n\n\n<div class=\"container\" id=\"boxes\">\n  <div class=\"row\">\n\n    <div class=\"col-sm\">\n      <div class=\"estrategia\" id=\"box-assinatura\">\n        <h3 class=\"titulo-assinatura\">Assinatura Concursos<\/h3>\n        <p class=\"subtitulo-assinatura\">Assinatura de 1 ano ou 2 anos<\/p>\n        <div class=\"box-botao\">\n          <a class=\"btn-assinatura\" target=\"_blank\" href=\"https:\/\/www.estrategiaconcursos.com.br\/assinaturas\/\" role=\"button\" rel=\"noopener noreferrer\">ASSINE AGORA<\/a>\n        <\/div>\n      <\/div>\n     \n    <\/div>\n\n    <div class=\"col-sm\">\n      <div class=\"questoes\" id=\"box-assinatura\">\n        <h3 class=\"titulo-assinatura\">Sistema de Quest\u00f5es<\/h3>\n        <p class=\"subtitulo-assinatura\">Assinatura de 1 ano ou 2 anos\n<\/p>\n        <div class=\"box-botao\">\n          <a class=\"btn-assinatura\" target=\"_blank\" href=\"https:\/\/questoes.estrategiaconcursos.com.br\/\" role=\"button\" rel=\"noopener noreferrer\">ASSINE AGORA<\/a>\n        <\/div>\n      <\/div>\n    \n    <\/div>\n  <\/div>\n<\/div>\n\n\n\n<div class=\"container\" id=\"boxes\">\n  <div class=\"row\">\n\n    <div class=\"col-sm\" id=\"boxes-concursos\">\n      <div style=\"background-color: #005DAD;\" class=\"conteudo-concursos\" id=\"box-concursos\">\n        <h3 class=\"titulo-assinatura\">Concursos Abertos<\/h3>\n        <p class=\"subtitulo-assinatura\">mais de 15 mil vagas<\/p>\n        <div class=\"box-botao\">\n          <a class=\"btn-assinatura\" target=\"_blank\" href=\"https:\/\/www.estrategiaconcursos.com.br\/blog\/concursos-abertos\/\" role=\"button\" rel=\"noopener noreferrer\">Conhe\u00e7a Agora<\/a>\n        <\/div>\n      <\/div>\n    <\/div>\n\n    <div class=\"col-sm\" id=\"boxes-concursos\">\n      <div style=\"background-color: #419FF0;\" class=\"conteudo-concursos\" id=\"box-concursos\">\n        <h3 class=\"titulo-assinatura\">Concursos 2021<\/h3>\n        <p class=\"subtitulo-assinatura\">mais de 50 mil vagas<\/p>\n        <div class=\"box-botao\">\n          <a class=\"btn-assinatura\" target=\"_blank\" href=\"https:\/\/www.estrategiaconcursos.com.br\/blog\/concursos-2021\/\" role=\"button\" rel=\"noopener noreferrer\">Conhe\u00e7a Agora<\/a>\n        <\/div>\n      <\/div>\n    <\/div>\n\n  <\/div>\n<\/div>\n","protected":false},"excerpt":{"rendered":"<p>H\u00e1 quase 15 anos sem realizar um novo concurso p\u00fablico, a Secretaria de Estado da Fazenda do Cear\u00e1 (Sefaz CE) voltou a mexer com os \u00e2nimos dos concurseiros da \u00e1rea fiscal. Em publica\u00e7\u00e3o em seu perfil oficial do Instagram, o \u00f3rg\u00e3o confirmou o que j\u00e1 \u00e9 esperado: o edital sai ainda este m\u00eas! Ainda de [&hellip;]<\/p>\n","protected":false},"author":1,"featured_media":698518,"comment_status":"open","ping_status":"closed","sticky":false,"template":"","format":"standard","meta":{"post_tipo":"news","footnotes":""},"categories":[1983],"tags":[],"tax_estado":[219969],"class_list":["post-710965","post","type-post","status-publish","format-standard","has-post-thumbnail","hentry","category-fiscal-estadual","tax_estado-ce"],"acf":[],"yoast_head":"<!-- This site is optimized with the Yoast SEO Premium plugin v27.2 (Yoast SEO v27.2) - https:\/\/yoast.com\/product\/yoast-seo-premium-wordpress\/ -->\n<title>Com 100 vagas, Sefaz CE volta a confirmar edital para este m\u00eas<\/title>\n<meta name=\"description\" content=\"Com concurso previsto com 100 vagas, Sefaz CE volta a confirmar publica\u00e7\u00e3o de edital para esse m\u00eas. Expectativa \u00e9 at\u00e9 dia 15 de abril.\" \/>\n<meta name=\"robots\" content=\"index, follow, max-snippet:-1, max-image-preview:large, max-video-preview:-1\" \/>\n<link rel=\"canonical\" href=\"https:\/\/www.estrategiaconcursos.com.br\/blog\/100-vagas-sefaz-ce-edital-esse-mes\/\" \/>\n<meta property=\"og:locale\" content=\"pt_BR\" \/>\n<meta property=\"og:type\" content=\"article\" \/>\n<meta property=\"og:title\" content=\"Com 100 vagas, Sefaz CE volta a confirmar edital para este m\u00eas\" \/>\n<meta property=\"og:description\" content=\"Com concurso previsto com 100 vagas, Sefaz CE volta a confirmar publica\u00e7\u00e3o de edital para esse m\u00eas. Expectativa \u00e9 at\u00e9 dia 15 de abril.\" \/>\n<meta property=\"og:url\" content=\"https:\/\/www.estrategiaconcursos.com.br\/blog\/100-vagas-sefaz-ce-edital-esse-mes\/\" \/>\n<meta property=\"og:site_name\" content=\"Estrat\u00e9gia Concursos\" \/>\n<meta property=\"article:author\" content=\"https:\/\/www.facebook.com\/EstrategiaConcursos\" \/>\n<meta property=\"article:published_time\" content=\"2021-04-09T16:14:50+00:00\" \/>\n<meta property=\"article:modified_time\" content=\"2021-04-10T13:51:56+00:00\" \/>\n<meta property=\"og:image\" content=\"https:\/\/dhg1h5j42swfq.cloudfront.net\/2021\/03\/22154714\/sefaz-ce_2.jpg\" \/>\n\t<meta property=\"og:image:width\" content=\"1200\" \/>\n\t<meta property=\"og:image:height\" content=\"628\" \/>\n\t<meta property=\"og:image:type\" content=\"image\/jpeg\" \/>\n<meta name=\"author\" content=\"Coordena\u00e7\u00e3o\" \/>\n<meta name=\"twitter:card\" content=\"summary_large_image\" \/>\n<meta name=\"twitter:creator\" content=\"@EstratConcursos\" \/>\n<meta name=\"twitter:site\" content=\"@EstratConcursos\" \/>\n<meta name=\"twitter:label1\" content=\"Escrito por\" \/>\n\t<meta name=\"twitter:data1\" content=\"Coordena\u00e7\u00e3o\" \/>\n\t<meta name=\"twitter:label2\" content=\"Est. tempo de leitura\" \/>\n\t<meta name=\"twitter:data2\" content=\"2 minutos\" \/>\n<script type=\"application\/ld+json\" class=\"yoast-schema-graph\">{\"@context\":\"https:\/\/schema.org\",\"@graph\":[{\"@type\":\"NewsArticle\",\"@id\":\"https:\/\/www.estrategiaconcursos.com.br\/blog\/100-vagas-sefaz-ce-edital-esse-mes\/#article\",\"isPartOf\":{\"@id\":\"https:\/\/www.estrategiaconcursos.com.br\/blog\/100-vagas-sefaz-ce-edital-esse-mes\/\"},\"author\":{\"name\":\"Coordena\u00e7\u00e3o\",\"@id\":\"https:\/\/www.estrategiaconcursos.com.br\/blog\/#\/schema\/person\/b4a388c97673c5f483d72185668afa1f\"},\"headline\":\"Com 100 vagas, Sefaz CE volta a confirmar edital para este m\u00eas\",\"datePublished\":\"2021-04-09T16:14:50+00:00\",\"dateModified\":\"2021-04-10T13:51:56+00:00\",\"mainEntityOfPage\":{\"@id\":\"https:\/\/www.estrategiaconcursos.com.br\/blog\/100-vagas-sefaz-ce-edital-esse-mes\/\"},\"wordCount\":510,\"commentCount\":0,\"publisher\":{\"@id\":\"https:\/\/www.estrategiaconcursos.com.br\/blog\/#organization\"},\"image\":{\"@id\":\"https:\/\/www.estrategiaconcursos.com.br\/blog\/100-vagas-sefaz-ce-edital-esse-mes\/#primaryimage\"},\"thumbnailUrl\":\"https:\/\/dhg1h5j42swfq.cloudfront.net\/2021\/03\/22154714\/sefaz-ce_2.jpg\",\"articleSection\":[\"Fiscal - Estadual (ICMS)\"],\"inLanguage\":\"pt-BR\",\"potentialAction\":[{\"@type\":\"CommentAction\",\"name\":\"Comment\",\"target\":[\"https:\/\/www.estrategiaconcursos.com.br\/blog\/100-vagas-sefaz-ce-edital-esse-mes\/#respond\"]}],\"copyrightYear\":\"2021\",\"copyrightHolder\":{\"@id\":\"https:\/\/www.estrategiaconcursos.com.br\/blog\/#organization\"}},{\"@type\":\"WebPage\",\"@id\":\"https:\/\/www.estrategiaconcursos.com.br\/blog\/100-vagas-sefaz-ce-edital-esse-mes\/\",\"url\":\"https:\/\/www.estrategiaconcursos.com.br\/blog\/100-vagas-sefaz-ce-edital-esse-mes\/\",\"name\":\"Com 100 vagas, Sefaz CE volta a confirmar edital para este m\u00eas\",\"isPartOf\":{\"@id\":\"https:\/\/www.estrategiaconcursos.com.br\/blog\/#website\"},\"primaryImageOfPage\":{\"@id\":\"https:\/\/www.estrategiaconcursos.com.br\/blog\/100-vagas-sefaz-ce-edital-esse-mes\/#primaryimage\"},\"image\":{\"@id\":\"https:\/\/www.estrategiaconcursos.com.br\/blog\/100-vagas-sefaz-ce-edital-esse-mes\/#primaryimage\"},\"thumbnailUrl\":\"https:\/\/dhg1h5j42swfq.cloudfront.net\/2021\/03\/22154714\/sefaz-ce_2.jpg\",\"datePublished\":\"2021-04-09T16:14:50+00:00\",\"dateModified\":\"2021-04-10T13:51:56+00:00\",\"description\":\"Com concurso previsto com 100 vagas, Sefaz CE volta a confirmar publica\u00e7\u00e3o de edital para esse m\u00eas. Expectativa \u00e9 at\u00e9 dia 15 de abril.\",\"breadcrumb\":{\"@id\":\"https:\/\/www.estrategiaconcursos.com.br\/blog\/100-vagas-sefaz-ce-edital-esse-mes\/#breadcrumb\"},\"inLanguage\":\"pt-BR\",\"potentialAction\":[{\"@type\":\"ReadAction\",\"target\":[\"https:\/\/www.estrategiaconcursos.com.br\/blog\/100-vagas-sefaz-ce-edital-esse-mes\/\"]}]},{\"@type\":\"ImageObject\",\"inLanguage\":\"pt-BR\",\"@id\":\"https:\/\/www.estrategiaconcursos.com.br\/blog\/100-vagas-sefaz-ce-edital-esse-mes\/#primaryimage\",\"url\":\"https:\/\/dhg1h5j42swfq.cloudfront.net\/2021\/03\/22154714\/sefaz-ce_2.jpg\",\"contentUrl\":\"https:\/\/dhg1h5j42swfq.cloudfront.net\/2021\/03\/22154714\/sefaz-ce_2.jpg\",\"width\":1200,\"height\":628,\"caption\":\"Inscri\u00e7\u00f5es Sefaz CE\"},{\"@type\":\"BreadcrumbList\",\"@id\":\"https:\/\/www.estrategiaconcursos.com.br\/blog\/100-vagas-sefaz-ce-edital-esse-mes\/#breadcrumb\",\"itemListElement\":[{\"@type\":\"ListItem\",\"position\":1,\"name\":\"In\u00edcio\",\"item\":\"https:\/\/www.estrategiaconcursos.com.br\/blog\/\"},{\"@type\":\"ListItem\",\"position\":2,\"name\":\"Com 100 vagas, Sefaz CE volta a confirmar edital para este m\u00eas\"}]},{\"@type\":\"WebSite\",\"@id\":\"https:\/\/www.estrategiaconcursos.com.br\/blog\/#website\",\"url\":\"https:\/\/www.estrategiaconcursos.com.br\/blog\/\",\"name\":\"Estrat\u00e9gia Concursos\",\"description\":\"O blog da Estrat\u00e9gia Concursos traz not\u00edcias sobre concursos e artigos de professores oferecendo cursos para concursos (pdf + videaulas) no site.\",\"publisher\":{\"@id\":\"https:\/\/www.estrategiaconcursos.com.br\/blog\/#organization\"},\"potentialAction\":[{\"@type\":\"SearchAction\",\"target\":{\"@type\":\"EntryPoint\",\"urlTemplate\":\"https:\/\/www.estrategiaconcursos.com.br\/blog\/?s={search_term_string}\"},\"query-input\":{\"@type\":\"PropertyValueSpecification\",\"valueRequired\":true,\"valueName\":\"search_term_string\"}}],\"inLanguage\":\"pt-BR\"},{\"@type\":\"Organization\",\"@id\":\"https:\/\/www.estrategiaconcursos.com.br\/blog\/#organization\",\"name\":\"Estrat\u00e9gia Concursos\",\"url\":\"https:\/\/www.estrategiaconcursos.com.br\/blog\/\",\"logo\":{\"@type\":\"ImageObject\",\"inLanguage\":\"pt-BR\",\"@id\":\"https:\/\/www.estrategiaconcursos.com.br\/blog\/#\/schema\/logo\/image\/\",\"url\":\"https:\/\/dhg1h5j42swfq.cloudfront.net\/2025\/06\/03203428\/logo_concursos-1.jpg\",\"contentUrl\":\"https:\/\/dhg1h5j42swfq.cloudfront.net\/2025\/06\/03203428\/logo_concursos-1.jpg\",\"width\":230,\"height\":60,\"caption\":\"Estrat\u00e9gia Concursos\"},\"image\":{\"@id\":\"https:\/\/www.estrategiaconcursos.com.br\/blog\/#\/schema\/logo\/image\/\"},\"sameAs\":[\"https:\/\/x.com\/EstratConcursos\"]},{\"@type\":\"Person\",\"@id\":\"https:\/\/www.estrategiaconcursos.com.br\/blog\/#\/schema\/person\/b4a388c97673c5f483d72185668afa1f\",\"name\":\"Coordena\u00e7\u00e3o\",\"image\":{\"@type\":\"ImageObject\",\"inLanguage\":\"pt-BR\",\"@id\":\"https:\/\/secure.gravatar.com\/avatar\/b720319e4c9a967eb58678d110f4fe35452fc5d5f97b202bac7b8acceb18c6ad?s=96&d=mm&r=g\",\"url\":\"https:\/\/secure.gravatar.com\/avatar\/b720319e4c9a967eb58678d110f4fe35452fc5d5f97b202bac7b8acceb18c6ad?s=96&d=mm&r=g\",\"contentUrl\":\"https:\/\/secure.gravatar.com\/avatar\/b720319e4c9a967eb58678d110f4fe35452fc5d5f97b202bac7b8acceb18c6ad?s=96&d=mm&r=g\",\"caption\":\"Coordena\u00e7\u00e3o\"},\"sameAs\":[\"https:\/\/www.facebook.com\/EstrategiaConcursos\",\"https:\/\/x.com\/EstratConcursos\"],\"url\":\"https:\/\/www.estrategiaconcursos.com.br\/blog\/author\/estrategia2013\/\"}]}<\/script>\n<!-- \/ Yoast SEO Premium plugin. -->","yoast_head_json":{"title":"Com 100 vagas, Sefaz CE volta a confirmar edital para este m\u00eas","description":"Com concurso previsto com 100 vagas, Sefaz CE volta a confirmar publica\u00e7\u00e3o de edital para esse m\u00eas. Expectativa \u00e9 at\u00e9 dia 15 de abril.","robots":{"index":"index","follow":"follow","max-snippet":"max-snippet:-1","max-image-preview":"max-image-preview:large","max-video-preview":"max-video-preview:-1"},"canonical":"https:\/\/www.estrategiaconcursos.com.br\/blog\/100-vagas-sefaz-ce-edital-esse-mes\/","og_locale":"pt_BR","og_type":"article","og_title":"Com 100 vagas, Sefaz CE volta a confirmar edital para este m\u00eas","og_description":"Com concurso previsto com 100 vagas, Sefaz CE volta a confirmar publica\u00e7\u00e3o de edital para esse m\u00eas. Expectativa \u00e9 at\u00e9 dia 15 de abril.","og_url":"https:\/\/www.estrategiaconcursos.com.br\/blog\/100-vagas-sefaz-ce-edital-esse-mes\/","og_site_name":"Estrat\u00e9gia Concursos","article_author":"https:\/\/www.facebook.com\/EstrategiaConcursos","article_published_time":"2021-04-09T16:14:50+00:00","article_modified_time":"2021-04-10T13:51:56+00:00","og_image":[{"width":1200,"height":628,"url":"https:\/\/dhg1h5j42swfq.cloudfront.net\/2021\/03\/22154714\/sefaz-ce_2.jpg","type":"image\/jpeg"}],"author":"Coordena\u00e7\u00e3o","twitter_card":"summary_large_image","twitter_creator":"@EstratConcursos","twitter_site":"@EstratConcursos","twitter_misc":{"Escrito por":"Coordena\u00e7\u00e3o","Est. tempo de leitura":"2 minutos"},"schema":{"@context":"https:\/\/schema.org","@graph":[{"@type":"NewsArticle","@id":"https:\/\/www.estrategiaconcursos.com.br\/blog\/100-vagas-sefaz-ce-edital-esse-mes\/#article","isPartOf":{"@id":"https:\/\/www.estrategiaconcursos.com.br\/blog\/100-vagas-sefaz-ce-edital-esse-mes\/"},"author":{"name":"Coordena\u00e7\u00e3o","@id":"https:\/\/www.estrategiaconcursos.com.br\/blog\/#\/schema\/person\/b4a388c97673c5f483d72185668afa1f"},"headline":"Com 100 vagas, Sefaz CE volta a confirmar edital para este m\u00eas","datePublished":"2021-04-09T16:14:50+00:00","dateModified":"2021-04-10T13:51:56+00:00","mainEntityOfPage":{"@id":"https:\/\/www.estrategiaconcursos.com.br\/blog\/100-vagas-sefaz-ce-edital-esse-mes\/"},"wordCount":510,"commentCount":0,"publisher":{"@id":"https:\/\/www.estrategiaconcursos.com.br\/blog\/#organization"},"image":{"@id":"https:\/\/www.estrategiaconcursos.com.br\/blog\/100-vagas-sefaz-ce-edital-esse-mes\/#primaryimage"},"thumbnailUrl":"https:\/\/dhg1h5j42swfq.cloudfront.net\/2021\/03\/22154714\/sefaz-ce_2.jpg","articleSection":["Fiscal - Estadual (ICMS)"],"inLanguage":"pt-BR","potentialAction":[{"@type":"CommentAction","name":"Comment","target":["https:\/\/www.estrategiaconcursos.com.br\/blog\/100-vagas-sefaz-ce-edital-esse-mes\/#respond"]}],"copyrightYear":"2021","copyrightHolder":{"@id":"https:\/\/www.estrategiaconcursos.com.br\/blog\/#organization"}},{"@type":"WebPage","@id":"https:\/\/www.estrategiaconcursos.com.br\/blog\/100-vagas-sefaz-ce-edital-esse-mes\/","url":"https:\/\/www.estrategiaconcursos.com.br\/blog\/100-vagas-sefaz-ce-edital-esse-mes\/","name":"Com 100 vagas, Sefaz CE volta a confirmar edital para este m\u00eas","isPartOf":{"@id":"https:\/\/www.estrategiaconcursos.com.br\/blog\/#website"},"primaryImageOfPage":{"@id":"https:\/\/www.estrategiaconcursos.com.br\/blog\/100-vagas-sefaz-ce-edital-esse-mes\/#primaryimage"},"image":{"@id":"https:\/\/www.estrategiaconcursos.com.br\/blog\/100-vagas-sefaz-ce-edital-esse-mes\/#primaryimage"},"thumbnailUrl":"https:\/\/dhg1h5j42swfq.cloudfront.net\/2021\/03\/22154714\/sefaz-ce_2.jpg","datePublished":"2021-04-09T16:14:50+00:00","dateModified":"2021-04-10T13:51:56+00:00","description":"Com concurso previsto com 100 vagas, Sefaz CE volta a confirmar publica\u00e7\u00e3o de edital para esse m\u00eas. Expectativa \u00e9 at\u00e9 dia 15 de abril.","breadcrumb":{"@id":"https:\/\/www.estrategiaconcursos.com.br\/blog\/100-vagas-sefaz-ce-edital-esse-mes\/#breadcrumb"},"inLanguage":"pt-BR","potentialAction":[{"@type":"ReadAction","target":["https:\/\/www.estrategiaconcursos.com.br\/blog\/100-vagas-sefaz-ce-edital-esse-mes\/"]}]},{"@type":"ImageObject","inLanguage":"pt-BR","@id":"https:\/\/www.estrategiaconcursos.com.br\/blog\/100-vagas-sefaz-ce-edital-esse-mes\/#primaryimage","url":"https:\/\/dhg1h5j42swfq.cloudfront.net\/2021\/03\/22154714\/sefaz-ce_2.jpg","contentUrl":"https:\/\/dhg1h5j42swfq.cloudfront.net\/2021\/03\/22154714\/sefaz-ce_2.jpg","width":1200,"height":628,"caption":"Inscri\u00e7\u00f5es Sefaz CE"},{"@type":"BreadcrumbList","@id":"https:\/\/www.estrategiaconcursos.com.br\/blog\/100-vagas-sefaz-ce-edital-esse-mes\/#breadcrumb","itemListElement":[{"@type":"ListItem","position":1,"name":"In\u00edcio","item":"https:\/\/www.estrategiaconcursos.com.br\/blog\/"},{"@type":"ListItem","position":2,"name":"Com 100 vagas, Sefaz CE volta a confirmar edital para este m\u00eas"}]},{"@type":"WebSite","@id":"https:\/\/www.estrategiaconcursos.com.br\/blog\/#website","url":"https:\/\/www.estrategiaconcursos.com.br\/blog\/","name":"Estrat\u00e9gia Concursos","description":"O blog da Estrat\u00e9gia Concursos traz not\u00edcias sobre concursos e artigos de professores oferecendo cursos para concursos (pdf + videaulas) no site.","publisher":{"@id":"https:\/\/www.estrategiaconcursos.com.br\/blog\/#organization"},"potentialAction":[{"@type":"SearchAction","target":{"@type":"EntryPoint","urlTemplate":"https:\/\/www.estrategiaconcursos.com.br\/blog\/?s={search_term_string}"},"query-input":{"@type":"PropertyValueSpecification","valueRequired":true,"valueName":"search_term_string"}}],"inLanguage":"pt-BR"},{"@type":"Organization","@id":"https:\/\/www.estrategiaconcursos.com.br\/blog\/#organization","name":"Estrat\u00e9gia Concursos","url":"https:\/\/www.estrategiaconcursos.com.br\/blog\/","logo":{"@type":"ImageObject","inLanguage":"pt-BR","@id":"https:\/\/www.estrategiaconcursos.com.br\/blog\/#\/schema\/logo\/image\/","url":"https:\/\/dhg1h5j42swfq.cloudfront.net\/2025\/06\/03203428\/logo_concursos-1.jpg","contentUrl":"https:\/\/dhg1h5j42swfq.cloudfront.net\/2025\/06\/03203428\/logo_concursos-1.jpg","width":230,"height":60,"caption":"Estrat\u00e9gia Concursos"},"image":{"@id":"https:\/\/www.estrategiaconcursos.com.br\/blog\/#\/schema\/logo\/image\/"},"sameAs":["https:\/\/x.com\/EstratConcursos"]},{"@type":"Person","@id":"https:\/\/www.estrategiaconcursos.com.br\/blog\/#\/schema\/person\/b4a388c97673c5f483d72185668afa1f","name":"Coordena\u00e7\u00e3o","image":{"@type":"ImageObject","inLanguage":"pt-BR","@id":"https:\/\/secure.gravatar.com\/avatar\/b720319e4c9a967eb58678d110f4fe35452fc5d5f97b202bac7b8acceb18c6ad?s=96&d=mm&r=g","url":"https:\/\/secure.gravatar.com\/avatar\/b720319e4c9a967eb58678d110f4fe35452fc5d5f97b202bac7b8acceb18c6ad?s=96&d=mm&r=g","contentUrl":"https:\/\/secure.gravatar.com\/avatar\/b720319e4c9a967eb58678d110f4fe35452fc5d5f97b202bac7b8acceb18c6ad?s=96&d=mm&r=g","caption":"Coordena\u00e7\u00e3o"},"sameAs":["https:\/\/www.facebook.com\/EstrategiaConcursos","https:\/\/x.com\/EstratConcursos"],"url":"https:\/\/www.estrategiaconcursos.com.br\/blog\/author\/estrategia2013\/"}]}},"_links":{"self":[{"href":"https:\/\/www.estrategiaconcursos.com.br\/blog\/wp-json\/wp\/v2\/posts\/710965","targetHints":{"allow":["GET"]}}],"collection":[{"href":"https:\/\/www.estrategiaconcursos.com.br\/blog\/wp-json\/wp\/v2\/posts"}],"about":[{"href":"https:\/\/www.estrategiaconcursos.com.br\/blog\/wp-json\/wp\/v2\/types\/post"}],"author":[{"embeddable":true,"href":"https:\/\/www.estrategiaconcursos.com.br\/blog\/wp-json\/wp\/v2\/users\/1"}],"replies":[{"embeddable":true,"href":"https:\/\/www.estrategiaconcursos.com.br\/blog\/wp-json\/wp\/v2\/comments?post=710965"}],"version-history":[{"count":13,"href":"https:\/\/www.estrategiaconcursos.com.br\/blog\/wp-json\/wp\/v2\/posts\/710965\/revisions"}],"predecessor-version":[{"id":711610,"href":"https:\/\/www.estrategiaconcursos.com.br\/blog\/wp-json\/wp\/v2\/posts\/710965\/revisions\/711610"}],"wp:featuredmedia":[{"embeddable":true,"href":"https:\/\/www.estrategiaconcursos.com.br\/blog\/wp-json\/wp\/v2\/media\/698518"}],"wp:attachment":[{"href":"https:\/\/www.estrategiaconcursos.com.br\/blog\/wp-json\/wp\/v2\/media?parent=710965"}],"wp:term":[{"taxonomy":"category","embeddable":true,"href":"https:\/\/www.estrategiaconcursos.com.br\/blog\/wp-json\/wp\/v2\/categories?post=710965"},{"taxonomy":"post_tag","embeddable":true,"href":"https:\/\/www.estrategiaconcursos.com.br\/blog\/wp-json\/wp\/v2\/tags?post=710965"},{"taxonomy":"tax_estado","embeddable":true,"href":"https:\/\/www.estrategiaconcursos.com.br\/blog\/wp-json\/wp\/v2\/tax_estado?post=710965"}],"curies":[{"name":"wp","href":"https:\/\/api.w.org\/{rel}","templated":true}]}}