{"id":70929,"date":"2017-04-17T16:09:30","date_gmt":"2017-04-17T19:09:30","guid":{"rendered":"https:\/\/www.estrategiaconcursos.com.br\/blog\/?p=70929"},"modified":"2023-04-11T17:12:37","modified_gmt":"2023-04-11T20:12:37","slug":"60-questoes-comentadas-direito-do-trabalho-duracao-do-trabalho","status":"publish","type":"post","link":"https:\/\/www.estrategiaconcursos.com.br\/blog\/60-questoes-comentadas-direito-do-trabalho-duracao-do-trabalho\/","title":{"rendered":"60 Quest\u00f5es Comentadas de Direito do Trabalho: Dura\u00e7\u00e3o do Trabalho"},"content":{"rendered":"<p>Queridos alunos!<\/p>\n<p>Vamos fazer um treino de direito do Trabalho sobre o tema &#8220;<strong>dura\u00e7\u00e3o do trabalho<\/strong>&#8220;.<\/p>\n<p>Seguem 60 quest\u00f5es que est\u00e3o comentadas na aula demonstrativa do curso &#8220;2000 quest\u00f5es objetivas de <strong><span style=\"color: #0000ff;\">Direito do Trabalho e Processo do Trabalho.\u00a0<\/span>Basta abrir a aula demonstrativa, que \u00e9 gratuita, e conferir as resolu\u00e7\u00f5es<\/strong>.<\/p>\n<p style=\"text-align: justify;\">1\u00a0<strong>. (Juiz do Trabalho TRT 21\u00aa Regi\u00e3o \u2013 2015)<\/strong> Todos os integrantes da fam\u00edlia &#8220;Labor&#8221; trabalham no maior estabelecimento de uma grande rede de supermercados. O pai, Tony Labor, trabalha no estoque da C\u00e2mara Fria. A m\u00e3e, Francisca Labor, trabalha no setor de Recursos Humanos como digitadora. O filho mais velho, Jorge Labor, \u00e9 agente de vendas e trabalha visitando clientes externos. Jorge sempre v\u00ea seus familiares no in\u00edcio da jornada, pois, \u00e9 nesse momento, que recebe do supermercado o roteiro de visitas do dia e, no final do expediente, quando deve obrigatoriamente cadastrar relat\u00f3rio do percurso em reuni\u00e3o di\u00e1ria com seu gerente. A filhado meio, Eug\u00eania Labor, \u00e9 m\u00e3e de um beb\u00ea de 5 (cinco) meses e trabalha como supervisora. Por fim, o filho mais novo, Virg\u00edlio Labor, trabalha como vigilante do Supermercado, com jornada diferenciada de &#8220;12&#215;36&#8221;. Todos os dias, a fam\u00edlia se re\u00fane para almo\u00e7ar no refeit\u00f3rio do supermercado durante o intervalo intrajornada, comum a todos, das 11:30 \u00e0s 12:00 hs. Virg\u00edlio, sempre que sua escala permite, participa desse almo\u00e7o.<\/p>\n<p style=\"text-align: justify;\">Considerando a realidade desta fam\u00edlia, bem como a legisla\u00e7\u00e3o e jurisprud\u00eancia aplic\u00e1veis, \u00e9 <strong>correto <\/strong>afirmar:<\/p>\n<p style=\"text-align: justify;\">a) Tony tem direito a um intervalo diferenciado, identificado como pausa t\u00e9rmica para recupera\u00e7\u00e3o, inicialmente de 20 (vinte) minutos a cada 1 (uma) hora e 40 (quarenta)minutos, existindo previs\u00e3o legal da redu\u00e7\u00e3o desse tempo, por negocia\u00e7\u00e3o coletiva ou na propor\u00e7\u00e3o em que o uso de Equipamentos de Prote\u00e7\u00e3o Individual reduza a insalubridade.<\/p>\n<p style=\"text-align: justify;\">b) Francisca n\u00e3o tem direito a intervalos espec\u00edficos, tendo em vista que os digitadores n\u00e3o est\u00e3o contemplados no Art. 72 da CLT, que prev\u00ea intervalos pr\u00f3prios de outras atividades, n\u00e3o sendo poss\u00edvel analogia, dada a especificidade das previs\u00f5es legais.<\/p>\n<p style=\"text-align: justify;\">c) O intervalo intrajornada dos membros da fam\u00edlia est\u00e1 inadequado, sendo devida a indeniza\u00e7\u00e3o da fra\u00e7\u00e3o remanescente da hora suprimida, salvo para Virg\u00edlio, tendo em vista que sua jornada especial implica na supress\u00e3o do intervalo intrajornada.<\/p>\n<p style=\"text-align: justify;\">d) \u00c9 faculdade do supermercado abonar o tempo necess\u00e1rio para amamenta\u00e7\u00e3o do beb\u00ea de Eug\u00eania, sendo obrigat\u00f3rio apenas nos casos de prescri\u00e7\u00e3o m\u00e9dica ou previs\u00e3o em Conven\u00e7\u00e3o Coletiva de Trabalho.<\/p>\n<p style=\"text-align: justify;\">e) Para a incid\u00eancia do Art. 62 da CLT, que exclui obrigatoriedade do controle de jornada, o trabalho de Jorge deveria ser efetivamente incompat\u00edvel com fiscaliza\u00e7\u00e3o de hor\u00e1rio por parte da empresa. No caso descrito, verifica-se contexto que permite inferir o contr\u00e1rio.<\/p>\n<p style=\"text-align: justify;\"><strong>2. (FCC \u2013 Advogado Metro SP \u2013 2015) <\/strong>No tocante \u00e0 compensa\u00e7\u00e3o de jornada, considere:<\/p>\n<p style=\"text-align: justify;\">I. A presta\u00e7\u00e3o de horas extras habituais descaracteriza o acordo de compensa\u00e7\u00e3o de jornada. Nesta hip\u00f3tese, as horas que ultrapassarem a jornada semanal normal dever\u00e3o ser pagas como horas extraordin\u00e1rias e, quanto \u00e0quelas destinadas \u00e0 compensa\u00e7\u00e3o, dever\u00e1 ser pago a mais apenas o adicional por trabalho extraordin\u00e1rio.<\/p>\n<p style=\"text-align: justify;\">II. A compensa\u00e7\u00e3o de jornada de trabalho deve ser ajustada por acordo individual escrito, acordo coletivo ou conven\u00e7\u00e3o coletiva.<\/p>\n<p style=\"text-align: justify;\">III. O mero n\u00e3o atendimento \u00e0s exig\u00eancias legais para a compensa\u00e7\u00e3o de jornada, inclusive quando encetada mediante acordo t\u00e1cito, n\u00e3o implica a repeti\u00e7\u00e3o do pagamento das horas excedentes \u00e0 jornada normal di\u00e1ria, se n\u00e3o dilatada a jornada m\u00e1xima semanal, sendo devido apenas o respectivo adicional.<\/p>\n<p style=\"text-align: justify;\">IV. As disposi\u00e7\u00f5es contidas em s\u00famula espec\u00edfica sobre o tema compensa\u00e7\u00e3o de jornada do Tribunal Superior do Trabalho se aplicam ao regime compensat\u00f3rio na modalidade \u201cbanco de horas\u201d, regime este que pode ser institu\u00eddo por acordo individual escrito, acordo coletivo ou por conven\u00e7\u00e3o coletiva.<\/p>\n<p style=\"text-align: justify;\">Est\u00e1 correto o que consta APENAS em<\/p>\n<p style=\"text-align: justify;\">(A) I, II e IV. (B) I, II e III. (C) II e III. (D) I e IV. (E) I, III e IV.<\/p>\n<p style=\"text-align: justify;\"><strong>3. (FCC \u2013 TRT 19\u00aa Regi\u00e3o \u2013 T\u00e9cnico Judici\u00e1rio \u2013 \u00c1rea Administrativa &#8211; 2014) <\/strong>A remunera\u00e7\u00e3o do trabalho noturno \u00e9 superior em 20% \u00e0 do diurno, em decorr\u00eancia<\/p>\n<p style=\"text-align: justify;\">(A) de Conven\u00e7\u00e3o Coletiva de Trabalho.<\/p>\n<p style=\"text-align: justify;\">(B) de Senten\u00e7a Normativa.<\/p>\n<p style=\"text-align: justify;\">(C) de previs\u00e3o legal.<\/p>\n<p style=\"text-align: justify;\">(D) do plano de cargos e sal\u00e1rios da empresa.<\/p>\n<p style=\"text-align: justify;\">(E) de negocia\u00e7\u00e3o direta entre empregado e empregador.<\/p>\n<p style=\"text-align: justify;\"><strong>4. (FCC \u2013 TRT 19\u00aa Regi\u00e3o \u2013 T\u00e9cnico Judici\u00e1rio \u2013 \u00c1rea Administrativa &#8211; 2014) <\/strong>O tempo despendido pelo empregado at\u00e9 o local de trabalho, e para seu retorno,<\/p>\n<p style=\"text-align: justify;\">(A) deve ser considerado como tempo efetivamente trabalhado, limitado a 1 hora di\u00e1ria.<\/p>\n<p style=\"text-align: justify;\">(B) \u00e9 computado como tempo efetivamente trabalhado, se o local de trabalho for de dif\u00edcil acesso ou n\u00e3o servido por transporte p\u00fablico, e o empregador fornecer a condu\u00e7\u00e3o.<\/p>\n<p style=\"text-align: justify;\">(C) \u00e9 computado como tempo efetivamente trabalhado, se a condu\u00e7\u00e3o for do empregador, independentemente do local onde fica a empresa.<\/p>\n<p style=\"text-align: justify;\">(D) \u00e9 computado como tempo efetivamente trabalhado, somente quando o empregado utiliza transporte p\u00fablico para chegar ao local de trabalho.<\/p>\n<p style=\"text-align: justify;\">(E) n\u00e3o \u00e9 computado como tempo de jornada de trabalho.<\/p>\n<p style=\"text-align: justify;\"><strong>5. (FCC \u2013 TRT 16\u00aa Regi\u00e3o \u2013 T\u00e9cnico Judici\u00e1rio \u2013 \u00c1rea Administrativa \u2013 2014) <\/strong>Por meio de acordo escrito, a empresa X acordou com seus empregados, cuja jornada \u00e9 de 8 horas di\u00e1rias, que o intervalo para repouso e alimenta\u00e7\u00e3o ser\u00e1 de 1 hora e cinq\u00fcenta minutos. Carmelita, s\u00f3cia da empresa, indagou ao departamento jur\u00eddico da empresa, afirmando que o hor\u00e1rio de intervalo intrajornada n\u00e3o poderia ultrapassar 1 hora por dia. Neste caso, de acordo com a Consolida\u00e7\u00e3o das Leis do Trabalho, Carmelita est\u00e1<\/p>\n<p style=\"text-align: justify;\">(A) correta, uma vez que, o acordo celebrado pelos funcion\u00e1rios n\u00e3o possui validade porque n\u00e3o foi estabelecido em Conven\u00e7\u00e3o Coletiva de Trabalho.<\/p>\n<p style=\"text-align: justify;\">(B) incorreta, uma vez que o intervalo para refei\u00e7\u00e3o e descanso n\u00e3o poder\u00e1 ultrapassar uma hora e trinta minutos.<\/p>\n<p style=\"text-align: justify;\">(C) incorreta, uma vez que o referido diploma legal est\u00e1 sendo respeitado.<\/p>\n<p style=\"text-align: justify;\">(D) correta, uma vez que, em qualquer hip\u00f3tese, o intervalo para repouso e alimenta\u00e7\u00e3o n\u00e3o poder\u00e1 ultrapassar uma hora.<\/p>\n<p style=\"text-align: justify;\">(E) correta, uma vez que o intervalo para repouso e alimenta\u00e7\u00e3o somente poder\u00e1 ser negociado para redu\u00e7\u00e3o e n\u00e3o para o aumento dos sessenta minutos di\u00e1rios.<\/p>\n<p style=\"text-align: justify;\"><strong>6.<\/strong> <strong>(FCC &#8211; T\u00e9cnico Judici\u00e1rio do TRT da 6\u00aa Regi\u00e3o \u2013 2012) <\/strong>Atena \u00e9 empregada da empresa \u201cAFA\u201d, possuindo jornada di\u00e1ria de trabalho de seis horas. Ela cumpre regularmente a sua jornada, n\u00e3o ultrapassando estas seis horas di\u00e1rias. Neste caso, prev\u00ea a Consolida\u00e7\u00e3o das Leis do Trabalho que Atena ter\u00e1 intervalo para repouso e alimenta\u00e7\u00e3o de<\/p>\n<ol style=\"list-style-type: lower-alpha;\">\n<li style=\"text-align: justify;\">no m\u00ednimo 30 minutos.<\/li>\n<li style=\"text-align: justify;\">trinta minutos.<\/li>\n<li style=\"text-align: justify;\">no m\u00ednimo sessenta minutos.<\/li>\n<li style=\"text-align: justify;\">no m\u00e1ximo sessenta minutos.<\/li>\n<li style=\"text-align: justify;\">quinze minutos.<\/li>\n<\/ol>\n<p style=\"text-align: justify;\"><strong>7. (FCC &#8211; T\u00e9cnico Judici\u00e1rio do TRT da 6\u00aa Regi\u00e3o \u2013 2012) <\/strong>Os empregados da empresa \u201cACA\u201d, ap\u00f3s transporem a portaria da empresa, deslocam-se, ainda, alguns metros para chegarem ao local de trabalho, em raz\u00e3o do enorme terreno em que a referida empresa est\u00e1 localizada est\u00e1 localizada. Este tempo de deslocamento do empregado entre a portaria da empresa e o local de trabalho<\/p>\n<p style=\"text-align: justify;\">a) ser\u00e1 sempre considerado tempo \u00e0 disposi\u00e7\u00e3o do empregador, uma vez que se o empregado atravessou a portaria da empresa pressup\u00f5e-se que se encontra dispon\u00edvel.<\/p>\n<p style=\"text-align: justify;\">b) n\u00e3o \u00e9 considerado tempo \u00e0 disposi\u00e7\u00e3o do empregador, uma vez que a jornada de trabalho somente se inicia com a chegada efetiva do empregado no local de trabalho.<\/p>\n<p style=\"text-align: justify;\">c) \u00e9 considerado tempo \u00e0 disposi\u00e7\u00e3o do empregador desde que supere o limite de 5 minutos di\u00e1rios.<\/p>\n<p style=\"text-align: justify;\">d) \u00e9 considerado tempo \u00e0 disposi\u00e7\u00e3o do empregador desde que supere o limite de 10 minutos di\u00e1rios.<\/p>\n<p style=\"text-align: justify;\">e) s\u00f3 ser\u00e1 considerado tempo \u00e0 disposi\u00e7\u00e3o do empregador, se houver previs\u00e3o em Conven\u00e7\u00e3o Coletiva de Trabalho, em raz\u00e3o das peculiariedades existentes em cada categoria.<\/p>\n<p style=\"text-align: justify;\"><strong>8. (FCC &#8211; T\u00e9cnico Judici\u00e1rio do TRT da 6\u00aa Regi\u00e3o \u2013 2012) <\/strong>H\u00e9stia \u00e9 empregada da Lanchonete \u201cABA\u201d e trabalha como balconista, possuindo hor\u00e1rio de trabalho no per\u00edodo noturno, das 22 \u00e0s 5 horas. A lanchonete \u201cABA\u201d \u00e9 freq\u00fcentada por consumidores que normalmente voltam de outras programa\u00e7\u00f5es noturnas, tendo em vista que a lanchonete possui hor\u00e1rio de funcionamento at\u00e9 \u00e0s 5 horas. Por\u00e9m, a lanchonete s\u00f3 encerra as suas atividades ap\u00f3s o atendimento do \u00faltimo cliente. Assim, H\u00e9stia frequentemente estende seu hor\u00e1rio de trabalho at\u00e9 \u00e0s 6 horas. Neste caso,<\/p>\n<p style=\"text-align: justify;\">a) ser\u00e1 devido o adicional noturno tamb\u00e9m sobre a hora prorrogada uma vez que H\u00e9stia cumpre o seu hor\u00e1rio de trabalho integralmente no per\u00edodo noturno.<\/p>\n<p style=\"text-align: justify;\">b) n\u00e3o ser\u00e1 devido o adicional noturno sobre a hora prorrogada uma vez que, de acordo com a CLT, a hora noturna \u00e9 das 22 \u00e0s 5 horas, sendo considerada a hora como 52 minutos e 30 segundos.<\/p>\n<p style=\"text-align: justify;\">c) n\u00e3o ser\u00e1 devido o adicional noturno sobre a hora prorrogada uma vez que, de acordo com a CLT, a hora noturna \u00e9 das 22 \u00e0s 5 horas, sendo considerada a hora como 55minutos e 50 segundos.<\/p>\n<p style=\"text-align: justify;\">d) s\u00f3 ser\u00e1 devido o adicional noturno tamb\u00e9m sobre a hora prorrogada, se houver expressa previs\u00e3o contratual neste sentido e previs\u00e3o em norma coletiva.<\/p>\n<p style=\"text-align: justify;\">e) n\u00e3o ser\u00e1 devido o adicional noturno sobre a hora prorrogada, uma vez que \u00e9 expressamente proibido o trabalho extraordin\u00e1rio para empregado que possui jornada de trabalho integral em hor\u00e1rio noturno.<\/p>\n<p style=\"text-align: justify;\"><strong>9. (FCC &#8211; T\u00e9cnico Judici\u00e1rio do TRT da 6\u00aa Regi\u00e3o \u2013 2012) <\/strong>Na hip\u00f3tese de se estabelecer jornada de oito horas, por meio de regular negocia\u00e7\u00e3o coletiva, os empregados submetidos a turnos ininterruptos de revezamento<\/p>\n<p style=\"text-align: justify;\">a) t\u00eam direito ao pagamento da 7\u00aa e 8\u00aa horas com acr\u00e9scimo de, no m\u00ednimo 60% sobre a hora normal.<\/p>\n<p style=\"text-align: justify;\">b) t\u00eam direito ao pagamento da 7\u00aa e 8\u00aa horas com acr\u00e9scimo de, no m\u00ednimo 50% sobre a hora normal.<\/p>\n<p style=\"text-align: justify;\">c) n\u00e3o t\u00eam direito ao pagamento da 7\u00aa e 8\u00aa horas como horas extras.<\/p>\n<p style=\"text-align: justify;\">d) t\u00eam direito ao pagamento da 8\u00aa hora com acr\u00e9scimo de 30% sobre a hora normal.<\/p>\n<p style=\"text-align: justify;\">e) t\u00eam direito ao pagamento da 8\u00aa hora com acr\u00e9scimo de , no m\u00ednimo, 50% sobre a hora normal.<\/p>\n<p style=\"text-align: justify;\"><strong>10. (FCC &#8211; Juiz do Trabalho &#8211; TRT \u2013RJ- 2012) <\/strong>Por meio de acordo escrito e individual de compensa\u00e7\u00e3o de horas, Jo\u00e3o foi contratado para trabalhar das 8 \u00e0s 18 horas, de segunda a quinta-feira, com 1 (uma) hora de intervalo; e das 8 \u00e0s 17 horas, com 1 (uma) hora de intervalo, \u00e0s sextas-feiras, para compensar a aus\u00eancia de trabalho aos s\u00e1bados. Ocorre que, durante todo o per\u00edodo em que perdurou o contrato de trabalho, Jo\u00e3o tamb\u00e9m trabalhou 8 (oito) horas aos s\u00e1bados. Segundo entendimento sumulado do Tribunal Superior do Trabalho, o acordo de compensa\u00e7\u00e3o firmado \u00e9<\/p>\n<p style=\"text-align: justify;\">(A) nulo e Jo\u00e3o tem direito ao recebimento de 12 (doze) horas extras de segunda a s\u00e1bado, al\u00e9m do adicional de 50% (cinquenta por cento).<\/p>\n<p style=\"text-align: justify;\">(B) nulo, mas n\u00e3o \u00e9 nula a fixa\u00e7\u00e3o da jornada semanal de 44 (quarenta e quatro) horas semanais, sendo devidas as horas extras a partir da 8a (oitava) di\u00e1ria,de segunda a quinta-feira e as excedentes de 4 (quatro) horas aos s\u00e1bados, num total de 8 (oito) horas extras, al\u00e9m do adicional de 50% (cinq\u00fcenta por cento).<\/p>\n<p style=\"text-align: justify;\">(C) nulo, mas consideram-se remuneradas as 9 (nove) horas de trabalho, de segunda a quinta-feira, por conta do sal\u00e1rio ajustado para 44 (quarenta e quatro) horas semanais. Neste caso, ser\u00e1 devido somente o adicional de 50% (cinquenta por cento) sobre as horas que ultrapassaram o limite di\u00e1rio de 8 (oito) horas, al\u00e9m das horas de s\u00e1bado, acrescidas do adicional de 50% (cinquenta por cento) a t\u00edtulo de horas extras, totalizando 14 (quatorze) horas semanais.<\/p>\n<p style=\"text-align: justify;\">(D) nulo, determinando-se o pagamento somente do adicional de horas extras sobre as horas que superarem as 44 (quarenta e quatro) horas semanais.<\/p>\n<p style=\"text-align: justify;\">(E) nulo, em raz\u00e3o da necessidade de ser ajustado por meio de acordo coletivo ou conven\u00e7\u00e3o coletiva de trabalho.<\/p>\n<p style=\"text-align: justify;\"><strong>11. (FCC &#8211; T\u00e9cnico Judici\u00e1rio TRT 11\u00aa Regi\u00e3o \u2013 2012) <\/strong>De acordo com previs\u00e3o da Constitui\u00e7\u00e3o Federal brasileira e da CLT, em rela\u00e7\u00e3o \u00e0 dura\u00e7\u00e3o do trabalho \u00e9 correto afirmar que<\/p>\n<p style=\"text-align: justify;\">(A) a dura\u00e7\u00e3o do trabalho normal n\u00e3o poder\u00e1 ser superior a 8 horas di\u00e1rias e 40 horas semanais, n\u00e3o sendo facultada a compensa\u00e7\u00e3o de hor\u00e1rios.<\/p>\n<p style=\"text-align: justify;\">(B) a dura\u00e7\u00e3o do trabalho normal n\u00e3o poder\u00e1 ser superior a 8 horas di\u00e1rias e 48 horas semanais, sendo facultada a compensa\u00e7\u00e3o de hor\u00e1rios.<\/p>\n<p style=\"text-align: justify;\">(C) ser\u00e1 considerado trabalho noturno para o trabalhador urbano aquele executado entre \u00e0s 22 horas de um dia e \u00e0s 5 horas do dia seguinte.<\/p>\n<p style=\"text-align: justify;\">(D) ser\u00e1 considerado hor\u00e1rio noturno para o trabalhador urbano aquele executado entre \u00e0s 21 horas de um dia e \u00e0s 4 horas do dia seguinte.<\/p>\n<p style=\"text-align: justify;\">(E) para a jornada di\u00e1ria de trabalho cont\u00ednuo superior a 4 horas e n\u00e3o excedente a 6 horas o intervalo obrigat\u00f3rio ser\u00e1 de, no m\u00ednimo, uma hora e, salvo acordo escrito ou contrato coletivo em contr\u00e1rio, n\u00e3o poder\u00e1 exceder de duas horas.<\/p>\n<p style=\"text-align: justify;\"><strong>12. (FCC &#8211; Analista Judici\u00e1rio \u2013 \u00c1rea Judici\u00e1ria &#8211; TRT \u20139\u00aa Regi\u00e3o- 2013)<\/strong> Em rela\u00e7\u00e3o ao intervalo para repouso e alimenta\u00e7\u00e3o, \u00e9 INCORRETO afirmar:<\/p>\n<p style=\"text-align: justify;\">(A) Em qualquer trabalho cont\u00ednuo cuja dura\u00e7\u00e3o exceda de seis horas, \u00e9 obrigat\u00f3ria a concess\u00e3o de um intervalo de no m\u00ednimo uma hora e, salvo acordo escrito ou contrato coletivo em contr\u00e1rio, de no m\u00e1ximo duas horas.<\/p>\n<p style=\"text-align: justify;\">(B) N\u00e3o excedendo de seis horas o trabalho, ser\u00e1 obrigat\u00f3rio um intervalo de quinze minutos quando a dura\u00e7\u00e3o ultrapassar de quatro horas.<\/p>\n<p style=\"text-align: justify;\">(C) A n\u00e3o concess\u00e3o do intervalo para repouso e alimenta\u00e7\u00e3o implica em mera san\u00e7\u00e3o administrativa, com imposi\u00e7\u00e3o de multa ao empregador.<\/p>\n<p style=\"text-align: justify;\">(D) Os intervalos para repouso e alimenta\u00e7\u00e3o previstos na Consolida\u00e7\u00e3o das Leis do Trabalho n\u00e3o ser\u00e3o computados na dura\u00e7\u00e3o do trabalho.<\/p>\n<p style=\"text-align: justify;\">(E) O trabalho em horas extras pelos empregados impede a redu\u00e7\u00e3o do intervalo dos mesmos para per\u00edodo inferior a uma hora.<\/p>\n<p style=\"text-align: justify;\"><strong>13. (FCC &#8211; Analista Administrativo &#8211; TRT \u2013BA- 2013)<\/strong> Conforme normas contidas na Constitui\u00e7\u00e3o Federal e na Consolida\u00e7\u00e3o das Leis do Trabalho,<\/p>\n<p style=\"text-align: justify;\">(A) \u00e9 considerado trabalho em regime de tempo parcial aquele cuja dura\u00e7\u00e3o n\u00e3o exceda a 30 horas semanais.<\/p>\n<p style=\"text-align: justify;\">(B) a dura\u00e7\u00e3o normal do trabalho poder\u00e1 ser acrescida por at\u00e9 quatro horas suplementares por dia, mediante acordo verbal ou escrito entre empregado e empregador.<\/p>\n<p style=\"text-align: justify;\">(C) os empregados sob o regime de tempo parcial poder\u00e3o prestar at\u00e9 duas horas extras por dia, desde que haja ajuste por meio de norma coletiva.<\/p>\n<p style=\"text-align: justify;\">(D) a hora do trabalho noturno urbano ser\u00e1 computada como de 52 minutos e 30 segundos.<\/p>\n<p style=\"text-align: justify;\">(E) as varia\u00e7\u00f5es de hor\u00e1rio no registro de ponto n\u00e3o excedentes de cinco minutos, observado o limite m\u00e1ximo de dez minutos di\u00e1rios, ser\u00e3o descontadas, bem como computadas como jornada extraordin\u00e1ria.<\/p>\n<p style=\"text-align: justify;\"><strong>14. (FCC &#8211; Analista Judici\u00e1rio \u2013 Execu\u00e7\u00e3o de Mandados &#8211; TRT \u2013RJ \u2013 2013)<\/strong> No que se refere aos per\u00edodos de repouso assegurados ao empregado por lei, \u00e9 INCORRETO afirmar:<\/p>\n<p style=\"text-align: justify;\">(A) N\u00e3o excedendo de seis horas o trabalho, ser\u00e1 obrigat\u00f3rio um intervalo de quinze minutos quando a dura\u00e7\u00e3o ultrapassar quatro horas.<\/p>\n<p style=\"text-align: justify;\">(B) O descanso semanal remunerado, preferencialmente aos domingos, \u00e9 direito dos empregados urbanos,rurais e dom\u00e9sticos.<\/p>\n<p style=\"text-align: justify;\">(C) O descanso semanal remunerado ter\u00e1 dura\u00e7\u00e3o de vinte e quatro horas consecutivas e ser\u00e1 concedido aos domingos.<\/p>\n<p style=\"text-align: justify;\">(D) O trabalho em domingo, seja total ou parcial, ser\u00e1 sempre subordinado \u00e0 permiss\u00e3o pr\u00e9via da autoridade competente em mat\u00e9ria de trabalho.<\/p>\n<p style=\"text-align: justify;\">(E) Entre duas jornadas de trabalho haver\u00e1 um per\u00edodo m\u00ednimo de descanso de onze horas consecutivas.<\/p>\n<p style=\"text-align: justify;\"><strong>15. (FCC &#8211; T\u00e9cnico Judici\u00e1rio \u2013 TRT RIO \u2013 2013)<\/strong> Conforme normas legais vigentes, o adicional<\/p>\n<p style=\"text-align: justify;\">(A) noturno equivale a vinte por cento, pelo menos, sobre o valor da hora diurna.<\/p>\n<p style=\"text-align: justify;\">(B) noturno equivale a vinte por cento, no m\u00ednimo, sobre o valor do sal\u00e1rio m\u00ednimo.<\/p>\n<p style=\"text-align: justify;\">(C) de horas extras equivale a vinte e cinco por cento sobre o valor da hora normal, de acordo com a Constitui\u00e7\u00e3o Federal.<\/p>\n<p style=\"text-align: justify;\">(D) de horas extras incorpora-se ao sal\u00e1rio ap\u00f3s um ano de pagamento habitual, de acordo com a Constitui\u00e7\u00e3o Federal.<\/p>\n<p style=\"text-align: justify;\">(E) noturno equivale a cinquenta por cento, pelo menos, sobre o valor da hora diurna.<\/p>\n<p style=\"text-align: justify;\"><strong>16. (FCC &#8211; T\u00e9cnico Judici\u00e1rio \u2013 TRT RIO \u2013 2013) <\/strong>A dura\u00e7\u00e3o do intervalo para repouso e alimenta\u00e7\u00e3o \u00e9 de, no m\u00ednimo,<\/p>\n<p style=\"text-align: justify;\">(A) uma hora, para qualquer jornada de trabalho.<\/p>\n<p style=\"text-align: justify;\">(B) uma hora e no m\u00e1ximo duas horas, para jornadas de trabalho superiores a seis horas.<\/p>\n<p style=\"text-align: justify;\">(C) uma hora e no m\u00e1ximo duas horas, para jornadas de trabalho superiores a quatro horas e at\u00e9 seis horas.<\/p>\n<p style=\"text-align: justify;\">(D) quinze minutos e no m\u00e1ximo uma hora, para jornadas de trabalho superiores a quatro horas e at\u00e9 seis horas.<\/p>\n<p style=\"text-align: justify;\">(E) quinze minutos para jornadas de at\u00e9 quatro horas.<\/p>\n<p style=\"text-align: justify;\"><strong>17. (FCC &#8211; Advogado Caixa \u2013 2011) <\/strong>Considere as seguintes assertivas a respeito dos per\u00edodos de descanso:<\/p>\n<p style=\"text-align: justify;\">I. Nos servi\u00e7os que exijam trabalho aos domingos ser\u00e1 estabelecida escala de revezamento, semestralmente organizada e constando de quadro sujeito a fiscaliza\u00e7\u00e3o sindical.<\/p>\n<p style=\"text-align: justify;\">II. No regime de revezamento, as horas trabalhadas em seguida ao repouso semanal de 24 horas, com preju\u00edzo do intervalo m\u00ednimo de 11 horas consecutivas para descanso entre jornadas, devem ser remuneradas como extraordin\u00e1rias, inclusive com o respectivo adicional.<\/p>\n<p style=\"text-align: justify;\">III. Os intervalos concedidos pelo empregador na jornada de trabalho, n\u00e3o previstos em lei, representam tempo \u00e0 disposi\u00e7\u00e3o da empresa, remunerados como servi\u00e7o extraordin\u00e1rio, se acrescidos ao final da jornada.<\/p>\n<p style=\"text-align: justify;\">IV. Entre duas jornadas de trabalho haver\u00e1 um per\u00edodo m\u00ednimo de 15 horas consecutivas para descanso.<\/p>\n<p style=\"text-align: justify;\">Est\u00e1 correto o que se afirma APENAS em<\/p>\n<p style=\"text-align: justify;\">(A) I, II e III.<\/p>\n<p style=\"text-align: justify;\">(B) I, II e IV.<\/p>\n<p style=\"text-align: justify;\">\u00a0(C) I e III.<\/p>\n<p style=\"text-align: justify;\">(D) II e III.<\/p>\n<p style=\"text-align: justify;\">(E) II, III e IV.<\/p>\n<p style=\"text-align: justify;\"><strong>18. (T\u00e9cnico Judici\u00e1rio \u2013 TRT \u2013 SP \u2013 2014) <\/strong>Ariadne, contratada pela empresa Gr\u00e1fica Luz Ltda., para trabalhar no cargo de auxiliar de servi\u00e7os gerais, de segunda a sexta-feira, das 8 \u00e0s 12 horas. Com rela\u00e7\u00e3o ao intervalo para repouso e alimenta\u00e7\u00e3o, de acordo com as regras da CLT, Ariadne<\/p>\n<p style=\"text-align: justify;\">(A) ter\u00e1 direito a 20 minutos de intervalo.<\/p>\n<p style=\"text-align: justify;\">(B) ter\u00e1 direito a 15 minutos de intervalo.<\/p>\n<p style=\"text-align: justify;\">(C) n\u00e3o ter\u00e1 direito ao intervalo.<\/p>\n<p style=\"text-align: justify;\">(D) ter\u00e1 direito a 1 hora de intervalo.<\/p>\n<p style=\"text-align: justify;\">(E) ter\u00e1 direito a 30 minutos de intervalo.<\/p>\n<p style=\"text-align: justify;\"><strong>19. (FCC \u2013 TRT 3 \u2013 Analista Judici\u00e1rio \u2013 Execu\u00e7\u00e3o de mandados &#8211; 2015) <\/strong>Em rela\u00e7\u00e3o \u00e0 limita\u00e7\u00e3o da jornada de trabalho,<\/p>\n<p style=\"text-align: justify;\">(A) ser\u00e3o computadas como jornada extraordin\u00e1ria as varia\u00e7\u00f5es de hor\u00e1rio no registro de ponto n\u00e3o excedentes de cinco minutos, observado o limite m\u00e1ximo de dez minutos di\u00e1rios.<\/p>\n<p style=\"text-align: justify;\">(B) o tempo despendido pelo empregado at\u00e9 o local de trabalho e para o seu retorno, por qualquer meio de transporte, n\u00e3o ser\u00e1, em qualquer hip\u00f3tese, computado na jornada de trabalho.<\/p>\n<p style=\"text-align: justify;\">(C) em face do princ\u00edpio da igualdade, n\u00e3o h\u00e1 distin\u00e7\u00e3o entre os funcion\u00e1rios que exercem fun\u00e7\u00e3o operacional e os funcion\u00e1rios que exercem fun\u00e7\u00e3o de gest\u00e3o (chefes de departamento ou filial), no que se refere ao direito ao recebimento de horas extraordin\u00e1rias.<\/p>\n<p style=\"text-align: justify;\">(D) para as microempresas e empresas de pequeno porte, em caso de transporte fornecido pelo empregador, em local de dif\u00edcil acesso ou n\u00e3o servido por transporte p\u00fablico, poder\u00e3o ser fixados, por meio de acordo ou conven\u00e7\u00e3o coletiva, o tempo m\u00e9dio despendido pelo empregado, bem como a forma e a natureza da remunera\u00e7\u00e3o.<\/p>\n<p style=\"text-align: justify;\">(E) a dura\u00e7\u00e3o normal do trabalho poder\u00e1 ser acrescida de horas suplementares, em n\u00famero n\u00e3o excedente de duas horas di\u00e1rias, desde que haja previs\u00e3o em conven\u00e7\u00e3o ou acordo coletivo de trabalho.<\/p>\n<p style=\"text-align: justify;\"><strong>20. (FCC \u2013 TRT 3 \u2013 Analista Judici\u00e1rio \u2013 Execu\u00e7\u00e3o de mandados &#8211; 2015) <\/strong>Em rela\u00e7\u00e3o ao intervalo intrajornada n\u00e3o remunerado, com base na lei e na jurisprud\u00eancia uniforme do TST, \u00e9 INCORRETO afirmar que<\/p>\n<p style=\"text-align: justify;\">(A) \u00e9 o que ocorre dentro da jornada de trabalho para o repouso e alimenta\u00e7\u00e3o do empregado, devendo ser computado na dura\u00e7\u00e3o do trabalho.<\/p>\n<p style=\"text-align: justify;\">(B) quando o intervalo para repouso e alimenta\u00e7\u00e3o n\u00e3o for concedido pelo empregador, este ficar\u00e1 obrigado a remunerar o per\u00edodo correspondente com um acr\u00e9scimo de, no m\u00ednimo, 50% sobre o valor da remunera\u00e7\u00e3o da hora normal de trabalho.<\/p>\n<p style=\"text-align: justify;\">(C) a n\u00e3o concess\u00e3o total ou parcial do intervalo intrajornada m\u00ednimo, implica o pagamento total do per\u00edodo correspondente, com acr\u00e9scimo de, no m\u00ednimo, 50% sobre o valor da remunera\u00e7\u00e3o da hora normal de trabalho.<\/p>\n<p style=\"text-align: justify;\">(D) \u00e9 poss\u00edvel a redu\u00e7\u00e3o do intervalo de uma hora para repouso e alimenta\u00e7\u00e3o desde que sejam cumpridos os seguintes requisitos: (i) autoriza\u00e7\u00e3o do Minist\u00e9rio do Trabalho; (ii) exist\u00eancia de refeit\u00f3rios no local de trabalho; e (iii) os empregados n\u00e3o trabalharem sob o regime de horas extraordin\u00e1rias.<\/p>\n<p style=\"text-align: justify;\">(E) n\u00e3o excedendo de seis horas o trabalho, ser\u00e1 obrigat\u00f3rio um intervalo de quinze minutos quando a dura\u00e7\u00e3o ultrapassar quatro horas.<\/p>\n<p style=\"text-align: justify;\"><strong>21. (CESPE\/OAB\/SP\/2008) <\/strong>O trabalho noturno ter\u00e1 sal\u00e1rio superior ao diurno, com percentual de acr\u00e9scimo de, no m\u00ednimo, 25%.<\/p>\n<p style=\"text-align: justify;\"><strong>22. (CESPE\/TRT 21\u00aa Regi\u00e3o\/Analista Administrativo &#8211; 2010)<\/strong> O labor realizado entre as 22 e as 5 horas por obreiro urbano \u00e9 considerado noturno e a hora de trabalho \u00e9 computada em cinquenta e dois minutos e trinta segundos.<\/p>\n<p style=\"text-align: justify;\"><strong>23. (FCC \u2013Analista Judici\u00e1rio \u2013Oficial de Justi\u00e7a\u2013 TRT 16\u00aa Regi\u00e3o \u2013 2014)<\/strong> A empresa \u201cA\u201d concede aos seus empregados transporte destinado ao deslocamento para o trabalho, tendo em vista que o percurso n\u00e3o \u00e9 servido por transporte p\u00fablico. A empresa \u201cB\u201d concede aos seus empregados, transporte destinado ao deslocamento para o trabalho, mesmo sendo o percurso servido por transporte p\u00fablico. A empresa \u201cC\u201d fornece seguro de vida para seus empregados e a empresa \u201cD\u201d assist\u00eancia m\u00e9dica mediante seguro-sa\u00fade. Nestes casos, n\u00e3o possuem natureza salarial as utilidades concedidas pelas empresas<\/p>\n<p style=\"text-align: justify;\">(A) A, C e D, apenas.<\/p>\n<p style=\"text-align: justify;\">(B) A, B, C e D.<\/p>\n<p style=\"text-align: justify;\">(C) B, C e D, apenas.<\/p>\n<p style=\"text-align: justify;\">(D) A e C, apenas.<\/p>\n<p style=\"text-align: justify;\">(E) B e D, apenas.<\/p>\n<p style=\"text-align: justify;\"><strong>24. (CESPE \u2013 AGU \u2013 2015)<\/strong> Embora a CF preveja a jornada de seis horas no trabalho realizado em turnos ininterruptos de revezamento, havendo permiss\u00e3o de trabalho de at\u00e9 oito horas por meio de negocia\u00e7\u00e3o coletiva, o TST entende que os empregados abrangidos pela referida negocia\u00e7\u00e3o n\u00e3o ter\u00e3o direito ao pagamento da s\u00e9tima e da oitava hora como extras.<\/p>\n<p style=\"text-align: justify;\"><strong>25. (CESPE \u2013 Defensoria P\u00fablica da Uni\u00e3o \u2013 2015)<\/strong> Segundo entendimento do STF, a norma da CLT que prev\u00ea a obrigatoriedade de um intervalo para descanso de, no m\u00ednimo, quinze minutos antes do in\u00edcio do per\u00edodo extraordin\u00e1rio do trabalho da mulher \u00e9 constitucional, uma vez que tal tratamento n\u00e3o fere a isonomia.<\/p>\n<p style=\"text-align: justify;\"><strong>26. (CESPE \u2013 Procurador PGE \u2013 BA \u2013 2014)<\/strong> As horas extraordin\u00e1rias e as horas noturnas devem ser remuneradas com adicional m\u00ednimo de 50% sobre o valor da hora normal de trabalho.<\/p>\n<p style=\"text-align: justify;\"><strong>27. (FGV &#8211; XI EXAME DE ORDEM UNIFICADO \u2013 2013) <\/strong>Marco Aur\u00e9lio \u00e9 advogado empregado em um escrit\u00f3rio de advocacia, com CTPS assinada, tendo acertado na contrata\u00e7\u00e3o a dedica\u00e7\u00e3o exclusiva. Num determinado m\u00eas, Marco cumpriu jornada de 2\u00aa a 6\u00aa feira das 12:00 \u00e0s 21:00 h com intervalo de uma hora para refei\u00e7\u00e3o. Com base no caso apresentado, assinale a afirmativa correta.<\/p>\n<p style=\"text-align: justify;\">A) N\u00e3o haver\u00e1 pagamento de adicional noturno porque a jornada n\u00e3o ultrapassou as 22:00 h.<\/p>\n<p style=\"text-align: justify;\">B) Marco tem direito ao adicional noturno de 25% sobre a jornada compreendida entre 20:00 e 21:00 h.<\/p>\n<p style=\"text-align: justify;\">C) Marco tem direito a horas extra, sendo assim reputadas as que ultrapassam a 4\u00aa hora di\u00e1ria, com acr\u00e9scimo de 50%.<\/p>\n<p style=\"text-align: justify;\">D) Marco tem direito ao adicional noturno de 20% sobre a jornada compreendida entre 20:00 e 21:00 h.<\/p>\n<p style=\"text-align: justify;\"><strong>28. (FGV &#8211; IX EXAME DE ORDEM UNIFICADO \u2013 2012) <\/strong>Maria foi contratada pela empresa Bolos S.A. para exercer a fun\u00e7\u00e3o de copeira, cumprindo jornada de trabalho de segunda \u00e0 sexta-feira das 13:00 h \u00e0s 17:00 h, sem intervalo alimentar.Decorridos dois anos do in\u00edcio do pacto contratual, foi a empregada dispensada, recebendo as parcelas da ruptura.Contudo, inconformada porque jamais lhe foi permitido usufruir de intervalo para descanso e alimenta\u00e7\u00e3o, Maria aju\u00edza reclama\u00e7\u00e3o trabalhista postulando o pagamento do per\u00edodo correspondente ao intervalo alimentar n\u00e3o concedido.Diante da hip\u00f3tese relatada, assinale a afirmativa correta.<\/p>\n<p style=\"text-align: justify;\">A) A ex-empregada faz jus ao pagamento de uma hora extraordin\u00e1ria di\u00e1ria, haja vista a supress\u00e3o do intervalo intrajornada, na forma do Art. 71, \u00a7 4\u00ba, da CLT.<\/p>\n<p style=\"text-align: justify;\">B) A ex-empregada faz jus ao pagamento de apenas 15minutos di\u00e1rios a t\u00edtulo de horas extraordin\u00e1rias, haja vista a supress\u00e3o do intervalo intrajornada, na forma do Art.71,\u00a7 4\u00ba, da CLT.<\/p>\n<p style=\"text-align: justify;\">C) A ex-empregada n\u00e3o faz jus ao pagamento de horas extraordin\u00e1rias, porquanto diante da carga hor\u00e1ria cumprida, n\u00e3o lhe era assegurada a frui\u00e7\u00e3o de intervalo intrajornada.<\/p>\n<p style=\"text-align: justify;\">D) A ex-empregada faz jus ao pagamento de indeniza\u00e7\u00e3o correspondente ao valor de uma hora extraordin\u00e1ria di\u00e1ria, haja vista a supress\u00e3o do intervalo intrajornada.<\/p>\n<p style=\"text-align: justify;\"><strong>29. (CESPE \u2013 Analista do MPU \u2013 2013) <\/strong>O empregado que faltar ao trabalho em um dia da semana ou que n\u00e3o for pontual perder\u00e1 o direito ao pagamento do descanso semanal remunerado.<\/p>\n<p style=\"text-align: justify;\"><strong>30. (CESPE \u2013 Analista do MPU \u2013 2013) <\/strong>Um empregado que trabalhe como balconista desde 5\/8\/1996 e que, entre 1.\u00ba\/4\/2013 (segunda-feira) e 14\/4\/2013, tenha trabalhado sem ter nenhum dia de descanso ter\u00e1 direito a receber remunera\u00e7\u00e3o em dobro relativamente aos domingos trabalhados (7 e 14\/4\/2013).<\/p>\n<p style=\"text-align: justify;\"><strong>31. (CESPE \u2013 Analista do MPU \u2013 2013) <\/strong>O sistema de banco de horas somente poder\u00e1 ser implantado na empresa por meio de instrumento coletivo de trabalho.<\/p>\n<p style=\"text-align: justify;\"><strong>32.\u00a0 (ESAF \u2013 AFT &#8211; 2010)<\/strong> Assinale a op\u00e7\u00e3o correta.<\/p>\n<p style=\"text-align: justify;\">a) A legisla\u00e7\u00e3o considera trabalho em regime de tempo parcial aquele cuja dura\u00e7\u00e3o n\u00e3o exceda a vinte horas semanais.<\/p>\n<p style=\"text-align: justify;\">b) De acordo com a jurisprud\u00eancia do Tribunal Superior do Trabalho, inexistindo instrumento coletivo fixando jornada diferente, o empregado horista submetido a turno ininterrupto de revezamento tem jus ao pagamento apenas do adicional das horas extraordin\u00e1rias trabalhadas al\u00e9m da 6\u00aa di\u00e1ria.<\/p>\n<p style=\"text-align: justify;\">c) O adicional noturno, inclusive quando pago com habitualidade, det\u00e9m natureza indenizat\u00f3ria, tendo em vista que tem por objetivo compensar o desgaste do trabalhador que se ativa em hor\u00e1rio biologicamente destinado a descanso.<\/p>\n<p style=\"text-align: justify;\">d) O tempo despendido pelo empregado at\u00e9 o local de trabalho e para o seu retorno, por qualquer meio de transporte, n\u00e3o ser\u00e1 computado na jornada de trabalho, salvo quando, tratando-se de local de dif\u00edcil acesso ou n\u00e3o servido por transporte p\u00fablico, o empregador fornecer a condu\u00e7\u00e3o. Para esse fim, considera-se de dif\u00edcil acesso o local de trabalho quando h\u00e1 mera insufici\u00eancia de transporte p\u00fablico.<\/p>\n<p style=\"text-align: justify;\">e) Para os empregados que trabalham por dia, semana, quinzena ou m\u00eas, a remunera\u00e7\u00e3o do repouso semanal corresponder\u00e1 \u00e0 de um dia de servi\u00e7o, computadas as horas extraordin\u00e1rias habitualmente prestadas.<\/p>\n<p style=\"text-align: justify;\"><strong>33. (ESAF \u2013 Juiz do Trabalho \u2013 TRT 7\u00aa Regi\u00e3o\/2005) <\/strong>Os trabalhadores no setor ferrovi\u00e1rio podem ser submetidos aos regimes de sobreaviso e de prontid\u00e3o. A especial diferen\u00e7a entre tais regimes situa-se no grau de disponibilidade pessoal conferida ao trabalhador, sendo mais atenuada no regime de sobreaviso, quando o empregado poder\u00e1 aguardar o chamado da empresa em sua resid\u00eancia. Disso resulta que no regime de prontid\u00e3o a escala n\u00e3o poder\u00e1 ser superior a 12 horas e essas ser\u00e3o contadas \u00e0 raz\u00e3o de 2\/3 do sal\u00e1rio, ao passo que a escala de sobreaviso n\u00e3o poder\u00e1 ser superior a 24 horas, que ser\u00e3o contadas \u00e0 raz\u00e3o de 1\/3 do sal\u00e1rio.<\/p>\n<p style=\"text-align: justify;\"><strong>34. (ESAF \u2013 Analista Execu\u00e7\u00e3o de mandados \u2013 TRT 7\u00aa Regi\u00e3o &#8211; 2003) <\/strong>Considerando as regras legais que informam a jornada de trabalho, aponte a op\u00e7\u00e3o incorreta.<\/p>\n<p style=\"text-align: justify;\">a) A jornada de 08 horas di\u00e1rias e 44 horas semanais, prevista para os empregados n\u00e3o submetidos a regime especial, pode ser alterada mediante regime de prorroga\u00e7\u00e3o e compensa\u00e7\u00e3o de jornada estabelecido em norma coletiva de trabalho.<\/p>\n<p style=\"text-align: justify;\">b) Como forma de compensar os desgastes impostos ao trabalhador, o labor executado em turnos ininterruptos de revezamento deve observar o limite di\u00e1rio m\u00e1ximo de seis horas, salvo havendo norma coletiva dispondo em contr\u00e1rio.<\/p>\n<p style=\"text-align: justify;\">c) Cumprida jornada de trabalho com dura\u00e7\u00e3o superior a seis horas, o empregador deve conceder o intervalo m\u00ednimo de 1 hora para refei\u00e7\u00e3o e descanso.<\/p>\n<p style=\"text-align: justify;\">d) A jornada cumprida em turnos ininterruptos de revezamento tem como limite m\u00e1ximo a jornada de seis horas, salvo demonstrada a concess\u00e3o do intervalo m\u00ednimo de 1 hora para refei\u00e7\u00e3o e descanso.<\/p>\n<p style=\"text-align: justify;\">e) Entre o t\u00e9rmino de uma jornada e o in\u00edcio de outra deve haver um intervalo m\u00ednimo de 11 horas.<\/p>\n<p style=\"text-align: justify;\"><strong>35. (CESPE \u2013 AFT \u2013 2013) <\/strong>Para jornada de trabalho de ate seis horas cont\u00ednuas, e obrigat\u00f3ria a concess\u00e3o de intervalo de uma hora para descanso.<\/p>\n<p style=\"text-align: justify;\"><strong>36. (CESPE \u2013 AFT \u2013 2013)<\/strong> O regime de trabalho dos integrantes da carreira de auditor-fiscal do trabalho e de quarenta e quatro horas semanais, nos termos da CF.<\/p>\n<p style=\"text-align: justify;\"><strong>37. (CESPE \u2013 Defensoria P\u00fablica da Uni\u00e3o \u2013 2015)<\/strong> O TST tem admitido a supress\u00e3o do adicional noturno quando o empregador transfere, por m\u00fatuo consentimento, o empregado do hor\u00e1rio noturno para o per\u00edodo diurno.<\/p>\n<p style=\"text-align: justify;\"><strong>38. (CESPE \u2013 Defensoria P\u00fablica da Uni\u00e3o \u2013 2015)<\/strong> Conforme entendimento consolidado pelo TST, o aumento do valor do repouso semanal remunerado em raz\u00e3o da integra\u00e7\u00e3o das horas extras habitualmente prestadas repercute no c\u00e1lculo do d\u00e9cimo terceiro sal\u00e1rio, n\u00e3o caracterizando bis in idem.<\/p>\n<p style=\"text-align: justify;\"><strong>39. (CESPE\/UnB \u2013 Analista Judici\u00e1rio &#8211; TRT 8.\u00aa Regi\u00e3o\/2013) <\/strong>Acerca do entendimento jurisprudencial do TST sobre a dura\u00e7\u00e3o do trabalho, assinale a op\u00e7\u00e3o correta.<\/p>\n<p style=\"text-align: justify;\">A) A mera incompatibilidade entre os hor\u00e1rios de in\u00edcio e t\u00e9rmino da jornada do empregado e os do transporte p\u00fablico regular \u00e9 circunst\u00e2ncia que n\u00e3o gera direito \u00e0s horas <em>in itinere<\/em>.<\/p>\n<p style=\"text-align: justify;\">B) A compensa\u00e7\u00e3o de jornada de trabalho somente \u00e9 v\u00e1lida se ajustada por acordo coletivo ou conven\u00e7\u00e3o coletiva de trabalho, sendo vedado acordo individual escrito para tal fim.<\/p>\n<p style=\"text-align: justify;\">C) As horas extras habituais incorporam-se \u00e0 remunera\u00e7\u00e3o do empregado para fins de gratifica\u00e7\u00e3o natalina e repouso semanal remunerado.<\/p>\n<p style=\"text-align: justify;\">D) No regime de revezamento, as horas trabalhadas em seguida ao repouso semanal de vinte e quatro horas, com preju\u00edzo do intervalo m\u00ednimo de onze horas consecutivas para descanso entre jornadas, n\u00e3o s\u00e3o remuneradas como extraordin\u00e1rias.<\/p>\n<p style=\"text-align: justify;\">E) A concess\u00e3o, pelo empregador, de intervalos na jornada de trabalho n\u00e3o previstos em lei n\u00e3o representa tempo \u00e0 disposi\u00e7\u00e3o da empresa e, consequentemente, n\u00e3o deve ser considerada servi\u00e7o extraordin\u00e1rio.<\/p>\n<p style=\"text-align: justify;\"><strong>40. (CESPE \u2013 T\u00e9cnico Judici\u00e1rio &#8211; TRT 8.\u00aa Regi\u00e3o\/2013) <\/strong>A prop\u00f3sito de intervalo intrajornada, assinale a op\u00e7\u00e3o correta.<\/p>\n<p style=\"text-align: justify;\">A) O intervalo de descanso ser\u00e1 computado na dura\u00e7\u00e3o do trabalho.<\/p>\n<p style=\"text-align: justify;\">B) O limite m\u00ednimo para repouso ou refei\u00e7\u00e3o poder\u00e1 ser reduzido por ato ministerial, quando, entre outros requisitos, for verificado que o estabelecimento atende integralmente \u00e0s exig\u00eancias concernentes \u00e0 organiza\u00e7\u00e3o dos refeit\u00f3rios e quando os respectivos empregados n\u00e3o estiverem sob regime de trabalho prorrogado como horas suplementares.<\/p>\n<p style=\"text-align: justify;\">C) Nos servi\u00e7os permanentes de mecanografia, a cada per\u00edodo de noventa minutos de trabalho consecutivo corresponder\u00e1 um repouso de dez minutos, deduzidos da dura\u00e7\u00e3o normal de trabalho.<\/p>\n<p style=\"text-align: justify;\">D) Em qualquer trabalho cont\u00ednuo cuja dura\u00e7\u00e3o ultrapasse seis horas \u00e9 obrigat\u00f3ria a concess\u00e3o de um intervalo para repouso ou alimenta\u00e7\u00e3o n\u00e3o inferior a duas horas.<\/p>\n<p style=\"text-align: justify;\">E) N\u00e3o excedendo quatro horas o trabalho, ser\u00e1 obrigat\u00f3rio um intervalo de quinze minutos.<\/p>\n<p style=\"text-align: justify;\"><strong>41. (FCC &#8211; T\u00e9cnico Judici\u00e1rio \u2013 \u00c1rea Administrativa \u2013 TRT 23 \u2013 2016) <\/strong>No tocante ao intervalo para repouso e alimenta\u00e7\u00e3o, considere:<\/p>\n<p style=\"text-align: justify;\">I. A n\u00e3o-concess\u00e3o ou a concess\u00e3o parcial do intervalo intrajornada m\u00ednimo, para repouso e alimenta\u00e7\u00e3o, a empregados urbanos e rurais, implica o pagamento do per\u00edodo apenas suprimido, com acr\u00e9scimo de, no m\u00ednimo, 50% sobre o valor da remunera\u00e7\u00e3o da hora normal de trabalho, sem preju\u00edzo do c\u00f4mputo da efetiva jornada de labor para efeito de remunera\u00e7\u00e3o.<\/p>\n<p style=\"text-align: justify;\">II. \u00c9 v\u00e1lida cl\u00e1usula de acordo ou conven\u00e7\u00e3o coletiva de trabalho contemplando a redu\u00e7\u00e3o do intervalo intrajornada, tratando-se de direito dispon\u00edvel pass\u00edvel de ser negociado coletivamente.<\/p>\n<p style=\"text-align: justify;\">III. Ultrapassada habitualmente a jornada de seis horas de trabalho, \u00e9 devido o gozo do intervalo intrajornada m\u00ednimo de uma hora, obrigando o empregador a remunerar o per\u00edodo para descanso e alimenta\u00e7\u00e3o n\u00e3o usufru\u00eddo como extra, acrescido do respectivo adicional na forma legal. Est\u00e1 correto o que consta APENAS em<\/p>\n<p style=\"text-align: justify;\">(A) I e II.<\/p>\n<p style=\"text-align: justify;\">(B) I.<\/p>\n<p style=\"text-align: justify;\">(C) III.<\/p>\n<p style=\"text-align: justify;\">(D) II e III.<\/p>\n<p style=\"text-align: justify;\">(E) I e III.<\/p>\n<p style=\"text-align: justify;\"><strong>42. (FCC &#8211; T\u00e9cnico Judici\u00e1rio \u2013 \u00c1rea Administrativa \u2013 TRT 23 \u2013 2016) <\/strong>De acordo com o artigo 58 caput da Consolida\u00e7\u00e3o das Leis do Trabalho \u201ca dura\u00e7\u00e3o normal do trabalho, para os empregados em qualquer atividade privada, n\u00e3o exceder\u00e1 de oito horas di\u00e1rias, desde que n\u00e3o seja fixado expressamente outro limite\u201d. Segundo entendimento Sumulado do TST, para estes empregados quando sujeitos a 40 horas semanais de trabalho, para o c\u00e1lculo do valor do sal\u00e1rio-hora aplica-se o divisor<\/p>\n<p style=\"text-align: justify;\">(A) 200.<\/p>\n<p style=\"text-align: justify;\">(B) 220.<\/p>\n<p style=\"text-align: justify;\">(C) 176.<\/p>\n<p style=\"text-align: justify;\">(D) 160.<\/p>\n<p style=\"text-align: justify;\">(E) 170.<\/p>\n<p style=\"text-align: justify;\"><strong>43. (FCC &#8211; T\u00e9cnico Judici\u00e1rio \u2013 \u00c1rea Administrativa \u2013 TRT 23 \u2013 2016) <\/strong>Estabelecida jornada superior a seis horas e limitada a oito horas por meio de regular negocia\u00e7\u00e3o coletiva, os empregados submetidos a turnos ininterruptos de revezamento<\/p>\n<p style=\"text-align: justify;\">(A) t\u00eam direito ao pagamento da 7a e 8a horas como extras, sendo devido o referido adicional em sua integralidade.<\/p>\n<p style=\"text-align: justify;\">(B) n\u00e3o t\u00eam direito ao pagamento da 7a e 8a horas como extras.<\/p>\n<p style=\"text-align: justify;\">(C) t\u00eam direito ao pagamento apenas da 7a hora como extra.<\/p>\n<p style=\"text-align: justify;\">(D) t\u00eam direito ao pagamento apenas da 8a hora como extra.<\/p>\n<p style=\"text-align: justify;\">(E) t\u00eam direito ao pagamento da 7a e 8a horas como extras, sendo devido apenas 50% do referido adicional.<\/p>\n<p style=\"text-align: justify;\"><strong>44. (FCC &#8211; Analista Judici\u00e1rio Judici\u00e1rio TRT 23\/2016) <\/strong>Luzineide \u00e9 cuidadora respons\u00e1vel por acompanhar sua empregadora idosa prestando servi\u00e7os em viagens durante feriados e f\u00e9rias. Em rela\u00e7\u00e3o aos servi\u00e7os prestados em viagens a legisla\u00e7\u00e3o que regulamenta o trabalho dom\u00e9stico prev\u00ea que<\/p>\n<p style=\"text-align: justify;\">(A) os mesmos estar\u00e3o condicionados \u00e0 pr\u00e9via exist\u00eancia de acordo com a entidade sindical representante do trabalhador.<\/p>\n<p style=\"text-align: justify;\">(B) dever\u00e3o ser consideradas as horas efetivamente trabalhadas, n\u00e3o sendo poss\u00edvel a compensa\u00e7\u00e3o de horas extras eventualmente prestadas tendo em vista a peculiaridade do trabalho e o tempo \u00e0 disposi\u00e7\u00e3o.<\/p>\n<p style=\"text-align: justify;\">(C) a remunera\u00e7\u00e3o-hora dos referidos servi\u00e7os ser\u00e1, no m\u00ednimo, 50% superior ao valor do sal\u00e1rio-hora normal.<\/p>\n<p style=\"text-align: justify;\">(D) os mesmos ser\u00e3o prestados em regime de escala de 12 horas seguidas por 36 horas ininterruptas de descanso.<\/p>\n<p style=\"text-align: justify;\">(E) a remunera\u00e7\u00e3o-hora dos referidos servi\u00e7os, que ser\u00e1, no m\u00ednimo 25% superior ao valor do sal\u00e1rio-hora normal, poder\u00e1 ser, mediante acordo, convertida em acr\u00e9scimo no banco de horas, a ser utilizado a crit\u00e9rio do empregado.<\/p>\n<p style=\"text-align: justify;\"><strong>45. (CESPE \u2013 T\u00e9cnico Judici\u00e1rio &#8211; TRT 8 \u2013 2016) <\/strong>Acerca da jornada de trabalho, assinale a op\u00e7\u00e3o correta.<\/p>\n<p style=\"text-align: justify;\">A) Caso o empregador forne\u00e7a a condu\u00e7\u00e3o, o tempo de deslocamento at\u00e9 o local de trabalho pode ser contado como per\u00edodo de expediente.<\/p>\n<p style=\"text-align: justify;\">B) S\u00e3o admitidas varia\u00e7\u00f5es de at\u00e9 trinta minutos no registro de ponto, sem preju\u00edzo ao sal\u00e1rio e ao pagamento de horas extras, observado o limite di\u00e1rio de quarenta e cinco minutos.<\/p>\n<p style=\"text-align: justify;\">C) \u00c9 facultado ao empregador reduzir unilateralmente a jornada de trabalho.<\/p>\n<p style=\"text-align: justify;\">D) N\u00e3o se admite pagamento diferenciado de sal\u00e1rio a empregados com a mesma fun\u00e7\u00e3o, e jornadas de trabalho distintas.<\/p>\n<p style=\"text-align: justify;\">E) Mesmo que previsto em contrato, a jornada de trabalho do empregado privado n\u00e3o poder\u00e1 exceder as oito horas di\u00e1rias.<\/p>\n<p style=\"text-align: justify;\"><strong>46. (FCC \u2013 Analista Judici\u00e1rio \u2013 TRT 14 &#8211; 2016) <\/strong>Para trabalhadores que fazem a jornada legal prevista no artigo 7o, inciso XIII da Constitui\u00e7\u00e3o Federal, a compensa\u00e7\u00e3o de jornada denominada \u201cbanco de horas\u201d sem a remunera\u00e7\u00e3o de horas suplementares e observada a soma das jornadas semanais de trabalho previstas, ser\u00e1 legalmente poss\u00edvel, desde que mediante<\/p>\n<p style=\"text-align: justify;\">(A) acordo individual, observado o per\u00edodo m\u00e1ximo de um m\u00eas e n\u00e3o seja ultrapassado o limite m\u00e1ximo de 12 horas di\u00e1rias.<\/p>\n<p style=\"text-align: justify;\">(B) acordo judicial, observado o per\u00edodo m\u00e1ximo de um ano e n\u00e3o seja ultrapassado o limite m\u00e1ximo de 12 horas di\u00e1rias.<\/p>\n<p style=\"text-align: justify;\">(C) acordo individual, observado o per\u00edodo m\u00e1ximo de seis meses e n\u00e3o seja ultrapassado o limite m\u00e1ximo de 8 horas di\u00e1rias.<\/p>\n<p style=\"text-align: justify;\">(D) acordo coletivo de trabalho ou conven\u00e7\u00e3o coletiva de trabalho, observado o per\u00edodo m\u00e1ximo de dois anos e n\u00e3o seja ultrapassado o limite m\u00e1ximo de 10 horas di\u00e1rias.<\/p>\n<p style=\"text-align: justify;\">(E) conven\u00e7\u00e3o coletiva de trabalho ou acordo coletivo de trabalho, observado o per\u00edodo m\u00e1ximo de um ano e n\u00e3o ultrapasse o limite m\u00e1ximo de 10 horas di\u00e1rias.<\/p>\n<p style=\"text-align: justify;\"><strong>47. (FCC \u2013 Procurador Geral do Munic\u00edpio de S\u00e3o Lu\u00eds &#8211; 2016) <\/strong>Com rela\u00e7\u00e3o \u00e0 jornada de trabalho, considere as situa\u00e7\u00f5es hipot\u00e9ticas abaixo.<\/p>\n<p style=\"text-align: justify;\">I. A empresa X n\u00e3o desconta nem computa como jornada extraordin\u00e1ria as varia\u00e7\u00f5es de hor\u00e1rio no registro de ponto n\u00e3o excedentes de cinco minutos, observando o limite m\u00e1ximo de dez minutos di\u00e1rios.<\/p>\n<p style=\"text-align: justify;\">II. Paulo, empregado da empresa Z, trabalha em regime de tempo parcial e, sendo assim, a dura\u00e7\u00e3o de seu trabalho n\u00e3o excede 25 horas semanais.<\/p>\n<p style=\"text-align: justify;\">III. Gabriela e a empresa W possuem acordo legal de compensa\u00e7\u00e3o de horas. Neste caso, ocorrendo a rescis\u00e3o do contrato de trabalho sem que tenha havido a compensa\u00e7\u00e3o integral da jornada extraordin\u00e1ria, far\u00e1 Gabriela jus ao pagamento das horas extras n\u00e3o compensadas, calculadas sobre o valor da remunera\u00e7\u00e3o na data da rescis\u00e3o.<\/p>\n<p style=\"text-align: justify;\">IV. Golias \u00e9 empregado da empresa Y e trabalha em regime de tempo parcial. Neste caso, Golias somente poder\u00e1 prestar at\u00e9 2 horas extras di\u00e1rias, havendo expressa disposi\u00e7\u00e3o legal neste sentido.<\/p>\n<p style=\"text-align: justify;\">De acordo com a Consolida\u00e7\u00e3o das Leis do Trabalho, est\u00e1 correto o que se afirma APENAS em<\/p>\n<p style=\"text-align: justify;\">(A) I, II e III.<\/p>\n<p style=\"text-align: justify;\">(B) I e II.<\/p>\n<p style=\"text-align: justify;\">(C) II e III.<\/p>\n<p style=\"text-align: justify;\">(D) I, II e IV.<\/p>\n<p style=\"text-align: justify;\">(E) III e IV.<\/p>\n<p style=\"text-align: justify;\"><strong>48. (FCC &#8211; TRF 3 &#8211; Analista Administrativo 2016) <\/strong>Josefa foi contratada pela empresa Mundo Global S\/A para laborar de segunda a sexta-feira, das 08h00 \u00e0s 14h15, com 15 minutos de intervalo para refei\u00e7\u00e3o e descanso. Habitualmente, a pedido da empresa, Josefa estendia sua jornada de trabalho at\u00e9 \u00e0s 14h30, sendo mantidas as demais disposi\u00e7\u00f5es contratuais. Tendo em vista o cen\u00e1rio acima apresentado e de acordo com o entendimento sumulado pelo TST, no que tange a horas extras, Josefa<\/p>\n<p style=\"text-align: justify;\">(A) n\u00e3o ter\u00e1 direito ao pagamento de horas extras, uma vez que a jornada realizada n\u00e3o ultrapassa o limite legal de oito horas di\u00e1rias.<\/p>\n<p style=\"text-align: justify;\">(B) ter\u00e1 direito apenas ao pagamento dos 15 minutos extras trabalhados, acrescidos do adicional legal ou convencional, al\u00e9m dos reflexos legais nas demais verbas contratuais.<\/p>\n<p style=\"text-align: justify;\">(C) ter\u00e1 direto ao pagamento dos 15 minutos extras trabalhados e mais 45 minutos extras relativos ao intervalo intrajornada n\u00e3o gozado corretamente, acrescidos do adicional legal ou convencional e reflexos nas demais verbas contratuais.<\/p>\n<p style=\"text-align: justify;\">(D) ter\u00e1 direito ao pagamento dos 15 minutos extras trabalhados e mais 01h00 extra relativa ao intervalo n\u00e3o gozado corretamente, acrescidos do adicional legal ou convencional e reflexos nas demais verbas contratuais.<\/p>\n<p style=\"text-align: justify;\">(E) ter\u00e1 direito ao pagamento dos 15 minutos extras trabalhados e mais 01h00 extra relativa ao intervalo n\u00e3o gozado corretamente, por dia efetivamente trabalhado, sem qualquer adicional legal ou convencional ou reflexo.<\/p>\n<p style=\"text-align: justify;\"><strong>49. (FGV &#8211; XIX EXAME DE ORDEM UNIFICADO \u2013 2016)<\/strong> Pedro \u00e9 empregado rural na Fazenda Granja Nova. Sua jornada \u00e9 de segunda a sexta-feira, das 21 \u00e0s 5h, com intervalo de uma hora para refei\u00e7\u00e3o. Considerando o caso retratado, assinale a afirmativa correta.<\/p>\n<p style=\"text-align: justify;\">A) A hora noturna de Pedro ser\u00e1 computada como tendo 60 minutos.<\/p>\n<p style=\"text-align: justify;\">B) A hora noturna rural \u00e9 reduzida, sendo de 52 minutos e 30 segundos.<\/p>\n<p style=\"text-align: justify;\">C) A hora noturna de Pedro ser\u00e1 acrescida de 20%.<\/p>\n<p style=\"text-align: justify;\">D) N\u00e3o h\u00e1 previs\u00e3o de redu\u00e7\u00e3o de hora noturna nem de adicional noturno para o rural.<\/p>\n<p style=\"text-align: justify;\"><strong>50. (FGV &#8211; XIX EXAME DE ORDEM UNIFICADO \u2013 2016)<\/strong> Maria trabalha como soldadora em uma empresa h\u00e1 7 anos. Sua jornada contratual deveria ser de segunda a sexta-feira, das 9 \u00e0s 18h, com intervalo de uma hora para refei\u00e7\u00e3o e, aos s\u00e1bados, das 8 \u00e0s 12h. Nos \u00faltimos 3 anos, no entanto, o empregador vem exigindo de Maria a realiza\u00e7\u00e3o de uma hora extra di\u00e1ria, pois realizou um grande neg\u00f3cio de exporta\u00e7\u00e3o e precisa cumprir rigorosamente os prazos fixados. Findo o contrato de exporta\u00e7\u00e3o, o empregador determinou que Maria retornasse \u00e0 sua jornada contratual original. Nesse caso, considerando o entendimento consolidado do TST, assinale a afirmativa correta.<\/p>\n<p style=\"text-align: justify;\">A) As horas extras se incorporaram ao sal\u00e1rio de Maria e dela n\u00e3o podem ser retiradas, sendo vedada a altera\u00e7\u00e3o mal\u00e9fica.<\/p>\n<p style=\"text-align: justify;\">B) O empregador dever\u00e1 pagar a Maria uma indeniza\u00e7\u00e3o de 1 m\u00eas de horas extras por cada ano de horas extras trabalhadas e, assim, suprimir o pagamento da sobrejornada.<\/p>\n<p style=\"text-align: justify;\">C) O empregador dever\u00e1 conceder uma indeniza\u00e7\u00e3o \u00e0 empregada pelo preju\u00edzo financeiro, que dever\u00e1 ser arbitrada de comum acordo entre as partes e homologada no sindicato.<\/p>\n<p style=\"text-align: justify;\">D) Maria ter\u00e1 de continuar a trabalhar em regime de horas extras, pois n\u00e3o se admite a nova\u00e7\u00e3o objetiva na rela\u00e7\u00e3o de emprego.<\/p>\n<p style=\"text-align: justify;\"><strong>51. (FGV 2016 \u2013 XIX Exame de Ordem)<\/strong> Pedro \u00e9 empregado rural na Fazenda Granja Nova. Sua jornada \u00e9 de segunda a sexta-feira, das 21 \u00e0s 5h, com intervalo de uma hora para refei\u00e7\u00e3o. Considerando o caso retratado, assinale a afirmativa correta.<\/p>\n<p style=\"text-align: justify;\">A) A hora noturna de Pedro ser\u00e1 computada como tendo 60 minutos.<\/p>\n<p style=\"text-align: justify;\">B) A hora noturna rural \u00e9 reduzida, sendo de 52 minutos e 30 segundos.<\/p>\n<p style=\"text-align: justify;\">C) A hora noturna de Pedro ser\u00e1 acrescida de 20%.<\/p>\n<p style=\"text-align: justify;\">D) N\u00e3o h\u00e1 previs\u00e3o de redu\u00e7\u00e3o de hora noturna nem de adicional noturno para o rural.<\/p>\n<p style=\"text-align: justify;\"><strong>52. (FGV 2016 \u2013 XIX Exame de Ordem)<\/strong> Maria trabalha como soldadora em uma empresa h\u00e1 7 anos. Sua jornada contratual deveria ser de segunda a sexta-feira, das 9 \u00e0s 18h, com intervalo de uma hora para refei\u00e7\u00e3o e, aos s\u00e1bados, das 8 \u00e0s 12h. Nos \u00faltimos 3 anos, no entanto, o empregador vem exigindo de Maria a realiza\u00e7\u00e3o de uma hora extra di\u00e1ria, pois realizou um grande neg\u00f3cio de exporta\u00e7\u00e3o e precisa cumprir rigorosamente os prazos fixados. Findo o contrato de exporta\u00e7\u00e3o, o empregador determinou que Maria retornasse \u00e0 sua jornada contratual original. Nesse caso, considerando o entendimento consolidado do TST, assinale a afirmativa correta.<\/p>\n<p style=\"text-align: justify;\">A) As horas extras se incorporaram ao sal\u00e1rio de Maria e dela n\u00e3o podem ser retiradas, sendo vedada a altera\u00e7\u00e3o mal\u00e9fica.<\/p>\n<p style=\"text-align: justify;\">B) O empregador dever\u00e1 pagar a Maria uma indeniza\u00e7\u00e3o de 1 m\u00eas de horas extras por cada ano de horas extras trabalhadas e, assim, suprimir o pagamento da sobrejornada.<\/p>\n<p style=\"text-align: justify;\">C) O empregador dever\u00e1 conceder uma indeniza\u00e7\u00e3o \u00e0 empregada pelo preju\u00edzo financeiro, que dever\u00e1 ser arbitrada de comum acordo entre as partes e homologada no sindicato.<\/p>\n<p style=\"text-align: justify;\">D) Maria ter\u00e1 de continuar a trabalhar em regime de horas extras, pois n\u00e3o se admite a nova\u00e7\u00e3o objetiva na rela\u00e7\u00e3o de emprego.<\/p>\n<p style=\"text-align: justify;\"><strong>53. (FCC \u2013 Juiz do Trabalho \u2013 TRT 1\u00aa Regi\u00e3o \u2013 2016)<\/strong> Considere a Lei no 11.788\/2008 que regula o est\u00e1gio:<\/p>\n<p style=\"text-align: justify;\">I. A carga hor\u00e1ria da atividade do estagi\u00e1rio nunca pode ultrapassar a 20 horas semanais, sendo 4 horas di\u00e1rias, sempre compat\u00edveis com as atividades escolares.<\/p>\n<p style=\"text-align: justify;\">II. A dura\u00e7\u00e3o do est\u00e1gio para a mesma parte concedente, exceto para os portadores de defici\u00eancia, \u00e9 de, no m\u00e1ximo, 2 anos.<\/p>\n<p style=\"text-align: justify;\">III. Na hip\u00f3tese de est\u00e1gio n\u00e3o obrigat\u00f3rio, a atividade do estagi\u00e1rio deve necessariamente ser remunerada, com a concess\u00e3o de, pelo menos, bolsa e aux\u00edlio-transporte.<\/p>\n<p style=\"text-align: justify;\">IV. Nos est\u00e1gios com dura\u00e7\u00e3o superior a um ano, o estagi\u00e1rio tem direito a recesso por per\u00edodo de 30 dias, preferencialmente coincidente com as f\u00e9rias escolares, sendo a bolsa devida neste per\u00edodo acrescida de um ter\u00e7o.<\/p>\n<p style=\"text-align: justify;\">Est\u00e1 correto o que se afirma em<\/p>\n<p style=\"text-align: justify;\">(A) II e IV, apenas.<\/p>\n<p style=\"text-align: justify;\">(B) II e III, apenas.<\/p>\n<p style=\"text-align: justify;\">(C) I e III, apenas.<\/p>\n<p style=\"text-align: justify;\">(D) I e IV, apenas.<\/p>\n<p style=\"text-align: justify;\">(E) I, II, III e IV.<\/p>\n<p style=\"text-align: justify;\"><strong>54. (OBJETIVA \u2013 Advogado \u2013 Prefeitura de S\u00e3o Gabriel \u2013 RS \u2013 2016) <\/strong>S\u00e3o direitos dos trabalhadores urbanos e rurais, previstos no texto constitucional, EXCETO:<\/p>\n<p style=\"text-align: justify;\">a) Remunera\u00e7\u00e3o do trabalho noturno superior \u00e0 do diurno.<\/p>\n<p style=\"text-align: justify;\">b) Repouso semanal remunerado, preferencialmente aos domingos.<\/p>\n<p style=\"text-align: justify;\">c) Licen\u00e7a \u00e0 gestante, sem preju\u00edzo do emprego e do sal\u00e1rio, com a dura\u00e7\u00e3o de no m\u00e1ximo 120 dias.<\/p>\n<p style=\"text-align: justify;\">d) Irredutibilidade do sal\u00e1rio, salvo o disposto em conven\u00e7\u00e3o ou acordo coletivo.<\/p>\n<p style=\"text-align: justify;\"><strong>55. \u00a0(TRT 8\u00aa Regi\u00e3o \u2013 Juiz do Trabalho \u2013 2013) <\/strong>Segundo s\u00famula do Tribunal Superior do Trabalho, na jornada 12 x 36 horas, prevista em lei ou ajustada exclusivamente mediante acordo coletivo de trabalho ou conven\u00e7\u00e3o coletiva de trabalho, ao contr\u00e1rio dos domingos, em face da compensa\u00e7\u00e3o prevista na referida jornada, o labor em dia de feriados civis e religiosos n\u00e3o est\u00e1 compreendido na compensa\u00e7\u00e3o existente nesse sistema, sendo devida a remunera\u00e7\u00e3o em dobro, por n\u00e3o se confundir com as 36 horas consecutivas de repouso para cada 12 horas trabalhadas.<\/p>\n<p style=\"text-align: justify;\"><strong>56. (FCC \u2013 Juiz do Trabalho \u2013 TRT 1\u00aa Regi\u00e3o \u2013 2016)<\/strong> Em rela\u00e7\u00e3o exclusivamente \u00e0 Constitui\u00e7\u00e3o Federal, no que diz respeito aos direitos dos empregados, considere:<\/p>\n<p style=\"text-align: justify;\">I. jornada de seis horas para o trabalho realizado em turnos ininterruptos de revezamento.<\/p>\n<p style=\"text-align: justify;\">II. prote\u00e7\u00e3o do mercado de trabalho da mulher.<\/p>\n<p style=\"text-align: justify;\">III. adicional para exerc\u00edcio de atividades penosas.<\/p>\n<p style=\"text-align: justify;\">IV. assist\u00eancia gratuita aos dependentes de at\u00e9 5 anos de idade em creche e pr\u00e9-escola. N\u00e3o tem aplica\u00e7\u00e3o imediata o que consta APENAS em (A) I, II e IV. (B) III e IV. (C) IV. (D) II e III. \u00a0(E) III.<\/p>\n<p style=\"text-align: justify;\"><strong>57. (FCC \u2013 Juiz do Trabalho \u2013 TRT 1\u00aa Regi\u00e3o \u2013 2016)<\/strong>\u00a0 Jana\u00edna Souza aju\u00edza reclama\u00e7\u00e3o trabalhista em face de Menor Feliz \u2013 institui\u00e7\u00e3o privada sem fins lucrativos, que tem como objeto a assist\u00eancia a menores abandonados \u2013 , dizendo-se admitida em 01\/08\/2014, para exercer a fun\u00e7\u00e3o de M\u00e3e Social, na forma da Lei no 7.644\/87, em casa-lar que abrigava 8 menores de 12 anos. Afirma, ainda, que trabalhava de segunda-feira a s\u00e1bado, das 7 \u00e0s 21 horas, com intervalo de uma hora para alimenta\u00e7\u00e3o e descanso e que, duas vezes por m\u00eas, trabalhava tamb\u00e9m aos domingos. Sustenta jamais haver recebido qualquer hora extra. Alega, tamb\u00e9m, que, sem ter gozado f\u00e9rias, em 05\/12\/2015, comunicou \u00e0 institui\u00e7\u00e3o que, por necessidade familiar, desde a v\u00e9spera, n\u00e3o mais residia na casa-lar, mas sim em sua resid\u00eancia particular (tendo informado, no entanto, que estaria presente \u00e0 casa-lar sempre a tempo de providenciar a primeira refei\u00e7\u00e3o dos menores). Em fun\u00e7\u00e3o deste fato, prossegue narrando, foi dispensada motivadamente (por justa causa) \u2013 o que entende abusivo. Conclui pleiteando, entre outras, as seguintes parcelas:<\/p>\n<p style=\"text-align: justify;\">I. Horas extras.<\/p>\n<p style=\"text-align: justify;\">II. Repouso remunerado (duas vezes ao m\u00eas).<\/p>\n<p style=\"text-align: justify;\">III. Aviso pr\u00e9vio.<\/p>\n<p style=\"text-align: justify;\">IV. F\u00e9rias de 30 dias. Admita que, tendo sido corretamente citada, a Institui\u00e7\u00e3o Menor Feliz n\u00e3o compareceu \u00e0 audi\u00eancia designada, na qual deveria apresentar defesa, e que nenhum outro incidente ocorreu, tendo a instru\u00e7\u00e3o sido encerrada. Em rela\u00e7\u00e3o aos itens acima especificados, deve ser julgado procedente o que consta em<\/p>\n<p style=\"text-align: justify;\">(A) I, II e IV, apenas. (B) I, II, III e IV. (C) III e IV, apenas. (D) II e IV, apenas. (E) I, II e III, apenas.<\/p>\n<p style=\"text-align: justify;\"><strong>58. (FCC \u2013 Juiz do Trabalho \u2013 TRT 1\u00aa Regi\u00e3o \u2013 2016)<\/strong> Em rela\u00e7\u00e3o \u00e0 dura\u00e7\u00e3o do trabalho, de acordo com a CLT e o entendimento sumulado pelo TST, \u00e9 correto afirmar:<\/p>\n<p style=\"text-align: justify;\">(A) O regime de sobreaviso \u00e9 aplicado exclusivamente aos empregados de ferrovias e do setor el\u00e9trico.<\/p>\n<p style=\"text-align: justify;\">(B) Encontra-se em regime de prontid\u00e3o o trabalhador que, por determina\u00e7\u00e3o do empregador, aguarda em casa o chamado para o servi\u00e7o.<\/p>\n<p style=\"text-align: justify;\">(C) Para a validade do sistema de compensa\u00e7\u00e3o de horas conhecido como banco de horas, \u00e9 necess\u00e1ria a concord\u00e2ncia de todos os trabalhadores que dele v\u00e3o participar ou, ent\u00e3o, a exist\u00eancia de norma coletiva.<\/p>\n<p style=\"text-align: justify;\">(D) As horas de sobreaviso e\/ou as de prontid\u00e3o n\u00e3o podem ser compensadas por meio do sistema de banco de horas.<\/p>\n<p style=\"text-align: justify;\">(E) \u00c9 incompat\u00edvel com o regime de tempo parcial a ado\u00e7\u00e3o de banco de horas.<\/p>\n<p style=\"text-align: justify;\"><strong>59. (CESPE \u2013 Analista Processual \u2013 MPU \u2013 2013)<\/strong> O sistema de banco de horas somente poder\u00e1 ser implantado na empresa por meio de instrumento coletivo de trabalho.<\/p>\n<p style=\"text-align: justify;\"><strong>60. (FCC \u2013 TRT 16\u00aa Regi\u00e3o \u2013 T\u00e9cnico Judici\u00e1rio \u2013 \u00c1rea Administrativa \u2013 2014) <\/strong>De acordo com a Consolida\u00e7\u00e3o das Leis do Trabalho \u201c<em>poder\u00e1 ser dispensado o acr\u00e9scimo de sal\u00e1rio se, por for\u00e7a de acordo ou conven\u00e7\u00e3o coletiva de trabalho, o excesso de horas em um dia for compensado pela correspondente diminui\u00e7\u00e3o em outro dia, de maneira que n\u00e3o exceda, no<\/em> <em>per\u00edodo m\u00e1ximo de um ano, \u00e0 soma das jornadas semanais de trabalho previstas, nem seja ultrapassado o limite m\u00e1ximo de dez horas di\u00e1rias<\/em>\u201d. Na hip\u00f3tese de rescis\u00e3o do contrato de trabalho sem que tenha havido a compensa\u00e7\u00e3o integral da jornada extraordin\u00e1ria, far\u00e1 o trabalhador jus ao pagamento<\/p>\n<p style=\"text-align: justify;\">(A) das horas extras n\u00e3o compensadas, calculadas sobre o valor da remunera\u00e7\u00e3o na data da sua efetiva realiza\u00e7\u00e3o.<\/p>\n<p style=\"text-align: justify;\">(B) das horas extras n\u00e3o compensadas, calculadas sobre o valor da remunera\u00e7\u00e3o na data da rescis\u00e3o.<\/p>\n<p style=\"text-align: justify;\">(C) de uma indeniza\u00e7\u00e3o relativa \u00e0 m\u00e9dia das horas extras prestadas acrescidas de 50%.<\/p>\n<p style=\"text-align: justify;\">(D) de uma indeniza\u00e7\u00e3o relativa \u00e0 m\u00e9dia das horas extras prestadas acrescidas de 25%.<\/p>\n<p style=\"text-align: justify;\">(E) de uma indeniza\u00e7\u00e3o apenas relativa \u00e0 m\u00e9dia das horas extras prestadas.<\/p>\n<p style=\"text-align: justify;\"><strong>GABARITO:<\/strong><\/p>\n<table style=\"width: 634px;\" border=\"1\" width=\"634\" cellspacing=\"0\" cellpadding=\"0\">\n<tbody>\n<tr>\n<td style=\"width: 57px; height: 40px;\">\n<p style=\"text-align: justify;\">1. E<\/p>\n<\/td>\n<td style=\"width: 59px; height: 40px;\">\n<p style=\"text-align: justify;\">7. D<\/p>\n<\/td>\n<td style=\"width: 59px; height: 40px;\">\n<p style=\"text-align: justify;\">13. D<\/p>\n<\/td>\n<td style=\"width: 69px; height: 40px;\">\n<p style=\"text-align: justify;\">19. D<\/p>\n<\/td>\n<td style=\"width: 69px; height: 40px;\">\n<p style=\"text-align: justify;\">25. Certa<\/p>\n<\/td>\n<td style=\"width: 69px; height: 40px;\">\n<p style=\"text-align: justify;\">31. Certa<\/p>\n<\/td>\n<td style=\"width: 69px; height: 40px;\">\n<p style=\"text-align: justify;\">37. Errada<\/p>\n<\/td>\n<td style=\"width: 61px; height: 40px;\">\n<p style=\"text-align: justify;\">43. B<\/p>\n<\/td>\n<td style=\"width: 59px; height: 40px;\">\n<p style=\"text-align: justify;\">49. A<\/p>\n<\/td>\n<td style=\"width: 62px; height: 40px;\">\n<p style=\"text-align: justify;\">55. Errada<\/p>\n<\/td>\n<\/tr>\n<tr>\n<td style=\"width: 57px; height: 40px;\">\n<p style=\"text-align: justify;\">2. B<\/p>\n<\/td>\n<td style=\"width: 59px; height: 40px;\">\n<p style=\"text-align: justify;\">8. A<\/p>\n<\/td>\n<td style=\"width: 59px; height: 40px;\">\n<p style=\"text-align: justify;\">14. A<\/p>\n<\/td>\n<td style=\"width: 69px; height: 40px;\">\n<p style=\"text-align: justify;\">20. A<\/p>\n<\/td>\n<td style=\"width: 69px; height: 40px;\">\n<p style=\"text-align: justify;\">26. Errada<\/p>\n<\/td>\n<td style=\"width: 69px; height: 40px;\">\n<p style=\"text-align: justify;\">32. E<\/p>\n<\/td>\n<td style=\"width: 69px; height: 40px;\">\n<p style=\"text-align: justify;\">38. Errada<\/p>\n<\/td>\n<td style=\"width: 61px; height: 40px;\">\n<p style=\"text-align: justify;\">44. E<\/p>\n<\/td>\n<td style=\"width: 59px; height: 40px;\">\n<p style=\"text-align: justify;\">50. B<\/p>\n<\/td>\n<td style=\"width: 62px; height: 40px;\">\n<p style=\"text-align: justify;\">56. D<\/p>\n<\/td>\n<\/tr>\n<tr>\n<td style=\"width: 57px; height: 38px;\">\n<p style=\"text-align: justify;\">3. C<\/p>\n<\/td>\n<td style=\"width: 59px; height: 38px;\">\n<p style=\"text-align: justify;\">9. C<\/p>\n<\/td>\n<td style=\"width: 59px; height: 38px;\">\n<p style=\"text-align: justify;\">15. A<\/p>\n<\/td>\n<td style=\"width: 69px; height: 38px;\">\n<p style=\"text-align: justify;\">21. Errada<\/p>\n<\/td>\n<td style=\"width: 69px; height: 38px;\">\n<p style=\"text-align: justify;\">27. B<\/p>\n<\/td>\n<td style=\"width: 69px; height: 38px;\">\n<p style=\"text-align: justify;\">33. Certa<\/p>\n<\/td>\n<td style=\"width: 69px; height: 38px;\">\n<p style=\"text-align: justify;\">39. C<\/p>\n<\/td>\n<td style=\"width: 61px; height: 38px;\">\n<p style=\"text-align: justify;\">45. A<\/p>\n<\/td>\n<td style=\"width: 59px; height: 38px;\">\n<p style=\"text-align: justify;\">51. A<\/p>\n<\/td>\n<td style=\"width: 62px; height: 38px;\">\n<p style=\"text-align: justify;\">57. D<\/p>\n<\/td>\n<\/tr>\n<tr>\n<td style=\"width: 57px; height: 38px;\">\n<p style=\"text-align: justify;\">4. E<\/p>\n<\/td>\n<td style=\"width: 59px; height: 38px;\">\n<p style=\"text-align: justify;\">10. C<\/p>\n<\/td>\n<td style=\"width: 59px; height: 38px;\">\n<p style=\"text-align: justify;\">16. B<\/p>\n<\/td>\n<td style=\"width: 69px; height: 38px;\">\n<p style=\"text-align: justify;\">22. Certa<\/p>\n<\/td>\n<td style=\"width: 69px; height: 38px;\">\n<p style=\"text-align: justify;\">28. C<\/p>\n<\/td>\n<td style=\"width: 69px; height: 38px;\">\n<p style=\"text-align: justify;\">34. D<\/p>\n<\/td>\n<td style=\"width: 69px; height: 38px;\">\n<p style=\"text-align: justify;\">40. B<\/p>\n<\/td>\n<td style=\"width: 61px; height: 38px;\">\n<p style=\"text-align: justify;\">46. E<\/p>\n<\/td>\n<td style=\"width: 59px; height: 38px;\">\n<p style=\"text-align: justify;\">52. B<\/p>\n<\/td>\n<td style=\"width: 62px; height: 38px;\">\n<p style=\"text-align: justify;\">58.<\/p>\n<\/td>\n<\/tr>\n<tr>\n<td style=\"width: 57px; height: 40px;\">\n<p style=\"text-align: justify;\">5. C<\/p>\n<\/td>\n<td style=\"width: 59px; height: 40px;\">\n<p style=\"text-align: justify;\">11. C<\/p>\n<\/td>\n<td style=\"width: 59px; height: 40px;\">\n<p style=\"text-align: justify;\">17. D<\/p>\n<\/td>\n<td style=\"width: 69px; height: 40px;\">\n<p style=\"text-align: justify;\">23. B<\/p>\n<\/td>\n<td style=\"width: 69px; height: 40px;\">\n<p style=\"text-align: justify;\">29. Certa<\/p>\n<\/td>\n<td style=\"width: 69px; height: 40px;\">\n<p style=\"text-align: justify;\">35. Errada<\/p>\n<\/td>\n<td style=\"width: 69px; height: 40px;\">\n<p style=\"text-align: justify;\">41. C<\/p>\n<\/td>\n<td style=\"width: 61px; height: 40px;\">\n<p style=\"text-align: justify;\">47. A<\/p>\n<\/td>\n<td style=\"width: 59px; height: 40px;\">\n<p style=\"text-align: justify;\">53. B<\/p>\n<\/td>\n<td style=\"width: 62px; height: 40px;\">\n<p style=\"text-align: justify;\">59. Certa<\/p>\n<\/td>\n<\/tr>\n<tr>\n<td style=\"width: 57px; height: 40px;\">\n<p style=\"text-align: justify;\">6. E<\/p>\n<\/td>\n<td style=\"width: 59px; height: 40px;\">\n<p style=\"text-align: justify;\">12. C<\/p>\n<\/td>\n<td style=\"width: 59px; height: 40px;\">\n<p style=\"text-align: justify;\">18. C<\/p>\n<\/td>\n<td style=\"width: 69px; height: 40px;\">\n<p style=\"text-align: justify;\">24. Certa<\/p>\n<\/td>\n<td style=\"width: 69px; height: 40px;\">\n<p style=\"text-align: justify;\">30. Certa<\/p>\n<\/td>\n<td style=\"width: 69px; height: 40px;\">\n<p style=\"text-align: justify;\">36. Errada<\/p>\n<\/td>\n<td style=\"width: 69px; height: 40px;\">\n<p style=\"text-align: justify;\">42. A<\/p>\n<\/td>\n<td style=\"width: 61px; height: 40px;\">\n<p style=\"text-align: justify;\">48. D<\/p>\n<\/td>\n<td style=\"width: 59px; height: 40px;\">\n<p style=\"text-align: justify;\">54. C<\/p>\n<\/td>\n<td style=\"width: 62px; height: 40px;\">\n<p style=\"text-align: justify;\">60. B<\/p>\n<\/td>\n<\/tr>\n<\/tbody>\n<\/table>\n<p style=\"text-align: justify;\">Bons estudos!<\/p>\n<p style=\"text-align: justify;\">Um forte abra\u00e7o,<\/p>\n<p style=\"text-align: justify;\">D\u00e9borah Paiva<\/p>\n<p style=\"text-align: justify;\">professoradeborahpaiva@hotmail.com<\/p>\n<p style=\"text-align: justify;\"><u><strong><span style=\"color: #0000ff;\">Conhe\u00e7a meus demais CURSOS EM ANDAMENTO no site do Estrat\u00e9gia Concursos clicando AQUI!<\/span><\/strong><\/u><\/p>\n<p style=\"text-align: justify;\">&gt; Resolva mais quest\u00f5es de Direito do Trabalho<\/p>\n<p style=\"text-align: justify;\">\n<p><iframe loading=\"lazy\" style=\"border: 1px solid #CCC; border-width: 1px; margin-bottom: 5px; max-width: 100%;\" src=\"\/\/www.slideshare.net\/slideshow\/embed_code\/key\/E3Tb8Z65kVXP3W\" width=\"668\" height=\"714\" frameborder=\"0\" marginwidth=\"0\" marginheight=\"0\" scrolling=\"no\" allowfullscreen=\"allowfullscreen\"><\/iframe><\/p>\n","protected":false},"excerpt":{"rendered":"<p>Queridos alunos! Vamos fazer um treino de direito do Trabalho sobre o tema &#8220;dura\u00e7\u00e3o do trabalho&#8220;. Seguem 60 quest\u00f5es que est\u00e3o comentadas na aula demonstrativa do curso &#8220;2000 quest\u00f5es objetivas de Direito do Trabalho e Processo do Trabalho.\u00a0Basta abrir a aula demonstrativa, que \u00e9 gratuita, e conferir as resolu\u00e7\u00f5es. 1\u00a0. (Juiz do Trabalho TRT 21\u00aa [&hellip;]<\/p>\n","protected":false},"author":408,"featured_media":0,"comment_status":"open","ping_status":"open","sticky":false,"template":"","format":"standard","meta":{"post_tipo":"article","footnotes":""},"categories":[1,1984],"tags":[627],"tax_estado":[],"class_list":["post-70929","post","type-post","status-publish","format-standard","hentry","category-cursos-e-concursos","category-tribunais","tag-direito-do-trabalho"],"acf":[],"yoast_head":"<!-- This site is optimized with the Yoast SEO Premium plugin v27.2 (Yoast SEO v27.2) - https:\/\/yoast.com\/product\/yoast-seo-premium-wordpress\/ -->\n<title>60 Quest\u00f5es Comentadas de Direito do Trabalho p\/ Concurso<\/title>\n<meta name=\"description\" content=\"60 Quest\u00f5es Comentadas de Direito do Trabalho para Concursos, sobre dura\u00e7\u00e3o do trabalho. Fa\u00e7a exerc\u00edcios de Direito do trabalho aqui!\" \/>\n<meta name=\"robots\" content=\"index, follow, max-snippet:-1, max-image-preview:large, max-video-preview:-1\" \/>\n<link rel=\"canonical\" href=\"https:\/\/www.estrategiaconcursos.com.br\/blog\/60-questoes-comentadas-direito-do-trabalho-duracao-do-trabalho\/\" \/>\n<meta property=\"og:locale\" content=\"pt_BR\" \/>\n<meta property=\"og:type\" content=\"article\" \/>\n<meta property=\"og:title\" content=\"60 Quest\u00f5es Comentadas de Direito do Trabalho: Dura\u00e7\u00e3o do Trabalho\" \/>\n<meta property=\"og:description\" content=\"60 Quest\u00f5es Comentadas de Direito do Trabalho para Concursos, sobre dura\u00e7\u00e3o do trabalho. Fa\u00e7a exerc\u00edcios de Direito do trabalho aqui!\" \/>\n<meta property=\"og:url\" content=\"https:\/\/www.estrategiaconcursos.com.br\/blog\/60-questoes-comentadas-direito-do-trabalho-duracao-do-trabalho\/\" \/>\n<meta property=\"og:site_name\" content=\"Estrat\u00e9gia Concursos\" \/>\n<meta property=\"article:published_time\" content=\"2017-04-17T19:09:30+00:00\" \/>\n<meta property=\"article:modified_time\" content=\"2023-04-11T20:12:37+00:00\" \/>\n<meta name=\"author\" content=\"Deborah Paiva\" \/>\n<meta name=\"twitter:card\" content=\"summary_large_image\" \/>\n<meta name=\"twitter:creator\" content=\"@EstratConcursos\" \/>\n<meta name=\"twitter:site\" content=\"@EstratConcursos\" \/>\n<meta name=\"twitter:label1\" content=\"Escrito por\" \/>\n\t<meta name=\"twitter:data1\" content=\"Deborah Paiva\" \/>\n\t<meta name=\"twitter:label2\" content=\"Est. tempo de leitura\" \/>\n\t<meta name=\"twitter:data2\" content=\"42 minutos\" \/>\n<script type=\"application\/ld+json\" class=\"yoast-schema-graph\">{\"@context\":\"https:\/\/schema.org\",\"@graph\":[{\"@type\":\"NewsArticle\",\"@id\":\"https:\/\/www.estrategiaconcursos.com.br\/blog\/60-questoes-comentadas-direito-do-trabalho-duracao-do-trabalho\/#article\",\"isPartOf\":{\"@id\":\"https:\/\/www.estrategiaconcursos.com.br\/blog\/60-questoes-comentadas-direito-do-trabalho-duracao-do-trabalho\/\"},\"author\":{\"name\":\"Deborah Paiva\",\"@id\":\"https:\/\/www.estrategiaconcursos.com.br\/blog\/#\/schema\/person\/020032288bda52ebb06d54bdf1fec7ee\"},\"headline\":\"60 Quest\u00f5es Comentadas de Direito do Trabalho: Dura\u00e7\u00e3o do Trabalho\",\"datePublished\":\"2017-04-17T19:09:30+00:00\",\"dateModified\":\"2023-04-11T20:12:37+00:00\",\"mainEntityOfPage\":{\"@id\":\"https:\/\/www.estrategiaconcursos.com.br\/blog\/60-questoes-comentadas-direito-do-trabalho-duracao-do-trabalho\/\"},\"wordCount\":8402,\"commentCount\":7,\"publisher\":{\"@id\":\"https:\/\/www.estrategiaconcursos.com.br\/blog\/#organization\"},\"keywords\":[\"Direito do Trabalho\"],\"articleSection\":[\"Concursos P\u00fablicos\",\"Tribunais\"],\"inLanguage\":\"pt-BR\",\"potentialAction\":[{\"@type\":\"CommentAction\",\"name\":\"Comment\",\"target\":[\"https:\/\/www.estrategiaconcursos.com.br\/blog\/60-questoes-comentadas-direito-do-trabalho-duracao-do-trabalho\/#respond\"]}],\"copyrightYear\":\"2017\",\"copyrightHolder\":{\"@id\":\"https:\/\/www.estrategiaconcursos.com.br\/blog\/#organization\"}},{\"@type\":\"WebPage\",\"@id\":\"https:\/\/www.estrategiaconcursos.com.br\/blog\/60-questoes-comentadas-direito-do-trabalho-duracao-do-trabalho\/\",\"url\":\"https:\/\/www.estrategiaconcursos.com.br\/blog\/60-questoes-comentadas-direito-do-trabalho-duracao-do-trabalho\/\",\"name\":\"60 Quest\u00f5es Comentadas de Direito do Trabalho p\/ Concurso\",\"isPartOf\":{\"@id\":\"https:\/\/www.estrategiaconcursos.com.br\/blog\/#website\"},\"datePublished\":\"2017-04-17T19:09:30+00:00\",\"dateModified\":\"2023-04-11T20:12:37+00:00\",\"description\":\"60 Quest\u00f5es Comentadas de Direito do Trabalho para Concursos, sobre dura\u00e7\u00e3o do trabalho. Fa\u00e7a exerc\u00edcios de Direito do trabalho aqui!\",\"breadcrumb\":{\"@id\":\"https:\/\/www.estrategiaconcursos.com.br\/blog\/60-questoes-comentadas-direito-do-trabalho-duracao-do-trabalho\/#breadcrumb\"},\"inLanguage\":\"pt-BR\",\"potentialAction\":[{\"@type\":\"ReadAction\",\"target\":[\"https:\/\/www.estrategiaconcursos.com.br\/blog\/60-questoes-comentadas-direito-do-trabalho-duracao-do-trabalho\/\"]}]},{\"@type\":\"BreadcrumbList\",\"@id\":\"https:\/\/www.estrategiaconcursos.com.br\/blog\/60-questoes-comentadas-direito-do-trabalho-duracao-do-trabalho\/#breadcrumb\",\"itemListElement\":[{\"@type\":\"ListItem\",\"position\":1,\"name\":\"In\u00edcio\",\"item\":\"https:\/\/www.estrategiaconcursos.com.br\/blog\/\"},{\"@type\":\"ListItem\",\"position\":2,\"name\":\"60 Quest\u00f5es Comentadas de Direito do Trabalho: Dura\u00e7\u00e3o do Trabalho\"}]},{\"@type\":\"WebSite\",\"@id\":\"https:\/\/www.estrategiaconcursos.com.br\/blog\/#website\",\"url\":\"https:\/\/www.estrategiaconcursos.com.br\/blog\/\",\"name\":\"Estrat\u00e9gia Concursos\",\"description\":\"O blog da Estrat\u00e9gia Concursos traz not\u00edcias sobre concursos e artigos de professores oferecendo cursos para concursos (pdf + videaulas) no site.\",\"publisher\":{\"@id\":\"https:\/\/www.estrategiaconcursos.com.br\/blog\/#organization\"},\"potentialAction\":[{\"@type\":\"SearchAction\",\"target\":{\"@type\":\"EntryPoint\",\"urlTemplate\":\"https:\/\/www.estrategiaconcursos.com.br\/blog\/?s={search_term_string}\"},\"query-input\":{\"@type\":\"PropertyValueSpecification\",\"valueRequired\":true,\"valueName\":\"search_term_string\"}}],\"inLanguage\":\"pt-BR\"},{\"@type\":\"Organization\",\"@id\":\"https:\/\/www.estrategiaconcursos.com.br\/blog\/#organization\",\"name\":\"Estrat\u00e9gia Concursos\",\"url\":\"https:\/\/www.estrategiaconcursos.com.br\/blog\/\",\"logo\":{\"@type\":\"ImageObject\",\"inLanguage\":\"pt-BR\",\"@id\":\"https:\/\/www.estrategiaconcursos.com.br\/blog\/#\/schema\/logo\/image\/\",\"url\":\"https:\/\/dhg1h5j42swfq.cloudfront.net\/2025\/06\/03203428\/logo_concursos-1.jpg\",\"contentUrl\":\"https:\/\/dhg1h5j42swfq.cloudfront.net\/2025\/06\/03203428\/logo_concursos-1.jpg\",\"width\":230,\"height\":60,\"caption\":\"Estrat\u00e9gia Concursos\"},\"image\":{\"@id\":\"https:\/\/www.estrategiaconcursos.com.br\/blog\/#\/schema\/logo\/image\/\"},\"sameAs\":[\"https:\/\/x.com\/EstratConcursos\"]},{\"@type\":\"Person\",\"@id\":\"https:\/\/www.estrategiaconcursos.com.br\/blog\/#\/schema\/person\/020032288bda52ebb06d54bdf1fec7ee\",\"name\":\"Deborah Paiva\",\"image\":{\"@type\":\"ImageObject\",\"inLanguage\":\"pt-BR\",\"@id\":\"https:\/\/secure.gravatar.com\/avatar\/a8272e1eb549c3fc129f06cc1c756a4dd7cf153c3cca338cd23580febd4d9d84?s=96&d=mm&r=g\",\"url\":\"https:\/\/secure.gravatar.com\/avatar\/a8272e1eb549c3fc129f06cc1c756a4dd7cf153c3cca338cd23580febd4d9d84?s=96&d=mm&r=g\",\"contentUrl\":\"https:\/\/secure.gravatar.com\/avatar\/a8272e1eb549c3fc129f06cc1c756a4dd7cf153c3cca338cd23580febd4d9d84?s=96&d=mm&r=g\",\"caption\":\"Deborah Paiva\"},\"url\":\"https:\/\/www.estrategiaconcursos.com.br\/blog\/author\/deborahpaivaestrategiaconcursos-com-br\/\"}]}<\/script>\n<!-- \/ Yoast SEO Premium plugin. -->","yoast_head_json":{"title":"60 Quest\u00f5es Comentadas de Direito do Trabalho p\/ Concurso","description":"60 Quest\u00f5es Comentadas de Direito do Trabalho para Concursos, sobre dura\u00e7\u00e3o do trabalho. Fa\u00e7a exerc\u00edcios de Direito do trabalho aqui!","robots":{"index":"index","follow":"follow","max-snippet":"max-snippet:-1","max-image-preview":"max-image-preview:large","max-video-preview":"max-video-preview:-1"},"canonical":"https:\/\/www.estrategiaconcursos.com.br\/blog\/60-questoes-comentadas-direito-do-trabalho-duracao-do-trabalho\/","og_locale":"pt_BR","og_type":"article","og_title":"60 Quest\u00f5es Comentadas de Direito do Trabalho: Dura\u00e7\u00e3o do Trabalho","og_description":"60 Quest\u00f5es Comentadas de Direito do Trabalho para Concursos, sobre dura\u00e7\u00e3o do trabalho. Fa\u00e7a exerc\u00edcios de Direito do trabalho aqui!","og_url":"https:\/\/www.estrategiaconcursos.com.br\/blog\/60-questoes-comentadas-direito-do-trabalho-duracao-do-trabalho\/","og_site_name":"Estrat\u00e9gia Concursos","article_published_time":"2017-04-17T19:09:30+00:00","article_modified_time":"2023-04-11T20:12:37+00:00","author":"Deborah Paiva","twitter_card":"summary_large_image","twitter_creator":"@EstratConcursos","twitter_site":"@EstratConcursos","twitter_misc":{"Escrito por":"Deborah Paiva","Est. tempo de leitura":"42 minutos"},"schema":{"@context":"https:\/\/schema.org","@graph":[{"@type":"NewsArticle","@id":"https:\/\/www.estrategiaconcursos.com.br\/blog\/60-questoes-comentadas-direito-do-trabalho-duracao-do-trabalho\/#article","isPartOf":{"@id":"https:\/\/www.estrategiaconcursos.com.br\/blog\/60-questoes-comentadas-direito-do-trabalho-duracao-do-trabalho\/"},"author":{"name":"Deborah Paiva","@id":"https:\/\/www.estrategiaconcursos.com.br\/blog\/#\/schema\/person\/020032288bda52ebb06d54bdf1fec7ee"},"headline":"60 Quest\u00f5es Comentadas de Direito do Trabalho: Dura\u00e7\u00e3o do Trabalho","datePublished":"2017-04-17T19:09:30+00:00","dateModified":"2023-04-11T20:12:37+00:00","mainEntityOfPage":{"@id":"https:\/\/www.estrategiaconcursos.com.br\/blog\/60-questoes-comentadas-direito-do-trabalho-duracao-do-trabalho\/"},"wordCount":8402,"commentCount":7,"publisher":{"@id":"https:\/\/www.estrategiaconcursos.com.br\/blog\/#organization"},"keywords":["Direito do Trabalho"],"articleSection":["Concursos P\u00fablicos","Tribunais"],"inLanguage":"pt-BR","potentialAction":[{"@type":"CommentAction","name":"Comment","target":["https:\/\/www.estrategiaconcursos.com.br\/blog\/60-questoes-comentadas-direito-do-trabalho-duracao-do-trabalho\/#respond"]}],"copyrightYear":"2017","copyrightHolder":{"@id":"https:\/\/www.estrategiaconcursos.com.br\/blog\/#organization"}},{"@type":"WebPage","@id":"https:\/\/www.estrategiaconcursos.com.br\/blog\/60-questoes-comentadas-direito-do-trabalho-duracao-do-trabalho\/","url":"https:\/\/www.estrategiaconcursos.com.br\/blog\/60-questoes-comentadas-direito-do-trabalho-duracao-do-trabalho\/","name":"60 Quest\u00f5es Comentadas de Direito do Trabalho p\/ Concurso","isPartOf":{"@id":"https:\/\/www.estrategiaconcursos.com.br\/blog\/#website"},"datePublished":"2017-04-17T19:09:30+00:00","dateModified":"2023-04-11T20:12:37+00:00","description":"60 Quest\u00f5es Comentadas de Direito do Trabalho para Concursos, sobre dura\u00e7\u00e3o do trabalho. Fa\u00e7a exerc\u00edcios de Direito do trabalho aqui!","breadcrumb":{"@id":"https:\/\/www.estrategiaconcursos.com.br\/blog\/60-questoes-comentadas-direito-do-trabalho-duracao-do-trabalho\/#breadcrumb"},"inLanguage":"pt-BR","potentialAction":[{"@type":"ReadAction","target":["https:\/\/www.estrategiaconcursos.com.br\/blog\/60-questoes-comentadas-direito-do-trabalho-duracao-do-trabalho\/"]}]},{"@type":"BreadcrumbList","@id":"https:\/\/www.estrategiaconcursos.com.br\/blog\/60-questoes-comentadas-direito-do-trabalho-duracao-do-trabalho\/#breadcrumb","itemListElement":[{"@type":"ListItem","position":1,"name":"In\u00edcio","item":"https:\/\/www.estrategiaconcursos.com.br\/blog\/"},{"@type":"ListItem","position":2,"name":"60 Quest\u00f5es Comentadas de Direito do Trabalho: Dura\u00e7\u00e3o do Trabalho"}]},{"@type":"WebSite","@id":"https:\/\/www.estrategiaconcursos.com.br\/blog\/#website","url":"https:\/\/www.estrategiaconcursos.com.br\/blog\/","name":"Estrat\u00e9gia Concursos","description":"O blog da Estrat\u00e9gia Concursos traz not\u00edcias sobre concursos e artigos de professores oferecendo cursos para concursos (pdf + videaulas) no site.","publisher":{"@id":"https:\/\/www.estrategiaconcursos.com.br\/blog\/#organization"},"potentialAction":[{"@type":"SearchAction","target":{"@type":"EntryPoint","urlTemplate":"https:\/\/www.estrategiaconcursos.com.br\/blog\/?s={search_term_string}"},"query-input":{"@type":"PropertyValueSpecification","valueRequired":true,"valueName":"search_term_string"}}],"inLanguage":"pt-BR"},{"@type":"Organization","@id":"https:\/\/www.estrategiaconcursos.com.br\/blog\/#organization","name":"Estrat\u00e9gia Concursos","url":"https:\/\/www.estrategiaconcursos.com.br\/blog\/","logo":{"@type":"ImageObject","inLanguage":"pt-BR","@id":"https:\/\/www.estrategiaconcursos.com.br\/blog\/#\/schema\/logo\/image\/","url":"https:\/\/dhg1h5j42swfq.cloudfront.net\/2025\/06\/03203428\/logo_concursos-1.jpg","contentUrl":"https:\/\/dhg1h5j42swfq.cloudfront.net\/2025\/06\/03203428\/logo_concursos-1.jpg","width":230,"height":60,"caption":"Estrat\u00e9gia Concursos"},"image":{"@id":"https:\/\/www.estrategiaconcursos.com.br\/blog\/#\/schema\/logo\/image\/"},"sameAs":["https:\/\/x.com\/EstratConcursos"]},{"@type":"Person","@id":"https:\/\/www.estrategiaconcursos.com.br\/blog\/#\/schema\/person\/020032288bda52ebb06d54bdf1fec7ee","name":"Deborah Paiva","image":{"@type":"ImageObject","inLanguage":"pt-BR","@id":"https:\/\/secure.gravatar.com\/avatar\/a8272e1eb549c3fc129f06cc1c756a4dd7cf153c3cca338cd23580febd4d9d84?s=96&d=mm&r=g","url":"https:\/\/secure.gravatar.com\/avatar\/a8272e1eb549c3fc129f06cc1c756a4dd7cf153c3cca338cd23580febd4d9d84?s=96&d=mm&r=g","contentUrl":"https:\/\/secure.gravatar.com\/avatar\/a8272e1eb549c3fc129f06cc1c756a4dd7cf153c3cca338cd23580febd4d9d84?s=96&d=mm&r=g","caption":"Deborah Paiva"},"url":"https:\/\/www.estrategiaconcursos.com.br\/blog\/author\/deborahpaivaestrategiaconcursos-com-br\/"}]}},"_links":{"self":[{"href":"https:\/\/www.estrategiaconcursos.com.br\/blog\/wp-json\/wp\/v2\/posts\/70929","targetHints":{"allow":["GET"]}}],"collection":[{"href":"https:\/\/www.estrategiaconcursos.com.br\/blog\/wp-json\/wp\/v2\/posts"}],"about":[{"href":"https:\/\/www.estrategiaconcursos.com.br\/blog\/wp-json\/wp\/v2\/types\/post"}],"author":[{"embeddable":true,"href":"https:\/\/www.estrategiaconcursos.com.br\/blog\/wp-json\/wp\/v2\/users\/408"}],"replies":[{"embeddable":true,"href":"https:\/\/www.estrategiaconcursos.com.br\/blog\/wp-json\/wp\/v2\/comments?post=70929"}],"version-history":[{"count":6,"href":"https:\/\/www.estrategiaconcursos.com.br\/blog\/wp-json\/wp\/v2\/posts\/70929\/revisions"}],"predecessor-version":[{"id":1200255,"href":"https:\/\/www.estrategiaconcursos.com.br\/blog\/wp-json\/wp\/v2\/posts\/70929\/revisions\/1200255"}],"wp:attachment":[{"href":"https:\/\/www.estrategiaconcursos.com.br\/blog\/wp-json\/wp\/v2\/media?parent=70929"}],"wp:term":[{"taxonomy":"category","embeddable":true,"href":"https:\/\/www.estrategiaconcursos.com.br\/blog\/wp-json\/wp\/v2\/categories?post=70929"},{"taxonomy":"post_tag","embeddable":true,"href":"https:\/\/www.estrategiaconcursos.com.br\/blog\/wp-json\/wp\/v2\/tags?post=70929"},{"taxonomy":"tax_estado","embeddable":true,"href":"https:\/\/www.estrategiaconcursos.com.br\/blog\/wp-json\/wp\/v2\/tax_estado?post=70929"}],"curies":[{"name":"wp","href":"https:\/\/api.w.org\/{rel}","templated":true}]}}