{"id":708808,"date":"2021-08-04T00:00:00","date_gmt":"2021-08-04T03:00:00","guid":{"rendered":"https:\/\/www.estrategiaconcursos.com.br\/blog\/?p=708808"},"modified":"2023-03-01T09:29:27","modified_gmt":"2023-03-01T12:29:27","slug":"edital-mp-ap","status":"publish","type":"post","link":"https:\/\/www.estrategiaconcursos.com.br\/blog\/edital-mp-ap\/","title":{"rendered":"Edital MP AP: banca libera consulta aos gabaritos preliminares!"},"content":{"rendered":"\n<h3 class=\"wp-block-heading\" id=\"h-selecao-registrou-7-292-inscritos\">Sele\u00e7\u00e3o registrou 7.292 inscritos!<\/h3>\n\n\n\n<p>O <strong>Minist\u00e9rio P\u00fablico do Estado do Amap\u00e1<\/strong> e o Cebraspe, organizadora do concurso MP AP, liberaram aos candidatos a consulta individual aos gabaritos preliminares e aos cadernos de provas. <a href=\"https:\/\/www.cebraspe.org.br\/concursos\/MP_AP_21_SERVIDOR\" target=\"_blank\" rel=\"noreferrer noopener\">Clique aqui para ter acesso<\/a>. As provas objetivas e discursiva para todos os cargos foram aplicadas no dia 1\u00ba de agosto de 2021, nos turnos da manh\u00e3 e tarde.<\/p>\n\n\n\n<ul class=\"wp-block-list\">\n<li><strong>Concurso MP AP<\/strong><\/li>\n\n\n\n<li><strong>Status:<\/strong>&nbsp;gabaritos preliminares liberados<\/li>\n\n\n\n<li><strong>Banca:&nbsp;<\/strong>Cebraspe<\/li>\n\n\n\n<li><strong>Vagas:&nbsp;<\/strong>10<\/li>\n\n\n\n<li><strong>Sal\u00e1rio inicial:<\/strong>&nbsp;R$ 4.584,25 a R$ 6.239,72<\/li>\n<\/ul>\n\n\n\n<p>O <strong>MP<\/strong> divulgou que a <strong>sele\u00e7\u00e3o recebeu 7.292 inscri\u00e7\u00f5es<\/strong>. <a href=\"https:\/\/cdn.cebraspe.org.br\/concursos\/MP_AP_21_SERVIDOR\/arquivos\/MP_AP_21_SERVIDOR__DEMANDA_CANDIDATOS_POR_VAGA.PDF\" target=\"_blank\" rel=\"noreferrer noopener nofollow\">Confira aqui<\/a>.  O edital do concurso MP AP oferta 10 vagas diretas mais forma\u00e7\u00e3o de cadastro de reserva para cargos de n\u00edvel m\u00e9dio e superior do Minist\u00e9rio P\u00fablico do Amap\u00e1.<\/p>\n\n\n\n<p> A remunera\u00e7\u00e3o inicial ofertada para T\u00e9cnico \u00e9 de<strong> R$ 4.584,25<\/strong> e para Analista \u00e9 de <strong>R$ 6.239,72<\/strong>, ambas suplementadas por aux\u00edlio-alimenta\u00e7\u00e3o no valor de <strong>R$ 1.372,75<\/strong>. <\/p>\n\n\n\n<div class=\"container\" id=\"boxes\">\n  <div class=\"row\">\n\n    <div class=\"col-sm\">\n      <div class=\"banner-tribunal\" id=\"box-assinatura\">\n        <h3 class=\"titulo-assinatura\">Cursos para MP-AP<\/h3>\n        <p class=\"subtitulo-assinatura\">Conhe\u00e7a os cursos<\/p>\n        <div class=\"box-botao\">\n          <a class=\"btn-assinatura\" target=\"_blank\" href=\"https:\/\/www.estrategiaconcursos.com.br\/cursosPorConcurso\/ministerio-publico-do-amapa-mp-ap\/\" role=\"button\" rel=\"noopener noreferrer\">Conhe\u00e7a mais<\/a>\n        <\/div>\n      <\/div>\n      <p class=\"texto-auxiliar\">Prepare-se com o melhor material e com quem mais aprova em Concursos P\u00fablicos em todo o pa\u00eds.<\/p>\n    <\/div>\n\n  <\/div>\n<\/div>\n\n\n\n<ul class=\"wp-block-list\">\n<li><strong><a href=\"#analise\">An\u00e1lise de edital<\/a><\/strong><\/li>\n\n\n\n<li><strong><a href=\"#atual\">Situa\u00e7\u00e3o atual<\/a><\/strong>\n<ul class=\"wp-block-list\">\n<li><strong><a href=\"#data\">Principais datas<\/a><\/strong><\/li>\n\n\n\n<li><strong><a href=\"#cargo\">Cargos\/Vagas e Remunera\u00e7\u00f5es<\/a><\/strong><\/li>\n<\/ul>\n<\/li>\n\n\n\n<li><strong><a href=\"#prova\">Etapas de provas do concurso<\/a><\/strong><\/li>\n\n\n\n<li><strong><a href=\"#edital\">Edital Estrat\u00e9gico<\/a><\/strong><\/li>\n\n\n\n<li><strong><a href=\"#curso\">Cursos e Assinaturas<\/a><\/strong><\/li>\n\n\n\n<li><strong><a href=\"#ficha\">Ficha T\u00e9cnica<\/a><\/strong><\/li>\n<\/ul>\n\n\n\n<h2 class=\"wp-block-heading\" id=\"analise\"><a href=\"https:\/\/youtu.be\/Psd-U-CJJ-c\" target=\"_blank\" rel=\"noreferrer noopener\">An\u00e1lise de Edital<\/a><\/h2>\n\n\n\n<h2 class=\"wp-block-heading\" id=\"atual\">Edital MP AP: situa\u00e7\u00e3o atual<\/h2>\n\n\n\n<h3 class=\"wp-block-heading\" id=\"data\">Principais datas <\/h3>\n\n\n\n<p class=\"has-very-light-gray-background-color has-background\"><strong><em>Inscri\u00e7\u00e3o: <\/em><\/strong><s>08 de abril a 07 de maio de 2021<\/s><br \/><strong><em>Isen\u00e7\u00e3o:<\/em><\/strong> <s>08 de abril a 07 de maio de 2021<\/s><strong><em><br \/>Taxa: <\/em><\/strong>R$ 84,00 (n\u00edvel m\u00e9dio) e R$ 107,00 (n\u00edvel superior)<br \/><em><strong>Provas:<\/strong> <\/em><s>1\u00ba de agosto de 2021<\/s><\/p>\n\n\n\n<h3 class=\"wp-block-heading\" id=\"cargo\">Cargos, Vagas e Remunera\u00e7\u00f5es<\/h3>\n\n\n\n<p><\/p>\n\n\n\n<figure class=\"wp-block-table is-style-stripes\"><table class=\"has-background has-fixed-layout\" style=\"background-color:#fcf0ef\"><tbody><tr><td class=\"has-text-align-center\" data-align=\"center\"><strong>CARGOS<\/strong><\/td><td><strong>VAGAS A\/C<\/strong><\/td><td class=\"has-text-align-center\" data-align=\"center\"><strong>VAGAS PcD<\/strong><\/td><td><strong>VAGAS NEGROS<\/strong><\/td><td class=\"has-text-align-center\" data-align=\"center\"><strong>ESCOLARIDADE<\/strong><\/td><td class=\"has-text-align-center\" data-align=\"center\"><strong>REMUNERA\u00c7\u00d5ES<\/strong><\/td><\/tr><tr><td class=\"has-text-align-center\" data-align=\"center\">Analista Ministerial \u2013<br \/>Especialidade: Psicologia<\/td><td>1<\/td><td class=\"has-text-align-center\" data-align=\"center\">CR<\/td><td>CR<\/td><td class=\"has-text-align-center\" data-align=\"center\">N\u00edvel Superior em Psicologia<\/td><td class=\"has-text-align-center\" data-align=\"center\"> R$ 6.239,72 <\/td><\/tr><tr><td class=\"has-text-align-center\" data-align=\"center\">Analista Ministerial \u2013<br \/>Especialidade: Servi\u00e7o Social<\/td><td>2<\/td><td class=\"has-text-align-center\" data-align=\"center\">CR<\/td><td>CR<\/td><td class=\"has-text-align-center\" data-align=\"center\">N\u00edvel Superior em Servi\u00e7o Social<\/td><td class=\"has-text-align-center\" data-align=\"center\">R$ 6.239,72 <\/td><\/tr><tr><td class=\"has-text-align-center\" data-align=\"center\">Analista Ministerial \u2013<br \/>Especialidade: Tecnologia da<br \/>Informa\u00e7\u00e3o<\/td><td>1 <\/td><td class=\"has-text-align-center\" data-align=\"center\">CR<\/td><td>CR<\/td><td class=\"has-text-align-center\" data-align=\"center\">N\u00edvel Superior superior em Ci\u00eancia da Computa\u00e7\u00e3o ou Sistemas de Informa\u00e7\u00e3o ou Tecnologia em Processamento de Dados ou outro curso com<br \/>gradua\u00e7\u00e3o plena em Inform\u00e1tica<\/td><td class=\"has-text-align-center\" data-align=\"center\">R$ 6.239,72<\/td><\/tr><tr><td class=\"has-text-align-center\" data-align=\"center\">T\u00e9cnico Ministerial \u2013<br \/>Especialidade: Auxiliar<br \/>Administrativo<\/td><td>4<\/td><td class=\"has-text-align-center\" data-align=\"center\">1<\/td><td>1<\/td><td class=\"has-text-align-center\" data-align=\"center\">N\u00edvel M\u00e9dio<\/td><td class=\"has-text-align-center\" data-align=\"center\">R$ 4.584,25 <\/td><\/tr><tr><td class=\"has-text-align-center\" data-align=\"center\"><strong>TOTAL<\/strong><\/td><td><strong>8<\/strong><\/td><td class=\"has-text-align-center\" data-align=\"center\"><strong>1 + CR<\/strong><\/td><td><strong>1+ CR<\/strong><\/td><td class=\"has-text-align-center\" data-align=\"center\"><\/td><td class=\"has-text-align-center\" data-align=\"center\"><\/td><\/tr><\/tbody><\/table><\/figure>\n\n\n\n<h4 class=\"wp-block-heading\" id=\"beneficios\">Benef\u00edcios: <\/h4>\n\n\n\n<ul class=\"wp-block-list\">\n<li><strong>Aux\u00edlio-Alimenta\u00e7\u00e3o<\/strong>, no valor de&nbsp;<strong>R$ 1.372,75<\/strong>.<\/li>\n<\/ul>\n\n\n\n<h2 class=\"wp-block-heading\" id=\"prova\">Edital MP AP: etapas de provas  <\/h2>\n\n\n\n<p>O certame conta com as seguintes etapas:<\/p>\n\n\n\n<ul class=\"wp-block-list\">\n<li><strong>Prova Objetiva<\/strong> (todos os cargos): car\u00e1ter eliminat\u00f3rio e classificat\u00f3rio;<\/li>\n\n\n\n<li><strong>Prova Discursiva<\/strong> (todos os cargos): car\u00e1ter eliminat\u00f3rio e classificat\u00f3rio;<\/li>\n\n\n\n<li><strong>Exame de aptid\u00e3o psicol\u00f3gica <\/strong>(todos os cargos): car\u00e1ter eliminat\u00f3rio;<\/li>\n\n\n\n<li><strong>Avalia\u00e7\u00e3o de t\u00edtulos<\/strong> (apenas n\u00edvel superior): car\u00e1ter classificat\u00f3rio.<\/li>\n<\/ul>\n\n\n\n<h3 class=\"wp-block-heading\" id=\"provas-objetivas\">Provas objetivas <\/h3>\n\n\n\n<p>As provas objetivas foram aplicadas em conjunto para todos os cargos e todas as especialidades e tiveram a dura\u00e7\u00e3o de <strong>4 horas e 30 minutos<\/strong>, sendo as provas para n\u00edvel superior aplicadas no turno da <strong>manh\u00e3<\/strong>, e as para n\u00edvel m\u00e9dio, no turno da<strong> tarde<\/strong>.<\/p>\n\n\n\n<p>As provas objetivas, de car\u00e1ter eliminat\u00f3rio e classificat\u00f3rio, valeram 60,00 pontos. As quest\u00f5es foram do tipo m\u00faltipla escolha, com cinco op\u00e7\u00f5es (A, B, C, D e E), sendo uma \u00fanica resposta correta, de acordo com o comando da quest\u00e3o. <\/p>\n\n\n\n<p>A nota em cada quest\u00e3o das provas objetivas, feita com base nas marca\u00e7\u00f5es da folha de respostas, ser\u00e1 igual a: <strong>1,00 ponto,<\/strong> caso a resposta do candidato esteja em concord\u00e2ncia com o gabarito oficial definitivo das provas; <strong>0,25 ponto negativo<\/strong>, caso a resposta do candidato esteja em discord\u00e2ncia com o gabarito oficial definitivo das provas; <strong>0,00 ponto<\/strong>, n\u00e3o haja marca\u00e7\u00e3o ou haja marca\u00e7\u00e3o dupla. A nota em cada prova objetiva ser\u00e1 igual \u00e0 soma das notas obtidas em todas as quest\u00f5es que a comp\u00f5em.<br \/><\/p>\n\n\n\n<figure class=\"wp-block-table is-style-stripes\"><table class=\"has-background has-fixed-layout\" style=\"background-color:#e7f5fe\"><tbody><tr><td class=\"has-text-align-center\" data-align=\"center\"><strong>DISCIPLINAS<\/strong><\/td><td class=\"has-text-align-center\" data-align=\"center\"><strong>N\u00ba ITENS <\/strong><\/td><\/tr><tr><td class=\"has-text-align-center\" data-align=\"center\"><strong>Conhecimentos Gerais <\/strong><br \/>&#8211; L\u00edngua Portuguesa<br \/>&#8211; \u00c9tica na Administra\u00e7\u00e3o P\u00fablica e Legisla\u00e7\u00e3o<br \/>&#8211; Legisla\u00e7\u00e3o Estadual e Institucional <br \/>&#8211; No\u00e7\u00f5es de Direito Constitucional <br \/>&#8211; No\u00e7\u00f5es de Direito Administrativo<\/td><td class=\"has-text-align-center\" data-align=\"center\">30<\/td><\/tr><tr><td class=\"has-text-align-center\" data-align=\"center\"><strong>Conhecimentos Espec\u00edficos<\/strong><br \/>&#8211; Vari\u00e1veis a depender do cargo\/escolaridade<\/td><td class=\"has-text-align-center\" data-align=\"center\">30<\/td><\/tr><\/tbody><\/table><\/figure>\n\n\n\n<h4 class=\"wp-block-heading\" id=\"h-criterios-para-aprovacao\">Crit\u00e9rios para aprova\u00e7\u00e3o<\/h4>\n\n\n\n<p>Ser\u00e1 reprovado nas provas objetivas e eliminado do concurso p\u00fablico o candidato que se enquadrar<br \/>em <strong>pelo menos um dos itens a seguir<\/strong>:<br \/><br \/>a) obtiver <strong>nota inferior a 6,00 pontos na prova objetiva de conhecimentos gerais<\/strong>;<br \/>b) obtiver <strong>nota inferior a 9,00 pontos na prova objetiva de Conhecimentos espec\u00edficos<\/strong>.<\/p>\n\n\n\n<p>Respeitados os empates na \u00faltima coloca\u00e7\u00e3o, ser\u00e3o corrigidas as provas discursivas dos candidatos<br \/>aprovados nas provas objetivas e classificados at\u00e9 as posi\u00e7\u00f5es especificadas no quadro a seguir.<\/p>\n\n\n\n<figure class=\"wp-block-table is-style-stripes\"><table class=\"has-background has-fixed-layout\" style=\"background-color:#e7f5fe\"><tbody><tr><td class=\"has-text-align-center\" data-align=\"center\"><strong>Cargo\/Especialidade<\/strong><\/td><td class=\"has-text-align-center\" data-align=\"center\"><strong>Candidatos \u00e0<br \/>ampla concorr\u00eancia<\/strong><\/td><td class=\"has-text-align-center\" data-align=\"center\"><strong>Candidatos que<br \/>se declararam<br \/>com defici\u00eancia<\/strong><\/td><td class=\"has-text-align-center\" data-align=\"center\"><strong>Candidatos que<br \/>se autodeclararam<br \/>negros<\/strong><\/td><\/tr><tr><td class=\"has-text-align-center\" data-align=\"center\">Analista Ministerial \u2013 Especialidade:<br \/>Psicologia<\/td><td class=\"has-text-align-center\" data-align=\"center\">24\u00aa<\/td><td class=\"has-text-align-center\" data-align=\"center\">4\u00aa<\/td><td class=\"has-text-align-center\" data-align=\"center\">7\u00aa<\/td><\/tr><tr><td class=\"has-text-align-center\" data-align=\"center\">Analista Ministerial \u2013 Especialidade:<br \/>Servi\u00e7o Social<\/td><td class=\"has-text-align-center\" data-align=\"center\">52\u00aa<\/td><td class=\"has-text-align-center\" data-align=\"center\">8\u00aa<\/td><td class=\"has-text-align-center\" data-align=\"center\">15\u00aa<\/td><\/tr><tr><td class=\"has-text-align-center\" data-align=\"center\">Analista Ministerial \u2013 Especialidade:<br \/>Tecnologia da Informa\u00e7\u00e3o<\/td><td class=\"has-text-align-center\" data-align=\"center\">24\u00aa<\/td><td class=\"has-text-align-center\" data-align=\"center\">4\u00aa<\/td><td class=\"has-text-align-center\" data-align=\"center\">7\u00aa<\/td><\/tr><tr><td class=\"has-text-align-center\" data-align=\"center\">T\u00e9cnico Ministerial \u2013 Especialidade:<br \/>Auxiliar Administrativo<\/td><td class=\"has-text-align-center\" data-align=\"center\">58\u00aa<\/td><td class=\"has-text-align-center\" data-align=\"center\">9\u00aa<\/td><td class=\"has-text-align-center\" data-align=\"center\">17\u00aa<\/td><\/tr><\/tbody><\/table><\/figure>\n\n\n\n<h3 class=\"wp-block-heading\" id=\"provas-escritas\">Prova Discursiva<\/h3>\n\n\n\n<p>A prova discursiva valeu <strong>10,00 pontos<\/strong> e consistiu da reda\u00e7\u00e3o de texto dissertativo, <strong>de, no m\u00e1ximo, 30 linhas<\/strong>, a respeito dos conhecimentos espec\u00edficos para os cargos de Analista Ministerial \u2013 todas as especialidades e de tema da atualidade para o cargo de T\u00e9cnico Ministerial \u2013 Especialidade: Auxiliar Administrativo.<br \/><br \/>O texto definitivo da prova discursiva deveria ser manuscrito, em letra leg\u00edvel, com caneta esferogr\u00e1fica de tinta preta fabricada em material transparente, n\u00e3o sendo permitida a interfer\u00eancia ou a participa\u00e7\u00e3o de outras pessoas, salvo em caso de candidato a quem tenha sido deferido atendimento especial para a realiza\u00e7\u00e3o das provas.<\/p>\n\n\n\n<h4 class=\"wp-block-heading\" id=\"h-criterios-para-aprovacao-1\">Crit\u00e9rios para aprova\u00e7\u00e3o<\/h4>\n\n\n\n<p>Duas notas de conte\u00fado da prova discursiva ser\u00e3o consideradas convergentes se diferirem entre si em at\u00e9 25% da nota m\u00e1xima de conte\u00fado poss\u00edvel na prova discursiva.<\/p>\n\n\n\n<p>A prova discursiva foi corrigida conforme os crit\u00e9rios a seguir.<br \/>a) a apresenta\u00e7\u00e3o e a estrutura textuais e o desenvolvimento do tema totalizar\u00e3o a nota relativa ao dom\u00ednio<br \/>do conte\u00fado (NC), cuja pontua\u00e7\u00e3o m\u00e1xima ser\u00e1 limitada ao valor de 10,00 pontos;<br \/>b) a avalia\u00e7\u00e3o do dom\u00ednio da modalidade escrita totalizar\u00e1 o n\u00famero de erros (NE) do candidato,<br \/>considerando-se aspectos tais como: grafia, morfossintaxe, pontua\u00e7\u00e3o e propriedade vocabular;<br \/>c) ser\u00e1 computado o n\u00famero total de linhas (TL) efetivamente escritas pelo candidato;<br \/>d) ser\u00e1 desconsiderado, para efeito de avalia\u00e7\u00e3o, qualquer fragmento de texto que for escrito fora do local<br \/>apropriado ou que ultrapassar a extens\u00e3o m\u00e1xima de linhas estabelecida no edital;<br \/>e) ser\u00e1 calculada, ent\u00e3o, para cada candidato, a nota na prova discursiva (NPD), como sendo<strong> NPD = NC &#8211; 2 \u00d7 NE \u00f7 TL;<\/strong> f) se NPD &lt; 0,00 ponto, ent\u00e3o far-se-\u00e1 NPD = 0,00 ponto. <\/p>\n\n\n\n<p>Nos casos de fuga ao tema, ou de n\u00e3o haver texto, o candidato receber\u00e1 nota na prova discursiva igual a zero. <\/p>\n\n\n\n<p>Ser\u00e1 aprovado na prova discursiva o candidato que obtiver <strong>NPD \u2265 5,00 pontos.<\/strong><\/p>\n\n\n\n<h3 class=\"wp-block-heading\" id=\"exame-de-aptidao-psicologica\">Exame de Aptid\u00e3o Psicol\u00f3gica <\/h3>\n\n\n\n<p>Ser\u00e3o convocados para o exame de aptid\u00e3o psicol\u00f3gica os candidatos aprovados na prova discursiva. <\/p>\n\n\n\n<p>O exame de aptid\u00e3o psicol\u00f3gica, de car\u00e1ter eliminat\u00f3rio, consistir\u00e1 na aplica\u00e7\u00e3o e na avalia\u00e7\u00e3o de instrumentos e t\u00e9cnicas psicol\u00f3gicas, que permitam identificar a compatibilidade de requisitos psicol\u00f3gicos do candidato com as atribui\u00e7\u00f5es do cargo\/especialidade.<\/p>\n\n\n\n<p>Ser\u00e1 considerado inapto o candidato que n\u00e3o apresentar as caracter\u00edsticas compat\u00edveis com os<br \/>requisitos psicol\u00f3gicos necess\u00e1rios para o exerc\u00edcio do cargo.<\/p>\n\n\n\n<p>O candidato considerado inapto no exame de aptid\u00e3o psicol\u00f3gica ou que n\u00e3o comparecer \u00e0 avalia\u00e7\u00e3o, no local, na data e no(s) hor\u00e1rio(s) previstos para a sua realiza\u00e7\u00e3o, no edital espec\u00edfico de convoca\u00e7\u00e3o, ser\u00e1 eliminado do concurso.<\/p>\n\n\n\n<h3 class=\"wp-block-heading\" id=\"prova-de-titulos\">Prova de T\u00edtulos <\/h3>\n\n\n\n<p>Ser\u00e3o convocados para a avalia\u00e7\u00e3o de t\u00edtulos os candidatos ao cargo de Analista Ministerial \u2013 todas as<br \/>especialidades n\u00e3o eliminados no exame de aptid\u00e3o psicol\u00f3gica.<\/p>\n\n\n\n<p>A nota final na avalia\u00e7\u00e3o de t\u00edtulos (NFAT) ser\u00e1 a soma dos valores dos t\u00edtulos apresentados, limitada a<br \/><strong>10,00 pontos<\/strong>, ainda que a soma dos valores dos t\u00edtulos apresentados seja superior a esse valor.<br \/><br \/>Somente ser\u00e3o aceitos os t\u00edtulos abaixo relacionados, expedidos at\u00e9 a data da de envio, observados os<br \/>limites de pontos do quadro a seguir: <\/p>\n\n\n\n<p><\/p>\n\n\n\n<figure class=\"wp-block-table is-style-stripes\"><table class=\"has-background has-fixed-layout\" style=\"background-color:#e7f5fe\"><tbody><tr><td class=\"has-text-align-center\" data-align=\"center\">T\u00cdTULO<\/td><td class=\"has-text-align-center\" data-align=\"center\">VALOR DE CADA T\u00cdTULO<\/td><td class=\"has-text-align-center\" data-align=\"center\">VALOR M\u00c1XIMO DOS T\u00cdTULOS<\/td><\/tr><tr><td class=\"has-text-align-center\" data-align=\"center\">Diploma de curso de p\u00f3s-gradua\u00e7\u00e3o em n\u00edvel de doutorado (t\u00edtulo de doutor) na especialidade a que<br \/>concorre. Tamb\u00e9m ser\u00e1 aceito certificado\/declara\u00e7\u00e3o de conclus\u00e3o de curso de Doutorado, desde que<br \/>acompanhado de hist\u00f3rico escolar.<\/td><td class=\"has-text-align-center\" data-align=\"center\">4,00<\/td><td class=\"has-text-align-center\" data-align=\"center\">4,00<\/td><\/tr><tr><td class=\"has-text-align-center\" data-align=\"center\">Diploma de curso de p\u00f3s-gradua\u00e7\u00e3o em n\u00edvel de mestrado (t\u00edtulo de mestre) na especialidade a que concorre. Tamb\u00e9m ser\u00e1 aceito certificado\/declara\u00e7\u00e3o de conclus\u00e3o<br \/>de curso de Mestrado, desde que acompanhado de hist\u00f3rico escolar.<\/td><td class=\"has-text-align-center\" data-align=\"center\">2,00<\/td><td class=\"has-text-align-center\" data-align=\"center\">2,00<\/td><\/tr><tr><td class=\"has-text-align-center\" data-align=\"center\">Certificado de curso de p\u00f3s-gradua\u00e7\u00e3o em n\u00edvel de especializa\u00e7\u00e3o, com carga hor\u00e1ria m\u00ednima de 360 h\/a na especialidade a que concorre. Tamb\u00e9m ser\u00e1 aceita a declara\u00e7\u00e3o de conclus\u00e3o de p\u00f3s-gradua\u00e7\u00e3o em n\u00edvel de especializa\u00e7\u00e3o, desde que acompanhada de hist\u00f3rico escolar.<\/td><td class=\"has-text-align-center\" data-align=\"center\">0,60<\/td><td class=\"has-text-align-center\" data-align=\"center\">1,20<\/td><\/tr><tr><td class=\"has-text-align-center\" data-align=\"center\">Aprova\u00e7\u00e3o em concurso p\u00fablico na Administra\u00e7\u00e3o P\u00fablica<br \/>para empregos\/cargos na especialidade a que concorre<\/td><td class=\"has-text-align-center\" data-align=\"center\">0,20<\/td><td class=\"has-text-align-center\" data-align=\"center\">0,40<\/td><\/tr><tr><td class=\"has-text-align-center\" data-align=\"center\">Exerc\u00edcio de atividade aut\u00f4noma e(ou) profissional de<br \/>n\u00edvel superior na Administra\u00e7\u00e3o P\u00fablica ou na iniciativa<br \/>privada, em empregos\/ cargos\/ Ffun\u00e7\u00f5es na especialidade a que concorre<\/td><td class=\"has-text-align-center\" data-align=\"center\">0,30 p\/ano<br \/>completo, sem sobreposi\u00e7\u00e3o<br \/>de tempo<\/td><td class=\"has-text-align-center\" data-align=\"center\">2,40<\/td><\/tr><\/tbody><\/table><\/figure>\n\n\n\n<h3 class=\"wp-block-heading\" id=\"h-classificacao-final-no-concurso\">Classifica\u00e7\u00e3o final no concurso <\/h3>\n\n\n\n<p>Para o cargo de Analista Ministerial \u2013 todas as especialidades, a nota final no concurso ser\u00e1 o somat\u00f3rio<br \/>da nota final nas provas objetivas (NFPO), da nota na prova discursiva (NPD) e da nota final na avalia\u00e7\u00e3o de<br \/>t\u00edtulos (NFAT).<br \/><br \/>Para o cargo T\u00e9cnico Ministerial \u2013 Especialidade: Auxiliar Administrativo, a nota final no concurso ser\u00e1 o<br \/>somat\u00f3rio da nota final nas provas objetivas (NFPO) e da nota na prova discursiva (NPD).<\/p>\n\n\n\n<h2 class=\"wp-block-heading\" id=\"edital\">Edital Estrat\u00e9gico MP AP:  baixe gratuitamente<\/h2>\n\n\n\n<p>Dando um espa\u00e7o para o Edital Estrat\u00e9gico entrar em sua rotina de estudos, ser\u00e1 poss\u00edvel acompanhar seu desempenho atrav\u00e9s de gr\u00e1ficos, garantindo uma vis\u00e3o completa das mat\u00e9rias que necessitam de mais revis\u00f5es no <a href=\"https:\/\/www.estrategiaconcursos.com.br\/blog\/concurso-mp-ap\/\" target=\"_blank\" rel=\"noreferrer noopener\">concurso MP AP<\/a>.<\/p>\n\n\n\n<p>O registro de cada tarefa ser\u00e1 feito para cada assunto exigido no conte\u00fado program\u00e1tico do edital. A partir das informa\u00e7\u00f5es preenchidas pelo aluno, uma \u201caba\u201d do Edital Estrat\u00e9gico ir\u00e1 demonstrar a progress\u00e3o em cada tarefa e assunto.<\/p>\n\n\n\n<p>A edi\u00e7\u00e3o poder\u00e1 ser realizada apenas na 3\u00aa aba, relativa ao preenchimento do progresso nas disciplinas. Caso voc\u00ea queira fazer outras modifica\u00e7\u00f5es no arquivo, \u00e9 s\u00f3 usar a&nbsp;senha \u201cadmin\u201d&nbsp;na op\u00e7\u00e3o&nbsp;<em><strong>desproteger<\/strong><\/em>&nbsp;planilha do Excel.<\/p>\n\n\n\n<p class=\"has-text-align-center has-pale-pink-background-color has-background\"><a href=\"https:\/\/www.estrategiaconcursos.com.br\/blog\/edital-estrategico-mp-ap\/\" target=\"_blank\" rel=\"noreferrer noopener\"><strong>Edital Estrat\u00e9gico MP AP<\/strong><\/a><\/p>\n\n\n\n<p><strong>IMPORTANTE:&nbsp;<\/strong>Ao clicar nos links acima, vai ser aberta uma janela do Google Drive que tentar\u00e1 carregar a visualiza\u00e7\u00e3o da planilha no seu navegador. N\u00e3o h\u00e1 necessidade de esperar essa visualiza\u00e7\u00e3o (talvez at\u00e9 nem carregue, j\u00e1 que os arquivos s\u00e3o pesados).<\/p>\n\n\n\n<p>Fa\u00e7a o download clicando na seta para baixo no canto superior direito da janela do Google Drive que vai ser aberta ao clicar nos links acima.<\/p>\n\n\n\n<p>Todos os arquivos foram testados em diferentes computadores e celulares e est\u00e3o ok. Talvez alguma incompatibilidade (ou mensagem de erro, como \u201carquivo inv\u00e1lido\u201d) ocorra em virtude do seu pr\u00f3prio computador ou do tamanho dos arquivos que possuem mais conte\u00fado.<\/p>\n\n\n\n<h2 class=\"has-text-align-center wp-block-heading\" id=\"curso\">Cursos voltados para o concurso MP AP <\/h2>\n\n\n\n<div class=\"container\" id=\"boxes\">\n  <div class=\"row\">\n\n    <div class=\"col-sm\">\n      <div class=\"banner-tribunal\" id=\"box-assinatura\">\n        <h3 class=\"titulo-assinatura\">Cursos para MP-AP<\/h3>\n        <p class=\"subtitulo-assinatura\">Conhe\u00e7a os cursos<\/p>\n        <div class=\"box-botao\">\n          <a class=\"btn-assinatura\" target=\"_blank\" href=\"https:\/\/www.estrategiaconcursos.com.br\/cursosPorConcurso\/ministerio-publico-do-amapa-mp-ap\/\" role=\"button\" rel=\"noopener noreferrer\">Conhe\u00e7a mais<\/a>\n        <\/div>\n      <\/div>\n      <p class=\"texto-auxiliar\">Prepare-se com o melhor material e com quem mais aprova em Concursos P\u00fablicos em todo o pa\u00eds.<\/p>\n    <\/div>\n\n  <\/div>\n<\/div>\n\n\n\n<div class=\"container\" id=\"boxes\">\n  <div class=\"row\">\n    <div class=\"col-sm\">\n      <div class=\"estrategia\" id=\"box-assinatura\">\n        <h3 class=\"titulo-assinatura\">Assinatura Concursos<\/h3>\n        <p class=\"subtitulo-assinatura\">Assinatura de 1 ano ou 2 anos*<\/p>\n        <div class=\"box-botao\">\n          <a class=\"btn-assinatura\" target=\"_blank\" href=\"https:\/\/www.estrategiaconcursos.com.br\/assinaturas\/\" role=\"button\" rel=\"noopener noreferrer\">ASSINE AGORA<\/a>\n        <\/div>\n      <\/div>\n      <p class=\"texto-auxiliar\"><\/p>\n    <\/div>\n    <div class=\"col-sm\">\n      <div class=\"questoes\" id=\"box-assinatura\">\n        <h3 class=\"titulo-assinatura\">Sistema de Quest\u00f5es<\/h3>\n        <p class=\"subtitulo-assinatura\">Assinatura de 1 ano ou 2 anos\n<\/p>\n        <div class=\"box-botao\">\n          <a class=\"btn-assinatura\" target=\"_blank\" href=\"https:\/\/www.estrategiaconcursos.com.br\/cursosPorConcurso\/sistema-de-questoes\/\" role=\"button\" rel=\"noopener noreferrer\">ASSINE AGORA<\/a>\n        <\/div>\n      <\/div>\n      <p class=\"texto-auxiliar\"><\/p>\n    <\/div>\n  <\/div>\n<\/div>\n\n\n\n<div class=\"container\" id=\"boxes\">\n  <div class=\"row\">\n\n    <div class=\"col-sm\" id=\"boxes-concursos\">\n      <div style=\"background-color: #005DAD;\" class=\"conteudo-concursos\" id=\"box-concursos\">\n        <h3 class=\"titulo-assinatura\">Concursos Abertos<\/h3>\n        <p class=\"subtitulo-assinatura\">Confira os editais publicados<\/p>\n        <div class=\"box-botao\">\n          <a class=\"btn-assinatura\" target=\"_blank\" href=\"https:\/\/www.estrategiaconcursos.com.br\/blog\/concursos-abertos\/\" role=\"button\" rel=\"noopener noreferrer\">Conhe\u00e7a Agora<\/a>\n        <\/div>\n      <\/div>\n    <\/div>\n\n    <div class=\"col-sm\" id=\"boxes-concursos\">\n      <div style=\"background-color: #419FF0;\" class=\"conteudo-concursos\" id=\"box-concursos\">\n        <h3 class=\"titulo-assinatura\">Concursos 2022<\/h3>\n        <p class=\"subtitulo-assinatura\">Confira as oportunidades previstas<\/p>\n        <div class=\"box-botao\">\n          <a class=\"btn-assinatura\" target=\"_blank\" href=\"https:\/\/www.estrategiaconcursos.com.br\/blog\/concursos-2022\/\" role=\"button\" rel=\"noopener noreferrer\">Conhe\u00e7a Agora<\/a>\n        <\/div>\n      <\/div>\n    <\/div>\n\n  <\/div>\n<\/div>\n\n\n\n<figure class=\"wp-block-image size-large is-resized\"><img loading=\"lazy\" decoding=\"async\" src=\"https:\/\/dhg1h5j42swfq.cloudfront.net\/2021\/04\/06114644\/ficha-tecnica-63-1024x632.png\" alt=\"Informa\u00e7\u00f5es sobre o pr\u00f3ximo edital MP AP\" class=\"wp-image-708378\" width=\"192\" height=\"118\" srcset=\"https:\/\/dhg1h5j42swfq.cloudfront.net\/2021\/04\/06114644\/ficha-tecnica-63-1024x632.png 1024w, https:\/\/dhg1h5j42swfq.cloudfront.net\/2021\/04\/06114644\/ficha-tecnica-63-300x185.png 300w, https:\/\/dhg1h5j42swfq.cloudfront.net\/2021\/04\/06114644\/ficha-tecnica-63-768x474.png 768w, https:\/\/dhg1h5j42swfq.cloudfront.net\/2021\/04\/06114644\/ficha-tecnica-63-1536x948.png 1536w, https:\/\/dhg1h5j42swfq.cloudfront.net\/2021\/04\/06114644\/ficha-tecnica-63-610x377.png 610w, https:\/\/dhg1h5j42swfq.cloudfront.net\/2021\/04\/06114644\/ficha-tecnica-63.png 1571w\" sizes=\"auto, (max-width: 192px) 100vw, 192px\" \/><\/figure>\n\n\n\n<h4 class=\"wp-block-heading\" id=\"ficha\"><strong>Informa\u00e7\u00f5es sobre o edital MP AP<\/strong><\/h4>\n\n\n\n<p>\u25ba<strong>Data prevista<\/strong>: <s>1\u00ba de agosto 2021<\/s><br \/>\u25ba<strong>Vagas<\/strong>: 10 + CR<br \/>\u25ba<strong>Cargos<\/strong>: Analista e T\u00e9cnico Ministerial<br \/>\u25ba<strong>Escolaridade<\/strong>: n\u00edvel m\u00e9dio e superior<br \/>\u25ba<strong>Banca<\/strong>: Cebraspe<br \/>\u25ba<strong>Edital: <\/strong><a href=\"https:\/\/dhg1h5j42swfq.cloudfront.net\/2021\/04\/06194734\/ed_1_mpap_servidor_2021_abertura.pdf\" target=\"_blank\" rel=\"noreferrer noopener\">Edital MP AP 2021<\/a><\/p>\n","protected":false},"excerpt":{"rendered":"<p>Sele\u00e7\u00e3o registrou 7.292 inscritos! O Minist\u00e9rio P\u00fablico do Estado do Amap\u00e1 e o Cebraspe, organizadora do concurso MP AP, liberaram aos candidatos a consulta individual aos gabaritos preliminares e aos cadernos de provas. Clique aqui para ter acesso. As provas objetivas e discursiva para todos os cargos foram aplicadas no dia 1\u00ba de agosto de [&hellip;]<\/p>\n","protected":false},"author":1,"featured_media":710741,"comment_status":"open","ping_status":"closed","sticky":false,"template":"","format":"standard","meta":{"post_tipo":"news","footnotes":""},"categories":[1984],"tags":[],"tax_estado":[219967],"class_list":["post-708808","post","type-post","status-publish","format-standard","has-post-thumbnail","hentry","category-tribunais","tax_estado-ap"],"acf":[],"yoast_head":"<!-- This site is optimized with the Yoast SEO Premium plugin v27.2 (Yoast SEO v27.2) - https:\/\/yoast.com\/product\/yoast-seo-premium-wordpress\/ -->\n<title>Edital MP AP: banca libera consulta aos gabaritos preliminares!<\/title>\n<meta name=\"description\" content=\"Edital MP AP: liberada a consulta aos gabaritos preliminares e aos cadernos de provas. S\u00e3o ofertadas 10 vagas para Analista e T\u00e9cnico Ministerial.\" \/>\n<meta name=\"robots\" content=\"index, follow, max-snippet:-1, max-image-preview:large, max-video-preview:-1\" \/>\n<link rel=\"canonical\" href=\"https:\/\/www.estrategiaconcursos.com.br\/blog\/edital-mp-ap\/\" \/>\n<meta property=\"og:locale\" content=\"pt_BR\" \/>\n<meta property=\"og:type\" content=\"article\" \/>\n<meta property=\"og:title\" content=\"Edital MP AP: banca libera consulta aos gabaritos preliminares!\" \/>\n<meta property=\"og:description\" content=\"Edital MP AP: liberada a consulta aos gabaritos preliminares e aos cadernos de provas. S\u00e3o ofertadas 10 vagas para Analista e T\u00e9cnico Ministerial.\" \/>\n<meta property=\"og:url\" content=\"https:\/\/www.estrategiaconcursos.com.br\/blog\/edital-mp-ap\/\" \/>\n<meta property=\"og:site_name\" content=\"Estrat\u00e9gia Concursos\" \/>\n<meta property=\"article:author\" content=\"https:\/\/www.facebook.com\/EstrategiaConcursos\" \/>\n<meta property=\"article:published_time\" content=\"2021-08-04T03:00:00+00:00\" \/>\n<meta property=\"article:modified_time\" content=\"2023-03-01T12:29:27+00:00\" \/>\n<meta property=\"og:image\" content=\"https:\/\/dhg1h5j42swfq.cloudfront.net\/2021\/04\/09093430\/mp-ap-servidor-1.jpg\" \/>\n\t<meta property=\"og:image:width\" content=\"1200\" \/>\n\t<meta property=\"og:image:height\" content=\"628\" \/>\n\t<meta property=\"og:image:type\" content=\"image\/jpeg\" \/>\n<meta name=\"author\" content=\"Coordena\u00e7\u00e3o\" \/>\n<meta name=\"twitter:card\" content=\"summary_large_image\" \/>\n<meta name=\"twitter:creator\" content=\"@EstratConcursos\" \/>\n<meta name=\"twitter:site\" content=\"@EstratConcursos\" \/>\n<meta name=\"twitter:label1\" content=\"Escrito por\" \/>\n\t<meta name=\"twitter:data1\" content=\"Coordena\u00e7\u00e3o\" \/>\n\t<meta name=\"twitter:label2\" content=\"Est. tempo de leitura\" \/>\n\t<meta name=\"twitter:data2\" content=\"11 minutos\" \/>\n<script type=\"application\/ld+json\" class=\"yoast-schema-graph\">{\"@context\":\"https:\/\/schema.org\",\"@graph\":[{\"@type\":\"NewsArticle\",\"@id\":\"https:\/\/www.estrategiaconcursos.com.br\/blog\/edital-mp-ap\/#article\",\"isPartOf\":{\"@id\":\"https:\/\/www.estrategiaconcursos.com.br\/blog\/edital-mp-ap\/\"},\"author\":{\"name\":\"Coordena\u00e7\u00e3o\",\"@id\":\"https:\/\/www.estrategiaconcursos.com.br\/blog\/#\/schema\/person\/b4a388c97673c5f483d72185668afa1f\"},\"headline\":\"Edital MP AP: banca libera consulta aos gabaritos preliminares!\",\"datePublished\":\"2021-08-04T03:00:00+00:00\",\"dateModified\":\"2023-03-01T12:29:27+00:00\",\"mainEntityOfPage\":{\"@id\":\"https:\/\/www.estrategiaconcursos.com.br\/blog\/edital-mp-ap\/\"},\"wordCount\":1974,\"commentCount\":0,\"publisher\":{\"@id\":\"https:\/\/www.estrategiaconcursos.com.br\/blog\/#organization\"},\"image\":{\"@id\":\"https:\/\/www.estrategiaconcursos.com.br\/blog\/edital-mp-ap\/#primaryimage\"},\"thumbnailUrl\":\"https:\/\/dhg1h5j42swfq.cloudfront.net\/2021\/04\/09093430\/mp-ap-servidor-1.jpg\",\"articleSection\":[\"Tribunais\"],\"inLanguage\":\"pt-BR\",\"potentialAction\":[{\"@type\":\"CommentAction\",\"name\":\"Comment\",\"target\":[\"https:\/\/www.estrategiaconcursos.com.br\/blog\/edital-mp-ap\/#respond\"]}],\"copyrightYear\":\"2021\",\"copyrightHolder\":{\"@id\":\"https:\/\/www.estrategiaconcursos.com.br\/blog\/#organization\"}},{\"@type\":\"WebPage\",\"@id\":\"https:\/\/www.estrategiaconcursos.com.br\/blog\/edital-mp-ap\/\",\"url\":\"https:\/\/www.estrategiaconcursos.com.br\/blog\/edital-mp-ap\/\",\"name\":\"Edital MP AP: banca libera consulta aos gabaritos preliminares!\",\"isPartOf\":{\"@id\":\"https:\/\/www.estrategiaconcursos.com.br\/blog\/#website\"},\"primaryImageOfPage\":{\"@id\":\"https:\/\/www.estrategiaconcursos.com.br\/blog\/edital-mp-ap\/#primaryimage\"},\"image\":{\"@id\":\"https:\/\/www.estrategiaconcursos.com.br\/blog\/edital-mp-ap\/#primaryimage\"},\"thumbnailUrl\":\"https:\/\/dhg1h5j42swfq.cloudfront.net\/2021\/04\/09093430\/mp-ap-servidor-1.jpg\",\"datePublished\":\"2021-08-04T03:00:00+00:00\",\"dateModified\":\"2023-03-01T12:29:27+00:00\",\"description\":\"Edital MP AP: liberada a consulta aos gabaritos preliminares e aos cadernos de provas. S\u00e3o ofertadas 10 vagas para Analista e T\u00e9cnico Ministerial.\",\"breadcrumb\":{\"@id\":\"https:\/\/www.estrategiaconcursos.com.br\/blog\/edital-mp-ap\/#breadcrumb\"},\"inLanguage\":\"pt-BR\",\"potentialAction\":[{\"@type\":\"ReadAction\",\"target\":[\"https:\/\/www.estrategiaconcursos.com.br\/blog\/edital-mp-ap\/\"]}]},{\"@type\":\"ImageObject\",\"inLanguage\":\"pt-BR\",\"@id\":\"https:\/\/www.estrategiaconcursos.com.br\/blog\/edital-mp-ap\/#primaryimage\",\"url\":\"https:\/\/dhg1h5j42swfq.cloudfront.net\/2021\/04\/09093430\/mp-ap-servidor-1.jpg\",\"contentUrl\":\"https:\/\/dhg1h5j42swfq.cloudfront.net\/2021\/04\/09093430\/mp-ap-servidor-1.jpg\",\"width\":1200,\"height\":628},{\"@type\":\"BreadcrumbList\",\"@id\":\"https:\/\/www.estrategiaconcursos.com.br\/blog\/edital-mp-ap\/#breadcrumb\",\"itemListElement\":[{\"@type\":\"ListItem\",\"position\":1,\"name\":\"In\u00edcio\",\"item\":\"https:\/\/www.estrategiaconcursos.com.br\/blog\/\"},{\"@type\":\"ListItem\",\"position\":2,\"name\":\"Edital MP AP: banca libera consulta aos gabaritos preliminares!\"}]},{\"@type\":\"WebSite\",\"@id\":\"https:\/\/www.estrategiaconcursos.com.br\/blog\/#website\",\"url\":\"https:\/\/www.estrategiaconcursos.com.br\/blog\/\",\"name\":\"Estrat\u00e9gia Concursos\",\"description\":\"O blog da Estrat\u00e9gia Concursos traz not\u00edcias sobre concursos e artigos de professores oferecendo cursos para concursos (pdf + videaulas) no site.\",\"publisher\":{\"@id\":\"https:\/\/www.estrategiaconcursos.com.br\/blog\/#organization\"},\"potentialAction\":[{\"@type\":\"SearchAction\",\"target\":{\"@type\":\"EntryPoint\",\"urlTemplate\":\"https:\/\/www.estrategiaconcursos.com.br\/blog\/?s={search_term_string}\"},\"query-input\":{\"@type\":\"PropertyValueSpecification\",\"valueRequired\":true,\"valueName\":\"search_term_string\"}}],\"inLanguage\":\"pt-BR\"},{\"@type\":\"Organization\",\"@id\":\"https:\/\/www.estrategiaconcursos.com.br\/blog\/#organization\",\"name\":\"Estrat\u00e9gia Concursos\",\"url\":\"https:\/\/www.estrategiaconcursos.com.br\/blog\/\",\"logo\":{\"@type\":\"ImageObject\",\"inLanguage\":\"pt-BR\",\"@id\":\"https:\/\/www.estrategiaconcursos.com.br\/blog\/#\/schema\/logo\/image\/\",\"url\":\"https:\/\/dhg1h5j42swfq.cloudfront.net\/2025\/06\/03203428\/logo_concursos-1.jpg\",\"contentUrl\":\"https:\/\/dhg1h5j42swfq.cloudfront.net\/2025\/06\/03203428\/logo_concursos-1.jpg\",\"width\":230,\"height\":60,\"caption\":\"Estrat\u00e9gia Concursos\"},\"image\":{\"@id\":\"https:\/\/www.estrategiaconcursos.com.br\/blog\/#\/schema\/logo\/image\/\"},\"sameAs\":[\"https:\/\/x.com\/EstratConcursos\"]},{\"@type\":\"Person\",\"@id\":\"https:\/\/www.estrategiaconcursos.com.br\/blog\/#\/schema\/person\/b4a388c97673c5f483d72185668afa1f\",\"name\":\"Coordena\u00e7\u00e3o\",\"image\":{\"@type\":\"ImageObject\",\"inLanguage\":\"pt-BR\",\"@id\":\"https:\/\/secure.gravatar.com\/avatar\/b720319e4c9a967eb58678d110f4fe35452fc5d5f97b202bac7b8acceb18c6ad?s=96&d=mm&r=g\",\"url\":\"https:\/\/secure.gravatar.com\/avatar\/b720319e4c9a967eb58678d110f4fe35452fc5d5f97b202bac7b8acceb18c6ad?s=96&d=mm&r=g\",\"contentUrl\":\"https:\/\/secure.gravatar.com\/avatar\/b720319e4c9a967eb58678d110f4fe35452fc5d5f97b202bac7b8acceb18c6ad?s=96&d=mm&r=g\",\"caption\":\"Coordena\u00e7\u00e3o\"},\"sameAs\":[\"https:\/\/www.facebook.com\/EstrategiaConcursos\",\"https:\/\/x.com\/EstratConcursos\"],\"url\":\"https:\/\/www.estrategiaconcursos.com.br\/blog\/author\/estrategia2013\/\"}]}<\/script>\n<!-- \/ Yoast SEO Premium plugin. -->","yoast_head_json":{"title":"Edital MP AP: banca libera consulta aos gabaritos preliminares!","description":"Edital MP AP: liberada a consulta aos gabaritos preliminares e aos cadernos de provas. S\u00e3o ofertadas 10 vagas para Analista e T\u00e9cnico Ministerial.","robots":{"index":"index","follow":"follow","max-snippet":"max-snippet:-1","max-image-preview":"max-image-preview:large","max-video-preview":"max-video-preview:-1"},"canonical":"https:\/\/www.estrategiaconcursos.com.br\/blog\/edital-mp-ap\/","og_locale":"pt_BR","og_type":"article","og_title":"Edital MP AP: banca libera consulta aos gabaritos preliminares!","og_description":"Edital MP AP: liberada a consulta aos gabaritos preliminares e aos cadernos de provas. S\u00e3o ofertadas 10 vagas para Analista e T\u00e9cnico Ministerial.","og_url":"https:\/\/www.estrategiaconcursos.com.br\/blog\/edital-mp-ap\/","og_site_name":"Estrat\u00e9gia Concursos","article_author":"https:\/\/www.facebook.com\/EstrategiaConcursos","article_published_time":"2021-08-04T03:00:00+00:00","article_modified_time":"2023-03-01T12:29:27+00:00","og_image":[{"width":1200,"height":628,"url":"https:\/\/dhg1h5j42swfq.cloudfront.net\/2021\/04\/09093430\/mp-ap-servidor-1.jpg","type":"image\/jpeg"}],"author":"Coordena\u00e7\u00e3o","twitter_card":"summary_large_image","twitter_creator":"@EstratConcursos","twitter_site":"@EstratConcursos","twitter_misc":{"Escrito por":"Coordena\u00e7\u00e3o","Est. tempo de leitura":"11 minutos"},"schema":{"@context":"https:\/\/schema.org","@graph":[{"@type":"NewsArticle","@id":"https:\/\/www.estrategiaconcursos.com.br\/blog\/edital-mp-ap\/#article","isPartOf":{"@id":"https:\/\/www.estrategiaconcursos.com.br\/blog\/edital-mp-ap\/"},"author":{"name":"Coordena\u00e7\u00e3o","@id":"https:\/\/www.estrategiaconcursos.com.br\/blog\/#\/schema\/person\/b4a388c97673c5f483d72185668afa1f"},"headline":"Edital MP AP: banca libera consulta aos gabaritos preliminares!","datePublished":"2021-08-04T03:00:00+00:00","dateModified":"2023-03-01T12:29:27+00:00","mainEntityOfPage":{"@id":"https:\/\/www.estrategiaconcursos.com.br\/blog\/edital-mp-ap\/"},"wordCount":1974,"commentCount":0,"publisher":{"@id":"https:\/\/www.estrategiaconcursos.com.br\/blog\/#organization"},"image":{"@id":"https:\/\/www.estrategiaconcursos.com.br\/blog\/edital-mp-ap\/#primaryimage"},"thumbnailUrl":"https:\/\/dhg1h5j42swfq.cloudfront.net\/2021\/04\/09093430\/mp-ap-servidor-1.jpg","articleSection":["Tribunais"],"inLanguage":"pt-BR","potentialAction":[{"@type":"CommentAction","name":"Comment","target":["https:\/\/www.estrategiaconcursos.com.br\/blog\/edital-mp-ap\/#respond"]}],"copyrightYear":"2021","copyrightHolder":{"@id":"https:\/\/www.estrategiaconcursos.com.br\/blog\/#organization"}},{"@type":"WebPage","@id":"https:\/\/www.estrategiaconcursos.com.br\/blog\/edital-mp-ap\/","url":"https:\/\/www.estrategiaconcursos.com.br\/blog\/edital-mp-ap\/","name":"Edital MP AP: banca libera consulta aos gabaritos preliminares!","isPartOf":{"@id":"https:\/\/www.estrategiaconcursos.com.br\/blog\/#website"},"primaryImageOfPage":{"@id":"https:\/\/www.estrategiaconcursos.com.br\/blog\/edital-mp-ap\/#primaryimage"},"image":{"@id":"https:\/\/www.estrategiaconcursos.com.br\/blog\/edital-mp-ap\/#primaryimage"},"thumbnailUrl":"https:\/\/dhg1h5j42swfq.cloudfront.net\/2021\/04\/09093430\/mp-ap-servidor-1.jpg","datePublished":"2021-08-04T03:00:00+00:00","dateModified":"2023-03-01T12:29:27+00:00","description":"Edital MP AP: liberada a consulta aos gabaritos preliminares e aos cadernos de provas. S\u00e3o ofertadas 10 vagas para Analista e T\u00e9cnico Ministerial.","breadcrumb":{"@id":"https:\/\/www.estrategiaconcursos.com.br\/blog\/edital-mp-ap\/#breadcrumb"},"inLanguage":"pt-BR","potentialAction":[{"@type":"ReadAction","target":["https:\/\/www.estrategiaconcursos.com.br\/blog\/edital-mp-ap\/"]}]},{"@type":"ImageObject","inLanguage":"pt-BR","@id":"https:\/\/www.estrategiaconcursos.com.br\/blog\/edital-mp-ap\/#primaryimage","url":"https:\/\/dhg1h5j42swfq.cloudfront.net\/2021\/04\/09093430\/mp-ap-servidor-1.jpg","contentUrl":"https:\/\/dhg1h5j42swfq.cloudfront.net\/2021\/04\/09093430\/mp-ap-servidor-1.jpg","width":1200,"height":628},{"@type":"BreadcrumbList","@id":"https:\/\/www.estrategiaconcursos.com.br\/blog\/edital-mp-ap\/#breadcrumb","itemListElement":[{"@type":"ListItem","position":1,"name":"In\u00edcio","item":"https:\/\/www.estrategiaconcursos.com.br\/blog\/"},{"@type":"ListItem","position":2,"name":"Edital MP AP: banca libera consulta aos gabaritos preliminares!"}]},{"@type":"WebSite","@id":"https:\/\/www.estrategiaconcursos.com.br\/blog\/#website","url":"https:\/\/www.estrategiaconcursos.com.br\/blog\/","name":"Estrat\u00e9gia Concursos","description":"O blog da Estrat\u00e9gia Concursos traz not\u00edcias sobre concursos e artigos de professores oferecendo cursos para concursos (pdf + videaulas) no site.","publisher":{"@id":"https:\/\/www.estrategiaconcursos.com.br\/blog\/#organization"},"potentialAction":[{"@type":"SearchAction","target":{"@type":"EntryPoint","urlTemplate":"https:\/\/www.estrategiaconcursos.com.br\/blog\/?s={search_term_string}"},"query-input":{"@type":"PropertyValueSpecification","valueRequired":true,"valueName":"search_term_string"}}],"inLanguage":"pt-BR"},{"@type":"Organization","@id":"https:\/\/www.estrategiaconcursos.com.br\/blog\/#organization","name":"Estrat\u00e9gia Concursos","url":"https:\/\/www.estrategiaconcursos.com.br\/blog\/","logo":{"@type":"ImageObject","inLanguage":"pt-BR","@id":"https:\/\/www.estrategiaconcursos.com.br\/blog\/#\/schema\/logo\/image\/","url":"https:\/\/dhg1h5j42swfq.cloudfront.net\/2025\/06\/03203428\/logo_concursos-1.jpg","contentUrl":"https:\/\/dhg1h5j42swfq.cloudfront.net\/2025\/06\/03203428\/logo_concursos-1.jpg","width":230,"height":60,"caption":"Estrat\u00e9gia Concursos"},"image":{"@id":"https:\/\/www.estrategiaconcursos.com.br\/blog\/#\/schema\/logo\/image\/"},"sameAs":["https:\/\/x.com\/EstratConcursos"]},{"@type":"Person","@id":"https:\/\/www.estrategiaconcursos.com.br\/blog\/#\/schema\/person\/b4a388c97673c5f483d72185668afa1f","name":"Coordena\u00e7\u00e3o","image":{"@type":"ImageObject","inLanguage":"pt-BR","@id":"https:\/\/secure.gravatar.com\/avatar\/b720319e4c9a967eb58678d110f4fe35452fc5d5f97b202bac7b8acceb18c6ad?s=96&d=mm&r=g","url":"https:\/\/secure.gravatar.com\/avatar\/b720319e4c9a967eb58678d110f4fe35452fc5d5f97b202bac7b8acceb18c6ad?s=96&d=mm&r=g","contentUrl":"https:\/\/secure.gravatar.com\/avatar\/b720319e4c9a967eb58678d110f4fe35452fc5d5f97b202bac7b8acceb18c6ad?s=96&d=mm&r=g","caption":"Coordena\u00e7\u00e3o"},"sameAs":["https:\/\/www.facebook.com\/EstrategiaConcursos","https:\/\/x.com\/EstratConcursos"],"url":"https:\/\/www.estrategiaconcursos.com.br\/blog\/author\/estrategia2013\/"}]}},"_links":{"self":[{"href":"https:\/\/www.estrategiaconcursos.com.br\/blog\/wp-json\/wp\/v2\/posts\/708808","targetHints":{"allow":["GET"]}}],"collection":[{"href":"https:\/\/www.estrategiaconcursos.com.br\/blog\/wp-json\/wp\/v2\/posts"}],"about":[{"href":"https:\/\/www.estrategiaconcursos.com.br\/blog\/wp-json\/wp\/v2\/types\/post"}],"author":[{"embeddable":true,"href":"https:\/\/www.estrategiaconcursos.com.br\/blog\/wp-json\/wp\/v2\/users\/1"}],"replies":[{"embeddable":true,"href":"https:\/\/www.estrategiaconcursos.com.br\/blog\/wp-json\/wp\/v2\/comments?post=708808"}],"version-history":[{"count":41,"href":"https:\/\/www.estrategiaconcursos.com.br\/blog\/wp-json\/wp\/v2\/posts\/708808\/revisions"}],"predecessor-version":[{"id":1179309,"href":"https:\/\/www.estrategiaconcursos.com.br\/blog\/wp-json\/wp\/v2\/posts\/708808\/revisions\/1179309"}],"wp:featuredmedia":[{"embeddable":true,"href":"https:\/\/www.estrategiaconcursos.com.br\/blog\/wp-json\/wp\/v2\/media\/710741"}],"wp:attachment":[{"href":"https:\/\/www.estrategiaconcursos.com.br\/blog\/wp-json\/wp\/v2\/media?parent=708808"}],"wp:term":[{"taxonomy":"category","embeddable":true,"href":"https:\/\/www.estrategiaconcursos.com.br\/blog\/wp-json\/wp\/v2\/categories?post=708808"},{"taxonomy":"post_tag","embeddable":true,"href":"https:\/\/www.estrategiaconcursos.com.br\/blog\/wp-json\/wp\/v2\/tags?post=708808"},{"taxonomy":"tax_estado","embeddable":true,"href":"https:\/\/www.estrategiaconcursos.com.br\/blog\/wp-json\/wp\/v2\/tax_estado?post=708808"}],"curies":[{"name":"wp","href":"https:\/\/api.w.org\/{rel}","templated":true}]}}