{"id":70808,"date":"2017-04-14T01:30:51","date_gmt":"2017-04-14T04:30:51","guid":{"rendered":"https:\/\/www.estrategiaconcursos.com.br\/blog\/?p=70808"},"modified":"2017-04-14T01:35:03","modified_gmt":"2017-04-14T04:35:03","slug":"tecnica-de-resolucao-de-questoes-discursivas","status":"publish","type":"post","link":"https:\/\/www.estrategiaconcursos.com.br\/blog\/tecnica-de-resolucao-de-questoes-discursivas\/","title":{"rendered":"T\u00e9cnica de Resolu\u00e7\u00e3o de Quest\u00f5es Discursivas"},"content":{"rendered":"<p style=\"text-align: justify\">\n\tOl&aacute;! Meus queridos alunos!\n<\/p>\n<p style=\"text-align: justify\">\n\t&Eacute; com muita satisfa&ccedil;&atilde;o que passo por aqui, hoje, para inform&aacute;-los de que estarei em breve ministrando cursos de Discursivas para os concursos de AFT, TRT e TST!\n<\/p>\n<p style=\"text-align: justify\">\n\tNa resolu&ccedil;&atilde;o de provas discursivas, que envolvem quest&otilde;es jur&iacute;dicas &eacute; muito importante que o candidato tenha um <u>racioc&iacute;nio l&oacute;gico dedutivo. <\/u>Digo isso porque encontrar a palavra chave &eacute; o mais importante para que o candidato desenvolva um texto objetivo, claro e bem fundamentado.\n<\/p>\n<p style=\"text-align: justify\">\n\tA estrutura padr&atilde;o do racioc&iacute;nio dedutivo-jur&iacute;dico teria a seguinte configura&ccedil;&atilde;o:\n<\/p>\n<ul style=\"list-style-type:circle\">\n<li style=\"text-align: justify\">\n\t\t<strong>Premissa Maior:<\/strong> Na premissa maior, o enunciado deve ser contido na norma jur&iacute;dica (a Lei)\n\t<\/li>\n<li style=\"text-align: justify\">\n\t\t<strong>Premissa Menor:<\/strong> Na premissa menor o enunciado deve ser o caso concreto (a realidade de um fato pertinente &agrave; norma jur&iacute;dica)\n\t<\/li>\n<li style=\"text-align: justify\">\n\t\t<strong>Conclus&atilde;o<\/strong><strong>:<\/strong> &eacute; a aplica&ccedil;&atilde;o da norma jur&iacute;dica ao fato.\n\t<\/li>\n<\/ul>\n<table border=\"1\" cellpadding=\"0\" cellspacing=\"0\">\n<tbody>\n<tr>\n<td style=\"width:299px\">\n<p style=\"text-align: justify\">\n\t\t\t\t\t<strong>Premissa Maior<\/strong>\n\t\t\t\t<\/p>\n<\/td>\n<td style=\"width:299px\">\n<p style=\"text-align: justify\">\n\t\t\t\t\tO empregado despedido sem justa causa deve ser remunerado pelas f&eacute;rias n&atilde;o gozadas.\n\t\t\t\t<\/p>\n<p style=\"text-align: justify\">\n\t\t\t\t\t&nbsp;\n\t\t\t\t<\/p>\n<\/td>\n<\/tr>\n<tr>\n<td style=\"width:299px\">\n<p style=\"text-align: justify\">\n\t\t\t\t\t<strong>Premissa Menor<\/strong>\n\t\t\t\t<\/p>\n<\/td>\n<td style=\"width:299px\">\n<p style=\"text-align: justify\">\n\t\t\t\t\tJo&atilde;o &eacute; empregado despedido sem justa causa.\n\t\t\t\t<\/p>\n<p style=\"text-align: justify\">\n\t\t\t\t\t&nbsp;\n\t\t\t\t<\/p>\n<\/td>\n<\/tr>\n<tr>\n<td style=\"width:299px\">\n<p style=\"text-align: justify\">\n\t\t\t\t\t<strong>Conclus&atilde;o<\/strong>\n\t\t\t\t<\/p>\n<\/td>\n<td style=\"width:299px\">\n<p style=\"text-align: justify\">\n\t\t\t\t\tLogo, Jo&atilde;o deve ser remunerado pelas f&eacute;rias n&atilde;o gozadas.\n\t\t\t\t<\/p>\n<p style=\"text-align: justify\">\n\t\t\t\t\t&nbsp;\n\t\t\t\t<\/p>\n<\/td>\n<\/tr>\n<\/tbody>\n<\/table>\n<p style=\"text-align: justify\">\n\tA estrutura acima apresenta um encadeamento l&oacute;gico e coerente, entre a premissa maior, a premissa menor e, por conseq&uuml;&ecirc;ncia entre a conclus&atilde;o.\n<\/p>\n<p style=\"text-align: justify\">\n\tExiste, por&eacute;m, outra roupagem para verificarmos a veracidade de um argumento l&oacute;gico.\n<\/p>\n<p style=\"text-align: justify\">\n\tObservem o seguinte racioc&iacute;nio abaixo transcrito:\n<\/p>\n<table border=\"1\" cellpadding=\"0\" cellspacing=\"0\">\n<tbody>\n<tr>\n<td style=\"width:299px\">\n<p style=\"text-align: justify\">\n\t\t\t\t\t<strong>Premissa Maior<\/strong>\n\t\t\t\t<\/p>\n<\/td>\n<td style=\"width:299px\">\n<p style=\"text-align: justify\">\n\t\t\t\t\tO empregado despedido sem justa causa deve ser remunerado pelas f&eacute;rias n&atilde;o gozadas.\n\t\t\t\t<\/p>\n<\/td>\n<\/tr>\n<\/tbody>\n<\/table>\n<p style=\"text-align: justify\">\n\tTransformarmos a premissa maior acima citada na seguinte proposi&ccedil;&atilde;o condicional:\n<\/p>\n<table border=\"1\" cellpadding=\"0\" cellspacing=\"0\">\n<tbody>\n<tr>\n<td style=\"width:599px\">\n<p style=\"text-align: justify\">\n\t\t\t\t\tSe o empregado for despedido sem justa causa, ent&atilde;o deve ser remunerado pelas f&eacute;rias n&atilde;o gozadas.\n\t\t\t\t<\/p>\n<\/td>\n<\/tr>\n<\/tbody>\n<\/table>\n<p style=\"text-align: justify\">\n\tNesta nova abordagem, a proposi&ccedil;&atilde;o simples, se o empregado foi despedido sem justa causa, representa a causa; e a proposi&ccedil;&atilde;o simples, &ldquo;ent&atilde;o dever&aacute; ser remunerado pelas f&eacute;rias n&atilde;o gozadas&rdquo;, representa a conseq&uuml;&ecirc;ncia.\n<\/p>\n<p style=\"text-align: justify\">\n\tCaso a causa venha a ocorrer, certamente a conseq&uuml;&ecirc;ncia ocorrer&aacute;, isto &eacute;, se h&aacute; dispensa sem justa causa, haver&aacute; remunera&ccedil;&atilde;o pelas f&eacute;rias n&atilde;o gozadas.\n<\/p>\n<p style=\"text-align: justify\">\n\tSeguindo neste racioc&iacute;nio, podemos afirmar, que se a causa ocorre e a conseq&uuml;&ecirc;ncia n&atilde;o ocorre, estaremos diante de uma incoer&ecirc;ncia l&oacute;gica, al&eacute;m de infringir norma da CLT.\n<\/p>\n<p style=\"text-align: justify\">\n\tQuando ocorre dispensa sem justa causa e n&atilde;o ocorre a conseq&uuml;ente remunera&ccedil;&atilde;o pelas f&eacute;rias n&atilde;o gozadas, os artigos 146 e 477 da CLT estar&atilde;o sendo violados.\n<\/p>\n<p style=\"text-align: justify\">\n\tNo exemplo acima, a premissa maior apresenta a norma jur&iacute;dica (artigos 146 e 147 da CLT), a premissa menor apresenta o caso concreto, j&aacute; a conclus&atilde;o &eacute; a subsun&ccedil;&atilde;o do caso concreto &agrave; norma jur&iacute;dica.\n<\/p>\n<p style=\"text-align: justify\">\n\t<strong>Subsun&ccedil;&atilde;o:<\/strong> A doutrina chama de subsun&ccedil;&atilde;o, a aplica&ccedil;&atilde;o da norma jur&iacute;dica a um caso concreto para a solu&ccedil;&atilde;o de um conflito de interesses, com o objetivo de restabelecer a paz social.&nbsp;&nbsp;\n<\/p>\n<p style=\"text-align: justify\">\n\tAcontece, por&eacute;m que quando o juiz n&atilde;o encontrar na legisla&ccedil;&atilde;o uma norma jur&iacute;dica aplic&aacute;vel a um caso concreto ele n&atilde;o poder&aacute; eximir-se de proferir uma decis&atilde;o, devendo assim recorrer aos m&eacute;todos de integra&ccedil;&atilde;o das normas jur&iacute;dicas.\n<\/p>\n<p style=\"text-align: justify\">\n\tOs m&eacute;todos de integra&ccedil;&atilde;o das normas jur&iacute;dicas s&atilde;o: a analogia, costumes e os princ&iacute;pios gerais do direito, conforme disp&otilde;e o art. 4&ordm; da Lei de Introdu&ccedil;&atilde;o ao C&oacute;digo Civil.\n<\/p>\n<p style=\"text-align: justify\">\n\t&ldquo;Analogia consiste no processo l&oacute;gico pelo qual o aplicador do direito estende o preceito legal aos casos n&atilde;o diretamente compreendidos em seus dispositivos&rdquo; (Caio M&aacute;rio da Silva Pereira).\n<\/p>\n<p style=\"text-align: justify\">\n\tA analogia subdivide-se em:\n<\/p>\n<p style=\"text-align: justify\">\n\t<strong>a) Analogia Legal:<\/strong> &eacute; o processo atrav&eacute;s do qual o aplicador do direito estende o dispositivo da lei a um caso n&atilde;o previsto; &nbsp;&nbsp;&nbsp;&nbsp;\n<\/p>\n<p style=\"text-align: justify\">\n\t<strong>b) Analogia Jur&iacute;dica: <\/strong>&eacute; o m&eacute;todo atrav&eacute;s do qual o aplicador do direito extrai o pensamento dominante de um conjunto de normas ou institutos jur&iacute;dicos para suprir as lacunas e solucionar o conflito que lhe &eacute; submetido.\n<\/p>\n<p style=\"text-align: justify\">\n\t&Eacute; importante destacar que, no meu entender, quando n&atilde;o ocorrer norma jur&iacute;dica a ser aplicada ao caso concreto, a premissa maior e a conclus&atilde;o poder&atilde;o abarcar os m&eacute;todos de integra&ccedil;&atilde;o da norma jur&iacute;dica, <u>bem como as S&uacute;mulas e Orienta&ccedil;&otilde;es Jurisprudenciais.<\/u>\n<\/p>\n<p style=\"text-align: justify\">\n\tRessalto que as <u>S&uacute;mulas e Orienta&ccedil;&otilde;es Jurisprudenciais do Tribunal Superior do Trabalho, fundamentam muitas quest&otilde;es discursivas!<\/u>\n<\/p>\n<p style=\"text-align: justify\">\n\tAo resolver quest&otilde;es discursivas &eacute; preciso tomar muito cuidado com a fundamenta&ccedil;&atilde;o da quest&atilde;o, uma vez que o argumento e o pensamento utilizados precisam estar em sintonia com a fundamenta&ccedil;&atilde;o e com a conclus&atilde;o.\n<\/p>\n<p style=\"text-align: justify\">\n\tObservem a seguinte quest&atilde;o da FCC:\n<\/p>\n<p style=\"text-align: justify\">\n\t<strong>Prova TRT-MG &ndash; FCC &ndash; 2015<\/strong>\n<\/p>\n<p style=\"text-align: justify\">\n\t<strong>Cargo: Analista Judici&aacute;rio<\/strong>\n<\/p>\n<p style=\"text-align: justify\">\n\t<strong>QUEST&Atilde;O :<\/strong> O sindicato dos motoristas e cobradores de determinado Munic&iacute;pio organizou, no curso de movimento grevista, manifesta&ccedil;&atilde;o em frente &agrave; sede de empresa concession&aacute;ria de transporte p&uacute;blico municipal, para o fim de pleitear aumento salarial em favor de seus filiados. No entanto, os manifestantes empregados da empresa concession&aacute;ria ultrapassaram as barreiras de prote&ccedil;&atilde;o existentes e, mediante uso de for&ccedil;a f&iacute;sica, adentraram no sagu&atilde;o principal do edif&iacute;cio sede, onde pernoitaram. O mesmo sindicato tamb&eacute;m organizou manifesta&ccedil;&atilde;o em frente &agrave; sede da Prefeitura, para pleitear que o contrato de concess&atilde;o firmado entre o Munic&iacute;pio e a referida concession&aacute;ria de transporte p&uacute;blico fosse revisto, com o fim de viabilizar a concord&acirc;ncia da concession&aacute;ria com o aumento salarial de seus empregados. Os empregados da empresa concession&aacute;ria novamente violaram as barreiras de prote&ccedil;&atilde;o existentes e valendo-se do uso da for&ccedil;a f&iacute;sica adentraram no sagu&atilde;o principal do edif&iacute;cio da Prefeitura, onde tamb&eacute;m pernoitaram.\n<\/p>\n<p style=\"text-align: justify\">\n\tConsiderando essa situa&ccedil;&atilde;o, responda, justificadamente:\n<\/p>\n<p style=\"text-align: justify\">\n\t<strong>a. <\/strong>A Justi&ccedil;a do Trabalho ser&aacute; competente para julgar eventual a&ccedil;&atilde;o possess&oacute;ria proposta\n<\/p>\n<p style=\"text-align: justify\">\n\t<strong>a.1. <\/strong>pela empresa concession&aacute;ria para que os manifestantes desocupem o seu pr&eacute;dio?\n<\/p>\n<p style=\"text-align: justify\">\n\t<strong>a.2. <\/strong>pela Prefeitura para que os manifestantes desocupem o seu pr&eacute;dio?\n<\/p>\n<p style=\"text-align: justify\">\n\t<strong>b. <\/strong>Qual fundamento jur&iacute;dico constitucional caberia ser invocado pela Prefeitura para amparar a pretens&atilde;o de que os manifestantes desocupem o seu pr&eacute;dio??\n<\/p>\n<p style=\"text-align: justify\">\n\t<strong>Coment&aacute;rios:<\/strong> No caso em tela, a compet&ecirc;ncia para julgar eventual a&ccedil;&atilde;o possess&oacute;ria proposta pela empresa concession&aacute;ria para que os manifestantes desocupem o pr&eacute;dio ser&aacute; da Justi&ccedil;a do trabalho (S&uacute;mula vinculante 23 do STF).\n<\/p>\n<p style=\"text-align: justify\">\n\tEm rela&ccedil;&atilde;o &agrave; a&ccedil;&atilde;o proposta pela prefeitura para que os manifestantes desocupem o pr&eacute;dio, entendo que a compet&ecirc;ncia ser&aacute; da Justi&ccedil;a Comum porque o motivo que levou &agrave; ocupa&ccedil;&atilde;o do pr&eacute;dio foi a reivindica&ccedil;&atilde;o para pleitear que o contrato de concess&atilde;o firmado entre o Munic&iacute;pio e a referida concession&aacute;ria de transporte p&uacute;blico fosse revisto.\n<\/p>\n<p style=\"text-align: justify\">\n\tRessalto que h&aacute; entendimentos contr&aacute;rios no sentido de que a compet&ecirc;ncia ser&aacute; da Justi&ccedil;a do Trabalho porque a invas&atilde;o ocorreu para pleitear a revis&atilde;o do contrato com o fim de viabilizar a concord&acirc;ncia da concession&aacute;ria com o aumento salarial de seus empregados.\n<\/p>\n<p style=\"text-align: justify\">\n\tVou discordar de tal posi&ccedil;&atilde;o, pois o primeiro fato gerador da invas&atilde;o &agrave; prefeitura foi a inten&ccedil;&atilde;o de provocar a revis&atilde;o de um contrato administrativo.\n<\/p>\n<p style=\"text-align: justify\">\n\tPor fim, o fundamento jur&iacute;dico constitucional para a prefeitura invocar est&aacute; amparado pelo art. 5&ordm; da CF\/88, que ampara o direito de propriedade.\n<\/p>\n<p style=\"text-align: justify\">\n\t<strong>S&uacute;mula Vinculante 23 do STF A&nbsp;Justi&ccedil;a do Trabalho &eacute; competente para processar e julgar a&ccedil;&atilde;o possess&oacute;ria ajuizada em decorr&ecirc;ncia do exerc&iacute;cio do direito de greve pelos trabalhadores da iniciativa privada.<\/strong>&nbsp;\n<\/p>\n<p style=\"text-align: justify\">\n\tPor hoje &eacute; s&oacute;!\n<\/p>\n<p style=\"text-align: justify\">\n\tBons estudos!\n<\/p>\n<p style=\"text-align: justify\">\n\tUm forte abra&ccedil;o!\n<\/p>\n<p style=\"text-align: justify\">\n\tD&eacute;borah Paiva\n<\/p>\n<p style=\"text-align: justify\">\n\t&nbsp;\n<\/p>\n<p style=\"text-align: justify\">\n\t&nbsp;\n<\/p>\n<p style=\"text-align: justify\">\n\t&nbsp;\n<\/p>\n<p style=\"text-align: justify\">\n\t&nbsp;\n<\/p>\n<p style=\"text-align: justify\">\n\t&nbsp;<\/p>\n","protected":false},"excerpt":{"rendered":"<p>Ol&aacute;! Meus queridos alunos! &Eacute; com muita satisfa&ccedil;&atilde;o que passo por aqui, hoje, para inform&aacute;-los de que estarei em breve ministrando cursos de Discursivas para os concursos de AFT, TRT e TST! Na resolu&ccedil;&atilde;o de provas discursivas, que envolvem quest&otilde;es jur&iacute;dicas &eacute; muito importante que o candidato tenha um racioc&iacute;nio l&oacute;gico dedutivo. Digo isso porque [&hellip;]<\/p>\n","protected":false},"author":408,"featured_media":0,"comment_status":"open","ping_status":"open","sticky":false,"template":"","format":"standard","meta":{"post_tipo":"article","footnotes":""},"categories":[1],"tags":[],"tax_estado":[],"class_list":["post-70808","post","type-post","status-publish","format-standard","hentry","category-cursos-e-concursos"],"acf":[],"yoast_head":"<!-- This site is optimized with the Yoast SEO Premium plugin v27.2 (Yoast SEO v27.2) - https:\/\/yoast.com\/product\/yoast-seo-premium-wordpress\/ -->\n<title>T\u00e9cnica de Resolu\u00e7\u00e3o de Quest\u00f5es Discursivas<\/title>\n<meta name=\"robots\" content=\"index, follow, max-snippet:-1, max-image-preview:large, max-video-preview:-1\" \/>\n<link rel=\"canonical\" href=\"https:\/\/www.estrategiaconcursos.com.br\/blog\/tecnica-de-resolucao-de-questoes-discursivas\/\" \/>\n<meta property=\"og:locale\" content=\"pt_BR\" \/>\n<meta property=\"og:type\" content=\"article\" \/>\n<meta property=\"og:title\" content=\"T\u00e9cnica de Resolu\u00e7\u00e3o de Quest\u00f5es Discursivas\" \/>\n<meta property=\"og:description\" content=\"Ol&aacute;! Meus queridos alunos! &Eacute; com muita satisfa&ccedil;&atilde;o que passo por aqui, hoje, para inform&aacute;-los de que estarei em breve ministrando cursos de Discursivas para os concursos de AFT, TRT e TST! Na resolu&ccedil;&atilde;o de provas discursivas, que envolvem quest&otilde;es jur&iacute;dicas &eacute; muito importante que o candidato tenha um racioc&iacute;nio l&oacute;gico dedutivo. Digo isso porque [&hellip;]\" \/>\n<meta property=\"og:url\" content=\"https:\/\/www.estrategiaconcursos.com.br\/blog\/tecnica-de-resolucao-de-questoes-discursivas\/\" \/>\n<meta property=\"og:site_name\" content=\"Estrat\u00e9gia Concursos\" \/>\n<meta property=\"article:published_time\" content=\"2017-04-14T04:30:51+00:00\" \/>\n<meta property=\"article:modified_time\" content=\"2017-04-14T04:35:03+00:00\" \/>\n<meta name=\"author\" content=\"Deborah Paiva\" \/>\n<meta name=\"twitter:card\" content=\"summary_large_image\" \/>\n<meta name=\"twitter:creator\" content=\"@EstratConcursos\" \/>\n<meta name=\"twitter:site\" content=\"@EstratConcursos\" \/>\n<meta name=\"twitter:label1\" content=\"Escrito por\" \/>\n\t<meta name=\"twitter:data1\" content=\"Deborah Paiva\" \/>\n\t<meta name=\"twitter:label2\" content=\"Est. tempo de leitura\" \/>\n\t<meta name=\"twitter:data2\" content=\"8 minutos\" \/>\n<script type=\"application\/ld+json\" class=\"yoast-schema-graph\">{\"@context\":\"https:\/\/schema.org\",\"@graph\":[{\"@type\":\"NewsArticle\",\"@id\":\"https:\/\/www.estrategiaconcursos.com.br\/blog\/tecnica-de-resolucao-de-questoes-discursivas\/#article\",\"isPartOf\":{\"@id\":\"https:\/\/www.estrategiaconcursos.com.br\/blog\/tecnica-de-resolucao-de-questoes-discursivas\/\"},\"author\":{\"name\":\"Deborah Paiva\",\"@id\":\"https:\/\/www.estrategiaconcursos.com.br\/blog\/#\/schema\/person\/020032288bda52ebb06d54bdf1fec7ee\"},\"headline\":\"T\u00e9cnica de Resolu\u00e7\u00e3o de Quest\u00f5es Discursivas\",\"datePublished\":\"2017-04-14T04:30:51+00:00\",\"dateModified\":\"2017-04-14T04:35:03+00:00\",\"mainEntityOfPage\":{\"@id\":\"https:\/\/www.estrategiaconcursos.com.br\/blog\/tecnica-de-resolucao-de-questoes-discursivas\/\"},\"wordCount\":1564,\"commentCount\":6,\"publisher\":{\"@id\":\"https:\/\/www.estrategiaconcursos.com.br\/blog\/#organization\"},\"articleSection\":[\"Concursos P\u00fablicos\"],\"inLanguage\":\"pt-BR\",\"potentialAction\":[{\"@type\":\"CommentAction\",\"name\":\"Comment\",\"target\":[\"https:\/\/www.estrategiaconcursos.com.br\/blog\/tecnica-de-resolucao-de-questoes-discursivas\/#respond\"]}],\"copyrightYear\":\"2017\",\"copyrightHolder\":{\"@id\":\"https:\/\/www.estrategiaconcursos.com.br\/blog\/#organization\"}},{\"@type\":\"WebPage\",\"@id\":\"https:\/\/www.estrategiaconcursos.com.br\/blog\/tecnica-de-resolucao-de-questoes-discursivas\/\",\"url\":\"https:\/\/www.estrategiaconcursos.com.br\/blog\/tecnica-de-resolucao-de-questoes-discursivas\/\",\"name\":\"T\u00e9cnica de Resolu\u00e7\u00e3o de Quest\u00f5es Discursivas\",\"isPartOf\":{\"@id\":\"https:\/\/www.estrategiaconcursos.com.br\/blog\/#website\"},\"datePublished\":\"2017-04-14T04:30:51+00:00\",\"dateModified\":\"2017-04-14T04:35:03+00:00\",\"breadcrumb\":{\"@id\":\"https:\/\/www.estrategiaconcursos.com.br\/blog\/tecnica-de-resolucao-de-questoes-discursivas\/#breadcrumb\"},\"inLanguage\":\"pt-BR\",\"potentialAction\":[{\"@type\":\"ReadAction\",\"target\":[\"https:\/\/www.estrategiaconcursos.com.br\/blog\/tecnica-de-resolucao-de-questoes-discursivas\/\"]}]},{\"@type\":\"BreadcrumbList\",\"@id\":\"https:\/\/www.estrategiaconcursos.com.br\/blog\/tecnica-de-resolucao-de-questoes-discursivas\/#breadcrumb\",\"itemListElement\":[{\"@type\":\"ListItem\",\"position\":1,\"name\":\"In\u00edcio\",\"item\":\"https:\/\/www.estrategiaconcursos.com.br\/blog\/\"},{\"@type\":\"ListItem\",\"position\":2,\"name\":\"T\u00e9cnica de Resolu\u00e7\u00e3o de Quest\u00f5es Discursivas\"}]},{\"@type\":\"WebSite\",\"@id\":\"https:\/\/www.estrategiaconcursos.com.br\/blog\/#website\",\"url\":\"https:\/\/www.estrategiaconcursos.com.br\/blog\/\",\"name\":\"Estrat\u00e9gia Concursos\",\"description\":\"O blog da Estrat\u00e9gia Concursos traz not\u00edcias sobre concursos e artigos de professores oferecendo cursos para concursos (pdf + videaulas) no site.\",\"publisher\":{\"@id\":\"https:\/\/www.estrategiaconcursos.com.br\/blog\/#organization\"},\"potentialAction\":[{\"@type\":\"SearchAction\",\"target\":{\"@type\":\"EntryPoint\",\"urlTemplate\":\"https:\/\/www.estrategiaconcursos.com.br\/blog\/?s={search_term_string}\"},\"query-input\":{\"@type\":\"PropertyValueSpecification\",\"valueRequired\":true,\"valueName\":\"search_term_string\"}}],\"inLanguage\":\"pt-BR\"},{\"@type\":\"Organization\",\"@id\":\"https:\/\/www.estrategiaconcursos.com.br\/blog\/#organization\",\"name\":\"Estrat\u00e9gia Concursos\",\"url\":\"https:\/\/www.estrategiaconcursos.com.br\/blog\/\",\"logo\":{\"@type\":\"ImageObject\",\"inLanguage\":\"pt-BR\",\"@id\":\"https:\/\/www.estrategiaconcursos.com.br\/blog\/#\/schema\/logo\/image\/\",\"url\":\"https:\/\/dhg1h5j42swfq.cloudfront.net\/2025\/06\/03203428\/logo_concursos-1.jpg\",\"contentUrl\":\"https:\/\/dhg1h5j42swfq.cloudfront.net\/2025\/06\/03203428\/logo_concursos-1.jpg\",\"width\":230,\"height\":60,\"caption\":\"Estrat\u00e9gia Concursos\"},\"image\":{\"@id\":\"https:\/\/www.estrategiaconcursos.com.br\/blog\/#\/schema\/logo\/image\/\"},\"sameAs\":[\"https:\/\/x.com\/EstratConcursos\"]},{\"@type\":\"Person\",\"@id\":\"https:\/\/www.estrategiaconcursos.com.br\/blog\/#\/schema\/person\/020032288bda52ebb06d54bdf1fec7ee\",\"name\":\"Deborah Paiva\",\"image\":{\"@type\":\"ImageObject\",\"inLanguage\":\"pt-BR\",\"@id\":\"https:\/\/secure.gravatar.com\/avatar\/a8272e1eb549c3fc129f06cc1c756a4dd7cf153c3cca338cd23580febd4d9d84?s=96&d=mm&r=g\",\"url\":\"https:\/\/secure.gravatar.com\/avatar\/a8272e1eb549c3fc129f06cc1c756a4dd7cf153c3cca338cd23580febd4d9d84?s=96&d=mm&r=g\",\"contentUrl\":\"https:\/\/secure.gravatar.com\/avatar\/a8272e1eb549c3fc129f06cc1c756a4dd7cf153c3cca338cd23580febd4d9d84?s=96&d=mm&r=g\",\"caption\":\"Deborah Paiva\"},\"url\":\"https:\/\/www.estrategiaconcursos.com.br\/blog\/author\/deborahpaivaestrategiaconcursos-com-br\/\"}]}<\/script>\n<!-- \/ Yoast SEO Premium plugin. -->","yoast_head_json":{"title":"T\u00e9cnica de Resolu\u00e7\u00e3o de Quest\u00f5es Discursivas","robots":{"index":"index","follow":"follow","max-snippet":"max-snippet:-1","max-image-preview":"max-image-preview:large","max-video-preview":"max-video-preview:-1"},"canonical":"https:\/\/www.estrategiaconcursos.com.br\/blog\/tecnica-de-resolucao-de-questoes-discursivas\/","og_locale":"pt_BR","og_type":"article","og_title":"T\u00e9cnica de Resolu\u00e7\u00e3o de Quest\u00f5es Discursivas","og_description":"Ol&aacute;! Meus queridos alunos! &Eacute; com muita satisfa&ccedil;&atilde;o que passo por aqui, hoje, para inform&aacute;-los de que estarei em breve ministrando cursos de Discursivas para os concursos de AFT, TRT e TST! Na resolu&ccedil;&atilde;o de provas discursivas, que envolvem quest&otilde;es jur&iacute;dicas &eacute; muito importante que o candidato tenha um racioc&iacute;nio l&oacute;gico dedutivo. Digo isso porque [&hellip;]","og_url":"https:\/\/www.estrategiaconcursos.com.br\/blog\/tecnica-de-resolucao-de-questoes-discursivas\/","og_site_name":"Estrat\u00e9gia Concursos","article_published_time":"2017-04-14T04:30:51+00:00","article_modified_time":"2017-04-14T04:35:03+00:00","author":"Deborah Paiva","twitter_card":"summary_large_image","twitter_creator":"@EstratConcursos","twitter_site":"@EstratConcursos","twitter_misc":{"Escrito por":"Deborah Paiva","Est. tempo de leitura":"8 minutos"},"schema":{"@context":"https:\/\/schema.org","@graph":[{"@type":"NewsArticle","@id":"https:\/\/www.estrategiaconcursos.com.br\/blog\/tecnica-de-resolucao-de-questoes-discursivas\/#article","isPartOf":{"@id":"https:\/\/www.estrategiaconcursos.com.br\/blog\/tecnica-de-resolucao-de-questoes-discursivas\/"},"author":{"name":"Deborah Paiva","@id":"https:\/\/www.estrategiaconcursos.com.br\/blog\/#\/schema\/person\/020032288bda52ebb06d54bdf1fec7ee"},"headline":"T\u00e9cnica de Resolu\u00e7\u00e3o de Quest\u00f5es Discursivas","datePublished":"2017-04-14T04:30:51+00:00","dateModified":"2017-04-14T04:35:03+00:00","mainEntityOfPage":{"@id":"https:\/\/www.estrategiaconcursos.com.br\/blog\/tecnica-de-resolucao-de-questoes-discursivas\/"},"wordCount":1564,"commentCount":6,"publisher":{"@id":"https:\/\/www.estrategiaconcursos.com.br\/blog\/#organization"},"articleSection":["Concursos P\u00fablicos"],"inLanguage":"pt-BR","potentialAction":[{"@type":"CommentAction","name":"Comment","target":["https:\/\/www.estrategiaconcursos.com.br\/blog\/tecnica-de-resolucao-de-questoes-discursivas\/#respond"]}],"copyrightYear":"2017","copyrightHolder":{"@id":"https:\/\/www.estrategiaconcursos.com.br\/blog\/#organization"}},{"@type":"WebPage","@id":"https:\/\/www.estrategiaconcursos.com.br\/blog\/tecnica-de-resolucao-de-questoes-discursivas\/","url":"https:\/\/www.estrategiaconcursos.com.br\/blog\/tecnica-de-resolucao-de-questoes-discursivas\/","name":"T\u00e9cnica de Resolu\u00e7\u00e3o de Quest\u00f5es Discursivas","isPartOf":{"@id":"https:\/\/www.estrategiaconcursos.com.br\/blog\/#website"},"datePublished":"2017-04-14T04:30:51+00:00","dateModified":"2017-04-14T04:35:03+00:00","breadcrumb":{"@id":"https:\/\/www.estrategiaconcursos.com.br\/blog\/tecnica-de-resolucao-de-questoes-discursivas\/#breadcrumb"},"inLanguage":"pt-BR","potentialAction":[{"@type":"ReadAction","target":["https:\/\/www.estrategiaconcursos.com.br\/blog\/tecnica-de-resolucao-de-questoes-discursivas\/"]}]},{"@type":"BreadcrumbList","@id":"https:\/\/www.estrategiaconcursos.com.br\/blog\/tecnica-de-resolucao-de-questoes-discursivas\/#breadcrumb","itemListElement":[{"@type":"ListItem","position":1,"name":"In\u00edcio","item":"https:\/\/www.estrategiaconcursos.com.br\/blog\/"},{"@type":"ListItem","position":2,"name":"T\u00e9cnica de Resolu\u00e7\u00e3o de Quest\u00f5es Discursivas"}]},{"@type":"WebSite","@id":"https:\/\/www.estrategiaconcursos.com.br\/blog\/#website","url":"https:\/\/www.estrategiaconcursos.com.br\/blog\/","name":"Estrat\u00e9gia Concursos","description":"O blog da Estrat\u00e9gia Concursos traz not\u00edcias sobre concursos e artigos de professores oferecendo cursos para concursos (pdf + videaulas) no site.","publisher":{"@id":"https:\/\/www.estrategiaconcursos.com.br\/blog\/#organization"},"potentialAction":[{"@type":"SearchAction","target":{"@type":"EntryPoint","urlTemplate":"https:\/\/www.estrategiaconcursos.com.br\/blog\/?s={search_term_string}"},"query-input":{"@type":"PropertyValueSpecification","valueRequired":true,"valueName":"search_term_string"}}],"inLanguage":"pt-BR"},{"@type":"Organization","@id":"https:\/\/www.estrategiaconcursos.com.br\/blog\/#organization","name":"Estrat\u00e9gia Concursos","url":"https:\/\/www.estrategiaconcursos.com.br\/blog\/","logo":{"@type":"ImageObject","inLanguage":"pt-BR","@id":"https:\/\/www.estrategiaconcursos.com.br\/blog\/#\/schema\/logo\/image\/","url":"https:\/\/dhg1h5j42swfq.cloudfront.net\/2025\/06\/03203428\/logo_concursos-1.jpg","contentUrl":"https:\/\/dhg1h5j42swfq.cloudfront.net\/2025\/06\/03203428\/logo_concursos-1.jpg","width":230,"height":60,"caption":"Estrat\u00e9gia Concursos"},"image":{"@id":"https:\/\/www.estrategiaconcursos.com.br\/blog\/#\/schema\/logo\/image\/"},"sameAs":["https:\/\/x.com\/EstratConcursos"]},{"@type":"Person","@id":"https:\/\/www.estrategiaconcursos.com.br\/blog\/#\/schema\/person\/020032288bda52ebb06d54bdf1fec7ee","name":"Deborah Paiva","image":{"@type":"ImageObject","inLanguage":"pt-BR","@id":"https:\/\/secure.gravatar.com\/avatar\/a8272e1eb549c3fc129f06cc1c756a4dd7cf153c3cca338cd23580febd4d9d84?s=96&d=mm&r=g","url":"https:\/\/secure.gravatar.com\/avatar\/a8272e1eb549c3fc129f06cc1c756a4dd7cf153c3cca338cd23580febd4d9d84?s=96&d=mm&r=g","contentUrl":"https:\/\/secure.gravatar.com\/avatar\/a8272e1eb549c3fc129f06cc1c756a4dd7cf153c3cca338cd23580febd4d9d84?s=96&d=mm&r=g","caption":"Deborah Paiva"},"url":"https:\/\/www.estrategiaconcursos.com.br\/blog\/author\/deborahpaivaestrategiaconcursos-com-br\/"}]}},"_links":{"self":[{"href":"https:\/\/www.estrategiaconcursos.com.br\/blog\/wp-json\/wp\/v2\/posts\/70808","targetHints":{"allow":["GET"]}}],"collection":[{"href":"https:\/\/www.estrategiaconcursos.com.br\/blog\/wp-json\/wp\/v2\/posts"}],"about":[{"href":"https:\/\/www.estrategiaconcursos.com.br\/blog\/wp-json\/wp\/v2\/types\/post"}],"author":[{"embeddable":true,"href":"https:\/\/www.estrategiaconcursos.com.br\/blog\/wp-json\/wp\/v2\/users\/408"}],"replies":[{"embeddable":true,"href":"https:\/\/www.estrategiaconcursos.com.br\/blog\/wp-json\/wp\/v2\/comments?post=70808"}],"version-history":[{"count":2,"href":"https:\/\/www.estrategiaconcursos.com.br\/blog\/wp-json\/wp\/v2\/posts\/70808\/revisions"}],"predecessor-version":[{"id":70812,"href":"https:\/\/www.estrategiaconcursos.com.br\/blog\/wp-json\/wp\/v2\/posts\/70808\/revisions\/70812"}],"wp:attachment":[{"href":"https:\/\/www.estrategiaconcursos.com.br\/blog\/wp-json\/wp\/v2\/media?parent=70808"}],"wp:term":[{"taxonomy":"category","embeddable":true,"href":"https:\/\/www.estrategiaconcursos.com.br\/blog\/wp-json\/wp\/v2\/categories?post=70808"},{"taxonomy":"post_tag","embeddable":true,"href":"https:\/\/www.estrategiaconcursos.com.br\/blog\/wp-json\/wp\/v2\/tags?post=70808"},{"taxonomy":"tax_estado","embeddable":true,"href":"https:\/\/www.estrategiaconcursos.com.br\/blog\/wp-json\/wp\/v2\/tax_estado?post=70808"}],"curies":[{"name":"wp","href":"https:\/\/api.w.org\/{rel}","templated":true}]}}