{"id":70719,"date":"2017-04-13T19:49:11","date_gmt":"2017-04-13T22:49:11","guid":{"rendered":"https:\/\/www.estrategiaconcursos.com.br\/blog\/?p=70719"},"modified":"2017-05-09T13:00:51","modified_gmt":"2017-05-09T16:00:51","slug":"edital-defensoria-al-analise-do-edital-do-ultimo-concurso","status":"publish","type":"post","link":"https:\/\/www.estrategiaconcursos.com.br\/blog\/edital-defensoria-al-analise-do-edital-do-ultimo-concurso\/","title":{"rendered":"Edital Defensoria AL &#8211; An\u00e1lise do edital do \u00faltimo concurso"},"content":{"rendered":"<h3>\n\tO Edital Defensoria AL est&aacute; pr&oacute;ximo.<br \/>\n<\/h3>\n<p>\n\t&nbsp;\n<\/p>\n<p style=\"text-align: center\">\n\t<img loading=\"lazy\" decoding=\"async\" alt=\"edital defensoria al\" class=\"size-full wp-image-70530 alignleft\" height=\"528\" src=\"https:\/\/dhg1h5j42swfq.cloudfront.net\/2017\/04\/12162053\/concurso-dpe-al.png\" style=\"width: 450px;height: 318px\" title=\"\" width=\"748\" srcset=\"https:\/\/dhg1h5j42swfq.cloudfront.net\/2017\/04\/12162053\/concurso-dpe-al.png 748w, https:\/\/dhg1h5j42swfq.cloudfront.net\/2017\/04\/12162053\/concurso-dpe-al.png 300w, https:\/\/dhg1h5j42swfq.cloudfront.net\/2017\/04\/12162053\/concurso-dpe-al.png 425w\" sizes=\"auto, (max-width: 748px) 100vw, 748px\" \/>\n<\/p>\n<p style=\"text-align: justify\">\n\t<span style=\"color:#000000\">A banca para o pr&oacute;ximo concurso da Defensoria P&uacute;blica de Alagoas (Defensoria AL) j&aacute; foi escolhida. No dia 12\/04\/2017, foi publicado, no Di&aacute;rio Oficial do Estado de Alagoas, o Extrato do&nbsp;Contrato&nbsp;DPE\/AL 16\/2017 que designa o Centro Brasileiro de Pesquisa em Avalia&ccedil;&atilde;o e Sele&ccedil;&atilde;o e de Promo&ccedil;&atilde;o de Eventos (<\/span><a href=\"http:\/\/www.cespe.unb.br\/concursos\/\" target=\"_blank\"><span style=\"color:#0000FF\">Cebraspe\/Cespe<\/span><\/a><span style=\"color:#000000\">) como banca organizadora do concurso. Ao lado,&nbsp;voc&ecirc; tem c&oacute;pia desse extrato.<\/span>\n<\/p>\n<p style=\"text-align: justify\">\n\t&nbsp;\n<\/p>\n<h3 style=\"text-align: justify\">\n\tBanca do &uacute;ltimo concurso<br \/>\n<\/h3>\n<p style=\"text-align: justify\">\n\t<span style=\"color:#000000\">A banca do &uacute;ltimo concurso tamb&eacute;m foi o CESPE (hoje chamado Cebraspe).<\/span>\n<\/p>\n<p style=\"text-align: justify\">\n\t&nbsp;\n<\/p>\n<p style=\"text-align: justify\">\n\t&nbsp;\n<\/p>\n<h3 style=\"text-align: justify\">\n\tVagas do concurso anterior<br \/>\n<\/h3>\n<p style=\"text-align: justify\">\n\t<span style=\"color:#000000\">O <\/span><a href=\"http:\/\/www.cespe.unb.br\/concursos\/DPE_AL2009\/\" target=\"_blank\"><span style=\"color:#0000FF\">edital Defensoria AL 2009 &#8211; DPE\/AL 2009<\/span><\/a><span style=\"color:#000000\">&nbsp;ofereceu 24 vagas para <strong>Defensor P&uacute;blico de 1a. Classe<\/strong>. Dessas vagas, (duas) eram reservadas para pessoas portadoras de defici&ecirc;ncia.<\/span>\n<\/p>\n<p style=\"text-align: justify\">\n\t&nbsp;\n<\/p>\n<h3 align=\"left\">\n\tDescri&ccedil;&atilde;o Sum&aacute;ria de atividades do Defensor P&uacute;blico de 1a. Classe<br \/>\n<\/h3>\n<p style=\"text-align: justify\">\n\t<span style=\"color:#000000\">Segundo o edital Defensoria AL 2009, o Defensor P&ugrave;blico deveria desempenhar as fun&ccedil;&otilde;es de orienta&ccedil;&atilde;o, de postula&ccedil;&atilde;o e de defesa dos direitos e dos interesses dos necessitados, em todos os graus de jurisdi&ccedil;&atilde;o e de inst&acirc;ncias&nbsp;administrativas, nos termos da Lei Complementar n.&ordm; 80, de 1994.<\/span>\n<\/p>\n<p style=\"text-align: justify\">\n\t&nbsp;\n<\/p>\n<h3 style=\"text-align: justify\">\n\tRemunera&ccedil;&atilde;o<br \/>\n<\/h3>\n<p style=\"text-align: justify\">\n\t<span style=\"color:#000000\">O edital Defensoria AL de 2009 oferecia subs&iacute;dios iniciais no valor de <strong>R$ 14.790,89<\/strong>. No entanto, esses eram valores da &eacute;poca. Com a progress&atilde;o dentro da carreira, com o exerc&iacute;cios de fun&ccedil;&atilde;o gratificada e outros adicionais, conforme o m&ecirc;s do ano (13o., f&eacute;rias, etc) os sal&aacute;rios do Defensor P&uacute;blico em Alagoas pode ultrapassar <span style=\"font-size:14px\"><strong>R$ 40.000,00<\/strong><\/span>, ou at&eacute; mesmo <strong><span style=\"font-size:14px\">R$ 50.000,00<\/span><\/strong>. Confira isso nas imagens abaixo retiradas do site da <\/span><a href=\"http:\/\/www.defensoria.al.gov.br\/#\/transparencia?_k=2socht\" target=\"_blank\"><span style=\"color:#0000FF\">Defensoria P&uacute;blica&nbsp;de Alagoas\/Transpar&ecirc;ncia<\/span><\/a><span style=\"color:#000000\">.<\/span>\n<\/p>\n<p style=\"text-align: justify\">\n\t<span style=\"color:#000000\">Clicando nas imagens abaixo, voc&ecirc; ter&aacute; acesso aos subs&iacute;dios do m&ecirc;s de <strong>mar&ccedil;o de 2017<\/strong> mostrados no Portal da Transpar&ecirc;ncia da Defensoria P&uacute;blica de Alagoas.<\/span>\n<\/p>\n<p style=\"text-align: justify\">\n\t<a href=\"https:\/\/defensoria.audora.com.br\/alagoas\/api\/download_documento\/7f32a6fc-92b3-415a-9db1-142ebbc7b6f0\" target=\"_blank\"><img decoding=\"async\" alt=\"edital defensoria al\" class=\"alignnone size-full wp-image-70749\" src=\"https:\/\/dhg1h5j42swfq.cloudfront.net\/2017\/04\/13182455\/Adinoel-Defensoria-AL-remunera%C3%A7%C3%A3o-01.jpg\" style=\"width: 700px;height: 302px\" \/><\/a><a href=\"https:\/\/defensoria.audora.com.br\/alagoas\/api\/download_documento\/7f32a6fc-92b3-415a-9db1-142ebbc7b6f0\" target=\"_blank\"><img decoding=\"async\" alt=\"edital defensoria al\" class=\"alignnone size-full wp-image-70751\" src=\"https:\/\/dhg1h5j42swfq.cloudfront.net\/2017\/04\/13182822\/Adinoel-Defensoria-AL-remunera%C3%A7%C3%A3o-02.jpg\" style=\"width: 700px;height: 139px\" \/><\/a>\n<\/p>\n<p style=\"text-align: justify\">\n\t&nbsp;\n<\/p>\n<h3>\n\tRequisitos b&aacute;sicos<br \/>\n<\/h3>\n<p style=\"text-align: justify\">\n\t<span style=\"color:#000000\">O candidato que quisesse concorrer a uma das vagas do concurso para Defensor P&uacute;blico da DPE\/AL 2009 deveria possuir os seguintes requisitos b&aacute;sicos:<\/span>\n<\/p>\n<p style=\"text-align: justify\">\n\t<span style=\"color:#000000\">&rarr; ser brasileiro;<\/span>\n<\/p>\n<p style=\"text-align: justify\">\n\t<span style=\"color:#000000\">&rarr; ser bacharel em Direito;<\/span>\n<\/p>\n<p style=\"text-align: justify\">\n\t<span style=\"color:#000000\">&rarr; estar em dia com as obriga&ccedil;&otilde;es militares;<\/span>\n<\/p>\n<p style=\"text-align: justify\">\n\t<span style=\"color:#000000\">&rarr; estar no gozo dos direitos pol&iacute;ticos;<\/span>\n<\/p>\n<p style=\"text-align: justify\">\n\t<span style=\"color:#000000\">&rarr; n&atilde;o possuir condena&ccedil;&otilde;es criminais ou antecedentes criminais incompat&iacute;veis com o exerc&iacute;cio das fun&ccedil;&otilde;es;<\/span>\n<\/p>\n<p style=\"text-align: justify\">\n\t<span style=\"color:#000000\">&rarr; n&atilde;o possuir condena&ccedil;&atilde;o em &oacute;rg&atilde;o de classe, em rela&ccedil;&atilde;o ao exerc&iacute;cio profissional, incompat&iacute;vel com o exerc&iacute;cio das fun&ccedil;&otilde;es de Defensor P&uacute;blico;<\/span>\n<\/p>\n<p style=\"text-align: justify\">\n\t<span style=\"color:#000000\">&rarr; n&atilde;o possuir condena&ccedil;&atilde;o administrativa, ou condena&ccedil;&atilde;o em a&ccedil;&atilde;o judicial de improbidade administrativa, incompat&iacute;vel com o exerc&iacute;cio das fun&ccedil;&otilde;es de Defensor P&uacute;blico.<\/span>\n<\/p>\n<p style=\"text-align: justify\">\n\t&nbsp;\n<\/p>\n<h3>\n\tFases do concurso Defensoria AL 2009<br \/>\n<\/h3>\n<p style=\"text-align: justify\">\n\t<span style=\"color:#000000\">O &uacute;ltimo edital Defensoria AL foi publicado em 2009 e o concurso foi realizado na cidade de Macei&oacute;\/AL. Esse concurso trouxe &nbsp;as seguintes etapas:<\/span>\n<\/p>\n<p style=\"text-align: justify\">\n\t<span style=\"color:#000000\">&rarr; <strong>primeira etapa<\/strong>: prova objetiva, de car&aacute;ter eliminat&oacute;rio e classificat&oacute;rio;<\/span>\n<\/p>\n<p style=\"text-align: justify\">\n\t<span style=\"color:#000000\">&rarr; <strong>segunda etapa<\/strong>: prova subjetiva, de car&aacute;ter eliminat&oacute;rio e classificat&oacute;rio;<\/span>\n<\/p>\n<p style=\"text-align: justify\">\n\t<span style=\"color:#000000\">&rarr; <strong>terceira etapa<\/strong>: avalia&ccedil;&atilde;o de t&iacute;tulos, de car&aacute;ter classificat&oacute;rio.<\/span>\n<\/p>\n<p style=\"text-align: justify\">\n\t<span style=\"color:#000000\">A seguir, voc&ecirc; tem um quadro demonstrando o que foi cobrado em cada etapa do concurso.<\/span>\n<\/p>\n<p style=\"text-align: center\">\n\t<img loading=\"lazy\" decoding=\"async\" alt=\"edital defensoria al\" class=\"size-full wp-image-70759 aligncenter\" height=\"447\" src=\"https:\/\/dhg1h5j42swfq.cloudfront.net\/2017\/04\/13185139\/Adinoel-Defensoria-AL-etapas.jpg\" style=\"width: 600px;height: 452px\" title=\"\" width=\"593\" srcset=\"https:\/\/dhg1h5j42swfq.cloudfront.net\/2017\/04\/13185139\/Adinoel-Defensoria-AL-etapas.jpg 593w, https:\/\/dhg1h5j42swfq.cloudfront.net\/2017\/04\/13185139\/Adinoel-Defensoria-AL-etapas.jpg 300w, https:\/\/dhg1h5j42swfq.cloudfront.net\/2017\/04\/13185139\/Adinoel-Defensoria-AL-etapas.jpg 398w\" sizes=\"auto, (max-width: 593px) 100vw, 593px\" \/>\n<\/p>\n<p style=\"text-align: justify\">\n\tAinda neste artigo, voc&ecirc; encontrar&aacute; as disciplinas do concurso de forma detalhada.\n<\/p>\n<p style=\"text-align: justify\">\n\t&nbsp;\n<\/p>\n<h3 style=\"text-align: justify\">\n\tDa prova objetiva<br \/>\n<\/h3>\n<p style=\"text-align: justify\">\n\t<span style=\"color:#000000\">A prova objetiva foi constitu&iacute;da de itens para julgamento, agrupados por comandos que deveriam&nbsp;ser respeitados. O julgamento de cada item foi&nbsp;CERTO ou ERRADO, de acordo com o(s) comando(s) a que se refere o item. Houve, na folha de respostas, para cada item, dois campos de marca&ccedil;&atilde;o: o campo designado com o c&oacute;digo C, que foi preenchido pelo candidato caso julgue o item CERTO, e o campo designado com o c&oacute;digo E, que foi preenchido pelo candidato caso julgue o item ERRADO.<\/span>\n<\/p>\n<p style=\"text-align: justify\">\n\t<span style=\"color:#000000\">A nota em cada item da prova objetiva, feita com base nas marca&ccedil;&otilde;es da folha de respostas, foi&nbsp;igual a: <\/span>\n<\/p>\n<p style=\"text-align: justify;margin-left: 40px\">\n\t<span style=\"color:#000000\">&rarr; <\/span><span style=\"color:#0000CD\"><strong>0,10 ponto positivo<\/strong><\/span><span style=\"color:#000000\">, caso a resposta do candidato estivesse&nbsp;em concord&acirc;ncia com o gabarito oficial definitivo&nbsp;da prova; <\/span>\n<\/p>\n<p style=\"text-align: justify;margin-left: 40px\">\n\t<span style=\"color:#000000\">&rarr; <\/span><span style=\"color:#FF0000\"><strong>0,10 ponto negativo<\/strong><\/span><span style=\"color:#000000\">, caso a resposta do candidato estivesse&nbsp;em discord&acirc;ncia com o gabarito oficial&nbsp;definitivo das provas; <\/span>\n<\/p>\n<p style=\"text-align: justify;margin-left: 40px\">\n\t<span style=\"color:#000000\">&rarr; <strong>0,00 ponto<\/strong>, caso n&atilde;o houvesse&nbsp;marca&ccedil;&atilde;o ou houvesse&nbsp;marca&ccedil;&atilde;o dupla (C e E).<\/span>\n<\/p>\n<p style=\"text-align: justify\">\n\t<span style=\"color:#000000\">Foram reprovados na prova objetiva e <\/span><span style=\"color:#FF0000\"><strong>eliminados<\/strong><\/span><span style=\"color:#000000\"> do concurso p&uacute;blico os candidatos que obtiveram <\/span><span style=\"color:#FF0000\"><strong>nota inferior a 6,00 pontos<\/strong><\/span><span style=\"color:#000000\">.<\/span>\n<\/p>\n<p style=\"text-align: justify\">\n\t&nbsp;\n<\/p>\n<h3 style=\"text-align: justify\">\n\tDa prova subjetiva<br \/>\n<\/h3>\n<p style=\"text-align: justify\">\n\t<span style=\"color:#000000\">Conforme o edital Defensoria AL 2009, para o cargo de Defensor P&uacute;blico, a&nbsp;prova subjetiva, de car&aacute;ter eliminat&oacute;rio e classificat&oacute;rio, valeu 10,00 pontos, e foi dividida em duas partes:<\/span>\n<\/p>\n<p style=\"text-align: justify\">\n\t<span style=\"color:#000000\">&rarr; <strong>parte I &ndash; C&iacute;vel<\/strong><\/span>\n<\/p>\n<p style=\"margin-left: 40px;text-align: justify\">\n\t<span style=\"color:#000000\">Consistiu na elabora&ccedil;&atilde;o uma pe&ccedil;a pr&aacute;tica, no valor de 3,00 pontos, e duas quest&otilde;es discursivas, no valor de 1,00 pontos cada, acerca de mat&eacute;rias constantes dos objetos de avalia&ccedil;&atilde;o.<\/span>\n<\/p>\n<p style=\"text-align: justify\">\n\t<span style=\"color:#000000\">&rarr; <strong>parte II &ndash; Criminal<\/strong><\/span>\n<\/p>\n<p style=\"margin-left: 40px;text-align: justify\">\n\t<span style=\"color:#000000\">Consistiu na elabora&ccedil;&atilde;o uma pe&ccedil;a pr&aacute;tica, no valor de 3,00 pontos, e duas quest&otilde;es discursivas, no valor de 1,00 pontos cada, acerca de mat&eacute;rias constantes dos objetos de avalia&ccedil;&atilde;o.do candidato.<\/span>\n<\/p>\n<p style=\"text-align: justify\">\n\t<span style=\"color:#000000\">Seriam corrigidas&nbsp;as provas subjetivas dos candidatos aprovados na prova objetiva e classificados at&eacute; a <strong>400a.&nbsp;coloca&ccedil;&atilde;o<\/strong>, respeitados os empates na &uacute;ltima posi&ccedil;&atilde;o e a reserva de vagas aos candidatos&nbsp;portadores de defici&ecirc;ncia.<\/span>\n<\/p>\n<p style=\"text-align: justify\">\n\t<span style=\"color:#000000\">Cada parte da prova subjetiva, de car&aacute;ter eliminat&oacute;rio e classificat&oacute;rio, valia&nbsp;5,00 pontos, totalizando 10,00 pontos.<\/span>\n<\/p>\n<p style=\"text-align: justify\">\n\t<span style=\"color:#000000\">Foi eliminado do concurso p&uacute;blico o candidato que obteve&nbsp;nota inferior a 2,50 pontos em alguma parte da prova subjetiva.<\/span>\n<\/p>\n<p style=\"text-align: justify\">\n\t&nbsp;\n<\/p>\n<h3 align=\"left\">\n\tDa avalia&ccedil;&atilde;o de t&iacute;tulos<br \/>\n<\/h3>\n<p style=\"text-align: justify\">\n\t<span style=\"color:#000000\">O concurso Defensoria AL 2009 na parte de avalia&ccedil;&atilde;o de t&iacute;tulos teve apenas car&aacute;ter classificat&oacute;rio, valeu at&eacute; 1,00 ponto, ainda que a soma dos valores dos t&iacute;tulos apresentados fosse&nbsp;superior a esse valor.<\/span>\n<\/p>\n<p style=\"text-align: justify\">\n\t<span style=\"color:#000000\">Foram aceitos os t&iacute;tulos abaixo relacionados:<\/span>\n<\/p>\n<p style=\"text-align: center\">\n\t<img loading=\"lazy\" decoding=\"async\" alt=\"edital defensoria AL\" class=\"size-full wp-image-70769 aligncenter\" height=\"479\" src=\"https:\/\/dhg1h5j42swfq.cloudfront.net\/2017\/04\/13190753\/Adinoel-Defensoria-AL-t%C3%ADtulos-01.jpg\" style=\"width: 500px;height: 458px\" title=\"\" width=\"523\" srcset=\"https:\/\/dhg1h5j42swfq.cloudfront.net\/2017\/04\/13190753\/Adinoel-Defensoria-AL-t%C3%ADtulos-01.jpg 523w, https:\/\/dhg1h5j42swfq.cloudfront.net\/2017\/04\/13190753\/Adinoel-Defensoria-AL-t%C3%ADtulos-01.jpg 300w, https:\/\/dhg1h5j42swfq.cloudfront.net\/2017\/04\/13190753\/Adinoel-Defensoria-AL-t%C3%ADtulos-01.jpg 328w\" sizes=\"auto, (max-width: 523px) 100vw, 523px\" \/><img decoding=\"async\" alt=\"edital defensoria AL\" class=\"alignnone size-full wp-image-70770\" src=\"https:\/\/dhg1h5j42swfq.cloudfront.net\/2017\/04\/13190754\/Adinoel-Defensoria-AL-t%C3%ADtulos-02.jpg\" style=\"width: 500px;height: 193px\" \/>\n<\/p>\n<p style=\"text-align: justify\">\n\t&nbsp;\n<\/p>\n<p style=\"text-align: justify\">\n\t&nbsp;\n<\/p>\n<h3 align=\"left\">\n\tRequisitos para ser investido no cargo de Defensor P&uacute;blico da DPE\/AL<br \/>\n<\/h3>\n<p style=\"text-align: justify\">\n\t<span style=\"color:#000000\">O candidato aprovado no concurso para o cargo de Defensor P&uacute;blico da Defensoria P&uacute;blica de Alagoas de 2009 deveria possuir os seguintes requisitos para ser investido no cargo:<\/span>\n<\/p>\n<p style=\"text-align: justify\">\n\t<span style=\"color:#000000\">&rarr; ter nacionalidade brasileira ou portuguesa e, no caso de nacionalidade portuguesa, estar amparado pelo estatuto de igualdade entre brasileiros e portugueses, com reconhecimento do gozo dos direitos pol&iacute;ticos, nos termos do artigo 12, &sect; 1.&ordm;, da Constitui&ccedil;&atilde;o Federal.<\/span>\n<\/p>\n<p style=\"text-align: justify\">\n\t<span style=\"color:#000000\">&rarr; ter idade m&iacute;nima de 18 anos completos na data da posse.<\/span>\n<\/p>\n<p style=\"text-align: justify\">\n\t<span style=\"color:#000000\">&rarr; ter aptid&atilde;o f&iacute;sica e ps&iacute;quica, comprovada por inspe&ccedil;&atilde;o m&eacute;dica oficial.<\/span>\n<\/p>\n<p style=\"text-align: justify\">\n\t<span style=\"color:#000000\">&rarr; ter boa conduta comprovada, inclusive, por certid&atilde;o de antecedentes c&iacute;veis e criminais.<\/span>\n<\/p>\n<p style=\"text-align: justify\">\n\t<span style=\"color:#000000\">&rarr; estar quite com o servi&ccedil;o militar, caso de candidatos do sexo masculino.<\/span>\n<\/p>\n<p style=\"text-align: justify\">\n\t<span style=\"color:#000000\">&rarr; estar em gozo dos direitos pol&iacute;ticos.<\/span>\n<\/p>\n<p style=\"text-align: justify\">\n\t<span style=\"color:#000000\">&rarr; apresentar diploma, devidamente registrado, de conclus&atilde;o de curso de gradua&ccedil;&atilde;o em Direito, fornecido por institui&ccedil;&atilde;o de ensino reconhecida pelo Minist&eacute;rio da Educa&ccedil;&atilde;o.<\/span>\n<\/p>\n<p style=\"text-align: justify\">\n\t<span style=\"color:#000000\">&rarr; estar inscrito na Ordem dos Advogados do Brasil.<\/span>\n<\/p>\n<p style=\"text-align: justify\">\n\t<span style=\"color:#000000\">&rarr; n&atilde;o incorrer em acumula&ccedil;&atilde;o il&iacute;cita de cargos, empregos ou fun&ccedil;&otilde;es p&uacute;blicas.<\/span>\n<\/p>\n<p style=\"text-align: justify\">\n\t<span style=\"color:#000000\">&rarr; apresentar outros documentos exigidos por ocasi&atilde;o da posse.<\/span>\n<\/p>\n<p style=\"text-align: justify\">\n\t&nbsp;\n<\/p>\n<p style=\"text-align: justify\">\n\t<img loading=\"lazy\" decoding=\"async\" width=\"1020\" height=\"616\" alt=\"edital defensoria al\" class=\"alignnone size-full wp-image-42649\" src=\"https:\/\/dhg1h5j42swfq.cloudfront.net\/2016\/05\/14113252\/novas-corujas-0621.png\" style=\"width: 200px;height: 121px\" srcset=\"https:\/\/dhg1h5j42swfq.cloudfront.net\/2016\/05\/14113252\/novas-corujas-0621.png 1020w, https:\/\/dhg1h5j42swfq.cloudfront.net\/2016\/05\/14113252\/novas-corujas-0621.png 300w, https:\/\/dhg1h5j42swfq.cloudfront.net\/2016\/05\/14113252\/novas-corujas-0621.png 768w, https:\/\/dhg1h5j42swfq.cloudfront.net\/2016\/05\/14113252\/novas-corujas-0621.png 497w\" sizes=\"auto, (max-width: 1020px) 100vw, 1020px\" \/>\n<\/p>\n<h3 align=\"left\">\n\t<a href=\"https:\/\/www.estrategiaconcursos.com.br\/cursos\/concurso\" target=\"_blank\">Curso p\/ Concursos<\/a><br \/>\n<\/h3>\n<p style=\"text-align: justify\">\n\t<span style=\"color:#008000\">O Estrat&eacute;gia Concursos j&aacute; lan&ccedil;ou cursos focados no&nbsp;<\/span><u><strong><a href=\"https:\/\/www.estrategiaconcursos.com.br\/cursosPorConcurso\/defensorias-publicas-estaduais-dpe-cursos-regulares\/\" target=\"_blank\"><span style=\"color:#0000FF\">D<\/span><\/a><\/strong><\/u><a href=\"https:\/\/www.estrategiaconcursos.com.br\/cursosPorConcurso\/defensorias-publicas-estaduais-dpe-cursos-regulares\/\" target=\"_blank\"><u><strong><span style=\"color:#0000FF\">efensorias P&uacute;blicas Estaduais<\/span><\/strong><\/u><\/a><span style=\"color:#008000\">. Nossos cursos cont&ecirc;m o conte&uacute;do completo que ser&aacute; cobrado na sua prova. S&atilde;o PDF&acute;s e videoaulas, al&eacute;m de um f&oacute;rum de d&uacute;vidas exclusivo na &aacute;rea do aluno para voc&ecirc; esclarecer pontos com seus professores. Confiamos tanto na qualidade da nossa equipe e dos nossos materiais que n&oacute;s temos uma pol&iacute;tica de satisfa&ccedil;&atilde;o garantida ou seu dinheiro de volta, em at&eacute; 30 dias e sem burocracia.&nbsp;Voc&ecirc; n&atilde;o tem nada a perder, conhe&ccedil;a nossos cursos!<\/span>\n<\/p>\n<p style=\"text-align: justify\">\n\t&nbsp;\n<\/p>\n<p style=\"text-align: justify\">\n\t<img decoding=\"async\" alt=\"edital defensoria al\" class=\"alignnone size-full wp-image-60957\" src=\"https:\/\/www.estrategiaconcursos.com.br\/blog\/wp-content\/uploads\/2017\/01\/coruja-ficha-tecnica.png\" style=\"width: 200px;height: 68px\" \/>\n<\/p>\n<p>\n\t\u25ba&nbsp;<strong>Informa&ccedil;&otilde;es do Concurso Anterior &#8211; Defensoria P&uacute;blica Alagoas<\/strong>\n<\/p>\n<p>\n\t&bull;&bull;&bull; Ano: 2009\n<\/p>\n<p>\n\t&bull;&bull;&bull; Edital:&nbsp;<a href=\"http:\/\/www.cespe.unb.br\/concursos\/DPE_AL2009\/\" target=\"_blank\">edital Defensoria AL 2009 &ndash; DPE\/AL 2009<\/a>\n<\/p>\n<p>\n\t&bull;&bull;&bull; Banca:&nbsp;<a href=\"http:\/\/www.cespe.unb.br\/concursos\/\" target=\"_blank\">Cespe<\/a>\n<\/p>\n<p>\n\t&nbsp;\n<\/p>\n<p>\n\t\u25ba&nbsp;<strong>Informa&ccedil;&otilde;es do Pr&oacute;ximo Concurso &#8211; Defensoria P&uacute;blica de Alagoas<\/strong>\n<\/p>\n<p>\n\t&bull;&bull;&bull; Data prevista: concurso com banca escolhida =&gt; <a href=\"http:\/\/www.cespe.unb.br\/concursos\/\" target=\"_blank\">Cebraspe\/Cespe<\/a>\n<\/p>\n<p>\n\t&bull;&bull;&bull; Vagas: a definir\n<\/p>\n<p>\n\t&bull;&bull;&bull; Lota&ccedil;&otilde;es: Estado de Alagoas&nbsp;\n<\/p>\n<p>\n\t&bull;&bull;&bull; Remunera&ccedil;&atilde;o inicial: &nbsp;aproximadamente R$ 15.000,00\n<\/p>\n<p>\n\t&bull;&bull;&bull; Banca:&nbsp;<a href=\"http:\/\/www.cespe.unb.br\/concursos\/\" target=\"_blank\">Cebraspe\/Cespe<\/a>\n<\/p>\n<p>\n\t&bull;&bull;&bull; Escolaridade: Ensino superior &nbsp;\n<\/p>\n<p>\n\t&bull;&bull;&bull; Cursos Estrat&eacute;gia Concursos: <u><strong><a href=\"https:\/\/www.estrategiaconcursos.com.br\/cursosPorConcurso\/defensorias-publicas-estaduais-dpe-cursos-regulares\/\" target=\"_blank\"><span style=\"color:#0000FF\">D<\/span><\/a><\/strong><\/u><a href=\"https:\/\/www.estrategiaconcursos.com.br\/cursosPorConcurso\/defensorias-publicas-estaduais-dpe-cursos-regulares\/\" target=\"_blank\"><u><strong><span style=\"color:#0000FF\">efensorias P&uacute;blicas Estaduais<\/span><\/strong><\/u><\/a>\n<\/p>\n<p style=\"text-align: justify\">\n\t&nbsp;\n<\/p>\n<h3 style=\"text-align: justify\">\n\tDisciplinas Detalhadas<br \/>\n<\/h3>\n<p style=\"text-align: justify\">\n\t<span style=\"color:#000000;\">Adiante, voc&ecirc; tem as disciplinas cobradas no concurso para Defensor P&uacute;blico da Defensoria P&uacute;blica de Alagoas de forma detalhada.<\/span>\n<\/p>\n<p align=\"left\">\n\t&nbsp;\n<\/p>\n<h3 style=\"text-align: center\">\n\t<span style=\"color:#000000\"><strong>DIREITO CONSTITUCIONAL<\/strong><\/span><br \/>\n<\/h3>\n<p style=\"text-align: justify\">\n\t<span style=\"color:#000000\">1 Constitui&ccedil;&atilde;o: conceito, objeto e classifica&ccedil;&otilde;es.<\/span>\n<\/p>\n<p style=\"text-align: justify\">\n\t<span style=\"color:#000000\">1.1 Supremacia da Constitui&ccedil;&atilde;o.<\/span>\n<\/p>\n<p style=\"text-align: justify\">\n\t<span style=\"color:#000000\">1.2 Aplicabilidade das normas constitucionais.<\/span>\n<\/p>\n<p style=\"text-align: justify\">\n\t<span style=\"color:#000000\">1.3 Interpreta&ccedil;&atilde;o das normas constitucionais.<\/span>\n<\/p>\n<p style=\"text-align: justify\">\n\t<span style=\"color:#000000\">2 Dos princ&iacute;pios fundamentais.<\/span>\n<\/p>\n<p style=\"text-align: justify\">\n\t<span style=\"color:#000000\">2.1 Dos direitos e garantias fundamentais.<\/span>\n<\/p>\n<p style=\"text-align: justify\">\n\t<span style=\"color:#000000\">2.2 Dos direitos e deveres individuais e coletivos.<\/span>\n<\/p>\n<p style=\"text-align: justify\">\n\t<span style=\"color:#000000\">2.3 Dos direitos pol&iacute;ticos.<\/span>\n<\/p>\n<p style=\"text-align: justify\">\n\t<span style=\"color:#000000\">2.4 Dos partidos pol&iacute;ticos.<\/span>\n<\/p>\n<p style=\"text-align: justify\">\n\t<span style=\"color:#000000\">3 Da organiza&ccedil;&atilde;o do Estado.<\/span>\n<\/p>\n<p style=\"text-align: justify\">\n\t<span style=\"color:#000000\">3.1 Da organiza&ccedil;&atilde;o pol&iacute;tico-administrativa.<\/span>\n<\/p>\n<p style=\"text-align: justify\">\n\t<span style=\"color:#000000\">3.2 Da uni&atilde;o.<\/span>\n<\/p>\n<p style=\"text-align: justify\">\n\t<span style=\"color:#000000\">3.3 Dos estados federados.<\/span>\n<\/p>\n<p style=\"text-align: justify\">\n\t<span style=\"color:#000000\">3.4 Dos Munic&iacute;pios.<\/span>\n<\/p>\n<p style=\"text-align: justify\">\n\t<span style=\"color:#000000\">3.5 Da interven&ccedil;&atilde;o no Estado, no Munic&iacute;pio.<\/span>\n<\/p>\n<p style=\"text-align: justify\">\n\t<span style=\"color:#000000\">3.6 Da administra&ccedil;&atilde;o p&uacute;blica. Disposi&ccedil;&otilde;es gerais. Dos servidores p&uacute;blicos.<\/span>\n<\/p>\n<p style=\"text-align: justify\">\n\t<span style=\"color:#000000\">4 Da organiza&ccedil;&atilde;o dos poderes no Estado.<\/span>\n<\/p>\n<p style=\"text-align: justify\">\n\t<span style=\"color:#000000\">4.1 Do poder legislativo. Do processo legislativo. Da fiscaliza&ccedil;&atilde;o cont&aacute;bil, financeira e or&ccedil;ament&aacute;ria. Do Tribunal de Contas da Uni&atilde;o.<\/span>\n<\/p>\n<p style=\"text-align: justify\">\n\t<span style=\"color:#000000\">4.2 Do Poder Executivo. Atribui&ccedil;&otilde;es e responsabilidades do presidente da Rep&uacute;blica.<\/span>\n<\/p>\n<p style=\"text-align: justify\">\n\t<span style=\"color:#000000\">4.3 Do Poder Judici&aacute;rio. Disposi&ccedil;&otilde;es gerais. Do Supremo Tribunal Federal. Dos Tribunais superiores. Dos Tribunais e Ju&iacute;zes eleitorais e militares. Das fun&ccedil;&otilde;es essenciais &agrave; justi&ccedil;a.<\/span>\n<\/p>\n<p style=\"text-align: justify\">\n\t<span style=\"color:#000000\">4.4 Do Minist&eacute;rio P&uacute;blico.<\/span>\n<\/p>\n<p style=\"text-align: justify\">\n\t<span style=\"color:#000000\">4.5 Da Defensoria P&uacute;blica.<\/span>\n<\/p>\n<p style=\"text-align: justify\">\n\t<span style=\"color:#000000\">4.6 Do estatuto da Ordem dos Advogados do Brasil.<\/span>\n<\/p>\n<p style=\"text-align: justify\">\n\t<span style=\"color:#000000\">5 Do controle da constitucionalidade: sistemas.<\/span>\n<\/p>\n<p style=\"text-align: justify\">\n\t<span style=\"color:#000000\">5.1 A&ccedil;&atilde;o declarat&oacute;ria de constitucionalidade e a&ccedil;&atilde;o direita de inconstitucionalidade.<\/span>\n<\/p>\n<p style=\"text-align: justify\">\n\t<span style=\"color:#000000\">5.2 O controle de constitucionalidade das leis municipais.<\/span>\n<\/p>\n<p style=\"text-align: justify\">\n\t<span style=\"color:#000000\">6 Do Sistema Tribut&aacute;rio Nacional.<\/span>\n<\/p>\n<p style=\"text-align: justify\">\n\t<span style=\"color:#000000\">6.1 Dos Princ&iacute;pios gerais.<\/span>\n<\/p>\n<p style=\"text-align: justify\">\n\t<span style=\"color:#000000\">6.2 Das limita&ccedil;&otilde;es do poder de tributar.<\/span>\n<\/p>\n<p style=\"text-align: justify\">\n\t<span style=\"color:#000000\">6.3 Dos impostos da Uni&atilde;o, dos Estados e dos Munic&iacute;pios. 6.4 Da reparti&ccedil;&atilde;o das receitas tribut&aacute;rias.<\/span>\n<\/p>\n<p style=\"text-align: justify\">\n\t&nbsp;\n<\/p>\n<h3 style=\"text-align: center\">\n\t<span style=\"color:#000000\"><strong>DIREITO ADMINISTRATIVO<\/strong><\/span><br \/>\n<\/h3>\n<p style=\"text-align: justify\">\n\t<span style=\"color:#000000\">1 Ato administrativo: conceito, requisitos, atributos, classifica&ccedil;&atilde;o, esp&eacute;cies e invalida&ccedil;&atilde;o. Anula&ccedil;&atilde;o e revoga&ccedil;&atilde;o. Prescri&ccedil;&atilde;o. Improbidade administrativa (Lei n.o 8.429\/92).<\/span>\n<\/p>\n<p style=\"text-align: justify\">\n\t<span style=\"color:#000000\">2 Controle da administra&ccedil;&atilde;o p&uacute;blica: controle administrativo, controle legislativo e controle judici&aacute;rio. Dom&iacute;nio p&uacute;blico. Bens p&uacute;blicos: classifica&ccedil;&atilde;o, administra&ccedil;&atilde;o e utiliza&ccedil;&atilde;o. Prote&ccedil;&atilde;o e defesa de bens de valor art&iacute;stico, est&eacute;tico, hist&oacute;rico, tur&iacute;stico e paisag&iacute;stico.<\/span>\n<\/p>\n<p style=\"text-align: justify\">\n\t<span style=\"color:#000000\">3 Contrato administrativo: conceito, peculiaridades, controle, formaliza&ccedil;&atilde;o, execu&ccedil;&atilde;o e inexecu&ccedil;&atilde;o. Licita&ccedil;&atilde;o: princ&iacute;pios, obrigatoriedade, dispensa e exigibilidade, procedimentos e modalidades. Contratos de concess&atilde;o de servi&ccedil;os p&uacute;blicos.<\/span>\n<\/p>\n<p style=\"text-align: justify\">\n\t<span style=\"color:#000000\">4 Agentes administrativos: investidura e exerc&iacute;cio da fun&ccedil;&atilde;o p&uacute;blica. Direitos e deveres dos servidores p&uacute;blicos. Regimes jur&iacute;dicos. Processo administrativo: conceito, princ&iacute;pios, fases e modalidades.<\/span>\n<\/p>\n<p style=\"text-align: justify\">\n\t<span style=\"color:#000000\">5 Poderes da administra&ccedil;&atilde;o: vinculado, discricion&aacute;rio, hier&aacute;rquico, disciplinar e regulamentar. O poder de pol&iacute;cia: conceito, finalidade e condi&ccedil;&otilde;es de validade.<\/span>\n<\/p>\n<p style=\"text-align: justify\">\n\t<span style=\"color:#000000\">6 Interven&ccedil;&atilde;o do Estado na propriedade: desapropria&ccedil;&atilde;o, servid&atilde;o administrativa, requisi&ccedil;&atilde;o, ocupa&ccedil;&atilde;o provis&oacute;ria e limita&ccedil;&atilde;o administrativa. Direito de construir e seu exerc&iacute;cio. Loteamento e zoneamento. Reversibilidade dos bens afetos ao servi&ccedil;o.<\/span>\n<\/p>\n<p style=\"text-align: justify\">\n\t<span style=\"color:#000000\">7 Princ&iacute;pios b&aacute;sicos da administra&ccedil;&atilde;o.<\/span>\n<\/p>\n<p style=\"text-align: justify\">\n\t<span style=\"color:#000000\">7.1 Responsabilidade civil da administra&ccedil;&atilde;o: evolu&ccedil;&atilde;o doutrin&aacute;ria e repara&ccedil;&atilde;o do dano. 7.2 Enriquecimento il&iacute;cito e uso e abuso de poder.<\/span>\n<\/p>\n<p style=\"text-align: justify\">\n\t<span style=\"color:#000000\">7.3 San&ccedil;&otilde;es penais e civis.<\/span>\n<\/p>\n<p style=\"text-align: justify\">\n\t<span style=\"color:#000000\">8 Servi&ccedil;os p&uacute;blicos: conceito, classifica&ccedil;&atilde;o, regulamenta&ccedil;&atilde;o, formas e compet&ecirc;ncia de presta&ccedil;&atilde;o. Concess&atilde;o e autoriza&ccedil;&atilde;o dos servi&ccedil;os p&uacute;blicos.<\/span>\n<\/p>\n<p style=\"text-align: justify\">\n\t<span style=\"color:#000000\">9 Organiza&ccedil;&atilde;o administrativa: no&ccedil;&otilde;es gerais.<\/span>\n<\/p>\n<p style=\"text-align: justify\">\n\t<span style=\"color:#000000\">9.1 Administra&ccedil;&atilde;o direta e indireta, centralizada e descentralizada.<\/span>\n<\/p>\n<p style=\"text-align: justify\">\n\t<span style=\"color:#000000\">10 Desapropria&ccedil;&atilde;o.<\/span>\n<\/p>\n<p style=\"text-align: justify\">\n\t<span style=\"color:#000000\">10.1 Bens suscet&iacute;veis de desapropria&ccedil;&atilde;o.<\/span>\n<\/p>\n<p style=\"text-align: justify\">\n\t<span style=\"color:#000000\">10.2 Compet&ecirc;ncia para decret&aacute;-la.<\/span>\n<\/p>\n<p style=\"text-align: justify\">\n\t<span style=\"color:#000000\">10.3 Desapropria&ccedil;&atilde;o judicial por necessidade ou utilidade p&uacute;blica.<\/span>\n<\/p>\n<p style=\"text-align: justify\">\n\t<span style=\"color:#000000\">10.4 Indeniza&ccedil;&atilde;o e seu conceito legal.<\/span>\n<\/p>\n<p style=\"text-align: justify\">\n\t<span style=\"color:#000000\">10.5 Caducidade da desapropria&ccedil;&atilde;o.<\/span>\n<\/p>\n<p style=\"text-align: justify\">\n\t<span style=\"color:#000000\">10.6 Imiss&atilde;o na posse do im&oacute;vel desapropriado.<\/span>\n<\/p>\n<p style=\"text-align: justify\">\n\t&nbsp;\n<\/p>\n<h3 style=\"text-align: center\">\n\t<span style=\"color:#000000\"><strong>DIREITO PENAL<\/strong><\/span><br \/>\n<\/h3>\n<p style=\"text-align: justify\">\n\t<span style=\"color:#000000\">1 Da aplica&ccedil;&atilde;o da lei penal.<\/span>\n<\/p>\n<p style=\"text-align: justify\">\n\t<span style=\"color:#000000\">1.1 Princ&iacute;pios da legalidade e da anterioridade.<\/span>\n<\/p>\n<p style=\"text-align: justify\">\n\t<span style=\"color:#000000\">1.2 A lei penal no tempo e no espa&ccedil;o.<\/span>\n<\/p>\n<p style=\"text-align: justify\">\n\t<span style=\"color:#000000\">1.3 O fato t&iacute;pico e seus elementos.<\/span>\n<\/p>\n<p style=\"text-align: justify\">\n\t<span style=\"color:#000000\">1.4 Rela&ccedil;&atilde;o de causalidade. Culpabilidade.<\/span>\n<\/p>\n<p style=\"text-align: justify\">\n\t<span style=\"color:#000000\">1.5 Superveni&ecirc;ncia de causa independente.<\/span>\n<\/p>\n<p style=\"text-align: justify\">\n\t<span style=\"color:#000000\">2 Crime consumado, tentado e imposs&iacute;vel.<\/span>\n<\/p>\n<p style=\"text-align: justify\">\n\t<span style=\"color:#000000\">2.1 Desist&ecirc;ncia volunt&aacute;ria e arrependimento eficaz.<\/span>\n<\/p>\n<p style=\"text-align: justify\">\n\t<span style=\"color:#000000\">2.2 Arrependimento posterior.<\/span>\n<\/p>\n<p style=\"text-align: justify\">\n\t<span style=\"color:#000000\">2.3 Crime doloso, culposo e preterdoloso.<\/span>\n<\/p>\n<p style=\"text-align: justify\">\n\t<span style=\"color:#000000\">3 Erro de tipo.<\/span>\n<\/p>\n<p style=\"text-align: justify\">\n\t<span style=\"color:#000000\">3.1 Erro de proibi&ccedil;&atilde;o.<\/span>\n<\/p>\n<p style=\"text-align: justify\">\n\t<span style=\"color:#000000\">3.2 Erro sobre a pessoa.<\/span>\n<\/p>\n<p style=\"text-align: justify\">\n\t<span style=\"color:#000000\">3.3 Coa&ccedil;&atilde;o irresist&iacute;vel e obedi&ecirc;ncia hier&aacute;rquica.<\/span>\n<\/p>\n<p style=\"text-align: justify\">\n\t<span style=\"color:#000000\">3.4 Causas excludentes da ilicitude.<\/span>\n<\/p>\n<p style=\"text-align: justify\">\n\t<span style=\"color:#000000\">4 Da imputabilidade penal.<\/span>\n<\/p>\n<p style=\"text-align: justify\">\n\t<span style=\"color:#000000\">4.1 Do concurso de pessoas.<\/span>\n<\/p>\n<p style=\"text-align: justify\">\n\t<span style=\"color:#000000\">4.2 Do concurso de crimes.<\/span>\n<\/p>\n<p style=\"text-align: justify\">\n\t<span style=\"color:#000000\">5 Das penas: esp&eacute;cies, comina&ccedil;&atilde;o e aplica&ccedil;&atilde;o.<\/span>\n<\/p>\n<p style=\"text-align: justify\">\n\t<span style=\"color:#000000\">5.1 Da suspens&atilde;o condicional da pena.<\/span>\n<\/p>\n<p style=\"text-align: justify\">\n\t<span style=\"color:#000000\">5.2 Do livramento condicional.<\/span>\n<\/p>\n<p style=\"text-align: justify\">\n\t<span style=\"color:#000000\">5.3 Efeitos da condena&ccedil;&atilde;o e da reabilita&ccedil;&atilde;o.<\/span>\n<\/p>\n<p style=\"text-align: justify\">\n\t<span style=\"color:#000000\">5.4 Das medidas de seguran&ccedil;a.<\/span>\n<\/p>\n<p style=\"text-align: justify\">\n\t<span style=\"color:#000000\">5.5 Das medidas s&oacute;cio-educativas (Lei n.&deg; 8.069\/90).<\/span>\n<\/p>\n<p style=\"text-align: justify\">\n\t<span style=\"color:#000000\">6 Da a&ccedil;&atilde;o penal p&uacute;blica e privada.<\/span>\n<\/p>\n<p style=\"text-align: justify\">\n\t<span style=\"color:#000000\">6.1 Da extin&ccedil;&atilde;o da punibilidade.<\/span>\n<\/p>\n<p style=\"text-align: justify\">\n\t<span style=\"color:#000000\">6.2 Da execu&ccedil;&atilde;o das penas em esp&eacute;cie: das penas privativas de liberdade, dos regimes, autoriza&ccedil;&otilde;es de sa&iacute;da, remi&ccedil;&atilde;o e incidentes da execu&ccedil;&atilde;o.<\/span>\n<\/p>\n<p style=\"text-align: justify\">\n\t<span style=\"color:#000000\">7 Dos crimes contra a vida.<\/span>\n<\/p>\n<p style=\"text-align: justify\">\n\t<span style=\"color:#000000\">7.1 Das les&otilde;es corporais.<\/span>\n<\/p>\n<p style=\"text-align: justify\">\n\t<span style=\"color:#000000\">7.2 Dos crimes contra a honra.<\/span>\n<\/p>\n<p style=\"text-align: justify\">\n\t<span style=\"color:#000000\">7.3 Dos crimes contra a liberdade individual.<\/span>\n<\/p>\n<p style=\"text-align: justify\">\n\t<span style=\"color:#000000\">8 Dos crimes contra o patrim&ocirc;nio.<\/span>\n<\/p>\n<p style=\"text-align: justify\">\n\t<span style=\"color:#000000\">8.1 Dos crimes contra a liberdade sexual.<\/span>\n<\/p>\n<p style=\"text-align: justify\">\n\t<span style=\"color:#000000\">8.2 Da sedu&ccedil;&atilde;o e da corrup&ccedil;&atilde;o de menores.<\/span>\n<\/p>\n<p style=\"text-align: justify\">\n\t<span style=\"color:#000000\">8.3 Crime organizado (Lei n.&deg; 9.034\/95).<\/span>\n<\/p>\n<p style=\"text-align: justify\">\n\t<span style=\"color:#000000\">9 Dos crimes contra a f&eacute; p&uacute;blica.<\/span>\n<\/p>\n<p style=\"text-align: justify\">\n\t<span style=\"color:#000000\">9.1 Crimes contra a administra&ccedil;&atilde;o p&uacute;blica.<\/span>\n<\/p>\n<p style=\"text-align: justify\">\n\t<span style=\"color:#000000\">9.2 Crimes de imprensa.<\/span>\n<\/p>\n<p style=\"text-align: justify\">\n\t<span style=\"color:#000000\">9.3 Crimes de abuso de autoridade (Lei n.&deg; 4.898\/65).<\/span>\n<\/p>\n<p style=\"text-align: justify\">\n\t<span style=\"color:#000000\">10 Sistema Nacional de Pol&iacute;ticas P&uacute;blicas sobre Drogas (Lei n.&deg; 11.343\/2006). Crimes hediondos (Lei n.&deg; 8.072\/90 e Lei n.&deg; 8.930\/94). Crimes de tortura (Lei n.&deg; 9.455\/97). Do ato infracional. Dos crimes praticados contra a crian&ccedil;a e o adolescente (Lei n.&deg; 8.069\/90).<\/span>\n<\/p>\n<p style=\"text-align: justify\">\n\t<span style=\"color:#000000\">11 Crimes contra as finan&ccedil;as p&uacute;blicas (Lei n.&deg; 10.028\/2000, que alterou o C&oacute;digo Penal).<\/span>\n<\/p>\n<p style=\"text-align: justify\">\n\t<span style=\"color:#000000\">12 Crimes contra a ordem tribut&aacute;ria (Leis n.os 8.137\/90 e 9.249\/95).<\/span>\n<\/p>\n<p style=\"text-align: justify\">\n\t<span style=\"color:#000000\">13 Crimes contra o sistema financeiro (Leis n.os 7.492\/86 e 9.080\/95).<\/span>\n<\/p>\n<p style=\"text-align: justify\">\n\t<span style=\"color:#000000\">14 Lavagem de dinheiro (Lei n.&deg; 9.613\/98).<\/span>\n<\/p>\n<p style=\"text-align: justify\">\n\t<span style=\"color:#000000\">15 Crimes contra o meio ambiente (Lei n.&deg; 9.605\/98).<\/span>\n<\/p>\n<p style=\"text-align: justify\">\n\t&nbsp;\n<\/p>\n<h3 style=\"text-align: center\">\n\t<span style=\"color:#000000\"><strong>DIREITO PROCESSUAL PENAL<\/strong><\/span><br \/>\n<\/h3>\n<p style=\"text-align: justify\">\n\t<span style=\"color:#000000\">1 Princ&iacute;pios gerais.<\/span>\n<\/p>\n<p style=\"text-align: justify\">\n\t<span style=\"color:#000000\">1.1 Aplica&ccedil;&atilde;o da lei processual no tempo, no espa&ccedil;o e em rela&ccedil;&atilde;o &agrave;s pessoas.<\/span>\n<\/p>\n<p style=\"text-align: justify\">\n\t<span style=\"color:#000000\">1.2 Sujeitos da rela&ccedil;&atilde;o processual.<\/span>\n<\/p>\n<p style=\"text-align: justify\">\n\t<span style=\"color:#000000\">1.3 Inqu&eacute;rito policial.<\/span>\n<\/p>\n<p style=\"text-align: justify\">\n\t<span style=\"color:#000000\">2 A&ccedil;&atilde;o penal: conceito, condi&ccedil;&otilde;es, pressupostos processuais.<\/span>\n<\/p>\n<p style=\"text-align: justify\">\n\t<span style=\"color:#000000\">2.1 A&ccedil;&atilde;o penal p&uacute;blica.<\/span>\n<\/p>\n<p style=\"text-align: justify\">\n\t<span style=\"color:#000000\">2.2 Titularidade, condi&ccedil;&otilde;es de procedibilidade.<\/span>\n<\/p>\n<p style=\"text-align: justify\">\n\t<span style=\"color:#000000\">2.3 Den&uacute;ncia: forma e conte&uacute;do; recebimento e rejei&ccedil;&atilde;o.<\/span>\n<\/p>\n<p style=\"text-align: justify\">\n\t<span style=\"color:#000000\">2.4 A&ccedil;&atilde;o penal privada.<\/span>\n<\/p>\n<p style=\"text-align: justify\">\n\t<span style=\"color:#000000\">2.5 Titularidade.<\/span>\n<\/p>\n<p style=\"text-align: justify\">\n\t<span style=\"color:#000000\">2.6 Queixa.<\/span>\n<\/p>\n<p style=\"text-align: justify\">\n\t<span style=\"color:#000000\">2.7 Ren&uacute;ncia.<\/span>\n<\/p>\n<p style=\"text-align: justify\">\n\t<span style=\"color:#000000\">2.8 Perd&atilde;o.<\/span>\n<\/p>\n<p style=\"text-align: justify\">\n\t<span style=\"color:#000000\">2.9 Peremp&ccedil;&atilde;o.<\/span>\n<\/p>\n<p style=\"text-align: justify\">\n\t<span style=\"color:#000000\">2.10 A&ccedil;&atilde;o civil.<\/span>\n<\/p>\n<p style=\"text-align: justify\">\n\t<span style=\"color:#000000\">3 Jurisdi&ccedil;&atilde;o.<\/span>\n<\/p>\n<p style=\"text-align: justify\">\n\t<span style=\"color:#000000\">3.1 Compet&ecirc;ncia: crit&eacute;rios de determina&ccedil;&atilde;o e modifica&ccedil;&atilde;o.<\/span>\n<\/p>\n<p style=\"text-align: justify\">\n\t<span style=\"color:#000000\">3.2 Incompet&ecirc;ncia.<\/span>\n<\/p>\n<p style=\"text-align: justify\">\n\t<span style=\"color:#000000\">3.3 Efeitos.<\/span>\n<\/p>\n<p style=\"text-align: justify\">\n\t<span style=\"color:#000000\">3.4 Das quest&otilde;es e processos incidentes.<\/span>\n<\/p>\n<p style=\"text-align: justify\">\n\t<span style=\"color:#000000\">4 Da prova: conceito, princ&iacute;pios b&aacute;sicos, objeto, meios, &ocirc;nus, limita&ccedil;&otilde;es constitucionais das provas, sistemas de aprecia&ccedil;&atilde;o. Do Juiz, do Minist&eacute;rio P&uacute;blico, do acusado e defensor, dos assistentes e auxiliares da justi&ccedil;a. Da pris&atilde;o e da liberdade provis&oacute;ria.<\/span>\n<\/p>\n<p style=\"text-align: justify\">\n\t<span style=\"color:#000000\">5 Das cita&ccedil;&otilde;es e intima&ccedil;&otilde;es.<\/span>\n<\/p>\n<p style=\"text-align: justify\">\n\t<span style=\"color:#000000\">5.1 Forma, lugar e tempo dos atos processuais.<\/span>\n<\/p>\n<p style=\"text-align: justify\">\n\t<span style=\"color:#000000\">5.2 Dos atos processuais.<\/span>\n<\/p>\n<p style=\"text-align: justify\">\n\t<span style=\"color:#000000\">5.3 Atos das partes, dos ju&iacute;zes, dos auxiliares da Justi&ccedil;a e de terceiros.<\/span>\n<\/p>\n<p style=\"text-align: justify\">\n\t<span style=\"color:#000000\">5.4 Dos prazos: caracter&iacute;sticas, princ&iacute;pios e contagem.<\/span>\n<\/p>\n<p style=\"text-align: justify\">\n\t<span style=\"color:#000000\">5.5 Da senten&ccedil;a.<\/span>\n<\/p>\n<p style=\"text-align: justify\">\n\t<span style=\"color:#000000\">5.5.1 Conceito, requisitos, classifica&ccedil;&atilde;o, publica&ccedil;&atilde;o e intima&ccedil;&atilde;o.<\/span>\n<\/p>\n<p style=\"text-align: justify\">\n\t<span style=\"color:#000000\">5.5.2 Senten&ccedil;a absolut&oacute;ria: provid&ecirc;ncias e efeitos.<\/span>\n<\/p>\n<p style=\"text-align: justify\">\n\t<span style=\"color:#000000\">5.5.3 Senten&ccedil;a condenat&oacute;ria: fundamenta&ccedil;&atilde;o da pena e efeitos.<\/span>\n<\/p>\n<p style=\"text-align: justify\">\n\t<span style=\"color:#000000\">5.5.4 Da coisa julgada.<\/span>\n<\/p>\n<p style=\"text-align: justify\">\n\t<span style=\"color:#000000\">5.6 Procedimento comum.<\/span>\n<\/p>\n<p style=\"text-align: justify\">\n\t<span style=\"color:#000000\">5.6.1 Procedimento dos Juizados Especiais Criminais (Lei n.&deg; 9.099\/95).<\/span>\n<\/p>\n<p style=\"text-align: justify\">\n\t<span style=\"color:#000000\">5.6.2 Procedimento no j&uacute;ri.<\/span>\n<\/p>\n<p style=\"text-align: justify\">\n\t<span style=\"color:#000000\">5.7 Das nulidades.<\/span>\n<\/p>\n<p style=\"text-align: justify\">\n\t<span style=\"color:#000000\">5.7.1 Dos recursos em geral: princ&iacute;pios b&aacute;sicos e modalidades.<\/span>\n<\/p>\n<p style=\"text-align: justify\">\n\t<span style=\"color:#000000\">5.7.2 Da revis&atilde;o criminal.<\/span>\n<\/p>\n<p style=\"text-align: justify\">\n\t<span style=\"color:#000000\">5.7.3 Das exce&ccedil;&otilde;es.<\/span>\n<\/p>\n<p style=\"text-align: justify\">\n\t<span style=\"color:#000000\">5.8 Do Habeas corpus.<\/span>\n<\/p>\n<p style=\"text-align: justify\">\n\t<span style=\"color:#000000\">5.8.1 Do desaforamento.<\/span>\n<\/p>\n<p style=\"text-align: justify\">\n\t<span style=\"color:#000000\">5.8.2 Do processo e do julgamento dos crimes de responsabilidade dos funcion&aacute;rios p&uacute;blicos.<\/span>\n<\/p>\n<p style=\"text-align: justify\">\n\t<span style=\"color:#000000\">5.8.3 Do processo e do julgamento dos crimes de cal&uacute;nia e inj&uacute;ria, de compet&ecirc;ncia do juiz singular.<\/span>\n<\/p>\n<p style=\"text-align: justify\">\n\t<span style=\"color:#000000\">5.8.4 Do processo e do julgamento dos crimes de tr&aacute;fico e uso indevido de subst&acirc;ncias entorpecentes ou que determinem depend&ecirc;ncia f&iacute;sica ou ps&iacute;quica.<\/span>\n<\/p>\n<p style=\"text-align: justify\">\n\t<span style=\"color:#000000\">6 Intercepta&ccedil;&atilde;o telef&ocirc;nica (Lei n.&deg; 9.296\/96).<\/span>\n<\/p>\n<p style=\"text-align: justify\">\n\t&nbsp;\n<\/p>\n<h3 style=\"text-align: center\">\n\t<span style=\"color:#000000\"><strong>DIREITO CIVIL<\/strong><\/span><br \/>\n<\/h3>\n<p style=\"text-align: justify\">\n\t<span style=\"color:#000000\">1 Aplica&ccedil;&atilde;o da lei no tempo e no espa&ccedil;o; interpreta&ccedil;&atilde;o da lei; analogia.<\/span>\n<\/p>\n<p style=\"text-align: justify\">\n\t<span style=\"color:#000000\">1.1 Princ&iacute;pios gerais do direito e eq&uuml;idade.<\/span>\n<\/p>\n<p style=\"text-align: justify\">\n\t<span style=\"color:#000000\">2 Das pessoas naturais e jur&iacute;dicas.<\/span>\n<\/p>\n<p style=\"text-align: justify\">\n\t<span style=\"color:#000000\">2.1 Capacidade, domic&iacute;lio, registro.<\/span>\n<\/p>\n<p style=\"text-align: justify\">\n\t<span style=\"color:#000000\">2.2 Bens: conceito e classifica&ccedil;&atilde;o.<\/span>\n<\/p>\n<p style=\"text-align: justify\">\n\t<span style=\"color:#000000\">3 Dos fatos e atos jur&iacute;dicos: forma, prova, modalidades, defeitos, nulidade, anulabilidade, inexist&ecirc;ncia, inefic&aacute;cia e conseq&uuml;&ecirc;ncia.<\/span>\n<\/p>\n<p style=\"text-align: justify\">\n\t<span style=\"color:#000000\">3.1 Dos atos il&iacute;citos.<\/span>\n<\/p>\n<p style=\"text-align: justify\">\n\t<span style=\"color:#000000\">3.2 Da prescri&ccedil;&atilde;o.<\/span>\n<\/p>\n<p style=\"text-align: justify\">\n\t<span style=\"color:#000000\">4 Uni&atilde;o est&aacute;vel: caracteriza&ccedil;&atilde;o, efeitos aliment&iacute;cios e sucess&oacute;rios, dissolu&ccedil;&atilde;o.<\/span>\n<\/p>\n<p style=\"text-align: justify\">\n\t<span style=\"color:#000000\">5 Das rela&ccedil;&otilde;es de parentesco.<\/span>\n<\/p>\n<p style=\"text-align: justify\">\n\t<span style=\"color:#000000\">5.1 Estatuto da Crian&ccedil;a e do Adolescente; ado&ccedil;&atilde;o.<\/span>\n<\/p>\n<p style=\"text-align: justify\">\n\t<span style=\"color:#000000\">5.2 Alimentos: pressupostos.<\/span>\n<\/p>\n<p style=\"text-align: justify\">\n\t<span style=\"color:#000000\">6 Posse e propriedade: conceito, classifica&ccedil;&atilde;o, aquisi&ccedil;&atilde;o, perda, prote&ccedil;&atilde;o e efeitos.<\/span>\n<\/p>\n<p style=\"text-align: justify\">\n\t<span style=\"color:#000000\">7 Dos direitos reais sobre coisas alheias: hipoteca, penhor, usufruto e servid&otilde;es.<\/span>\n<\/p>\n<p style=\"text-align: justify\">\n\t<span style=\"color:#000000\">7.1 Condom&iacute;nio.<\/span>\n<\/p>\n<p style=\"text-align: justify\">\n\t<span style=\"color:#000000\">8 Das modalidades das obriga&ccedil;&otilde;es.<\/span>\n<\/p>\n<p style=\"text-align: justify\">\n\t<span style=\"color:#000000\">8.1 Dos efeitos das obriga&ccedil;&otilde;es.<\/span>\n<\/p>\n<p style=\"text-align: justify\">\n\t<span style=\"color:#000000\">8.2 Da cess&atilde;o de cr&eacute;dito.<\/span>\n<\/p>\n<p style=\"text-align: justify\">\n\t<span style=\"color:#000000\">9 Dos contratos: generalidades, elementos e efeitos dos contratos.<\/span>\n<\/p>\n<p style=\"text-align: justify\">\n\t<span style=\"color:#000000\">9.1 Teoria da imprevis&atilde;o e revis&atilde;o contratual.<\/span>\n<\/p>\n<p style=\"text-align: justify\">\n\t<span style=\"color:#000000\">9.2 Da compra e venda; da doa&ccedil;&atilde;o; da loca&ccedil;&atilde;o; do empr&eacute;stimo; do dep&oacute;sito; do mandato e da fian&ccedil;a.<\/span>\n<\/p>\n<p style=\"text-align: justify\">\n\t<span style=\"color:#000000\">10 Sucess&atilde;o: disposi&ccedil;&otilde;es gerais, ordem de voca&ccedil;&atilde;o heredit&aacute;ria, capacidade sucess&oacute;ria, direito de representa&ccedil;&atilde;o, transmiss&atilde;o da heran&ccedil;a, heran&ccedil;a jacente, aceita&ccedil;&atilde;o e ren&uacute;ncia da heran&ccedil;a.<\/span>\n<\/p>\n<p style=\"text-align: justify\">\n\t<span style=\"color:#000000\">11 Responsabilidade civil do Estado e do particular.<\/span>\n<\/p>\n<p style=\"text-align: justify\">\n\t<span style=\"color:#000000\">12 Consumidor: conceitos b&aacute;sicos.<\/span>\n<\/p>\n<p style=\"text-align: justify\">\n\t<span style=\"color:#000000\">12.1 Dos direitos b&aacute;sicos do consumidor.<\/span>\n<\/p>\n<p style=\"text-align: justify\">\n\t<span style=\"color:#000000\">12.2 Teoria da imprevis&atilde;o.<\/span>\n<\/p>\n<p style=\"text-align: justify\">\n\t<span style=\"color:#000000\">12.3 Repara&ccedil;&atilde;o dos danos patrimoniais e morais.<\/span>\n<\/p>\n<p style=\"text-align: justify\">\n\t<span style=\"color:#000000\">12.4 Invers&atilde;o do &ocirc;nus da prova.<\/span>\n<\/p>\n<p style=\"text-align: justify\">\n\t<span style=\"color:#000000\">13 Fornecedor.<\/span>\n<\/p>\n<p style=\"text-align: justify\">\n\t<span style=\"color:#000000\">13.1 Pessoa f&iacute;sica ou jur&iacute;dica, p&uacute;blica ou privada, nacional ou estrangeira.<\/span>\n<\/p>\n<p style=\"text-align: justify\">\n\t<span style=\"color:#000000\">13.2 Teoria da responsabilidade civil objetiva do fornecedor, por defeitos do produto e da presta&ccedil;&atilde;o de servi&ccedil;os: acidentes de consumo.<\/span>\n<\/p>\n<p style=\"text-align: justify\">\n\t<span style=\"color:#000000\">13.3 Responsabilidade do fornecedor pelos atos de seus prepostos e ou representantes aut&ocirc;nomos.<\/span>\n<\/p>\n<p style=\"text-align: justify\">\n\t<span style=\"color:#000000\">14 Da publicidade e propaganda.<\/span>\n<\/p>\n<p style=\"text-align: justify\">\n\t<span style=\"color:#000000\">14.1 Princ&iacute;pios.<\/span>\n<\/p>\n<p style=\"text-align: justify\">\n\t<span style=\"color:#000000\">14.2 Publicidade enganosa e abusiva.<\/span>\n<\/p>\n<p style=\"text-align: justify\">\n\t<span style=\"color:#000000\">14.3 Publicidade enganosa por omiss&atilde;o.<\/span>\n<\/p>\n<p style=\"text-align: justify\">\n\t<span style=\"color:#000000\">14.4 Das pr&aacute;ticas abusivas.<\/span>\n<\/p>\n<p style=\"text-align: justify\">\n\t<span style=\"color:#000000\">14.5 Responsabilidade pessoal dos profissionais liberais.<\/span>\n<\/p>\n<p style=\"text-align: justify\">\n\t<span style=\"color:#000000\">15 Produto.<\/span>\n<\/p>\n<p style=\"text-align: justify\">\n\t<span style=\"color:#000000\">15.1 Conceito.<\/span>\n<\/p>\n<p style=\"text-align: justify\">\n\t<span style=\"color:#000000\">15.2 Servi&ccedil;o.<\/span>\n<\/p>\n<p style=\"text-align: justify\">\n\t<span style=\"color:#000000\">15.3 Gratuidade.<\/span>\n<\/p>\n<p style=\"text-align: justify\">\n\t<span style=\"color:#000000\">15.4 Servi&ccedil;os p&uacute;blicos essenciais.<\/span>\n<\/p>\n<p style=\"text-align: justify\">\n\t<span style=\"color:#000000\">15.5 Da prote&ccedil;&atilde;o &agrave; sa&uacute;de e seguran&ccedil;a.<\/span>\n<\/p>\n<p style=\"text-align: justify\">\n\t<span style=\"color:#000000\">16 Da responsabilidade pelo fato do produto e do servi&ccedil;o.<\/span>\n<\/p>\n<p style=\"text-align: justify\">\n\t<span style=\"color:#000000\">16.1 Da responsabilidade por v&iacute;cio do produto e do servi&ccedil;o.<\/span>\n<\/p>\n<p style=\"text-align: justify\">\n\t<span style=\"color:#000000\">16.2 Responsabilidade objetiva.<\/span>\n<\/p>\n<p style=\"text-align: justify\">\n\t<span style=\"color:#000000\">16.3 Responsabilidade solid&aacute;ria e direito de regresso.<\/span>\n<\/p>\n<p style=\"text-align: justify\">\n\t<span style=\"color:#000000\">16.4 Excludentes do dever de indenizar.<\/span>\n<\/p>\n<p style=\"text-align: justify\">\n\t<span style=\"color:#000000\">17 Direito Empresarial.<\/span>\n<\/p>\n<p style=\"text-align: justify\">\n\t<span style=\"color:#000000\">17.1 Fal&ecirc;ncia, Recupera&ccedil;&atilde;o judicial e extrajudicial.<\/span>\n<\/p>\n<p style=\"text-align: justify\">\n\t<span style=\"color:#000000\">17.2 Sociedades comercias.<\/span>\n<\/p>\n<p style=\"text-align: justify\">\n\t<span style=\"color:#000000\">17.3 T&iacute;tulos de cr&eacute;dito.<\/span>\n<\/p>\n<p style=\"text-align: justify\">\n\t<span style=\"color:#000000\">17.4 Micro empresas e empresas de pequeno porte.<\/span>\n<\/p>\n<p style=\"text-align: justify\">\n\t&nbsp;\n<\/p>\n<h3 style=\"text-align: center\">\n\t<span style=\"color:#000000\"><strong>DIREITO PROCESSUAL CIVIL<\/strong><\/span><br \/>\n<\/h3>\n<p style=\"text-align: justify\">\n\t<span style=\"color:#000000\">1 Jurisdi&ccedil;&atilde;o: contenciosa e volunt&aacute;ria.<\/span>\n<\/p>\n<p style=\"text-align: justify\">\n\t<span style=\"color:#000000\">2 &Oacute;rg&atilde;os da jurisdi&ccedil;&atilde;o.<\/span>\n<\/p>\n<p style=\"text-align: justify\">\n\t<span style=\"color:#000000\">3 A&ccedil;&atilde;o: conceito e natureza jur&iacute;dica. Condi&ccedil;&otilde;es da a&ccedil;&atilde;o. Classifica&ccedil;&atilde;o das a&ccedil;&otilde;es.<\/span>\n<\/p>\n<p style=\"text-align: justify\">\n\t<span style=\"color:#000000\">4 Processo. Conceito. Natureza jur&iacute;dica. Princ&iacute;pios fundamentais. Pressupostos processuais.<\/span>\n<\/p>\n<p style=\"text-align: justify\">\n\t<span style=\"color:#000000\">5 Procedimento ordin&aacute;rio e sumar&iacute;ssimo.<\/span>\n<\/p>\n<p style=\"text-align: justify\">\n\t<span style=\"color:#000000\">6 Compet&ecirc;ncia: absoluta e relativa.<\/span>\n<\/p>\n<p style=\"text-align: justify\">\n\t<span style=\"color:#000000\">7 Compet&ecirc;ncia internacional. Homologa&ccedil;&atilde;o de senten&ccedil;a estrangeira. Carta rogat&oacute;ria.<\/span>\n<\/p>\n<p style=\"text-align: justify\">\n\t<span style=\"color:#000000\">8 Partes. Capacidade e legitimidade. Substitui&ccedil;&atilde;o processual.<\/span>\n<\/p>\n<p style=\"text-align: justify\">\n\t<span style=\"color:#000000\">9 Litiscons&oacute;rcio. Assist&ecirc;ncia. Interven&ccedil;&atilde;o de terceiros: oposi&ccedil;&atilde;o, nomea&ccedil;&atilde;o &agrave; autoria, denuncia&ccedil;&atilde;o da lide e chamamento ao processo. A&ccedil;&atilde;o regressiva.<\/span>\n<\/p>\n<p style=\"text-align: justify\">\n\t<span style=\"color:#000000\">10 Forma&ccedil;&atilde;o, suspens&atilde;o e extin&ccedil;&atilde;o do processo.<\/span>\n<\/p>\n<p style=\"text-align: justify\">\n\t<span style=\"color:#000000\">11 Peti&ccedil;&atilde;o inicial. Requisitos. In&eacute;pcia da peti&ccedil;&atilde;o inicial.<\/span>\n<\/p>\n<p style=\"text-align: justify\">\n\t<span style=\"color:#000000\">12 Pedido. Cumula&ccedil;&atilde;o e esp&eacute;cies de pedido.<\/span>\n<\/p>\n<p style=\"text-align: justify\">\n\t<span style=\"color:#000000\">13 Atos processuais. Tempo e lugar dos atos processuais.<\/span>\n<\/p>\n<p style=\"text-align: justify\">\n\t<span style=\"color:#000000\">14 Comunica&ccedil;&atilde;o dos atos processuais. Cita&ccedil;&atilde;o e intima&ccedil;&atilde;o.<\/span>\n<\/p>\n<p style=\"text-align: justify\">\n\t<span style=\"color:#000000\">15 Despesas processuais e honor&aacute;rios advocat&iacute;cios.<\/span>\n<\/p>\n<p style=\"text-align: justify\">\n\t<span style=\"color:#000000\">16 Resposta do r&eacute;u: exce&ccedil;&atilde;o, contesta&ccedil;&atilde;o e reconven&ccedil;&atilde;o. Revelia. Efeitos da revelia.<\/span>\n<\/p>\n<p style=\"text-align: justify\">\n\t<span style=\"color:#000000\">17 Julgamento conforme o estado do processo.<\/span>\n<\/p>\n<p style=\"text-align: justify\">\n\t<span style=\"color:#000000\">18 Audi&ecirc;ncia de instru&ccedil;&atilde;o e julgamento.<\/span>\n<\/p>\n<p style=\"text-align: justify\">\n\t<span style=\"color:#000000\">19 Prova. Princ&iacute;pios gerais. &Ocirc;nus da prova.<\/span>\n<\/p>\n<p style=\"text-align: justify\">\n\t<span style=\"color:#000000\">20 Senten&ccedil;a. Coisa julgada formal e material. Preclus&atilde;o.<\/span>\n<\/p>\n<p style=\"text-align: justify\">\n\t<span style=\"color:#000000\">21 Duplo grau de jurisdi&ccedil;&atilde;o. Recursos. Incidente de uniformiza&ccedil;&atilde;o de jurisprud&ecirc;ncia.<\/span>\n<\/p>\n<p style=\"text-align: justify\">\n\t<span style=\"color:#000000\">22 Reclama&ccedil;&atilde;o e correi&ccedil;&atilde;o.<\/span>\n<\/p>\n<p style=\"text-align: justify\">\n\t<span style=\"color:#000000\">23 A&ccedil;&atilde;o rescis&oacute;ria.<\/span>\n<\/p>\n<p style=\"text-align: justify\">\n\t<span style=\"color:#000000\">24 A&ccedil;&atilde;o monit&oacute;ria.<\/span>\n<\/p>\n<p style=\"text-align: justify\">\n\t<span style=\"color:#000000\">25 Liquida&ccedil;&atilde;o de senten&ccedil;a. Execu&ccedil;&atilde;o. Regras gerais. Partes. Compet&ecirc;ncia. Responsabilidade patrimonial.<\/span>\n<\/p>\n<p style=\"text-align: justify\">\n\t<span style=\"color:#000000\">26 T&iacute;tulo executivo judicial e extrajudicial.<\/span>\n<\/p>\n<p style=\"text-align: justify\">\n\t<span style=\"color:#000000\">27 Execu&ccedil;&atilde;o por quantia certa contra devedor solvente e contra devedor insolvente.<\/span>\n<\/p>\n<p style=\"text-align: justify\">\n\t<span style=\"color:#000000\">28 Execu&ccedil;&atilde;o para entrega de coisa.<\/span>\n<\/p>\n<p style=\"text-align: justify\">\n\t<span style=\"color:#000000\">29 Execu&ccedil;&atilde;o de obriga&ccedil;&atilde;o de fazer e de n&atilde;o fazer.<\/span>\n<\/p>\n<p style=\"text-align: justify\">\n\t<span style=\"color:#000000\">30 Execu&ccedil;&atilde;o contra a fazenda p&uacute;blica.<\/span>\n<\/p>\n<p style=\"text-align: justify\">\n\t<span style=\"color:#000000\">31 Embargos &agrave; execu&ccedil;&atilde;o.<\/span>\n<\/p>\n<p style=\"text-align: justify\">\n\t<span style=\"color:#000000\">32 Minist&eacute;rio P&uacute;blico no processo civil.<\/span>\n<\/p>\n<p style=\"text-align: justify\">\n\t<span style=\"color:#000000\">33 A&ccedil;&atilde;o popular.<\/span>\n<\/p>\n<p style=\"text-align: justify\">\n\t<span style=\"color:#000000\">34 Mandado de seguran&ccedil;a.<\/span>\n<\/p>\n<p style=\"text-align: justify\">\n\t<span style=\"color:#000000\">35 Mandado de injun&ccedil;&atilde;o.<\/span>\n<\/p>\n<p style=\"text-align: justify\">\n\t<span style=\"color:#000000\">36 Habeas data.<\/span>\n<\/p>\n<p style=\"text-align: justify\">\n\t<span style=\"color:#000000\">37 A&ccedil;&atilde;o declarat&oacute;ria. Declarat&oacute;ria incidental.<\/span>\n<\/p>\n<p style=\"text-align: justify\">\n\t<span style=\"color:#000000\">38 A&ccedil;&atilde;o discriminat&oacute;ria.<\/span>\n<\/p>\n<p style=\"text-align: justify\">\n\t<span style=\"color:#000000\">39 A&ccedil;&atilde;o de usucapi&atilde;o.<\/span>\n<\/p>\n<p style=\"text-align: justify\">\n\t<span style=\"color:#000000\">40 A&ccedil;&atilde;o de consigna&ccedil;&atilde;o em pagamento.<\/span>\n<\/p>\n<p style=\"text-align: justify\">\n\t<span style=\"color:#000000\">41 A&ccedil;&atilde;o de despejo e renovat&oacute;ria.<\/span>\n<\/p>\n<p style=\"text-align: justify\">\n\t<span style=\"color:#000000\">42 A&ccedil;&atilde;o de desapropria&ccedil;&atilde;o.<\/span>\n<\/p>\n<p style=\"text-align: justify\">\n\t<span style=\"color:#000000\">43 A&ccedil;&otilde;es possess&oacute;rias.<\/span>\n<\/p>\n<p style=\"text-align: justify\">\n\t<span style=\"color:#000000\">44 Embargos de terceiro.<\/span>\n<\/p>\n<p style=\"text-align: justify\">\n\t<span style=\"color:#000000\">45 A&ccedil;&atilde;o c&iacute;vel origin&aacute;ria nos tribunais.<\/span>\n<\/p>\n<p style=\"text-align: justify\">\n\t<span style=\"color:#000000\">46 Tutela antecipada e tutela espec&iacute;fica.<\/span>\n<\/p>\n<p style=\"text-align: justify\">\n\t<span style=\"color:#000000\">47 Medidas cautelares.<\/span>\n<\/p>\n<p style=\"text-align: justify\">\n\t<span style=\"color:#000000\">48 Juizados especiais.<\/span>\n<\/p>\n<p style=\"text-align: justify\">\n\t<span style=\"color:#000000\">49 Execu&ccedil;&atilde;o Fiscal.<\/span>\n<\/p>\n<p style=\"text-align: justify\">\n\t&nbsp;\n<\/p>\n<h3 style=\"text-align: center\">\n\t<span style=\"color:#000000\"><strong>DIREITOS DIFUSOS E COLETIVOS<\/strong><\/span><br \/>\n<\/h3>\n<p style=\"text-align: justify\">\n\t<span style=\"color:#000000\">1. Teoria Constitucional dos Direitos Difusos e Coletivos.<\/span>\n<\/p>\n<p style=\"text-align: justify\">\n\t<span style=\"color:#000000\">1.1 Interesse p&uacute;blico e privado.<\/span>\n<\/p>\n<p style=\"text-align: justify\">\n\t<span style=\"color:#000000\">1.2 Interesse p&uacute;blico prim&aacute;rio e secund&aacute;rio.<\/span>\n<\/p>\n<p style=\"text-align: justify\">\n\t<span style=\"color:#000000\">1.3 Interesses transindividuais e sua tutela coletiva.<\/span>\n<\/p>\n<p style=\"text-align: justify\">\n\t<span style=\"color:#000000\">1.4 Interesses difusos, coletivos e individual homog&ecirc;neos.<\/span>\n<\/p>\n<p style=\"text-align: justify\">\n\t<span style=\"color:#000000\">1.5 Legitimidade Ordin&aacute;ria e extraordin&aacute;ria.<\/span>\n<\/p>\n<p style=\"text-align: justify\">\n\t<span style=\"color:#000000\">1.6 A defesa judicial dos interesses transindividuais.<\/span>\n<\/p>\n<p style=\"text-align: justify\">\n\t<span style=\"color:#000000\">2. A&ccedil;&atilde;o Civil P&uacute;blica.<\/span>\n<\/p>\n<p style=\"text-align: justify\">\n\t<span style=\"color:#000000\">3 Defesa das pessoas Idosas.<\/span>\n<\/p>\n<p style=\"text-align: justify\">\n\t<span style=\"color:#000000\">3 Improbidade Administrativa.<\/span>\n<\/p>\n<p style=\"text-align: justify\">\n\t<span style=\"color:#000000\">4 Prote&ccedil;&atilde;o ao meio ambiente.<\/span>\n<\/p>\n<p style=\"text-align: justify\">\n\t<span style=\"color:#000000\">5. Prote&ccedil;&atilde;o ao patrim&ocirc;nio cultural e ao patrim&ocirc;nio p&uacute;blico e social.<\/span>\n<\/p>\n<p style=\"text-align: justify\">\n\t<span style=\"color:#000000\">6. Defesa das pessoas portadoras de defici&ecirc;ncia.<\/span>\n<\/p>\n<p style=\"text-align: justify\">\n\t<span style=\"color:#000000\">7. Defesa da ordem urban&iacute;stica.<\/span>\n<\/p>\n<p style=\"text-align: justify\">\n\t&nbsp;\n<\/p>\n<h3 style=\"text-align: center\">\n\t<span style=\"color:#000000\"><strong>DIREITO DA CRIAN&Ccedil;A E DO ADOLESCENTE<\/strong><\/span><br \/>\n<\/h3>\n<p style=\"text-align: justify\">\n\t<span style=\"color:#000000\">1 A Constitui&ccedil;&atilde;o de 1988 e a inf&acirc;ncia e juventude.<\/span>\n<\/p>\n<p style=\"text-align: justify\">\n\t<span style=\"color:#000000\">2 Estatuto da Crian&ccedil;a e do Adolescente (Lei n.&ordm; 8.069\/90).<\/span>\n<\/p>\n<p style=\"text-align: justify\">\n\t&nbsp;\n<\/p>\n<h3 style=\"text-align: center\">\n\t<span style=\"color:#000000\"><strong>DIREITO DO CONSUMIDOR<\/strong><\/span><br \/>\n<\/h3>\n<p style=\"text-align: justify\">\n\t<span style=\"color:#000000\">1 Conceito de Consumidor, Fornecedor, Produto e Servi&ccedil;o.<\/span>\n<\/p>\n<p style=\"text-align: justify\">\n\t<span style=\"color:#000000\">2 Direitos B&aacute;sicos do Consumidor.<\/span>\n<\/p>\n<p style=\"text-align: justify\">\n\t<span style=\"color:#000000\">3 Da Prote&ccedil;&atilde;o &agrave; Sa&uacute;de e Seguran&ccedil;a. Responsabilidade pelo Fato do Produto e do<\/span>\n<\/p>\n<p style=\"text-align: justify\">\n\t<span style=\"color:#000000\">Servi&ccedil;o. Responsabilidade por V&iacute;cio do Produto ou Servi&ccedil;o. Decad&ecirc;ncia e Prescri&ccedil;&atilde;o. Desconsidera&ccedil;&atilde;o da Personalidade Jur&iacute;dica.<\/span>\n<\/p>\n<p style=\"text-align: justify\">\n\t<span style=\"color:#000000\">4 Pratica Comercial, Publicidade, Pratica Abusiva, Cobran&ccedil;a de D&iacute;vidas e Banco de Dados e Cadastro de Consumidor.<\/span>\n<\/p>\n<p style=\"text-align: justify\">\n\t<span style=\"color:#000000\">5 Prote&ccedil;&atilde;o Contratual do Consumidor.<\/span>\n<\/p>\n<p style=\"text-align: justify\">\n\t<span style=\"color:#000000\">6 San&ccedil;&otilde;es Administrativas.<\/span>\n<\/p>\n<p style=\"text-align: justify\">\n\t<span style=\"color:#000000\">7 Da Defesa do Consumidor em Ju&iacute;zo. Da Legitimidade do Minist&eacute;rio P&uacute;blico. Das<\/span>\n<\/p>\n<p style=\"text-align: justify\">\n\t<span style=\"color:#000000\">A&ccedil;&otilde;es Coletivas. Da Coisa Julgada.<\/span>\n<\/p>\n<p style=\"text-align: justify\">\n\t&nbsp;\n<\/p>\n<h3 style=\"text-align: center\">\n\t<span style=\"color:#000000\"><strong>PRINC&Iacute;PIOS E ATRIBUI&Ccedil;&Otilde;ES INSTITUCIONAIS DA DEFENSORIA P&Uacute;BLICA<\/strong><\/span><br \/>\n<\/h3>\n<p style=\"text-align: justify\">\n\t<span style=\"color:#000000\">1 A Defensoria P&uacute;blica na Constitui&ccedil;&atilde;o Federal.<\/span>\n<\/p>\n<p style=\"text-align: justify\">\n\t<span style=\"color:#000000\">2 A Defensoria P&uacute;blica no Estado de Alagoas.<\/span>\n<\/p>\n<p style=\"text-align: justify\">\n\t<span style=\"color:#000000\">2.1 Estrutura e organiza&ccedil;&atilde;o da Defensoria P&uacute;blica do Estado de Alagoas (Lei Delegada n.&ordm; 23\/2003).<\/span>\n<\/p>\n<p style=\"text-align: justify\">\n\t<span style=\"color:#000000\">2.2 Regimento Interno da Defensoria P&uacute;blica do Estado de Alagoas (Decreto n.&ordm; &nbsp;1330\/2003).<\/span>\n<\/p>\n<p style=\"text-align: justify\">\n\t<span style=\"color:#000000\">3 Lei n.&ordm; 1.060\/1950 e altera&ccedil;&otilde;es.<\/span>\n<\/p>\n<p style=\"text-align: justify\">\n\t<span style=\"color:#000000\">4 Lei Complementar Federal n.&ordm; 80\/1994.<\/span>\n<\/p>\n<p style=\"text-align: justify\">\n\t&nbsp;\n<\/p>\n<p style=\"text-align: justify\">\n\t&nbsp;\n<\/p>\n<p style=\"text-align: justify\">\n\t&nbsp;<\/p>\n","protected":false},"excerpt":{"rendered":"<p>O Edital Defensoria AL est&aacute; pr&oacute;ximo. &nbsp; A banca para o pr&oacute;ximo concurso da Defensoria P&uacute;blica de Alagoas (Defensoria AL) j&aacute; foi escolhida. No dia 12\/04\/2017, foi publicado, no Di&aacute;rio Oficial do Estado de Alagoas, o Extrato do&nbsp;Contrato&nbsp;DPE\/AL 16\/2017 que designa o Centro Brasileiro de Pesquisa em Avalia&ccedil;&atilde;o e Sele&ccedil;&atilde;o e de Promo&ccedil;&atilde;o de Eventos [&hellip;]<\/p>\n","protected":false},"author":99,"featured_media":0,"comment_status":"open","ping_status":"open","sticky":false,"template":"","format":"standard","meta":{"post_tipo":"article","footnotes":""},"categories":[1],"tags":[],"tax_estado":[],"class_list":["post-70719","post","type-post","status-publish","format-standard","hentry","category-cursos-e-concursos"],"acf":[],"yoast_head":"<!-- This site is optimized with the Yoast SEO Premium plugin v27.2 (Yoast SEO v27.2) - https:\/\/yoast.com\/product\/yoast-seo-premium-wordpress\/ -->\n<title>Edital Defensoria AL - An\u00e1lise do edital do \u00faltimo concurso<\/title>\n<meta name=\"robots\" content=\"index, follow, max-snippet:-1, max-image-preview:large, max-video-preview:-1\" \/>\n<link rel=\"canonical\" href=\"https:\/\/www.estrategiaconcursos.com.br\/blog\/edital-defensoria-al-analise-do-edital-do-ultimo-concurso\/\" \/>\n<meta property=\"og:locale\" content=\"pt_BR\" \/>\n<meta property=\"og:type\" content=\"article\" \/>\n<meta property=\"og:title\" content=\"Edital Defensoria AL - An\u00e1lise do edital do \u00faltimo concurso\" \/>\n<meta property=\"og:description\" content=\"O Edital Defensoria AL est&aacute; pr&oacute;ximo. &nbsp; A banca para o pr&oacute;ximo concurso da Defensoria P&uacute;blica de Alagoas (Defensoria AL) j&aacute; foi escolhida. No dia 12\/04\/2017, foi publicado, no Di&aacute;rio Oficial do Estado de Alagoas, o Extrato do&nbsp;Contrato&nbsp;DPE\/AL 16\/2017 que designa o Centro Brasileiro de Pesquisa em Avalia&ccedil;&atilde;o e Sele&ccedil;&atilde;o e de Promo&ccedil;&atilde;o de Eventos [&hellip;]\" \/>\n<meta property=\"og:url\" content=\"https:\/\/www.estrategiaconcursos.com.br\/blog\/edital-defensoria-al-analise-do-edital-do-ultimo-concurso\/\" \/>\n<meta property=\"og:site_name\" content=\"Estrat\u00e9gia Concursos\" \/>\n<meta property=\"article:published_time\" content=\"2017-04-13T22:49:11+00:00\" \/>\n<meta property=\"article:modified_time\" content=\"2017-05-09T16:00:51+00:00\" \/>\n<meta property=\"og:image\" content=\"https:\/\/www.estrategiaconcursos.com.br\/blog\/wp-content\/uploads\/2017\/04\/concurso-dpe-al.png\" \/>\n<meta name=\"author\" content=\"Paulo Guimar\u00e3es\" \/>\n<meta name=\"twitter:card\" content=\"summary_large_image\" \/>\n<meta name=\"twitter:creator\" content=\"@EstratConcursos\" \/>\n<meta name=\"twitter:site\" content=\"@EstratConcursos\" \/>\n<meta name=\"twitter:label1\" content=\"Escrito por\" \/>\n\t<meta name=\"twitter:data1\" content=\"Paulo Guimar\u00e3es\" \/>\n\t<meta name=\"twitter:label2\" content=\"Est. tempo de leitura\" \/>\n\t<meta name=\"twitter:data2\" content=\"23 minutos\" \/>\n<script type=\"application\/ld+json\" class=\"yoast-schema-graph\">{\"@context\":\"https:\/\/schema.org\",\"@graph\":[{\"@type\":\"NewsArticle\",\"@id\":\"https:\/\/www.estrategiaconcursos.com.br\/blog\/edital-defensoria-al-analise-do-edital-do-ultimo-concurso\/#article\",\"isPartOf\":{\"@id\":\"https:\/\/www.estrategiaconcursos.com.br\/blog\/edital-defensoria-al-analise-do-edital-do-ultimo-concurso\/\"},\"author\":{\"name\":\"Paulo Guimar\u00e3es\",\"@id\":\"https:\/\/www.estrategiaconcursos.com.br\/blog\/#\/schema\/person\/80ff9f9f52e43a90b6efd99f2869d22b\"},\"headline\":\"Edital Defensoria AL &#8211; An\u00e1lise do edital do \u00faltimo concurso\",\"datePublished\":\"2017-04-13T22:49:11+00:00\",\"dateModified\":\"2017-05-09T16:00:51+00:00\",\"mainEntityOfPage\":{\"@id\":\"https:\/\/www.estrategiaconcursos.com.br\/blog\/edital-defensoria-al-analise-do-edital-do-ultimo-concurso\/\"},\"wordCount\":4592,\"commentCount\":0,\"publisher\":{\"@id\":\"https:\/\/www.estrategiaconcursos.com.br\/blog\/#organization\"},\"image\":{\"@id\":\"https:\/\/www.estrategiaconcursos.com.br\/blog\/edital-defensoria-al-analise-do-edital-do-ultimo-concurso\/#primaryimage\"},\"thumbnailUrl\":\"https:\/\/www.estrategiaconcursos.com.br\/blog\/wp-content\/uploads\/2017\/04\/concurso-dpe-al.png\",\"articleSection\":[\"Concursos P\u00fablicos\"],\"inLanguage\":\"pt-BR\",\"potentialAction\":[{\"@type\":\"CommentAction\",\"name\":\"Comment\",\"target\":[\"https:\/\/www.estrategiaconcursos.com.br\/blog\/edital-defensoria-al-analise-do-edital-do-ultimo-concurso\/#respond\"]}],\"copyrightYear\":\"2017\",\"copyrightHolder\":{\"@id\":\"https:\/\/www.estrategiaconcursos.com.br\/blog\/#organization\"}},{\"@type\":\"WebPage\",\"@id\":\"https:\/\/www.estrategiaconcursos.com.br\/blog\/edital-defensoria-al-analise-do-edital-do-ultimo-concurso\/\",\"url\":\"https:\/\/www.estrategiaconcursos.com.br\/blog\/edital-defensoria-al-analise-do-edital-do-ultimo-concurso\/\",\"name\":\"Edital Defensoria AL - An\u00e1lise do edital do \u00faltimo concurso\",\"isPartOf\":{\"@id\":\"https:\/\/www.estrategiaconcursos.com.br\/blog\/#website\"},\"primaryImageOfPage\":{\"@id\":\"https:\/\/www.estrategiaconcursos.com.br\/blog\/edital-defensoria-al-analise-do-edital-do-ultimo-concurso\/#primaryimage\"},\"image\":{\"@id\":\"https:\/\/www.estrategiaconcursos.com.br\/blog\/edital-defensoria-al-analise-do-edital-do-ultimo-concurso\/#primaryimage\"},\"thumbnailUrl\":\"https:\/\/www.estrategiaconcursos.com.br\/blog\/wp-content\/uploads\/2017\/04\/concurso-dpe-al.png\",\"datePublished\":\"2017-04-13T22:49:11+00:00\",\"dateModified\":\"2017-05-09T16:00:51+00:00\",\"breadcrumb\":{\"@id\":\"https:\/\/www.estrategiaconcursos.com.br\/blog\/edital-defensoria-al-analise-do-edital-do-ultimo-concurso\/#breadcrumb\"},\"inLanguage\":\"pt-BR\",\"potentialAction\":[{\"@type\":\"ReadAction\",\"target\":[\"https:\/\/www.estrategiaconcursos.com.br\/blog\/edital-defensoria-al-analise-do-edital-do-ultimo-concurso\/\"]}]},{\"@type\":\"ImageObject\",\"inLanguage\":\"pt-BR\",\"@id\":\"https:\/\/www.estrategiaconcursos.com.br\/blog\/edital-defensoria-al-analise-do-edital-do-ultimo-concurso\/#primaryimage\",\"url\":\"https:\/\/dhg1h5j42swfq.cloudfront.net\/2017\/04\/12162053\/concurso-dpe-al.png\",\"contentUrl\":\"https:\/\/dhg1h5j42swfq.cloudfront.net\/2017\/04\/12162053\/concurso-dpe-al.png\",\"width\":748,\"height\":528,\"caption\":\"concurso dpe al\"},{\"@type\":\"BreadcrumbList\",\"@id\":\"https:\/\/www.estrategiaconcursos.com.br\/blog\/edital-defensoria-al-analise-do-edital-do-ultimo-concurso\/#breadcrumb\",\"itemListElement\":[{\"@type\":\"ListItem\",\"position\":1,\"name\":\"In\u00edcio\",\"item\":\"https:\/\/www.estrategiaconcursos.com.br\/blog\/\"},{\"@type\":\"ListItem\",\"position\":2,\"name\":\"Edital Defensoria AL &#8211; An\u00e1lise do edital do \u00faltimo concurso\"}]},{\"@type\":\"WebSite\",\"@id\":\"https:\/\/www.estrategiaconcursos.com.br\/blog\/#website\",\"url\":\"https:\/\/www.estrategiaconcursos.com.br\/blog\/\",\"name\":\"Estrat\u00e9gia Concursos\",\"description\":\"O blog da Estrat\u00e9gia Concursos traz not\u00edcias sobre concursos e artigos de professores oferecendo cursos para concursos (pdf + videaulas) no site.\",\"publisher\":{\"@id\":\"https:\/\/www.estrategiaconcursos.com.br\/blog\/#organization\"},\"potentialAction\":[{\"@type\":\"SearchAction\",\"target\":{\"@type\":\"EntryPoint\",\"urlTemplate\":\"https:\/\/www.estrategiaconcursos.com.br\/blog\/?s={search_term_string}\"},\"query-input\":{\"@type\":\"PropertyValueSpecification\",\"valueRequired\":true,\"valueName\":\"search_term_string\"}}],\"inLanguage\":\"pt-BR\"},{\"@type\":\"Organization\",\"@id\":\"https:\/\/www.estrategiaconcursos.com.br\/blog\/#organization\",\"name\":\"Estrat\u00e9gia Concursos\",\"url\":\"https:\/\/www.estrategiaconcursos.com.br\/blog\/\",\"logo\":{\"@type\":\"ImageObject\",\"inLanguage\":\"pt-BR\",\"@id\":\"https:\/\/www.estrategiaconcursos.com.br\/blog\/#\/schema\/logo\/image\/\",\"url\":\"https:\/\/dhg1h5j42swfq.cloudfront.net\/2025\/06\/03203428\/logo_concursos-1.jpg\",\"contentUrl\":\"https:\/\/dhg1h5j42swfq.cloudfront.net\/2025\/06\/03203428\/logo_concursos-1.jpg\",\"width\":230,\"height\":60,\"caption\":\"Estrat\u00e9gia Concursos\"},\"image\":{\"@id\":\"https:\/\/www.estrategiaconcursos.com.br\/blog\/#\/schema\/logo\/image\/\"},\"sameAs\":[\"https:\/\/x.com\/EstratConcursos\"]},{\"@type\":\"Person\",\"@id\":\"https:\/\/www.estrategiaconcursos.com.br\/blog\/#\/schema\/person\/80ff9f9f52e43a90b6efd99f2869d22b\",\"name\":\"Paulo Guimar\u00e3es\",\"image\":{\"@type\":\"ImageObject\",\"inLanguage\":\"pt-BR\",\"@id\":\"https:\/\/secure.gravatar.com\/avatar\/08d24bbaa2d103a1d6aba72ee81baa1680267436588d5d9cfb8d32c3aa4ca278?s=96&d=mm&r=g\",\"url\":\"https:\/\/secure.gravatar.com\/avatar\/08d24bbaa2d103a1d6aba72ee81baa1680267436588d5d9cfb8d32c3aa4ca278?s=96&d=mm&r=g\",\"contentUrl\":\"https:\/\/secure.gravatar.com\/avatar\/08d24bbaa2d103a1d6aba72ee81baa1680267436588d5d9cfb8d32c3aa4ca278?s=96&d=mm&r=g\",\"caption\":\"Paulo Guimar\u00e3es\"},\"url\":\"https:\/\/www.estrategiaconcursos.com.br\/blog\/author\/pauloguimaraesestrategiaconcursos-com-br\/\"}]}<\/script>\n<!-- \/ Yoast SEO Premium plugin. -->","yoast_head_json":{"title":"Edital Defensoria AL - An\u00e1lise do edital do \u00faltimo concurso","robots":{"index":"index","follow":"follow","max-snippet":"max-snippet:-1","max-image-preview":"max-image-preview:large","max-video-preview":"max-video-preview:-1"},"canonical":"https:\/\/www.estrategiaconcursos.com.br\/blog\/edital-defensoria-al-analise-do-edital-do-ultimo-concurso\/","og_locale":"pt_BR","og_type":"article","og_title":"Edital Defensoria AL - An\u00e1lise do edital do \u00faltimo concurso","og_description":"O Edital Defensoria AL est&aacute; pr&oacute;ximo. &nbsp; A banca para o pr&oacute;ximo concurso da Defensoria P&uacute;blica de Alagoas (Defensoria AL) j&aacute; foi escolhida. No dia 12\/04\/2017, foi publicado, no Di&aacute;rio Oficial do Estado de Alagoas, o Extrato do&nbsp;Contrato&nbsp;DPE\/AL 16\/2017 que designa o Centro Brasileiro de Pesquisa em Avalia&ccedil;&atilde;o e Sele&ccedil;&atilde;o e de Promo&ccedil;&atilde;o de Eventos [&hellip;]","og_url":"https:\/\/www.estrategiaconcursos.com.br\/blog\/edital-defensoria-al-analise-do-edital-do-ultimo-concurso\/","og_site_name":"Estrat\u00e9gia Concursos","article_published_time":"2017-04-13T22:49:11+00:00","article_modified_time":"2017-05-09T16:00:51+00:00","og_image":[{"url":"https:\/\/www.estrategiaconcursos.com.br\/blog\/wp-content\/uploads\/2017\/04\/concurso-dpe-al.png","type":"","width":"","height":""}],"author":"Paulo Guimar\u00e3es","twitter_card":"summary_large_image","twitter_creator":"@EstratConcursos","twitter_site":"@EstratConcursos","twitter_misc":{"Escrito por":"Paulo Guimar\u00e3es","Est. tempo de leitura":"23 minutos"},"schema":{"@context":"https:\/\/schema.org","@graph":[{"@type":"NewsArticle","@id":"https:\/\/www.estrategiaconcursos.com.br\/blog\/edital-defensoria-al-analise-do-edital-do-ultimo-concurso\/#article","isPartOf":{"@id":"https:\/\/www.estrategiaconcursos.com.br\/blog\/edital-defensoria-al-analise-do-edital-do-ultimo-concurso\/"},"author":{"name":"Paulo Guimar\u00e3es","@id":"https:\/\/www.estrategiaconcursos.com.br\/blog\/#\/schema\/person\/80ff9f9f52e43a90b6efd99f2869d22b"},"headline":"Edital Defensoria AL &#8211; An\u00e1lise do edital do \u00faltimo concurso","datePublished":"2017-04-13T22:49:11+00:00","dateModified":"2017-05-09T16:00:51+00:00","mainEntityOfPage":{"@id":"https:\/\/www.estrategiaconcursos.com.br\/blog\/edital-defensoria-al-analise-do-edital-do-ultimo-concurso\/"},"wordCount":4592,"commentCount":0,"publisher":{"@id":"https:\/\/www.estrategiaconcursos.com.br\/blog\/#organization"},"image":{"@id":"https:\/\/www.estrategiaconcursos.com.br\/blog\/edital-defensoria-al-analise-do-edital-do-ultimo-concurso\/#primaryimage"},"thumbnailUrl":"https:\/\/www.estrategiaconcursos.com.br\/blog\/wp-content\/uploads\/2017\/04\/concurso-dpe-al.png","articleSection":["Concursos P\u00fablicos"],"inLanguage":"pt-BR","potentialAction":[{"@type":"CommentAction","name":"Comment","target":["https:\/\/www.estrategiaconcursos.com.br\/blog\/edital-defensoria-al-analise-do-edital-do-ultimo-concurso\/#respond"]}],"copyrightYear":"2017","copyrightHolder":{"@id":"https:\/\/www.estrategiaconcursos.com.br\/blog\/#organization"}},{"@type":"WebPage","@id":"https:\/\/www.estrategiaconcursos.com.br\/blog\/edital-defensoria-al-analise-do-edital-do-ultimo-concurso\/","url":"https:\/\/www.estrategiaconcursos.com.br\/blog\/edital-defensoria-al-analise-do-edital-do-ultimo-concurso\/","name":"Edital Defensoria AL - An\u00e1lise do edital do \u00faltimo concurso","isPartOf":{"@id":"https:\/\/www.estrategiaconcursos.com.br\/blog\/#website"},"primaryImageOfPage":{"@id":"https:\/\/www.estrategiaconcursos.com.br\/blog\/edital-defensoria-al-analise-do-edital-do-ultimo-concurso\/#primaryimage"},"image":{"@id":"https:\/\/www.estrategiaconcursos.com.br\/blog\/edital-defensoria-al-analise-do-edital-do-ultimo-concurso\/#primaryimage"},"thumbnailUrl":"https:\/\/www.estrategiaconcursos.com.br\/blog\/wp-content\/uploads\/2017\/04\/concurso-dpe-al.png","datePublished":"2017-04-13T22:49:11+00:00","dateModified":"2017-05-09T16:00:51+00:00","breadcrumb":{"@id":"https:\/\/www.estrategiaconcursos.com.br\/blog\/edital-defensoria-al-analise-do-edital-do-ultimo-concurso\/#breadcrumb"},"inLanguage":"pt-BR","potentialAction":[{"@type":"ReadAction","target":["https:\/\/www.estrategiaconcursos.com.br\/blog\/edital-defensoria-al-analise-do-edital-do-ultimo-concurso\/"]}]},{"@type":"ImageObject","inLanguage":"pt-BR","@id":"https:\/\/www.estrategiaconcursos.com.br\/blog\/edital-defensoria-al-analise-do-edital-do-ultimo-concurso\/#primaryimage","url":"https:\/\/dhg1h5j42swfq.cloudfront.net\/2017\/04\/12162053\/concurso-dpe-al.png","contentUrl":"https:\/\/dhg1h5j42swfq.cloudfront.net\/2017\/04\/12162053\/concurso-dpe-al.png","width":748,"height":528,"caption":"concurso dpe al"},{"@type":"BreadcrumbList","@id":"https:\/\/www.estrategiaconcursos.com.br\/blog\/edital-defensoria-al-analise-do-edital-do-ultimo-concurso\/#breadcrumb","itemListElement":[{"@type":"ListItem","position":1,"name":"In\u00edcio","item":"https:\/\/www.estrategiaconcursos.com.br\/blog\/"},{"@type":"ListItem","position":2,"name":"Edital Defensoria AL &#8211; An\u00e1lise do edital do \u00faltimo concurso"}]},{"@type":"WebSite","@id":"https:\/\/www.estrategiaconcursos.com.br\/blog\/#website","url":"https:\/\/www.estrategiaconcursos.com.br\/blog\/","name":"Estrat\u00e9gia Concursos","description":"O blog da Estrat\u00e9gia Concursos traz not\u00edcias sobre concursos e artigos de professores oferecendo cursos para concursos (pdf + videaulas) no site.","publisher":{"@id":"https:\/\/www.estrategiaconcursos.com.br\/blog\/#organization"},"potentialAction":[{"@type":"SearchAction","target":{"@type":"EntryPoint","urlTemplate":"https:\/\/www.estrategiaconcursos.com.br\/blog\/?s={search_term_string}"},"query-input":{"@type":"PropertyValueSpecification","valueRequired":true,"valueName":"search_term_string"}}],"inLanguage":"pt-BR"},{"@type":"Organization","@id":"https:\/\/www.estrategiaconcursos.com.br\/blog\/#organization","name":"Estrat\u00e9gia Concursos","url":"https:\/\/www.estrategiaconcursos.com.br\/blog\/","logo":{"@type":"ImageObject","inLanguage":"pt-BR","@id":"https:\/\/www.estrategiaconcursos.com.br\/blog\/#\/schema\/logo\/image\/","url":"https:\/\/dhg1h5j42swfq.cloudfront.net\/2025\/06\/03203428\/logo_concursos-1.jpg","contentUrl":"https:\/\/dhg1h5j42swfq.cloudfront.net\/2025\/06\/03203428\/logo_concursos-1.jpg","width":230,"height":60,"caption":"Estrat\u00e9gia Concursos"},"image":{"@id":"https:\/\/www.estrategiaconcursos.com.br\/blog\/#\/schema\/logo\/image\/"},"sameAs":["https:\/\/x.com\/EstratConcursos"]},{"@type":"Person","@id":"https:\/\/www.estrategiaconcursos.com.br\/blog\/#\/schema\/person\/80ff9f9f52e43a90b6efd99f2869d22b","name":"Paulo Guimar\u00e3es","image":{"@type":"ImageObject","inLanguage":"pt-BR","@id":"https:\/\/secure.gravatar.com\/avatar\/08d24bbaa2d103a1d6aba72ee81baa1680267436588d5d9cfb8d32c3aa4ca278?s=96&d=mm&r=g","url":"https:\/\/secure.gravatar.com\/avatar\/08d24bbaa2d103a1d6aba72ee81baa1680267436588d5d9cfb8d32c3aa4ca278?s=96&d=mm&r=g","contentUrl":"https:\/\/secure.gravatar.com\/avatar\/08d24bbaa2d103a1d6aba72ee81baa1680267436588d5d9cfb8d32c3aa4ca278?s=96&d=mm&r=g","caption":"Paulo Guimar\u00e3es"},"url":"https:\/\/www.estrategiaconcursos.com.br\/blog\/author\/pauloguimaraesestrategiaconcursos-com-br\/"}]}},"_links":{"self":[{"href":"https:\/\/www.estrategiaconcursos.com.br\/blog\/wp-json\/wp\/v2\/posts\/70719","targetHints":{"allow":["GET"]}}],"collection":[{"href":"https:\/\/www.estrategiaconcursos.com.br\/blog\/wp-json\/wp\/v2\/posts"}],"about":[{"href":"https:\/\/www.estrategiaconcursos.com.br\/blog\/wp-json\/wp\/v2\/types\/post"}],"author":[{"embeddable":true,"href":"https:\/\/www.estrategiaconcursos.com.br\/blog\/wp-json\/wp\/v2\/users\/99"}],"replies":[{"embeddable":true,"href":"https:\/\/www.estrategiaconcursos.com.br\/blog\/wp-json\/wp\/v2\/comments?post=70719"}],"version-history":[{"count":46,"href":"https:\/\/www.estrategiaconcursos.com.br\/blog\/wp-json\/wp\/v2\/posts\/70719\/revisions"}],"predecessor-version":[{"id":70803,"href":"https:\/\/www.estrategiaconcursos.com.br\/blog\/wp-json\/wp\/v2\/posts\/70719\/revisions\/70803"}],"wp:attachment":[{"href":"https:\/\/www.estrategiaconcursos.com.br\/blog\/wp-json\/wp\/v2\/media?parent=70719"}],"wp:term":[{"taxonomy":"category","embeddable":true,"href":"https:\/\/www.estrategiaconcursos.com.br\/blog\/wp-json\/wp\/v2\/categories?post=70719"},{"taxonomy":"post_tag","embeddable":true,"href":"https:\/\/www.estrategiaconcursos.com.br\/blog\/wp-json\/wp\/v2\/tags?post=70719"},{"taxonomy":"tax_estado","embeddable":true,"href":"https:\/\/www.estrategiaconcursos.com.br\/blog\/wp-json\/wp\/v2\/tax_estado?post=70719"}],"curies":[{"name":"wp","href":"https:\/\/api.w.org\/{rel}","templated":true}]}}