{"id":70706,"date":"2017-04-13T16:14:50","date_gmt":"2017-04-13T19:14:50","guid":{"rendered":"https:\/\/www.estrategiaconcursos.com.br\/blog\/?p=70706"},"modified":"2017-04-13T16:18:02","modified_gmt":"2017-04-13T19:18:02","slug":"comentario-da-prova-de-direito-ambiental-da-pgm-fortaleza","status":"publish","type":"post","link":"https:\/\/www.estrategiaconcursos.com.br\/blog\/comentario-da-prova-de-direito-ambiental-da-pgm-fortaleza\/","title":{"rendered":"COMENT\u00c1RIO DA PROVA DE DIREITO AMBIENTAL DA PGM-FORTALEZA"},"content":{"rendered":"<p>\n\tOl&aacute;, pessoal, segue o coment&aacute;rio das quest&otilde;es de direito ambiental da PGM-FORTALEZA. Bons estudos.\n<\/p>\n<p>\n\tDe acordo com os princ&iacute;pios do direito ambiental, julgue os itens que se seguem.\n<\/p>\n<p>\n\t176 Por disciplinar situa&ccedil;&otilde;es que podem ocorrer antes do dano, o princ&iacute;pio da preven&ccedil;&atilde;o n&atilde;o inclui a restaura&ccedil;&atilde;o de recursos ambientais.<br \/>\n\t<span style=\"color:#FF0000\">Muitas vezes a restaura&ccedil;&atilde;o de recursos ambientais &eacute; essencial para a preven&ccedil;&atilde;o de futuros danos, motivo pelo qual a quest&atilde;o &eacute; ERRADA.<\/span>\n<\/p>\n<p>\n\t177 De acordo com o entendimento do STJ, n&atilde;o se considera o novo propriet&aacute;rio de &aacute;rea degradada parte leg&iacute;tima para responder a&ccedil;&atilde;o por dano ambiental, independentemente da exist&ecirc;ncia ou n&atilde;o de culpa.<br \/>\n\t<span style=\"color:#FF0000\">A obriga&ccedil;&atilde;o de reparar o dano ambiental &eacute; propter rem, ou seja, segue a coisa. Al&eacute;m do mais, &eacute; objetiva, ou seja, independe de culpa, motivo pelo qual a quest&atilde;o &eacute; ERRADA.<\/span>\n<\/p>\n<p>\n\t178 Ao usu&aacute;rio ser&aacute; imposta contribui&ccedil;&atilde;o pelos custos advindos da utiliza&ccedil;&atilde;o de recursos ambientais com fins econ&ocirc;micos.<br \/>\n\t<span style=\"color:#FF0000\">O enunciado materializa o princ&iacute;pio do usu&aacute;rio-pagador, motivo pelo qual a quest&atilde;o &eacute; CERTA.<\/span>\n<\/p>\n<p>\n\t179 O conceito de meio ambiente que vem embutido na norma jur&iacute;dica n&atilde;o abrange o conjunto de leis que rege a vida em todas as suas formas.<br \/>\n\t<span style=\"color:#FF0000\">O conceito de meio ambiente que vem embutido na norma jur&iacute;dica abrange sim o conjunto de leis que rege a vida em todas as suas formas, conforme artigo 3&ordm;, I da Lei 6.938\/81, motivo pelo qual a quest&atilde;o &eacute; ERRADA.<\/span>\n<\/p>\n<p>\n\tA respeito da Pol&iacute;tica Nacional de Meio Ambiente, dos recursos h&iacute;dricos e florestais e dos espa&ccedil;os territoriais especialmente protegidos, julgue os itens a seguir.\n<\/p>\n<p>\n\t180 Conforme o C&oacute;digo Florestal, todo propriet&aacute;rio de im&oacute;vel rural deve, a t&iacute;tulo de reserva legal, manter &aacute;rea com cobertura de vegeta&ccedil;&atilde;o nativa, a qual s&oacute; poder&aacute; ser explorada economicamente em caso de manejo sustent&aacute;vel.<br \/>\n\t<span style=\"color:#FF0000\">A manuten&ccedil;&atilde;o de reserva legal est&aacute; prevista no artigo 12 do C&oacute;digo Florestal. A utiliza&ccedil;&atilde;o econ&ocirc;mica da reserva legal ser&aacute; realizada por meio de manejo sustent&aacute;vel, conforme artigo 17, &sect;1&ordm; do C&oacute;digo Florestal, motivo pelo qual a quest&atilde;o &eacute; CERTA.<\/span>\n<\/p>\n<p>\n\t181 Nos parques nacionais, que s&atilde;o unidades de prote&ccedil;&atilde;o integral, &eacute; permitida a realiza&ccedil;&atilde;o de atividades educacionais e de recrea&ccedil;&atilde;o bem como o turismo ecol&oacute;gico.<br \/>\n\t<span style=\"color:#FF0000\">O enunciado est&aacute; de acordo com o artigo 8&ordm;, III c\/c o artigo 11 da Lei do SNUC, motivo pelo qual a quest&atilde;o &eacute; CERTA.<\/span>\n<\/p>\n<p>\n\t182 Conforme o disposto na Pol&iacute;tica Nacional do Meio Ambiente, polui&ccedil;&atilde;o consiste na degrada&ccedil;&atilde;o da qualidade ambiental resultante de atividade que crie, ainda que indiretamente, condi&ccedil;&atilde;o desfavor&aacute;vel ao desenvolvimento de atividades econ&ocirc;micas.<br \/>\n\t<span style=\"color:#FF0000\">O enunciado est&aacute; de acordo com o artigo 3&ordm;, III, &ldquo;b&rdquo; da Lei 6.938\/81, motivo pelo qual a quest&atilde;o &eacute; CERTA.<\/span>\n<\/p>\n<p>\n\t183 Compete privativamente ao Conselho Nacional do Meio Ambiente estabelecer normas e padr&otilde;es nacionais de controle da polui&ccedil;&atilde;o ocasionada por ve&iacute;culos automotores.<br \/>\n\t<span style=\"color:#FF0000\">O enunciado est&aacute; de acordo com o artigo 8&ordm;, VI da Lei 6.938\/81, motivo pelo qual a quest&atilde;o &eacute; CERTA.<\/span>\n<\/p>\n<p>\n\t184 De acordo com a Lei n.&ordm; 9.433\/1997, a unidade territorial para a implementa&ccedil;&atilde;o da Pol&iacute;tica Nacional de Recursos H&iacute;dricos &eacute; a bacia hidrogr&aacute;fica, cuja gest&atilde;o &eacute; centralizada e de responsabilidade dos entes da Federa&ccedil;&atilde;o por ela abrangidos.<br \/>\n\t<span style=\"color:#FF0000\">A primeira parte do enunciado est&aacute; correta, pois a unidade territorial para a implementa&ccedil;&atilde;o da Pol&iacute;tica Nacional de Recursos H&iacute;dricos &eacute; a bacia hidrogr&aacute;fica (artigo 1&ordm;, V), mas a gest&atilde;o &eacute; descentralizada (artigo 1&ordm;, VI), motivo pelo qual a quest&atilde;o &eacute; ERRADA.<\/span>\n<\/p>\n<p>\n\tA respeito de pol&iacute;tica urbana, responsabilidade e licenciamento ambiental, julgue os itens subsecutivos.\n<\/p>\n<p>\n\t185 Situa&ccedil;&atilde;o hipot&eacute;tica: Rafael resolveu entregar, espontaneamente, ao &oacute;rg&atilde;o ambiental competente uma ave migrat&oacute;ria nativa da floresta amaz&ocirc;nica que possu&iacute;a em casa sem a devida anu&ecirc;ncia da autoridade competente. Assertiva: Nessa situa&ccedil;&atilde;o, Rafael est&aacute; sujeito ao pagamento de multa, e seu ato ser&aacute; considerado atenuante na aplica&ccedil;&atilde;o da penalidade.<br \/>\n\t<span style=\"color:#FF0000\">A guarda de animal silvestre sem a devida licen&ccedil;a\/autoriza&ccedil;&atilde;o &eacute; crime previsto no artigo 29 da Lei 9.605\/98, sujeitando o infrator &agrave; pena de deten&ccedil;&atilde;o e multa, motivo pelo qual a quest&atilde;o &eacute; ERRADA.<\/span>\n<\/p>\n<p>\n\t186 Cortar madeira de lei para transform&aacute;-la em carv&atilde;o constitui crime tipificado na legisla&ccedil;&atilde;o brasileira; caso o referido crime seja praticado com o objetivo de explora&ccedil;&atilde;o econ&ocirc;mica, a pena ser&aacute; agravada.<br \/>\n\t<span style=\"color:#FF0000\">A pena aplicada ao referido crime &eacute; a mesma independente do fim comercial ou n&atilde;o, conforme artigo 45 da lei 9.605\/9, motivo pelo qual a quest&atilde;o &eacute; ERRADA.<\/span>\n<\/p>\n<p>\n\t187 No munic&iacute;pio de Fortaleza, de acordo com a legisla&ccedil;&atilde;o vigente, um projeto para a passagem de determinado equipamento que tenha como finalidade a presta&ccedil;&atilde;o de servi&ccedil;os para a transmiss&atilde;o de dados por cabo deve ser licenciado por autodeclara&ccedil;&atilde;o.<br \/>\n\t<span style=\"color:#FF0000\">O projeto para a passagem de determinado equipamento que tenha como finalidade a presta&ccedil;&atilde;o de servi&ccedil;os para a transmiss&atilde;o de dados por cabo deve ser licenciado por autodeclara&ccedil;&atilde;o, conforme artigo 10 da LCM n&ordm; 208\/2015, motivo pelo qual a quest&atilde;o &eacute; CERTA.<\/span>\n<\/p>\n<p>\n\t188 Caso tenha interesse em criar centro de sa&uacute;de em im&oacute;vel urbano objeto de venda a t&iacute;tulo oneroso entre particulares, o munic&iacute;pio poder&aacute; exercer o direito de preemp&ccedil;&atilde;o.<br \/>\n\t<span style=\"color:#FF0000\">O Estatuto das Cidades, em seu artigo 26, traz as hip&oacute;teses nas quais o Munic&iacute;pio poder&aacute; se utilizar do instituto da preemp&ccedil;&atilde;o. Entre elas est&aacute; a implanta&ccedil;&atilde;o de equipamentos urbanos e comunit&aacute;rios. J&aacute; o artigo 4&ordm;, &sect;2&ordm; da Lei 6.766\/79, considera como comunit&aacute;rios os equipamentos de sa&uacute;de. Portanto, a quest&atilde;o deveria ser considerada CERTA. Mas o gabarito oficial apontou a quest&atilde;o como ERRADA (provavelmente sob o argumento de que a classifica&ccedil;&atilde;o do equipamento de sa&uacute;de como comunit&aacute;rio &eacute; restrito ao loteamento). A quest&atilde;o, portanto, &eacute; pass&iacute;vel de anula&ccedil;&atilde;o.<\/span><\/p>\n","protected":false},"excerpt":{"rendered":"<p>Ol&aacute;, pessoal, segue o coment&aacute;rio das quest&otilde;es de direito ambiental da PGM-FORTALEZA. Bons estudos. De acordo com os princ&iacute;pios do direito ambiental, julgue os itens que se seguem. 176 Por disciplinar situa&ccedil;&otilde;es que podem ocorrer antes do dano, o princ&iacute;pio da preven&ccedil;&atilde;o n&atilde;o inclui a restaura&ccedil;&atilde;o de recursos ambientais. Muitas vezes a restaura&ccedil;&atilde;o de recursos [&hellip;]<\/p>\n","protected":false},"author":296,"featured_media":0,"comment_status":"open","ping_status":"open","sticky":false,"template":"","format":"standard","meta":{"post_tipo":"article","footnotes":""},"categories":[1],"tags":[],"tax_estado":[],"class_list":["post-70706","post","type-post","status-publish","format-standard","hentry","category-cursos-e-concursos"],"acf":[],"yoast_head":"<!-- This site is optimized with the Yoast SEO Premium plugin v27.2 (Yoast SEO v27.2) - https:\/\/yoast.com\/product\/yoast-seo-premium-wordpress\/ -->\n<title>COMENT\u00c1RIO DA PROVA DE DIREITO AMBIENTAL DA PGM-FORTALEZA<\/title>\n<meta name=\"robots\" content=\"index, follow, max-snippet:-1, max-image-preview:large, max-video-preview:-1\" \/>\n<link rel=\"canonical\" href=\"https:\/\/www.estrategiaconcursos.com.br\/blog\/comentario-da-prova-de-direito-ambiental-da-pgm-fortaleza\/\" \/>\n<meta property=\"og:locale\" content=\"pt_BR\" \/>\n<meta property=\"og:type\" content=\"article\" \/>\n<meta property=\"og:title\" content=\"COMENT\u00c1RIO DA PROVA DE DIREITO AMBIENTAL DA PGM-FORTALEZA\" \/>\n<meta property=\"og:description\" content=\"Ol&aacute;, pessoal, segue o coment&aacute;rio das quest&otilde;es de direito ambiental da PGM-FORTALEZA. Bons estudos. De acordo com os princ&iacute;pios do direito ambiental, julgue os itens que se seguem. 176 Por disciplinar situa&ccedil;&otilde;es que podem ocorrer antes do dano, o princ&iacute;pio da preven&ccedil;&atilde;o n&atilde;o inclui a restaura&ccedil;&atilde;o de recursos ambientais. Muitas vezes a restaura&ccedil;&atilde;o de recursos [&hellip;]\" \/>\n<meta property=\"og:url\" content=\"https:\/\/www.estrategiaconcursos.com.br\/blog\/comentario-da-prova-de-direito-ambiental-da-pgm-fortaleza\/\" \/>\n<meta property=\"og:site_name\" content=\"Estrat\u00e9gia Concursos\" \/>\n<meta property=\"article:published_time\" content=\"2017-04-13T19:14:50+00:00\" \/>\n<meta property=\"article:modified_time\" content=\"2017-04-13T19:18:02+00:00\" \/>\n<meta name=\"author\" content=\"Thiago Leite\" \/>\n<meta name=\"twitter:card\" content=\"summary_large_image\" \/>\n<meta name=\"twitter:creator\" content=\"@EstratConcursos\" \/>\n<meta name=\"twitter:site\" content=\"@EstratConcursos\" \/>\n<meta name=\"twitter:label1\" content=\"Escrito por\" \/>\n\t<meta name=\"twitter:data1\" content=\"Thiago Leite\" \/>\n\t<meta name=\"twitter:label2\" content=\"Est. tempo de leitura\" \/>\n\t<meta name=\"twitter:data2\" content=\"6 minutos\" \/>\n<script type=\"application\/ld+json\" class=\"yoast-schema-graph\">{\"@context\":\"https:\/\/schema.org\",\"@graph\":[{\"@type\":\"NewsArticle\",\"@id\":\"https:\/\/www.estrategiaconcursos.com.br\/blog\/comentario-da-prova-de-direito-ambiental-da-pgm-fortaleza\/#article\",\"isPartOf\":{\"@id\":\"https:\/\/www.estrategiaconcursos.com.br\/blog\/comentario-da-prova-de-direito-ambiental-da-pgm-fortaleza\/\"},\"author\":{\"name\":\"Thiago Leite\",\"@id\":\"https:\/\/www.estrategiaconcursos.com.br\/blog\/#\/schema\/person\/fbf22ced213da3c6d35a3253b6c0198b\"},\"headline\":\"COMENT\u00c1RIO DA PROVA DE DIREITO AMBIENTAL DA PGM-FORTALEZA\",\"datePublished\":\"2017-04-13T19:14:50+00:00\",\"dateModified\":\"2017-04-13T19:18:02+00:00\",\"mainEntityOfPage\":{\"@id\":\"https:\/\/www.estrategiaconcursos.com.br\/blog\/comentario-da-prova-de-direito-ambiental-da-pgm-fortaleza\/\"},\"wordCount\":1213,\"commentCount\":0,\"publisher\":{\"@id\":\"https:\/\/www.estrategiaconcursos.com.br\/blog\/#organization\"},\"articleSection\":[\"Concursos P\u00fablicos\"],\"inLanguage\":\"pt-BR\",\"potentialAction\":[{\"@type\":\"CommentAction\",\"name\":\"Comment\",\"target\":[\"https:\/\/www.estrategiaconcursos.com.br\/blog\/comentario-da-prova-de-direito-ambiental-da-pgm-fortaleza\/#respond\"]}],\"copyrightYear\":\"2017\",\"copyrightHolder\":{\"@id\":\"https:\/\/www.estrategiaconcursos.com.br\/blog\/#organization\"}},{\"@type\":\"WebPage\",\"@id\":\"https:\/\/www.estrategiaconcursos.com.br\/blog\/comentario-da-prova-de-direito-ambiental-da-pgm-fortaleza\/\",\"url\":\"https:\/\/www.estrategiaconcursos.com.br\/blog\/comentario-da-prova-de-direito-ambiental-da-pgm-fortaleza\/\",\"name\":\"COMENT\u00c1RIO DA PROVA DE DIREITO AMBIENTAL DA PGM-FORTALEZA\",\"isPartOf\":{\"@id\":\"https:\/\/www.estrategiaconcursos.com.br\/blog\/#website\"},\"datePublished\":\"2017-04-13T19:14:50+00:00\",\"dateModified\":\"2017-04-13T19:18:02+00:00\",\"breadcrumb\":{\"@id\":\"https:\/\/www.estrategiaconcursos.com.br\/blog\/comentario-da-prova-de-direito-ambiental-da-pgm-fortaleza\/#breadcrumb\"},\"inLanguage\":\"pt-BR\",\"potentialAction\":[{\"@type\":\"ReadAction\",\"target\":[\"https:\/\/www.estrategiaconcursos.com.br\/blog\/comentario-da-prova-de-direito-ambiental-da-pgm-fortaleza\/\"]}]},{\"@type\":\"BreadcrumbList\",\"@id\":\"https:\/\/www.estrategiaconcursos.com.br\/blog\/comentario-da-prova-de-direito-ambiental-da-pgm-fortaleza\/#breadcrumb\",\"itemListElement\":[{\"@type\":\"ListItem\",\"position\":1,\"name\":\"In\u00edcio\",\"item\":\"https:\/\/www.estrategiaconcursos.com.br\/blog\/\"},{\"@type\":\"ListItem\",\"position\":2,\"name\":\"COMENT\u00c1RIO DA PROVA DE DIREITO AMBIENTAL DA PGM-FORTALEZA\"}]},{\"@type\":\"WebSite\",\"@id\":\"https:\/\/www.estrategiaconcursos.com.br\/blog\/#website\",\"url\":\"https:\/\/www.estrategiaconcursos.com.br\/blog\/\",\"name\":\"Estrat\u00e9gia Concursos\",\"description\":\"O blog da Estrat\u00e9gia Concursos traz not\u00edcias sobre concursos e artigos de professores oferecendo cursos para concursos (pdf + videaulas) no site.\",\"publisher\":{\"@id\":\"https:\/\/www.estrategiaconcursos.com.br\/blog\/#organization\"},\"potentialAction\":[{\"@type\":\"SearchAction\",\"target\":{\"@type\":\"EntryPoint\",\"urlTemplate\":\"https:\/\/www.estrategiaconcursos.com.br\/blog\/?s={search_term_string}\"},\"query-input\":{\"@type\":\"PropertyValueSpecification\",\"valueRequired\":true,\"valueName\":\"search_term_string\"}}],\"inLanguage\":\"pt-BR\"},{\"@type\":\"Organization\",\"@id\":\"https:\/\/www.estrategiaconcursos.com.br\/blog\/#organization\",\"name\":\"Estrat\u00e9gia Concursos\",\"url\":\"https:\/\/www.estrategiaconcursos.com.br\/blog\/\",\"logo\":{\"@type\":\"ImageObject\",\"inLanguage\":\"pt-BR\",\"@id\":\"https:\/\/www.estrategiaconcursos.com.br\/blog\/#\/schema\/logo\/image\/\",\"url\":\"https:\/\/dhg1h5j42swfq.cloudfront.net\/2025\/06\/03203428\/logo_concursos-1.jpg\",\"contentUrl\":\"https:\/\/dhg1h5j42swfq.cloudfront.net\/2025\/06\/03203428\/logo_concursos-1.jpg\",\"width\":230,\"height\":60,\"caption\":\"Estrat\u00e9gia Concursos\"},\"image\":{\"@id\":\"https:\/\/www.estrategiaconcursos.com.br\/blog\/#\/schema\/logo\/image\/\"},\"sameAs\":[\"https:\/\/x.com\/EstratConcursos\"]},{\"@type\":\"Person\",\"@id\":\"https:\/\/www.estrategiaconcursos.com.br\/blog\/#\/schema\/person\/fbf22ced213da3c6d35a3253b6c0198b\",\"name\":\"Thiago Leite\",\"image\":{\"@type\":\"ImageObject\",\"inLanguage\":\"pt-BR\",\"@id\":\"https:\/\/secure.gravatar.com\/avatar\/15ff5746ff9e313f1248fe2373ce03309054e96387bb9249055458d0c1aaa297?s=96&d=mm&r=g\",\"url\":\"https:\/\/secure.gravatar.com\/avatar\/15ff5746ff9e313f1248fe2373ce03309054e96387bb9249055458d0c1aaa297?s=96&d=mm&r=g\",\"contentUrl\":\"https:\/\/secure.gravatar.com\/avatar\/15ff5746ff9e313f1248fe2373ce03309054e96387bb9249055458d0c1aaa297?s=96&d=mm&r=g\",\"caption\":\"Thiago Leite\"},\"url\":\"https:\/\/www.estrategiaconcursos.com.br\/blog\/author\/leitet20gmail-com\/\"}]}<\/script>\n<!-- \/ Yoast SEO Premium plugin. -->","yoast_head_json":{"title":"COMENT\u00c1RIO DA PROVA DE DIREITO AMBIENTAL DA PGM-FORTALEZA","robots":{"index":"index","follow":"follow","max-snippet":"max-snippet:-1","max-image-preview":"max-image-preview:large","max-video-preview":"max-video-preview:-1"},"canonical":"https:\/\/www.estrategiaconcursos.com.br\/blog\/comentario-da-prova-de-direito-ambiental-da-pgm-fortaleza\/","og_locale":"pt_BR","og_type":"article","og_title":"COMENT\u00c1RIO DA PROVA DE DIREITO AMBIENTAL DA PGM-FORTALEZA","og_description":"Ol&aacute;, pessoal, segue o coment&aacute;rio das quest&otilde;es de direito ambiental da PGM-FORTALEZA. Bons estudos. De acordo com os princ&iacute;pios do direito ambiental, julgue os itens que se seguem. 176 Por disciplinar situa&ccedil;&otilde;es que podem ocorrer antes do dano, o princ&iacute;pio da preven&ccedil;&atilde;o n&atilde;o inclui a restaura&ccedil;&atilde;o de recursos ambientais. Muitas vezes a restaura&ccedil;&atilde;o de recursos [&hellip;]","og_url":"https:\/\/www.estrategiaconcursos.com.br\/blog\/comentario-da-prova-de-direito-ambiental-da-pgm-fortaleza\/","og_site_name":"Estrat\u00e9gia Concursos","article_published_time":"2017-04-13T19:14:50+00:00","article_modified_time":"2017-04-13T19:18:02+00:00","author":"Thiago Leite","twitter_card":"summary_large_image","twitter_creator":"@EstratConcursos","twitter_site":"@EstratConcursos","twitter_misc":{"Escrito por":"Thiago Leite","Est. tempo de leitura":"6 minutos"},"schema":{"@context":"https:\/\/schema.org","@graph":[{"@type":"NewsArticle","@id":"https:\/\/www.estrategiaconcursos.com.br\/blog\/comentario-da-prova-de-direito-ambiental-da-pgm-fortaleza\/#article","isPartOf":{"@id":"https:\/\/www.estrategiaconcursos.com.br\/blog\/comentario-da-prova-de-direito-ambiental-da-pgm-fortaleza\/"},"author":{"name":"Thiago Leite","@id":"https:\/\/www.estrategiaconcursos.com.br\/blog\/#\/schema\/person\/fbf22ced213da3c6d35a3253b6c0198b"},"headline":"COMENT\u00c1RIO DA PROVA DE DIREITO AMBIENTAL DA PGM-FORTALEZA","datePublished":"2017-04-13T19:14:50+00:00","dateModified":"2017-04-13T19:18:02+00:00","mainEntityOfPage":{"@id":"https:\/\/www.estrategiaconcursos.com.br\/blog\/comentario-da-prova-de-direito-ambiental-da-pgm-fortaleza\/"},"wordCount":1213,"commentCount":0,"publisher":{"@id":"https:\/\/www.estrategiaconcursos.com.br\/blog\/#organization"},"articleSection":["Concursos P\u00fablicos"],"inLanguage":"pt-BR","potentialAction":[{"@type":"CommentAction","name":"Comment","target":["https:\/\/www.estrategiaconcursos.com.br\/blog\/comentario-da-prova-de-direito-ambiental-da-pgm-fortaleza\/#respond"]}],"copyrightYear":"2017","copyrightHolder":{"@id":"https:\/\/www.estrategiaconcursos.com.br\/blog\/#organization"}},{"@type":"WebPage","@id":"https:\/\/www.estrategiaconcursos.com.br\/blog\/comentario-da-prova-de-direito-ambiental-da-pgm-fortaleza\/","url":"https:\/\/www.estrategiaconcursos.com.br\/blog\/comentario-da-prova-de-direito-ambiental-da-pgm-fortaleza\/","name":"COMENT\u00c1RIO DA PROVA DE DIREITO AMBIENTAL DA PGM-FORTALEZA","isPartOf":{"@id":"https:\/\/www.estrategiaconcursos.com.br\/blog\/#website"},"datePublished":"2017-04-13T19:14:50+00:00","dateModified":"2017-04-13T19:18:02+00:00","breadcrumb":{"@id":"https:\/\/www.estrategiaconcursos.com.br\/blog\/comentario-da-prova-de-direito-ambiental-da-pgm-fortaleza\/#breadcrumb"},"inLanguage":"pt-BR","potentialAction":[{"@type":"ReadAction","target":["https:\/\/www.estrategiaconcursos.com.br\/blog\/comentario-da-prova-de-direito-ambiental-da-pgm-fortaleza\/"]}]},{"@type":"BreadcrumbList","@id":"https:\/\/www.estrategiaconcursos.com.br\/blog\/comentario-da-prova-de-direito-ambiental-da-pgm-fortaleza\/#breadcrumb","itemListElement":[{"@type":"ListItem","position":1,"name":"In\u00edcio","item":"https:\/\/www.estrategiaconcursos.com.br\/blog\/"},{"@type":"ListItem","position":2,"name":"COMENT\u00c1RIO DA PROVA DE DIREITO AMBIENTAL DA PGM-FORTALEZA"}]},{"@type":"WebSite","@id":"https:\/\/www.estrategiaconcursos.com.br\/blog\/#website","url":"https:\/\/www.estrategiaconcursos.com.br\/blog\/","name":"Estrat\u00e9gia Concursos","description":"O blog da Estrat\u00e9gia Concursos traz not\u00edcias sobre concursos e artigos de professores oferecendo cursos para concursos (pdf + videaulas) no site.","publisher":{"@id":"https:\/\/www.estrategiaconcursos.com.br\/blog\/#organization"},"potentialAction":[{"@type":"SearchAction","target":{"@type":"EntryPoint","urlTemplate":"https:\/\/www.estrategiaconcursos.com.br\/blog\/?s={search_term_string}"},"query-input":{"@type":"PropertyValueSpecification","valueRequired":true,"valueName":"search_term_string"}}],"inLanguage":"pt-BR"},{"@type":"Organization","@id":"https:\/\/www.estrategiaconcursos.com.br\/blog\/#organization","name":"Estrat\u00e9gia Concursos","url":"https:\/\/www.estrategiaconcursos.com.br\/blog\/","logo":{"@type":"ImageObject","inLanguage":"pt-BR","@id":"https:\/\/www.estrategiaconcursos.com.br\/blog\/#\/schema\/logo\/image\/","url":"https:\/\/dhg1h5j42swfq.cloudfront.net\/2025\/06\/03203428\/logo_concursos-1.jpg","contentUrl":"https:\/\/dhg1h5j42swfq.cloudfront.net\/2025\/06\/03203428\/logo_concursos-1.jpg","width":230,"height":60,"caption":"Estrat\u00e9gia Concursos"},"image":{"@id":"https:\/\/www.estrategiaconcursos.com.br\/blog\/#\/schema\/logo\/image\/"},"sameAs":["https:\/\/x.com\/EstratConcursos"]},{"@type":"Person","@id":"https:\/\/www.estrategiaconcursos.com.br\/blog\/#\/schema\/person\/fbf22ced213da3c6d35a3253b6c0198b","name":"Thiago Leite","image":{"@type":"ImageObject","inLanguage":"pt-BR","@id":"https:\/\/secure.gravatar.com\/avatar\/15ff5746ff9e313f1248fe2373ce03309054e96387bb9249055458d0c1aaa297?s=96&d=mm&r=g","url":"https:\/\/secure.gravatar.com\/avatar\/15ff5746ff9e313f1248fe2373ce03309054e96387bb9249055458d0c1aaa297?s=96&d=mm&r=g","contentUrl":"https:\/\/secure.gravatar.com\/avatar\/15ff5746ff9e313f1248fe2373ce03309054e96387bb9249055458d0c1aaa297?s=96&d=mm&r=g","caption":"Thiago Leite"},"url":"https:\/\/www.estrategiaconcursos.com.br\/blog\/author\/leitet20gmail-com\/"}]}},"_links":{"self":[{"href":"https:\/\/www.estrategiaconcursos.com.br\/blog\/wp-json\/wp\/v2\/posts\/70706","targetHints":{"allow":["GET"]}}],"collection":[{"href":"https:\/\/www.estrategiaconcursos.com.br\/blog\/wp-json\/wp\/v2\/posts"}],"about":[{"href":"https:\/\/www.estrategiaconcursos.com.br\/blog\/wp-json\/wp\/v2\/types\/post"}],"author":[{"embeddable":true,"href":"https:\/\/www.estrategiaconcursos.com.br\/blog\/wp-json\/wp\/v2\/users\/296"}],"replies":[{"embeddable":true,"href":"https:\/\/www.estrategiaconcursos.com.br\/blog\/wp-json\/wp\/v2\/comments?post=70706"}],"version-history":[{"count":3,"href":"https:\/\/www.estrategiaconcursos.com.br\/blog\/wp-json\/wp\/v2\/posts\/70706\/revisions"}],"predecessor-version":[{"id":70714,"href":"https:\/\/www.estrategiaconcursos.com.br\/blog\/wp-json\/wp\/v2\/posts\/70706\/revisions\/70714"}],"wp:attachment":[{"href":"https:\/\/www.estrategiaconcursos.com.br\/blog\/wp-json\/wp\/v2\/media?parent=70706"}],"wp:term":[{"taxonomy":"category","embeddable":true,"href":"https:\/\/www.estrategiaconcursos.com.br\/blog\/wp-json\/wp\/v2\/categories?post=70706"},{"taxonomy":"post_tag","embeddable":true,"href":"https:\/\/www.estrategiaconcursos.com.br\/blog\/wp-json\/wp\/v2\/tags?post=70706"},{"taxonomy":"tax_estado","embeddable":true,"href":"https:\/\/www.estrategiaconcursos.com.br\/blog\/wp-json\/wp\/v2\/tax_estado?post=70706"}],"curies":[{"name":"wp","href":"https:\/\/api.w.org\/{rel}","templated":true}]}}