{"id":70626,"date":"2017-04-13T11:10:05","date_gmt":"2017-04-13T14:10:05","guid":{"rendered":"https:\/\/www.estrategiaconcursos.com.br\/blog\/?p=70626"},"modified":"2017-04-13T11:10:05","modified_gmt":"2017-04-13T14:10:05","slug":"solucao-para-uma-recorrente-casca-de-banana-em-provas-de-administracao","status":"publish","type":"post","link":"https:\/\/www.estrategiaconcursos.com.br\/blog\/solucao-para-uma-recorrente-casca-de-banana-em-provas-de-administracao\/","title":{"rendered":"SOLU\u00c7\u00c3O para uma recorrente &#8220;casca de banana&#8221; em provas de Administra\u00e7\u00e3o!"},"content":{"rendered":"<p style=\"text-align: justify\">\n\t<em><strong>Ol&aacute;, pessoal! <\/strong><\/em>\n<\/p>\n<p style=\"text-align: justify\">\n\tHoje n&oacute;s vamos &quot;<em>destrinchar<\/em>&quot; um assunto que sempre causa &quot;<em>terror<\/em>&quot; nas provas de Administra&ccedil;&atilde;o. As famosas &quot;<strong><span style=\"color:#FF0000\">etapas do planejamento<\/span><\/strong>&quot;. Como voc&ecirc;s sabem, s&atilde;o in&uacute;meras proposi&ccedil;&otilde;es de autorees, sempre conflitantes entre si. Um autor diz que as etapas s&atilde;o cinco, outro que s&atilde;o seis, outro que a etapa inicial &eacute; &quot;x&quot;, outro que a etapa inicial &eacute; &quot;y&quot;&#8230; e por a&iacute;, vai!\n<\/p>\n<p style=\"text-align: justify\">\n\t<em><strong>Vamos matar essa &quot;guerra&quot;, de uma vez por todas?<\/strong><\/em>\n<\/p>\n<p style=\"text-align: justify\">\n\tLembrando de que esse &quot;bizu&quot; faz parte de outras in&uacute;meras dicas e esquemas que apresentamos no nosso curso esquematizado e contextualizado de resolu&ccedil;&atilde;o de quest&otilde;es:\n<\/p>\n<p style=\"text-align: justify\">\n\t<span style=\"color:#0000FF\"><strong>CARREIRAS FISCAIS<\/strong><\/span>:\n<\/p>\n<p style=\"text-align: justify\">\n\t<a href=\"https:\/\/www.estrategiaconcursos.com.br\/curso\/1000-questoes-comentadas-de-administracao-geral-e-publica-p-carreiras-fiscais\/\">https:\/\/www.estrategiaconcursos.com.br\/curso\/1000-questoes-comentadas-de-administracao-geral-e-publica-p-carreiras-fiscais\/<\/a>\n<\/p>\n<p style=\"text-align: justify\">\n\t<span style=\"color:#0000FF\"><strong>CARREIRAS DE TRIBUNAIS, DEFENSORIAS, PROCURADORIAS E MINIST&Eacute;RIO P&Uacute;BLICO<\/strong><\/span>:\n<\/p>\n<p style=\"text-align: justify\">\n\t<a href=\"https:\/\/www.estrategiaconcursos.com.br\/curso\/2000-questoes-comentadas-de-administracao-geral-e-publica-p-carreiras-de-tribunais\/\">https:\/\/www.estrategiaconcursos.com.br\/curso\/2000-questoes-comentadas-de-administracao-geral-e-publica-p-carreiras-de-tribunais\/<\/a>\n<\/p>\n<p style=\"text-align: justify\">\n\tVamos ao que interessa?\n<\/p>\n<p style=\"text-align: justify\">\n\tObserve a seguinte quest&atilde;o:\n<\/p>\n<hr \/>\n<p style=\"text-align: justify\">\n\t<em><strong>Quest&atilde;o 01 (CESPE &#8211; Administrador (MJ)\/2013)<\/strong><\/em>\n<\/p>\n<p style=\"text-align: justify\">\n\t<em><strong>Acerca das fun&ccedil;&otilde;es de administra&ccedil;&atilde;o, tais como planejamento, organiza&ccedil;&atilde;o, dire&ccedil;&atilde;o e controle, julgue o item que se segue.<\/strong><\/em>\n<\/p>\n<p style=\"text-align: justify\">\n\t<em><strong>O primeiro passo no planejamento &eacute; a fixa&ccedil;&atilde;o de metas espec&iacute;ficas e desafiadoras para orientar o seu cumprimento e melhorar o desempenho da organiza&ccedil;&atilde;o.<\/strong><\/em>\n<\/p>\n<hr \/>\n<p style=\"text-align: justify\">\n\tA primeira diverg&ecirc;ncia entre autores que encontramos sobre o tema &ldquo;ETAPAS, FASES OU SEQU&Ecirc;NCIA DO PLANEJAMENTO ORGANIZACIONAL&rdquo; envolve, justamente, o passo inicial.\n<\/p>\n<p style=\"text-align: justify\">\n\tEssa confus&atilde;o toda, na verdade, procede dos autores, que n&atilde;o mant&ecirc;m consenso sobre o assunto, e tamb&eacute;m das bancas examinadoras, que ao elaborarem as quest&otilde;es, tratam a fun&ccedil;&atilde;o de planejamento de forma ampla, n&atilde;o considerando, muitas das vezes, as distin&ccedil;&otilde;es que os autores fazem em rela&ccedil;&atilde;o &agrave;s <strong>ETAPAS DA FUN&Ccedil;&Atilde;O PLANEJAMENTO<\/strong> (sentido amplo, ou seja, qualquer tipo de planejamento) e &agrave;s <strong>ETAPAS DO PLANEJAMENTO ESTRAT&Eacute;GICO<\/strong> (sentido espec&iacute;fico, ou seja, o planejamento global da organiza&ccedil;&atilde;o).\n<\/p>\n<p style=\"text-align: justify\">\n\tA rigor, se o planejamento estrat&eacute;gico &eacute; um tipo da fun&ccedil;&atilde;o de planejamento, ambos deveriam ser consensuais quanto &agrave;s etapas ou, pelo menos, o planejamento estrat&eacute;gico deveria seguir o &ldquo;esqueleto&rdquo; das etapas da fun&ccedil;&atilde;o planejamento.\n<\/p>\n<p style=\"text-align: justify\">\n\t<em>Ok, vamos observar alguns autores e, ent&atilde;o, tentar organizar as ideias!<\/em>\n<\/p>\n<p style=\"text-align: justify\">\n\tIdalberto&nbsp;Chiavenato sugere que o primeiro passo a ser definido no PLANEJAMENTO (<strong>sentido amplo<\/strong>) &eacute; o estabelecimento de <strong>objetivos e metas<\/strong>.\n<\/p>\n<p style=\"text-align: justify\">\n\tNesse sentido tamb&eacute;m &eacute; a posi&ccedil;&atilde;o do autor Stephen P. Robbins, que descreve que as etapas do PLANEJAMENTO (tamb&eacute;m em <strong>sentido amplo<\/strong>) envolvem (1) a defini&ccedil;&atilde;o das <strong>metas<\/strong> de uma organiza&ccedil;&atilde;o, o (2) estabelecimento de uma estrat&eacute;gia global para alcan&ccedil;ar essas metas e (3) o desenvolvimento de uma hierarquia de planos abrangente para integrar e coordenar atividades.\n<\/p>\n<p style=\"text-align: justify\">\n\tJ&aacute; Djalma de Pinho Rebou&ccedil;as de Oliveira considera o <strong>diagn&oacute;stico<\/strong> a fase inicial, antecedendo &agrave; fase de estabelecimento de objetivos (segundo passo). No entanto, o autor aqui trata das etapas do PLANEJAMENTO ESTRAT&Eacute;GICO (<strong>sentido espec&iacute;fico<\/strong>).\n<\/p>\n<p style=\"text-align: justify\">\n\tEnt&atilde;o, fa&ccedil;a a&iacute; a sua anota&ccedil;&atilde;o:\n<\/p>\n<ul>\n<li style=\"text-align: justify\">\n\t\tQuando a quest&atilde;o se referir &agrave; <span style=\"color:#FF0000\"><strong>FUN&Ccedil;&Atilde;O PLANEJAMENTO<\/strong><\/span>: o passo inicial &eacute; a defini&ccedil;&atilde;o de <strong>OBJETIVOS e METAS<\/strong>.\n\t<\/li>\n<li style=\"text-align: justify\">\n\t\tQuando a quest&atilde;o se referir ao <span style=\"color:#0000FF\"><strong>PLANEJAMENTO ESTRAT&Eacute;GICO<\/strong><\/span>: o passo inicial, a priori, &eacute; o <strong>DIAGN&Oacute;STICO ESTRAT&Eacute;GICO<\/strong> (an&aacute;lise externa, primeiramente, e, depois, an&aacute;lise interna), seguido da <strong>DEFINI&Ccedil;&Atilde;O DE OBJETIVOS<\/strong>. Caso n&atilde;o contenha essa op&ccedil;&atilde;o nas alternativas, <strong>procure pelo inverso<\/strong>: primeiro a defini&ccedil;&atilde;o dos objetivos e, depois, o diagn&oacute;stico.\n\t<\/li>\n<\/ul>\n<p style=\"text-align: justify\">\n\tNote que a quest&atilde;o adotou esse esquema, ao enfatizar, no seu enunciado, que estava considerando o planejamento como <strong>fun&ccedil;&atilde;o administrativa<\/strong>. Por isso, o item est&aacute; correto.\n<\/p>\n<p style=\"text-align: justify\">\n\tObserve essa outra quest&atilde;o:\n<\/p>\n<hr \/>\n<p style=\"text-align: justify\">\n\t<em><strong>Quest&atilde;o 02 (CESPE &#8211; Analista Judici&aacute;rio (STF)\/Apoio Especializado\/Estat&iacute;stica\/2013)<\/strong><\/em>\n<\/p>\n<p style=\"text-align: justify\">\n\t<em><strong>Acerca das fun&ccedil;&otilde;es administrativas e suas respectivas ferramentas nas organiza&ccedil;&otilde;es, julgue o seguinte item.&nbsp;<\/strong><\/em>\n<\/p>\n<p style=\"text-align: justify\">\n\t<em><strong>No processo de planejamento, o primeiro passo consiste em antecipar a tomada de decis&atilde;o, para estabelecer, desde o in&iacute;cio, o estado futuro desejado como meta irrevog&aacute;vel a ser atingida.<\/strong><\/em>\n<\/p>\n<hr \/>\n<p style=\"text-align: justify\">\n\t<strong>O item est&aacute;&nbsp;ERRADO.<\/strong>\n<\/p>\n<p style=\"text-align: justify\">\n\tVamos &agrave; regra:\n<\/p>\n<ul>\n<li style=\"text-align: justify\">\n\t\tQuando a quest&atilde;o se referir &agrave; <span style=\"color:#FF0000\"><strong>FUN&Ccedil;&Atilde;O PLANEJAMENTO<\/strong><\/span>: o passo inicial &eacute; a defini&ccedil;&atilde;o de <strong>OBJETIVOS e METAS<\/strong>.\n\t<\/li>\n<li style=\"text-align: justify\">\n\t\tQuando a quest&atilde;o se referir ao <span style=\"color:#0000FF\"><strong>PLANEJAMENTO ESTRAT&Eacute;GICO<\/strong><\/span>: o passo inicial, a priori, &eacute; o <strong>DIAGN&Oacute;STICO ESTRAT&Eacute;GICO<\/strong> (an&aacute;lise externa, primeiramente, e, depois, an&aacute;lise interna), seguido da <strong>DEFINI&Ccedil;&Atilde;O DE OBJETIVOS<\/strong>. Caso n&atilde;o contenha essa op&ccedil;&atilde;o nas alternativas, <strong>procure pelo inverso<\/strong>: primeiro a defini&ccedil;&atilde;o dos objetivos e, depois, o diagn&oacute;stico.\n\t<\/li>\n<\/ul>\n<p style=\"text-align: justify\">\n\tApenas com essa informa&ccedil;&atilde;o, j&aacute; podemos concluir pelo erro da assertiva.\n<\/p>\n<p style=\"text-align: justify\">\n\tOutro erro do item est&aacute; no fato de que o planejamento n&atilde;o &eacute; algo irrevog&aacute;vel. Ali&aacute;s, uma caracter&iacute;stica contempor&acirc;nea do planejamento &eacute; justamente seu fator flex&iacute;vel. Como os ambientes em que as organiza&ccedil;&otilde;es atuam s&atilde;o mut&aacute;veis, o planejamento precisa ser flex&iacute;vel.\n<\/p>\n<p style=\"text-align: justify\">\n\tPr&oacute;xima quest&atilde;o:\n<\/p>\n<hr \/>\n<p style=\"text-align: justify\">\n\t<em><strong>Quest&atilde;o 03 (FCC &#8211; Analista Judici&aacute;rio (TRT 6&ordf; Regi&atilde;o)\/Judici&aacute;ria\/&quot;Sem Especialidade&quot;\/2012)<\/strong><\/em>\n<\/p>\n<p style=\"text-align: justify\">\n\t<em><strong>Para focalizar adequadamente os objetivos da organiza&ccedil;&atilde;o, quando esta utiliza o m&eacute;todo do planejamento estrat&eacute;gico, o gestor deve, primeiramente,<\/strong><\/em>\n<\/p>\n<p style=\"text-align: justify\">\n\t<em><strong>a)&nbsp;analisar as oportunidades e amea&ccedil;as ambientais, assim como as potencialidades e vulnerabilidades internas da organiza&ccedil;&atilde;o.<\/strong><\/em>\n<\/p>\n<p style=\"text-align: justify\">\n\t<em><strong>b)&nbsp;definir o ambiente de tarefa, incluindo os usu&aacute;rios dos servi&ccedil;os, os fornecedores, os concorrentes e os &oacute;rg&atilde;os regulamentadores.<\/strong><\/em>\n<\/p>\n<p style=\"text-align: justify\">\n\t<em><strong>c)&nbsp;realizar uma an&aacute;lise detalhada das condi&ccedil;&otilde;es estruturais da organiza&ccedil;&atilde;o, especialmente seus recursos financeiros, tecnol&oacute;gicos e humanos.<\/strong><\/em>\n<\/p>\n<p style=\"text-align: justify\">\n\t<em><strong>d)&nbsp;motivar os colaboradores a implementar as mudan&ccedil;as necess&aacute;rias para tornar vi&aacute;vel o planejamento estrat&eacute;gico, especialmente no n&iacute;vel operacional.<\/strong><\/em>\n<\/p>\n<p style=\"text-align: justify\">\n\t<em><strong>e)&nbsp;selecionar e treinar uma equipe qualificada para trabalhar alinhada ao planejamento estrat&eacute;gico e treinar suas lideran&ccedil;as para garantir o sucesso do projeto.<\/strong><\/em>\n<\/p>\n<hr \/>\n<p style=\"text-align: justify\">\n\tA quest&atilde;o, ao tempo que exige o conhecimento da disciplina de Administra&ccedil;&atilde;o, tamb&eacute;m requer a habilidade de interpreta&ccedil;&atilde;o. Vamos ver isso, come&ccedil;ando pelo enunciado.\n<\/p>\n<p style=\"text-align: justify\">\n\tA quest&atilde;o trata das fases ou etapas do planejamento estrat&eacute;gico, na vis&atilde;o da maioria dos autores, que consideram o estabelecimento de objetivos a primeira etapa do planejamento estrat&eacute;gico. Perceba que o enunciado diz que o gestor j&aacute; definiu esses objetivos, ou seja, ele j&aacute; percorreu a primeira etapa. Observe: &ldquo;<em>Para focalizar adequadamente os objetivos da organiza&ccedil;&atilde;o (&#8230;)<\/em>&rdquo;.\n<\/p>\n<p style=\"text-align: justify\">\n\tA&iacute; o enunciado prossegue: &ldquo;<em>(&#8230;) o gestor deve, primeiramente,<\/em> (&#8230;)&rdquo;. Esse &ldquo;primeiramente&rdquo; n&atilde;o se refere &agrave; primeira etapa, mas sim &agrave; etapa subsequente &agrave; etapa que ele j&aacute; percorreu, qual seja, a etapa de formula&ccedil;&atilde;o de objetivos. Esse &ldquo;balaio&rdquo; todo do enunciado quer dizer que o gabarito da quest&atilde;o requer, na verdade, <strong>a segunda etapa do planejamento estrat&eacute;gico<\/strong>.\n<\/p>\n<p style=\"text-align: justify\">\n\tTemos a nossa regra inicial:\n<\/p>\n<ul>\n<li style=\"text-align: justify\">\n\t\tQuando a quest&atilde;o se referir &agrave; <span style=\"color:#FF0000\"><strong>FUN&Ccedil;&Atilde;O PLANEJAMENTO<\/strong><\/span>: o passo inicial &eacute; a defini&ccedil;&atilde;o de <strong>OBJETIVOS e METAS<\/strong>.\n\t<\/li>\n<li style=\"text-align: justify\">\n\t\tQuando a quest&atilde;o se referir ao <span style=\"color:#0000FF\"><strong>PLANEJAMENTO ESTRAT&Eacute;GICO<\/strong><\/span>: o passo inicial, a priori, &eacute; o <strong>DIAGN&Oacute;STICO ESTRAT&Eacute;GICO<\/strong> (an&aacute;lise externa, primeiramente, e, depois, an&aacute;lise interna), seguido da <strong>DEFINI&Ccedil;&Atilde;O DE OBJETIVOS<\/strong>. Caso n&atilde;o contenha essa op&ccedil;&atilde;o nas alternativas, <strong>procure pelo inverso<\/strong>: primeiro a defini&ccedil;&atilde;o dos objetivos e, depois, o diagn&oacute;stico.\n\t<\/li>\n<\/ul>\n<p style=\"text-align: justify\">\n\tLembrando de que o ambiente das organiza&ccedil;&otilde;es &eacute;, tradicionalmente, decomposto em tr&ecirc;s camadas ou n&iacute;veis de an&aacute;lise:\n<\/p>\n<ol>\n<li style=\"text-align: justify\">\n\t\t<strong><em>Ambiente EXTERNO GERAL<\/em><\/strong><em>, tamb&eacute;m denominado macroambiente;<\/em>\n\t<\/li>\n<li style=\"text-align: justify\">\n\t\t<strong><em>Ambiente EXTERNO DE TAREFAS<\/em><\/strong><em>, tamb&eacute;m denominado ambiente setorial, espec&iacute;fico ou microambiente; e<\/em>\n\t<\/li>\n<li style=\"text-align: justify\">\n\t\t<strong><em>Ambiente INTERNO<\/em><\/strong><em>, que &eacute; a pr&oacute;pria organiza&ccedil;&atilde;o.<\/em>\n\t<\/li>\n<\/ol>\n<p style=\"text-align: justify\">\n\tQuanto ao ambiente <strong>EXTERNO<\/strong>, o ambiente <strong>GERAL<\/strong> &eacute; visto como um meio que abrange diversas vari&aacute;veis que geram impactos profundos nas esferas de todas as organiza&ccedil;&otilde;es (vari&aacute;veis econ&ocirc;micas, tecnol&oacute;gicas, culturais, ecol&oacute;gicas, pol&iacute;ticas, sociais, etc.). J&aacute; o ambiente <strong>DE TAREFAS<\/strong> &eacute; compreendido pelo nicho onde a organiza&ccedil;&atilde;o desenvolve suas opera&ccedil;&otilde;es de obten&ccedil;&atilde;o de insumos, processamento e oferecimento de seus produtos e servi&ccedil;os, envolvendo fornecedores, clientes, concorrentes e ag&ecirc;ncias reguladoras.\n<\/p>\n<p style=\"text-align: justify\">\n\tLogo, j&aacute; percebemos que o nosso gabarito &eacute; a letra B.\n<\/p>\n<p style=\"text-align: justify\">\n\tMais uma quest&atilde;o:\n<\/p>\n<hr \/>\n<p style=\"text-align: justify\">\n\t<em><strong>Quest&atilde;o 04 (FCC &#8211; Analista Judici&aacute;rio (TRF 3&ordf; Regi&atilde;o)\/Apoio Especializado\/Psicologia (do Trabalho)\/2007)<\/strong><\/em>\n<\/p>\n<p style=\"text-align: justify\">\n\t<em><strong>O planejamento estrat&eacute;gico deve ser estruturado considerando a an&aacute;lise<\/strong><\/em>\n<\/p>\n<p style=\"text-align: justify\">\n\t<em><strong>a)&nbsp;das compet&ecirc;ncias organizacionais, a an&aacute;lise de viabilidade, a formula&ccedil;&atilde;o de pol&iacute;ticas e a an&aacute;lise cont&aacute;bil.<\/strong><\/em>\n<\/p>\n<p style=\"text-align: justify\">\n\t<em><strong>b)&nbsp;dos concorrentes, a an&aacute;lise das compet&ecirc;ncias dos funcion&aacute;rios, a formula&ccedil;&atilde;o de hip&oacute;teses e a an&aacute;lise de viabilidade.<\/strong><\/em>\n<\/p>\n<p style=\"text-align: justify\">\n\t<em><strong>c)&nbsp;dos mercados emergentes, a an&aacute;lise econ&ocirc;mica, a formula&ccedil;&atilde;o de metas e a an&aacute;lise corporativa.<\/strong><\/em>\n<\/p>\n<p style=\"text-align: justify\">\n\t<em><strong>d)&nbsp;da situa&ccedil;&atilde;o atual da empresa, a an&aacute;lise estrat&eacute;gica, a formula&ccedil;&atilde;o da estrat&eacute;gia e a an&aacute;lise financeira.<\/strong><\/em>\n<\/p>\n<p style=\"text-align: justify\">\n\t<em><strong>e)&nbsp;dos produtos, a an&aacute;lise dos investimentos, a formula&ccedil;&atilde;o de procedimentos e a an&aacute;lise do or&ccedil;amento.<\/strong><\/em>\n<\/p>\n<hr \/>\n<p style=\"text-align: justify\">\n\tA quest&atilde;o, mais uma vez, trata das etapas do planejamento estrat&eacute;gico. A ideia inicial que devemos levar para a prova &eacute; a seguinte:\n<\/p>\n<ul>\n<li style=\"text-align: justify\">\n\t\tQuando a quest&atilde;o se referir &agrave; <span style=\"color:#FF0000\"><strong>FUN&Ccedil;&Atilde;O PLANEJAMENTO<\/strong><\/span>: o passo inicial &eacute; a defini&ccedil;&atilde;o de <strong>OBJETIVOS e METAS<\/strong>.\n\t<\/li>\n<li style=\"text-align: justify\">\n\t\tQuando a quest&atilde;o se referir ao <span style=\"color:#0000FF\"><strong>PLANEJAMENTO ESTRAT&Eacute;GICO<\/strong><\/span>: o passo inicial, a priori, &eacute; o <strong>DIAGN&Oacute;STICO ESTRAT&Eacute;GICO<\/strong> (an&aacute;lise externa, primeiramente, e, depois, an&aacute;lise interna), seguido da <strong>DEFINI&Ccedil;&Atilde;O DE OBJETIVOS<\/strong>. Caso n&atilde;o contenha essa op&ccedil;&atilde;o nas alternativas, <strong>procure pelo inverso<\/strong>: primeiro a defini&ccedil;&atilde;o dos objetivos e, depois, o diagn&oacute;stico.\n\t<\/li>\n<\/ul>\n<p style=\"text-align: justify\">\n\tNote que a quest&atilde;o est&aacute; se referindo ao planejamento estrat&eacute;gico; logo, a etapa inicial deve ser ou o <strong>diagn&oacute;stico<\/strong> ou a <strong>defini&ccedil;&atilde;o dos objetivos<\/strong>. Vimos, pelas alternativas, que a &uacute;nica op&ccedil;&atilde;o que se enquadra na regra &eacute; a letra B, que, de fato, &eacute; o gabarito da quest&atilde;o.\n<\/p>\n<p style=\"text-align: justify\">\n\tE, enfim, nossa &uacute;ltima quest&atilde;o:\n<\/p>\n<hr \/>\n<p style=\"text-align: justify\">\n\t<em><strong>Quest&atilde;o 05 (FCC &#8211; Analista Judici&aacute;rio (TRF 1&ordf; Regi&atilde;o)\/Administrativa\/2011)<\/strong><\/em>\n<\/p>\n<p style=\"text-align: justify\">\n\t<em><strong>Na elabora&ccedil;&atilde;o do planejamento estrat&eacute;gico as tr&ecirc;s etapas iniciais s&atilde;o, sequencialmente:<\/strong><\/em>\n<\/p>\n<p style=\"text-align: justify\">\n\t<em><strong>a)&nbsp;an&aacute;lise ambiental externa, formula&ccedil;&atilde;o de alternativas e determina&ccedil;&atilde;o dos objetivos.<\/strong><\/em>\n<\/p>\n<p style=\"text-align: justify\">\n\t<em><strong>b)&nbsp;an&aacute;lise organizacional interna, an&aacute;lise ambiental externa e determina&ccedil;&atilde;o dos objetivos.<\/strong><\/em>\n<\/p>\n<p style=\"text-align: justify\">\n\t<em><strong>c)&nbsp;determina&ccedil;&atilde;o dos objetivos, formula&ccedil;&atilde;o de alternativas e avalia&ccedil;&atilde;o dos resultados.<\/strong><\/em>\n<\/p>\n<p style=\"text-align: justify\">\n\t<em><strong>d)&nbsp;formula&ccedil;&atilde;o de alternativas, elabora&ccedil;&atilde;o do planejamento e avalia&ccedil;&atilde;o dos resultados.<\/strong><\/em>\n<\/p>\n<p style=\"text-align: justify\">\n\t<em><strong>e)&nbsp;determina&ccedil;&atilde;o dos objetivos, an&aacute;lise ambiental externa e an&aacute;lise organizacional interna.<\/strong><\/em>\n<\/p>\n<hr \/>\n<p style=\"text-align: justify\">\n\tMais uma vez, vamos usar nosso esquema inicial:\n<\/p>\n<ul>\n<li style=\"text-align: justify\">\n\t\tQuando a quest&atilde;o se referir &agrave; <span style=\"color:#FF0000\"><strong>FUN&Ccedil;&Atilde;O PLANEJAMENTO<\/strong><\/span>: o passo inicial &eacute; a defini&ccedil;&atilde;o de <strong>OBJETIVOS e METAS<\/strong>.\n\t<\/li>\n<li style=\"text-align: justify\">\n\t\tQuando a quest&atilde;o se referir ao <span style=\"color:#0000FF\"><strong>PLANEJAMENTO ESTRAT&Eacute;GICO<\/strong><\/span>: o passo inicial, a priori, &eacute; o <strong>DIAGN&Oacute;STICO ESTRAT&Eacute;GICO<\/strong> (an&aacute;lise externa, primeiramente, e, depois, an&aacute;lise interna), seguido da <strong>DEFINI&Ccedil;&Atilde;O DE OBJETIVOS<\/strong>. Caso n&atilde;o contenha essa op&ccedil;&atilde;o nas alternativas, <strong>procure pelo inverso<\/strong>: primeiro a defini&ccedil;&atilde;o dos objetivos e, depois, o diagn&oacute;stico.\n\t<\/li>\n<\/ul>\n<p style=\"text-align: justify\">\n\tA quest&atilde;o trata de etapas do planejamento estrat&eacute;gico. Logo, a primeira etapa ser&aacute; o diagn&oacute;stico ou a defini&ccedil;&atilde;o de objetivos. Com isso em mente, j&aacute; eliminamos a letra D.\n<\/p>\n<p style=\"text-align: justify\">\n\tSe a primeira etapa for o diagn&oacute;stico (primeiro o externo, depois o interno), a segunda etapa, necessariamente, ter&aacute; que ser a de defini&ccedil;&atilde;o de objetivos. Pois bem! A letra A e B est&atilde;o incorretas, pois n&atilde;o seguem essa regra.\n<\/p>\n<p style=\"text-align: justify\">\n\tA letra C est&aacute; incorreta, pois se a defini&ccedil;&atilde;o de objetivos &eacute; a primeira etapa, necessariamente, a segunda etapa ser&aacute; a do diagn&oacute;stico (primeiro o externo, depois o interno).\n<\/p>\n<p style=\"text-align: justify\">\n\tA resposta, portanto, &eacute; a letra E.\n<\/p>\n<hr \/>\n<p style=\"text-align: justify\">\n\tEra isso, pessoal! Levem esse esquema para a prova&nbsp;e gabaritem as quest&otilde;es sobre o tema!\n<\/p>\n<p style=\"text-align: justify\">\n\t<em><strong>Grande abra&ccedil;o,<\/strong><\/em>\n<\/p>\n<p style=\"text-align: justify\">\n\t<em><strong>Prof. Adriel S&aacute;<\/strong><\/em><\/p>\n","protected":false},"excerpt":{"rendered":"<p>Ol&aacute;, pessoal! Hoje n&oacute;s vamos &quot;destrinchar&quot; um assunto que sempre causa &quot;terror&quot; nas provas de Administra&ccedil;&atilde;o. As famosas &quot;etapas do planejamento&quot;. Como voc&ecirc;s sabem, s&atilde;o in&uacute;meras proposi&ccedil;&otilde;es de autorees, sempre conflitantes entre si. Um autor diz que as etapas s&atilde;o cinco, outro que s&atilde;o seis, outro que a etapa inicial &eacute; &quot;x&quot;, outro que a [&hellip;]<\/p>\n","protected":false},"author":143,"featured_media":0,"comment_status":"open","ping_status":"open","sticky":false,"template":"","format":"standard","meta":{"post_tipo":"article","footnotes":""},"categories":[],"tags":[],"tax_estado":[],"class_list":["post-70626","post","type-post","status-publish","format-standard","hentry"],"acf":[],"yoast_head":"<!-- This site is optimized with the Yoast SEO Premium plugin v27.2 (Yoast SEO v27.2) - https:\/\/yoast.com\/product\/yoast-seo-premium-wordpress\/ -->\n<title>SOLU\u00c7\u00c3O para uma recorrente &quot;casca de banana&quot; em provas de Administra\u00e7\u00e3o!<\/title>\n<meta name=\"robots\" content=\"index, follow, max-snippet:-1, max-image-preview:large, max-video-preview:-1\" \/>\n<link rel=\"canonical\" href=\"https:\/\/www.estrategiaconcursos.com.br\/blog\/solucao-para-uma-recorrente-casca-de-banana-em-provas-de-administracao\/\" \/>\n<meta property=\"og:locale\" content=\"pt_BR\" \/>\n<meta property=\"og:type\" content=\"article\" \/>\n<meta property=\"og:title\" content=\"SOLU\u00c7\u00c3O para uma recorrente &quot;casca de banana&quot; em provas de Administra\u00e7\u00e3o!\" \/>\n<meta property=\"og:description\" content=\"Ol&aacute;, pessoal! Hoje n&oacute;s vamos &quot;destrinchar&quot; um assunto que sempre causa &quot;terror&quot; nas provas de Administra&ccedil;&atilde;o. As famosas &quot;etapas do planejamento&quot;. Como voc&ecirc;s sabem, s&atilde;o in&uacute;meras proposi&ccedil;&otilde;es de autorees, sempre conflitantes entre si. Um autor diz que as etapas s&atilde;o cinco, outro que s&atilde;o seis, outro que a etapa inicial &eacute; &quot;x&quot;, outro que a [&hellip;]\" \/>\n<meta property=\"og:url\" content=\"https:\/\/www.estrategiaconcursos.com.br\/blog\/solucao-para-uma-recorrente-casca-de-banana-em-provas-de-administracao\/\" \/>\n<meta property=\"og:site_name\" content=\"Estrat\u00e9gia Concursos\" \/>\n<meta property=\"article:published_time\" content=\"2017-04-13T14:10:05+00:00\" \/>\n<meta name=\"author\" content=\"Adriel S\u00e1\" \/>\n<meta name=\"twitter:card\" content=\"summary_large_image\" \/>\n<meta name=\"twitter:creator\" content=\"@EstratConcursos\" \/>\n<meta name=\"twitter:site\" content=\"@EstratConcursos\" \/>\n<meta name=\"twitter:label1\" content=\"Escrito por\" \/>\n\t<meta name=\"twitter:data1\" content=\"Adriel S\u00e1\" \/>\n\t<meta name=\"twitter:label2\" content=\"Est. tempo de leitura\" \/>\n\t<meta name=\"twitter:data2\" content=\"12 minutos\" \/>\n<script type=\"application\/ld+json\" class=\"yoast-schema-graph\">{\"@context\":\"https:\/\/schema.org\",\"@graph\":[{\"@type\":\"NewsArticle\",\"@id\":\"https:\/\/www.estrategiaconcursos.com.br\/blog\/solucao-para-uma-recorrente-casca-de-banana-em-provas-de-administracao\/#article\",\"isPartOf\":{\"@id\":\"https:\/\/www.estrategiaconcursos.com.br\/blog\/solucao-para-uma-recorrente-casca-de-banana-em-provas-de-administracao\/\"},\"author\":{\"name\":\"Adriel S\u00e1\",\"@id\":\"https:\/\/www.estrategiaconcursos.com.br\/blog\/#\/schema\/person\/e16645c6841f5460802e96740e916bfd\"},\"headline\":\"SOLU\u00c7\u00c3O para uma recorrente &#8220;casca de banana&#8221; em provas de Administra\u00e7\u00e3o!\",\"datePublished\":\"2017-04-13T14:10:05+00:00\",\"mainEntityOfPage\":{\"@id\":\"https:\/\/www.estrategiaconcursos.com.br\/blog\/solucao-para-uma-recorrente-casca-de-banana-em-provas-de-administracao\/\"},\"wordCount\":2423,\"commentCount\":4,\"publisher\":{\"@id\":\"https:\/\/www.estrategiaconcursos.com.br\/blog\/#organization\"},\"inLanguage\":\"pt-BR\",\"potentialAction\":[{\"@type\":\"CommentAction\",\"name\":\"Comment\",\"target\":[\"https:\/\/www.estrategiaconcursos.com.br\/blog\/solucao-para-uma-recorrente-casca-de-banana-em-provas-de-administracao\/#respond\"]}],\"copyrightYear\":\"2017\",\"copyrightHolder\":{\"@id\":\"https:\/\/www.estrategiaconcursos.com.br\/blog\/#organization\"}},{\"@type\":\"WebPage\",\"@id\":\"https:\/\/www.estrategiaconcursos.com.br\/blog\/solucao-para-uma-recorrente-casca-de-banana-em-provas-de-administracao\/\",\"url\":\"https:\/\/www.estrategiaconcursos.com.br\/blog\/solucao-para-uma-recorrente-casca-de-banana-em-provas-de-administracao\/\",\"name\":\"SOLU\u00c7\u00c3O para uma recorrente \\\"casca de banana\\\" em provas de Administra\u00e7\u00e3o!\",\"isPartOf\":{\"@id\":\"https:\/\/www.estrategiaconcursos.com.br\/blog\/#website\"},\"datePublished\":\"2017-04-13T14:10:05+00:00\",\"breadcrumb\":{\"@id\":\"https:\/\/www.estrategiaconcursos.com.br\/blog\/solucao-para-uma-recorrente-casca-de-banana-em-provas-de-administracao\/#breadcrumb\"},\"inLanguage\":\"pt-BR\",\"potentialAction\":[{\"@type\":\"ReadAction\",\"target\":[\"https:\/\/www.estrategiaconcursos.com.br\/blog\/solucao-para-uma-recorrente-casca-de-banana-em-provas-de-administracao\/\"]}]},{\"@type\":\"BreadcrumbList\",\"@id\":\"https:\/\/www.estrategiaconcursos.com.br\/blog\/solucao-para-uma-recorrente-casca-de-banana-em-provas-de-administracao\/#breadcrumb\",\"itemListElement\":[{\"@type\":\"ListItem\",\"position\":1,\"name\":\"In\u00edcio\",\"item\":\"https:\/\/www.estrategiaconcursos.com.br\/blog\/\"},{\"@type\":\"ListItem\",\"position\":2,\"name\":\"SOLU\u00c7\u00c3O para uma recorrente &#8220;casca de banana&#8221; em provas de Administra\u00e7\u00e3o!\"}]},{\"@type\":\"WebSite\",\"@id\":\"https:\/\/www.estrategiaconcursos.com.br\/blog\/#website\",\"url\":\"https:\/\/www.estrategiaconcursos.com.br\/blog\/\",\"name\":\"Estrat\u00e9gia Concursos\",\"description\":\"O blog da Estrat\u00e9gia Concursos traz not\u00edcias sobre concursos e artigos de professores oferecendo cursos para concursos (pdf + videaulas) no site.\",\"publisher\":{\"@id\":\"https:\/\/www.estrategiaconcursos.com.br\/blog\/#organization\"},\"potentialAction\":[{\"@type\":\"SearchAction\",\"target\":{\"@type\":\"EntryPoint\",\"urlTemplate\":\"https:\/\/www.estrategiaconcursos.com.br\/blog\/?s={search_term_string}\"},\"query-input\":{\"@type\":\"PropertyValueSpecification\",\"valueRequired\":true,\"valueName\":\"search_term_string\"}}],\"inLanguage\":\"pt-BR\"},{\"@type\":\"Organization\",\"@id\":\"https:\/\/www.estrategiaconcursos.com.br\/blog\/#organization\",\"name\":\"Estrat\u00e9gia Concursos\",\"url\":\"https:\/\/www.estrategiaconcursos.com.br\/blog\/\",\"logo\":{\"@type\":\"ImageObject\",\"inLanguage\":\"pt-BR\",\"@id\":\"https:\/\/www.estrategiaconcursos.com.br\/blog\/#\/schema\/logo\/image\/\",\"url\":\"https:\/\/dhg1h5j42swfq.cloudfront.net\/2025\/06\/03203428\/logo_concursos-1.jpg\",\"contentUrl\":\"https:\/\/dhg1h5j42swfq.cloudfront.net\/2025\/06\/03203428\/logo_concursos-1.jpg\",\"width\":230,\"height\":60,\"caption\":\"Estrat\u00e9gia Concursos\"},\"image\":{\"@id\":\"https:\/\/www.estrategiaconcursos.com.br\/blog\/#\/schema\/logo\/image\/\"},\"sameAs\":[\"https:\/\/x.com\/EstratConcursos\"]},{\"@type\":\"Person\",\"@id\":\"https:\/\/www.estrategiaconcursos.com.br\/blog\/#\/schema\/person\/e16645c6841f5460802e96740e916bfd\",\"name\":\"Adriel S\u00e1\",\"image\":{\"@type\":\"ImageObject\",\"inLanguage\":\"pt-BR\",\"@id\":\"https:\/\/secure.gravatar.com\/avatar\/b75b794f68c663798240f3079128b7dd1d78a4c65fd81be07ff43947061768c8?s=96&d=mm&r=g\",\"url\":\"https:\/\/secure.gravatar.com\/avatar\/b75b794f68c663798240f3079128b7dd1d78a4c65fd81be07ff43947061768c8?s=96&d=mm&r=g\",\"contentUrl\":\"https:\/\/secure.gravatar.com\/avatar\/b75b794f68c663798240f3079128b7dd1d78a4c65fd81be07ff43947061768c8?s=96&d=mm&r=g\",\"caption\":\"Adriel S\u00e1\"},\"url\":\"https:\/\/www.estrategiaconcursos.com.br\/blog\/author\/adrieldesaestrategiaconcursos-com-br\/\"}]}<\/script>\n<!-- \/ Yoast SEO Premium plugin. -->","yoast_head_json":{"title":"SOLU\u00c7\u00c3O para uma recorrente \"casca de banana\" em provas de Administra\u00e7\u00e3o!","robots":{"index":"index","follow":"follow","max-snippet":"max-snippet:-1","max-image-preview":"max-image-preview:large","max-video-preview":"max-video-preview:-1"},"canonical":"https:\/\/www.estrategiaconcursos.com.br\/blog\/solucao-para-uma-recorrente-casca-de-banana-em-provas-de-administracao\/","og_locale":"pt_BR","og_type":"article","og_title":"SOLU\u00c7\u00c3O para uma recorrente \"casca de banana\" em provas de Administra\u00e7\u00e3o!","og_description":"Ol&aacute;, pessoal! Hoje n&oacute;s vamos &quot;destrinchar&quot; um assunto que sempre causa &quot;terror&quot; nas provas de Administra&ccedil;&atilde;o. As famosas &quot;etapas do planejamento&quot;. Como voc&ecirc;s sabem, s&atilde;o in&uacute;meras proposi&ccedil;&otilde;es de autorees, sempre conflitantes entre si. Um autor diz que as etapas s&atilde;o cinco, outro que s&atilde;o seis, outro que a etapa inicial &eacute; &quot;x&quot;, outro que a [&hellip;]","og_url":"https:\/\/www.estrategiaconcursos.com.br\/blog\/solucao-para-uma-recorrente-casca-de-banana-em-provas-de-administracao\/","og_site_name":"Estrat\u00e9gia Concursos","article_published_time":"2017-04-13T14:10:05+00:00","author":"Adriel S\u00e1","twitter_card":"summary_large_image","twitter_creator":"@EstratConcursos","twitter_site":"@EstratConcursos","twitter_misc":{"Escrito por":"Adriel S\u00e1","Est. tempo de leitura":"12 minutos"},"schema":{"@context":"https:\/\/schema.org","@graph":[{"@type":"NewsArticle","@id":"https:\/\/www.estrategiaconcursos.com.br\/blog\/solucao-para-uma-recorrente-casca-de-banana-em-provas-de-administracao\/#article","isPartOf":{"@id":"https:\/\/www.estrategiaconcursos.com.br\/blog\/solucao-para-uma-recorrente-casca-de-banana-em-provas-de-administracao\/"},"author":{"name":"Adriel S\u00e1","@id":"https:\/\/www.estrategiaconcursos.com.br\/blog\/#\/schema\/person\/e16645c6841f5460802e96740e916bfd"},"headline":"SOLU\u00c7\u00c3O para uma recorrente &#8220;casca de banana&#8221; em provas de Administra\u00e7\u00e3o!","datePublished":"2017-04-13T14:10:05+00:00","mainEntityOfPage":{"@id":"https:\/\/www.estrategiaconcursos.com.br\/blog\/solucao-para-uma-recorrente-casca-de-banana-em-provas-de-administracao\/"},"wordCount":2423,"commentCount":4,"publisher":{"@id":"https:\/\/www.estrategiaconcursos.com.br\/blog\/#organization"},"inLanguage":"pt-BR","potentialAction":[{"@type":"CommentAction","name":"Comment","target":["https:\/\/www.estrategiaconcursos.com.br\/blog\/solucao-para-uma-recorrente-casca-de-banana-em-provas-de-administracao\/#respond"]}],"copyrightYear":"2017","copyrightHolder":{"@id":"https:\/\/www.estrategiaconcursos.com.br\/blog\/#organization"}},{"@type":"WebPage","@id":"https:\/\/www.estrategiaconcursos.com.br\/blog\/solucao-para-uma-recorrente-casca-de-banana-em-provas-de-administracao\/","url":"https:\/\/www.estrategiaconcursos.com.br\/blog\/solucao-para-uma-recorrente-casca-de-banana-em-provas-de-administracao\/","name":"SOLU\u00c7\u00c3O para uma recorrente \"casca de banana\" em provas de Administra\u00e7\u00e3o!","isPartOf":{"@id":"https:\/\/www.estrategiaconcursos.com.br\/blog\/#website"},"datePublished":"2017-04-13T14:10:05+00:00","breadcrumb":{"@id":"https:\/\/www.estrategiaconcursos.com.br\/blog\/solucao-para-uma-recorrente-casca-de-banana-em-provas-de-administracao\/#breadcrumb"},"inLanguage":"pt-BR","potentialAction":[{"@type":"ReadAction","target":["https:\/\/www.estrategiaconcursos.com.br\/blog\/solucao-para-uma-recorrente-casca-de-banana-em-provas-de-administracao\/"]}]},{"@type":"BreadcrumbList","@id":"https:\/\/www.estrategiaconcursos.com.br\/blog\/solucao-para-uma-recorrente-casca-de-banana-em-provas-de-administracao\/#breadcrumb","itemListElement":[{"@type":"ListItem","position":1,"name":"In\u00edcio","item":"https:\/\/www.estrategiaconcursos.com.br\/blog\/"},{"@type":"ListItem","position":2,"name":"SOLU\u00c7\u00c3O para uma recorrente &#8220;casca de banana&#8221; em provas de Administra\u00e7\u00e3o!"}]},{"@type":"WebSite","@id":"https:\/\/www.estrategiaconcursos.com.br\/blog\/#website","url":"https:\/\/www.estrategiaconcursos.com.br\/blog\/","name":"Estrat\u00e9gia Concursos","description":"O blog da Estrat\u00e9gia Concursos traz not\u00edcias sobre concursos e artigos de professores oferecendo cursos para concursos (pdf + videaulas) no site.","publisher":{"@id":"https:\/\/www.estrategiaconcursos.com.br\/blog\/#organization"},"potentialAction":[{"@type":"SearchAction","target":{"@type":"EntryPoint","urlTemplate":"https:\/\/www.estrategiaconcursos.com.br\/blog\/?s={search_term_string}"},"query-input":{"@type":"PropertyValueSpecification","valueRequired":true,"valueName":"search_term_string"}}],"inLanguage":"pt-BR"},{"@type":"Organization","@id":"https:\/\/www.estrategiaconcursos.com.br\/blog\/#organization","name":"Estrat\u00e9gia Concursos","url":"https:\/\/www.estrategiaconcursos.com.br\/blog\/","logo":{"@type":"ImageObject","inLanguage":"pt-BR","@id":"https:\/\/www.estrategiaconcursos.com.br\/blog\/#\/schema\/logo\/image\/","url":"https:\/\/dhg1h5j42swfq.cloudfront.net\/2025\/06\/03203428\/logo_concursos-1.jpg","contentUrl":"https:\/\/dhg1h5j42swfq.cloudfront.net\/2025\/06\/03203428\/logo_concursos-1.jpg","width":230,"height":60,"caption":"Estrat\u00e9gia Concursos"},"image":{"@id":"https:\/\/www.estrategiaconcursos.com.br\/blog\/#\/schema\/logo\/image\/"},"sameAs":["https:\/\/x.com\/EstratConcursos"]},{"@type":"Person","@id":"https:\/\/www.estrategiaconcursos.com.br\/blog\/#\/schema\/person\/e16645c6841f5460802e96740e916bfd","name":"Adriel S\u00e1","image":{"@type":"ImageObject","inLanguage":"pt-BR","@id":"https:\/\/secure.gravatar.com\/avatar\/b75b794f68c663798240f3079128b7dd1d78a4c65fd81be07ff43947061768c8?s=96&d=mm&r=g","url":"https:\/\/secure.gravatar.com\/avatar\/b75b794f68c663798240f3079128b7dd1d78a4c65fd81be07ff43947061768c8?s=96&d=mm&r=g","contentUrl":"https:\/\/secure.gravatar.com\/avatar\/b75b794f68c663798240f3079128b7dd1d78a4c65fd81be07ff43947061768c8?s=96&d=mm&r=g","caption":"Adriel S\u00e1"},"url":"https:\/\/www.estrategiaconcursos.com.br\/blog\/author\/adrieldesaestrategiaconcursos-com-br\/"}]}},"_links":{"self":[{"href":"https:\/\/www.estrategiaconcursos.com.br\/blog\/wp-json\/wp\/v2\/posts\/70626","targetHints":{"allow":["GET"]}}],"collection":[{"href":"https:\/\/www.estrategiaconcursos.com.br\/blog\/wp-json\/wp\/v2\/posts"}],"about":[{"href":"https:\/\/www.estrategiaconcursos.com.br\/blog\/wp-json\/wp\/v2\/types\/post"}],"author":[{"embeddable":true,"href":"https:\/\/www.estrategiaconcursos.com.br\/blog\/wp-json\/wp\/v2\/users\/143"}],"replies":[{"embeddable":true,"href":"https:\/\/www.estrategiaconcursos.com.br\/blog\/wp-json\/wp\/v2\/comments?post=70626"}],"version-history":[{"count":3,"href":"https:\/\/www.estrategiaconcursos.com.br\/blog\/wp-json\/wp\/v2\/posts\/70626\/revisions"}],"predecessor-version":[{"id":70635,"href":"https:\/\/www.estrategiaconcursos.com.br\/blog\/wp-json\/wp\/v2\/posts\/70626\/revisions\/70635"}],"wp:attachment":[{"href":"https:\/\/www.estrategiaconcursos.com.br\/blog\/wp-json\/wp\/v2\/media?parent=70626"}],"wp:term":[{"taxonomy":"category","embeddable":true,"href":"https:\/\/www.estrategiaconcursos.com.br\/blog\/wp-json\/wp\/v2\/categories?post=70626"},{"taxonomy":"post_tag","embeddable":true,"href":"https:\/\/www.estrategiaconcursos.com.br\/blog\/wp-json\/wp\/v2\/tags?post=70626"},{"taxonomy":"tax_estado","embeddable":true,"href":"https:\/\/www.estrategiaconcursos.com.br\/blog\/wp-json\/wp\/v2\/tax_estado?post=70626"}],"curies":[{"name":"wp","href":"https:\/\/api.w.org\/{rel}","templated":true}]}}