{"id":70584,"date":"2017-05-19T18:00:23","date_gmt":"2017-05-19T21:00:23","guid":{"rendered":"https:\/\/www.estrategiaconcursos.com.br\/blog\/?p=70584"},"modified":"2022-10-24T10:38:46","modified_gmt":"2022-10-24T13:38:46","slug":"edital-marinha-saude","status":"publish","type":"post","link":"https:\/\/www.estrategiaconcursos.com.br\/blog\/edital-marinha-saude\/","title":{"rendered":"Edital Marinha Sa\u00fade: an\u00e1lise completa do concurso!"},"content":{"rendered":"<p style=\"text-align: justify;\"><span style=\"font-family: arial,helvetica,sans-serif;\"><span style=\"font-size: 14px;\"><span style=\"color: #000000;\">Ol\u00e1, pessoal! Tudo bem?<\/span><\/span><\/span><\/p>\n<p style=\"text-align: justify;\"><span style=\"font-family: arial,helvetica,sans-serif;\"><span style=\"font-size: 14px;\"><span style=\"color: #000000;\">Eu sou Marcela Conti, professora e coordenadora\u00a0do Estrat\u00e9gia Concursos, e hoje vou apresentar a voc\u00eas uma an\u00e1lise do <strong>Edital <\/strong><\/span><\/span><\/span><span style=\"font-family: arial,helvetica,sans-serif;\"><span style=\"font-size: 14px;\"><span style=\"color: #000000;\"><strong>Marinha Sa\u00fade <\/strong>q<\/span><\/span><\/span><span style=\"font-family: arial,helvetica,sans-serif;\"><span style=\"font-size: 14px;\"><span style=\"color: #000000;\">ue foi\u00a0publicado no dia 11\/04.<\/span><\/span><\/span><\/p>\n<p style=\"text-align: justify;\">\n<p style=\"text-align: justify;\"><img loading=\"lazy\" decoding=\"async\" class=\"alignleft size-medium wp-image-70771\" src=\"https:\/\/dhg1h5j42swfq.cloudfront.net\/2017\/04\/13190832\/Edital-Marinha-Sa%C3%BAde.jpg\" alt=\"\" width=\"300\" height=\"157\" srcset=\"https:\/\/dhg1h5j42swfq.cloudfront.net\/2017\/04\/13190832\/Edital-Marinha-Sa%C3%BAde.jpg 400w, https:\/\/dhg1h5j42swfq.cloudfront.net\/2017\/04\/13190832\/Edital-Marinha-Sa%C3%BAde.jpg 300w\" sizes=\"auto, (max-width: 300px) 100vw, 300px\" \/><\/p>\n<p style=\"text-align: justify;\">\n<p style=\"text-align: justify;\"><span style=\"font-family: arial,helvetica,sans-serif;\"><span style=\"font-size: 14px;\"><span style=\"color: #000000;\">Ao todo, s\u00e3o <strong>146 vagas<\/strong> para cargos! Vou fazer uma an\u00e1lise detalhada do edital\u00a0Concurso\u00a0Marinha Sa\u00fade para os cargos de <strong>Cirurgi\u00e3o-dentista<\/strong><\/span><\/span><\/span><span style=\"font-family: arial,helvetica,sans-serif;\"><span style=\"font-size: 14px;\"><span style=\"color: #000000;\">, <strong>Enfermeiros<\/strong>, <strong>Farmac\u00eauticos<\/strong>, <strong>Fisioterapeuta<\/strong>, <strong>Fonoaudi\u00f3logo<\/strong> <strong>e<\/strong>\u00a0<strong>Nutricionista<\/strong>. Isso pode fazer <\/span><\/span><\/span><span style=\"font-family: arial,helvetica,sans-serif;\"><span style=\"font-size: 14px;\"><span style=\"color: #000000;\">muita diferen\u00e7a para que voc\u00ea seja aprovado<\/span><\/span><\/span><span style=\"font-family: arial,helvetica,sans-serif;\"><span style=\"font-size: 14px;\"><span style=\"color: #000000;\">! \u00c9 importante analisar o Edital Marinha Sa\u00fade contendo as regras do concurso para se <\/span><\/span><\/span><span style=\"font-family: arial,helvetica,sans-serif;\"><span style=\"font-size: 14px;\"><span style=\"color: #000000;\">preparar estrate<\/span><\/span><\/span><span style=\"font-family: arial,helvetica,sans-serif;\"><span style=\"font-size: 14px;\"><span style=\"color: #000000;\">gicamente para as etapas de sele\u00e7\u00e3o!\u00a0<\/span><\/span><\/span><\/p>\n<p style=\"text-align: justify;\"><span style=\"font-family: arial,helvetica,sans-serif;\"><span style=\"font-size: 14px;\"><span style=\"color: #000000;\">A banca examinadora \u00e9 a pr\u00f3pria Diretoria de Ensino da Marinha (DEnsM), as <u>inscri\u00e7\u00f5es estar\u00e3o abertas de 13\/04 a 15\/05 e a prova ser\u00e1 aplicada na primeira quinzena de julho.<\/u> <\/span><\/span><\/span><\/p>\n<p style=\"text-align: justify;\">\n<p style=\"text-align: justify;\"><span style=\"font-family: arial,helvetica,sans-serif;\"><span style=\"font-size: 14px;\"><span style=\"color: #000000;\"><strong>1) Vagas e remunera\u00e7\u00e3o<\/strong>:<\/span><\/span><\/span><\/p>\n<p style=\"text-align: justify;\"><span style=\"font-family: arial,helvetica,sans-serif;\"><span style=\"font-size: 14px;\"><span style=\"color: #000000;\">O edital Marinha 2017\u00a0prev\u00ea vagas para atua\u00e7\u00e3o em\u00a0\u00e2mbito nacional em cargos para m\u00e9dicos, cirurgi\u00e3o-dentista e apoio \u00e0 sa\u00fade, conforme quadros abaixo:<\/span><\/span><\/span><\/p>\n<p style=\"text-align: justify;\"><span style=\"font-family: arial,helvetica,sans-serif;\"><span style=\"font-size: 14px;\"><span style=\"color: #000000;\"><strong>Quadro de\u00a0Cirurgi\u00e3o-dentista<\/strong><\/span><\/span><\/span><\/p>\n<p style=\"text-align: justify;\"><img loading=\"lazy\" decoding=\"async\" class=\"alignleft size-medium wp-image-70785\" src=\"https:\/\/dhg1h5j42swfq.cloudfront.net\/2017\/04\/13192430\/Edital-Marinha-Sa%C3%BAde-2.png\" alt=\"\" width=\"300\" height=\"163\" srcset=\"https:\/\/dhg1h5j42swfq.cloudfront.net\/2017\/04\/13192430\/Edital-Marinha-Sa%C3%BAde-2.png 750w, https:\/\/dhg1h5j42swfq.cloudfront.net\/2017\/04\/13192430\/Edital-Marinha-Sa%C3%BAde-2.png 300w, https:\/\/dhg1h5j42swfq.cloudfront.net\/2017\/04\/13192430\/Edital-Marinha-Sa%C3%BAde-2.png 500w\" sizes=\"auto, (max-width: 300px) 100vw, 300px\" \/><\/p>\n<p style=\"text-align: justify;\">\n<p style=\"text-align: justify;\">\n<p style=\"text-align: justify;\">\n<p style=\"text-align: justify;\">\n<p style=\"text-align: justify;\">\n<p style=\"text-align: justify;\">\n<p style=\"text-align: justify;\"><span style=\"font-family: arial,helvetica,sans-serif;\"><span style=\"font-size: 14px;\"><span style=\"color: #000000;\"><strong>Quadro de Apoio \u00e0 Sa\u00fade<\/strong><\/span><\/span><\/span><\/p>\n<p style=\"text-align: justify;\"><img loading=\"lazy\" decoding=\"async\" class=\"alignleft size-medium wp-image-70786\" src=\"https:\/\/dhg1h5j42swfq.cloudfront.net\/2017\/04\/13192432\/Edital-Marinha-Sa%C3%BAde.png\" alt=\"\" width=\"300\" height=\"160\" srcset=\"https:\/\/dhg1h5j42swfq.cloudfront.net\/2017\/04\/13192432\/Edital-Marinha-Sa%C3%BAde.png 756w, https:\/\/dhg1h5j42swfq.cloudfront.net\/2017\/04\/13192432\/Edital-Marinha-Sa%C3%BAde.png 300w, https:\/\/dhg1h5j42swfq.cloudfront.net\/2017\/04\/13192432\/Edital-Marinha-Sa%C3%BAde.png 500w\" sizes=\"auto, (max-width: 300px) 100vw, 300px\" \/><\/p>\n<p style=\"text-align: justify;\">\n<p style=\"text-align: justify;\">\n<p style=\"text-align: justify;\">\n<p style=\"text-align: justify;\">\n<p style=\"text-align: justify;\">\n<p style=\"text-align: justify;\">\n<p style=\"text-align: justify;\"><span style=\"font-family: arial,helvetica,sans-serif;\"><span style=\"font-size: 14px;\"><span style=\"color: #000000;\">De acordo com o edital, o ingresso no Corpo de Sa\u00fade da Marinha (CSM) ocorrer\u00e1 no posto de <strong>Primeiro-Tenente<\/strong>, ap\u00f3s o candidato ter sido aprovado e classificado em todas as fases da sele\u00e7\u00e3o inicial e ter sido aprovado em todas as fases do Curso de Forma\u00e7\u00e3o de Oficiais. Ingressar no posto de Primeiro-Tenente significa ter um\u00a0soldo\u00a0(sal\u00e1rio das For\u00e7as Armadas) <strong>inicial de R$ 7.796,00<\/strong>!<\/span><\/span><\/span><\/p>\n<p style=\"text-align: justify;\">\n<p style=\"text-align: justify;\"><span style=\"font-family: arial,helvetica,sans-serif;\"><span style=\"font-size: 14px;\"><span style=\"color: #000000;\"><strong>2) Condi\u00e7\u00f5es para a inscri\u00e7\u00e3o<\/strong>:<\/span><\/span><\/span><\/p>\n<p style=\"text-align: justify;\"><span style=\"font-family: arial,helvetica,sans-serif;\"><span style=\"font-size: 14px;\"><span style=\"color: #000000;\">Por se tratar de uma For\u00e7a Armada, o ingresso na Marinha do Brasil requer algumas condi\u00e7\u00f5es, sendo as mais importantes:<\/span><\/span><\/span><\/p>\n<ul>\n<li style=\"text-align: justify;\"><span style=\"font-family: arial,helvetica,sans-serif;\"><span style=\"font-size: 14px;\"><span style=\"color: #000000;\">Ser brasileiro nato<\/span><\/span><\/span><\/li>\n<li style=\"text-align: justify;\"><span style=\"font-family: arial,helvetica,sans-serif;\"><span style=\"font-size: 14px;\"><span style=\"color: #000000;\">Ter menos de 36 (trinta e seis) anos de idade no primeiro dia do m\u00eas de janeiro de 2018, nos\u00a0termos da lei no 12.704, de 08 de agosto de 2012<\/span><\/span><\/span><\/li>\n<li style=\"text-align: justify;\"><span style=\"font-family: arial,helvetica,sans-serif;\"><span style=\"font-size: 14px;\"><span style=\"color: #000000;\">possuir bons antecedentes de conduta, a ser apurada por meio de averigua\u00e7\u00e3o da vida pregressa do candidato<\/span><\/span><\/span><\/li>\n<li style=\"text-align: justify;\"><span style=\"font-family: arial,helvetica,sans-serif;\"><span style=\"font-size: 14px;\"><span style=\"color: #000000;\">estar em dia com as obriga\u00e7\u00f5es do Servi\u00e7o Militar e da Justi\u00e7a Eleitoral<\/span><\/span><\/span><\/li>\n<li style=\"text-align: justify;\"><span style=\"font-family: arial,helvetica,sans-serif;\"><span style=\"font-size: 14px;\"><span style=\"color: #000000;\">estar autorizado pela respectiva For\u00e7a Armada ou For\u00e7a Auxiliar, em se tratando de militar ou membro da Pol\u00edcia ou do Corpo de Bombeiros Militar em atividade<\/span><\/span><\/span><\/li>\n<li style=\"text-align: justify;\"><span style=\"font-family: arial,helvetica,sans-serif;\"><span style=\"font-size: 14px;\"><span style=\"color: #000000;\">n\u00e3o estar na condi\u00e7\u00e3o de r\u00e9u em a\u00e7\u00e3o penal<\/span><\/span><\/span><\/li>\n<\/ul>\n<p style=\"text-align: justify;\"><span style=\"font-family: arial,helvetica,sans-serif;\"><span style=\"font-size: 14px;\"><span style=\"color: #000000;\">Per\u00edodo de inscri\u00e7\u00f5es: <strong>13\/04 a 15\/05<\/strong><\/span><\/span><\/span><\/p>\n<p style=\"text-align: justify;\"><span style=\"font-family: arial,helvetica,sans-serif;\"><span style=\"font-size: 14px;\"><span style=\"color: #000000;\">Valor da taxa de inscri\u00e7\u00e3o:\u00a0<strong>R$ 110,00 (cento e dez reais)<\/strong><\/span><\/span><\/span><\/p>\n<p style=\"text-align: justify;\">\n<p style=\"text-align: justify;\"><span style=\"font-family: arial,helvetica,sans-serif;\"><span style=\"font-size: 14px;\"><span style=\"color: #000000;\"><strong>3) Sele\u00e7\u00e3o inicial<\/strong>:<\/span><\/span><\/span><\/p>\n<p style=\"text-align: justify;\"><span style=\"font-family: arial,helvetica,sans-serif;\"><span style=\"font-size: 14px;\"><span style=\"color: #000000;\">A Sele\u00e7\u00e3o inicial compreende as seguintes fases:<\/span><\/span><\/span><\/p>\n<ul>\n<li style=\"text-align: justify;\"><span style=\"font-family: arial,helvetica,sans-serif;\"><span style=\"font-size: 14px;\"><span style=\"color: #000000;\"><strong>Prova Escrita Objetiva de Conhecimentos Profissionais\u00a0<\/strong>&#8211; car\u00e1ter eliminat\u00f3rio e classificat\u00f3rio<\/span><\/span><\/span><\/li>\n<li style=\"text-align: justify;\"><span style=\"font-family: arial,helvetica,sans-serif;\"><span style=\"font-size: 14px;\"><span style=\"color: #000000;\"><strong>Reda\u00e7\u00e3o<\/strong>\u00a0&#8211; car\u00e1ter eliminat\u00f3rio e classificat\u00f3rio<\/span><\/span><\/span><\/li>\n<li style=\"text-align: justify;\"><span style=\"font-family: arial,helvetica,sans-serif;\"><span style=\"font-size: 14px;\"><span style=\"color: #000000;\"><strong>Fases Complementares<\/strong>:<\/span><\/span><\/span>\n<ul>\n<li style=\"text-align: justify;\"><span style=\"font-family: arial,helvetica,sans-serif;\"><span style=\"font-size: 14px;\"><span style=\"color: #000000;\">I) <strong>Inspe\u00e7\u00e3o de Sa\u00fade<\/strong> &#8211;\u00a0car\u00e1ter eliminat\u00f3rio\u00a0<\/span><\/span><\/span><\/li>\n<li style=\"text-align: justify;\"><span style=\"font-family: arial,helvetica,sans-serif;\"><span style=\"font-size: 14px;\"><span style=\"color: #000000;\">II) <strong>Teste de Aptid\u00e3o F\u00edsica<\/strong>\u00a0&#8211;\u00a0car\u00e1ter eliminat\u00f3rio\u00a0<\/span><\/span><\/span><\/li>\n<li style=\"text-align: justify;\"><span style=\"font-family: arial,helvetica,sans-serif;\"><span style=\"font-size: 14px;\"><span style=\"color: #000000;\">III) <strong>Verifica\u00e7\u00e3o de Dados Biogr\u00e1ficos<\/strong>\u00a0&#8211; Fase preliminar &#8211;\u00a0car\u00e1ter eliminat\u00f3rio\u00a0<\/span><\/span><\/span><\/li>\n<li style=\"text-align: justify;\"><span style=\"font-family: arial,helvetica,sans-serif;\"><span style=\"font-size: 14px;\"><span style=\"color: #000000;\">IV) <strong>Prova de T\u00edtulos<\/strong> &#8211;\u00a0car\u00e1ter classificat\u00f3rio<\/span><\/span><\/span><\/li>\n<\/ul>\n<\/li>\n<\/ul>\n<p style=\"text-align: justify;\">\n<h3 style=\"text-align: justify;\"><span style=\"font-family: arial,helvetica,sans-serif;\"><span style=\"font-size: 14px;\"><span style=\"color: #000000;\"><u><strong>Prova escrita e reda\u00e7\u00e3o:<\/strong><\/u><\/span><\/span><\/span><\/h3>\n<p style=\"text-align: justify;\">\n<p style=\"text-align: justify;\"><span style=\"font-family: arial,helvetica,sans-serif;\"><span style=\"font-size: 14px;\"><span style=\"color: #000000;\">De acordo com o Edital Marinha Sa\u00fade, as provas escritas ser\u00e3o compostas por 50 quest\u00f5es objetivas. J\u00e1\u00a0reda\u00e7\u00e3o\u00a0dever\u00e1 ser escrita em letra cursiva com,\u00a0no m\u00ednimo, 20 (vinte) e no m\u00e1ximo 30 (trinta) linhas. Ser\u00e3o corrigidas as reda\u00e7\u00f5es de at\u00e9 3 vezes o n\u00famero de vagas para os cargos de cirugi\u00e3o-dentista e apoio \u00e0 sa\u00fade.<\/span><\/span><\/span><\/p>\n<p style=\"text-align: justify;\"><span style=\"font-family: arial,helvetica,sans-serif;\"><span style=\"font-size: 14px;\"><span style=\"color: #000000;\">A prova escrita e a reda\u00e7\u00e3o ser\u00e3o realizadas no mesmo dia e\u00a0ter\u00e3o dura\u00e7\u00e3o de 4 horas. A data da prova est\u00e1 prevista para a primeira quinzena de julho.<\/span><\/span><\/span><\/p>\n<p style=\"text-align: justify;\">\n<p style=\"text-align: justify;\"><span style=\"font-family: arial,helvetica,sans-serif;\"><span style=\"font-size: 14px;\"><span style=\"color: #000000;\"><strong>4) Curso de Forma\u00e7\u00e3o de Oficiais (CFO)<\/strong>:<\/span><\/span><\/span><\/p>\n<p style=\"text-align: justify;\"><span style=\"font-family: arial,helvetica,sans-serif;\"><span style=\"font-size: 14px;\"><span style=\"color: #000000;\">O candidato aprovado na sele\u00e7\u00e3o inicial passar\u00e1 por um\u00a0<strong>Curso de Forma\u00e7\u00e3o de Oficiais (CFO) <\/strong>com dura\u00e7\u00e3o aproximada de 39 semanas (9 meses). Durante esse per\u00edodo, o candidato estar\u00e1 na\u00a0gradua\u00e7\u00e3o de Guarda-Marinha, com soldo de <strong>R$ 6.625,00<\/strong>,\u00a0al\u00e9m de serem proporcionados alimenta\u00e7\u00e3o, uniforme, assist\u00eancia m\u00e9dico-odontol\u00f3gica, psicol\u00f3gica, social e religiosa.<\/span><\/span><\/span><\/p>\n<p style=\"text-align: justify;\"><span style=\"font-family: arial,helvetica,sans-serif;\"><span style=\"font-size: 14px;\"><span style=\"color: #000000;\">Haver\u00e1 um primeiro\u00a0per\u00edodo de adapta\u00e7\u00e3o de, aproximadamente, <u>3 semanas que\u00a0ser\u00e1 realizado no Rio de Janeiro (RJ).<\/u><\/span><\/span><\/span><\/p>\n<p style=\"text-align: justify;\"><span style=\"font-family: arial,helvetica,sans-serif;\"><span style=\"font-size: 14px;\"><span style=\"color: #000000;\">Durante o CFO, tamb\u00e9m h\u00e1 um per\u00edodo de, aproximadamente, <u>6 semanas para realiza\u00e7\u00e3o de um Est\u00e1gio de Aplica\u00e7\u00e3o<\/u>, nas Organiza\u00e7\u00f5es Militares designadas para essa atividade (locais em todo o Brasil), com o objetivo de promover a adapta\u00e7\u00e3o\u00a0\u00e0s caracter\u00edsticas<\/span><\/span><span style=\"font-size: 14px;\"><span style=\"color: #000000;\"> do servi\u00e7o naval inerentes \u00e0 profiss\u00e3o, \u00e0 complementa\u00e7\u00e3o de sua forma\u00e7\u00e3o militar-naval e \u00e0 avalia\u00e7\u00e3o complementar para o desempenho de fun\u00e7\u00f5es t\u00e9cnicas e administrativas.<\/span><\/span><\/span><\/p>\n<p style=\"text-align: justify;\"><span style=\"font-size: 14px;\"><span style=\"font-family: arial,helvetica,sans-serif;\"><span style=\"color: #000000;\">Espero q<\/span><\/span><span style=\"color: #000000;\">ue voc\u00eas se preparem e conquistem a vaga de voc\u00eas! Lembrem-se: o segredo do sucesso \u00e9 a const\u00e2ncia no objetivo!!! Sua aprova\u00e7\u00e3o nos motiva a estarmos aqui sempre dispon\u00edveis!<\/span><\/span><\/p>\n<p style=\"text-align: justify;\"><span style=\"font-size: 14px;\">Aproveite tamb\u00e9m para assistir nosso <a href=\"https:\/\/youtu.be\/cIrpjiVTfmQ\" target=\"_blank\" rel=\"noopener\">Aul\u00e3o sobre o Edital Marinha Sa\u00fade<\/a>\u00a0realizado no\u00a0dia 17\/04. Conquiste sua vaga na Marinha do Brasil!<\/span><\/p>\n<p style=\"text-align: justify;\"><span style=\"font-size: 14px;\"><span style=\"color: #000000;\">Grande abra\u00e7o!!!<\/span><\/span><\/p>\n<p style=\"text-align: justify;\"><span style=\"font-size: 14px;\"><span style=\"font-family: arial,helvetica,sans-serif;\"><span style=\"color: #000000;\"><strong>Marcela Conti<\/strong><\/span><\/span><\/span><\/p>\n<p style=\"text-align: justify;\"><span style=\"font-family: arial,helvetica,sans-serif;\"><span style=\"font-size: 14px;\"><span style=\"color: #000000;\">OBS.: Nossos professores j\u00e1 est\u00e3o empenhados em construir o mais completo curso preparat\u00f3rio para este certame.\u00a0 Acesse nossos\u00a0\u00a0<\/span><strong><a href=\"https:\/\/www.estrategiaconcursos.com.br\/cursosPorConcurso\/marinha-do-brasil\/\" target=\"_blank\" rel=\"noopener\"><span style=\"color: #0000ff;\">Cursos Marinha 2017<\/span><\/a><\/strong><\/span><\/span><\/p>\n<p style=\"text-align: justify;\">\n<p style=\"text-align: justify;\"><span style=\"font-family: arial,helvetica,sans-serif;\"><span style=\"font-size: 14px;\"><span style=\"color: #000000;\"><img loading=\"lazy\" decoding=\"async\" src=\"https:\/\/dhg1h5j42swfq.cloudfront.net\/2017\/03\/28152500\/coruja-ficha-tecnica-300x102.png\" alt=\"\" width=\"300\" height=\"102\" \/><\/span><\/span><\/span><\/p>\n<p style=\"text-align: justify;\"><span style=\"font-family: arial,helvetica,sans-serif;\"><span style=\"font-size: 14px;\"><span style=\"color: #000000;\"><strong>Informa\u00e7\u00f5es do Concurso<\/strong><\/span><\/span><\/span><\/p>\n<p style=\"text-align: justify;\"><span style=\"font-family: arial,helvetica,sans-serif;\"><span style=\"font-size: 14px;\"><span style=\"color: #000000;\">\u25baEditais:\u00a0<\/span><a href=\"https:\/\/dhg1h5j42swfq.cloudfront.net\/2017\/04\/11170606\/edital-concurso-marinha-m%C3%A9dico.pdf\" target=\"_blank\" rel=\"noopener\"><span style=\"color: #0000ff;\"><b>M\u00e9dico<\/b><\/span><\/a><b><span style=\"color: #0000ff;\">. \/\u00a0<\/span><a href=\"https:\/\/dhg1h5j42swfq.cloudfront.net\/2017\/04\/11170604\/edital-concurso-marinha-dentista.pdf\" target=\"_blank\" rel=\"noopener\"><span style=\"color: #0000ff;\">Dentista<\/span><\/a><span style=\"color: #0000ff;\">. \/\u00a0<\/span><\/b><b><a href=\"https:\/\/dhg1h5j42swfq.cloudfront.net\/2017\/04\/11170603\/edital-concurso-apoio-%C3%A0-sa%C3%BAde.pdf\" target=\"_blank\" rel=\"noopener\"><span style=\"color: #0000ff;\">Apoio \u00e0 sa\u00fade<\/span><\/a><span style=\"color: #0000ff;\">.<\/span><\/b><br \/>\n<span style=\"color: #000000;\">\u25baData da prova: primeira quinzena de julho\/2017<br \/>\n\u25baVagas: 146<br \/>\n\u25baLota\u00e7\u00f5es: 14 estados + Distrito Federal<br \/>\n\u25baInscri\u00e7\u00f5es: 13 de abril a 17 de maio<br \/>\n\u25baEscolaridade: Forma\u00e7\u00e3o superior na \u00e1rea espec\u00edfica<br \/>\n\u25baCursos Estrat\u00e9gia Concursos:\u00a0<\/span><strong><a href=\"https:\/\/www.estrategiaconcursos.com.br\/cursosPorConcurso\/marinha-do-brasil\/\" target=\"_blank\" rel=\"noopener\"><span style=\"color: #0000ff;\">CURSOS PARA CONCURSOS<\/span><\/a><\/strong><\/span><\/span><\/p>\n<p style=\"text-align: justify;\"><span style=\"font-family: arial,helvetica,sans-serif;\"><span style=\"font-size: 14px;\"><span style=\"color: #000000;\">\u25baResultado final: a\u00a0partir de 18\/12\/2017\u00a0<\/span><\/span><\/span><\/p>\n<p style=\"text-align: justify;\"><span style=\"font-family: arial,helvetica,sans-serif;\"><span style=\"font-size: 14px;\"><span style=\"color: #000000;\">\u25baIn\u00edcio do curso de forma\u00e7\u00e3o:\u00a005\/02\/2018\u00a0<\/span><\/span><\/span><\/p>\n<p style=\"text-align: justify;\">\n","protected":false},"excerpt":{"rendered":"<p>Ol\u00e1, pessoal! Tudo bem? Eu sou Marcela Conti, professora e coordenadora\u00a0do Estrat\u00e9gia Concursos, e hoje vou apresentar a voc\u00eas uma an\u00e1lise do Edital Marinha Sa\u00fade que foi\u00a0publicado no dia 11\/04. Ao todo, s\u00e3o 146 vagas para cargos! Vou fazer uma an\u00e1lise detalhada do edital\u00a0Concurso\u00a0Marinha Sa\u00fade para os cargos de Cirurgi\u00e3o-dentista, Enfermeiros, Farmac\u00eauticos, Fisioterapeuta, Fonoaudi\u00f3logo e\u00a0Nutricionista. [&hellip;]<\/p>\n","protected":false},"author":239,"featured_media":0,"comment_status":"open","ping_status":"open","sticky":false,"template":"","format":"standard","meta":{"post_tipo":"article","footnotes":""},"categories":[6741,1981],"tags":[1877],"tax_estado":[],"class_list":["post-70584","post","type-post","status-publish","format-standard","hentry","category-forcas-armadas-oficiais","category-saude","tag-marinha"],"acf":[],"yoast_head":"<!-- This site is optimized with the Yoast SEO Premium plugin v27.2 (Yoast SEO v27.2) - https:\/\/yoast.com\/product\/yoast-seo-premium-wordpress\/ -->\n<title>Edital Marinha Sa\u00fade: an\u00e1lise completa do concurso!<\/title>\n<meta name=\"description\" content=\"Edital Marinha Sa\u00fade: An\u00e1lise completa do certame! Saiba como ingressar na Marinha do Brasil para os cargos da Sa\u00fade, remunera\u00e7\u00f5es, vagas e carreira!\" \/>\n<meta name=\"robots\" content=\"index, follow, max-snippet:-1, max-image-preview:large, max-video-preview:-1\" \/>\n<link rel=\"canonical\" href=\"https:\/\/www.estrategiaconcursos.com.br\/blog\/edital-marinha-saude\/\" \/>\n<meta property=\"og:locale\" content=\"pt_BR\" \/>\n<meta property=\"og:type\" content=\"article\" \/>\n<meta property=\"og:title\" content=\"Edital Marinha Sa\u00fade: an\u00e1lise completa do concurso!\" \/>\n<meta property=\"og:description\" content=\"Edital Marinha Sa\u00fade: An\u00e1lise completa do certame! Saiba como ingressar na Marinha do Brasil para os cargos da Sa\u00fade, remunera\u00e7\u00f5es, vagas e carreira!\" \/>\n<meta property=\"og:url\" content=\"https:\/\/www.estrategiaconcursos.com.br\/blog\/edital-marinha-saude\/\" \/>\n<meta property=\"og:site_name\" content=\"Estrat\u00e9gia Concursos\" \/>\n<meta property=\"article:published_time\" content=\"2017-05-19T21:00:23+00:00\" \/>\n<meta property=\"article:modified_time\" content=\"2022-10-24T13:38:46+00:00\" \/>\n<meta property=\"og:image\" content=\"https:\/\/dhg1h5j42swfq.cloudfront.net\/2017\/03\/28152500\/coruja-ficha-tecnica-300x102.png\" \/>\n<meta name=\"author\" content=\"Marcela Conti\" \/>\n<meta name=\"twitter:card\" content=\"summary_large_image\" \/>\n<meta name=\"twitter:creator\" content=\"@EstratConcursos\" \/>\n<meta name=\"twitter:site\" content=\"@EstratConcursos\" \/>\n<meta name=\"twitter:label1\" content=\"Escrito por\" \/>\n\t<meta name=\"twitter:data1\" content=\"Marcela Conti\" \/>\n\t<meta name=\"twitter:label2\" content=\"Est. tempo de leitura\" \/>\n\t<meta name=\"twitter:data2\" content=\"4 minutos\" \/>\n<script type=\"application\/ld+json\" class=\"yoast-schema-graph\">{\"@context\":\"https:\/\/schema.org\",\"@graph\":[{\"@type\":\"NewsArticle\",\"@id\":\"https:\/\/www.estrategiaconcursos.com.br\/blog\/edital-marinha-saude\/#article\",\"isPartOf\":{\"@id\":\"https:\/\/www.estrategiaconcursos.com.br\/blog\/edital-marinha-saude\/\"},\"author\":{\"name\":\"Marcela Conti\",\"@id\":\"https:\/\/www.estrategiaconcursos.com.br\/blog\/#\/schema\/person\/ce5ce3b14b441477500f5b8978672231\"},\"headline\":\"Edital Marinha Sa\u00fade: an\u00e1lise completa do concurso!\",\"datePublished\":\"2017-05-19T21:00:23+00:00\",\"dateModified\":\"2022-10-24T13:38:46+00:00\",\"mainEntityOfPage\":{\"@id\":\"https:\/\/www.estrategiaconcursos.com.br\/blog\/edital-marinha-saude\/\"},\"wordCount\":887,\"commentCount\":0,\"publisher\":{\"@id\":\"https:\/\/www.estrategiaconcursos.com.br\/blog\/#organization\"},\"image\":{\"@id\":\"https:\/\/www.estrategiaconcursos.com.br\/blog\/edital-marinha-saude\/#primaryimage\"},\"thumbnailUrl\":\"https:\/\/dhg1h5j42swfq.cloudfront.net\/2017\/03\/28152500\/coruja-ficha-tecnica-300x102.png\",\"keywords\":[\"Marinha\"],\"articleSection\":[\"For\u00e7as Armadas (Oficiais)\",\"Sa\u00fade\"],\"inLanguage\":\"pt-BR\",\"potentialAction\":[{\"@type\":\"CommentAction\",\"name\":\"Comment\",\"target\":[\"https:\/\/www.estrategiaconcursos.com.br\/blog\/edital-marinha-saude\/#respond\"]}],\"copyrightYear\":\"2017\",\"copyrightHolder\":{\"@id\":\"https:\/\/www.estrategiaconcursos.com.br\/blog\/#organization\"}},{\"@type\":\"WebPage\",\"@id\":\"https:\/\/www.estrategiaconcursos.com.br\/blog\/edital-marinha-saude\/\",\"url\":\"https:\/\/www.estrategiaconcursos.com.br\/blog\/edital-marinha-saude\/\",\"name\":\"Edital Marinha Sa\u00fade: an\u00e1lise completa do concurso!\",\"isPartOf\":{\"@id\":\"https:\/\/www.estrategiaconcursos.com.br\/blog\/#website\"},\"primaryImageOfPage\":{\"@id\":\"https:\/\/www.estrategiaconcursos.com.br\/blog\/edital-marinha-saude\/#primaryimage\"},\"image\":{\"@id\":\"https:\/\/www.estrategiaconcursos.com.br\/blog\/edital-marinha-saude\/#primaryimage\"},\"thumbnailUrl\":\"https:\/\/dhg1h5j42swfq.cloudfront.net\/2017\/03\/28152500\/coruja-ficha-tecnica-300x102.png\",\"datePublished\":\"2017-05-19T21:00:23+00:00\",\"dateModified\":\"2022-10-24T13:38:46+00:00\",\"description\":\"Edital Marinha Sa\u00fade: An\u00e1lise completa do certame! Saiba como ingressar na Marinha do Brasil para os cargos da Sa\u00fade, remunera\u00e7\u00f5es, vagas e carreira!\",\"breadcrumb\":{\"@id\":\"https:\/\/www.estrategiaconcursos.com.br\/blog\/edital-marinha-saude\/#breadcrumb\"},\"inLanguage\":\"pt-BR\",\"potentialAction\":[{\"@type\":\"ReadAction\",\"target\":[\"https:\/\/www.estrategiaconcursos.com.br\/blog\/edital-marinha-saude\/\"]}]},{\"@type\":\"ImageObject\",\"inLanguage\":\"pt-BR\",\"@id\":\"https:\/\/www.estrategiaconcursos.com.br\/blog\/edital-marinha-saude\/#primaryimage\",\"url\":\"https:\/\/dhg1h5j42swfq.cloudfront.net\/2017\/03\/28152500\/coruja-ficha-tecnica-300x102.png\",\"contentUrl\":\"https:\/\/dhg1h5j42swfq.cloudfront.net\/2017\/03\/28152500\/coruja-ficha-tecnica-300x102.png\"},{\"@type\":\"BreadcrumbList\",\"@id\":\"https:\/\/www.estrategiaconcursos.com.br\/blog\/edital-marinha-saude\/#breadcrumb\",\"itemListElement\":[{\"@type\":\"ListItem\",\"position\":1,\"name\":\"In\u00edcio\",\"item\":\"https:\/\/www.estrategiaconcursos.com.br\/blog\/\"},{\"@type\":\"ListItem\",\"position\":2,\"name\":\"Edital Marinha Sa\u00fade: an\u00e1lise completa do concurso!\"}]},{\"@type\":\"WebSite\",\"@id\":\"https:\/\/www.estrategiaconcursos.com.br\/blog\/#website\",\"url\":\"https:\/\/www.estrategiaconcursos.com.br\/blog\/\",\"name\":\"Estrat\u00e9gia Concursos\",\"description\":\"O blog da Estrat\u00e9gia Concursos traz not\u00edcias sobre concursos e artigos de professores oferecendo cursos para concursos (pdf + videaulas) no site.\",\"publisher\":{\"@id\":\"https:\/\/www.estrategiaconcursos.com.br\/blog\/#organization\"},\"potentialAction\":[{\"@type\":\"SearchAction\",\"target\":{\"@type\":\"EntryPoint\",\"urlTemplate\":\"https:\/\/www.estrategiaconcursos.com.br\/blog\/?s={search_term_string}\"},\"query-input\":{\"@type\":\"PropertyValueSpecification\",\"valueRequired\":true,\"valueName\":\"search_term_string\"}}],\"inLanguage\":\"pt-BR\"},{\"@type\":\"Organization\",\"@id\":\"https:\/\/www.estrategiaconcursos.com.br\/blog\/#organization\",\"name\":\"Estrat\u00e9gia Concursos\",\"url\":\"https:\/\/www.estrategiaconcursos.com.br\/blog\/\",\"logo\":{\"@type\":\"ImageObject\",\"inLanguage\":\"pt-BR\",\"@id\":\"https:\/\/www.estrategiaconcursos.com.br\/blog\/#\/schema\/logo\/image\/\",\"url\":\"https:\/\/dhg1h5j42swfq.cloudfront.net\/2025\/06\/03203428\/logo_concursos-1.jpg\",\"contentUrl\":\"https:\/\/dhg1h5j42swfq.cloudfront.net\/2025\/06\/03203428\/logo_concursos-1.jpg\",\"width\":230,\"height\":60,\"caption\":\"Estrat\u00e9gia Concursos\"},\"image\":{\"@id\":\"https:\/\/www.estrategiaconcursos.com.br\/blog\/#\/schema\/logo\/image\/\"},\"sameAs\":[\"https:\/\/x.com\/EstratConcursos\"]},{\"@type\":\"Person\",\"@id\":\"https:\/\/www.estrategiaconcursos.com.br\/blog\/#\/schema\/person\/ce5ce3b14b441477500f5b8978672231\",\"name\":\"Marcela Conti\",\"image\":{\"@type\":\"ImageObject\",\"inLanguage\":\"pt-BR\",\"@id\":\"https:\/\/secure.gravatar.com\/avatar\/f74dfd396ac1338f51e09991d23c15dd1cba08ad615f89532c04851628ffc41c?s=96&d=mm&r=g\",\"url\":\"https:\/\/secure.gravatar.com\/avatar\/f74dfd396ac1338f51e09991d23c15dd1cba08ad615f89532c04851628ffc41c?s=96&d=mm&r=g\",\"contentUrl\":\"https:\/\/secure.gravatar.com\/avatar\/f74dfd396ac1338f51e09991d23c15dd1cba08ad615f89532c04851628ffc41c?s=96&d=mm&r=g\",\"caption\":\"Marcela Conti\"},\"url\":\"https:\/\/www.estrategiaconcursos.com.br\/blog\/author\/marcelacontiestrategiaconcursos-com-br\/\"}]}<\/script>\n<!-- \/ Yoast SEO Premium plugin. -->","yoast_head_json":{"title":"Edital Marinha Sa\u00fade: an\u00e1lise completa do concurso!","description":"Edital Marinha Sa\u00fade: An\u00e1lise completa do certame! Saiba como ingressar na Marinha do Brasil para os cargos da Sa\u00fade, remunera\u00e7\u00f5es, vagas e carreira!","robots":{"index":"index","follow":"follow","max-snippet":"max-snippet:-1","max-image-preview":"max-image-preview:large","max-video-preview":"max-video-preview:-1"},"canonical":"https:\/\/www.estrategiaconcursos.com.br\/blog\/edital-marinha-saude\/","og_locale":"pt_BR","og_type":"article","og_title":"Edital Marinha Sa\u00fade: an\u00e1lise completa do concurso!","og_description":"Edital Marinha Sa\u00fade: An\u00e1lise completa do certame! Saiba como ingressar na Marinha do Brasil para os cargos da Sa\u00fade, remunera\u00e7\u00f5es, vagas e carreira!","og_url":"https:\/\/www.estrategiaconcursos.com.br\/blog\/edital-marinha-saude\/","og_site_name":"Estrat\u00e9gia Concursos","article_published_time":"2017-05-19T21:00:23+00:00","article_modified_time":"2022-10-24T13:38:46+00:00","og_image":[{"url":"https:\/\/dhg1h5j42swfq.cloudfront.net\/2017\/03\/28152500\/coruja-ficha-tecnica-300x102.png","type":"","width":"","height":""}],"author":"Marcela Conti","twitter_card":"summary_large_image","twitter_creator":"@EstratConcursos","twitter_site":"@EstratConcursos","twitter_misc":{"Escrito por":"Marcela Conti","Est. tempo de leitura":"4 minutos"},"schema":{"@context":"https:\/\/schema.org","@graph":[{"@type":"NewsArticle","@id":"https:\/\/www.estrategiaconcursos.com.br\/blog\/edital-marinha-saude\/#article","isPartOf":{"@id":"https:\/\/www.estrategiaconcursos.com.br\/blog\/edital-marinha-saude\/"},"author":{"name":"Marcela Conti","@id":"https:\/\/www.estrategiaconcursos.com.br\/blog\/#\/schema\/person\/ce5ce3b14b441477500f5b8978672231"},"headline":"Edital Marinha Sa\u00fade: an\u00e1lise completa do concurso!","datePublished":"2017-05-19T21:00:23+00:00","dateModified":"2022-10-24T13:38:46+00:00","mainEntityOfPage":{"@id":"https:\/\/www.estrategiaconcursos.com.br\/blog\/edital-marinha-saude\/"},"wordCount":887,"commentCount":0,"publisher":{"@id":"https:\/\/www.estrategiaconcursos.com.br\/blog\/#organization"},"image":{"@id":"https:\/\/www.estrategiaconcursos.com.br\/blog\/edital-marinha-saude\/#primaryimage"},"thumbnailUrl":"https:\/\/dhg1h5j42swfq.cloudfront.net\/2017\/03\/28152500\/coruja-ficha-tecnica-300x102.png","keywords":["Marinha"],"articleSection":["For\u00e7as Armadas (Oficiais)","Sa\u00fade"],"inLanguage":"pt-BR","potentialAction":[{"@type":"CommentAction","name":"Comment","target":["https:\/\/www.estrategiaconcursos.com.br\/blog\/edital-marinha-saude\/#respond"]}],"copyrightYear":"2017","copyrightHolder":{"@id":"https:\/\/www.estrategiaconcursos.com.br\/blog\/#organization"}},{"@type":"WebPage","@id":"https:\/\/www.estrategiaconcursos.com.br\/blog\/edital-marinha-saude\/","url":"https:\/\/www.estrategiaconcursos.com.br\/blog\/edital-marinha-saude\/","name":"Edital Marinha Sa\u00fade: an\u00e1lise completa do concurso!","isPartOf":{"@id":"https:\/\/www.estrategiaconcursos.com.br\/blog\/#website"},"primaryImageOfPage":{"@id":"https:\/\/www.estrategiaconcursos.com.br\/blog\/edital-marinha-saude\/#primaryimage"},"image":{"@id":"https:\/\/www.estrategiaconcursos.com.br\/blog\/edital-marinha-saude\/#primaryimage"},"thumbnailUrl":"https:\/\/dhg1h5j42swfq.cloudfront.net\/2017\/03\/28152500\/coruja-ficha-tecnica-300x102.png","datePublished":"2017-05-19T21:00:23+00:00","dateModified":"2022-10-24T13:38:46+00:00","description":"Edital Marinha Sa\u00fade: An\u00e1lise completa do certame! Saiba como ingressar na Marinha do Brasil para os cargos da Sa\u00fade, remunera\u00e7\u00f5es, vagas e carreira!","breadcrumb":{"@id":"https:\/\/www.estrategiaconcursos.com.br\/blog\/edital-marinha-saude\/#breadcrumb"},"inLanguage":"pt-BR","potentialAction":[{"@type":"ReadAction","target":["https:\/\/www.estrategiaconcursos.com.br\/blog\/edital-marinha-saude\/"]}]},{"@type":"ImageObject","inLanguage":"pt-BR","@id":"https:\/\/www.estrategiaconcursos.com.br\/blog\/edital-marinha-saude\/#primaryimage","url":"https:\/\/dhg1h5j42swfq.cloudfront.net\/2017\/03\/28152500\/coruja-ficha-tecnica-300x102.png","contentUrl":"https:\/\/dhg1h5j42swfq.cloudfront.net\/2017\/03\/28152500\/coruja-ficha-tecnica-300x102.png"},{"@type":"BreadcrumbList","@id":"https:\/\/www.estrategiaconcursos.com.br\/blog\/edital-marinha-saude\/#breadcrumb","itemListElement":[{"@type":"ListItem","position":1,"name":"In\u00edcio","item":"https:\/\/www.estrategiaconcursos.com.br\/blog\/"},{"@type":"ListItem","position":2,"name":"Edital Marinha Sa\u00fade: an\u00e1lise completa do concurso!"}]},{"@type":"WebSite","@id":"https:\/\/www.estrategiaconcursos.com.br\/blog\/#website","url":"https:\/\/www.estrategiaconcursos.com.br\/blog\/","name":"Estrat\u00e9gia Concursos","description":"O blog da Estrat\u00e9gia Concursos traz not\u00edcias sobre concursos e artigos de professores oferecendo cursos para concursos (pdf + videaulas) no site.","publisher":{"@id":"https:\/\/www.estrategiaconcursos.com.br\/blog\/#organization"},"potentialAction":[{"@type":"SearchAction","target":{"@type":"EntryPoint","urlTemplate":"https:\/\/www.estrategiaconcursos.com.br\/blog\/?s={search_term_string}"},"query-input":{"@type":"PropertyValueSpecification","valueRequired":true,"valueName":"search_term_string"}}],"inLanguage":"pt-BR"},{"@type":"Organization","@id":"https:\/\/www.estrategiaconcursos.com.br\/blog\/#organization","name":"Estrat\u00e9gia Concursos","url":"https:\/\/www.estrategiaconcursos.com.br\/blog\/","logo":{"@type":"ImageObject","inLanguage":"pt-BR","@id":"https:\/\/www.estrategiaconcursos.com.br\/blog\/#\/schema\/logo\/image\/","url":"https:\/\/dhg1h5j42swfq.cloudfront.net\/2025\/06\/03203428\/logo_concursos-1.jpg","contentUrl":"https:\/\/dhg1h5j42swfq.cloudfront.net\/2025\/06\/03203428\/logo_concursos-1.jpg","width":230,"height":60,"caption":"Estrat\u00e9gia Concursos"},"image":{"@id":"https:\/\/www.estrategiaconcursos.com.br\/blog\/#\/schema\/logo\/image\/"},"sameAs":["https:\/\/x.com\/EstratConcursos"]},{"@type":"Person","@id":"https:\/\/www.estrategiaconcursos.com.br\/blog\/#\/schema\/person\/ce5ce3b14b441477500f5b8978672231","name":"Marcela Conti","image":{"@type":"ImageObject","inLanguage":"pt-BR","@id":"https:\/\/secure.gravatar.com\/avatar\/f74dfd396ac1338f51e09991d23c15dd1cba08ad615f89532c04851628ffc41c?s=96&d=mm&r=g","url":"https:\/\/secure.gravatar.com\/avatar\/f74dfd396ac1338f51e09991d23c15dd1cba08ad615f89532c04851628ffc41c?s=96&d=mm&r=g","contentUrl":"https:\/\/secure.gravatar.com\/avatar\/f74dfd396ac1338f51e09991d23c15dd1cba08ad615f89532c04851628ffc41c?s=96&d=mm&r=g","caption":"Marcela Conti"},"url":"https:\/\/www.estrategiaconcursos.com.br\/blog\/author\/marcelacontiestrategiaconcursos-com-br\/"}]}},"_links":{"self":[{"href":"https:\/\/www.estrategiaconcursos.com.br\/blog\/wp-json\/wp\/v2\/posts\/70584","targetHints":{"allow":["GET"]}}],"collection":[{"href":"https:\/\/www.estrategiaconcursos.com.br\/blog\/wp-json\/wp\/v2\/posts"}],"about":[{"href":"https:\/\/www.estrategiaconcursos.com.br\/blog\/wp-json\/wp\/v2\/types\/post"}],"author":[{"embeddable":true,"href":"https:\/\/www.estrategiaconcursos.com.br\/blog\/wp-json\/wp\/v2\/users\/239"}],"replies":[{"embeddable":true,"href":"https:\/\/www.estrategiaconcursos.com.br\/blog\/wp-json\/wp\/v2\/comments?post=70584"}],"version-history":[{"count":34,"href":"https:\/\/www.estrategiaconcursos.com.br\/blog\/wp-json\/wp\/v2\/posts\/70584\/revisions"}],"predecessor-version":[{"id":1114522,"href":"https:\/\/www.estrategiaconcursos.com.br\/blog\/wp-json\/wp\/v2\/posts\/70584\/revisions\/1114522"}],"wp:attachment":[{"href":"https:\/\/www.estrategiaconcursos.com.br\/blog\/wp-json\/wp\/v2\/media?parent=70584"}],"wp:term":[{"taxonomy":"category","embeddable":true,"href":"https:\/\/www.estrategiaconcursos.com.br\/blog\/wp-json\/wp\/v2\/categories?post=70584"},{"taxonomy":"post_tag","embeddable":true,"href":"https:\/\/www.estrategiaconcursos.com.br\/blog\/wp-json\/wp\/v2\/tags?post=70584"},{"taxonomy":"tax_estado","embeddable":true,"href":"https:\/\/www.estrategiaconcursos.com.br\/blog\/wp-json\/wp\/v2\/tax_estado?post=70584"}],"curies":[{"name":"wp","href":"https:\/\/api.w.org\/{rel}","templated":true}]}}