{"id":705005,"date":"2021-03-31T16:00:00","date_gmt":"2021-03-31T19:00:00","guid":{"rendered":"https:\/\/www.estrategiaconcursos.com.br\/blog\/?p=705005"},"modified":"2021-03-31T17:58:17","modified_gmt":"2021-03-31T20:58:17","slug":"inscricoes-para-pcd-concurso-prf","status":"publish","type":"post","link":"https:\/\/www.estrategiaconcursos.com.br\/blog\/inscricoes-para-pcd-concurso-prf\/","title":{"rendered":"Inscri\u00e7\u00f5es para PcD ser\u00e3o reabertas para o Concurso PRF!"},"content":{"rendered":"\n<p>Assim como ocorreu no concurso da PF, a <strong>PRF <\/strong>reabrir\u00e1 as inscri\u00e7\u00f5es para PcD ap\u00f3s acordo realizado com o Minist\u00e9rio P\u00fablico Federal.<\/p>\n\n\n\n<p>O documento, com as instru\u00e7\u00f5es para a inscri\u00e7\u00e3o foi publicado na tarde desta quarta-feira, 31 de mar\u00e7o, no site do Cebraspe. <strong><a href=\"https:\/\/dhg1h5j42swfq.cloudfront.net\/2021\/03\/31163445\/ed_5_prf_2021_reabertura.pdf\" target=\"_blank\" rel=\"noreferrer noopener\">Confira<\/a> <a href=\"https:\/\/dhg1h5j42swfq.cloudfront.net\/2021\/03\/31163445\/ed_5_prf_2021_reabertura.pdf\" target=\"_blank\" rel=\"noreferrer noopener\">aqui<\/a>.<\/strong><\/p>\n\n\n\n<p>Ser\u00e1 admitida a inscri\u00e7\u00e3o somente para os candidatos que desejarem concorrer a uma das vagas reservadas \u00e0s pessoas com defici\u00eancia, via internet, no site do <a href=\"https:\/\/www.cebraspe.org.br\/concursos\/prf_21\" target=\"_blank\" rel=\"noreferrer noopener\">Cebraspe<\/a>, solicitada no per\u00edodo de <strong>01 a 06 de abril de 2021.<\/strong> Al\u00e9m disso, \u00e9 necess\u00e1rio fazer o pagamento da taxa de inscri\u00e7\u00e3o, fixada em <strong>R$ 180,00.<\/strong><\/p>\n\n\n\n<p>Lembrando que a reabertura das inscri\u00e7\u00f5es para PcD n\u00e3o influencia em nada no cronograma j\u00e1 definido da sele\u00e7\u00e3o.<\/p>\n\n\n\n<p>Recentemente, o Cebraspe, banca organizadora do concurso PRF (Pol\u00edcia Rodovi\u00e1ria Federal), publicou o novo <a href=\"https:\/\/www.estrategiaconcursos.com.br\/blog\/novo-cronograma-prf\/\" target=\"_blank\" rel=\"noreferrer noopener\">cronograma<\/a> de atividades do certame. <\/p>\n\n\n\n<p>As provas foram adiadas e de acordo com o novo calend\u00e1rio de atividades, ser\u00e3o aplicadas na data prov\u00e1vel de <strong>09 de maio de 2021.<\/strong> A decis\u00e3o pelo adiamento ocorreu ap\u00f3s reuni\u00e3o com o Cebraspe, que havia apresentado \u00e0 institui\u00e7\u00e3o o atual cen\u00e1rio de agravamento da pandemia da Covid-19.<\/p>\n\n\n\n<p>Ao todo, s\u00e3o ofertadas <strong>1.500 vagas<\/strong>, sendo 1.125 para ampla concorr\u00eancia, 300 para negros e 75 para candidatos com defici\u00eancia.<\/p>\n\n\n\n<p>O sal\u00e1rio desse <a href=\"https:\/\/www.estrategiaconcursos.com.br\/blog\/concursos-de-policia\/\" target=\"_blank\" rel=\"noreferrer noopener\">concurso policial<\/a> \u00e9 na forma de subs\u00eddio. No in\u00edcio de carreira, o Policial Rodovi\u00e1rio Federal recebe o <strong>subs\u00eddio de R$ 9.899,88.<\/strong><\/p>\n\n\n\n<p class=\"has-text-align-center\"><strong>Quer saber mais sobre o Concurso PRF? Acesse:<\/strong><\/p>\n\n\n\n<p class=\"has-text-align-center has-luminous-vivid-amber-background-color has-background has-medium-font-size\"><a href=\"https:\/\/www.estrategiaconcursos.com.br\/blog\/concurso-prf-3\/\" target=\"_blank\" rel=\"noreferrer noopener\"><strong>Concurso PRF<\/strong><\/a><\/p>\n\n\n\n<div id=\"boxes\" class=\"container\">\n<div class=\"row\">\n<div class=\"col-sm\">\n<div id=\"box-assinatura\" class=\"banner-policial\">\n<h3 class=\"titulo-assinatura\">Curso PRF<\/h3>\n<p class=\"subtitulo-assinatura\">Conhe\u00e7a os cursos<\/p>\n<div class=\"box-botao\"><a class=\"btn-assinatura\" role=\"button\" href=\"https:\/\/www.estrategiaconcursos.com.br\/cursosPorConcurso\/prf-policial-rodoviario-federal\/\/\" target=\"_blank\" rel=\"noopener noreferrer\">Conhe\u00e7a mais<\/a><\/div>\n<\/div>\n<p class=\"texto-auxiliar\">Prepare-se com o melhor material e com quem mais aprova em Concursos P\u00fablicos em todo o pa\u00eds.<\/p>\n<\/div>\n<\/div>\n<\/div>\n\n\n\n<div id=\"boxes\" class=\"container\">\n<div class=\"row\">\n<div id=\"boxes-concursos\" class=\"col-sm\">\n<div id=\"box-concursos\" class=\"conteudo-concursos\" style=\"background-color: #005dad;\">\n<h3 class=\"titulo-assinatura\">Concursos Abertos<\/h3>\n<p class=\"subtitulo-assinatura\">mais de 15 mil vagas<\/p>\n<div class=\"box-botao\"><a class=\"btn-assinatura\" role=\"button\" href=\"https:\/\/www.estrategiaconcursos.com.br\/blog\/concursos-abertos\/\" target=\"_blank\" rel=\"noopener noreferrer\">Conhe\u00e7a Agora<\/a><\/div>\n<\/div>\n<\/div>\n<div id=\"boxes-concursos\" class=\"col-sm\">\n<div id=\"box-concursos\" class=\"conteudo-concursos\" style=\"background-color: #419ff0;\">\n<h3 class=\"titulo-assinatura\">Concursos 2021<\/h3>\n<p class=\"subtitulo-assinatura\">mais de 17 mil vagas<\/p>\n<div class=\"box-botao\"><a class=\"btn-assinatura\" role=\"button\" href=\"https:\/\/www.estrategiaconcursos.com.br\/blog\/concursos-2021\/\" target=\"_blank\" rel=\"noopener noreferrer\">Conhe\u00e7a Agora<\/a><\/div>\n<\/div>\n<\/div>\n<\/div>\n<\/div>\n\n\n\n<div id=\"boxes\" class=\"container\">\n<div class=\"row\">\n<div class=\"col-sm\">\n<div id=\"box-assinatura\" class=\"estrategia\">\n<h3 class=\"titulo-assinatura\">Assinatura de Concursos<\/h3>\n<p class=\"subtitulo-assinatura\">Assinatura de 1 ou 2 anos*<\/p>\n<div class=\"box-botao\"><a class=\"btn-assinatura\" role=\"button\" href=\"https:\/\/www.estrategiaconcursos.com.br\/assinaturas\/\" target=\"_blank\" rel=\"noopener noreferrer\">ASSINE AGORA<\/a><\/div>\n<\/div>\n<p <=\"\" p=\"\">\n<\/p><\/div>\n<div class=\"col-sm\">\n<div id=\"box-assinatura\" class=\"questoes\">\n<h3 class=\"titulo-assinatura\">Sistema de Quest\u00f5es<\/h3>\n<p class=\"subtitulo-assinatura\">Assinatura de 1 ou 2 anos<\/p>\n<div class=\"box-botao\"><a class=\"btn-assinatura\" role=\"button\" href=\"https:\/\/www.estrategiaconcursos.com.br\/cursosPorConcurso\/sistema-de-questoes\/#\/\" target=\"_blank\" rel=\"noopener noreferrer\">ASSINE AGORA<\/a><\/div>\n<\/div>\n<p <=\"\" p=\"\">\n<\/p><\/div>\n<\/div>\n<\/div>\n","protected":false},"excerpt":{"rendered":"<p>Assim como ocorreu no concurso da PF, a PRF reabrir\u00e1 as inscri\u00e7\u00f5es para PcD ap\u00f3s acordo realizado com o Minist\u00e9rio P\u00fablico Federal. O documento, com as instru\u00e7\u00f5es para a inscri\u00e7\u00e3o foi publicado na tarde desta quarta-feira, 31 de mar\u00e7o, no site do Cebraspe. Confira aqui. Ser\u00e1 admitida a inscri\u00e7\u00e3o somente para os candidatos que desejarem [&hellip;]<\/p>\n","protected":false},"author":1,"featured_media":660873,"comment_status":"open","ping_status":"closed","sticky":false,"template":"","format":"standard","meta":{"post_tipo":"news","footnotes":""},"categories":[1988],"tags":[],"tax_estado":[219963],"class_list":["post-705005","post","type-post","status-publish","format-standard","has-post-thumbnail","hentry","category-policia","tax_estado-concursos-federais"],"acf":[],"yoast_head":"<!-- This site is optimized with the Yoast SEO Premium plugin v27.2 (Yoast SEO v27.2) - https:\/\/yoast.com\/product\/yoast-seo-premium-wordpress\/ -->\n<title>Inscri\u00e7\u00f5es para PcD ser\u00e3o reabertas para o Concurso PRF!<\/title>\n<meta name=\"description\" content=\"Inscri\u00e7\u00f5es para PcD ser\u00e3o reabertas no novo Concurso PRF! Confira as informa\u00e7\u00f5es desta grande sele\u00e7\u00e3o de 2021 que conta com 1.500 vagas!\" \/>\n<meta name=\"robots\" content=\"index, follow, max-snippet:-1, max-image-preview:large, max-video-preview:-1\" \/>\n<link rel=\"canonical\" href=\"https:\/\/www.estrategiaconcursos.com.br\/blog\/inscricoes-para-pcd-concurso-prf\/\" \/>\n<meta property=\"og:locale\" content=\"pt_BR\" \/>\n<meta property=\"og:type\" content=\"article\" \/>\n<meta property=\"og:title\" content=\"Inscri\u00e7\u00f5es para PcD ser\u00e3o reabertas para o Concurso PRF!\" \/>\n<meta property=\"og:description\" content=\"Inscri\u00e7\u00f5es para PcD ser\u00e3o reabertas no novo Concurso PRF! Confira as informa\u00e7\u00f5es desta grande sele\u00e7\u00e3o de 2021 que conta com 1.500 vagas!\" \/>\n<meta property=\"og:url\" content=\"https:\/\/www.estrategiaconcursos.com.br\/blog\/inscricoes-para-pcd-concurso-prf\/\" \/>\n<meta property=\"og:site_name\" content=\"Estrat\u00e9gia Concursos\" \/>\n<meta property=\"article:author\" content=\"https:\/\/www.facebook.com\/EstrategiaConcursos\" \/>\n<meta property=\"article:published_time\" content=\"2021-03-31T19:00:00+00:00\" \/>\n<meta property=\"article:modified_time\" content=\"2021-03-31T20:58:17+00:00\" \/>\n<meta property=\"og:image\" content=\"https:\/\/dhg1h5j42swfq.cloudfront.net\/2021\/01\/01081409\/prf-3.jpg\" \/>\n\t<meta property=\"og:image:width\" content=\"1024\" \/>\n\t<meta property=\"og:image:height\" content=\"536\" \/>\n\t<meta property=\"og:image:type\" content=\"image\/jpeg\" \/>\n<meta name=\"author\" content=\"Coordena\u00e7\u00e3o\" \/>\n<meta name=\"twitter:card\" content=\"summary_large_image\" \/>\n<meta name=\"twitter:creator\" content=\"@EstratConcursos\" \/>\n<meta name=\"twitter:site\" content=\"@EstratConcursos\" \/>\n<meta name=\"twitter:label1\" content=\"Escrito por\" \/>\n\t<meta name=\"twitter:data1\" content=\"Coordena\u00e7\u00e3o\" \/>\n\t<meta name=\"twitter:label2\" content=\"Est. tempo de leitura\" \/>\n\t<meta name=\"twitter:data2\" content=\"2 minutos\" \/>\n<script type=\"application\/ld+json\" class=\"yoast-schema-graph\">{\"@context\":\"https:\/\/schema.org\",\"@graph\":[{\"@type\":\"NewsArticle\",\"@id\":\"https:\/\/www.estrategiaconcursos.com.br\/blog\/inscricoes-para-pcd-concurso-prf\/#article\",\"isPartOf\":{\"@id\":\"https:\/\/www.estrategiaconcursos.com.br\/blog\/inscricoes-para-pcd-concurso-prf\/\"},\"author\":{\"name\":\"Coordena\u00e7\u00e3o\",\"@id\":\"https:\/\/www.estrategiaconcursos.com.br\/blog\/#\/schema\/person\/b4a388c97673c5f483d72185668afa1f\"},\"headline\":\"Inscri\u00e7\u00f5es para PcD ser\u00e3o reabertas para o Concurso PRF!\",\"datePublished\":\"2021-03-31T19:00:00+00:00\",\"dateModified\":\"2021-03-31T20:58:17+00:00\",\"mainEntityOfPage\":{\"@id\":\"https:\/\/www.estrategiaconcursos.com.br\/blog\/inscricoes-para-pcd-concurso-prf\/\"},\"wordCount\":320,\"commentCount\":0,\"publisher\":{\"@id\":\"https:\/\/www.estrategiaconcursos.com.br\/blog\/#organization\"},\"image\":{\"@id\":\"https:\/\/www.estrategiaconcursos.com.br\/blog\/inscricoes-para-pcd-concurso-prf\/#primaryimage\"},\"thumbnailUrl\":\"https:\/\/dhg1h5j42swfq.cloudfront.net\/2021\/01\/01081409\/prf-3.jpg\",\"articleSection\":[\"Policial (Agente, Escriv\u00e3o e Investigador)\"],\"inLanguage\":\"pt-BR\",\"potentialAction\":[{\"@type\":\"CommentAction\",\"name\":\"Comment\",\"target\":[\"https:\/\/www.estrategiaconcursos.com.br\/blog\/inscricoes-para-pcd-concurso-prf\/#respond\"]}],\"copyrightYear\":\"2021\",\"copyrightHolder\":{\"@id\":\"https:\/\/www.estrategiaconcursos.com.br\/blog\/#organization\"}},{\"@type\":\"WebPage\",\"@id\":\"https:\/\/www.estrategiaconcursos.com.br\/blog\/inscricoes-para-pcd-concurso-prf\/\",\"url\":\"https:\/\/www.estrategiaconcursos.com.br\/blog\/inscricoes-para-pcd-concurso-prf\/\",\"name\":\"Inscri\u00e7\u00f5es para PcD ser\u00e3o reabertas para o Concurso PRF!\",\"isPartOf\":{\"@id\":\"https:\/\/www.estrategiaconcursos.com.br\/blog\/#website\"},\"primaryImageOfPage\":{\"@id\":\"https:\/\/www.estrategiaconcursos.com.br\/blog\/inscricoes-para-pcd-concurso-prf\/#primaryimage\"},\"image\":{\"@id\":\"https:\/\/www.estrategiaconcursos.com.br\/blog\/inscricoes-para-pcd-concurso-prf\/#primaryimage\"},\"thumbnailUrl\":\"https:\/\/dhg1h5j42swfq.cloudfront.net\/2021\/01\/01081409\/prf-3.jpg\",\"datePublished\":\"2021-03-31T19:00:00+00:00\",\"dateModified\":\"2021-03-31T20:58:17+00:00\",\"description\":\"Inscri\u00e7\u00f5es para PcD ser\u00e3o reabertas no novo Concurso PRF! Confira as informa\u00e7\u00f5es desta grande sele\u00e7\u00e3o de 2021 que conta com 1.500 vagas!\",\"breadcrumb\":{\"@id\":\"https:\/\/www.estrategiaconcursos.com.br\/blog\/inscricoes-para-pcd-concurso-prf\/#breadcrumb\"},\"inLanguage\":\"pt-BR\",\"potentialAction\":[{\"@type\":\"ReadAction\",\"target\":[\"https:\/\/www.estrategiaconcursos.com.br\/blog\/inscricoes-para-pcd-concurso-prf\/\"]}]},{\"@type\":\"ImageObject\",\"inLanguage\":\"pt-BR\",\"@id\":\"https:\/\/www.estrategiaconcursos.com.br\/blog\/inscricoes-para-pcd-concurso-prf\/#primaryimage\",\"url\":\"https:\/\/dhg1h5j42swfq.cloudfront.net\/2021\/01\/01081409\/prf-3.jpg\",\"contentUrl\":\"https:\/\/dhg1h5j42swfq.cloudfront.net\/2021\/01\/01081409\/prf-3.jpg\",\"width\":1024,\"height\":536,\"caption\":\"inscri\u00e7\u00f5es para PcD\"},{\"@type\":\"BreadcrumbList\",\"@id\":\"https:\/\/www.estrategiaconcursos.com.br\/blog\/inscricoes-para-pcd-concurso-prf\/#breadcrumb\",\"itemListElement\":[{\"@type\":\"ListItem\",\"position\":1,\"name\":\"In\u00edcio\",\"item\":\"https:\/\/www.estrategiaconcursos.com.br\/blog\/\"},{\"@type\":\"ListItem\",\"position\":2,\"name\":\"Inscri\u00e7\u00f5es para PcD ser\u00e3o reabertas para o Concurso PRF!\"}]},{\"@type\":\"WebSite\",\"@id\":\"https:\/\/www.estrategiaconcursos.com.br\/blog\/#website\",\"url\":\"https:\/\/www.estrategiaconcursos.com.br\/blog\/\",\"name\":\"Estrat\u00e9gia Concursos\",\"description\":\"O blog da Estrat\u00e9gia Concursos traz not\u00edcias sobre concursos e artigos de professores oferecendo cursos para concursos (pdf + videaulas) no site.\",\"publisher\":{\"@id\":\"https:\/\/www.estrategiaconcursos.com.br\/blog\/#organization\"},\"potentialAction\":[{\"@type\":\"SearchAction\",\"target\":{\"@type\":\"EntryPoint\",\"urlTemplate\":\"https:\/\/www.estrategiaconcursos.com.br\/blog\/?s={search_term_string}\"},\"query-input\":{\"@type\":\"PropertyValueSpecification\",\"valueRequired\":true,\"valueName\":\"search_term_string\"}}],\"inLanguage\":\"pt-BR\"},{\"@type\":\"Organization\",\"@id\":\"https:\/\/www.estrategiaconcursos.com.br\/blog\/#organization\",\"name\":\"Estrat\u00e9gia Concursos\",\"url\":\"https:\/\/www.estrategiaconcursos.com.br\/blog\/\",\"logo\":{\"@type\":\"ImageObject\",\"inLanguage\":\"pt-BR\",\"@id\":\"https:\/\/www.estrategiaconcursos.com.br\/blog\/#\/schema\/logo\/image\/\",\"url\":\"https:\/\/dhg1h5j42swfq.cloudfront.net\/2025\/06\/03203428\/logo_concursos-1.jpg\",\"contentUrl\":\"https:\/\/dhg1h5j42swfq.cloudfront.net\/2025\/06\/03203428\/logo_concursos-1.jpg\",\"width\":230,\"height\":60,\"caption\":\"Estrat\u00e9gia Concursos\"},\"image\":{\"@id\":\"https:\/\/www.estrategiaconcursos.com.br\/blog\/#\/schema\/logo\/image\/\"},\"sameAs\":[\"https:\/\/x.com\/EstratConcursos\"]},{\"@type\":\"Person\",\"@id\":\"https:\/\/www.estrategiaconcursos.com.br\/blog\/#\/schema\/person\/b4a388c97673c5f483d72185668afa1f\",\"name\":\"Coordena\u00e7\u00e3o\",\"image\":{\"@type\":\"ImageObject\",\"inLanguage\":\"pt-BR\",\"@id\":\"https:\/\/secure.gravatar.com\/avatar\/b720319e4c9a967eb58678d110f4fe35452fc5d5f97b202bac7b8acceb18c6ad?s=96&d=mm&r=g\",\"url\":\"https:\/\/secure.gravatar.com\/avatar\/b720319e4c9a967eb58678d110f4fe35452fc5d5f97b202bac7b8acceb18c6ad?s=96&d=mm&r=g\",\"contentUrl\":\"https:\/\/secure.gravatar.com\/avatar\/b720319e4c9a967eb58678d110f4fe35452fc5d5f97b202bac7b8acceb18c6ad?s=96&d=mm&r=g\",\"caption\":\"Coordena\u00e7\u00e3o\"},\"sameAs\":[\"https:\/\/www.facebook.com\/EstrategiaConcursos\",\"https:\/\/x.com\/EstratConcursos\"],\"url\":\"https:\/\/www.estrategiaconcursos.com.br\/blog\/author\/estrategia2013\/\"}]}<\/script>\n<!-- \/ Yoast SEO Premium plugin. -->","yoast_head_json":{"title":"Inscri\u00e7\u00f5es para PcD ser\u00e3o reabertas para o Concurso PRF!","description":"Inscri\u00e7\u00f5es para PcD ser\u00e3o reabertas no novo Concurso PRF! Confira as informa\u00e7\u00f5es desta grande sele\u00e7\u00e3o de 2021 que conta com 1.500 vagas!","robots":{"index":"index","follow":"follow","max-snippet":"max-snippet:-1","max-image-preview":"max-image-preview:large","max-video-preview":"max-video-preview:-1"},"canonical":"https:\/\/www.estrategiaconcursos.com.br\/blog\/inscricoes-para-pcd-concurso-prf\/","og_locale":"pt_BR","og_type":"article","og_title":"Inscri\u00e7\u00f5es para PcD ser\u00e3o reabertas para o Concurso PRF!","og_description":"Inscri\u00e7\u00f5es para PcD ser\u00e3o reabertas no novo Concurso PRF! Confira as informa\u00e7\u00f5es desta grande sele\u00e7\u00e3o de 2021 que conta com 1.500 vagas!","og_url":"https:\/\/www.estrategiaconcursos.com.br\/blog\/inscricoes-para-pcd-concurso-prf\/","og_site_name":"Estrat\u00e9gia Concursos","article_author":"https:\/\/www.facebook.com\/EstrategiaConcursos","article_published_time":"2021-03-31T19:00:00+00:00","article_modified_time":"2021-03-31T20:58:17+00:00","og_image":[{"width":1024,"height":536,"url":"https:\/\/dhg1h5j42swfq.cloudfront.net\/2021\/01\/01081409\/prf-3.jpg","type":"image\/jpeg"}],"author":"Coordena\u00e7\u00e3o","twitter_card":"summary_large_image","twitter_creator":"@EstratConcursos","twitter_site":"@EstratConcursos","twitter_misc":{"Escrito por":"Coordena\u00e7\u00e3o","Est. tempo de leitura":"2 minutos"},"schema":{"@context":"https:\/\/schema.org","@graph":[{"@type":"NewsArticle","@id":"https:\/\/www.estrategiaconcursos.com.br\/blog\/inscricoes-para-pcd-concurso-prf\/#article","isPartOf":{"@id":"https:\/\/www.estrategiaconcursos.com.br\/blog\/inscricoes-para-pcd-concurso-prf\/"},"author":{"name":"Coordena\u00e7\u00e3o","@id":"https:\/\/www.estrategiaconcursos.com.br\/blog\/#\/schema\/person\/b4a388c97673c5f483d72185668afa1f"},"headline":"Inscri\u00e7\u00f5es para PcD ser\u00e3o reabertas para o Concurso PRF!","datePublished":"2021-03-31T19:00:00+00:00","dateModified":"2021-03-31T20:58:17+00:00","mainEntityOfPage":{"@id":"https:\/\/www.estrategiaconcursos.com.br\/blog\/inscricoes-para-pcd-concurso-prf\/"},"wordCount":320,"commentCount":0,"publisher":{"@id":"https:\/\/www.estrategiaconcursos.com.br\/blog\/#organization"},"image":{"@id":"https:\/\/www.estrategiaconcursos.com.br\/blog\/inscricoes-para-pcd-concurso-prf\/#primaryimage"},"thumbnailUrl":"https:\/\/dhg1h5j42swfq.cloudfront.net\/2021\/01\/01081409\/prf-3.jpg","articleSection":["Policial (Agente, Escriv\u00e3o e Investigador)"],"inLanguage":"pt-BR","potentialAction":[{"@type":"CommentAction","name":"Comment","target":["https:\/\/www.estrategiaconcursos.com.br\/blog\/inscricoes-para-pcd-concurso-prf\/#respond"]}],"copyrightYear":"2021","copyrightHolder":{"@id":"https:\/\/www.estrategiaconcursos.com.br\/blog\/#organization"}},{"@type":"WebPage","@id":"https:\/\/www.estrategiaconcursos.com.br\/blog\/inscricoes-para-pcd-concurso-prf\/","url":"https:\/\/www.estrategiaconcursos.com.br\/blog\/inscricoes-para-pcd-concurso-prf\/","name":"Inscri\u00e7\u00f5es para PcD ser\u00e3o reabertas para o Concurso PRF!","isPartOf":{"@id":"https:\/\/www.estrategiaconcursos.com.br\/blog\/#website"},"primaryImageOfPage":{"@id":"https:\/\/www.estrategiaconcursos.com.br\/blog\/inscricoes-para-pcd-concurso-prf\/#primaryimage"},"image":{"@id":"https:\/\/www.estrategiaconcursos.com.br\/blog\/inscricoes-para-pcd-concurso-prf\/#primaryimage"},"thumbnailUrl":"https:\/\/dhg1h5j42swfq.cloudfront.net\/2021\/01\/01081409\/prf-3.jpg","datePublished":"2021-03-31T19:00:00+00:00","dateModified":"2021-03-31T20:58:17+00:00","description":"Inscri\u00e7\u00f5es para PcD ser\u00e3o reabertas no novo Concurso PRF! Confira as informa\u00e7\u00f5es desta grande sele\u00e7\u00e3o de 2021 que conta com 1.500 vagas!","breadcrumb":{"@id":"https:\/\/www.estrategiaconcursos.com.br\/blog\/inscricoes-para-pcd-concurso-prf\/#breadcrumb"},"inLanguage":"pt-BR","potentialAction":[{"@type":"ReadAction","target":["https:\/\/www.estrategiaconcursos.com.br\/blog\/inscricoes-para-pcd-concurso-prf\/"]}]},{"@type":"ImageObject","inLanguage":"pt-BR","@id":"https:\/\/www.estrategiaconcursos.com.br\/blog\/inscricoes-para-pcd-concurso-prf\/#primaryimage","url":"https:\/\/dhg1h5j42swfq.cloudfront.net\/2021\/01\/01081409\/prf-3.jpg","contentUrl":"https:\/\/dhg1h5j42swfq.cloudfront.net\/2021\/01\/01081409\/prf-3.jpg","width":1024,"height":536,"caption":"inscri\u00e7\u00f5es para PcD"},{"@type":"BreadcrumbList","@id":"https:\/\/www.estrategiaconcursos.com.br\/blog\/inscricoes-para-pcd-concurso-prf\/#breadcrumb","itemListElement":[{"@type":"ListItem","position":1,"name":"In\u00edcio","item":"https:\/\/www.estrategiaconcursos.com.br\/blog\/"},{"@type":"ListItem","position":2,"name":"Inscri\u00e7\u00f5es para PcD ser\u00e3o reabertas para o Concurso PRF!"}]},{"@type":"WebSite","@id":"https:\/\/www.estrategiaconcursos.com.br\/blog\/#website","url":"https:\/\/www.estrategiaconcursos.com.br\/blog\/","name":"Estrat\u00e9gia Concursos","description":"O blog da Estrat\u00e9gia Concursos traz not\u00edcias sobre concursos e artigos de professores oferecendo cursos para concursos (pdf + videaulas) no site.","publisher":{"@id":"https:\/\/www.estrategiaconcursos.com.br\/blog\/#organization"},"potentialAction":[{"@type":"SearchAction","target":{"@type":"EntryPoint","urlTemplate":"https:\/\/www.estrategiaconcursos.com.br\/blog\/?s={search_term_string}"},"query-input":{"@type":"PropertyValueSpecification","valueRequired":true,"valueName":"search_term_string"}}],"inLanguage":"pt-BR"},{"@type":"Organization","@id":"https:\/\/www.estrategiaconcursos.com.br\/blog\/#organization","name":"Estrat\u00e9gia Concursos","url":"https:\/\/www.estrategiaconcursos.com.br\/blog\/","logo":{"@type":"ImageObject","inLanguage":"pt-BR","@id":"https:\/\/www.estrategiaconcursos.com.br\/blog\/#\/schema\/logo\/image\/","url":"https:\/\/dhg1h5j42swfq.cloudfront.net\/2025\/06\/03203428\/logo_concursos-1.jpg","contentUrl":"https:\/\/dhg1h5j42swfq.cloudfront.net\/2025\/06\/03203428\/logo_concursos-1.jpg","width":230,"height":60,"caption":"Estrat\u00e9gia Concursos"},"image":{"@id":"https:\/\/www.estrategiaconcursos.com.br\/blog\/#\/schema\/logo\/image\/"},"sameAs":["https:\/\/x.com\/EstratConcursos"]},{"@type":"Person","@id":"https:\/\/www.estrategiaconcursos.com.br\/blog\/#\/schema\/person\/b4a388c97673c5f483d72185668afa1f","name":"Coordena\u00e7\u00e3o","image":{"@type":"ImageObject","inLanguage":"pt-BR","@id":"https:\/\/secure.gravatar.com\/avatar\/b720319e4c9a967eb58678d110f4fe35452fc5d5f97b202bac7b8acceb18c6ad?s=96&d=mm&r=g","url":"https:\/\/secure.gravatar.com\/avatar\/b720319e4c9a967eb58678d110f4fe35452fc5d5f97b202bac7b8acceb18c6ad?s=96&d=mm&r=g","contentUrl":"https:\/\/secure.gravatar.com\/avatar\/b720319e4c9a967eb58678d110f4fe35452fc5d5f97b202bac7b8acceb18c6ad?s=96&d=mm&r=g","caption":"Coordena\u00e7\u00e3o"},"sameAs":["https:\/\/www.facebook.com\/EstrategiaConcursos","https:\/\/x.com\/EstratConcursos"],"url":"https:\/\/www.estrategiaconcursos.com.br\/blog\/author\/estrategia2013\/"}]}},"_links":{"self":[{"href":"https:\/\/www.estrategiaconcursos.com.br\/blog\/wp-json\/wp\/v2\/posts\/705005","targetHints":{"allow":["GET"]}}],"collection":[{"href":"https:\/\/www.estrategiaconcursos.com.br\/blog\/wp-json\/wp\/v2\/posts"}],"about":[{"href":"https:\/\/www.estrategiaconcursos.com.br\/blog\/wp-json\/wp\/v2\/types\/post"}],"author":[{"embeddable":true,"href":"https:\/\/www.estrategiaconcursos.com.br\/blog\/wp-json\/wp\/v2\/users\/1"}],"replies":[{"embeddable":true,"href":"https:\/\/www.estrategiaconcursos.com.br\/blog\/wp-json\/wp\/v2\/comments?post=705005"}],"version-history":[{"count":8,"href":"https:\/\/www.estrategiaconcursos.com.br\/blog\/wp-json\/wp\/v2\/posts\/705005\/revisions"}],"predecessor-version":[{"id":705769,"href":"https:\/\/www.estrategiaconcursos.com.br\/blog\/wp-json\/wp\/v2\/posts\/705005\/revisions\/705769"}],"wp:featuredmedia":[{"embeddable":true,"href":"https:\/\/www.estrategiaconcursos.com.br\/blog\/wp-json\/wp\/v2\/media\/660873"}],"wp:attachment":[{"href":"https:\/\/www.estrategiaconcursos.com.br\/blog\/wp-json\/wp\/v2\/media?parent=705005"}],"wp:term":[{"taxonomy":"category","embeddable":true,"href":"https:\/\/www.estrategiaconcursos.com.br\/blog\/wp-json\/wp\/v2\/categories?post=705005"},{"taxonomy":"post_tag","embeddable":true,"href":"https:\/\/www.estrategiaconcursos.com.br\/blog\/wp-json\/wp\/v2\/tags?post=705005"},{"taxonomy":"tax_estado","embeddable":true,"href":"https:\/\/www.estrategiaconcursos.com.br\/blog\/wp-json\/wp\/v2\/tax_estado?post=705005"}],"curies":[{"name":"wp","href":"https:\/\/api.w.org\/{rel}","templated":true}]}}