{"id":70397,"date":"2026-01-13T11:43:05","date_gmt":"2026-01-13T14:43:05","guid":{"rendered":"https:\/\/www.estrategiaconcursos.com.br\/blog\/?p=70397"},"modified":"2026-01-13T11:43:08","modified_gmt":"2026-01-13T14:43:08","slug":"concurso-pc-mg","status":"publish","type":"post","link":"https:\/\/www.estrategiaconcursos.com.br\/blog\/concurso-pc-mg\/","title":{"rendered":"Concurso PCMG 2026: novo edital previsto! Entenda"},"content":{"rendered":"<p><center><a id=\"cta-icon\" href=\"https:\/\/sndflw.com\/i\/pc-mg-grupo\" target=\"_blank\" style=\"background:#29a61a; display:inline-flex; align-items:center; padding:10px 15px; border-radius:6px; color:#fff; text-decoration:none; font-weight:500; font-size:15px;\"><img decoding=\"async\" src=\"https:\/\/dhg1h5j42swfq.cloudfront.net\/2023\/12\/07154107\/whatsapp_13851.png\" alt=\"\" style=\"width:20px; height:20px; margin-right:8px;\"><span>Acesse agora o Grupo de Estudos para o Concurso PCMG<\/span><\/a><\/center><\/p>\n\n\n\n<div style=\"height:27px\" aria-hidden=\"true\" class=\"wp-block-spacer\"><\/div>\n\n\n\n<p>A <a href=\"https:\/\/www.estrategiaconcursos.com.br\/cursosPorConcurso\/policia-civil-de-minas-gerais-pc-mg\/\" target=\"_blank\" rel=\"noreferrer noopener\">Pol\u00edcia Civil de Minas Gerais<\/a> (PCMG) anunciou que um novo edital de <strong>concurso PC MG<\/strong> ser\u00e1 publicado nos pr\u00f3ximos meses para o cargo de <strong>T\u00e9cnico Assistente.<\/strong><\/p>\n\n\n\n<p>Sob organiza\u00e7\u00e3o do Cebraspe, ser\u00e3o ofertadas <strong>104 vagas<\/strong> para a carreira que exige n\u00edvel m\u00e9dio de escolaridade e curso t\u00e9cnico na \u00e1rea desejada. As informa\u00e7\u00f5es foram confirmadas pela pr\u00f3pria corpora\u00e7\u00e3o.<\/p>\n\n\n\n<ul class=\"wp-block-list\">\n<li><strong><em>Saiba mais: <a href=\"https:\/\/www.estrategiaconcursos.com.br\/blog\/concurso-pc-mg-administrativo\/\" target=\"_blank\" rel=\"noreferrer noopener\">Concurso PCMG Administrativo<\/a><\/em><\/strong><\/li>\n<\/ul>\n\n\n\n<p>J\u00e1 em rela\u00e7\u00e3o ao \u00faltimo concurso, realizado em 2024, foi publicado<strong> o ato de nomea\u00e7\u00e3o dos candidatos aprovados nos cargos de Investigador, M\u00e9dico-Legista, Perito e Escriv\u00e3o da Pol\u00edcia I. <\/strong><\/p>\n\n\n\n<p>Ao todo, conforme o documento, <strong>233 candidatos<\/strong> est\u00e3o oficialmente convocados para a posse. O ato foi assinado pelo pr\u00f3prio governador do estado, Romeu Zema. Confira logo abaixo:<\/p>\n\n\n\n<ul class=\"wp-block-list\">\n<li><a href=\"https:\/\/dhg1h5j42swfq.cloudfront.net\/2025\/12\/22121825\/diario-do-executivo_2025-12-20.pdf\" target=\"_blank\" rel=\"noreferrer noopener nofollow\"><strong>Ato de nomea\u00e7\u00e3o <\/strong><\/a><\/li>\n<\/ul>\n\n\n\n<p>Ademais, o certame ofertou <strong>255 vagas<\/strong> para os cargos mencionados, cuja exig\u00eancia \u00e9 de n\u00edvel superior. Os sal\u00e1rios variam de R$ 5.332,62, R$ 11.547,07 e R$ 14.931,31.<\/p>\n\n\n\n<ul id=\"indice\" class=\"wp-block-list has-very-light-gray-to-cyan-bluish-gray-gradient-background has-background\">\n<li><strong>Concurso PCMG 2026<\/strong><\/li>\n\n\n\n<li><strong style=\"background-color: initial; color: initial;\">Situa\u00e7\u00e3o<\/strong><span style=\"background-color: initial; color: initial;\">: <\/span>previsto<\/li>\n\n\n\n<li><strong>Banca<\/strong>: Cebraspe<\/li>\n\n\n\n<li><strong>Vagas<\/strong>: 104<\/li>\n\n\n\n<li><strong>Sal\u00e1rio<\/strong>: a definir<\/li>\n\n\n\n<li><strong>\u00daltimo edital:<\/strong> <a href=\"https:\/\/dhg1h5j42swfq.cloudfront.net\/2024\/08\/20073110\/pcmg-1.pdf\" target=\"_blank\" rel=\"noreferrer noopener\">PC MG 2024<\/a><\/li>\n<\/ul>\n\n\n\n<p>Acompanhe neste artigo mais informa\u00e7\u00f5es sobre o concurso Pol\u00edcia Civil MG nos t\u00f3picos abaixo:<\/p>\n\n\n\n<ul id=\"indice\" class=\"wp-block-list\">\n<li><a href=\"#h-situacao-atual\">Situa\u00e7\u00e3o atual do novo concurso<\/a>\n<ul class=\"wp-block-list\">\n<li><a href=\"#h-edital-anunciado\">Edital anunciado<\/a><\/li>\n\n\n\n<li><a href=\"#banca\">Banca organizadora<\/a><\/li>\n\n\n\n<li><a href=\"#termo\">Termo de refer\u00eancia<\/a><\/li>\n<\/ul>\n<\/li>\n\n\n\n<li><a href=\"#edital-2024\">Informa\u00e7\u00f5es do edital 2024<\/a>\n<ul class=\"wp-block-list\">\n<li><a href=\"#h-retificacoes-divulgadas\">Retifica\u00e7\u00f5es<\/a><\/li>\n\n\n\n<li><a href=\"#cargos\">Cargos e vagas<\/a><\/li>\n\n\n\n<li><a href=\"#h-concorrencia\">Concorr\u00eancia<\/a><\/li>\n\n\n\n<li><a href=\"#etapas\">Etapas e provas<\/a> <\/li>\n\n\n\n<li><a href=\"#guia\">Guia de estudos<\/a><\/li>\n<\/ul>\n<\/li>\n\n\n\n<li><a href=\"#conhecapcmg\">Conhe\u00e7a a Pol\u00edcia Civil de Minas Gerais<\/a>\n<ul class=\"wp-block-list\">\n<li><a href=\"#criada\">Quando foi criada?<\/a><\/li>\n\n\n\n<li><a href=\"#atribuicoespcmg\">Atribui\u00e7\u00f5es da PCMG<\/a><\/li>\n\n\n\n<li><a href=\"#atricargo\">Atribui\u00e7\u00f5es dos cargos<\/a><\/li>\n\n\n\n<li><a href=\"#requi\">Requisitos dos cargos<\/a><\/li>\n\n\n\n<li><a href=\"#remuneracao\">Remunera\u00e7\u00f5es<\/a><\/li>\n\n\n\n<li><a href=\"#cargo-mais-alto\">Qual o cargo mais alto?<\/a><\/li>\n<\/ul>\n<\/li>\n\n\n\n<li><a href=\"#ultimo\">\u00daltimos concursos<\/a>\n<ul class=\"wp-block-list\">\n<li><a href=\"#situacao\">Edital 2021<\/a><\/li>\n\n\n\n<li><a href=\"#perito-medico\">Edital 2013<\/a><\/li>\n\n\n\n<li><a href=\"#investigador\">Edital 2014<\/a><\/li>\n<\/ul>\n<\/li>\n\n\n\n<li><a href=\"#cursos\">Cursos e assinaturas<\/a><\/li>\n\n\n\n<li><a href=\"#ficha\">Ficha t\u00e9cnica<\/a><\/li>\n<\/ul>\n\n\n\n<div class=\"container\" id=\"boxes\">\n  <div class=\"row\">\n\n    <div class=\"col-sm\">\n      <div class=\"banner-policia-civil\" id=\"box-assinatura\">\n        <h2 class=\"titulo-assinatura\">Concurso PC MG<\/h2>\n        <p class=\"subtitulo-assinatura\">Rumo \u00e0 carreira policial dos seus sonhos! \u2b50<\/p>\n        <div class=\"box-botao\">\n          <a class=\"btn-assinatura\" target=\"_blank\" href=\"https:\/\/www.estrategiaconcursos.com.br\/cursosPorConcurso\/policia-civil-de-minas-gerais-pc-mg\/\" role=\"button\" rel=\"noopener noreferrer\">VER CURSOS<\/a>\n        <\/div>\n      <\/div>\n  \n    <\/div>\n\n  <\/div>\n<\/div>\n\n\n\n<h2 class=\"wp-block-heading\" id=\"h-situacao-atual-do-novo-concurso-policia-civil-mg\">Situa\u00e7\u00e3o atual do novo concurso Pol\u00edcia Civil MG<\/h2>\n\n\n\n<p>Veja as informa\u00e7\u00f5es mais importantes sobre o Concurso PC MG:<\/p>\n\n\n\n<h3 class=\"wp-block-heading\" id=\"h-edital-policia-civil-mg-anunciado\">Edital Pol\u00edcia Civil MG anunciado<\/h3>\n\n\n\n<p>Vem a\u00ed um novo Concurso Pol\u00edcia Civil MG. O an\u00fancio de <strong>104 vagas para T\u00e9cnico Assistente<\/strong> foi realizado nas redes sociais da corpora\u00e7\u00e3o. De acordo com o v\u00eddeo, a publica\u00e7\u00e3o do edital deve ocorrer nos pr\u00f3ximos meses. <\/p>\n\n\n\n<center><blockquote class=\"instagram-media\" data-instgrm-captioned data-instgrm-permalink=\"https:\/\/www.instagram.com\/reel\/DFr5EDcRqoJ\/?utm_source=ig_embed&amp;utm_campaign=loading\" data-instgrm-version=\"14\" style=\" background:#FFF; border:0; border-radius:3px; box-shadow:0 0 1px 0 rgba(0,0,0,0.5),0 1px 10px 0 rgba(0,0,0,0.15); margin: 1px; max-width:540px; min-width:326px; padding:0; width:99.375%; width:-webkit-calc(100% - 2px); width:calc(100% - 2px);\"><div style=\"padding:16px;\"> <a href=\"https:\/\/www.instagram.com\/reel\/DFr5EDcRqoJ\/?utm_source=ig_embed&amp;utm_campaign=loading\" style=\" background:#FFFFFF; line-height:0; padding:0 0; text-align:center; text-decoration:none; width:100%;\" target=\"_blank\" rel=\"noopener\"> <div style=\" display: flex; flex-direction: row; align-items: center;\"> <div style=\"background-color: #F4F4F4; border-radius: 50%; flex-grow: 0; height: 40px; margin-right: 14px; width: 40px;\"><\/div> <div style=\"display: flex; flex-direction: column; flex-grow: 1; justify-content: center;\"> <div style=\" background-color: #F4F4F4; border-radius: 4px; flex-grow: 0; height: 14px; margin-bottom: 6px; width: 100px;\"><\/div> <div style=\" background-color: #F4F4F4; border-radius: 4px; flex-grow: 0; height: 14px; width: 60px;\"><\/div><\/div><\/div><div style=\"padding: 19% 0;\"><\/div> <div style=\"display:block; height:50px; margin:0 auto 12px; width:50px;\"><svg width=\"50px\" height=\"50px\" viewBox=\"0 0 60 60\" version=\"1.1\" xmlns=\"https:\/\/www.w3.org\/2000\/svg\" xmlns:xlink=\"https:\/\/www.w3.org\/1999\/xlink\"><g stroke=\"none\" stroke-width=\"1\" fill=\"none\" fill-rule=\"evenodd\"><\/g><g transform=\"translate(-511.000000, -20.000000)\" fill=\"#000000\"><\/g><g><path d=\"M556.869,30.41 C554.814,30.41 553.148,32.076 553.148,34.131 C553.148,36.186 554.814,37.852 556.869,37.852 C558.924,37.852 560.59,36.186 560.59,34.131 C560.59,32.076 558.924,30.41 556.869,30.41 M541,60.657 C535.114,60.657 530.342,55.887 530.342,50 C530.342,44.114 535.114,39.342 541,39.342 C546.887,39.342 551.658,44.114 551.658,50 C551.658,55.887 546.887,60.657 541,60.657 M541,33.886 C532.1,33.886 524.886,41.1 524.886,50 C524.886,58.899 532.1,66.113 541,66.113 C549.9,66.113 557.115,58.899 557.115,50 C557.115,41.1 549.9,33.886 541,33.886 M565.378,62.101 C565.244,65.022 564.756,66.606 564.346,67.663 C563.803,69.06 563.154,70.057 562.106,71.106 C561.058,72.155 560.06,72.803 558.662,73.347 C557.607,73.757 556.021,74.244 553.102,74.378 C549.944,74.521 548.997,74.552 541,74.552 C533.003,74.552 532.056,74.521 528.898,74.378 C525.979,74.244 524.393,73.757 523.338,73.347 C521.94,72.803 520.942,72.155 519.894,71.106 C518.846,70.057 518.197,69.06 517.654,67.663 C517.244,66.606 516.755,65.022 516.623,62.101 C516.479,58.943 516.448,57.996 516.448,50 C516.448,42.003 516.479,41.056 516.623,37.899 C516.755,34.978 517.244,33.391 517.654,32.338 C518.197,30.938 518.846,29.942 519.894,28.894 C520.942,27.846 521.94,27.196 523.338,26.654 C524.393,26.244 525.979,25.756 528.898,25.623 C532.057,25.479 533.004,25.448 541,25.448 C548.997,25.448 549.943,25.479 553.102,25.623 C556.021,25.756 557.607,26.244 558.662,26.654 C560.06,27.196 561.058,27.846 562.106,28.894 C563.154,29.942 563.803,30.938 564.346,32.338 C564.756,33.391 565.244,34.978 565.378,37.899 C565.522,41.056 565.552,42.003 565.552,50 C565.552,57.996 565.522,58.943 565.378,62.101 M570.82,37.631 C570.674,34.438 570.167,32.258 569.425,30.349 C568.659,28.377 567.633,26.702 565.965,25.035 C564.297,23.368 562.623,22.342 560.652,21.575 C558.743,20.834 556.562,20.326 553.369,20.18 C550.169,20.033 549.148,20 541,20 C532.853,20 531.831,20.033 528.631,20.18 C525.438,20.326 523.257,20.834 521.349,21.575 C519.376,22.342 517.703,23.368 516.035,25.035 C514.368,26.702 513.342,28.377 512.574,30.349 C511.834,32.258 511.326,34.438 511.181,37.631 C511.035,40.831 511,41.851 511,50 C511,58.147 511.035,59.17 511.181,62.369 C511.326,65.562 511.834,67.743 512.574,69.651 C513.342,71.625 514.368,73.296 516.035,74.965 C517.703,76.634 519.376,77.658 521.349,78.425 C523.257,79.167 525.438,79.673 528.631,79.82 C531.831,79.965 532.853,80.001 541,80.001 C549.148,80.001 550.169,79.965 553.369,79.82 C556.562,79.673 558.743,79.167 560.652,78.425 C562.623,77.658 564.297,76.634 565.965,74.965 C567.633,73.296 568.659,71.625 569.425,69.651 C570.167,67.743 570.674,65.562 570.82,62.369 C570.966,59.17 571,58.147 571,50 C571,41.851 570.966,40.831 570.82,37.631\"><\/path><\/g><\/svg><\/div><div style=\"padding-top: 8px;\"> <div style=\" color:#3897f0; font-family:Arial,sans-serif; font-size:14px; font-style:normal; font-weight:550; line-height:18px;\">Ver essa foto no Instagram<\/div><\/div><div style=\"padding: 12.5% 0;\"><\/div> <div style=\"display: flex; flex-direction: row; margin-bottom: 14px; align-items: center;\"><div> <div style=\"background-color: #F4F4F4; border-radius: 50%; height: 12.5px; width: 12.5px; transform: translateX(0px) translateY(7px);\"><\/div> <div style=\"background-color: #F4F4F4; height: 12.5px; transform: rotate(-45deg) translateX(3px) translateY(1px); width: 12.5px; flex-grow: 0; margin-right: 14px; margin-left: 2px;\"><\/div> <div style=\"background-color: #F4F4F4; border-radius: 50%; height: 12.5px; width: 12.5px; transform: translateX(9px) translateY(-18px);\"><\/div><\/div><div style=\"margin-left: 8px;\"> <div style=\" background-color: #F4F4F4; border-radius: 50%; flex-grow: 0; height: 20px; width: 20px;\"><\/div> <div style=\" width: 0; height: 0; border-top: 2px solid transparent; border-left: 6px solid #f4f4f4; border-bottom: 2px solid transparent; transform: translateX(16px) translateY(-4px) rotate(30deg)\"><\/div><\/div><div style=\"margin-left: auto;\"> <div style=\" width: 0px; border-top: 8px solid #F4F4F4; border-right: 8px solid transparent; transform: translateY(16px);\"><\/div> <div style=\" background-color: #F4F4F4; flex-grow: 0; height: 12px; width: 16px; transform: translateY(-4px);\"><\/div> <div style=\" width: 0; height: 0; border-top: 8px solid #F4F4F4; border-left: 8px solid transparent; transform: translateY(-4px) translateX(8px);\"><\/div><\/div><\/div> <div style=\"display: flex; flex-direction: column; flex-grow: 1; justify-content: center; margin-bottom: 24px;\"> <div style=\" background-color: #F4F4F4; border-radius: 4px; flex-grow: 0; height: 14px; margin-bottom: 6px; width: 224px;\"><\/div> <div style=\" background-color: #F4F4F4; border-radius: 4px; flex-grow: 0; height: 14px; width: 144px;\"><\/div><\/div><\/a><p style=\" color:#c9c8cd; font-family:Arial,sans-serif; font-size:14px; line-height:17px; margin-bottom:0; margin-top:8px; overflow:hidden; padding:8px 0 7px; text-align:center; text-overflow:ellipsis; white-space:nowrap;\"><a href=\"https:\/\/www.instagram.com\/reel\/DFr5EDcRqoJ\/?utm_source=ig_embed&amp;utm_campaign=loading\" style=\" color:#c9c8cd; font-family:Arial,sans-serif; font-size:14px; font-style:normal; font-weight:normal; line-height:17px; text-decoration:none;\" target=\"_blank\" rel=\"noopener\">Uma publica\u00e7\u00e3o compartilhada por Pol\u00edcia Civil de Minas Gerais (@pcmg.oficial)<\/a><\/p><\/div><\/blockquote>\n<script async src=\"\/\/www.instagram.com\/embed.js\"><\/script><\/center>\n\n\n\n<h3 class=\"wp-block-heading\" id=\"banca\">Banca organizadora<\/h3>\n\n\n\n<p>O <strong>Cebraspe <\/strong>recebeu autoriza\u00e7\u00e3o para ser a banca organizadora do novo concurso da Pol\u00edcia Civil de Minas Gerais para a \u00e1rea administrativa. <\/p>\n\n\n\n<figure class=\"wp-block-image aligncenter size-full\"><img loading=\"lazy\" decoding=\"async\" width=\"563\" height=\"482\" src=\"https:\/\/dhg1h5j42swfq.cloudfront.net\/2025\/07\/11163831\/image-144.png\" alt=\"Cebraspe \u00e9 a banca do concurso PCMG Administrativo\" class=\"wp-image-1637219\" srcset=\"https:\/\/dhg1h5j42swfq.cloudfront.net\/2025\/07\/11163831\/image-144.png 563w, https:\/\/dhg1h5j42swfq.cloudfront.net\/2025\/07\/11163831\/image-144-300x257.png 300w, https:\/\/dhg1h5j42swfq.cloudfront.net\/2025\/07\/11163831\/image-144-150x128.png 150w\" sizes=\"auto, (max-width: 563px) 100vw, 563px\" \/><figcaption class=\"wp-element-caption\">Cebraspe \u00e9 a banca do concurso PCMG Administrativo<\/figcaption><\/figure>\n\n\n\n<h3 class=\"wp-block-heading\" id=\"termo\">Termo de refer\u00eancia<\/h3>\n\n\n\n<p>Foi publicado, no Portal Nacional de Contrata\u00e7\u00f5es P\u00fablicas (PNCP), o termo de refer\u00eancia com detalhes acerca do pr\u00f3ximo edital para \u00e1rea Administrativa. <\/p>\n\n\n\n<p>O documento apresenta uma s\u00e9rie de par\u00e2metros para o certame, como quantitativo estimado de inscritos, cronograma previsto ap\u00f3s a assinatura do contrato com a empresa e demais responsabilidades da banca. Veja na \u00edntegra!<\/p>\n\n\n\n<ul class=\"wp-block-list\">\n<li><strong><a href=\"https:\/\/dhg1h5j42swfq.cloudfront.net\/2025\/09\/11125839\/anexocompra6373929863468224018arquivo.pdf\" target=\"_blank\" rel=\"noreferrer noopener\">Termo de refer\u00eancia<\/a><\/strong><\/li>\n<\/ul>\n\n\n\n<h2 class=\"wp-block-heading\" id=\"edital-2024\">Concurso PC MG: informa\u00e7\u00f5es do edital 2024<\/h2>\n\n\n\n<p>Veja abaixo as informa\u00e7\u00f5es mais importantes do Concurso Pol\u00edcia Civil MG, publicado em 2024:<\/p>\n\n\n\n<h3 class=\"wp-block-heading\" id=\"cargos\">Cargos, vagas e remunera\u00e7\u00f5es do concurso PC MG<\/h3>\n\n\n\n<figure class=\"wp-block-table is-style-stripes\"><table class=\"has-very-light-gray-to-cyan-bluish-gray-gradient-background has-background has-fixed-layout\"><thead><tr><th class=\"has-text-align-center\" data-align=\"center\">Cargos<\/th><th class=\"has-text-align-center\" data-align=\"center\">Vagas<\/th><th class=\"has-text-align-center\" data-align=\"center\">Sal\u00e1rios<\/th><\/tr><\/thead><tbody><tr><td class=\"has-text-align-center\" data-align=\"center\"><a href=\"https:\/\/www.estrategiaconcursos.com.br\/curso\/pc-mg-investigador-pacote-2021-pos-edital\/\" target=\"_blank\" rel=\"noreferrer noopener\"><\/a>Investigador<\/td><td class=\"has-text-align-center\" data-align=\"center\">165<\/td><td class=\"has-text-align-center\" data-align=\"center\">R$ 5.332,62<\/td><\/tr><tr><td class=\"has-text-align-center\" data-align=\"center\">Delegado<\/td><td class=\"has-text-align-center\" data-align=\"center\">54<\/td><td class=\"has-text-align-center\" data-align=\"center\">R$ 14.931,31<\/td><\/tr><tr><td class=\"has-text-align-center\" data-align=\"center\">M\u00e9dico Legista<\/td><td class=\"has-text-align-center\" data-align=\"center\">10<\/td><td class=\"has-text-align-center\" data-align=\"center\">R$ 11.547,07<\/td><\/tr><tr><td class=\"has-text-align-center\" data-align=\"center\">Perito Criminal<\/td><td class=\"has-text-align-center\" data-align=\"center\">26<\/td><td class=\"has-text-align-center\" data-align=\"center\">R$ 11.547,07<\/td><\/tr><\/tbody><\/table><figcaption class=\"wp-element-caption\">Cargos, vagas e sal\u00e1rios do atual certame da PC MG<\/figcaption><\/figure>\n\n\n\n<h3 class=\"wp-block-heading\" id=\"h-concorrencia-do-certame\">Concorr\u00eancia do certame<\/h3>\n\n\n\n<figure class=\"wp-block-table is-style-stripes\"><table class=\"has-very-light-gray-to-cyan-bluish-gray-gradient-background has-background has-fixed-layout\"><thead><tr><th class=\"has-text-align-center\" data-align=\"center\">Cargos<\/th><th class=\"has-text-align-center\" data-align=\"center\">Vagas<\/th><th class=\"has-text-align-center\" data-align=\"center\">Inscritos<\/th><th class=\"has-text-align-center\" data-align=\"center\">Demanda<\/th><\/tr><\/thead><tbody><tr><td class=\"has-text-align-center\" data-align=\"center\">Delegado<\/td><td class=\"has-text-align-center\" data-align=\"center\">54<\/td><td class=\"has-text-align-center\" data-align=\"center\">15.593<\/td><td class=\"has-text-align-center\" data-align=\"center\">288,76<\/td><\/tr><tr><td class=\"has-text-align-center\" data-align=\"center\">Investigador de Pol\u00edcia I<\/td><td class=\"has-text-align-center\" data-align=\"center\">165<\/td><td class=\"has-text-align-center\" data-align=\"center\">47.081<\/td><td class=\"has-text-align-center\" data-align=\"center\">285,34<\/td><\/tr><tr><td class=\"has-text-align-center\" data-align=\"center\">M\u00e9dico Legista<\/td><td class=\"has-text-align-center\" data-align=\"center\">10<\/td><td class=\"has-text-align-center\" data-align=\"center\">1.864<\/td><td class=\"has-text-align-center\" data-align=\"center\">186,40<\/td><\/tr><tr><td class=\"has-text-align-center\" data-align=\"center\">Perito Criminal I e II<\/td><td class=\"has-text-align-center\" data-align=\"center\">26<\/td><td class=\"has-text-align-center\" data-align=\"center\">10.159<\/td><td class=\"has-text-align-center\" data-align=\"center\">515,94 (I)<br \/>154,22 (II)<\/td><\/tr><\/tbody><\/table><figcaption class=\"wp-element-caption\">Demanda por cargo do Concurso da Pol\u00edcia Civil MG<\/figcaption><\/figure>\n\n\n\n<h3 class=\"wp-block-heading\" id=\"etapas\">Etapas e provas do concurso PC MG<\/h3>\n\n\n\n<p>Os candidatos do concurso PC MG foram avaliados mediante aplica\u00e7\u00e3o das etapas abaixo:<\/p>\n\n\n\n<ul class=\"wp-block-list\">\n<li><strong>Prova Objetiva <\/strong>&#8211; para todos os cargos, de car\u00e1ter eliminat\u00f3rio e classificat\u00f3rio;<\/li>\n\n\n\n<li><strong>Prova Dissertativa<\/strong> &#8211; apenas para Delegado, de car\u00e1ter eliminat\u00f3rio e classificat\u00f3rio;<\/li>\n\n\n\n<li><strong>Prova Oral<\/strong> &#8211; apenas para Delegado, de car\u00e1ter eliminat\u00f3rio e classificat\u00f3rio;<\/li>\n\n\n\n<li><strong>Exames Biom\u00e9dicos e Biof\u00edsicos<\/strong> &#8211; para todos os cargos, de car\u00e1ter eliminat\u00f3rio;<\/li>\n\n\n\n<li><strong>Avalia\u00e7\u00e3o Psicol\u00f3gica <\/strong>&#8211; para todos os cargos, de car\u00e1ter eliminat\u00f3rio;<\/li>\n\n\n\n<li><strong>Provas de T\u00edtulos <\/strong>&#8211; para todos os cargos, de car\u00e1ter classificat\u00f3rio; e<\/li>\n\n\n\n<li><strong>Investiga\u00e7\u00e3o Social <\/strong>&#8211; para todos os cargos, de car\u00e1ter eliminat\u00f3rio.<\/li>\n<\/ul>\n\n\n\n<p><strong>&gt;&gt;&gt;Confira nosso artigo exclusivo sobre o cargo de <a href=\"https:\/\/cj.estrategia.com\/portal\/concurso-delegado-mg\/\" target=\"_blank\" rel=\"noreferrer noopener\">Delegado da PC MG,<\/a> elaborado especialmente para voc\u00ea!<\/strong><\/p>\n\n\n\n<h4 class=\"wp-block-heading\" id=\"objetiva\">Prova objetiva<\/h4>\n\n\n\n<p>A Prova Objetiva da Pol\u00edcia Civil de Minas Gerais foi realizada das 8h \u00e0s 12h30min e constou de 80 quest\u00f5es de m\u00faltipla escolha (cinco alternativas). Abaixo, confira como foram divididas por disciplina:<\/p>\n\n\n\n<p><span style=\"text-decoration: underline;\"><strong>Investigador de Pol\u00edcia I<\/strong><\/span><\/p>\n\n\n\n<ul class=\"wp-block-list\">\n<li><strong>M\u00f3dulo I: Conhecimentos B\u00e1sicos (30 quest\u00f5es):<\/strong>\n<ul class=\"wp-block-list\">\n<li>10 quest\u00f5es de L\u00edngua Portuguesa<\/li>\n\n\n\n<li>06 quest\u00f5es de Racioc\u00ednio L\u00f3gico-Matem\u00e1tico<\/li>\n\n\n\n<li>08 quest\u00f5es de Inform\u00e1tica B\u00e1sica<\/li>\n\n\n\n<li>06 quest\u00f5es de Lei Org\u00e2nica da PCMG<\/li>\n<\/ul>\n<\/li>\n\n\n\n<li><strong>M\u00f3dulo II \u2013 Conhecimentos Espec\u00edficos (40 quest\u00f5es):<\/strong>\n<ul class=\"wp-block-list\">\n<li>No\u00e7\u00f5es de Direito:\n<ul class=\"wp-block-list\">\n<li>a) 06 quest\u00f5es de Direito Administrativo<\/li>\n\n\n\n<li>b) 06 quest\u00f5es de Direito Constitucional<\/li>\n\n\n\n<li>c) 05 quest\u00f5es de Direito Penal<\/li>\n\n\n\n<li>d) 05 quest\u00f5es de Direito Processual Penal<\/li>\n\n\n\n<li>e) 04 quest\u00f5es de Legisla\u00e7\u00e3o Penal e Processual Extravagante<\/li>\n<\/ul>\n<\/li>\n\n\n\n<li>04 quest\u00f5es de No\u00e7\u00f5es de Direitos Humanos<\/li>\n\n\n\n<li>05 quest\u00f5es de No\u00e7\u00f5es de Medicina Legal<\/li>\n\n\n\n<li>05 quest\u00f5es de No\u00e7\u00f5es de Criminologia<\/li>\n<\/ul>\n<\/li>\n<\/ul>\n\n\n\n<p><span style=\"text-decoration: underline;\"><strong>M\u00e9dico Legista<\/strong><\/span><\/p>\n\n\n\n<ul class=\"wp-block-list\">\n<li><strong>M\u00f3dulo I: Conhecimentos B\u00e1sicos (30 quest\u00f5es):<\/strong>\n<ul class=\"wp-block-list\">\n<li>10 quest\u00f5es de L\u00edngua Portuguesa<\/li>\n\n\n\n<li>05 quest\u00f5es de Direito Administrativo<\/li>\n\n\n\n<li>05 quest\u00f5es de Direito Constitucional<\/li>\n\n\n\n<li>05 quest\u00f5es de Direitos Humanos<\/li>\n\n\n\n<li>05 quest\u00f5es de Lei Org\u00e2nica da PCMG<\/li>\n<\/ul>\n<\/li>\n\n\n\n<li><strong>M\u00f3dulo II: Conhecimentos Espec\u00edficos (50 quest\u00f5es):<\/strong>\n<ul class=\"wp-block-list\">\n<li>20 quest\u00f5es de Medicina Legal<\/li>\n\n\n\n<li>10 quest\u00f5es de Toxicologia Forense<\/li>\n\n\n\n<li>10 quest\u00f5es de Patologia<\/li>\n\n\n\n<li>10 quest\u00f5es de Psiquiatria Forense<\/li>\n<\/ul>\n<\/li>\n<\/ul>\n\n\n\n<p><span style=\"text-decoration: underline;\"><strong>Perito Criminal<\/strong><\/span><\/p>\n\n\n\n<ul class=\"wp-block-list\">\n<li><strong>M\u00f3dulo I: Conhecimentos B\u00e1sicos (40 quest\u00f5es):<\/strong>\n<ul class=\"wp-block-list\">\n<li>10 quest\u00f5es de L\u00edngua Portuguesa<\/li>\n\n\n\n<li>10 quest\u00f5es de Racioc\u00ednio L\u00f3gico-Matem\u00e1tico<\/li>\n\n\n\n<li>05 quest\u00f5es de Inform\u00e1tica B\u00e1sica<\/li>\n\n\n\n<li>05 quest\u00f5es de Lei Org\u00e2nica da PCMG<\/li>\n\n\n\n<li>05 quest\u00f5es de Direito Constitucional\/Direitos Humanos<\/li>\n\n\n\n<li>05 quest\u00f5es de No\u00e7\u00f5es de Direito Penal, Processual Penal e Legisla\u00e7\u00e3o Extravagante<\/li>\n<\/ul>\n<\/li>\n\n\n\n<li><strong>M\u00f3dulo II: Conhecimentos Espec\u00edficos B\u00e1sicos (10 quest\u00f5es):<\/strong>\n<ul class=\"wp-block-list\">\n<li>05 quest\u00f5es de No\u00e7\u00f5es de Medicina Legal<\/li>\n\n\n\n<li>05 quest\u00f5es de No\u00e7\u00f5es de Criminal\u00edstica<\/li>\n<\/ul>\n<\/li>\n\n\n\n<li><strong>M\u00f3dulo III: Conhecimentos Espec\u00edficos Avan\u00e7ados (30 quest\u00f5es):<\/strong>\n<ul class=\"wp-block-list\">\n<li>\u00c1rea I:\n<ul class=\"wp-block-list\">\n<li>10 quest\u00f5es de Biologia<\/li>\n\n\n\n<li>10 quest\u00f5es de F\u00edsica<\/li>\n\n\n\n<li>10 quest\u00f5es de Qu\u00edmica<\/li>\n<\/ul>\n<\/li>\n\n\n\n<li>\u00c1rea II:\n<ul class=\"wp-block-list\">\n<li>05 quest\u00f5es de Biologia<\/li>\n\n\n\n<li>05 quest\u00f5es de F\u00edsica<\/li>\n\n\n\n<li>20 quest\u00f5es de Inform\u00e1tica<\/li>\n<\/ul>\n<\/li>\n<\/ul>\n<\/li>\n<\/ul>\n\n\n\n<p><span style=\"text-decoration: underline;\"><strong>Delegado<\/strong><\/span><\/p>\n\n\n\n<ul class=\"wp-block-list\">\n<li>10 quest\u00f5es de Direito Administrativo<\/li>\n\n\n\n<li>05 quest\u00f5es de Lei Org\u00e2nica da PCMG<\/li>\n\n\n\n<li>10 quest\u00f5es de Direito Constitucional<\/li>\n\n\n\n<li>05 quest\u00f5es de Direito Civil<\/li>\n\n\n\n<li>15 quest\u00f5es de Direito Penal e Legisla\u00e7\u00e3o Penal Extravagante<\/li>\n\n\n\n<li>15 quest\u00f5es de Direito Processual Penal e Legisla\u00e7\u00e3o Processual Penal Extravagante<\/li>\n\n\n\n<li>10 quest\u00f5es de Direitos Humanos<\/li>\n\n\n\n<li>05 quest\u00f5es de Medicina Legal<\/li>\n\n\n\n<li>05 quest\u00f5es de Criminologia<\/li>\n<\/ul>\n\n\n\n<p>Cada quest\u00e3o da Prova Objetiva valeu 1 ponto, totalizando 80 pontos. Foi considerado aprovado o candidato que obteve o m\u00ednimo de 50% das respostas corretas, ou seja, acertou 40 pontos da prova.<\/p>\n\n\n\n<h4 class=\"wp-block-heading\" id=\"h-exames-biomedicos-e-biofisicos\">Exames Biom\u00e9dicos e Biof\u00edsicos<\/h4>\n\n\n\n<p>A etapa dos Exames Biom\u00e9dicos e Biof\u00edsicos do concurso PC MG foi realizada em Belo Horizonte e teve car\u00e1ter eliminat\u00f3rio. Os Exames Biof\u00edsicos constaram de testes f\u00edsicos acompanhados de an\u00e1lise t\u00e9cnica dos resultados, sendo eles:<\/p>\n\n\n\n<ul class=\"wp-block-list\">\n<li><strong>a) flex\u00e3o de bra\u00e7o<\/strong><\/li>\n<\/ul>\n\n\n\n<figure class=\"wp-block-table aligncenter\"><table class=\"has-fixed-layout\"><thead><tr><th class=\"has-text-align-center\" data-align=\"center\" colspan=\"5\"><strong>TABELA &#8211; TESTE DE FLEX\u00c3O DE BRA\u00c7O<\/strong><\/th><\/tr><\/thead><tbody><tr><td class=\"has-text-align-center\" data-align=\"center\" colspan=\"2\"><strong>MASCULINO<\/strong><\/td><td class=\"has-text-align-center\" data-align=\"center\" rowspan=\"15\"><\/td><td class=\"has-text-align-center\" data-align=\"center\" colspan=\"2\"><strong>FEMININO<\/strong><\/td><\/tr><tr><td class=\"has-text-align-center\" data-align=\"center\">Desempenho<\/td><td class=\"has-text-align-center\" data-align=\"center\">Pontos<\/td><td class=\"has-text-align-center\" data-align=\"center\">Desempenho<\/td><td class=\"has-text-align-center\" data-align=\"center\">Pontos<\/td><\/tr><tr><td class=\"has-text-align-center\" data-align=\"center\">16<\/td><td class=\"has-text-align-center\" data-align=\"center\">2<\/td><td class=\"has-text-align-center\" data-align=\"center\">9<\/td><td class=\"has-text-align-center\" data-align=\"center\">2<\/td><\/tr><tr><td class=\"has-text-align-center\" data-align=\"center\">17<\/td><td class=\"has-text-align-center\" data-align=\"center\">4<\/td><td class=\"has-text-align-center\" data-align=\"center\">10<\/td><td class=\"has-text-align-center\" data-align=\"center\">4<\/td><\/tr><tr><td class=\"has-text-align-center\" data-align=\"center\">18<\/td><td class=\"has-text-align-center\" data-align=\"center\">6<\/td><td class=\"has-text-align-center\" data-align=\"center\">1 1<\/td><td class=\"has-text-align-center\" data-align=\"center\">6<\/td><\/tr><tr><td class=\"has-text-align-center\" data-align=\"center\">19<\/td><td class=\"has-text-align-center\" data-align=\"center\">8<\/td><td class=\"has-text-align-center\" data-align=\"center\">12<\/td><td class=\"has-text-align-center\" data-align=\"center\">8<\/td><\/tr><tr><td class=\"has-text-align-center\" data-align=\"center\">20<\/td><td class=\"has-text-align-center\" data-align=\"center\">10<\/td><td class=\"has-text-align-center\" data-align=\"center\">13<\/td><td class=\"has-text-align-center\" data-align=\"center\">10<\/td><\/tr><tr><td class=\"has-text-align-center\" data-align=\"center\">21<\/td><td class=\"has-text-align-center\" data-align=\"center\">12<\/td><td class=\"has-text-align-center\" data-align=\"center\">14<\/td><td class=\"has-text-align-center\" data-align=\"center\">1 2<\/td><\/tr><tr><td class=\"has-text-align-center\" data-align=\"center\">22<\/td><td class=\"has-text-align-center\" data-align=\"center\">14<\/td><td class=\"has-text-align-center\" data-align=\"center\">15<\/td><td class=\"has-text-align-center\" data-align=\"center\">14<\/td><\/tr><tr><td class=\"has-text-align-center\" data-align=\"center\">23<\/td><td class=\"has-text-align-center\" data-align=\"center\">16<\/td><td class=\"has-text-align-center\" data-align=\"center\">16<\/td><td class=\"has-text-align-center\" data-align=\"center\">16<\/td><\/tr><tr><td class=\"has-text-align-center\" data-align=\"center\">24<\/td><td class=\"has-text-align-center\" data-align=\"center\">18<\/td><td class=\"has-text-align-center\" data-align=\"center\">17<\/td><td class=\"has-text-align-center\" data-align=\"center\">18<\/td><\/tr><tr><td class=\"has-text-align-center\" data-align=\"center\">25<\/td><td class=\"has-text-align-center\" data-align=\"center\">20<\/td><td class=\"has-text-align-center\" data-align=\"center\">18<\/td><td class=\"has-text-align-center\" data-align=\"center\">20<\/td><\/tr><tr><td class=\"has-text-align-center\" data-align=\"center\">26<\/td><td class=\"has-text-align-center\" data-align=\"center\">22<\/td><td class=\"has-text-align-center\" data-align=\"center\">19<\/td><td class=\"has-text-align-center\" data-align=\"center\">22<\/td><\/tr><tr><td class=\"has-text-align-center\" data-align=\"center\">27<\/td><td class=\"has-text-align-center\" data-align=\"center\">24<\/td><td class=\"has-text-align-center\" data-align=\"center\">20<\/td><td class=\"has-text-align-center\" data-align=\"center\">24<\/td><\/tr><tr><td class=\"has-text-align-center\" data-align=\"center\">28<\/td><td class=\"has-text-align-center\" data-align=\"center\">25<\/td><td class=\"has-text-align-center\" data-align=\"center\">21<\/td><td class=\"has-text-align-center\" data-align=\"center\">25<\/td><\/tr><\/tbody><\/table><figcaption class=\"wp-element-caption\">\u00cdndices do teste f\u00edsico de flex\u00e3o de bra\u00e7o do concurso PC MG<\/figcaption><\/figure>\n\n\n\n<ul class=\"wp-block-list\">\n<li><strong>b) corrida de 50 metros rasos<\/strong><\/li>\n<\/ul>\n\n\n\n<figure class=\"wp-block-table aligncenter\"><table class=\"has-fixed-layout\"><thead><tr><th class=\"has-text-align-center\" data-align=\"center\" colspan=\"5\">TABELA &#8211; TESTE DOS 50 METROS RASOS<\/th><\/tr><\/thead><tbody><tr><td class=\"has-text-align-center\" data-align=\"center\" colspan=\"2\"><strong>MASCULINO<\/strong><\/td><td class=\"has-text-align-center\" data-align=\"center\" rowspan=\"15\"><\/td><td class=\"has-text-align-center\" data-align=\"center\" colspan=\"2\"><strong>FEMININO<\/strong><\/td><\/tr><tr><td class=\"has-text-align-center\" data-align=\"center\">Desempenho<\/td><td class=\"has-text-align-center\" data-align=\"center\">Pontos<\/td><td class=\"has-text-align-center\" data-align=\"center\">Desempenho<\/td><td class=\"has-text-align-center\" data-align=\"center\">Pontos<\/td><\/tr><tr><td class=\"has-text-align-center\" data-align=\"center\">10&#8243;3 &#8211; 10&#8243;2<\/td><td class=\"has-text-align-center\" data-align=\"center\">02<\/td><td class=\"has-text-align-center\" data-align=\"center\">11&#8243;9 &#8211; 11&#8243;8<\/td><td class=\"has-text-align-center\" data-align=\"center\">02<\/td><\/tr><tr><td class=\"has-text-align-center\" data-align=\"center\">10&#8243;1 &#8211; 10&#8243;0<\/td><td class=\"has-text-align-center\" data-align=\"center\">04<\/td><td class=\"has-text-align-center\" data-align=\"center\">11&#8243;7 &#8211; 11&#8243;6<\/td><td class=\"has-text-align-center\" data-align=\"center\">04<\/td><\/tr><tr><td class=\"has-text-align-center\" data-align=\"center\">9&#8243;9 &#8211; 9&#8243;8<\/td><td class=\"has-text-align-center\" data-align=\"center\">06<\/td><td class=\"has-text-align-center\" data-align=\"center\">1 1&#8243;5 &#8211; 11&#8243;4<\/td><td class=\"has-text-align-center\" data-align=\"center\">06<\/td><\/tr><tr><td class=\"has-text-align-center\" data-align=\"center\">9&#8243;7 &#8211; 9&#8243;6<\/td><td class=\"has-text-align-center\" data-align=\"center\">08<\/td><td class=\"has-text-align-center\" data-align=\"center\">1 1&#8243;3 &#8211; 11&#8221;2<\/td><td class=\"has-text-align-center\" data-align=\"center\">08<\/td><\/tr><tr><td class=\"has-text-align-center\" data-align=\"center\">9&#8243;5 &#8211; 9&#8243;4<\/td><td class=\"has-text-align-center\" data-align=\"center\">10<\/td><td class=\"has-text-align-center\" data-align=\"center\">1 1&#8243;1 &#8211; 11&#8243;0<\/td><td class=\"has-text-align-center\" data-align=\"center\">10<\/td><\/tr><tr><td class=\"has-text-align-center\" data-align=\"center\">9&#8243;3 &#8211; 9&#8243;2<\/td><td class=\"has-text-align-center\" data-align=\"center\">12<\/td><td class=\"has-text-align-center\" data-align=\"center\">10&#8243;9 &#8211; 10&#8243;8<\/td><td class=\"has-text-align-center\" data-align=\"center\">12<\/td><\/tr><tr><td class=\"has-text-align-center\" data-align=\"center\">9&#8243;1 &#8211; 9&#8243;0<\/td><td class=\"has-text-align-center\" data-align=\"center\">14<\/td><td class=\"has-text-align-center\" data-align=\"center\">10&#8243;7 &#8211; 10&#8243;6<\/td><td class=\"has-text-align-center\" data-align=\"center\">14<\/td><\/tr><tr><td class=\"has-text-align-center\" data-align=\"center\">8&#8243;9 &#8211; 8&#8243;8<\/td><td class=\"has-text-align-center\" data-align=\"center\">16<\/td><td class=\"has-text-align-center\" data-align=\"center\">10&#8243;5 &#8211; 10&#8243;4<\/td><td class=\"has-text-align-center\" data-align=\"center\">16<\/td><\/tr><tr><td class=\"has-text-align-center\" data-align=\"center\">8&#8243;7 &#8211; 8&#8243;6<\/td><td class=\"has-text-align-center\" data-align=\"center\">18<\/td><td class=\"has-text-align-center\" data-align=\"center\">10&#8243;3 &#8211; 10&#8243;2<\/td><td class=\"has-text-align-center\" data-align=\"center\">18<\/td><\/tr><tr><td class=\"has-text-align-center\" data-align=\"center\">8&#8243;5 &#8211; 8&#8243;4<\/td><td class=\"has-text-align-center\" data-align=\"center\">20<\/td><td class=\"has-text-align-center\" data-align=\"center\">10&#8243;1 &#8211; 10&#8243;0<\/td><td class=\"has-text-align-center\" data-align=\"center\">20<\/td><\/tr><tr><td class=\"has-text-align-center\" data-align=\"center\">8&#8243;3 &#8211; 8&#8243;2<\/td><td class=\"has-text-align-center\" data-align=\"center\">22<\/td><td class=\"has-text-align-center\" data-align=\"center\">9&#8243;9 &#8211; 9&#8243;8<\/td><td class=\"has-text-align-center\" data-align=\"center\">22<\/td><\/tr><tr><td class=\"has-text-align-center\" data-align=\"center\">8&#8243;1 &#8211; 8&#8243;0<\/td><td class=\"has-text-align-center\" data-align=\"center\">24<\/td><td class=\"has-text-align-center\" data-align=\"center\">9&#8243;7 &#8211; 9&#8243;6<\/td><td class=\"has-text-align-center\" data-align=\"center\">24<\/td><\/tr><tr><td class=\"has-text-align-center\" data-align=\"center\">7&#8243;9 ou menos<\/td><td class=\"has-text-align-center\" data-align=\"center\">25<\/td><td class=\"has-text-align-center\" data-align=\"center\">9&#8243;5 ou menos<\/td><td class=\"has-text-align-center\" data-align=\"center\">25<\/td><\/tr><\/tbody><\/table><figcaption class=\"wp-element-caption\">\u00cdndices do teste f\u00edsico dos 50 metros rasos do concurso PC MG<\/figcaption><\/figure>\n\n\n\n<ul class=\"wp-block-list\">\n<li><strong>c) impuls\u00e3o horizontal<\/strong><\/li>\n<\/ul>\n\n\n\n<figure class=\"wp-block-table aligncenter\"><table class=\"has-fixed-layout\"><thead><tr><th class=\"has-text-align-center\" data-align=\"center\" colspan=\"5\">TABELA &#8211; TESTE DE IMPULS\u00c3O HORIZONTAL<\/th><\/tr><\/thead><tbody><tr><td class=\"has-text-align-center\" data-align=\"center\" colspan=\"2\">MASCULINO<\/td><td class=\"has-text-align-center\" data-align=\"center\" rowspan=\"15\"><\/td><td class=\"has-text-align-center\" data-align=\"center\" colspan=\"2\">FEMININO<\/td><\/tr><tr><td class=\"has-text-align-center\" data-align=\"center\">Desempenho<\/td><td class=\"has-text-align-center\" data-align=\"center\">Pontos<\/td><td class=\"has-text-align-center\" data-align=\"center\">Desempenho<\/td><td class=\"has-text-align-center\" data-align=\"center\">Pontos<\/td><\/tr><tr><td class=\"has-text-align-center\" data-align=\"center\">1,65m a 1,70m<\/td><td class=\"has-text-align-center\" data-align=\"center\">02<\/td><td class=\"has-text-align-center\" data-align=\"center\">1,25m a&nbsp;1,30m<\/td><td class=\"has-text-align-center\" data-align=\"center\">02<\/td><\/tr><tr><td class=\"has-text-align-center\" data-align=\"center\">1,71 m a 1,76m<\/td><td class=\"has-text-align-center\" data-align=\"center\">04<\/td><td class=\"has-text-align-center\" data-align=\"center\">1,31m a 1,36m<\/td><td class=\"has-text-align-center\" data-align=\"center\">04<\/td><\/tr><tr><td class=\"has-text-align-center\" data-align=\"center\">1,77m a 1,82m<\/td><td class=\"has-text-align-center\" data-align=\"center\">06<\/td><td class=\"has-text-align-center\" data-align=\"center\">1,37m a 1,42m<\/td><td class=\"has-text-align-center\" data-align=\"center\">06<\/td><\/tr><tr><td class=\"has-text-align-center\" data-align=\"center\">1,83m a 1,88m<\/td><td class=\"has-text-align-center\" data-align=\"center\">08<\/td><td class=\"has-text-align-center\" data-align=\"center\">1,43m a 1,48m<\/td><td class=\"has-text-align-center\" data-align=\"center\">08<\/td><\/tr><tr><td class=\"has-text-align-center\" data-align=\"center\">1,89m a 1,94m<\/td><td class=\"has-text-align-center\" data-align=\"center\">10<\/td><td class=\"has-text-align-center\" data-align=\"center\">1,49m a 1,54m<\/td><td class=\"has-text-align-center\" data-align=\"center\">10<\/td><\/tr><tr><td class=\"has-text-align-center\" data-align=\"center\">1,95m a 2,00m<\/td><td class=\"has-text-align-center\" data-align=\"center\">12<\/td><td class=\"has-text-align-center\" data-align=\"center\">1,55m a 1,60m<\/td><td class=\"has-text-align-center\" data-align=\"center\">12<\/td><\/tr><tr><td class=\"has-text-align-center\" data-align=\"center\">2,01m a 2,06m<\/td><td class=\"has-text-align-center\" data-align=\"center\">14<\/td><td class=\"has-text-align-center\" data-align=\"center\">1,61m a 1,66m<\/td><td class=\"has-text-align-center\" data-align=\"center\">14<\/td><\/tr><tr><td class=\"has-text-align-center\" data-align=\"center\">2,07m a 2,12m<\/td><td class=\"has-text-align-center\" data-align=\"center\">16<\/td><td class=\"has-text-align-center\" data-align=\"center\">1,67m a 1,72m<\/td><td class=\"has-text-align-center\" data-align=\"center\">16<\/td><\/tr><tr><td class=\"has-text-align-center\" data-align=\"center\">2,13m a 2,18m<\/td><td class=\"has-text-align-center\" data-align=\"center\">18<\/td><td class=\"has-text-align-center\" data-align=\"center\">1,73m a 1,78m<\/td><td class=\"has-text-align-center\" data-align=\"center\">18<\/td><\/tr><tr><td class=\"has-text-align-center\" data-align=\"center\">2,19m a 2,24m<\/td><td class=\"has-text-align-center\" data-align=\"center\">20<\/td><td class=\"has-text-align-center\" data-align=\"center\">1,79m a 1,84m<\/td><td class=\"has-text-align-center\" data-align=\"center\">20<\/td><\/tr><tr><td class=\"has-text-align-center\" data-align=\"center\">2,25m a 2,30m<\/td><td class=\"has-text-align-center\" data-align=\"center\">22<\/td><td class=\"has-text-align-center\" data-align=\"center\">1,85m a 1,90m<\/td><td class=\"has-text-align-center\" data-align=\"center\">22<\/td><\/tr><tr><td class=\"has-text-align-center\" data-align=\"center\">2,31m a 2,36m<\/td><td class=\"has-text-align-center\" data-align=\"center\">24<\/td><td class=\"has-text-align-center\" data-align=\"center\">1,91m a 1,96m<\/td><td class=\"has-text-align-center\" data-align=\"center\">24<\/td><\/tr><tr><td class=\"has-text-align-center\" data-align=\"center\">2,37m ou mais<\/td><td class=\"has-text-align-center\" data-align=\"center\">25<\/td><td class=\"has-text-align-center\" data-align=\"center\">1,97m ou mais<\/td><td class=\"has-text-align-center\" data-align=\"center\">25<\/td><\/tr><\/tbody><\/table><figcaption class=\"wp-element-caption\">\u00cdndices do teste f\u00edsico de impuls\u00e3o horizontal do concurso PC MG<\/figcaption><\/figure>\n\n\n\n<ul class=\"wp-block-list\">\n<li><strong>d) teste de cooper (12 minutos)<\/strong><\/li>\n<\/ul>\n\n\n\n<figure class=\"wp-block-table aligncenter is-style-regular\"><table class=\"has-fixed-layout\"><thead><tr><th class=\"has-text-align-center\" data-align=\"center\" colspan=\"5\">TABELA &#8211; TESTE DE COOPER<\/th><\/tr><\/thead><tbody><tr><td class=\"has-text-align-center\" data-align=\"center\" colspan=\"2\">MASCULINO<\/td><td class=\"has-text-align-center\" data-align=\"center\" rowspan=\"15\"><\/td><td class=\"has-text-align-center\" data-align=\"center\" colspan=\"2\">FEMININO<\/td><\/tr><tr><td class=\"has-text-align-center\" data-align=\"center\">Desempenho<\/td><td class=\"has-text-align-center\" data-align=\"center\">Pontos<\/td><td class=\"has-text-align-center\" data-align=\"center\">Desempenho<\/td><td class=\"has-text-align-center\" data-align=\"center\">Pontos<\/td><\/tr><tr><td class=\"has-text-align-center\" data-align=\"center\">1.401m a 1.500m<\/td><td class=\"has-text-align-center\" data-align=\"center\">02<\/td><td class=\"has-text-align-center\" data-align=\"center\">1.301m a 1.400m<\/td><td class=\"has-text-align-center\" data-align=\"center\">02<\/td><\/tr><tr><td class=\"has-text-align-center\" data-align=\"center\">1.501m a 1.600m<\/td><td class=\"has-text-align-center\" data-align=\"center\">04<\/td><td class=\"has-text-align-center\" data-align=\"center\">1.401m a 1.500m<\/td><td class=\"has-text-align-center\" data-align=\"center\">04<\/td><\/tr><tr><td class=\"has-text-align-center\" data-align=\"center\">1.601m a 1.700m<\/td><td class=\"has-text-align-center\" data-align=\"center\">06<\/td><td class=\"has-text-align-center\" data-align=\"center\">1.501m a 1.600m<\/td><td class=\"has-text-align-center\" data-align=\"center\">06<\/td><\/tr><tr><td class=\"has-text-align-center\" data-align=\"center\">1.701m a 1.800m<\/td><td class=\"has-text-align-center\" data-align=\"center\">08<\/td><td class=\"has-text-align-center\" data-align=\"center\">1.601m a 1.700m<\/td><td class=\"has-text-align-center\" data-align=\"center\">08<\/td><\/tr><tr><td class=\"has-text-align-center\" data-align=\"center\">1.801m a 1.900m<\/td><td class=\"has-text-align-center\" data-align=\"center\">10<\/td><td class=\"has-text-align-center\" data-align=\"center\">1.701m a 1.800m<\/td><td class=\"has-text-align-center\" data-align=\"center\">10<\/td><\/tr><tr><td class=\"has-text-align-center\" data-align=\"center\">1.901m a 2.000m<\/td><td class=\"has-text-align-center\" data-align=\"center\">12<\/td><td class=\"has-text-align-center\" data-align=\"center\">1.801 m a 1.900m<\/td><td class=\"has-text-align-center\" data-align=\"center\">12<\/td><\/tr><tr><td class=\"has-text-align-center\" data-align=\"center\">2.001 m a 2.100m<\/td><td class=\"has-text-align-center\" data-align=\"center\">14<\/td><td class=\"has-text-align-center\" data-align=\"center\">1.901m a 2.000m<\/td><td class=\"has-text-align-center\" data-align=\"center\">14<\/td><\/tr><tr><td class=\"has-text-align-center\" data-align=\"center\">2.101m a 2.200m<\/td><td class=\"has-text-align-center\" data-align=\"center\">16<\/td><td class=\"has-text-align-center\" data-align=\"center\">2.001m a 2.100m<\/td><td class=\"has-text-align-center\" data-align=\"center\">16<\/td><\/tr><tr><td class=\"has-text-align-center\" data-align=\"center\">2.201m a 2.300m<\/td><td class=\"has-text-align-center\" data-align=\"center\">18<\/td><td class=\"has-text-align-center\" data-align=\"center\">2.101m a 2.200m<\/td><td class=\"has-text-align-center\" data-align=\"center\">18<\/td><\/tr><tr><td class=\"has-text-align-center\" data-align=\"center\">2.301m a 2.400m<\/td><td class=\"has-text-align-center\" data-align=\"center\">20<\/td><td class=\"has-text-align-center\" data-align=\"center\">2.201m a 2.300m<\/td><td class=\"has-text-align-center\" data-align=\"center\">20<\/td><\/tr><tr><td class=\"has-text-align-center\" data-align=\"center\">2.401m a 2.500m<\/td><td class=\"has-text-align-center\" data-align=\"center\">22<\/td><td class=\"has-text-align-center\" data-align=\"center\">2.301m a 2.400m<\/td><td class=\"has-text-align-center\" data-align=\"center\">22<\/td><\/tr><tr><td class=\"has-text-align-center\" data-align=\"center\">2.501m a 2.600m<\/td><td class=\"has-text-align-center\" data-align=\"center\">24<\/td><td class=\"has-text-align-center\" data-align=\"center\">2.401m a 2.500m<\/td><td class=\"has-text-align-center\" data-align=\"center\">24<\/td><\/tr><tr><td class=\"has-text-align-center\" data-align=\"center\">2.601m ou mais<\/td><td class=\"has-text-align-center\" data-align=\"center\">25<\/td><td class=\"has-text-align-center\" data-align=\"center\">2.501 m ou mais<\/td><td class=\"has-text-align-center\" data-align=\"center\">25<\/td><\/tr><\/tbody><\/table><figcaption class=\"wp-element-caption\">\u00cdndices do teste f\u00edsico do teste de cooper do concurso PC MG<\/figcaption><\/figure>\n\n\n\n<p>Cada teste teve um desempenho espec\u00edfico a ser realizado e teve pontua\u00e7\u00e3o m\u00e1xima de 25 pontos, que foram atribu\u00eddos conforme a capacidade e sanidade f\u00edsica do candidato dentro dos par\u00e2metros especificados.<\/p>\n\n\n\n<h4 class=\"wp-block-heading\" id=\"h-provas-de-titulos\">Provas de T\u00edtulos <\/h4>\n\n\n\n<p>Somente foram julgados os t\u00edtulos dos candidatos aprovados em todas as etapas anteriores. A Prova de T\u00edtulos teve car\u00e1ter classificat\u00f3rio, com valor m\u00e1ximo de 20 pontos, observados os seguintes crit\u00e9rios:<\/p>\n\n\n\n<figure class=\"wp-block-table is-style-stripes\"><table class=\"has-fixed-layout\"><thead><tr><th class=\"has-text-align-center\" data-align=\"center\">T\u00edtulo<\/th><th class=\"has-text-align-center\" data-align=\"center\">Valor de cada t\u00edtulo<\/th><\/tr><\/thead><tbody><tr><td class=\"has-text-align-center\" data-align=\"center\">Diploma de curso de p\u00f3s-gradua\u00e7\u00e3o, stricto sensu, de doutorado, expedido por estabelecimento de ensino oficial ou reconhecido.<\/td><td class=\"has-text-align-center\" data-align=\"center\">04 (quatro) pontos<\/td><\/tr><tr><td class=\"has-text-align-center\" data-align=\"center\">Diploma de curso de p\u00f3s-gradua\u00e7\u00e3o, stricto sensu, de mestrado, expedido por estabelecimento de ensino oficial ou reconhecido.<\/td><td class=\"has-text-align-center\" data-align=\"center\">03 (tr\u00eas) pontos<\/td><\/tr><tr><td class=\"has-text-align-center\" data-align=\"center\">Diploma de curso de p\u00f3s-gradua\u00e7\u00e3o, em n\u00edvel de especializa\u00e7\u00e3o lato sensu, expedido por estabelecimento de ensino oficial ou reconhecido.<\/td><td class=\"has-text-align-center\" data-align=\"center\">02 (dois) pontos<\/td><\/tr><tr><td class=\"has-text-align-center\" data-align=\"center\">Diploma de Curso Superior, excetuado o diploma referente ao curso que ser\u00e1 usado para nomea\u00e7\u00e3o no cargo, expedido por estabelecimento de ensino oficial ou reconhecido. Para comprova\u00e7\u00e3o da segunda gradua\u00e7\u00e3o, o candidato dever\u00e1 comprovar tamb\u00e9m a forma\u00e7\u00e3o que ser\u00e1 usada para o cargo.<\/td><td class=\"has-text-align-center\" data-align=\"center\">02 (dois) pontos<\/td><\/tr><tr><td class=\"has-text-align-center\" data-align=\"center\">Certificado de conclus\u00e3o de curso de natureza policial da Academia de Pol\u00edcia Civil de Minas Gerais, ou cong\u00eanere, com carga hor\u00e1ria igual ou superior a 80 (oitenta) horas\/aula.<\/td><td class=\"has-text-align-center\" data-align=\"center\">01 (um) ponto para cada curso de natureza policial diferente, at\u00e9 o limite de 3 (tr\u00eas) pontos<\/td><\/tr><\/tbody><\/table><figcaption class=\"wp-element-caption\">Quadro de t\u00edtulos de Investigador, Perito e M\u00e9dico Legista da Pol\u00edcia Civil MG<\/figcaption><\/figure>\n\n\n\n<figure class=\"wp-block-table is-style-stripes\"><table class=\"has-fixed-layout\"><thead><tr><th class=\"has-text-align-center\" data-align=\"center\" colspan=\"18\">T\u00cdTULO<\/th><th class=\"has-text-align-center\" data-align=\"center\" colspan=\"9\">Valor de cada t\u00edtulo<\/th><th class=\"has-text-align-center\" data-align=\"center\" colspan=\"6\">Valor m\u00e1ximo do t\u00edtulo<\/th><\/tr><\/thead><tbody><tr><td class=\"has-text-align-center\" data-align=\"center\" colspan=\"18\">Certificado de conclus\u00e3o de curso de p\u00f3s-gradua\u00e7\u00e3o em n\u00edvel de especialia\u00e7\u00e3o &#8220;lato sensu&#8221;<\/td><td class=\"has-text-align-center\" data-align=\"center\" colspan=\"9\">3,0<\/td><td class=\"has-text-align-center\" data-align=\"center\" colspan=\"6\">3,0<\/td><\/tr><tr><td class=\"has-text-align-center\" data-align=\"center\" colspan=\"18\">Diploma, devidamente registrado, de conclus\u00e3o de curso de mestrado<\/td><td class=\"has-text-align-center\" data-align=\"center\" colspan=\"9\">5,0<\/td><td class=\"has-text-align-center\" data-align=\"center\" colspan=\"6\">5,0<\/td><\/tr><tr><td class=\"has-text-align-center\" data-align=\"center\" colspan=\"18\">Diploma, devidamente registrado, de conclus\u00e3o de curso de doutorado<\/td><td class=\"has-text-align-center\" data-align=\"center\" colspan=\"9\">6,0<\/td><td class=\"has-text-align-center\" data-align=\"center\" colspan=\"6\">6,0<\/td><\/tr><tr><td class=\"has-text-align-center\" data-align=\"center\" colspan=\"18\">Exerc\u00edcio em cargo p\u00fablico de natureza policial civil.<\/td><td class=\"has-text-align-center\" data-align=\"center\" colspan=\"9\">0,4 por ano completo (sem sobreposi\u00e7\u00e3o de tempo)<\/td><td class=\"has-text-align-center\" data-align=\"center\" colspan=\"6\">6,0<\/td><\/tr><\/tbody><\/table><figcaption class=\"wp-element-caption\">Quadro de t\u00edtulos de Delegado PC MG<\/figcaption><\/figure>\n\n\n\n<h3 class=\"wp-block-heading\" id=\"guia\">Guia de estudos PC MG 2024<\/h3>\n\n\n\n<p>Acesse os&nbsp;<em>Cadernos de Quest\u00f5es<\/em>&nbsp;elaborados pelo Estrat\u00e9gia Concursos, conforme o&nbsp;<em>conte\u00fado program\u00e1tico<\/em>&nbsp;do Edital PC MG 2024:<\/p>\n\n\n\n<ul class=\"wp-block-list\">\n<li><a href=\"https:\/\/www.estrategiaconcursos.com.br\/blog\/guia-de-estudos-para-pc-mg-2024\/\" target=\"_blank\" rel=\"noreferrer noopener\">Guia de estudos PC MG 2024<\/a><\/li>\n<\/ul>\n\n\n\n<h2 class=\"wp-block-heading\" id=\"conhecapcmg\">Conhe\u00e7a a Pol\u00edcia Civil de Minas Gerais<\/h2>\n\n\n\n<h3 class=\"wp-block-heading\" id=\"criada\">Quando foi criada a PCMG?<\/h3>\n\n\n\n<p>A Pol\u00edcia Civil de Minas Gerais teve origem em 1776, com a cria\u00e7\u00e3o do cargo de Intendente-Geral de Pol\u00edcia da Capitania, respons\u00e1vel por exercer fun\u00e7\u00f5es de controle e investiga\u00e7\u00e3o no per\u00edodo colonial. Essa data marca o in\u00edcio da atividade policial civil no estado, ainda subordinada \u00e0s autoridades da Coroa portuguesa.<\/p>\n\n\n\n<p>A estrutura moderna da corpora\u00e7\u00e3o foi consolidada em 1866, com o Decreto n\u00ba 2.556, que organizou oficialmente a Pol\u00edcia Civil como institui\u00e7\u00e3o voltada \u00e0 investiga\u00e7\u00e3o e \u00e0 manuten\u00e7\u00e3o da ordem p\u00fablica. Posteriormente, a Constitui\u00e7\u00e3o Estadual de 1946 reafirmou seu car\u00e1ter permanente e a vinculou \u00e0 Secretaria de Seguran\u00e7a P\u00fablica, consolidando seu papel como pol\u00edcia judici\u00e1ria do Estado de Minas Gerais.<\/p>\n\n\n\n<h3 class=\"wp-block-heading\" id=\"atribuicoespcmg\">Quais s\u00e3o as atribui\u00e7\u00f5es da PCMG?<\/h3>\n\n\n\n<p>A institui\u00e7\u00e3o \u00e9 respons\u00e1vel por exercer as fun\u00e7\u00f5es de pol\u00edcia judici\u00e1ria e investigar infra\u00e7\u00f5es penais, exceto as militares. Atua na apura\u00e7\u00e3o de crimes, coleta de provas, cumprimento de mandados e realiza\u00e7\u00e3o de per\u00edcias. Tamb\u00e9m presta apoio ao Judici\u00e1rio e ao Minist\u00e9rio P\u00fablico, contribuindo para a seguran\u00e7a p\u00fablica e a aplica\u00e7\u00e3o da lei no estado.<\/p>\n\n\n\n<h3 class=\"wp-block-heading\" id=\"atricargo\">Atribui\u00e7\u00f5es dos cargos da PCMG<\/h3>\n\n\n\n<h4 class=\"wp-block-heading\" id=\"h-delegado\">Delegado<\/h4>\n\n\n\n<ul class=\"wp-block-list\">\n<li>Presidir a investiga\u00e7\u00e3o criminal de acordo com seu livre convencimento t\u00e9cnico-jur\u00eddico, com isen\u00e7\u00e3o e imparcialidade;<\/li>\n\n\n\n<li>Decidir sobre o indiciamento, desde que seja realizado por ato fundamentado, mediante an\u00e1lise t\u00e9cnico-jur\u00eddica do fato, que dever\u00e1 indicar a autoria, materialidade e suas circunst\u00e2ncias;<\/li>\n\n\n\n<li>Requisitar a realiza\u00e7\u00e3o de exames periciais, informa\u00e7\u00f5es, cadastros, documentos e dados, bem como colher provas e praticar os demais atos necess\u00e1rios \u00e0 adequada apura\u00e7\u00e3o de infra\u00e7\u00e3o penal e do ato infracional, observados os limites legais;<\/li>\n\n\n\n<li>Decidir sobre a lavratura do auto de pris\u00e3o em flagrante.<\/li>\n<\/ul>\n\n\n\n<h4 class=\"wp-block-heading\" id=\"h-escrivao\">Escriv\u00e3o<\/h4>\n\n\n\n<ul class=\"wp-block-list\">\n<li>Lavrar autos, termos e inqu\u00e9ritos policiais;<\/li>\n\n\n\n<li>Reduzir a termo depoimentos e declara\u00e7\u00f5es;<\/li>\n\n\n\n<li>Organizar e arquivar procedimentos policiais;<\/li>\n\n\n\n<li>Cumprir e controlar mandados e requisi\u00e7\u00f5es;<\/li>\n\n\n\n<li>Apoiar o Delegado nas investiga\u00e7\u00f5es;<\/li>\n\n\n\n<li>Guardar documentos, objetos e valores apreendidos.<\/li>\n<\/ul>\n\n\n\n<h4 class=\"wp-block-heading\" id=\"h-investigador\">Investigador<\/h4>\n\n\n\n<ul class=\"wp-block-list\">\n<li>Cumprir e formalizar dilig\u00eancias policiais, mandados e outras determina\u00e7\u00f5es do Delegado de Pol\u00edcia competente;<\/li>\n\n\n\n<li>Obter elementos para a identifica\u00e7\u00e3o antropol\u00f3gica de pessoas, no que se refere \u00e0s caracter\u00edsticas sociais e culturais que comp\u00f5em a vida pregressa e o perfil do submetido \u00e0 investiga\u00e7\u00e3o criminal;<\/li>\n\n\n\n<li>Colher as impress\u00f5es digitais para fins de identifica\u00e7\u00e3o civil e criminal, inclusive de cad\u00e1veres, para a realiza\u00e7\u00e3o do exame datilosc\u00f3pico;<\/li>\n\n\n\n<li>Desenvolver as a\u00e7\u00f5es necess\u00e1rias para a seguran\u00e7a das investiga\u00e7\u00f5es, inclusive a cust\u00f3dia provis\u00f3ria de pessoas no curso dos procedimentos policiais, at\u00e9 o seu recolhimento na unidade respons\u00e1vel pela guarda penitenci\u00e1ria.<\/li>\n<\/ul>\n\n\n\n<h4 class=\"wp-block-heading\" id=\"h-perito-criminal\">Perito Criminal<\/h4>\n\n\n\n<ul class=\"wp-block-list\">\n<li>Realizar exames e an\u00e1lises, no \u00e2mbito da criminal\u00edstica, relacionados \u00e0 f\u00edsica, qu\u00edmica, biologia legal e demais \u00e1reas do conhecimento cient\u00edfico e tecnol\u00f3gico;<\/li>\n\n\n\n<li>Analisar documentos, objetos e locais de crime de qualquer natureza para apurar evid\u00eancias ou colher vest\u00edgios, ou em laborat\u00f3rios, visando a fornecer elementos esclarecedores para a instru\u00e7\u00e3o de inqu\u00e9rito policial, procedimentos administrativos ou processos judiciais criminais;<\/li>\n\n\n\n<li>Emitir laudos periciais para determina\u00e7\u00e3o da identifica\u00e7\u00e3o criminal por meio da datiloscopia, quiroscopia, podoscopia ou outras t\u00e9cnicas, com a finalidade de instruir procedimentos e formar elementos indicativos de autoria de infra\u00e7\u00f5es penais.<\/li>\n<\/ul>\n\n\n\n<h4 class=\"wp-block-heading\" id=\"h-medico-legista\">M\u00e9dico Legista<\/h4>\n\n\n\n<ul class=\"wp-block-list\">\n<li>Realizar exames macrosc\u00f3picos, microsc\u00f3picos e de laborat\u00f3rio, em cad\u00e1veres e em vivos, para subsidiar a determina\u00e7\u00e3o da &#8220;causa mortis&#8221; ou da natureza de les\u00f5es;<\/li>\n\n\n\n<li>Efetuar exames e an\u00e1lises pertinentes \u00e0 identifica\u00e7\u00e3o antropol\u00f3gica de natureza biol\u00f3gica, no \u00e2mbito da medicina legal;<\/li>\n\n\n\n<li>O diagn\u00f3stico, a avalia\u00e7\u00e3o e a constata\u00e7\u00e3o da situa\u00e7\u00e3o de pessoa submetida a efeito de subst\u00e2ncia de qualquer esp\u00e9cie, al\u00e9m da avalia\u00e7\u00e3o do seu estado ps\u00edquico e psiqui\u00e1trico que vise ao esclarecimento que possa subsidiar a instru\u00e7\u00e3o de inqu\u00e9rito policial, procedimentos administrativos ou processos judiciais criminais.<\/li>\n<\/ul>\n\n\n\n<h4 class=\"wp-block-heading\" id=\"h-analista\">Analista<\/h4>\n\n\n\n<ul class=\"wp-block-list\">\n<li>Executar pol\u00edticas de magist\u00e9rio, de sa\u00fade e psicossocial compat\u00edveis com a respectiva forma\u00e7\u00e3o em n\u00edvel superior de escolaridade;<\/li>\n\n\n\n<li>Executar atividades nas \u00e1reas cont\u00e1bil, jur\u00eddica, estat\u00edstica, tecnol\u00f3gica, bibliotecon\u00f4mica, de cerimonial, rela\u00e7\u00f5es p\u00fablicas, informa\u00e7\u00e3o, comunica\u00e7\u00e3o, gest\u00e3o, log\u00edstica, educa\u00e7\u00e3o, sa\u00fade e psicossocial, de identifica\u00e7\u00e3o civil, registro e licenciamento de ve\u00edculo automotor e habilita\u00e7\u00e3o do condutor.<\/li>\n<\/ul>\n\n\n\n<h4 class=\"wp-block-heading\" id=\"h-tecnico-assistente\">T\u00e9cnico Assistente<\/h4>\n\n\n\n<ul class=\"wp-block-list\">\n<li>Executar tarefas de apoio t\u00e9cnico, administrativo e log\u00edstico compat\u00edveis com o n\u00edvel intermedi\u00e1rio de escolaridade, em particular o gerenciamento de atividades de apoio log\u00edstico em \u00f3rg\u00e3os e unidades da Pol\u00edcia Civil;<\/li>\n\n\n\n<li>Prestar servi\u00e7os e executar atividades de apoio administrativo e log\u00edstico, relativos ao exerc\u00edcio das compet\u00eancias legais do respectivo \u00f3rg\u00e3o ou unidade, fazendo uso de equipamentos e recursos dispon\u00edveis para a consecu\u00e7\u00e3o dessas atividades.<\/li>\n<\/ul>\n\n\n\n<h3 class=\"wp-block-heading\" id=\"requi\">Requisitos dos cargos<\/h3>\n\n\n\n<p><strong>Escriv\u00e3o<\/strong><\/p>\n\n\n\n<ul class=\"wp-block-list\">\n<li>Para ser um escriv\u00e3o, \u00e9 preciso ter forma\u00e7\u00e3o de n\u00edvel superior ser comprovado mediante a entrega de c\u00f3pia autenticada de diploma ou de Certid\u00e3o expedida por Faculdade reconhecida pelo Minist\u00e9rio da Educa\u00e7\u00e3o, na data da posse.<\/li>\n<\/ul>\n\n\n\n<p><strong>Investigador<\/strong><\/p>\n\n\n\n<ul class=\"wp-block-list\">\n<li>Para ser um investigador, \u00e9 preciso ter forma\u00e7\u00e3o de n\u00edvel superior ser comprovado mediante a entrega de c\u00f3pia autenticada de diploma ou de Certid\u00e3o expedida por Faculdade reconhecida pelo Minist\u00e9rio da Educa\u00e7\u00e3o, na data da posse.<\/li>\n<\/ul>\n\n\n\n<p><strong>Delegado<\/strong><\/p>\n\n\n\n<ul class=\"wp-block-list\">\n<li>Para ingressar no cargo de delegado \u00e9 necess\u00e1rio possuir idade m\u00ednima de 18 anos completos na data da posse e t\u00edtulo de bacharel em Direito. <\/li>\n<\/ul>\n\n\n\n<p><strong>Perito Criminal<\/strong><\/p>\n\n\n\n<ul class=\"wp-block-list\">\n<li>Quem tem interesse em prestar o concurso da Pol\u00edcia Civil de Minas Gerais para Perito Criminal precisa ter Ensino Superior Completo (tecn\u00f3logo, bacharelado e\/ou licenciatura) na \u00e1rea de conhecimento do edital.<\/li>\n<\/ul>\n\n\n\n<p><strong>M\u00e9dico Legista<\/strong><\/p>\n\n\n\n<ul class=\"wp-block-list\">\n<li>Para se candidatar \u00e0 carreira de M\u00e9dico Legista \u00e9 necess\u00e1rio Diploma de Ensino Superior em Medicina.<\/li>\n<\/ul>\n\n\n\n<p><strong>T\u00e9cnico Assistente<\/strong><\/p>\n\n\n\n<ul class=\"wp-block-list\">\n<li>Para este cargo do concurso PC MG \u00e9 necess\u00e1rio possuir forma\u00e7\u00e3o completa de n\u00edvel m\u00e9dio.<\/li>\n<\/ul>\n\n\n\n<p><strong>Analista<\/strong><\/p>\n\n\n\n<ul class=\"wp-block-list\">\n<li>Para se tornar um Analista da Pol\u00edcia Civil de Minas Gerais o candidato precisa ter ensino superior completo conforme a \u00e1rea de conhecimento escolhida.<\/li>\n<\/ul>\n\n\n\n<h3 class=\"wp-block-heading\" id=\"cargo-mais-alto\">Qual o cargo mais alto na Pol\u00edcia Civil de Minas Gerais?<\/h3>\n\n\n\n<p>O cargo mais alto na Pol\u00edcia Civil de Minas Gerais \u00e9 o de <strong>Chefe da Pol\u00edcia Civil<\/strong>, exercido por um delegado-geral nomeado pelo Governador do Estado, exercendo a dire\u00e7\u00e3o superior da institui\u00e7\u00e3o e respons\u00e1vel pela administra\u00e7\u00e3o, coordena\u00e7\u00e3o e execu\u00e7\u00e3o das pol\u00edticas e atividades da PCMG no estado. <\/p>\n\n\n\n<h3 class=\"wp-block-heading\" id=\"remuneracao\">Remunera\u00e7\u00e3o dos cargos<\/h3>\n\n\n\n<p>No Portal da Transpar\u00eancia consta a estrutura remunerat\u00f3ria para os cargos da Pol\u00edcia Civil de Minas Gerais, segundo a Lei n\u00ba 19.576, de 16 de agosto de 2011. Veja a seguir as tabelas:<\/p>\n\n\n\n<h4 class=\"wp-block-heading\" id=\"escrivao-e-investigador\">Escriv\u00e3o e Investigador <\/h4>\n\n\n\n<figure class=\"wp-block-table is-style-stripes\"><table class=\"has-fixed-layout\"><thead><tr><th class=\"has-text-align-center\" data-align=\"center\"><strong>Forma\u00e7\u00e3o<\/strong><\/th><th class=\"has-text-align-center\" data-align=\"center\"><strong>N\u00edvel<\/strong><\/th><th class=\"has-text-align-center\" data-align=\"center\"><strong>Grau\/Faixa de Vencimento<\/strong><\/th><th class=\"has-text-align-center\" data-align=\"center\"><strong>A<\/strong><\/th><th class=\"has-text-align-center\" data-align=\"center\"><strong>B<\/strong><\/th><th class=\"has-text-align-center\" data-align=\"center\"><strong>C<\/strong><\/th><th class=\"has-text-align-center\" data-align=\"center\"><strong>D<\/strong><\/th><th class=\"has-text-align-center\" data-align=\"center\"><strong>E<\/strong><\/th><\/tr><\/thead><tbody><tr><td class=\"has-text-align-center\" data-align=\"center\"><strong>N\u00edvel superior<\/strong><\/td><td class=\"has-text-align-center\" data-align=\"center\">I<\/td><td class=\"has-text-align-center\" data-align=\"center\">1<\/td><td class=\"has-text-align-center\" data-align=\"center\">5.332,62<\/td><td class=\"has-text-align-center\" data-align=\"center\">5.492,59<\/td><td class=\"has-text-align-center\" data-align=\"center\">5.657,37<\/td><td class=\"has-text-align-center\" data-align=\"center\">5.827,09<\/td><td class=\"has-text-align-center\" data-align=\"center\">6.171,73<\/td><\/tr><tr><td class=\"has-text-align-center\" data-align=\"center\"><\/td><td class=\"has-text-align-center\" data-align=\"center\">II<\/td><td class=\"has-text-align-center\" data-align=\"center\">2<\/td><td class=\"has-text-align-center\" data-align=\"center\">6.171,73<\/td><td class=\"has-text-align-center\" data-align=\"center\">6.326,00<\/td><td class=\"has-text-align-center\" data-align=\"center\">6.484,15<\/td><td class=\"has-text-align-center\" data-align=\"center\">6.646,25<\/td><td class=\"has-text-align-center\" data-align=\"center\">7.120,67<\/td><\/tr><tr><td class=\"has-text-align-center\" data-align=\"center\"><\/td><td class=\"has-text-align-center\" data-align=\"center\">III<\/td><td class=\"has-text-align-center\" data-align=\"center\">3<\/td><td class=\"has-text-align-center\" data-align=\"center\">7.120,78<\/td><td class=\"has-text-align-center\" data-align=\"center\">7.140,36<\/td><td class=\"has-text-align-center\" data-align=\"center\">7.354,57<\/td><td class=\"has-text-align-center\" data-align=\"center\">7.575,21<\/td><td class=\"has-text-align-center\" data-align=\"center\">8.069,70<\/td><\/tr><tr><td class=\"has-text-align-center\" data-align=\"center\"><\/td><td class=\"has-text-align-center\" data-align=\"center\">Especial<\/td><td class=\"has-text-align-center\" data-align=\"center\">4<\/td><td class=\"has-text-align-center\" data-align=\"center\">9.244,32<\/td><td class=\"has-text-align-center\" data-align=\"center\">10.168,75<\/td><td class=\"has-text-align-center\" data-align=\"center\">\u2014<\/td><td class=\"has-text-align-center\" data-align=\"center\">\u2014<\/td><td class=\"has-text-align-center\" data-align=\"center\">\u2014<\/td><\/tr><\/tbody><\/table><\/figure>\n\n\n\n<h4 class=\"wp-block-heading\" id=\"h-investigador-0\">Investigador<\/h4>\n\n\n\n<h4 class=\"wp-block-heading\" id=\"perito-e-medico-legista\">Perito e M\u00e9dico Legista<\/h4>\n\n\n\n<figure class=\"wp-block-table is-style-stripes\"><table class=\"has-fixed-layout\"><thead><tr><th class=\"has-text-align-center\" data-align=\"center\"><strong>Forma\u00e7\u00e3o<\/strong><\/th><th class=\"has-text-align-center\" data-align=\"center\"><strong>N\u00edvel<\/strong><\/th><th class=\"has-text-align-center\" data-align=\"center\"><strong>Grau\/Faixa de Vencimento<\/strong><\/th><th class=\"has-text-align-center\" data-align=\"center\"><strong>A<\/strong><\/th><th class=\"has-text-align-center\" data-align=\"center\"><strong>B<\/strong><\/th><th class=\"has-text-align-center\" data-align=\"center\"><strong>C<\/strong><\/th><th class=\"has-text-align-center\" data-align=\"center\"><strong>D<\/strong><\/th><th class=\"has-text-align-center\" data-align=\"center\"><strong>E<\/strong><\/th><\/tr><\/thead><tbody><tr><td class=\"has-text-align-center\" data-align=\"center\"><strong>N\u00edvel superior<\/strong><\/td><td class=\"has-text-align-center\" data-align=\"center\">I<\/td><td class=\"has-text-align-center\" data-align=\"center\">1<\/td><td class=\"has-text-align-center\" data-align=\"center\">11.547,07<\/td><td class=\"has-text-align-center\" data-align=\"center\">11.893,48<\/td><td class=\"has-text-align-center\" data-align=\"center\">12.250,28<\/td><td class=\"has-text-align-center\" data-align=\"center\">12.617,79<\/td><td class=\"has-text-align-center\" data-align=\"center\">12.996,32<\/td><\/tr><tr><td class=\"has-text-align-center\" data-align=\"center\"><\/td><td class=\"has-text-align-center\" data-align=\"center\">II<\/td><td class=\"has-text-align-center\" data-align=\"center\">2<\/td><td class=\"has-text-align-center\" data-align=\"center\">13.591,04<\/td><td class=\"has-text-align-center\" data-align=\"center\">13.726,95<\/td><td class=\"has-text-align-center\" data-align=\"center\">13.864,22<\/td><td class=\"has-text-align-center\" data-align=\"center\">14.002,86<\/td><td class=\"has-text-align-center\" data-align=\"center\">14.142,89<\/td><\/tr><tr><td class=\"has-text-align-center\" data-align=\"center\"><\/td><td class=\"has-text-align-center\" data-align=\"center\">III<\/td><td class=\"has-text-align-center\" data-align=\"center\">3<\/td><td class=\"has-text-align-center\" data-align=\"center\">14.181,27<\/td><td class=\"has-text-align-center\" data-align=\"center\">14.235,16<\/td><td class=\"has-text-align-center\" data-align=\"center\">14.289,25<\/td><td class=\"has-text-align-center\" data-align=\"center\">14.343,55<\/td><td class=\"has-text-align-center\" data-align=\"center\">14.398,06<\/td><\/tr><tr><td class=\"has-text-align-center\" data-align=\"center\"><\/td><td class=\"has-text-align-center\" data-align=\"center\">Especial<\/td><td class=\"has-text-align-center\" data-align=\"center\">4<\/td><td class=\"has-text-align-center\" data-align=\"center\">14.398,06<\/td><td class=\"has-text-align-center\" data-align=\"center\">15.837,86<\/td><td class=\"has-text-align-center\" data-align=\"center\">\u2014<\/td><td class=\"has-text-align-center\" data-align=\"center\">\u2014<\/td><td class=\"has-text-align-center\" data-align=\"center\">\u2014<\/td><\/tr><\/tbody><\/table><\/figure>\n\n\n\n<h4 class=\"wp-block-heading\" id=\"delegado\">Delegado<\/h4>\n\n\n\n<figure class=\"wp-block-table is-style-stripes\"><table class=\"has-fixed-layout\"><thead><tr><th class=\"has-text-align-center\" data-align=\"center\"><strong>Forma\u00e7\u00e3o<\/strong><\/th><th class=\"has-text-align-center\" data-align=\"center\"><strong>N\u00edvel<\/strong><\/th><th class=\"has-text-align-center\" data-align=\"center\"><strong>Grau\/Faixa de Vencimento<\/strong><\/th><th class=\"has-text-align-center\" data-align=\"center\"><strong>A<\/strong><\/th><th class=\"has-text-align-center\" data-align=\"center\"><strong>B<\/strong><\/th><th class=\"has-text-align-center\" data-align=\"center\"><strong>C<\/strong><\/th><th class=\"has-text-align-center\" data-align=\"center\"><strong>D<\/strong><\/th><th class=\"has-text-align-center\" data-align=\"center\"><strong>E<\/strong><\/th><\/tr><\/thead><tbody><tr><td class=\"has-text-align-center\" data-align=\"center\"><strong>N\u00edvel superior<\/strong><\/td><td class=\"has-text-align-center\" data-align=\"center\">I<\/td><td class=\"has-text-align-center\" data-align=\"center\">1<\/td><td class=\"has-text-align-center\" data-align=\"center\">14.931,31<\/td><td class=\"has-text-align-center\" data-align=\"center\">15.005,97<\/td><td class=\"has-text-align-center\" data-align=\"center\">15.081,00<\/td><td class=\"has-text-align-center\" data-align=\"center\">15.156,40<\/td><td class=\"has-text-align-center\" data-align=\"center\">15.276,64<\/td><\/tr><tr><td class=\"has-text-align-center\" data-align=\"center\"><\/td><td class=\"has-text-align-center\" data-align=\"center\">II<\/td><td class=\"has-text-align-center\" data-align=\"center\">2<\/td><td class=\"has-text-align-center\" data-align=\"center\">15.291,39<\/td><td class=\"has-text-align-center\" data-align=\"center\">15.566,91<\/td><td class=\"has-text-align-center\" data-align=\"center\">15.862,68<\/td><td class=\"has-text-align-center\" data-align=\"center\">16.164,07<\/td><td class=\"has-text-align-center\" data-align=\"center\">16.503,71<\/td><\/tr><tr><td class=\"has-text-align-center\" data-align=\"center\"><\/td><td class=\"has-text-align-center\" data-align=\"center\">Especial<\/td><td class=\"has-text-align-center\" data-align=\"center\">3<\/td><td class=\"has-text-align-center\" data-align=\"center\">16.510,71<\/td><td class=\"has-text-align-center\" data-align=\"center\">16.631,76<\/td><td class=\"has-text-align-center\" data-align=\"center\">16.760,84<\/td><td class=\"has-text-align-center\" data-align=\"center\">16.890,92<\/td><td class=\"has-text-align-center\" data-align=\"center\">18.515,75<\/td><\/tr><tr><td class=\"has-text-align-center\" data-align=\"center\"><\/td><td class=\"has-text-align-center\" data-align=\"center\">Geral<\/td><td class=\"has-text-align-center\" data-align=\"center\">4<\/td><td class=\"has-text-align-center\" data-align=\"center\">20.527,16<\/td><td class=\"has-text-align-center\" data-align=\"center\">22.579,88<\/td><td class=\"has-text-align-center\" data-align=\"center\">\u2014<\/td><td class=\"has-text-align-center\" data-align=\"center\">\u2014<\/td><td class=\"has-text-align-center\" data-align=\"center\">\u2014<\/td><\/tr><\/tbody><\/table><\/figure>\n\n\n\n<h2 class=\"wp-block-heading\" id=\"ultimo\">Concurso PC MG: \u00faltimos editais<\/h2>\n\n\n\n<h3 class=\"wp-block-heading has-very-light-gray-to-cyan-bluish-gray-gradient-background has-background\" id=\"situacao\">Edital 2021<\/h3>\n\n\n\n<h4 class=\"wp-block-heading\" id=\"cargos-vagas\">Cargos e vagas<\/h4>\n\n\n\n<figure class=\"wp-block-table is-style-stripes\"><table class=\"has-background has-fixed-layout\" style=\"background-color:#ccd3d8\"><thead><tr><th class=\"has-text-align-center\" data-align=\"center\">Cargos<\/th><th class=\"has-text-align-center\" data-align=\"center\">Vagas<\/th><th class=\"has-text-align-center\" data-align=\"center\">Inscritos<\/th><th class=\"has-text-align-center\" data-align=\"center\">Sal\u00e1rio<\/th><\/tr><\/thead><tbody><tr><td class=\"has-text-align-center\" data-align=\"center\">Escriv\u00e3o<\/td><td class=\"has-text-align-center\" data-align=\"center\">397<\/td><td class=\"has-text-align-center\" data-align=\"center\">48.653<\/td><td class=\"has-text-align-center\" data-align=\"center\">R$ 4.631,23<\/td><\/tr><tr><td class=\"has-text-align-center\" data-align=\"center\"><a href=\"https:\/\/www.estrategiaconcursos.com.br\/curso\/pc-mg-investigador-pacote-2021-pos-edital\/\" target=\"_blank\" rel=\"noreferrer noopener\"><\/a>Investigador<\/td><td class=\"has-text-align-center\" data-align=\"center\">30<\/td><td class=\"has-text-align-center\" data-align=\"center\">25.760<\/td><td class=\"has-text-align-center\" data-align=\"center\"> R$ 4.631,23 <\/td><\/tr><tr><td class=\"has-text-align-center\" data-align=\"center\"> Delegado<\/td><td class=\"has-text-align-center\" data-align=\"center\">62<\/td><td class=\"has-text-align-center\" data-align=\"center\">24.063<\/td><td class=\"has-text-align-center\" data-align=\"center\">R$ 12.967,43<\/td><\/tr><tr><td class=\"has-text-align-center\" data-align=\"center\">M\u00e9dico Legista<\/td><td class=\"has-text-align-center\" data-align=\"center\">09<\/td><td class=\"has-text-align-center\" data-align=\"center\">2.199<\/td><td class=\"has-text-align-center\" data-align=\"center\">R$ 10.028,30<\/td><\/tr><tr><td class=\"has-text-align-center\" data-align=\"center\">Perito Criminal &#8211; \u00e1rea Geral<\/td><td class=\"has-text-align-center\" data-align=\"center\">06<\/td><td class=\"has-text-align-center\" data-align=\"center\">10.194<\/td><td class=\"has-text-align-center\" data-align=\"center\">R$ 10.028,30<\/td><\/tr><tr><td class=\"has-text-align-center\" data-align=\"center\">Perito Criminal &#8211; Engenharia Civil<\/td><td class=\"has-text-align-center\" data-align=\"center\">07<\/td><td class=\"has-text-align-center\" data-align=\"center\">1.904<\/td><td class=\"has-text-align-center\" data-align=\"center\"> R$ 10.028,30 <\/td><\/tr><tr><td class=\"has-text-align-center\" data-align=\"center\">Perito Criminal &#8211; Engenharia Geol\u00f3gica\/Geologia<\/td><td class=\"has-text-align-center\" data-align=\"center\">04<\/td><td class=\"has-text-align-center\" data-align=\"center\">219<\/td><td class=\"has-text-align-center\" data-align=\"center\"> R$ 10.028,30 <\/td><\/tr><tr><td class=\"has-text-align-center\" data-align=\"center\">Perito Criminal &#8211; Medicina Veterin\u00e1ria<\/td><td class=\"has-text-align-center\" data-align=\"center\">04<\/td><td class=\"has-text-align-center\" data-align=\"center\">880<\/td><td class=\"has-text-align-center\" data-align=\"center\"> R$ 10.028,30 <\/td><\/tr><\/tbody><\/table><figcaption class=\"wp-element-caption\">Cargos da PC MG<\/figcaption><\/figure>\n\n\n\n<h4 class=\"wp-block-heading\" id=\"etapas-e-provas-pc-mg\">Etapas e provas do concurso PC MG<\/h4>\n\n\n\n<p>A sele\u00e7\u00e3o dos candidatos foi realizada atrav\u00e9s das seguintes etapas:<\/p>\n\n\n\n<ul class=\"wp-block-list\">\n<li>Prova Objetiva de Conhecimentos;<\/li>\n\n\n\n<li>Prova de Digita\u00e7\u00e3o, de car\u00e1ter eliminat\u00f3rio [apenas para Escriv\u00e3o];<\/li>\n\n\n\n<li>Exames Biom\u00e9dicos e Biof\u00edsicos, de car\u00e1ter eliminat\u00f3rio;<\/li>\n\n\n\n<li>Avalia\u00e7\u00e3o Psicol\u00f3gica, de car\u00e1ter eliminat\u00f3rio;<\/li>\n\n\n\n<li>Provas de T\u00edtulos, de car\u00e1ter classificat\u00f3rio;<\/li>\n\n\n\n<li>Investiga\u00e7\u00e3o Social, de car\u00e1ter eliminat\u00f3rio.<\/li>\n<\/ul>\n\n\n\n<h5 class=\"wp-block-heading\" id=\"objetiva\">Provas Objetivas<\/h5>\n\n\n\n<p>A Prova de Conhecimento Objetiva constou de 60 a 70 quest\u00f5es de m\u00faltipla escolha, cada uma com 4 alternativas de respostas, existindo apenas uma resposta correta, assim divididas por disciplinas:<\/p>\n\n\n\n<ul class=\"wp-block-list\">\n<li><strong>Delegado:<\/strong>\n<ul class=\"wp-block-list\">\n<li><em>10 quest\u00f5es de Direito Administrativo.<\/em><\/li>\n\n\n\n<li><em>10 quest\u00f5es de Direito Civil.<\/em><\/li>\n\n\n\n<li><em>10 quest\u00f5es de Direito Constitucional.<\/em><\/li>\n\n\n\n<li><em>10 quest\u00f5es de Direito Penal.<\/em><\/li>\n\n\n\n<li><em>10 quest\u00f5es de Direito Processual Penal.<\/em><\/li>\n\n\n\n<li><em>05 quest\u00f5es de Direitos Humanos.<\/em><\/li>\n\n\n\n<li><em>10 quest\u00f5es de Medicina Legal.<\/em><\/li>\n\n\n\n<li><em>05 quest\u00f5es de No\u00e7\u00f5es de Criminologia.<\/em><\/li>\n<\/ul>\n<\/li>\n<\/ul>\n\n\n\n<ul class=\"wp-block-list\">\n<li><strong>M\u00e9dico Legista:<\/strong>\n<ul class=\"wp-block-list\">\n<li><em>10 quest\u00f5es de L\u00edngua Portuguesa;<\/em><\/li>\n\n\n\n<li><em>b) 10 quest\u00f5es de Direitos Humanos;<\/em><\/li>\n\n\n\n<li><em>c) 10 quest\u00f5es de Medicina Legal;<\/em><\/li>\n\n\n\n<li><em>d) 10 quest\u00f5es de Toxicologia Forense;<\/em><\/li>\n\n\n\n<li><em>e) 10 quest\u00f5es de Patologia;<\/em><\/li>\n\n\n\n<li><em>f) 10 quest\u00f5es de Psiquiatria Forense.<\/em><\/li>\n<\/ul>\n<\/li>\n<\/ul>\n\n\n\n<ul class=\"wp-block-list\">\n<li><strong>Perito Criminal &#8211; \u00c1rea Geral:<\/strong>\n<ul class=\"wp-block-list\">\n<li><em>10 quest\u00f5es de F\u00edsica;<\/em><\/li>\n\n\n\n<li><em>10 quest\u00f5es de Matem\u00e1tica;<\/em><\/li>\n\n\n\n<li><em>10 quest\u00f5es de L\u00edngua Portuguesa;<\/em><\/li>\n\n\n\n<li><em>10 quest\u00f5es de Direitos Humanos;<\/em><\/li>\n\n\n\n<li><em>10 quest\u00f5es de No\u00e7\u00f5es de Inform\u00e1tica;<\/em><\/li>\n\n\n\n<li><em>10 quest\u00f5es de Biologia.<\/em><\/li>\n<\/ul>\n<\/li>\n<\/ul>\n\n\n\n<ul class=\"wp-block-list\">\n<li><strong>Perito Criminal &#8211; \u00c1reas Espec\u00edficas de Engenharia Civil, Engenharia Geol\u00f3gica\/Geologia e Medicina Veterin\u00e1ria:<\/strong>\n<ul class=\"wp-block-list\">\n<li><em>10 quest\u00f5es Espec\u00edficas;<\/em><\/li>\n\n\n\n<li><em>10 quest\u00f5es de F\u00edsica;<\/em><\/li>\n\n\n\n<li><em>10 quest\u00f5es de Matem\u00e1tica;<\/em><\/li>\n\n\n\n<li><em>10 quest\u00f5es de L\u00edngua Portuguesa;<\/em><\/li>\n\n\n\n<li><em>10 quest\u00f5es de Direitos Humanos;<\/em><\/li>\n\n\n\n<li><em>05 quest\u00f5es de No\u00e7\u00f5es de Inform\u00e1tica;<\/em><\/li>\n\n\n\n<li><em>05 quest\u00f5es de Biologia<\/em><\/li>\n<\/ul>\n<\/li>\n<\/ul>\n\n\n\n<ul class=\"wp-block-list\">\n<li><strong>Escriv\u00e3o e Investigador:<\/strong>\n<ul class=\"wp-block-list\">\n<li><em>10 quest\u00f5es de L\u00edngua Portuguesa <\/em><\/li>\n\n\n\n<li><em>10 quest\u00f5es de Lei Org\u00e2nica da Pol\u00edcia Civil de Minas Gerais (Lei Estadual n.\u00ba 5.406, de 16 de dezembro de 1969 e Lei Complementar N\u00ba 129\/2013, de 08-11-2013, e suas respectivas altera\u00e7\u00f5es) <\/em><\/li>\n\n\n\n<li><em>10 quest\u00f5es de No\u00e7\u00f5es de Direito <\/em><\/li>\n\n\n\n<li><em>10 quest\u00f5es de Direitos Humanos <\/em><\/li>\n\n\n\n<li><em>10 quest\u00f5es de No\u00e7\u00f5es de Inform\u00e1tica <\/em><\/li>\n\n\n\n<li><em>05 quest\u00f5es de No\u00e7\u00f5es de Criminologia <\/em><\/li>\n\n\n\n<li><em>05 quest\u00f5es de No\u00e7\u00f5es de Medicina Legal <\/em><\/li>\n<\/ul>\n<\/li>\n<\/ul>\n\n\n\n<p>Cada quest\u00e3o da prova valeu 1 ponto. Foi considerado aprovado o candidato que obteve o m\u00ednimo de 60% das respostas corretas, sendo eliminado aquele que obteve nota inferior ou equivalente a 20% das quest\u00f5es em qualquer uma das disciplinas, ainda que no somat\u00f3rio final da nota obtenha \u00edndice igual ou superior a 60%.<\/p>\n\n\n\n<h5 class=\"wp-block-heading\" id=\"prova-pratica-de-digitacao\">Prova Pr\u00e1tica de Digita\u00e7\u00e3o<\/h5>\n\n\n\n<p>A Prova Pr\u00e1tica de Digita\u00e7\u00e3o, de car\u00e1ter eliminat\u00f3rio, foi realizada em Belo Horizonte. Somente prosseguiram os 1.191 candidatos de melhor pontua\u00e7\u00e3o habilitados na Prova de Conhecimento Objetiva, dentre estes j\u00e1 inclu\u00eddos os 119 candidatos com defici\u00eancia.<\/p>\n\n\n\n<p>A Prova Pr\u00e1tica de Digita\u00e7\u00e3o foi realizada em microcomputador desktop arquitetura Windows, teclado Portugu\u00eas Brasil ABNT2 e Editor de Texto (writer do LibreOffice 6 ou superior, em plataforma Microsoft Windows).<\/p>\n\n\n\n<p>O candidato que n\u00e3o conseguiu 700 toques l\u00edquidos (TL) em 5 minutos foi considerado INAPTO e eliminado do concurso Pol\u00edcia Civil MG.<\/p>\n\n\n\n<h5 class=\"wp-block-heading\" id=\"concurso-pc-mg-exames-biomedicos-e-biofisicos\">Etapa de exames biom\u00e9dicos e biof\u00edsicos<\/h5>\n\n\n\n<p>A etapa dos Exames Biom\u00e9dicos e Biof\u00edsicos teve car\u00e1ter eliminat\u00f3rio, composta de duas fases, que ocorreram em momentos distintos: primeiramente os candidatos aprovados foram submetidos aos Exames Biom\u00e9dicos e, se APTOS, estariam habilitados para se submeterem aos Exames Biof\u00edsicos. <\/p>\n\n\n\n<ol class=\"wp-block-list\">\n<li>Exames Biom\u00e9dicos;<\/li>\n\n\n\n<li>Exames Biof\u00edsicos:\n<ul class=\"wp-block-list\">\n<li>Flex\u00e3o de bra\u00e7o;<\/li>\n\n\n\n<li>Impuls\u00e3o horizontal;<\/li>\n\n\n\n<li>Corrida de 50 metros rasos;<\/li>\n\n\n\n<li>Teste de Cooper (12 minutos).<\/li>\n<\/ul>\n<\/li>\n<\/ol>\n\n\n\n<p>Cada teste teve um tempo espec\u00edfico para ser realizado e teve pontua\u00e7\u00e3o m\u00e1xima de 25 pontos, que foram dados tendo em vista a capacidade e sanidade f\u00edsica do candidato dentro dos par\u00e2metros.<\/p>\n\n\n\n<p>Para ser considerado APTO nesta etapa do concurso Pol\u00edcia Civil MG, o candidato deveria obter o m\u00ednimo de 60 pontos no total dos testes a que foram submetidos, desde que atingido o m\u00ednimo de 2 pontos em cada um dos testes.<\/p>\n\n\n\n<h5 class=\"wp-block-heading\" id=\"prova-de-titulos\">Prova de T\u00edtulos<\/h5>\n\n\n\n<p>Somente foram julgados os t\u00edtulos dos candidatos aprovados em todas as etapas anteriores. A prova de T\u00edtulos teve car\u00e1ter classificat\u00f3rio e teve valor m\u00e1ximo de 05 pontos.<\/p>\n\n\n\n<ul class=\"wp-block-list\">\n<li>Diploma de Curso Superior, expedido por estabelecimento de ensino oficial ou reconhecido: 02 pontos;<\/li>\n\n\n\n<li>Diploma de curso de p\u00f3s-gradua\u00e7\u00e3o, expedido por estabelecimento de ensino oficial ou reconhecido, a saber:\n<ul class=\"wp-block-list\">\n<li>lato sensu &#8211; Especializa\u00e7\u00e3o: 02 pontos<\/li>\n\n\n\n<li>stricto sensu \u2013 Mestrado: 03 pontos<\/li>\n\n\n\n<li>stricto sensu \u2013 Doutorado: 04 pontos<\/li>\n<\/ul>\n<\/li>\n\n\n\n<li>Certificado de conclus\u00e3o de curso de natureza policial da Academia de Pol\u00edcia Civil de Minas Gerais, ou cong\u00eanere, com carga hor\u00e1ria igual ou superior a 80 horas\/aula: 01 ponto para cada curso de natureza policial diferente, at\u00e9 o limite de 03 pontos.<\/li>\n<\/ul>\n\n\n\n<h4 class=\"wp-block-heading\" id=\"h-guia-de-estudos-pc-mg\">Guia de estudos PC MG<\/h4>\n\n\n\n<ul class=\"wp-block-list\">\n<li><a href=\"https:\/\/www.estrategiaconcursos.com.br\/blog\/guia-de-estudos-pc-mg-2023\/\" target=\"_blank\" rel=\"noreferrer noopener\">Guia de estudos PC MG 2021<\/a><\/li>\n<\/ul>\n\n\n\n<h4 class=\"wp-block-heading\" id=\"edital-estrategico-do-concurso-pc-mg\">Edital estrat\u00e9gico do concurso PC MG<\/h4>\n\n\n\n<ul class=\"wp-block-list\">\n<li><a href=\"https:\/\/docs.google.com\/spreadsheets\/d\/1iaqmvZfXdPavCfAawydbOlWkBS_8hPDB\/edit?usp=sharing&amp;ouid=101265451508967920612&amp;rtpof=true&amp;sd=true\" target=\"_blank\" rel=\"noreferrer noopener nofollow\">Escriv\u00e3o<\/a><\/li>\n\n\n\n<li><a href=\"https:\/\/docs.google.com\/spreadsheets\/d\/1ZTJGW4phQa9Rfi6AxK0OLNyvYtuOYydT\/edit?usp=sharing&amp;ouid=101265451508967920612&amp;rtpof=true&amp;sd=true\" target=\"_blank\" rel=\"noreferrer noopener nofollow\">Investigador<\/a><\/li>\n<\/ul>\n\n\n\n<p><strong>IMPORTANTE:&nbsp;<\/strong>Ao clicar no link acima, vai ser aberta uma janela do Google Drive que tentar\u00e1 carregar a visualiza\u00e7\u00e3o da planilha no seu navegador. N\u00e3o h\u00e1 necessidade de esperar essa visualiza\u00e7\u00e3o (talvez at\u00e9 nem carregue, j\u00e1 que os arquivos s\u00e3o pesados).<\/p>\n\n\n\n<p>Fa\u00e7a o download clicando na seta para baixo no canto superior direito da janela do Google Drive que vai ser aberta ao clicar nos links acima.<\/p>\n\n\n\n<p>Todos os arquivos foram testados em diferentes computadores e celulares e est\u00e3o ok. Talvez alguma incompatibilidade (ou mensagem de erro, como \u201carquivo inv\u00e1lido\u201d) ocorra em virtude do seu pr\u00f3prio computador ou do tamanho dos arquivos que possuem mais conte\u00fado.<\/p>\n\n\n\n<h3 class=\"wp-block-heading has-background\" id=\"perito-medico\" style=\"background-color:#eeeeee\">Edital PC MG 2013 &#8211; Perito Criminal e M\u00e9dico Legista<\/h3>\n\n\n\n<ul class=\"wp-block-list\">\n<li><strong>Data<\/strong>: 2013<\/li>\n\n\n\n<li><strong>Vagas<\/strong>: 216<\/li>\n\n\n\n<li><strong>Cargos<\/strong>: M\u00e9dico Legista e Perito Criminal<\/li>\n\n\n\n<li><strong>Banca<\/strong>: FUMARC<\/li>\n\n\n\n<li><strong>Escolaridade<\/strong>: N\u00edvel superior<\/li>\n\n\n\n<li><strong>Edital<\/strong>:&nbsp;<a href=\"https:\/\/dhg1h5j42swfq.cloudfront.net\/2019\/10\/03093929\/PC-MG-Edital-Medico-Legista-2013.pdf\" target=\"_blank\" rel=\"noreferrer noopener nofollow\">Edital M\u00e9dico Legista<\/a> &#8211; <a href=\"https:\/\/dhg1h5j42swfq.cloudfront.net\/2019\/10\/03094010\/edital-PC-MG-Retificacao-Edital-Medico-Legista.pdf\" target=\"_blank\" rel=\"noreferrer noopener nofollow\">Retifica\u00e7\u00e3o<\/a> | <a href=\"https:\/\/dhg1h5j42swfq.cloudfront.net\/2019\/10\/03094112\/PC-MG-Edital-Perito-Criminal-2013.pdf\" target=\"_blank\" rel=\"noreferrer noopener nofollow\">Edital Perito Criminal<\/a> &#8211; <a href=\"https:\/\/dhg1h5j42swfq.cloudfront.net\/2019\/10\/03094225\/PC-MG-Perito-Criminal-2013-Retificacao.pdf\" target=\"_blank\" rel=\"noreferrer noopener nofollow\">Retifica\u00e7\u00e3o<\/a><\/li>\n<\/ul>\n\n\n\n<p>Em 2013, ocorreu o <strong>concurso PC MG<\/strong> para Perito Criminal e M\u00e9dico Legista. A FUMARC foi a respons\u00e1vel pelo certame, que contou com 26.674 inscritos. <\/p>\n\n\n\n<p>O certame de 2013 foi homologado em setembro de 2015. No dia 15 de maio de 2016, o concurso da Pol\u00edcia Civil de Minas Gerais foi prorrogado por mais 2 anos. A valida\u00e7\u00e3o terminou em maio de 2018, e neste ano foram abertos dois certames para o cargo de Escriv\u00e3o e Delegado.<\/p>\n\n\n\n<figure class=\"wp-block-table is-style-stripes\"><table class=\"has-very-light-gray-to-cyan-bluish-gray-gradient-background has-background has-fixed-layout\"><tbody><tr><td class=\"has-text-align-center\" data-align=\"center\"><strong>Cargo<\/strong><\/td><td class=\"has-text-align-center\" data-align=\"center\"><strong>Vagas<\/strong><\/td><td class=\"has-text-align-center\" data-align=\"center\"><strong>Inscritos<\/strong><\/td><\/tr><tr><td class=\"has-text-align-center\" data-align=\"center\">M\u00e9dico Legista<\/td><td class=\"has-text-align-center\" data-align=\"center\">121<\/td><td class=\"has-text-align-center\" data-align=\"center\"> 1.687 <\/td><\/tr><tr><td class=\"has-text-align-center\" data-align=\"center\">Perito Criminal<\/td><td class=\"has-text-align-center\" data-align=\"center\">95<\/td><td class=\"has-text-align-center\" data-align=\"center\"> 24.987 <\/td><\/tr><tr><td class=\"has-text-align-center\" data-align=\"center\">Total<\/td><td class=\"has-text-align-center\" data-align=\"center\">216<\/td><td class=\"has-text-align-center\" data-align=\"center\">26.674<\/td><\/tr><\/tbody><\/table><figcaption class=\"wp-element-caption\">Quadro de vagas e quantidade de inscritos<\/figcaption><\/figure>\n\n\n\n<p>Abaixo relacionamos os<strong> totais de candidatos convocados<\/strong> na classifica\u00e7\u00e3o final do concurso da Pol\u00edcia Civil de Minas Gerais.<\/p>\n\n\n\n<figure class=\"wp-block-table is-style-stripes\"><table class=\"has-very-light-gray-to-cyan-bluish-gray-gradient-background has-background has-fixed-layout\"><tbody><tr><td class=\"has-text-align-center\" data-align=\"center\"><strong>Cargo <\/strong><\/td><td class=\"has-text-align-center\" data-align=\"center\"><strong>Quantidade de convocados<\/strong><\/td><\/tr><tr><td class=\"has-text-align-center\" data-align=\"center\">M\u00e9dico Legista<\/td><td class=\"has-text-align-center\" data-align=\"center\">34<\/td><\/tr><tr><td class=\"has-text-align-center\" data-align=\"center\">Perito Criminal <\/td><td class=\"has-text-align-center\" data-align=\"center\">112<\/td><\/tr><tr><td class=\"has-text-align-center\" data-align=\"center\">Perito Criminal &#8211; Portadores de Defici\u00eancia<\/td><td class=\"has-text-align-center\" data-align=\"center\">12<\/td><\/tr><tr><td class=\"has-text-align-center\" data-align=\"center\">Total<\/td><td class=\"has-text-align-center\" data-align=\"center\">158<\/td><\/tr><\/tbody><\/table><figcaption class=\"wp-element-caption\">Quadro de cargos e quantidade de convocados<\/figcaption><\/figure>\n\n\n\n<h4 class=\"wp-block-heading\" id=\"etapa\">Etapas do \u00faltimo concurso<\/h4>\n\n\n\n<p>Para os dois cargos, M\u00e9dico Legista e Perito Criminal, o<strong> concurso Pol\u00edcia Civil MG<\/strong> foi constitu\u00eddo de 5 etapas:<\/p>\n\n\n\n<ul class=\"wp-block-list\">\n<li>Prova de Conhecimentos: Objetiva;<\/li>\n\n\n\n<li>Avalia\u00e7\u00e3o Psicol\u00f3gica;<\/li>\n\n\n\n<li>Exames Biom\u00e9dicos e Biof\u00edsicos;<\/li>\n\n\n\n<li>Investiga\u00e7\u00e3o Social; <\/li>\n\n\n\n<li>Curso de Forma\u00e7\u00e3o Policial. <\/li>\n<\/ul>\n\n\n\n<p>A <strong>avalia\u00e7\u00e3o objetiva<\/strong> tinha 60 quest\u00f5es de m\u00faltipla escolha, cada uma com 4 op\u00e7\u00f5es com uma entre elas correta. Nesta fase, o conte\u00fado program\u00e1tico dos cargos se diferenciaram.<\/p>\n\n\n\n<h5 class=\"wp-block-heading\" id=\"h-medico-legista-0\">M\u00e9dico Legista<\/h5>\n\n\n\n<ul class=\"wp-block-list\">\n<li>Medicina Legal &#8211; 35 quest\u00f5es <\/li>\n\n\n\n<li>Psiquiatria Forense &#8211; 10 quest\u00f5es <\/li>\n\n\n\n<li>Patologia &#8211; 5 quest\u00f5es <\/li>\n\n\n\n<li>L\u00edngua Portuguesa &#8211; 5 quest\u00f5es<\/li>\n\n\n\n<li>Direitos Humanos &#8211; 5 quest\u00f5es <\/li>\n<\/ul>\n\n\n\n<h5 class=\"wp-block-heading\" id=\"h-perito-criminal-0\">Perito Criminal <\/h5>\n\n\n\n<ul class=\"wp-block-list\">\n<li>L\u00edngua Portuguesa &#8211; 10 quest\u00f5es <\/li>\n\n\n\n<li>Matem\u00e1tica &#8211; 10 quest\u00f5es <\/li>\n\n\n\n<li>No\u00e7\u00f5es de Criminal\u00edstica &#8211; 10 quest\u00f5es <\/li>\n\n\n\n<li>No\u00e7\u00f5es de Medicina Legal &#8211; 10 quest\u00f5es <\/li>\n\n\n\n<li>No\u00e7\u00f5es de Contabilidade &#8211; 8 quest\u00f5es <\/li>\n\n\n\n<li>No\u00e7\u00f5es de Inform\u00e1tica &#8211; 7 quest\u00f5es <\/li>\n\n\n\n<li>Direitos Humanos &#8211; 5 quest\u00f5es <\/li>\n<\/ul>\n\n\n\n<p>Cada quest\u00e3o da Prova Objetiva valeu 1 ponto. Conseguiu aprova\u00e7\u00e3o considerado o candidato que obteve \u00edndice igual ou superior a 50% do total das respostas corretas e n\u00e3o zerou qualquer uma das disciplinas.<\/p>\n\n\n\n<p>As fases dos <strong>Exames Biom\u00e9dicos e dos Exames Biof\u00edsicos<\/strong> do concurso ocorreram em momentos distintos: primeiramente, os candidatos aprovados foram submetidos aos Exames Biom\u00e9dicos e, os APTOS, fizeram os Exames Biof\u00edsicos.<\/p>\n\n\n\n<p>Os Exames Biof\u00edsicos constaram de testes f\u00edsicos acompanhados de an\u00e1lise m\u00e9dica dos resultados, sendo eles: <\/p>\n\n\n\n<ul class=\"wp-block-list\">\n<li>Flex\u00e3o de Bra\u00e7o; <\/li>\n\n\n\n<li>Agilidade e coordena\u00e7\u00e3o motora; <\/li>\n\n\n\n<li>Corrida de 50 metros rasos; <\/li>\n\n\n\n<li>Teste de Cooper. <\/li>\n<\/ul>\n\n\n\n<p>Cada teste obteve tempo espec\u00edfico para ser realizado e a pontua\u00e7\u00e3o m\u00e1xima foi de 25 pontos.<\/p>\n\n\n\n<h3 class=\"wp-block-heading has-background\" id=\"investigador\" style=\"background-color:#eeeeee\">Edital Investigador 2014<\/h3>\n\n\n\n<p>Em 2014, o concurso para Investigador contou com a oferta de 1.000 vagas, sob responsabilidade da FUMARC.<\/p>\n\n\n\n<ul class=\"wp-block-list\">\n<li><strong>Data<\/strong>: 2014<\/li>\n\n\n\n<li><strong>Vagas<\/strong>: 1.000<\/li>\n\n\n\n<li><strong>Cargos<\/strong>: Investigador<\/li>\n\n\n\n<li><strong>Banca<\/strong>: FUMARC<\/li>\n\n\n\n<li><strong>Escolaridade<\/strong>: N\u00edvel superior<\/li>\n\n\n\n<li><strong>Edital<\/strong>:&nbsp;<a href=\"https:\/\/dhg1h5j42swfq.cloudfront.net\/2020\/09\/30173042\/edital_01_14_investigador_policia-20140403-121541.pdf\" target=\"_blank\" rel=\"noreferrer noopener nofollow\">Baixe AQUI!<\/a><\/li>\n<\/ul>\n\n\n\n<h4 class=\"wp-block-heading\" id=\"nomeacao\">Nomea\u00e7\u00f5es e notas de corte dos \u00faltimos concursos<\/h4>\n\n\n\n<p>As convoca\u00e7\u00f5es do concurso PC MG aconteceram da seguinte forma:<\/p>\n\n\n\n<ul class=\"wp-block-list\">\n<li><strong>96<\/strong> servidores convocados para o cargo de Delegado em 2018<\/li>\n\n\n\n<li><strong>960<\/strong> servidores convocados para o cargo de Investigador em 2014<\/li>\n\n\n\n<li><strong>97<\/strong> servidores convocados para o cargo de Perito Criminal em 2013<\/li>\n<\/ul>\n\n\n\n<p>As <strong><a href=\"https:\/\/www.estrategiaconcursos.com.br\/blog\/o-que-e-nota-de-corte\/\" target=\"_blank\" rel=\"noreferrer noopener\">notas de corte<\/a><\/strong> dos \u00faltimos concursos para Investigador e Escriv\u00e3o ficaram da seguinte forma:<\/p>\n\n\n\n<figure class=\"wp-block-table is-style-stripes\"><table class=\"has-very-light-gray-to-cyan-bluish-gray-gradient-background has-background has-fixed-layout\"><tbody><tr><td class=\"has-text-align-center\" data-align=\"center\"><strong>Cargos<\/strong><\/td><td class=\"has-text-align-center\" data-align=\"center\"><strong>Ano<\/strong><\/td><td class=\"has-text-align-center\" data-align=\"center\"><strong>Vagas AC<\/strong><\/td><td class=\"has-text-align-center\" data-align=\"center\"><strong>Nota de corte AC<\/strong><\/td><td class=\"has-text-align-center\" data-align=\"center\"><strong>Pontua\u00e7\u00e3o M\u00e1xima poss\u00edvel de ser obtida<\/strong><\/td><td class=\"has-text-align-center\" data-align=\"center\"><strong>Nota de corte\/Pontua\u00e7\u00e3o total<\/strong><\/td><\/tr><tr><td class=\"has-text-align-center\" data-align=\"center\">Investigador<\/td><td class=\"has-text-align-center\" data-align=\"center\">2014<\/td><td class=\"has-text-align-center\" data-align=\"center\">1.000<\/td><td class=\"has-text-align-center\" data-align=\"center\">44<\/td><td class=\"has-text-align-center\" data-align=\"center\">60<\/td><td class=\"has-text-align-center\" data-align=\"center\">73%<\/td><\/tr><tr><td class=\"has-text-align-center\" data-align=\"center\">Escriv\u00e3o<\/td><td class=\"has-text-align-center\" data-align=\"center\">2018<\/td><td class=\"has-text-align-center\" data-align=\"center\">107<\/td><td class=\"has-text-align-center\" data-align=\"center\">48<\/td><td class=\"has-text-align-center\" data-align=\"center\">65,00<\/td><td class=\"has-text-align-center\" data-align=\"center\">74%<\/td><\/tr><\/tbody><\/table><figcaption class=\"wp-element-caption\">Quadro das notas de corte de Investigador e Escriv\u00e3o<\/figcaption><\/figure>\n\n\n\n<hr class=\"wp-block-separator has-css-opacity\"\/>\n\n\n\n<h2 class=\"wp-block-heading has-text-align-center\" id=\"cursos\">Quer saber tudo sobre concursos previstos? <br \/>Confira nossos artigos!<\/h2>\n\n\n\n<ul class=\"wp-block-list\">\n<li><a href=\"https:\/\/www.estrategiaconcursos.com.br\/blog\/concursos-policia-civil\/\" target=\"_blank\" rel=\"noreferrer noopener\">Concursos Pol\u00edcia Civil<\/a><\/li>\n\n\n\n<li><a href=\"https:\/\/www.estrategiaconcursos.com.br\/blog\/concursos-de-policia\/\" target=\"_blank\" rel=\"noreferrer noopener\">Concursos de Pol\u00edcia<\/a><\/li>\n\n\n\n<li><a href=\"https:\/\/www.estrategiaconcursos.com.br\/blog\/concurso-bombeiros-mg\/\" target=\"_blank\" rel=\"noreferrer noopener\">Concurso Bombeiros MG<\/a><\/li>\n\n\n\n<li><a href=\"https:\/\/www.estrategiaconcursos.com.br\/blog\/concursos-abertos\/\" target=\"_blank\" rel=\"noreferrer noopener\">Concursos abertos<\/a><\/li>\n\n\n\n<li><a href=\"https:\/\/www.estrategiaconcursos.com.br\/blog\/concursos-2026\/\" target=\"_blank\" rel=\"noreferrer noopener\">Concursos 2026<\/a><\/li>\n<\/ul>\n\n\n\n<h2 class=\"wp-block-heading has-text-align-center\" id=\"cursos\">Quer estudar para o concurso da Pol\u00edcia Civil MG?<\/h2>\n\n\n\n<div class=\"container\" id=\"boxes\">\n  <div class=\"row\">\n\n    <div class=\"col-sm\">\n      <div class=\"banner-policia-civil\" id=\"box-assinatura\">\n        <h3 class=\"titulo-assinatura\">Concurso PC MG<\/h3>\n        <p class=\"subtitulo-assinatura\">Rumo \u00e0 carreira policial dos seus sonhos! \u2b50<\/p>\n        <div class=\"box-botao\">\n          <a class=\"btn-assinatura\" target=\"_blank\" href=\"https:\/\/www.estrategiaconcursos.com.br\/cursosPorConcurso\/policia-civil-de-minas-gerais-pc-mg\/\" role=\"button\" rel=\"noopener noreferrer\">VER CURSOS<\/a>\n        <\/div>\n      <\/div>\n  \n    <\/div>\n\n  <\/div>\n<\/div>\n\n\n\n<div class=\"container\" id=\"boxes\">\n  <div class=\"row\">\n\n    <div class=\"col-sm\">\n      <div class=\"estrategia\" id=\"box-assinatura\">\n        <h3 class=\"titulo-assinatura\">Assinatura de Concursos<\/h3>\n        <p class=\"subtitulo-assinatura\">Assinatura de 1 ano ou 2 anos<\/p>\n        <div class=\"box-botao\">\n          <a class=\"btn-assinatura\" target=\"_blank\" href=\"https:\/\/www.estrategiaconcursos.com.br\/assinaturas\/\" role=\"button\" rel=\"noopener noreferrer\">ASSINE AGORA<\/a>\n        <\/div>\n      <\/div>\n     \n    <\/div><\/div><\/div>\n\n\n\n<figure class=\"wp-block-image size-large is-resized\"><img loading=\"lazy\" decoding=\"async\" width=\"1024\" height=\"632\" src=\"https:\/\/dhg1h5j42swfq.cloudfront.net\/2021\/06\/23091447\/ficha-tecnica-5-1024x632.png\" alt=\"Ficha t\u00e9cnica\" class=\"wp-image-774664\" style=\"aspect-ratio:1.6226415094339623;width:287px;height:auto\" srcset=\"https:\/\/dhg1h5j42swfq.cloudfront.net\/2021\/06\/23091447\/ficha-tecnica-5-1024x632.png 1024w, https:\/\/dhg1h5j42swfq.cloudfront.net\/2021\/06\/23091447\/ficha-tecnica-5-300x185.png 300w, https:\/\/dhg1h5j42swfq.cloudfront.net\/2021\/06\/23091447\/ficha-tecnica-5-768x474.png 768w, https:\/\/dhg1h5j42swfq.cloudfront.net\/2021\/06\/23091447\/ficha-tecnica-5-1536x948.png 1536w, https:\/\/dhg1h5j42swfq.cloudfront.net\/2021\/06\/23091447\/ficha-tecnica-5-610x377.png 610w, https:\/\/dhg1h5j42swfq.cloudfront.net\/2021\/06\/23091447\/ficha-tecnica-5.png 1571w\" sizes=\"auto, (max-width: 1024px) 100vw, 1024px\" \/><\/figure>\n\n\n\n<h3 class=\"wp-block-heading\" id=\"ficha\">Informa\u00e7\u00f5es sobre o concurso PC MG<\/h3>\n\n\n\n<ul class=\"wp-block-list\">\n<li><strong>Provas:<\/strong> 26\/01\/2025<\/li>\n\n\n\n<li><strong>Vagas<\/strong>: 255<\/li>\n\n\n\n<li><strong>Cargos<\/strong>: Delegado, Investigador, Perito e M\u00e9dico Legista<\/li>\n\n\n\n<li><strong>Escolaridade<\/strong>: N\u00edvel superior<\/li>\n\n\n\n<li><strong>Banca<\/strong>: FGV<\/li>\n\n\n\n<li><strong>Edital:<\/strong> <a href=\"https:\/\/dhg1h5j42swfq.cloudfront.net\/2024\/08\/20073110\/pcmg-1.pdf\" target=\"_blank\" rel=\"noreferrer noopener\">PC MG 2024<\/a><\/li>\n<\/ul>\n\n\n\n<div class=\"schema-faq wp-block-yoast-faq-block\"><div class=\"schema-faq-section\" id=\"faq-question-1748542394083\"><strong class=\"schema-faq-question\">Quando ser\u00e1 o pr\u00f3ximo Concurso PCMG?<\/strong> <p class=\"schema-faq-answer\">Um novo <strong>Concurso da Pol\u00edcia Civil MG est\u00e1 previsto para 2026<\/strong>. O an\u00fancio de\u00a0<strong>104 vagas para T\u00e9cnico Assistente<\/strong>\u00a0foi realizado nas redes sociais da corpora\u00e7\u00e3o. Ainda de acordo com a publica\u00e7\u00e3o, o edital ser\u00e1 publicados nos pr\u00f3ximos meses.<\/p> <\/div> <div class=\"schema-faq-section\" id=\"faq-question-1748542510472\"><strong class=\"schema-faq-question\">Quando foi o \u00faltimo edital do Concurso PCMG?<\/strong> <p class=\"schema-faq-answer\">O \u00faltimo edital da Pol\u00edcia Civil de Minas Gerais foi publicado em novembro de 2024. No total, foram ofertadas 255 vagas de Ensino Superior, nos seguintes cargos: Delegado de Pol\u00edcia, Investigador de Pol\u00edcia, Perito Criminal e M\u00e9dico Legista.<\/p> <\/div> <\/div>\n","protected":false},"excerpt":{"rendered":"<p>A Pol\u00edcia Civil de Minas Gerais (PCMG) anunciou que um novo edital de concurso PC MG ser\u00e1 publicado nos pr\u00f3ximos meses para o cargo de T\u00e9cnico Assistente. Sob organiza\u00e7\u00e3o do Cebraspe, ser\u00e3o ofertadas 104 vagas para a carreira que exige n\u00edvel m\u00e9dio de escolaridade e curso t\u00e9cnico na \u00e1rea desejada. As informa\u00e7\u00f5es foram confirmadas pela [&hellip;]<\/p>\n","protected":false},"author":1206,"featured_media":794492,"comment_status":"open","ping_status":"open","sticky":false,"template":"","format":"standard","meta":{"post_tipo":"news_page","footnotes":""},"categories":[1988,220190],"tags":[2547],"tax_estado":[219974],"class_list":["post-70397","post","type-post","status-publish","format-standard","has-post-thumbnail","hentry","category-policia","category-policial-peritos","tag-concurso-pc-mg","tax_estado-mg"],"acf":[],"yoast_head":"<!-- This site is optimized with the Yoast SEO Premium plugin v27.2 (Yoast SEO v27.2) - https:\/\/yoast.com\/product\/yoast-seo-premium-wordpress\/ -->\n<title>Concurso PCMG 2026: novo edital previsto! Entenda<\/title>\n<meta name=\"description\" content=\"Novo edital do Concurso PCMG \u00e9 previsto! \u00daltimo certame teve o ato de nomea\u00e7\u00e3o publicado para todos os cargos. Veja todos os detalhes aqui\" \/>\n<meta name=\"robots\" content=\"index, follow, max-snippet:-1, max-image-preview:large, max-video-preview:-1\" \/>\n<link rel=\"canonical\" href=\"https:\/\/www.estrategiaconcursos.com.br\/blog\/concurso-pc-mg\/\" \/>\n<meta property=\"og:locale\" content=\"pt_BR\" \/>\n<meta property=\"og:type\" content=\"article\" \/>\n<meta property=\"og:title\" content=\"Concurso PCMG 2026: novo edital previsto! Entenda\" \/>\n<meta property=\"og:description\" content=\"Novo edital do Concurso PCMG \u00e9 previsto! \u00daltimo certame teve o ato de nomea\u00e7\u00e3o publicado para todos os cargos. Veja todos os detalhes aqui\" \/>\n<meta property=\"og:url\" content=\"https:\/\/www.estrategiaconcursos.com.br\/blog\/concurso-pc-mg\/\" \/>\n<meta property=\"og:site_name\" content=\"Estrat\u00e9gia Concursos\" \/>\n<meta property=\"article:published_time\" content=\"2026-01-13T14:43:05+00:00\" \/>\n<meta property=\"article:modified_time\" content=\"2026-01-13T14:43:08+00:00\" \/>\n<meta property=\"og:image\" content=\"https:\/\/dhg1h5j42swfq.cloudfront.net\/2021\/07\/14105154\/pc-mg.jpg\" \/>\n\t<meta property=\"og:image:width\" content=\"768\" \/>\n\t<meta property=\"og:image:height\" content=\"432\" \/>\n\t<meta property=\"og:image:type\" content=\"image\/jpeg\" \/>\n<meta name=\"author\" content=\"Bruna de Andrade Fran\u00e7a\" \/>\n<meta name=\"twitter:card\" content=\"summary_large_image\" \/>\n<meta name=\"twitter:creator\" content=\"@EstratConcursos\" \/>\n<meta name=\"twitter:site\" content=\"@EstratConcursos\" \/>\n<meta name=\"twitter:label1\" content=\"Escrito por\" \/>\n\t<meta name=\"twitter:data1\" content=\"Bruna de Andrade Fran\u00e7a\" \/>\n\t<meta name=\"twitter:label2\" content=\"Est. tempo de leitura\" \/>\n\t<meta name=\"twitter:data2\" content=\"17 minutos\" \/>\n<script type=\"application\/ld+json\" class=\"yoast-schema-graph\">{\"@context\":\"https:\/\/schema.org\",\"@graph\":[{\"@type\":\"NewsArticle\",\"@id\":\"https:\/\/www.estrategiaconcursos.com.br\/blog\/concurso-pc-mg\/#article\",\"isPartOf\":{\"@id\":\"https:\/\/www.estrategiaconcursos.com.br\/blog\/concurso-pc-mg\/\"},\"author\":{\"name\":\"Bruna de Andrade Fran\u00e7a\",\"@id\":\"https:\/\/www.estrategiaconcursos.com.br\/blog\/#\/schema\/person\/6630f91134abc08115cca62ce6372855\"},\"headline\":\"Concurso PCMG 2026: novo edital previsto! Entenda\",\"datePublished\":\"2026-01-13T14:43:05+00:00\",\"dateModified\":\"2026-01-13T14:43:08+00:00\",\"mainEntityOfPage\":{\"@id\":\"https:\/\/www.estrategiaconcursos.com.br\/blog\/concurso-pc-mg\/\"},\"wordCount\":4884,\"commentCount\":18,\"publisher\":{\"@id\":\"https:\/\/www.estrategiaconcursos.com.br\/blog\/#organization\"},\"image\":{\"@id\":\"https:\/\/www.estrategiaconcursos.com.br\/blog\/concurso-pc-mg\/#primaryimage\"},\"thumbnailUrl\":\"https:\/\/dhg1h5j42swfq.cloudfront.net\/2021\/07\/14105154\/pc-mg.jpg\",\"keywords\":[\"concurso pc mg\"],\"articleSection\":[\"Policial (Agente, Escriv\u00e3o e Investigador)\",\"Policial (Peritos, Papiloscopistas)\"],\"inLanguage\":\"pt-BR\",\"potentialAction\":[{\"@type\":\"CommentAction\",\"name\":\"Comment\",\"target\":[\"https:\/\/www.estrategiaconcursos.com.br\/blog\/concurso-pc-mg\/#respond\"]}],\"copyrightYear\":\"2026\",\"copyrightHolder\":{\"@id\":\"https:\/\/www.estrategiaconcursos.com.br\/blog\/#organization\"}},{\"@type\":[\"WebPage\",\"FAQPage\"],\"@id\":\"https:\/\/www.estrategiaconcursos.com.br\/blog\/concurso-pc-mg\/\",\"url\":\"https:\/\/www.estrategiaconcursos.com.br\/blog\/concurso-pc-mg\/\",\"name\":\"Concurso PCMG 2026: novo edital previsto! Entenda\",\"isPartOf\":{\"@id\":\"https:\/\/www.estrategiaconcursos.com.br\/blog\/#website\"},\"primaryImageOfPage\":{\"@id\":\"https:\/\/www.estrategiaconcursos.com.br\/blog\/concurso-pc-mg\/#primaryimage\"},\"image\":{\"@id\":\"https:\/\/www.estrategiaconcursos.com.br\/blog\/concurso-pc-mg\/#primaryimage\"},\"thumbnailUrl\":\"https:\/\/dhg1h5j42swfq.cloudfront.net\/2021\/07\/14105154\/pc-mg.jpg\",\"datePublished\":\"2026-01-13T14:43:05+00:00\",\"dateModified\":\"2026-01-13T14:43:08+00:00\",\"description\":\"Novo edital do Concurso PCMG \u00e9 previsto! \u00daltimo certame teve o ato de nomea\u00e7\u00e3o publicado para todos os cargos. Veja todos os detalhes aqui\",\"breadcrumb\":{\"@id\":\"https:\/\/www.estrategiaconcursos.com.br\/blog\/concurso-pc-mg\/#breadcrumb\"},\"mainEntity\":[{\"@id\":\"https:\/\/www.estrategiaconcursos.com.br\/blog\/concurso-pc-mg\/#faq-question-1748542394083\"},{\"@id\":\"https:\/\/www.estrategiaconcursos.com.br\/blog\/concurso-pc-mg\/#faq-question-1748542510472\"}],\"inLanguage\":\"pt-BR\",\"potentialAction\":[{\"@type\":\"ReadAction\",\"target\":[\"https:\/\/www.estrategiaconcursos.com.br\/blog\/concurso-pc-mg\/\"]}]},{\"@type\":\"ImageObject\",\"inLanguage\":\"pt-BR\",\"@id\":\"https:\/\/www.estrategiaconcursos.com.br\/blog\/concurso-pc-mg\/#primaryimage\",\"url\":\"https:\/\/dhg1h5j42swfq.cloudfront.net\/2021\/07\/14105154\/pc-mg.jpg\",\"contentUrl\":\"https:\/\/dhg1h5j42swfq.cloudfront.net\/2021\/07\/14105154\/pc-mg.jpg\",\"width\":768,\"height\":432,\"caption\":\"PC MG\"},{\"@type\":\"BreadcrumbList\",\"@id\":\"https:\/\/www.estrategiaconcursos.com.br\/blog\/concurso-pc-mg\/#breadcrumb\",\"itemListElement\":[{\"@type\":\"ListItem\",\"position\":1,\"name\":\"In\u00edcio\",\"item\":\"https:\/\/www.estrategiaconcursos.com.br\/blog\/\"},{\"@type\":\"ListItem\",\"position\":2,\"name\":\"Concurso PCMG 2026: novo edital previsto! Entenda\"}]},{\"@type\":\"WebSite\",\"@id\":\"https:\/\/www.estrategiaconcursos.com.br\/blog\/#website\",\"url\":\"https:\/\/www.estrategiaconcursos.com.br\/blog\/\",\"name\":\"Estrat\u00e9gia Concursos\",\"description\":\"O blog da Estrat\u00e9gia Concursos traz not\u00edcias sobre concursos e artigos de professores oferecendo cursos para concursos (pdf + videaulas) no site.\",\"publisher\":{\"@id\":\"https:\/\/www.estrategiaconcursos.com.br\/blog\/#organization\"},\"potentialAction\":[{\"@type\":\"SearchAction\",\"target\":{\"@type\":\"EntryPoint\",\"urlTemplate\":\"https:\/\/www.estrategiaconcursos.com.br\/blog\/?s={search_term_string}\"},\"query-input\":{\"@type\":\"PropertyValueSpecification\",\"valueRequired\":true,\"valueName\":\"search_term_string\"}}],\"inLanguage\":\"pt-BR\"},{\"@type\":\"Organization\",\"@id\":\"https:\/\/www.estrategiaconcursos.com.br\/blog\/#organization\",\"name\":\"Estrat\u00e9gia Concursos\",\"url\":\"https:\/\/www.estrategiaconcursos.com.br\/blog\/\",\"logo\":{\"@type\":\"ImageObject\",\"inLanguage\":\"pt-BR\",\"@id\":\"https:\/\/www.estrategiaconcursos.com.br\/blog\/#\/schema\/logo\/image\/\",\"url\":\"https:\/\/dhg1h5j42swfq.cloudfront.net\/2025\/06\/03203428\/logo_concursos-1.jpg\",\"contentUrl\":\"https:\/\/dhg1h5j42swfq.cloudfront.net\/2025\/06\/03203428\/logo_concursos-1.jpg\",\"width\":230,\"height\":60,\"caption\":\"Estrat\u00e9gia Concursos\"},\"image\":{\"@id\":\"https:\/\/www.estrategiaconcursos.com.br\/blog\/#\/schema\/logo\/image\/\"},\"sameAs\":[\"https:\/\/x.com\/EstratConcursos\"]},{\"@type\":\"Person\",\"@id\":\"https:\/\/www.estrategiaconcursos.com.br\/blog\/#\/schema\/person\/6630f91134abc08115cca62ce6372855\",\"name\":\"Bruna de Andrade Fran\u00e7a\",\"image\":{\"@type\":\"ImageObject\",\"inLanguage\":\"pt-BR\",\"@id\":\"https:\/\/secure.gravatar.com\/avatar\/d6316d36d50cea0fadae28ed3015b8870cc90a2d3d8a95c37b44006af36a00e3?s=96&d=mm&r=g\",\"url\":\"https:\/\/secure.gravatar.com\/avatar\/d6316d36d50cea0fadae28ed3015b8870cc90a2d3d8a95c37b44006af36a00e3?s=96&d=mm&r=g\",\"contentUrl\":\"https:\/\/secure.gravatar.com\/avatar\/d6316d36d50cea0fadae28ed3015b8870cc90a2d3d8a95c37b44006af36a00e3?s=96&d=mm&r=g\",\"caption\":\"Bruna de Andrade Fran\u00e7a\"},\"description\":\"Bruna de Andrade Fran\u00e7a \u00e9 publicit\u00e1ria com p\u00f3s-gradua\u00e7\u00e3o em Marketing &amp; Growth, atuando h\u00e1 mais de 6 anos no universo dos concursos p\u00fablicos. Desde 2021, lidera no Blog do Estrat\u00e9gia Concursos a cobertura editorial especializada em Concursos Policiais (PF, PRF, PM, PC, etc.), al\u00e9m das frentes de concursos banc\u00e1rios, de sa\u00fade e da \u00e1rea legislativa. Especialista em reda\u00e7\u00e3o, com pr\u00e1ticas de SEO e Copywriting, possui tamb\u00e9m atua\u00e7\u00e3o pr\u00e1tica de contato direto com \u00f3rg\u00e3os p\u00fablicos respons\u00e1veis por editais, permitindo acesso antecipado a informa\u00e7\u00f5es, desdobramentos importantes e atualiza\u00e7\u00e3o eficiente dos concursos p\u00fablicos.\",\"url\":\"https:\/\/www.estrategiaconcursos.com.br\/blog\/author\/bruna-andrade\/\"},{\"@type\":\"Question\",\"@id\":\"https:\/\/www.estrategiaconcursos.com.br\/blog\/concurso-pc-mg\/#faq-question-1748542394083\",\"position\":1,\"url\":\"https:\/\/www.estrategiaconcursos.com.br\/blog\/concurso-pc-mg\/#faq-question-1748542394083\",\"name\":\"Quando ser\u00e1 o pr\u00f3ximo Concurso PCMG?\",\"answerCount\":1,\"acceptedAnswer\":{\"@type\":\"Answer\",\"text\":\"Um novo <strong>Concurso da Pol\u00edcia Civil MG est\u00e1 previsto para 2026<\/strong>. O an\u00fancio de\u00a0<strong>104 vagas para T\u00e9cnico Assistente<\/strong>\u00a0foi realizado nas redes sociais da corpora\u00e7\u00e3o. Ainda de acordo com a publica\u00e7\u00e3o, o edital ser\u00e1 publicados nos pr\u00f3ximos meses.\",\"inLanguage\":\"pt-BR\"},\"inLanguage\":\"pt-BR\"},{\"@type\":\"Question\",\"@id\":\"https:\/\/www.estrategiaconcursos.com.br\/blog\/concurso-pc-mg\/#faq-question-1748542510472\",\"position\":2,\"url\":\"https:\/\/www.estrategiaconcursos.com.br\/blog\/concurso-pc-mg\/#faq-question-1748542510472\",\"name\":\"Quando foi o \u00faltimo edital do Concurso PCMG?\",\"answerCount\":1,\"acceptedAnswer\":{\"@type\":\"Answer\",\"text\":\"O \u00faltimo edital da Pol\u00edcia Civil de Minas Gerais foi publicado em novembro de 2024. No total, foram ofertadas 255 vagas de Ensino Superior, nos seguintes cargos: Delegado de Pol\u00edcia, Investigador de Pol\u00edcia, Perito Criminal e M\u00e9dico Legista.\",\"inLanguage\":\"pt-BR\"},\"inLanguage\":\"pt-BR\"}]}<\/script>\n<!-- \/ Yoast SEO Premium plugin. -->","yoast_head_json":{"title":"Concurso PCMG 2026: novo edital previsto! Entenda","description":"Novo edital do Concurso PCMG \u00e9 previsto! \u00daltimo certame teve o ato de nomea\u00e7\u00e3o publicado para todos os cargos. Veja todos os detalhes aqui","robots":{"index":"index","follow":"follow","max-snippet":"max-snippet:-1","max-image-preview":"max-image-preview:large","max-video-preview":"max-video-preview:-1"},"canonical":"https:\/\/www.estrategiaconcursos.com.br\/blog\/concurso-pc-mg\/","og_locale":"pt_BR","og_type":"article","og_title":"Concurso PCMG 2026: novo edital previsto! Entenda","og_description":"Novo edital do Concurso PCMG \u00e9 previsto! \u00daltimo certame teve o ato de nomea\u00e7\u00e3o publicado para todos os cargos. Veja todos os detalhes aqui","og_url":"https:\/\/www.estrategiaconcursos.com.br\/blog\/concurso-pc-mg\/","og_site_name":"Estrat\u00e9gia Concursos","article_published_time":"2026-01-13T14:43:05+00:00","article_modified_time":"2026-01-13T14:43:08+00:00","og_image":[{"width":768,"height":432,"url":"https:\/\/dhg1h5j42swfq.cloudfront.net\/2021\/07\/14105154\/pc-mg.jpg","type":"image\/jpeg"}],"author":"Bruna de Andrade Fran\u00e7a","twitter_card":"summary_large_image","twitter_creator":"@EstratConcursos","twitter_site":"@EstratConcursos","twitter_misc":{"Escrito por":"Bruna de Andrade Fran\u00e7a","Est. tempo de leitura":"17 minutos"},"schema":{"@context":"https:\/\/schema.org","@graph":[{"@type":"NewsArticle","@id":"https:\/\/www.estrategiaconcursos.com.br\/blog\/concurso-pc-mg\/#article","isPartOf":{"@id":"https:\/\/www.estrategiaconcursos.com.br\/blog\/concurso-pc-mg\/"},"author":{"name":"Bruna de Andrade Fran\u00e7a","@id":"https:\/\/www.estrategiaconcursos.com.br\/blog\/#\/schema\/person\/6630f91134abc08115cca62ce6372855"},"headline":"Concurso PCMG 2026: novo edital previsto! Entenda","datePublished":"2026-01-13T14:43:05+00:00","dateModified":"2026-01-13T14:43:08+00:00","mainEntityOfPage":{"@id":"https:\/\/www.estrategiaconcursos.com.br\/blog\/concurso-pc-mg\/"},"wordCount":4884,"commentCount":18,"publisher":{"@id":"https:\/\/www.estrategiaconcursos.com.br\/blog\/#organization"},"image":{"@id":"https:\/\/www.estrategiaconcursos.com.br\/blog\/concurso-pc-mg\/#primaryimage"},"thumbnailUrl":"https:\/\/dhg1h5j42swfq.cloudfront.net\/2021\/07\/14105154\/pc-mg.jpg","keywords":["concurso pc mg"],"articleSection":["Policial (Agente, Escriv\u00e3o e Investigador)","Policial (Peritos, Papiloscopistas)"],"inLanguage":"pt-BR","potentialAction":[{"@type":"CommentAction","name":"Comment","target":["https:\/\/www.estrategiaconcursos.com.br\/blog\/concurso-pc-mg\/#respond"]}],"copyrightYear":"2026","copyrightHolder":{"@id":"https:\/\/www.estrategiaconcursos.com.br\/blog\/#organization"}},{"@type":["WebPage","FAQPage"],"@id":"https:\/\/www.estrategiaconcursos.com.br\/blog\/concurso-pc-mg\/","url":"https:\/\/www.estrategiaconcursos.com.br\/blog\/concurso-pc-mg\/","name":"Concurso PCMG 2026: novo edital previsto! Entenda","isPartOf":{"@id":"https:\/\/www.estrategiaconcursos.com.br\/blog\/#website"},"primaryImageOfPage":{"@id":"https:\/\/www.estrategiaconcursos.com.br\/blog\/concurso-pc-mg\/#primaryimage"},"image":{"@id":"https:\/\/www.estrategiaconcursos.com.br\/blog\/concurso-pc-mg\/#primaryimage"},"thumbnailUrl":"https:\/\/dhg1h5j42swfq.cloudfront.net\/2021\/07\/14105154\/pc-mg.jpg","datePublished":"2026-01-13T14:43:05+00:00","dateModified":"2026-01-13T14:43:08+00:00","description":"Novo edital do Concurso PCMG \u00e9 previsto! \u00daltimo certame teve o ato de nomea\u00e7\u00e3o publicado para todos os cargos. Veja todos os detalhes aqui","breadcrumb":{"@id":"https:\/\/www.estrategiaconcursos.com.br\/blog\/concurso-pc-mg\/#breadcrumb"},"mainEntity":[{"@id":"https:\/\/www.estrategiaconcursos.com.br\/blog\/concurso-pc-mg\/#faq-question-1748542394083"},{"@id":"https:\/\/www.estrategiaconcursos.com.br\/blog\/concurso-pc-mg\/#faq-question-1748542510472"}],"inLanguage":"pt-BR","potentialAction":[{"@type":"ReadAction","target":["https:\/\/www.estrategiaconcursos.com.br\/blog\/concurso-pc-mg\/"]}]},{"@type":"ImageObject","inLanguage":"pt-BR","@id":"https:\/\/www.estrategiaconcursos.com.br\/blog\/concurso-pc-mg\/#primaryimage","url":"https:\/\/dhg1h5j42swfq.cloudfront.net\/2021\/07\/14105154\/pc-mg.jpg","contentUrl":"https:\/\/dhg1h5j42swfq.cloudfront.net\/2021\/07\/14105154\/pc-mg.jpg","width":768,"height":432,"caption":"PC MG"},{"@type":"BreadcrumbList","@id":"https:\/\/www.estrategiaconcursos.com.br\/blog\/concurso-pc-mg\/#breadcrumb","itemListElement":[{"@type":"ListItem","position":1,"name":"In\u00edcio","item":"https:\/\/www.estrategiaconcursos.com.br\/blog\/"},{"@type":"ListItem","position":2,"name":"Concurso PCMG 2026: novo edital previsto! Entenda"}]},{"@type":"WebSite","@id":"https:\/\/www.estrategiaconcursos.com.br\/blog\/#website","url":"https:\/\/www.estrategiaconcursos.com.br\/blog\/","name":"Estrat\u00e9gia Concursos","description":"O blog da Estrat\u00e9gia Concursos traz not\u00edcias sobre concursos e artigos de professores oferecendo cursos para concursos (pdf + videaulas) no site.","publisher":{"@id":"https:\/\/www.estrategiaconcursos.com.br\/blog\/#organization"},"potentialAction":[{"@type":"SearchAction","target":{"@type":"EntryPoint","urlTemplate":"https:\/\/www.estrategiaconcursos.com.br\/blog\/?s={search_term_string}"},"query-input":{"@type":"PropertyValueSpecification","valueRequired":true,"valueName":"search_term_string"}}],"inLanguage":"pt-BR"},{"@type":"Organization","@id":"https:\/\/www.estrategiaconcursos.com.br\/blog\/#organization","name":"Estrat\u00e9gia Concursos","url":"https:\/\/www.estrategiaconcursos.com.br\/blog\/","logo":{"@type":"ImageObject","inLanguage":"pt-BR","@id":"https:\/\/www.estrategiaconcursos.com.br\/blog\/#\/schema\/logo\/image\/","url":"https:\/\/dhg1h5j42swfq.cloudfront.net\/2025\/06\/03203428\/logo_concursos-1.jpg","contentUrl":"https:\/\/dhg1h5j42swfq.cloudfront.net\/2025\/06\/03203428\/logo_concursos-1.jpg","width":230,"height":60,"caption":"Estrat\u00e9gia Concursos"},"image":{"@id":"https:\/\/www.estrategiaconcursos.com.br\/blog\/#\/schema\/logo\/image\/"},"sameAs":["https:\/\/x.com\/EstratConcursos"]},{"@type":"Person","@id":"https:\/\/www.estrategiaconcursos.com.br\/blog\/#\/schema\/person\/6630f91134abc08115cca62ce6372855","name":"Bruna de Andrade Fran\u00e7a","image":{"@type":"ImageObject","inLanguage":"pt-BR","@id":"https:\/\/secure.gravatar.com\/avatar\/d6316d36d50cea0fadae28ed3015b8870cc90a2d3d8a95c37b44006af36a00e3?s=96&d=mm&r=g","url":"https:\/\/secure.gravatar.com\/avatar\/d6316d36d50cea0fadae28ed3015b8870cc90a2d3d8a95c37b44006af36a00e3?s=96&d=mm&r=g","contentUrl":"https:\/\/secure.gravatar.com\/avatar\/d6316d36d50cea0fadae28ed3015b8870cc90a2d3d8a95c37b44006af36a00e3?s=96&d=mm&r=g","caption":"Bruna de Andrade Fran\u00e7a"},"description":"Bruna de Andrade Fran\u00e7a \u00e9 publicit\u00e1ria com p\u00f3s-gradua\u00e7\u00e3o em Marketing &amp; Growth, atuando h\u00e1 mais de 6 anos no universo dos concursos p\u00fablicos. Desde 2021, lidera no Blog do Estrat\u00e9gia Concursos a cobertura editorial especializada em Concursos Policiais (PF, PRF, PM, PC, etc.), al\u00e9m das frentes de concursos banc\u00e1rios, de sa\u00fade e da \u00e1rea legislativa. Especialista em reda\u00e7\u00e3o, com pr\u00e1ticas de SEO e Copywriting, possui tamb\u00e9m atua\u00e7\u00e3o pr\u00e1tica de contato direto com \u00f3rg\u00e3os p\u00fablicos respons\u00e1veis por editais, permitindo acesso antecipado a informa\u00e7\u00f5es, desdobramentos importantes e atualiza\u00e7\u00e3o eficiente dos concursos p\u00fablicos.","url":"https:\/\/www.estrategiaconcursos.com.br\/blog\/author\/bruna-andrade\/"},{"@type":"Question","@id":"https:\/\/www.estrategiaconcursos.com.br\/blog\/concurso-pc-mg\/#faq-question-1748542394083","position":1,"url":"https:\/\/www.estrategiaconcursos.com.br\/blog\/concurso-pc-mg\/#faq-question-1748542394083","name":"Quando ser\u00e1 o pr\u00f3ximo Concurso PCMG?","answerCount":1,"acceptedAnswer":{"@type":"Answer","text":"Um novo <strong>Concurso da Pol\u00edcia Civil MG est\u00e1 previsto para 2026<\/strong>. O an\u00fancio de\u00a0<strong>104 vagas para T\u00e9cnico Assistente<\/strong>\u00a0foi realizado nas redes sociais da corpora\u00e7\u00e3o. Ainda de acordo com a publica\u00e7\u00e3o, o edital ser\u00e1 publicados nos pr\u00f3ximos meses.","inLanguage":"pt-BR"},"inLanguage":"pt-BR"},{"@type":"Question","@id":"https:\/\/www.estrategiaconcursos.com.br\/blog\/concurso-pc-mg\/#faq-question-1748542510472","position":2,"url":"https:\/\/www.estrategiaconcursos.com.br\/blog\/concurso-pc-mg\/#faq-question-1748542510472","name":"Quando foi o \u00faltimo edital do Concurso PCMG?","answerCount":1,"acceptedAnswer":{"@type":"Answer","text":"O \u00faltimo edital da Pol\u00edcia Civil de Minas Gerais foi publicado em novembro de 2024. No total, foram ofertadas 255 vagas de Ensino Superior, nos seguintes cargos: Delegado de Pol\u00edcia, Investigador de Pol\u00edcia, Perito Criminal e M\u00e9dico Legista.","inLanguage":"pt-BR"},"inLanguage":"pt-BR"}]}},"_links":{"self":[{"href":"https:\/\/www.estrategiaconcursos.com.br\/blog\/wp-json\/wp\/v2\/posts\/70397","targetHints":{"allow":["GET"]}}],"collection":[{"href":"https:\/\/www.estrategiaconcursos.com.br\/blog\/wp-json\/wp\/v2\/posts"}],"about":[{"href":"https:\/\/www.estrategiaconcursos.com.br\/blog\/wp-json\/wp\/v2\/types\/post"}],"author":[{"embeddable":true,"href":"https:\/\/www.estrategiaconcursos.com.br\/blog\/wp-json\/wp\/v2\/users\/1206"}],"replies":[{"embeddable":true,"href":"https:\/\/www.estrategiaconcursos.com.br\/blog\/wp-json\/wp\/v2\/comments?post=70397"}],"version-history":[{"count":392,"href":"https:\/\/www.estrategiaconcursos.com.br\/blog\/wp-json\/wp\/v2\/posts\/70397\/revisions"}],"predecessor-version":[{"id":1698537,"href":"https:\/\/www.estrategiaconcursos.com.br\/blog\/wp-json\/wp\/v2\/posts\/70397\/revisions\/1698537"}],"wp:featuredmedia":[{"embeddable":true,"href":"https:\/\/www.estrategiaconcursos.com.br\/blog\/wp-json\/wp\/v2\/media\/794492"}],"wp:attachment":[{"href":"https:\/\/www.estrategiaconcursos.com.br\/blog\/wp-json\/wp\/v2\/media?parent=70397"}],"wp:term":[{"taxonomy":"category","embeddable":true,"href":"https:\/\/www.estrategiaconcursos.com.br\/blog\/wp-json\/wp\/v2\/categories?post=70397"},{"taxonomy":"post_tag","embeddable":true,"href":"https:\/\/www.estrategiaconcursos.com.br\/blog\/wp-json\/wp\/v2\/tags?post=70397"},{"taxonomy":"tax_estado","embeddable":true,"href":"https:\/\/www.estrategiaconcursos.com.br\/blog\/wp-json\/wp\/v2\/tax_estado?post=70397"}],"curies":[{"name":"wp","href":"https:\/\/api.w.org\/{rel}","templated":true}]}}