{"id":700975,"date":"2021-09-08T00:00:00","date_gmt":"2021-09-08T03:00:00","guid":{"rendered":"https:\/\/www.estrategiaconcursos.com.br\/blog\/?p=700975"},"modified":"2021-09-09T11:26:30","modified_gmt":"2021-09-09T14:26:30","slug":"edital-cremese","status":"publish","type":"post","link":"https:\/\/www.estrategiaconcursos.com.br\/blog\/edital-cremese\/","title":{"rendered":"Edital CREMESE: saiu o resultado da heteroidentifica\u00e7\u00e3o"},"content":{"rendered":"\n<p>O <strong>Conselho Regional de Medicina do Estado de Sergipe e o Instituto Quadrix<\/strong> publicaram os <strong>resultados preliminares do <a href=\"https:\/\/dhg1h5j42swfq.cloudfront.net\/2021\/09\/09112423\/1_cremese_concurso_publico_2021_resultado_preliminar_proc_heteroidentificacao.pdf\" target=\"_blank\" rel=\"noreferrer noopener\">processo de heteroidentifica\u00e7\u00e3o<\/a><\/strong>. O r<strong>esultado final<\/strong> do concurso Cremese est\u00e1 previsto para ser divulgado no dia <strong>17 de setembro.<\/strong><\/p>\n\n\n\n<ul id=\"block-ee678516-e9d1-48bd-b327-7b9acd55f0fd\" class=\"has-pale-cyan-blue-background-color has-background wp-block-list\"><li><strong>Concurso CREMESE<\/strong><\/li><li><strong>Status:<\/strong>&nbsp;edital publicado<\/li><li><strong>Banca:&nbsp;<\/strong>Quadrix<\/li><li><strong>Vagas:&nbsp;<\/strong>40<\/li><li><strong>Sal\u00e1rio inicial:<\/strong>&nbsp;R$ 1.874,57 \/ R$ 4.892,16<\/li><\/ul>\n\n\n\n<p>O \u00f3rg\u00e3o registrou 2.398 inscri\u00e7\u00f5es para o cargo de Auxiliar Administrativo e 114 para M\u00e9dico Fiscal. Confira <a href=\"http:\/\/www.quadrix.org.br\/web\/visualizar.html?file=http:\/\/www.quadrix.org.br\/Archives\/General\/23270\/24131\/24369\/24B09D89F2C4\/1_CREMESE_concurso_publico_2021_inscricoes_homologadas.pdf\" target=\"_blank\" rel=\"noreferrer noopener\">aqui<\/a> as inscri\u00e7\u00f5es homologadas. S\u00e3o ofertadas 20 vagas para o cargo de <strong>auxiliar\u00a0administrativo<\/strong> e 20 vagas para o cargo de <strong>m\u00e9dico fiscal<\/strong>. <\/p>\n\n\n\n<h2 class=\"wp-block-heading\" id=\"atual\">Edital CREMESE: situa\u00e7\u00e3o atual<\/h2>\n\n\n\n<p class=\"has-text-align-center has-luminous-vivid-amber-background-color has-background\"><strong>Acesse aqui os documentos: <a href=\"https:\/\/dhg1h5j42swfq.cloudfront.net\/2021\/07\/22163724\/definitivo-objetiva.pdf\" target=\"_blank\" rel=\"noreferrer noopener nofollow\">Final Objetiva <\/a>e <a href=\"https:\/\/dhg1h5j42swfq.cloudfront.net\/2021\/08\/10144633\/1_cremese_concurso_publico_2021_resultado_definitivo_prova_discursiva.pdf\" target=\"_blank\" rel=\"noreferrer noopener\">Final Discursiva<\/a><\/strong><\/p>\n\n\n\n<h3 class=\"wp-block-heading\" id=\"h-principais-informa-es\">Principais Informa\u00e7\u00f5es<\/h3>\n\n\n\n<ul class=\"wp-block-list\"><li><strong>Inscri\u00e7\u00f5es:<\/strong><s><strong> <\/strong>25\/03 a 10\/05\/2021<\/s><\/li><li><strong>Taxa: <\/strong>R$ 55,00 \/ R$ 80,00<\/li><li><strong>Provas:<\/strong> <s>13\/06\/2021<\/s><\/li><\/ul>\n\n\n\n<h2 class=\"wp-block-heading\" id=\"carreira\">Edital CREMESE: carreira<\/h2>\n\n\n\n<h3 class=\"wp-block-heading\" id=\"cargos\">Cargos e Vagas<\/h3>\n\n\n\n<figure class=\"wp-block-table is-style-stripes\"><table class=\"has-background\" style=\"background-color:#e7f5fe\"><tbody><tr><td class=\"has-text-align-center\" data-align=\"center\">CARGOS<\/td><td class=\"has-text-align-center\" data-align=\"center\">VAGAS<\/td><\/tr><tr><td class=\"has-text-align-center\" data-align=\"center\">Auxiliar Administrativo<\/td><td class=\"has-text-align-center\" data-align=\"center\">20 CR<\/td><\/tr><tr><td class=\"has-text-align-center\" data-align=\"center\">M\u00e9dico Fiscal<\/td><td class=\"has-text-align-center\" data-align=\"center\">1 + 19 CR<\/td><\/tr><\/tbody><\/table><\/figure>\n\n\n\n<h3 class=\"wp-block-heading\" id=\"remuneracao\">Sal\u00e1rios e Benef\u00edcios<\/h3>\n\n\n\n<figure class=\"wp-block-table is-style-stripes\"><table class=\"has-background\" style=\"background-color:#e9fbe5\"><tbody><tr><td class=\"has-text-align-center\" data-align=\"center\">CARGOS<\/td><td class=\"has-text-align-center\" data-align=\"center\">SAL\u00c1RIOS<\/td><\/tr><tr><td class=\"has-text-align-center\" data-align=\"center\">Auxiliar Administrativo<\/td><td class=\"has-text-align-center\" data-align=\"center\">R$ 1.874,57<\/td><\/tr><tr><td class=\"has-text-align-center\" data-align=\"center\">M\u00e9dico Fiscal<\/td><td class=\"has-text-align-center\" data-align=\"center\">R$ 4.892,16<\/td><\/tr><\/tbody><\/table><\/figure>\n\n\n\n<p>O edital prev\u00ea tamb\u00e9m uma s\u00e9rie de benef\u00edcios aos candidatos contratados:<\/p>\n\n\n\n<p>a) Vale alimenta\u00e7\u00e3o no valor de R$ 850,00 (oitocentos e cinquenta reais);<\/p>\n\n\n\n<p>b) Plano de sa\u00fade;e<\/p>\n\n\n\n<p>c) Vale transporte, conforme legisla\u00e7\u00e3o.<\/p>\n\n\n\n<h2 class=\"wp-block-heading\" id=\"prova\">Edital CREMESE: provas<\/h2>\n\n\n\n<ul class=\"wp-block-list\" id=\"block-7454c39e-2304-4713-9c60-4f457719abd4\"><li><strong><em>Prova Objetiva<\/em><\/strong>&nbsp;(todos os cargos): de car\u00e1ter eliminat\u00f3rio e classificat\u00f3rio;<\/li><li><strong><em>Prova de Reda\u00e7\u00e3o&nbsp;<\/em><\/strong>(apenas para M\u00e9dico Fiscal): de car\u00e1ter eliminat\u00f3rio e classificat\u00f3rio.<\/li><\/ul>\n\n\n\n<h3 class=\"wp-block-heading\" id=\"objetiva\">Prova Objetiva<\/h3>\n\n\n\n<p>A prova objetiva, de car\u00e1ter eliminat\u00f3rio e classificat\u00f3rio, foi composta de 120 (cento e vinte) itens, valeu 120,00 pontos e avaliar\u00e1 as habilidades e os conhecimentos do candidato. Este exame foi aplicado para os dois cargos.<\/p>\n\n\n\n<ul class=\"wp-block-list\"><li>Conhecimentos B\u00e1sicos \u2013 40 pontos<\/li><li>Conhecimentos Complementares \u2013 20 pontos<\/li><li>Conhecimentos Espec\u00edficos \u2013 60 pontos<\/li><\/ul>\n\n\n\n<h4 class=\"wp-block-heading\" id=\"h-conhecimentos-b-sicos\">Conhecimentos B\u00e1sicos<\/h4>\n\n\n\n<ul class=\"wp-block-list\"><li>L\u00edngua Portuguesa<\/li><li>No\u00e7\u00f5es de Inform\u00e1tica<\/li><li>Racioc\u00ednio L\u00f3gico e Matem\u00e1tico<\/li><\/ul>\n\n\n\n<h4 class=\"wp-block-heading\" id=\"h-conhecimentos-complementares\">Conhecimentos Complementares<\/h4>\n\n\n\n<p><strong>AUXILIAR ADMINISTRATIVO:<\/strong><\/p>\n\n\n\n<p>No\u00e7\u00f5es de Administra\u00e7\u00e3o P\u00fablica: 1 Princ\u00edpios fundamentais que regem a Administra\u00e7\u00e3o Federal: enumera\u00e7\u00e3o e descri\u00e7\u00e3o. 2 Administra\u00e7\u00e3o Federal: administra\u00e7\u00e3o direta e indireta, estrutura\u00e7\u00e3o, caracter\u00edsticas e descri\u00e7\u00e3o dos \u00f3rg\u00e3os e entidades p\u00fablicos. 3 Os Minist\u00e9rios e respectivas \u00e1reas de compet\u00eancia. 4 Os poderes e deveres do administrador p\u00fablico. No\u00e7\u00f5es de Arquivologia: 1 Conceitos fundamentais de arquivologia. 2 Gerenciamento da informa\u00e7\u00e3o e a gest\u00e3o de documentos. 2.1 Diagn\u00f3sticos. 2.2 Arquivos correntes e intermedi\u00e1rio. 2.3 Protocolos. 2.4 Avalia\u00e7\u00e3o de documentos. 2.5 Arquivos permanentes. 3 Tipologias documentais e suportes f\u00edsicos. 3.1 Microfilmagem. 3.2 Automa\u00e7\u00e3o. 3.3 Preserva\u00e7\u00e3o, conserva\u00e7\u00e3o e restaura\u00e7\u00e3o de documentos. Organiza\u00e7\u00e3o: 1 Conceito e tipos de estrutura organizacional. 2 Rela\u00e7\u00f5es humanas, desempenho profissional, desenvolvimento de equipes de trabalho. 3 No\u00e7\u00f5es de cidadania e rela\u00e7\u00f5es p\u00fablicas. 4 Comunica\u00e7\u00e3o. 5 Reda\u00e7\u00e3o oficial de documentos oficiais. Protocolo: recep\u00e7\u00e3o, classifica\u00e7\u00e3o, registro e distribui\u00e7\u00e3o de documentos. Expedi\u00e7\u00e3o de correspond\u00eancia: registro e encaminhamento. 6 Qualidade no atendimento ao p\u00fablico: Postura profissional e rela\u00e7\u00f5es interpessoais. Conhecimento de opera\u00e7\u00f5es de teleatendimento; metodologia e procedimentos espec\u00edficos para teleatendimento receptivo e ativo. 7 Qualidade no atendimento: t\u00e9cnicas de atendimento ao p\u00fablico e t\u00e9cnica de atendimento ao telefone.<\/p>\n\n\n\n<p><strong>M\u00c9DICO FISCAL:<\/strong><\/p>\n\n\n\n<p>Exerc\u00edcio legal e ilegal da Medicina. Condi\u00e7\u00f5es compat\u00edveis com o exerc\u00edcio do ato m\u00e9dico. Ato m\u00e9dico e atendimento m\u00e9dico compartilhado. Os programas de Sa\u00fade. O Sistema \u00danico de Sa\u00fade, Ag\u00eancia Nacional de Sa\u00fade Suplementar (ANS) e Ag\u00eancia Nacional de Vigil\u00e2ncia Sanit\u00e1ria (ANVISA). Modelos p\u00fablicos e privados de sa\u00fade. O m\u00e9dico e o C\u00f3digo do Consumidor. O m\u00e9dico e o novo C\u00f3digo Civil. A Lei dos Transplantes. Princ\u00edpios Constitucionais de Sa\u00fade. Delitos contra a sa\u00fade p\u00fablica. Greve m\u00e9dica. Direitos e deveres do paciente. Direitos e deveres do m\u00e9dico. Papel do Estado na sa\u00fade p\u00fablica. Administra\u00e7\u00e3o P\u00fablica; Autarquias. Fiscaliza\u00e7\u00e3o dos Estabelecimentos de Sa\u00fade, Sindic\u00e2ncias, Processo \u00c9tico-Disciplinar. Organiza\u00e7\u00e3o dos Servi\u00e7os de Sa\u00fade no Brasil; Sistema \u00fanico de Sa\u00fade-Princ\u00edpios e Diretrizes, Controle Social; Indicadores de Sa\u00fade; Sistema de Notifica\u00e7\u00e3o e de Vigil\u00e2ncia Epidemiol\u00f3gica e Sanit\u00e1ria; Endemias\/epidemias; Situa\u00e7\u00e3o atual, medidas de controle e tratamento; Planejamento de programa\u00e7\u00e3o local de sa\u00fade. Distritos Sanit\u00e1rios e enfoque estrat\u00e9gico. No\u00e7\u00f5es de biosseguran\u00e7a. Organiza\u00e7\u00e3o e gerenciamento de reuni\u00f5es. Gerenciamento e lideran\u00e7a de equipes. Atendimento ao p\u00fablico. No\u00e7\u00f5es de Administra\u00e7\u00e3o P\u00fablica. Gest\u00e3o da qualidade: an\u00e1lise de melhoria de processos. Controle de processos. Procedimentos fiscais administrativos. Parecer t\u00e9cnico. Atendimento ao p\u00fablico. Administra\u00e7\u00e3o de tempo. Planejamento de atividades.<\/p>\n\n\n\n<h4 class=\"wp-block-heading\" id=\"h-conhecimentos-espec-ficos\">Conhecimentos Espec\u00edficos<\/h4>\n\n\n\n<p><strong>AUXILIAR ADMINISTRATIVO:<\/strong><\/p>\n\n\n\n<p>No\u00e7\u00f5es de Administra\u00e7\u00e3o P\u00fablica: 1 Lei n\u00ba 8.429\/1992 e suas altera\u00e7\u00f5es. 2 Lei n\u00ba 9.784\/1999 e suas altera\u00e7\u00f5es (Processo administrativo). 3 Acesso \u00e0 Informa\u00e7\u00e3o: Lei n\u00ba12.527\/2011; Decreto n\u00ba 7.724\/2012. 4 Licita\u00e7\u00f5es: conceito, objeto, finalidades e princ\u00edpios, obrigatoriedade, dispensa, inexigibilidade, veda\u00e7\u00e3o, modalidades, procedimentos e fases, revoga\u00e7\u00e3o, invalida\u00e7\u00e3o, desist\u00eancia e controle. 5 Instru\u00e7\u00e3o Normativa n\u00ba73, de 5 de agosto de 2020. 6 Regimento Interno -CFM\/CREMESE. 7 C\u00f3digo de \u00c9tica M\u00e9dica \u2013aprovado pela Resolu\u00e7\u00e3o CFM n\u00ba 2.217\/2018, modificado pelas Resolu\u00e7\u00f5es CFM n\u00ba 2.222\/2018 e 2.226\/2019. 8 C\u00f3digo de Processo \u00c9tico-Profissional \u2013aprovado pela Resolu\u00e7\u00e3o CFM n\u00ba 2.145\/2016 e altera\u00e7\u00f5es. 9 Resolu\u00e7\u00e3o CFM n\u00ba 1.980\/2011, que fixa regras para cadastro, registro, responsabilidade t\u00e9cnica e cancelamento para as pessoas jur\u00eddicas e d\u00e1 outras provid\u00eancias. 10 Resolu\u00e7\u00e3o CFM n\u00ba 2.147\/2016, que estabelece normas sobre a responsabilidade, atribui\u00e7\u00f5es e direitos de diretores t\u00e9cnicos, diretores cl\u00ednicos e chefias de servi\u00e7o em ambientes m\u00e9dicos. 11 Resolu\u00e7\u00e3o CFM n\u00ba 1974\/2011 e altera\u00e7\u00f5es, estabelece os crit\u00e9rios norteadores da propaganda em Medicina. 12 Lei Federal n\u00ba3.268\/1957, que disp\u00f5e sobre os Conselhos de Medicina e d\u00e1 outras provid\u00eancias, e altera\u00e7\u00f5es. 13 Lei Federal n\u00ba 6.839\/1980, que disp\u00f5e sobre o Registro de Empresas nas Entidades Fiscalizadoras do Exerc\u00edcio Profissional. 14 Decreto Federal n\u00ba 44.045\/1958, que aprova o Regulamento do Conselho Federal e Conselhos Regionais de Medicina a que se refere a Lei n\u00ba 3.268\/1957.<\/p>\n\n\n\n<p><strong>M\u00c9DICO FISCAL:<\/strong><\/p>\n\n\n\n<p>1 Lei n\u00ba 8.429\/1992 e suas altera\u00e7\u00f5es. 2 Lei n\u00ba 9.784\/1999 e suas altera\u00e7\u00f5es (Processo administrativo). 3 Acesso \u00e0 Informa\u00e7\u00e3o: Lei n\u00ba 12.527\/2011; Decreto n\u00ba 7.724\/2012. 4 Regimento Interno -CFM\/CREMESE. 5 C\u00f3digo de \u00c9tica M\u00e9dica \u2013aprovado pela Resolu\u00e7\u00e3o CFM n\u00ba 2.217\/2018, modificado pelas Resolu\u00e7\u00f5es CFM n\u00ba 2.222\/2018 e 2.226\/2019. 6 C\u00f3digo de Processo \u00c9tico-Profissional \u2013aprovado pela Resolu\u00e7\u00e3o CFM n\u00ba 2.145\/2016 e altera\u00e7\u00f5es. 7 Resolu\u00e7\u00e3o CFM n\u00ba 1.980\/2011, que fixa regras para cadastro, registro, responsabilidade t\u00e9cnica e cancelamento para as pessoas jur\u00eddicas e d\u00e1 outras provid\u00eancias. 8 Resolu\u00e7\u00e3o CFM n\u00ba 2.147\/2016, que estabelece normas sobre a responsabilidade, atribui\u00e7\u00f5es e direitos de diretores t\u00e9cnicos, diretores cl\u00ednicos e chefias de servi\u00e7o em ambientes m\u00e9dicos. 9 Resolu\u00e7\u00e3o CFM n\u00ba 1974\/2011 e altera\u00e7\u00f5es, estabelece os crit\u00e9rios norteadores da propaganda em Medicina. 10 Resolu\u00e7\u00f5es CFM n\u00ba 2056\/2013, disciplina os departamentos de Fiscaliza\u00e7\u00e3o nos Conselhos Regionais de Medicina. 11 Resolu\u00e7\u00f5es CFM n\u00ba 2056\/2013 e suas altera\u00e7\u00f5es -manual de fiscaliza\u00e7\u00e3o e roteiros de vistoria. 12 Resolu\u00e7\u00f5es CFM n\u00ba 2062\/2013 e suas altera\u00e7\u00f5es, disp\u00f5e sobre a interdi\u00e7\u00e3o \u00e9tica, total ou parcial, do exerc\u00edcio \u00e9tico-profissional do trabalho dos m\u00e9dicos. 13 Resolu\u00e7\u00f5es CFM n\u00ba 2077\/2014, disp\u00f5e sobre a normatiza\u00e7\u00e3o do funcionamento dos Servi\u00e7os Hospitalares de Urg\u00eancia e Emerg\u00eancia. 14 Resolu\u00e7\u00f5es CFM n\u00ba 2079\/2014, disp\u00f5e sobre a normatiza\u00e7\u00e3o do funcionamento das Unidades de Pronto Atendimento (UPAs) 24h e cong\u00eaneres. 15 Lei Federal n\u00ba 3.268\/1957, que disp\u00f5e sobre os Conselhos de Medicina e d\u00e1 outras provid\u00eancias, e altera\u00e7\u00f5es. 16 Lei Federal n\u00ba 6.839\/1980, que disp\u00f5e sobre o Registro de Empresas nas Entidades Fiscalizadoras do Exerc\u00edcio Profissional. 17 Decreto Federal n\u00ba 44.045\/1958, que aprova o Regulamento do Conselho Federal e Conselhos Regionais de Medicina a que se refere a Lei n\u00ba 3.268\/1957.<\/p>\n\n\n\n<h3 class=\"wp-block-heading\" id=\"discursiva\">Prova Discursiva<\/h3>\n\n\n\n<p>A prova discursiva, de car\u00e1ter eliminat\u00f3rio e classificat\u00f3rio, foi aplicada para o cargo de n\u00edvel superior no mesmo dia e dentro dos prazos de dura\u00e7\u00e3o previstos para a realiza\u00e7\u00e3o da prova objetiva e valeu 10,00 pontos. O exame consistiu em reda\u00e7\u00e3o de texto dissertativo, de at\u00e9 30 linhas, acerca de tema baseado nos conhecimentos espec\u00edficos do respectivo cargo, conforme os conte\u00fados program\u00e1ticos.<\/p>\n\n\n\n<h2 class=\"wp-block-heading\" id=\"estrategico\">Edital Estrat\u00e9gico <strong>CREMESE<\/strong>: baixe gratuitamente<\/h2>\n\n\n\n<p>Dando um espa\u00e7o para o Edital Estrat\u00e9gico entrar em sua rotina de estudos, ser\u00e1 poss\u00edvel acompanhar seu desempenho atrav\u00e9s de gr\u00e1ficos, garantindo uma vis\u00e3o completa das mat\u00e9rias que necessitam de mais revis\u00f5es no concurso CREMESE.<\/p>\n\n\n\n<p>O registro de cada tarefa ser\u00e1 feito para cada assunto exigido no conte\u00fado program\u00e1tico do edital. A partir das informa\u00e7\u00f5es preenchidas pelo aluno, uma \u201caba\u201d do Edital Estrat\u00e9gico ir\u00e1 demonstrar a progress\u00e3o em cada tarefa e assunto. <\/p>\n\n\n\n<p>A edi\u00e7\u00e3o poder\u00e1 ser realizada apenas na 3\u00aa aba, relativa ao preenchimento do progresso nas disciplinas. Caso voc\u00ea queira fazer outras modifica\u00e7\u00f5es no arquivo, \u00e9 s\u00f3 usar a&nbsp;senha \u201cadmin\u201d&nbsp;na op\u00e7\u00e3o&nbsp;<em><strong>desproteger<\/strong><\/em>&nbsp;planilha do Excel.<\/p>\n\n\n\n<p class=\"has-text-align-center has-black-color has-cyan-bluish-gray-background-color has-text-color has-background has-medium-font-size\"><a href=\"http:\/\/Edital Estrat\u00e9gico CREMESE_AUXILIAR ADMINISTRATIVO\" target=\"_blank\" rel=\"noreferrer noopener nofollow\"><strong>AUXILIAR ADMINISTRATIVO<\/strong><\/a><\/p>\n\n\n\n<p><strong>IMPORTANTE:&nbsp;<\/strong>Ao clicar nos links acima, vai ser aberta uma janela do Google Drive que tentar\u00e1 carregar a visualiza\u00e7\u00e3o da planilha no seu navegador. N\u00e3o h\u00e1 necessidade de esperar essa visualiza\u00e7\u00e3o (talvez at\u00e9 nem carregue, j\u00e1 que os arquivos s\u00e3o pesados).<\/p>\n\n\n\n<p>Fa\u00e7a o download clicando na seta para baixo no canto superior direito da janela do Google Drive que vai ser aberta ao clicar nos links acima.<\/p>\n\n\n\n<p>Todos os arquivos foram testados em diferentes computadores e celulares e est\u00e3o ok. Talvez alguma incompatibilidade (ou mensagem de erro, como \u201carquivo inv\u00e1lido\u201d) ocorra em virtude do seu pr\u00f3prio computador ou do tamanho dos arquivos que possuem mais conte\u00fado.<\/p>\n\n\n\n<p class=\"has-text-align-center\"><strong>Quer saber mais sobre o Edital CREMESE? Clique no link abaixo e fique por dentro de tudo!<\/strong><\/p>\n\n\n\n<p class=\"has-text-align-center has-luminous-vivid-amber-background-color has-background\"><strong>Saiba mais: <a href=\"https:\/\/www.estrategiaconcursos.com.br\/blog\/concurso-cremese\/\" target=\"_blank\" rel=\"noreferrer noopener\">Concurso CREMESE<\/a><\/strong><\/p>\n\n\n\n<p class=\"has-text-align-center has-light-green-cyan-background-color has-background\"><a href=\"https:\/\/www.youtube.com\/user\/EstrategiaCursos\" target=\"_blank\" rel=\"noreferrer noopener\"><strong>Youtube &#8211; Estrat\u00e9gia Concursos<\/strong><\/a><\/p>\n\n\n\n<h2 class=\"has-text-align-center wp-block-heading\" id=\"cursos\"><strong>Quer estudar para o Edital CREMESE?<\/strong><\/h2>\n\n\n\n<p class=\"has-text-align-center\"><em><strong>Gostou desta oportunidade e deseja come\u00e7ar se preparar agora mesmo? Ent\u00e3o, confira os nossos cursos e comece a estudar para o concurso Cremese:<\/strong><\/em><\/p>\n\n\n\n<div class=\"col-sm\">\n      <div class=\"banner-estrategia\" id=\"box-assinatura\">\n        <h3 class=\"titulo-assinatura\">Cursos para CREMESE<\/h3>\n        <p class=\"subtitulo-assinatura\">Conhe\u00e7a os cursos<\/p>\n        <div class=\"box-botao\">\n          <a class=\"btn-assinatura\" target=\"_blank\" href=\"https:\/\/www.estrategiaconcursos.com.br\/pesquisa\/?q=cremese\" role=\"button\" rel=\"noopener noreferrer\">Conhe\u00e7a mais<\/a>\n        <\/div>\n      <\/div>\n      <p class=\"texto-auxiliar\">Prepare-se com o melhor material e com quem mais aprova em Concursos P\u00fablicos em todo o pa\u00eds.<\/p>\n    <\/div>\n\n\n\n<div class=\"container\" id=\"boxes\">\n  <div class=\"row\">\n\n    <div class=\"col-sm\">\n      <div class=\"estrategia\" id=\"box-assinatura\">\n        <h3 class=\"titulo-assinatura\">Assinatura Concursos<\/h3>\n        <p class=\"subtitulo-assinatura\">Assinatura de 1 ano ou 2 anos<\/p>\n        <div class=\"box-botao\">\n          <a class=\"btn-assinatura\" target=\"_blank\" href=\"https:\/\/www.estrategiaconcursos.com.br\/assinaturas\/\" role=\"button\" rel=\"noopener noreferrer\">ASSINE AGORA<\/a>\n        <\/div>\n      <\/div>\n     \n    <\/div><\/div><\/div>\n\n\n\n<div class=\"container\" id=\"boxes\">\n  <div class=\"row\">\n\n    <div class=\"col-sm\" id=\"boxes-concursos\">\n      <div style=\"background-color: #005DAD;\" class=\"conteudo-concursos\" id=\"box-concursos\">\n        <h3 class=\"titulo-assinatura\">Concursos Abertos<\/h3>\n        <p class=\"subtitulo-assinatura\">Os editais publicados<\/p>\n        <div class=\"box-botao\">\n          <a class=\"btn-assinatura\" target=\"_blank\" href=\"https:\/\/www.estrategiaconcursos.com.br\/blog\/concursos-abertos\/\" role=\"button\" rel=\"noopener noreferrer\">Conhe\u00e7a Agora<\/a>\n        <\/div>\n      <\/div>\n    <\/div>\n\n    <div class=\"col-sm\" id=\"boxes-concursos\">\n      <div style=\"background-color: #1A7ED5;\" class=\"conteudo-concursos\" id=\"box-concursos\">\n        <h3 class=\"titulo-assinatura\">Concursos 2021<\/h3>\n        <p class=\"subtitulo-assinatura\">As oportunidades previstas<\/p>\n        <div class=\"box-botao\">\n          <a class=\"btn-assinatura\" target=\"_blank\" href=\"https:\/\/www.estrategiaconcursos.com.br\/blog\/concursos-2021\/\" role=\"button\" rel=\"noopener noreferrer\">Conhe\u00e7a Agora<\/a>\n        <\/div>\n      <\/div>\n    <\/div>\n\n    <div class=\"col-sm\" id=\"boxes-concursos\">\n      <div style=\"background-color: #419FF0;\" class=\"conteudo-concursos\" id=\"box-concursos\">\n        <h3 class=\"titulo-assinatura\">Concursos 2022<\/h3>\n        <p class=\"subtitulo-assinatura\">Vagas para o pr\u00f3ximo ano<\/p>\n        <div class=\"box-botao\">\n          <a class=\"btn-assinatura\" target=\"_blank\" href=\"https:\/\/www.estrategiaconcursos.com.br\/blog\/concursos-2022\/\" role=\"button\" rel=\"noopener noreferrer\">Conhe\u00e7a Agora<\/a>\n        <\/div>\n      <\/div>\n    <\/div>\n\n  <\/div>\n<\/div>\n\n\n\n<figure class=\"wp-block-image size-large is-resized\"><img loading=\"lazy\" decoding=\"async\" src=\"https:\/\/dhg1h5j42swfq.cloudfront.net\/2021\/05\/11101142\/ficha-tecnica-25-1024x632.png\" alt=\"\" class=\"wp-image-737155\" width=\"190\" height=\"117\" srcset=\"https:\/\/dhg1h5j42swfq.cloudfront.net\/2021\/05\/11101142\/ficha-tecnica-25-1024x632.png 1024w, https:\/\/dhg1h5j42swfq.cloudfront.net\/2021\/05\/11101142\/ficha-tecnica-25-300x185.png 300w, https:\/\/dhg1h5j42swfq.cloudfront.net\/2021\/05\/11101142\/ficha-tecnica-25-768x474.png 768w, https:\/\/dhg1h5j42swfq.cloudfront.net\/2021\/05\/11101142\/ficha-tecnica-25-1536x948.png 1536w, https:\/\/dhg1h5j42swfq.cloudfront.net\/2021\/05\/11101142\/ficha-tecnica-25-610x377.png 610w, https:\/\/dhg1h5j42swfq.cloudfront.net\/2021\/05\/11101142\/ficha-tecnica-25.png 1571w\" sizes=\"auto, (max-width: 190px) 100vw, 190px\" \/><\/figure>\n\n\n\n<h3 class=\"wp-block-heading\" id=\"ficha-tecnica\">Ficha t\u00e9cnica do Edital CREMESE<\/h3>\n\n\n\n<p>\u25ba<strong>Data prevista<\/strong>: <s>13\/06\/2021<\/s><br \/>\u25ba<strong>Vagas<\/strong>: 40<br \/>\u25ba<strong>Escolaridade<\/strong>: m\u00e9dio e superior <br \/>\u25ba<strong>Banca<\/strong>: Instituto Quadrix <br \/>\u25ba<strong>Edital<\/strong>: <a href=\"https:\/\/dhg1h5j42swfq.cloudfront.net\/2021\/03\/25102248\/1_cremese_concurso_publico_2021_edital_1.pdf\" target=\"_blank\" rel=\"noreferrer noopener\">Edital 2021<\/a><br \/>\u25ba<strong>\u00daltimo Edital<\/strong>: <a href=\"https:\/\/dhg1h5j42swfq.cloudfront.net\/2020\/07\/31144423\/edital-do-concurso-01.2010.pdf\" target=\"_blank\" rel=\"noreferrer noopener\">Edital CREMESE 2010<\/a><\/p>\n","protected":false},"excerpt":{"rendered":"<p>O Conselho Regional de Medicina do Estado de Sergipe e o Instituto Quadrix publicaram os resultados preliminares do processo de heteroidentifica\u00e7\u00e3o. O resultado final do concurso Cremese est\u00e1 previsto para ser divulgado no dia 17 de setembro. Concurso CREMESE Status:&nbsp;edital publicado Banca:&nbsp;Quadrix Vagas:&nbsp;40 Sal\u00e1rio inicial:&nbsp;R$ 1.874,57 \/ R$ 4.892,16 O \u00f3rg\u00e3o registrou 2.398 inscri\u00e7\u00f5es para [&hellip;]<\/p>\n","protected":false},"author":1,"featured_media":737151,"comment_status":"open","ping_status":"closed","sticky":false,"template":"","format":"standard","meta":{"post_tipo":"news","footnotes":""},"categories":[214992],"tags":[],"tax_estado":[219988],"class_list":["post-700975","post","type-post","status-publish","format-standard","has-post-thumbnail","hentry","category-concursos-administrativos","tax_estado-se"],"acf":[],"yoast_head":"<!-- This site is optimized with the Yoast SEO Premium plugin v27.2 (Yoast SEO v27.2) - https:\/\/yoast.com\/product\/yoast-seo-premium-wordpress\/ -->\n<title>Edital CREMESE: saiu o resultado da heteroidentifica\u00e7\u00e3o<\/title>\n<meta name=\"description\" content=\"Edital CREMESE: veja o resultado preliminar da heteroidentifica\u00e7\u00e3o. S\u00e3o ofertadas 40 vagas no total para os cargos de M\u00e9dico Fiscal e Auxiliar Administrativo.\" \/>\n<meta name=\"robots\" content=\"index, follow, max-snippet:-1, max-image-preview:large, max-video-preview:-1\" \/>\n<link rel=\"canonical\" href=\"https:\/\/www.estrategiaconcursos.com.br\/blog\/edital-cremese\/\" \/>\n<meta property=\"og:locale\" content=\"pt_BR\" \/>\n<meta property=\"og:type\" content=\"article\" \/>\n<meta property=\"og:title\" content=\"Edital CREMESE: saiu o resultado da heteroidentifica\u00e7\u00e3o\" \/>\n<meta property=\"og:description\" content=\"Edital CREMESE: veja o resultado preliminar da heteroidentifica\u00e7\u00e3o. S\u00e3o ofertadas 40 vagas no total para os cargos de M\u00e9dico Fiscal e Auxiliar Administrativo.\" \/>\n<meta property=\"og:url\" content=\"https:\/\/www.estrategiaconcursos.com.br\/blog\/edital-cremese\/\" \/>\n<meta property=\"og:site_name\" content=\"Estrat\u00e9gia Concursos\" \/>\n<meta property=\"article:author\" content=\"https:\/\/www.facebook.com\/EstrategiaConcursos\" \/>\n<meta property=\"article:published_time\" content=\"2021-09-08T03:00:00+00:00\" \/>\n<meta property=\"article:modified_time\" content=\"2021-09-09T14:26:30+00:00\" \/>\n<meta property=\"og:image\" content=\"https:\/\/dhg1h5j42swfq.cloudfront.net\/2021\/03\/11101021\/cremese.jpg\" \/>\n\t<meta property=\"og:image:width\" content=\"1200\" \/>\n\t<meta property=\"og:image:height\" content=\"628\" \/>\n\t<meta property=\"og:image:type\" content=\"image\/jpeg\" \/>\n<meta name=\"author\" content=\"Coordena\u00e7\u00e3o\" \/>\n<meta name=\"twitter:card\" content=\"summary_large_image\" \/>\n<meta name=\"twitter:creator\" content=\"@EstratConcursos\" \/>\n<meta name=\"twitter:site\" content=\"@EstratConcursos\" \/>\n<meta name=\"twitter:label1\" content=\"Escrito por\" \/>\n\t<meta name=\"twitter:data1\" content=\"Coordena\u00e7\u00e3o\" \/>\n\t<meta name=\"twitter:label2\" content=\"Est. tempo de leitura\" \/>\n\t<meta name=\"twitter:data2\" content=\"8 minutos\" \/>\n<script type=\"application\/ld+json\" class=\"yoast-schema-graph\">{\"@context\":\"https:\/\/schema.org\",\"@graph\":[{\"@type\":\"NewsArticle\",\"@id\":\"https:\/\/www.estrategiaconcursos.com.br\/blog\/edital-cremese\/#article\",\"isPartOf\":{\"@id\":\"https:\/\/www.estrategiaconcursos.com.br\/blog\/edital-cremese\/\"},\"author\":{\"name\":\"Coordena\u00e7\u00e3o\",\"@id\":\"https:\/\/www.estrategiaconcursos.com.br\/blog\/#\/schema\/person\/b4a388c97673c5f483d72185668afa1f\"},\"headline\":\"Edital CREMESE: saiu o resultado da heteroidentifica\u00e7\u00e3o\",\"datePublished\":\"2021-09-08T03:00:00+00:00\",\"dateModified\":\"2021-09-09T14:26:30+00:00\",\"mainEntityOfPage\":{\"@id\":\"https:\/\/www.estrategiaconcursos.com.br\/blog\/edital-cremese\/\"},\"wordCount\":1764,\"commentCount\":0,\"publisher\":{\"@id\":\"https:\/\/www.estrategiaconcursos.com.br\/blog\/#organization\"},\"image\":{\"@id\":\"https:\/\/www.estrategiaconcursos.com.br\/blog\/edital-cremese\/#primaryimage\"},\"thumbnailUrl\":\"https:\/\/dhg1h5j42swfq.cloudfront.net\/2021\/03\/11101021\/cremese.jpg\",\"articleSection\":[\"Executivo (Administrativa)\"],\"inLanguage\":\"pt-BR\",\"potentialAction\":[{\"@type\":\"CommentAction\",\"name\":\"Comment\",\"target\":[\"https:\/\/www.estrategiaconcursos.com.br\/blog\/edital-cremese\/#respond\"]}],\"copyrightYear\":\"2021\",\"copyrightHolder\":{\"@id\":\"https:\/\/www.estrategiaconcursos.com.br\/blog\/#organization\"}},{\"@type\":\"WebPage\",\"@id\":\"https:\/\/www.estrategiaconcursos.com.br\/blog\/edital-cremese\/\",\"url\":\"https:\/\/www.estrategiaconcursos.com.br\/blog\/edital-cremese\/\",\"name\":\"Edital CREMESE: saiu o resultado da heteroidentifica\u00e7\u00e3o\",\"isPartOf\":{\"@id\":\"https:\/\/www.estrategiaconcursos.com.br\/blog\/#website\"},\"primaryImageOfPage\":{\"@id\":\"https:\/\/www.estrategiaconcursos.com.br\/blog\/edital-cremese\/#primaryimage\"},\"image\":{\"@id\":\"https:\/\/www.estrategiaconcursos.com.br\/blog\/edital-cremese\/#primaryimage\"},\"thumbnailUrl\":\"https:\/\/dhg1h5j42swfq.cloudfront.net\/2021\/03\/11101021\/cremese.jpg\",\"datePublished\":\"2021-09-08T03:00:00+00:00\",\"dateModified\":\"2021-09-09T14:26:30+00:00\",\"description\":\"Edital CREMESE: veja o resultado preliminar da heteroidentifica\u00e7\u00e3o. S\u00e3o ofertadas 40 vagas no total para os cargos de M\u00e9dico Fiscal e Auxiliar Administrativo.\",\"breadcrumb\":{\"@id\":\"https:\/\/www.estrategiaconcursos.com.br\/blog\/edital-cremese\/#breadcrumb\"},\"inLanguage\":\"pt-BR\",\"potentialAction\":[{\"@type\":\"ReadAction\",\"target\":[\"https:\/\/www.estrategiaconcursos.com.br\/blog\/edital-cremese\/\"]}]},{\"@type\":\"ImageObject\",\"inLanguage\":\"pt-BR\",\"@id\":\"https:\/\/www.estrategiaconcursos.com.br\/blog\/edital-cremese\/#primaryimage\",\"url\":\"https:\/\/dhg1h5j42swfq.cloudfront.net\/2021\/03\/11101021\/cremese.jpg\",\"contentUrl\":\"https:\/\/dhg1h5j42swfq.cloudfront.net\/2021\/03\/11101021\/cremese.jpg\",\"width\":1200,\"height\":628},{\"@type\":\"BreadcrumbList\",\"@id\":\"https:\/\/www.estrategiaconcursos.com.br\/blog\/edital-cremese\/#breadcrumb\",\"itemListElement\":[{\"@type\":\"ListItem\",\"position\":1,\"name\":\"In\u00edcio\",\"item\":\"https:\/\/www.estrategiaconcursos.com.br\/blog\/\"},{\"@type\":\"ListItem\",\"position\":2,\"name\":\"Edital CREMESE: saiu o resultado da heteroidentifica\u00e7\u00e3o\"}]},{\"@type\":\"WebSite\",\"@id\":\"https:\/\/www.estrategiaconcursos.com.br\/blog\/#website\",\"url\":\"https:\/\/www.estrategiaconcursos.com.br\/blog\/\",\"name\":\"Estrat\u00e9gia Concursos\",\"description\":\"O blog da Estrat\u00e9gia Concursos traz not\u00edcias sobre concursos e artigos de professores oferecendo cursos para concursos (pdf + videaulas) no site.\",\"publisher\":{\"@id\":\"https:\/\/www.estrategiaconcursos.com.br\/blog\/#organization\"},\"potentialAction\":[{\"@type\":\"SearchAction\",\"target\":{\"@type\":\"EntryPoint\",\"urlTemplate\":\"https:\/\/www.estrategiaconcursos.com.br\/blog\/?s={search_term_string}\"},\"query-input\":{\"@type\":\"PropertyValueSpecification\",\"valueRequired\":true,\"valueName\":\"search_term_string\"}}],\"inLanguage\":\"pt-BR\"},{\"@type\":\"Organization\",\"@id\":\"https:\/\/www.estrategiaconcursos.com.br\/blog\/#organization\",\"name\":\"Estrat\u00e9gia Concursos\",\"url\":\"https:\/\/www.estrategiaconcursos.com.br\/blog\/\",\"logo\":{\"@type\":\"ImageObject\",\"inLanguage\":\"pt-BR\",\"@id\":\"https:\/\/www.estrategiaconcursos.com.br\/blog\/#\/schema\/logo\/image\/\",\"url\":\"https:\/\/dhg1h5j42swfq.cloudfront.net\/2025\/06\/03203428\/logo_concursos-1.jpg\",\"contentUrl\":\"https:\/\/dhg1h5j42swfq.cloudfront.net\/2025\/06\/03203428\/logo_concursos-1.jpg\",\"width\":230,\"height\":60,\"caption\":\"Estrat\u00e9gia Concursos\"},\"image\":{\"@id\":\"https:\/\/www.estrategiaconcursos.com.br\/blog\/#\/schema\/logo\/image\/\"},\"sameAs\":[\"https:\/\/x.com\/EstratConcursos\"]},{\"@type\":\"Person\",\"@id\":\"https:\/\/www.estrategiaconcursos.com.br\/blog\/#\/schema\/person\/b4a388c97673c5f483d72185668afa1f\",\"name\":\"Coordena\u00e7\u00e3o\",\"image\":{\"@type\":\"ImageObject\",\"inLanguage\":\"pt-BR\",\"@id\":\"https:\/\/secure.gravatar.com\/avatar\/b720319e4c9a967eb58678d110f4fe35452fc5d5f97b202bac7b8acceb18c6ad?s=96&d=mm&r=g\",\"url\":\"https:\/\/secure.gravatar.com\/avatar\/b720319e4c9a967eb58678d110f4fe35452fc5d5f97b202bac7b8acceb18c6ad?s=96&d=mm&r=g\",\"contentUrl\":\"https:\/\/secure.gravatar.com\/avatar\/b720319e4c9a967eb58678d110f4fe35452fc5d5f97b202bac7b8acceb18c6ad?s=96&d=mm&r=g\",\"caption\":\"Coordena\u00e7\u00e3o\"},\"sameAs\":[\"https:\/\/www.facebook.com\/EstrategiaConcursos\",\"https:\/\/x.com\/EstratConcursos\"],\"url\":\"https:\/\/www.estrategiaconcursos.com.br\/blog\/author\/estrategia2013\/\"}]}<\/script>\n<!-- \/ Yoast SEO Premium plugin. -->","yoast_head_json":{"title":"Edital CREMESE: saiu o resultado da heteroidentifica\u00e7\u00e3o","description":"Edital CREMESE: veja o resultado preliminar da heteroidentifica\u00e7\u00e3o. S\u00e3o ofertadas 40 vagas no total para os cargos de M\u00e9dico Fiscal e Auxiliar Administrativo.","robots":{"index":"index","follow":"follow","max-snippet":"max-snippet:-1","max-image-preview":"max-image-preview:large","max-video-preview":"max-video-preview:-1"},"canonical":"https:\/\/www.estrategiaconcursos.com.br\/blog\/edital-cremese\/","og_locale":"pt_BR","og_type":"article","og_title":"Edital CREMESE: saiu o resultado da heteroidentifica\u00e7\u00e3o","og_description":"Edital CREMESE: veja o resultado preliminar da heteroidentifica\u00e7\u00e3o. S\u00e3o ofertadas 40 vagas no total para os cargos de M\u00e9dico Fiscal e Auxiliar Administrativo.","og_url":"https:\/\/www.estrategiaconcursos.com.br\/blog\/edital-cremese\/","og_site_name":"Estrat\u00e9gia Concursos","article_author":"https:\/\/www.facebook.com\/EstrategiaConcursos","article_published_time":"2021-09-08T03:00:00+00:00","article_modified_time":"2021-09-09T14:26:30+00:00","og_image":[{"width":1200,"height":628,"url":"https:\/\/dhg1h5j42swfq.cloudfront.net\/2021\/03\/11101021\/cremese.jpg","type":"image\/jpeg"}],"author":"Coordena\u00e7\u00e3o","twitter_card":"summary_large_image","twitter_creator":"@EstratConcursos","twitter_site":"@EstratConcursos","twitter_misc":{"Escrito por":"Coordena\u00e7\u00e3o","Est. tempo de leitura":"8 minutos"},"schema":{"@context":"https:\/\/schema.org","@graph":[{"@type":"NewsArticle","@id":"https:\/\/www.estrategiaconcursos.com.br\/blog\/edital-cremese\/#article","isPartOf":{"@id":"https:\/\/www.estrategiaconcursos.com.br\/blog\/edital-cremese\/"},"author":{"name":"Coordena\u00e7\u00e3o","@id":"https:\/\/www.estrategiaconcursos.com.br\/blog\/#\/schema\/person\/b4a388c97673c5f483d72185668afa1f"},"headline":"Edital CREMESE: saiu o resultado da heteroidentifica\u00e7\u00e3o","datePublished":"2021-09-08T03:00:00+00:00","dateModified":"2021-09-09T14:26:30+00:00","mainEntityOfPage":{"@id":"https:\/\/www.estrategiaconcursos.com.br\/blog\/edital-cremese\/"},"wordCount":1764,"commentCount":0,"publisher":{"@id":"https:\/\/www.estrategiaconcursos.com.br\/blog\/#organization"},"image":{"@id":"https:\/\/www.estrategiaconcursos.com.br\/blog\/edital-cremese\/#primaryimage"},"thumbnailUrl":"https:\/\/dhg1h5j42swfq.cloudfront.net\/2021\/03\/11101021\/cremese.jpg","articleSection":["Executivo (Administrativa)"],"inLanguage":"pt-BR","potentialAction":[{"@type":"CommentAction","name":"Comment","target":["https:\/\/www.estrategiaconcursos.com.br\/blog\/edital-cremese\/#respond"]}],"copyrightYear":"2021","copyrightHolder":{"@id":"https:\/\/www.estrategiaconcursos.com.br\/blog\/#organization"}},{"@type":"WebPage","@id":"https:\/\/www.estrategiaconcursos.com.br\/blog\/edital-cremese\/","url":"https:\/\/www.estrategiaconcursos.com.br\/blog\/edital-cremese\/","name":"Edital CREMESE: saiu o resultado da heteroidentifica\u00e7\u00e3o","isPartOf":{"@id":"https:\/\/www.estrategiaconcursos.com.br\/blog\/#website"},"primaryImageOfPage":{"@id":"https:\/\/www.estrategiaconcursos.com.br\/blog\/edital-cremese\/#primaryimage"},"image":{"@id":"https:\/\/www.estrategiaconcursos.com.br\/blog\/edital-cremese\/#primaryimage"},"thumbnailUrl":"https:\/\/dhg1h5j42swfq.cloudfront.net\/2021\/03\/11101021\/cremese.jpg","datePublished":"2021-09-08T03:00:00+00:00","dateModified":"2021-09-09T14:26:30+00:00","description":"Edital CREMESE: veja o resultado preliminar da heteroidentifica\u00e7\u00e3o. S\u00e3o ofertadas 40 vagas no total para os cargos de M\u00e9dico Fiscal e Auxiliar Administrativo.","breadcrumb":{"@id":"https:\/\/www.estrategiaconcursos.com.br\/blog\/edital-cremese\/#breadcrumb"},"inLanguage":"pt-BR","potentialAction":[{"@type":"ReadAction","target":["https:\/\/www.estrategiaconcursos.com.br\/blog\/edital-cremese\/"]}]},{"@type":"ImageObject","inLanguage":"pt-BR","@id":"https:\/\/www.estrategiaconcursos.com.br\/blog\/edital-cremese\/#primaryimage","url":"https:\/\/dhg1h5j42swfq.cloudfront.net\/2021\/03\/11101021\/cremese.jpg","contentUrl":"https:\/\/dhg1h5j42swfq.cloudfront.net\/2021\/03\/11101021\/cremese.jpg","width":1200,"height":628},{"@type":"BreadcrumbList","@id":"https:\/\/www.estrategiaconcursos.com.br\/blog\/edital-cremese\/#breadcrumb","itemListElement":[{"@type":"ListItem","position":1,"name":"In\u00edcio","item":"https:\/\/www.estrategiaconcursos.com.br\/blog\/"},{"@type":"ListItem","position":2,"name":"Edital CREMESE: saiu o resultado da heteroidentifica\u00e7\u00e3o"}]},{"@type":"WebSite","@id":"https:\/\/www.estrategiaconcursos.com.br\/blog\/#website","url":"https:\/\/www.estrategiaconcursos.com.br\/blog\/","name":"Estrat\u00e9gia Concursos","description":"O blog da Estrat\u00e9gia Concursos traz not\u00edcias sobre concursos e artigos de professores oferecendo cursos para concursos (pdf + videaulas) no site.","publisher":{"@id":"https:\/\/www.estrategiaconcursos.com.br\/blog\/#organization"},"potentialAction":[{"@type":"SearchAction","target":{"@type":"EntryPoint","urlTemplate":"https:\/\/www.estrategiaconcursos.com.br\/blog\/?s={search_term_string}"},"query-input":{"@type":"PropertyValueSpecification","valueRequired":true,"valueName":"search_term_string"}}],"inLanguage":"pt-BR"},{"@type":"Organization","@id":"https:\/\/www.estrategiaconcursos.com.br\/blog\/#organization","name":"Estrat\u00e9gia Concursos","url":"https:\/\/www.estrategiaconcursos.com.br\/blog\/","logo":{"@type":"ImageObject","inLanguage":"pt-BR","@id":"https:\/\/www.estrategiaconcursos.com.br\/blog\/#\/schema\/logo\/image\/","url":"https:\/\/dhg1h5j42swfq.cloudfront.net\/2025\/06\/03203428\/logo_concursos-1.jpg","contentUrl":"https:\/\/dhg1h5j42swfq.cloudfront.net\/2025\/06\/03203428\/logo_concursos-1.jpg","width":230,"height":60,"caption":"Estrat\u00e9gia Concursos"},"image":{"@id":"https:\/\/www.estrategiaconcursos.com.br\/blog\/#\/schema\/logo\/image\/"},"sameAs":["https:\/\/x.com\/EstratConcursos"]},{"@type":"Person","@id":"https:\/\/www.estrategiaconcursos.com.br\/blog\/#\/schema\/person\/b4a388c97673c5f483d72185668afa1f","name":"Coordena\u00e7\u00e3o","image":{"@type":"ImageObject","inLanguage":"pt-BR","@id":"https:\/\/secure.gravatar.com\/avatar\/b720319e4c9a967eb58678d110f4fe35452fc5d5f97b202bac7b8acceb18c6ad?s=96&d=mm&r=g","url":"https:\/\/secure.gravatar.com\/avatar\/b720319e4c9a967eb58678d110f4fe35452fc5d5f97b202bac7b8acceb18c6ad?s=96&d=mm&r=g","contentUrl":"https:\/\/secure.gravatar.com\/avatar\/b720319e4c9a967eb58678d110f4fe35452fc5d5f97b202bac7b8acceb18c6ad?s=96&d=mm&r=g","caption":"Coordena\u00e7\u00e3o"},"sameAs":["https:\/\/www.facebook.com\/EstrategiaConcursos","https:\/\/x.com\/EstratConcursos"],"url":"https:\/\/www.estrategiaconcursos.com.br\/blog\/author\/estrategia2013\/"}]}},"_links":{"self":[{"href":"https:\/\/www.estrategiaconcursos.com.br\/blog\/wp-json\/wp\/v2\/posts\/700975","targetHints":{"allow":["GET"]}}],"collection":[{"href":"https:\/\/www.estrategiaconcursos.com.br\/blog\/wp-json\/wp\/v2\/posts"}],"about":[{"href":"https:\/\/www.estrategiaconcursos.com.br\/blog\/wp-json\/wp\/v2\/types\/post"}],"author":[{"embeddable":true,"href":"https:\/\/www.estrategiaconcursos.com.br\/blog\/wp-json\/wp\/v2\/users\/1"}],"replies":[{"embeddable":true,"href":"https:\/\/www.estrategiaconcursos.com.br\/blog\/wp-json\/wp\/v2\/comments?post=700975"}],"version-history":[{"count":34,"href":"https:\/\/www.estrategiaconcursos.com.br\/blog\/wp-json\/wp\/v2\/posts\/700975\/revisions"}],"predecessor-version":[{"id":857277,"href":"https:\/\/www.estrategiaconcursos.com.br\/blog\/wp-json\/wp\/v2\/posts\/700975\/revisions\/857277"}],"wp:featuredmedia":[{"embeddable":true,"href":"https:\/\/www.estrategiaconcursos.com.br\/blog\/wp-json\/wp\/v2\/media\/737151"}],"wp:attachment":[{"href":"https:\/\/www.estrategiaconcursos.com.br\/blog\/wp-json\/wp\/v2\/media?parent=700975"}],"wp:term":[{"taxonomy":"category","embeddable":true,"href":"https:\/\/www.estrategiaconcursos.com.br\/blog\/wp-json\/wp\/v2\/categories?post=700975"},{"taxonomy":"post_tag","embeddable":true,"href":"https:\/\/www.estrategiaconcursos.com.br\/blog\/wp-json\/wp\/v2\/tags?post=700975"},{"taxonomy":"tax_estado","embeddable":true,"href":"https:\/\/www.estrategiaconcursos.com.br\/blog\/wp-json\/wp\/v2\/tax_estado?post=700975"}],"curies":[{"name":"wp","href":"https:\/\/api.w.org\/{rel}","templated":true}]}}