{"id":70051,"date":"2017-04-08T17:27:37","date_gmt":"2017-04-08T20:27:37","guid":{"rendered":"https:\/\/www.estrategiaconcursos.com.br\/blog\/?p=70051"},"modified":"2019-04-09T15:38:29","modified_gmt":"2019-04-09T18:38:29","slug":"vem-ai-curso-intensivo-2a-fase-oab","status":"publish","type":"post","link":"https:\/\/www.estrategiaconcursos.com.br\/blog\/vem-ai-curso-intensivo-2a-fase-oab\/","title":{"rendered":"Vem a\u00ed Curso Intensivo 2\u00aa Fase OAB!"},"content":{"rendered":"<p style=\"text-align: justify;\">\n\t<a href=\"https:\/\/www.estrategiaconcursos.com.br\/gratis\/intensivo-oab\/?et_fb=1\"><img loading=\"lazy\" decoding=\"async\" alt=\"\" class=\"aligncenter size-full wp-image-70053\" height=\"220\" src=\"https:\/\/dhg1h5j42swfq.cloudfront.net\/2017\/04\/08172613\/408-v1.png\" width=\"970\" srcset=\"https:\/\/dhg1h5j42swfq.cloudfront.net\/2017\/04\/08172613\/408-v1.png 970w, https:\/\/dhg1h5j42swfq.cloudfront.net\/2017\/04\/08172613\/408-v1.png 300w, https:\/\/dhg1h5j42swfq.cloudfront.net\/2017\/04\/08172613\/408-v1.png 768w, https:\/\/dhg1h5j42swfq.cloudfront.net\/2017\/04\/08172613\/408-v1.png 500w\" sizes=\"auto, (max-width: 970px) 100vw, 970px\" \/><\/a>\n<\/p>\n<p style=\"text-align: justify;\">\n\tOl&aacute; pessoal, tudo bem?\n<\/p>\n<p style=\"text-align: justify;\">\n\tAqui &eacute; Ricardo Torques, professor e coordenador do Estrat&eacute;gia OAB.\n<\/p>\n<p style=\"text-align: justify;\">\n\tAp&oacute;s o sucesso dos nossos &ldquo;Curso Extensivo &ndash; XXII Exame&rdquo; e da &ldquo;3&ordf; Edi&ccedil;&atilde;o da Semana OAB&rdquo;, decidimos seguir em frente com a prepara&ccedil;&atilde;o para a prova pr&aacute;tico-profissional da OAB.\n<\/p>\n<p style=\"text-align: justify;\">\n\tVem a&iacute; o Curso Intensivo para o XXII Exame de Ordem! Ser&atilde;o dezenas de aulas, ao vivo e gratuitas para quem acompanhar o canal do <a href=\"https:\/\/www.youtube.com\/channel\/UC7rgrKTSF5aOrBGWOw60ovw\">YouTube do Estrat&eacute;gia OAB<\/a>.\n<\/p>\n<p style=\"text-align: justify;\">\n\tAinda n&atilde;o se inscreveu?\n<\/p>\n<p style=\"text-align: justify;\">\n\t<a href=\"https:\/\/www.estrategiaconcursos.com.br\/gratis\/intensivo-oab\/\">QUERO PARTICIPAR DO INTENSIVO PARA A 2&ordf; FASE (GRATUITO)<\/a>\n<\/p>\n<p style=\"text-align: justify;\">\n\tAo longo desse m&ecirc;s de abril e do pr&oacute;ximo os professores Renan Ara&uacute;jo (Penal), Bruno Klippel (Trabalho), Paulo H. M. Sousa (Civil) e Diego Cerqueira (Constitucional) ministrar&atilde;o aulas pr&aacute;ticas, objetivas e focadas naquilo que voc&ecirc; precisa para garantir a aprova&ccedil;&atilde;o no Exame de Ordem.\n<\/p>\n<p style=\"text-align: justify;\">\n\tConfira aqui a nossa programa&ccedil;&atilde;o:\n<\/p>\n<p style=\"text-align: justify;\">\n\t<img loading=\"lazy\" decoding=\"async\" alt=\"\" class=\"aligncenter size-full wp-image-70052\" height=\"515\" src=\"https:\/\/dhg1h5j42swfq.cloudfront.net\/2017\/04\/08172401\/intensivooab.png\" width=\"518\" srcset=\"https:\/\/dhg1h5j42swfq.cloudfront.net\/2017\/04\/08172401\/intensivooab.png 518w, https:\/\/dhg1h5j42swfq.cloudfront.net\/2017\/04\/08172401\/intensivooab.png 150w, https:\/\/dhg1h5j42swfq.cloudfront.net\/2017\/04\/08172401\/intensivooab.png 300w, https:\/\/dhg1h5j42swfq.cloudfront.net\/2017\/04\/08172401\/intensivooab.png 302w\" sizes=\"auto, (max-width: 518px) 100vw, 518px\" \/>\n<\/p>\n<p style=\"text-align: justify;\">\n\tNessas aulas os professores ir&atilde;o comentar os principais pontos e, principalmente, ir&atilde;o orient&aacute;-los para a produ&ccedil;&atilde;o r&aacute;pida e objetiva da pe&ccedil;a processual. Inscreva-se!\n<\/p>\n<p style=\"text-align: justify;\">\n\tLembre de acompanhar nossa p&aacute;gina do Facebook:\n<\/p>\n<p style=\"text-align: justify;\">\n\t<a href=\"https:\/\/www.facebook.com\/oabestrategia\">https:\/\/www.facebook.com\/oabestrategia<\/a>\n<\/p>\n<p style=\"text-align: justify;\">\n\tAt&eacute; segunda!\n<\/p>\n<p style=\"text-align: justify;\">\n\tBons estudos<\/p>\n","protected":false},"excerpt":{"rendered":"<p>Ol&aacute; pessoal, tudo bem? Aqui &eacute; Ricardo Torques, professor e coordenador do Estrat&eacute;gia OAB. Ap&oacute;s o sucesso dos nossos &ldquo;Curso Extensivo &ndash; XXII Exame&rdquo; e da &ldquo;3&ordf; Edi&ccedil;&atilde;o da Semana OAB&rdquo;, decidimos seguir em frente com a prepara&ccedil;&atilde;o para a prova pr&aacute;tico-profissional da OAB. Vem a&iacute; o Curso Intensivo para o XXII Exame de Ordem! [&hellip;]<\/p>\n","protected":false},"author":180,"featured_media":70053,"comment_status":"open","ping_status":"open","sticky":false,"template":"","format":"standard","meta":{"post_tipo":"article","footnotes":""},"categories":[1],"tags":[2544,71,1047],"tax_estado":[],"class_list":["post-70051","post","type-post","status-publish","format-standard","has-post-thumbnail","hentry","category-cursos-e-concursos","tag-2a-fase","tag-oab","tag-prova-pratico-profissional"],"acf":[],"yoast_head":"<!-- This site is optimized with the Yoast SEO Premium plugin v27.2 (Yoast SEO v27.2) - https:\/\/yoast.com\/product\/yoast-seo-premium-wordpress\/ -->\n<title>Vem a\u00ed Curso Intensivo 2\u00aa Fase OAB!<\/title>\n<meta name=\"robots\" content=\"index, follow, max-snippet:-1, max-image-preview:large, max-video-preview:-1\" \/>\n<link rel=\"canonical\" href=\"https:\/\/www.estrategiaconcursos.com.br\/blog\/vem-ai-curso-intensivo-2a-fase-oab\/\" \/>\n<meta property=\"og:locale\" content=\"pt_BR\" \/>\n<meta property=\"og:type\" content=\"article\" \/>\n<meta property=\"og:title\" content=\"Vem a\u00ed Curso Intensivo 2\u00aa Fase OAB!\" \/>\n<meta property=\"og:description\" content=\"Ol&aacute; pessoal, tudo bem? Aqui &eacute; Ricardo Torques, professor e coordenador do Estrat&eacute;gia OAB. Ap&oacute;s o sucesso dos nossos &ldquo;Curso Extensivo &ndash; XXII Exame&rdquo; e da &ldquo;3&ordf; Edi&ccedil;&atilde;o da Semana OAB&rdquo;, decidimos seguir em frente com a prepara&ccedil;&atilde;o para a prova pr&aacute;tico-profissional da OAB. Vem a&iacute; o Curso Intensivo para o XXII Exame de Ordem! [&hellip;]\" \/>\n<meta property=\"og:url\" content=\"https:\/\/www.estrategiaconcursos.com.br\/blog\/vem-ai-curso-intensivo-2a-fase-oab\/\" \/>\n<meta property=\"og:site_name\" content=\"Estrat\u00e9gia Concursos\" \/>\n<meta property=\"article:author\" content=\"https:\/\/www.facebook.com\/ricardo.s.torques\" \/>\n<meta property=\"article:published_time\" content=\"2017-04-08T20:27:37+00:00\" \/>\n<meta property=\"article:modified_time\" content=\"2019-04-09T18:38:29+00:00\" \/>\n<meta property=\"og:image\" content=\"https:\/\/dhg1h5j42swfq.cloudfront.net\/2017\/04\/08172613\/408-v1.png\" \/>\n\t<meta property=\"og:image:width\" content=\"970\" \/>\n\t<meta property=\"og:image:height\" content=\"220\" \/>\n\t<meta property=\"og:image:type\" content=\"image\/png\" \/>\n<meta name=\"author\" content=\"Ricardo Torques\" \/>\n<meta name=\"twitter:card\" content=\"summary_large_image\" \/>\n<meta name=\"twitter:creator\" content=\"@EstratConcursos\" \/>\n<meta name=\"twitter:site\" content=\"@EstratConcursos\" \/>\n<meta name=\"twitter:label1\" content=\"Escrito por\" \/>\n\t<meta name=\"twitter:data1\" content=\"Ricardo Torques\" \/>\n\t<meta name=\"twitter:label2\" content=\"Est. tempo de leitura\" \/>\n\t<meta name=\"twitter:data2\" content=\"1 minuto\" \/>\n<script type=\"application\/ld+json\" class=\"yoast-schema-graph\">{\"@context\":\"https:\/\/schema.org\",\"@graph\":[{\"@type\":\"NewsArticle\",\"@id\":\"https:\/\/www.estrategiaconcursos.com.br\/blog\/vem-ai-curso-intensivo-2a-fase-oab\/#article\",\"isPartOf\":{\"@id\":\"https:\/\/www.estrategiaconcursos.com.br\/blog\/vem-ai-curso-intensivo-2a-fase-oab\/\"},\"author\":{\"name\":\"Ricardo Torques\",\"@id\":\"https:\/\/www.estrategiaconcursos.com.br\/blog\/#\/schema\/person\/aa39cf5ddb518e5bdce27c35788405e2\"},\"headline\":\"Vem a\u00ed Curso Intensivo 2\u00aa Fase OAB!\",\"datePublished\":\"2017-04-08T20:27:37+00:00\",\"dateModified\":\"2019-04-09T18:38:29+00:00\",\"mainEntityOfPage\":{\"@id\":\"https:\/\/www.estrategiaconcursos.com.br\/blog\/vem-ai-curso-intensivo-2a-fase-oab\/\"},\"wordCount\":237,\"commentCount\":3,\"publisher\":{\"@id\":\"https:\/\/www.estrategiaconcursos.com.br\/blog\/#organization\"},\"image\":{\"@id\":\"https:\/\/www.estrategiaconcursos.com.br\/blog\/vem-ai-curso-intensivo-2a-fase-oab\/#primaryimage\"},\"thumbnailUrl\":\"https:\/\/dhg1h5j42swfq.cloudfront.net\/2017\/04\/08172613\/408-v1.png\",\"keywords\":[\"2\u00aa Fase\",\"OAB\",\"prova pr\u00e1tico-profissional\"],\"articleSection\":[\"Concursos P\u00fablicos\"],\"inLanguage\":\"pt-BR\",\"potentialAction\":[{\"@type\":\"CommentAction\",\"name\":\"Comment\",\"target\":[\"https:\/\/www.estrategiaconcursos.com.br\/blog\/vem-ai-curso-intensivo-2a-fase-oab\/#respond\"]}],\"copyrightYear\":\"2017\",\"copyrightHolder\":{\"@id\":\"https:\/\/www.estrategiaconcursos.com.br\/blog\/#organization\"}},{\"@type\":\"WebPage\",\"@id\":\"https:\/\/www.estrategiaconcursos.com.br\/blog\/vem-ai-curso-intensivo-2a-fase-oab\/\",\"url\":\"https:\/\/www.estrategiaconcursos.com.br\/blog\/vem-ai-curso-intensivo-2a-fase-oab\/\",\"name\":\"Vem a\u00ed Curso Intensivo 2\u00aa Fase OAB!\",\"isPartOf\":{\"@id\":\"https:\/\/www.estrategiaconcursos.com.br\/blog\/#website\"},\"primaryImageOfPage\":{\"@id\":\"https:\/\/www.estrategiaconcursos.com.br\/blog\/vem-ai-curso-intensivo-2a-fase-oab\/#primaryimage\"},\"image\":{\"@id\":\"https:\/\/www.estrategiaconcursos.com.br\/blog\/vem-ai-curso-intensivo-2a-fase-oab\/#primaryimage\"},\"thumbnailUrl\":\"https:\/\/dhg1h5j42swfq.cloudfront.net\/2017\/04\/08172613\/408-v1.png\",\"datePublished\":\"2017-04-08T20:27:37+00:00\",\"dateModified\":\"2019-04-09T18:38:29+00:00\",\"breadcrumb\":{\"@id\":\"https:\/\/www.estrategiaconcursos.com.br\/blog\/vem-ai-curso-intensivo-2a-fase-oab\/#breadcrumb\"},\"inLanguage\":\"pt-BR\",\"potentialAction\":[{\"@type\":\"ReadAction\",\"target\":[\"https:\/\/www.estrategiaconcursos.com.br\/blog\/vem-ai-curso-intensivo-2a-fase-oab\/\"]}]},{\"@type\":\"ImageObject\",\"inLanguage\":\"pt-BR\",\"@id\":\"https:\/\/www.estrategiaconcursos.com.br\/blog\/vem-ai-curso-intensivo-2a-fase-oab\/#primaryimage\",\"url\":\"https:\/\/dhg1h5j42swfq.cloudfront.net\/2017\/04\/08172613\/408-v1.png\",\"contentUrl\":\"https:\/\/dhg1h5j42swfq.cloudfront.net\/2017\/04\/08172613\/408-v1.png\",\"width\":970,\"height\":220},{\"@type\":\"BreadcrumbList\",\"@id\":\"https:\/\/www.estrategiaconcursos.com.br\/blog\/vem-ai-curso-intensivo-2a-fase-oab\/#breadcrumb\",\"itemListElement\":[{\"@type\":\"ListItem\",\"position\":1,\"name\":\"In\u00edcio\",\"item\":\"https:\/\/www.estrategiaconcursos.com.br\/blog\/\"},{\"@type\":\"ListItem\",\"position\":2,\"name\":\"Vem a\u00ed Curso Intensivo 2\u00aa Fase OAB!\"}]},{\"@type\":\"WebSite\",\"@id\":\"https:\/\/www.estrategiaconcursos.com.br\/blog\/#website\",\"url\":\"https:\/\/www.estrategiaconcursos.com.br\/blog\/\",\"name\":\"Estrat\u00e9gia Concursos\",\"description\":\"O blog da Estrat\u00e9gia Concursos traz not\u00edcias sobre concursos e artigos de professores oferecendo cursos para concursos (pdf + videaulas) no site.\",\"publisher\":{\"@id\":\"https:\/\/www.estrategiaconcursos.com.br\/blog\/#organization\"},\"potentialAction\":[{\"@type\":\"SearchAction\",\"target\":{\"@type\":\"EntryPoint\",\"urlTemplate\":\"https:\/\/www.estrategiaconcursos.com.br\/blog\/?s={search_term_string}\"},\"query-input\":{\"@type\":\"PropertyValueSpecification\",\"valueRequired\":true,\"valueName\":\"search_term_string\"}}],\"inLanguage\":\"pt-BR\"},{\"@type\":\"Organization\",\"@id\":\"https:\/\/www.estrategiaconcursos.com.br\/blog\/#organization\",\"name\":\"Estrat\u00e9gia Concursos\",\"url\":\"https:\/\/www.estrategiaconcursos.com.br\/blog\/\",\"logo\":{\"@type\":\"ImageObject\",\"inLanguage\":\"pt-BR\",\"@id\":\"https:\/\/www.estrategiaconcursos.com.br\/blog\/#\/schema\/logo\/image\/\",\"url\":\"https:\/\/dhg1h5j42swfq.cloudfront.net\/2025\/06\/03203428\/logo_concursos-1.jpg\",\"contentUrl\":\"https:\/\/dhg1h5j42swfq.cloudfront.net\/2025\/06\/03203428\/logo_concursos-1.jpg\",\"width\":230,\"height\":60,\"caption\":\"Estrat\u00e9gia Concursos\"},\"image\":{\"@id\":\"https:\/\/www.estrategiaconcursos.com.br\/blog\/#\/schema\/logo\/image\/\"},\"sameAs\":[\"https:\/\/x.com\/EstratConcursos\"]},{\"@type\":\"Person\",\"@id\":\"https:\/\/www.estrategiaconcursos.com.br\/blog\/#\/schema\/person\/aa39cf5ddb518e5bdce27c35788405e2\",\"name\":\"Ricardo Torques\",\"image\":{\"@type\":\"ImageObject\",\"inLanguage\":\"pt-BR\",\"@id\":\"https:\/\/secure.gravatar.com\/avatar\/ce9ac6c3cff25fe86d15ed568ebc64d1724baf5c0693133bcb1f6073f712f92a?s=96&d=mm&r=g\",\"url\":\"https:\/\/secure.gravatar.com\/avatar\/ce9ac6c3cff25fe86d15ed568ebc64d1724baf5c0693133bcb1f6073f712f92a?s=96&d=mm&r=g\",\"contentUrl\":\"https:\/\/secure.gravatar.com\/avatar\/ce9ac6c3cff25fe86d15ed568ebc64d1724baf5c0693133bcb1f6073f712f92a?s=96&d=mm&r=g\",\"caption\":\"Ricardo Torques\"},\"sameAs\":[\"https:\/\/www.facebook.com\/ricardo.s.torques\"],\"url\":\"https:\/\/www.estrategiaconcursos.com.br\/blog\/author\/ricardotorquesestrategiaconcursos-com-br\/\"}]}<\/script>\n<!-- \/ Yoast SEO Premium plugin. -->","yoast_head_json":{"title":"Vem a\u00ed Curso Intensivo 2\u00aa Fase OAB!","robots":{"index":"index","follow":"follow","max-snippet":"max-snippet:-1","max-image-preview":"max-image-preview:large","max-video-preview":"max-video-preview:-1"},"canonical":"https:\/\/www.estrategiaconcursos.com.br\/blog\/vem-ai-curso-intensivo-2a-fase-oab\/","og_locale":"pt_BR","og_type":"article","og_title":"Vem a\u00ed Curso Intensivo 2\u00aa Fase OAB!","og_description":"Ol&aacute; pessoal, tudo bem? Aqui &eacute; Ricardo Torques, professor e coordenador do Estrat&eacute;gia OAB. Ap&oacute;s o sucesso dos nossos &ldquo;Curso Extensivo &ndash; XXII Exame&rdquo; e da &ldquo;3&ordf; Edi&ccedil;&atilde;o da Semana OAB&rdquo;, decidimos seguir em frente com a prepara&ccedil;&atilde;o para a prova pr&aacute;tico-profissional da OAB. Vem a&iacute; o Curso Intensivo para o XXII Exame de Ordem! [&hellip;]","og_url":"https:\/\/www.estrategiaconcursos.com.br\/blog\/vem-ai-curso-intensivo-2a-fase-oab\/","og_site_name":"Estrat\u00e9gia Concursos","article_author":"https:\/\/www.facebook.com\/ricardo.s.torques","article_published_time":"2017-04-08T20:27:37+00:00","article_modified_time":"2019-04-09T18:38:29+00:00","og_image":[{"width":970,"height":220,"url":"https:\/\/dhg1h5j42swfq.cloudfront.net\/2017\/04\/08172613\/408-v1.png","type":"image\/png"}],"author":"Ricardo Torques","twitter_card":"summary_large_image","twitter_creator":"@EstratConcursos","twitter_site":"@EstratConcursos","twitter_misc":{"Escrito por":"Ricardo Torques","Est. tempo de leitura":"1 minuto"},"schema":{"@context":"https:\/\/schema.org","@graph":[{"@type":"NewsArticle","@id":"https:\/\/www.estrategiaconcursos.com.br\/blog\/vem-ai-curso-intensivo-2a-fase-oab\/#article","isPartOf":{"@id":"https:\/\/www.estrategiaconcursos.com.br\/blog\/vem-ai-curso-intensivo-2a-fase-oab\/"},"author":{"name":"Ricardo Torques","@id":"https:\/\/www.estrategiaconcursos.com.br\/blog\/#\/schema\/person\/aa39cf5ddb518e5bdce27c35788405e2"},"headline":"Vem a\u00ed Curso Intensivo 2\u00aa Fase OAB!","datePublished":"2017-04-08T20:27:37+00:00","dateModified":"2019-04-09T18:38:29+00:00","mainEntityOfPage":{"@id":"https:\/\/www.estrategiaconcursos.com.br\/blog\/vem-ai-curso-intensivo-2a-fase-oab\/"},"wordCount":237,"commentCount":3,"publisher":{"@id":"https:\/\/www.estrategiaconcursos.com.br\/blog\/#organization"},"image":{"@id":"https:\/\/www.estrategiaconcursos.com.br\/blog\/vem-ai-curso-intensivo-2a-fase-oab\/#primaryimage"},"thumbnailUrl":"https:\/\/dhg1h5j42swfq.cloudfront.net\/2017\/04\/08172613\/408-v1.png","keywords":["2\u00aa Fase","OAB","prova pr\u00e1tico-profissional"],"articleSection":["Concursos P\u00fablicos"],"inLanguage":"pt-BR","potentialAction":[{"@type":"CommentAction","name":"Comment","target":["https:\/\/www.estrategiaconcursos.com.br\/blog\/vem-ai-curso-intensivo-2a-fase-oab\/#respond"]}],"copyrightYear":"2017","copyrightHolder":{"@id":"https:\/\/www.estrategiaconcursos.com.br\/blog\/#organization"}},{"@type":"WebPage","@id":"https:\/\/www.estrategiaconcursos.com.br\/blog\/vem-ai-curso-intensivo-2a-fase-oab\/","url":"https:\/\/www.estrategiaconcursos.com.br\/blog\/vem-ai-curso-intensivo-2a-fase-oab\/","name":"Vem a\u00ed Curso Intensivo 2\u00aa Fase OAB!","isPartOf":{"@id":"https:\/\/www.estrategiaconcursos.com.br\/blog\/#website"},"primaryImageOfPage":{"@id":"https:\/\/www.estrategiaconcursos.com.br\/blog\/vem-ai-curso-intensivo-2a-fase-oab\/#primaryimage"},"image":{"@id":"https:\/\/www.estrategiaconcursos.com.br\/blog\/vem-ai-curso-intensivo-2a-fase-oab\/#primaryimage"},"thumbnailUrl":"https:\/\/dhg1h5j42swfq.cloudfront.net\/2017\/04\/08172613\/408-v1.png","datePublished":"2017-04-08T20:27:37+00:00","dateModified":"2019-04-09T18:38:29+00:00","breadcrumb":{"@id":"https:\/\/www.estrategiaconcursos.com.br\/blog\/vem-ai-curso-intensivo-2a-fase-oab\/#breadcrumb"},"inLanguage":"pt-BR","potentialAction":[{"@type":"ReadAction","target":["https:\/\/www.estrategiaconcursos.com.br\/blog\/vem-ai-curso-intensivo-2a-fase-oab\/"]}]},{"@type":"ImageObject","inLanguage":"pt-BR","@id":"https:\/\/www.estrategiaconcursos.com.br\/blog\/vem-ai-curso-intensivo-2a-fase-oab\/#primaryimage","url":"https:\/\/dhg1h5j42swfq.cloudfront.net\/2017\/04\/08172613\/408-v1.png","contentUrl":"https:\/\/dhg1h5j42swfq.cloudfront.net\/2017\/04\/08172613\/408-v1.png","width":970,"height":220},{"@type":"BreadcrumbList","@id":"https:\/\/www.estrategiaconcursos.com.br\/blog\/vem-ai-curso-intensivo-2a-fase-oab\/#breadcrumb","itemListElement":[{"@type":"ListItem","position":1,"name":"In\u00edcio","item":"https:\/\/www.estrategiaconcursos.com.br\/blog\/"},{"@type":"ListItem","position":2,"name":"Vem a\u00ed Curso Intensivo 2\u00aa Fase OAB!"}]},{"@type":"WebSite","@id":"https:\/\/www.estrategiaconcursos.com.br\/blog\/#website","url":"https:\/\/www.estrategiaconcursos.com.br\/blog\/","name":"Estrat\u00e9gia Concursos","description":"O blog da Estrat\u00e9gia Concursos traz not\u00edcias sobre concursos e artigos de professores oferecendo cursos para concursos (pdf + videaulas) no site.","publisher":{"@id":"https:\/\/www.estrategiaconcursos.com.br\/blog\/#organization"},"potentialAction":[{"@type":"SearchAction","target":{"@type":"EntryPoint","urlTemplate":"https:\/\/www.estrategiaconcursos.com.br\/blog\/?s={search_term_string}"},"query-input":{"@type":"PropertyValueSpecification","valueRequired":true,"valueName":"search_term_string"}}],"inLanguage":"pt-BR"},{"@type":"Organization","@id":"https:\/\/www.estrategiaconcursos.com.br\/blog\/#organization","name":"Estrat\u00e9gia Concursos","url":"https:\/\/www.estrategiaconcursos.com.br\/blog\/","logo":{"@type":"ImageObject","inLanguage":"pt-BR","@id":"https:\/\/www.estrategiaconcursos.com.br\/blog\/#\/schema\/logo\/image\/","url":"https:\/\/dhg1h5j42swfq.cloudfront.net\/2025\/06\/03203428\/logo_concursos-1.jpg","contentUrl":"https:\/\/dhg1h5j42swfq.cloudfront.net\/2025\/06\/03203428\/logo_concursos-1.jpg","width":230,"height":60,"caption":"Estrat\u00e9gia Concursos"},"image":{"@id":"https:\/\/www.estrategiaconcursos.com.br\/blog\/#\/schema\/logo\/image\/"},"sameAs":["https:\/\/x.com\/EstratConcursos"]},{"@type":"Person","@id":"https:\/\/www.estrategiaconcursos.com.br\/blog\/#\/schema\/person\/aa39cf5ddb518e5bdce27c35788405e2","name":"Ricardo Torques","image":{"@type":"ImageObject","inLanguage":"pt-BR","@id":"https:\/\/secure.gravatar.com\/avatar\/ce9ac6c3cff25fe86d15ed568ebc64d1724baf5c0693133bcb1f6073f712f92a?s=96&d=mm&r=g","url":"https:\/\/secure.gravatar.com\/avatar\/ce9ac6c3cff25fe86d15ed568ebc64d1724baf5c0693133bcb1f6073f712f92a?s=96&d=mm&r=g","contentUrl":"https:\/\/secure.gravatar.com\/avatar\/ce9ac6c3cff25fe86d15ed568ebc64d1724baf5c0693133bcb1f6073f712f92a?s=96&d=mm&r=g","caption":"Ricardo Torques"},"sameAs":["https:\/\/www.facebook.com\/ricardo.s.torques"],"url":"https:\/\/www.estrategiaconcursos.com.br\/blog\/author\/ricardotorquesestrategiaconcursos-com-br\/"}]}},"_links":{"self":[{"href":"https:\/\/www.estrategiaconcursos.com.br\/blog\/wp-json\/wp\/v2\/posts\/70051","targetHints":{"allow":["GET"]}}],"collection":[{"href":"https:\/\/www.estrategiaconcursos.com.br\/blog\/wp-json\/wp\/v2\/posts"}],"about":[{"href":"https:\/\/www.estrategiaconcursos.com.br\/blog\/wp-json\/wp\/v2\/types\/post"}],"author":[{"embeddable":true,"href":"https:\/\/www.estrategiaconcursos.com.br\/blog\/wp-json\/wp\/v2\/users\/180"}],"replies":[{"embeddable":true,"href":"https:\/\/www.estrategiaconcursos.com.br\/blog\/wp-json\/wp\/v2\/comments?post=70051"}],"version-history":[{"count":2,"href":"https:\/\/www.estrategiaconcursos.com.br\/blog\/wp-json\/wp\/v2\/posts\/70051\/revisions"}],"predecessor-version":[{"id":70056,"href":"https:\/\/www.estrategiaconcursos.com.br\/blog\/wp-json\/wp\/v2\/posts\/70051\/revisions\/70056"}],"wp:featuredmedia":[{"embeddable":true,"href":"https:\/\/www.estrategiaconcursos.com.br\/blog\/wp-json\/wp\/v2\/media\/70053"}],"wp:attachment":[{"href":"https:\/\/www.estrategiaconcursos.com.br\/blog\/wp-json\/wp\/v2\/media?parent=70051"}],"wp:term":[{"taxonomy":"category","embeddable":true,"href":"https:\/\/www.estrategiaconcursos.com.br\/blog\/wp-json\/wp\/v2\/categories?post=70051"},{"taxonomy":"post_tag","embeddable":true,"href":"https:\/\/www.estrategiaconcursos.com.br\/blog\/wp-json\/wp\/v2\/tags?post=70051"},{"taxonomy":"tax_estado","embeddable":true,"href":"https:\/\/www.estrategiaconcursos.com.br\/blog\/wp-json\/wp\/v2\/tax_estado?post=70051"}],"curies":[{"name":"wp","href":"https:\/\/api.w.org\/{rel}","templated":true}]}}