{"id":699147,"date":"2025-12-10T10:53:00","date_gmt":"2025-12-10T13:53:00","guid":{"rendered":"https:\/\/www.estrategiaconcursos.com.br\/blog\/?p=699147"},"modified":"2025-12-10T17:31:58","modified_gmt":"2025-12-10T20:31:58","slug":"concurso-procergs","status":"publish","type":"post","link":"https:\/\/www.estrategiaconcursos.com.br\/blog\/concurso-procergs\/","title":{"rendered":"Concurso PROCERGS: gabaritos para Assistente s\u00e3o divulgados!"},"content":{"rendered":"\n<p>Aten\u00e7\u00e3o, concurseiros! Os candidatos de <strong>Assistente Administrativo<\/strong> do concurso da <strong><a href=\"https:\/\/www.estrategiaconcursos.com.br\/cursosPorConcurso\/centro-de-tecnologia-da-informacao-e-comunicacao-do-estado-do-rio-grande-do-sul-procergs\/\" target=\"_blank\" rel=\"noreferrer noopener\">PROCERGS<\/a> (Centro de Tecnologia da Informa\u00e7\u00e3o e Comunica\u00e7\u00e3o do Estado do RS)<\/strong> j\u00e1 podem conferir os gabaritos.<\/p>\n\n\n\n<ul class=\"wp-block-list\">\n<li><strong><a href=\"https:\/\/dhg1h5j42swfq.cloudfront.net\/2025\/10\/10110220\/989-editalna44-2025-gabaritospreliminaresdasprovasobjetivascp08-adm_69387d6451f31.pdf\" target=\"_blank\" rel=\"noreferrer noopener nofollow\">Acesse diretamente aqui<\/a><\/strong><\/li>\n<\/ul>\n\n\n\n<p>Recursos ser\u00e3o aceitos<strong> durante os dias 10 e 12 de dezembro<\/strong>, diretamente no site da banca organizadora, a <strong>Fundatec<\/strong>. <\/p>\n\n\n\n<p>Enquanto isso, para os demais cargos, a <span style=\"text-decoration: underline;\">homologa\u00e7\u00e3o do resultado final<\/span> j\u00e1 foi divulgada. Confira!<\/p>\n\n\n\n<ul class=\"wp-block-list\">\n<li><strong><\/strong><strong><a href=\"https:\/\/dhg1h5j42swfq.cloudfront.net\/2025\/10\/10110503\/editalna41-2025-homologaaaodoresultadofinaldeconcursospablicosexcetoparaocp-08-adm_combinado_6932dce95b0b0.pdf\" target=\"_blank\" rel=\"noreferrer noopener nofollow\">Homologa\u00e7\u00e3o<\/a><\/strong><\/li>\n<\/ul>\n\n\n\n<p>Lembrando que <strong>5.610 candidatos<\/strong> disputam pelas 62 vagas imediatas para os cargos de <strong>Analista<\/strong> (n\u00edvel superior) e <strong>Assistente Administrativo<\/strong> (n\u00edvel m\u00e9dio).<\/p>\n\n\n\n<p>Essas carreiras garantem sal\u00e1rios de at\u00e9 <strong>R$ 4 mil<\/strong>, valores alt\u00edssimos para apenas n\u00edvel m\u00e9dio, e <strong>R$ 13,6 mil<\/strong>, outro vencimento-base atrativo para n\u00edvel superior.<\/p>\n\n\n\n<ul style=\"background-color:#e2e4e5\" class=\"wp-block-list has-background\">\n<li><strong>Centro de Tecnologia da Informa\u00e7\u00e3o e Comunica\u00e7\u00e3o do Estado do Rio Grande do Sul<\/strong><\/li>\n\n\n\n<li><strong>Status:<\/strong> em andamento<\/li>\n\n\n\n<li><strong>Banca:<\/strong> <a href=\"https:\/\/www.fundatec.org.br\/portal\/concursos\/publicacoes_v2.php?concurso=989\" target=\"_blank\" rel=\"noreferrer noopener\">Fundatec<\/a><\/li>\n\n\n\n<li><strong>Vagas:<\/strong> 62<\/li>\n\n\n\n<li><strong>Sal\u00e1rio:<\/strong> R$ 4.007,93 a R$ 13.646,00<\/li>\n\n\n\n<li><strong>Edital:<\/strong> <a href=\"https:\/\/dhg1h5j42swfq.cloudfront.net\/2025\/07\/01140800\/edital_abertura_01-07.pdf\" target=\"_blank\" rel=\"noreferrer noopener nofollow\">PROCERGS 2025<\/a><\/li>\n<\/ul>\n\n\n\n<p>A fim de te deixar sempre bem informado, elaboramos este artigo com as principais informa\u00e7\u00f5es e novidades sobre o concurso PROCERGS. Acompanhe os t\u00f3picos abaixo e n\u00e3o perca nenhum detalhe:<\/p>\n\n\n\n<ul id=\"indice\" class=\"wp-block-list\">\n<li><a href=\"#sobre\"><strong>Sobre o Procergs<\/strong><\/a><\/li>\n\n\n\n<li><strong><a href=\"#cargos\">Cargos, vagas e sal\u00e1rios<\/a> <\/strong>\n<ul class=\"wp-block-list\">\n<li><a href=\"#medio\">N\u00edvel m\u00e9dio<\/a><\/li>\n\n\n\n<li><a href=\"#superior\">N\u00edvel superior<\/a><\/li>\n<\/ul>\n<\/li>\n\n\n\n<li><a href=\"#etapas\"><strong>Etapa de prova<\/strong><\/a><\/li>\n\n\n\n<li><strong><a href=\"#cursos-assinatura\">Cursos e assinaturas<\/a><\/strong><\/li>\n\n\n\n<li><strong><a href=\"#ficha\">Ficha t\u00e9cnica<\/a><\/strong><\/li>\n<\/ul>\n\n\n\n<div class=\"container\" id=\"boxes\">\n  <div class=\"row\">\n\n    <div class=\"col-sm\">\n      <div class=\"banner-adm\" id=\"box-assinatura\">\n        <h3 class=\"titulo-assinatura\">Concurso PROCERGS<\/h3>\n        <p class=\"subtitulo-assinatura\">Estude conosco<\/p>\n        <div class=\"box-botao\">\n          <a class=\"btn-assinatura\" target=\"_blank\" href=\"https:\/\/www.estrategiaconcursos.com.br\/cursosPorConcurso\/centro-de-tecnologia-da-informacao-e-comunicacao-do-estado-do-rio-grande-do-sul-procergs\/\" role=\"button\" rel=\"noopener noreferrer\">Conhe\u00e7a os cursos<\/a>\n        <\/div>\n      <\/div>\n      \n    <\/div>\n\n  <\/div>\n<\/div>\n\n\n\n<h2 class=\"wp-block-heading\" id=\"sobre\">Sobre o Procergs<\/h2>\n\n\n\n<p>A PROCERGS &#8211; Centro de Tecnologia da Informa\u00e7\u00e3o e Comunica\u00e7\u00e3o do Estado do Rio Grande do Sul S.A., \u00e9 uma sociedade de economia mista, que iniciou suas atividades em 28 de Dezembro de 1972 como \u00f3rg\u00e3o executor da pol\u00edtica de inform\u00e1tica do Estado.&nbsp;<\/p>\n\n\n\n<p>\u00c9 uma companhia especializada no desenvolvimento de solu\u00e7\u00f5es de alto valor agregado, atua em 100% dos \u00f3rg\u00e3os do executivo estadual e processa diariamente milh\u00f5es de transa\u00e7\u00f5es vitais para o bom funcionamento do Estado, beneficiando a vida de milh\u00f5es de ga\u00fachos.<\/p>\n\n\n\n<h2 class=\"wp-block-heading\" id=\"cargos\">Concurso PROCERGS: cargos, vagas e sal\u00e1rios<\/h2>\n\n\n\n<p>Al\u00e9m das remunera\u00e7\u00f5es abaixo descritas, os servidores tamb\u00e9m fazem jus aos seguintes benef\u00edcios, estabelecidos por um Acordo Coletivo de Trabalho, negociado e renovado anualmente:<\/p>\n\n\n\n<ul class=\"wp-block-list\">\n<li><strong>Aux\u00edlio Rancho\/Alimenta\u00e7\u00e3o:<\/strong> R$ 1.688,94 mensal;<\/li>\n\n\n\n<li><strong>Aux\u00edlio Educa\u00e7\u00e3o Infantil (creche\/bab\u00e1):<\/strong> R$ 1.178,28, mediante comprova\u00e7\u00e3o (dos 7 meses da crian\u00e7a at\u00e9 o final do ano do 7\u00ba ano de vida da crian\u00e7a) \u2013 mensal;<\/li>\n\n\n\n<li><strong>Assist\u00eancia M\u00e9dica &#8211; UNIMED <\/strong>\u2013 Para titular e dependentes (C\u00f4njuge e filhos at\u00e9 21 anos); e<\/li>\n\n\n\n<li><strong>Assist\u00eancia Odontol\u00f3gica &#8211; SOPREVI <\/strong>\u2013 Para titular e dependentes (C\u00f4njuge e filhos at\u00e9 21 anos).<\/li>\n<\/ul>\n\n\n\n<h3 class=\"wp-block-heading\" id=\"medio\">N\u00edvel m\u00e9dio completo<\/h3>\n\n\n\n<figure class=\"wp-block-table is-style-stripes\"><table><thead><tr><th class=\"has-text-align-center\" data-align=\"center\">Cargo<\/th><th class=\"has-text-align-center\" data-align=\"center\">Vagas<\/th><th class=\"has-text-align-center\" data-align=\"center\">Remunera\u00e7\u00e3o<\/th><\/tr><\/thead><tbody><tr><td class=\"has-text-align-center\" data-align=\"center\">ADM \u2013 Assistente<br \/>Administrativo<\/td><td class=\"has-text-align-center\" data-align=\"center\">02<\/td><td class=\"has-text-align-center\" data-align=\"center\">R$ 4.007,93<\/td><\/tr><\/tbody><\/table><figcaption class=\"wp-element-caption\">Quadro de vagas e remunera\u00e7\u00e3o aos cargos de n\u00edvel m\u00e9dio<\/figcaption><\/figure>\n\n\n\n<h3 class=\"wp-block-heading\" id=\"superior\">N\u00edvel superior completo ou em andamento<\/h3>\n\n\n\n<figure class=\"wp-block-table is-style-stripes\"><table><thead><tr><th class=\"has-text-align-center\" data-align=\"center\">Cargo<\/th><th class=\"has-text-align-center\" data-align=\"center\">Vagas<\/th><th class=\"has-text-align-center\" data-align=\"center\">Remunera\u00e7\u00e3o<\/th><\/tr><\/thead><tbody><tr><td class=\"has-text-align-center\" data-align=\"center\">ANC \u2013 Analista em<br \/>Computa\u00e7\u00e3o \/ \u00eanfase em<br \/>An\u00e1lise de Sistemas \/ Ger\u00eancia<br \/>de Projetos de TI<\/td><td class=\"has-text-align-center\" data-align=\"center\">11<\/td><td class=\"has-text-align-center\" data-align=\"center\">R$ 8.302,13<\/td><\/tr><tr><td class=\"has-text-align-center\" data-align=\"center\">ANC &#8211; Analista em Computa\u00e7\u00e3o<br \/>\/ \u00eanfase em Programa\u00e7\u00e3o de<br \/>Sistemas na Tecnologia JAVA<\/td><td class=\"has-text-align-center\" data-align=\"center\">21<\/td><td class=\"has-text-align-center\" data-align=\"center\">R$ 8.302,13<\/td><\/tr><tr><td class=\"has-text-align-center\" data-align=\"center\">ANC \u2013 Analista em<br \/>Computa\u00e7\u00e3o\/ \u00eanfase em<br \/>Programa\u00e7\u00e3o de Sistemas na<br \/>Tecnologia MICROSOFT<\/td><td class=\"has-text-align-center\" data-align=\"center\">21<\/td><td class=\"has-text-align-center\" data-align=\"center\">R$ 8.302,13<\/td><\/tr><tr><td class=\"has-text-align-center\" data-align=\"center\">ANC \u2013 Analista em<br \/>Computa\u00e7\u00e3o\/ \u00eanfase em<br \/>Suporte em Banco de Dados<\/td><td class=\"has-text-align-center\" data-align=\"center\">02<\/td><td class=\"has-text-align-center\" data-align=\"center\">R$ 8.302,13<\/td><\/tr><tr><td class=\"has-text-align-center\" data-align=\"center\">ANC \u2013 Analista em<br \/>Computa\u00e7\u00e3o\/ \u00eanfase em<br \/>Gerenciamento de Projetos na<br \/>\u00c1rea Operacional<\/td><td class=\"has-text-align-center\" data-align=\"center\">02<\/td><td class=\"has-text-align-center\" data-align=\"center\">R$ 8.302,13<\/td><\/tr><tr><td class=\"has-text-align-center\" data-align=\"center\">ANC \u2013 Analista em<br \/>Computa\u00e7\u00e3o\/ \u00eanfase em<br \/>Seguran\u00e7a da Informa\u00e7\u00e3o<\/td><td class=\"has-text-align-center\" data-align=\"center\">02<\/td><td class=\"has-text-align-center\" data-align=\"center\">R$ 8.302,13<\/td><\/tr><tr><td class=\"has-text-align-center\" data-align=\"center\">ANT &#8211; Analista T\u00e9cnico \/<br \/>Engenheiro de Seguran\u00e7a do<br \/>Trabalho<\/td><td class=\"has-text-align-center\" data-align=\"center\">01<\/td><td class=\"has-text-align-center\" data-align=\"center\">R$ 13.646,00<\/td><\/tr><\/tbody><\/table><figcaption class=\"wp-element-caption\">Quadro de vagas e remunera\u00e7\u00e3o aos cargos de n\u00edvel superior<\/figcaption><\/figure>\n\n\n\n<h2 class=\"wp-block-heading\" id=\"etapas\">Concurso PROCERGS: etapa de prova<\/h2>\n\n\n\n<p>O concurso PROCERGS <strong>\u00e9 constitu\u00eddo de apenas uma \u00fanica etapa<\/strong>, sendo esta uma prova objetiva, de car\u00e1ter classificat\u00f3rio e eliminat\u00f3rio.<\/p>\n\n\n\n<p>Ela foi realizada no munic\u00edpio de Porto Alegre\/RS e teve dura\u00e7\u00e3o de 3 horas e 30 minutos. Confira a composi\u00e7\u00e3o na tabela abaixo:<\/p>\n\n\n\n<figure class=\"wp-block-image aligncenter size-full\"><img loading=\"lazy\" decoding=\"async\" width=\"892\" height=\"762\" src=\"https:\/\/dhg1h5j42swfq.cloudfront.net\/2025\/05\/01135903\/prova-pro.png\" alt=\"PROVAS CONCURSO PROCERGS\" class=\"wp-image-1599839\" srcset=\"https:\/\/dhg1h5j42swfq.cloudfront.net\/2025\/05\/01135903\/prova-pro.png 892w, https:\/\/dhg1h5j42swfq.cloudfront.net\/2025\/05\/01135903\/prova-pro-300x256.png 300w, https:\/\/dhg1h5j42swfq.cloudfront.net\/2025\/05\/01135903\/prova-pro-768x656.png 768w, https:\/\/dhg1h5j42swfq.cloudfront.net\/2025\/05\/01135903\/prova-pro-150x128.png 150w\" sizes=\"auto, (max-width: 892px) 100vw, 892px\" \/><\/figure>\n\n\n\n<hr class=\"wp-block-separator has-css-opacity\"\/>\n\n\n\n<h2 class=\"wp-block-heading has-text-align-center\" id=\"cursos-assinatura\"><em>Quer estudar para o concurso PROCERGS?<\/em><\/h2>\n\n\n\n<div class=\"container\" id=\"boxes\">\n  <div class=\"row\">\n\n    <div class=\"col-sm\">\n      <div class=\"banner-adm\" id=\"box-assinatura\">\n        <h3 class=\"titulo-assinatura\">Concurso PROCERGS<\/h3>\n        <p class=\"subtitulo-assinatura\">Estude conosco<\/p>\n        <div class=\"box-botao\">\n          <a class=\"btn-assinatura\" target=\"_blank\" href=\"https:\/\/www.estrategiaconcursos.com.br\/cursosPorConcurso\/centro-de-tecnologia-da-informacao-e-comunicacao-do-estado-do-rio-grande-do-sul-procergs\/\" role=\"button\" rel=\"noopener noreferrer\">Conhe\u00e7a os cursos<\/a>\n        <\/div>\n      <\/div>\n      \n    <\/div>\n\n  <\/div>\n<\/div>\n\n\n\n<div class=\"container\" id=\"boxes\">\n  <div class=\"row\">\n\n    <div class=\"col-sm\">\n      <div class=\"estrategia\" id=\"box-assinatura\">\n        <h3 class=\"titulo-assinatura\"> Concursos P\u00fablicos\n        <p class=\"subtitulo-assinatura\">Assinatura de 1 ano ou 2 anos<\/p>\n        <div class=\"box-botao\">\n          <a class=\"btn-assinatura\" target=\"_blank\" href=\"https:\/\/www.estrategiaconcursos.com.br\/assinaturas\/\" role=\"button\" rel=\"noopener noreferrer\">ASSINE AGORA<\/a>\n        <\/div>\n      <\/h3><\/div><\/div><\/div><\/div>\n\n\n\n<h2 class=\"wp-block-heading has-text-align-center\" id=\"h-quer-saber-tudo-sobre-concursos-previstos-confira-nossos-artigos\">Quer saber tudo sobre concursos previstos?<br \/>Confira nossos artigos!<\/h2>\n\n\n\n<ul class=\"wp-block-list\">\n<li><a href=\"https:\/\/www.estrategiaconcursos.com.br\/blog\/concursos-abertos\/\" target=\"_blank\" rel=\"noreferrer noopener\">Concursos Abertos<\/a><\/li>\n\n\n\n<li><a href=\"https:\/\/www.estrategiaconcursos.com.br\/blog\/concursos-2026\/\" target=\"_blank\" rel=\"noreferrer noopener\">Concursos 2026<\/a><\/li>\n<\/ul>\n\n\n\n<figure class=\"wp-block-image size-large is-resized\"><img loading=\"lazy\" decoding=\"async\" width=\"1024\" height=\"632\" src=\"https:\/\/dhg1h5j42swfq.cloudfront.net\/2021\/08\/18151931\/ficha-tecnica-3-1024x632.png\" alt=\"Informa\u00e7\u00f5es do concurso PROCERGS\" class=\"wp-image-839757\" style=\"width:297px;height:183px\" srcset=\"https:\/\/dhg1h5j42swfq.cloudfront.net\/2021\/08\/18151931\/ficha-tecnica-3-1024x632.png 1024w, https:\/\/dhg1h5j42swfq.cloudfront.net\/2021\/08\/18151931\/ficha-tecnica-3-300x185.png 300w, https:\/\/dhg1h5j42swfq.cloudfront.net\/2021\/08\/18151931\/ficha-tecnica-3-768x474.png 768w, https:\/\/dhg1h5j42swfq.cloudfront.net\/2021\/08\/18151931\/ficha-tecnica-3-1536x948.png 1536w, https:\/\/dhg1h5j42swfq.cloudfront.net\/2021\/08\/18151931\/ficha-tecnica-3-610x377.png 610w, https:\/\/dhg1h5j42swfq.cloudfront.net\/2021\/08\/18151931\/ficha-tecnica-3.png 1571w\" sizes=\"auto, (max-width: 1024px) 100vw, 1024px\" \/><\/figure>\n\n\n\n<h3 class=\"wp-block-heading\" id=\"ficha\">Informa\u00e7\u00f5es do concurso PROCERGS<\/h3>\n\n\n\n<ul class=\"wp-block-list\">\n<li><strong>Data prova<\/strong>:<s> 28\/09\/2025<\/s> e <s>07\/12\/2025<\/s><\/li>\n\n\n\n<li><strong>Vagas<\/strong>: 62<\/li>\n\n\n\n<li><strong>Cargos<\/strong>: diversos<\/li>\n\n\n\n<li><strong>Banca<\/strong>: Fundatec<\/li>\n\n\n\n<li><strong>Escolaridade<\/strong>: n\u00edveis m\u00e9dio e superior<\/li>\n\n\n\n<li><strong>Edital:<\/strong> <a href=\"https:\/\/dhg1h5j42swfq.cloudfront.net\/2025\/07\/01140800\/edital_abertura_01-07.pdf\" target=\"_blank\" rel=\"noreferrer noopener nofollow\">PROCERGS 2025<\/a><\/li>\n<\/ul>\n","protected":false},"excerpt":{"rendered":"<p>Aten\u00e7\u00e3o, concurseiros! Os candidatos de Assistente Administrativo do concurso da PROCERGS (Centro de Tecnologia da Informa\u00e7\u00e3o e Comunica\u00e7\u00e3o do Estado do RS) j\u00e1 podem conferir os gabaritos. Recursos ser\u00e3o aceitos durante os dias 10 e 12 de dezembro, diretamente no site da banca organizadora, a Fundatec. Enquanto isso, para os demais cargos, a homologa\u00e7\u00e3o do [&hellip;]<\/p>\n","protected":false},"author":1,"featured_media":700103,"comment_status":"open","ping_status":"closed","sticky":false,"template":"","format":"standard","meta":{"post_tipo":"news_page","footnotes":""},"categories":[214992],"tags":[],"tax_estado":[219986],"class_list":["post-699147","post","type-post","status-publish","format-standard","has-post-thumbnail","hentry","category-concursos-administrativos","tax_estado-rs"],"acf":[],"yoast_head":"<!-- This site is optimized with the Yoast SEO Premium plugin v27.2 (Yoast SEO v27.2) - https:\/\/yoast.com\/product\/yoast-seo-premium-wordpress\/ -->\n<title>Concurso PROCERGS: gabaritos para Assistente s\u00e3o divulgados!<\/title>\n<meta name=\"description\" content=\"Concurso PROCERGS: edital com 62 vagas teve gabaritos preliminares divulgados homologa\u00e7\u00e3o do resultado final. Confira!\" \/>\n<meta name=\"robots\" content=\"index, follow, max-snippet:-1, max-image-preview:large, max-video-preview:-1\" \/>\n<link rel=\"canonical\" href=\"https:\/\/www.estrategiaconcursos.com.br\/blog\/concurso-procergs\/\" \/>\n<meta property=\"og:locale\" content=\"pt_BR\" \/>\n<meta property=\"og:type\" content=\"article\" \/>\n<meta property=\"og:title\" content=\"Concurso PROCERGS: gabaritos para Assistente s\u00e3o divulgados!\" \/>\n<meta property=\"og:description\" content=\"Concurso PROCERGS: edital com 62 vagas teve gabaritos preliminares divulgados homologa\u00e7\u00e3o do resultado final. Confira!\" \/>\n<meta property=\"og:url\" content=\"https:\/\/www.estrategiaconcursos.com.br\/blog\/concurso-procergs\/\" \/>\n<meta property=\"og:site_name\" content=\"Estrat\u00e9gia Concursos\" \/>\n<meta property=\"article:author\" content=\"https:\/\/www.facebook.com\/EstrategiaConcursos\" \/>\n<meta property=\"article:published_time\" content=\"2025-12-10T13:53:00+00:00\" \/>\n<meta property=\"article:modified_time\" content=\"2025-12-10T20:31:58+00:00\" \/>\n<meta property=\"og:image\" content=\"https:\/\/dhg1h5j42swfq.cloudfront.net\/2021\/03\/24104106\/procergs.jpg\" \/>\n\t<meta property=\"og:image:width\" content=\"1200\" \/>\n\t<meta property=\"og:image:height\" content=\"628\" \/>\n\t<meta property=\"og:image:type\" content=\"image\/jpeg\" \/>\n<meta name=\"author\" content=\"Coordena\u00e7\u00e3o\" \/>\n<meta name=\"twitter:card\" content=\"summary_large_image\" \/>\n<meta name=\"twitter:creator\" content=\"@EstratConcursos\" \/>\n<meta name=\"twitter:site\" content=\"@EstratConcursos\" \/>\n<meta name=\"twitter:label1\" content=\"Escrito por\" \/>\n\t<meta name=\"twitter:data1\" content=\"Coordena\u00e7\u00e3o\" \/>\n\t<meta name=\"twitter:label2\" content=\"Est. tempo de leitura\" \/>\n\t<meta name=\"twitter:data2\" content=\"4 minutos\" \/>\n<script type=\"application\/ld+json\" class=\"yoast-schema-graph\">{\"@context\":\"https:\/\/schema.org\",\"@graph\":[{\"@type\":\"NewsArticle\",\"@id\":\"https:\/\/www.estrategiaconcursos.com.br\/blog\/concurso-procergs\/#article\",\"isPartOf\":{\"@id\":\"https:\/\/www.estrategiaconcursos.com.br\/blog\/concurso-procergs\/\"},\"author\":{\"name\":\"Coordena\u00e7\u00e3o\",\"@id\":\"https:\/\/www.estrategiaconcursos.com.br\/blog\/#\/schema\/person\/b4a388c97673c5f483d72185668afa1f\"},\"headline\":\"Concurso PROCERGS: gabaritos para Assistente s\u00e3o divulgados!\",\"datePublished\":\"2025-12-10T13:53:00+00:00\",\"dateModified\":\"2025-12-10T20:31:58+00:00\",\"mainEntityOfPage\":{\"@id\":\"https:\/\/www.estrategiaconcursos.com.br\/blog\/concurso-procergs\/\"},\"wordCount\":665,\"commentCount\":0,\"publisher\":{\"@id\":\"https:\/\/www.estrategiaconcursos.com.br\/blog\/#organization\"},\"image\":{\"@id\":\"https:\/\/www.estrategiaconcursos.com.br\/blog\/concurso-procergs\/#primaryimage\"},\"thumbnailUrl\":\"https:\/\/dhg1h5j42swfq.cloudfront.net\/2021\/03\/24104106\/procergs.jpg\",\"articleSection\":[\"Executivo (Administrativa)\"],\"inLanguage\":\"pt-BR\",\"potentialAction\":[{\"@type\":\"CommentAction\",\"name\":\"Comment\",\"target\":[\"https:\/\/www.estrategiaconcursos.com.br\/blog\/concurso-procergs\/#respond\"]}],\"copyrightYear\":\"2025\",\"copyrightHolder\":{\"@id\":\"https:\/\/www.estrategiaconcursos.com.br\/blog\/#organization\"}},{\"@type\":\"WebPage\",\"@id\":\"https:\/\/www.estrategiaconcursos.com.br\/blog\/concurso-procergs\/\",\"url\":\"https:\/\/www.estrategiaconcursos.com.br\/blog\/concurso-procergs\/\",\"name\":\"Concurso PROCERGS: gabaritos para Assistente s\u00e3o divulgados!\",\"isPartOf\":{\"@id\":\"https:\/\/www.estrategiaconcursos.com.br\/blog\/#website\"},\"primaryImageOfPage\":{\"@id\":\"https:\/\/www.estrategiaconcursos.com.br\/blog\/concurso-procergs\/#primaryimage\"},\"image\":{\"@id\":\"https:\/\/www.estrategiaconcursos.com.br\/blog\/concurso-procergs\/#primaryimage\"},\"thumbnailUrl\":\"https:\/\/dhg1h5j42swfq.cloudfront.net\/2021\/03\/24104106\/procergs.jpg\",\"datePublished\":\"2025-12-10T13:53:00+00:00\",\"dateModified\":\"2025-12-10T20:31:58+00:00\",\"description\":\"Concurso PROCERGS: edital com 62 vagas teve gabaritos preliminares divulgados homologa\u00e7\u00e3o do resultado final. Confira!\",\"breadcrumb\":{\"@id\":\"https:\/\/www.estrategiaconcursos.com.br\/blog\/concurso-procergs\/#breadcrumb\"},\"inLanguage\":\"pt-BR\",\"potentialAction\":[{\"@type\":\"ReadAction\",\"target\":[\"https:\/\/www.estrategiaconcursos.com.br\/blog\/concurso-procergs\/\"]}]},{\"@type\":\"ImageObject\",\"inLanguage\":\"pt-BR\",\"@id\":\"https:\/\/www.estrategiaconcursos.com.br\/blog\/concurso-procergs\/#primaryimage\",\"url\":\"https:\/\/dhg1h5j42swfq.cloudfront.net\/2021\/03\/24104106\/procergs.jpg\",\"contentUrl\":\"https:\/\/dhg1h5j42swfq.cloudfront.net\/2021\/03\/24104106\/procergs.jpg\",\"width\":1200,\"height\":628,\"caption\":\"Concurso PROCERGS revis\u00e3o de v\u00e9spera\"},{\"@type\":\"BreadcrumbList\",\"@id\":\"https:\/\/www.estrategiaconcursos.com.br\/blog\/concurso-procergs\/#breadcrumb\",\"itemListElement\":[{\"@type\":\"ListItem\",\"position\":1,\"name\":\"In\u00edcio\",\"item\":\"https:\/\/www.estrategiaconcursos.com.br\/blog\/\"},{\"@type\":\"ListItem\",\"position\":2,\"name\":\"Concurso PROCERGS: gabaritos para Assistente s\u00e3o divulgados!\"}]},{\"@type\":\"WebSite\",\"@id\":\"https:\/\/www.estrategiaconcursos.com.br\/blog\/#website\",\"url\":\"https:\/\/www.estrategiaconcursos.com.br\/blog\/\",\"name\":\"Estrat\u00e9gia Concursos\",\"description\":\"O blog da Estrat\u00e9gia Concursos traz not\u00edcias sobre concursos e artigos de professores oferecendo cursos para concursos (pdf + videaulas) no site.\",\"publisher\":{\"@id\":\"https:\/\/www.estrategiaconcursos.com.br\/blog\/#organization\"},\"potentialAction\":[{\"@type\":\"SearchAction\",\"target\":{\"@type\":\"EntryPoint\",\"urlTemplate\":\"https:\/\/www.estrategiaconcursos.com.br\/blog\/?s={search_term_string}\"},\"query-input\":{\"@type\":\"PropertyValueSpecification\",\"valueRequired\":true,\"valueName\":\"search_term_string\"}}],\"inLanguage\":\"pt-BR\"},{\"@type\":\"Organization\",\"@id\":\"https:\/\/www.estrategiaconcursos.com.br\/blog\/#organization\",\"name\":\"Estrat\u00e9gia Concursos\",\"url\":\"https:\/\/www.estrategiaconcursos.com.br\/blog\/\",\"logo\":{\"@type\":\"ImageObject\",\"inLanguage\":\"pt-BR\",\"@id\":\"https:\/\/www.estrategiaconcursos.com.br\/blog\/#\/schema\/logo\/image\/\",\"url\":\"https:\/\/dhg1h5j42swfq.cloudfront.net\/2025\/06\/03203428\/logo_concursos-1.jpg\",\"contentUrl\":\"https:\/\/dhg1h5j42swfq.cloudfront.net\/2025\/06\/03203428\/logo_concursos-1.jpg\",\"width\":230,\"height\":60,\"caption\":\"Estrat\u00e9gia Concursos\"},\"image\":{\"@id\":\"https:\/\/www.estrategiaconcursos.com.br\/blog\/#\/schema\/logo\/image\/\"},\"sameAs\":[\"https:\/\/x.com\/EstratConcursos\"]},{\"@type\":\"Person\",\"@id\":\"https:\/\/www.estrategiaconcursos.com.br\/blog\/#\/schema\/person\/b4a388c97673c5f483d72185668afa1f\",\"name\":\"Coordena\u00e7\u00e3o\",\"image\":{\"@type\":\"ImageObject\",\"inLanguage\":\"pt-BR\",\"@id\":\"https:\/\/secure.gravatar.com\/avatar\/b720319e4c9a967eb58678d110f4fe35452fc5d5f97b202bac7b8acceb18c6ad?s=96&d=mm&r=g\",\"url\":\"https:\/\/secure.gravatar.com\/avatar\/b720319e4c9a967eb58678d110f4fe35452fc5d5f97b202bac7b8acceb18c6ad?s=96&d=mm&r=g\",\"contentUrl\":\"https:\/\/secure.gravatar.com\/avatar\/b720319e4c9a967eb58678d110f4fe35452fc5d5f97b202bac7b8acceb18c6ad?s=96&d=mm&r=g\",\"caption\":\"Coordena\u00e7\u00e3o\"},\"sameAs\":[\"https:\/\/www.facebook.com\/EstrategiaConcursos\",\"https:\/\/x.com\/EstratConcursos\"],\"url\":\"https:\/\/www.estrategiaconcursos.com.br\/blog\/author\/estrategia2013\/\"}]}<\/script>\n<!-- \/ Yoast SEO Premium plugin. -->","yoast_head_json":{"title":"Concurso PROCERGS: gabaritos para Assistente s\u00e3o divulgados!","description":"Concurso PROCERGS: edital com 62 vagas teve gabaritos preliminares divulgados homologa\u00e7\u00e3o do resultado final. Confira!","robots":{"index":"index","follow":"follow","max-snippet":"max-snippet:-1","max-image-preview":"max-image-preview:large","max-video-preview":"max-video-preview:-1"},"canonical":"https:\/\/www.estrategiaconcursos.com.br\/blog\/concurso-procergs\/","og_locale":"pt_BR","og_type":"article","og_title":"Concurso PROCERGS: gabaritos para Assistente s\u00e3o divulgados!","og_description":"Concurso PROCERGS: edital com 62 vagas teve gabaritos preliminares divulgados homologa\u00e7\u00e3o do resultado final. Confira!","og_url":"https:\/\/www.estrategiaconcursos.com.br\/blog\/concurso-procergs\/","og_site_name":"Estrat\u00e9gia Concursos","article_author":"https:\/\/www.facebook.com\/EstrategiaConcursos","article_published_time":"2025-12-10T13:53:00+00:00","article_modified_time":"2025-12-10T20:31:58+00:00","og_image":[{"width":1200,"height":628,"url":"https:\/\/dhg1h5j42swfq.cloudfront.net\/2021\/03\/24104106\/procergs.jpg","type":"image\/jpeg"}],"author":"Coordena\u00e7\u00e3o","twitter_card":"summary_large_image","twitter_creator":"@EstratConcursos","twitter_site":"@EstratConcursos","twitter_misc":{"Escrito por":"Coordena\u00e7\u00e3o","Est. tempo de leitura":"4 minutos"},"schema":{"@context":"https:\/\/schema.org","@graph":[{"@type":"NewsArticle","@id":"https:\/\/www.estrategiaconcursos.com.br\/blog\/concurso-procergs\/#article","isPartOf":{"@id":"https:\/\/www.estrategiaconcursos.com.br\/blog\/concurso-procergs\/"},"author":{"name":"Coordena\u00e7\u00e3o","@id":"https:\/\/www.estrategiaconcursos.com.br\/blog\/#\/schema\/person\/b4a388c97673c5f483d72185668afa1f"},"headline":"Concurso PROCERGS: gabaritos para Assistente s\u00e3o divulgados!","datePublished":"2025-12-10T13:53:00+00:00","dateModified":"2025-12-10T20:31:58+00:00","mainEntityOfPage":{"@id":"https:\/\/www.estrategiaconcursos.com.br\/blog\/concurso-procergs\/"},"wordCount":665,"commentCount":0,"publisher":{"@id":"https:\/\/www.estrategiaconcursos.com.br\/blog\/#organization"},"image":{"@id":"https:\/\/www.estrategiaconcursos.com.br\/blog\/concurso-procergs\/#primaryimage"},"thumbnailUrl":"https:\/\/dhg1h5j42swfq.cloudfront.net\/2021\/03\/24104106\/procergs.jpg","articleSection":["Executivo (Administrativa)"],"inLanguage":"pt-BR","potentialAction":[{"@type":"CommentAction","name":"Comment","target":["https:\/\/www.estrategiaconcursos.com.br\/blog\/concurso-procergs\/#respond"]}],"copyrightYear":"2025","copyrightHolder":{"@id":"https:\/\/www.estrategiaconcursos.com.br\/blog\/#organization"}},{"@type":"WebPage","@id":"https:\/\/www.estrategiaconcursos.com.br\/blog\/concurso-procergs\/","url":"https:\/\/www.estrategiaconcursos.com.br\/blog\/concurso-procergs\/","name":"Concurso PROCERGS: gabaritos para Assistente s\u00e3o divulgados!","isPartOf":{"@id":"https:\/\/www.estrategiaconcursos.com.br\/blog\/#website"},"primaryImageOfPage":{"@id":"https:\/\/www.estrategiaconcursos.com.br\/blog\/concurso-procergs\/#primaryimage"},"image":{"@id":"https:\/\/www.estrategiaconcursos.com.br\/blog\/concurso-procergs\/#primaryimage"},"thumbnailUrl":"https:\/\/dhg1h5j42swfq.cloudfront.net\/2021\/03\/24104106\/procergs.jpg","datePublished":"2025-12-10T13:53:00+00:00","dateModified":"2025-12-10T20:31:58+00:00","description":"Concurso PROCERGS: edital com 62 vagas teve gabaritos preliminares divulgados homologa\u00e7\u00e3o do resultado final. Confira!","breadcrumb":{"@id":"https:\/\/www.estrategiaconcursos.com.br\/blog\/concurso-procergs\/#breadcrumb"},"inLanguage":"pt-BR","potentialAction":[{"@type":"ReadAction","target":["https:\/\/www.estrategiaconcursos.com.br\/blog\/concurso-procergs\/"]}]},{"@type":"ImageObject","inLanguage":"pt-BR","@id":"https:\/\/www.estrategiaconcursos.com.br\/blog\/concurso-procergs\/#primaryimage","url":"https:\/\/dhg1h5j42swfq.cloudfront.net\/2021\/03\/24104106\/procergs.jpg","contentUrl":"https:\/\/dhg1h5j42swfq.cloudfront.net\/2021\/03\/24104106\/procergs.jpg","width":1200,"height":628,"caption":"Concurso PROCERGS revis\u00e3o de v\u00e9spera"},{"@type":"BreadcrumbList","@id":"https:\/\/www.estrategiaconcursos.com.br\/blog\/concurso-procergs\/#breadcrumb","itemListElement":[{"@type":"ListItem","position":1,"name":"In\u00edcio","item":"https:\/\/www.estrategiaconcursos.com.br\/blog\/"},{"@type":"ListItem","position":2,"name":"Concurso PROCERGS: gabaritos para Assistente s\u00e3o divulgados!"}]},{"@type":"WebSite","@id":"https:\/\/www.estrategiaconcursos.com.br\/blog\/#website","url":"https:\/\/www.estrategiaconcursos.com.br\/blog\/","name":"Estrat\u00e9gia Concursos","description":"O blog da Estrat\u00e9gia Concursos traz not\u00edcias sobre concursos e artigos de professores oferecendo cursos para concursos (pdf + videaulas) no site.","publisher":{"@id":"https:\/\/www.estrategiaconcursos.com.br\/blog\/#organization"},"potentialAction":[{"@type":"SearchAction","target":{"@type":"EntryPoint","urlTemplate":"https:\/\/www.estrategiaconcursos.com.br\/blog\/?s={search_term_string}"},"query-input":{"@type":"PropertyValueSpecification","valueRequired":true,"valueName":"search_term_string"}}],"inLanguage":"pt-BR"},{"@type":"Organization","@id":"https:\/\/www.estrategiaconcursos.com.br\/blog\/#organization","name":"Estrat\u00e9gia Concursos","url":"https:\/\/www.estrategiaconcursos.com.br\/blog\/","logo":{"@type":"ImageObject","inLanguage":"pt-BR","@id":"https:\/\/www.estrategiaconcursos.com.br\/blog\/#\/schema\/logo\/image\/","url":"https:\/\/dhg1h5j42swfq.cloudfront.net\/2025\/06\/03203428\/logo_concursos-1.jpg","contentUrl":"https:\/\/dhg1h5j42swfq.cloudfront.net\/2025\/06\/03203428\/logo_concursos-1.jpg","width":230,"height":60,"caption":"Estrat\u00e9gia Concursos"},"image":{"@id":"https:\/\/www.estrategiaconcursos.com.br\/blog\/#\/schema\/logo\/image\/"},"sameAs":["https:\/\/x.com\/EstratConcursos"]},{"@type":"Person","@id":"https:\/\/www.estrategiaconcursos.com.br\/blog\/#\/schema\/person\/b4a388c97673c5f483d72185668afa1f","name":"Coordena\u00e7\u00e3o","image":{"@type":"ImageObject","inLanguage":"pt-BR","@id":"https:\/\/secure.gravatar.com\/avatar\/b720319e4c9a967eb58678d110f4fe35452fc5d5f97b202bac7b8acceb18c6ad?s=96&d=mm&r=g","url":"https:\/\/secure.gravatar.com\/avatar\/b720319e4c9a967eb58678d110f4fe35452fc5d5f97b202bac7b8acceb18c6ad?s=96&d=mm&r=g","contentUrl":"https:\/\/secure.gravatar.com\/avatar\/b720319e4c9a967eb58678d110f4fe35452fc5d5f97b202bac7b8acceb18c6ad?s=96&d=mm&r=g","caption":"Coordena\u00e7\u00e3o"},"sameAs":["https:\/\/www.facebook.com\/EstrategiaConcursos","https:\/\/x.com\/EstratConcursos"],"url":"https:\/\/www.estrategiaconcursos.com.br\/blog\/author\/estrategia2013\/"}]}},"_links":{"self":[{"href":"https:\/\/www.estrategiaconcursos.com.br\/blog\/wp-json\/wp\/v2\/posts\/699147","targetHints":{"allow":["GET"]}}],"collection":[{"href":"https:\/\/www.estrategiaconcursos.com.br\/blog\/wp-json\/wp\/v2\/posts"}],"about":[{"href":"https:\/\/www.estrategiaconcursos.com.br\/blog\/wp-json\/wp\/v2\/types\/post"}],"author":[{"embeddable":true,"href":"https:\/\/www.estrategiaconcursos.com.br\/blog\/wp-json\/wp\/v2\/users\/1"}],"replies":[{"embeddable":true,"href":"https:\/\/www.estrategiaconcursos.com.br\/blog\/wp-json\/wp\/v2\/comments?post=699147"}],"version-history":[{"count":97,"href":"https:\/\/www.estrategiaconcursos.com.br\/blog\/wp-json\/wp\/v2\/posts\/699147\/revisions"}],"predecessor-version":[{"id":1683268,"href":"https:\/\/www.estrategiaconcursos.com.br\/blog\/wp-json\/wp\/v2\/posts\/699147\/revisions\/1683268"}],"wp:featuredmedia":[{"embeddable":true,"href":"https:\/\/www.estrategiaconcursos.com.br\/blog\/wp-json\/wp\/v2\/media\/700103"}],"wp:attachment":[{"href":"https:\/\/www.estrategiaconcursos.com.br\/blog\/wp-json\/wp\/v2\/media?parent=699147"}],"wp:term":[{"taxonomy":"category","embeddable":true,"href":"https:\/\/www.estrategiaconcursos.com.br\/blog\/wp-json\/wp\/v2\/categories?post=699147"},{"taxonomy":"post_tag","embeddable":true,"href":"https:\/\/www.estrategiaconcursos.com.br\/blog\/wp-json\/wp\/v2\/tags?post=699147"},{"taxonomy":"tax_estado","embeddable":true,"href":"https:\/\/www.estrategiaconcursos.com.br\/blog\/wp-json\/wp\/v2\/tax_estado?post=699147"}],"curies":[{"name":"wp","href":"https:\/\/api.w.org\/{rel}","templated":true}]}}