{"id":699096,"date":"2021-03-23T10:35:56","date_gmt":"2021-03-23T13:35:56","guid":{"rendered":"https:\/\/www.estrategiaconcursos.com.br\/blog\/?p=699096"},"modified":"2021-03-23T13:53:46","modified_gmt":"2021-03-23T16:53:46","slug":"secult-df-formado-grupo-de-trabalho-para-concurso","status":"publish","type":"post","link":"https:\/\/www.estrategiaconcursos.com.br\/blog\/secult-df-formado-grupo-de-trabalho-para-concurso\/","title":{"rendered":"Secult DF: formado grupo de trabalho para concurso"},"content":{"rendered":"\n<p>A <strong>Secretaria de Estado de Cultura e Economia Criativa do Distrito Federa<\/strong>l (Secult DF), atrav\u00e9s da Portaria n\u00ba 30, de 22 de mar\u00e7o de 2021, publicada no Di\u00e1rio Oficial do Distrito Federal, constituiu um <strong>novo Grupo de Trabalho<\/strong> com objetivo de formular <strong>pedido para realiza\u00e7\u00e3o de concurso p\u00fablico<\/strong> junto \u00e0 Secretaria de Estado de Economia do Distrito Federal.<\/p>\n\n\n\n<p>Al\u00e9m disso, a equipe dever\u00e1 propor a cria\u00e7\u00e3o e reativa\u00e7\u00e3o de especialidades dos cargos de Analista, T\u00e9cnico e Auxiliar de Atividades Culturais junto ao \u00f3rg\u00e3o (Secretaria de Estado de Economia). O grupo ter\u00e1 o prazo de 30 dias para conclus\u00e3o dos trabalhos, podendo ser prorrogado por igual per\u00edodo, caso seja necess\u00e1rio. <\/p>\n\n\n\n<p>Vale destacar que os membros integrantes do grupo de trabalho s\u00e3o servidores da pr\u00f3pria Secult DF. Na imagem abaixo voc\u00ea confere cada um deles:<\/p>\n\n\n\n<div class=\"wp-block-image\"><figure class=\"aligncenter size-large is-resized\"><img loading=\"lazy\" decoding=\"async\" src=\"https:\/\/dhg1h5j42swfq.cloudfront.net\/2021\/03\/23093356\/image-24-1.png\" alt=\"Portaria N 30 (Secult DF)\" class=\"wp-image-699107\" width=\"500\" height=\"343\" srcset=\"https:\/\/dhg1h5j42swfq.cloudfront.net\/2021\/03\/23093356\/image-24-1.png 695w, https:\/\/dhg1h5j42swfq.cloudfront.net\/2021\/03\/23093356\/image-24-1-300x206.png 300w, https:\/\/dhg1h5j42swfq.cloudfront.net\/2021\/03\/23093356\/image-24-1-610x419.png 610w\" sizes=\"auto, (max-width: 500px) 100vw, 500px\" \/><\/figure><\/div>\n\n\n\n<p>Recentemente, diversas\u00a0<a href=\"https:\/\/www.estrategiaconcursos.com.br\/blog\/concurso-df\/\" target=\"_blank\" rel=\"noreferrer noopener\">sele\u00e7\u00f5es no Distrito Federal foram autorizadas<\/a>\u00a0e algumas at\u00e9 j\u00e1 ganharam comiss\u00f5es organizadoras,<strong> o que aumenta as expectativas para que um novo concurso Secult DF possa acontecer nos pr\u00f3ximos meses. <\/strong><\/p>\n\n\n\n<p>At\u00e9 porque, o \u00faltimo concurso Secult DF ocorreu h\u00e1 sete anos, em 2014. Na ocasi\u00e3o, o edital ofertou 100 vagas para os cargos de Analista e T\u00e9cnico de Atividades Culturais. A institui\u00e7\u00e3o organizadora respons\u00e1vel pelo certame foi o Instituto Americano de Desenvolvimento (IADES).<\/p>\n\n\n\n<p>Deste total de vagas, 50 oportunidades foram para Analista de Atividades Culturais distribu\u00eddas entre as seguintes especialidades: Administra\u00e7\u00e3o, Arquivologia, Artes C\u00eanicas, Artes Pl\u00e1sticas, Biblioteconomia, Comunica\u00e7\u00e3o Social\/Jornalismo, Comunica\u00e7\u00e3o Social\/Radiodifus\u00e3o, Conserva\u00e7\u00e3o e Restauro, Contabilidade, Direito e Legisla\u00e7\u00e3o, Estat\u00edstica, Hist\u00f3ria, Letras, Museologia e Pedagogia.<\/p>\n\n\n\n<p>As outras 50 vagas foram ofertadas para o cargo de T\u00e9cnico de Atividades Culturais, distribu\u00eddas entre Agente Administrativo, T\u00e9cnico em Conserva\u00e7\u00e3o e Restauro e T\u00e9cnico em Contabilidade.<\/p>\n\n\n\n<p>Lembrando que a equipe de jornalismo do Estrat\u00e9gia segue acompanhando de perto todos os tr\u00e2mites referentes a essa poss\u00edvel sele\u00e7\u00e3o. Qualquer novidade ser\u00e1 atualizada em nosso site! Para acompanhar mais detalhes sobre o concurso Secult DF, basta acessar o link abaixo. Preparamos um artigo exclusivo e completo para voc\u00ea:<\/p>\n\n\n\n<p class=\"has-text-align-center has-background\" style=\"background-color:#c9d1d8;font-size:clamp(14.642px, 0.915rem + ((1vw - 3.2px) * 0.721), 22px);px\"><strong>Saiba mais: <a href=\"https:\/\/www.estrategiaconcursos.com.br\/blog\/concurso-secult-df\/\" target=\"_blank\" rel=\"noreferrer noopener\">Concurso Secult DF<\/a><\/strong><\/p>\n\n\n\n<h2 class=\"has-text-align-center wp-block-heading\" id=\"assinatura-e-cursos\">Assinatura e cursos para o concurso SECULT DF<\/h2>\n\n\n\n<div class=\"container\" id=\"boxes\">\n  <div class=\"row\">\n\n    <div class=\"col-sm\">\n      <div class=\"banner-estrategia\" id=\"box-assinatura\">\n        <h3 class=\"titulo-assinatura\">Cursos para concursos<\/h3>\n        <p class=\"subtitulo-assinatura\">Estude conosco<\/p>\n        <div class=\"box-botao\">\n          <a class=\"btn-assinatura\" target=\"_blank\" href=\"https:\/\/www.estrategiaconcursos.com.br\/cursos\/\" role=\"button\" rel=\"noopener noreferrer\">Conhe\u00e7a os cursos<\/a>\n        <\/div>\n      <\/div>\n     \n    <\/div>\n\n  <\/div>\n<\/div>\n\n\n\n<div class=\"container\" id=\"boxes\">\n  <div class=\"row\">\n\n    <div class=\"col-sm\">\n      <div class=\"estrategia\" id=\"box-assinatura\">\n        <h3 class=\"titulo-assinatura\">Assinatura Concursos<\/h3>\n        <p class=\"subtitulo-assinatura\">Assinatura de 1 ano ou 2 anos<\/p>\n        <div class=\"box-botao\">\n          <a class=\"btn-assinatura\" target=\"_blank\" href=\"https:\/\/www.estrategiaconcursos.com.br\/assinaturas\/\" role=\"button\" rel=\"noopener noreferrer\">ASSINE AGORA<\/a>\n        <\/div>\n      <\/div>\n     \n    <\/div>\n\n    <div class=\"col-sm\">\n      <div class=\"questoes\" id=\"box-assinatura\">\n        <h3 class=\"titulo-assinatura\">Sistema de Quest\u00f5es<\/h3>\n        <p class=\"subtitulo-assinatura\">Assinatura de 1 ano ou 2 anos\n<\/p>\n        <div class=\"box-botao\">\n          <a class=\"btn-assinatura\" target=\"_blank\" href=\"https:\/\/questoes.estrategiaconcursos.com.br\/\" role=\"button\" rel=\"noopener noreferrer\">ASSINE AGORA<\/a>\n        <\/div>\n      <\/div>\n    \n    <\/div>\n  <\/div>\n<\/div>\n\n\n\n<div class=\"container\" id=\"boxes\">\n  <div class=\"row\">\n\n    <div class=\"col-sm\" id=\"boxes-concursos\">\n      <div style=\"background-color: #005DAD;\" class=\"conteudo-concursos\" id=\"box-concursos\">\n        <h3 class=\"titulo-assinatura\">Concursos Abertos<\/h3>\n        <p class=\"subtitulo-assinatura\">mais de 15 mil vagas<\/p>\n        <div class=\"box-botao\">\n          <a class=\"btn-assinatura\" target=\"_blank\" href=\"https:\/\/www.estrategiaconcursos.com.br\/blog\/concursos-abertos\/\" role=\"button\" rel=\"noopener noreferrer\">Conhe\u00e7a Agora<\/a>\n        <\/div>\n      <\/div>\n    <\/div>\n\n    <div class=\"col-sm\" id=\"boxes-concursos\">\n      <div style=\"background-color: #419FF0;\" class=\"conteudo-concursos\" id=\"box-concursos\">\n        <h3 class=\"titulo-assinatura\">Concursos 2021<\/h3>\n        <p class=\"subtitulo-assinatura\">mais de 50 mil vagas<\/p>\n        <div class=\"box-botao\">\n          <a class=\"btn-assinatura\" target=\"_blank\" href=\"https:\/\/www.estrategiaconcursos.com.br\/blog\/concursos-2021\/\" role=\"button\" rel=\"noopener noreferrer\">Conhe\u00e7a Agora<\/a>\n        <\/div>\n      <\/div>\n    <\/div>\n\n  <\/div>\n<\/div>\n\n\n\n<p><\/p>\n","protected":false},"excerpt":{"rendered":"<p>A Secretaria de Estado de Cultura e Economia Criativa do Distrito Federal (Secult DF), atrav\u00e9s da Portaria n\u00ba 30, de 22 de mar\u00e7o de 2021, publicada no Di\u00e1rio Oficial do Distrito Federal, constituiu um novo Grupo de Trabalho com objetivo de formular pedido para realiza\u00e7\u00e3o de concurso p\u00fablico junto \u00e0 Secretaria de Estado de Economia [&hellip;]<\/p>\n","protected":false},"author":1,"featured_media":699030,"comment_status":"open","ping_status":"closed","sticky":false,"template":"","format":"standard","meta":{"post_tipo":"news","footnotes":""},"categories":[214992],"tags":[],"tax_estado":[219970],"class_list":["post-699096","post","type-post","status-publish","format-standard","has-post-thumbnail","hentry","category-concursos-administrativos","tax_estado-df"],"acf":[],"yoast_head":"<!-- This site is optimized with the Yoast SEO Premium plugin v27.2 (Yoast SEO v27.2) - https:\/\/yoast.com\/product\/yoast-seo-premium-wordpress\/ -->\n<title>Secult DF: formado grupo de trabalho para concurso<\/title>\n<meta name=\"description\" content=\"Secult DF: Divulgada Portaria que disp\u00f5e sobre grupo de trabalho para elabora\u00e7\u00e3o de pedido de concurso p\u00fablico. Acesse e saiba mais!\" \/>\n<meta name=\"robots\" content=\"index, follow, max-snippet:-1, max-image-preview:large, max-video-preview:-1\" \/>\n<link rel=\"canonical\" href=\"https:\/\/www.estrategiaconcursos.com.br\/blog\/secult-df-formado-grupo-de-trabalho-para-concurso\/\" \/>\n<meta property=\"og:locale\" content=\"pt_BR\" \/>\n<meta property=\"og:type\" content=\"article\" \/>\n<meta property=\"og:title\" content=\"Secult DF: formado grupo de trabalho para concurso\" \/>\n<meta property=\"og:description\" content=\"Secult DF: Divulgada Portaria que disp\u00f5e sobre grupo de trabalho para elabora\u00e7\u00e3o de pedido de concurso p\u00fablico. Acesse e saiba mais!\" \/>\n<meta property=\"og:url\" content=\"https:\/\/www.estrategiaconcursos.com.br\/blog\/secult-df-formado-grupo-de-trabalho-para-concurso\/\" \/>\n<meta property=\"og:site_name\" content=\"Estrat\u00e9gia Concursos\" \/>\n<meta property=\"article:author\" content=\"https:\/\/www.facebook.com\/EstrategiaConcursos\" \/>\n<meta property=\"article:published_time\" content=\"2021-03-23T13:35:56+00:00\" \/>\n<meta property=\"article:modified_time\" content=\"2021-03-23T16:53:46+00:00\" \/>\n<meta property=\"og:image\" content=\"https:\/\/dhg1h5j42swfq.cloudfront.net\/2020\/05\/23084109\/secult_df.jpg\" \/>\n\t<meta property=\"og:image:width\" content=\"1200\" \/>\n\t<meta property=\"og:image:height\" content=\"628\" \/>\n\t<meta property=\"og:image:type\" content=\"image\/jpeg\" \/>\n<meta name=\"author\" content=\"Coordena\u00e7\u00e3o\" \/>\n<meta name=\"twitter:card\" content=\"summary_large_image\" \/>\n<meta name=\"twitter:creator\" content=\"@EstratConcursos\" \/>\n<meta name=\"twitter:site\" content=\"@EstratConcursos\" \/>\n<meta name=\"twitter:label1\" content=\"Escrito por\" \/>\n\t<meta name=\"twitter:data1\" content=\"Coordena\u00e7\u00e3o\" \/>\n\t<meta name=\"twitter:label2\" content=\"Est. tempo de leitura\" \/>\n\t<meta name=\"twitter:data2\" content=\"2 minutos\" \/>\n<script type=\"application\/ld+json\" class=\"yoast-schema-graph\">{\"@context\":\"https:\/\/schema.org\",\"@graph\":[{\"@type\":\"NewsArticle\",\"@id\":\"https:\/\/www.estrategiaconcursos.com.br\/blog\/secult-df-formado-grupo-de-trabalho-para-concurso\/#article\",\"isPartOf\":{\"@id\":\"https:\/\/www.estrategiaconcursos.com.br\/blog\/secult-df-formado-grupo-de-trabalho-para-concurso\/\"},\"author\":{\"name\":\"Coordena\u00e7\u00e3o\",\"@id\":\"https:\/\/www.estrategiaconcursos.com.br\/blog\/#\/schema\/person\/b4a388c97673c5f483d72185668afa1f\"},\"headline\":\"Secult DF: formado grupo de trabalho para concurso\",\"datePublished\":\"2021-03-23T13:35:56+00:00\",\"dateModified\":\"2021-03-23T16:53:46+00:00\",\"mainEntityOfPage\":{\"@id\":\"https:\/\/www.estrategiaconcursos.com.br\/blog\/secult-df-formado-grupo-de-trabalho-para-concurso\/\"},\"wordCount\":427,\"commentCount\":0,\"publisher\":{\"@id\":\"https:\/\/www.estrategiaconcursos.com.br\/blog\/#organization\"},\"image\":{\"@id\":\"https:\/\/www.estrategiaconcursos.com.br\/blog\/secult-df-formado-grupo-de-trabalho-para-concurso\/#primaryimage\"},\"thumbnailUrl\":\"https:\/\/dhg1h5j42swfq.cloudfront.net\/2020\/05\/23084109\/secult_df.jpg\",\"articleSection\":[\"Executivo (Administrativa)\"],\"inLanguage\":\"pt-BR\",\"potentialAction\":[{\"@type\":\"CommentAction\",\"name\":\"Comment\",\"target\":[\"https:\/\/www.estrategiaconcursos.com.br\/blog\/secult-df-formado-grupo-de-trabalho-para-concurso\/#respond\"]}],\"copyrightYear\":\"2021\",\"copyrightHolder\":{\"@id\":\"https:\/\/www.estrategiaconcursos.com.br\/blog\/#organization\"}},{\"@type\":\"WebPage\",\"@id\":\"https:\/\/www.estrategiaconcursos.com.br\/blog\/secult-df-formado-grupo-de-trabalho-para-concurso\/\",\"url\":\"https:\/\/www.estrategiaconcursos.com.br\/blog\/secult-df-formado-grupo-de-trabalho-para-concurso\/\",\"name\":\"Secult DF: formado grupo de trabalho para concurso\",\"isPartOf\":{\"@id\":\"https:\/\/www.estrategiaconcursos.com.br\/blog\/#website\"},\"primaryImageOfPage\":{\"@id\":\"https:\/\/www.estrategiaconcursos.com.br\/blog\/secult-df-formado-grupo-de-trabalho-para-concurso\/#primaryimage\"},\"image\":{\"@id\":\"https:\/\/www.estrategiaconcursos.com.br\/blog\/secult-df-formado-grupo-de-trabalho-para-concurso\/#primaryimage\"},\"thumbnailUrl\":\"https:\/\/dhg1h5j42swfq.cloudfront.net\/2020\/05\/23084109\/secult_df.jpg\",\"datePublished\":\"2021-03-23T13:35:56+00:00\",\"dateModified\":\"2021-03-23T16:53:46+00:00\",\"description\":\"Secult DF: Divulgada Portaria que disp\u00f5e sobre grupo de trabalho para elabora\u00e7\u00e3o de pedido de concurso p\u00fablico. Acesse e saiba mais!\",\"breadcrumb\":{\"@id\":\"https:\/\/www.estrategiaconcursos.com.br\/blog\/secult-df-formado-grupo-de-trabalho-para-concurso\/#breadcrumb\"},\"inLanguage\":\"pt-BR\",\"potentialAction\":[{\"@type\":\"ReadAction\",\"target\":[\"https:\/\/www.estrategiaconcursos.com.br\/blog\/secult-df-formado-grupo-de-trabalho-para-concurso\/\"]}]},{\"@type\":\"ImageObject\",\"inLanguage\":\"pt-BR\",\"@id\":\"https:\/\/www.estrategiaconcursos.com.br\/blog\/secult-df-formado-grupo-de-trabalho-para-concurso\/#primaryimage\",\"url\":\"https:\/\/dhg1h5j42swfq.cloudfront.net\/2020\/05\/23084109\/secult_df.jpg\",\"contentUrl\":\"https:\/\/dhg1h5j42swfq.cloudfront.net\/2020\/05\/23084109\/secult_df.jpg\",\"width\":1200,\"height\":628,\"caption\":\"Secult DF\"},{\"@type\":\"BreadcrumbList\",\"@id\":\"https:\/\/www.estrategiaconcursos.com.br\/blog\/secult-df-formado-grupo-de-trabalho-para-concurso\/#breadcrumb\",\"itemListElement\":[{\"@type\":\"ListItem\",\"position\":1,\"name\":\"In\u00edcio\",\"item\":\"https:\/\/www.estrategiaconcursos.com.br\/blog\/\"},{\"@type\":\"ListItem\",\"position\":2,\"name\":\"Secult DF: formado grupo de trabalho para concurso\"}]},{\"@type\":\"WebSite\",\"@id\":\"https:\/\/www.estrategiaconcursos.com.br\/blog\/#website\",\"url\":\"https:\/\/www.estrategiaconcursos.com.br\/blog\/\",\"name\":\"Estrat\u00e9gia Concursos\",\"description\":\"O blog da Estrat\u00e9gia Concursos traz not\u00edcias sobre concursos e artigos de professores oferecendo cursos para concursos (pdf + videaulas) no site.\",\"publisher\":{\"@id\":\"https:\/\/www.estrategiaconcursos.com.br\/blog\/#organization\"},\"potentialAction\":[{\"@type\":\"SearchAction\",\"target\":{\"@type\":\"EntryPoint\",\"urlTemplate\":\"https:\/\/www.estrategiaconcursos.com.br\/blog\/?s={search_term_string}\"},\"query-input\":{\"@type\":\"PropertyValueSpecification\",\"valueRequired\":true,\"valueName\":\"search_term_string\"}}],\"inLanguage\":\"pt-BR\"},{\"@type\":\"Organization\",\"@id\":\"https:\/\/www.estrategiaconcursos.com.br\/blog\/#organization\",\"name\":\"Estrat\u00e9gia Concursos\",\"url\":\"https:\/\/www.estrategiaconcursos.com.br\/blog\/\",\"logo\":{\"@type\":\"ImageObject\",\"inLanguage\":\"pt-BR\",\"@id\":\"https:\/\/www.estrategiaconcursos.com.br\/blog\/#\/schema\/logo\/image\/\",\"url\":\"https:\/\/dhg1h5j42swfq.cloudfront.net\/2025\/06\/03203428\/logo_concursos-1.jpg\",\"contentUrl\":\"https:\/\/dhg1h5j42swfq.cloudfront.net\/2025\/06\/03203428\/logo_concursos-1.jpg\",\"width\":230,\"height\":60,\"caption\":\"Estrat\u00e9gia Concursos\"},\"image\":{\"@id\":\"https:\/\/www.estrategiaconcursos.com.br\/blog\/#\/schema\/logo\/image\/\"},\"sameAs\":[\"https:\/\/x.com\/EstratConcursos\"]},{\"@type\":\"Person\",\"@id\":\"https:\/\/www.estrategiaconcursos.com.br\/blog\/#\/schema\/person\/b4a388c97673c5f483d72185668afa1f\",\"name\":\"Coordena\u00e7\u00e3o\",\"image\":{\"@type\":\"ImageObject\",\"inLanguage\":\"pt-BR\",\"@id\":\"https:\/\/secure.gravatar.com\/avatar\/b720319e4c9a967eb58678d110f4fe35452fc5d5f97b202bac7b8acceb18c6ad?s=96&d=mm&r=g\",\"url\":\"https:\/\/secure.gravatar.com\/avatar\/b720319e4c9a967eb58678d110f4fe35452fc5d5f97b202bac7b8acceb18c6ad?s=96&d=mm&r=g\",\"contentUrl\":\"https:\/\/secure.gravatar.com\/avatar\/b720319e4c9a967eb58678d110f4fe35452fc5d5f97b202bac7b8acceb18c6ad?s=96&d=mm&r=g\",\"caption\":\"Coordena\u00e7\u00e3o\"},\"sameAs\":[\"https:\/\/www.facebook.com\/EstrategiaConcursos\",\"https:\/\/x.com\/EstratConcursos\"],\"url\":\"https:\/\/www.estrategiaconcursos.com.br\/blog\/author\/estrategia2013\/\"}]}<\/script>\n<!-- \/ Yoast SEO Premium plugin. -->","yoast_head_json":{"title":"Secult DF: formado grupo de trabalho para concurso","description":"Secult DF: Divulgada Portaria que disp\u00f5e sobre grupo de trabalho para elabora\u00e7\u00e3o de pedido de concurso p\u00fablico. Acesse e saiba mais!","robots":{"index":"index","follow":"follow","max-snippet":"max-snippet:-1","max-image-preview":"max-image-preview:large","max-video-preview":"max-video-preview:-1"},"canonical":"https:\/\/www.estrategiaconcursos.com.br\/blog\/secult-df-formado-grupo-de-trabalho-para-concurso\/","og_locale":"pt_BR","og_type":"article","og_title":"Secult DF: formado grupo de trabalho para concurso","og_description":"Secult DF: Divulgada Portaria que disp\u00f5e sobre grupo de trabalho para elabora\u00e7\u00e3o de pedido de concurso p\u00fablico. Acesse e saiba mais!","og_url":"https:\/\/www.estrategiaconcursos.com.br\/blog\/secult-df-formado-grupo-de-trabalho-para-concurso\/","og_site_name":"Estrat\u00e9gia Concursos","article_author":"https:\/\/www.facebook.com\/EstrategiaConcursos","article_published_time":"2021-03-23T13:35:56+00:00","article_modified_time":"2021-03-23T16:53:46+00:00","og_image":[{"width":1200,"height":628,"url":"https:\/\/dhg1h5j42swfq.cloudfront.net\/2020\/05\/23084109\/secult_df.jpg","type":"image\/jpeg"}],"author":"Coordena\u00e7\u00e3o","twitter_card":"summary_large_image","twitter_creator":"@EstratConcursos","twitter_site":"@EstratConcursos","twitter_misc":{"Escrito por":"Coordena\u00e7\u00e3o","Est. tempo de leitura":"2 minutos"},"schema":{"@context":"https:\/\/schema.org","@graph":[{"@type":"NewsArticle","@id":"https:\/\/www.estrategiaconcursos.com.br\/blog\/secult-df-formado-grupo-de-trabalho-para-concurso\/#article","isPartOf":{"@id":"https:\/\/www.estrategiaconcursos.com.br\/blog\/secult-df-formado-grupo-de-trabalho-para-concurso\/"},"author":{"name":"Coordena\u00e7\u00e3o","@id":"https:\/\/www.estrategiaconcursos.com.br\/blog\/#\/schema\/person\/b4a388c97673c5f483d72185668afa1f"},"headline":"Secult DF: formado grupo de trabalho para concurso","datePublished":"2021-03-23T13:35:56+00:00","dateModified":"2021-03-23T16:53:46+00:00","mainEntityOfPage":{"@id":"https:\/\/www.estrategiaconcursos.com.br\/blog\/secult-df-formado-grupo-de-trabalho-para-concurso\/"},"wordCount":427,"commentCount":0,"publisher":{"@id":"https:\/\/www.estrategiaconcursos.com.br\/blog\/#organization"},"image":{"@id":"https:\/\/www.estrategiaconcursos.com.br\/blog\/secult-df-formado-grupo-de-trabalho-para-concurso\/#primaryimage"},"thumbnailUrl":"https:\/\/dhg1h5j42swfq.cloudfront.net\/2020\/05\/23084109\/secult_df.jpg","articleSection":["Executivo (Administrativa)"],"inLanguage":"pt-BR","potentialAction":[{"@type":"CommentAction","name":"Comment","target":["https:\/\/www.estrategiaconcursos.com.br\/blog\/secult-df-formado-grupo-de-trabalho-para-concurso\/#respond"]}],"copyrightYear":"2021","copyrightHolder":{"@id":"https:\/\/www.estrategiaconcursos.com.br\/blog\/#organization"}},{"@type":"WebPage","@id":"https:\/\/www.estrategiaconcursos.com.br\/blog\/secult-df-formado-grupo-de-trabalho-para-concurso\/","url":"https:\/\/www.estrategiaconcursos.com.br\/blog\/secult-df-formado-grupo-de-trabalho-para-concurso\/","name":"Secult DF: formado grupo de trabalho para concurso","isPartOf":{"@id":"https:\/\/www.estrategiaconcursos.com.br\/blog\/#website"},"primaryImageOfPage":{"@id":"https:\/\/www.estrategiaconcursos.com.br\/blog\/secult-df-formado-grupo-de-trabalho-para-concurso\/#primaryimage"},"image":{"@id":"https:\/\/www.estrategiaconcursos.com.br\/blog\/secult-df-formado-grupo-de-trabalho-para-concurso\/#primaryimage"},"thumbnailUrl":"https:\/\/dhg1h5j42swfq.cloudfront.net\/2020\/05\/23084109\/secult_df.jpg","datePublished":"2021-03-23T13:35:56+00:00","dateModified":"2021-03-23T16:53:46+00:00","description":"Secult DF: Divulgada Portaria que disp\u00f5e sobre grupo de trabalho para elabora\u00e7\u00e3o de pedido de concurso p\u00fablico. Acesse e saiba mais!","breadcrumb":{"@id":"https:\/\/www.estrategiaconcursos.com.br\/blog\/secult-df-formado-grupo-de-trabalho-para-concurso\/#breadcrumb"},"inLanguage":"pt-BR","potentialAction":[{"@type":"ReadAction","target":["https:\/\/www.estrategiaconcursos.com.br\/blog\/secult-df-formado-grupo-de-trabalho-para-concurso\/"]}]},{"@type":"ImageObject","inLanguage":"pt-BR","@id":"https:\/\/www.estrategiaconcursos.com.br\/blog\/secult-df-formado-grupo-de-trabalho-para-concurso\/#primaryimage","url":"https:\/\/dhg1h5j42swfq.cloudfront.net\/2020\/05\/23084109\/secult_df.jpg","contentUrl":"https:\/\/dhg1h5j42swfq.cloudfront.net\/2020\/05\/23084109\/secult_df.jpg","width":1200,"height":628,"caption":"Secult DF"},{"@type":"BreadcrumbList","@id":"https:\/\/www.estrategiaconcursos.com.br\/blog\/secult-df-formado-grupo-de-trabalho-para-concurso\/#breadcrumb","itemListElement":[{"@type":"ListItem","position":1,"name":"In\u00edcio","item":"https:\/\/www.estrategiaconcursos.com.br\/blog\/"},{"@type":"ListItem","position":2,"name":"Secult DF: formado grupo de trabalho para concurso"}]},{"@type":"WebSite","@id":"https:\/\/www.estrategiaconcursos.com.br\/blog\/#website","url":"https:\/\/www.estrategiaconcursos.com.br\/blog\/","name":"Estrat\u00e9gia Concursos","description":"O blog da Estrat\u00e9gia Concursos traz not\u00edcias sobre concursos e artigos de professores oferecendo cursos para concursos (pdf + videaulas) no site.","publisher":{"@id":"https:\/\/www.estrategiaconcursos.com.br\/blog\/#organization"},"potentialAction":[{"@type":"SearchAction","target":{"@type":"EntryPoint","urlTemplate":"https:\/\/www.estrategiaconcursos.com.br\/blog\/?s={search_term_string}"},"query-input":{"@type":"PropertyValueSpecification","valueRequired":true,"valueName":"search_term_string"}}],"inLanguage":"pt-BR"},{"@type":"Organization","@id":"https:\/\/www.estrategiaconcursos.com.br\/blog\/#organization","name":"Estrat\u00e9gia Concursos","url":"https:\/\/www.estrategiaconcursos.com.br\/blog\/","logo":{"@type":"ImageObject","inLanguage":"pt-BR","@id":"https:\/\/www.estrategiaconcursos.com.br\/blog\/#\/schema\/logo\/image\/","url":"https:\/\/dhg1h5j42swfq.cloudfront.net\/2025\/06\/03203428\/logo_concursos-1.jpg","contentUrl":"https:\/\/dhg1h5j42swfq.cloudfront.net\/2025\/06\/03203428\/logo_concursos-1.jpg","width":230,"height":60,"caption":"Estrat\u00e9gia Concursos"},"image":{"@id":"https:\/\/www.estrategiaconcursos.com.br\/blog\/#\/schema\/logo\/image\/"},"sameAs":["https:\/\/x.com\/EstratConcursos"]},{"@type":"Person","@id":"https:\/\/www.estrategiaconcursos.com.br\/blog\/#\/schema\/person\/b4a388c97673c5f483d72185668afa1f","name":"Coordena\u00e7\u00e3o","image":{"@type":"ImageObject","inLanguage":"pt-BR","@id":"https:\/\/secure.gravatar.com\/avatar\/b720319e4c9a967eb58678d110f4fe35452fc5d5f97b202bac7b8acceb18c6ad?s=96&d=mm&r=g","url":"https:\/\/secure.gravatar.com\/avatar\/b720319e4c9a967eb58678d110f4fe35452fc5d5f97b202bac7b8acceb18c6ad?s=96&d=mm&r=g","contentUrl":"https:\/\/secure.gravatar.com\/avatar\/b720319e4c9a967eb58678d110f4fe35452fc5d5f97b202bac7b8acceb18c6ad?s=96&d=mm&r=g","caption":"Coordena\u00e7\u00e3o"},"sameAs":["https:\/\/www.facebook.com\/EstrategiaConcursos","https:\/\/x.com\/EstratConcursos"],"url":"https:\/\/www.estrategiaconcursos.com.br\/blog\/author\/estrategia2013\/"}]}},"_links":{"self":[{"href":"https:\/\/www.estrategiaconcursos.com.br\/blog\/wp-json\/wp\/v2\/posts\/699096","targetHints":{"allow":["GET"]}}],"collection":[{"href":"https:\/\/www.estrategiaconcursos.com.br\/blog\/wp-json\/wp\/v2\/posts"}],"about":[{"href":"https:\/\/www.estrategiaconcursos.com.br\/blog\/wp-json\/wp\/v2\/types\/post"}],"author":[{"embeddable":true,"href":"https:\/\/www.estrategiaconcursos.com.br\/blog\/wp-json\/wp\/v2\/users\/1"}],"replies":[{"embeddable":true,"href":"https:\/\/www.estrategiaconcursos.com.br\/blog\/wp-json\/wp\/v2\/comments?post=699096"}],"version-history":[{"count":9,"href":"https:\/\/www.estrategiaconcursos.com.br\/blog\/wp-json\/wp\/v2\/posts\/699096\/revisions"}],"predecessor-version":[{"id":699431,"href":"https:\/\/www.estrategiaconcursos.com.br\/blog\/wp-json\/wp\/v2\/posts\/699096\/revisions\/699431"}],"wp:featuredmedia":[{"embeddable":true,"href":"https:\/\/www.estrategiaconcursos.com.br\/blog\/wp-json\/wp\/v2\/media\/699030"}],"wp:attachment":[{"href":"https:\/\/www.estrategiaconcursos.com.br\/blog\/wp-json\/wp\/v2\/media?parent=699096"}],"wp:term":[{"taxonomy":"category","embeddable":true,"href":"https:\/\/www.estrategiaconcursos.com.br\/blog\/wp-json\/wp\/v2\/categories?post=699096"},{"taxonomy":"post_tag","embeddable":true,"href":"https:\/\/www.estrategiaconcursos.com.br\/blog\/wp-json\/wp\/v2\/tags?post=699096"},{"taxonomy":"tax_estado","embeddable":true,"href":"https:\/\/www.estrategiaconcursos.com.br\/blog\/wp-json\/wp\/v2\/tax_estado?post=699096"}],"curies":[{"name":"wp","href":"https:\/\/api.w.org\/{rel}","templated":true}]}}