{"id":698881,"date":"2021-03-22T20:28:51","date_gmt":"2021-03-22T23:28:51","guid":{"rendered":"https:\/\/www.estrategiaconcursos.com.br\/blog\/?p=698881"},"modified":"2023-01-02T14:07:52","modified_gmt":"2023-01-02T17:07:52","slug":"novo-cronograma-prf","status":"publish","type":"post","link":"https:\/\/www.estrategiaconcursos.com.br\/blog\/novo-cronograma-prf\/","title":{"rendered":"Cebraspe divulga o novo cronograma do concurso PRF"},"content":{"rendered":"\n<p>O novo cronograma de atividades do <strong>concurso PRF <\/strong>foi divulgado pelo Cebraspe, banca organizadora do certame da Pol\u00edcia Rodovi\u00e1ria Federal.<\/p>\n\n\n\n<p>Recentemente, o <strong>ADIAMENTO<\/strong> das provas do <strong>concurso PRF <\/strong>foi confirmado <a href=\"https:\/\/dhg1h5j42swfq.cloudfront.net\/2021\/03\/15083309\/prf-adiamento-dou.pdf\" target=\"_blank\" rel=\"noreferrer noopener\">em publica\u00e7\u00e3o<\/a> no Di\u00e1rio Oficial. Assim, de acordo com o documento, as provas ser\u00e3o aplicadas na data prov\u00e1vel de <strong>09 de maio de 2021.<\/strong><\/p>\n\n\n\n<p>A divulga\u00e7\u00e3o do <strong>edital de locais e hor\u00e1rio de realiza\u00e7\u00e3o<\/strong> das provas objetivas e discursivas est\u00e1 prevista para o dia <strong>30 de abril de 2021<\/strong>.<\/p>\n\n\n\n<h4 class=\"wp-block-heading\" id=\"h-confira-abaixo-as-novas-datas-do-cronograma\">Confira abaixo as novas <a href=\"https:\/\/dhg1h5j42swfq.cloudfront.net\/2021\/03\/22201830\/ed_4_prf_2021_novas_datas-3.pdf\" target=\"_blank\" rel=\"noreferrer noopener\"><strong>datas do cronograma<\/strong><\/a>!<\/h4>\n\n\n\n<h3 class=\"wp-block-heading\" id=\"cronograma\">Novo cronograma &#8211; PRF<\/h3>\n\n\n\n<ul class=\"wp-block-list\"><li><strong>Edital &#8211; 19\/01\/2021<\/strong><\/li><li><strong>In\u00edcio das inscri\u00e7\u00f5es: 25\/01\/2021<\/strong><\/li><li><strong>Fim das inscri\u00e7\u00f5es: 12\/02\/2021<\/strong><\/li><li><strong>Pagamento da Taxa: 05\/03\/2021<\/strong><\/li><li><strong>Provas Objetiva e Discursiva: 09\/05\/2021<\/strong><\/li><li><strong>TAF: 19 e 20\/06\/2021<\/strong> <\/li><li><strong>Avalia\u00e7\u00e3o Psicol\u00f3gica: 27\/06\/2021<\/strong><\/li><li><strong>T\u00edtulos: 22 e 23\/07\/2021<\/strong><\/li><li><strong>Exames Laboratoriais: 22\/07 a 02\/08\/2021<\/strong><\/li><li><strong>Heteroidentifica\u00e7\u00e3o: 31\/07 a 01\/08\/2021 <\/strong><\/li><li><strong>Avalia\u00e7\u00e3o Biopsicossocial: 08\/08\/2021<\/strong><\/li><li><strong>Avalia\u00e7\u00e3o M\u00e9dica Presencial: 31\/07 e 01\/08\/2021<\/strong><\/li><li><strong>Resultado Final da primeira etapa e Convoca\u00e7\u00e3o para matricula no CFP: 14\/09\/2021 <\/strong><\/li><\/ul>\n\n\n\n<h3 class=\"wp-block-heading\" id=\"h-cfp-cronograma-1\u00aa-turma-1-500-vagas\">CFP &#8211; Cronograma &#8211; 1\u00aa turma &#8211; 1.500 vagas<\/h3>\n\n\n\n<ul class=\"wp-block-list\"><li><strong>Matr\u00edcula Online &#8211; 1\u00aa Convoca\u00e7\u00e3o &#8211; 15 e 16\/09\/2021<\/strong><\/li><li><strong>Matr\u00edcula Online &#8211; 2\u00aa Convoca\u00e7\u00e3o &#8211; 21 e 22\/09\/2021<\/strong><\/li><li><strong>Apresenta\u00e7\u00e3o na UniPRF para o CPF: 24\/09\/2021<\/strong><\/li><li><strong>Formatura do CFP: 22\/12\/2021 &#8211; previs\u00e3o<\/strong><\/li><\/ul>\n\n\n\n<h3 class=\"wp-block-heading\" id=\"h-cfp-cronograma-2\u00aa-turma-500-vagas-excedentes\">CFP &#8211; Cronograma &#8211; 2\u00aa turma &#8211; 500 vagas (Excedentes)<\/h3>\n\n\n\n<ul class=\"wp-block-list\" id=\"block-7153ad75-f3c3-4c62-8923-63730fc22a1c\"><li><strong>Matr\u00edcula Online &#8211; 1\u00aa Convoca\u00e7\u00e3o &#8211; a definir<\/strong><\/li><li><strong>Matr\u00edcula Online &#8211; 2\u00aa Convoca\u00e7\u00e3o &#8211; a definir<\/strong><\/li><li><strong>Apresenta\u00e7\u00e3o na UniPRF para o CFP: &#8211; a definir<\/strong><\/li><\/ul>\n\n\n\n<p>Para que voc\u00ea fique por dentro de todos os detalhes do certame, preparamos nesta segunda-feira (22), a partir das 21h, o evento &#8216;Concurso PRF: Saiu o novo cronograma!&#8217;.<\/p>\n\n\n\n<p>De acordo com o documento, assinado pelo diretor-geral da PRF, Eduardo Aggio de S\u00e1, as datas e os per\u00edodos estabelecidos no cronograma s\u00e3o pass\u00edveis de altera\u00e7\u00e3o, conforme necessidade e conveni\u00eancia da Pol\u00edcia Rodovi\u00e1ria Federal e do Cebraspe. <\/p>\n\n\n\n<p>Ainda segundo o comunicado, as demais datas referentes ao Curso de Forma\u00e7\u00e3o Policial (CFP) ser\u00e3o informadas por meio dos editais a serem publicados no Di\u00e1rio Oficial da Uni\u00e3o e divulgados no site do Cebraspe. <\/p>\n\n\n\n<h2 class=\"wp-block-heading\" id=\"requisitos\">Concurso PRF: requisitos<\/h2>\n\n\n\n<p>Para poder participar do concurso da Pol\u00edcia Rodovi\u00e1ria Federal e pleitear o cargo de Policial Rodovi\u00e1rio, \u00e9 necess\u00e1rio ter gradua\u00e7\u00e3o de <strong>n\u00edvel superior<\/strong> em <strong>qualquer \u00e1rea de forma\u00e7\u00e3o<\/strong>.<\/p>\n\n\n\n<p>O diploma precisa ser de uma institui\u00e7\u00e3o reconhecida pelo MEC, independente de ser na modalidade presencial ou mista.<\/p>\n\n\n\n<h3 class=\"wp-block-heading\" id=\"idade\">Qual idade m\u00e1xima para entrar na PRF?<\/h3>\n\n\n\n<p><strong>N\u00e3o h\u00e1 idade m\u00e1xima<\/strong>&nbsp;para entrar por concurso na Pol\u00edcia Rodovi\u00e1ria Federal, havendo apenas uma&nbsp;idade m\u00ednima, que \u00e9 18 anos. A \u00fanica limita\u00e7\u00e3o que deve ser respeitada \u00e9 a da&nbsp;<strong>aposentadoria compuls\u00f3ria<\/strong>.<\/p>\n\n\n\n<p>Para mais informa\u00e7\u00f5es sobre o novo cronograma de atividades do concurso PRF, acesse o link abaixo:<\/p>\n\n\n\n<p class=\"has-text-align-center has-luminous-vivid-amber-background-color has-background has-medium-font-size\"><strong><a href=\"https:\/\/www.estrategiaconcursos.com.br\/blog\/concurso-prf-3\/\" target=\"_blank\" rel=\"noreferrer noopener\">Pol\u00edcia Rodovi\u00e1ria Federal<\/a><\/strong><\/p>\n\n\n\n<p class=\"has-text-align-center has-pale-cyan-blue-background-color has-background\" style=\"font-size:clamp(16.293px, 1.018rem + ((1vw - 3.2px) * 0.854), 25px);px\"><strong><a href=\"https:\/\/www.estrategiaconcursos.com.br\/blog\/concursos-de-policia\/\" target=\"_blank\" rel=\"noreferrer noopener\">CONCURSOS POLICIAIS<\/a><\/strong><\/p>\n\n\n\n<div id=\"boxes\" class=\"container\">\n<div class=\"row\">\n<div class=\"col-sm\">\n<div id=\"box-assinatura\" class=\"banner-policial\">\n<h3 class=\"titulo-assinatura\">Curso PRF<\/h3>\n<p class=\"subtitulo-assinatura\">Conhe\u00e7a os cursos<\/p>\n<div class=\"box-botao\"><a class=\"btn-assinatura\" role=\"button\" href=\"https:\/\/www.estrategiaconcursos.com.br\/cursosPorConcurso\/prf-policial-rodoviario-federal\/\/\" target=\"_blank\" rel=\"noopener noreferrer\">Conhe\u00e7a mais<\/a><\/div>\n<\/div>\n<p class=\"texto-auxiliar\">Prepare-se com o melhor material e com quem mais aprova em Concursos P\u00fablicos em todo o pa\u00eds.<\/p>\n<\/div>\n<\/div>\n<\/div>\n\n\n\n<div id=\"boxes\" class=\"container\">\n<div class=\"row\">\n<div id=\"boxes-concursos\" class=\"col-sm\">\n<div id=\"box-concursos\" class=\"conteudo-concursos\" style=\"background-color: #005dad;\">\n<h3 class=\"titulo-assinatura\">Concursos Abertos<\/h3>\n<p class=\"subtitulo-assinatura\">mais de 15 mil vagas<\/p>\n<div class=\"box-botao\"><a class=\"btn-assinatura\" role=\"button\" href=\"https:\/\/www.estrategiaconcursos.com.br\/blog\/concursos-abertos\/\" target=\"_blank\" rel=\"noopener noreferrer\">Conhe\u00e7a Agora<\/a><\/div>\n<\/div>\n<\/div>\n<div id=\"boxes-concursos\" class=\"col-sm\">\n<div id=\"box-concursos\" class=\"conteudo-concursos\" style=\"background-color: #419ff0;\">\n<h3 class=\"titulo-assinatura\">Concursos 2021<\/h3>\n<p class=\"subtitulo-assinatura\">mais de 17 mil vagas<\/p>\n<div class=\"box-botao\"><a class=\"btn-assinatura\" role=\"button\" href=\"https:\/\/www.estrategiaconcursos.com.br\/blog\/concursos-2021\/\" target=\"_blank\" rel=\"noopener noreferrer\">Conhe\u00e7a Agora<\/a><\/div>\n<\/div>\n<\/div>\n<\/div>\n<\/div>\n\n\n\n<div id=\"boxes\" class=\"container\">\n<div class=\"row\">\n<div class=\"col-sm\">\n<div id=\"box-assinatura\" class=\"estrategia\">\n<h3 class=\"titulo-assinatura\">Assinatura de Concursos<\/h3>\n<p class=\"subtitulo-assinatura\">Assinatura de 1 ou 2 anos*<\/p>\n<div class=\"box-botao\"><a class=\"btn-assinatura\" role=\"button\" href=\"https:\/\/www.estrategiaconcursos.com.br\/assinaturas\/\" target=\"_blank\" rel=\"noopener noreferrer\">ASSINE AGORA<\/a><\/div>\n<\/div>\n<p <=\"\" p=\"\">\n<\/p><\/div>\n<div class=\"col-sm\">\n<div id=\"box-assinatura\" class=\"questoes\">\n<h3 class=\"titulo-assinatura\">Sistema de Quest\u00f5es<\/h3>\n<p class=\"subtitulo-assinatura\">Assinatura de 1 ou 2 anos<\/p>\n<div class=\"box-botao\"><a class=\"btn-assinatura\" role=\"button\" href=\"https:\/\/www.estrategiaconcursos.com.br\/cursosPorConcurso\/sistema-de-questoes\/#\/\" target=\"_blank\" rel=\"noopener noreferrer\">ASSINE AGORA<\/a><\/div>\n<\/div>\n<p <=\"\" p=\"\">\n<\/p><\/div>\n<\/div>\n<\/div>\n","protected":false},"excerpt":{"rendered":"<p>O novo cronograma de atividades do concurso PRF foi divulgado pelo Cebraspe, banca organizadora do certame da Pol\u00edcia Rodovi\u00e1ria Federal. Recentemente, o ADIAMENTO das provas do concurso PRF foi confirmado em publica\u00e7\u00e3o no Di\u00e1rio Oficial. Assim, de acordo com o documento, as provas ser\u00e3o aplicadas na data prov\u00e1vel de 09 de maio de 2021. A [&hellip;]<\/p>\n","protected":false},"author":1,"featured_media":691339,"comment_status":"open","ping_status":"closed","sticky":false,"template":"","format":"standard","meta":{"post_tipo":"news","footnotes":""},"categories":[1988],"tags":[],"tax_estado":[219963],"class_list":["post-698881","post","type-post","status-publish","format-standard","has-post-thumbnail","hentry","category-policia","tax_estado-concursos-federais"],"acf":[],"yoast_head":"<!-- This site is optimized with the Yoast SEO Premium plugin v27.2 (Yoast SEO v27.2) - https:\/\/yoast.com\/product\/yoast-seo-premium-wordpress\/ -->\n<title>Cebraspe divulga o novo cronograma do concurso PRF<\/title>\n<meta name=\"description\" content=\"O novo cronograma de atividades do concurso PRF foi divulgado pelo Cebraspe. Confira todas as datas no site do Estrat\u00e9gia Concursos!\" \/>\n<meta name=\"robots\" content=\"index, follow, max-snippet:-1, max-image-preview:large, max-video-preview:-1\" \/>\n<link rel=\"canonical\" href=\"https:\/\/www.estrategiaconcursos.com.br\/blog\/novo-cronograma-prf\/\" \/>\n<meta property=\"og:locale\" content=\"pt_BR\" \/>\n<meta property=\"og:type\" content=\"article\" \/>\n<meta property=\"og:title\" content=\"Cebraspe divulga o novo cronograma do concurso PRF\" \/>\n<meta property=\"og:description\" content=\"O novo cronograma de atividades do concurso PRF foi divulgado pelo Cebraspe. Confira todas as datas no site do Estrat\u00e9gia Concursos!\" \/>\n<meta property=\"og:url\" content=\"https:\/\/www.estrategiaconcursos.com.br\/blog\/novo-cronograma-prf\/\" \/>\n<meta property=\"og:site_name\" content=\"Estrat\u00e9gia Concursos\" \/>\n<meta property=\"article:author\" content=\"https:\/\/www.facebook.com\/EstrategiaConcursos\" \/>\n<meta property=\"article:published_time\" content=\"2021-03-22T23:28:51+00:00\" \/>\n<meta property=\"article:modified_time\" content=\"2023-01-02T17:07:52+00:00\" \/>\n<meta property=\"og:image\" content=\"https:\/\/dhg1h5j42swfq.cloudfront.net\/2021\/03\/11185640\/reta-final-prf.png\" \/>\n\t<meta property=\"og:image:width\" content=\"414\" \/>\n\t<meta property=\"og:image:height\" content=\"183\" \/>\n\t<meta property=\"og:image:type\" content=\"image\/png\" \/>\n<meta name=\"author\" content=\"Coordena\u00e7\u00e3o\" \/>\n<meta name=\"twitter:card\" content=\"summary_large_image\" \/>\n<meta name=\"twitter:creator\" content=\"@EstratConcursos\" \/>\n<meta name=\"twitter:site\" content=\"@EstratConcursos\" \/>\n<meta name=\"twitter:label1\" content=\"Escrito por\" \/>\n\t<meta name=\"twitter:data1\" content=\"Coordena\u00e7\u00e3o\" \/>\n\t<meta name=\"twitter:label2\" content=\"Est. tempo de leitura\" \/>\n\t<meta name=\"twitter:data2\" content=\"3 minutos\" \/>\n<script type=\"application\/ld+json\" class=\"yoast-schema-graph\">{\"@context\":\"https:\/\/schema.org\",\"@graph\":[{\"@type\":\"NewsArticle\",\"@id\":\"https:\/\/www.estrategiaconcursos.com.br\/blog\/novo-cronograma-prf\/#article\",\"isPartOf\":{\"@id\":\"https:\/\/www.estrategiaconcursos.com.br\/blog\/novo-cronograma-prf\/\"},\"author\":{\"name\":\"Coordena\u00e7\u00e3o\",\"@id\":\"https:\/\/www.estrategiaconcursos.com.br\/blog\/#\/schema\/person\/b4a388c97673c5f483d72185668afa1f\"},\"headline\":\"Cebraspe divulga o novo cronograma do concurso PRF\",\"datePublished\":\"2021-03-22T23:28:51+00:00\",\"dateModified\":\"2023-01-02T17:07:52+00:00\",\"mainEntityOfPage\":{\"@id\":\"https:\/\/www.estrategiaconcursos.com.br\/blog\/novo-cronograma-prf\/\"},\"wordCount\":520,\"commentCount\":0,\"publisher\":{\"@id\":\"https:\/\/www.estrategiaconcursos.com.br\/blog\/#organization\"},\"image\":{\"@id\":\"https:\/\/www.estrategiaconcursos.com.br\/blog\/novo-cronograma-prf\/#primaryimage\"},\"thumbnailUrl\":\"https:\/\/dhg1h5j42swfq.cloudfront.net\/2021\/03\/11185640\/reta-final-prf.png\",\"articleSection\":[\"Policial (Agente, Escriv\u00e3o e Investigador)\"],\"inLanguage\":\"pt-BR\",\"potentialAction\":[{\"@type\":\"CommentAction\",\"name\":\"Comment\",\"target\":[\"https:\/\/www.estrategiaconcursos.com.br\/blog\/novo-cronograma-prf\/#respond\"]}],\"copyrightYear\":\"2021\",\"copyrightHolder\":{\"@id\":\"https:\/\/www.estrategiaconcursos.com.br\/blog\/#organization\"}},{\"@type\":\"WebPage\",\"@id\":\"https:\/\/www.estrategiaconcursos.com.br\/blog\/novo-cronograma-prf\/\",\"url\":\"https:\/\/www.estrategiaconcursos.com.br\/blog\/novo-cronograma-prf\/\",\"name\":\"Cebraspe divulga o novo cronograma do concurso PRF\",\"isPartOf\":{\"@id\":\"https:\/\/www.estrategiaconcursos.com.br\/blog\/#website\"},\"primaryImageOfPage\":{\"@id\":\"https:\/\/www.estrategiaconcursos.com.br\/blog\/novo-cronograma-prf\/#primaryimage\"},\"image\":{\"@id\":\"https:\/\/www.estrategiaconcursos.com.br\/blog\/novo-cronograma-prf\/#primaryimage\"},\"thumbnailUrl\":\"https:\/\/dhg1h5j42swfq.cloudfront.net\/2021\/03\/11185640\/reta-final-prf.png\",\"datePublished\":\"2021-03-22T23:28:51+00:00\",\"dateModified\":\"2023-01-02T17:07:52+00:00\",\"description\":\"O novo cronograma de atividades do concurso PRF foi divulgado pelo Cebraspe. Confira todas as datas no site do Estrat\u00e9gia Concursos!\",\"breadcrumb\":{\"@id\":\"https:\/\/www.estrategiaconcursos.com.br\/blog\/novo-cronograma-prf\/#breadcrumb\"},\"inLanguage\":\"pt-BR\",\"potentialAction\":[{\"@type\":\"ReadAction\",\"target\":[\"https:\/\/www.estrategiaconcursos.com.br\/blog\/novo-cronograma-prf\/\"]}]},{\"@type\":\"ImageObject\",\"inLanguage\":\"pt-BR\",\"@id\":\"https:\/\/www.estrategiaconcursos.com.br\/blog\/novo-cronograma-prf\/#primaryimage\",\"url\":\"https:\/\/dhg1h5j42swfq.cloudfront.net\/2021\/03\/11185640\/reta-final-prf.png\",\"contentUrl\":\"https:\/\/dhg1h5j42swfq.cloudfront.net\/2021\/03\/11185640\/reta-final-prf.png\",\"width\":414,\"height\":183,\"caption\":\"Reta Final PRF\"},{\"@type\":\"BreadcrumbList\",\"@id\":\"https:\/\/www.estrategiaconcursos.com.br\/blog\/novo-cronograma-prf\/#breadcrumb\",\"itemListElement\":[{\"@type\":\"ListItem\",\"position\":1,\"name\":\"In\u00edcio\",\"item\":\"https:\/\/www.estrategiaconcursos.com.br\/blog\/\"},{\"@type\":\"ListItem\",\"position\":2,\"name\":\"Cebraspe divulga o novo cronograma do concurso PRF\"}]},{\"@type\":\"WebSite\",\"@id\":\"https:\/\/www.estrategiaconcursos.com.br\/blog\/#website\",\"url\":\"https:\/\/www.estrategiaconcursos.com.br\/blog\/\",\"name\":\"Estrat\u00e9gia Concursos\",\"description\":\"O blog da Estrat\u00e9gia Concursos traz not\u00edcias sobre concursos e artigos de professores oferecendo cursos para concursos (pdf + videaulas) no site.\",\"publisher\":{\"@id\":\"https:\/\/www.estrategiaconcursos.com.br\/blog\/#organization\"},\"potentialAction\":[{\"@type\":\"SearchAction\",\"target\":{\"@type\":\"EntryPoint\",\"urlTemplate\":\"https:\/\/www.estrategiaconcursos.com.br\/blog\/?s={search_term_string}\"},\"query-input\":{\"@type\":\"PropertyValueSpecification\",\"valueRequired\":true,\"valueName\":\"search_term_string\"}}],\"inLanguage\":\"pt-BR\"},{\"@type\":\"Organization\",\"@id\":\"https:\/\/www.estrategiaconcursos.com.br\/blog\/#organization\",\"name\":\"Estrat\u00e9gia Concursos\",\"url\":\"https:\/\/www.estrategiaconcursos.com.br\/blog\/\",\"logo\":{\"@type\":\"ImageObject\",\"inLanguage\":\"pt-BR\",\"@id\":\"https:\/\/www.estrategiaconcursos.com.br\/blog\/#\/schema\/logo\/image\/\",\"url\":\"https:\/\/dhg1h5j42swfq.cloudfront.net\/2025\/06\/03203428\/logo_concursos-1.jpg\",\"contentUrl\":\"https:\/\/dhg1h5j42swfq.cloudfront.net\/2025\/06\/03203428\/logo_concursos-1.jpg\",\"width\":230,\"height\":60,\"caption\":\"Estrat\u00e9gia Concursos\"},\"image\":{\"@id\":\"https:\/\/www.estrategiaconcursos.com.br\/blog\/#\/schema\/logo\/image\/\"},\"sameAs\":[\"https:\/\/x.com\/EstratConcursos\"]},{\"@type\":\"Person\",\"@id\":\"https:\/\/www.estrategiaconcursos.com.br\/blog\/#\/schema\/person\/b4a388c97673c5f483d72185668afa1f\",\"name\":\"Coordena\u00e7\u00e3o\",\"image\":{\"@type\":\"ImageObject\",\"inLanguage\":\"pt-BR\",\"@id\":\"https:\/\/secure.gravatar.com\/avatar\/b720319e4c9a967eb58678d110f4fe35452fc5d5f97b202bac7b8acceb18c6ad?s=96&d=mm&r=g\",\"url\":\"https:\/\/secure.gravatar.com\/avatar\/b720319e4c9a967eb58678d110f4fe35452fc5d5f97b202bac7b8acceb18c6ad?s=96&d=mm&r=g\",\"contentUrl\":\"https:\/\/secure.gravatar.com\/avatar\/b720319e4c9a967eb58678d110f4fe35452fc5d5f97b202bac7b8acceb18c6ad?s=96&d=mm&r=g\",\"caption\":\"Coordena\u00e7\u00e3o\"},\"sameAs\":[\"https:\/\/www.facebook.com\/EstrategiaConcursos\",\"https:\/\/x.com\/EstratConcursos\"],\"url\":\"https:\/\/www.estrategiaconcursos.com.br\/blog\/author\/estrategia2013\/\"}]}<\/script>\n<!-- \/ Yoast SEO Premium plugin. -->","yoast_head_json":{"title":"Cebraspe divulga o novo cronograma do concurso PRF","description":"O novo cronograma de atividades do concurso PRF foi divulgado pelo Cebraspe. Confira todas as datas no site do Estrat\u00e9gia Concursos!","robots":{"index":"index","follow":"follow","max-snippet":"max-snippet:-1","max-image-preview":"max-image-preview:large","max-video-preview":"max-video-preview:-1"},"canonical":"https:\/\/www.estrategiaconcursos.com.br\/blog\/novo-cronograma-prf\/","og_locale":"pt_BR","og_type":"article","og_title":"Cebraspe divulga o novo cronograma do concurso PRF","og_description":"O novo cronograma de atividades do concurso PRF foi divulgado pelo Cebraspe. Confira todas as datas no site do Estrat\u00e9gia Concursos!","og_url":"https:\/\/www.estrategiaconcursos.com.br\/blog\/novo-cronograma-prf\/","og_site_name":"Estrat\u00e9gia Concursos","article_author":"https:\/\/www.facebook.com\/EstrategiaConcursos","article_published_time":"2021-03-22T23:28:51+00:00","article_modified_time":"2023-01-02T17:07:52+00:00","og_image":[{"width":414,"height":183,"url":"https:\/\/dhg1h5j42swfq.cloudfront.net\/2021\/03\/11185640\/reta-final-prf.png","type":"image\/png"}],"author":"Coordena\u00e7\u00e3o","twitter_card":"summary_large_image","twitter_creator":"@EstratConcursos","twitter_site":"@EstratConcursos","twitter_misc":{"Escrito por":"Coordena\u00e7\u00e3o","Est. tempo de leitura":"3 minutos"},"schema":{"@context":"https:\/\/schema.org","@graph":[{"@type":"NewsArticle","@id":"https:\/\/www.estrategiaconcursos.com.br\/blog\/novo-cronograma-prf\/#article","isPartOf":{"@id":"https:\/\/www.estrategiaconcursos.com.br\/blog\/novo-cronograma-prf\/"},"author":{"name":"Coordena\u00e7\u00e3o","@id":"https:\/\/www.estrategiaconcursos.com.br\/blog\/#\/schema\/person\/b4a388c97673c5f483d72185668afa1f"},"headline":"Cebraspe divulga o novo cronograma do concurso PRF","datePublished":"2021-03-22T23:28:51+00:00","dateModified":"2023-01-02T17:07:52+00:00","mainEntityOfPage":{"@id":"https:\/\/www.estrategiaconcursos.com.br\/blog\/novo-cronograma-prf\/"},"wordCount":520,"commentCount":0,"publisher":{"@id":"https:\/\/www.estrategiaconcursos.com.br\/blog\/#organization"},"image":{"@id":"https:\/\/www.estrategiaconcursos.com.br\/blog\/novo-cronograma-prf\/#primaryimage"},"thumbnailUrl":"https:\/\/dhg1h5j42swfq.cloudfront.net\/2021\/03\/11185640\/reta-final-prf.png","articleSection":["Policial (Agente, Escriv\u00e3o e Investigador)"],"inLanguage":"pt-BR","potentialAction":[{"@type":"CommentAction","name":"Comment","target":["https:\/\/www.estrategiaconcursos.com.br\/blog\/novo-cronograma-prf\/#respond"]}],"copyrightYear":"2021","copyrightHolder":{"@id":"https:\/\/www.estrategiaconcursos.com.br\/blog\/#organization"}},{"@type":"WebPage","@id":"https:\/\/www.estrategiaconcursos.com.br\/blog\/novo-cronograma-prf\/","url":"https:\/\/www.estrategiaconcursos.com.br\/blog\/novo-cronograma-prf\/","name":"Cebraspe divulga o novo cronograma do concurso PRF","isPartOf":{"@id":"https:\/\/www.estrategiaconcursos.com.br\/blog\/#website"},"primaryImageOfPage":{"@id":"https:\/\/www.estrategiaconcursos.com.br\/blog\/novo-cronograma-prf\/#primaryimage"},"image":{"@id":"https:\/\/www.estrategiaconcursos.com.br\/blog\/novo-cronograma-prf\/#primaryimage"},"thumbnailUrl":"https:\/\/dhg1h5j42swfq.cloudfront.net\/2021\/03\/11185640\/reta-final-prf.png","datePublished":"2021-03-22T23:28:51+00:00","dateModified":"2023-01-02T17:07:52+00:00","description":"O novo cronograma de atividades do concurso PRF foi divulgado pelo Cebraspe. Confira todas as datas no site do Estrat\u00e9gia Concursos!","breadcrumb":{"@id":"https:\/\/www.estrategiaconcursos.com.br\/blog\/novo-cronograma-prf\/#breadcrumb"},"inLanguage":"pt-BR","potentialAction":[{"@type":"ReadAction","target":["https:\/\/www.estrategiaconcursos.com.br\/blog\/novo-cronograma-prf\/"]}]},{"@type":"ImageObject","inLanguage":"pt-BR","@id":"https:\/\/www.estrategiaconcursos.com.br\/blog\/novo-cronograma-prf\/#primaryimage","url":"https:\/\/dhg1h5j42swfq.cloudfront.net\/2021\/03\/11185640\/reta-final-prf.png","contentUrl":"https:\/\/dhg1h5j42swfq.cloudfront.net\/2021\/03\/11185640\/reta-final-prf.png","width":414,"height":183,"caption":"Reta Final PRF"},{"@type":"BreadcrumbList","@id":"https:\/\/www.estrategiaconcursos.com.br\/blog\/novo-cronograma-prf\/#breadcrumb","itemListElement":[{"@type":"ListItem","position":1,"name":"In\u00edcio","item":"https:\/\/www.estrategiaconcursos.com.br\/blog\/"},{"@type":"ListItem","position":2,"name":"Cebraspe divulga o novo cronograma do concurso PRF"}]},{"@type":"WebSite","@id":"https:\/\/www.estrategiaconcursos.com.br\/blog\/#website","url":"https:\/\/www.estrategiaconcursos.com.br\/blog\/","name":"Estrat\u00e9gia Concursos","description":"O blog da Estrat\u00e9gia Concursos traz not\u00edcias sobre concursos e artigos de professores oferecendo cursos para concursos (pdf + videaulas) no site.","publisher":{"@id":"https:\/\/www.estrategiaconcursos.com.br\/blog\/#organization"},"potentialAction":[{"@type":"SearchAction","target":{"@type":"EntryPoint","urlTemplate":"https:\/\/www.estrategiaconcursos.com.br\/blog\/?s={search_term_string}"},"query-input":{"@type":"PropertyValueSpecification","valueRequired":true,"valueName":"search_term_string"}}],"inLanguage":"pt-BR"},{"@type":"Organization","@id":"https:\/\/www.estrategiaconcursos.com.br\/blog\/#organization","name":"Estrat\u00e9gia Concursos","url":"https:\/\/www.estrategiaconcursos.com.br\/blog\/","logo":{"@type":"ImageObject","inLanguage":"pt-BR","@id":"https:\/\/www.estrategiaconcursos.com.br\/blog\/#\/schema\/logo\/image\/","url":"https:\/\/dhg1h5j42swfq.cloudfront.net\/2025\/06\/03203428\/logo_concursos-1.jpg","contentUrl":"https:\/\/dhg1h5j42swfq.cloudfront.net\/2025\/06\/03203428\/logo_concursos-1.jpg","width":230,"height":60,"caption":"Estrat\u00e9gia Concursos"},"image":{"@id":"https:\/\/www.estrategiaconcursos.com.br\/blog\/#\/schema\/logo\/image\/"},"sameAs":["https:\/\/x.com\/EstratConcursos"]},{"@type":"Person","@id":"https:\/\/www.estrategiaconcursos.com.br\/blog\/#\/schema\/person\/b4a388c97673c5f483d72185668afa1f","name":"Coordena\u00e7\u00e3o","image":{"@type":"ImageObject","inLanguage":"pt-BR","@id":"https:\/\/secure.gravatar.com\/avatar\/b720319e4c9a967eb58678d110f4fe35452fc5d5f97b202bac7b8acceb18c6ad?s=96&d=mm&r=g","url":"https:\/\/secure.gravatar.com\/avatar\/b720319e4c9a967eb58678d110f4fe35452fc5d5f97b202bac7b8acceb18c6ad?s=96&d=mm&r=g","contentUrl":"https:\/\/secure.gravatar.com\/avatar\/b720319e4c9a967eb58678d110f4fe35452fc5d5f97b202bac7b8acceb18c6ad?s=96&d=mm&r=g","caption":"Coordena\u00e7\u00e3o"},"sameAs":["https:\/\/www.facebook.com\/EstrategiaConcursos","https:\/\/x.com\/EstratConcursos"],"url":"https:\/\/www.estrategiaconcursos.com.br\/blog\/author\/estrategia2013\/"}]}},"_links":{"self":[{"href":"https:\/\/www.estrategiaconcursos.com.br\/blog\/wp-json\/wp\/v2\/posts\/698881","targetHints":{"allow":["GET"]}}],"collection":[{"href":"https:\/\/www.estrategiaconcursos.com.br\/blog\/wp-json\/wp\/v2\/posts"}],"about":[{"href":"https:\/\/www.estrategiaconcursos.com.br\/blog\/wp-json\/wp\/v2\/types\/post"}],"author":[{"embeddable":true,"href":"https:\/\/www.estrategiaconcursos.com.br\/blog\/wp-json\/wp\/v2\/users\/1"}],"replies":[{"embeddable":true,"href":"https:\/\/www.estrategiaconcursos.com.br\/blog\/wp-json\/wp\/v2\/comments?post=698881"}],"version-history":[{"count":9,"href":"https:\/\/www.estrategiaconcursos.com.br\/blog\/wp-json\/wp\/v2\/posts\/698881\/revisions"}],"predecessor-version":[{"id":1145850,"href":"https:\/\/www.estrategiaconcursos.com.br\/blog\/wp-json\/wp\/v2\/posts\/698881\/revisions\/1145850"}],"wp:featuredmedia":[{"embeddable":true,"href":"https:\/\/www.estrategiaconcursos.com.br\/blog\/wp-json\/wp\/v2\/media\/691339"}],"wp:attachment":[{"href":"https:\/\/www.estrategiaconcursos.com.br\/blog\/wp-json\/wp\/v2\/media?parent=698881"}],"wp:term":[{"taxonomy":"category","embeddable":true,"href":"https:\/\/www.estrategiaconcursos.com.br\/blog\/wp-json\/wp\/v2\/categories?post=698881"},{"taxonomy":"post_tag","embeddable":true,"href":"https:\/\/www.estrategiaconcursos.com.br\/blog\/wp-json\/wp\/v2\/tags?post=698881"},{"taxonomy":"tax_estado","embeddable":true,"href":"https:\/\/www.estrategiaconcursos.com.br\/blog\/wp-json\/wp\/v2\/tax_estado?post=698881"}],"curies":[{"name":"wp","href":"https:\/\/api.w.org\/{rel}","templated":true}]}}