{"id":698651,"date":"2021-03-22T17:23:24","date_gmt":"2021-03-22T20:23:24","guid":{"rendered":"https:\/\/www.estrategiaconcursos.com.br\/blog\/?p=698651"},"modified":"2021-04-28T14:47:22","modified_gmt":"2021-04-28T17:47:22","slug":"corte-no-orcamento-ameaca-censo-ibge-2021","status":"publish","type":"post","link":"https:\/\/www.estrategiaconcursos.com.br\/blog\/corte-no-orcamento-ameaca-censo-ibge-2021\/","title":{"rendered":"Corte no or\u00e7amento amea\u00e7a realiza\u00e7\u00e3o do Censo IBGE em 2021"},"content":{"rendered":"\n<p>A realiza\u00e7\u00e3o do Censo Demogr\u00e1fico do IBGE em 2021 pode, mais uma vez, ser postergada. Isso porque o parecer final, apresentado pelo relator-geral, senador Marcio Bittar, <strong>retira R$ 1,76 bilh\u00e3o do Censo<\/strong>, o que equivale a cerca de 90% do or\u00e7amento. A informa\u00e7\u00e3o \u00e9 da <a href=\"https:\/\/www12.senado.leg.br\/noticias\/materias\/2021\/03\/22\/parecer-final-do-orcamento-reduz-verbas-para-censo-demografico#:~:text=Parecer%20final%20do%20Or%C3%A7amento%20reduz%20verbas%20para%20Censo%20Demogr%C3%A1fico,-Da%20Reda%C3%A7%C3%A3o%20%7C%2022&amp;text=O%20parecer%20final%20apresentado%20pelo,previsto%20para%20ocorrer%20neste%20ano.&amp;text=A%20Lei%208.184%2C%20de%201991,realizado%20a%20cada%20dez%20anos.\" target=\"_blank\" rel=\"noreferrer noopener\">Ag\u00eancia C\u00e2mara<\/a>.<\/p>\n\n\n\n<p>Caso o corte venha a se concretizar, <strong>n\u00e3o ser\u00e1 poss\u00edvel a realiza\u00e7\u00e3o do Censo em 2021<\/strong>. Vale lembrar que, originalmente, a pesquisa seria realizada em 2020, mas precisou ser adiada por conta da situa\u00e7\u00e3o sanit\u00e1ria causada pandemia no pa\u00eds.<\/p>\n\n\n\n<p>Apesar desse cen\u00e1rio, o Instituto Brasileiro de Geografia e Estat\u00edstica conta com o apoio da Comiss\u00e3o Mista de Or\u00e7amento (CMO) na pr\u00f3xima vota\u00e7\u00e3o, prevista para 24 de mar\u00e7o, <strong>para que essa situa\u00e7\u00e3o seja revertida<\/strong>.<\/p>\n\n\n\n<p>Em nota, o IBGE diz que o <strong>pa\u00eds necessita das informa\u00e7\u00f5es geradas pelo Censo<\/strong>, que s\u00e3o essenciais para subsidiar pol\u00edticas p\u00fablicas em diversas \u00e1reas, especialmente em um contexto de pandemia, onde esses dados s\u00e3o estrat\u00e9gicos para o avan\u00e7o da vacina\u00e7\u00e3o e para o planejamento de infraestrutura em sa\u00fade.<\/p>\n\n\n\n<h3 class=\"wp-block-heading\" id=\"h-confira-a-nota-completa-divulgada-pelo-ibge-sobre-o-censo\">Confira a nota completa divulgada pelo IBGE sobre o Censo:<\/h3>\n\n\n\n<blockquote class=\"wp-block-quote is-layout-flow wp-block-quote-is-layout-flow\"><p><em>O IBGE informa que o or\u00e7amento previsto para o Censo \u00e9 de R$ 2 bilh\u00f5es, conforme proposta encaminhada ao Congresso Nacional no dia 31 de agosto de 2020. O parecer final do Excelent\u00edssimo Senhor Relator prop\u00f5e a exclus\u00e3o de R$1,7 bilh\u00e3o do or\u00e7amento solicitado para o Censo, o que inviabilizaria a opera\u00e7\u00e3o. O IBGE conta com o apoio da Comiss\u00e3o Mista de Or\u00e7amento na pr\u00f3xima vota\u00e7\u00e3o para que esse cen\u00e1rio seja revertido.<\/em><\/p><p><em>O Pa\u00eds necessita das informa\u00e7\u00f5es geradas pelo Censo, que s\u00e3o essenciais para subsidiar pol\u00edticas p\u00fablicas em diversas \u00e1reas, especialmente em um contexto de pandemia, onde esses dados s\u00e3o estrat\u00e9gicos para o avan\u00e7o da vacina\u00e7\u00e3o e para o planejamento de infraestrutura em sa\u00fade.<\/em><\/p><p><em>Al\u00e9m de um modelo misto de coleta (presencial, telefone e online) e tecnologia de fronteira de supervis\u00e3o e monitoramento, os profissionais envolvidos no Censo observar\u00e3o, em todas as etapas da opera\u00e7\u00e3o, r\u00edgidos protocolos de sa\u00fade e seguran\u00e7a adotados pelo IBGE, seguindo recomenda\u00e7\u00f5es do Minist\u00e9rio da Sa\u00fade e as melhoras pr\u00e1ticas de preven\u00e7\u00e3o e combate ao COVID-19.<\/em><\/p><\/blockquote>\n\n\n\n<h3 class=\"wp-block-heading\" id=\"h-processos-seletivos-do-ibge\">Processos seletivos do IBGE<\/h3>\n\n\n\n<p>Vale lembrar que no ano passado, foram publicados dois editais com oferta de mais de <strong>200 mil vagas <\/strong>para o Censo 2020. Entretanto, por conta da pandemia, ambos foram cancelados. As sele\u00e7\u00f5es foram republicadas agora em  fevereiro e j\u00e1 est\u00e3o com inscri\u00e7\u00f5es encerradas. A aplica\u00e7\u00e3o das provas \u00e9 prevista para 18 e 25 de abril.<\/p>\n\n\n\n<p>J\u00e1 neste m\u00eas de mar\u00e7o, foram publicados outros quatro editais que, juntos, ofertam<strong> 6.500 vagas<\/strong>. Para esses, as inscri\u00e7\u00f5es seguem abertas e devem ter provas aplicadas em maio.<\/p>\n\n\n\n<p>Al\u00e9m disso, h\u00e1 ainda um \u00faltimo edital, previsto para ser publicado amanh\u00e3 (23), segundo <a href=\"https:\/\/www.estrategiaconcursos.com.br\/blog\/edital-ibge-312-vagas\/\" target=\"_blank\" rel=\"noreferrer noopener\">informado exclusivamente<\/a> ao jornalismo do Estrat\u00e9gia Concursos. S\u00e3o aguardadas <strong>312 vagas<\/strong>, sob organiza\u00e7\u00e3o do Idecan. J\u00e1 estamos em contato com o \u00f3rg\u00e3o para saber se o cronograma para esta publica\u00e7\u00e3o segue mantida.<\/p>\n\n\n\n<div class=\"wp-block-image\"><figure class=\"aligncenter size-large is-resized\"><img loading=\"lazy\" decoding=\"async\" src=\"https:\/\/dhg1h5j42swfq.cloudfront.net\/2020\/09\/18141901\/Coruja_Concursos%404x-506x1024.png\" alt=\"Corte no or\u00e7amento amea\u00e7a realiza\u00e7\u00e3o do Censo IBGE em 2021\" class=\"wp-image-574355\" width=\"27\" height=\"55\" srcset=\"https:\/\/dhg1h5j42swfq.cloudfront.net\/2020\/09\/18141901\/Coruja_Concursos%404x-506x1024.png 506w, https:\/\/dhg1h5j42swfq.cloudfront.net\/2020\/09\/18141901\/Coruja_Concursos%404x-148x300.png 148w, https:\/\/dhg1h5j42swfq.cloudfront.net\/2020\/09\/18141901\/Coruja_Concursos%404x-610x1236.png 610w, https:\/\/dhg1h5j42swfq.cloudfront.net\/2020\/09\/18141901\/Coruja_Concursos%404x.png 745w\" sizes=\"auto, (max-width: 27px) 100vw, 27px\" \/><\/figure><\/div>\n\n\n\n<p class=\"has-text-align-center has-luminous-vivid-amber-background-color has-background has-medium-font-size\"><strong>Mais informa\u00e7\u00f5es: <a href=\"https:\/\/www.estrategiaconcursos.com.br\/blog\/concurso-ibge-2\/\">Concurso IBGE<\/a><\/strong><\/p>\n\n\n\n<div id=\"boxes\" class=\"container\">\n<div class=\"row\">\n<div class=\"col-sm\">\n<div id=\"box-assinatura\" class=\"banner-adm\">\n<h3 class=\"titulo-assinatura\">Curso IBGE<\/h3>\n<p class=\"subtitulo-assinatura\">Conhe\u00e7a os cursos<\/p>\n<div class=\"box-botao\"><a class=\"btn-assinatura\" role=\"button\" href=\"https:\/\/www.estrategiaconcursos.com.br\/cursosPorConcurso\/ibge-204\/\" target=\"_blank\" rel=\"noopener noreferrer\">Conhe\u00e7a mais<\/a><\/div>\n<\/div>\n<\/div>\n<\/div>\n<\/div>\n\n\n\n<div id=\"boxes\" class=\"container\">\n<div class=\"row\">\n<div class=\"col-sm\">\n<div id=\"box-assinatura\" class=\"estrategia\">\n<h3 class=\"titulo-assinatura\">Assinatura Concursos<\/h3>\n<p class=\"subtitulo-assinatura\">Assinatura de 1 ano ou 2 anos<\/p>\n<div class=\"box-botao\"><a class=\"btn-assinatura\" role=\"button\" href=\"https:\/\/www.estrategiaconcursos.com.br\/assinaturas\/\" target=\"_blank\" rel=\"noopener noreferrer\">ASSINE AGORA<\/a><\/div>\n<\/div>\n<\/div>\n<div class=\"col-sm\">\n<div id=\"box-assinatura\" class=\"questoes\">\n<h3 class=\"titulo-assinatura\">Sistema de Quest\u00f5es<\/h3>\n<p class=\"subtitulo-assinatura\">Assinatura de 1 ano ou 2 anos<\/p>\n<div class=\"box-botao\"><a class=\"btn-assinatura\" role=\"button\" href=\"https:\/\/www.estrategiaconcursos.com.br\/cursosPorConcurso\/sistema-de-questoes\/#\/\" target=\"_blank\" rel=\"noopener noreferrer\">ASSINE AGORA<\/a><\/div>\n<\/div>\n<\/div>\n<\/div>\n<\/div>\n\n\n\n<div id=\"boxes\" class=\"container\">\n<div class=\"row\">\n<div id=\"boxes-concursos\" class=\"col-sm\">\n<div id=\"box-concursos\" class=\"conteudo-concursos\" style=\"background-color: #005dad;\">\n<h3 class=\"titulo-assinatura\">Concursos Abertos<\/h3>\n<p class=\"subtitulo-assinatura\">mais de 15 mil vagas<\/p>\n<div class=\"box-botao\"><a class=\"btn-assinatura\" role=\"button\" href=\"https:\/\/www.estrategiaconcursos.com.br\/blog\/concursos-abertos\/\" target=\"_blank\" rel=\"noopener noreferrer\">Conhe\u00e7a Agora<\/a><\/div>\n<\/div>\n<\/div>\n<div id=\"boxes-concursos\" class=\"col-sm\">\n<div id=\"box-concursos\" class=\"conteudo-concursos\" style=\"background-color: #419ff0;\">\n<h3 class=\"titulo-assinatura\">Concursos 2021<\/h3>\n<p class=\"subtitulo-assinatura\">mais de 50 mil vagas<\/p>\n<div class=\"box-botao\"><a class=\"btn-assinatura\" role=\"button\" href=\"https:\/\/www.estrategiaconcursos.com.br\/blog\/concursos-2021\/\" target=\"_blank\" rel=\"noopener noreferrer\">Conhe\u00e7a Agora<\/a><\/div>\n<\/div>\n<\/div>\n<\/div>\n<\/div>\n","protected":false},"excerpt":{"rendered":"<p>A realiza\u00e7\u00e3o do Censo Demogr\u00e1fico do IBGE em 2021 pode, mais uma vez, ser postergada. Isso porque o parecer final, apresentado pelo relator-geral, senador Marcio Bittar, retira R$ 1,76 bilh\u00e3o do Censo, o que equivale a cerca de 90% do or\u00e7amento. A informa\u00e7\u00e3o \u00e9 da Ag\u00eancia C\u00e2mara. Caso o corte venha a se concretizar, n\u00e3o [&hellip;]<\/p>\n","protected":false},"author":1,"featured_media":698502,"comment_status":"open","ping_status":"closed","sticky":false,"template":"","format":"standard","meta":{"post_tipo":"news","footnotes":""},"categories":[214992],"tags":[],"tax_estado":[219963],"class_list":["post-698651","post","type-post","status-publish","format-standard","has-post-thumbnail","hentry","category-concursos-administrativos","tax_estado-concursos-federais"],"acf":[],"yoast_head":"<!-- This site is optimized with the Yoast SEO Premium plugin v27.2 (Yoast SEO v27.2) - https:\/\/yoast.com\/product\/yoast-seo-premium-wordpress\/ -->\n<title>Corte no or\u00e7amento amea\u00e7a realiza\u00e7\u00e3o do Censo IBGE em 2021<\/title>\n<meta name=\"description\" content=\"Parecer final apresentado pelo relator-geral retira R$ 1.76 bilh\u00e3o do Censo Demogr\u00e1fico do IBGE, amea\u00e7ando sua realiza\u00e7\u00e3o em 2021.\" \/>\n<meta name=\"robots\" content=\"index, follow, max-snippet:-1, max-image-preview:large, max-video-preview:-1\" \/>\n<link rel=\"canonical\" href=\"https:\/\/www.estrategiaconcursos.com.br\/blog\/corte-no-orcamento-ameaca-censo-ibge-2021\/\" \/>\n<meta property=\"og:locale\" content=\"pt_BR\" \/>\n<meta property=\"og:type\" content=\"article\" \/>\n<meta property=\"og:title\" content=\"Corte no or\u00e7amento amea\u00e7a realiza\u00e7\u00e3o do Censo IBGE em 2021\" \/>\n<meta property=\"og:description\" content=\"Parecer final apresentado pelo relator-geral retira R$ 1.76 bilh\u00e3o do Censo Demogr\u00e1fico do IBGE, amea\u00e7ando sua realiza\u00e7\u00e3o em 2021.\" \/>\n<meta property=\"og:url\" content=\"https:\/\/www.estrategiaconcursos.com.br\/blog\/corte-no-orcamento-ameaca-censo-ibge-2021\/\" \/>\n<meta property=\"og:site_name\" content=\"Estrat\u00e9gia Concursos\" \/>\n<meta property=\"article:author\" content=\"https:\/\/www.facebook.com\/EstrategiaConcursos\" \/>\n<meta property=\"article:published_time\" content=\"2021-03-22T20:23:24+00:00\" \/>\n<meta property=\"article:modified_time\" content=\"2021-04-28T17:47:22+00:00\" \/>\n<meta property=\"og:image\" content=\"https:\/\/dhg1h5j42swfq.cloudfront.net\/2021\/03\/22154306\/ibge-1.jpg\" \/>\n\t<meta property=\"og:image:width\" content=\"1200\" \/>\n\t<meta property=\"og:image:height\" content=\"628\" \/>\n\t<meta property=\"og:image:type\" content=\"image\/jpeg\" \/>\n<meta name=\"author\" content=\"Coordena\u00e7\u00e3o\" \/>\n<meta name=\"twitter:card\" content=\"summary_large_image\" \/>\n<meta name=\"twitter:creator\" content=\"@EstratConcursos\" \/>\n<meta name=\"twitter:site\" content=\"@EstratConcursos\" \/>\n<meta name=\"twitter:label1\" content=\"Escrito por\" \/>\n\t<meta name=\"twitter:data1\" content=\"Coordena\u00e7\u00e3o\" \/>\n\t<meta name=\"twitter:label2\" content=\"Est. tempo de leitura\" \/>\n\t<meta name=\"twitter:data2\" content=\"3 minutos\" \/>\n<script type=\"application\/ld+json\" class=\"yoast-schema-graph\">{\"@context\":\"https:\/\/schema.org\",\"@graph\":[{\"@type\":\"NewsArticle\",\"@id\":\"https:\/\/www.estrategiaconcursos.com.br\/blog\/corte-no-orcamento-ameaca-censo-ibge-2021\/#article\",\"isPartOf\":{\"@id\":\"https:\/\/www.estrategiaconcursos.com.br\/blog\/corte-no-orcamento-ameaca-censo-ibge-2021\/\"},\"author\":{\"name\":\"Coordena\u00e7\u00e3o\",\"@id\":\"https:\/\/www.estrategiaconcursos.com.br\/blog\/#\/schema\/person\/b4a388c97673c5f483d72185668afa1f\"},\"headline\":\"Corte no or\u00e7amento amea\u00e7a realiza\u00e7\u00e3o do Censo IBGE em 2021\",\"datePublished\":\"2021-03-22T20:23:24+00:00\",\"dateModified\":\"2021-04-28T17:47:22+00:00\",\"mainEntityOfPage\":{\"@id\":\"https:\/\/www.estrategiaconcursos.com.br\/blog\/corte-no-orcamento-ameaca-censo-ibge-2021\/\"},\"wordCount\":604,\"commentCount\":0,\"publisher\":{\"@id\":\"https:\/\/www.estrategiaconcursos.com.br\/blog\/#organization\"},\"image\":{\"@id\":\"https:\/\/www.estrategiaconcursos.com.br\/blog\/corte-no-orcamento-ameaca-censo-ibge-2021\/#primaryimage\"},\"thumbnailUrl\":\"https:\/\/dhg1h5j42swfq.cloudfront.net\/2021\/03\/22154306\/ibge-1.jpg\",\"articleSection\":[\"Executivo (Administrativa)\"],\"inLanguage\":\"pt-BR\",\"potentialAction\":[{\"@type\":\"CommentAction\",\"name\":\"Comment\",\"target\":[\"https:\/\/www.estrategiaconcursos.com.br\/blog\/corte-no-orcamento-ameaca-censo-ibge-2021\/#respond\"]}],\"copyrightYear\":\"2021\",\"copyrightHolder\":{\"@id\":\"https:\/\/www.estrategiaconcursos.com.br\/blog\/#organization\"}},{\"@type\":\"WebPage\",\"@id\":\"https:\/\/www.estrategiaconcursos.com.br\/blog\/corte-no-orcamento-ameaca-censo-ibge-2021\/\",\"url\":\"https:\/\/www.estrategiaconcursos.com.br\/blog\/corte-no-orcamento-ameaca-censo-ibge-2021\/\",\"name\":\"Corte no or\u00e7amento amea\u00e7a realiza\u00e7\u00e3o do Censo IBGE em 2021\",\"isPartOf\":{\"@id\":\"https:\/\/www.estrategiaconcursos.com.br\/blog\/#website\"},\"primaryImageOfPage\":{\"@id\":\"https:\/\/www.estrategiaconcursos.com.br\/blog\/corte-no-orcamento-ameaca-censo-ibge-2021\/#primaryimage\"},\"image\":{\"@id\":\"https:\/\/www.estrategiaconcursos.com.br\/blog\/corte-no-orcamento-ameaca-censo-ibge-2021\/#primaryimage\"},\"thumbnailUrl\":\"https:\/\/dhg1h5j42swfq.cloudfront.net\/2021\/03\/22154306\/ibge-1.jpg\",\"datePublished\":\"2021-03-22T20:23:24+00:00\",\"dateModified\":\"2021-04-28T17:47:22+00:00\",\"description\":\"Parecer final apresentado pelo relator-geral retira R$ 1.76 bilh\u00e3o do Censo Demogr\u00e1fico do IBGE, amea\u00e7ando sua realiza\u00e7\u00e3o em 2021.\",\"breadcrumb\":{\"@id\":\"https:\/\/www.estrategiaconcursos.com.br\/blog\/corte-no-orcamento-ameaca-censo-ibge-2021\/#breadcrumb\"},\"inLanguage\":\"pt-BR\",\"potentialAction\":[{\"@type\":\"ReadAction\",\"target\":[\"https:\/\/www.estrategiaconcursos.com.br\/blog\/corte-no-orcamento-ameaca-censo-ibge-2021\/\"]}]},{\"@type\":\"ImageObject\",\"inLanguage\":\"pt-BR\",\"@id\":\"https:\/\/www.estrategiaconcursos.com.br\/blog\/corte-no-orcamento-ameaca-censo-ibge-2021\/#primaryimage\",\"url\":\"https:\/\/dhg1h5j42swfq.cloudfront.net\/2021\/03\/22154306\/ibge-1.jpg\",\"contentUrl\":\"https:\/\/dhg1h5j42swfq.cloudfront.net\/2021\/03\/22154306\/ibge-1.jpg\",\"width\":1200,\"height\":628,\"caption\":\"PSS IBGE 2022\"},{\"@type\":\"BreadcrumbList\",\"@id\":\"https:\/\/www.estrategiaconcursos.com.br\/blog\/corte-no-orcamento-ameaca-censo-ibge-2021\/#breadcrumb\",\"itemListElement\":[{\"@type\":\"ListItem\",\"position\":1,\"name\":\"In\u00edcio\",\"item\":\"https:\/\/www.estrategiaconcursos.com.br\/blog\/\"},{\"@type\":\"ListItem\",\"position\":2,\"name\":\"Corte no or\u00e7amento amea\u00e7a realiza\u00e7\u00e3o do Censo IBGE em 2021\"}]},{\"@type\":\"WebSite\",\"@id\":\"https:\/\/www.estrategiaconcursos.com.br\/blog\/#website\",\"url\":\"https:\/\/www.estrategiaconcursos.com.br\/blog\/\",\"name\":\"Estrat\u00e9gia Concursos\",\"description\":\"O blog da Estrat\u00e9gia Concursos traz not\u00edcias sobre concursos e artigos de professores oferecendo cursos para concursos (pdf + videaulas) no site.\",\"publisher\":{\"@id\":\"https:\/\/www.estrategiaconcursos.com.br\/blog\/#organization\"},\"potentialAction\":[{\"@type\":\"SearchAction\",\"target\":{\"@type\":\"EntryPoint\",\"urlTemplate\":\"https:\/\/www.estrategiaconcursos.com.br\/blog\/?s={search_term_string}\"},\"query-input\":{\"@type\":\"PropertyValueSpecification\",\"valueRequired\":true,\"valueName\":\"search_term_string\"}}],\"inLanguage\":\"pt-BR\"},{\"@type\":\"Organization\",\"@id\":\"https:\/\/www.estrategiaconcursos.com.br\/blog\/#organization\",\"name\":\"Estrat\u00e9gia Concursos\",\"url\":\"https:\/\/www.estrategiaconcursos.com.br\/blog\/\",\"logo\":{\"@type\":\"ImageObject\",\"inLanguage\":\"pt-BR\",\"@id\":\"https:\/\/www.estrategiaconcursos.com.br\/blog\/#\/schema\/logo\/image\/\",\"url\":\"https:\/\/dhg1h5j42swfq.cloudfront.net\/2025\/06\/03203428\/logo_concursos-1.jpg\",\"contentUrl\":\"https:\/\/dhg1h5j42swfq.cloudfront.net\/2025\/06\/03203428\/logo_concursos-1.jpg\",\"width\":230,\"height\":60,\"caption\":\"Estrat\u00e9gia Concursos\"},\"image\":{\"@id\":\"https:\/\/www.estrategiaconcursos.com.br\/blog\/#\/schema\/logo\/image\/\"},\"sameAs\":[\"https:\/\/x.com\/EstratConcursos\"]},{\"@type\":\"Person\",\"@id\":\"https:\/\/www.estrategiaconcursos.com.br\/blog\/#\/schema\/person\/b4a388c97673c5f483d72185668afa1f\",\"name\":\"Coordena\u00e7\u00e3o\",\"image\":{\"@type\":\"ImageObject\",\"inLanguage\":\"pt-BR\",\"@id\":\"https:\/\/secure.gravatar.com\/avatar\/b720319e4c9a967eb58678d110f4fe35452fc5d5f97b202bac7b8acceb18c6ad?s=96&d=mm&r=g\",\"url\":\"https:\/\/secure.gravatar.com\/avatar\/b720319e4c9a967eb58678d110f4fe35452fc5d5f97b202bac7b8acceb18c6ad?s=96&d=mm&r=g\",\"contentUrl\":\"https:\/\/secure.gravatar.com\/avatar\/b720319e4c9a967eb58678d110f4fe35452fc5d5f97b202bac7b8acceb18c6ad?s=96&d=mm&r=g\",\"caption\":\"Coordena\u00e7\u00e3o\"},\"sameAs\":[\"https:\/\/www.facebook.com\/EstrategiaConcursos\",\"https:\/\/x.com\/EstratConcursos\"],\"url\":\"https:\/\/www.estrategiaconcursos.com.br\/blog\/author\/estrategia2013\/\"}]}<\/script>\n<!-- \/ Yoast SEO Premium plugin. -->","yoast_head_json":{"title":"Corte no or\u00e7amento amea\u00e7a realiza\u00e7\u00e3o do Censo IBGE em 2021","description":"Parecer final apresentado pelo relator-geral retira R$ 1.76 bilh\u00e3o do Censo Demogr\u00e1fico do IBGE, amea\u00e7ando sua realiza\u00e7\u00e3o em 2021.","robots":{"index":"index","follow":"follow","max-snippet":"max-snippet:-1","max-image-preview":"max-image-preview:large","max-video-preview":"max-video-preview:-1"},"canonical":"https:\/\/www.estrategiaconcursos.com.br\/blog\/corte-no-orcamento-ameaca-censo-ibge-2021\/","og_locale":"pt_BR","og_type":"article","og_title":"Corte no or\u00e7amento amea\u00e7a realiza\u00e7\u00e3o do Censo IBGE em 2021","og_description":"Parecer final apresentado pelo relator-geral retira R$ 1.76 bilh\u00e3o do Censo Demogr\u00e1fico do IBGE, amea\u00e7ando sua realiza\u00e7\u00e3o em 2021.","og_url":"https:\/\/www.estrategiaconcursos.com.br\/blog\/corte-no-orcamento-ameaca-censo-ibge-2021\/","og_site_name":"Estrat\u00e9gia Concursos","article_author":"https:\/\/www.facebook.com\/EstrategiaConcursos","article_published_time":"2021-03-22T20:23:24+00:00","article_modified_time":"2021-04-28T17:47:22+00:00","og_image":[{"width":1200,"height":628,"url":"https:\/\/dhg1h5j42swfq.cloudfront.net\/2021\/03\/22154306\/ibge-1.jpg","type":"image\/jpeg"}],"author":"Coordena\u00e7\u00e3o","twitter_card":"summary_large_image","twitter_creator":"@EstratConcursos","twitter_site":"@EstratConcursos","twitter_misc":{"Escrito por":"Coordena\u00e7\u00e3o","Est. tempo de leitura":"3 minutos"},"schema":{"@context":"https:\/\/schema.org","@graph":[{"@type":"NewsArticle","@id":"https:\/\/www.estrategiaconcursos.com.br\/blog\/corte-no-orcamento-ameaca-censo-ibge-2021\/#article","isPartOf":{"@id":"https:\/\/www.estrategiaconcursos.com.br\/blog\/corte-no-orcamento-ameaca-censo-ibge-2021\/"},"author":{"name":"Coordena\u00e7\u00e3o","@id":"https:\/\/www.estrategiaconcursos.com.br\/blog\/#\/schema\/person\/b4a388c97673c5f483d72185668afa1f"},"headline":"Corte no or\u00e7amento amea\u00e7a realiza\u00e7\u00e3o do Censo IBGE em 2021","datePublished":"2021-03-22T20:23:24+00:00","dateModified":"2021-04-28T17:47:22+00:00","mainEntityOfPage":{"@id":"https:\/\/www.estrategiaconcursos.com.br\/blog\/corte-no-orcamento-ameaca-censo-ibge-2021\/"},"wordCount":604,"commentCount":0,"publisher":{"@id":"https:\/\/www.estrategiaconcursos.com.br\/blog\/#organization"},"image":{"@id":"https:\/\/www.estrategiaconcursos.com.br\/blog\/corte-no-orcamento-ameaca-censo-ibge-2021\/#primaryimage"},"thumbnailUrl":"https:\/\/dhg1h5j42swfq.cloudfront.net\/2021\/03\/22154306\/ibge-1.jpg","articleSection":["Executivo (Administrativa)"],"inLanguage":"pt-BR","potentialAction":[{"@type":"CommentAction","name":"Comment","target":["https:\/\/www.estrategiaconcursos.com.br\/blog\/corte-no-orcamento-ameaca-censo-ibge-2021\/#respond"]}],"copyrightYear":"2021","copyrightHolder":{"@id":"https:\/\/www.estrategiaconcursos.com.br\/blog\/#organization"}},{"@type":"WebPage","@id":"https:\/\/www.estrategiaconcursos.com.br\/blog\/corte-no-orcamento-ameaca-censo-ibge-2021\/","url":"https:\/\/www.estrategiaconcursos.com.br\/blog\/corte-no-orcamento-ameaca-censo-ibge-2021\/","name":"Corte no or\u00e7amento amea\u00e7a realiza\u00e7\u00e3o do Censo IBGE em 2021","isPartOf":{"@id":"https:\/\/www.estrategiaconcursos.com.br\/blog\/#website"},"primaryImageOfPage":{"@id":"https:\/\/www.estrategiaconcursos.com.br\/blog\/corte-no-orcamento-ameaca-censo-ibge-2021\/#primaryimage"},"image":{"@id":"https:\/\/www.estrategiaconcursos.com.br\/blog\/corte-no-orcamento-ameaca-censo-ibge-2021\/#primaryimage"},"thumbnailUrl":"https:\/\/dhg1h5j42swfq.cloudfront.net\/2021\/03\/22154306\/ibge-1.jpg","datePublished":"2021-03-22T20:23:24+00:00","dateModified":"2021-04-28T17:47:22+00:00","description":"Parecer final apresentado pelo relator-geral retira R$ 1.76 bilh\u00e3o do Censo Demogr\u00e1fico do IBGE, amea\u00e7ando sua realiza\u00e7\u00e3o em 2021.","breadcrumb":{"@id":"https:\/\/www.estrategiaconcursos.com.br\/blog\/corte-no-orcamento-ameaca-censo-ibge-2021\/#breadcrumb"},"inLanguage":"pt-BR","potentialAction":[{"@type":"ReadAction","target":["https:\/\/www.estrategiaconcursos.com.br\/blog\/corte-no-orcamento-ameaca-censo-ibge-2021\/"]}]},{"@type":"ImageObject","inLanguage":"pt-BR","@id":"https:\/\/www.estrategiaconcursos.com.br\/blog\/corte-no-orcamento-ameaca-censo-ibge-2021\/#primaryimage","url":"https:\/\/dhg1h5j42swfq.cloudfront.net\/2021\/03\/22154306\/ibge-1.jpg","contentUrl":"https:\/\/dhg1h5j42swfq.cloudfront.net\/2021\/03\/22154306\/ibge-1.jpg","width":1200,"height":628,"caption":"PSS IBGE 2022"},{"@type":"BreadcrumbList","@id":"https:\/\/www.estrategiaconcursos.com.br\/blog\/corte-no-orcamento-ameaca-censo-ibge-2021\/#breadcrumb","itemListElement":[{"@type":"ListItem","position":1,"name":"In\u00edcio","item":"https:\/\/www.estrategiaconcursos.com.br\/blog\/"},{"@type":"ListItem","position":2,"name":"Corte no or\u00e7amento amea\u00e7a realiza\u00e7\u00e3o do Censo IBGE em 2021"}]},{"@type":"WebSite","@id":"https:\/\/www.estrategiaconcursos.com.br\/blog\/#website","url":"https:\/\/www.estrategiaconcursos.com.br\/blog\/","name":"Estrat\u00e9gia Concursos","description":"O blog da Estrat\u00e9gia Concursos traz not\u00edcias sobre concursos e artigos de professores oferecendo cursos para concursos (pdf + videaulas) no site.","publisher":{"@id":"https:\/\/www.estrategiaconcursos.com.br\/blog\/#organization"},"potentialAction":[{"@type":"SearchAction","target":{"@type":"EntryPoint","urlTemplate":"https:\/\/www.estrategiaconcursos.com.br\/blog\/?s={search_term_string}"},"query-input":{"@type":"PropertyValueSpecification","valueRequired":true,"valueName":"search_term_string"}}],"inLanguage":"pt-BR"},{"@type":"Organization","@id":"https:\/\/www.estrategiaconcursos.com.br\/blog\/#organization","name":"Estrat\u00e9gia Concursos","url":"https:\/\/www.estrategiaconcursos.com.br\/blog\/","logo":{"@type":"ImageObject","inLanguage":"pt-BR","@id":"https:\/\/www.estrategiaconcursos.com.br\/blog\/#\/schema\/logo\/image\/","url":"https:\/\/dhg1h5j42swfq.cloudfront.net\/2025\/06\/03203428\/logo_concursos-1.jpg","contentUrl":"https:\/\/dhg1h5j42swfq.cloudfront.net\/2025\/06\/03203428\/logo_concursos-1.jpg","width":230,"height":60,"caption":"Estrat\u00e9gia Concursos"},"image":{"@id":"https:\/\/www.estrategiaconcursos.com.br\/blog\/#\/schema\/logo\/image\/"},"sameAs":["https:\/\/x.com\/EstratConcursos"]},{"@type":"Person","@id":"https:\/\/www.estrategiaconcursos.com.br\/blog\/#\/schema\/person\/b4a388c97673c5f483d72185668afa1f","name":"Coordena\u00e7\u00e3o","image":{"@type":"ImageObject","inLanguage":"pt-BR","@id":"https:\/\/secure.gravatar.com\/avatar\/b720319e4c9a967eb58678d110f4fe35452fc5d5f97b202bac7b8acceb18c6ad?s=96&d=mm&r=g","url":"https:\/\/secure.gravatar.com\/avatar\/b720319e4c9a967eb58678d110f4fe35452fc5d5f97b202bac7b8acceb18c6ad?s=96&d=mm&r=g","contentUrl":"https:\/\/secure.gravatar.com\/avatar\/b720319e4c9a967eb58678d110f4fe35452fc5d5f97b202bac7b8acceb18c6ad?s=96&d=mm&r=g","caption":"Coordena\u00e7\u00e3o"},"sameAs":["https:\/\/www.facebook.com\/EstrategiaConcursos","https:\/\/x.com\/EstratConcursos"],"url":"https:\/\/www.estrategiaconcursos.com.br\/blog\/author\/estrategia2013\/"}]}},"_links":{"self":[{"href":"https:\/\/www.estrategiaconcursos.com.br\/blog\/wp-json\/wp\/v2\/posts\/698651","targetHints":{"allow":["GET"]}}],"collection":[{"href":"https:\/\/www.estrategiaconcursos.com.br\/blog\/wp-json\/wp\/v2\/posts"}],"about":[{"href":"https:\/\/www.estrategiaconcursos.com.br\/blog\/wp-json\/wp\/v2\/types\/post"}],"author":[{"embeddable":true,"href":"https:\/\/www.estrategiaconcursos.com.br\/blog\/wp-json\/wp\/v2\/users\/1"}],"replies":[{"embeddable":true,"href":"https:\/\/www.estrategiaconcursos.com.br\/blog\/wp-json\/wp\/v2\/comments?post=698651"}],"version-history":[{"count":12,"href":"https:\/\/www.estrategiaconcursos.com.br\/blog\/wp-json\/wp\/v2\/posts\/698651\/revisions"}],"predecessor-version":[{"id":698854,"href":"https:\/\/www.estrategiaconcursos.com.br\/blog\/wp-json\/wp\/v2\/posts\/698651\/revisions\/698854"}],"wp:featuredmedia":[{"embeddable":true,"href":"https:\/\/www.estrategiaconcursos.com.br\/blog\/wp-json\/wp\/v2\/media\/698502"}],"wp:attachment":[{"href":"https:\/\/www.estrategiaconcursos.com.br\/blog\/wp-json\/wp\/v2\/media?parent=698651"}],"wp:term":[{"taxonomy":"category","embeddable":true,"href":"https:\/\/www.estrategiaconcursos.com.br\/blog\/wp-json\/wp\/v2\/categories?post=698651"},{"taxonomy":"post_tag","embeddable":true,"href":"https:\/\/www.estrategiaconcursos.com.br\/blog\/wp-json\/wp\/v2\/tags?post=698651"},{"taxonomy":"tax_estado","embeddable":true,"href":"https:\/\/www.estrategiaconcursos.com.br\/blog\/wp-json\/wp\/v2\/tax_estado?post=698651"}],"curies":[{"name":"wp","href":"https:\/\/api.w.org\/{rel}","templated":true}]}}