{"id":696352,"date":"2025-06-02T07:10:00","date_gmt":"2025-06-02T10:10:00","guid":{"rendered":"https:\/\/www.estrategiaconcursos.com.br\/blog\/?p=696352"},"modified":"2025-06-02T08:55:12","modified_gmt":"2025-06-02T11:55:12","slug":"concurso-ipe-saude-rs","status":"publish","type":"post","link":"https:\/\/www.estrategiaconcursos.com.br\/blog\/concurso-ipe-saude-rs\/","title":{"rendered":"Concurso IPE Sa\u00fade RS: 45 vagas e inicial de at\u00e9 R$ 10 mil!"},"content":{"rendered":"\n<p class=\"has-medium-font-size\"><em><strong>Candidatos do PSS IPE Sa\u00fade RS ser\u00e3o avaliados por experi\u00eancia e t\u00edtulos!<\/strong><\/em><\/p>\n\n\n\n<p>Est\u00e3o encerradas as inscri\u00e7\u00f5es para o <strong>processo seletivo simplificado do Instituto de Assist\u00eancia \u00e0\u00a0Sa\u00fade\u00a0dos Servidores P\u00fablicos do Rio Grande do Sul<\/strong> (IPE Sa\u00fade RS).<\/p>\n\n\n\n<p>Gratuitas, as inscri\u00e7\u00f5es puderam ser efetuadas at\u00e9 o<strong> dia 30 de maio<\/strong>, no site da banca organizadora, Objetiva Concursos. Os candidatos ser\u00e3o avaliados por meio de t\u00edtulos e experi\u00eancia profissional.<\/p>\n\n\n\n<p>Ao todo, s\u00e3o ofertadas <strong>45 vagas<\/strong> para fun\u00e7\u00f5es de n\u00edveis m\u00e9dio e superior de forma\u00e7\u00e3o. Os aprovados receber\u00e3o sal\u00e1rios inicias que variam de <strong>R$ 4.200,00 a R$ 10.000,00<\/strong>. <\/p>\n\n\n\n<ul class=\"wp-block-list has-very-light-gray-to-cyan-bluish-gray-gradient-background has-background\">\n<li><strong>PSS IPE Sa\u00fade RS<\/strong><\/li>\n\n\n\n<li><strong>Situa\u00e7\u00e3o<\/strong>: inscri\u00e7\u00f5es encerradas<\/li>\n\n\n\n<li><strong style=\"background-color: initial; color: initial;\">Banca<\/strong><span style=\"background-color: initial; color: initial;\">: <\/span><a href=\"https:\/\/concursos.objetivas.com.br\/informacoes\/2526\/\" target=\"_blank\" rel=\"noreferrer noopener\">Objetiva Concursos<\/a><\/li>\n\n\n\n<li><strong>Vagas<\/strong>: 45<\/li>\n\n\n\n<li><strong>Sal\u00e1rio<\/strong>: R$ 4.200,00 a R$ 10.000,00<\/li>\n\n\n\n<li><strong>Edital<\/strong>: <a href=\"https:\/\/dhg1h5j42swfq.cloudfront.net\/2025\/03\/15160838\/12145555-2025-01-edital-de-abertura-processo-seletivo-1.pdf\" target=\"_blank\" rel=\"noreferrer noopener nofollow\">PSS IPE Sa\u00fade 2025<\/a><\/li>\n<\/ul>\n\n\n\n<p>Vale lembrar que o \u00faltimo concurso p\u00fablico IPE Sa\u00fade RS ocorreu em 2021, com oferta de 95 vagas para os cargos de <span style=\"font-size: revert; color: initial;\">T\u00e9cnicos e <\/span>Analistas em Gest\u00e3o de Sa\u00fade (em diversas especialidades), de n\u00edveis m\u00e9dio e superior. <\/p>\n\n\n\n<p>A fim de te deixar sempre bem informado, elaboramos este artigo com as principais informa\u00e7\u00f5es e novidades sobre o concurso. Acompanhe os t\u00f3picos abaixo e n\u00e3o perca nenhum detalhe!<\/p>\n\n\n\n<ul id=\"indice\" class=\"wp-block-list\">\n<li><a href=\"#info-novoedital\">Informa\u00e7\u00f5es do novo edital<\/a>\n<ul class=\"wp-block-list\">\n<li><a href=\"#h-principais-datas\">Principais datas<\/a><\/li>\n\n\n\n<li><a href=\"#h-cargos-e-vagas-2025\">Cargos e vagas<\/a><\/li>\n\n\n\n<li><a href=\"#h-etapas-do-pss-2025\">Etapas<\/a><\/li>\n<\/ul>\n<\/li>\n\n\n\n<li><a href=\"https:\/\/www.estrategiaconcursos.com.br\/blog\/wp-admin\/post.php?action=edit&amp;post=696352#cargos\">Carreiras do IPE Sa\u00fade<\/a>\n<ul class=\"wp-block-list\">\n<li><a href=\"#escolaridade\">Cargos<\/a><\/li>\n<\/ul>\n<\/li>\n\n\n\n<li><a href=\"#h-ultimos-concursos-publicos\">\u00daltimos concursos<\/a>\n<ul class=\"wp-block-list\">\n<li><a href=\"#h-edital-ipe-saude-rs-2021\">Edital 2021<\/a><\/li>\n\n\n\n<li><a href=\"#ultimo-concurso-2013\">Edital 2013<\/a><\/li>\n<\/ul>\n<\/li>\n\n\n\n<li><a href=\"#assinatura\">Cursos e assinaturas<\/a><\/li>\n\n\n\n<li><a href=\"#ficha\">Ficha T\u00e9cnica<\/a><\/li>\n<\/ul>\n\n\n\n<div class=\"container\" id=\"boxes\">\n  <div class=\"row\">\n\n    <div class=\"col-sm\">\n      <div class=\"banner-medicina\" id=\"box-assinatura\">\n        <h3 class=\"titulo-assinatura\">Concurso IPE Sa\u00fade RS<\/h3>\n        <p class=\"subtitulo-assinatura\">Estude conosco<\/p>\n        <div class=\"box-botao\">\n          <a class=\"btn-assinatura\" target=\"_blank\" href=\"https:\/\/www.estrategiaconcursos.com.br\/pesquisa\/?q=IPE+Sa%C3%BAde+RS\" role=\"button\" rel=\"noopener noreferrer\">Conhe\u00e7a mais<\/a>\n        <\/div>\n      <\/div>\n     \n    <\/div>\n\n  <\/div>\n<\/div>\n\n\n\n<h2 class=\"wp-block-heading\" id=\"info-novoedital\">Informa\u00e7\u00f5es do novo edital IPE Sa\u00fade RS<\/h2>\n\n\n\n<h3 class=\"wp-block-heading\" id=\"h-principais-datas-do-edital\">Principais datas do edital<\/h3>\n\n\n\n<ul class=\"wp-block-list\">\n<li><strong>Inscri\u00e7\u00f5es e upload de documentos:<\/strong> <s>16 a 30\/05\/2025<\/s><\/li>\n\n\n\n<li><strong>Resultado definitivo das etapas:<\/strong> <s>17\/07<\/s><\/li>\n\n\n\n<li><strong>Classifica\u00e7\u00e3o final e homologa\u00e7\u00e3o:<\/strong> 12\/08<\/li>\n<\/ul>\n\n\n\n<h3 class=\"wp-block-heading\" id=\"h-cargos-e-vagas-do-processo-seletivo-ipe-saude-rs\">Cargos e vagas do processo seletivo IPE Sa\u00fade RS<\/h3>\n\n\n\n<p><strong>N\u00edvel m\u00e9dio<\/strong><\/p>\n\n\n\n<figure class=\"wp-block-table is-style-stripes\"><table class=\"has-cyan-bluish-gray-background-color has-background has-fixed-layout\"><thead><tr><th class=\"has-text-align-center\" data-align=\"center\">Cargo<\/th><th class=\"has-text-align-center\" data-align=\"center\">Vagas<\/th><th class=\"has-text-align-center\" data-align=\"center\">Sal\u00e1rio<\/th><\/tr><\/thead><tbody><tr><td class=\"has-text-align-center\" data-align=\"center\">Assistente em Gest\u00e3o de Sa\u00fade<\/td><td class=\"has-text-align-center\" data-align=\"center\">5<\/td><td class=\"has-text-align-center\" data-align=\"center\">R$ 4.200,00<\/td><\/tr><\/tbody><\/table><figcaption class=\"wp-element-caption\">Quadro de vagas de n\u00edvel m\u00e9dio<\/figcaption><\/figure>\n\n\n\n<p><strong>N\u00edvel superior<\/strong><\/p>\n\n\n\n<figure class=\"wp-block-table is-style-stripes\"><table class=\"has-cyan-bluish-gray-background-color has-background has-fixed-layout\"><thead><tr><th class=\"has-text-align-center\" data-align=\"center\">Cargo<\/th><th class=\"has-text-align-center\" data-align=\"center\">Vagas<\/th><th class=\"has-text-align-center\" data-align=\"center\">Sal\u00e1rio<\/th><\/tr><\/thead><tbody><tr><td class=\"has-text-align-center\" data-align=\"center\">Analista em Gest\u00e3o de Sa\u00fade \u2013<br \/>Administra\u00e7\u00e3o<\/td><td class=\"has-text-align-center\" data-align=\"center\">6<\/td><td class=\"has-text-align-center\" data-align=\"center\">R$ 9.000,00<\/td><\/tr><tr><td class=\"has-text-align-center\" data-align=\"center\">Analista em Gest\u00e3o de Sa\u00fade \u2013<br \/>Ci\u00eancias Jur\u00eddicas e Sociais<\/td><td class=\"has-text-align-center\" data-align=\"center\">5<\/td><td class=\"has-text-align-center\" data-align=\"center\">R$ 9.000,00<\/td><\/tr><tr><td class=\"has-text-align-center\" data-align=\"center\">Analista em Gest\u00e3o de Sa\u00fade \u2013<br \/>Farm\u00e1cia\/Biomedicina\/Bioqu\u00edmica<\/td><td class=\"has-text-align-center\" data-align=\"center\">4<\/td><td class=\"has-text-align-center\" data-align=\"center\">R$ 9.000,00<\/td><\/tr><tr><td class=\"has-text-align-center\" data-align=\"center\">Analista em Gest\u00e3o de Sa\u00fade \u2013<br \/>Jornalismo<\/td><td class=\"has-text-align-center\" data-align=\"center\">1<\/td><td class=\"has-text-align-center\" data-align=\"center\">R$ 9.000,00<\/td><\/tr><tr><td class=\"has-text-align-center\" data-align=\"center\">Analista em Gest\u00e3o de Sa\u00fade \u2013<br \/>Nutri\u00e7\u00e3o<\/td><td class=\"has-text-align-center\" data-align=\"center\">2<\/td><td class=\"has-text-align-center\" data-align=\"center\">R$ 9.000,00<\/td><\/tr><tr><td class=\"has-text-align-center\" data-align=\"center\">Analista em Gest\u00e3o de Sa\u00fade \u2013<br \/>Psicologia<\/td><td class=\"has-text-align-center\" data-align=\"center\">2<\/td><td class=\"has-text-align-center\" data-align=\"center\">R$ 9.000,00<\/td><\/tr><tr><td class=\"has-text-align-center\" data-align=\"center\">Analista em Gest\u00e3o de Sa\u00fade \u2013<br \/>Servi\u00e7o Social<\/td><td class=\"has-text-align-center\" data-align=\"center\">6<\/td><td class=\"has-text-align-center\" data-align=\"center\">R$ 9.000,00<\/td><\/tr><tr><td class=\"has-text-align-center\" data-align=\"center\">Especialista em Gest\u00e3o de Sa\u00fade \u2013<br \/>Analista de Sistemas<\/td><td class=\"has-text-align-center\" data-align=\"center\">3<\/td><td class=\"has-text-align-center\" data-align=\"center\">R$ 10.000,00<\/td><\/tr><tr><td class=\"has-text-align-center\" data-align=\"center\">Especialista em Gest\u00e3o de Sa\u00fade \u2013<br \/>Engenharia Civil<\/td><td class=\"has-text-align-center\" data-align=\"center\">1<\/td><td class=\"has-text-align-center\" data-align=\"center\">R$ 10.000,00<\/td><\/tr><tr><td class=\"has-text-align-center\" data-align=\"center\">Perito e Auditor M\u00e9dico<\/td><td class=\"has-text-align-center\" data-align=\"center\">10<\/td><td class=\"has-text-align-center\" data-align=\"center\">R$ 8.000,00<\/td><\/tr><\/tbody><\/table><figcaption class=\"wp-element-caption\">Oportunidades para candidatos com n\u00edvel superior<\/figcaption><\/figure>\n\n\n\n<h4 class=\"wp-block-heading\" id=\"h-beneficios\">Benef\u00edcios<\/h4>\n\n\n\n<p>Todos os aprovados no certame perceber\u00e3o o valor de R$ 400,00 correspondente ao aux\u00edlio-alimenta\u00e7\u00e3o. <\/p>\n\n\n\n<h3 class=\"wp-block-heading\" id=\"h-etapas-do-pss-ipe-saude-rs\">Etapas do PSS IPE Sa\u00fade RS<\/h3>\n\n\n\n<p>Os candidatos somente ser\u00e3o avaliados por meio de t\u00edtulos e experi\u00eancia profissional. O resultado definitivo das etapas ser\u00e1 divulgado em 17 de julho. <\/p>\n\n\n\n<ul class=\"wp-block-list\">\n<li><strong><a href=\"https:\/\/dhg1h5j42swfq.cloudfront.net\/2025\/03\/15161418\/12145555-2025-01-edital-de-abertura-processo-seletivo-1-1.pdf\" target=\"_blank\" rel=\"noreferrer noopener nofollow\">Veja as pontua\u00e7\u00f5es por t\u00edtulos e experi\u00eancia profissional por cargo!<\/a><\/strong><\/li>\n<\/ul>\n\n\n\n<h2 class=\"wp-block-heading\" id=\"cargos\">Carreiras do IPE Sa\u00fade RS<\/h2>\n\n\n\n<h3 class=\"wp-block-heading\" id=\"escolaridade\">Cargos do Instituto<\/h3>\n\n\n\n<p><strong>N\u00edvel m\u00e9dio<\/strong><\/p>\n\n\n\n<p>Os candidatos de n\u00edvel m\u00e9dio podem se candidatar ao cargo de <strong>T\u00e9cnico de Gest\u00e3o em Sa\u00fade<\/strong>.<\/p>\n\n\n\n<p><strong>N\u00edvel superior<\/strong><\/p>\n\n\n\n<p>Fazem parte do quadro de cargos de n\u00edvel superior do IPE Sa\u00fade RS as fun\u00e7\u00f5es de <strong>Perito e Auditor M\u00e9dico<\/strong>, al\u00e9m de <strong>Analista em Gest\u00e3o de Sa\u00fade<\/strong> nas \u00e1reas de:<\/p>\n\n\n\n<div class=\"wp-block-columns is-layout-flex wp-container-core-columns-is-layout-28f84493 wp-block-columns-is-layout-flex\">\n<div class=\"wp-block-column is-layout-flow wp-block-column-is-layout-flow\">\n<ul id=\"block-d5783513-e53c-494a-bf0c-4cb22df0793a\" class=\"wp-block-list\">\n<li>Administra\u00e7\u00e3o<\/li>\n\n\n\n<li>Arquitetura<\/li>\n\n\n\n<li>Arquivologia<\/li>\n\n\n\n<li>Biologia<\/li>\n\n\n\n<li>Ci\u00eancias Atuariais<\/li>\n\n\n\n<li>Ci\u00eancias\/Engenharia da Computa\u00e7\u00e3o &#8211; Analista de Sistemas<\/li>\n\n\n\n<li>Comunica\u00e7\u00e3o Social\/Jornalismo<\/li>\n\n\n\n<li>Comunica\u00e7\u00e3o Social\/Rela\u00e7\u00f5es P\u00fablicas<\/li>\n\n\n\n<li>Contabilidade<\/li>\n\n\n\n<li>Direito<\/li>\n<\/ul>\n<\/div>\n\n\n\n<div class=\"wp-block-column is-layout-flow wp-block-column-is-layout-flow\">\n<ul id=\"block-d5783513-e53c-494a-bf0c-4cb22df0793a\" class=\"wp-block-list\">\n<li>Economia<\/li>\n\n\n\n<li>Enfermagem<\/li>\n\n\n\n<li>Engenharia Civil<\/li>\n\n\n\n<li>Estat\u00edstica<\/li>\n\n\n\n<li>Farm\u00e1cia\/Biomedicina\/Bioqu\u00edmica<\/li>\n\n\n\n<li>Fisioterapia<\/li>\n\n\n\n<li>Nutri\u00e7\u00e3o<\/li>\n\n\n\n<li>Odontologia<\/li>\n\n\n\n<li>Psicologia<\/li>\n\n\n\n<li>Secretariado Executivo<\/li>\n\n\n\n<li>Servi\u00e7o Social<\/li>\n<\/ul>\n<\/div>\n<\/div>\n\n\n\n<h2 class=\"wp-block-heading\" id=\"h-ultimos-concursos-ipe-saude-rs\">\u00daltimos concursos IPE Sa\u00fade RS<\/h2>\n\n\n\n<ul class=\"wp-block-list\">\n<li><a href=\"https:\/\/dhg1h5j42swfq.cloudfront.net\/2021\/10\/26093115\/doe_2021-10-26-1-91-120.pdf\" target=\"_blank\" rel=\"noreferrer noopener nofollow\">Edital IPE Sa\u00fade RS 2021<\/a><\/li>\n<\/ul>\n\n\n\n<h4 class=\"wp-block-heading\" id=\"cargos-vagas\">Cargos e vagas <\/h4>\n\n\n\n<p><strong>N\u00edvel m\u00e9dio<\/strong><\/p>\n\n\n\n<figure class=\"wp-block-table is-style-stripes\"><table class=\"has-cyan-bluish-gray-background-color has-background has-fixed-layout\"><thead><tr><th class=\"has-text-align-center\" data-align=\"center\">Cargo<\/th><th class=\"has-text-align-center\" data-align=\"center\">Vagas<\/th><th class=\"has-text-align-center\" data-align=\"center\">Sal\u00e1rio<\/th><\/tr><\/thead><tbody><tr><td class=\"has-text-align-center\" data-align=\"center\">T\u00e9cnico em Gest\u00e3o de Sa\u00fade<\/td><td class=\"has-text-align-center\" data-align=\"center\">47<\/td><td class=\"has-text-align-center\" data-align=\"center\">R$ 2.439,62<\/td><\/tr><\/tbody><\/table><\/figure>\n\n\n\n<p><strong>N\u00edvel superior<\/strong><\/p>\n\n\n\n<figure class=\"wp-block-table is-style-stripes\"><table class=\"has-cyan-bluish-gray-background-color has-background has-fixed-layout\"><thead><tr><th class=\"has-text-align-center\" data-align=\"center\">Cargos<\/th><th class=\"has-text-align-center\" data-align=\"center\">Vagas<\/th><th class=\"has-text-align-center\" data-align=\"center\">Sal\u00e1rio<\/th><\/tr><\/thead><tbody><tr><td class=\"has-text-align-center\" data-align=\"center\">Analista de Gest\u00e3o em Sa\u00fade &#8211; Administra\u00e7\u00e3o<\/td><td class=\"has-text-align-center\" data-align=\"center\">07<\/td><td class=\"has-text-align-center\" data-align=\"center\"> R$ 4.697,20 <\/td><\/tr><tr><td class=\"has-text-align-center\" data-align=\"center\">Analista de Gest\u00e3o em Sa\u00fade &#8211; Arquivologia<\/td><td class=\"has-text-align-center\" data-align=\"center\">01<\/td><td class=\"has-text-align-center\" data-align=\"center\"> R$ 4.697,20 <\/td><\/tr><tr><td class=\"has-text-align-center\" data-align=\"center\">Analista de Gest\u00e3o em Sa\u00fade &#8211; <br \/>Ci\u00eancias Atuariais<\/td><td class=\"has-text-align-center\" data-align=\"center\">03<\/td><td class=\"has-text-align-center\" data-align=\"center\"> R$ 4.697,20 <\/td><\/tr><tr><td class=\"has-text-align-center\" data-align=\"center\">Analista de Gest\u00e3o em Sa\u00fade &#8211; Ci\u00eancias\/Engenharia da Computa\u00e7\u00e3o &#8211; Analista de Sistemas<\/td><td class=\"has-text-align-center\" data-align=\"center\">04<\/td><td class=\"has-text-align-center\" data-align=\"center\"> R$ 4.697,20 <\/td><\/tr><tr><td class=\"has-text-align-center\" data-align=\"center\"> Analista de Gest\u00e3o em Sa\u00fade &#8211; Contabilidade  <\/td><td class=\"has-text-align-center\" data-align=\"center\">07<\/td><td class=\"has-text-align-center\" data-align=\"center\"> R$ 4.697,20 <\/td><\/tr><tr><td class=\"has-text-align-center\" data-align=\"center\"> Analista de Gest\u00e3o em Sa\u00fade &#8211; Direito <\/td><td class=\"has-text-align-center\" data-align=\"center\">11<\/td><td class=\"has-text-align-center\" data-align=\"center\"> R$ 4.697,20 <\/td><\/tr><tr><td class=\"has-text-align-center\" data-align=\"center\"> Analista de Gest\u00e3o em Sa\u00fade &#8211; Enfermagem<\/td><td class=\"has-text-align-center\" data-align=\"center\">04<\/td><td class=\"has-text-align-center\" data-align=\"center\"> R$ 4.697,20 <\/td><\/tr><tr><td class=\"has-text-align-center\" data-align=\"center\"> Analista de Gest\u00e3o em Sa\u00fade &#8211; Farm\u00e1cia\/Biomedicina\/Bioqu\u00edmica <\/td><td class=\"has-text-align-center\" data-align=\"center\">03<\/td><td class=\"has-text-align-center\" data-align=\"center\"> R$ 4.697,20 <\/td><\/tr><tr><td class=\"has-text-align-center\" data-align=\"center\"> Analista de Gest\u00e3o em Sa\u00fade &#8211; Comunica\u00e7\u00e3o Social\/Jornalismo<\/td><td class=\"has-text-align-center\" data-align=\"center\">01<\/td><td class=\"has-text-align-center\" data-align=\"center\"> R$ 4.697,20 <\/td><\/tr><tr><td class=\"has-text-align-center\" data-align=\"center\"> Analista de Gest\u00e3o em Sa\u00fade &#8211; Comunica\u00e7\u00e3o Social\/Rela\u00e7\u00e3o P\u00fablicas <\/td><td class=\"has-text-align-center\" data-align=\"center\">01<\/td><td class=\"has-text-align-center\" data-align=\"center\"> R$ 4.697,20 <\/td><\/tr><tr><td class=\"has-text-align-center\" data-align=\"center\"> Analista de Gest\u00e3o em Sa\u00fade &#8211; Odontologia  <\/td><td class=\"has-text-align-center\" data-align=\"center\">02<\/td><td class=\"has-text-align-center\" data-align=\"center\"> R$ 4.697,20 <\/td><\/tr><tr><td class=\"has-text-align-center\" data-align=\"center\"> Analista de Gest\u00e3o em Sa\u00fade &#8211; Psicologia  <\/td><td class=\"has-text-align-center\" data-align=\"center\">01<\/td><td class=\"has-text-align-center\" data-align=\"center\"> R$ 4.697,20 <\/td><\/tr><tr><td class=\"has-text-align-center\" data-align=\"center\"> Analista de Gest\u00e3o em Sa\u00fade &#8211; Secretariado Executivo<\/td><td class=\"has-text-align-center\" data-align=\"center\">01<\/td><td class=\"has-text-align-center\" data-align=\"center\"> R$ 4.697,20 <\/td><\/tr><tr><td class=\"has-text-align-center\" data-align=\"center\"> Analista de Gest\u00e3o em Sa\u00fade &#8211; Servi\u00e7o Social<\/td><td class=\"has-text-align-center\" data-align=\"center\">02<\/td><td class=\"has-text-align-center\" data-align=\"center\">R$ 4.697,20<\/td><\/tr><\/tbody><\/table><\/figure>\n\n\n\n<h4 class=\"wp-block-heading\" id=\"etapas\">Etapas e provas do concurso IPE Sa\u00fade RS<\/h4>\n\n\n\n<p>A Prova Te\u00f3rico-Objetiva de cada cargo foi eliminat\u00f3ria e classificat\u00f3ria. O candidato teve 05 horas para a resolu\u00e7\u00e3o da prova dos cargos de N\u00edvel Superior (per\u00edodo da manh\u00e3) e 4 horas para o cargo de N\u00edvel M\u00e9dio (per\u00edodo da tarde).<\/p>\n\n\n\n<p>As quest\u00f5es da Prova Te\u00f3rico-Objetiva foram de m\u00faltipla escolha, com cinco alternativas (A, B, C, D e E) e uma \u00fanica resposta correta.<\/p>\n\n\n\n<ul class=\"wp-block-list\">\n<li><strong>Analista de Gest\u00e3o em Sa\u00fade:<\/strong>\n<ul class=\"wp-block-list\">\n<li><em>L\u00edngua Portuguesa &#8211; 20 quest\u00f5es (peso 1,25)<\/em><\/li>\n\n\n\n<li><em>Legisla\u00e7\u00e3o  &#8211; 10 quest\u00f5es (peso 1,25) <\/em><\/li>\n\n\n\n<li><em>Inform\u00e1tica  &#8211; 10 quest\u00f5es (peso 1,25) <\/em><\/li>\n\n\n\n<li><em>Racioc\u00ednio L\u00f3gico Matem\u00e1tico &#8211; 10 quest\u00f5es (peso 1,25) <\/em><\/li>\n\n\n\n<li><em>Conhecimentos Espec\u00edficos &#8211; 30 quest\u00f5es (peso 1,25) <\/em><\/li>\n<\/ul>\n<\/li>\n<\/ul>\n\n\n\n<ul class=\"wp-block-list\">\n<li><strong>T\u00e9cnico de Gest\u00e3o em Sa\u00fade:<\/strong>\n<ul class=\"wp-block-list\">\n<li><em>L\u00edngua Portuguesa &#8211; 20 quest\u00f5es (peso 1,75) <\/em><\/li>\n\n\n\n<li><em>No\u00e7\u00f5es de Direito e Legisla\u00e7\u00e3o &#8211; 20 quest\u00f5es (peso 1,75) <\/em><\/li>\n\n\n\n<li><em>Inform\u00e1tica &#8211; 10 quest\u00f5es (peso 1,50) <\/em><\/li>\n\n\n\n<li><em>Racioc\u00ednio L\u00f3gico Matem\u00e1tico &#8211; 10 quest\u00f5es (peso 1,50) <\/em><\/li>\n<\/ul>\n<\/li>\n<\/ul>\n\n\n\n<h3 class=\"wp-block-heading has-very-light-gray-to-cyan-bluish-gray-gradient-background has-background\" id=\"ultimo-concurso-2013\">Edital IPE Sa\u00fade RS 2013<\/h3>\n\n\n\n<p>Em 2013, foram ofertadas 124 124 vagas de n\u00edvel m\u00e9dio e superior.&nbsp;Os valores dos vencimentos b\u00e1sicos variam de R$ 2.439,62 a R$ 4.697,20, conforme a fun\u00e7\u00e3o desejada. <\/p>\n\n\n\n<p>\u25ba<strong style=\"font-size: revert; color: initial;\">\u00daltimo<\/strong><span style=\"font-size: revert; color: initial;\"> <\/span><strong style=\"font-size: revert; color: initial;\">Edital<\/strong><span style=\"font-size: revert; color: initial;\">:&nbsp;<\/span><a style=\"font-size: revert;\" href=\"https:\/\/dhg1h5j42swfq.cloudfront.net\/2021\/03\/19092426\/1370521374_edital-de-abertura-11-2013-ipe-vs-oficial-publicada.pdf\" target=\"_blank\" rel=\"noreferrer noopener\">2013<\/a><\/p>\n\n\n\n<p><strong>N\u00edvel m\u00e9dio:<\/strong><\/p>\n\n\n\n<ul class=\"wp-block-list\">\n<li>Assistente em Previd\u00eancia e Sa\u00fade<\/li>\n<\/ul>\n\n\n\n<p><strong>N\u00edvel superior:<\/strong><\/p>\n\n\n\n<ul class=\"wp-block-list\">\n<li>Analista em Previd\u00eancia e Sa\u00fade \u2013 \u00c1rea Administra\u00e7\u00e3o<\/li>\n\n\n\n<li>Analista em Previd\u00eancia e Sa\u00fade \u2013 \u00c1rea An\u00e1lise de Sistemas<\/li>\n\n\n\n<li>Analista em Previd\u00eancia e Sa\u00fade \u2013 \u00c1rea Arquitetura \/ Engenharia Civil<\/li>\n\n\n\n<li>Analista em Previd\u00eancia e Sa\u00fade \u2013 \u00c1rea Arquivologia<\/li>\n\n\n\n<li>Analista em Previd\u00eancia e Sa\u00fade \u2013 \u00c1rea Biblioteconomia <\/li>\n\n\n\n<li>Analista em Previd\u00eancia e Sa\u00fade \u2013 \u00c1rea Ci\u00eancias Atuariais<\/li>\n\n\n\n<li>Analista em Previd\u00eancia e Sa\u00fade \u2013 \u00c1rea Contabilidade<\/li>\n\n\n\n<li>Analista em Previd\u00eancia e Sa\u00fade \u2013 \u00c1rea Direito<\/li>\n\n\n\n<li>Analista em Previd\u00eancia e Sa\u00fade \u2013 \u00c1rea Economia <\/li>\n\n\n\n<li>Analista em Previd\u00eancia e Sa\u00fade \u2013 \u00c1rea Estat\u00edstica <\/li>\n\n\n\n<li>Analista em Previd\u00eancia e Sa\u00fade \u2013 \u00c1rea Jornalismo<\/li>\n\n\n\n<li>Analista em Previd\u00eancia e Sa\u00fade \u2013 \u00c1rea Odontologia<\/li>\n\n\n\n<li>Analista em Previd\u00eancia e Sa\u00fade \u2013 \u00c1rea Psicologia<\/li>\n\n\n\n<li>Analista em Previd\u00eancia e Sa\u00fade \u2013 \u00c1rea Rela\u00e7\u00f5es P\u00fablicas<\/li>\n\n\n\n<li>Analista em Previd\u00eancia e Sa\u00fade \u2013 \u00c1rea Secretariado Executivo<\/li>\n\n\n\n<li>Analista em Previd\u00eancia e Sa\u00fade \u2013 \u00c1rea Servi\u00e7o Social <\/li>\n\n\n\n<li>Perito e Auditor M\u00e9dico<\/li>\n<\/ul>\n\n\n\n<h4 class=\"wp-block-heading\" id=\"provas-ultimo\">Etapas e provas<\/h4>\n\n\n\n<p>O \u00faltimo concurso IPE Sa\u00fade RS foi composto de prova objetiva de car\u00e1ter eliminat\u00f3rio e classificat\u00f3rio, com 50 quest\u00f5es de m\u00faltipla escolha, com 05 alternativas de resposta (A,B,C,D,E), sendo apenas uma considerada correta. A avalia\u00e7\u00e3o foi dividida por disciplina, conforme descrito abaixo:<\/p>\n\n\n\n<ul class=\"wp-block-list\">\n<li><strong>Cargo de n\u00edvel escolar m\u00e9dio:<\/strong>\n<ul class=\"wp-block-list\">\n<li>15 quest\u00f5es de L\u00edngua Portuguesa;<\/li>\n\n\n\n<li>10 quest\u00f5es de Matem\u00e1tica;<\/li>\n\n\n\n<li>10 quest\u00f5es de Legisla\u00e7\u00e3o;<\/li>\n\n\n\n<li>10 quest\u00f5es de Racioc\u00ednio L\u00f3gico;<\/li>\n\n\n\n<li>05 quest\u00f5es de Inform\u00e1tica.<\/li>\n<\/ul>\n<\/li>\n<\/ul>\n\n\n\n<ul class=\"wp-block-list\">\n<li><strong>Cargos de n\u00edvel escolar superior:<\/strong>\n<ul class=\"wp-block-list\">\n<li>15 quest\u00f5es de Conhecimentos Espec\u00edficos;<\/li>\n\n\n\n<li>15 quest\u00f5es de L\u00edngua Portuguesa;<\/li>\n\n\n\n<li>10 quest\u00f5es de Legisla\u00e7\u00e3o;<\/li>\n\n\n\n<li>05 quest\u00f5es de Racioc\u00ednio L\u00f3gico;<\/li>\n\n\n\n<li>05 quest\u00f5es de Inform\u00e1tica.<\/li>\n<\/ul>\n<\/li>\n<\/ul>\n\n\n\n<hr class=\"wp-block-separator has-css-opacity\"\/>\n\n\n\n<h2 class=\"wp-block-heading has-text-align-center\" id=\"h-quer-saber-tudo-sobre-concursos-previstos-confira-nossos-artigos\">Quer saber tudo sobre concursos previstos?<br \/>Confira nossos artigos!<\/h2>\n\n\n\n<ul class=\"wp-block-list\">\n<li><a href=\"https:\/\/www.estrategiaconcursos.com.br\/blog\/concursos-abertos\/\" target=\"_blank\" rel=\"noreferrer noopener\">Concursos abertos<\/a><\/li>\n\n\n\n<li><a href=\"https:\/\/www.estrategiaconcursos.com.br\/blog\/concursos-area-da-saude\/\" target=\"_blank\" rel=\"noreferrer noopener\">Concursos sa\u00fade<\/a><\/li>\n\n\n\n<li><a href=\"https:\/\/www.estrategiaconcursos.com.br\/blog\/concursos-2025\/\" target=\"_blank\" rel=\"noreferrer noopener\">Concursos 2025<\/a><\/li>\n\n\n\n<li><a href=\"https:\/\/www.estrategiaconcursos.com.br\/blog\/concursos-2026\/\" target=\"_blank\" rel=\"noreferrer noopener\">Concursos 2026<\/a><\/li>\n<\/ul>\n\n\n\n<h2 class=\"wp-block-heading has-text-align-center\" id=\"assinatura\">Quer estudar para o concurso IPE Sa\u00fade RS?<\/h2>\n\n\n\n<div class=\"container\" id=\"boxes\">\n  <div class=\"row\">\n\n    <div class=\"col-sm\">\n      <div class=\"banner-medicina\" id=\"box-assinatura\">\n        <h3 class=\"titulo-assinatura\">Concurso IPE Sa\u00fade RS<\/h3>\n        <p class=\"subtitulo-assinatura\">Estude conosco<\/p>\n        <div class=\"box-botao\">\n          <a class=\"btn-assinatura\" target=\"_blank\" href=\"https:\/\/www.estrategiaconcursos.com.br\/pesquisa\/?q=IPE+Sa%C3%BAde+RS\" role=\"button\" rel=\"noopener noreferrer\">Conhe\u00e7a mais<\/a>\n        <\/div>\n      <\/div>\n     \n    <\/div>\n\n  <\/div>\n<\/div>\n\n\n\n<div class=\"container\" id=\"boxes\">\n  <div class=\"row\">\n\n    <div class=\"col-sm\">\n      <div class=\"estrategia\" id=\"box-assinatura\">\n        <h3 class=\"titulo-assinatura\">Assinatura de Concursos<\/h3>\n        <p class=\"subtitulo-assinatura\">Assinatura de 1 ou 2 anos<\/p>\n        <div class=\"box-botao\">\n          <a class=\"btn-assinatura\" target=\"_blank\" href=\"https:\/\/www.estrategiaconcursos.com.br\/assinaturas\/\" role=\"button\" rel=\"noopener noreferrer\">ASSINE AGORA<\/a>\n        <\/div>\n      <\/div>\n     \n    <\/div><\/div><\/div>\n\n\n\n<figure class=\"wp-block-image size-large is-resized\"><img loading=\"lazy\" decoding=\"async\" width=\"1024\" height=\"632\" src=\"https:\/\/dhg1h5j42swfq.cloudfront.net\/2021\/05\/27120554\/ficha-tecnica-41-1024x632.png\" alt=\"Informa\u00e7\u00f5es do concurso IPE Sa\u00fade RS\" class=\"wp-image-753399\" style=\"width:251px;height:155px\" srcset=\"https:\/\/dhg1h5j42swfq.cloudfront.net\/2021\/05\/27120554\/ficha-tecnica-41-1024x632.png 1024w, https:\/\/dhg1h5j42swfq.cloudfront.net\/2021\/05\/27120554\/ficha-tecnica-41-300x185.png 300w, https:\/\/dhg1h5j42swfq.cloudfront.net\/2021\/05\/27120554\/ficha-tecnica-41-768x474.png 768w, https:\/\/dhg1h5j42swfq.cloudfront.net\/2021\/05\/27120554\/ficha-tecnica-41-1536x948.png 1536w, https:\/\/dhg1h5j42swfq.cloudfront.net\/2021\/05\/27120554\/ficha-tecnica-41-610x377.png 610w, https:\/\/dhg1h5j42swfq.cloudfront.net\/2021\/05\/27120554\/ficha-tecnica-41.png 1571w\" sizes=\"auto, (max-width: 1024px) 100vw, 1024px\" \/><\/figure>\n\n\n\n<h3 class=\"wp-block-heading\" id=\"ficha\">Informa\u00e7\u00f5es do processo seletivo IPE Sa\u00fade RS<\/h3>\n\n\n\n<ul class=\"wp-block-list\">\n<li><strong>Data<\/strong>: 2025<\/li>\n\n\n\n<li><strong>Vagas<\/strong>: 45<\/li>\n\n\n\n<li><strong>Cargos<\/strong>: diversos<\/li>\n\n\n\n<li><strong>Banca<\/strong>: Objetiva<\/li>\n\n\n\n<li><strong>Escolaridade<\/strong>: m\u00e9dio e superior<\/li>\n\n\n\n<li><strong>Edital<\/strong>:&nbsp;<a href=\"https:\/\/dhg1h5j42swfq.cloudfront.net\/2025\/03\/15160838\/12145555-2025-01-edital-de-abertura-processo-seletivo-1.pdf\" target=\"_blank\" rel=\"noreferrer noopener nofollow\">PSS IPE Sa\u00fade 2025<\/a><\/li>\n<\/ul>\n\n\n\n<p><\/p>\n","protected":false},"excerpt":{"rendered":"<p>Candidatos do PSS IPE Sa\u00fade RS ser\u00e3o avaliados por experi\u00eancia e t\u00edtulos! Est\u00e3o encerradas as inscri\u00e7\u00f5es para o processo seletivo simplificado do Instituto de Assist\u00eancia \u00e0\u00a0Sa\u00fade\u00a0dos Servidores P\u00fablicos do Rio Grande do Sul (IPE Sa\u00fade RS). Gratuitas, as inscri\u00e7\u00f5es puderam ser efetuadas at\u00e9 o dia 30 de maio, no site da banca organizadora, Objetiva Concursos. [&hellip;]<\/p>\n","protected":false},"author":1,"featured_media":841326,"comment_status":"open","ping_status":"closed","sticky":false,"template":"","format":"standard","meta":{"post_tipo":"news_page","footnotes":""},"categories":[1981],"tags":[],"tax_estado":[219986],"class_list":["post-696352","post","type-post","status-publish","format-standard","has-post-thumbnail","hentry","category-saude","tax_estado-rs"],"acf":[],"yoast_head":"<!-- This site is optimized with the Yoast SEO Premium plugin v27.2 (Yoast SEO v27.2) - https:\/\/yoast.com\/product\/yoast-seo-premium-wordpress\/ -->\n<title>Concurso IPE Sa\u00fade RS: 45 vagas e inicial de at\u00e9 R$ 10 mil!<\/title>\n<meta name=\"description\" content=\"Publicado novo edital de processo seletivo com 45 vagas. Sele\u00e7\u00e3o n\u00e3o ter\u00e1 provas. Saiba tudo sobre o Concurso Ipe Sa\u00fade RS!\" \/>\n<meta name=\"robots\" content=\"index, follow, max-snippet:-1, max-image-preview:large, max-video-preview:-1\" \/>\n<link rel=\"canonical\" href=\"https:\/\/www.estrategiaconcursos.com.br\/blog\/concurso-ipe-saude-rs\/\" \/>\n<meta property=\"og:locale\" content=\"pt_BR\" \/>\n<meta property=\"og:type\" content=\"article\" \/>\n<meta property=\"og:title\" content=\"Concurso IPE Sa\u00fade RS: 45 vagas e inicial de at\u00e9 R$ 10 mil!\" \/>\n<meta property=\"og:description\" content=\"Publicado novo edital de processo seletivo com 45 vagas. Sele\u00e7\u00e3o n\u00e3o ter\u00e1 provas. Saiba tudo sobre o Concurso Ipe Sa\u00fade RS!\" \/>\n<meta property=\"og:url\" content=\"https:\/\/www.estrategiaconcursos.com.br\/blog\/concurso-ipe-saude-rs\/\" \/>\n<meta property=\"og:site_name\" content=\"Estrat\u00e9gia Concursos\" \/>\n<meta property=\"article:author\" content=\"https:\/\/www.facebook.com\/EstrategiaConcursos\" \/>\n<meta property=\"article:published_time\" content=\"2025-06-02T10:10:00+00:00\" \/>\n<meta property=\"article:modified_time\" content=\"2025-06-02T11:55:12+00:00\" \/>\n<meta property=\"og:image\" content=\"https:\/\/dhg1h5j42swfq.cloudfront.net\/2021\/08\/20135715\/ipe-saude-rs.jpeg\" \/>\n\t<meta property=\"og:image:width\" content=\"768\" \/>\n\t<meta property=\"og:image:height\" content=\"432\" \/>\n\t<meta property=\"og:image:type\" content=\"image\/jpeg\" \/>\n<meta name=\"author\" content=\"Coordena\u00e7\u00e3o\" \/>\n<meta name=\"twitter:card\" content=\"summary_large_image\" \/>\n<meta name=\"twitter:creator\" content=\"@EstratConcursos\" \/>\n<meta name=\"twitter:site\" content=\"@EstratConcursos\" \/>\n<meta name=\"twitter:label1\" content=\"Escrito por\" \/>\n\t<meta name=\"twitter:data1\" content=\"Coordena\u00e7\u00e3o\" \/>\n\t<meta name=\"twitter:label2\" content=\"Est. tempo de leitura\" \/>\n\t<meta name=\"twitter:data2\" content=\"6 minutos\" \/>\n<script type=\"application\/ld+json\" class=\"yoast-schema-graph\">{\"@context\":\"https:\/\/schema.org\",\"@graph\":[{\"@type\":\"NewsArticle\",\"@id\":\"https:\/\/www.estrategiaconcursos.com.br\/blog\/concurso-ipe-saude-rs\/#article\",\"isPartOf\":{\"@id\":\"https:\/\/www.estrategiaconcursos.com.br\/blog\/concurso-ipe-saude-rs\/\"},\"author\":{\"name\":\"Coordena\u00e7\u00e3o\",\"@id\":\"https:\/\/www.estrategiaconcursos.com.br\/blog\/#\/schema\/person\/b4a388c97673c5f483d72185668afa1f\"},\"headline\":\"Concurso IPE Sa\u00fade RS: 45 vagas e inicial de at\u00e9 R$ 10 mil!\",\"datePublished\":\"2025-06-02T10:10:00+00:00\",\"dateModified\":\"2025-06-02T11:55:12+00:00\",\"mainEntityOfPage\":{\"@id\":\"https:\/\/www.estrategiaconcursos.com.br\/blog\/concurso-ipe-saude-rs\/\"},\"wordCount\":1410,\"commentCount\":0,\"publisher\":{\"@id\":\"https:\/\/www.estrategiaconcursos.com.br\/blog\/#organization\"},\"image\":{\"@id\":\"https:\/\/www.estrategiaconcursos.com.br\/blog\/concurso-ipe-saude-rs\/#primaryimage\"},\"thumbnailUrl\":\"https:\/\/dhg1h5j42swfq.cloudfront.net\/2021\/08\/20135715\/ipe-saude-rs.jpeg\",\"articleSection\":[\"Sa\u00fade\"],\"inLanguage\":\"pt-BR\",\"potentialAction\":[{\"@type\":\"CommentAction\",\"name\":\"Comment\",\"target\":[\"https:\/\/www.estrategiaconcursos.com.br\/blog\/concurso-ipe-saude-rs\/#respond\"]}],\"copyrightYear\":\"2025\",\"copyrightHolder\":{\"@id\":\"https:\/\/www.estrategiaconcursos.com.br\/blog\/#organization\"}},{\"@type\":\"WebPage\",\"@id\":\"https:\/\/www.estrategiaconcursos.com.br\/blog\/concurso-ipe-saude-rs\/\",\"url\":\"https:\/\/www.estrategiaconcursos.com.br\/blog\/concurso-ipe-saude-rs\/\",\"name\":\"Concurso IPE Sa\u00fade RS: 45 vagas e inicial de at\u00e9 R$ 10 mil!\",\"isPartOf\":{\"@id\":\"https:\/\/www.estrategiaconcursos.com.br\/blog\/#website\"},\"primaryImageOfPage\":{\"@id\":\"https:\/\/www.estrategiaconcursos.com.br\/blog\/concurso-ipe-saude-rs\/#primaryimage\"},\"image\":{\"@id\":\"https:\/\/www.estrategiaconcursos.com.br\/blog\/concurso-ipe-saude-rs\/#primaryimage\"},\"thumbnailUrl\":\"https:\/\/dhg1h5j42swfq.cloudfront.net\/2021\/08\/20135715\/ipe-saude-rs.jpeg\",\"datePublished\":\"2025-06-02T10:10:00+00:00\",\"dateModified\":\"2025-06-02T11:55:12+00:00\",\"description\":\"Publicado novo edital de processo seletivo com 45 vagas. Sele\u00e7\u00e3o n\u00e3o ter\u00e1 provas. Saiba tudo sobre o Concurso Ipe Sa\u00fade RS!\",\"breadcrumb\":{\"@id\":\"https:\/\/www.estrategiaconcursos.com.br\/blog\/concurso-ipe-saude-rs\/#breadcrumb\"},\"inLanguage\":\"pt-BR\",\"potentialAction\":[{\"@type\":\"ReadAction\",\"target\":[\"https:\/\/www.estrategiaconcursos.com.br\/blog\/concurso-ipe-saude-rs\/\"]}]},{\"@type\":\"ImageObject\",\"inLanguage\":\"pt-BR\",\"@id\":\"https:\/\/www.estrategiaconcursos.com.br\/blog\/concurso-ipe-saude-rs\/#primaryimage\",\"url\":\"https:\/\/dhg1h5j42swfq.cloudfront.net\/2021\/08\/20135715\/ipe-saude-rs.jpeg\",\"contentUrl\":\"https:\/\/dhg1h5j42swfq.cloudfront.net\/2021\/08\/20135715\/ipe-saude-rs.jpeg\",\"width\":768,\"height\":432},{\"@type\":\"BreadcrumbList\",\"@id\":\"https:\/\/www.estrategiaconcursos.com.br\/blog\/concurso-ipe-saude-rs\/#breadcrumb\",\"itemListElement\":[{\"@type\":\"ListItem\",\"position\":1,\"name\":\"In\u00edcio\",\"item\":\"https:\/\/www.estrategiaconcursos.com.br\/blog\/\"},{\"@type\":\"ListItem\",\"position\":2,\"name\":\"Concurso IPE Sa\u00fade RS: 45 vagas e inicial de at\u00e9 R$ 10 mil!\"}]},{\"@type\":\"WebSite\",\"@id\":\"https:\/\/www.estrategiaconcursos.com.br\/blog\/#website\",\"url\":\"https:\/\/www.estrategiaconcursos.com.br\/blog\/\",\"name\":\"Estrat\u00e9gia Concursos\",\"description\":\"O blog da Estrat\u00e9gia Concursos traz not\u00edcias sobre concursos e artigos de professores oferecendo cursos para concursos (pdf + videaulas) no site.\",\"publisher\":{\"@id\":\"https:\/\/www.estrategiaconcursos.com.br\/blog\/#organization\"},\"potentialAction\":[{\"@type\":\"SearchAction\",\"target\":{\"@type\":\"EntryPoint\",\"urlTemplate\":\"https:\/\/www.estrategiaconcursos.com.br\/blog\/?s={search_term_string}\"},\"query-input\":{\"@type\":\"PropertyValueSpecification\",\"valueRequired\":true,\"valueName\":\"search_term_string\"}}],\"inLanguage\":\"pt-BR\"},{\"@type\":\"Organization\",\"@id\":\"https:\/\/www.estrategiaconcursos.com.br\/blog\/#organization\",\"name\":\"Estrat\u00e9gia Concursos\",\"url\":\"https:\/\/www.estrategiaconcursos.com.br\/blog\/\",\"logo\":{\"@type\":\"ImageObject\",\"inLanguage\":\"pt-BR\",\"@id\":\"https:\/\/www.estrategiaconcursos.com.br\/blog\/#\/schema\/logo\/image\/\",\"url\":\"https:\/\/dhg1h5j42swfq.cloudfront.net\/2025\/06\/03203428\/logo_concursos-1.jpg\",\"contentUrl\":\"https:\/\/dhg1h5j42swfq.cloudfront.net\/2025\/06\/03203428\/logo_concursos-1.jpg\",\"width\":230,\"height\":60,\"caption\":\"Estrat\u00e9gia Concursos\"},\"image\":{\"@id\":\"https:\/\/www.estrategiaconcursos.com.br\/blog\/#\/schema\/logo\/image\/\"},\"sameAs\":[\"https:\/\/x.com\/EstratConcursos\"]},{\"@type\":\"Person\",\"@id\":\"https:\/\/www.estrategiaconcursos.com.br\/blog\/#\/schema\/person\/b4a388c97673c5f483d72185668afa1f\",\"name\":\"Coordena\u00e7\u00e3o\",\"image\":{\"@type\":\"ImageObject\",\"inLanguage\":\"pt-BR\",\"@id\":\"https:\/\/secure.gravatar.com\/avatar\/b720319e4c9a967eb58678d110f4fe35452fc5d5f97b202bac7b8acceb18c6ad?s=96&d=mm&r=g\",\"url\":\"https:\/\/secure.gravatar.com\/avatar\/b720319e4c9a967eb58678d110f4fe35452fc5d5f97b202bac7b8acceb18c6ad?s=96&d=mm&r=g\",\"contentUrl\":\"https:\/\/secure.gravatar.com\/avatar\/b720319e4c9a967eb58678d110f4fe35452fc5d5f97b202bac7b8acceb18c6ad?s=96&d=mm&r=g\",\"caption\":\"Coordena\u00e7\u00e3o\"},\"sameAs\":[\"https:\/\/www.facebook.com\/EstrategiaConcursos\",\"https:\/\/x.com\/EstratConcursos\"],\"url\":\"https:\/\/www.estrategiaconcursos.com.br\/blog\/author\/estrategia2013\/\"}]}<\/script>\n<!-- \/ Yoast SEO Premium plugin. -->","yoast_head_json":{"title":"Concurso IPE Sa\u00fade RS: 45 vagas e inicial de at\u00e9 R$ 10 mil!","description":"Publicado novo edital de processo seletivo com 45 vagas. Sele\u00e7\u00e3o n\u00e3o ter\u00e1 provas. Saiba tudo sobre o Concurso Ipe Sa\u00fade RS!","robots":{"index":"index","follow":"follow","max-snippet":"max-snippet:-1","max-image-preview":"max-image-preview:large","max-video-preview":"max-video-preview:-1"},"canonical":"https:\/\/www.estrategiaconcursos.com.br\/blog\/concurso-ipe-saude-rs\/","og_locale":"pt_BR","og_type":"article","og_title":"Concurso IPE Sa\u00fade RS: 45 vagas e inicial de at\u00e9 R$ 10 mil!","og_description":"Publicado novo edital de processo seletivo com 45 vagas. Sele\u00e7\u00e3o n\u00e3o ter\u00e1 provas. Saiba tudo sobre o Concurso Ipe Sa\u00fade RS!","og_url":"https:\/\/www.estrategiaconcursos.com.br\/blog\/concurso-ipe-saude-rs\/","og_site_name":"Estrat\u00e9gia Concursos","article_author":"https:\/\/www.facebook.com\/EstrategiaConcursos","article_published_time":"2025-06-02T10:10:00+00:00","article_modified_time":"2025-06-02T11:55:12+00:00","og_image":[{"width":768,"height":432,"url":"https:\/\/dhg1h5j42swfq.cloudfront.net\/2021\/08\/20135715\/ipe-saude-rs.jpeg","type":"image\/jpeg"}],"author":"Coordena\u00e7\u00e3o","twitter_card":"summary_large_image","twitter_creator":"@EstratConcursos","twitter_site":"@EstratConcursos","twitter_misc":{"Escrito por":"Coordena\u00e7\u00e3o","Est. tempo de leitura":"6 minutos"},"schema":{"@context":"https:\/\/schema.org","@graph":[{"@type":"NewsArticle","@id":"https:\/\/www.estrategiaconcursos.com.br\/blog\/concurso-ipe-saude-rs\/#article","isPartOf":{"@id":"https:\/\/www.estrategiaconcursos.com.br\/blog\/concurso-ipe-saude-rs\/"},"author":{"name":"Coordena\u00e7\u00e3o","@id":"https:\/\/www.estrategiaconcursos.com.br\/blog\/#\/schema\/person\/b4a388c97673c5f483d72185668afa1f"},"headline":"Concurso IPE Sa\u00fade RS: 45 vagas e inicial de at\u00e9 R$ 10 mil!","datePublished":"2025-06-02T10:10:00+00:00","dateModified":"2025-06-02T11:55:12+00:00","mainEntityOfPage":{"@id":"https:\/\/www.estrategiaconcursos.com.br\/blog\/concurso-ipe-saude-rs\/"},"wordCount":1410,"commentCount":0,"publisher":{"@id":"https:\/\/www.estrategiaconcursos.com.br\/blog\/#organization"},"image":{"@id":"https:\/\/www.estrategiaconcursos.com.br\/blog\/concurso-ipe-saude-rs\/#primaryimage"},"thumbnailUrl":"https:\/\/dhg1h5j42swfq.cloudfront.net\/2021\/08\/20135715\/ipe-saude-rs.jpeg","articleSection":["Sa\u00fade"],"inLanguage":"pt-BR","potentialAction":[{"@type":"CommentAction","name":"Comment","target":["https:\/\/www.estrategiaconcursos.com.br\/blog\/concurso-ipe-saude-rs\/#respond"]}],"copyrightYear":"2025","copyrightHolder":{"@id":"https:\/\/www.estrategiaconcursos.com.br\/blog\/#organization"}},{"@type":"WebPage","@id":"https:\/\/www.estrategiaconcursos.com.br\/blog\/concurso-ipe-saude-rs\/","url":"https:\/\/www.estrategiaconcursos.com.br\/blog\/concurso-ipe-saude-rs\/","name":"Concurso IPE Sa\u00fade RS: 45 vagas e inicial de at\u00e9 R$ 10 mil!","isPartOf":{"@id":"https:\/\/www.estrategiaconcursos.com.br\/blog\/#website"},"primaryImageOfPage":{"@id":"https:\/\/www.estrategiaconcursos.com.br\/blog\/concurso-ipe-saude-rs\/#primaryimage"},"image":{"@id":"https:\/\/www.estrategiaconcursos.com.br\/blog\/concurso-ipe-saude-rs\/#primaryimage"},"thumbnailUrl":"https:\/\/dhg1h5j42swfq.cloudfront.net\/2021\/08\/20135715\/ipe-saude-rs.jpeg","datePublished":"2025-06-02T10:10:00+00:00","dateModified":"2025-06-02T11:55:12+00:00","description":"Publicado novo edital de processo seletivo com 45 vagas. Sele\u00e7\u00e3o n\u00e3o ter\u00e1 provas. Saiba tudo sobre o Concurso Ipe Sa\u00fade RS!","breadcrumb":{"@id":"https:\/\/www.estrategiaconcursos.com.br\/blog\/concurso-ipe-saude-rs\/#breadcrumb"},"inLanguage":"pt-BR","potentialAction":[{"@type":"ReadAction","target":["https:\/\/www.estrategiaconcursos.com.br\/blog\/concurso-ipe-saude-rs\/"]}]},{"@type":"ImageObject","inLanguage":"pt-BR","@id":"https:\/\/www.estrategiaconcursos.com.br\/blog\/concurso-ipe-saude-rs\/#primaryimage","url":"https:\/\/dhg1h5j42swfq.cloudfront.net\/2021\/08\/20135715\/ipe-saude-rs.jpeg","contentUrl":"https:\/\/dhg1h5j42swfq.cloudfront.net\/2021\/08\/20135715\/ipe-saude-rs.jpeg","width":768,"height":432},{"@type":"BreadcrumbList","@id":"https:\/\/www.estrategiaconcursos.com.br\/blog\/concurso-ipe-saude-rs\/#breadcrumb","itemListElement":[{"@type":"ListItem","position":1,"name":"In\u00edcio","item":"https:\/\/www.estrategiaconcursos.com.br\/blog\/"},{"@type":"ListItem","position":2,"name":"Concurso IPE Sa\u00fade RS: 45 vagas e inicial de at\u00e9 R$ 10 mil!"}]},{"@type":"WebSite","@id":"https:\/\/www.estrategiaconcursos.com.br\/blog\/#website","url":"https:\/\/www.estrategiaconcursos.com.br\/blog\/","name":"Estrat\u00e9gia Concursos","description":"O blog da Estrat\u00e9gia Concursos traz not\u00edcias sobre concursos e artigos de professores oferecendo cursos para concursos (pdf + videaulas) no site.","publisher":{"@id":"https:\/\/www.estrategiaconcursos.com.br\/blog\/#organization"},"potentialAction":[{"@type":"SearchAction","target":{"@type":"EntryPoint","urlTemplate":"https:\/\/www.estrategiaconcursos.com.br\/blog\/?s={search_term_string}"},"query-input":{"@type":"PropertyValueSpecification","valueRequired":true,"valueName":"search_term_string"}}],"inLanguage":"pt-BR"},{"@type":"Organization","@id":"https:\/\/www.estrategiaconcursos.com.br\/blog\/#organization","name":"Estrat\u00e9gia Concursos","url":"https:\/\/www.estrategiaconcursos.com.br\/blog\/","logo":{"@type":"ImageObject","inLanguage":"pt-BR","@id":"https:\/\/www.estrategiaconcursos.com.br\/blog\/#\/schema\/logo\/image\/","url":"https:\/\/dhg1h5j42swfq.cloudfront.net\/2025\/06\/03203428\/logo_concursos-1.jpg","contentUrl":"https:\/\/dhg1h5j42swfq.cloudfront.net\/2025\/06\/03203428\/logo_concursos-1.jpg","width":230,"height":60,"caption":"Estrat\u00e9gia Concursos"},"image":{"@id":"https:\/\/www.estrategiaconcursos.com.br\/blog\/#\/schema\/logo\/image\/"},"sameAs":["https:\/\/x.com\/EstratConcursos"]},{"@type":"Person","@id":"https:\/\/www.estrategiaconcursos.com.br\/blog\/#\/schema\/person\/b4a388c97673c5f483d72185668afa1f","name":"Coordena\u00e7\u00e3o","image":{"@type":"ImageObject","inLanguage":"pt-BR","@id":"https:\/\/secure.gravatar.com\/avatar\/b720319e4c9a967eb58678d110f4fe35452fc5d5f97b202bac7b8acceb18c6ad?s=96&d=mm&r=g","url":"https:\/\/secure.gravatar.com\/avatar\/b720319e4c9a967eb58678d110f4fe35452fc5d5f97b202bac7b8acceb18c6ad?s=96&d=mm&r=g","contentUrl":"https:\/\/secure.gravatar.com\/avatar\/b720319e4c9a967eb58678d110f4fe35452fc5d5f97b202bac7b8acceb18c6ad?s=96&d=mm&r=g","caption":"Coordena\u00e7\u00e3o"},"sameAs":["https:\/\/www.facebook.com\/EstrategiaConcursos","https:\/\/x.com\/EstratConcursos"],"url":"https:\/\/www.estrategiaconcursos.com.br\/blog\/author\/estrategia2013\/"}]}},"_links":{"self":[{"href":"https:\/\/www.estrategiaconcursos.com.br\/blog\/wp-json\/wp\/v2\/posts\/696352","targetHints":{"allow":["GET"]}}],"collection":[{"href":"https:\/\/www.estrategiaconcursos.com.br\/blog\/wp-json\/wp\/v2\/posts"}],"about":[{"href":"https:\/\/www.estrategiaconcursos.com.br\/blog\/wp-json\/wp\/v2\/types\/post"}],"author":[{"embeddable":true,"href":"https:\/\/www.estrategiaconcursos.com.br\/blog\/wp-json\/wp\/v2\/users\/1"}],"replies":[{"embeddable":true,"href":"https:\/\/www.estrategiaconcursos.com.br\/blog\/wp-json\/wp\/v2\/comments?post=696352"}],"version-history":[{"count":64,"href":"https:\/\/www.estrategiaconcursos.com.br\/blog\/wp-json\/wp\/v2\/posts\/696352\/revisions"}],"predecessor-version":[{"id":1584166,"href":"https:\/\/www.estrategiaconcursos.com.br\/blog\/wp-json\/wp\/v2\/posts\/696352\/revisions\/1584166"}],"wp:featuredmedia":[{"embeddable":true,"href":"https:\/\/www.estrategiaconcursos.com.br\/blog\/wp-json\/wp\/v2\/media\/841326"}],"wp:attachment":[{"href":"https:\/\/www.estrategiaconcursos.com.br\/blog\/wp-json\/wp\/v2\/media?parent=696352"}],"wp:term":[{"taxonomy":"category","embeddable":true,"href":"https:\/\/www.estrategiaconcursos.com.br\/blog\/wp-json\/wp\/v2\/categories?post=696352"},{"taxonomy":"post_tag","embeddable":true,"href":"https:\/\/www.estrategiaconcursos.com.br\/blog\/wp-json\/wp\/v2\/tags?post=696352"},{"taxonomy":"tax_estado","embeddable":true,"href":"https:\/\/www.estrategiaconcursos.com.br\/blog\/wp-json\/wp\/v2\/tax_estado?post=696352"}],"curies":[{"name":"wp","href":"https:\/\/api.w.org\/{rel}","templated":true}]}}