{"id":69633,"date":"2017-04-04T17:18:48","date_gmt":"2017-04-04T20:18:48","guid":{"rendered":"https:\/\/www.estrategiaconcursos.com.br\/blog\/?p=69633"},"modified":"2017-04-04T17:18:48","modified_gmt":"2017-04-04T20:18:48","slug":"intensivo-tjsp-questoes-de-direito-processual-civil","status":"publish","type":"post","link":"https:\/\/www.estrategiaconcursos.com.br\/blog\/intensivo-tjsp-questoes-de-direito-processual-civil\/","title":{"rendered":"Intensivo TJSP &#8211; Quest\u00f5es de Direito Processual Civil"},"content":{"rendered":"<h2 style=\"text-align: justify;\">\n\tIntensivo TJSP &#8211; Quest&otilde;es de Direito Processual Civil<br \/>\n<\/h2>\n<p style=\"text-align: justify;\">\n\tOl&aacute; pessoal, tudo bem? Logo mais, &agrave;s 17 horas estaremos ao vivo para nossa aula de Direito Processual Civil no Estrat&eacute;gia Concursos.\n<\/p>\n<p style=\"text-align: justify;\">\n\tLembre-se de curtir nossa p&aacute;gina do Facebook, focada em Direito Processual Civil:\n<\/p>\n<p style=\"text-align: justify;\">\n\t<a href=\"https:\/\/www.facebook.com\/dpcparaconcursos\/\">https:\/\/www.facebook.com\/dpcparaconcursos\/<\/a>\n<\/p>\n<p style=\"text-align: justify;\">\n\tVoc&ecirc; poder&aacute; assistir a aula ao vivo, neste link:\n<\/p>\n<p style=\"text-align: justify;\">\n\t<a href=\"https:\/\/youtu.be\/jd7MRgOZgwo\">https:\/\/youtu.be\/jd7MRgOZgwo<\/a>\n<\/p>\n<p style=\"text-align: justify;\">\n\tImportante lembrar que o Estrat&eacute;gia Concursos tem pacote espec&iacute;fico e focado no edital rec&eacute;m divulgado. Confira as aulas e v&iacute;deos demonstrativos aqui:\n<\/p>\n<p style=\"text-align: justify;\">\n\t<a href=\"https:\/\/www.estrategiaconcursos.com.br\/cursosPorConcurso\/tj-sp-escrevente\/\">CURSOS PARA TJSP 2017 (Escrevente)<\/a>\n<\/p>\n<p style=\"text-align: justify;\">\n\tAo longo da aula resolveremos a bateria de quest&otilde;es abaixo:\n<\/p>\n<h3 style=\"text-align: justify;\">\n\tImpedimento\/Suspei&ccedil;&atilde;o e Auxiliares de Justi&ccedil;a (chefe de secretaria e oficial de justi&ccedil;a)<br \/>\n<\/h3>\n<h3 style=\"text-align: justify;\">\n\t<strong>(VUNESP\/TJ-SP\/Escrevente\/2014-adaptada)<\/strong> &Eacute; causa de suspei&ccedil;&atilde;o do juiz:<br \/>\n<\/h3>\n<p style=\"text-align: justify;\">\n\ta) inimizade em rela&ccedil;&atilde;o ao c&ocirc;njuge do advogado do r&eacute;u.\n<\/p>\n<p style=\"text-align: justify;\">\n\tb) quando j&aacute; foi mandat&aacute;rio da parte.\n<\/p>\n<p style=\"text-align: justify;\">\n\tc) amizade com o advogado da parte autora.\n<\/p>\n<p style=\"text-align: justify;\">\n\td) ter interesse no julgamento da causa em favor de uma das partes.\n<\/p>\n<p style=\"text-align: justify;\">\n\te) quando seu c&ocirc;njuge for advogado de uma das partes.\n<\/p>\n<p style=\"text-align: justify;\">\n\t<strong>(VUNESP\/TJ-SP\/Escrevente\/2013) <\/strong>Conforme previsto pelo C&oacute;digo de Processo Civil, incumbe ao escriv&atilde;o\n<\/p>\n<p style=\"text-align: justify;\">\n\ta) fazer pessoalmente as cita&ccedil;&otilde;es, pris&otilde;es, penhoras, arrestos e mais dilig&ecirc;ncias pr&oacute;prias do seu of&iacute;cio, certificando no mandado o ocorrido, com men&ccedil;&atilde;o de lugar, dia e hora.\n<\/p>\n<p style=\"text-align: justify;\">\n\tb) estar presente &agrave;s audi&ecirc;ncias e coadjuvar o juiz na manuten&ccedil;&atilde;o da ordem.\n<\/p>\n<p style=\"text-align: justify;\">\n\tc) efetuar avalia&ccedil;&otilde;es, certificando o valor atribu&iacute;do aos bens avaliados.\n<\/p>\n<p style=\"text-align: justify;\">\n\td) redigir, em forma legal, os of&iacute;cios, mandados, cartas precat&oacute;rias e mais atos que pertencem ao seu of&iacute;cio.\n<\/p>\n<p style=\"text-align: justify;\">\n\te) entregar, em cart&oacute;rio, o mandado, logo depois de cumprido.\n<\/p>\n<p style=\"text-align: justify;\">\n\t<strong>(VUNESP\/TJ-SP\/Oficial\/2009\/adaptada) <\/strong>Leia atentamente as assertivas a seguir:\n<\/p>\n<p style=\"text-align: justify;\">\n\tI. A certid&atilde;o do oficial de justi&ccedil;a tem f&eacute; p&uacute;blica e prevalece at&eacute; prova em contr&aacute;rio.\n<\/p>\n<p style=\"text-align: justify;\">\n\tII. O oficial de justi&ccedil;a &eacute; civilmente respons&aacute;vel, independentemente de culpa, quando praticar ato nulo.\n<\/p>\n<p style=\"text-align: justify;\">\n\tIII. Incumbe ao oficial de justi&ccedil;a auxiliar o juiz na manuten&ccedil;&atilde;o da ordem.\n<\/p>\n<p style=\"text-align: justify;\">\n\tIV. A desist&ecirc;ncia da a&ccedil;&atilde;o, pelo autor, produz efeito desde que protocolizada a peti&ccedil;&atilde;o, cessando todos os atos processuais, em todas as suas fases.\n<\/p>\n<p style=\"text-align: justify;\">\n\tV. Decis&atilde;o interlocut&oacute;ria &eacute; ato pelo qual o juiz, no curso do processo, resolve quest&atilde;o ordinat&oacute;ria.\n<\/p>\n<p style=\"text-align: justify;\">\n\tEst&aacute; correto o que se afirma apenas em\n<\/p>\n<p style=\"text-align: justify;\">\n\ta) I e II. &nbsp;&nbsp;&nbsp;&nbsp;&nbsp;&nbsp;&nbsp;&nbsp;&nbsp;&nbsp; b) II e IV. &nbsp;&nbsp;&nbsp;&nbsp;&nbsp;&nbsp;&nbsp;&nbsp; c) I e III.\n<\/p>\n<p style=\"text-align: justify;\">\n\td) II, III e V. &nbsp;&nbsp;&nbsp;&nbsp; e) III, IV e V.\n<\/p>\n<h3 style=\"text-align: justify;\">\n\tAtos Processuais<br \/>\n<\/h3>\n<h3 style=\"text-align: justify;\">\n\t<strong>(VUNESP\/Pref. Alum&iacute;nio\/Procurador\/2016) <\/strong>Com rela&ccedil;&atilde;o aos prazos no atual C&oacute;digo de Processo Civil, &eacute; correto afirmar que:<br \/>\n<\/h3>\n<p style=\"text-align: justify;\">\n\ta) inexistindo prazo legal ou judicial para a pr&aacute;tica dos atos processuais, esses dever&atilde;o ser praticados em 15 (quinze) dias.\n<\/p>\n<p style=\"text-align: justify;\">\n\tb) a contagem de prazos ser&aacute; feita em dias &uacute;teis, mesmo que tais interregnos tenham car&aacute;ter de direito material.\n<\/p>\n<p style=\"text-align: justify;\">\n\tc) ser&aacute; considerado intempestivo o prazo cumprido antes do termo inicial de sua contagem.\n<\/p>\n<p style=\"text-align: justify;\">\n\td) na se&ccedil;&atilde;o ou subse&ccedil;&atilde;o judici&aacute;ria onde for dif&iacute;cil o transporte, o juiz poder&aacute; prorrogar os prazos por at&eacute; dois meses.\n<\/p>\n<p style=\"text-align: justify;\">\n\te) por se tratar o processo de direito indispon&iacute;vel, as partes n&atilde;o poder&atilde;o renunciar aos prazos processuais.\n<\/p>\n<p style=\"text-align: justify;\">\n\t<strong>(VUNESP\/TJ-SP\/Escrevente\/2015) <\/strong>Os atos processuais s&atilde;o atos das partes, do juiz e dos auxiliares da Justi&ccedil;a, e a eles s&atilde;o assinalados prazos para cumprimento. Nesse caso, assinale a alternativa correta.\n<\/p>\n<p style=\"text-align: justify;\">\n\ta) A parte n&atilde;o poder&aacute; renunciar ao prazo estabelecido exclusivamente em seu favor.\n<\/p>\n<p style=\"text-align: justify;\">\n\tb) N&atilde;o havendo preceito legal nem assina&ccedil;&atilde;o pelo juiz, ser&aacute; de cinco dias o prazo para a pr&aacute;tica de ato processual a cargo da parte.\n<\/p>\n<p style=\"text-align: justify;\">\n\tc) Salvo disposi&ccedil;&atilde;o em contr&aacute;rio, computar-se-&atilde;o os prazos, incluindo-se o dia do come&ccedil;o e o do vencimento.\n<\/p>\n<p style=\"text-align: justify;\">\n\td) Decorrido o prazo, extingue-se, mediante declara&ccedil;&atilde;o judicial, o direito de praticar o ato.\n<\/p>\n<p style=\"text-align: justify;\">\n\te) Os atos processuais realizar-se-&atilde;o nos prazos prescritos em lei. Quando esta for omissa, o juiz determinar&aacute; que os prazos se cumpram em cinco dias.\n<\/p>\n<p style=\"text-align: justify;\">\n\t<strong>(VUNESP\/MPE-SP\/Oficial\/2015\/adaptada) <\/strong>A respeito da verifica&ccedil;&atilde;o dos prazos e suas penalidades no C&oacute;digo de Processo Civil, &eacute; correto afirmar que\n<\/p>\n<p style=\"text-align: justify;\">\n\ta) &eacute; l&iacute;cito a qualquer interessado cobrar os autos ao advogado que exceder o prazo legal. Se, intimado, n&atilde;o os devolver dentro de 48 (quarenta e oito) horas, perder&aacute; o direito &agrave; vista fora de cart&oacute;rio e incorrer&aacute; em multa correspondente &agrave; metade do sal&aacute;rio m&iacute;nimo.\n<\/p>\n<p style=\"text-align: justify;\">\n\tb) o advogado deve restituir os autos no prazo legal. N&atilde;o o fazendo, perder&aacute; o direito &agrave; vista fora de cart&oacute;rio e incorrer&aacute; em multa correspondente &agrave; metade do sal&aacute;rio-m&iacute;nimo.\n<\/p>\n<p style=\"text-align: justify;\">\n\tc) apenas as partes poder&atilde;o representar ao presidente do Tribunal de Justi&ccedil;a contra o juiz que excedeu os prazos previstos em lei, sendo vedada essa fun&ccedil;&atilde;o ao &oacute;rg&atilde;o do Minist&eacute;rio P&uacute;blico, tendo em vista n&atilde;o haver hierarquia entre tal &oacute;rg&atilde;o e a Magistratura.\n<\/p>\n<p style=\"text-align: justify;\">\n\td) o Minist&eacute;rio P&uacute;blico n&atilde;o tem prazo para restituir os autos quando dele possa fazer carga.\n<\/p>\n<p style=\"text-align: justify;\">\n\te) compete ao Minist&eacute;rio P&uacute;blico verificar se o serventu&aacute;rio excedeu, sem motivo leg&iacute;timo, os prazos estabelecidos no C&oacute;digo de Processo Civil, tendo em vista que &eacute; fiscal da lei.\n<\/p>\n<p style=\"text-align: justify;\">\n\t<strong>(VUNESP\/TJ-SP\/T&eacute;cnico\/2007) <\/strong>&Eacute; correto afirmar que\n<\/p>\n<p style=\"text-align: justify;\">\n\ta) os atos processuais s&atilde;o de natureza p&uacute;blica e privada.\n<\/p>\n<p style=\"text-align: justify;\">\n\tb) o princ&iacute;pio do sigilo dos atos processuais aplica-se indistintamente.\n<\/p>\n<p style=\"text-align: justify;\">\n\tc) o direito de consultar os autos &eacute; restrito apenas aos advogados.\n<\/p>\n<p style=\"text-align: justify;\">\n\td) todos os atos e termos do processo podem ser produzidos por meio eletr&ocirc;nico.\n<\/p>\n<p style=\"text-align: justify;\">\n\te) os atos processuais s&atilde;o v&aacute;lidos quando cumpridas todas as solenidades e n&atilde;o a sua finalidade essencial.\n<\/p>\n<p style=\"text-align: justify;\">\n\t<strong>(VUNESP\/TJ-SP\/Escrevente\/2015) <\/strong>Quanto aos atos do juiz, assinale a alternativa correta.\n<\/p>\n<p style=\"text-align: justify;\">\n\ta) S&atilde;o atos meramente ordinat&oacute;rios, forma pela qual o juiz resolve quest&atilde;o incidente, quando pra&shy; ticados em decorr&ecirc;ncia de juntada de documento essencial para o deslinde da causa\n<\/p>\n<p style=\"text-align: justify;\">\n\tb) Os atos meramente ordinat&oacute;rios, como a juntada e a vista obrigat&oacute;ria, independem de despacho, devendo ser praticados de of&iacute;cio pelo servidor e revistos pelo juiz quando necess&aacute;rios.\n<\/p>\n<p style=\"text-align: justify;\">\n\tc) Decis&atilde;o interlocut&oacute;ria &eacute; o ato pelo qual o juiz, no curso do feito, p&otilde;e fim ao processo, resolvendo todas as quest&otilde;es que deram causa &agrave; propositura da a&ccedil;&atilde;o.\n<\/p>\n<p style=\"text-align: justify;\">\n\td) Decis&atilde;o interlocut&oacute;ria compreende todos os demais atos do juiz praticados no processo, de of&iacute;&shy;cio ou a requerimento da parte, a cujo respeito a lei n&atilde;o estabelece outra forma.\n<\/p>\n<p style=\"text-align: justify;\">\n\te) Recebe a denomina&ccedil;&atilde;o de ac&oacute;rd&atilde;o o julgamento proferido pelos tribunais, desde que julguem o m&eacute;rito da demanda e reformem a senten&ccedil;a.\n<\/p>\n<p style=\"text-align: justify;\">\n\t<strong>(VUNESP\/TJM-SP\/2017) <\/strong>Quanto aos prazos processuais, &eacute; correto afirmar que\n<\/p>\n<p style=\"text-align: justify;\">\n\ta) a Defensoria P&uacute;blica ter&aacute; prazo em dobro para todas as suas manifesta&ccedil;&otilde;es processuais.\n<\/p>\n<p style=\"text-align: justify;\">\n\tb) as funda&ccedil;&otilde;es de direito p&uacute;blico ter&atilde;o prazo em qu&aacute;druplo para contestar as a&ccedil;&otilde;es.\n<\/p>\n<p style=\"text-align: justify;\">\n\tc) a Uni&atilde;o ter&aacute; prazo qu&aacute;druplo para contestar e em dobro para recorrer.\n<\/p>\n<p style=\"text-align: justify;\">\n\td) os Estados ter&atilde;o prazo em dobro para recorrer e simples para responder a recursos.\n<\/p>\n<p style=\"text-align: justify;\">\n\te) o benefici&aacute;rio da justi&ccedil;a gratuita ter&aacute; prazo em dobro para contestar e recorrer.\n<\/p>\n<p style=\"text-align: justify;\">\n\t<strong>(VUNESP\/TJ-SP\/Escrevente\/2013 &ndash; adaptada NCPC) <\/strong>Considerando as disposi&ccedil;&otilde;es do C&oacute;digo de Processo Civil sobre prazos, &eacute; correto afirmar que\n<\/p>\n<p style=\"text-align: justify;\">\n\ta) o Minist&eacute;rio P&uacute;blico gozar&aacute; de prazo em dobro para manifestar-se nos autos.\n<\/p>\n<p style=\"text-align: justify;\">\n\tb) o juiz poder&aacute;, nas comarcas onde for dif&iacute;cil o transporte, prorrogar quaisquer prazos, mas nunca por mais de 90 (noventa) dias.\n<\/p>\n<p style=\"text-align: justify;\">\n\tc) as partes, mesmo que todas estejam de acordo, n&atilde;o podem reduzir os prazos.\n<\/p>\n<p style=\"text-align: justify;\">\n\td) incumbir&aacute; ao serventu&aacute;rio remeter os autos conclusos no prazo de 48 (quarenta e oito) horas da data em que tiver ci&ecirc;ncia da ordem, quando determinada pelo juiz.\n<\/p>\n<p style=\"text-align: justify;\">\n\te) o prazo, estabelecido pela lei ou pelo juiz, &eacute; cont&iacute;nuo, n&atilde;o se interrompendo nos feriados e nas f&eacute;rias.\n<\/p>\n<p style=\"text-align: justify;\">\n\t<strong>(VUNESP\/TJ-PA\/Juiz\/2014 &ndash; adaptada ao NCPC) <\/strong>Havendo litisconsortes com advogados distintos de escrit&oacute;rios diferentes, o prazo deve ser contado em dobro para\n<\/p>\n<p style=\"text-align: justify;\">\n\ta) contestar, salvo se houver revelia de um dos litisconsortes.\n<\/p>\n<p style=\"text-align: justify;\">\n\tb) contestar, desde que haja requerimento desse benef&iacute;cio na primeira metade do prazo.\n<\/p>\n<p style=\"text-align: justify;\">\n\tc) recorrer, mesmo que s&oacute; um dos litisconsortes tenha sucumbido.\n<\/p>\n<p style=\"text-align: justify;\">\n\td) contestar, ainda que os advogados sejam do mesmo escrit&oacute;rio e tenham apresentado a peti&ccedil;&atilde;o em conjunto, suscitando as mesmas raz&otilde;es.\n<\/p>\n<p style=\"text-align: justify;\">\n\te) de modo geral, falar nos autos, para todas as suas manifesta&ccedil;&otilde;es, em qualquer ju&iacute;zo ou tribunal, independentemente de requerimento.\n<\/p>\n<p style=\"text-align: justify;\">\n\t<strong>(VUNESP\/SP-URBANISMO\/Analista\/2014 &#8211; adaptada) <\/strong>Sobre o instituto da cita&ccedil;&atilde;o, nos termos do que consta no C&oacute;digo de Processo Civil, &eacute; correto afirmar que\n<\/p>\n<p style=\"text-align: justify;\">\n\ta) para a validade do processo &eacute; dispens&aacute;vel a cita&ccedil;&atilde;o do r&eacute;u ou do executado.\n<\/p>\n<p style=\"text-align: justify;\">\n\tb) a cita&ccedil;&atilde;o v&aacute;lida torna prevento o ju&iacute;zo, induz litispend&ecirc;ncia e faz litigiosa a coisa, sendo que, se ordenada por ju&iacute;zo incompetente, n&atilde;o constituir&aacute; em mora o devedor, mas interromper&aacute; a prescri&ccedil;&atilde;o.\n<\/p>\n<p style=\"text-align: justify;\">\n\tc) incumbe &agrave; parte promover a cita&ccedil;&atilde;o do r&eacute;u nos dez dias subsequentes ao despacho que a ordenar, n&atilde;o ficando prejudicada pela demora imput&aacute;vel ao servi&ccedil;o judici&aacute;rio exclusivamente.\n<\/p>\n<p style=\"text-align: justify;\">\n\td) a cita&ccedil;&atilde;o ser&aacute; pessoal, n&atilde;o podendo ser feita na pessoa do representante legal ou do procurador do r&eacute;u na fase execut&oacute;ria.\n<\/p>\n<p style=\"text-align: justify;\">\n\te) a parte que requerer a cita&ccedil;&atilde;o por edital, alegando dolosamente que ignora o local onde o r&eacute;u reside, ou ignora quem &eacute; o r&eacute;u, incorrer&aacute; em multa de tr&ecirc;s vezes o valor do sal&aacute;rio-m&iacute;nimo vigente.\n<\/p>\n<p style=\"text-align: justify;\">\n\t<strong>(VUNESP\/TJ-RJ\/Juiz\/2013) <\/strong>Em ocorrendo cita&ccedil;&atilde;o por edital, assinale a alternativa correta acerca do prazo para apresenta&ccedil;&atilde;o de defesa.\n<\/p>\n<p style=\"text-align: justify;\">\n\ta) Inicia-se o prazo da publica&ccedil;&atilde;o do edital no &oacute;rg&atilde;o oficial.\n<\/p>\n<p style=\"text-align: justify;\">\n\tb) Inicia-se o prazo da &uacute;ltima publica&ccedil;&atilde;o no jornal local.\n<\/p>\n<p style=\"text-align: justify;\">\n\tc) A defesa deve ser apresentada no prazo de dila&ccedil;&atilde;o assinado pelo juiz.\n<\/p>\n<p style=\"text-align: justify;\">\n\td) Inicia-se o prazo quando findo o prazo de dila&ccedil;&atilde;o assinado pelo juiz.\n<\/p>\n<p style=\"text-align: justify;\">\n\t<strong>(VUNESP\/TJM-SP\/Oficial\/2011) <\/strong>Sobre as cita&ccedil;&otilde;es e intima&ccedil;&otilde;es, &eacute; correto afirmar que\n<\/p>\n<p style=\"text-align: justify;\">\n\ta) cita&ccedil;&atilde;o &eacute; o ato pelo qual se d&aacute; ci&ecirc;ncia a algu&eacute;m dos atos e termos do processo, para que fa&ccedil;a ou deixe de fazer alguma coisa.\n<\/p>\n<p style=\"text-align: justify;\">\n\tb) a cita&ccedil;&atilde;o &eacute; feita por edital nas a&ccedil;&otilde;es de estado.\n<\/p>\n<p style=\"text-align: justify;\">\n\tc) quando houver v&aacute;rios r&eacute;us, come&ccedil;a a correr o prazo da data de juntada aos autos do &uacute;ltimo aviso de recebimento ou mandado citat&oacute;rio cumprido.\n<\/p>\n<p style=\"text-align: justify;\">\n\td) a intima&ccedil;&atilde;o do Minist&eacute;rio P&uacute;blico ser&aacute; feita por carta registrada, com aviso de recebimento.\n<\/p>\n<p style=\"text-align: justify;\">\n\te) a cita&ccedil;&atilde;o ordenada por juiz incompetente n&atilde;o constitui em mora o devedor.\n<\/p>\n<p style=\"text-align: justify;\">\n\t<strong>(VUNESP\/TJ-SP\/Escrevente\/2011) <\/strong>A cita&ccedil;&atilde;o &eacute; um dos atos processuais mais importantes para a forma&ccedil;&atilde;o do processo. Sendo assim, assinale a alternativa correta.\n<\/p>\n<p style=\"text-align: justify;\">\n\ta) O militar, em servi&ccedil;o ativo, ser&aacute; citado na unidade em que estiver servindo se n&atilde;o for conhecida a sua resid&ecirc;ncia ou nela n&atilde;o for encontrado.\n<\/p>\n<p style=\"text-align: justify;\">\n\tb) Poder&aacute; ser feita a cita&ccedil;&atilde;o a quem estiver assistindo a qualquer ato de culto religioso, desde que o ato n&atilde;o seja interrompido.\n<\/p>\n<p style=\"text-align: justify;\">\n\tc) A cita&ccedil;&atilde;o v&aacute;lida constitui em mora o devedor e interrompe a prescri&ccedil;&atilde;o desde que ordenada por juiz competente.\n<\/p>\n<p style=\"text-align: justify;\">\n\td) Estando o r&eacute;u ausente, a cita&ccedil;&atilde;o far-se-&aacute; na pessoa de seu mandat&aacute;rio, administrador, feitor ou gerente em qualquer caso.\n<\/p>\n<p style=\"text-align: justify;\">\n\te) Incumbe &agrave; parte promover a cita&ccedil;&atilde;o do r&eacute;u nos 5 (cinco) dias subsequentes ao despacho que a ordenar.\n<\/p>\n<p style=\"text-align: justify;\">\n\t<strong>(VUNESP\/TJ-SP\/Escrevente\/2010) <\/strong>Reputa-se que a cita&ccedil;&atilde;o &eacute; v&aacute;lida quando feita\n<\/p>\n<p style=\"text-align: justify;\">\n\ta) aos doentes em estado grave, a fim de evitar o perecimento do direito.\n<\/p>\n<p style=\"text-align: justify;\">\n\tb) na pessoa do m&eacute;dico, nomeado pelo juiz da causa, no caso de demente impossibilitado de receb&ecirc;-la.\n<\/p>\n<p style=\"text-align: justify;\">\n\tc) na pessoa do mandat&aacute;rio, em caso de r&eacute;u ausente, a fim de n&atilde;o haver perecimento do direito.\n<\/p>\n<p style=\"text-align: justify;\">\n\td) pelo correio, nos processos de execu&ccedil;&atilde;o e quando o r&eacute;u residir em local servido pelo servi&ccedil;o domiciliar de correspond&ecirc;ncia.\n<\/p>\n<p style=\"text-align: justify;\">\n\te) por edital, quando requerida pelo autor, nos casos em que o r&eacute;u residir em local sem servi&ccedil;o domiciliar de correspond&ecirc;ncia.\n<\/p>\n<h3 style=\"text-align: justify;\">\n\tTutela Provis&oacute;ria<br \/>\n<\/h3>\n<h3 style=\"text-align: justify;\">\n\t<strong>(VUNESP\/Pref. Alum&iacute;nio\/2016) <\/strong>Em um processo de conhecimento, o qual fique caracterizado abuso do direito de defesa ou manifesto prop&oacute;sito protelat&oacute;rio das partes, a parte lesada poder&aacute; requerer tutela provis&oacute;ria de<br \/>\n<\/h3>\n<p style=\"text-align: justify;\">\n\ta) evid&ecirc;ncia.\n<\/p>\n<p style=\"text-align: justify;\">\n\tb) urg&ecirc;ncia cautelar incidental.\n<\/p>\n<p style=\"text-align: justify;\">\n\tc) urg&ecirc;ncia antecipada antecedente.\n<\/p>\n<p style=\"text-align: justify;\">\n\td) urg&ecirc;ncia cautelar antecedente.\n<\/p>\n<p style=\"text-align: justify;\">\n\te) urg&ecirc;ncia antecipada incidental.\n<\/p>\n<p style=\"text-align: justify;\">\n\t<strong>(VUNESP\/C&acirc;m. Mogi\/Procurador\/2016) <\/strong>Assinale a alternativa correta.\n<\/p>\n<p style=\"text-align: justify;\">\n\ta) A tutela de evid&ecirc;ncia somente ser&aacute; cab&iacute;vel quando a mat&eacute;ria for unicamente de direito e houver tese firmada em julgamento de recursos repetitivos, em incidente de resolu&ccedil;&atilde;o de demandas repetitivas ou em s&uacute;mula vinculante.\n<\/p>\n<p style=\"text-align: justify;\">\n\tb) A tutela de urg&ecirc;ncia &eacute; admiss&iacute;vel somente em demanda condenat&oacute;ria e constitutiva.\n<\/p>\n<p style=\"text-align: justify;\">\n\tc) A tutela provis&oacute;ria depende de cau&ccedil;&atilde;o e n&atilde;o pode ser deferida antes da cita&ccedil;&atilde;o do r&eacute;u.\n<\/p>\n<p style=\"text-align: justify;\">\n\td) A tutela de evid&ecirc;ncia ser&aacute; concedida pelo juiz quando houver demonstra&ccedil;&atilde;o de risco de dano irrepar&aacute;vel ou de dif&iacute;cil repara&ccedil;&atilde;o e ficar caracterizado o abuso de direito de defesa.\n<\/p>\n<p style=\"text-align: justify;\">\n\te) O entendimento predominante &eacute; que cabe a concess&atilde;o de tutela provis&oacute;ria a qualquer momento, inclusive na senten&ccedil;a.\n<\/p>\n<p style=\"text-align: justify;\">\n\t<strong>(VUNESP\/Pref. Mogi\/2016) <\/strong>Sobre a tutela de urg&ecirc;ncia, assinale a alternativa correta.\n<\/p>\n<p style=\"text-align: justify;\">\n\ta) No procedimento da tutela cautelar em car&aacute;ter de evid&ecirc;ncia, o r&eacute;u ser&aacute; citado para, no prazo de cinco dias, contestar o pedido e indicar as provas que pretende produzir.\n<\/p>\n<p style=\"text-align: justify;\">\n\tb) A tutela de cautelar em car&aacute;ter antecedente ser&aacute; concedida independentemente da demonstra&ccedil;&atilde;o de perigo de dano ou de risco ao resultado &uacute;til do processo.\n<\/p>\n<p style=\"text-align: justify;\">\n\tc) Cessa a efic&aacute;cia da tutela concedida em car&aacute;ter de evid&ecirc;ncia, se n&atilde;o for efetivada no prazo de trinta dias.\n<\/p>\n<p style=\"text-align: justify;\">\n\td) Efetivada a tutela cautelar, o pedido principal ter&aacute; de ser formulado pelo autor no prazo de trinta dias, caso em que ser&aacute; apresentado nos mesmos autos em que foi deduzido o pedido cautelar.\n<\/p>\n<p style=\"text-align: justify;\">\n\te) A decis&atilde;o que concede tutela em car&aacute;ter antecedente far&aacute; coisa julgada se n&atilde;o for revista, reformada ou invalidada por decis&atilde;o proferida em a&ccedil;&atilde;o ajuizada por uma das partes.\n<\/p>\n<h3 style=\"text-align: justify;\">\n\tProcedimento Comum<br \/>\n<\/h3>\n<h3 style=\"text-align: justify;\">\n\t<strong>(VUNESP\/Pref. Alum&iacute;nio\/2016) <\/strong>Sobre as disposi&ccedil;&otilde;es do atual C&oacute;digo de Processo Civil acerca do julgamento antecipado do processo, assinale a alternativa correta.<br \/>\n<\/h3>\n<p style=\"text-align: justify;\">\n\ta) A decis&atilde;o que julga antecipadamente o processo &eacute; una e tem natureza jur&iacute;dica de senten&ccedil;a.\n<\/p>\n<p style=\"text-align: justify;\">\n\tb) &Eacute; poss&iacute;vel ser realizado o julgamento parcial do m&eacute;rito apenas se houver pedidos que se mostrem incontroversos.\n<\/p>\n<p style=\"text-align: justify;\">\n\tc) Se houver julgamento parcial do m&eacute;rito, a natureza jur&iacute;dica da decis&atilde;o permanece como senten&ccedil;a e pode ser atacada por recurso de apela&ccedil;&atilde;o.\n<\/p>\n<p style=\"text-align: justify;\">\n\td) Mesmo ocorrendo o julgamento parcial do m&eacute;rito, a liquida&ccedil;&atilde;o e execu&ccedil;&atilde;o s&oacute; poder&atilde;o ser propostas com a senten&ccedil;a final.\n<\/p>\n<p style=\"text-align: justify;\">\n\te) Se o r&eacute;u for revel e ocorrer os efeitos da revelia, n&atilde;o havendo requerimento para produ&ccedil;&atilde;o de outras provas, o juiz poder&aacute; proceder ao julgamento antecipado do m&eacute;rito do processo.\n<\/p>\n<p style=\"text-align: justify;\">\n\t<strong>(VUNESP\/Pref. Andradina\/Assistente\/2017) <\/strong>Miranda &eacute; r&eacute;u numa a&ccedil;&atilde;o que lhe moveu Jair. Apresentou sua defesa contra a tese do autor, sendo que esta foi acolhida pelo primeiro grau, entendendo ter Miranda raz&atilde;o em seus argumentos. Jair fez apela&ccedil;&atilde;o contra a decis&atilde;o, recurso este que ainda n&atilde;o foi julgado. Al&eacute;m disso, prop&ocirc;s outra a&ccedil;&atilde;o para tentar receber os mesmos valores que fomentaram a primeira demanda.\n<\/p>\n<p style=\"text-align: justify;\">\n\tDiante dessa situa&ccedil;&atilde;o hipot&eacute;tica, &eacute; correto afirmar que\n<\/p>\n<p style=\"text-align: justify;\">\n\ta) a segunda a&ccedil;&atilde;o n&atilde;o pode prosperar, por j&aacute; ter se vislumbrado a forma&ccedil;&atilde;o de coisa julgada material na primeira demanda, devendo ser julgada extinta sem conhecimento do m&eacute;rito.\n<\/p>\n<p style=\"text-align: justify;\">\n\tb) estando ainda em curso a primeira a&ccedil;&atilde;o, a segunda demanda deve ser considerada como litispendente e, portanto, julgada extinta com resolu&ccedil;&atilde;o de m&eacute;rito.\n<\/p>\n<p style=\"text-align: justify;\">\n\tc) a primeira a&ccedil;&atilde;o apenas formou coisa julgada formal, por isso &eacute; poss&iacute;vel a rediscuss&atilde;o do mesmo assunto em outra demanda, mesmo estando ela em curso.\n<\/p>\n<p style=\"text-align: justify;\">\n\td) a segunda a&ccedil;&atilde;o deve ser julgada extinta sem resolu&ccedil;&atilde;o de m&eacute;rito, por listipend&ecirc;ncia com a primeira a&ccedil;&atilde;o, que ainda n&atilde;o formou coisa julgada material ou formal, tendo em vista que pende o julgamento do recurso.\n<\/p>\n<p style=\"text-align: justify;\">\n\te) a primeira e a segunda a&ccedil;&atilde;o t&ecirc;m pedidos distintos, e mesmo havendo coincid&ecirc;ncia de causa de pedir, os pedidos s&atilde;o diversos, pois requeridos em momentos diferentes, sendo poss&iacute;vel que ambas tramitem em conjunto.\n<\/p>\n<p style=\"text-align: justify;\">\n\t<strong>(VUNESP\/Pref. Alum&iacute;nio\/2016) <\/strong>Lucas trafegava com sua moto quando foi v&iacute;tima de um acidente de tr&acirc;nsito, em que colidiu com o carro de Nicolas, que dirigia o ve&iacute;culo no momento da batida. Em decorr&ecirc;ncia da colis&atilde;o, Lucas teve seu p&eacute; amputado. H&aacute; em tr&acirc;mite uma a&ccedil;&atilde;o penal onde se verificam as causas do acidente e eventual responsabilidade penal de Nicolas pelo evento lesivo. Lucas prop&ocirc;s posteriormente a a&ccedil;&atilde;o penal, uma demanda pleiteando repara&ccedil;&atilde;o civil pelos danos sofridos. Nessa situa&ccedil;&atilde;o, &eacute; correto afirmar:\n<\/p>\n<p style=\"text-align: justify;\">\n\ta) se o conhecimento do m&eacute;rito da a&ccedil;&atilde;o depender da verifica&ccedil;&atilde;o da exist&ecirc;ncia de fato delituoso, e havendo a&ccedil;&atilde;o penal em curso, ocorrer&aacute; a suspens&atilde;o do processo c&iacute;vel que n&atilde;o poder&aacute; ser superior a um ano.\n<\/p>\n<p style=\"text-align: justify;\">\n\tb) a responsabilidade civil independe da penal e por isso n&atilde;o poder&aacute; o juiz suspender o tr&acirc;mite da a&ccedil;&atilde;o.\n<\/p>\n<p style=\"text-align: justify;\">\n\tc) se a a&ccedil;&atilde;o penal n&atilde;o for proposta no prazo de seis meses a contar da data da suspens&atilde;o, o juiz poder&aacute; suspender o processo civil, devendo examinar incidentalmente a quest&atilde;o pr&eacute;via sobre a responsabilidade penal.\n<\/p>\n<p style=\"text-align: justify;\">\n\td) caso o processo seja suspenso por conta da exist&ecirc;ncia da a&ccedil;&atilde;o penal em tr&acirc;mite, ap&oacute;s o prazo de um ano sem que a quest&atilde;o de m&eacute;rito seja apreciada na esfera penal, dever&aacute; o juiz extinguir o processo civil proferindo senten&ccedil;a terminativa.\n<\/p>\n<p style=\"text-align: justify;\">\n\te) havendo a&ccedil;&atilde;o penal em curso, haver&aacute; litispend&ecirc;ncia com a a&ccedil;&atilde;o civil, e, portanto, dever&aacute; ser julgada esta &uacute;ltima extinta com resolu&ccedil;&atilde;o do m&eacute;rito.\n<\/p>\n<p style=\"text-align: justify;\">\n\t<strong>(VUNESP\/Pref. Alum&iacute;nio\/2016) <\/strong>Jana&iacute;na prop&ocirc;s a&ccedil;&atilde;o declarat&oacute;ria contra o Banco Nunes S\/A. Em sua peti&ccedil;&atilde;o inicial esclareceu que n&atilde;o tinha interesse na realiza&ccedil;&atilde;o da audi&ecirc;ncia de concilia&ccedil;&atilde;o ou de media&ccedil;&atilde;o. Nessa situa&ccedil;&atilde;o, &eacute; correto afirmar:\n<\/p>\n<p style=\"text-align: justify;\">\n\ta) caso o banco r&eacute;u n&atilde;o queira participar de uma audi&ecirc;ncia de media&ccedil;&atilde;o ou concilia&ccedil;&atilde;o, dever&aacute; fazer tal requerimento diretamente em sua contesta&ccedil;&atilde;o.\n<\/p>\n<p style=\"text-align: justify;\">\n\tb) se o banco r&eacute;u optar pela realiza&ccedil;&atilde;o da audi&ecirc;ncia de media&ccedil;&atilde;o e concilia&ccedil;&atilde;o, o juiz, diante da manifesta&ccedil;&atilde;o da autora, dever&aacute; desmarcar a audi&ecirc;ncia.\n<\/p>\n<p style=\"text-align: justify;\">\n\tc) caso houvesse litiscons&oacute;rcio, o desinteresse na realiza&ccedil;&atilde;o da audi&ecirc;ncia deve ser manifestado por todos os litisconsortes.\n<\/p>\n<p style=\"text-align: justify;\">\n\td) num mesmo processo s&oacute; pode ser realizada uma sess&atilde;o de media&ccedil;&atilde;o ou concilia&ccedil;&atilde;o.\n<\/p>\n<p style=\"text-align: justify;\">\n\te) caso seja designada a audi&ecirc;ncia de media&ccedil;&atilde;o ou concilia&ccedil;&atilde;o e Jana&iacute;na n&atilde;o compare&ccedil;a, tal aus&ecirc;ncia ser&aacute; considerada ato atentat&oacute;rio &agrave; dignidade da justi&ccedil;a com aplica&ccedil;&atilde;o de multa de at&eacute; 1% sobre o valor da causa.\n<\/p>\n<p style=\"text-align: justify;\">\n\t<strong>(VUNESP\/Pref. Mogi\/Procurador\/2016) <\/strong>O r&eacute;u poder&aacute; oferecer um pedido contraposto ao do autor, chamado reconven&ccedil;&atilde;o,\n<\/p>\n<p style=\"text-align: justify;\">\n\ta) poss&iacute;vel de ser proposto, independentemente de oferecer contesta&ccedil;&atilde;o.\n<\/p>\n<p style=\"text-align: justify;\">\n\tb) invi&aacute;vel em face de terceiro, mas apenas proposto contra o autor da a&ccedil;&atilde;o.\n<\/p>\n<p style=\"text-align: justify;\">\n\tc) inadmiss&iacute;vel em caso de litiscons&oacute;rcio volunt&aacute;rio.\n<\/p>\n<p style=\"text-align: justify;\">\n\td) apresentado em pe&ccedil;a pr&oacute;pria e no mesmo prazo da contesta&ccedil;&atilde;o.\n<\/p>\n<p style=\"text-align: justify;\">\n\te) sendo que a desist&ecirc;ncia da a&ccedil;&atilde;o pelo autor leva a sua extin&ccedil;&atilde;o.\n<\/p>\n<p style=\"text-align: justify;\">\n\t<strong>(VUNESP\/Pref. V&aacute;rzea\/Procurador\/2016) <\/strong>&Eacute; mat&eacute;ria que deve ser alegada como quest&atilde;o preliminar processual, nos termos do art. 337, do CPC, em sede de contesta&ccedil;&atilde;o:\n<\/p>\n<p style=\"text-align: justify;\">\n\ta) impossibilidade jur&iacute;dica do pedido.\n<\/p>\n<p style=\"text-align: justify;\">\n\tb) exist&ecirc;ncia de coisa julgada.\n<\/p>\n<p style=\"text-align: justify;\">\n\tc) ocorr&ecirc;ncia da prescri&ccedil;&atilde;o.\n<\/p>\n<p style=\"text-align: justify;\">\n\td) denuncia&ccedil;&atilde;o da lide.\n<\/p>\n<p style=\"text-align: justify;\">\n\te) reconhecimento jur&iacute;dico parcial do pedido.\n<\/p>\n<h3 style=\"text-align: justify;\">\n\tRecursos (regras gerais, apela&ccedil;&atilde;o, agravos e embargos de declara&ccedil;&atilde;o)<br \/>\n<\/h3>\n<h3 style=\"text-align: justify;\">\n\t<strong>(VUNESP\/Pref. Mogi\/Procurador\/2016) <\/strong>A apela&ccedil;&atilde;o interposta antes da publica&ccedil;&atilde;o da senten&ccedil;a ser&aacute; considerada<br \/>\n<\/h3>\n<p style=\"text-align: justify;\">\n\ta) intempestiva.\n<\/p>\n<p style=\"text-align: justify;\">\n\tb) intempestiva, exceto se houver recurso adesivo.\n<\/p>\n<p style=\"text-align: justify;\">\n\tc) tempestiva.\n<\/p>\n<p style=\"text-align: justify;\">\n\td) tempestiva, se ratificada ap&oacute;s a publica&ccedil;&atilde;o.\n<\/p>\n<p style=\"text-align: justify;\">\n\te) suspensa, at&eacute; ser recebida pelo tribunal.\n<\/p>\n<p style=\"text-align: justify;\">\n\t<strong>(VUNESP\/Pref. V&aacute;rzea\/2016\/Procurador) <\/strong>Nos termos do art. 1.015, do CPC, cabe agravo de instrumento contra as decis&otilde;es interlocut&oacute;rias que versarem sobre\n<\/p>\n<p style=\"text-align: justify;\">\n\ta) a rejei&ccedil;&atilde;o da prova pericial.\n<\/p>\n<p style=\"text-align: justify;\">\n\tb) o aditamento da peti&ccedil;&atilde;o inicial.\n<\/p>\n<p style=\"text-align: justify;\">\n\tc) a inclus&atilde;o de litisconsorte.\n<\/p>\n<p style=\"text-align: justify;\">\n\td) o acolhimento do pedido de benef&iacute;cio da justi&ccedil;a gratuita.\n<\/p>\n<p style=\"text-align: justify;\">\n\te) o m&eacute;rito do processo.\n<\/p>\n<p style=\"text-align: justify;\">\n\t<strong>(VUNESP\/MPE-SP\/Analista\/2015) <\/strong>Os embargos de declara&ccedil;&atilde;o no rito ordin&aacute;rio ser&atilde;o opostos no prazo de\n<\/p>\n<p style=\"text-align: justify;\">\n\ta) 5 dias em primeira inst&acirc;ncia e 10 dias em segunda inst&acirc;ncia, em peti&ccedil;&atilde;o dirigida ao juiz ou relator, n&atilde;o interrompendo o prazo de outros recursos para a parte contr&aacute;ria.\n<\/p>\n<p style=\"text-align: justify;\">\n\tb) 10 dias, com preparo, em peti&ccedil;&atilde;o dirigida ao juiz ou relator, interrompendo o prazo de outros recursos, por qualquer das partes.\n<\/p>\n<p style=\"text-align: justify;\">\n\tc) 5 dias, sem preparo, em peti&ccedil;&atilde;o dirigida ao juiz ou relator, interrompendo o prazo de outros recursos, por qualquer das partes.\n<\/p>\n<p style=\"text-align: justify;\">\n\td) 10 dias, sem preparo, em peti&ccedil;&atilde;o dirigida ao juiz ou relator, interrompendo o prazo de outros recursos para a parte contr&aacute;ria.\n<\/p>\n<p style=\"text-align: justify;\">\n\te) 15 dias, com preparo, em peti&ccedil;&atilde;o dirigida ao juiz ou relator, n&atilde;o interrompendo o prazo de outros recursos para a parte contr&aacute;ria.\n<\/p>\n<p style=\"text-align: justify;\">\n\t<strong>(VUNESP\/TJ-SP\/Escrevente T&eacute;cnico Judici&aacute;rio\/2014) <\/strong>Interposto recurso, o recorrente poder&aacute; dele desistir\n<\/p>\n<p style=\"text-align: justify;\">\n\ta) se n&atilde;o houver recurso adesivo ao seu.\n<\/p>\n<p style=\"text-align: justify;\">\n\tb) somente at&eacute; a remessa ao tribunal.\n<\/p>\n<p style=\"text-align: justify;\">\n\tc) sem a anu&ecirc;ncia do recorrido.\n<\/p>\n<p style=\"text-align: justify;\">\n\td) at&eacute; que haja a resposta do recorrido.\n<\/p>\n<p style=\"text-align: justify;\">\n\te) desde que haja a anu&ecirc;ncia dos litisconsortes.\n<\/p>\n<h3 style=\"text-align: justify;\">\n\tJuizados Especiais: Lei 9.099\/1995 (art. 3&ordm; ao 19) e Lei 13.153\/2001.<br \/>\n<\/h3>\n<h3 style=\"text-align: justify;\">\n\t<strong>(VUNESP\/TJ-MS\/Juiz\/2015) <\/strong>No que se refere &agrave; interven&ccedil;&atilde;o do advogado nos Juizados Especiais C&iacute;veis, &eacute; correto afirmar que<br \/>\n<\/h3>\n<p style=\"text-align: justify;\">\n\ta) nas causas de valor superior a cinco vezes o sal&aacute;rio- m&iacute;nimo, a assist&ecirc;ncia de advogado &eacute; obrigat&oacute;ria.\n<\/p>\n<p style=\"text-align: justify;\">\n\tb) nas causas de valor at&eacute; dez sal&aacute;rios-m&iacute;nimos, as partes comparecer&atilde;o pessoalmente, podendo ser assistidas por advogado; nas de valor superior, a assist&ecirc;ncia &eacute; obrigat&oacute;ria.\n<\/p>\n<p style=\"text-align: justify;\">\n\tc) nas causas de valor at&eacute; vinte sal&aacute;rios-m&iacute;nimos, as partes comparecer&atilde;o pessoalmente, podendo ser assistidas por advogado; nas de valor superior, a assist&ecirc;ncia &eacute; obrigat&oacute;ria.\n<\/p>\n<p style=\"text-align: justify;\">\n\td) n&atilde;o &eacute; obrigat&oacute;ria a assist&ecirc;ncia de advogado em qualquer hip&oacute;tese, com fundamento no princ&iacute;pio da informalidade.\n<\/p>\n<p style=\"text-align: justify;\">\n\te) n&atilde;o &eacute; obrigat&oacute;ria a assist&ecirc;ncia de advogado em qualquer hip&oacute;tese, com fundamento no princ&iacute;pio do acesso &agrave; justi&ccedil;a.\n<\/p>\n<p style=\"text-align: justify;\">\n\t<strong>(VUNESP\/TJ-SP\/Escrevente\/2015)<\/strong> No que diz respeito aos atos processuais praticados perante o Juizado Especial C&iacute;vel, assinale a alterna&shy;tiva correta.\n<\/p>\n<p style=\"text-align: justify;\">\n\ta) N&atilde;o ser&atilde;o declarados nulos sem que tenha havido preju&iacute;zo, sendo v&aacute;lidos sempre que preen&shy;cherem as finalidades para as quais forem realizados.\n<\/p>\n<p style=\"text-align: justify;\">\n\tb) Todos ser&atilde;o registrados resumidamente, em no&shy;tas manuscritas, datilografadas, taquigrafadas ou estenotipadas.\n<\/p>\n<p style=\"text-align: justify;\">\n\tc) Ser&atilde;o p&uacute;blicos e poder&atilde;o realizar&shy;-se em hor&aacute;rio noturno, conforme dispuserem as normas de organiza&ccedil;&atilde;o judici&aacute;ria, exceto os relativos exclusivamente ao estado da pessoa, que correr&atilde;o em segredo de justi&ccedil;a.\n<\/p>\n<p style=\"text-align: justify;\">\n\td) N&atilde;o poder&aacute; ser solicitada a pr&aacute;tica de atos processuais em outra Comarca, exceto se se tratar de per&iacute;cia t&eacute;cnica.\n<\/p>\n<p style=\"text-align: justify;\">\n\te) Nenhum ato processual essencial ser&aacute; praticado sem a presen&ccedil;a de advogado.\n<\/p>\n<p style=\"text-align: justify;\">\n\t<strong>(VUNESP\/PC-CE\/Delegado\/2015) <\/strong>De acordo com a Lei no 9.099\/95, que disp&otilde;e sobre os Juizados Especiais C&iacute;veis, assinale a alternativa correta.\n<\/p>\n<p style=\"text-align: justify;\">\n\ta) Os incapazes n&atilde;o podem ser parte nas a&ccedil;&otilde;es que tramitam perante o Juizado Especial C&iacute;vel.\n<\/p>\n<p style=\"text-align: justify;\">\n\tb) T&ecirc;m compet&ecirc;ncia para processar e julgar causas que n&atilde;o excedam 60 (sessenta) vezes o sal&aacute;rio-m&iacute;nimo.\n<\/p>\n<p style=\"text-align: justify;\">\n\tc) &Eacute; dispens&aacute;vel o comparecimento da parte autora na audi&ecirc;ncia de concilia&ccedil;&atilde;o.\n<\/p>\n<p style=\"text-align: justify;\">\n\td) &Eacute; indispens&aacute;vel a assist&ecirc;ncia da parte por advogado, independentemente do valor da causa.\n<\/p>\n<p style=\"text-align: justify;\">\n\te) Os microempreendedores individuais, microempresas e empresas de pequeno porte n&atilde;o podem propor a&ccedil;&atilde;o perante o Juizado Especial C&iacute;vel.\n<\/p>\n<p style=\"text-align: justify;\">\n\t<strong>(VUNESP\/TJ-SP\/Escrevente\/2015) <\/strong>Quanto aos processos que tramitam perante os Jui&shy;zados Especiais da Fazenda P&uacute;blica, assinale a alter&shy;nativa correta.\n<\/p>\n<p style=\"text-align: justify;\">\n\ta) No foro em que estiverem instalados, a compet&ecirc;ncia &eacute; relativa.\n<\/p>\n<p style=\"text-align: justify;\">\n\tb) N&atilde;o &eacute; poss&iacute;vel pedido para provid&ecirc;ncias caute&shy;lat&oacute;rias ou antecipat&oacute;rias no curso do processo.\n<\/p>\n<p style=\"text-align: justify;\">\n\tc) O cumprimento da senten&ccedil;a com tr&acirc;nsito em julgado, que imponha obriga&ccedil;&atilde;o de fazer, ser&aacute; efetuado mediante of&iacute;cio do juiz &agrave; autoridade citada para a causa, com c&oacute;pia da senten&ccedil;a ou do acordo.\n<\/p>\n<p style=\"text-align: justify;\">\n\td) A Fazenda ter&aacute; prazo em qu&aacute;druplo para contes&shy;tar e em dobro para recorrer.\n<\/p>\n<p style=\"text-align: justify;\">\n\te) Nas causas que correm perante esse Juizado, haver&aacute; reexame necess&aacute;rio no caso de proced&ecirc;ncia do pedido do autor.\n<\/p>\n<p style=\"text-align: justify;\">\n\t&#8212;\n<\/p>\n<p style=\"text-align: justify;\">\n\tCaso voc&ecirc; queira baixar as quest&otilde;es para imprimir, acesse aqui:\n<\/p>\n<p style=\"text-align: justify;\">\n\t<a href=\"https:\/\/dhg1h5j42swfq.cloudfront.net\/2017\/04\/04171551\/Quest%C3%B5es-VUNESP-de-DPC.pdf\">QUEST&Otilde;ES DE DIREITO PROCESSUAL CIVIL &#8211; INTENSIVO TJSP<\/a>\n<\/p>\n<p style=\"text-align: justify;\">\n\tAt&eacute; mais tarde!\n<\/p>\n<p>\n\t&nbsp;<\/p>\n","protected":false},"excerpt":{"rendered":"<p>Intensivo TJSP &#8211; Quest&otilde;es de Direito Processual Civil Ol&aacute; pessoal, tudo bem? Logo mais, &agrave;s 17 horas estaremos ao vivo para nossa aula de Direito Processual Civil no Estrat&eacute;gia Concursos. Lembre-se de curtir nossa p&aacute;gina do Facebook, focada em Direito Processual Civil: https:\/\/www.facebook.com\/dpcparaconcursos\/ Voc&ecirc; poder&aacute; assistir a aula ao vivo, neste link: Importante lembrar que [&hellip;]<\/p>\n","protected":false},"author":180,"featured_media":69100,"comment_status":"open","ping_status":"open","sticky":false,"template":"","format":"standard","meta":{"post_tipo":"article","footnotes":""},"categories":[1],"tags":[],"tax_estado":[],"class_list":["post-69633","post","type-post","status-publish","format-standard","has-post-thumbnail","hentry","category-cursos-e-concursos"],"acf":[],"yoast_head":"<!-- This site is optimized with the Yoast SEO Premium plugin v27.2 (Yoast SEO v27.2) - https:\/\/yoast.com\/product\/yoast-seo-premium-wordpress\/ -->\n<title>Intensivo TJSP - Quest\u00f5es de Direito Processual Civil<\/title>\n<meta name=\"robots\" content=\"index, follow, max-snippet:-1, max-image-preview:large, max-video-preview:-1\" \/>\n<link rel=\"canonical\" href=\"https:\/\/www.estrategiaconcursos.com.br\/blog\/intensivo-tjsp-questoes-de-direito-processual-civil\/\" \/>\n<meta property=\"og:locale\" content=\"pt_BR\" \/>\n<meta property=\"og:type\" content=\"article\" \/>\n<meta property=\"og:title\" content=\"Intensivo TJSP - Quest\u00f5es de Direito Processual Civil\" \/>\n<meta property=\"og:description\" content=\"Intensivo TJSP &#8211; Quest&otilde;es de Direito Processual Civil Ol&aacute; pessoal, tudo bem? Logo mais, &agrave;s 17 horas estaremos ao vivo para nossa aula de Direito Processual Civil no Estrat&eacute;gia Concursos. Lembre-se de curtir nossa p&aacute;gina do Facebook, focada em Direito Processual Civil: https:\/\/www.facebook.com\/dpcparaconcursos\/ Voc&ecirc; poder&aacute; assistir a aula ao vivo, neste link: Importante lembrar que [&hellip;]\" \/>\n<meta property=\"og:url\" content=\"https:\/\/www.estrategiaconcursos.com.br\/blog\/intensivo-tjsp-questoes-de-direito-processual-civil\/\" \/>\n<meta property=\"og:site_name\" content=\"Estrat\u00e9gia Concursos\" \/>\n<meta property=\"article:author\" content=\"https:\/\/www.facebook.com\/ricardo.s.torques\" \/>\n<meta property=\"article:published_time\" content=\"2017-04-04T20:18:48+00:00\" \/>\n<meta property=\"og:image\" content=\"https:\/\/dhg1h5j42swfq.cloudfront.net\/2017\/03\/31171024\/TJ-SP-e1495042714282.png\" \/>\n\t<meta property=\"og:image:width\" content=\"400\" \/>\n\t<meta property=\"og:image:height\" content=\"209\" \/>\n\t<meta property=\"og:image:type\" content=\"image\/png\" \/>\n<meta name=\"author\" content=\"Ricardo Torques\" \/>\n<meta name=\"twitter:card\" content=\"summary_large_image\" \/>\n<meta name=\"twitter:creator\" content=\"@EstratConcursos\" \/>\n<meta name=\"twitter:site\" content=\"@EstratConcursos\" \/>\n<meta name=\"twitter:label1\" content=\"Escrito por\" \/>\n\t<meta name=\"twitter:data1\" content=\"Ricardo Torques\" \/>\n\t<meta name=\"twitter:label2\" content=\"Est. tempo de leitura\" \/>\n\t<meta name=\"twitter:data2\" content=\"26 minutos\" \/>\n<script type=\"application\/ld+json\" class=\"yoast-schema-graph\">{\"@context\":\"https:\/\/schema.org\",\"@graph\":[{\"@type\":\"NewsArticle\",\"@id\":\"https:\/\/www.estrategiaconcursos.com.br\/blog\/intensivo-tjsp-questoes-de-direito-processual-civil\/#article\",\"isPartOf\":{\"@id\":\"https:\/\/www.estrategiaconcursos.com.br\/blog\/intensivo-tjsp-questoes-de-direito-processual-civil\/\"},\"author\":{\"name\":\"Ricardo Torques\",\"@id\":\"https:\/\/www.estrategiaconcursos.com.br\/blog\/#\/schema\/person\/aa39cf5ddb518e5bdce27c35788405e2\"},\"headline\":\"Intensivo TJSP &#8211; Quest\u00f5es de Direito Processual Civil\",\"datePublished\":\"2017-04-04T20:18:48+00:00\",\"mainEntityOfPage\":{\"@id\":\"https:\/\/www.estrategiaconcursos.com.br\/blog\/intensivo-tjsp-questoes-de-direito-processual-civil\/\"},\"wordCount\":5215,\"commentCount\":3,\"publisher\":{\"@id\":\"https:\/\/www.estrategiaconcursos.com.br\/blog\/#organization\"},\"image\":{\"@id\":\"https:\/\/www.estrategiaconcursos.com.br\/blog\/intensivo-tjsp-questoes-de-direito-processual-civil\/#primaryimage\"},\"thumbnailUrl\":\"https:\/\/dhg1h5j42swfq.cloudfront.net\/2017\/03\/31171024\/TJ-SP-e1495042714282.png\",\"articleSection\":[\"Concursos P\u00fablicos\"],\"inLanguage\":\"pt-BR\",\"potentialAction\":[{\"@type\":\"CommentAction\",\"name\":\"Comment\",\"target\":[\"https:\/\/www.estrategiaconcursos.com.br\/blog\/intensivo-tjsp-questoes-de-direito-processual-civil\/#respond\"]}],\"copyrightYear\":\"2017\",\"copyrightHolder\":{\"@id\":\"https:\/\/www.estrategiaconcursos.com.br\/blog\/#organization\"}},{\"@type\":\"WebPage\",\"@id\":\"https:\/\/www.estrategiaconcursos.com.br\/blog\/intensivo-tjsp-questoes-de-direito-processual-civil\/\",\"url\":\"https:\/\/www.estrategiaconcursos.com.br\/blog\/intensivo-tjsp-questoes-de-direito-processual-civil\/\",\"name\":\"Intensivo TJSP - Quest\u00f5es de Direito Processual Civil\",\"isPartOf\":{\"@id\":\"https:\/\/www.estrategiaconcursos.com.br\/blog\/#website\"},\"primaryImageOfPage\":{\"@id\":\"https:\/\/www.estrategiaconcursos.com.br\/blog\/intensivo-tjsp-questoes-de-direito-processual-civil\/#primaryimage\"},\"image\":{\"@id\":\"https:\/\/www.estrategiaconcursos.com.br\/blog\/intensivo-tjsp-questoes-de-direito-processual-civil\/#primaryimage\"},\"thumbnailUrl\":\"https:\/\/dhg1h5j42swfq.cloudfront.net\/2017\/03\/31171024\/TJ-SP-e1495042714282.png\",\"datePublished\":\"2017-04-04T20:18:48+00:00\",\"breadcrumb\":{\"@id\":\"https:\/\/www.estrategiaconcursos.com.br\/blog\/intensivo-tjsp-questoes-de-direito-processual-civil\/#breadcrumb\"},\"inLanguage\":\"pt-BR\",\"potentialAction\":[{\"@type\":\"ReadAction\",\"target\":[\"https:\/\/www.estrategiaconcursos.com.br\/blog\/intensivo-tjsp-questoes-de-direito-processual-civil\/\"]}]},{\"@type\":\"ImageObject\",\"inLanguage\":\"pt-BR\",\"@id\":\"https:\/\/www.estrategiaconcursos.com.br\/blog\/intensivo-tjsp-questoes-de-direito-processual-civil\/#primaryimage\",\"url\":\"https:\/\/dhg1h5j42swfq.cloudfront.net\/2017\/03\/31171024\/TJ-SP-e1495042714282.png\",\"contentUrl\":\"https:\/\/dhg1h5j42swfq.cloudfront.net\/2017\/03\/31171024\/TJ-SP-e1495042714282.png\",\"width\":400,\"height\":209,\"caption\":\"concurso tj sp\"},{\"@type\":\"BreadcrumbList\",\"@id\":\"https:\/\/www.estrategiaconcursos.com.br\/blog\/intensivo-tjsp-questoes-de-direito-processual-civil\/#breadcrumb\",\"itemListElement\":[{\"@type\":\"ListItem\",\"position\":1,\"name\":\"In\u00edcio\",\"item\":\"https:\/\/www.estrategiaconcursos.com.br\/blog\/\"},{\"@type\":\"ListItem\",\"position\":2,\"name\":\"Intensivo TJSP &#8211; Quest\u00f5es de Direito Processual Civil\"}]},{\"@type\":\"WebSite\",\"@id\":\"https:\/\/www.estrategiaconcursos.com.br\/blog\/#website\",\"url\":\"https:\/\/www.estrategiaconcursos.com.br\/blog\/\",\"name\":\"Estrat\u00e9gia Concursos\",\"description\":\"O blog da Estrat\u00e9gia Concursos traz not\u00edcias sobre concursos e artigos de professores oferecendo cursos para concursos (pdf + videaulas) no site.\",\"publisher\":{\"@id\":\"https:\/\/www.estrategiaconcursos.com.br\/blog\/#organization\"},\"potentialAction\":[{\"@type\":\"SearchAction\",\"target\":{\"@type\":\"EntryPoint\",\"urlTemplate\":\"https:\/\/www.estrategiaconcursos.com.br\/blog\/?s={search_term_string}\"},\"query-input\":{\"@type\":\"PropertyValueSpecification\",\"valueRequired\":true,\"valueName\":\"search_term_string\"}}],\"inLanguage\":\"pt-BR\"},{\"@type\":\"Organization\",\"@id\":\"https:\/\/www.estrategiaconcursos.com.br\/blog\/#organization\",\"name\":\"Estrat\u00e9gia Concursos\",\"url\":\"https:\/\/www.estrategiaconcursos.com.br\/blog\/\",\"logo\":{\"@type\":\"ImageObject\",\"inLanguage\":\"pt-BR\",\"@id\":\"https:\/\/www.estrategiaconcursos.com.br\/blog\/#\/schema\/logo\/image\/\",\"url\":\"https:\/\/dhg1h5j42swfq.cloudfront.net\/2025\/06\/03203428\/logo_concursos-1.jpg\",\"contentUrl\":\"https:\/\/dhg1h5j42swfq.cloudfront.net\/2025\/06\/03203428\/logo_concursos-1.jpg\",\"width\":230,\"height\":60,\"caption\":\"Estrat\u00e9gia Concursos\"},\"image\":{\"@id\":\"https:\/\/www.estrategiaconcursos.com.br\/blog\/#\/schema\/logo\/image\/\"},\"sameAs\":[\"https:\/\/x.com\/EstratConcursos\"]},{\"@type\":\"Person\",\"@id\":\"https:\/\/www.estrategiaconcursos.com.br\/blog\/#\/schema\/person\/aa39cf5ddb518e5bdce27c35788405e2\",\"name\":\"Ricardo Torques\",\"image\":{\"@type\":\"ImageObject\",\"inLanguage\":\"pt-BR\",\"@id\":\"https:\/\/secure.gravatar.com\/avatar\/ce9ac6c3cff25fe86d15ed568ebc64d1724baf5c0693133bcb1f6073f712f92a?s=96&d=mm&r=g\",\"url\":\"https:\/\/secure.gravatar.com\/avatar\/ce9ac6c3cff25fe86d15ed568ebc64d1724baf5c0693133bcb1f6073f712f92a?s=96&d=mm&r=g\",\"contentUrl\":\"https:\/\/secure.gravatar.com\/avatar\/ce9ac6c3cff25fe86d15ed568ebc64d1724baf5c0693133bcb1f6073f712f92a?s=96&d=mm&r=g\",\"caption\":\"Ricardo Torques\"},\"sameAs\":[\"https:\/\/www.facebook.com\/ricardo.s.torques\"],\"url\":\"https:\/\/www.estrategiaconcursos.com.br\/blog\/author\/ricardotorquesestrategiaconcursos-com-br\/\"}]}<\/script>\n<!-- \/ Yoast SEO Premium plugin. -->","yoast_head_json":{"title":"Intensivo TJSP - Quest\u00f5es de Direito Processual Civil","robots":{"index":"index","follow":"follow","max-snippet":"max-snippet:-1","max-image-preview":"max-image-preview:large","max-video-preview":"max-video-preview:-1"},"canonical":"https:\/\/www.estrategiaconcursos.com.br\/blog\/intensivo-tjsp-questoes-de-direito-processual-civil\/","og_locale":"pt_BR","og_type":"article","og_title":"Intensivo TJSP - Quest\u00f5es de Direito Processual Civil","og_description":"Intensivo TJSP &#8211; Quest&otilde;es de Direito Processual Civil Ol&aacute; pessoal, tudo bem? Logo mais, &agrave;s 17 horas estaremos ao vivo para nossa aula de Direito Processual Civil no Estrat&eacute;gia Concursos. Lembre-se de curtir nossa p&aacute;gina do Facebook, focada em Direito Processual Civil: https:\/\/www.facebook.com\/dpcparaconcursos\/ Voc&ecirc; poder&aacute; assistir a aula ao vivo, neste link: Importante lembrar que [&hellip;]","og_url":"https:\/\/www.estrategiaconcursos.com.br\/blog\/intensivo-tjsp-questoes-de-direito-processual-civil\/","og_site_name":"Estrat\u00e9gia Concursos","article_author":"https:\/\/www.facebook.com\/ricardo.s.torques","article_published_time":"2017-04-04T20:18:48+00:00","og_image":[{"width":400,"height":209,"url":"https:\/\/dhg1h5j42swfq.cloudfront.net\/2017\/03\/31171024\/TJ-SP-e1495042714282.png","type":"image\/png"}],"author":"Ricardo Torques","twitter_card":"summary_large_image","twitter_creator":"@EstratConcursos","twitter_site":"@EstratConcursos","twitter_misc":{"Escrito por":"Ricardo Torques","Est. tempo de leitura":"26 minutos"},"schema":{"@context":"https:\/\/schema.org","@graph":[{"@type":"NewsArticle","@id":"https:\/\/www.estrategiaconcursos.com.br\/blog\/intensivo-tjsp-questoes-de-direito-processual-civil\/#article","isPartOf":{"@id":"https:\/\/www.estrategiaconcursos.com.br\/blog\/intensivo-tjsp-questoes-de-direito-processual-civil\/"},"author":{"name":"Ricardo Torques","@id":"https:\/\/www.estrategiaconcursos.com.br\/blog\/#\/schema\/person\/aa39cf5ddb518e5bdce27c35788405e2"},"headline":"Intensivo TJSP &#8211; Quest\u00f5es de Direito Processual Civil","datePublished":"2017-04-04T20:18:48+00:00","mainEntityOfPage":{"@id":"https:\/\/www.estrategiaconcursos.com.br\/blog\/intensivo-tjsp-questoes-de-direito-processual-civil\/"},"wordCount":5215,"commentCount":3,"publisher":{"@id":"https:\/\/www.estrategiaconcursos.com.br\/blog\/#organization"},"image":{"@id":"https:\/\/www.estrategiaconcursos.com.br\/blog\/intensivo-tjsp-questoes-de-direito-processual-civil\/#primaryimage"},"thumbnailUrl":"https:\/\/dhg1h5j42swfq.cloudfront.net\/2017\/03\/31171024\/TJ-SP-e1495042714282.png","articleSection":["Concursos P\u00fablicos"],"inLanguage":"pt-BR","potentialAction":[{"@type":"CommentAction","name":"Comment","target":["https:\/\/www.estrategiaconcursos.com.br\/blog\/intensivo-tjsp-questoes-de-direito-processual-civil\/#respond"]}],"copyrightYear":"2017","copyrightHolder":{"@id":"https:\/\/www.estrategiaconcursos.com.br\/blog\/#organization"}},{"@type":"WebPage","@id":"https:\/\/www.estrategiaconcursos.com.br\/blog\/intensivo-tjsp-questoes-de-direito-processual-civil\/","url":"https:\/\/www.estrategiaconcursos.com.br\/blog\/intensivo-tjsp-questoes-de-direito-processual-civil\/","name":"Intensivo TJSP - Quest\u00f5es de Direito Processual Civil","isPartOf":{"@id":"https:\/\/www.estrategiaconcursos.com.br\/blog\/#website"},"primaryImageOfPage":{"@id":"https:\/\/www.estrategiaconcursos.com.br\/blog\/intensivo-tjsp-questoes-de-direito-processual-civil\/#primaryimage"},"image":{"@id":"https:\/\/www.estrategiaconcursos.com.br\/blog\/intensivo-tjsp-questoes-de-direito-processual-civil\/#primaryimage"},"thumbnailUrl":"https:\/\/dhg1h5j42swfq.cloudfront.net\/2017\/03\/31171024\/TJ-SP-e1495042714282.png","datePublished":"2017-04-04T20:18:48+00:00","breadcrumb":{"@id":"https:\/\/www.estrategiaconcursos.com.br\/blog\/intensivo-tjsp-questoes-de-direito-processual-civil\/#breadcrumb"},"inLanguage":"pt-BR","potentialAction":[{"@type":"ReadAction","target":["https:\/\/www.estrategiaconcursos.com.br\/blog\/intensivo-tjsp-questoes-de-direito-processual-civil\/"]}]},{"@type":"ImageObject","inLanguage":"pt-BR","@id":"https:\/\/www.estrategiaconcursos.com.br\/blog\/intensivo-tjsp-questoes-de-direito-processual-civil\/#primaryimage","url":"https:\/\/dhg1h5j42swfq.cloudfront.net\/2017\/03\/31171024\/TJ-SP-e1495042714282.png","contentUrl":"https:\/\/dhg1h5j42swfq.cloudfront.net\/2017\/03\/31171024\/TJ-SP-e1495042714282.png","width":400,"height":209,"caption":"concurso tj sp"},{"@type":"BreadcrumbList","@id":"https:\/\/www.estrategiaconcursos.com.br\/blog\/intensivo-tjsp-questoes-de-direito-processual-civil\/#breadcrumb","itemListElement":[{"@type":"ListItem","position":1,"name":"In\u00edcio","item":"https:\/\/www.estrategiaconcursos.com.br\/blog\/"},{"@type":"ListItem","position":2,"name":"Intensivo TJSP &#8211; Quest\u00f5es de Direito Processual Civil"}]},{"@type":"WebSite","@id":"https:\/\/www.estrategiaconcursos.com.br\/blog\/#website","url":"https:\/\/www.estrategiaconcursos.com.br\/blog\/","name":"Estrat\u00e9gia Concursos","description":"O blog da Estrat\u00e9gia Concursos traz not\u00edcias sobre concursos e artigos de professores oferecendo cursos para concursos (pdf + videaulas) no site.","publisher":{"@id":"https:\/\/www.estrategiaconcursos.com.br\/blog\/#organization"},"potentialAction":[{"@type":"SearchAction","target":{"@type":"EntryPoint","urlTemplate":"https:\/\/www.estrategiaconcursos.com.br\/blog\/?s={search_term_string}"},"query-input":{"@type":"PropertyValueSpecification","valueRequired":true,"valueName":"search_term_string"}}],"inLanguage":"pt-BR"},{"@type":"Organization","@id":"https:\/\/www.estrategiaconcursos.com.br\/blog\/#organization","name":"Estrat\u00e9gia Concursos","url":"https:\/\/www.estrategiaconcursos.com.br\/blog\/","logo":{"@type":"ImageObject","inLanguage":"pt-BR","@id":"https:\/\/www.estrategiaconcursos.com.br\/blog\/#\/schema\/logo\/image\/","url":"https:\/\/dhg1h5j42swfq.cloudfront.net\/2025\/06\/03203428\/logo_concursos-1.jpg","contentUrl":"https:\/\/dhg1h5j42swfq.cloudfront.net\/2025\/06\/03203428\/logo_concursos-1.jpg","width":230,"height":60,"caption":"Estrat\u00e9gia Concursos"},"image":{"@id":"https:\/\/www.estrategiaconcursos.com.br\/blog\/#\/schema\/logo\/image\/"},"sameAs":["https:\/\/x.com\/EstratConcursos"]},{"@type":"Person","@id":"https:\/\/www.estrategiaconcursos.com.br\/blog\/#\/schema\/person\/aa39cf5ddb518e5bdce27c35788405e2","name":"Ricardo Torques","image":{"@type":"ImageObject","inLanguage":"pt-BR","@id":"https:\/\/secure.gravatar.com\/avatar\/ce9ac6c3cff25fe86d15ed568ebc64d1724baf5c0693133bcb1f6073f712f92a?s=96&d=mm&r=g","url":"https:\/\/secure.gravatar.com\/avatar\/ce9ac6c3cff25fe86d15ed568ebc64d1724baf5c0693133bcb1f6073f712f92a?s=96&d=mm&r=g","contentUrl":"https:\/\/secure.gravatar.com\/avatar\/ce9ac6c3cff25fe86d15ed568ebc64d1724baf5c0693133bcb1f6073f712f92a?s=96&d=mm&r=g","caption":"Ricardo Torques"},"sameAs":["https:\/\/www.facebook.com\/ricardo.s.torques"],"url":"https:\/\/www.estrategiaconcursos.com.br\/blog\/author\/ricardotorquesestrategiaconcursos-com-br\/"}]}},"_links":{"self":[{"href":"https:\/\/www.estrategiaconcursos.com.br\/blog\/wp-json\/wp\/v2\/posts\/69633","targetHints":{"allow":["GET"]}}],"collection":[{"href":"https:\/\/www.estrategiaconcursos.com.br\/blog\/wp-json\/wp\/v2\/posts"}],"about":[{"href":"https:\/\/www.estrategiaconcursos.com.br\/blog\/wp-json\/wp\/v2\/types\/post"}],"author":[{"embeddable":true,"href":"https:\/\/www.estrategiaconcursos.com.br\/blog\/wp-json\/wp\/v2\/users\/180"}],"replies":[{"embeddable":true,"href":"https:\/\/www.estrategiaconcursos.com.br\/blog\/wp-json\/wp\/v2\/comments?post=69633"}],"version-history":[{"count":3,"href":"https:\/\/www.estrategiaconcursos.com.br\/blog\/wp-json\/wp\/v2\/posts\/69633\/revisions"}],"predecessor-version":[{"id":69639,"href":"https:\/\/www.estrategiaconcursos.com.br\/blog\/wp-json\/wp\/v2\/posts\/69633\/revisions\/69639"}],"wp:featuredmedia":[{"embeddable":true,"href":"https:\/\/www.estrategiaconcursos.com.br\/blog\/wp-json\/wp\/v2\/media\/69100"}],"wp:attachment":[{"href":"https:\/\/www.estrategiaconcursos.com.br\/blog\/wp-json\/wp\/v2\/media?parent=69633"}],"wp:term":[{"taxonomy":"category","embeddable":true,"href":"https:\/\/www.estrategiaconcursos.com.br\/blog\/wp-json\/wp\/v2\/categories?post=69633"},{"taxonomy":"post_tag","embeddable":true,"href":"https:\/\/www.estrategiaconcursos.com.br\/blog\/wp-json\/wp\/v2\/tags?post=69633"},{"taxonomy":"tax_estado","embeddable":true,"href":"https:\/\/www.estrategiaconcursos.com.br\/blog\/wp-json\/wp\/v2\/tax_estado?post=69633"}],"curies":[{"name":"wp","href":"https:\/\/api.w.org\/{rel}","templated":true}]}}