{"id":69479,"date":"2017-04-05T10:05:06","date_gmt":"2017-04-05T13:05:06","guid":{"rendered":"https:\/\/www.estrategiaconcursos.com.br\/blog\/?p=69479"},"modified":"2017-04-04T13:04:46","modified_gmt":"2017-04-04T16:04:46","slug":"capciosas-de-administracao-questao-comentada-4","status":"publish","type":"post","link":"https:\/\/www.estrategiaconcursos.com.br\/blog\/capciosas-de-administracao-questao-comentada-4\/","title":{"rendered":"\u201cCapciosas de Administra\u00e7\u00e3o\u201d \u2013 Quest\u00e3o comentada 4"},"content":{"rendered":"<p style=\"text-align: justify\">\n\t<strong>Quest&atilde;o 04 (CESPE &#8211; Analista do Minist&eacute;rio P&uacute;blico da Uni&atilde;o\/Sa&uacute;de\/Psicologia\/2010)<\/strong>\n<\/p>\n<p style=\"text-align: justify\">\n\t<strong><em>A respeito de clima e cultura organizacional, julgue o item subsequente.<\/em><\/strong>\n<\/p>\n<p style=\"text-align: justify\">\n\t<strong><em>A concep&ccedil;&atilde;o metaf&oacute;rica de clima organizacional favorece a mensura&ccedil;&atilde;o mais precisa de seus componentes.<\/em><\/strong>\n<\/p>\n<p style=\"text-align: justify\">\n\t<strong><span style=\"color:#FF0000\">Coment&aacute;rio:<\/span><\/strong>\n<\/p>\n<p style=\"text-align: justify\">\n\tVamos por partes!\n<\/p>\n<p style=\"text-align: justify\">\n\t<em>Concep&ccedil;&atilde;o metaf&oacute;rica?!<\/em>\n<\/p>\n<p style=\"text-align: justify\">\n\tBem, a met&aacute;fora &eacute; uma figura de linguagem&nbsp;onde se usa uma palavra ou uma express&atilde;o em um sentido que n&atilde;o &eacute; muito comum. Assim, quando digo que voc&ecirc;, estudante da disciplina de Administra&ccedil;&atilde;o, tem uma mente fotogr&aacute;fica, quero dizer que voc&ecirc; tem a capacidade de memorizar e entender uma imensid&atilde;o de temas e assuntos.\n<\/p>\n<p style=\"text-align: justify\">\n\tPortanto, a concep&ccedil;&atilde;o de clima organizacional &eacute; conceito metaf&oacute;rico que deriva da meteorologia. Assim, o clima, em sentido meteorol&oacute;gico, faz refer&ecirc;ncia &agrave;s condi&ccedil;&otilde;es do tempo num determinado lugar, durante um per&iacute;odo de tempo.\n<\/p>\n<p style=\"text-align: justify\">\n\tLogo, a express&atilde;o &ldquo;<em>clima<\/em>&rdquo;, em sentido metaf&oacute;rico, designa &ldquo;<em>atmosfera<\/em>&rdquo;, que se modifica e est&aacute; associada a v&aacute;rios movimentos.\n<\/p>\n<p style=\"text-align: justify\">\n\tN&atilde;o sei se a&iacute; na sua regi&atilde;o o &quot;homem do tempo&quot; &eacute; preciso, mas aqui na minha, ele, definitivamente, n&atilde;o &eacute;! Ele quase sempre erra a previs&atilde;o do tempo!\n<\/p>\n<p style=\"text-align: justify\">\n\tPortanto, essa concep&ccedil;&atilde;o metaf&oacute;rica de clima organizacional significa entender o clima organizacional n&atilde;o como algo preciso, exato, mas algo que pode mudar a qualquer instante, a depender dos &ldquo;<strong><em>ventos<\/em><\/strong>&rdquo; que sopram na organiza&ccedil;&atilde;o!\n<\/p>\n<p style=\"text-align: justify\">\n\t<em>Bah, professor, voc&ecirc; &eacute; fil&oacute;sofo?<\/em> Serei, se for preciso para fazer voc&ecirc; gabaritar todas as quest&otilde;es sobre clima organizacional!\n<\/p>\n<p style=\"text-align: justify\">\n\t<strong>GABARITO: ERRADO.<\/strong><\/p>\n","protected":false},"excerpt":{"rendered":"<p>Quest&atilde;o 04 (CESPE &#8211; Analista do Minist&eacute;rio P&uacute;blico da Uni&atilde;o\/Sa&uacute;de\/Psicologia\/2010) A respeito de clima e cultura organizacional, julgue o item subsequente. A concep&ccedil;&atilde;o metaf&oacute;rica de clima organizacional favorece a mensura&ccedil;&atilde;o mais precisa de seus componentes. Coment&aacute;rio: Vamos por partes! Concep&ccedil;&atilde;o metaf&oacute;rica?! Bem, a met&aacute;fora &eacute; uma figura de linguagem&nbsp;onde se usa uma palavra ou uma [&hellip;]<\/p>\n","protected":false},"author":143,"featured_media":0,"comment_status":"open","ping_status":"open","sticky":false,"template":"","format":"standard","meta":{"post_tipo":"article","footnotes":""},"categories":[1984],"tags":[],"tax_estado":[],"class_list":["post-69479","post","type-post","status-publish","format-standard","hentry","category-tribunais"],"acf":[],"yoast_head":"<!-- This site is optimized with the Yoast SEO Premium plugin v27.2 (Yoast SEO v27.2) - https:\/\/yoast.com\/product\/yoast-seo-premium-wordpress\/ -->\n<title>\u201cCapciosas de Administra\u00e7\u00e3o\u201d \u2013 Quest\u00e3o comentada 4<\/title>\n<meta name=\"robots\" content=\"index, follow, max-snippet:-1, max-image-preview:large, max-video-preview:-1\" \/>\n<link rel=\"canonical\" href=\"https:\/\/www.estrategiaconcursos.com.br\/blog\/capciosas-de-administracao-questao-comentada-4\/\" \/>\n<meta property=\"og:locale\" content=\"pt_BR\" \/>\n<meta property=\"og:type\" content=\"article\" \/>\n<meta property=\"og:title\" content=\"\u201cCapciosas de Administra\u00e7\u00e3o\u201d \u2013 Quest\u00e3o comentada 4\" \/>\n<meta property=\"og:description\" content=\"Quest&atilde;o 04 (CESPE &#8211; Analista do Minist&eacute;rio P&uacute;blico da Uni&atilde;o\/Sa&uacute;de\/Psicologia\/2010) A respeito de clima e cultura organizacional, julgue o item subsequente. A concep&ccedil;&atilde;o metaf&oacute;rica de clima organizacional favorece a mensura&ccedil;&atilde;o mais precisa de seus componentes. Coment&aacute;rio: Vamos por partes! Concep&ccedil;&atilde;o metaf&oacute;rica?! Bem, a met&aacute;fora &eacute; uma figura de linguagem&nbsp;onde se usa uma palavra ou uma [&hellip;]\" \/>\n<meta property=\"og:url\" content=\"https:\/\/www.estrategiaconcursos.com.br\/blog\/capciosas-de-administracao-questao-comentada-4\/\" \/>\n<meta property=\"og:site_name\" content=\"Estrat\u00e9gia Concursos\" \/>\n<meta property=\"article:published_time\" content=\"2017-04-05T13:05:06+00:00\" \/>\n<meta name=\"author\" content=\"Adriel S\u00e1\" \/>\n<meta name=\"twitter:card\" content=\"summary_large_image\" \/>\n<meta name=\"twitter:creator\" content=\"@EstratConcursos\" \/>\n<meta name=\"twitter:site\" content=\"@EstratConcursos\" \/>\n<meta name=\"twitter:label1\" content=\"Escrito por\" \/>\n\t<meta name=\"twitter:data1\" content=\"Adriel S\u00e1\" \/>\n\t<meta name=\"twitter:label2\" content=\"Est. tempo de leitura\" \/>\n\t<meta name=\"twitter:data2\" content=\"2 minutos\" \/>\n<script type=\"application\/ld+json\" class=\"yoast-schema-graph\">{\"@context\":\"https:\/\/schema.org\",\"@graph\":[{\"@type\":\"NewsArticle\",\"@id\":\"https:\/\/www.estrategiaconcursos.com.br\/blog\/capciosas-de-administracao-questao-comentada-4\/#article\",\"isPartOf\":{\"@id\":\"https:\/\/www.estrategiaconcursos.com.br\/blog\/capciosas-de-administracao-questao-comentada-4\/\"},\"author\":{\"name\":\"Adriel S\u00e1\",\"@id\":\"https:\/\/www.estrategiaconcursos.com.br\/blog\/#\/schema\/person\/e16645c6841f5460802e96740e916bfd\"},\"headline\":\"\u201cCapciosas de Administra\u00e7\u00e3o\u201d \u2013 Quest\u00e3o comentada 4\",\"datePublished\":\"2017-04-05T13:05:06+00:00\",\"mainEntityOfPage\":{\"@id\":\"https:\/\/www.estrategiaconcursos.com.br\/blog\/capciosas-de-administracao-questao-comentada-4\/\"},\"wordCount\":334,\"commentCount\":3,\"publisher\":{\"@id\":\"https:\/\/www.estrategiaconcursos.com.br\/blog\/#organization\"},\"articleSection\":[\"Tribunais\"],\"inLanguage\":\"pt-BR\",\"potentialAction\":[{\"@type\":\"CommentAction\",\"name\":\"Comment\",\"target\":[\"https:\/\/www.estrategiaconcursos.com.br\/blog\/capciosas-de-administracao-questao-comentada-4\/#respond\"]}],\"copyrightYear\":\"2017\",\"copyrightHolder\":{\"@id\":\"https:\/\/www.estrategiaconcursos.com.br\/blog\/#organization\"}},{\"@type\":\"WebPage\",\"@id\":\"https:\/\/www.estrategiaconcursos.com.br\/blog\/capciosas-de-administracao-questao-comentada-4\/\",\"url\":\"https:\/\/www.estrategiaconcursos.com.br\/blog\/capciosas-de-administracao-questao-comentada-4\/\",\"name\":\"\u201cCapciosas de Administra\u00e7\u00e3o\u201d \u2013 Quest\u00e3o comentada 4\",\"isPartOf\":{\"@id\":\"https:\/\/www.estrategiaconcursos.com.br\/blog\/#website\"},\"datePublished\":\"2017-04-05T13:05:06+00:00\",\"breadcrumb\":{\"@id\":\"https:\/\/www.estrategiaconcursos.com.br\/blog\/capciosas-de-administracao-questao-comentada-4\/#breadcrumb\"},\"inLanguage\":\"pt-BR\",\"potentialAction\":[{\"@type\":\"ReadAction\",\"target\":[\"https:\/\/www.estrategiaconcursos.com.br\/blog\/capciosas-de-administracao-questao-comentada-4\/\"]}]},{\"@type\":\"BreadcrumbList\",\"@id\":\"https:\/\/www.estrategiaconcursos.com.br\/blog\/capciosas-de-administracao-questao-comentada-4\/#breadcrumb\",\"itemListElement\":[{\"@type\":\"ListItem\",\"position\":1,\"name\":\"In\u00edcio\",\"item\":\"https:\/\/www.estrategiaconcursos.com.br\/blog\/\"},{\"@type\":\"ListItem\",\"position\":2,\"name\":\"\u201cCapciosas de Administra\u00e7\u00e3o\u201d \u2013 Quest\u00e3o comentada 4\"}]},{\"@type\":\"WebSite\",\"@id\":\"https:\/\/www.estrategiaconcursos.com.br\/blog\/#website\",\"url\":\"https:\/\/www.estrategiaconcursos.com.br\/blog\/\",\"name\":\"Estrat\u00e9gia Concursos\",\"description\":\"O blog da Estrat\u00e9gia Concursos traz not\u00edcias sobre concursos e artigos de professores oferecendo cursos para concursos (pdf + videaulas) no site.\",\"publisher\":{\"@id\":\"https:\/\/www.estrategiaconcursos.com.br\/blog\/#organization\"},\"potentialAction\":[{\"@type\":\"SearchAction\",\"target\":{\"@type\":\"EntryPoint\",\"urlTemplate\":\"https:\/\/www.estrategiaconcursos.com.br\/blog\/?s={search_term_string}\"},\"query-input\":{\"@type\":\"PropertyValueSpecification\",\"valueRequired\":true,\"valueName\":\"search_term_string\"}}],\"inLanguage\":\"pt-BR\"},{\"@type\":\"Organization\",\"@id\":\"https:\/\/www.estrategiaconcursos.com.br\/blog\/#organization\",\"name\":\"Estrat\u00e9gia Concursos\",\"url\":\"https:\/\/www.estrategiaconcursos.com.br\/blog\/\",\"logo\":{\"@type\":\"ImageObject\",\"inLanguage\":\"pt-BR\",\"@id\":\"https:\/\/www.estrategiaconcursos.com.br\/blog\/#\/schema\/logo\/image\/\",\"url\":\"https:\/\/dhg1h5j42swfq.cloudfront.net\/2025\/06\/03203428\/logo_concursos-1.jpg\",\"contentUrl\":\"https:\/\/dhg1h5j42swfq.cloudfront.net\/2025\/06\/03203428\/logo_concursos-1.jpg\",\"width\":230,\"height\":60,\"caption\":\"Estrat\u00e9gia Concursos\"},\"image\":{\"@id\":\"https:\/\/www.estrategiaconcursos.com.br\/blog\/#\/schema\/logo\/image\/\"},\"sameAs\":[\"https:\/\/x.com\/EstratConcursos\"]},{\"@type\":\"Person\",\"@id\":\"https:\/\/www.estrategiaconcursos.com.br\/blog\/#\/schema\/person\/e16645c6841f5460802e96740e916bfd\",\"name\":\"Adriel S\u00e1\",\"image\":{\"@type\":\"ImageObject\",\"inLanguage\":\"pt-BR\",\"@id\":\"https:\/\/secure.gravatar.com\/avatar\/b75b794f68c663798240f3079128b7dd1d78a4c65fd81be07ff43947061768c8?s=96&d=mm&r=g\",\"url\":\"https:\/\/secure.gravatar.com\/avatar\/b75b794f68c663798240f3079128b7dd1d78a4c65fd81be07ff43947061768c8?s=96&d=mm&r=g\",\"contentUrl\":\"https:\/\/secure.gravatar.com\/avatar\/b75b794f68c663798240f3079128b7dd1d78a4c65fd81be07ff43947061768c8?s=96&d=mm&r=g\",\"caption\":\"Adriel S\u00e1\"},\"url\":\"https:\/\/www.estrategiaconcursos.com.br\/blog\/author\/adrieldesaestrategiaconcursos-com-br\/\"}]}<\/script>\n<!-- \/ Yoast SEO Premium plugin. -->","yoast_head_json":{"title":"\u201cCapciosas de Administra\u00e7\u00e3o\u201d \u2013 Quest\u00e3o comentada 4","robots":{"index":"index","follow":"follow","max-snippet":"max-snippet:-1","max-image-preview":"max-image-preview:large","max-video-preview":"max-video-preview:-1"},"canonical":"https:\/\/www.estrategiaconcursos.com.br\/blog\/capciosas-de-administracao-questao-comentada-4\/","og_locale":"pt_BR","og_type":"article","og_title":"\u201cCapciosas de Administra\u00e7\u00e3o\u201d \u2013 Quest\u00e3o comentada 4","og_description":"Quest&atilde;o 04 (CESPE &#8211; Analista do Minist&eacute;rio P&uacute;blico da Uni&atilde;o\/Sa&uacute;de\/Psicologia\/2010) A respeito de clima e cultura organizacional, julgue o item subsequente. A concep&ccedil;&atilde;o metaf&oacute;rica de clima organizacional favorece a mensura&ccedil;&atilde;o mais precisa de seus componentes. Coment&aacute;rio: Vamos por partes! Concep&ccedil;&atilde;o metaf&oacute;rica?! Bem, a met&aacute;fora &eacute; uma figura de linguagem&nbsp;onde se usa uma palavra ou uma [&hellip;]","og_url":"https:\/\/www.estrategiaconcursos.com.br\/blog\/capciosas-de-administracao-questao-comentada-4\/","og_site_name":"Estrat\u00e9gia Concursos","article_published_time":"2017-04-05T13:05:06+00:00","author":"Adriel S\u00e1","twitter_card":"summary_large_image","twitter_creator":"@EstratConcursos","twitter_site":"@EstratConcursos","twitter_misc":{"Escrito por":"Adriel S\u00e1","Est. tempo de leitura":"2 minutos"},"schema":{"@context":"https:\/\/schema.org","@graph":[{"@type":"NewsArticle","@id":"https:\/\/www.estrategiaconcursos.com.br\/blog\/capciosas-de-administracao-questao-comentada-4\/#article","isPartOf":{"@id":"https:\/\/www.estrategiaconcursos.com.br\/blog\/capciosas-de-administracao-questao-comentada-4\/"},"author":{"name":"Adriel S\u00e1","@id":"https:\/\/www.estrategiaconcursos.com.br\/blog\/#\/schema\/person\/e16645c6841f5460802e96740e916bfd"},"headline":"\u201cCapciosas de Administra\u00e7\u00e3o\u201d \u2013 Quest\u00e3o comentada 4","datePublished":"2017-04-05T13:05:06+00:00","mainEntityOfPage":{"@id":"https:\/\/www.estrategiaconcursos.com.br\/blog\/capciosas-de-administracao-questao-comentada-4\/"},"wordCount":334,"commentCount":3,"publisher":{"@id":"https:\/\/www.estrategiaconcursos.com.br\/blog\/#organization"},"articleSection":["Tribunais"],"inLanguage":"pt-BR","potentialAction":[{"@type":"CommentAction","name":"Comment","target":["https:\/\/www.estrategiaconcursos.com.br\/blog\/capciosas-de-administracao-questao-comentada-4\/#respond"]}],"copyrightYear":"2017","copyrightHolder":{"@id":"https:\/\/www.estrategiaconcursos.com.br\/blog\/#organization"}},{"@type":"WebPage","@id":"https:\/\/www.estrategiaconcursos.com.br\/blog\/capciosas-de-administracao-questao-comentada-4\/","url":"https:\/\/www.estrategiaconcursos.com.br\/blog\/capciosas-de-administracao-questao-comentada-4\/","name":"\u201cCapciosas de Administra\u00e7\u00e3o\u201d \u2013 Quest\u00e3o comentada 4","isPartOf":{"@id":"https:\/\/www.estrategiaconcursos.com.br\/blog\/#website"},"datePublished":"2017-04-05T13:05:06+00:00","breadcrumb":{"@id":"https:\/\/www.estrategiaconcursos.com.br\/blog\/capciosas-de-administracao-questao-comentada-4\/#breadcrumb"},"inLanguage":"pt-BR","potentialAction":[{"@type":"ReadAction","target":["https:\/\/www.estrategiaconcursos.com.br\/blog\/capciosas-de-administracao-questao-comentada-4\/"]}]},{"@type":"BreadcrumbList","@id":"https:\/\/www.estrategiaconcursos.com.br\/blog\/capciosas-de-administracao-questao-comentada-4\/#breadcrumb","itemListElement":[{"@type":"ListItem","position":1,"name":"In\u00edcio","item":"https:\/\/www.estrategiaconcursos.com.br\/blog\/"},{"@type":"ListItem","position":2,"name":"\u201cCapciosas de Administra\u00e7\u00e3o\u201d \u2013 Quest\u00e3o comentada 4"}]},{"@type":"WebSite","@id":"https:\/\/www.estrategiaconcursos.com.br\/blog\/#website","url":"https:\/\/www.estrategiaconcursos.com.br\/blog\/","name":"Estrat\u00e9gia Concursos","description":"O blog da Estrat\u00e9gia Concursos traz not\u00edcias sobre concursos e artigos de professores oferecendo cursos para concursos (pdf + videaulas) no site.","publisher":{"@id":"https:\/\/www.estrategiaconcursos.com.br\/blog\/#organization"},"potentialAction":[{"@type":"SearchAction","target":{"@type":"EntryPoint","urlTemplate":"https:\/\/www.estrategiaconcursos.com.br\/blog\/?s={search_term_string}"},"query-input":{"@type":"PropertyValueSpecification","valueRequired":true,"valueName":"search_term_string"}}],"inLanguage":"pt-BR"},{"@type":"Organization","@id":"https:\/\/www.estrategiaconcursos.com.br\/blog\/#organization","name":"Estrat\u00e9gia Concursos","url":"https:\/\/www.estrategiaconcursos.com.br\/blog\/","logo":{"@type":"ImageObject","inLanguage":"pt-BR","@id":"https:\/\/www.estrategiaconcursos.com.br\/blog\/#\/schema\/logo\/image\/","url":"https:\/\/dhg1h5j42swfq.cloudfront.net\/2025\/06\/03203428\/logo_concursos-1.jpg","contentUrl":"https:\/\/dhg1h5j42swfq.cloudfront.net\/2025\/06\/03203428\/logo_concursos-1.jpg","width":230,"height":60,"caption":"Estrat\u00e9gia Concursos"},"image":{"@id":"https:\/\/www.estrategiaconcursos.com.br\/blog\/#\/schema\/logo\/image\/"},"sameAs":["https:\/\/x.com\/EstratConcursos"]},{"@type":"Person","@id":"https:\/\/www.estrategiaconcursos.com.br\/blog\/#\/schema\/person\/e16645c6841f5460802e96740e916bfd","name":"Adriel S\u00e1","image":{"@type":"ImageObject","inLanguage":"pt-BR","@id":"https:\/\/secure.gravatar.com\/avatar\/b75b794f68c663798240f3079128b7dd1d78a4c65fd81be07ff43947061768c8?s=96&d=mm&r=g","url":"https:\/\/secure.gravatar.com\/avatar\/b75b794f68c663798240f3079128b7dd1d78a4c65fd81be07ff43947061768c8?s=96&d=mm&r=g","contentUrl":"https:\/\/secure.gravatar.com\/avatar\/b75b794f68c663798240f3079128b7dd1d78a4c65fd81be07ff43947061768c8?s=96&d=mm&r=g","caption":"Adriel S\u00e1"},"url":"https:\/\/www.estrategiaconcursos.com.br\/blog\/author\/adrieldesaestrategiaconcursos-com-br\/"}]}},"_links":{"self":[{"href":"https:\/\/www.estrategiaconcursos.com.br\/blog\/wp-json\/wp\/v2\/posts\/69479","targetHints":{"allow":["GET"]}}],"collection":[{"href":"https:\/\/www.estrategiaconcursos.com.br\/blog\/wp-json\/wp\/v2\/posts"}],"about":[{"href":"https:\/\/www.estrategiaconcursos.com.br\/blog\/wp-json\/wp\/v2\/types\/post"}],"author":[{"embeddable":true,"href":"https:\/\/www.estrategiaconcursos.com.br\/blog\/wp-json\/wp\/v2\/users\/143"}],"replies":[{"embeddable":true,"href":"https:\/\/www.estrategiaconcursos.com.br\/blog\/wp-json\/wp\/v2\/comments?post=69479"}],"version-history":[{"count":1,"href":"https:\/\/www.estrategiaconcursos.com.br\/blog\/wp-json\/wp\/v2\/posts\/69479\/revisions"}],"predecessor-version":[{"id":69481,"href":"https:\/\/www.estrategiaconcursos.com.br\/blog\/wp-json\/wp\/v2\/posts\/69479\/revisions\/69481"}],"wp:attachment":[{"href":"https:\/\/www.estrategiaconcursos.com.br\/blog\/wp-json\/wp\/v2\/media?parent=69479"}],"wp:term":[{"taxonomy":"category","embeddable":true,"href":"https:\/\/www.estrategiaconcursos.com.br\/blog\/wp-json\/wp\/v2\/categories?post=69479"},{"taxonomy":"post_tag","embeddable":true,"href":"https:\/\/www.estrategiaconcursos.com.br\/blog\/wp-json\/wp\/v2\/tags?post=69479"},{"taxonomy":"tax_estado","embeddable":true,"href":"https:\/\/www.estrategiaconcursos.com.br\/blog\/wp-json\/wp\/v2\/tax_estado?post=69479"}],"curies":[{"name":"wp","href":"https:\/\/api.w.org\/{rel}","templated":true}]}}