{"id":69473,"date":"2017-04-18T16:00:49","date_gmt":"2017-04-18T19:00:49","guid":{"rendered":"https:\/\/www.estrategiaconcursos.com.br\/blog\/?p=69473"},"modified":"2023-01-19T16:27:36","modified_gmt":"2023-01-19T19:27:36","slug":"edital-pmdf-soldado-2017","status":"publish","type":"post","link":"https:\/\/www.estrategiaconcursos.com.br\/blog\/edital-pmdf-soldado-2017\/","title":{"rendered":"Edital PMDF Soldado: dicas de estudo e AULAS GR\u00c1TIS. S\u00e3o mais de 500 vagas!"},"content":{"rendered":"<h3>\n\tEdital PMDF Soldado: comece a se preparar agora mesmo!<\/h3>\n<p>&nbsp;<\/p>\n<p style=\"text-align: justify\">\n\t<span style=\"color:#000000;\">Ol\u00e1 caros alunos e amigos concurseiros. Tudo bem?<\/span><\/p>\n<p style=\"text-align: justify\">\n\t<span style=\"color:#000000;\">Hoje a minha pergunta \u00e9: Como anda a sua prepara\u00e7\u00e3o para o concurso da Pol\u00edcia Militar do DF? Se voc\u00ea ainda n\u00e3o come\u00e7ou, essa \u00e9 a&nbsp;hora! E se j\u00e1 deu o primeiro passo, est\u00e1 na hora de dar um g\u00e1s na sua prepara\u00e7\u00e3o.&nbsp;O certame est\u00e1 cada vez mais pr\u00f3ximo e&nbsp;o <strong>edital PMDF Soldado<\/strong>&nbsp;prestes a ser lan\u00e7ado. N\u00e3o descansa!<\/span><\/p>\n<p style=\"text-align: justify\">\n\t<span style=\"color:#000000;\">Como voc\u00ea j\u00e1 deve saber, ficou decidido que o&nbsp;Instituto Americano de Desenvolvimento (IADES) ser\u00e1 a banca organizadora do certame. A decis\u00e3o inclusive j\u00e1 foi publicada no Di\u00e1rio Oficial. Por isso,&nbsp;caros, escrevo esta an\u00e1lise do \u00faltimo edital para refor\u00e7ar a sua prepara\u00e7\u00e3o no concurso. At\u00e9 porque a remunera\u00e7\u00e3o de um soldado da PM do DF passa dos R$ 4 mil. Uma grande oportunidade.<\/span><\/p>\n<p style=\"text-align: justify\">\n\t<span style=\"color:#000000;\">Com esse artigo,&nbsp;voc\u00ea fica informado e confere todos os detalhes sobre o \u00faltimo edital do concurso PMDF para soldado e a previs\u00e3o para o edital deste ano.<\/span><\/p>\n<p style=\"text-align: justify\">\n\t<span style=\"color:#000000;\">E antes de voc\u00ea entender como foi o \u00faltimo certame, as etapas da avalia\u00e7\u00e3o, o conte\u00fado program\u00e1tico cobrado na prova objetiva, e outros detalhes que voc\u00ea precisa ficar informado para melhor se preparar para o certame, tenho uma super dica.<\/span><\/p>\n<p style=\"text-align: justify\">\n\t<span style=\"color:#000000;\">A partir da pr\u00f3xima semana, os professores do <strong>Estrat\u00e9gia Concursos<\/strong>&nbsp;v\u00e3o realizar uma semana inteira de aulas gr\u00e1tis para o concurso PMDF, e voc\u00ea n\u00e3o pode perder essa importante oportunidade. Clica a\u00ed no banner e se inscreve. \u00c9 GRATUITO! Depois volta aqui e veja a an\u00e1lise completa do concurso.<\/span><\/p>\n<p style=\"text-align: justify\">\n\t<a href=\"https:\/\/www.estrategiaconcursos.com.br\/gratis\/semana-soldado-pmdf\/\" target=\"_blank\" rel=\"noopener\"><img loading=\"lazy\" decoding=\"async\" alt=\"aulas pmdf\" class=\"aligncenter size-full wp-image-71169\" height=\"220\" src=\"https:\/\/dhg1h5j42swfq.cloudfront.net\/2017\/04\/18161821\/aulas-pmdf.png\" width=\"970\" srcset=\"https:\/\/dhg1h5j42swfq.cloudfront.net\/2017\/04\/18161821\/aulas-pmdf.png 970w, https:\/\/dhg1h5j42swfq.cloudfront.net\/2017\/04\/18161821\/aulas-pmdf.png 300w, https:\/\/dhg1h5j42swfq.cloudfront.net\/2017\/04\/18161821\/aulas-pmdf.png 768w, https:\/\/dhg1h5j42swfq.cloudfront.net\/2017\/04\/18161821\/aulas-pmdf.png 500w\" sizes=\"auto, (max-width: 970px) 100vw, 970px\" \/><\/a><\/p>\n<h3 style=\"text-align: justify;\">\n\tVagas<\/h3>\n<p style=\"text-align: justify\">\n\t<span style=\"color:#000000;\">Este ano, ser\u00e3o ofertadas 500 vagas e outras 1500 para cadastro de reserva no cargo de soldado combatente. Para Especialistas Corneteiros ser\u00e3o 18 vagas e mais 6 para Especialistas M\u00fasicos.&nbsp;Para uma boa prepara\u00e7\u00e3o para esse concurso, adiante segue uma an\u00e1lise completa do \u00faltimo concurso.<\/span><\/p>\n<p style=\"text-align: justify\">\n\t<span style=\"color:#000000;\">O \u00faltimo edital PM-DF Soldado foi publicado em 2012. O Di\u00e1rio Oficial do Distrito Federal do dia 12\/12\/2012, se\u00e7\u00e3o 3, a partir de p\u00e1gina 73, trouxe o Edital&nbsp;N.\u00ba 41 \u2013 DGP\/PMDF, de&nbsp;11 de dezembro de 2012 do Concurso P\u00fablico de Admiss\u00e3o ao Curso de Forma\u00e7\u00e3o de Pra\u00e7as &nbsp;da Pol\u00edcia Militar do Distrito Federal.<\/span><\/p>\n<h3 style=\"text-align: justify\">\n\tBanca do \u00faltimo concurso<\/h3>\n<p style=\"text-align: justify\">\n\t<span style=\"color:#000000;\">O \u00faltimo para soldado da Pol\u00edcia Militar do DF foi executado pela Funda\u00e7\u00e3o Universa e pela Pol\u00edcia Militar do Distrito Federal (PMDF).<\/span>&nbsp;<span style=\"color:#000000;\">O concurso destinou-se a admiss\u00e3o ao Curso de Forma\u00e7\u00e3o de Pra\u00e7as (CFP).<\/span><\/p>\n<p style=\"text-align: justify\">\n\t&nbsp;<\/p>\n<h3 style=\"text-align: justify\">\n\tEtapas<\/h3>\n<p style=\"text-align: justify\">\n\t<span style=\"color:#000000;\">O edital PMDF Soldado 2012 normatizou o concurso em: 5 (cinco) etapas para os candidatos ao Quadro de Pra\u00e7as Policiais Militares Combatentes; e mais 6 (seis) etapas para os candidatos ao Quadro de Pra\u00e7as Policiais Militares Especialistas Corneteiros&nbsp;e ao Quadro de Pra\u00e7as Policiais Militares Especialistas M\u00fasicos.<\/span><\/p>\n<p style=\"text-align: justify;\">\n\t<span style=\"color:#000000;\">As etapas desse concurso foram as seguintes:<\/span><\/p>\n<p style=\"text-align: justify;margin-left: 40px\">\n\t<span style=\"color:#000000;\">\u2022\u2022 <strong>Primeira Etapa<\/strong> \u2013 exame de habilidades e conhecimentos, aferidos por meio de aplica\u00e7\u00e3o de prova objetiva e de prova discursiva (reda\u00e7\u00e3o em L\u00edngua Portuguesa), de car\u00e1ter eliminat\u00f3rio e classificat\u00f3rio, a ser realizada pela Funda\u00e7\u00e3o Universa.<\/span><\/p>\n<p style=\"text-align: justify;margin-left: 40px\">\n\t<span style=\"color:#000000;\">\u2022\u2022 <strong>Segunda Etapa<\/strong> \u2013 teste de aptid\u00e3o f\u00edsica (TAF), de car\u00e1ter unicamente eliminat\u00f3rio, a ser realizada pela Funda\u00e7\u00e3o Universa.<\/span><\/p>\n<p style=\"text-align: justify;margin-left: 40px\">\n\t<span style=\"color:#000000;\">\u2022\u2022 <strong>Terceira Etapa<\/strong> \u2013 exames m\u00e9dicos, de car\u00e1ter unicamente eliminat\u00f3rio, a ser realizada pela Funda\u00e7\u00e3o Universa.<\/span><\/p>\n<p style=\"text-align: justify;margin-left: 40px\">\n\t<span style=\"color:#000000;\">\u2022\u2022 <strong>Quarta Etapa<\/strong> \u2013 avalia\u00e7\u00e3o psicol\u00f3gica, de car\u00e1ter unicamente eliminat\u00f3rio, a ser realizada pela Funda\u00e7\u00e3o Universa.<\/span><\/p>\n<p style=\"text-align: justify;margin-left: 40px\">\n\t<span style=\"color:#000000;\">\u2022\u2022 <strong>Quinta Etapa<\/strong> \u2013 sindic\u00e2ncia da vida pregressa e investiga\u00e7\u00e3o social, de car\u00e1ter unicamente eliminat\u00f3rio, a ser realizada pela PMDF.<\/span><\/p>\n<p style=\"text-align: justify;margin-left: 40px\">\n\t<span style=\"color:#000000;\">\u2022\u2022 <strong>Sexta Etapa<\/strong> \u2013 prova pr\u00e1tica instrumental de m\u00fasica, de car\u00e1ter unicamente eliminat\u00f3rio, a ser realizada pela Pol\u00edcia Militar do Distrito Federal, para os candidatos ao Quadro de Pra\u00e7as Policiais Militares Especialistas&nbsp;Corneteiros&nbsp;e para os candidatos ao Quadro de Pra\u00e7as Policiais Militares Especialistas M\u00fasicos.<\/span><\/p>\n<p style=\"text-align: justify\">\n\t<span style=\"color:#000000;\">O edital PMDF Soldado previu que as&nbsp;provas e etapas referentes a esse concurso p\u00fablico fossem&nbsp;aplicadas na cidade de Bras\u00edlia\/DF.<\/span><\/p>\n<p style=\"text-align: justify\">\n\t&nbsp;<\/p>\n<h3 style=\"text-align: justify\">\n\tAtribui\u00e7\u00f5es do Soldado PMDF<\/h3>\n<p style=\"text-align: justify\">\n\t<span style=\"color:#000000;\">\u00c9 atribui\u00e7\u00e3o do Soldado Policial Militar desempenhar atividade policial militar nas diversas tarefas atribu\u00eddas \u00e0 PMDF, visando \u00e0 preserva\u00e7\u00e3o da ordem p\u00fablica, e executar outros servi\u00e7os previstos em leis, regulamentos e normas, sendo que aos Soldados Especialistas, al\u00e9m das atribui\u00e7\u00f5es citadas, cabem ainda, as atribui\u00e7\u00f5es relativas ao Quadro de Corneteiros e de M\u00fasicos da Pol\u00edcia Militar do Distrito Federal (PMDF), conforme regulamenta\u00e7\u00e3o do Comando da Corpora\u00e7\u00e3o.<\/span><\/p>\n<p style=\"text-align: justify\">\n\t&nbsp;<\/p>\n<h3 style=\"text-align: justify\">\n\tRemunera\u00e7\u00e3o<\/h3>\n<p style=\"text-align: justify\">\n\t<span style=\"color:#000000;\">O edital PMDF Soldado 2012 trazia as seguintes informa\u00e7\u00f5es sobre a remunera\u00e7\u00e3o:<\/span><\/p>\n<p style=\"text-align: justify;margin-left: 40px\">\n\t<span style=\"color:#000000;\">\u2022\u2022 Durante o Curso de Forma\u00e7\u00e3o de Pra\u00e7as \u2013 Soldado de 2.\u00aa classe: R$ 3.322,51 (tr\u00eas mil, trezentos e vinte e dois reais e cinquenta e um centavos), mais aux\u00edlio alimenta\u00e7\u00e3o no valor de R$ 650,00 (seiscentos e cinquenta reais).<\/span><\/p>\n<p style=\"text-align: justify;margin-left: 40px\">\n\t<span style=\"color:#000000;\">\u2022\u2022 Ap\u00f3s o Curso de Forma\u00e7\u00e3o de Pra\u00e7as \u2013 Soldado de 1.\u00aa classe: R$ 4.306,79 (quatro mil, trezentos e seis reais e setenta e nove centavos), mais aux\u00edlio alimenta\u00e7\u00e3o no valor de R$ 650,00 (seiscentos e cinquenta reais).<\/span><\/p>\n<p style=\"text-align: justify\">\n\t<span style=\"color:#000000;\">Em 2017, esses valores foram atualizados. Por exemplo, a&nbsp;remunera\u00e7\u00e3o pode ultrapassar <strong>R$ 5.100,00<\/strong>&nbsp;para Soldado 2\u00aa classe e ultrapassar <strong>R$ 6.300,00<\/strong>&nbsp;para Soldado 1\u00aa classe.<\/span><\/p>\n<p style=\"text-align: justify\">\n\t&nbsp;<\/p>\n<h3 style=\"text-align: justify\">\n\tJornada de trabalho<\/h3>\n<p style=\"text-align: justify\">\n\t<span style=\"color:#000000;\">Conforme constava no edital PMDF Soldado de 2012, o&nbsp;desempenho da atividade policial militar \u00e9 de dedica\u00e7\u00e3o integral, podendo o policial militar ser convocado, em qualquer dia e hor\u00e1rio, a crit\u00e9rio da necessidade do emprego pela PMDF, observados os dispositivos legais.<\/span><\/p>\n<p style=\"text-align: justify\">\n\t&nbsp;<\/p>\n<h3 style=\"text-align: justify\">\n\tRequisitos b\u00e1sicos<\/h3>\n<p style=\"text-align: justify\">\n\t<span style=\"color:#000000;\">O candidato a uma vaga de Soldado da PMDF deve possuir os requisitos b\u00e1sicos, a saber:<\/span><\/p>\n<p style=\"text-align: justify;margin-left: 40px\">\n\t<span style=\"color:#000000;\">\u2022\u2022 ter nacionalidade brasileira;<\/span><\/p>\n<p style=\"text-align: justify;margin-left: 40px\">\n\t<span style=\"color:#000000;\">\u2022\u2022 ter conclu\u00eddo curso de <strong>n\u00edvel superior<\/strong> de gradua\u00e7\u00e3o, em qualquer \u00e1rea de forma\u00e7\u00e3o;<\/span><\/p>\n<p style=\"text-align: justify;margin-left: 40px\">\n\t<span style=\"color:#000000;\">\u2022\u2022 possuir a idade m\u00ednima de 18 (dezoito) anos completos, at\u00e9 a data de ingresso na PMDF, e a idade m\u00e1xima de 30 (trinta) anos completos, at\u00e9 o \u00faltimo dia de inscri\u00e7\u00e3o no concurso;<\/span><\/p>\n<p style=\"text-align: justify;margin-left: 40px\">\n\t<span style=\"color:#000000;\">\u2022\u2022 estar em dia com as obriga\u00e7\u00f5es eleitorais e em pleno gozo dos direitos pol\u00edticos;<\/span><\/p>\n<p style=\"text-align: justify;margin-left: 40px\">\n\t<span style=\"color:#000000;\">\u2022\u2022 ter descal\u00e7o e descoberto a altura m\u00ednima de 1,65m para os candidatos do sexo masculino e de 1,60m para os candidatos do sexo feminino;<\/span><\/p>\n<p style=\"text-align: justify;margin-left: 40px\">\n\t<span style=\"color:#000000;\">\u2022\u2022 n\u00e3o ser ex-aluno de estabelecimento de ensino policial ou militar desligado por motivos disciplinares;<\/span><\/p>\n<p style=\"text-align: justify;margin-left: 40px\">\n\t<span style=\"color:#000000;\">\u2022\u2022 apresentar Certificado de Reservista de 1.\u00aa ou 2.\u00aa Categoria, ou ainda Certificado de Dispensa de Incorpora\u00e7\u00e3o, em caso de candidato do sexo masculino;<\/span><\/p>\n<p style=\"text-align: justify;margin-left: 40px\">\n\t<span style=\"color:#000000;\">\u2022\u2022 possuir conduta ilibada;<\/span><\/p>\n<p style=\"text-align: justify;margin-left: 40px\">\n\t<span style=\"color:#000000;\">\u2022\u2022 gozar de boa sa\u00fade e ter aptid\u00e3o f\u00edsica e mental para o exerc\u00edcio das atribui\u00e7\u00f5es do cargo;<\/span><\/p>\n<p style=\"text-align: justify;margin-left: 40px\">\n\t<span style=\"color:#000000;\">\u2022\u2022 ter procedimento irrepreens\u00edvel e idoneidade moral inatac\u00e1vel;<\/span><\/p>\n<p style=\"text-align: justify;margin-left: 40px\">\n\t<span style=\"color:#000000;\">\u2022\u2022 n\u00e3o estar cumprindo san\u00e7\u00e3o por inidoneidade, aplicada por qualquer \u00f3rg\u00e3o p\u00fablico federal, distrital, estadual ou municipal.<\/span><\/p>\n<p style=\"text-align: justify\">\n\t&nbsp;<\/p>\n<h3 style=\"text-align: justify\">\n\tPrimeira Etapa &#8211; Prova Objetiva e Prova Discursiva<\/h3>\n<p style=\"text-align: justify\">\n\t<span style=\"color:#000000;\">Conforme o edital PMDF Soldado de 2012, as&nbsp;quest\u00f5es da prova objetiva e a prova discursiva deveriam&nbsp;avaliar habilidades relacionadas \u00e0 aplica\u00e7\u00e3o do conhecimento, abrangendo compreens\u00e3o, aplica\u00e7\u00e3o, an\u00e1lise, s\u00edntese e avalia\u00e7\u00e3o, valorizando o racioc\u00ednio e envolvendo situa\u00e7\u00f5es relacionadas \u00e0s atribui\u00e7\u00f5es do cargo e ao conte\u00fado program\u00e1tico, conforme abaixo.<\/span><\/p>\n<p style=\"text-align: justify\">\n\t&nbsp;<\/p>\n<p style=\"text-align: justify\">\n\t<span style=\"color:#000000;\">\u21d2 CONHECIMENTOS GERAIS<\/span><\/p>\n<p style=\"text-align: justify;margin-left: 40px\">\n\t<span style=\"color:#000000;\">\u2022\u2022 L\u00edngua Portuguesa.<\/span><\/p>\n<p style=\"text-align: justify;margin-left: 40px\">\n\t<span style=\"color:#000000;\">\u2022\u2022 Atualidades.<\/span><\/p>\n<p style=\"text-align: justify;margin-left: 40px\">\n\t<span style=\"color:#000000;\">\u2022\u2022 Racioc\u00ednio L\u00f3gico.<\/span><\/p>\n<p style=\"text-align: justify;margin-left: 40px\">\n\t<span style=\"color:#000000;\">\u2022\u2022 No\u00e7\u00f5es de Inform\u00e1tica.<\/span><\/p>\n<p style=\"text-align: justify\">\n\t<span style=\"color:#000000;\">\u21d2 CONHECIMENTOS ESPEC\u00cdFICOS PARA TODOS OS CARGOS<\/span><\/p>\n<p style=\"text-align: justify;margin-left: 40px\">\n\t<span style=\"color:#000000;\">\u2022\u2022 No\u00e7\u00f5es de Administra\u00e7\u00e3o e Psicologia.<\/span><\/p>\n<p style=\"text-align: justify;margin-left: 40px\">\n\t<span style=\"color:#000000;\">\u2022\u2022 Lei Org\u00e2nica do Distrito Federal.<\/span><\/p>\n<p style=\"text-align: justify;margin-left: 40px\">\n\t<span style=\"color:#000000;\">\u2022\u2022 No\u00e7\u00f5es de Direito Administrativo.<\/span><\/p>\n<p style=\"text-align: justify;margin-left: 40px\">\n\t<span style=\"color:#000000;\">\u2022\u2022 No\u00e7\u00f5es de Direito Constitucional.<\/span><\/p>\n<p style=\"text-align: justify;margin-left: 40px\">\n\t<span style=\"color:#000000;\">\u2022\u2022 No\u00e7\u00f5es de Direito Penal.<\/span><\/p>\n<p style=\"text-align: justify;margin-left: 40px\">\n\t<span style=\"color:#000000;\">\u2022\u2022 No\u00e7\u00f5es de Direito Processual Penal.<\/span><\/p>\n<p style=\"text-align: justify;margin-left: 40px\">\n\t<span style=\"color:#000000;\">\u2022\u2022 Legisla\u00e7\u00e3o Extravagante.<\/span><\/p>\n<p style=\"text-align: justify;margin-left: 40px\">\n\t<span style=\"color:#000000;\">\u2022\u2022 No\u00e7\u00f5es de Direito Penal Militar.<\/span><\/p>\n<p style=\"text-align: justify\">\n\t<span style=\"color:#000000;\">\u21d2 CONHECIMENTOS ESPEC\u00cdFICOS PARA OS CARGOS SOLDADO POLICIAL MILITAR DO QUADRO DE PRA\u00c7AS POLICIAIS MILITARES ESPECIALISTAS CORNETEIROS E SOLDADO POLICIAL MILITAR DO QUADRO DE PRA\u00c7AS POLICIAIS MILITARES ESPECIALISTAS M\u00daSICOS<\/span><\/p>\n<p style=\"text-align: justify\">\n\t<span style=\"color:#000000;\">SOLDADO POLICIAL MILITAR DO QUADRO DE PRA\u00c7AS POLICIAIS MILITARES ESPECIALISTAS CORNETEIROS<\/span><\/p>\n<p style=\"text-align: justify;margin-left: 40px\">\n\t<span style=\"color:#000000;\">\u2022\u2022 Teoria Musical: &#8230;<\/span><\/p>\n<p style=\"text-align: justify\">\n\t<span style=\"color:#000000;\">SOLDADO POLICIAL MILITAR DO QUADRO DE PRA\u00c7AS POLICIAIS MILITARES ESPECIALISTAS M\u00daSICOS<\/span><\/p>\n<p style=\"text-align: justify;margin-left: 40px\">\n\t<span style=\"color:#000000;\">\u2022\u2022 Teoria Musical: &#8230;<\/span><\/p>\n<p style=\"text-align: justify\">\n\t&nbsp;<\/p>\n<p style=\"text-align: justify\">\n\t<span style=\"color:#000000;\">Ainda neste artigo, voc\u00ea encontrar\u00e1 as disciplinas detalhadas item a item.<\/span><\/p>\n<p style=\"text-align: justify\">\n\t&nbsp;<\/p>\n<h3 style=\"text-align: justify\">\n\tProva objetiva<\/h3>\n<p style=\"text-align: justify\">\n\t<span style=\"color:#000000;\">A prova objetiva, de car\u00e1ter eliminat\u00f3rio e classificat\u00f3rio, foi&nbsp;composta de 60 (sessenta) quest\u00f5es e avaliou&nbsp;as habilidades e os conhecimentos do candidato. Essa prova foi composta da seguinte forma:<\/span><\/p>\n<p style=\"text-align: justify;margin-left: 40px\">\n\t<span style=\"color:#000000;\">\u2022\u2022 Conhecimentos gerais, contendo 20 (vinte) quest\u00f5es, peso 1 (um).<\/span><\/p>\n<p style=\"text-align: justify;margin-left: 40px\">\n\t<span style=\"color:#000000;\">\u2022\u2022 Conhecimentos espec\u00edficos, contendo 40 (quarenta) quest\u00f5es, peso 2 (dois).<\/span><\/p>\n<p style=\"text-align: justify\">\n\t<span style=\"color:#000000;\">A prova objetiva ser\u00e1 composta por quest\u00f5es de m\u00faltipla escolha, com 5 (cinco) alternativas em cada quest\u00e3o, para escolha de 1 (uma) \u00fanica resposta correta.<\/span><\/p>\n<p style=\"text-align: justify\">\n\t<span style=\"color:#000000;\"><strong>Foi reprovado<\/strong> na prova objetiva e eliminado do concurso p\u00fablico o candidato que obteve&nbsp;pontua\u00e7\u00e3o inferior a:<\/span><\/p>\n<p style=\"text-align: justify;margin-left: 40px\">\n\t<span style=\"color:#000000;\">\u2022\u2022 50% (cinquenta por cento) do m\u00e1ximo de pontos poss\u00edveis na prova objetiva de conhecimentos gerais;<\/span><\/p>\n<p style=\"text-align: justify;margin-left: 40px\">\n\t<span style=\"color:#000000;\">\u2022\u2022 50% (cinquenta por cento) do m\u00e1ximo de pontos poss\u00edveis na prova objetiva de conhecimentos espec\u00edficos.<\/span><\/p>\n<p style=\"text-align: justify\">\n\t&nbsp;<\/p>\n<h3 style=\"text-align: justify\">\n\tProva discursiva<\/h3>\n<p style=\"text-align: justify\">\n\t<span style=\"color:#000000;\">A prova discursiva, de car\u00e1ter eliminat\u00f3rio e classificat\u00f3rio, foi realizada no mesmo dia e dentro do prazo de dura\u00e7\u00e3o previsto para a aplica\u00e7\u00e3o da prova objetiva.<\/span><\/p>\n<p style=\"text-align: justify\">\n\t<span style=\"color:#000000;\">A prova discursiva teve&nbsp;como objetivo avaliar conte\u00fados relacionados aos conhecimentos gerais, capacidade de express\u00e3o na modalidade escrita e uso das normas do registro formal culto da L\u00edngua Portuguesa, considerando o <strong>novo acordo ortogr\u00e1fico<\/strong>, bem como, clareza, precis\u00e3o, consist\u00eancia e concis\u00e3o do texto produzido.<\/span><\/p>\n<p style=\"text-align: justify\">\n\t<span style=\"color:#000000;\">A prova discursiva consistiu na elabora\u00e7\u00e3o de texto dissertativo, narrativo e(ou) descritivo, que deveria&nbsp;ter extens\u00e3o m\u00e1xima de 30 (trinta) linhas, com base em tema formulado pela banca examinadora, referente ao conte\u00fado program\u00e1tico exposto no edital, primando pela clareza, precis\u00e3o, consist\u00eancia, concis\u00e3o e ader\u00eancia \u00e0s normas do registro formal.<\/span><\/p>\n<p style=\"text-align: justify\">\n\t<span style=\"color:#000000;\">Corrigiu-se a prova discursiva dos candidatos classificados em at\u00e9 3 (tr\u00eas) vezes o n\u00famero de vagas constantes no edital, respeitando os empates na \u00faltima posi\u00e7\u00e3o.<\/span><\/p>\n<p style=\"text-align: justify\">\n\t<strong><span style=\"color:#FF0000\">Foi reprovado<\/span><\/strong><span style=\"color:#000000;\"> na prova discursiva e eliminado do concurso p\u00fablico o candidato que obteve&nbsp;pontua\u00e7\u00e3o inferior a 50% (cinquenta por cento) da pontua\u00e7\u00e3o m\u00e1xima na prova discursiva.<\/span><\/p>\n<p style=\"text-align: justify\">\n\t<span style=\"color:#000000;\">Mais informa\u00e7\u00f5es podem ser obtidas no <\/span><a href=\"http:\/\/inscricao.universa.org.br\/ProcessoSeletivo.aspx?id=413e3b\" target=\"_blank\" rel=\"noopener\">edital PMDF Soldado 2012<\/a>.<\/p>\n<p style=\"text-align: justify\">\n\t&nbsp;<\/p>\n<h3 style=\"text-align: justify\">\n\tDura\u00e7\u00e3o das provas<\/h3>\n<p style=\"text-align: justify\">\n\t<span style=\"color:#000000;\">No \u00faltimo concurso, as&nbsp;provas objetiva e discursiva tiveram&nbsp;a dura\u00e7\u00e3o de 4 (quatro) horas e 30 (trinta) minutos.<\/span><\/p>\n<p style=\"text-align: justify\">\n\t&nbsp;<\/p>\n<h3 style=\"text-align: justify\">\n\tSegunda Etapa &#8211; Teste de Aptid\u00e3o F\u00edsica<\/h3>\n<p style=\"text-align: justify\">\n\t<span style=\"color:#000000;\">O teste de aptid\u00e3o f\u00edsica, de presen\u00e7a obrigat\u00f3ria, visou avaliar a capacidade m\u00ednima do candidato para suportar, f\u00edsica e organicamente, as exig\u00eancias da pr\u00e1tica de atividades f\u00edsicas e demais exig\u00eancias pr\u00f3prias da fun\u00e7\u00e3o policial militar.<\/span><\/p>\n<p style=\"text-align: justify\">\n\t<span style=\"color:#000000;\">O teste de aptid\u00e3o f\u00edsica foi&nbsp;de car\u00e1ter eliminat\u00f3rio, sendo o candidato considerado apto ou inapto.<\/span><\/p>\n<p style=\"text-align: justify\">\n\t<span style=\"color:#000000;\">O candidato foi considerado apto quando obteve o desempenho m\u00ednimo exigido em todos os testes.<\/span><\/p>\n<p style=\"text-align: justify\">\n\t<span style=\"color:#000000;\">As provas previstas para o teste de aptid\u00e3o f\u00edsica foram&nbsp;realizadas em at\u00e9 duas tentativas, com exce\u00e7\u00e3o da corrida, que foi&nbsp;realizada em apenas uma tentativa.<\/span><\/p>\n<p style=\"text-align: justify\">\n\t<span style=\"color:#000000;\">Caso o candidato n\u00e3o alcan\u00e7asse&nbsp;o \u00edndice m\u00ednimo na primeira tentativa, poderia&nbsp;realizar, ap\u00f3s 5 (cinco) minutos de descanso, a segunda tentativa.<\/span><\/p>\n<p style=\"text-align: justify\">\n\t<span style=\"color:#000000;\">A contagem oficial de tempo, da dist\u00e2ncia percorrida e do n\u00famero de repeti\u00e7\u00f5es efetuadas pelos candidatos em cada teste, foi&nbsp;feita em voz alta e exclusivamente por componente da banca examinadora.<\/span><\/p>\n<p style=\"text-align: justify\">\n\t<span style=\"color:#000000;\">O teste de aptid\u00e3o f\u00edsica consistiu&nbsp;em teste de barra fixa, teste de flex\u00e3o abdominal e teste de corrida de 12 (doze) minutos.<\/span><\/p>\n<p style=\"text-align: justify\">\n\t<span style=\"color:#000000;\">As provas e os \u00edndices m\u00ednimos do teste de aptid\u00e3o f\u00edsica \u2013 TAF obedeceram&nbsp;ao previsto abaixo (masculino e feminino):<\/span><\/p>\n<p style=\"text-align: justify;margin-left: 40px\">\n\t<span style=\"color:#000000;\">MASCULINO<\/span><\/p>\n<p style=\"text-align: justify;margin-left: 40px\">\n\t<span style=\"color:#000000;\">\u2022\u2022 Flex\u00e3o din\u00e2mica de bra\u00e7o na barra fixa: 5 (cinco) repeti\u00e7\u00f5es;<\/span><\/p>\n<p style=\"text-align: justify;margin-left: 40px\">\n\t<span style=\"color:#000000;\">\u2022\u2022 Flex\u00e3o Abdominal: 35 (trinta e cinco) repeti\u00e7\u00f5es, realizadas de forma ininterrupta;<\/span><\/p>\n<p style=\"text-align: justify;margin-left: 40px\">\n\t<span style=\"color:#000000;\">\u2022\u2022 Corrida de 12 (doze) minutos: 2.300 (dois mil e trezentos) metros.<\/span><\/p>\n<p style=\"text-align: justify;margin-left: 40px\">\n\t<span style=\"color:#000000;\">FEMININO<\/span><\/p>\n<p style=\"text-align: justify;margin-left: 40px\">\n\t<span style=\"color:#000000;\">\u2022\u2022 Flex\u00e3o est\u00e1tica de bra\u00e7o na barra fixa: 10 (dez) segundos;<\/span><\/p>\n<p style=\"text-align: justify;margin-left: 40px\">\n\t<span style=\"color:#000000;\">\u2022\u2022 Flex\u00e3o Abdominal: 28 (vinte e oito) repeti\u00e7\u00f5es, realizadas de forma ininterrupta;<\/span><\/p>\n<p style=\"text-align: justify;margin-left: 40px\">\n\t<span style=\"color:#000000;\">\u2022\u2022 Corrida de 12 (doze) minutos: 1.900 (um mil e novecentos) metros.<\/span><\/p>\n<p style=\"text-align: justify\">\n\t<span style=\"color:#000000;\">Mais informa\u00e7\u00f5es podem ser obtidas no <\/span><a href=\"http:\/\/inscricao.universa.org.br\/ProcessoSeletivo.aspx?id=413e3b\" target=\"_blank\" rel=\"noopener\">edital PMDF Soldado 2012<\/a>.<\/p>\n<p style=\"text-align: justify\">\n\t&nbsp;<\/p>\n<h3 style=\"text-align: justify\">\n\tTerceira Etapa &#8211; Exames M\u00e9dicos<\/h3>\n<p style=\"text-align: justify\">\n\t<span style=\"color:#000000;\">O edital PMDF Soldado 2012 trouxe que a etapa de exames m\u00e9dicos tinha&nbsp;car\u00e1ter eliminat\u00f3rio, sendo o candidato considerado apto ou inapto.<\/span><\/p>\n<p style=\"text-align: justify\">\n\t<span style=\"color:#000000;\">Os exames m\u00e9dicos compreenderam&nbsp;exames:<\/span><\/p>\n<p style=\"text-align: justify;margin-left: 40px\">\n\t<span style=\"color:#000000;\">\u2022\u2022 cl\u00ednico,<\/span><\/p>\n<p style=\"text-align: justify;margin-left: 40px\">\n\t<span style=\"color:#000000;\">\u2022\u2022 laboratorial,<\/span><\/p>\n<p style=\"text-align: justify;margin-left: 40px\">\n\t<span style=\"color:#000000;\">\u2022\u2022 oftalmol\u00f3gico,<\/span><\/p>\n<p style=\"text-align: justify;margin-left: 40px\">\n\t<span style=\"color:#000000;\">\u2022\u2022 odontol\u00f3gico,<\/span><\/p>\n<p style=\"text-align: justify;margin-left: 40px\">\n\t<span style=\"color:#000000;\">\u2022\u2022 biom\u00e9trico,<\/span><\/p>\n<p style=\"text-align: justify;margin-left: 40px\">\n\t<span style=\"color:#000000;\">\u2022\u2022 de outros aspectos f\u00edsicos e<\/span><\/p>\n<p style=\"text-align: justify;margin-left: 40px\">\n\t<span style=\"color:#000000;\">\u2022\u2022 teste toxicol\u00f3gico.<\/span><\/p>\n<p style=\"text-align: justify\">\n\t<span style=\"color:#000000;\">O candidato foi considerado apto ou inapto nos exames m\u00e9dicos, de acordo com a conclus\u00e3o do laudo m\u00e9dico. O candidato considerado inapto foi eliminado do concurso e n\u00e3o teve classifica\u00e7\u00e3o alguma.<\/span><\/p>\n<p style=\"text-align: justify\">\n\t<span style=\"color:#000000;\">Mais informa\u00e7\u00f5es podem ser obtidas no <\/span><a href=\"http:\/\/inscricao.universa.org.br\/ProcessoSeletivo.aspx?id=413e3b\" target=\"_blank\" rel=\"noopener\">edital PMDF Soldado 2012<\/a>.<\/p>\n<p style=\"text-align: justify\">\n\t&nbsp;<\/p>\n<h3 style=\"text-align: justify\">\n\tQuarta Etapa &#8211; Avalia\u00e7\u00e3o Psicol\u00f3gica<\/h3>\n<p style=\"text-align: justify\">\n\t<span style=\"color:#000000;\">No concurso PMDF 2012, na&nbsp;avalia\u00e7\u00e3o psicol\u00f3gica, o candidato foi considerado apto ou inapto.<\/span><\/p>\n<p style=\"text-align: justify\">\n\t<span style=\"color:#000000;\">Foi considerado inapto e consequentemente eliminado do concurso o candidato que n\u00e3o apresentou&nbsp;os requisitos psicol\u00f3gicos necess\u00e1rios para o exerc\u00edcio do cargo.<\/span><\/p>\n<p style=\"text-align: justify\">\n\t<span style=\"color:#000000;\">A avalia\u00e7\u00e3o psicol\u00f3gica consistiu&nbsp;na aplica\u00e7\u00e3o e na avalia\u00e7\u00e3o de baterias de testes e de instrumentos psicol\u00f3gicos, de aptid\u00e3o, de n\u00edvel mental e de personalidade, visando avaliar as condi\u00e7\u00f5es ps\u00edquicas do candidato, identificando as caracter\u00edsticas de &#8230;<\/span><\/p>\n<p style=\"text-align: justify;margin-left: 40px\">\n\t<span style=\"color:#000000;\">\u2192 capacidade,<\/span><\/p>\n<p style=\"text-align: justify;margin-left: 40px\">\n\t<span style=\"color:#000000;\">\u2192 concentra\u00e7\u00e3o e aten\u00e7\u00e3o,<\/span><\/p>\n<p style=\"text-align: justify;margin-left: 40px\">\n\t<span style=\"color:#000000;\">\u2192 racioc\u00ednio l\u00f3gico,<\/span><\/p>\n<p style=\"text-align: justify;margin-left: 40px\">\n\t<span style=\"color:#000000;\">\u2192 maleabilidade\/flexibilidade,<\/span><\/p>\n<p style=\"text-align: justify;margin-left: 40px\">\n\t<span style=\"color:#000000;\">\u2192 perseveran\u00e7a,<\/span><\/p>\n<p style=\"text-align: justify;margin-left: 40px\">\n\t<span style=\"color:#000000;\">\u2192 solu\u00e7\u00e3o de problemas,<\/span><\/p>\n<p style=\"text-align: justify;margin-left: 40px\">\n\t<span style=\"color:#000000;\">\u2192 capacidade de resolver detalhes,<\/span><\/p>\n<p style=\"text-align: justify;margin-left: 40px\">\n\t<span style=\"color:#000000;\">\u2192 capacidade de observa\u00e7\u00e3o,<\/span><\/p>\n<p style=\"text-align: justify;margin-left: 40px\">\n\t<span style=\"color:#000000;\">\u2192 intelig\u00eancia,<\/span><\/p>\n<p style=\"text-align: justify;margin-left: 40px\">\n\t<span style=\"color:#000000;\">\u2192 perspic\u00e1cia,<\/span><\/p>\n<p style=\"text-align: justify;margin-left: 40px\">\n\t<span style=\"color:#000000;\">\u2192 seguran\u00e7a,<\/span><\/p>\n<p style=\"text-align: justify;margin-left: 40px\">\n\t<span style=\"color:#000000;\">\u2192 rapidez de racioc\u00ednio,<\/span><\/p>\n<p style=\"text-align: justify;margin-left: 40px\">\n\t<span style=\"color:#000000;\">\u2192 capacidade de relacionamento interpessoal,<\/span><\/p>\n<p style=\"text-align: justify;margin-left: 40px\">\n\t<span style=\"color:#000000;\">\u2192 prud\u00eancia, resist\u00eancia \u00e0 fadiga e \u00e0 frustra\u00e7\u00e3o,<\/span><\/p>\n<p style=\"text-align: justify;margin-left: 40px\">\n\t<span style=\"color:#000000;\">\u2192 controle emocional,<\/span><\/p>\n<p style=\"text-align: justify;margin-left: 40px\">\n\t<span style=\"color:#000000;\">\u2192 discernimento,<\/span><\/p>\n<p style=\"text-align: justify;margin-left: 40px\">\n\t<span style=\"color:#000000;\">\u2192 maturidade,<\/span><\/p>\n<p style=\"text-align: justify;margin-left: 40px\">\n\t<span style=\"color:#000000;\">\u2192 energia vital,<\/span><\/p>\n<p style=\"text-align: justify;margin-left: 40px\">\n\t<span style=\"color:#000000;\">\u2192 capacidade de mem\u00f3ria,<\/span><\/p>\n<p style=\"text-align: justify;margin-left: 40px\">\n\t<span style=\"color:#000000;\">\u2192 senso cr\u00edtico,<\/span><\/p>\n<p style=\"text-align: justify;margin-left: 40px\">\n\t<span style=\"color:#000000;\">\u2192 bom senso,<\/span><\/p>\n<p style=\"text-align: justify;margin-left: 40px\">\n\t<span style=\"color:#000000;\">\u2192 discri\u00e7\u00e3o,<\/span><\/p>\n<p style=\"text-align: justify;margin-left: 40px\">\n\t<span style=\"color:#000000;\">\u2192 dinamismo,<\/span><\/p>\n<p style=\"text-align: justify;margin-left: 40px\">\n\t<span style=\"color:#000000;\">\u2192 iniciativa,<\/span><\/p>\n<p style=\"text-align: justify;margin-left: 40px\">\n\t<span style=\"color:#000000;\">\u2192 criatividade e objetividade, &#8230;<\/span><\/p>\n<p style=\"text-align: justify\">\n\t<span style=\"color:#000000;\">inerentes ao exerc\u00edcio das fun\u00e7\u00f5es policiais militares, bem como os dist\u00farbios de personalidade prejudiciais e restritivos ao desempenho do cargo de policial militar na gradua\u00e7\u00e3o de Soldado Policial Militar do Quadro de Pra\u00e7as Policiais Militares da PMDF.<\/span><\/p>\n<p style=\"text-align: justify\">\n\t<span style=\"color:#000000;\">Mais informa\u00e7\u00f5es podem ser obtidas no<\/span> <a href=\"http:\/\/inscricao.universa.org.br\/ProcessoSeletivo.aspx?id=413e3b\" target=\"_blank\" rel=\"noopener\">edital PMDF Soldado 2012<\/a>.<\/p>\n<p style=\"text-align: justify\">\n\t&nbsp;<\/p>\n<h3 style=\"text-align: justify\">\n\tQuinta Etapa &#8211; Sindic\u00e2ndia de Vida Pregressa e Investiga\u00e7\u00e3o Social<\/h3>\n<p style=\"text-align: justify\">\n\t<span style=\"color:#000000;\">A&nbsp;sindic\u00e2ncia da vida pregressa e investiga\u00e7\u00e3o social, de car\u00e1ter unicamente eliminat\u00f3rio, avaliou a&nbsp;conduta pregressa e idoneidade moral, requisitos indispens\u00e1veis para o ingresso e exerc\u00edcio da profiss\u00e3o de Policial Militar.<\/span><\/p>\n<p style=\"text-align: justify\">\n\t<span style=\"color:#000000;\">A sindic\u00e2ncia da vida pregressa e investiga\u00e7\u00e3o social foi realizada com base em documentos oficiais e informa\u00e7\u00f5es constantes de formul\u00e1rio pr\u00f3prio, contendo perguntas de car\u00e1ter pessoal, que foi disponibilizado &nbsp;para o candidato.<\/span><\/p>\n<p style=\"text-align: justify\">\n\t<span style=\"color:#000000;\">Para fins de realiza\u00e7\u00e3o da sindic\u00e2ncia da vida pregressa e investiga\u00e7\u00e3o social os candidatos convocados para o exame m\u00e9dico (3.\u00aa etapa), foram&nbsp;convocados tamb\u00e9m a entregarem os documentos e o formul\u00e1rio pr\u00f3prio para esse fim.<\/span><\/p>\n<p style=\"text-align: justify\">\n\t<span style=\"color:#000000;\">Ao resultado da sindic\u00e2ncia da vida pregressa e investiga\u00e7\u00e3o social n\u00e3o foram atribu\u00eddos pontos ou notas, sendo o candidato considerado habilitado ou inabilitado para ingresso na PMDF.<\/span><\/p>\n<p style=\"text-align: justify\">\n\t<span style=\"color:#000000;\">Nessa etapa foram verificados a documenta\u00e7\u00e3o abaixo relacionada:<\/span><\/p>\n<p style=\"text-align: justify;margin-left: 40px\">\n\t<span style=\"color:#000000;\">\u2022\u2022 c\u00f3pia autenticada em cart\u00f3rio do documento de identidade, com validade em todo territ\u00f3rio nacional;<\/span><\/p>\n<p style=\"text-align: justify;margin-left: 40px\">\n\t<span style=\"color:#000000;\">\u2022\u2022 c\u00f3pia autenticada em cart\u00f3rio do CPF;<\/span><\/p>\n<p style=\"text-align: justify;margin-left: 40px\">\n\t<span style=\"color:#000000;\">\u2022\u2022 c\u00f3pia autenticada em cart\u00f3rio do diploma de conclus\u00e3o de ensino superior, reconhecido pelos sistemas de ensino federal, estadual ou do Distrito Federal;<\/span><\/p>\n<p style=\"text-align: justify;margin-left: 40px\">\n\t<span style=\"color:#000000;\">\u2022\u2022 c\u00f3pia autenticada em cart\u00f3rio do Certificado de Reservista de 1a ou 2a categoria ou do Certificado de Dispensa de Incorpora\u00e7\u00e3o (CDI), para candidatos do sexo masculino;<\/span><\/p>\n<p style=\"text-align: justify;margin-left: 40px\">\n\t<span style=\"color:#000000;\">\u2022\u2022 c\u00f3pia autenticada em cart\u00f3rio do T\u00edtulo de Eleitor e comprovante(s) de vota\u00e7\u00e3o da \u00faltima elei\u00e7\u00e3o;<\/span><\/p>\n<p style=\"text-align: justify;margin-left: 40px\">\n\t<span style=\"color:#000000;\">\u2022\u2022 certid\u00f5es negativas dos distribuidores criminais e c\u00edveis dos lugares onde tenha residido nos \u00faltimos 3 (tr\u00eas) anos, devendo apresentar ainda documentos que comprovem essa resid\u00eancia (conta de luz, de \u00e1gua, contrato de aluguel, etc.);<\/span><\/p>\n<p style=\"text-align: justify;margin-left: 40px\">\n\t<span style=\"color:#000000;\">\u2022\u2022 certid\u00f5es negativas das Justi\u00e7as Federal e Militar;<\/span><\/p>\n<p style=\"text-align: justify;margin-left: 40px\">\n\t<span style=\"color:#000000;\">\u2022\u2022 certid\u00e3o com conceito favor\u00e1vel de seu atual Comandante, se for militar da ativa das For\u00e7as Armadas ou Auxiliares;<\/span><\/p>\n<p style=\"text-align: justify;margin-left: 40px\">\n\t<span style=\"color:#000000;\">\u2022\u2022 certid\u00e3o expedida pela Unidade da Institui\u00e7\u00e3o de origem a qual perten\u00e7a, para candidato oriundo das institui\u00e7\u00f5es da Pol\u00edcia Civil ou Federal, de n\u00e3o possuir antecedentes criminais, contendo ainda declara\u00e7\u00e3o de n\u00e3o ter sido punido administrativamente e(ou) disciplinarmente, por falta considerada de natureza grave; e<\/span><\/p>\n<p style=\"text-align: justify;margin-left: 40px\">\n\t<span style=\"color:#000000;\">\u2022\u2022 2 (duas) fotografias recentes do candidato sem \u00f3culos, em tamanho 3&#215;4, coloridas, fundo branco, com data (as fotos ser\u00e3o coladas pelo candidato em local pr\u00f3prio no formul\u00e1rio a ser preenchido).<\/span><\/p>\n<p style=\"text-align: justify\">\n\t<span style=\"color:#000000;\">Mais informa\u00e7\u00f5es podem ser obtidas no <\/span><a href=\"http:\/\/inscricao.universa.org.br\/ProcessoSeletivo.aspx?id=413e3b\" target=\"_blank\" rel=\"noopener\">edital PMDF Soldado 2012<\/a>.<\/p>\n<p style=\"text-align: justify\">\n\t&nbsp;<\/p>\n<h3 style=\"text-align: justify\">\n\tSexta Etapa &#8211; Prova Pr\u00e1tica Instrumental<\/h3>\n<p style=\"text-align: justify\">\n\t<span style=\"color:#000000;\">O edital PMDF Soldado 2012 previa prova pr\u00e1tica para os cargos&nbsp;Soldado Policial Militar do Quadro de Pra\u00e7as Policiais Militares Especialistas Corneteiros e&nbsp;Soldado Policial Militar do Quadro de Pra\u00e7as Policiais Militares Especialistas M\u00fasicos.<\/span><\/p>\n<p style=\"text-align: justify\">\n\t<span style=\"color:#000000;\">Para o cargo&nbsp;Soldado Policial Militar do Quadro de Pra\u00e7as Policiais Militares Especialistas Corneteiros, a prova&nbsp;pr\u00e1tica instrumental avaliou, entre outros aspectos, afina\u00e7\u00e3o, articula\u00e7\u00e3o, din\u00e2mica, precis\u00e3o r\u00edtmica, qualidade do som e da execu\u00e7\u00e3o instrumental e qualidade da leitura \u00e0 primeira vista.<\/span><\/p>\n<p style=\"text-align: justify\">\n\t<span style=\"color:#000000;\">Soldado Policial Militar do Quadro de Pra\u00e7as Policiais Militares Especialistas M\u00fasicos,a prova&nbsp;pr\u00e1tica instrumental avaliou, entre outros aspectos, a interpreta\u00e7\u00e3o musical, em conformidade com o estilo da obra, afina\u00e7\u00e3o, articula\u00e7\u00e3o, din\u00e2mica, precis\u00e3o r\u00edtmica, qualidade do som e da execu\u00e7\u00e3o instrumental e qualidade da leitura \u00e0 primeira vista.<\/span><\/p>\n<p style=\"text-align: justify\">\n\t<span style=\"color:#000000;\">Mais informa\u00e7\u00f5es podem ser obtidas no <\/span><a href=\"http:\/\/inscricao.universa.org.br\/ProcessoSeletivo.aspx?id=413e3b\" target=\"_blank\" rel=\"noopener\">edital PMDF Soldado 2012<\/a>.<\/p>\n<p style=\"text-align: justify\">\n\t&nbsp;<\/p>\n<h3 style=\"text-align: justify\">\n\tCurso de Forma\u00e7\u00e3o<\/h3>\n<p style=\"text-align: justify\">\n\t<span style=\"color:#000000;\">O candidato aprovado, conforme o edital, em todas as etapas do concurso PMDF Soldado 2012 seria convocado para o curso de forma\u00e7\u00e3o. Para matr\u00edcula em tal curso, o candidato deveria apresentar os seguintes documentos:<\/span><\/p>\n<p style=\"text-align: justify;margin-left: 40px\">\n\t<span style=\"color:#000000;\">\u2022\u2022 c\u00f3pia autenticada do PIS\/PASEP;<\/span><\/p>\n<p style=\"text-align: justify;margin-left: 40px\">\n\t<span style=\"color:#000000;\">\u2022\u2022 para candidatos do sexo masculino, original do Certificado de Reservista de 1\u00aa ou 2\u00aa Categoria ou Certificado de Dispensa de Incorpora\u00e7\u00e3o (CDI);<\/span><\/p>\n<p style=\"text-align: justify;margin-left: 40px\">\n\t<span style=\"color:#000000;\">\u2022\u2022 declara\u00e7\u00e3o de n\u00e3o acumula\u00e7\u00e3o de cargo p\u00fablico, emprego p\u00fablico, fun\u00e7\u00e3o p\u00fablica ou proventos de aposentadoria (conforme formul\u00e1rio a ser fornecido pela PMDF);<\/span><\/p>\n<p style=\"text-align: justify;margin-left: 40px\">\n\t<span style=\"color:#000000;\">\u2022\u2022 c\u00f3pia autenticada do T\u00edtulo de Eleitor e comprovante de vota\u00e7\u00e3o da \u00faltima elei\u00e7\u00e3o nos dois turnos, quando for o caso;<\/span><\/p>\n<p style=\"text-align: justify;margin-left: 40px\">\n\t<span style=\"color:#000000;\">\u2022\u2022 c\u00f3pia autenticada do CPF (Cadastro de Pessoa F\u00edsica);<\/span><\/p>\n<p style=\"text-align: justify;margin-left: 40px\">\n\t<span style=\"color:#000000;\">\u2022\u2022 c\u00f3pia autenticada da Certid\u00e3o de Nascimento ou Casamento;<\/span><\/p>\n<p style=\"text-align: justify;margin-left: 40px\">\n\t<span style=\"color:#000000;\">\u2022\u2022 c\u00f3pia autenticada da Carteira de Identidade;<\/span><\/p>\n<p style=\"text-align: justify;margin-left: 40px\">\n\t<span style=\"color:#000000;\">\u2022\u2022 declara\u00e7\u00e3o de bens e direitos, em formul\u00e1rio pr\u00f3prio;<\/span><\/p>\n<p style=\"text-align: justify;margin-left: 40px\">\n\t<span style=\"color:#000000;\">\u2022\u2022 c\u00f3pia autenticada do diploma de conclus\u00e3o de ensino superior, reconhecido pelos sistemas de ensino federal, estadual ou do Distrito Federal;<\/span><\/p>\n<p style=\"text-align: justify;margin-left: 40px\">\n\t<span style=\"color:#000000;\">\u2022\u2022 c\u00f3pia autenticada do comprovante de resid\u00eancia atualizado.<\/span><\/p>\n<p style=\"text-align: justify\">\n\t<span style=\"color:#000000;\">O curso de forma\u00e7\u00e3o, de car\u00e1ter eliminat\u00f3rio e classificat\u00f3rio, foi realizado na Escola de Forma\u00e7\u00e3o Pra\u00e7as da Pol\u00edcia Militar do Distrito Federal com dedica\u00e7\u00e3o integral.<\/span><\/p>\n<p style=\"text-align: justify\">\n\t<span style=\"color:#000000;\">Durante a realiza\u00e7\u00e3o do Curso de Forma\u00e7\u00e3o de Pra\u00e7as, o aluno (Soldado de 2.\u00aa Classe) recebeu remunera\u00e7\u00e3o mensal, de acordo com a Lei de Vencimentos da Pol\u00edcia Militar do Distrito Federal.<\/span><\/p>\n<p style=\"text-align: justify\">\n\t&nbsp;<\/p>\n<h3 style=\"text-align: justify\">\n\tDisciplinas Detalhadas<\/h3>\n<p style=\"text-align: justify\">\n\t<span style=\"color:#000000;\">Abaixo, voc\u00ea encontrar\u00e1 as disciplinas cobradas no edital PMDF 2012 de forma detalhada.<\/span><\/p>\n<p style=\"text-align: justify\">\n\t&nbsp;<\/p>\n<p style=\"text-align: justify;\">\n\t<strong>CONHECIMENTOS GERAIS<\/strong><\/p>\n<p style=\"text-align: justify;\">\n\t<span style=\"color:#000000;\">L\u00edngua Portuguesa<\/span><\/p>\n<p style=\"text-align: justify;margin-left: 40px\">\n\t<span style=\"color:#000000;\">1. Compreens\u00e3o e intelec\u00e7\u00e3o de textos.<\/span><\/p>\n<p style=\"text-align: justify;margin-left: 40px\">\n\t<span style=\"color:#000000;\">2. Tipologia textual.<\/span><\/p>\n<p style=\"text-align: justify;margin-left: 40px\">\n\t<span style=\"color:#000000;\">3. Coes\u00e3o e coer\u00eancia.<\/span><\/p>\n<p style=\"text-align: justify;margin-left: 40px\">\n\t<span style=\"color:#000000;\">4. Figuras de linguagem.<\/span><\/p>\n<p style=\"text-align: justify;margin-left: 40px\">\n\t<span style=\"color:#000000;\">5. Ortografia.<\/span><\/p>\n<p style=\"text-align: justify;margin-left: 40px\">\n\t<span style=\"color:#000000;\">6. Acentua\u00e7\u00e3o gr\u00e1fica.<\/span><\/p>\n<p style=\"text-align: justify;margin-left: 40px\">\n\t<span style=\"color:#000000;\">7. Emprego do sinal indicativo de crase.<\/span><\/p>\n<p style=\"text-align: justify;margin-left: 40px\">\n\t<span style=\"color:#000000;\">8. Forma\u00e7\u00e3o, classe e emprego de palavras.<\/span><\/p>\n<p style=\"text-align: justify;margin-left: 40px\">\n\t<span style=\"color:#000000;\">9. Sintaxe da ora\u00e7\u00e3o e do per\u00edodo.<\/span><\/p>\n<p style=\"text-align: justify;margin-left: 40px\">\n\t<span style=\"color:#000000;\">10. Pontua\u00e7\u00e3o.<\/span><\/p>\n<p style=\"text-align: justify;margin-left: 40px\">\n\t<span style=\"color:#000000;\">11. Concord\u00e2ncia nominal e verbal.<\/span><\/p>\n<p style=\"text-align: justify;margin-left: 40px\">\n\t<span style=\"color:#000000;\">12. Coloca\u00e7\u00e3o pronominal.<\/span><\/p>\n<p style=\"text-align: justify;margin-left: 40px\">\n\t<span style=\"color:#000000;\">13. Reg\u00eancia nominal e verbal.<\/span><\/p>\n<p style=\"text-align: justify;margin-left: 40px\">\n\t<span style=\"color:#000000;\">14. Equival\u00eancia e transforma\u00e7\u00e3o de estruturas.<\/span><\/p>\n<p style=\"text-align: justify;margin-left: 40px\">\n\t<span style=\"color:#000000;\">15. Paralelismo sint\u00e1tico.<\/span><\/p>\n<p style=\"text-align: justify;margin-left: 40px\">\n\t<span style=\"color:#000000;\">16. Rela\u00e7\u00f5es de sinon\u00edmia e anton\u00edmia.<\/span><\/p>\n<h4 style=\"text-align: justify\">\n\t<span style=\"color:#000000;\">&nbsp;<\/span><\/h4>\n<h4 style=\"text-align: justify\">\n\t<span style=\"color:#000000;\">Atualidades.<\/span><\/h4>\n<p style=\"text-align: justify;margin-left: 40px\">\n\t<span style=\"color:#000000;\">1. Dom\u00ednio de t\u00f3picos atuais e relevantes de diversas \u00e1reas, tais como desenvolvimento sustent\u00e1vel, ecologia, tecnologia, energia, pol\u00edtica, economia, sociedade, rela\u00e7\u00f5es internacionais, educa\u00e7\u00e3o, sa\u00fade, seguran\u00e7a e artes e literatura e suas vincula\u00e7\u00f5es hist\u00f3ricas.<\/span><\/p>\n<p style=\"text-align: justify;margin-left: 40px\">\n\t<span style=\"color:#000000;\">2. Atualidades e contextos hist\u00f3ricos, geogr\u00e1ficos, sociais, pol\u00edticos, econ\u00f4micos e culturais referentes ao Distrito Federal e Regi\u00e3o Integrada de Desenvolvimento do Entorno \u2013 RIDE.<\/span><\/p>\n<p style=\"text-align: justify;margin-left: 40px\">\n\t<span style=\"color:#000000;\">3. No\u00e7\u00f5es de cidadania.<\/span><\/p>\n<h4 style=\"text-align: justify\">\n\t<span style=\"color:#000000;\">&nbsp;<\/span><\/h4>\n<h4 style=\"text-align: justify\">\n\t<span style=\"color:#000000;\">Racioc\u00ednio L\u00f3gico.<\/span><\/h4>\n<p style=\"text-align: justify;margin-left: 40px\">\n\t<span style=\"color:#000000;\">1. Compreens\u00e3o de estruturas l\u00f3gicas.<\/span><\/p>\n<p style=\"text-align: justify;margin-left: 40px\">\n\t<span style=\"color:#000000;\">2. L\u00f3gica de argumenta\u00e7\u00e3o: analogias, infer\u00eancias, dedu\u00e7\u00f5es e conclus\u00f5es.<\/span><\/p>\n<p style=\"text-align: justify;margin-left: 40px\">\n\t<span style=\"color:#000000;\">3. Diagramas l\u00f3gicos.<\/span><\/p>\n<p style=\"text-align: justify;margin-left: 40px\">\n\t<span style=\"color:#000000;\">4. Princ\u00edpios de contagem e probabilidade.<\/span><\/p>\n<p style=\"text-align: justify;margin-left: 40px\">\n\t<span style=\"color:#000000;\">5. Arranjos e permuta\u00e7\u00f5es.<\/span><\/p>\n<p style=\"text-align: justify;margin-left: 40px\">\n\t<span style=\"color:#000000;\">6. Combina\u00e7\u00f5es.<\/span><\/p>\n<h4 style=\"text-align: justify\">\n\t<span style=\"color:#000000;\">&nbsp;<\/span><\/h4>\n<h4 style=\"text-align: justify\">\n\t<span style=\"color:#000000;\">No\u00e7\u00f5es de Inform\u00e1tica:<\/span><\/h4>\n<p style=\"text-align: justify;margin-left: 40px\">\n\t<span style=\"color:#000000;\">1. Sistema Operacional Windows XP.<\/span><\/p>\n<p style=\"text-align: justify;margin-left: 40px\">\n\t<span style=\"color:#000000;\">2. Conceitos de organiza- \u00e7\u00e3o e de gerenciamento de arquivos, pastas e programas.<\/span><\/p>\n<p style=\"text-align: justify;margin-left: 40px\">\n\t<span style=\"color:#000000;\">3. Conceitos, servi\u00e7os e tecnologias relacionados a intranet, Internet e a correio eletr\u00f4nico.<\/span><\/p>\n<p style=\"text-align: justify;margin-left: 40px\">\n\t<span style=\"color:#000000;\">4. Programas e Aplicativos: Microsoft Office 2003: Word, PowerPoint, Excel; Internet Explorer 7 e Outlook Express.<\/span><\/p>\n<p style=\"text-align: justify;margin-left: 40px\">\n\t<span style=\"color:#000000;\">5. Conceitos e procedimentos de prote\u00e7\u00e3o e seguran\u00e7a da informa\u00e7\u00e3o. 6. Procedimentos, aplicativos e dispositivos para armazenamento de dados e para realiza\u00e7\u00e3o de c\u00f3pia de seguran\u00e7a (backup).<\/span><\/p>\n<p style=\"text-align: justify\">\n\t&nbsp;<\/p>\n<p style=\"text-align: justify\">\n\t&nbsp;<\/p>\n<p style=\"text-align: justify;\">\n\t<span style=\"color:#000000;\"><strong>CONHECIMENTOS ESPEC\u00cdFICOS PARA TODOS OS CARGOS <\/strong><\/span><\/p>\n<p style=\"text-align: justify;\">\n\t<span style=\"color:#000000;\">No\u00e7\u00f5es de Administra\u00e7\u00e3o e Psicologia.<\/span><\/p>\n<p style=\"text-align: justify;margin-left: 40px\">\n\t<span style=\"color:#000000;\">1. Teoria geral de administra\u00e7\u00e3o.<\/span><\/p>\n<p style=\"text-align: justify;margin-left: 40px\">\n\t<span style=\"color:#000000;\">2. No\u00e7\u00f5es de gest\u00e3o de pessoas.<\/span><\/p>\n<p style=\"text-align: justify;margin-left: 40px\">\n\t<span style=\"color:#000000;\">3. Rela\u00e7\u00f5es humanas.<\/span><\/p>\n<p style=\"text-align: justify;margin-left: 40px\">\n\t<span style=\"color:#000000;\">4. \u00c9tica profissional.<\/span><\/p>\n<h4 style=\"text-align: justify\">\n\t<span style=\"color:#000000;\">&nbsp;<\/span><\/h4>\n<h4 style=\"text-align: justify\">\n\t<span style=\"color:#000000;\">Lei Org\u00e2nica do Distrito Federal.<\/span><\/h4>\n<p style=\"text-align: justify;margin-left: 40px\">\n\t<span style=\"color:#000000;\">1. T\u00edtulo I \u2013 Dos Fundamentos da Organiza\u00e7\u00e3o dos Poderes e do Distrito Federal.<\/span><\/p>\n<p style=\"text-align: justify;margin-left: 40px\">\n\t<span style=\"color:#000000;\">2. T\u00edtulo II \u2013 Da Organiza\u00e7\u00e3o do Distrito Federal.<\/span><\/p>\n<p style=\"text-align: justify;margin-left: 40px\">\n\t<span style=\"color:#000000;\">3. T\u00edtulo III \u2013 Da Organiza\u00e7\u00e3o dos Poderes.<\/span><\/p>\n<h4 style=\"text-align: justify\">\n\t<span style=\"color:#000000;\">&nbsp;<\/span><\/h4>\n<h4 style=\"text-align: justify\">\n\t<span style=\"color:#000000;\">No\u00e7\u00f5es de Direito Administrativo.<\/span><\/h4>\n<p style=\"text-align: justify;margin-left: 40px\">\n\t<span style=\"color:#000000;\">1. Direito Administrativo: conceito, fontes, princ\u00edpios.<\/span><\/p>\n<p style=\"text-align: justify;margin-left: 40px\">\n\t<span style=\"color:#000000;\">2. Administra\u00e7\u00e3o P\u00fablica: natureza, elementos, poderes e organiza\u00e7\u00e3o, natureza, fins e princ\u00ed- pios; administra\u00e7\u00e3o direta e indireta; planejamento, coordena\u00e7\u00e3o, descentraliza\u00e7\u00e3o, delega\u00e7\u00e3o de compet\u00eancia, controle; da administra\u00e7\u00e3o do Distrito Federal; organiza\u00e7\u00e3o administrativa da Uni\u00e3o.<\/span><\/p>\n<p style=\"text-align: justify;margin-left: 40px\">\n\t<span style=\"color:#000000;\">3. Agentes p\u00fablicos: esp\u00e9cies e classifica\u00e7\u00e3o; direitos, deveres e prerrogativas; cargo, emprego e fun\u00e7\u00e3o p\u00fablicos.<\/span><\/p>\n<p style=\"text-align: justify;margin-left: 40px\">\n\t<span style=\"color:#000000;\">4. Atos administrativos: conceito e requisitos; atributos; invalida\u00e7\u00e3o; classifica\u00e7\u00e3o; esp\u00e9cies.<\/span><\/p>\n<p style=\"text-align: justify;margin-left: 40px\">\n\t<span style=\"color:#000000;\">5. Poderes administrativos: poder vinculado, poder discricion\u00e1rio, poder hier\u00e1rquico, poder disciplinar, poder regulamentar, poder de pol\u00edcia.<\/span><\/p>\n<p style=\"text-align: justify;margin-left: 40px\">\n\t<span style=\"color:#000000;\">6. Do uso e do abuso do poder.<\/span><\/p>\n<p style=\"text-align: justify;margin-left: 40px\">\n\t<span style=\"color:#000000;\">7. Controle e responsabiliza\u00e7\u00e3o da administra\u00e7\u00e3o: controle administrativo; controle judicial; controle legislativo; responsabilidade civil do Estado.<\/span><\/p>\n<h4 style=\"text-align: justify\">\n\t<span style=\"color:#000000;\">&nbsp;<\/span><\/h4>\n<h4 style=\"text-align: justify\">\n\t<span style=\"color:#000000;\">No\u00e7\u00f5es de Direito Constitucional.<\/span><\/h4>\n<p style=\"text-align: justify;margin-left: 40px\">\n\t<span style=\"color:#000000;\">1. Dos princ\u00edpios fundamentais.<\/span><\/p>\n<p style=\"text-align: justify;margin-left: 40px\">\n\t<span style=\"color:#000000;\">2. Dos direitos e garantias fundamentais (direitos e deveres individuais e coletivos, nacionalidade).<\/span><\/p>\n<p style=\"text-align: justify;margin-left: 40px\">\n\t<span style=\"color:#000000;\">3. Da organiza\u00e7\u00e3o do Estado (organiza\u00e7\u00e3o pol\u00edtico-administrativa, Uni\u00e3o, Estados Federados, Munic\u00edpios, Distrito Federal e Territ\u00f3rios, militares dos Estados, Distrito Federal e Territ\u00f3rios).<\/span><\/p>\n<p style=\"text-align: justify;margin-left: 40px\">\n\t<span style=\"color:#000000;\">4. Da organiza\u00e7\u00e3o dos poderes (poder legislativo, congresso nacional, atribui\u00e7\u00f5es do congresso nacional, c\u00e2mara dos deputados, senado federal, deputados e senadores, processo legislativo, poder executivo).<\/span><\/p>\n<p style=\"text-align: justify;margin-left: 40px\">\n\t<span style=\"color:#000000;\">5. Da defesa do Estado e das Institui\u00e7\u00f5es Democr\u00e1ticas (estado de defesa e estado de s\u00edtio, For\u00e7as Armadas, seguran\u00e7a p\u00fablica).<\/span><\/p>\n<p style=\"text-align: justify;margin-left: 40px\">\n\t<span style=\"color:#000000;\">6. Da administra\u00e7\u00e3o p\u00fablica.<\/span><\/p>\n<h4 style=\"text-align: justify\">\n\t<span style=\"color:#000000;\">&nbsp;<\/span><\/h4>\n<h4 style=\"text-align: justify\">\n\t<span style=\"color:#000000;\">No\u00e7\u00f5es de Direito Penal.<\/span><\/h4>\n<p style=\"text-align: justify;margin-left: 40px\">\n\t<span style=\"color:#000000;\">1. Princ\u00edpios constitucionais do Direito Penal.<\/span><\/p>\n<p style=\"text-align: justify;margin-left: 40px\">\n\t<span style=\"color:#000000;\">2. A lei penal no tempo.<\/span><\/p>\n<p style=\"text-align: justify;margin-left: 40px\">\n\t<span style=\"color:#000000;\">3. A lei penal no espa\u00e7o.<\/span><\/p>\n<p style=\"text-align: justify;margin-left: 40px\">\n\t<span style=\"color:#000000;\">4. Interpreta\u00e7\u00e3o da lei penal.<\/span><\/p>\n<p style=\"text-align: justify;margin-left: 40px\">\n\t<span style=\"color:#000000;\">5. Infra\u00e7\u00e3o penal: esp\u00e9cies.<\/span><\/p>\n<p style=\"text-align: justify;margin-left: 40px\">\n\t<span style=\"color:#000000;\">6. Sujeito ativo e sujeito passivo da infra\u00e7\u00e3o penal.<\/span><\/p>\n<p style=\"text-align: justify;margin-left: 40px\">\n\t<span style=\"color:#000000;\">7. Tipicidade, ilicitude, culpabilidade, punibilidade.<\/span><\/p>\n<p style=\"text-align: justify;margin-left: 40px\">\n\t<span style=\"color:#000000;\">8. Excludentes de ilicitude e de culpabilidade.<\/span><\/p>\n<p style=\"text-align: justify;margin-left: 40px\">\n\t<span style=\"color:#000000;\">9. Erro de tipo; erro de proibi\u00e7\u00e3o.<\/span><\/p>\n<p style=\"text-align: justify;margin-left: 40px\">\n\t<span style=\"color:#000000;\">10. Imputabilidade penal.<\/span><\/p>\n<p style=\"text-align: justify;margin-left: 40px\">\n\t<span style=\"color:#000000;\">11. Concurso de pessoas.<\/span><\/p>\n<p style=\"text-align: justify;margin-left: 40px\">\n\t<span style=\"color:#000000;\">12. Das Penas.<\/span><\/p>\n<p style=\"text-align: justify;margin-left: 40px\">\n\t<span style=\"color:#000000;\">13 Crimes contra a pessoa.<\/span><\/p>\n<p style=\"text-align: justify;margin-left: 40px\">\n\t<span style=\"color:#000000;\">14. Crimes contra o patrim\u00f4nio.<\/span><\/p>\n<p style=\"text-align: justify;margin-left: 40px\">\n\t<span style=\"color:#000000;\">15. Dos Crimes contra os Costumes.<\/span><\/p>\n<p style=\"text-align: justify;margin-left: 40px\">\n\t<span style=\"color:#000000;\">16. Dos Crimes contra a Paz P\u00fablica.<\/span><\/p>\n<p style=\"text-align: justify;margin-left: 40px\">\n\t<span style=\"color:#000000;\">17. Crimes contra a administra\u00e7\u00e3o p\u00fablica.<\/span><\/p>\n<h4 style=\"text-align: justify\">\n\t<span style=\"color:#000000;\">&nbsp;<\/span><\/h4>\n<h4 style=\"text-align: justify\">\n\t<span style=\"color:#000000;\">No\u00e7\u00f5es de Direito Processual Penal.<\/span><\/h4>\n<p style=\"text-align: justify;margin-left: 40px\">\n\t<span style=\"color:#000000;\">1. Princ\u00edpios do Processo Penal.<\/span><\/p>\n<p style=\"text-align: justify;margin-left: 40px\">\n\t<span style=\"color:#000000;\">2. Sistemas Processuais.<\/span><\/p>\n<p style=\"text-align: justify;margin-left: 40px\">\n\t<span style=\"color:#000000;\">3. Inqu\u00e9rito Policial.<\/span><\/p>\n<p style=\"text-align: justify;margin-left: 40px\">\n\t<span style=\"color:#000000;\">4. A\u00e7\u00e3o Penal: esp\u00e9cies.<\/span><\/p>\n<p style=\"text-align: justify;margin-left: 40px\">\n\t<span style=\"color:#000000;\">5. Da prova: exame de corpo de delito, ind\u00edcios, busca e apreens\u00e3o, local do crime.<\/span><\/p>\n<p style=\"text-align: justify;margin-left: 40px\">\n\t<span style=\"color:#000000;\">6. Da Pris\u00e3o e da Liberdade Provis\u00f3ria.<\/span><\/p>\n<h4 style=\"text-align: justify\">\n\t<span style=\"color:#000000;\">&nbsp;<\/span><\/h4>\n<h4 style=\"text-align: justify\">\n\t<span style=\"color:#000000;\">Legisla\u00e7\u00e3o Extravagante.<\/span><\/h4>\n<p style=\"text-align: justify;margin-left: 40px\">\n\t<span style=\"color:#000000;\">1. Estatuto do Desarmamento (Lei n.\u00ba 10.826\/2003).<\/span><\/p>\n<p style=\"text-align: justify;margin-left: 40px\">\n\t<span style=\"color:#000000;\">2. Crimes hediondos (Lei n.\u00ba 8.072\/1990).<\/span><\/p>\n<p style=\"text-align: justify;margin-left: 40px\">\n\t<span style=\"color:#000000;\">3. Crimes resultantes de preconceitos de ra\u00e7a ou de cor (Lei n.\u00ba 7.716\/1989).<\/span><\/p>\n<p style=\"text-align: justify;margin-left: 40px\">\n\t<span style=\"color:#000000;\">4. Apresenta\u00e7\u00e3o e uso de documento de identifica\u00e7\u00e3o pessoal (Lei n.\u00ba 5.553\/1968).<\/span><\/p>\n<p style=\"text-align: justify;margin-left: 40px\">\n\t<span style=\"color:#000000;\">5. O direito de representa\u00e7\u00e3o e o processo de responsabilidade administrativa, civil e penal, nos casos de Abuso de Autoridade (Lei n.\u00ba 4.898\/1965).<\/span><\/p>\n<p style=\"text-align: justify;margin-left: 40px\">\n\t<span style=\"color:#000000;\">6. Defini\u00e7\u00e3o dos crimes de tortura (Lei n.\u00ba 9.455\/1997).<\/span><\/p>\n<p style=\"text-align: justify;margin-left: 40px\">\n\t<span style=\"color:#000000;\">7. Estatuto da Crian\u00e7a e do Adolescente (Lei n.\u00ba 8.069\/1990).<\/span><\/p>\n<p style=\"text-align: justify;margin-left: 40px\">\n\t<span style=\"color:#000000;\">8. Estatuto do Idoso (Lei n.\u00ba 10.741\/2003): dos crimes em esp\u00e9cies.<\/span><\/p>\n<p style=\"text-align: justify;margin-left: 40px\">\n\t<span style=\"color:#000000;\">9. C\u00f3digo de Tr\u00e2nsito Brasileiro (Lei n.\u00ba 9.503\/1997).<\/span><\/p>\n<p style=\"text-align: justify;margin-left: 40px\">\n\t<span style=\"color:#000000;\">10. Juizados Especiais Criminais (Lei n.\u00ba 9.099\/1995 e 10.259\/2001).<\/span><\/p>\n<p style=\"text-align: justify;margin-left: 40px\">\n\t<span style=\"color:#000000;\">11. Lei Maria da Penha \u2013 Viol\u00eancia dom\u00e9stica e familiar contra a mulher (Lei n\u00ba. 11.340\/2006): T\u00edtulo I e II, Cap\u00edtulo III do T\u00edtulo III.<\/span><\/p>\n<p style=\"text-align: justify;margin-left: 40px\">\n\t<span style=\"color:#000000;\">12. Sistema Nacional de Pol\u00edticas P\u00fablicas sobre Drogas (Lei n.\u00ba 11.343\/2006).<\/span><\/p>\n<p style=\"text-align: justify;margin-left: 40px\">\n\t<span style=\"color:#000000;\">13. Crimes contra as Rela\u00e7\u00f5es de Consumo (T\u00edtulo II da Lei n\u00ba 8.078\/1990).<\/span><\/p>\n<p style=\"text-align: justify;margin-left: 40px\">\n\t<span style=\"color:#000000;\">14. Lei das Contraven\u00e7\u00f5es Penais (Decreto-Lei n.\u00ba 3.688\/1941).<\/span><\/p>\n<p style=\"text-align: justify;margin-left: 40px\">\n\t<span style=\"color:#000000;\">15. Lei dos Crimes contra o Meio Ambiente (Lei n\u00ba 9.605\/1998).<\/span><\/p>\n<p style=\"text-align: justify;margin-left: 40px\">\n\t<span style=\"color:#000000;\">16. Regime Jur\u00eddico dos Policiais Militares da Pol\u00edcia Militar do Distrito Federal: Lei n.\u00ba 7.289\/1984; Lei n.\u00ba 10.486\/2002; Decreto Federal n.\u00ba 4.346, de 26 de agosto de 2002 (RDEx, aplicado na PMDF de acordo com o Decreto GDF n.\u00ba 4.346\/2002).<\/span><\/p>\n<p style=\"text-align: justify;margin-left: 40px\">\n\t<span style=\"color:#000000;\">17. Organiza\u00e7\u00e3o B\u00e1sica da PMDF: Lei n.\u00ba 6.450, de 14 de outubro de 1977.<\/span><\/p>\n<h4 style=\"text-align: justify\">\n\t<span style=\"color:#000000;\">&nbsp;<\/span><\/h4>\n<h4 style=\"text-align: justify\">\n\t<span style=\"color:#000000;\">No\u00e7\u00f5es de Direito Penal Militar.<\/span><\/h4>\n<p style=\"text-align: justify;margin-left: 40px\">\n\t<span style=\"color:#000000;\">1. Aplica\u00e7\u00e3o da lei penal militar.<\/span><\/p>\n<p style=\"text-align: justify;margin-left: 40px\">\n\t<span style=\"color:#000000;\">2. Do Crime.<\/span><\/p>\n<p style=\"text-align: justify;margin-left: 40px\">\n\t<span style=\"color:#000000;\">3. Da Imputabilidade Penal.<\/span><\/p>\n<p style=\"text-align: justify;margin-left: 40px\">\n\t<span style=\"color:#000000;\">4. Concurso de agentes.<\/span><\/p>\n<p style=\"text-align: justify;margin-left: 40px\">\n\t<span style=\"color:#000000;\">5. Das penas principais.<\/span><\/p>\n<p style=\"text-align: justify;margin-left: 40px\">\n\t<span style=\"color:#000000;\">6. Das Penas acess\u00f3rias.<\/span><\/p>\n<p style=\"text-align: justify;margin-left: 40px\">\n\t<span style=\"color:#000000;\">7. Efeitos da condena\u00e7\u00e3o.<\/span><\/p>\n<p style=\"text-align: justify;margin-left: 40px\">\n\t<span style=\"color:#000000;\">8. A\u00e7\u00e3o penal.<\/span><\/p>\n<p style=\"text-align: justify;margin-left: 40px\">\n\t<span style=\"color:#000000;\">9. Extin\u00e7\u00e3o da punibilidade.<\/span><\/p>\n<p style=\"text-align: justify;margin-left: 40px\">\n\t<span style=\"color:#000000;\">10. Dos crimes militares em tempo de paz. Dos crimes contra a autoridade ou disciplina militar. Dos crimes contra o servi\u00e7o e o dever militar. Dos crimes contra a Administra\u00e7\u00e3o Militar.<\/span><\/p>\n<p style=\"text-align: justify\">\n\t&nbsp;<\/p>\n<p style=\"text-align: justify\">\n\t&nbsp;<\/p>\n<p style=\"text-align: justify;\">\n\t<span style=\"color:#000000;\"><strong>CONHECIMENTOS ESPEC\u00cdFICOS PARA OS CARGOS SOLDADO POLICIAL MILITAR DO QUADRO DE PRA\u00c7AS POLICIAIS MILITARES ESPECIALISTAS CORNETEIROS<\/strong><\/span><\/p>\n<p style=\"text-align: justify; margin-left: 40px;\">\n\t<span style=\"color:#000000;\">Teoria Musical: notas; pauta; clave de sol, clave de f\u00e1 na 4\u00aa linha; valores; semitom, tom e altera\u00e7\u00f5es; ponto de aumento e de diminui\u00e7\u00e3o; ligadura; intervalos simples e compostos: forma\u00e7\u00e3o, classifica\u00e7\u00e3o, invers\u00e3o e enarmonia; escala &#8211; grau; escala maior: forma primitiva; escala menor: forma primitiva, harm\u00f4nica e mel\u00f3dica; compassos; s\u00edncope; contratempo; anacruse; qui\u00e1lteras; abreviaturas; escala geral.<\/span><\/p>\n<p style=\"text-align: justify\">\n\t&nbsp;<\/p>\n<p style=\"text-align: justify\">\n\t&nbsp;<\/p>\n<p style=\"text-align: justify;\">\n\t<span style=\"color:#000000;\"><strong>CONHECIMENTOS ESPEC\u00cdFICOS PARA OS CARGOS SOLDADO POLICIAL MILITAR DO QUADRO DE PRA\u00c7AS POLICIAIS MILITARES ESPECIALISTAS M\u00daSICOS<\/strong><\/span><\/p>\n<p style=\"text-align: justify;margin-left: 40px\">\n\t<span style=\"color:#000000;\">Teoria Musical: notas; pauta; clave de sol; clave de f\u00e1 na 4\u00aa linha; valores; semitom, tom e altera\u00e7\u00f5es; ponto de aumento e de diminui\u00e7\u00e3o; ligadura; claves de d\u00f3 na 1\u00aa, 2\u00aa, 3\u00aa e 4\u00aa linhas; intervalos simples e compostos: forma\u00e7\u00e3o, classifica\u00e7\u00e3o, invers\u00e3o e enarmonia; escala &#8211; grau; escala maior: forma primitiva, harm\u00f4nica e mel\u00f3dica; escala menor: forma primitiva, harm\u00f4- nica e mel\u00f3dica; s\u00e9rie harm\u00f4nica; compassos; s\u00edncope; contratempo; qui\u00e1lteras e anacruse; tons vizinhos; modos lit\u00fargicos: j\u00f4nio; d\u00f3rico, fr\u00edgio, l\u00eddio, mixol\u00eddio, e\u00f3lio e l\u00f3crio; forma- \u00e7\u00e3o, classifica\u00e7\u00e3o, invers\u00f5es e cifragem pr\u00e1tica de acordes: tr\u00edades; maior, menor, diminuta, aumentada; forma\u00e7\u00e3o, classifica\u00e7\u00e3o, invers\u00f5es e cifragem pr\u00e1tica de acordes: t\u00e9trades; maior, menor, diminuta, aumentada e dominantes; resolu\u00e7\u00e3o do tr\u00edtono na prepara\u00e7\u00e3o V7 prim\u00e1rio; ornamento: apogiatura, mordente, grupeto, trinado, floreio, portamento, arpejo, cad\u00eancia, glisando; transporte; transposi\u00e7\u00e3o para instrumentos transpositores; andamento; express\u00e3o; escalas artificiais: escala crom\u00e1tica maior e menor; abreviaturas; escala geral.<\/span><\/p>\n<p style=\"text-align: justify\">\n\t&nbsp;<\/p>\n<p style=\"text-align: justify\">\n\t<strong><span style=\"color:#000000;\">O Estrat\u00e9gia Concursos j\u00e1 lan\u00e7ou cursos focados no&nbsp;<\/span><a href=\"https:\/\/www.estrategiaconcursos.com.br\/cursosPorConcurso\/policia-militar-do-distrito-federal-pmdf\/\" target=\"_blank\" rel=\"noopener\">edital PMDF Soldado<\/a><span style=\"color:#000000;\">. Nossos cursos cont\u00eam o conte\u00fado completo que ser\u00e1 cobrado na sua prova. S\u00e3o PDF\u00b4s e videoaulas, al\u00e9m de um f\u00f3rum de d\u00favidas exclusivo na \u00e1rea do aluno para voc\u00ea esclarecer pontos com seus professores. Confiamos tanto na qualidade da nossa equipe e dos nossos materiais que n\u00f3s temos uma pol\u00edtica de satisfa\u00e7\u00e3o garantida ou seu dinheiro de volta, em at\u00e9 30 dias e sem burocracia.&nbsp;Voc\u00ea n\u00e3o tem nada a perder, conhe\u00e7a nossos cursos!<\/span><\/strong><\/p>\n<p style=\"text-align: justify\">\n\t&nbsp;<\/p>\n<p style=\"text-align: justify\">\n\t<img loading=\"lazy\" decoding=\"async\" width=\"300\" height=\"102\" alt=\"edital pmdf soldado\" class=\"alignnone size-full wp-image-68542\" src=\"https:\/\/dhg1h5j42swfq.cloudfront.net\/2017\/03\/28152500\/coruja-ficha-tecnica-300x102.png\" style=\"width: 200px;height: 68px\"\/><\/p>\n<p style=\"text-align: justify\">\n\t<span style=\"color:#000000;\">\u25ba&nbsp;<strong>Informa\u00e7\u00f5es do Concurso Anterior<\/strong><\/span><\/p>\n<p style=\"text-align: justify\">\n\t<span style=\"color:#000000;\"><strong>\u2022\u2022\u2022 Data:<\/strong> edital em 2012, provas em 2013<br \/>\n<strong>\u2022\u2022\u2022 Edital:<\/strong> <\/span><a href=\"http:\/\/inscricao.universa.org.br\/ProcessoSeletivo.aspx?id=413e3b\" target=\"_blank\" rel=\"noopener\">edital PMDF Soldado 2012<\/a>.<br \/>\n<span style=\"color:#000000;\"><strong>\u2022\u2022\u2022 Banca:<\/strong> <\/span><a href=\"http:\/\/www.universa.org.br\/\" target=\"_blank\" rel=\"noopener\">Funda\u00e7\u00e3o Universa<\/a>&nbsp;<\/p>\n<p>\t<span style=\"color:#000000;\">\u25ba&nbsp;<strong>Informa\u00e7\u00f5es do Pr\u00f3ximo Concurso<\/strong><\/span><\/p>\n<p><span style=\"color:#000000;\"><strong>\u2022\u2022\u2022 Data prevista:<\/strong> provavelmente 2017, banca definida <\/span>(<a href=\"http:\/\/www.iades.com.br\" target=\"_blank\" rel=\"noopener\">IADES<\/a>)<br \/>\n<span style=\"color:#000000;\"><strong>\u2022\u2022\u2022 Vagas:<\/strong>&nbsp;Soldado Policial Militar do Distrito Federal do Quadro de Pra\u00e7as \u2013 Combatente \u2013 500 vagas+1500 CR;&nbsp;Soldado Policial Militar do Distrito Federal do Quadro de Pra\u00e7as \u2013 Especialistas Corneteiros \u2013 18 vagas;&nbsp;Soldado Policial Militar do Distrito Federal do Quadro de Pra\u00e7as \u2013 Especialistas M\u00fasicos \u2013 6 vagas<br \/>\n<strong>\u2022\u2022\u2022 Lota\u00e7\u00f5es:<\/strong> Distrito Federal<br \/>\n<strong>\u2022\u2022\u2022 Remunera\u00e7\u00e3o inicial:<\/strong> &nbsp;mais de 5 mil reais<br \/>\n<strong>\u2022\u2022\u2022 Banca:<\/strong> <\/span><a href=\"http:\/\/www.iades.com.br\" target=\"_blank\" rel=\"noopener\">IADES<\/a><br \/>\n<span style=\"color:#000000;\"><strong>\u2022\u2022\u2022 Escolaridade:<\/strong> Ensino Superior<br \/>\n<strong>\u2022\u2022\u2022 Cursos Estrat\u00e9gia Concursos:<\/strong> <\/span><strong><a href=\"https:\/\/www.estrategiaconcursos.com.br\/cursosPorConcurso\/policia-militar-do-distrito-federal-pmdf\/\" target=\"_blank\" rel=\"noopener\">Cursos PMDF Soldado<\/a><\/strong><\/p>\n","protected":false},"excerpt":{"rendered":"<p>Edital PMDF Soldado: comece a se preparar agora mesmo! &nbsp; Ol\u00e1 caros alunos e amigos concurseiros. Tudo bem? Hoje a minha pergunta \u00e9: Como anda a sua prepara\u00e7\u00e3o para o concurso da Pol\u00edcia Militar do DF? Se voc\u00ea ainda n\u00e3o come\u00e7ou, essa \u00e9 a&nbsp;hora! E se j\u00e1 deu o primeiro passo, est\u00e1 na hora de [&hellip;]<\/p>\n","protected":false},"author":248,"featured_media":0,"comment_status":"open","ping_status":"open","sticky":false,"template":"","format":"standard","meta":{"post_tipo":"article","footnotes":""},"categories":[1,1988],"tags":[2554],"tax_estado":[219970],"class_list":["post-69473","post","type-post","status-publish","format-standard","hentry","category-cursos-e-concursos","category-policia","tag-edital-pmdf-soldado","tax_estado-df"],"acf":[],"yoast_head":"<!-- This site is optimized with the Yoast SEO Premium plugin v27.2 (Yoast SEO v27.2) - https:\/\/yoast.com\/product\/yoast-seo-premium-wordpress\/ -->\n<title>Edital PMDF Soldado: comece agora com aulas gr\u00e1tis!<\/title>\n<meta name=\"description\" content=\"Edital PMDF Soldado: a melhor an\u00e1lise do \u00faltimo edital est\u00e1 aqui. Vagas, emunera\u00e7\u00e3o, disciplinas, etapas do concursos. Saiba tudo agora.\" \/>\n<meta name=\"robots\" content=\"index, follow, max-snippet:-1, max-image-preview:large, max-video-preview:-1\" \/>\n<link rel=\"canonical\" href=\"https:\/\/www.estrategiaconcursos.com.br\/blog\/edital-pmdf-soldado-2017\/\" \/>\n<meta property=\"og:locale\" content=\"pt_BR\" \/>\n<meta property=\"og:type\" content=\"article\" \/>\n<meta property=\"og:title\" content=\"Edital PMDF Soldado: dicas de estudo e AULAS GR\u00c1TIS. S\u00e3o mais de 500 vagas!\" \/>\n<meta property=\"og:description\" content=\"Edital PMDF Soldado: a melhor an\u00e1lise do \u00faltimo edital est\u00e1 aqui. Vagas, emunera\u00e7\u00e3o, disciplinas, etapas do concursos. Saiba tudo agora.\" \/>\n<meta property=\"og:url\" content=\"https:\/\/www.estrategiaconcursos.com.br\/blog\/edital-pmdf-soldado-2017\/\" \/>\n<meta property=\"og:site_name\" content=\"Estrat\u00e9gia Concursos\" \/>\n<meta property=\"article:published_time\" content=\"2017-04-18T19:00:49+00:00\" \/>\n<meta property=\"article:modified_time\" content=\"2023-01-19T19:27:36+00:00\" \/>\n<meta property=\"og:image\" content=\"https:\/\/www.estrategiaconcursos.com.br\/blog\/wp-content\/uploads\/2017\/04\/aulas-pmdf.png\" \/>\n<meta name=\"author\" content=\"Marcos Gir\u00e3o\" \/>\n<meta name=\"twitter:card\" content=\"summary_large_image\" \/>\n<meta name=\"twitter:creator\" content=\"@EstratConcursos\" \/>\n<meta name=\"twitter:site\" content=\"@EstratConcursos\" \/>\n<meta name=\"twitter:label1\" content=\"Escrito por\" \/>\n\t<meta name=\"twitter:data1\" content=\"Marcos Gir\u00e3o\" \/>\n\t<meta name=\"twitter:label2\" content=\"Est. tempo de leitura\" \/>\n\t<meta name=\"twitter:data2\" content=\"24 minutos\" \/>\n<script type=\"application\/ld+json\" class=\"yoast-schema-graph\">{\"@context\":\"https:\/\/schema.org\",\"@graph\":[{\"@type\":\"NewsArticle\",\"@id\":\"https:\/\/www.estrategiaconcursos.com.br\/blog\/edital-pmdf-soldado-2017\/#article\",\"isPartOf\":{\"@id\":\"https:\/\/www.estrategiaconcursos.com.br\/blog\/edital-pmdf-soldado-2017\/\"},\"author\":{\"name\":\"Marcos Gir\u00e3o\",\"@id\":\"https:\/\/www.estrategiaconcursos.com.br\/blog\/#\/schema\/person\/6be195b7a02a8ca214472b848686bb37\"},\"headline\":\"Edital PMDF Soldado: dicas de estudo e AULAS GR\u00c1TIS. S\u00e3o mais de 500 vagas!\",\"datePublished\":\"2017-04-18T19:00:49+00:00\",\"dateModified\":\"2023-01-19T19:27:36+00:00\",\"mainEntityOfPage\":{\"@id\":\"https:\/\/www.estrategiaconcursos.com.br\/blog\/edital-pmdf-soldado-2017\/\"},\"wordCount\":4760,\"commentCount\":0,\"publisher\":{\"@id\":\"https:\/\/www.estrategiaconcursos.com.br\/blog\/#organization\"},\"image\":{\"@id\":\"https:\/\/www.estrategiaconcursos.com.br\/blog\/edital-pmdf-soldado-2017\/#primaryimage\"},\"thumbnailUrl\":\"https:\/\/www.estrategiaconcursos.com.br\/blog\/wp-content\/uploads\/2017\/04\/aulas-pmdf.png\",\"keywords\":[\"edital pmdf soldado\"],\"articleSection\":[\"Concursos P\u00fablicos\",\"Policial (Agente, Escriv\u00e3o e Investigador)\"],\"inLanguage\":\"pt-BR\",\"potentialAction\":[{\"@type\":\"CommentAction\",\"name\":\"Comment\",\"target\":[\"https:\/\/www.estrategiaconcursos.com.br\/blog\/edital-pmdf-soldado-2017\/#respond\"]}],\"copyrightYear\":\"2017\",\"copyrightHolder\":{\"@id\":\"https:\/\/www.estrategiaconcursos.com.br\/blog\/#organization\"}},{\"@type\":\"WebPage\",\"@id\":\"https:\/\/www.estrategiaconcursos.com.br\/blog\/edital-pmdf-soldado-2017\/\",\"url\":\"https:\/\/www.estrategiaconcursos.com.br\/blog\/edital-pmdf-soldado-2017\/\",\"name\":\"Edital PMDF Soldado: comece agora com aulas gr\u00e1tis!\",\"isPartOf\":{\"@id\":\"https:\/\/www.estrategiaconcursos.com.br\/blog\/#website\"},\"primaryImageOfPage\":{\"@id\":\"https:\/\/www.estrategiaconcursos.com.br\/blog\/edital-pmdf-soldado-2017\/#primaryimage\"},\"image\":{\"@id\":\"https:\/\/www.estrategiaconcursos.com.br\/blog\/edital-pmdf-soldado-2017\/#primaryimage\"},\"thumbnailUrl\":\"https:\/\/www.estrategiaconcursos.com.br\/blog\/wp-content\/uploads\/2017\/04\/aulas-pmdf.png\",\"datePublished\":\"2017-04-18T19:00:49+00:00\",\"dateModified\":\"2023-01-19T19:27:36+00:00\",\"description\":\"Edital PMDF Soldado: a melhor an\u00e1lise do \u00faltimo edital est\u00e1 aqui. Vagas, emunera\u00e7\u00e3o, disciplinas, etapas do concursos. Saiba tudo agora.\",\"breadcrumb\":{\"@id\":\"https:\/\/www.estrategiaconcursos.com.br\/blog\/edital-pmdf-soldado-2017\/#breadcrumb\"},\"inLanguage\":\"pt-BR\",\"potentialAction\":[{\"@type\":\"ReadAction\",\"target\":[\"https:\/\/www.estrategiaconcursos.com.br\/blog\/edital-pmdf-soldado-2017\/\"]}]},{\"@type\":\"ImageObject\",\"inLanguage\":\"pt-BR\",\"@id\":\"https:\/\/www.estrategiaconcursos.com.br\/blog\/edital-pmdf-soldado-2017\/#primaryimage\",\"url\":\"https:\/\/dhg1h5j42swfq.cloudfront.net\/2017\/04\/18161821\/aulas-pmdf.png\",\"contentUrl\":\"https:\/\/dhg1h5j42swfq.cloudfront.net\/2017\/04\/18161821\/aulas-pmdf.png\",\"width\":970,\"height\":220,\"caption\":\"aulas pmdf\"},{\"@type\":\"BreadcrumbList\",\"@id\":\"https:\/\/www.estrategiaconcursos.com.br\/blog\/edital-pmdf-soldado-2017\/#breadcrumb\",\"itemListElement\":[{\"@type\":\"ListItem\",\"position\":1,\"name\":\"In\u00edcio\",\"item\":\"https:\/\/www.estrategiaconcursos.com.br\/blog\/\"},{\"@type\":\"ListItem\",\"position\":2,\"name\":\"Edital PMDF Soldado: dicas de estudo e AULAS GR\u00c1TIS. S\u00e3o mais de 500 vagas!\"}]},{\"@type\":\"WebSite\",\"@id\":\"https:\/\/www.estrategiaconcursos.com.br\/blog\/#website\",\"url\":\"https:\/\/www.estrategiaconcursos.com.br\/blog\/\",\"name\":\"Estrat\u00e9gia Concursos\",\"description\":\"O blog da Estrat\u00e9gia Concursos traz not\u00edcias sobre concursos e artigos de professores oferecendo cursos para concursos (pdf + videaulas) no site.\",\"publisher\":{\"@id\":\"https:\/\/www.estrategiaconcursos.com.br\/blog\/#organization\"},\"potentialAction\":[{\"@type\":\"SearchAction\",\"target\":{\"@type\":\"EntryPoint\",\"urlTemplate\":\"https:\/\/www.estrategiaconcursos.com.br\/blog\/?s={search_term_string}\"},\"query-input\":{\"@type\":\"PropertyValueSpecification\",\"valueRequired\":true,\"valueName\":\"search_term_string\"}}],\"inLanguage\":\"pt-BR\"},{\"@type\":\"Organization\",\"@id\":\"https:\/\/www.estrategiaconcursos.com.br\/blog\/#organization\",\"name\":\"Estrat\u00e9gia Concursos\",\"url\":\"https:\/\/www.estrategiaconcursos.com.br\/blog\/\",\"logo\":{\"@type\":\"ImageObject\",\"inLanguage\":\"pt-BR\",\"@id\":\"https:\/\/www.estrategiaconcursos.com.br\/blog\/#\/schema\/logo\/image\/\",\"url\":\"https:\/\/dhg1h5j42swfq.cloudfront.net\/2025\/06\/03203428\/logo_concursos-1.jpg\",\"contentUrl\":\"https:\/\/dhg1h5j42swfq.cloudfront.net\/2025\/06\/03203428\/logo_concursos-1.jpg\",\"width\":230,\"height\":60,\"caption\":\"Estrat\u00e9gia Concursos\"},\"image\":{\"@id\":\"https:\/\/www.estrategiaconcursos.com.br\/blog\/#\/schema\/logo\/image\/\"},\"sameAs\":[\"https:\/\/x.com\/EstratConcursos\"]},{\"@type\":\"Person\",\"@id\":\"https:\/\/www.estrategiaconcursos.com.br\/blog\/#\/schema\/person\/6be195b7a02a8ca214472b848686bb37\",\"name\":\"Marcos Gir\u00e3o\",\"image\":{\"@type\":\"ImageObject\",\"inLanguage\":\"pt-BR\",\"@id\":\"https:\/\/secure.gravatar.com\/avatar\/ac5b9a36e2c99a8280e07b5763e3b764471d5b861c47521bfd2edffdfbb06fbd?s=96&d=mm&r=g\",\"url\":\"https:\/\/secure.gravatar.com\/avatar\/ac5b9a36e2c99a8280e07b5763e3b764471d5b861c47521bfd2edffdfbb06fbd?s=96&d=mm&r=g\",\"contentUrl\":\"https:\/\/secure.gravatar.com\/avatar\/ac5b9a36e2c99a8280e07b5763e3b764471d5b861c47521bfd2edffdfbb06fbd?s=96&d=mm&r=g\",\"caption\":\"Marcos Gir\u00e3o\"},\"url\":\"https:\/\/www.estrategiaconcursos.com.br\/blog\/author\/marcosgiraoestrategiaconcursos-com-br\/\"}]}<\/script>\n<!-- \/ Yoast SEO Premium plugin. -->","yoast_head_json":{"title":"Edital PMDF Soldado: comece agora com aulas gr\u00e1tis!","description":"Edital PMDF Soldado: a melhor an\u00e1lise do \u00faltimo edital est\u00e1 aqui. Vagas, emunera\u00e7\u00e3o, disciplinas, etapas do concursos. Saiba tudo agora.","robots":{"index":"index","follow":"follow","max-snippet":"max-snippet:-1","max-image-preview":"max-image-preview:large","max-video-preview":"max-video-preview:-1"},"canonical":"https:\/\/www.estrategiaconcursos.com.br\/blog\/edital-pmdf-soldado-2017\/","og_locale":"pt_BR","og_type":"article","og_title":"Edital PMDF Soldado: dicas de estudo e AULAS GR\u00c1TIS. S\u00e3o mais de 500 vagas!","og_description":"Edital PMDF Soldado: a melhor an\u00e1lise do \u00faltimo edital est\u00e1 aqui. Vagas, emunera\u00e7\u00e3o, disciplinas, etapas do concursos. Saiba tudo agora.","og_url":"https:\/\/www.estrategiaconcursos.com.br\/blog\/edital-pmdf-soldado-2017\/","og_site_name":"Estrat\u00e9gia Concursos","article_published_time":"2017-04-18T19:00:49+00:00","article_modified_time":"2023-01-19T19:27:36+00:00","og_image":[{"url":"https:\/\/www.estrategiaconcursos.com.br\/blog\/wp-content\/uploads\/2017\/04\/aulas-pmdf.png","type":"","width":"","height":""}],"author":"Marcos Gir\u00e3o","twitter_card":"summary_large_image","twitter_creator":"@EstratConcursos","twitter_site":"@EstratConcursos","twitter_misc":{"Escrito por":"Marcos Gir\u00e3o","Est. tempo de leitura":"24 minutos"},"schema":{"@context":"https:\/\/schema.org","@graph":[{"@type":"NewsArticle","@id":"https:\/\/www.estrategiaconcursos.com.br\/blog\/edital-pmdf-soldado-2017\/#article","isPartOf":{"@id":"https:\/\/www.estrategiaconcursos.com.br\/blog\/edital-pmdf-soldado-2017\/"},"author":{"name":"Marcos Gir\u00e3o","@id":"https:\/\/www.estrategiaconcursos.com.br\/blog\/#\/schema\/person\/6be195b7a02a8ca214472b848686bb37"},"headline":"Edital PMDF Soldado: dicas de estudo e AULAS GR\u00c1TIS. S\u00e3o mais de 500 vagas!","datePublished":"2017-04-18T19:00:49+00:00","dateModified":"2023-01-19T19:27:36+00:00","mainEntityOfPage":{"@id":"https:\/\/www.estrategiaconcursos.com.br\/blog\/edital-pmdf-soldado-2017\/"},"wordCount":4760,"commentCount":0,"publisher":{"@id":"https:\/\/www.estrategiaconcursos.com.br\/blog\/#organization"},"image":{"@id":"https:\/\/www.estrategiaconcursos.com.br\/blog\/edital-pmdf-soldado-2017\/#primaryimage"},"thumbnailUrl":"https:\/\/www.estrategiaconcursos.com.br\/blog\/wp-content\/uploads\/2017\/04\/aulas-pmdf.png","keywords":["edital pmdf soldado"],"articleSection":["Concursos P\u00fablicos","Policial (Agente, Escriv\u00e3o e Investigador)"],"inLanguage":"pt-BR","potentialAction":[{"@type":"CommentAction","name":"Comment","target":["https:\/\/www.estrategiaconcursos.com.br\/blog\/edital-pmdf-soldado-2017\/#respond"]}],"copyrightYear":"2017","copyrightHolder":{"@id":"https:\/\/www.estrategiaconcursos.com.br\/blog\/#organization"}},{"@type":"WebPage","@id":"https:\/\/www.estrategiaconcursos.com.br\/blog\/edital-pmdf-soldado-2017\/","url":"https:\/\/www.estrategiaconcursos.com.br\/blog\/edital-pmdf-soldado-2017\/","name":"Edital PMDF Soldado: comece agora com aulas gr\u00e1tis!","isPartOf":{"@id":"https:\/\/www.estrategiaconcursos.com.br\/blog\/#website"},"primaryImageOfPage":{"@id":"https:\/\/www.estrategiaconcursos.com.br\/blog\/edital-pmdf-soldado-2017\/#primaryimage"},"image":{"@id":"https:\/\/www.estrategiaconcursos.com.br\/blog\/edital-pmdf-soldado-2017\/#primaryimage"},"thumbnailUrl":"https:\/\/www.estrategiaconcursos.com.br\/blog\/wp-content\/uploads\/2017\/04\/aulas-pmdf.png","datePublished":"2017-04-18T19:00:49+00:00","dateModified":"2023-01-19T19:27:36+00:00","description":"Edital PMDF Soldado: a melhor an\u00e1lise do \u00faltimo edital est\u00e1 aqui. Vagas, emunera\u00e7\u00e3o, disciplinas, etapas do concursos. Saiba tudo agora.","breadcrumb":{"@id":"https:\/\/www.estrategiaconcursos.com.br\/blog\/edital-pmdf-soldado-2017\/#breadcrumb"},"inLanguage":"pt-BR","potentialAction":[{"@type":"ReadAction","target":["https:\/\/www.estrategiaconcursos.com.br\/blog\/edital-pmdf-soldado-2017\/"]}]},{"@type":"ImageObject","inLanguage":"pt-BR","@id":"https:\/\/www.estrategiaconcursos.com.br\/blog\/edital-pmdf-soldado-2017\/#primaryimage","url":"https:\/\/dhg1h5j42swfq.cloudfront.net\/2017\/04\/18161821\/aulas-pmdf.png","contentUrl":"https:\/\/dhg1h5j42swfq.cloudfront.net\/2017\/04\/18161821\/aulas-pmdf.png","width":970,"height":220,"caption":"aulas pmdf"},{"@type":"BreadcrumbList","@id":"https:\/\/www.estrategiaconcursos.com.br\/blog\/edital-pmdf-soldado-2017\/#breadcrumb","itemListElement":[{"@type":"ListItem","position":1,"name":"In\u00edcio","item":"https:\/\/www.estrategiaconcursos.com.br\/blog\/"},{"@type":"ListItem","position":2,"name":"Edital PMDF Soldado: dicas de estudo e AULAS GR\u00c1TIS. S\u00e3o mais de 500 vagas!"}]},{"@type":"WebSite","@id":"https:\/\/www.estrategiaconcursos.com.br\/blog\/#website","url":"https:\/\/www.estrategiaconcursos.com.br\/blog\/","name":"Estrat\u00e9gia Concursos","description":"O blog da Estrat\u00e9gia Concursos traz not\u00edcias sobre concursos e artigos de professores oferecendo cursos para concursos (pdf + videaulas) no site.","publisher":{"@id":"https:\/\/www.estrategiaconcursos.com.br\/blog\/#organization"},"potentialAction":[{"@type":"SearchAction","target":{"@type":"EntryPoint","urlTemplate":"https:\/\/www.estrategiaconcursos.com.br\/blog\/?s={search_term_string}"},"query-input":{"@type":"PropertyValueSpecification","valueRequired":true,"valueName":"search_term_string"}}],"inLanguage":"pt-BR"},{"@type":"Organization","@id":"https:\/\/www.estrategiaconcursos.com.br\/blog\/#organization","name":"Estrat\u00e9gia Concursos","url":"https:\/\/www.estrategiaconcursos.com.br\/blog\/","logo":{"@type":"ImageObject","inLanguage":"pt-BR","@id":"https:\/\/www.estrategiaconcursos.com.br\/blog\/#\/schema\/logo\/image\/","url":"https:\/\/dhg1h5j42swfq.cloudfront.net\/2025\/06\/03203428\/logo_concursos-1.jpg","contentUrl":"https:\/\/dhg1h5j42swfq.cloudfront.net\/2025\/06\/03203428\/logo_concursos-1.jpg","width":230,"height":60,"caption":"Estrat\u00e9gia Concursos"},"image":{"@id":"https:\/\/www.estrategiaconcursos.com.br\/blog\/#\/schema\/logo\/image\/"},"sameAs":["https:\/\/x.com\/EstratConcursos"]},{"@type":"Person","@id":"https:\/\/www.estrategiaconcursos.com.br\/blog\/#\/schema\/person\/6be195b7a02a8ca214472b848686bb37","name":"Marcos Gir\u00e3o","image":{"@type":"ImageObject","inLanguage":"pt-BR","@id":"https:\/\/secure.gravatar.com\/avatar\/ac5b9a36e2c99a8280e07b5763e3b764471d5b861c47521bfd2edffdfbb06fbd?s=96&d=mm&r=g","url":"https:\/\/secure.gravatar.com\/avatar\/ac5b9a36e2c99a8280e07b5763e3b764471d5b861c47521bfd2edffdfbb06fbd?s=96&d=mm&r=g","contentUrl":"https:\/\/secure.gravatar.com\/avatar\/ac5b9a36e2c99a8280e07b5763e3b764471d5b861c47521bfd2edffdfbb06fbd?s=96&d=mm&r=g","caption":"Marcos Gir\u00e3o"},"url":"https:\/\/www.estrategiaconcursos.com.br\/blog\/author\/marcosgiraoestrategiaconcursos-com-br\/"}]}},"_links":{"self":[{"href":"https:\/\/www.estrategiaconcursos.com.br\/blog\/wp-json\/wp\/v2\/posts\/69473","targetHints":{"allow":["GET"]}}],"collection":[{"href":"https:\/\/www.estrategiaconcursos.com.br\/blog\/wp-json\/wp\/v2\/posts"}],"about":[{"href":"https:\/\/www.estrategiaconcursos.com.br\/blog\/wp-json\/wp\/v2\/types\/post"}],"author":[{"embeddable":true,"href":"https:\/\/www.estrategiaconcursos.com.br\/blog\/wp-json\/wp\/v2\/users\/248"}],"replies":[{"embeddable":true,"href":"https:\/\/www.estrategiaconcursos.com.br\/blog\/wp-json\/wp\/v2\/comments?post=69473"}],"version-history":[{"count":59,"href":"https:\/\/www.estrategiaconcursos.com.br\/blog\/wp-json\/wp\/v2\/posts\/69473\/revisions"}],"predecessor-version":[{"id":1155813,"href":"https:\/\/www.estrategiaconcursos.com.br\/blog\/wp-json\/wp\/v2\/posts\/69473\/revisions\/1155813"}],"wp:attachment":[{"href":"https:\/\/www.estrategiaconcursos.com.br\/blog\/wp-json\/wp\/v2\/media?parent=69473"}],"wp:term":[{"taxonomy":"category","embeddable":true,"href":"https:\/\/www.estrategiaconcursos.com.br\/blog\/wp-json\/wp\/v2\/categories?post=69473"},{"taxonomy":"post_tag","embeddable":true,"href":"https:\/\/www.estrategiaconcursos.com.br\/blog\/wp-json\/wp\/v2\/tags?post=69473"},{"taxonomy":"tax_estado","embeddable":true,"href":"https:\/\/www.estrategiaconcursos.com.br\/blog\/wp-json\/wp\/v2\/tax_estado?post=69473"}],"curies":[{"name":"wp","href":"https:\/\/api.w.org\/{rel}","templated":true}]}}