{"id":69469,"date":"2017-04-04T09:26:50","date_gmt":"2017-04-04T12:26:50","guid":{"rendered":"https:\/\/www.estrategiaconcursos.com.br\/blog\/?p=69469"},"modified":"2017-04-04T09:26:50","modified_gmt":"2017-04-04T12:26:50","slug":"capciosas-de-administracao-questao-comentada-3","status":"publish","type":"post","link":"https:\/\/www.estrategiaconcursos.com.br\/blog\/capciosas-de-administracao-questao-comentada-3\/","title":{"rendered":"\u201cCapciosas de Administra\u00e7\u00e3o\u201d \u2013 Quest\u00e3o comentada 3"},"content":{"rendered":"<p>\n\t<strong>Quest&atilde;o 01 (FCC &#8211; Analista Judici&aacute;rio (TRT 23&ordf; Regi&atilde;o)\/Administrativa\/&quot;Sem Especialidade&quot;\/2016)<\/strong>\n<\/p>\n<p>\n\t<em>O Clima Organizacional &eacute; constitu&iacute;do, basicamente, por elementos de natureza<\/em>\n<\/p>\n<p>\n\t<em>a) intr&iacute;nseca, ligada ao sistema de recompensas e puni&ccedil;&otilde;es, diretas e indiretas, estabelecidos no bojo da organiza&ccedil;&atilde;o.<\/em>\n<\/p>\n<p>\n\t<em>b) cultural e &eacute; formado a partir das cren&ccedil;as e valores disseminados, impl&iacute;cita ou explicitamente, pela organiza&ccedil;&atilde;o.<\/em>\n<\/p>\n<p>\n\t<em>c) afetiva, correspondente &agrave; forma como o indiv&iacute;duo percebe os diferentes procedimentos, pr&aacute;ticas e pol&iacute;tica da organiza&ccedil;&atilde;o.<\/em>\n<\/p>\n<p>\n\t<em>d) cognitiva, resultante da percep&ccedil;&atilde;o compartilhada acerca de diversos aspectos formais e informais da organiza&ccedil;&atilde;o.<\/em>\n<\/p>\n<p>\n\t<em>e) transacional, contemplando tanto aspectos objetivos como subjetivos, de cunho eminentemente pessoal e psicol&oacute;gico.<\/em>\n<\/p>\n<p>\n\t<span style=\"color:#FF0000\"><strong>Coment&aacute;rio:<\/strong><\/span>\n<\/p>\n<p>\n\tA palavra clima tem origem no termo grego &ldquo;<em>klima<\/em>&rdquo; e significa <strong>tend&ecirc;ncia<\/strong> ou <strong>inclina&ccedil;&atilde;o<\/strong>. Portanto, o clima &eacute; algo que n&atilde;o se pode ver ou tocar, mas ele &eacute; facilmente percebido.\n<\/p>\n<p>\n\tObserve o exemplo adiante:\n<\/p>\n<div style=\"margin-left:1.0cm\">\n<p>\n\t\t<span style=\"color:#0000FF\">A ideia &eacute; a seguinte: hoje algum amigo ou amiga convida voc&ecirc; para ir ao cinema. No entanto, voc&ecirc; est&aacute; estressado(a) com o dia no trabalho (derramou caf&eacute; na sua agenda e ningu&eacute;m notou seu novo penteado), responde: &ldquo;<em>hoje n&atilde;o estou no clima<\/em>&rdquo;. Realmente, seu dia n&atilde;o foi dos melhores!<\/span>\n\t<\/p>\n<p>\n\t\t<span style=\"color:#0000FF\">No outro dia, por&eacute;m, o(a) &ldquo;insistente&rdquo; amigo(a) refaz o convite. Voc&ecirc;, que nesse dia, recebeu uma excelente avalia&ccedil;&atilde;o de desempenho e um elogio da &ldquo;chefia&rdquo;, agora responde: &ldquo;<em>Hoje vamos ao cinema, e deixa que as entradas e a pipoca s&atilde;o por minha conta!<\/em>&rdquo;.<\/span>\n\t<\/p>\n<\/div>\n<p>\n\tDo exemplo acima, podemos tirar algumas conclus&otilde;es sobre o clima no ambiente organizacional:\n<\/p>\n<ul>\n<li style=\"margin-left: 35.7pt\">\n\t\t&Eacute; um espelho que reflete o estado de &acirc;nimo dos integrantes de uma organiza&ccedil;&atilde;o num dado momento;\n\t<\/li>\n<li style=\"margin-left: 35.7pt\">\n\t\tInfluencia a motiva&ccedil;&atilde;o;\n\t<\/li>\n<li style=\"margin-left: 35.7pt\">\n\t\tInfluencia os comportamentos;\n\t<\/li>\n<li style=\"margin-left: 35.7pt\">\n\t\tAltera-se com muita facilidade;\n\t<\/li>\n<li style=\"margin-left: 35.7pt\">\n\t\tDepende muito da cogni&ccedil;&atilde;o individual, ou seja, o modo de o indiv&iacute;duo perceber e interpretar algo.\n\t<\/li>\n<\/ul>\n<p>\n\tPois bem! Com esses conceitos, vamos analisar as alternativas da quest&atilde;o.\n<\/p>\n<p style=\"margin-left:35.4pt\">\n\t<em>O Clima Organizacional &eacute; constitu&iacute;do, basicamente, por elementos de natureza<\/em>\n<\/p>\n<p style=\"margin-left:35.4pt\">\n\t<strong><em>a) intr&iacute;nseca, ligada ao sistema de recompensas e puni&ccedil;&otilde;es, diretas e indiretas, estabelecidos no bojo da organiza&ccedil;&atilde;o.<\/em><\/strong>\n<\/p>\n<p style=\"margin-left:35.4pt\">\n\t<span style=\"color:#FF0000\">INCORRETA<\/span>. Pode-se dizer que o clima possui natureza intr&iacute;nseca, pois se baseia na percep&ccedil;&atilde;o de cada indiv&iacute;duo. No entanto, apenas um sistema de recompensas ou puni&ccedil;&otilde;es n&atilde;o &eacute; h&aacute;bil a aferir o clima organizacional.\n<\/p>\n<p style=\"margin-left:35.4pt\">\n\t<strong><em>b) cultural e &eacute; formado a partir das cren&ccedil;as e valores disseminados, impl&iacute;cita ou explicitamente, pela organiza&ccedil;&atilde;o.<\/em><\/strong>\n<\/p>\n<p style=\"margin-left:35.4pt\">\n\t<span style=\"color:#FF0000\">INCORRETA<\/span>. O clima n&atilde;o se confunde coma cultura organizacional. O clima organizacional est&aacute; ligado &agrave; maneira de como o colaborador percebe a organiza&ccedil;&atilde;o. &Eacute; como ele interpreta a organiza&ccedil;&atilde;o e como ele reage, de forma positiva, negativa ou neutra, a essa interpreta&ccedil;&atilde;o. Portanto, pode-se afirmar que o clima &eacute; parte da cultura.\n<\/p>\n<p style=\"margin-left:35.4pt\">\n\tNo entanto, o que &eacute; formado a partir das cren&ccedil;as e valores disseminados &eacute; a cultura organizacional. A cultura &eacute; o compartilhamento de valores, cren&ccedil;as e suposi&ccedil;&otilde;es, ou seja, refere-se &agrave; uma estrutura mais profunda do que a estrutura do clima.\n<\/p>\n<p style=\"margin-left:35.4pt\">\n\t<strong><em>c) afetiva, correspondente &agrave; forma como o indiv&iacute;duo percebe os diferentes procedimentos, pr&aacute;ticas e pol&iacute;tica da organiza&ccedil;&atilde;o.<\/em><\/strong>\n<\/p>\n<p style=\"margin-left:35.4pt\">\n\t<span style=\"color:#FF0000\">INCORRETA<\/span>. De fato, a forma como o indiv&iacute;duo percebe os diferentes procedimentos, pr&aacute;ticas e pol&iacute;tica da organiza&ccedil;&atilde;o est&aacute; diretamente ligada &agrave; interpreta&ccedil;&atilde;o e ao seu estado de &acirc;nimo. No entanto, essa rela&ccedil;&atilde;o n&atilde;o &eacute; simplesmente afetiva, pois cada indiv&iacute;duo pode ter uma interpreta&ccedil;&atilde;o diferente<strong><em>.<\/em><\/strong>\n<\/p>\n<p style=\"margin-left:35.4pt\">\n\t<strong><em>d) cognitiva, resultante da percep&ccedil;&atilde;o compartilhada acerca de diversos aspectos formais e informais da organiza&ccedil;&atilde;o.<\/em><\/strong>\n<\/p>\n<p style=\"margin-left:35.4pt\">\n\t<span style=\"color:#0000FF\">CORRETA<\/span>. O clima possui natureza essencialmente cognitiva.\n<\/p>\n<p style=\"margin-left:35.4pt\">\n\t<strong><em>e) transacional, contemplando tanto aspectos objetivos como subjetivos, de cunho eminentemente pessoal e psicol&oacute;gico.<\/em><\/strong>\n<\/p>\n<p style=\"margin-left:35.4pt\">\n\t<span style=\"color:#FF0000\">INCORRETA<\/span>. O clima at&eacute; pode possuir natureza transacional, ou seja, a organiza&ccedil;&atilde;o pode influenciar na percep&ccedil;&atilde;o do clima. No entanto, o clima, definitivamente, n&atilde;o possui aspecto objetivo, mas sim subjetivo. Isso quer dizer que uma recompensa, por exemplo, pode agradar a uns e desagradar a outros.\n<\/p>\n<p>\n\t<strong>GABARITO: D.<\/strong><\/p>\n","protected":false},"excerpt":{"rendered":"<p>Quest&atilde;o 01 (FCC &#8211; Analista Judici&aacute;rio (TRT 23&ordf; Regi&atilde;o)\/Administrativa\/&quot;Sem Especialidade&quot;\/2016) O Clima Organizacional &eacute; constitu&iacute;do, basicamente, por elementos de natureza a) intr&iacute;nseca, ligada ao sistema de recompensas e puni&ccedil;&otilde;es, diretas e indiretas, estabelecidos no bojo da organiza&ccedil;&atilde;o. b) cultural e &eacute; formado a partir das cren&ccedil;as e valores disseminados, impl&iacute;cita ou explicitamente, pela organiza&ccedil;&atilde;o. c) [&hellip;]<\/p>\n","protected":false},"author":143,"featured_media":0,"comment_status":"open","ping_status":"open","sticky":false,"template":"","format":"standard","meta":{"post_tipo":"article","footnotes":""},"categories":[2185],"tags":[],"tax_estado":[],"class_list":["post-69469","post","type-post","status-publish","format-standard","hentry","category-carreiras-juridicas"],"acf":[],"yoast_head":"<!-- This site is optimized with the Yoast SEO Premium plugin v27.2 (Yoast SEO v27.2) - https:\/\/yoast.com\/product\/yoast-seo-premium-wordpress\/ -->\n<title>\u201cCapciosas de Administra\u00e7\u00e3o\u201d \u2013 Quest\u00e3o comentada 3<\/title>\n<meta name=\"robots\" content=\"index, follow, max-snippet:-1, max-image-preview:large, max-video-preview:-1\" \/>\n<link rel=\"canonical\" href=\"https:\/\/www.estrategiaconcursos.com.br\/blog\/capciosas-de-administracao-questao-comentada-3\/\" \/>\n<meta property=\"og:locale\" content=\"pt_BR\" \/>\n<meta property=\"og:type\" content=\"article\" \/>\n<meta property=\"og:title\" content=\"\u201cCapciosas de Administra\u00e7\u00e3o\u201d \u2013 Quest\u00e3o comentada 3\" \/>\n<meta property=\"og:description\" content=\"Quest&atilde;o 01 (FCC &#8211; Analista Judici&aacute;rio (TRT 23&ordf; Regi&atilde;o)\/Administrativa\/&quot;Sem Especialidade&quot;\/2016) O Clima Organizacional &eacute; constitu&iacute;do, basicamente, por elementos de natureza a) intr&iacute;nseca, ligada ao sistema de recompensas e puni&ccedil;&otilde;es, diretas e indiretas, estabelecidos no bojo da organiza&ccedil;&atilde;o. b) cultural e &eacute; formado a partir das cren&ccedil;as e valores disseminados, impl&iacute;cita ou explicitamente, pela organiza&ccedil;&atilde;o. c) [&hellip;]\" \/>\n<meta property=\"og:url\" content=\"https:\/\/www.estrategiaconcursos.com.br\/blog\/capciosas-de-administracao-questao-comentada-3\/\" \/>\n<meta property=\"og:site_name\" content=\"Estrat\u00e9gia Concursos\" \/>\n<meta property=\"article:published_time\" content=\"2017-04-04T12:26:50+00:00\" \/>\n<meta name=\"author\" content=\"Adriel S\u00e1\" \/>\n<meta name=\"twitter:card\" content=\"summary_large_image\" \/>\n<meta name=\"twitter:creator\" content=\"@EstratConcursos\" \/>\n<meta name=\"twitter:site\" content=\"@EstratConcursos\" \/>\n<meta name=\"twitter:label1\" content=\"Escrito por\" \/>\n\t<meta name=\"twitter:data1\" content=\"Adriel S\u00e1\" \/>\n\t<meta name=\"twitter:label2\" content=\"Est. tempo de leitura\" \/>\n\t<meta name=\"twitter:data2\" content=\"4 minutos\" \/>\n<script type=\"application\/ld+json\" class=\"yoast-schema-graph\">{\"@context\":\"https:\/\/schema.org\",\"@graph\":[{\"@type\":\"NewsArticle\",\"@id\":\"https:\/\/www.estrategiaconcursos.com.br\/blog\/capciosas-de-administracao-questao-comentada-3\/#article\",\"isPartOf\":{\"@id\":\"https:\/\/www.estrategiaconcursos.com.br\/blog\/capciosas-de-administracao-questao-comentada-3\/\"},\"author\":{\"name\":\"Adriel S\u00e1\",\"@id\":\"https:\/\/www.estrategiaconcursos.com.br\/blog\/#\/schema\/person\/e16645c6841f5460802e96740e916bfd\"},\"headline\":\"\u201cCapciosas de Administra\u00e7\u00e3o\u201d \u2013 Quest\u00e3o comentada 3\",\"datePublished\":\"2017-04-04T12:26:50+00:00\",\"mainEntityOfPage\":{\"@id\":\"https:\/\/www.estrategiaconcursos.com.br\/blog\/capciosas-de-administracao-questao-comentada-3\/\"},\"wordCount\":818,\"commentCount\":2,\"publisher\":{\"@id\":\"https:\/\/www.estrategiaconcursos.com.br\/blog\/#organization\"},\"articleSection\":[\"Jur\u00eddico\"],\"inLanguage\":\"pt-BR\",\"potentialAction\":[{\"@type\":\"CommentAction\",\"name\":\"Comment\",\"target\":[\"https:\/\/www.estrategiaconcursos.com.br\/blog\/capciosas-de-administracao-questao-comentada-3\/#respond\"]}],\"copyrightYear\":\"2017\",\"copyrightHolder\":{\"@id\":\"https:\/\/www.estrategiaconcursos.com.br\/blog\/#organization\"}},{\"@type\":\"WebPage\",\"@id\":\"https:\/\/www.estrategiaconcursos.com.br\/blog\/capciosas-de-administracao-questao-comentada-3\/\",\"url\":\"https:\/\/www.estrategiaconcursos.com.br\/blog\/capciosas-de-administracao-questao-comentada-3\/\",\"name\":\"\u201cCapciosas de Administra\u00e7\u00e3o\u201d \u2013 Quest\u00e3o comentada 3\",\"isPartOf\":{\"@id\":\"https:\/\/www.estrategiaconcursos.com.br\/blog\/#website\"},\"datePublished\":\"2017-04-04T12:26:50+00:00\",\"breadcrumb\":{\"@id\":\"https:\/\/www.estrategiaconcursos.com.br\/blog\/capciosas-de-administracao-questao-comentada-3\/#breadcrumb\"},\"inLanguage\":\"pt-BR\",\"potentialAction\":[{\"@type\":\"ReadAction\",\"target\":[\"https:\/\/www.estrategiaconcursos.com.br\/blog\/capciosas-de-administracao-questao-comentada-3\/\"]}]},{\"@type\":\"BreadcrumbList\",\"@id\":\"https:\/\/www.estrategiaconcursos.com.br\/blog\/capciosas-de-administracao-questao-comentada-3\/#breadcrumb\",\"itemListElement\":[{\"@type\":\"ListItem\",\"position\":1,\"name\":\"In\u00edcio\",\"item\":\"https:\/\/www.estrategiaconcursos.com.br\/blog\/\"},{\"@type\":\"ListItem\",\"position\":2,\"name\":\"\u201cCapciosas de Administra\u00e7\u00e3o\u201d \u2013 Quest\u00e3o comentada 3\"}]},{\"@type\":\"WebSite\",\"@id\":\"https:\/\/www.estrategiaconcursos.com.br\/blog\/#website\",\"url\":\"https:\/\/www.estrategiaconcursos.com.br\/blog\/\",\"name\":\"Estrat\u00e9gia Concursos\",\"description\":\"O blog da Estrat\u00e9gia Concursos traz not\u00edcias sobre concursos e artigos de professores oferecendo cursos para concursos (pdf + videaulas) no site.\",\"publisher\":{\"@id\":\"https:\/\/www.estrategiaconcursos.com.br\/blog\/#organization\"},\"potentialAction\":[{\"@type\":\"SearchAction\",\"target\":{\"@type\":\"EntryPoint\",\"urlTemplate\":\"https:\/\/www.estrategiaconcursos.com.br\/blog\/?s={search_term_string}\"},\"query-input\":{\"@type\":\"PropertyValueSpecification\",\"valueRequired\":true,\"valueName\":\"search_term_string\"}}],\"inLanguage\":\"pt-BR\"},{\"@type\":\"Organization\",\"@id\":\"https:\/\/www.estrategiaconcursos.com.br\/blog\/#organization\",\"name\":\"Estrat\u00e9gia Concursos\",\"url\":\"https:\/\/www.estrategiaconcursos.com.br\/blog\/\",\"logo\":{\"@type\":\"ImageObject\",\"inLanguage\":\"pt-BR\",\"@id\":\"https:\/\/www.estrategiaconcursos.com.br\/blog\/#\/schema\/logo\/image\/\",\"url\":\"https:\/\/dhg1h5j42swfq.cloudfront.net\/2025\/06\/03203428\/logo_concursos-1.jpg\",\"contentUrl\":\"https:\/\/dhg1h5j42swfq.cloudfront.net\/2025\/06\/03203428\/logo_concursos-1.jpg\",\"width\":230,\"height\":60,\"caption\":\"Estrat\u00e9gia Concursos\"},\"image\":{\"@id\":\"https:\/\/www.estrategiaconcursos.com.br\/blog\/#\/schema\/logo\/image\/\"},\"sameAs\":[\"https:\/\/x.com\/EstratConcursos\"]},{\"@type\":\"Person\",\"@id\":\"https:\/\/www.estrategiaconcursos.com.br\/blog\/#\/schema\/person\/e16645c6841f5460802e96740e916bfd\",\"name\":\"Adriel S\u00e1\",\"image\":{\"@type\":\"ImageObject\",\"inLanguage\":\"pt-BR\",\"@id\":\"https:\/\/secure.gravatar.com\/avatar\/b75b794f68c663798240f3079128b7dd1d78a4c65fd81be07ff43947061768c8?s=96&d=mm&r=g\",\"url\":\"https:\/\/secure.gravatar.com\/avatar\/b75b794f68c663798240f3079128b7dd1d78a4c65fd81be07ff43947061768c8?s=96&d=mm&r=g\",\"contentUrl\":\"https:\/\/secure.gravatar.com\/avatar\/b75b794f68c663798240f3079128b7dd1d78a4c65fd81be07ff43947061768c8?s=96&d=mm&r=g\",\"caption\":\"Adriel S\u00e1\"},\"url\":\"https:\/\/www.estrategiaconcursos.com.br\/blog\/author\/adrieldesaestrategiaconcursos-com-br\/\"}]}<\/script>\n<!-- \/ Yoast SEO Premium plugin. -->","yoast_head_json":{"title":"\u201cCapciosas de Administra\u00e7\u00e3o\u201d \u2013 Quest\u00e3o comentada 3","robots":{"index":"index","follow":"follow","max-snippet":"max-snippet:-1","max-image-preview":"max-image-preview:large","max-video-preview":"max-video-preview:-1"},"canonical":"https:\/\/www.estrategiaconcursos.com.br\/blog\/capciosas-de-administracao-questao-comentada-3\/","og_locale":"pt_BR","og_type":"article","og_title":"\u201cCapciosas de Administra\u00e7\u00e3o\u201d \u2013 Quest\u00e3o comentada 3","og_description":"Quest&atilde;o 01 (FCC &#8211; Analista Judici&aacute;rio (TRT 23&ordf; Regi&atilde;o)\/Administrativa\/&quot;Sem Especialidade&quot;\/2016) O Clima Organizacional &eacute; constitu&iacute;do, basicamente, por elementos de natureza a) intr&iacute;nseca, ligada ao sistema de recompensas e puni&ccedil;&otilde;es, diretas e indiretas, estabelecidos no bojo da organiza&ccedil;&atilde;o. b) cultural e &eacute; formado a partir das cren&ccedil;as e valores disseminados, impl&iacute;cita ou explicitamente, pela organiza&ccedil;&atilde;o. c) [&hellip;]","og_url":"https:\/\/www.estrategiaconcursos.com.br\/blog\/capciosas-de-administracao-questao-comentada-3\/","og_site_name":"Estrat\u00e9gia Concursos","article_published_time":"2017-04-04T12:26:50+00:00","author":"Adriel S\u00e1","twitter_card":"summary_large_image","twitter_creator":"@EstratConcursos","twitter_site":"@EstratConcursos","twitter_misc":{"Escrito por":"Adriel S\u00e1","Est. tempo de leitura":"4 minutos"},"schema":{"@context":"https:\/\/schema.org","@graph":[{"@type":"NewsArticle","@id":"https:\/\/www.estrategiaconcursos.com.br\/blog\/capciosas-de-administracao-questao-comentada-3\/#article","isPartOf":{"@id":"https:\/\/www.estrategiaconcursos.com.br\/blog\/capciosas-de-administracao-questao-comentada-3\/"},"author":{"name":"Adriel S\u00e1","@id":"https:\/\/www.estrategiaconcursos.com.br\/blog\/#\/schema\/person\/e16645c6841f5460802e96740e916bfd"},"headline":"\u201cCapciosas de Administra\u00e7\u00e3o\u201d \u2013 Quest\u00e3o comentada 3","datePublished":"2017-04-04T12:26:50+00:00","mainEntityOfPage":{"@id":"https:\/\/www.estrategiaconcursos.com.br\/blog\/capciosas-de-administracao-questao-comentada-3\/"},"wordCount":818,"commentCount":2,"publisher":{"@id":"https:\/\/www.estrategiaconcursos.com.br\/blog\/#organization"},"articleSection":["Jur\u00eddico"],"inLanguage":"pt-BR","potentialAction":[{"@type":"CommentAction","name":"Comment","target":["https:\/\/www.estrategiaconcursos.com.br\/blog\/capciosas-de-administracao-questao-comentada-3\/#respond"]}],"copyrightYear":"2017","copyrightHolder":{"@id":"https:\/\/www.estrategiaconcursos.com.br\/blog\/#organization"}},{"@type":"WebPage","@id":"https:\/\/www.estrategiaconcursos.com.br\/blog\/capciosas-de-administracao-questao-comentada-3\/","url":"https:\/\/www.estrategiaconcursos.com.br\/blog\/capciosas-de-administracao-questao-comentada-3\/","name":"\u201cCapciosas de Administra\u00e7\u00e3o\u201d \u2013 Quest\u00e3o comentada 3","isPartOf":{"@id":"https:\/\/www.estrategiaconcursos.com.br\/blog\/#website"},"datePublished":"2017-04-04T12:26:50+00:00","breadcrumb":{"@id":"https:\/\/www.estrategiaconcursos.com.br\/blog\/capciosas-de-administracao-questao-comentada-3\/#breadcrumb"},"inLanguage":"pt-BR","potentialAction":[{"@type":"ReadAction","target":["https:\/\/www.estrategiaconcursos.com.br\/blog\/capciosas-de-administracao-questao-comentada-3\/"]}]},{"@type":"BreadcrumbList","@id":"https:\/\/www.estrategiaconcursos.com.br\/blog\/capciosas-de-administracao-questao-comentada-3\/#breadcrumb","itemListElement":[{"@type":"ListItem","position":1,"name":"In\u00edcio","item":"https:\/\/www.estrategiaconcursos.com.br\/blog\/"},{"@type":"ListItem","position":2,"name":"\u201cCapciosas de Administra\u00e7\u00e3o\u201d \u2013 Quest\u00e3o comentada 3"}]},{"@type":"WebSite","@id":"https:\/\/www.estrategiaconcursos.com.br\/blog\/#website","url":"https:\/\/www.estrategiaconcursos.com.br\/blog\/","name":"Estrat\u00e9gia Concursos","description":"O blog da Estrat\u00e9gia Concursos traz not\u00edcias sobre concursos e artigos de professores oferecendo cursos para concursos (pdf + videaulas) no site.","publisher":{"@id":"https:\/\/www.estrategiaconcursos.com.br\/blog\/#organization"},"potentialAction":[{"@type":"SearchAction","target":{"@type":"EntryPoint","urlTemplate":"https:\/\/www.estrategiaconcursos.com.br\/blog\/?s={search_term_string}"},"query-input":{"@type":"PropertyValueSpecification","valueRequired":true,"valueName":"search_term_string"}}],"inLanguage":"pt-BR"},{"@type":"Organization","@id":"https:\/\/www.estrategiaconcursos.com.br\/blog\/#organization","name":"Estrat\u00e9gia Concursos","url":"https:\/\/www.estrategiaconcursos.com.br\/blog\/","logo":{"@type":"ImageObject","inLanguage":"pt-BR","@id":"https:\/\/www.estrategiaconcursos.com.br\/blog\/#\/schema\/logo\/image\/","url":"https:\/\/dhg1h5j42swfq.cloudfront.net\/2025\/06\/03203428\/logo_concursos-1.jpg","contentUrl":"https:\/\/dhg1h5j42swfq.cloudfront.net\/2025\/06\/03203428\/logo_concursos-1.jpg","width":230,"height":60,"caption":"Estrat\u00e9gia Concursos"},"image":{"@id":"https:\/\/www.estrategiaconcursos.com.br\/blog\/#\/schema\/logo\/image\/"},"sameAs":["https:\/\/x.com\/EstratConcursos"]},{"@type":"Person","@id":"https:\/\/www.estrategiaconcursos.com.br\/blog\/#\/schema\/person\/e16645c6841f5460802e96740e916bfd","name":"Adriel S\u00e1","image":{"@type":"ImageObject","inLanguage":"pt-BR","@id":"https:\/\/secure.gravatar.com\/avatar\/b75b794f68c663798240f3079128b7dd1d78a4c65fd81be07ff43947061768c8?s=96&d=mm&r=g","url":"https:\/\/secure.gravatar.com\/avatar\/b75b794f68c663798240f3079128b7dd1d78a4c65fd81be07ff43947061768c8?s=96&d=mm&r=g","contentUrl":"https:\/\/secure.gravatar.com\/avatar\/b75b794f68c663798240f3079128b7dd1d78a4c65fd81be07ff43947061768c8?s=96&d=mm&r=g","caption":"Adriel S\u00e1"},"url":"https:\/\/www.estrategiaconcursos.com.br\/blog\/author\/adrieldesaestrategiaconcursos-com-br\/"}]}},"_links":{"self":[{"href":"https:\/\/www.estrategiaconcursos.com.br\/blog\/wp-json\/wp\/v2\/posts\/69469","targetHints":{"allow":["GET"]}}],"collection":[{"href":"https:\/\/www.estrategiaconcursos.com.br\/blog\/wp-json\/wp\/v2\/posts"}],"about":[{"href":"https:\/\/www.estrategiaconcursos.com.br\/blog\/wp-json\/wp\/v2\/types\/post"}],"author":[{"embeddable":true,"href":"https:\/\/www.estrategiaconcursos.com.br\/blog\/wp-json\/wp\/v2\/users\/143"}],"replies":[{"embeddable":true,"href":"https:\/\/www.estrategiaconcursos.com.br\/blog\/wp-json\/wp\/v2\/comments?post=69469"}],"version-history":[{"count":1,"href":"https:\/\/www.estrategiaconcursos.com.br\/blog\/wp-json\/wp\/v2\/posts\/69469\/revisions"}],"predecessor-version":[{"id":69470,"href":"https:\/\/www.estrategiaconcursos.com.br\/blog\/wp-json\/wp\/v2\/posts\/69469\/revisions\/69470"}],"wp:attachment":[{"href":"https:\/\/www.estrategiaconcursos.com.br\/blog\/wp-json\/wp\/v2\/media?parent=69469"}],"wp:term":[{"taxonomy":"category","embeddable":true,"href":"https:\/\/www.estrategiaconcursos.com.br\/blog\/wp-json\/wp\/v2\/categories?post=69469"},{"taxonomy":"post_tag","embeddable":true,"href":"https:\/\/www.estrategiaconcursos.com.br\/blog\/wp-json\/wp\/v2\/tags?post=69469"},{"taxonomy":"tax_estado","embeddable":true,"href":"https:\/\/www.estrategiaconcursos.com.br\/blog\/wp-json\/wp\/v2\/tax_estado?post=69469"}],"curies":[{"name":"wp","href":"https:\/\/api.w.org\/{rel}","templated":true}]}}