{"id":690835,"date":"2021-03-11T12:20:26","date_gmt":"2021-03-11T15:20:26","guid":{"rendered":"https:\/\/www.estrategiaconcursos.com.br\/blog\/?p=690835"},"modified":"2023-09-14T09:29:52","modified_gmt":"2023-09-14T12:29:52","slug":"provas-do-concurso-pf-adiadas","status":"publish","type":"post","link":"https:\/\/www.estrategiaconcursos.com.br\/blog\/provas-do-concurso-pf-adiadas\/","title":{"rendered":"Concurso PF: URGENTE! Provas adiadas para maio!"},"content":{"rendered":"\n<p><strong>ATEN\u00c7\u00c3O<\/strong>! <strong>Not\u00edcia de \u00faltima hora! <\/strong>As provas do <strong>concurso PF <\/strong>(Pol\u00edcia Federal), que seriam aplicadas no dia 21 de mar\u00e7o de 2021, foram <strong>oficialmente adiadas! <\/strong>O comunicado foi emitido pela Diretoria de Gest\u00e3o Pessoal.<\/p>\n\n\n\n<p>Segundo o documento, as avalia\u00e7\u00f5es objetivas e discursivas foram remarcadas para a data prov\u00e1vel de <strong>23 de maio de 2021<\/strong>. Os locais e os hor\u00e1rios de realiza\u00e7\u00e3o ser\u00e3o informados no dia 14 de maio, no <a href=\"https:\/\/www.cebraspe.org.br\/concursos\/pf_21\" target=\"_blank\" rel=\"noreferrer noopener\">site do Cebraspe.<\/a><\/p>\n\n\n\n<p><strong><a href=\"https:\/\/dhg1h5j42swfq.cloudfront.net\/2021\/03\/11120723\/ed_5_dpf_2021_adiamento-2.pdf\" target=\"_blank\" rel=\"noreferrer noopener\">Confira aqui <\/a>o documento completo. <\/strong><\/p>\n\n\n\n<h2 class=\"wp-block-heading\" id=\"h-webinario-concurso-pf-adiado-saiba-o-que-fazer-agora\">Webin\u00e1rio: Concurso PF ADIADO! Saiba o que fazer agora!<\/h2>\n\n\n\n<p>Entramos <strong>AO VIVO<\/strong>, a partir das 20h, para te atualizar sobre os pr\u00f3ximos passos depois dessa not\u00edcia t\u00e3o importante!<\/p>\n\n\n\n<p>Al\u00e9m disso, a partir das 19h, confira tamb\u00e9m o evento &#8216;Concurso PF ADIADO! Plano de estudos reta final!&#8217;.<\/p>\n\n\n\n<p>Confirmado pelo presidente Jair Bolsonaro com 2 mil vagas, o novo&nbsp;<strong>concurso Pol\u00edcia Federal<\/strong>&nbsp;foi publicado com 1.500 oportunidades imediatas, segundo documento publicado no Di\u00e1rio Oficial da Uni\u00e3o no dia 15 de janeiro.<\/p>\n\n\n\n<h4 class=\"wp-block-heading\" id=\"h-confira-a-distribuicao-das-vagas\">Confira a distribui\u00e7\u00e3o das vagas:<\/h4>\n\n\n\n<ul class=\"wp-block-list\" id=\"block-e3a53017-2306-4814-9255-4227c3a49696\">\n<li>123 cargos de delegado de Pol\u00edcia Federal;<\/li>\n\n\n\n<li>400 cargos de escriv\u00e3o de Pol\u00edcia Federal;<\/li>\n\n\n\n<li>84 cargos de papiloscopista Policial Federal; e<\/li>\n\n\n\n<li>893 cargos de agente de Pol\u00edcia Federal.<\/li>\n<\/ul>\n\n\n\n<h2 class=\"wp-block-heading\" id=\"etapas-policia-federal\">Concurso Pol\u00edcia Federal 2021: como \u00e9 a prova?<\/h2>\n\n\n\n<p>Al\u00e9m das provas objetivas e discursivas, os candidatos passam pelo&nbsp;<a href=\"https:\/\/www.estrategiaconcursos.com.br\/blog\/taf-concurso-pf-policia-federal\/\" target=\"_blank\" rel=\"noreferrer noopener\">TAF da pol\u00edcia federal<\/a>; Exame M\u00e9dico; Prova Oral, somente para&nbsp;<strong>Delegado<\/strong>; Prova Pr\u00e1tica de Digita\u00e7\u00e3o, somente para&nbsp;<strong>Delegado<\/strong>; Avalia\u00e7\u00e3o Psicol\u00f3gica; e Avalia\u00e7\u00e3o de T\u00edtulos.<\/p>\n\n\n\n<ol class=\"wp-block-list\" id=\"block-759d86a2-530f-4dde-bdc9-cac3fc8c34e1\">\n<li>Provas objetivas e discursivas (eliminat\u00f3ria e classificat\u00f3ria);<\/li>\n\n\n\n<li>Exame de Aptid\u00e3o F\u00edsica (eliminat\u00f3rio);<\/li>\n\n\n\n<li>Avalia\u00e7\u00e3o M\u00e9dica (eliminat\u00f3rio);<\/li>\n\n\n\n<li>Prova Oral (eliminat\u00f3ria e classificat\u00f3ria, somente para&nbsp;<strong>Delegado<\/strong>);<\/li>\n\n\n\n<li>Prova Pr\u00e1tica de Digita\u00e7\u00e3o (eliminat\u00f3rio, somente para&nbsp;<strong>Escriv\u00e3o<\/strong>);<\/li>\n\n\n\n<li>Avalia\u00e7\u00e3o de T\u00edtulos (classificat\u00f3ria); e<\/li>\n\n\n\n<li>Avalia\u00e7\u00e3o Psicol\u00f3gica (eliminat\u00f3ria).<\/li>\n<\/ol>\n\n\n\n<p>Os aprovados do concurso da pol\u00edcia federal s\u00e3o ent\u00e3o inscritos no&nbsp;<strong>Curso de Forma\u00e7\u00e3o Profissional<\/strong>, que \u00e9 ofertado pela&nbsp;<strong>Academia Nacional de Pol\u00edcia<\/strong>. O curso dura cerca de&nbsp;<strong>5 meses,&nbsp;<\/strong>totalizando&nbsp;<strong>850 horas-aula&nbsp;<\/strong>e ocorre no regime de&nbsp;<strong>internato&nbsp;<\/strong>parcial, e recebem bolsa de 50% do valor da remunera\u00e7\u00e3o.<\/p>\n\n\n\n<p class=\"has-text-align-center has-cyan-bluish-gray-background-color has-background\"><strong>Saiba mais sobre as provas adiadas: <a href=\"https:\/\/www.estrategiaconcursos.com.br\/blog\/concurso-policia-federal\/\" target=\"_blank\" rel=\"noreferrer noopener\">concurso PF<\/a><\/strong><\/p>\n\n\n\n<h2 class=\"wp-block-heading has-text-align-center\" id=\"cursos-e-assinaturas\">Cursos e assinaturas<\/h2>\n\n\n\n<div class=\"container\" id=\"boxes\">\n  <div class=\"row\">\n\n    <div class=\"col-sm\">\n      <div class=\"banner-policial\" id=\"box-assinatura\">\n        <h3 class=\"titulo-assinatura\">PROMO\u00c7\u00c3O: pacotes para a PF<\/h3>\n        <p class=\"subtitulo-assinatura\"> <\/p>\/\n        <div class=\"box-botao\">\n          <a class=\"btn-assinatura\" target=\"_blank\" href=\"https:\/\/www.estrategiaconcursos.com.br\/cursosPorConcurso\/promocao-policia-federal\/\" role=\"button\" rel=\"noopener noreferrer\">Conhe\u00e7a mais<\/a>\n        <\/div>\n      <\/div>\n      <p class=\"texto-auxiliar\">Prepare-se com o melhor material e com quem mais aprova em Concursos P\u00fablicos em todo o pa\u00eds. <\/p>\n    <\/div>\n\n  <\/div>\n<\/div>\n\n\n\n<div class=\"container\" id=\"boxes\">\n  <div class=\"row\">\n\n    <div class=\"col-sm\">\n      <div class=\"estrategia\" id=\"box-assinatura\">\n        <h3 class=\"titulo-assinatura\">Assinatura Ilimitada<\/h3>\n        <p class=\"subtitulo-assinatura\">Assinatura de 1 ou 2 anos <\/p>\n        <div class=\"box-botao\">\n          <a class=\"btn-assinatura\" target=\"_blank\" href=\"https:\/\/www.estrategiaconcursos.com.br\/assinaturas\/\" role=\"button\" rel=\"noopener noreferrer\">ASSINE AGORA<\/a>\n        <\/div>\n      <\/div>\n      <p class=\"texto-auxiliar\"><\/p>\n    <\/div>\n\n    <div class=\"col-sm\">\n      <div class=\"questoes\" id=\"box-assinatura\">\n        <h3 class=\"titulo-assinatura\">Sistema de Quest\u00f5es<\/h3>\n        <p class=\"subtitulo-assinatura\"> Assinatura de 1 ou 2 anos <\/p>\n        <div class=\"box-botao\">\n          <a class=\"btn-assinatura\" target=\"_blank\" href=\"https:\/\/www.estrategiaconcursos.com.br\/cursosPorConcurso\/sistema-de-questoes\/#\/\" role=\"button\" rel=\"noopener noreferrer\">ASSINE AGORA<\/a>\n        <\/div>\n      <\/div>\n      <p class=\"texto-auxiliar\"><\/p>\n    <\/div>\n  <\/div>\n<\/div>\n\n\n\n<div class=\"container\" id=\"boxes\">\n  <div class=\"row\">\n\n  \n    <div class=\"col-sm\" id=\"boxes-concursos\">\n      <div style=\"background-color: #005DAD;\" class=\"conteudo-concursos\" id=\"box-concursos\">\n        <h3 class=\"titulo-assinatura\">Concursos Abertos<\/h3>\n        <p class=\"subtitulo-assinatura\">mais de 15 mil vagas<\/p>\n        <div class=\"box-botao\">\n          <a class=\"btn-assinatura\" target=\"_blank\" href=\"https:\/\/www.estrategiaconcursos.com.br\/blog\/concursos-abertos\/\" role=\"button\" rel=\"noopener noreferrer\">Conhe\u00e7a Agora<\/a>\n        <\/div>\n      <\/div>\n    <\/div>\n\n       <div class=\"col-sm\" id=\"boxes-concursos\">\n      <div style=\"background-color: #419FF0;\" class=\"conteudo-concursos\" id=\"box-concursos\">\n        <h3 class=\"titulo-assinatura\">Concursos 2021<\/h3>\n        <p class=\"subtitulo-assinatura\">mais de 50 mil vagas<\/p>\n        <div class=\"box-botao\">\n          <a class=\"btn-assinatura\" target=\"_blank\" href=\"https:\/\/www.estrategiaconcursos.com.br\/blog\/concursos-2021\/\" role=\"button\" rel=\"noopener noreferrer\">Conhe\u00e7a Agora<\/a>\n        <\/div>\n      <\/div>\n    <\/div>\n\n  <\/div>\n<\/div>\n","protected":false},"excerpt":{"rendered":"<p>ATEN\u00c7\u00c3O! Not\u00edcia de \u00faltima hora! As provas do concurso PF (Pol\u00edcia Federal), que seriam aplicadas no dia 21 de mar\u00e7o de 2021, foram oficialmente adiadas! O comunicado foi emitido pela Diretoria de Gest\u00e3o Pessoal. Segundo o documento, as avalia\u00e7\u00f5es objetivas e discursivas foram remarcadas para a data prov\u00e1vel de 23 de maio de 2021. Os [&hellip;]<\/p>\n","protected":false},"author":1,"featured_media":614183,"comment_status":"open","ping_status":"closed","sticky":false,"template":"","format":"standard","meta":{"post_tipo":"news","footnotes":""},"categories":[1988],"tags":[],"tax_estado":[219963],"class_list":["post-690835","post","type-post","status-publish","format-standard","has-post-thumbnail","hentry","category-policia","tax_estado-concursos-federais"],"acf":[],"yoast_head":"<!-- This site is optimized with the Yoast SEO Premium plugin v27.2 (Yoast SEO v27.2) - https:\/\/yoast.com\/product\/yoast-seo-premium-wordpress\/ -->\n<title>Concurso PF: URGENTE! Provas adiadas para maio!<\/title>\n<meta name=\"description\" content=\"ATEN\u00c7\u00c3O! Not\u00edcia de \u00faltima hora! As provas do concurso PF, que seriam aplicadas no dia 21 de mar\u00e7o de 2021, foram oficialmente adiadas!\" \/>\n<meta name=\"robots\" content=\"index, follow, max-snippet:-1, max-image-preview:large, max-video-preview:-1\" \/>\n<link rel=\"canonical\" href=\"https:\/\/www.estrategiaconcursos.com.br\/blog\/provas-do-concurso-pf-adiadas\/\" \/>\n<meta property=\"og:locale\" content=\"pt_BR\" \/>\n<meta property=\"og:type\" content=\"article\" \/>\n<meta property=\"og:title\" content=\"Concurso PF: URGENTE! Provas adiadas para maio!\" \/>\n<meta property=\"og:description\" content=\"ATEN\u00c7\u00c3O! Not\u00edcia de \u00faltima hora! As provas do concurso PF, que seriam aplicadas no dia 21 de mar\u00e7o de 2021, foram oficialmente adiadas!\" \/>\n<meta property=\"og:url\" content=\"https:\/\/www.estrategiaconcursos.com.br\/blog\/provas-do-concurso-pf-adiadas\/\" \/>\n<meta property=\"og:site_name\" content=\"Estrat\u00e9gia Concursos\" \/>\n<meta property=\"article:author\" content=\"https:\/\/www.facebook.com\/EstrategiaConcursos\" \/>\n<meta property=\"article:published_time\" content=\"2021-03-11T15:20:26+00:00\" \/>\n<meta property=\"article:modified_time\" content=\"2023-09-14T12:29:52+00:00\" \/>\n<meta property=\"og:image\" content=\"https:\/\/dhg1h5j42swfq.cloudfront.net\/2020\/11\/20143953\/pf.jpg\" \/>\n\t<meta property=\"og:image:width\" content=\"1024\" \/>\n\t<meta property=\"og:image:height\" content=\"534\" \/>\n\t<meta property=\"og:image:type\" content=\"image\/jpeg\" \/>\n<meta name=\"author\" content=\"Coordena\u00e7\u00e3o\" \/>\n<meta name=\"twitter:card\" content=\"summary_large_image\" \/>\n<meta name=\"twitter:creator\" content=\"@EstratConcursos\" \/>\n<meta name=\"twitter:site\" content=\"@EstratConcursos\" \/>\n<meta name=\"twitter:label1\" content=\"Escrito por\" \/>\n\t<meta name=\"twitter:data1\" content=\"Coordena\u00e7\u00e3o\" \/>\n\t<meta name=\"twitter:label2\" content=\"Est. tempo de leitura\" \/>\n\t<meta name=\"twitter:data2\" content=\"2 minutos\" \/>\n<script type=\"application\/ld+json\" class=\"yoast-schema-graph\">{\"@context\":\"https:\/\/schema.org\",\"@graph\":[{\"@type\":\"NewsArticle\",\"@id\":\"https:\/\/www.estrategiaconcursos.com.br\/blog\/provas-do-concurso-pf-adiadas\/#article\",\"isPartOf\":{\"@id\":\"https:\/\/www.estrategiaconcursos.com.br\/blog\/provas-do-concurso-pf-adiadas\/\"},\"author\":{\"name\":\"Coordena\u00e7\u00e3o\",\"@id\":\"https:\/\/www.estrategiaconcursos.com.br\/blog\/#\/schema\/person\/b4a388c97673c5f483d72185668afa1f\"},\"headline\":\"Concurso PF: URGENTE! Provas adiadas para maio!\",\"datePublished\":\"2021-03-11T15:20:26+00:00\",\"dateModified\":\"2023-09-14T12:29:52+00:00\",\"mainEntityOfPage\":{\"@id\":\"https:\/\/www.estrategiaconcursos.com.br\/blog\/provas-do-concurso-pf-adiadas\/\"},\"wordCount\":457,\"commentCount\":0,\"publisher\":{\"@id\":\"https:\/\/www.estrategiaconcursos.com.br\/blog\/#organization\"},\"image\":{\"@id\":\"https:\/\/www.estrategiaconcursos.com.br\/blog\/provas-do-concurso-pf-adiadas\/#primaryimage\"},\"thumbnailUrl\":\"https:\/\/dhg1h5j42swfq.cloudfront.net\/2020\/11\/20143953\/pf.jpg\",\"articleSection\":[\"Policial (Agente, Escriv\u00e3o e Investigador)\"],\"inLanguage\":\"pt-BR\",\"potentialAction\":[{\"@type\":\"CommentAction\",\"name\":\"Comment\",\"target\":[\"https:\/\/www.estrategiaconcursos.com.br\/blog\/provas-do-concurso-pf-adiadas\/#respond\"]}],\"copyrightYear\":\"2021\",\"copyrightHolder\":{\"@id\":\"https:\/\/www.estrategiaconcursos.com.br\/blog\/#organization\"}},{\"@type\":\"WebPage\",\"@id\":\"https:\/\/www.estrategiaconcursos.com.br\/blog\/provas-do-concurso-pf-adiadas\/\",\"url\":\"https:\/\/www.estrategiaconcursos.com.br\/blog\/provas-do-concurso-pf-adiadas\/\",\"name\":\"Concurso PF: URGENTE! Provas adiadas para maio!\",\"isPartOf\":{\"@id\":\"https:\/\/www.estrategiaconcursos.com.br\/blog\/#website\"},\"primaryImageOfPage\":{\"@id\":\"https:\/\/www.estrategiaconcursos.com.br\/blog\/provas-do-concurso-pf-adiadas\/#primaryimage\"},\"image\":{\"@id\":\"https:\/\/www.estrategiaconcursos.com.br\/blog\/provas-do-concurso-pf-adiadas\/#primaryimage\"},\"thumbnailUrl\":\"https:\/\/dhg1h5j42swfq.cloudfront.net\/2020\/11\/20143953\/pf.jpg\",\"datePublished\":\"2021-03-11T15:20:26+00:00\",\"dateModified\":\"2023-09-14T12:29:52+00:00\",\"description\":\"ATEN\u00c7\u00c3O! Not\u00edcia de \u00faltima hora! As provas do concurso PF, que seriam aplicadas no dia 21 de mar\u00e7o de 2021, foram oficialmente adiadas!\",\"breadcrumb\":{\"@id\":\"https:\/\/www.estrategiaconcursos.com.br\/blog\/provas-do-concurso-pf-adiadas\/#breadcrumb\"},\"inLanguage\":\"pt-BR\",\"potentialAction\":[{\"@type\":\"ReadAction\",\"target\":[\"https:\/\/www.estrategiaconcursos.com.br\/blog\/provas-do-concurso-pf-adiadas\/\"]}]},{\"@type\":\"ImageObject\",\"inLanguage\":\"pt-BR\",\"@id\":\"https:\/\/www.estrategiaconcursos.com.br\/blog\/provas-do-concurso-pf-adiadas\/#primaryimage\",\"url\":\"https:\/\/dhg1h5j42swfq.cloudfront.net\/2020\/11\/20143953\/pf.jpg\",\"contentUrl\":\"https:\/\/dhg1h5j42swfq.cloudfront.net\/2020\/11\/20143953\/pf.jpg\",\"width\":1024,\"height\":534,\"caption\":\"pol\u00edcia federal\"},{\"@type\":\"BreadcrumbList\",\"@id\":\"https:\/\/www.estrategiaconcursos.com.br\/blog\/provas-do-concurso-pf-adiadas\/#breadcrumb\",\"itemListElement\":[{\"@type\":\"ListItem\",\"position\":1,\"name\":\"In\u00edcio\",\"item\":\"https:\/\/www.estrategiaconcursos.com.br\/blog\/\"},{\"@type\":\"ListItem\",\"position\":2,\"name\":\"Concurso PF: URGENTE! Provas adiadas para maio!\"}]},{\"@type\":\"WebSite\",\"@id\":\"https:\/\/www.estrategiaconcursos.com.br\/blog\/#website\",\"url\":\"https:\/\/www.estrategiaconcursos.com.br\/blog\/\",\"name\":\"Estrat\u00e9gia Concursos\",\"description\":\"O blog da Estrat\u00e9gia Concursos traz not\u00edcias sobre concursos e artigos de professores oferecendo cursos para concursos (pdf + videaulas) no site.\",\"publisher\":{\"@id\":\"https:\/\/www.estrategiaconcursos.com.br\/blog\/#organization\"},\"potentialAction\":[{\"@type\":\"SearchAction\",\"target\":{\"@type\":\"EntryPoint\",\"urlTemplate\":\"https:\/\/www.estrategiaconcursos.com.br\/blog\/?s={search_term_string}\"},\"query-input\":{\"@type\":\"PropertyValueSpecification\",\"valueRequired\":true,\"valueName\":\"search_term_string\"}}],\"inLanguage\":\"pt-BR\"},{\"@type\":\"Organization\",\"@id\":\"https:\/\/www.estrategiaconcursos.com.br\/blog\/#organization\",\"name\":\"Estrat\u00e9gia Concursos\",\"url\":\"https:\/\/www.estrategiaconcursos.com.br\/blog\/\",\"logo\":{\"@type\":\"ImageObject\",\"inLanguage\":\"pt-BR\",\"@id\":\"https:\/\/www.estrategiaconcursos.com.br\/blog\/#\/schema\/logo\/image\/\",\"url\":\"https:\/\/dhg1h5j42swfq.cloudfront.net\/2025\/06\/03203428\/logo_concursos-1.jpg\",\"contentUrl\":\"https:\/\/dhg1h5j42swfq.cloudfront.net\/2025\/06\/03203428\/logo_concursos-1.jpg\",\"width\":230,\"height\":60,\"caption\":\"Estrat\u00e9gia Concursos\"},\"image\":{\"@id\":\"https:\/\/www.estrategiaconcursos.com.br\/blog\/#\/schema\/logo\/image\/\"},\"sameAs\":[\"https:\/\/x.com\/EstratConcursos\"]},{\"@type\":\"Person\",\"@id\":\"https:\/\/www.estrategiaconcursos.com.br\/blog\/#\/schema\/person\/b4a388c97673c5f483d72185668afa1f\",\"name\":\"Coordena\u00e7\u00e3o\",\"image\":{\"@type\":\"ImageObject\",\"inLanguage\":\"pt-BR\",\"@id\":\"https:\/\/secure.gravatar.com\/avatar\/b720319e4c9a967eb58678d110f4fe35452fc5d5f97b202bac7b8acceb18c6ad?s=96&d=mm&r=g\",\"url\":\"https:\/\/secure.gravatar.com\/avatar\/b720319e4c9a967eb58678d110f4fe35452fc5d5f97b202bac7b8acceb18c6ad?s=96&d=mm&r=g\",\"contentUrl\":\"https:\/\/secure.gravatar.com\/avatar\/b720319e4c9a967eb58678d110f4fe35452fc5d5f97b202bac7b8acceb18c6ad?s=96&d=mm&r=g\",\"caption\":\"Coordena\u00e7\u00e3o\"},\"sameAs\":[\"https:\/\/www.facebook.com\/EstrategiaConcursos\",\"https:\/\/x.com\/EstratConcursos\"],\"url\":\"https:\/\/www.estrategiaconcursos.com.br\/blog\/author\/estrategia2013\/\"}]}<\/script>\n<!-- \/ Yoast SEO Premium plugin. -->","yoast_head_json":{"title":"Concurso PF: URGENTE! Provas adiadas para maio!","description":"ATEN\u00c7\u00c3O! Not\u00edcia de \u00faltima hora! As provas do concurso PF, que seriam aplicadas no dia 21 de mar\u00e7o de 2021, foram oficialmente adiadas!","robots":{"index":"index","follow":"follow","max-snippet":"max-snippet:-1","max-image-preview":"max-image-preview:large","max-video-preview":"max-video-preview:-1"},"canonical":"https:\/\/www.estrategiaconcursos.com.br\/blog\/provas-do-concurso-pf-adiadas\/","og_locale":"pt_BR","og_type":"article","og_title":"Concurso PF: URGENTE! Provas adiadas para maio!","og_description":"ATEN\u00c7\u00c3O! Not\u00edcia de \u00faltima hora! As provas do concurso PF, que seriam aplicadas no dia 21 de mar\u00e7o de 2021, foram oficialmente adiadas!","og_url":"https:\/\/www.estrategiaconcursos.com.br\/blog\/provas-do-concurso-pf-adiadas\/","og_site_name":"Estrat\u00e9gia Concursos","article_author":"https:\/\/www.facebook.com\/EstrategiaConcursos","article_published_time":"2021-03-11T15:20:26+00:00","article_modified_time":"2023-09-14T12:29:52+00:00","og_image":[{"width":1024,"height":534,"url":"https:\/\/dhg1h5j42swfq.cloudfront.net\/2020\/11\/20143953\/pf.jpg","type":"image\/jpeg"}],"author":"Coordena\u00e7\u00e3o","twitter_card":"summary_large_image","twitter_creator":"@EstratConcursos","twitter_site":"@EstratConcursos","twitter_misc":{"Escrito por":"Coordena\u00e7\u00e3o","Est. tempo de leitura":"2 minutos"},"schema":{"@context":"https:\/\/schema.org","@graph":[{"@type":"NewsArticle","@id":"https:\/\/www.estrategiaconcursos.com.br\/blog\/provas-do-concurso-pf-adiadas\/#article","isPartOf":{"@id":"https:\/\/www.estrategiaconcursos.com.br\/blog\/provas-do-concurso-pf-adiadas\/"},"author":{"name":"Coordena\u00e7\u00e3o","@id":"https:\/\/www.estrategiaconcursos.com.br\/blog\/#\/schema\/person\/b4a388c97673c5f483d72185668afa1f"},"headline":"Concurso PF: URGENTE! Provas adiadas para maio!","datePublished":"2021-03-11T15:20:26+00:00","dateModified":"2023-09-14T12:29:52+00:00","mainEntityOfPage":{"@id":"https:\/\/www.estrategiaconcursos.com.br\/blog\/provas-do-concurso-pf-adiadas\/"},"wordCount":457,"commentCount":0,"publisher":{"@id":"https:\/\/www.estrategiaconcursos.com.br\/blog\/#organization"},"image":{"@id":"https:\/\/www.estrategiaconcursos.com.br\/blog\/provas-do-concurso-pf-adiadas\/#primaryimage"},"thumbnailUrl":"https:\/\/dhg1h5j42swfq.cloudfront.net\/2020\/11\/20143953\/pf.jpg","articleSection":["Policial (Agente, Escriv\u00e3o e Investigador)"],"inLanguage":"pt-BR","potentialAction":[{"@type":"CommentAction","name":"Comment","target":["https:\/\/www.estrategiaconcursos.com.br\/blog\/provas-do-concurso-pf-adiadas\/#respond"]}],"copyrightYear":"2021","copyrightHolder":{"@id":"https:\/\/www.estrategiaconcursos.com.br\/blog\/#organization"}},{"@type":"WebPage","@id":"https:\/\/www.estrategiaconcursos.com.br\/blog\/provas-do-concurso-pf-adiadas\/","url":"https:\/\/www.estrategiaconcursos.com.br\/blog\/provas-do-concurso-pf-adiadas\/","name":"Concurso PF: URGENTE! Provas adiadas para maio!","isPartOf":{"@id":"https:\/\/www.estrategiaconcursos.com.br\/blog\/#website"},"primaryImageOfPage":{"@id":"https:\/\/www.estrategiaconcursos.com.br\/blog\/provas-do-concurso-pf-adiadas\/#primaryimage"},"image":{"@id":"https:\/\/www.estrategiaconcursos.com.br\/blog\/provas-do-concurso-pf-adiadas\/#primaryimage"},"thumbnailUrl":"https:\/\/dhg1h5j42swfq.cloudfront.net\/2020\/11\/20143953\/pf.jpg","datePublished":"2021-03-11T15:20:26+00:00","dateModified":"2023-09-14T12:29:52+00:00","description":"ATEN\u00c7\u00c3O! Not\u00edcia de \u00faltima hora! As provas do concurso PF, que seriam aplicadas no dia 21 de mar\u00e7o de 2021, foram oficialmente adiadas!","breadcrumb":{"@id":"https:\/\/www.estrategiaconcursos.com.br\/blog\/provas-do-concurso-pf-adiadas\/#breadcrumb"},"inLanguage":"pt-BR","potentialAction":[{"@type":"ReadAction","target":["https:\/\/www.estrategiaconcursos.com.br\/blog\/provas-do-concurso-pf-adiadas\/"]}]},{"@type":"ImageObject","inLanguage":"pt-BR","@id":"https:\/\/www.estrategiaconcursos.com.br\/blog\/provas-do-concurso-pf-adiadas\/#primaryimage","url":"https:\/\/dhg1h5j42swfq.cloudfront.net\/2020\/11\/20143953\/pf.jpg","contentUrl":"https:\/\/dhg1h5j42swfq.cloudfront.net\/2020\/11\/20143953\/pf.jpg","width":1024,"height":534,"caption":"pol\u00edcia federal"},{"@type":"BreadcrumbList","@id":"https:\/\/www.estrategiaconcursos.com.br\/blog\/provas-do-concurso-pf-adiadas\/#breadcrumb","itemListElement":[{"@type":"ListItem","position":1,"name":"In\u00edcio","item":"https:\/\/www.estrategiaconcursos.com.br\/blog\/"},{"@type":"ListItem","position":2,"name":"Concurso PF: URGENTE! Provas adiadas para maio!"}]},{"@type":"WebSite","@id":"https:\/\/www.estrategiaconcursos.com.br\/blog\/#website","url":"https:\/\/www.estrategiaconcursos.com.br\/blog\/","name":"Estrat\u00e9gia Concursos","description":"O blog da Estrat\u00e9gia Concursos traz not\u00edcias sobre concursos e artigos de professores oferecendo cursos para concursos (pdf + videaulas) no site.","publisher":{"@id":"https:\/\/www.estrategiaconcursos.com.br\/blog\/#organization"},"potentialAction":[{"@type":"SearchAction","target":{"@type":"EntryPoint","urlTemplate":"https:\/\/www.estrategiaconcursos.com.br\/blog\/?s={search_term_string}"},"query-input":{"@type":"PropertyValueSpecification","valueRequired":true,"valueName":"search_term_string"}}],"inLanguage":"pt-BR"},{"@type":"Organization","@id":"https:\/\/www.estrategiaconcursos.com.br\/blog\/#organization","name":"Estrat\u00e9gia Concursos","url":"https:\/\/www.estrategiaconcursos.com.br\/blog\/","logo":{"@type":"ImageObject","inLanguage":"pt-BR","@id":"https:\/\/www.estrategiaconcursos.com.br\/blog\/#\/schema\/logo\/image\/","url":"https:\/\/dhg1h5j42swfq.cloudfront.net\/2025\/06\/03203428\/logo_concursos-1.jpg","contentUrl":"https:\/\/dhg1h5j42swfq.cloudfront.net\/2025\/06\/03203428\/logo_concursos-1.jpg","width":230,"height":60,"caption":"Estrat\u00e9gia Concursos"},"image":{"@id":"https:\/\/www.estrategiaconcursos.com.br\/blog\/#\/schema\/logo\/image\/"},"sameAs":["https:\/\/x.com\/EstratConcursos"]},{"@type":"Person","@id":"https:\/\/www.estrategiaconcursos.com.br\/blog\/#\/schema\/person\/b4a388c97673c5f483d72185668afa1f","name":"Coordena\u00e7\u00e3o","image":{"@type":"ImageObject","inLanguage":"pt-BR","@id":"https:\/\/secure.gravatar.com\/avatar\/b720319e4c9a967eb58678d110f4fe35452fc5d5f97b202bac7b8acceb18c6ad?s=96&d=mm&r=g","url":"https:\/\/secure.gravatar.com\/avatar\/b720319e4c9a967eb58678d110f4fe35452fc5d5f97b202bac7b8acceb18c6ad?s=96&d=mm&r=g","contentUrl":"https:\/\/secure.gravatar.com\/avatar\/b720319e4c9a967eb58678d110f4fe35452fc5d5f97b202bac7b8acceb18c6ad?s=96&d=mm&r=g","caption":"Coordena\u00e7\u00e3o"},"sameAs":["https:\/\/www.facebook.com\/EstrategiaConcursos","https:\/\/x.com\/EstratConcursos"],"url":"https:\/\/www.estrategiaconcursos.com.br\/blog\/author\/estrategia2013\/"}]}},"_links":{"self":[{"href":"https:\/\/www.estrategiaconcursos.com.br\/blog\/wp-json\/wp\/v2\/posts\/690835","targetHints":{"allow":["GET"]}}],"collection":[{"href":"https:\/\/www.estrategiaconcursos.com.br\/blog\/wp-json\/wp\/v2\/posts"}],"about":[{"href":"https:\/\/www.estrategiaconcursos.com.br\/blog\/wp-json\/wp\/v2\/types\/post"}],"author":[{"embeddable":true,"href":"https:\/\/www.estrategiaconcursos.com.br\/blog\/wp-json\/wp\/v2\/users\/1"}],"replies":[{"embeddable":true,"href":"https:\/\/www.estrategiaconcursos.com.br\/blog\/wp-json\/wp\/v2\/comments?post=690835"}],"version-history":[{"count":19,"href":"https:\/\/www.estrategiaconcursos.com.br\/blog\/wp-json\/wp\/v2\/posts\/690835\/revisions"}],"predecessor-version":[{"id":1277099,"href":"https:\/\/www.estrategiaconcursos.com.br\/blog\/wp-json\/wp\/v2\/posts\/690835\/revisions\/1277099"}],"wp:featuredmedia":[{"embeddable":true,"href":"https:\/\/www.estrategiaconcursos.com.br\/blog\/wp-json\/wp\/v2\/media\/614183"}],"wp:attachment":[{"href":"https:\/\/www.estrategiaconcursos.com.br\/blog\/wp-json\/wp\/v2\/media?parent=690835"}],"wp:term":[{"taxonomy":"category","embeddable":true,"href":"https:\/\/www.estrategiaconcursos.com.br\/blog\/wp-json\/wp\/v2\/categories?post=690835"},{"taxonomy":"post_tag","embeddable":true,"href":"https:\/\/www.estrategiaconcursos.com.br\/blog\/wp-json\/wp\/v2\/tags?post=690835"},{"taxonomy":"tax_estado","embeddable":true,"href":"https:\/\/www.estrategiaconcursos.com.br\/blog\/wp-json\/wp\/v2\/tax_estado?post=690835"}],"curies":[{"name":"wp","href":"https:\/\/api.w.org\/{rel}","templated":true}]}}