{"id":688322,"date":"2021-03-08T20:05:20","date_gmt":"2021-03-08T23:05:20","guid":{"rendered":"https:\/\/www.estrategiaconcursos.com.br\/blog\/?p=688322"},"modified":"2021-03-08T20:06:41","modified_gmt":"2021-03-08T23:06:41","slug":"inscricoes-do-xxxii-exame-de-ordem-serao-reabertas","status":"publish","type":"post","link":"https:\/\/www.estrategiaconcursos.com.br\/blog\/inscricoes-do-xxxii-exame-de-ordem-serao-reabertas\/","title":{"rendered":"Inscri\u00e7\u00f5es do XXXII Exame de Ordem ser\u00e3o reabertas; saiba mais!"},"content":{"rendered":"\n<p>De acordo com uma publica\u00e7\u00e3o em sua rede social oficial, o Presidente Nacional da Ordem dos Advogados do Brasil, Felipe Santa Cruz, confirmou que ser\u00e3o reabertas as inscri\u00e7\u00f5es do XXXII Exame de Ordem, cuja prova de primeira fase, ent\u00e3o prevista para o \u00faltimo domingo, 7 de mar\u00e7o, foi suspensa devido ao novo agravamento da pandemia de Coronav\u00edrus. <\/p>\n\n\n\n<p>O adiamento se deu ap\u00f3s o pedido de algumas Subse\u00e7\u00f5es como a da regi\u00e3o de Araraquara, dada a identifica\u00e7\u00e3o da nova cepa na cidade bem como a decreta\u00e7\u00e3o de lockdown por v\u00e1rios munic\u00edpios da regi\u00e3o, o que tamb\u00e9m ocorreu em diversos estados e munic\u00edpios Brasil afora. <\/p>\n\n\n\n<p>As inscri\u00e7\u00f5es do <strong>XXXII Exame de Ordem<\/strong>, por sua vez, haviam sido encerradas no fim do m\u00eas de janeiro. Por\u00e9m, pelo fato da prova ser Unificada em toso o pa\u00eds, sendo inclusive aplicada no mesmo hor\u00e1rio para todo o territ\u00f3rio, o seu adiamento em uma cidade ou regi\u00e3o impacta todas as demais do pa\u00eds. <\/p>\n\n\n\n<p>Ainda n\u00e3o foram divulgadas as novas datas de inscri\u00e7\u00f5es e de provas.Em raz\u00e3o da presen\u00e7a da pandemia de coronav\u00edrus (Covid-19) no pa\u00eds no ano passado, inclusive, foi poss\u00edvel apenas a excepcional realiza\u00e7\u00e3o uma edi\u00e7\u00e3o de provas da OAB, o XXXI Exame de Ordem, sendo os demais remarcados para 2021. <\/p>\n\n\n\n<p>A segunda fase daquele exame ocorreu de forma facultativa, em 6 de dezembro de 2020 e, os candidatos que n\u00e3o quiseram realiz\u00e1-la, tanto aqueles que a prestavam pela primeira vez, como os que fariam jus \u00e0 repescagem, foram automaticamente inscritos para esta edi\u00e7\u00e3o.  <\/p>\n\n\n\n<h2 class=\"wp-block-heading\">Quer saber mais sobre o XXXII Exame de Ordem?<\/h2>\n\n\n\n<p class=\"has-text-align-center has-vivid-green-cyan-background-color has-background\" style=\"font-size:clamp(16.293px, 1.018rem + ((1vw - 3.2px) * 0.854), 25px);px\"><strong><a rel=\"noreferrer noopener\" href=\"https:\/\/www.estrategiaconcursos.com.br\/blog\/exame-de-ordem-2\/\" target=\"_blank\">EXAME OAB<\/a><\/strong><\/p>\n\n\n\n<h2 class=\"has-text-align-center wp-block-heading\" id=\"cursos-ficha\">Assinatura OAB<\/h2>\n\n\n\n<div class=\"container\" id=\"boxes\">\n  <div class=\"row\">\n\n    <div class=\"col-sm\">\n      <div class=\"banner-oab\" id=\"box-assinatura\">\n        <h3 class=\"titulo-assinatura\">Assinatura OAB\/h3&gt;\n        <p class=\"subtitulo-assinatura\">Conhe\u00e7a os cursos<\/p>\n        <div class=\"box-botao\">\n          <a class=\"btn-assinatura\" target=\"_blank\" href=\"https:\/\/www.estrategiaconcursos.com.br\/assinaturas-oab\/\" role=\"button\" rel=\"noopener noreferrer\">Conhe\u00e7a mais<\/a>\n        <\/div>\n      <\/h3><\/div>\n      <p class=\"texto-auxiliar\">A Assinatura OAB \u2013 At\u00e9 a Aprova\u00e7\u00e3o traz TODAS as ferramentas necess\u00e1rias para uma prepara\u00e7\u00e3o completa para a 1\u00aa e 2\u00aa Fase Exame da Ordem.<\/p>\n    <\/div>\n\n  <\/div>\n<\/div>\n\n\n\n<div class=\"container\" id=\"boxes\">\n  <div class=\"row\">\n\n    <div class=\"col-sm\">\n      <div class=\"questoes\" id=\"box-assinatura\">\n        <h3 class=\"titulo-assinatura\">Sistema de Quest\u00f5es<\/h3>\n        <p class=\"subtitulo-assinatura\">Assinatura Ilimitada*\n<\/p>\n        <div class=\"box-botao\">\n          <a class=\"btn-assinatura\" target=\"_blank\" href=\"https:\/\/www.estrategiaconcursos.com.br\/cursosPorConcurso\/sistema-de-questoes\/#\/\" role=\"button\" rel=\"noopener noreferrer\">ASSINE AGORA<\/a>\n        <\/div>\n      <\/div>\n      <p class=\"texto-auxiliar\">Estrat\u00e9gia Quest\u00f5es nasceu maior do que todos os concorrentes, com mais quest\u00f5es cadastradas e mais solu\u00e7\u00f5es por professores. Clique no link e aproveite os descontos e b\u00f4nus imperd\u00edveis!<\/p>\n    <\/div>\n  <\/div>\n<\/div>\n\n\n\n<h2 class=\"has-text-align-center wp-block-heading\" id=\"h-pacotes-completos-exame-de-ordem\">Pacotes completos Exame de Ordem<\/h2>\n\n\n\n<div class=\"container\" id=\"boxes\">\n  <div class=\"row\">\n\n    <div class=\"col-sm\">\n      <div class=\"banner-oab\" id=\"box-assinatura\">\n        <h3 class=\"titulo-assinatura\">Curso OAB 1\u00aa Fase<\/h3>\n        <p class=\"subtitulo-assinatura\">Conhe\u00e7a os cursos<\/p>\n        <div class=\"box-botao\">\n          <a class=\"btn-assinatura\" target=\"_blank\" href=\"https:\/\/www.estrategiaconcursos.com.br\/cursosPorConcurso\/exame-de-ordem-oab-1-fase\/\" role=\"button\" rel=\"noopener noreferrer\">Conhe\u00e7a mais<\/a>\n        <\/div>\n      <\/div>\n      <p class=\"texto-auxiliar\">Prepare-se com o melhor material e com quem mais aprova em Concursos P\u00fablicos em todo o pa\u00eds. Assine agora a nossa Assinatura Anual e tenha acesso ilimitado* a todos os nossos cursos.<\/p>\n    <\/div>\n\n  <\/div>\n<\/div>\n\n\n\n<div class=\"container\" id=\"boxes\">\n  <div class=\"row\">\n\n    <div class=\"col-sm\">\n      <div class=\"banner-oab\" id=\"box-assinatura\">\n        <h3 class=\"titulo-assinatura\">Curso OAB 2\u00aa Fase<\/h3>\n        <p class=\"subtitulo-assinatura\">Conhe\u00e7a os cursos<\/p>\n        <div class=\"box-botao\">\n          <a class=\"btn-assinatura\" target=\"_blank\" href=\"https:\/\/www.estrategiaconcursos.com.br\/\/cursosPorConcurso\/oab-2-fase-192\/\" role=\"button\" rel=\"noopener noreferrer\">Conhe\u00e7a mais<\/a>\n        <\/div>\n      <\/div>\n      <p class=\"texto-auxiliar\">Prepare-se com o melhor material e com quem mais aprova em Concursos P\u00fablicos em todo o pa\u00eds. Assine agora a nossa Assinatura Anual e tenha acesso ilimitado* a todos os nossos cursos.<\/p>\n    <\/div>\n\n  <\/div>\n<\/div>\n\n\n\n<h2 class=\"has-text-align-center wp-block-heading\">Quer saber mais sobre o Exame de Ordem?<\/h2>\n\n\n\n<p class=\"has-text-align-center\"><strong>Nossas redes sociais<\/strong><\/p>\n\n\n\n<p class=\"has-text-align-center has-pale-cyan-blue-background-color has-background\"><a href=\"https:\/\/www.instagram.com\/estrategiaoab\/\" target=\"_blank\" rel=\"noreferrer noopener\">Instagram Estrat\u00e9gia OAB<\/a><\/p>\n\n\n\n<p class=\"has-text-align-center has-light-green-cyan-background-color has-background\"><a href=\"https:\/\/www.youtube.com\/channel\/UC7rgrKTSF5aOrBGWOw60ovw\" target=\"_blank\" rel=\"noreferrer noopener\">YouTube do Estrat\u00e9gia OAB<\/a><\/p>\n\n\n\n<p class=\"has-text-align-center\"><strong>Grupo de Telegram para a OAB<\/strong><\/p>\n\n\n\n<p class=\"has-text-align-center has-very-light-gray-background-color has-background\"><a href=\"http:\/\/bit.ly\/TelegramOAB\"><strong>Inscreva-se no nosso grupo do Telegram<\/strong><\/a><\/p>\n","protected":false},"excerpt":{"rendered":"<p>De acordo com uma publica\u00e7\u00e3o em sua rede social oficial, o Presidente Nacional da Ordem dos Advogados do Brasil, Felipe Santa Cruz, confirmou que ser\u00e3o reabertas as inscri\u00e7\u00f5es do XXXII Exame de Ordem, cuja prova de primeira fase, ent\u00e3o prevista para o \u00faltimo domingo, 7 de mar\u00e7o, foi suspensa devido ao novo agravamento da pandemia [&hellip;]<\/p>\n","protected":false},"author":1,"featured_media":688327,"comment_status":"open","ping_status":"closed","sticky":false,"template":"","format":"standard","meta":{"post_tipo":"news","footnotes":""},"categories":[1],"tags":[],"tax_estado":[219963],"class_list":["post-688322","post","type-post","status-publish","format-standard","has-post-thumbnail","hentry","category-cursos-e-concursos","tax_estado-concursos-federais"],"acf":[],"yoast_head":"<!-- This site is optimized with the Yoast SEO Premium plugin v27.2 (Yoast SEO v27.2) - https:\/\/yoast.com\/product\/yoast-seo-premium-wordpress\/ -->\n<title>Inscri\u00e7\u00f5es do XXXII Exame de Ordem ser\u00e3o reabertas; saiba mais!<\/title>\n<meta name=\"description\" content=\"As inscri\u00e7\u00f5es do XXXII Exame de Ordem, cuja prova prevista para o \u00faltimo domingo foi suspensa, ser\u00e3o reabertas, segundo Presidente da OAB.\" \/>\n<meta name=\"robots\" content=\"index, follow, max-snippet:-1, max-image-preview:large, max-video-preview:-1\" \/>\n<link rel=\"canonical\" href=\"https:\/\/www.estrategiaconcursos.com.br\/blog\/inscricoes-do-xxxii-exame-de-ordem-serao-reabertas\/\" \/>\n<meta property=\"og:locale\" content=\"pt_BR\" \/>\n<meta property=\"og:type\" content=\"article\" \/>\n<meta property=\"og:title\" content=\"Inscri\u00e7\u00f5es do XXXII Exame de Ordem ser\u00e3o reabertas; saiba mais!\" \/>\n<meta property=\"og:description\" content=\"As inscri\u00e7\u00f5es do XXXII Exame de Ordem, cuja prova prevista para o \u00faltimo domingo foi suspensa, ser\u00e3o reabertas, segundo Presidente da OAB.\" \/>\n<meta property=\"og:url\" content=\"https:\/\/www.estrategiaconcursos.com.br\/blog\/inscricoes-do-xxxii-exame-de-ordem-serao-reabertas\/\" \/>\n<meta property=\"og:site_name\" content=\"Estrat\u00e9gia Concursos\" \/>\n<meta property=\"article:author\" content=\"https:\/\/www.facebook.com\/EstrategiaConcursos\" \/>\n<meta property=\"article:published_time\" content=\"2021-03-08T23:05:20+00:00\" \/>\n<meta property=\"article:modified_time\" content=\"2021-03-08T23:06:41+00:00\" \/>\n<meta property=\"og:image\" content=\"https:\/\/dhg1h5j42swfq.cloudfront.net\/2021\/03\/08195325\/oab-2-1-1.jpg\" \/>\n\t<meta property=\"og:image:width\" content=\"400\" \/>\n\t<meta property=\"og:image:height\" content=\"209\" \/>\n\t<meta property=\"og:image:type\" content=\"image\/jpeg\" \/>\n<meta name=\"author\" content=\"Coordena\u00e7\u00e3o\" \/>\n<meta name=\"twitter:card\" content=\"summary_large_image\" \/>\n<meta name=\"twitter:creator\" content=\"@EstratConcursos\" \/>\n<meta name=\"twitter:site\" content=\"@EstratConcursos\" \/>\n<meta name=\"twitter:label1\" content=\"Escrito por\" \/>\n\t<meta name=\"twitter:data1\" content=\"Coordena\u00e7\u00e3o\" \/>\n\t<meta name=\"twitter:label2\" content=\"Est. tempo de leitura\" \/>\n\t<meta name=\"twitter:data2\" content=\"2 minutos\" \/>\n<script type=\"application\/ld+json\" class=\"yoast-schema-graph\">{\"@context\":\"https:\/\/schema.org\",\"@graph\":[{\"@type\":\"NewsArticle\",\"@id\":\"https:\/\/www.estrategiaconcursos.com.br\/blog\/inscricoes-do-xxxii-exame-de-ordem-serao-reabertas\/#article\",\"isPartOf\":{\"@id\":\"https:\/\/www.estrategiaconcursos.com.br\/blog\/inscricoes-do-xxxii-exame-de-ordem-serao-reabertas\/\"},\"author\":{\"name\":\"Coordena\u00e7\u00e3o\",\"@id\":\"https:\/\/www.estrategiaconcursos.com.br\/blog\/#\/schema\/person\/b4a388c97673c5f483d72185668afa1f\"},\"headline\":\"Inscri\u00e7\u00f5es do XXXII Exame de Ordem ser\u00e3o reabertas; saiba mais!\",\"datePublished\":\"2021-03-08T23:05:20+00:00\",\"dateModified\":\"2021-03-08T23:06:41+00:00\",\"mainEntityOfPage\":{\"@id\":\"https:\/\/www.estrategiaconcursos.com.br\/blog\/inscricoes-do-xxxii-exame-de-ordem-serao-reabertas\/\"},\"wordCount\":509,\"commentCount\":0,\"publisher\":{\"@id\":\"https:\/\/www.estrategiaconcursos.com.br\/blog\/#organization\"},\"image\":{\"@id\":\"https:\/\/www.estrategiaconcursos.com.br\/blog\/inscricoes-do-xxxii-exame-de-ordem-serao-reabertas\/#primaryimage\"},\"thumbnailUrl\":\"https:\/\/dhg1h5j42swfq.cloudfront.net\/2021\/03\/08195325\/oab-2-1-1.jpg\",\"articleSection\":[\"Concursos P\u00fablicos\"],\"inLanguage\":\"pt-BR\",\"potentialAction\":[{\"@type\":\"CommentAction\",\"name\":\"Comment\",\"target\":[\"https:\/\/www.estrategiaconcursos.com.br\/blog\/inscricoes-do-xxxii-exame-de-ordem-serao-reabertas\/#respond\"]}],\"copyrightYear\":\"2021\",\"copyrightHolder\":{\"@id\":\"https:\/\/www.estrategiaconcursos.com.br\/blog\/#organization\"}},{\"@type\":\"WebPage\",\"@id\":\"https:\/\/www.estrategiaconcursos.com.br\/blog\/inscricoes-do-xxxii-exame-de-ordem-serao-reabertas\/\",\"url\":\"https:\/\/www.estrategiaconcursos.com.br\/blog\/inscricoes-do-xxxii-exame-de-ordem-serao-reabertas\/\",\"name\":\"Inscri\u00e7\u00f5es do XXXII Exame de Ordem ser\u00e3o reabertas; saiba mais!\",\"isPartOf\":{\"@id\":\"https:\/\/www.estrategiaconcursos.com.br\/blog\/#website\"},\"primaryImageOfPage\":{\"@id\":\"https:\/\/www.estrategiaconcursos.com.br\/blog\/inscricoes-do-xxxii-exame-de-ordem-serao-reabertas\/#primaryimage\"},\"image\":{\"@id\":\"https:\/\/www.estrategiaconcursos.com.br\/blog\/inscricoes-do-xxxii-exame-de-ordem-serao-reabertas\/#primaryimage\"},\"thumbnailUrl\":\"https:\/\/dhg1h5j42swfq.cloudfront.net\/2021\/03\/08195325\/oab-2-1-1.jpg\",\"datePublished\":\"2021-03-08T23:05:20+00:00\",\"dateModified\":\"2021-03-08T23:06:41+00:00\",\"description\":\"As inscri\u00e7\u00f5es do XXXII Exame de Ordem, cuja prova prevista para o \u00faltimo domingo foi suspensa, ser\u00e3o reabertas, segundo Presidente da OAB.\",\"breadcrumb\":{\"@id\":\"https:\/\/www.estrategiaconcursos.com.br\/blog\/inscricoes-do-xxxii-exame-de-ordem-serao-reabertas\/#breadcrumb\"},\"inLanguage\":\"pt-BR\",\"potentialAction\":[{\"@type\":\"ReadAction\",\"target\":[\"https:\/\/www.estrategiaconcursos.com.br\/blog\/inscricoes-do-xxxii-exame-de-ordem-serao-reabertas\/\"]}]},{\"@type\":\"ImageObject\",\"inLanguage\":\"pt-BR\",\"@id\":\"https:\/\/www.estrategiaconcursos.com.br\/blog\/inscricoes-do-xxxii-exame-de-ordem-serao-reabertas\/#primaryimage\",\"url\":\"https:\/\/dhg1h5j42swfq.cloudfront.net\/2021\/03\/08195325\/oab-2-1-1.jpg\",\"contentUrl\":\"https:\/\/dhg1h5j42swfq.cloudfront.net\/2021\/03\/08195325\/oab-2-1-1.jpg\",\"width\":400,\"height\":209,\"caption\":\"Inscri\u00e7\u00f5es do XXXII Exame\"},{\"@type\":\"BreadcrumbList\",\"@id\":\"https:\/\/www.estrategiaconcursos.com.br\/blog\/inscricoes-do-xxxii-exame-de-ordem-serao-reabertas\/#breadcrumb\",\"itemListElement\":[{\"@type\":\"ListItem\",\"position\":1,\"name\":\"In\u00edcio\",\"item\":\"https:\/\/www.estrategiaconcursos.com.br\/blog\/\"},{\"@type\":\"ListItem\",\"position\":2,\"name\":\"Inscri\u00e7\u00f5es do XXXII Exame de Ordem ser\u00e3o reabertas; saiba mais!\"}]},{\"@type\":\"WebSite\",\"@id\":\"https:\/\/www.estrategiaconcursos.com.br\/blog\/#website\",\"url\":\"https:\/\/www.estrategiaconcursos.com.br\/blog\/\",\"name\":\"Estrat\u00e9gia Concursos\",\"description\":\"O blog da Estrat\u00e9gia Concursos traz not\u00edcias sobre concursos e artigos de professores oferecendo cursos para concursos (pdf + videaulas) no site.\",\"publisher\":{\"@id\":\"https:\/\/www.estrategiaconcursos.com.br\/blog\/#organization\"},\"potentialAction\":[{\"@type\":\"SearchAction\",\"target\":{\"@type\":\"EntryPoint\",\"urlTemplate\":\"https:\/\/www.estrategiaconcursos.com.br\/blog\/?s={search_term_string}\"},\"query-input\":{\"@type\":\"PropertyValueSpecification\",\"valueRequired\":true,\"valueName\":\"search_term_string\"}}],\"inLanguage\":\"pt-BR\"},{\"@type\":\"Organization\",\"@id\":\"https:\/\/www.estrategiaconcursos.com.br\/blog\/#organization\",\"name\":\"Estrat\u00e9gia Concursos\",\"url\":\"https:\/\/www.estrategiaconcursos.com.br\/blog\/\",\"logo\":{\"@type\":\"ImageObject\",\"inLanguage\":\"pt-BR\",\"@id\":\"https:\/\/www.estrategiaconcursos.com.br\/blog\/#\/schema\/logo\/image\/\",\"url\":\"https:\/\/dhg1h5j42swfq.cloudfront.net\/2025\/06\/03203428\/logo_concursos-1.jpg\",\"contentUrl\":\"https:\/\/dhg1h5j42swfq.cloudfront.net\/2025\/06\/03203428\/logo_concursos-1.jpg\",\"width\":230,\"height\":60,\"caption\":\"Estrat\u00e9gia Concursos\"},\"image\":{\"@id\":\"https:\/\/www.estrategiaconcursos.com.br\/blog\/#\/schema\/logo\/image\/\"},\"sameAs\":[\"https:\/\/x.com\/EstratConcursos\"]},{\"@type\":\"Person\",\"@id\":\"https:\/\/www.estrategiaconcursos.com.br\/blog\/#\/schema\/person\/b4a388c97673c5f483d72185668afa1f\",\"name\":\"Coordena\u00e7\u00e3o\",\"image\":{\"@type\":\"ImageObject\",\"inLanguage\":\"pt-BR\",\"@id\":\"https:\/\/secure.gravatar.com\/avatar\/b720319e4c9a967eb58678d110f4fe35452fc5d5f97b202bac7b8acceb18c6ad?s=96&d=mm&r=g\",\"url\":\"https:\/\/secure.gravatar.com\/avatar\/b720319e4c9a967eb58678d110f4fe35452fc5d5f97b202bac7b8acceb18c6ad?s=96&d=mm&r=g\",\"contentUrl\":\"https:\/\/secure.gravatar.com\/avatar\/b720319e4c9a967eb58678d110f4fe35452fc5d5f97b202bac7b8acceb18c6ad?s=96&d=mm&r=g\",\"caption\":\"Coordena\u00e7\u00e3o\"},\"sameAs\":[\"https:\/\/www.facebook.com\/EstrategiaConcursos\",\"https:\/\/x.com\/EstratConcursos\"],\"url\":\"https:\/\/www.estrategiaconcursos.com.br\/blog\/author\/estrategia2013\/\"}]}<\/script>\n<!-- \/ Yoast SEO Premium plugin. -->","yoast_head_json":{"title":"Inscri\u00e7\u00f5es do XXXII Exame de Ordem ser\u00e3o reabertas; saiba mais!","description":"As inscri\u00e7\u00f5es do XXXII Exame de Ordem, cuja prova prevista para o \u00faltimo domingo foi suspensa, ser\u00e3o reabertas, segundo Presidente da OAB.","robots":{"index":"index","follow":"follow","max-snippet":"max-snippet:-1","max-image-preview":"max-image-preview:large","max-video-preview":"max-video-preview:-1"},"canonical":"https:\/\/www.estrategiaconcursos.com.br\/blog\/inscricoes-do-xxxii-exame-de-ordem-serao-reabertas\/","og_locale":"pt_BR","og_type":"article","og_title":"Inscri\u00e7\u00f5es do XXXII Exame de Ordem ser\u00e3o reabertas; saiba mais!","og_description":"As inscri\u00e7\u00f5es do XXXII Exame de Ordem, cuja prova prevista para o \u00faltimo domingo foi suspensa, ser\u00e3o reabertas, segundo Presidente da OAB.","og_url":"https:\/\/www.estrategiaconcursos.com.br\/blog\/inscricoes-do-xxxii-exame-de-ordem-serao-reabertas\/","og_site_name":"Estrat\u00e9gia Concursos","article_author":"https:\/\/www.facebook.com\/EstrategiaConcursos","article_published_time":"2021-03-08T23:05:20+00:00","article_modified_time":"2021-03-08T23:06:41+00:00","og_image":[{"width":400,"height":209,"url":"https:\/\/dhg1h5j42swfq.cloudfront.net\/2021\/03\/08195325\/oab-2-1-1.jpg","type":"image\/jpeg"}],"author":"Coordena\u00e7\u00e3o","twitter_card":"summary_large_image","twitter_creator":"@EstratConcursos","twitter_site":"@EstratConcursos","twitter_misc":{"Escrito por":"Coordena\u00e7\u00e3o","Est. tempo de leitura":"2 minutos"},"schema":{"@context":"https:\/\/schema.org","@graph":[{"@type":"NewsArticle","@id":"https:\/\/www.estrategiaconcursos.com.br\/blog\/inscricoes-do-xxxii-exame-de-ordem-serao-reabertas\/#article","isPartOf":{"@id":"https:\/\/www.estrategiaconcursos.com.br\/blog\/inscricoes-do-xxxii-exame-de-ordem-serao-reabertas\/"},"author":{"name":"Coordena\u00e7\u00e3o","@id":"https:\/\/www.estrategiaconcursos.com.br\/blog\/#\/schema\/person\/b4a388c97673c5f483d72185668afa1f"},"headline":"Inscri\u00e7\u00f5es do XXXII Exame de Ordem ser\u00e3o reabertas; saiba mais!","datePublished":"2021-03-08T23:05:20+00:00","dateModified":"2021-03-08T23:06:41+00:00","mainEntityOfPage":{"@id":"https:\/\/www.estrategiaconcursos.com.br\/blog\/inscricoes-do-xxxii-exame-de-ordem-serao-reabertas\/"},"wordCount":509,"commentCount":0,"publisher":{"@id":"https:\/\/www.estrategiaconcursos.com.br\/blog\/#organization"},"image":{"@id":"https:\/\/www.estrategiaconcursos.com.br\/blog\/inscricoes-do-xxxii-exame-de-ordem-serao-reabertas\/#primaryimage"},"thumbnailUrl":"https:\/\/dhg1h5j42swfq.cloudfront.net\/2021\/03\/08195325\/oab-2-1-1.jpg","articleSection":["Concursos P\u00fablicos"],"inLanguage":"pt-BR","potentialAction":[{"@type":"CommentAction","name":"Comment","target":["https:\/\/www.estrategiaconcursos.com.br\/blog\/inscricoes-do-xxxii-exame-de-ordem-serao-reabertas\/#respond"]}],"copyrightYear":"2021","copyrightHolder":{"@id":"https:\/\/www.estrategiaconcursos.com.br\/blog\/#organization"}},{"@type":"WebPage","@id":"https:\/\/www.estrategiaconcursos.com.br\/blog\/inscricoes-do-xxxii-exame-de-ordem-serao-reabertas\/","url":"https:\/\/www.estrategiaconcursos.com.br\/blog\/inscricoes-do-xxxii-exame-de-ordem-serao-reabertas\/","name":"Inscri\u00e7\u00f5es do XXXII Exame de Ordem ser\u00e3o reabertas; saiba mais!","isPartOf":{"@id":"https:\/\/www.estrategiaconcursos.com.br\/blog\/#website"},"primaryImageOfPage":{"@id":"https:\/\/www.estrategiaconcursos.com.br\/blog\/inscricoes-do-xxxii-exame-de-ordem-serao-reabertas\/#primaryimage"},"image":{"@id":"https:\/\/www.estrategiaconcursos.com.br\/blog\/inscricoes-do-xxxii-exame-de-ordem-serao-reabertas\/#primaryimage"},"thumbnailUrl":"https:\/\/dhg1h5j42swfq.cloudfront.net\/2021\/03\/08195325\/oab-2-1-1.jpg","datePublished":"2021-03-08T23:05:20+00:00","dateModified":"2021-03-08T23:06:41+00:00","description":"As inscri\u00e7\u00f5es do XXXII Exame de Ordem, cuja prova prevista para o \u00faltimo domingo foi suspensa, ser\u00e3o reabertas, segundo Presidente da OAB.","breadcrumb":{"@id":"https:\/\/www.estrategiaconcursos.com.br\/blog\/inscricoes-do-xxxii-exame-de-ordem-serao-reabertas\/#breadcrumb"},"inLanguage":"pt-BR","potentialAction":[{"@type":"ReadAction","target":["https:\/\/www.estrategiaconcursos.com.br\/blog\/inscricoes-do-xxxii-exame-de-ordem-serao-reabertas\/"]}]},{"@type":"ImageObject","inLanguage":"pt-BR","@id":"https:\/\/www.estrategiaconcursos.com.br\/blog\/inscricoes-do-xxxii-exame-de-ordem-serao-reabertas\/#primaryimage","url":"https:\/\/dhg1h5j42swfq.cloudfront.net\/2021\/03\/08195325\/oab-2-1-1.jpg","contentUrl":"https:\/\/dhg1h5j42swfq.cloudfront.net\/2021\/03\/08195325\/oab-2-1-1.jpg","width":400,"height":209,"caption":"Inscri\u00e7\u00f5es do XXXII Exame"},{"@type":"BreadcrumbList","@id":"https:\/\/www.estrategiaconcursos.com.br\/blog\/inscricoes-do-xxxii-exame-de-ordem-serao-reabertas\/#breadcrumb","itemListElement":[{"@type":"ListItem","position":1,"name":"In\u00edcio","item":"https:\/\/www.estrategiaconcursos.com.br\/blog\/"},{"@type":"ListItem","position":2,"name":"Inscri\u00e7\u00f5es do XXXII Exame de Ordem ser\u00e3o reabertas; saiba mais!"}]},{"@type":"WebSite","@id":"https:\/\/www.estrategiaconcursos.com.br\/blog\/#website","url":"https:\/\/www.estrategiaconcursos.com.br\/blog\/","name":"Estrat\u00e9gia Concursos","description":"O blog da Estrat\u00e9gia Concursos traz not\u00edcias sobre concursos e artigos de professores oferecendo cursos para concursos (pdf + videaulas) no site.","publisher":{"@id":"https:\/\/www.estrategiaconcursos.com.br\/blog\/#organization"},"potentialAction":[{"@type":"SearchAction","target":{"@type":"EntryPoint","urlTemplate":"https:\/\/www.estrategiaconcursos.com.br\/blog\/?s={search_term_string}"},"query-input":{"@type":"PropertyValueSpecification","valueRequired":true,"valueName":"search_term_string"}}],"inLanguage":"pt-BR"},{"@type":"Organization","@id":"https:\/\/www.estrategiaconcursos.com.br\/blog\/#organization","name":"Estrat\u00e9gia Concursos","url":"https:\/\/www.estrategiaconcursos.com.br\/blog\/","logo":{"@type":"ImageObject","inLanguage":"pt-BR","@id":"https:\/\/www.estrategiaconcursos.com.br\/blog\/#\/schema\/logo\/image\/","url":"https:\/\/dhg1h5j42swfq.cloudfront.net\/2025\/06\/03203428\/logo_concursos-1.jpg","contentUrl":"https:\/\/dhg1h5j42swfq.cloudfront.net\/2025\/06\/03203428\/logo_concursos-1.jpg","width":230,"height":60,"caption":"Estrat\u00e9gia Concursos"},"image":{"@id":"https:\/\/www.estrategiaconcursos.com.br\/blog\/#\/schema\/logo\/image\/"},"sameAs":["https:\/\/x.com\/EstratConcursos"]},{"@type":"Person","@id":"https:\/\/www.estrategiaconcursos.com.br\/blog\/#\/schema\/person\/b4a388c97673c5f483d72185668afa1f","name":"Coordena\u00e7\u00e3o","image":{"@type":"ImageObject","inLanguage":"pt-BR","@id":"https:\/\/secure.gravatar.com\/avatar\/b720319e4c9a967eb58678d110f4fe35452fc5d5f97b202bac7b8acceb18c6ad?s=96&d=mm&r=g","url":"https:\/\/secure.gravatar.com\/avatar\/b720319e4c9a967eb58678d110f4fe35452fc5d5f97b202bac7b8acceb18c6ad?s=96&d=mm&r=g","contentUrl":"https:\/\/secure.gravatar.com\/avatar\/b720319e4c9a967eb58678d110f4fe35452fc5d5f97b202bac7b8acceb18c6ad?s=96&d=mm&r=g","caption":"Coordena\u00e7\u00e3o"},"sameAs":["https:\/\/www.facebook.com\/EstrategiaConcursos","https:\/\/x.com\/EstratConcursos"],"url":"https:\/\/www.estrategiaconcursos.com.br\/blog\/author\/estrategia2013\/"}]}},"_links":{"self":[{"href":"https:\/\/www.estrategiaconcursos.com.br\/blog\/wp-json\/wp\/v2\/posts\/688322","targetHints":{"allow":["GET"]}}],"collection":[{"href":"https:\/\/www.estrategiaconcursos.com.br\/blog\/wp-json\/wp\/v2\/posts"}],"about":[{"href":"https:\/\/www.estrategiaconcursos.com.br\/blog\/wp-json\/wp\/v2\/types\/post"}],"author":[{"embeddable":true,"href":"https:\/\/www.estrategiaconcursos.com.br\/blog\/wp-json\/wp\/v2\/users\/1"}],"replies":[{"embeddable":true,"href":"https:\/\/www.estrategiaconcursos.com.br\/blog\/wp-json\/wp\/v2\/comments?post=688322"}],"version-history":[{"count":8,"href":"https:\/\/www.estrategiaconcursos.com.br\/blog\/wp-json\/wp\/v2\/posts\/688322\/revisions"}],"predecessor-version":[{"id":688500,"href":"https:\/\/www.estrategiaconcursos.com.br\/blog\/wp-json\/wp\/v2\/posts\/688322\/revisions\/688500"}],"wp:featuredmedia":[{"embeddable":true,"href":"https:\/\/www.estrategiaconcursos.com.br\/blog\/wp-json\/wp\/v2\/media\/688327"}],"wp:attachment":[{"href":"https:\/\/www.estrategiaconcursos.com.br\/blog\/wp-json\/wp\/v2\/media?parent=688322"}],"wp:term":[{"taxonomy":"category","embeddable":true,"href":"https:\/\/www.estrategiaconcursos.com.br\/blog\/wp-json\/wp\/v2\/categories?post=688322"},{"taxonomy":"post_tag","embeddable":true,"href":"https:\/\/www.estrategiaconcursos.com.br\/blog\/wp-json\/wp\/v2\/tags?post=688322"},{"taxonomy":"tax_estado","embeddable":true,"href":"https:\/\/www.estrategiaconcursos.com.br\/blog\/wp-json\/wp\/v2\/tax_estado?post=688322"}],"curies":[{"name":"wp","href":"https:\/\/api.w.org\/{rel}","templated":true}]}}