{"id":687371,"date":"2021-03-08T12:08:59","date_gmt":"2021-03-08T15:08:59","guid":{"rendered":"https:\/\/www.estrategiaconcursos.com.br\/blog\/?p=687371"},"modified":"2021-03-08T13:50:20","modified_gmt":"2021-03-08T16:50:20","slug":"processo-seletivo-prodest-es","status":"publish","type":"post","link":"https:\/\/www.estrategiaconcursos.com.br\/blog\/processo-seletivo-prodest-es\/","title":{"rendered":"Processo Seletivo Prodest ES: PUBLICADO EDITAL para T\u00e9cnico"},"content":{"rendered":"\n<p id=\"block-df23ee61-84d9-4edd-84b4-472a98b7e4eb\">Foi publicado o edital do Processo Seletivo Prodest ES, estado do Esp\u00edrito Santo. Conforme o documento, s\u00e3o ofertadas sete vagas imediatas mais oportunidades em cadastro de reserva para o cargo de <strong>T\u00e9cnico<\/strong>. <\/p>\n\n\n\n<p>As oportunidades s\u00e3o distribu\u00eddas entre as \u00e1reas de desenvolvedor de solu\u00e7\u00f5es de inova\u00e7\u00e3o (2 vagas) e desenvolvedor C# (5 vagas). O sal\u00e1rio oferecido ser\u00e1 de R$ 4.599,13, mais R$ 300,00 de aux\u00edlio alimenta\u00e7\u00e3o, para uma carga hor\u00e1ria de 40 horas semanais.<\/p>\n\n\n\n<p>Os interessados em participar do Processo Seletivo Prodest ES devem realizar as inscri\u00e7\u00f5es at\u00e9 o dia <strong>17 de mar\u00e7o de 2021<\/strong>, atrav\u00e9s do site da <a href=\"https:\/\/selecao.es.gov.br\/PaginaConcurso\/Index\/273\" target=\"_blank\" rel=\"noreferrer noopener\">selecao.es.gov.br<\/a>. <\/p>\n\n\n\n<h2 class=\"wp-block-heading\" id=\"block-df0a3b25-2271-4933-bfd8-0ba5a1582e8f\">Cargos e vagas do Processo Seletivo Prodest ES<\/h2>\n\n\n\n<p>Conforme mencionado logo acima, o Processo Seletivo Prodest ES oferta sete vagas imediatas mais cadastro de reserva para o cargo de T\u00e9cnico, que exige n\u00edvel superior de forma\u00e7\u00e3o. Para maiores detalhes, confira a tabela abaixo:<\/p>\n\n\n\n<div class=\"wp-block-image\"><figure class=\"aligncenter size-large is-resized\"><img loading=\"lazy\" decoding=\"async\" src=\"https:\/\/dhg1h5j42swfq.cloudfront.net\/2021\/03\/08120046\/image-109.png\" alt=\"Cargos e vagas processo seletivo Prodest ES\" class=\"wp-image-687489\" width=\"388\" height=\"185\" srcset=\"https:\/\/dhg1h5j42swfq.cloudfront.net\/2021\/03\/08120046\/image-109.png 329w, https:\/\/dhg1h5j42swfq.cloudfront.net\/2021\/03\/08120046\/image-109-300x143.png 300w\" sizes=\"auto, (max-width: 388px) 100vw, 388px\" \/><\/figure><\/div>\n\n\n\n<p><strong>PcD &#8211;<\/strong> Propor\u00e7\u00e3o de 10 x 1 para contrata\u00e7\u00e3o conforme Lei Estadual n\u00ba 7.050, de 03 de janeiro de 2002.<br \/><strong>Negros <\/strong>&#8211; 17% das vagas oferecidas no processo seletivo<br \/><strong>Ind\u00edgenas <\/strong>percentual de 3% das vagas oferecidas no processo seletivo<\/p>\n\n\n\n<h2 class=\"wp-block-heading\" id=\"h-atribui-es-dos-cargos-do-processo-seletivo-prodest-es\">Atribui\u00e7\u00f5es dos cargos do Processo Seletivo Prodest ES<\/h2>\n\n\n\n<h3 class=\"wp-block-heading\" id=\"h-t-cnico-de-n-vel-superior-rea-de-atua-o-desenvolvedor-c\">T\u00e9cnico de N\u00edvel Superior \u2013 \u00c1rea de Atua\u00e7\u00e3o: Desenvolvedor C#<\/h3>\n\n\n\n<p>Atuar junto a equipe de desenvolvimento de sistemas a fim de implementar interface de sistemas, infraestrutura, regras de neg\u00f3cio, acesso e persist\u00eancia de dados.<\/p>\n\n\n\n<p>A fun\u00e7\u00e3o tamb\u00e9m ser\u00e1 respons\u00e1vel em dar suporte aos usu\u00e1rios e equipes de apoio, entre outras atividades relacionada ao desenvolvimento dos sistemas. E, por fim, atuar na an\u00e1lise e desenvolvimento de sistemas; <em>Net Core, utilizando principalmente as tecnologias Core MVC, REST API, Json, Javascript, JQuery, Angular, NPM, Elastic Search, MS-SQL Server, LINQ, OAUTH2, OpenID Connect, Redis, Entity Framework Core, Minio, Inje\u00e7\u00e3o de<br \/>Depend\u00eancia, Azure Devops, Git. <\/em><\/p>\n\n\n\n<h3 class=\"wp-block-heading\" id=\"h-t-cnico-de-n-vel-superior-rea-de-atua-o-desenvolvedor-de-solu-es-de-inova-o\">T\u00e9cnico de N\u00edvel Superior \u2013 \u00c1rea de Atua\u00e7\u00e3o: Desenvolvedor de Solu\u00e7\u00f5es de Inova\u00e7\u00e3o<\/h3>\n\n\n\n<p>J\u00e1 a fun\u00e7\u00e3o de Desenvolvedor de Solu\u00e7\u00f5es de Inova\u00e7\u00e3o ir\u00e1 atuar na concep\u00e7\u00e3o e desenvolvimento de solu\u00e7\u00f5es de software e transforma\u00e7\u00e3o digital, utilizando linguagens e tecnologias aderentes \u00e0s solu\u00e7\u00f5es bem como adotar solu\u00e7\u00f5es da \u00e1rea de intelig\u00eancia artificial (Machine Learning, Data Mining e Big Data; Processamento de Linguagem Natural e outras).<\/p>\n\n\n\n<p style=\"font-size:clamp(14.642px, 0.915rem + ((1vw - 3.2px) * 0.721), 22px);px\"><strong>Sobre o contrato <\/strong><\/p>\n\n\n\n<p>A extin\u00e7\u00e3o ou rescis\u00e3o do contrato administrativo de presta\u00e7\u00e3o de servi\u00e7o dos tempor\u00e1rios do Processo Seletivo Prodest ES poder\u00e1 ocorrer a qualquer tempo, sem direito a indeniza\u00e7\u00e3o:<\/p>\n\n\n\n<ul class=\"wp-block-list\"><li><strong>a)<\/strong> pelo t\u00e9rmino do prazo contratual;<\/li><li><strong>b)<\/strong> por iniciativa do contratado;<\/li><li><strong>c)<\/strong> por conveni\u00eancia da Administra\u00e7\u00e3o;<\/li><\/ul>\n\n\n\n<h2 class=\"wp-block-heading\" id=\"block-9b64f3cf-541e-40ab-b964-53759bcae191\">An\u00e1lise de t\u00edtulos (etapa \u00fanica) <\/h2>\n\n\n\n<p>Os profissionais inscritos no Processo Seletivo Prodest ES ser\u00e3o avaliados por meio de uma \u00fanica etapa, sendo ela de an\u00e1lise de t\u00edtulos, de car\u00e1ter classificat\u00f3rio e eliminat\u00f3rio. As informa\u00e7\u00f5es declaradas no ato da inscri\u00e7\u00e3o dever\u00e3o ser comprovadas quando solicitado.&nbsp;<\/p>\n\n\n\n<p>As pontua\u00e7\u00f5es ser\u00e3o de acordo com a experi\u00eancia e qualifica\u00e7\u00e3o profissional. Em caso de empate, ser\u00e3o utilizados os seguintes crit\u00e9rios para desempate:<\/p>\n\n\n\n<ul class=\"wp-block-list\"><li>Maior soma de pontua\u00e7\u00e3o da experi\u00eancia profissional;<\/li><li>Maior pontua\u00e7\u00e3o por qualifica\u00e7\u00e3o profissional;<\/li><li>Maior idade, considerando-se dia, m\u00eas e ano de nascimento.<\/li><\/ul>\n\n\n\n<p>O Processo Seletivo Prodest ES ter\u00e1 validade de 12 meses, podendo ser prorrogado por igual per\u00edodo, a partir da data de divulga\u00e7\u00e3o do resumo do resultado final.<\/p>\n\n\n\n<hr class=\"wp-block-separator\" id=\"block-4f70763c-e5eb-42ce-b696-40d5dcbe9ee7\"\/>\n\n\n\n<p class=\"has-text-align-center has-luminous-vivid-amber-background-color has-background has-medium-font-size\"><strong>Veja tamb\u00e9m: <a href=\"https:\/\/www.estrategiaconcursos.com.br\/blog\/concursos-es\/\" target=\"_blank\" rel=\"noreferrer noopener\">Concursos ES<\/a><\/strong> | <strong><a href=\"https:\/\/www.estrategiaconcursos.com.br\/blog\/concursos-ti\/\" target=\"_blank\" rel=\"noreferrer noopener\">Concursos TI<\/a><\/strong><\/p>\n\n\n\n<div class=\"container\" id=\"boxes\">\n  <div class=\"row\">\n\n    <div class=\"col-sm\">\n      <div class=\"banner-estrategia\" id=\"box-assinatura\">\n        <h3 class=\"titulo-assinatura\">Cursos para concursos<\/h3>\n        <p class=\"subtitulo-assinatura\">Conhe\u00e7a os cursos<\/p>\n        <div class=\"box-botao\">\n          <a class=\"btn-assinatura\" target=\"_blank\" href=\"https:\/\/www.estrategiaconcursos.com.br\/cursos\/\" role=\"button\" rel=\"noopener noreferrer\">Conhe\u00e7a mais<\/a>\n        <\/div>\n      <\/div>\n      \n    <\/div>\n\n  <\/div>\n<\/div>\n\n\n\n<div class=\"container\" id=\"boxes\">\n  <div class=\"row\">\n\n    <div class=\"col-sm\">\n      <div class=\"estrategia\" id=\"box-assinatura\">\n        <h3 class=\"titulo-assinatura\">Assinatura Ilimitada<\/h3>\n        <p class=\"subtitulo-assinatura\">Assinatura Anual Ilimitada*<\/p>\n        <div class=\"box-botao\">\n          <a class=\"btn-assinatura\" target=\"_blank\" href=\"https:\/\/www.estrategiaconcursos.com.br\/assinaturas\/\" role=\"button\" rel=\"noopener noreferrer\">ASSINE AGORA<\/a>\n        <\/div>\n      <\/div>\n      <p class=\"texto-auxiliar\">Prepare-se com o melhor material e com quem mais aprova em Concursos P\u00fablicos em todo o pa\u00eds. Assine agora a nossa Assinatura Anual e tenha acesso ilimitado* a todos os nossos cursos.<\/p>\n    <\/div>\n\n    <div class=\"col-sm\">\n      <div class=\"questoes\" id=\"box-assinatura\">\n        <h3 class=\"titulo-assinatura\">Sistema de Quest\u00f5es<\/h3>\n        <p class=\"subtitulo-assinatura\">Assinatura Ilimitada*\n<\/p>\n        <div class=\"box-botao\">\n          <a class=\"btn-assinatura\" target=\"_blank\" href=\"https:\/\/questoes.estrategiaconcursos.com.br\/\" role=\"button\" rel=\"noopener noreferrer\">ASSINE AGORA<\/a>\n        <\/div>\n      <\/div>\n      <p class=\"texto-auxiliar\">Estrat\u00e9gia Quest\u00f5es nasceu maior do que todos os concorrentes, com mais quest\u00f5es cadastradas e mais solu\u00e7\u00f5es por professores. Clique no link e aproveite os descontos e b\u00f4nus imperd\u00edveis!<\/p>\n    <\/div>\n  <\/div>\n<\/div>\n\n\n\n<div class=\"container\" id=\"boxes\">\n  <div class=\"row\">\n\n    <div class=\"col-sm\" id=\"boxes-concursos\">\n      <div style=\"background-color: #005DAD;\" class=\"conteudo-concursos\" id=\"box-concursos\">\n        <h3 class=\"titulo-assinatura\">Concursos Abertos<\/h3>\n        <p class=\"subtitulo-assinatura\">mais de 15 mil vagas<\/p>\n        <div class=\"box-botao\">\n          <a class=\"btn-assinatura\" target=\"_blank\" href=\"https:\/\/www.estrategiaconcursos.com.br\/blog\/concursos-abertos\/\" role=\"button\" rel=\"noopener noreferrer\">Conhe\u00e7a Agora<\/a>\n        <\/div>\n      <\/div>\n    <\/div>\n\n    <div class=\"col-sm\" id=\"boxes-concursos\">\n      <div style=\"background-color: #419FF0;\" class=\"conteudo-concursos\" id=\"box-concursos\">\n        <h3 class=\"titulo-assinatura\">Concursos 2021<\/h3>\n        <p class=\"subtitulo-assinatura\">mais de 50 mil vagas<\/p>\n        <div class=\"box-botao\">\n          <a class=\"btn-assinatura\" target=\"_blank\" href=\"https:\/\/www.estrategiaconcursos.com.br\/blog\/concursos-2021\/\" role=\"button\" rel=\"noopener noreferrer\">Conhe\u00e7a Agora<\/a>\n        <\/div>\n      <\/div>\n    <\/div>\n\n  <\/div>\n<\/div>\n\n\n\n<figure class=\"wp-block-image\" id=\"block-e8a1ea85-9c47-485c-a767-e0fc4cdb1fa9\"><img decoding=\"async\" src=\"https:\/\/dhg1h5j42swfq.cloudfront.net\/2017\/03\/28152500\/coruja-ficha-tecnica-300x102.png\" alt=\"O atributo alt desta imagem est\u00e1 vazio. O nome do arquivo \u00e9 coruja-ficha-tecnica-300x102.png\"\/><\/figure>\n\n\n\n<h3 class=\"wp-block-heading\" id=\"block-b81b5e6c-b9bc-4976-8648-73ea1c110ce7\">Informa\u00e7\u00f5es do Processo Seletivo Prodest ES<\/h3>\n\n\n\n<ul class=\"wp-block-list\" id=\"block-89061589-b5ff-4f4a-bee8-8f6b7674d231\"><li><strong>Inscri\u00e7\u00f5es<\/strong>: at\u00e9 17\/03\/2021<\/li><li><strong>Vagas<\/strong>: 07 + CR<\/li><li><strong>Cargos<\/strong>: T\u00e9cnico <\/li><li><strong>Escolaridade<\/strong>: N\u00edvel superior<\/li><li><strong>Edital<\/strong>:\u00a0<strong><a href=\"https:\/\/dhg1h5j42swfq.cloudfront.net\/2021\/03\/08115937\/edital-de-abertura-processo-seletivo-simplificado_prodest-no-01_2021-1.pdf\" target=\"_blank\" rel=\"noreferrer noopener\">PSS Prodest ES<\/a><\/strong><\/li><\/ul>\n","protected":false},"excerpt":{"rendered":"<p>Foi publicado o edital do Processo Seletivo Prodest ES, estado do Esp\u00edrito Santo. Conforme o documento, s\u00e3o ofertadas sete vagas imediatas mais oportunidades em cadastro de reserva para o cargo de T\u00e9cnico. As oportunidades s\u00e3o distribu\u00eddas entre as \u00e1reas de desenvolvedor de solu\u00e7\u00f5es de inova\u00e7\u00e3o (2 vagas) e desenvolvedor C# (5 vagas). O sal\u00e1rio oferecido [&hellip;]<\/p>\n","protected":false},"author":1,"featured_media":630422,"comment_status":"open","ping_status":"closed","sticky":false,"template":"","format":"standard","meta":{"post_tipo":"news","footnotes":""},"categories":[214992],"tags":[],"tax_estado":[219971],"class_list":["post-687371","post","type-post","status-publish","format-standard","has-post-thumbnail","hentry","category-concursos-administrativos","tax_estado-es"],"acf":[],"yoast_head":"<!-- This site is optimized with the Yoast SEO Premium plugin v27.2 (Yoast SEO v27.2) - https:\/\/yoast.com\/product\/yoast-seo-premium-wordpress\/ -->\n<title>Processo Seletivo Prodest ES: PUBLICADO EDITAL para T\u00e9cnico<\/title>\n<meta name=\"description\" content=\"Processo Seletivo Prodest ES: SAIU EDITAL com vagas imediatas e CR para o cargo de t\u00e9cnico, com exig\u00eancia em n\u00edvel superior de forma\u00e7\u00e3o.\" \/>\n<meta name=\"robots\" content=\"index, follow, max-snippet:-1, max-image-preview:large, max-video-preview:-1\" \/>\n<link rel=\"canonical\" href=\"https:\/\/www.estrategiaconcursos.com.br\/blog\/processo-seletivo-prodest-es\/\" \/>\n<meta property=\"og:locale\" content=\"pt_BR\" \/>\n<meta property=\"og:type\" content=\"article\" \/>\n<meta property=\"og:title\" content=\"Processo Seletivo Prodest ES: PUBLICADO EDITAL para T\u00e9cnico\" \/>\n<meta property=\"og:description\" content=\"Processo Seletivo Prodest ES: SAIU EDITAL com vagas imediatas e CR para o cargo de t\u00e9cnico, com exig\u00eancia em n\u00edvel superior de forma\u00e7\u00e3o.\" \/>\n<meta property=\"og:url\" content=\"https:\/\/www.estrategiaconcursos.com.br\/blog\/processo-seletivo-prodest-es\/\" \/>\n<meta property=\"og:site_name\" content=\"Estrat\u00e9gia Concursos\" \/>\n<meta property=\"article:author\" content=\"https:\/\/www.facebook.com\/EstrategiaConcursos\" \/>\n<meta property=\"article:published_time\" content=\"2021-03-08T15:08:59+00:00\" \/>\n<meta property=\"article:modified_time\" content=\"2021-03-08T16:50:20+00:00\" \/>\n<meta property=\"og:image\" content=\"https:\/\/dhg1h5j42swfq.cloudfront.net\/2020\/12\/14165444\/saiu-edital-1.jpg\" \/>\n\t<meta property=\"og:image:width\" content=\"311\" \/>\n\t<meta property=\"og:image:height\" content=\"162\" \/>\n\t<meta property=\"og:image:type\" content=\"image\/jpeg\" \/>\n<meta name=\"author\" content=\"Coordena\u00e7\u00e3o\" \/>\n<meta name=\"twitter:card\" content=\"summary_large_image\" \/>\n<meta name=\"twitter:creator\" content=\"@EstratConcursos\" \/>\n<meta name=\"twitter:site\" content=\"@EstratConcursos\" \/>\n<meta name=\"twitter:label1\" content=\"Escrito por\" \/>\n\t<meta name=\"twitter:data1\" content=\"Coordena\u00e7\u00e3o\" \/>\n\t<meta name=\"twitter:label2\" content=\"Est. tempo de leitura\" \/>\n\t<meta name=\"twitter:data2\" content=\"4 minutos\" \/>\n<script type=\"application\/ld+json\" class=\"yoast-schema-graph\">{\"@context\":\"https:\/\/schema.org\",\"@graph\":[{\"@type\":\"NewsArticle\",\"@id\":\"https:\/\/www.estrategiaconcursos.com.br\/blog\/processo-seletivo-prodest-es\/#article\",\"isPartOf\":{\"@id\":\"https:\/\/www.estrategiaconcursos.com.br\/blog\/processo-seletivo-prodest-es\/\"},\"author\":{\"name\":\"Coordena\u00e7\u00e3o\",\"@id\":\"https:\/\/www.estrategiaconcursos.com.br\/blog\/#\/schema\/person\/b4a388c97673c5f483d72185668afa1f\"},\"headline\":\"Processo Seletivo Prodest ES: PUBLICADO EDITAL para T\u00e9cnico\",\"datePublished\":\"2021-03-08T15:08:59+00:00\",\"dateModified\":\"2021-03-08T16:50:20+00:00\",\"mainEntityOfPage\":{\"@id\":\"https:\/\/www.estrategiaconcursos.com.br\/blog\/processo-seletivo-prodest-es\/\"},\"wordCount\":728,\"commentCount\":0,\"publisher\":{\"@id\":\"https:\/\/www.estrategiaconcursos.com.br\/blog\/#organization\"},\"image\":{\"@id\":\"https:\/\/www.estrategiaconcursos.com.br\/blog\/processo-seletivo-prodest-es\/#primaryimage\"},\"thumbnailUrl\":\"https:\/\/dhg1h5j42swfq.cloudfront.net\/2020\/12\/14165444\/saiu-edital-1.jpg\",\"articleSection\":[\"Executivo (Administrativa)\"],\"inLanguage\":\"pt-BR\",\"potentialAction\":[{\"@type\":\"CommentAction\",\"name\":\"Comment\",\"target\":[\"https:\/\/www.estrategiaconcursos.com.br\/blog\/processo-seletivo-prodest-es\/#respond\"]}],\"copyrightYear\":\"2021\",\"copyrightHolder\":{\"@id\":\"https:\/\/www.estrategiaconcursos.com.br\/blog\/#organization\"}},{\"@type\":\"WebPage\",\"@id\":\"https:\/\/www.estrategiaconcursos.com.br\/blog\/processo-seletivo-prodest-es\/\",\"url\":\"https:\/\/www.estrategiaconcursos.com.br\/blog\/processo-seletivo-prodest-es\/\",\"name\":\"Processo Seletivo Prodest ES: PUBLICADO EDITAL para T\u00e9cnico\",\"isPartOf\":{\"@id\":\"https:\/\/www.estrategiaconcursos.com.br\/blog\/#website\"},\"primaryImageOfPage\":{\"@id\":\"https:\/\/www.estrategiaconcursos.com.br\/blog\/processo-seletivo-prodest-es\/#primaryimage\"},\"image\":{\"@id\":\"https:\/\/www.estrategiaconcursos.com.br\/blog\/processo-seletivo-prodest-es\/#primaryimage\"},\"thumbnailUrl\":\"https:\/\/dhg1h5j42swfq.cloudfront.net\/2020\/12\/14165444\/saiu-edital-1.jpg\",\"datePublished\":\"2021-03-08T15:08:59+00:00\",\"dateModified\":\"2021-03-08T16:50:20+00:00\",\"description\":\"Processo Seletivo Prodest ES: SAIU EDITAL com vagas imediatas e CR para o cargo de t\u00e9cnico, com exig\u00eancia em n\u00edvel superior de forma\u00e7\u00e3o.\",\"breadcrumb\":{\"@id\":\"https:\/\/www.estrategiaconcursos.com.br\/blog\/processo-seletivo-prodest-es\/#breadcrumb\"},\"inLanguage\":\"pt-BR\",\"potentialAction\":[{\"@type\":\"ReadAction\",\"target\":[\"https:\/\/www.estrategiaconcursos.com.br\/blog\/processo-seletivo-prodest-es\/\"]}]},{\"@type\":\"ImageObject\",\"inLanguage\":\"pt-BR\",\"@id\":\"https:\/\/www.estrategiaconcursos.com.br\/blog\/processo-seletivo-prodest-es\/#primaryimage\",\"url\":\"https:\/\/dhg1h5j42swfq.cloudfront.net\/2020\/12\/14165444\/saiu-edital-1.jpg\",\"contentUrl\":\"https:\/\/dhg1h5j42swfq.cloudfront.net\/2020\/12\/14165444\/saiu-edital-1.jpg\",\"width\":311,\"height\":162,\"caption\":\"CONCURSO advogado barbacena-mg\"},{\"@type\":\"BreadcrumbList\",\"@id\":\"https:\/\/www.estrategiaconcursos.com.br\/blog\/processo-seletivo-prodest-es\/#breadcrumb\",\"itemListElement\":[{\"@type\":\"ListItem\",\"position\":1,\"name\":\"In\u00edcio\",\"item\":\"https:\/\/www.estrategiaconcursos.com.br\/blog\/\"},{\"@type\":\"ListItem\",\"position\":2,\"name\":\"Processo Seletivo Prodest ES: PUBLICADO EDITAL para T\u00e9cnico\"}]},{\"@type\":\"WebSite\",\"@id\":\"https:\/\/www.estrategiaconcursos.com.br\/blog\/#website\",\"url\":\"https:\/\/www.estrategiaconcursos.com.br\/blog\/\",\"name\":\"Estrat\u00e9gia Concursos\",\"description\":\"O blog da Estrat\u00e9gia Concursos traz not\u00edcias sobre concursos e artigos de professores oferecendo cursos para concursos (pdf + videaulas) no site.\",\"publisher\":{\"@id\":\"https:\/\/www.estrategiaconcursos.com.br\/blog\/#organization\"},\"potentialAction\":[{\"@type\":\"SearchAction\",\"target\":{\"@type\":\"EntryPoint\",\"urlTemplate\":\"https:\/\/www.estrategiaconcursos.com.br\/blog\/?s={search_term_string}\"},\"query-input\":{\"@type\":\"PropertyValueSpecification\",\"valueRequired\":true,\"valueName\":\"search_term_string\"}}],\"inLanguage\":\"pt-BR\"},{\"@type\":\"Organization\",\"@id\":\"https:\/\/www.estrategiaconcursos.com.br\/blog\/#organization\",\"name\":\"Estrat\u00e9gia Concursos\",\"url\":\"https:\/\/www.estrategiaconcursos.com.br\/blog\/\",\"logo\":{\"@type\":\"ImageObject\",\"inLanguage\":\"pt-BR\",\"@id\":\"https:\/\/www.estrategiaconcursos.com.br\/blog\/#\/schema\/logo\/image\/\",\"url\":\"https:\/\/dhg1h5j42swfq.cloudfront.net\/2025\/06\/03203428\/logo_concursos-1.jpg\",\"contentUrl\":\"https:\/\/dhg1h5j42swfq.cloudfront.net\/2025\/06\/03203428\/logo_concursos-1.jpg\",\"width\":230,\"height\":60,\"caption\":\"Estrat\u00e9gia Concursos\"},\"image\":{\"@id\":\"https:\/\/www.estrategiaconcursos.com.br\/blog\/#\/schema\/logo\/image\/\"},\"sameAs\":[\"https:\/\/x.com\/EstratConcursos\"]},{\"@type\":\"Person\",\"@id\":\"https:\/\/www.estrategiaconcursos.com.br\/blog\/#\/schema\/person\/b4a388c97673c5f483d72185668afa1f\",\"name\":\"Coordena\u00e7\u00e3o\",\"image\":{\"@type\":\"ImageObject\",\"inLanguage\":\"pt-BR\",\"@id\":\"https:\/\/secure.gravatar.com\/avatar\/b720319e4c9a967eb58678d110f4fe35452fc5d5f97b202bac7b8acceb18c6ad?s=96&d=mm&r=g\",\"url\":\"https:\/\/secure.gravatar.com\/avatar\/b720319e4c9a967eb58678d110f4fe35452fc5d5f97b202bac7b8acceb18c6ad?s=96&d=mm&r=g\",\"contentUrl\":\"https:\/\/secure.gravatar.com\/avatar\/b720319e4c9a967eb58678d110f4fe35452fc5d5f97b202bac7b8acceb18c6ad?s=96&d=mm&r=g\",\"caption\":\"Coordena\u00e7\u00e3o\"},\"sameAs\":[\"https:\/\/www.facebook.com\/EstrategiaConcursos\",\"https:\/\/x.com\/EstratConcursos\"],\"url\":\"https:\/\/www.estrategiaconcursos.com.br\/blog\/author\/estrategia2013\/\"}]}<\/script>\n<!-- \/ Yoast SEO Premium plugin. -->","yoast_head_json":{"title":"Processo Seletivo Prodest ES: PUBLICADO EDITAL para T\u00e9cnico","description":"Processo Seletivo Prodest ES: SAIU EDITAL com vagas imediatas e CR para o cargo de t\u00e9cnico, com exig\u00eancia em n\u00edvel superior de forma\u00e7\u00e3o.","robots":{"index":"index","follow":"follow","max-snippet":"max-snippet:-1","max-image-preview":"max-image-preview:large","max-video-preview":"max-video-preview:-1"},"canonical":"https:\/\/www.estrategiaconcursos.com.br\/blog\/processo-seletivo-prodest-es\/","og_locale":"pt_BR","og_type":"article","og_title":"Processo Seletivo Prodest ES: PUBLICADO EDITAL para T\u00e9cnico","og_description":"Processo Seletivo Prodest ES: SAIU EDITAL com vagas imediatas e CR para o cargo de t\u00e9cnico, com exig\u00eancia em n\u00edvel superior de forma\u00e7\u00e3o.","og_url":"https:\/\/www.estrategiaconcursos.com.br\/blog\/processo-seletivo-prodest-es\/","og_site_name":"Estrat\u00e9gia Concursos","article_author":"https:\/\/www.facebook.com\/EstrategiaConcursos","article_published_time":"2021-03-08T15:08:59+00:00","article_modified_time":"2021-03-08T16:50:20+00:00","og_image":[{"width":311,"height":162,"url":"https:\/\/dhg1h5j42swfq.cloudfront.net\/2020\/12\/14165444\/saiu-edital-1.jpg","type":"image\/jpeg"}],"author":"Coordena\u00e7\u00e3o","twitter_card":"summary_large_image","twitter_creator":"@EstratConcursos","twitter_site":"@EstratConcursos","twitter_misc":{"Escrito por":"Coordena\u00e7\u00e3o","Est. tempo de leitura":"4 minutos"},"schema":{"@context":"https:\/\/schema.org","@graph":[{"@type":"NewsArticle","@id":"https:\/\/www.estrategiaconcursos.com.br\/blog\/processo-seletivo-prodest-es\/#article","isPartOf":{"@id":"https:\/\/www.estrategiaconcursos.com.br\/blog\/processo-seletivo-prodest-es\/"},"author":{"name":"Coordena\u00e7\u00e3o","@id":"https:\/\/www.estrategiaconcursos.com.br\/blog\/#\/schema\/person\/b4a388c97673c5f483d72185668afa1f"},"headline":"Processo Seletivo Prodest ES: PUBLICADO EDITAL para T\u00e9cnico","datePublished":"2021-03-08T15:08:59+00:00","dateModified":"2021-03-08T16:50:20+00:00","mainEntityOfPage":{"@id":"https:\/\/www.estrategiaconcursos.com.br\/blog\/processo-seletivo-prodest-es\/"},"wordCount":728,"commentCount":0,"publisher":{"@id":"https:\/\/www.estrategiaconcursos.com.br\/blog\/#organization"},"image":{"@id":"https:\/\/www.estrategiaconcursos.com.br\/blog\/processo-seletivo-prodest-es\/#primaryimage"},"thumbnailUrl":"https:\/\/dhg1h5j42swfq.cloudfront.net\/2020\/12\/14165444\/saiu-edital-1.jpg","articleSection":["Executivo (Administrativa)"],"inLanguage":"pt-BR","potentialAction":[{"@type":"CommentAction","name":"Comment","target":["https:\/\/www.estrategiaconcursos.com.br\/blog\/processo-seletivo-prodest-es\/#respond"]}],"copyrightYear":"2021","copyrightHolder":{"@id":"https:\/\/www.estrategiaconcursos.com.br\/blog\/#organization"}},{"@type":"WebPage","@id":"https:\/\/www.estrategiaconcursos.com.br\/blog\/processo-seletivo-prodest-es\/","url":"https:\/\/www.estrategiaconcursos.com.br\/blog\/processo-seletivo-prodest-es\/","name":"Processo Seletivo Prodest ES: PUBLICADO EDITAL para T\u00e9cnico","isPartOf":{"@id":"https:\/\/www.estrategiaconcursos.com.br\/blog\/#website"},"primaryImageOfPage":{"@id":"https:\/\/www.estrategiaconcursos.com.br\/blog\/processo-seletivo-prodest-es\/#primaryimage"},"image":{"@id":"https:\/\/www.estrategiaconcursos.com.br\/blog\/processo-seletivo-prodest-es\/#primaryimage"},"thumbnailUrl":"https:\/\/dhg1h5j42swfq.cloudfront.net\/2020\/12\/14165444\/saiu-edital-1.jpg","datePublished":"2021-03-08T15:08:59+00:00","dateModified":"2021-03-08T16:50:20+00:00","description":"Processo Seletivo Prodest ES: SAIU EDITAL com vagas imediatas e CR para o cargo de t\u00e9cnico, com exig\u00eancia em n\u00edvel superior de forma\u00e7\u00e3o.","breadcrumb":{"@id":"https:\/\/www.estrategiaconcursos.com.br\/blog\/processo-seletivo-prodest-es\/#breadcrumb"},"inLanguage":"pt-BR","potentialAction":[{"@type":"ReadAction","target":["https:\/\/www.estrategiaconcursos.com.br\/blog\/processo-seletivo-prodest-es\/"]}]},{"@type":"ImageObject","inLanguage":"pt-BR","@id":"https:\/\/www.estrategiaconcursos.com.br\/blog\/processo-seletivo-prodest-es\/#primaryimage","url":"https:\/\/dhg1h5j42swfq.cloudfront.net\/2020\/12\/14165444\/saiu-edital-1.jpg","contentUrl":"https:\/\/dhg1h5j42swfq.cloudfront.net\/2020\/12\/14165444\/saiu-edital-1.jpg","width":311,"height":162,"caption":"CONCURSO advogado barbacena-mg"},{"@type":"BreadcrumbList","@id":"https:\/\/www.estrategiaconcursos.com.br\/blog\/processo-seletivo-prodest-es\/#breadcrumb","itemListElement":[{"@type":"ListItem","position":1,"name":"In\u00edcio","item":"https:\/\/www.estrategiaconcursos.com.br\/blog\/"},{"@type":"ListItem","position":2,"name":"Processo Seletivo Prodest ES: PUBLICADO EDITAL para T\u00e9cnico"}]},{"@type":"WebSite","@id":"https:\/\/www.estrategiaconcursos.com.br\/blog\/#website","url":"https:\/\/www.estrategiaconcursos.com.br\/blog\/","name":"Estrat\u00e9gia Concursos","description":"O blog da Estrat\u00e9gia Concursos traz not\u00edcias sobre concursos e artigos de professores oferecendo cursos para concursos (pdf + videaulas) no site.","publisher":{"@id":"https:\/\/www.estrategiaconcursos.com.br\/blog\/#organization"},"potentialAction":[{"@type":"SearchAction","target":{"@type":"EntryPoint","urlTemplate":"https:\/\/www.estrategiaconcursos.com.br\/blog\/?s={search_term_string}"},"query-input":{"@type":"PropertyValueSpecification","valueRequired":true,"valueName":"search_term_string"}}],"inLanguage":"pt-BR"},{"@type":"Organization","@id":"https:\/\/www.estrategiaconcursos.com.br\/blog\/#organization","name":"Estrat\u00e9gia Concursos","url":"https:\/\/www.estrategiaconcursos.com.br\/blog\/","logo":{"@type":"ImageObject","inLanguage":"pt-BR","@id":"https:\/\/www.estrategiaconcursos.com.br\/blog\/#\/schema\/logo\/image\/","url":"https:\/\/dhg1h5j42swfq.cloudfront.net\/2025\/06\/03203428\/logo_concursos-1.jpg","contentUrl":"https:\/\/dhg1h5j42swfq.cloudfront.net\/2025\/06\/03203428\/logo_concursos-1.jpg","width":230,"height":60,"caption":"Estrat\u00e9gia Concursos"},"image":{"@id":"https:\/\/www.estrategiaconcursos.com.br\/blog\/#\/schema\/logo\/image\/"},"sameAs":["https:\/\/x.com\/EstratConcursos"]},{"@type":"Person","@id":"https:\/\/www.estrategiaconcursos.com.br\/blog\/#\/schema\/person\/b4a388c97673c5f483d72185668afa1f","name":"Coordena\u00e7\u00e3o","image":{"@type":"ImageObject","inLanguage":"pt-BR","@id":"https:\/\/secure.gravatar.com\/avatar\/b720319e4c9a967eb58678d110f4fe35452fc5d5f97b202bac7b8acceb18c6ad?s=96&d=mm&r=g","url":"https:\/\/secure.gravatar.com\/avatar\/b720319e4c9a967eb58678d110f4fe35452fc5d5f97b202bac7b8acceb18c6ad?s=96&d=mm&r=g","contentUrl":"https:\/\/secure.gravatar.com\/avatar\/b720319e4c9a967eb58678d110f4fe35452fc5d5f97b202bac7b8acceb18c6ad?s=96&d=mm&r=g","caption":"Coordena\u00e7\u00e3o"},"sameAs":["https:\/\/www.facebook.com\/EstrategiaConcursos","https:\/\/x.com\/EstratConcursos"],"url":"https:\/\/www.estrategiaconcursos.com.br\/blog\/author\/estrategia2013\/"}]}},"_links":{"self":[{"href":"https:\/\/www.estrategiaconcursos.com.br\/blog\/wp-json\/wp\/v2\/posts\/687371","targetHints":{"allow":["GET"]}}],"collection":[{"href":"https:\/\/www.estrategiaconcursos.com.br\/blog\/wp-json\/wp\/v2\/posts"}],"about":[{"href":"https:\/\/www.estrategiaconcursos.com.br\/blog\/wp-json\/wp\/v2\/types\/post"}],"author":[{"embeddable":true,"href":"https:\/\/www.estrategiaconcursos.com.br\/blog\/wp-json\/wp\/v2\/users\/1"}],"replies":[{"embeddable":true,"href":"https:\/\/www.estrategiaconcursos.com.br\/blog\/wp-json\/wp\/v2\/comments?post=687371"}],"version-history":[{"count":35,"href":"https:\/\/www.estrategiaconcursos.com.br\/blog\/wp-json\/wp\/v2\/posts\/687371\/revisions"}],"predecessor-version":[{"id":687638,"href":"https:\/\/www.estrategiaconcursos.com.br\/blog\/wp-json\/wp\/v2\/posts\/687371\/revisions\/687638"}],"wp:featuredmedia":[{"embeddable":true,"href":"https:\/\/www.estrategiaconcursos.com.br\/blog\/wp-json\/wp\/v2\/media\/630422"}],"wp:attachment":[{"href":"https:\/\/www.estrategiaconcursos.com.br\/blog\/wp-json\/wp\/v2\/media?parent=687371"}],"wp:term":[{"taxonomy":"category","embeddable":true,"href":"https:\/\/www.estrategiaconcursos.com.br\/blog\/wp-json\/wp\/v2\/categories?post=687371"},{"taxonomy":"post_tag","embeddable":true,"href":"https:\/\/www.estrategiaconcursos.com.br\/blog\/wp-json\/wp\/v2\/tags?post=687371"},{"taxonomy":"tax_estado","embeddable":true,"href":"https:\/\/www.estrategiaconcursos.com.br\/blog\/wp-json\/wp\/v2\/tax_estado?post=687371"}],"curies":[{"name":"wp","href":"https:\/\/api.w.org\/{rel}","templated":true}]}}