{"id":687318,"date":"2021-03-08T10:36:05","date_gmt":"2021-03-08T13:36:05","guid":{"rendered":"https:\/\/www.estrategiaconcursos.com.br\/blog\/?p=687318"},"modified":"2021-03-08T10:36:07","modified_gmt":"2021-03-08T13:36:07","slug":"pg-df-suspende-prazos","status":"publish","type":"post","link":"https:\/\/www.estrategiaconcursos.com.br\/blog\/pg-df-suspende-prazos\/","title":{"rendered":"PG DF suspende prazos e abre impugna\u00e7\u00e3o ao projeto b\u00e1sico"},"content":{"rendered":"\n<p>Foi publicado no Di\u00e1rio Oficial do DF a<a href=\"https:\/\/dhg1h5j42swfq.cloudfront.net\/2021\/03\/08103454\/pgdf-apresentacao-de-propostas-1-1.pdf\"> suspens\u00e3o do prazo <\/a>para envio das propostas das bancas que pretendem organizadora o novo concurso PG DF Procurador. <\/p>\n\n\n\n<p>Al\u00e9m disso, foi aberto impugna\u00e7\u00e3o ao projeto b\u00e1sico. A decis\u00e3o foi dada, principalmente, por haver\u00a0requerimentos de esclarecimentos por parte das bancas com\u00a0Cadastro Preliminar de Interesse (CPI)\u00a0deferidos, cujas solicita\u00e7\u00f5es foram\u00a0encaminhadas\u00a0\u00e0 Equipe de Planejamento da Contrata\u00e7\u00e3o e que demandam tempo para an\u00e1lise devida.<\/p>\n\n\n\n<p><strong>Confira abaixo o que foi definido:<\/strong><\/p>\n\n\n\n<p>1. TORNAR SEM EFEITO O PRAZO para apresenta\u00e7\u00e3o de propostas t\u00e9cnicas, iniciado em 26\/02\/2021 e com t\u00e9rmino previsto para 10\/03\/2021.<\/p>\n\n\n\n<p>2. DETERMINAR A ABERTURA DE PRAZO, de 8 (oito) dias \u00fateis, a iniciar-se na data da publica\u00e7\u00e3o da presente Decis\u00e3o no Di\u00e1rio Oficial do Distrito Federal, para impugna\u00e7\u00e3o ao Projeto B\u00e1sico por parte das institui\u00e7\u00f5es com Cadastro Preliminar de Interesse deferido, conforme Aviso n.\u00ba 3\/2021 \u2013 PGDF\/GAB\/EPC-336-2020, publicado no endere\u00e7o eletr\u00f4nico http:\/\/concurso.pg.df.gov.br.<\/p>\n\n\n\n<p>3. FIXAR O PRAZO de 3 (tr\u00eas) dias \u00fateis, a contar do t\u00e9rmino do prazo estabelecido no item 2, para DECIS\u00c3O FINAL sobre eventuais impugna\u00e7\u00f5es e para a FIXA\u00c7\u00c3O de novo prazo com vista \u00e0 apresenta\u00e7\u00e3o de propostas t\u00e9cnicas para a presta\u00e7\u00e3o de servi\u00e7os t\u00e9cnico-especializados destinados \u00e0 realiza\u00e7\u00e3o do concurso p\u00fablico para o provimento efetivo de 65 (sessenta e cinco) cargos de Procurador do Distrito Federal \u2013 Categoria I.<\/p>\n\n\n\n<p>4. RECEBER os pedidos de esclarecimentos e impugna\u00e7\u00f5es eventualmente encaminhados pelas institui\u00e7\u00f5es cadastradas, at\u00e9 a presente data, sendo-lhes facultado o aditamento ou apresenta\u00e7\u00e3o de nova impugna\u00e7\u00e3o, caso queiram.<\/p>\n\n\n\n<p>5. DESCONSIDERAR EVENTUAIS PROPOSTAS T\u00c9CNICAS RECEBIDAS, at\u00e9 a presente data, que ser\u00e3o descartadas sem pronunciamento de m\u00e9rito acerca de seu conte\u00fado.<\/p>\n\n\n\n<p>Vale destacar, que o edital ter\u00e1\u00a0<strong>65 vagas<\/strong>\u00a0imediatas para a classe inicial da carreira, com\u00a0<strong>remunera\u00e7\u00e3o inicial de R$ 22.589,59<\/strong>, al\u00e9m de honor\u00e1rios.<\/p>\n\n\n\n<p class=\"has-text-align-center\"><strong>Quer saber mais informa\u00e7\u00f5es sobre o concurso PG DF? Clique no link abaixo e fique por dentro de tudo!<\/strong><\/p>\n\n\n\n<p class=\"has-text-align-center has-light-green-cyan-background-color has-background\">Saiba mais: <a href=\"https:\/\/www.estrategiaconcursos.com.br\/blog\/concurso-pgdf-procurador\/\">Concurso PG DF<\/a><\/p>\n\n\n\n<p class=\"has-text-align-center has-luminous-vivid-amber-background-color has-background\"><a href=\"https:\/\/www.youtube.com\/channel\/UClbMGuYbj2Mh1m3w144ETWQ\">Youtube &#8211; Estrat\u00e9gia Carreiras Jur\u00eddicas<\/a><\/p>\n\n\n\n<h2 class=\"has-text-align-center wp-block-heading\" id=\"cursos\"><span style=\"font-size: 18pt;\"><em><strong>Cursos para PGDF:<\/strong><\/em><\/span><\/h2>\n\n\n\n<div class=\"container\" id=\"boxes\">\n  <div class=\"row\">\n\n    <div class=\"col-sm\">\n      <div class=\"banner-ecj\" id=\"box-assinatura\">\n        <h3 class=\"titulo-assinatura\">Curso para Concurso PGDF PROCURADOR <\/h3>\n        <p class=\"subtitulo-assinatura\">Cursos focados no edital do concurso<\/p>\n        <div class=\"box-botao\">\n          <a class=\"btn-assinatura\" target=\"_blank\" href=\"https:\/\/www.estrategiaconcursos.com.br\/cursosPorConcurso\/procuradoria-geral-do-distrito-federal-pg-df-procurador\/\" role=\"button\" rel=\"noopener noreferrer\">Conhe\u00e7a mais<\/a>\n        <\/div>\n      <\/div>\n      <p class=\"texto-auxiliar\">Prepare-se com o melhor material e com quem mais aprova em concursos em todo o pa\u00eds. \n<\/p>\n    <\/div>\n\n  <\/div>\n<\/div>\n\n\n\n<div class=\"container\" id=\"boxes\">\n  <div class=\"row\">\n\n    <div class=\"col-sm\">\n      <div class=\"banner-ecj\" id=\"box-assinatura\">\n        <h3 class=\"titulo-assinatura\">Assinatura Jur\u00eddica <\/h3>\n        <p class=\"subtitulo-assinatura\">Conhe\u00e7a os planos<\/p>\n        <div class=\"box-botao\">\n          <a class=\"btn-assinatura\" target=\"_blank\" href=\"https:\/\/www.estrategiaconcursos.com.br\/assinaturas-ecj\/\" role=\"button\" rel=\"noopener noreferrer\">Conhe\u00e7a mais<\/a>\n        <\/div>\n      <\/div>\n      <p class=\"texto-auxiliar\">Prepare-se com o melhor material e com quem mais aprova em Concursos P\u00fablicos em todo o pa\u00eds. \n<\/p>\n    <\/div>\n\n  <\/div>\n<\/div>\n\n\n\n<div class=\"container\" id=\"boxes\">\n  <div class=\"row\">\n\n    <div class=\"col-sm\" id=\"boxes-concursos\">\n      <div style=\"background-color: #005DAD;\" class=\"conteudo-concursos\" id=\"box-concursos\">\n        <h3 class=\"titulo-assinatura\">Concursos Abertos<\/h3>\n        <p class=\"subtitulo-assinatura\">mais de 15 mil vagas<\/p>\n        <div class=\"box-botao\">\n          <a class=\"btn-assinatura\" target=\"_blank\" href=\"https:\/\/www.estrategiaconcursos.com.br\/blog\/concursos-abertos\/\" role=\"button\" rel=\"noopener noreferrer\">Conhe\u00e7a Agora<\/a>\n        <\/div>\n      <\/div>\n    <\/div>\n\n   \n\n    <div class=\"col-sm\" id=\"boxes-concursos\">\n      <div style=\"background-color: #419FF0;\" class=\"conteudo-concursos\" id=\"box-concursos\">\n        <h3 class=\"titulo-assinatura\">Concursos 2021<\/h3>\n        <p class=\"subtitulo-assinatura\">mais de 17 mil vagas<\/p>\n        <div class=\"box-botao\">\n          <a class=\"btn-assinatura\" target=\"_blank\" href=\"https:\/\/www.estrategiaconcursos.com.br\/blog\/concursos-2021\/\" role=\"button\" rel=\"noopener noreferrer\">Conhe\u00e7a Agora<\/a>\n        <\/div>\n      <\/div>\n    <\/div>\n\n<div class=\"col-sm\" id=\"boxes-concursos\">\n      <div style=\"background-color: #1A7ED5;\" class=\"conteudo-concursos\" id=\"box-concursos\">\n        <h3 class=\"titulo-assinatura\">Concursos de Direito<\/h3>\n        <p class=\"subtitulo-assinatura\">Vagas para a \u00e1rea jur\u00eddica<\/p>\n        <div class=\"box-botao\">\n          <a class=\"btn-assinatura\" target=\"_blank\" href=\"https:\/\/www.estrategiaconcursos.com.br\/blog\/concursos-de-direito\/\" role=\"button\" rel=\"noopener noreferrer\">Conhe\u00e7a Agora<\/a>\n        <\/div>\n      <\/div>\n    <\/div>\n\n  <\/div>\n<\/div>\n\n\n\n<figure class=\"wp-block-image\"><img loading=\"lazy\" decoding=\"async\" width=\"300\" height=\"102\" src=\"https:\/\/dhg1h5j42swfq.cloudfront.net\/2017\/03\/28152500\/coruja-ficha-tecnica-300x102.png\" alt=\"Ficha t\u00e9cnica Concurso PG DF Procurador\" class=\"wp-image-68542\"\/><\/figure>\n\n\n\n<h4 class=\"wp-block-heading\" id=\"ficha\">Principais informa\u00e7\u00f5es sobre o concurso PGDF Procurador<\/h4>\n\n\n\n<p>\u25ba<strong>Data prevista<\/strong>: a definir<br \/>\u25ba<strong>Vagas<\/strong>: 65 <br \/>\u25ba<strong>Cargos<\/strong>: Procurador do Distrito Federal<br \/>\u25ba<strong>Lota\u00e7\u00f5es<\/strong>: Bras\u00edlia (DF)<br \/>\u25ba<strong>Banca<\/strong>: a definir<br \/>\u25ba<strong>Escolaridade<\/strong>: N\u00edvel Superior<\/p>\n","protected":false},"excerpt":{"rendered":"<p>Foi publicado no Di\u00e1rio Oficial do DF a suspens\u00e3o do prazo para envio das propostas das bancas que pretendem organizadora o novo concurso PG DF Procurador. Al\u00e9m disso, foi aberto impugna\u00e7\u00e3o ao projeto b\u00e1sico. A decis\u00e3o foi dada, principalmente, por haver\u00a0requerimentos de esclarecimentos por parte das bancas com\u00a0Cadastro Preliminar de Interesse (CPI)\u00a0deferidos, cujas solicita\u00e7\u00f5es foram\u00a0encaminhadas\u00a0\u00e0 [&hellip;]<\/p>\n","protected":false},"author":1,"featured_media":132554,"comment_status":"open","ping_status":"closed","sticky":false,"template":"","format":"standard","meta":{"post_tipo":"news","footnotes":""},"categories":[2185],"tags":[],"tax_estado":[219970],"class_list":["post-687318","post","type-post","status-publish","format-standard","has-post-thumbnail","hentry","category-carreiras-juridicas","tax_estado-df"],"acf":[],"yoast_head":"<!-- This site is optimized with the Yoast SEO Premium plugin v27.2 (Yoast SEO v27.2) - https:\/\/yoast.com\/product\/yoast-seo-premium-wordpress\/ -->\n<title>PG DF suspende prazos e abre impugna\u00e7\u00e3o ao projeto b\u00e1sico<\/title>\n<meta name=\"description\" content=\"Foi suspenso o prazo para envio das propostas das bancas e foi aberto impugna\u00e7\u00e3o ao projeto b\u00e1sico do concurso PG DF. Saiba mais!\" \/>\n<meta name=\"robots\" content=\"index, follow, max-snippet:-1, max-image-preview:large, max-video-preview:-1\" \/>\n<link rel=\"canonical\" href=\"https:\/\/www.estrategiaconcursos.com.br\/blog\/pg-df-suspende-prazos\/\" \/>\n<meta property=\"og:locale\" content=\"pt_BR\" \/>\n<meta property=\"og:type\" content=\"article\" \/>\n<meta property=\"og:title\" content=\"PG DF suspende prazos e abre impugna\u00e7\u00e3o ao projeto b\u00e1sico\" \/>\n<meta property=\"og:description\" content=\"Foi suspenso o prazo para envio das propostas das bancas e foi aberto impugna\u00e7\u00e3o ao projeto b\u00e1sico do concurso PG DF. Saiba mais!\" \/>\n<meta property=\"og:url\" content=\"https:\/\/www.estrategiaconcursos.com.br\/blog\/pg-df-suspende-prazos\/\" \/>\n<meta property=\"og:site_name\" content=\"Estrat\u00e9gia Concursos\" \/>\n<meta property=\"article:author\" content=\"https:\/\/www.facebook.com\/EstrategiaConcursos\" \/>\n<meta property=\"article:published_time\" content=\"2021-03-08T13:36:05+00:00\" \/>\n<meta property=\"article:modified_time\" content=\"2021-03-08T13:36:07+00:00\" \/>\n<meta property=\"og:image\" content=\"https:\/\/dhg1h5j42swfq.cloudfront.net\/2018\/07\/24164543\/PGDF-e1532461558120.jpg\" \/>\n\t<meta property=\"og:image:width\" content=\"400\" \/>\n\t<meta property=\"og:image:height\" content=\"209\" \/>\n\t<meta property=\"og:image:type\" content=\"image\/jpeg\" \/>\n<meta name=\"author\" content=\"Coordena\u00e7\u00e3o\" \/>\n<meta name=\"twitter:card\" content=\"summary_large_image\" \/>\n<meta name=\"twitter:creator\" content=\"@EstratConcursos\" \/>\n<meta name=\"twitter:site\" content=\"@EstratConcursos\" \/>\n<meta name=\"twitter:label1\" content=\"Escrito por\" \/>\n\t<meta name=\"twitter:data1\" content=\"Coordena\u00e7\u00e3o\" \/>\n\t<meta name=\"twitter:label2\" content=\"Est. tempo de leitura\" \/>\n\t<meta name=\"twitter:data2\" content=\"2 minutos\" \/>\n<script type=\"application\/ld+json\" class=\"yoast-schema-graph\">{\"@context\":\"https:\/\/schema.org\",\"@graph\":[{\"@type\":\"NewsArticle\",\"@id\":\"https:\/\/www.estrategiaconcursos.com.br\/blog\/pg-df-suspende-prazos\/#article\",\"isPartOf\":{\"@id\":\"https:\/\/www.estrategiaconcursos.com.br\/blog\/pg-df-suspende-prazos\/\"},\"author\":{\"name\":\"Coordena\u00e7\u00e3o\",\"@id\":\"https:\/\/www.estrategiaconcursos.com.br\/blog\/#\/schema\/person\/b4a388c97673c5f483d72185668afa1f\"},\"headline\":\"PG DF suspende prazos e abre impugna\u00e7\u00e3o ao projeto b\u00e1sico\",\"datePublished\":\"2021-03-08T13:36:05+00:00\",\"dateModified\":\"2021-03-08T13:36:07+00:00\",\"mainEntityOfPage\":{\"@id\":\"https:\/\/www.estrategiaconcursos.com.br\/blog\/pg-df-suspende-prazos\/\"},\"wordCount\":490,\"commentCount\":0,\"publisher\":{\"@id\":\"https:\/\/www.estrategiaconcursos.com.br\/blog\/#organization\"},\"image\":{\"@id\":\"https:\/\/www.estrategiaconcursos.com.br\/blog\/pg-df-suspende-prazos\/#primaryimage\"},\"thumbnailUrl\":\"https:\/\/dhg1h5j42swfq.cloudfront.net\/2018\/07\/24164543\/PGDF-e1532461558120.jpg\",\"articleSection\":[\"Jur\u00eddico\"],\"inLanguage\":\"pt-BR\",\"potentialAction\":[{\"@type\":\"CommentAction\",\"name\":\"Comment\",\"target\":[\"https:\/\/www.estrategiaconcursos.com.br\/blog\/pg-df-suspende-prazos\/#respond\"]}],\"copyrightYear\":\"2021\",\"copyrightHolder\":{\"@id\":\"https:\/\/www.estrategiaconcursos.com.br\/blog\/#organization\"}},{\"@type\":\"WebPage\",\"@id\":\"https:\/\/www.estrategiaconcursos.com.br\/blog\/pg-df-suspende-prazos\/\",\"url\":\"https:\/\/www.estrategiaconcursos.com.br\/blog\/pg-df-suspende-prazos\/\",\"name\":\"PG DF suspende prazos e abre impugna\u00e7\u00e3o ao projeto b\u00e1sico\",\"isPartOf\":{\"@id\":\"https:\/\/www.estrategiaconcursos.com.br\/blog\/#website\"},\"primaryImageOfPage\":{\"@id\":\"https:\/\/www.estrategiaconcursos.com.br\/blog\/pg-df-suspende-prazos\/#primaryimage\"},\"image\":{\"@id\":\"https:\/\/www.estrategiaconcursos.com.br\/blog\/pg-df-suspende-prazos\/#primaryimage\"},\"thumbnailUrl\":\"https:\/\/dhg1h5j42swfq.cloudfront.net\/2018\/07\/24164543\/PGDF-e1532461558120.jpg\",\"datePublished\":\"2021-03-08T13:36:05+00:00\",\"dateModified\":\"2021-03-08T13:36:07+00:00\",\"description\":\"Foi suspenso o prazo para envio das propostas das bancas e foi aberto impugna\u00e7\u00e3o ao projeto b\u00e1sico do concurso PG DF. Saiba mais!\",\"breadcrumb\":{\"@id\":\"https:\/\/www.estrategiaconcursos.com.br\/blog\/pg-df-suspende-prazos\/#breadcrumb\"},\"inLanguage\":\"pt-BR\",\"potentialAction\":[{\"@type\":\"ReadAction\",\"target\":[\"https:\/\/www.estrategiaconcursos.com.br\/blog\/pg-df-suspende-prazos\/\"]}]},{\"@type\":\"ImageObject\",\"inLanguage\":\"pt-BR\",\"@id\":\"https:\/\/www.estrategiaconcursos.com.br\/blog\/pg-df-suspende-prazos\/#primaryimage\",\"url\":\"https:\/\/dhg1h5j42swfq.cloudfront.net\/2018\/07\/24164543\/PGDF-e1532461558120.jpg\",\"contentUrl\":\"https:\/\/dhg1h5j42swfq.cloudfront.net\/2018\/07\/24164543\/PGDF-e1532461558120.jpg\",\"width\":400,\"height\":209,\"caption\":\"pgdf procurador\"},{\"@type\":\"BreadcrumbList\",\"@id\":\"https:\/\/www.estrategiaconcursos.com.br\/blog\/pg-df-suspende-prazos\/#breadcrumb\",\"itemListElement\":[{\"@type\":\"ListItem\",\"position\":1,\"name\":\"In\u00edcio\",\"item\":\"https:\/\/www.estrategiaconcursos.com.br\/blog\/\"},{\"@type\":\"ListItem\",\"position\":2,\"name\":\"PG DF suspende prazos e abre impugna\u00e7\u00e3o ao projeto b\u00e1sico\"}]},{\"@type\":\"WebSite\",\"@id\":\"https:\/\/www.estrategiaconcursos.com.br\/blog\/#website\",\"url\":\"https:\/\/www.estrategiaconcursos.com.br\/blog\/\",\"name\":\"Estrat\u00e9gia Concursos\",\"description\":\"O blog da Estrat\u00e9gia Concursos traz not\u00edcias sobre concursos e artigos de professores oferecendo cursos para concursos (pdf + videaulas) no site.\",\"publisher\":{\"@id\":\"https:\/\/www.estrategiaconcursos.com.br\/blog\/#organization\"},\"potentialAction\":[{\"@type\":\"SearchAction\",\"target\":{\"@type\":\"EntryPoint\",\"urlTemplate\":\"https:\/\/www.estrategiaconcursos.com.br\/blog\/?s={search_term_string}\"},\"query-input\":{\"@type\":\"PropertyValueSpecification\",\"valueRequired\":true,\"valueName\":\"search_term_string\"}}],\"inLanguage\":\"pt-BR\"},{\"@type\":\"Organization\",\"@id\":\"https:\/\/www.estrategiaconcursos.com.br\/blog\/#organization\",\"name\":\"Estrat\u00e9gia Concursos\",\"url\":\"https:\/\/www.estrategiaconcursos.com.br\/blog\/\",\"logo\":{\"@type\":\"ImageObject\",\"inLanguage\":\"pt-BR\",\"@id\":\"https:\/\/www.estrategiaconcursos.com.br\/blog\/#\/schema\/logo\/image\/\",\"url\":\"https:\/\/dhg1h5j42swfq.cloudfront.net\/2025\/06\/03203428\/logo_concursos-1.jpg\",\"contentUrl\":\"https:\/\/dhg1h5j42swfq.cloudfront.net\/2025\/06\/03203428\/logo_concursos-1.jpg\",\"width\":230,\"height\":60,\"caption\":\"Estrat\u00e9gia Concursos\"},\"image\":{\"@id\":\"https:\/\/www.estrategiaconcursos.com.br\/blog\/#\/schema\/logo\/image\/\"},\"sameAs\":[\"https:\/\/x.com\/EstratConcursos\"]},{\"@type\":\"Person\",\"@id\":\"https:\/\/www.estrategiaconcursos.com.br\/blog\/#\/schema\/person\/b4a388c97673c5f483d72185668afa1f\",\"name\":\"Coordena\u00e7\u00e3o\",\"image\":{\"@type\":\"ImageObject\",\"inLanguage\":\"pt-BR\",\"@id\":\"https:\/\/secure.gravatar.com\/avatar\/b720319e4c9a967eb58678d110f4fe35452fc5d5f97b202bac7b8acceb18c6ad?s=96&d=mm&r=g\",\"url\":\"https:\/\/secure.gravatar.com\/avatar\/b720319e4c9a967eb58678d110f4fe35452fc5d5f97b202bac7b8acceb18c6ad?s=96&d=mm&r=g\",\"contentUrl\":\"https:\/\/secure.gravatar.com\/avatar\/b720319e4c9a967eb58678d110f4fe35452fc5d5f97b202bac7b8acceb18c6ad?s=96&d=mm&r=g\",\"caption\":\"Coordena\u00e7\u00e3o\"},\"sameAs\":[\"https:\/\/www.facebook.com\/EstrategiaConcursos\",\"https:\/\/x.com\/EstratConcursos\"],\"url\":\"https:\/\/www.estrategiaconcursos.com.br\/blog\/author\/estrategia2013\/\"}]}<\/script>\n<!-- \/ Yoast SEO Premium plugin. -->","yoast_head_json":{"title":"PG DF suspende prazos e abre impugna\u00e7\u00e3o ao projeto b\u00e1sico","description":"Foi suspenso o prazo para envio das propostas das bancas e foi aberto impugna\u00e7\u00e3o ao projeto b\u00e1sico do concurso PG DF. Saiba mais!","robots":{"index":"index","follow":"follow","max-snippet":"max-snippet:-1","max-image-preview":"max-image-preview:large","max-video-preview":"max-video-preview:-1"},"canonical":"https:\/\/www.estrategiaconcursos.com.br\/blog\/pg-df-suspende-prazos\/","og_locale":"pt_BR","og_type":"article","og_title":"PG DF suspende prazos e abre impugna\u00e7\u00e3o ao projeto b\u00e1sico","og_description":"Foi suspenso o prazo para envio das propostas das bancas e foi aberto impugna\u00e7\u00e3o ao projeto b\u00e1sico do concurso PG DF. Saiba mais!","og_url":"https:\/\/www.estrategiaconcursos.com.br\/blog\/pg-df-suspende-prazos\/","og_site_name":"Estrat\u00e9gia Concursos","article_author":"https:\/\/www.facebook.com\/EstrategiaConcursos","article_published_time":"2021-03-08T13:36:05+00:00","article_modified_time":"2021-03-08T13:36:07+00:00","og_image":[{"width":400,"height":209,"url":"https:\/\/dhg1h5j42swfq.cloudfront.net\/2018\/07\/24164543\/PGDF-e1532461558120.jpg","type":"image\/jpeg"}],"author":"Coordena\u00e7\u00e3o","twitter_card":"summary_large_image","twitter_creator":"@EstratConcursos","twitter_site":"@EstratConcursos","twitter_misc":{"Escrito por":"Coordena\u00e7\u00e3o","Est. tempo de leitura":"2 minutos"},"schema":{"@context":"https:\/\/schema.org","@graph":[{"@type":"NewsArticle","@id":"https:\/\/www.estrategiaconcursos.com.br\/blog\/pg-df-suspende-prazos\/#article","isPartOf":{"@id":"https:\/\/www.estrategiaconcursos.com.br\/blog\/pg-df-suspende-prazos\/"},"author":{"name":"Coordena\u00e7\u00e3o","@id":"https:\/\/www.estrategiaconcursos.com.br\/blog\/#\/schema\/person\/b4a388c97673c5f483d72185668afa1f"},"headline":"PG DF suspende prazos e abre impugna\u00e7\u00e3o ao projeto b\u00e1sico","datePublished":"2021-03-08T13:36:05+00:00","dateModified":"2021-03-08T13:36:07+00:00","mainEntityOfPage":{"@id":"https:\/\/www.estrategiaconcursos.com.br\/blog\/pg-df-suspende-prazos\/"},"wordCount":490,"commentCount":0,"publisher":{"@id":"https:\/\/www.estrategiaconcursos.com.br\/blog\/#organization"},"image":{"@id":"https:\/\/www.estrategiaconcursos.com.br\/blog\/pg-df-suspende-prazos\/#primaryimage"},"thumbnailUrl":"https:\/\/dhg1h5j42swfq.cloudfront.net\/2018\/07\/24164543\/PGDF-e1532461558120.jpg","articleSection":["Jur\u00eddico"],"inLanguage":"pt-BR","potentialAction":[{"@type":"CommentAction","name":"Comment","target":["https:\/\/www.estrategiaconcursos.com.br\/blog\/pg-df-suspende-prazos\/#respond"]}],"copyrightYear":"2021","copyrightHolder":{"@id":"https:\/\/www.estrategiaconcursos.com.br\/blog\/#organization"}},{"@type":"WebPage","@id":"https:\/\/www.estrategiaconcursos.com.br\/blog\/pg-df-suspende-prazos\/","url":"https:\/\/www.estrategiaconcursos.com.br\/blog\/pg-df-suspende-prazos\/","name":"PG DF suspende prazos e abre impugna\u00e7\u00e3o ao projeto b\u00e1sico","isPartOf":{"@id":"https:\/\/www.estrategiaconcursos.com.br\/blog\/#website"},"primaryImageOfPage":{"@id":"https:\/\/www.estrategiaconcursos.com.br\/blog\/pg-df-suspende-prazos\/#primaryimage"},"image":{"@id":"https:\/\/www.estrategiaconcursos.com.br\/blog\/pg-df-suspende-prazos\/#primaryimage"},"thumbnailUrl":"https:\/\/dhg1h5j42swfq.cloudfront.net\/2018\/07\/24164543\/PGDF-e1532461558120.jpg","datePublished":"2021-03-08T13:36:05+00:00","dateModified":"2021-03-08T13:36:07+00:00","description":"Foi suspenso o prazo para envio das propostas das bancas e foi aberto impugna\u00e7\u00e3o ao projeto b\u00e1sico do concurso PG DF. Saiba mais!","breadcrumb":{"@id":"https:\/\/www.estrategiaconcursos.com.br\/blog\/pg-df-suspende-prazos\/#breadcrumb"},"inLanguage":"pt-BR","potentialAction":[{"@type":"ReadAction","target":["https:\/\/www.estrategiaconcursos.com.br\/blog\/pg-df-suspende-prazos\/"]}]},{"@type":"ImageObject","inLanguage":"pt-BR","@id":"https:\/\/www.estrategiaconcursos.com.br\/blog\/pg-df-suspende-prazos\/#primaryimage","url":"https:\/\/dhg1h5j42swfq.cloudfront.net\/2018\/07\/24164543\/PGDF-e1532461558120.jpg","contentUrl":"https:\/\/dhg1h5j42swfq.cloudfront.net\/2018\/07\/24164543\/PGDF-e1532461558120.jpg","width":400,"height":209,"caption":"pgdf procurador"},{"@type":"BreadcrumbList","@id":"https:\/\/www.estrategiaconcursos.com.br\/blog\/pg-df-suspende-prazos\/#breadcrumb","itemListElement":[{"@type":"ListItem","position":1,"name":"In\u00edcio","item":"https:\/\/www.estrategiaconcursos.com.br\/blog\/"},{"@type":"ListItem","position":2,"name":"PG DF suspende prazos e abre impugna\u00e7\u00e3o ao projeto b\u00e1sico"}]},{"@type":"WebSite","@id":"https:\/\/www.estrategiaconcursos.com.br\/blog\/#website","url":"https:\/\/www.estrategiaconcursos.com.br\/blog\/","name":"Estrat\u00e9gia Concursos","description":"O blog da Estrat\u00e9gia Concursos traz not\u00edcias sobre concursos e artigos de professores oferecendo cursos para concursos (pdf + videaulas) no site.","publisher":{"@id":"https:\/\/www.estrategiaconcursos.com.br\/blog\/#organization"},"potentialAction":[{"@type":"SearchAction","target":{"@type":"EntryPoint","urlTemplate":"https:\/\/www.estrategiaconcursos.com.br\/blog\/?s={search_term_string}"},"query-input":{"@type":"PropertyValueSpecification","valueRequired":true,"valueName":"search_term_string"}}],"inLanguage":"pt-BR"},{"@type":"Organization","@id":"https:\/\/www.estrategiaconcursos.com.br\/blog\/#organization","name":"Estrat\u00e9gia Concursos","url":"https:\/\/www.estrategiaconcursos.com.br\/blog\/","logo":{"@type":"ImageObject","inLanguage":"pt-BR","@id":"https:\/\/www.estrategiaconcursos.com.br\/blog\/#\/schema\/logo\/image\/","url":"https:\/\/dhg1h5j42swfq.cloudfront.net\/2025\/06\/03203428\/logo_concursos-1.jpg","contentUrl":"https:\/\/dhg1h5j42swfq.cloudfront.net\/2025\/06\/03203428\/logo_concursos-1.jpg","width":230,"height":60,"caption":"Estrat\u00e9gia Concursos"},"image":{"@id":"https:\/\/www.estrategiaconcursos.com.br\/blog\/#\/schema\/logo\/image\/"},"sameAs":["https:\/\/x.com\/EstratConcursos"]},{"@type":"Person","@id":"https:\/\/www.estrategiaconcursos.com.br\/blog\/#\/schema\/person\/b4a388c97673c5f483d72185668afa1f","name":"Coordena\u00e7\u00e3o","image":{"@type":"ImageObject","inLanguage":"pt-BR","@id":"https:\/\/secure.gravatar.com\/avatar\/b720319e4c9a967eb58678d110f4fe35452fc5d5f97b202bac7b8acceb18c6ad?s=96&d=mm&r=g","url":"https:\/\/secure.gravatar.com\/avatar\/b720319e4c9a967eb58678d110f4fe35452fc5d5f97b202bac7b8acceb18c6ad?s=96&d=mm&r=g","contentUrl":"https:\/\/secure.gravatar.com\/avatar\/b720319e4c9a967eb58678d110f4fe35452fc5d5f97b202bac7b8acceb18c6ad?s=96&d=mm&r=g","caption":"Coordena\u00e7\u00e3o"},"sameAs":["https:\/\/www.facebook.com\/EstrategiaConcursos","https:\/\/x.com\/EstratConcursos"],"url":"https:\/\/www.estrategiaconcursos.com.br\/blog\/author\/estrategia2013\/"}]}},"_links":{"self":[{"href":"https:\/\/www.estrategiaconcursos.com.br\/blog\/wp-json\/wp\/v2\/posts\/687318","targetHints":{"allow":["GET"]}}],"collection":[{"href":"https:\/\/www.estrategiaconcursos.com.br\/blog\/wp-json\/wp\/v2\/posts"}],"about":[{"href":"https:\/\/www.estrategiaconcursos.com.br\/blog\/wp-json\/wp\/v2\/types\/post"}],"author":[{"embeddable":true,"href":"https:\/\/www.estrategiaconcursos.com.br\/blog\/wp-json\/wp\/v2\/users\/1"}],"replies":[{"embeddable":true,"href":"https:\/\/www.estrategiaconcursos.com.br\/blog\/wp-json\/wp\/v2\/comments?post=687318"}],"version-history":[{"count":11,"href":"https:\/\/www.estrategiaconcursos.com.br\/blog\/wp-json\/wp\/v2\/posts\/687318\/revisions"}],"predecessor-version":[{"id":687364,"href":"https:\/\/www.estrategiaconcursos.com.br\/blog\/wp-json\/wp\/v2\/posts\/687318\/revisions\/687364"}],"wp:featuredmedia":[{"embeddable":true,"href":"https:\/\/www.estrategiaconcursos.com.br\/blog\/wp-json\/wp\/v2\/media\/132554"}],"wp:attachment":[{"href":"https:\/\/www.estrategiaconcursos.com.br\/blog\/wp-json\/wp\/v2\/media?parent=687318"}],"wp:term":[{"taxonomy":"category","embeddable":true,"href":"https:\/\/www.estrategiaconcursos.com.br\/blog\/wp-json\/wp\/v2\/categories?post=687318"},{"taxonomy":"post_tag","embeddable":true,"href":"https:\/\/www.estrategiaconcursos.com.br\/blog\/wp-json\/wp\/v2\/tags?post=687318"},{"taxonomy":"tax_estado","embeddable":true,"href":"https:\/\/www.estrategiaconcursos.com.br\/blog\/wp-json\/wp\/v2\/tax_estado?post=687318"}],"curies":[{"name":"wp","href":"https:\/\/api.w.org\/{rel}","templated":true}]}}