{"id":68709,"date":"2017-07-25T07:00:10","date_gmt":"2017-07-25T10:00:10","guid":{"rendered":"https:\/\/www.estrategiaconcursos.com.br\/blog\/?p=68709"},"modified":"2023-03-02T10:48:28","modified_gmt":"2023-03-02T13:48:28","slug":"cfc-exame-de-suficiencia","status":"publish","type":"post","link":"https:\/\/www.estrategiaconcursos.com.br\/blog\/cfc-exame-de-suficiencia\/","title":{"rendered":"CFC: 2\u00ba Exame de Sufici\u00eancia retifica edital e reabre inscri\u00e7\u00f5es!"},"content":{"rendered":"<p>Foi publicado no DOU de 25 de julho, a retifica\u00e7\u00e3o do edital para o 2\u00ba Exame de Sufici\u00eancia do Conselho Federal de Contabilidade. Na retifica\u00e7\u00e3o, o CFC traz a reabertura do per\u00edodo de inscri\u00e7\u00f5es, devido a problemas no sistema, permanecendo abertas at\u00e9 o dia 27 de julho, \u00e0s 23:59.<\/p>\n<p><img loading=\"lazy\" decoding=\"async\" class=\"aligncenter size-full wp-image-82555\" src=\"https:\/\/dhg1h5j42swfq.cloudfront.net\/2017\/06\/25071458\/cfc.1.png\" alt=\"\" width=\"341\" height=\"206\" srcset=\"https:\/\/dhg1h5j42swfq.cloudfront.net\/2017\/06\/25071458\/cfc.1.png 341w, https:\/\/dhg1h5j42swfq.cloudfront.net\/2017\/06\/25071458\/cfc.1.png 300w\" sizes=\"auto, (max-width: 341px) 100vw, 341px\" \/> <img loading=\"lazy\" decoding=\"async\" class=\"aligncenter size-large wp-image-82556\" src=\"https:\/\/dhg1h5j42swfq.cloudfront.net\/2017\/06\/25071459\/cfc.2.png\" alt=\"\" width=\"318\" height=\"123\" srcset=\"https:\/\/dhg1h5j42swfq.cloudfront.net\/2017\/06\/25071459\/cfc.2.png 318w, https:\/\/dhg1h5j42swfq.cloudfront.net\/2017\/06\/25071459\/cfc.2.png 300w\" sizes=\"auto, (max-width: 318px) 100vw, 318px\" \/><\/p>\n<p style=\"text-align: center;\"><span style=\"color: #000000;\">\u00a0<\/span><\/p>\n<h3 style=\"text-align: justify;\"><span style=\"color: #000000;\">Prova e Inscri\u00e7\u00e3o<\/span><\/h3>\n<p><span style=\"color: #000000;\">O Exame\u00a0ser\u00e1 constitu\u00eddo de prova objetiva para Bachar\u00e9is em Ci\u00eancias Cont\u00e1beis e as\u00a0inscri\u00e7\u00f5es dever\u00e3o ser efetuadas somente no site da FBC (www.fbc.org.br) ou no site do CFC (www.cfc.org.br).<\/span><\/p>\n<p><span style=\"color: #000000;\">A Taxa de Inscri\u00e7\u00e3o ser\u00e1 de R$110,00 (cento e dez reais), a ser recolhida em guia pr\u00f3pria, em favor da FBC.<\/span><\/p>\n<p><span style=\"color: #000000;\">A prova ser\u00e1 aplicada no dia <strong>1\u00ba de outubro<\/strong> de 2017 (domingo) das 9h30min \u00e0s 13h30min \u2013 hor\u00e1rio oficial de Bras\u00edlia (DF).<\/span><\/p>\n<p style=\"text-align: center;\"><span style=\"color: #000000;\"><strong>Confira abaixo o resultado geral das \u00faltimas edi\u00e7\u00f5es:<\/strong><\/span><\/p>\n<p style=\"text-align: center;\"><img loading=\"lazy\" decoding=\"async\" class=\"aligncenter size-full wp-image-75088\" src=\"https:\/\/dhg1h5j42swfq.cloudfront.net\/2017\/03\/23130140\/cfc1.png\" alt=\"Exame CFC\" width=\"717\" height=\"544\" srcset=\"https:\/\/dhg1h5j42swfq.cloudfront.net\/2017\/03\/23130140\/cfc1.png 717w, https:\/\/dhg1h5j42swfq.cloudfront.net\/2017\/03\/23130140\/cfc1.png 300w, https:\/\/dhg1h5j42swfq.cloudfront.net\/2017\/03\/23130140\/cfc1.png 610w\" sizes=\"auto, (max-width: 717px) 100vw, 717px\" \/><\/p>\n<p style=\"text-align: center;\"><strong>E as notas m\u00e1ximas e m\u00ednimas dos \u00faltimos exames:<\/strong><\/p>\n<p style=\"text-align: center;\"><img loading=\"lazy\" decoding=\"async\" class=\"aligncenter size-full wp-image-75090\" src=\"https:\/\/dhg1h5j42swfq.cloudfront.net\/2017\/03\/23130344\/cfc2.png\" alt=\"\" width=\"813\" height=\"265\" srcset=\"https:\/\/dhg1h5j42swfq.cloudfront.net\/2017\/03\/23130344\/cfc2.png 813w, https:\/\/dhg1h5j42swfq.cloudfront.net\/2017\/03\/23130344\/cfc2.png 300w, https:\/\/dhg1h5j42swfq.cloudfront.net\/2017\/03\/23130344\/cfc2.png 768w, https:\/\/dhg1h5j42swfq.cloudfront.net\/2017\/03\/23130344\/cfc2.png 610w\" sizes=\"auto, (max-width: 813px) 100vw, 813px\" \/><\/p>\n<p style=\"text-align: justify;\"><span style=\"color: #000000;\">Em 2 de mar\u00e7o, foi divulgado o\u00a0gabarito preliminar da primeira edi\u00e7\u00e3o de 2017\u00a0do Exame de Sufici\u00eancia,\u00a0destinado\u00a0\u00e0 comprova\u00e7\u00e3o dos conhecimentos de alunos concluintes do curso superior em Ci\u00eancias Cont\u00e1beis.\u00a0<\/span><\/p>\n<p style=\"text-align: justify;\"><span style=\"color: #000000;\">As provas foram aplicadas no dia 26 de mar\u00e7o de 2017, para cerca de 54 mil bachar\u00e9is em Ci\u00eancias Cont\u00e1beis.\u00a0Consulte\u00a0<\/span><a href=\"https:\/\/dhg1h5j42swfq.cloudfront.net\/2017\/03\/23130627\/relApuracaoResultadoGeralPorIES.pdf\"><span style=\"color: #000000;\">AQUI<\/span><\/a><span style=\"color: #000000;\">\u00a0o resultado final da Primeira Edi\u00e7\u00e3o de 2017.<\/span><\/p>\n<p style=\"text-align: justify;\"><a href=\"https:\/\/youtu.be\/y3QPSN8raMc\">Saiba como se preparar para o Exame!<\/a><\/p>\n<h3><span style=\"color: #000000;\">O Exame de Sufici\u00eancia<\/span><\/h3>\n<p style=\"text-align: justify;\"><span style=\"color: #000000;\">O Exame de Sufici\u00eancia \u00e9 uma prova obrigat\u00f3ria institu\u00edda pela Lei 12.249\/2010 e pela Resolu\u00e7\u00e3o CFC 1.373\/2011 destinada \u00e0 comprova\u00e7\u00e3o dos conhecimentos de alunos concluintes dos cursos T\u00e9cnico em Contabilidade e do curso superior em Ci\u00eancias Cont\u00e1beis.<\/span><\/p>\n<p style=\"text-align: justify;\"><span style=\"color: #000000;\">A aprova\u00e7\u00e3o no Exame \u00e9 um dos requisitos para a obten\u00e7\u00e3o ou restabelecimento de registro profissional em Conselho Regional de Contabilidade.<\/span><\/p>\n<p style=\"text-align: justify;\"><span style=\"color: #000000;\">O exame foi criado em 2000 e derrubado em 2004 (dez edi\u00e7\u00f5es) por uma liminar que questionava o fato de a prova n\u00e3o ser uma lei federal e sim uma resolu\u00e7\u00e3o do CFC.<\/span><\/p>\n<p style=\"text-align: justify;\"><span style=\"color: #000000;\">Em 2010, a lei federal 12.249 instituiu a aprova\u00e7\u00e3o no exame como condi\u00e7\u00e3o para obter o registro no conselho de classe. Desde ent\u00e3o, o exame vem acontecendo duas vezes por ano e \u00e9 composto por quest\u00f5es abrangendo as disciplinas: Contabilidade Geral, Contabilidade de Custos, No\u00e7\u00f5es de Direito, Matem\u00e1tica Financeira, Legisla\u00e7\u00e3o e \u00c9tica Profissional, Princ\u00edpios de Contabilidade e Normas Brasileiras de Contabilidade e L\u00edngua Portuguesa.<\/span><\/p>\n<p style=\"text-align: center;\"><span style=\"color: #000000;\"><strong>Confira nossos cursos para o Exame de Sufici\u00eancia CFC 2017<\/strong><\/span><\/p>\n<p style=\"text-align: center;\"><strong><a href=\"https:\/\/www.estrategiaconcursos.com.br\/cursosPorConcurso\/exame-de-suficiencia-do-cfc-2017\/\" target=\"_blank\" rel=\"noopener noreferrer\">Cursos CFC 2017<\/a><\/strong><\/p>\n<h2>Fique informado pelo WhatsApp!<\/h2>\n<p><em>Salve o n\u00famero de\u00a0<strong>WhatsApp \u2013\u00a0(61) 99876-2981<\/strong>, na sua agenda e nos envie uma mensagem falando\u00a0<strong>para qual \u00e1rea de concurso voc\u00ea estuda<\/strong>. N\u00f3s passaremos a te enviar informa\u00e7\u00f5es atualizadas direto no seu celular. Fique Informado!<\/em><\/p>\n<p><img loading=\"lazy\" decoding=\"async\" class=\"aligncenter size-large wp-image-82116\" src=\"https:\/\/dhg1h5j42swfq.cloudfront.net\/2017\/07\/19182247\/WhatsApp-Image-2017-07-19-at-18.17.42.jpeg\" sizes=\"auto, (max-width: 1024px) 100vw, 1024px\" srcset=\"https:\/\/dhg1h5j42swfq.cloudfront.net\/2017\/07\/19182247\/WhatsApp-Image-2017-07-19-at-18.17.42.jpeg 1024w, https:\/\/dhg1h5j42swfq.cloudfront.net\/2017\/07\/19182247\/WhatsApp-Image-2017-07-19-at-18.17.42.jpeg 300w, https:\/\/dhg1h5j42swfq.cloudfront.net\/2017\/07\/19182247\/WhatsApp-Image-2017-07-19-at-18.17.42.jpeg 768w, https:\/\/dhg1h5j42swfq.cloudfront.net\/2017\/07\/19182247\/WhatsApp-Image-2017-07-19-at-18.17.42.jpeg 610w, https:\/\/dhg1h5j42swfq.cloudfront.net\/2017\/07\/19182247\/WhatsApp-Image-2017-07-19-at-18.17.42.jpeg 1200w\" alt=\"WhatsApp Estrat\u00e9gia\" width=\"1024\" height=\"536\" \/><\/p>\n<p style=\"text-align: justify;\"><span style=\"color: #000000;\">Nat\u00e1lia Scarano<\/span><\/p>\n<p style=\"text-align: justify;\"><span style=\"color: #000000;\">ASCOM<br \/>\n<\/span><span style=\"color: #000000;\">comunicacao@estrategiaconcursos.com.br<\/span><\/p>\n","protected":false},"excerpt":{"rendered":"<p>Foi publicado no DOU de 25 de julho, a retifica\u00e7\u00e3o do edital para o 2\u00ba Exame de Sufici\u00eancia do Conselho Federal de Contabilidade. Na retifica\u00e7\u00e3o, o CFC traz a reabertura do per\u00edodo de inscri\u00e7\u00f5es, devido a problemas no sistema, permanecendo abertas at\u00e9 o dia 27 de julho, \u00e0s 23:59. \u00a0 Prova e Inscri\u00e7\u00e3o O Exame\u00a0ser\u00e1 [&hellip;]<\/p>\n","protected":false},"author":1,"featured_media":82580,"comment_status":"open","ping_status":"open","sticky":false,"template":"","format":"standard","meta":{"post_tipo":"news","footnotes":""},"categories":[220015],"tags":[766,1023],"tax_estado":[],"class_list":["post-68709","post","type-post","status-publish","format-standard","has-post-thumbnail","hentry","category-cfc","tag-cfc","tag-exame-cfc"],"acf":[],"yoast_head":"<!-- This site is optimized with the Yoast SEO Premium plugin v27.2 (Yoast SEO v27.2) - https:\/\/yoast.com\/product\/yoast-seo-premium-wordpress\/ -->\n<title>CFC: 2\u00ba Exame de Sufici\u00eancia retifica edital e inscri\u00e7\u00f5es!<\/title>\n<meta name=\"description\" content=\"Confira as \u00faltimas not\u00edcias sobre o exame de sufici\u00eancia do Conselho Federal de Contabilidade (CFC): inscri\u00e7\u00f5es, provas, gabaritos e muito mais!\" \/>\n<meta name=\"robots\" content=\"index, follow, max-snippet:-1, max-image-preview:large, max-video-preview:-1\" \/>\n<link rel=\"canonical\" href=\"https:\/\/www.estrategiaconcursos.com.br\/blog\/cfc-exame-de-suficiencia\/\" \/>\n<meta property=\"og:locale\" content=\"pt_BR\" \/>\n<meta property=\"og:type\" content=\"article\" \/>\n<meta property=\"og:title\" content=\"CFC: 2\u00ba Exame de Sufici\u00eancia retifica edital e reabre inscri\u00e7\u00f5es!\" \/>\n<meta property=\"og:description\" content=\"Confira as \u00faltimas not\u00edcias sobre o exame de sufici\u00eancia do Conselho Federal de Contabilidade (CFC): inscri\u00e7\u00f5es, provas, gabaritos e muito mais!\" \/>\n<meta property=\"og:url\" content=\"https:\/\/www.estrategiaconcursos.com.br\/blog\/cfc-exame-de-suficiencia\/\" \/>\n<meta property=\"og:site_name\" content=\"Estrat\u00e9gia Concursos\" \/>\n<meta property=\"article:author\" content=\"https:\/\/www.facebook.com\/EstrategiaConcursos\" \/>\n<meta property=\"article:published_time\" content=\"2017-07-25T10:00:10+00:00\" \/>\n<meta property=\"article:modified_time\" content=\"2023-03-02T13:48:28+00:00\" \/>\n<meta property=\"og:image\" content=\"https:\/\/dhg1h5j42swfq.cloudfront.net\/2017\/07\/25144438\/CFC-e1501004688110.jpg\" \/>\n\t<meta property=\"og:image:width\" content=\"400\" \/>\n\t<meta property=\"og:image:height\" content=\"209\" \/>\n\t<meta property=\"og:image:type\" content=\"image\/jpeg\" \/>\n<meta name=\"author\" content=\"Coordena\u00e7\u00e3o\" \/>\n<meta name=\"twitter:card\" content=\"summary_large_image\" \/>\n<meta name=\"twitter:creator\" content=\"@EstratConcursos\" \/>\n<meta name=\"twitter:site\" content=\"@EstratConcursos\" \/>\n<meta name=\"twitter:label1\" content=\"Escrito por\" \/>\n\t<meta name=\"twitter:data1\" content=\"Coordena\u00e7\u00e3o\" \/>\n\t<meta name=\"twitter:label2\" content=\"Est. tempo de leitura\" \/>\n\t<meta name=\"twitter:data2\" content=\"2 minutos\" \/>\n<script type=\"application\/ld+json\" class=\"yoast-schema-graph\">{\"@context\":\"https:\/\/schema.org\",\"@graph\":[{\"@type\":\"NewsArticle\",\"@id\":\"https:\/\/www.estrategiaconcursos.com.br\/blog\/cfc-exame-de-suficiencia\/#article\",\"isPartOf\":{\"@id\":\"https:\/\/www.estrategiaconcursos.com.br\/blog\/cfc-exame-de-suficiencia\/\"},\"author\":{\"name\":\"Coordena\u00e7\u00e3o\",\"@id\":\"https:\/\/www.estrategiaconcursos.com.br\/blog\/#\/schema\/person\/b4a388c97673c5f483d72185668afa1f\"},\"headline\":\"CFC: 2\u00ba Exame de Sufici\u00eancia retifica edital e reabre inscri\u00e7\u00f5es!\",\"datePublished\":\"2017-07-25T10:00:10+00:00\",\"dateModified\":\"2023-03-02T13:48:28+00:00\",\"mainEntityOfPage\":{\"@id\":\"https:\/\/www.estrategiaconcursos.com.br\/blog\/cfc-exame-de-suficiencia\/\"},\"wordCount\":480,\"commentCount\":1,\"publisher\":{\"@id\":\"https:\/\/www.estrategiaconcursos.com.br\/blog\/#organization\"},\"image\":{\"@id\":\"https:\/\/www.estrategiaconcursos.com.br\/blog\/cfc-exame-de-suficiencia\/#primaryimage\"},\"thumbnailUrl\":\"https:\/\/dhg1h5j42swfq.cloudfront.net\/2017\/07\/25144438\/CFC-e1501004688110.jpg\",\"keywords\":[\"CFC\",\"Exame CFC\"],\"articleSection\":[\"CFC\"],\"inLanguage\":\"pt-BR\",\"potentialAction\":[{\"@type\":\"CommentAction\",\"name\":\"Comment\",\"target\":[\"https:\/\/www.estrategiaconcursos.com.br\/blog\/cfc-exame-de-suficiencia\/#respond\"]}],\"copyrightYear\":\"2017\",\"copyrightHolder\":{\"@id\":\"https:\/\/www.estrategiaconcursos.com.br\/blog\/#organization\"}},{\"@type\":\"WebPage\",\"@id\":\"https:\/\/www.estrategiaconcursos.com.br\/blog\/cfc-exame-de-suficiencia\/\",\"url\":\"https:\/\/www.estrategiaconcursos.com.br\/blog\/cfc-exame-de-suficiencia\/\",\"name\":\"CFC: 2\u00ba Exame de Sufici\u00eancia retifica edital e inscri\u00e7\u00f5es!\",\"isPartOf\":{\"@id\":\"https:\/\/www.estrategiaconcursos.com.br\/blog\/#website\"},\"primaryImageOfPage\":{\"@id\":\"https:\/\/www.estrategiaconcursos.com.br\/blog\/cfc-exame-de-suficiencia\/#primaryimage\"},\"image\":{\"@id\":\"https:\/\/www.estrategiaconcursos.com.br\/blog\/cfc-exame-de-suficiencia\/#primaryimage\"},\"thumbnailUrl\":\"https:\/\/dhg1h5j42swfq.cloudfront.net\/2017\/07\/25144438\/CFC-e1501004688110.jpg\",\"datePublished\":\"2017-07-25T10:00:10+00:00\",\"dateModified\":\"2023-03-02T13:48:28+00:00\",\"description\":\"Confira as \u00faltimas not\u00edcias sobre o exame de sufici\u00eancia do Conselho Federal de Contabilidade (CFC): inscri\u00e7\u00f5es, provas, gabaritos e muito mais!\",\"breadcrumb\":{\"@id\":\"https:\/\/www.estrategiaconcursos.com.br\/blog\/cfc-exame-de-suficiencia\/#breadcrumb\"},\"inLanguage\":\"pt-BR\",\"potentialAction\":[{\"@type\":\"ReadAction\",\"target\":[\"https:\/\/www.estrategiaconcursos.com.br\/blog\/cfc-exame-de-suficiencia\/\"]}]},{\"@type\":\"ImageObject\",\"inLanguage\":\"pt-BR\",\"@id\":\"https:\/\/www.estrategiaconcursos.com.br\/blog\/cfc-exame-de-suficiencia\/#primaryimage\",\"url\":\"https:\/\/dhg1h5j42swfq.cloudfront.net\/2017\/07\/25144438\/CFC-e1501004688110.jpg\",\"contentUrl\":\"https:\/\/dhg1h5j42swfq.cloudfront.net\/2017\/07\/25144438\/CFC-e1501004688110.jpg\",\"width\":400,\"height\":209,\"caption\":\"Resultado final CFC\"},{\"@type\":\"BreadcrumbList\",\"@id\":\"https:\/\/www.estrategiaconcursos.com.br\/blog\/cfc-exame-de-suficiencia\/#breadcrumb\",\"itemListElement\":[{\"@type\":\"ListItem\",\"position\":1,\"name\":\"In\u00edcio\",\"item\":\"https:\/\/www.estrategiaconcursos.com.br\/blog\/\"},{\"@type\":\"ListItem\",\"position\":2,\"name\":\"CFC: 2\u00ba Exame de Sufici\u00eancia retifica edital e reabre inscri\u00e7\u00f5es!\"}]},{\"@type\":\"WebSite\",\"@id\":\"https:\/\/www.estrategiaconcursos.com.br\/blog\/#website\",\"url\":\"https:\/\/www.estrategiaconcursos.com.br\/blog\/\",\"name\":\"Estrat\u00e9gia Concursos\",\"description\":\"O blog da Estrat\u00e9gia Concursos traz not\u00edcias sobre concursos e artigos de professores oferecendo cursos para concursos (pdf + videaulas) no site.\",\"publisher\":{\"@id\":\"https:\/\/www.estrategiaconcursos.com.br\/blog\/#organization\"},\"potentialAction\":[{\"@type\":\"SearchAction\",\"target\":{\"@type\":\"EntryPoint\",\"urlTemplate\":\"https:\/\/www.estrategiaconcursos.com.br\/blog\/?s={search_term_string}\"},\"query-input\":{\"@type\":\"PropertyValueSpecification\",\"valueRequired\":true,\"valueName\":\"search_term_string\"}}],\"inLanguage\":\"pt-BR\"},{\"@type\":\"Organization\",\"@id\":\"https:\/\/www.estrategiaconcursos.com.br\/blog\/#organization\",\"name\":\"Estrat\u00e9gia Concursos\",\"url\":\"https:\/\/www.estrategiaconcursos.com.br\/blog\/\",\"logo\":{\"@type\":\"ImageObject\",\"inLanguage\":\"pt-BR\",\"@id\":\"https:\/\/www.estrategiaconcursos.com.br\/blog\/#\/schema\/logo\/image\/\",\"url\":\"https:\/\/dhg1h5j42swfq.cloudfront.net\/2025\/06\/03203428\/logo_concursos-1.jpg\",\"contentUrl\":\"https:\/\/dhg1h5j42swfq.cloudfront.net\/2025\/06\/03203428\/logo_concursos-1.jpg\",\"width\":230,\"height\":60,\"caption\":\"Estrat\u00e9gia Concursos\"},\"image\":{\"@id\":\"https:\/\/www.estrategiaconcursos.com.br\/blog\/#\/schema\/logo\/image\/\"},\"sameAs\":[\"https:\/\/x.com\/EstratConcursos\"]},{\"@type\":\"Person\",\"@id\":\"https:\/\/www.estrategiaconcursos.com.br\/blog\/#\/schema\/person\/b4a388c97673c5f483d72185668afa1f\",\"name\":\"Coordena\u00e7\u00e3o\",\"image\":{\"@type\":\"ImageObject\",\"inLanguage\":\"pt-BR\",\"@id\":\"https:\/\/secure.gravatar.com\/avatar\/b720319e4c9a967eb58678d110f4fe35452fc5d5f97b202bac7b8acceb18c6ad?s=96&d=mm&r=g\",\"url\":\"https:\/\/secure.gravatar.com\/avatar\/b720319e4c9a967eb58678d110f4fe35452fc5d5f97b202bac7b8acceb18c6ad?s=96&d=mm&r=g\",\"contentUrl\":\"https:\/\/secure.gravatar.com\/avatar\/b720319e4c9a967eb58678d110f4fe35452fc5d5f97b202bac7b8acceb18c6ad?s=96&d=mm&r=g\",\"caption\":\"Coordena\u00e7\u00e3o\"},\"sameAs\":[\"https:\/\/www.facebook.com\/EstrategiaConcursos\",\"https:\/\/x.com\/EstratConcursos\"],\"url\":\"https:\/\/www.estrategiaconcursos.com.br\/blog\/author\/estrategia2013\/\"}]}<\/script>\n<!-- \/ Yoast SEO Premium plugin. -->","yoast_head_json":{"title":"CFC: 2\u00ba Exame de Sufici\u00eancia retifica edital e inscri\u00e7\u00f5es!","description":"Confira as \u00faltimas not\u00edcias sobre o exame de sufici\u00eancia do Conselho Federal de Contabilidade (CFC): inscri\u00e7\u00f5es, provas, gabaritos e muito mais!","robots":{"index":"index","follow":"follow","max-snippet":"max-snippet:-1","max-image-preview":"max-image-preview:large","max-video-preview":"max-video-preview:-1"},"canonical":"https:\/\/www.estrategiaconcursos.com.br\/blog\/cfc-exame-de-suficiencia\/","og_locale":"pt_BR","og_type":"article","og_title":"CFC: 2\u00ba Exame de Sufici\u00eancia retifica edital e reabre inscri\u00e7\u00f5es!","og_description":"Confira as \u00faltimas not\u00edcias sobre o exame de sufici\u00eancia do Conselho Federal de Contabilidade (CFC): inscri\u00e7\u00f5es, provas, gabaritos e muito mais!","og_url":"https:\/\/www.estrategiaconcursos.com.br\/blog\/cfc-exame-de-suficiencia\/","og_site_name":"Estrat\u00e9gia Concursos","article_author":"https:\/\/www.facebook.com\/EstrategiaConcursos","article_published_time":"2017-07-25T10:00:10+00:00","article_modified_time":"2023-03-02T13:48:28+00:00","og_image":[{"width":400,"height":209,"url":"https:\/\/dhg1h5j42swfq.cloudfront.net\/2017\/07\/25144438\/CFC-e1501004688110.jpg","type":"image\/jpeg"}],"author":"Coordena\u00e7\u00e3o","twitter_card":"summary_large_image","twitter_creator":"@EstratConcursos","twitter_site":"@EstratConcursos","twitter_misc":{"Escrito por":"Coordena\u00e7\u00e3o","Est. tempo de leitura":"2 minutos"},"schema":{"@context":"https:\/\/schema.org","@graph":[{"@type":"NewsArticle","@id":"https:\/\/www.estrategiaconcursos.com.br\/blog\/cfc-exame-de-suficiencia\/#article","isPartOf":{"@id":"https:\/\/www.estrategiaconcursos.com.br\/blog\/cfc-exame-de-suficiencia\/"},"author":{"name":"Coordena\u00e7\u00e3o","@id":"https:\/\/www.estrategiaconcursos.com.br\/blog\/#\/schema\/person\/b4a388c97673c5f483d72185668afa1f"},"headline":"CFC: 2\u00ba Exame de Sufici\u00eancia retifica edital e reabre inscri\u00e7\u00f5es!","datePublished":"2017-07-25T10:00:10+00:00","dateModified":"2023-03-02T13:48:28+00:00","mainEntityOfPage":{"@id":"https:\/\/www.estrategiaconcursos.com.br\/blog\/cfc-exame-de-suficiencia\/"},"wordCount":480,"commentCount":1,"publisher":{"@id":"https:\/\/www.estrategiaconcursos.com.br\/blog\/#organization"},"image":{"@id":"https:\/\/www.estrategiaconcursos.com.br\/blog\/cfc-exame-de-suficiencia\/#primaryimage"},"thumbnailUrl":"https:\/\/dhg1h5j42swfq.cloudfront.net\/2017\/07\/25144438\/CFC-e1501004688110.jpg","keywords":["CFC","Exame CFC"],"articleSection":["CFC"],"inLanguage":"pt-BR","potentialAction":[{"@type":"CommentAction","name":"Comment","target":["https:\/\/www.estrategiaconcursos.com.br\/blog\/cfc-exame-de-suficiencia\/#respond"]}],"copyrightYear":"2017","copyrightHolder":{"@id":"https:\/\/www.estrategiaconcursos.com.br\/blog\/#organization"}},{"@type":"WebPage","@id":"https:\/\/www.estrategiaconcursos.com.br\/blog\/cfc-exame-de-suficiencia\/","url":"https:\/\/www.estrategiaconcursos.com.br\/blog\/cfc-exame-de-suficiencia\/","name":"CFC: 2\u00ba Exame de Sufici\u00eancia retifica edital e inscri\u00e7\u00f5es!","isPartOf":{"@id":"https:\/\/www.estrategiaconcursos.com.br\/blog\/#website"},"primaryImageOfPage":{"@id":"https:\/\/www.estrategiaconcursos.com.br\/blog\/cfc-exame-de-suficiencia\/#primaryimage"},"image":{"@id":"https:\/\/www.estrategiaconcursos.com.br\/blog\/cfc-exame-de-suficiencia\/#primaryimage"},"thumbnailUrl":"https:\/\/dhg1h5j42swfq.cloudfront.net\/2017\/07\/25144438\/CFC-e1501004688110.jpg","datePublished":"2017-07-25T10:00:10+00:00","dateModified":"2023-03-02T13:48:28+00:00","description":"Confira as \u00faltimas not\u00edcias sobre o exame de sufici\u00eancia do Conselho Federal de Contabilidade (CFC): inscri\u00e7\u00f5es, provas, gabaritos e muito mais!","breadcrumb":{"@id":"https:\/\/www.estrategiaconcursos.com.br\/blog\/cfc-exame-de-suficiencia\/#breadcrumb"},"inLanguage":"pt-BR","potentialAction":[{"@type":"ReadAction","target":["https:\/\/www.estrategiaconcursos.com.br\/blog\/cfc-exame-de-suficiencia\/"]}]},{"@type":"ImageObject","inLanguage":"pt-BR","@id":"https:\/\/www.estrategiaconcursos.com.br\/blog\/cfc-exame-de-suficiencia\/#primaryimage","url":"https:\/\/dhg1h5j42swfq.cloudfront.net\/2017\/07\/25144438\/CFC-e1501004688110.jpg","contentUrl":"https:\/\/dhg1h5j42swfq.cloudfront.net\/2017\/07\/25144438\/CFC-e1501004688110.jpg","width":400,"height":209,"caption":"Resultado final CFC"},{"@type":"BreadcrumbList","@id":"https:\/\/www.estrategiaconcursos.com.br\/blog\/cfc-exame-de-suficiencia\/#breadcrumb","itemListElement":[{"@type":"ListItem","position":1,"name":"In\u00edcio","item":"https:\/\/www.estrategiaconcursos.com.br\/blog\/"},{"@type":"ListItem","position":2,"name":"CFC: 2\u00ba Exame de Sufici\u00eancia retifica edital e reabre inscri\u00e7\u00f5es!"}]},{"@type":"WebSite","@id":"https:\/\/www.estrategiaconcursos.com.br\/blog\/#website","url":"https:\/\/www.estrategiaconcursos.com.br\/blog\/","name":"Estrat\u00e9gia Concursos","description":"O blog da Estrat\u00e9gia Concursos traz not\u00edcias sobre concursos e artigos de professores oferecendo cursos para concursos (pdf + videaulas) no site.","publisher":{"@id":"https:\/\/www.estrategiaconcursos.com.br\/blog\/#organization"},"potentialAction":[{"@type":"SearchAction","target":{"@type":"EntryPoint","urlTemplate":"https:\/\/www.estrategiaconcursos.com.br\/blog\/?s={search_term_string}"},"query-input":{"@type":"PropertyValueSpecification","valueRequired":true,"valueName":"search_term_string"}}],"inLanguage":"pt-BR"},{"@type":"Organization","@id":"https:\/\/www.estrategiaconcursos.com.br\/blog\/#organization","name":"Estrat\u00e9gia Concursos","url":"https:\/\/www.estrategiaconcursos.com.br\/blog\/","logo":{"@type":"ImageObject","inLanguage":"pt-BR","@id":"https:\/\/www.estrategiaconcursos.com.br\/blog\/#\/schema\/logo\/image\/","url":"https:\/\/dhg1h5j42swfq.cloudfront.net\/2025\/06\/03203428\/logo_concursos-1.jpg","contentUrl":"https:\/\/dhg1h5j42swfq.cloudfront.net\/2025\/06\/03203428\/logo_concursos-1.jpg","width":230,"height":60,"caption":"Estrat\u00e9gia Concursos"},"image":{"@id":"https:\/\/www.estrategiaconcursos.com.br\/blog\/#\/schema\/logo\/image\/"},"sameAs":["https:\/\/x.com\/EstratConcursos"]},{"@type":"Person","@id":"https:\/\/www.estrategiaconcursos.com.br\/blog\/#\/schema\/person\/b4a388c97673c5f483d72185668afa1f","name":"Coordena\u00e7\u00e3o","image":{"@type":"ImageObject","inLanguage":"pt-BR","@id":"https:\/\/secure.gravatar.com\/avatar\/b720319e4c9a967eb58678d110f4fe35452fc5d5f97b202bac7b8acceb18c6ad?s=96&d=mm&r=g","url":"https:\/\/secure.gravatar.com\/avatar\/b720319e4c9a967eb58678d110f4fe35452fc5d5f97b202bac7b8acceb18c6ad?s=96&d=mm&r=g","contentUrl":"https:\/\/secure.gravatar.com\/avatar\/b720319e4c9a967eb58678d110f4fe35452fc5d5f97b202bac7b8acceb18c6ad?s=96&d=mm&r=g","caption":"Coordena\u00e7\u00e3o"},"sameAs":["https:\/\/www.facebook.com\/EstrategiaConcursos","https:\/\/x.com\/EstratConcursos"],"url":"https:\/\/www.estrategiaconcursos.com.br\/blog\/author\/estrategia2013\/"}]}},"_links":{"self":[{"href":"https:\/\/www.estrategiaconcursos.com.br\/blog\/wp-json\/wp\/v2\/posts\/68709","targetHints":{"allow":["GET"]}}],"collection":[{"href":"https:\/\/www.estrategiaconcursos.com.br\/blog\/wp-json\/wp\/v2\/posts"}],"about":[{"href":"https:\/\/www.estrategiaconcursos.com.br\/blog\/wp-json\/wp\/v2\/types\/post"}],"author":[{"embeddable":true,"href":"https:\/\/www.estrategiaconcursos.com.br\/blog\/wp-json\/wp\/v2\/users\/1"}],"replies":[{"embeddable":true,"href":"https:\/\/www.estrategiaconcursos.com.br\/blog\/wp-json\/wp\/v2\/comments?post=68709"}],"version-history":[{"count":16,"href":"https:\/\/www.estrategiaconcursos.com.br\/blog\/wp-json\/wp\/v2\/posts\/68709\/revisions"}],"predecessor-version":[{"id":1180113,"href":"https:\/\/www.estrategiaconcursos.com.br\/blog\/wp-json\/wp\/v2\/posts\/68709\/revisions\/1180113"}],"wp:featuredmedia":[{"embeddable":true,"href":"https:\/\/www.estrategiaconcursos.com.br\/blog\/wp-json\/wp\/v2\/media\/82580"}],"wp:attachment":[{"href":"https:\/\/www.estrategiaconcursos.com.br\/blog\/wp-json\/wp\/v2\/media?parent=68709"}],"wp:term":[{"taxonomy":"category","embeddable":true,"href":"https:\/\/www.estrategiaconcursos.com.br\/blog\/wp-json\/wp\/v2\/categories?post=68709"},{"taxonomy":"post_tag","embeddable":true,"href":"https:\/\/www.estrategiaconcursos.com.br\/blog\/wp-json\/wp\/v2\/tags?post=68709"},{"taxonomy":"tax_estado","embeddable":true,"href":"https:\/\/www.estrategiaconcursos.com.br\/blog\/wp-json\/wp\/v2\/tax_estado?post=68709"}],"curies":[{"name":"wp","href":"https:\/\/api.w.org\/{rel}","templated":true}]}}