{"id":686515,"date":"2021-03-08T08:45:00","date_gmt":"2021-03-08T11:45:00","guid":{"rendered":"https:\/\/www.estrategiaconcursos.com.br\/blog\/?p=686515"},"modified":"2021-03-05T18:32:12","modified_gmt":"2021-03-05T21:32:12","slug":"semana-especial-seja-pos-graduado-em-2021","status":"publish","type":"post","link":"https:\/\/www.estrategiaconcursos.com.br\/blog\/semana-especial-seja-pos-graduado-em-2021\/","title":{"rendered":"Semana Especial Seja P\u00f3s-Graduado em 2021: a partir de hoje!"},"content":{"rendered":"\n<p>Entre os dias 8 e 19 de mar\u00e7o, a equipe de professores do Estrat\u00e9gia apresenta o evento: &#8220;<em>Semana Especial Seja P\u00f3s-Graduado em 2021<\/em>&#8220;. Acesse ao vivo e gratuitamente pelo canal do Estrat\u00e9gia Concursos no Youtube.<\/p>\n\n\n\n<h3 class=\"wp-block-heading\" id=\"h-semana-especial-seja-p-s-graduado-em-2021-cronograma\">Semana Especial Seja P\u00f3s-Graduado em 2021 &#8211; Cronograma<\/h3>\n\n\n\n<ul class=\"wp-block-list\"><li><strong>Data:<\/strong> 08 a 19 de mar\u00e7o de 2021<\/li><li><strong>Hor\u00e1rios:<\/strong> diversos <\/li><li><strong>Onde:<\/strong> <a href=\"https:\/\/www.youtube.com\/channel\/UChvwkhC3eHxJsVxW_ItDjdA\">Canal do Estrat\u00e9gia Concursos no Youtube<\/a><\/li><\/ul>\n\n\n<figure class=\"wp-block-embed-youtube wp-block-embed is-type-video is-provider-youtube wp-embed-aspect-16-9 wp-has-aspect-ratio\"><div class=\"lyte-wrapper\" style=\"width:853px;max-width:100%;margin:5px;\"><div class=\"lyMe\" id=\"WYL_Dw-Em8GYLUo\"><div id=\"lyte_Dw-Em8GYLUo\" data-src=\"\/\/i.ytimg.com\/vi\/Dw-Em8GYLUo\/hqdefault.jpg\" class=\"pL\"><div class=\"tC\"><div class=\"tT\"><\/div><\/div><div class=\"play\"><\/div><div class=\"ctrl\"><div class=\"Lctrl\"><\/div><div class=\"Rctrl\"><\/div><\/div><\/div><noscript><a href=\"https:\/\/youtu.be\/Dw-Em8GYLUo\" rel=\"nofollow\"><img loading=\"lazy\" decoding=\"async\" src=\"https:\/\/i.ytimg.com\/vi\/Dw-Em8GYLUo\/0.jpg\" alt=\"YouTube video thumbnail\" width=\"853\" height=\"460\" \/><br \/>Assista a este v\u00eddeo no YouTube<\/a><\/noscript><\/div><\/div><div class=\"lL\" style=\"max-width:100%;width:853px;margin:5px;\"><\/div><figcaption><\/figcaption><\/figure>\n\n\n<h3 class=\"wp-block-heading\" id=\"h-semana-especial-seja-p-s-graduado-em-2021-curiosidades\">Semana Especial Seja P\u00f3s-Graduado em 2021 &#8211; Curiosidades <\/h3>\n\n\n\n<p>\u00c9 muito importante ao profissional que possui n\u00edvel superior, buscar cursar uma especializa\u00e7\u00e3o na sua \u00e1rea de atua\u00e7\u00e3o se quiser se destacar e ganhar melhor no mercado de trabalho. <\/p>\n\n\n\n<p>Para os concurseiros, a P\u00f3s-Gradua\u00e7\u00e3o faz diferen\u00e7a na prova de t\u00edtulos, e tem um peso grande na hora da classifica\u00e7\u00e3o dos candidatos, pois ao encontrar um n\u00famero grande de pessoas disputando uma vaga, o m\u00ednimo se torna algo imprescind\u00edvel para garantir o&nbsp;<strong>emprego<\/strong>.<\/p>\n\n\n\n<p>Al\u00e9m da disso, a P\u00f3s-Gradua\u00e7\u00e3o auxilia na composi\u00e7\u00e3o da remunera\u00e7\u00e3o do profissional, notadamente nas carreiras ligadas ao estado e tamb\u00e9m ao governo. <\/p>\n\n\n\n<figure class=\"wp-block-table is-style-stripes\"><table class=\"has-subtle-pale-blue-background-color has-fixed-layout has-background\"><tbody><tr><td><strong>Evento<\/strong><\/td><td><strong>Data<\/strong><\/td><td><strong>Professor<\/strong><\/td><\/tr><tr><td>&nbsp;<\/td><td><strong>Segunda-feira<\/strong><\/td><td>&nbsp;<\/td><\/tr><tr><td><a href=\"https:\/\/www.youtube.com\/watch?v=Dw-Em8GYLUo\" target=\"_blank\" rel=\"noreferrer noopener\">Semana Especial: Seja P\u00f3s-Graduado em 2021<\/a><\/td><td>08\/03, \u00e0s 10h<\/td><td>Laura Amorim, Victor Tanaka e Bruna Caracho<\/td><\/tr><tr><td><a href=\"https:\/\/www.youtube.com\/watch?v=uSJPhbj66b0\" target=\"_blank\" rel=\"noreferrer noopener\">Conhe\u00e7a a P\u00f3s-Gradua\u00e7\u00e3o para a \u00c1rea Policial<\/a><\/td><td>08\/03, \u00e0s 19h<\/td><td>Paulo Bilynskyj e Jaqueline Menon<\/td><\/tr><tr><td><a href=\"https:\/\/www.youtube.com\/watch?v=td03ohYlM_w\" target=\"_blank\" rel=\"noreferrer noopener\">P\u00f3s-Gradua\u00e7\u00e3o Estrat\u00e9gica e a Prepara\u00e7\u00e3o para Concursos<\/a><\/td><td>08\/03, \u00e0s 20h<\/td><td>Nick Simonek<\/td><\/tr><tr><td>&nbsp;<\/td><td><strong>Ter\u00e7a-feira<\/strong><\/td><td>&nbsp;<\/td><\/tr><tr><td><a href=\"https:\/\/www.youtube.com\/watch?v=fleQUGSdyHM\" target=\"_blank\" rel=\"noreferrer noopener\">P\u00f3s-Gradua\u00e7\u00e3o para Concursos Fiscais<\/a><\/td><td>09\/03, \u00e0s 12h<\/td><td>Laura Amorim e Victor Tanaka<\/td><\/tr><tr><td><a href=\"https:\/\/www.youtube.com\/watch?v=t-WS6Qzpjvw\" target=\"_blank\" rel=\"noreferrer noopener\">P\u00f3s-Gradua\u00e7\u00e3o em T.I.: O Mercado que mais Cresce no Brasil<\/a><\/td><td>09\/03, \u00e0s 19h<\/td><td>Thiago Cavalcanti<\/td><\/tr><tr><td>&nbsp;<\/td><td><strong>Quarta-Feira<\/strong><\/td><td>&nbsp;<\/td><\/tr><tr><td><a href=\"https:\/\/www.youtube.com\/watch?v=CnLr4okkHVQ\" target=\"_blank\" rel=\"noreferrer noopener\">P\u00f3s-Gradua\u00e7\u00e3o em Contabilidade: Conhe\u00e7a nossos Tr\u00eas Cursos<\/a><\/td><td>10\/03, \u00e0s 20h<\/td><td>Alan Hirt<\/td><\/tr><tr><td><a href=\"https:\/\/www.youtube.com\/watch?v=AB1EXZ2hd4s\" target=\"_blank\" rel=\"noreferrer noopener\">P\u00f3s-Gradua\u00e7\u00e3o para Concursos de Tribunais<\/a><\/td><td>10\/03, \u00e0s 19h<\/td><td>Vinicius Silva<\/td><\/tr><tr><td><a href=\"https:\/\/www.youtube.com\/watch?v=6Fv0VmHMh8g\" target=\"_blank\" rel=\"noreferrer noopener\">Meu Concurso n\u00e3o sai, e agora?<\/a><\/td><td>10\/03, \u00e0s 21h&nbsp;&nbsp;<\/td><td>J\u00falia Branco&nbsp;&nbsp;<\/td><\/tr><tr><td>&nbsp;<\/td><td><strong>Quinta-feira<\/strong><\/td><td>&nbsp;<\/td><\/tr><tr><td><a href=\"https:\/\/www.youtube.com\/watch?v=2jszo6CzDiU\" target=\"_blank\" rel=\"noreferrer noopener\">Como Funciona a Prova de T\u00edtulos em Concursos<\/a><\/td><td>11\/03, \u00e0s 10h<\/td><td>Victor Tanaka<\/td><\/tr><tr><td><a href=\"https:\/\/www.youtube.com\/watch?v=2yxqD0t5nK0\" target=\"_blank\" rel=\"noreferrer noopener\">Todo concurseiro deveria ser P\u00f3s-Graduado em Direito Administrativo e Gest\u00e3o P\u00fablica<\/a><\/td><td>11\/03, \u00e0s 22h<\/td><td>Paulo Sousa<\/td><\/tr><tr><td>&nbsp;<\/td><td><strong>Sexta-feira<\/strong><\/td><td>&nbsp;<\/td><\/tr><tr><td><a href=\"https:\/\/www.youtube.com\/watch?v=-KeyWD6D3B8\" target=\"_blank\" rel=\"noreferrer noopener\">10 Motivos para Cursar a P\u00f3s-Gradua\u00e7\u00e3o do\u00a0Estrat\u00e9gia em 2021<\/a><\/td><td>12\/03, \u00e0s 10h<\/td><td>Cl\u00e1udia Miranda<\/td><\/tr><tr><td>&nbsp;<\/td><td><strong>Segunda-feira<\/strong><\/td><td>&nbsp;<\/td><\/tr><tr><td>Medo da Prova de T\u00edtulos? Conhe\u00e7a a Solu\u00e7\u00e3o<\/td><td>15\/03, \u00e0s 19h<\/td><td>Igor Maciel<\/td><\/tr><tr><td>&nbsp;<\/td><td><strong>Ter\u00e7a-feira<\/strong><\/td><td>&nbsp;<\/td><\/tr><tr><td>P\u00f3s-Gradua\u00e7\u00e3o em Direito P\u00fablico: Aperfei\u00e7oamento para quem n\u00e3o \u00e9 da \u00e1rea jur\u00eddica<\/td><td>16\/03, \u00e0s 21h<\/td><td>Carlos Guerra<\/td><\/tr><tr><td>&nbsp;<\/td><td><strong>Quarta-Feira<\/strong><\/td><td>&nbsp;<\/td><\/tr><tr><td>Tecnologia da Informa\u00e7\u00e3o: A Disciplina cada vez mais cobrada nos concursos<\/td><td>17\/03, \u00e0s 19h<\/td><td>Thiago Cavalcanti<\/td><\/tr><tr><td>&nbsp;<\/td><td><strong>Quinta-feira<\/strong><\/td><td>&nbsp;<\/td><\/tr><tr><td>Como conciliar prepara\u00e7\u00e3o para concursos e P\u00f3s-Gradua\u00e7\u00e3o<\/td><td>18\/03, \u00e0s 19h<\/td><td>Priscila Silveira<\/td><\/tr><tr><td>&nbsp;<\/td><td><strong>Sexta-feira<\/strong><\/td><td>&nbsp;<\/td><\/tr><tr><td>Vantagens da P\u00f3s-Gradua\u00e7\u00e3o do Estrat\u00e9gia<\/td><td>19\/03, \u00e0s 12h<\/td><td>Igor Maciel<\/td><\/tr><tr><td>P\u00f3s-Gradua\u00e7\u00e3o e a Prepara\u00e7\u00e3o de Longo prazo para concursos&nbsp;&nbsp;<\/td><td>19\/03, \u00e0s 19h<\/td><td>Cl\u00e1udia Miranda&nbsp; &nbsp;<\/td><\/tr><\/tbody><\/table><\/figure>\n\n\n\n<h2 class=\"has-text-align-center wp-block-heading\" id=\"h-conhe-a-nossos-cursos\">Conhe\u00e7a nossos cursos <\/h2>\n\n\n\n<p><strong>O Estrat\u00e9gia Carreiras Jur\u00eddicas em parceria com a Unileya, vai oferecer diversos cursos de P\u00f3s-Gradua\u00e7\u00e3o Jur\u00eddica para voc\u00ea que pretende adquirir mais conhecimento e enriquecer o curr\u00edculo.<\/strong> <strong>Clique no link abaixo e confira: <\/strong><\/p>\n\n\n\n<p class=\"has-text-align-center has-light-green-cyan-background-color has-background has-medium-font-size\"><a href=\"https:\/\/posestrategia.unyleya.edu.br\/\" target=\"_blank\" rel=\"noreferrer noopener\"><strong>P\u00f3s-Estrat\u00e9gia Concursos<\/strong><\/a><\/p>\n\n\n\n<p class=\"has-text-align-center has-pale-cyan-blue-background-color has-background has-medium-font-size\"><strong>Estrat\u00e9gia Carreiras Jur\u00eddicas:&nbsp;<a rel=\"noreferrer noopener\" href=\"https:\/\/www.youtube.com\/c\/Estrat%C3%A9giaCarreiraJur%C3%ADdica\/videos?view=2&amp;live_view=502\" target=\"_blank\">Youtube<\/a><\/strong><\/p>\n\n\n\n<div class=\"container\" id=\"boxes\">\n  <div class=\"row\">\n\n    <div class=\"col-sm\">\n      <div class=\"banner-ecj\" id=\"box-assinatura\">\n        <h3 class=\"titulo-assinatura\">Curso para Carreiras Jur\u00eddicas <\/h3>\n        <p class=\"subtitulo-assinatura\">Cursos focados no edital do concurso<\/p>\n        <div class=\"box-botao\">\n          <a class=\"btn-assinatura\" target=\"_blank\" href=\"https:\/\/www.estrategiaconcursos.com.br\/cursosPorConcurso\/carreira-juridica-regular\/\" role=\"button\" rel=\"noopener noreferrer\">Conhe\u00e7a mais<\/a>\n        <\/div>\n      <\/div>\n      <p class=\"texto-auxiliar\">Prepare-se com o melhor material e com quem mais aprova em concursos em todo o pa\u00eds. \n<\/p>\n    <\/div>\n\n  <\/div>\n<\/div>\n\n\n\n<div class=\"container\" id=\"boxes\">\n  <div class=\"row\">\n\n    <div class=\"col-sm\">\n      <div class=\"banner-ecj\" id=\"box-assinatura\">\n        <h3 class=\"titulo-assinatura\">Assinatura Jur\u00eddica <\/h3>\n        <p class=\"subtitulo-assinatura\">Conhe\u00e7a os planos<\/p>\n        <div class=\"box-botao\">\n          <a class=\"btn-assinatura\" target=\"_blank\" href=\"https:\/\/www.estrategiaconcursos.com.br\/assinaturas-ecj\/\" role=\"button\" rel=\"noopener noreferrer\">Conhe\u00e7a mais<\/a>\n        <\/div>\n      <\/div>\n      <p class=\"texto-auxiliar\">Prepare-se com o melhor material e com quem mais aprova em Concursos P\u00fablicos em todo o pa\u00eds. \n<\/p>\n    <\/div><\/div><\/div>\n\n\n\n<div class=\"container\" id=\"boxes\">\n  <div class=\"row\">\n\n    <div class=\"col-sm\" id=\"boxes-concursos\">\n      <div style=\"background-color: #005DAD;\" class=\"conteudo-concursos\" id=\"box-concursos\">\n        <h3 class=\"titulo-assinatura\">Concursos Abertos<\/h3>\n        <p class=\"subtitulo-assinatura\">mais de 15 mil vagas<\/p>\n        <div class=\"box-botao\">\n          <a class=\"btn-assinatura\" target=\"_blank\" href=\"https:\/\/www.estrategiaconcursos.com.br\/blog\/concursos-abertos\/\" role=\"button\" rel=\"noopener noreferrer\">Conhe\u00e7a Agora<\/a>\n        <\/div>\n      <\/div>\n    <\/div>\n\n    <div class=\"col-sm\" id=\"boxes-concursos\">\n      <div style=\"background-color: #419FF0;\" class=\"conteudo-concursos\" id=\"box-concursos\">\n        <h3 class=\"titulo-assinatura\">Concursos 2021<\/h3>\n        <p class=\"subtitulo-assinatura\">mais de 17 mil vagas<\/p>\n        <div class=\"box-botao\">\n          <a class=\"btn-assinatura\" target=\"_blank\" href=\"https:\/\/www.estrategiaconcursos.com.br\/blog\/concursos-2021\/\" role=\"button\" rel=\"noopener noreferrer\">Conhe\u00e7a Agora<\/a>\n        <\/div>\n      <\/div>\n    <\/div>\n\n<div class=\"col-sm\" id=\"boxes-concursos\">\n      <div style=\"background-color: #1A7ED5;\" class=\"conteudo-concursos\" id=\"box-concursos\">\n        <h3 class=\"titulo-assinatura\">Concursos de Direito<\/h3>\n        <p class=\"subtitulo-assinatura\">Vagas para a \u00e1rea jur\u00eddica<\/p>\n        <div class=\"box-botao\">\n          <a class=\"btn-assinatura\" target=\"_blank\" href=\"https:\/\/www.estrategiaconcursos.com.br\/blog\/concursos-de-direito\/\" role=\"button\" rel=\"noopener noreferrer\">Conhe\u00e7a Agora<\/a>\n        <\/div>\n      <\/div>\n    <\/div>\n\n  <\/div>\n<\/div>\n","protected":false},"excerpt":{"rendered":"<p>Entre os dias 8 e 19 de mar\u00e7o, a equipe de professores do Estrat\u00e9gia apresenta o evento: &#8220;Semana Especial Seja P\u00f3s-Graduado em 2021&#8220;. Acesse ao vivo e gratuitamente pelo canal do Estrat\u00e9gia Concursos no Youtube. Semana Especial Seja P\u00f3s-Graduado em 2021 &#8211; Cronograma Data: 08 a 19 de mar\u00e7o de 2021 Hor\u00e1rios: diversos Onde: Canal [&hellip;]<\/p>\n","protected":false},"author":1,"featured_media":686546,"comment_status":"open","ping_status":"closed","sticky":false,"template":"","format":"standard","meta":{"post_tipo":"news","footnotes":""},"categories":[2185],"tags":[],"tax_estado":[219963],"class_list":["post-686515","post","type-post","status-publish","format-standard","has-post-thumbnail","hentry","category-carreiras-juridicas","tax_estado-concursos-federais"],"acf":[],"yoast_head":"<!-- This site is optimized with the Yoast SEO Premium plugin v27.2 (Yoast SEO v27.2) - https:\/\/yoast.com\/product\/yoast-seo-premium-wordpress\/ -->\n<title>Semana Especial Seja P\u00f3s-Graduado em 2021: a partir de hoje!<\/title>\n<meta name=\"description\" content=\"N\u00e3o perca a Semana Especial Seja P\u00f3s-Graduado em 2021, uma s\u00e9rie de eventos gratuitos que ir\u00e1 te trazer dicas sobre especializa\u00e7\u00e3o jur\u00eddica!\" \/>\n<meta name=\"robots\" content=\"index, follow, max-snippet:-1, max-image-preview:large, max-video-preview:-1\" \/>\n<link rel=\"canonical\" href=\"https:\/\/www.estrategiaconcursos.com.br\/blog\/semana-especial-seja-pos-graduado-em-2021\/\" \/>\n<meta property=\"og:locale\" content=\"pt_BR\" \/>\n<meta property=\"og:type\" content=\"article\" \/>\n<meta property=\"og:title\" content=\"Semana Especial Seja P\u00f3s-Graduado em 2021: a partir de hoje!\" \/>\n<meta property=\"og:description\" content=\"N\u00e3o perca a Semana Especial Seja P\u00f3s-Graduado em 2021, uma s\u00e9rie de eventos gratuitos que ir\u00e1 te trazer dicas sobre especializa\u00e7\u00e3o jur\u00eddica!\" \/>\n<meta property=\"og:url\" content=\"https:\/\/www.estrategiaconcursos.com.br\/blog\/semana-especial-seja-pos-graduado-em-2021\/\" \/>\n<meta property=\"og:site_name\" content=\"Estrat\u00e9gia Concursos\" \/>\n<meta property=\"article:author\" content=\"https:\/\/www.facebook.com\/EstrategiaConcursos\" \/>\n<meta property=\"article:published_time\" content=\"2021-03-08T11:45:00+00:00\" \/>\n<meta property=\"og:image\" content=\"https:\/\/dhg1h5j42swfq.cloudfront.net\/2021\/03\/05182453\/7b3912b7-8492-4606-b42b-1d32e3be3064.jpg\" \/>\n\t<meta property=\"og:image:width\" content=\"1280\" \/>\n\t<meta property=\"og:image:height\" content=\"720\" \/>\n\t<meta property=\"og:image:type\" content=\"image\/jpeg\" \/>\n<meta name=\"author\" content=\"Coordena\u00e7\u00e3o\" \/>\n<meta name=\"twitter:card\" content=\"summary_large_image\" \/>\n<meta name=\"twitter:creator\" content=\"@EstratConcursos\" \/>\n<meta name=\"twitter:site\" content=\"@EstratConcursos\" \/>\n<meta name=\"twitter:label1\" content=\"Escrito por\" \/>\n\t<meta name=\"twitter:data1\" content=\"Coordena\u00e7\u00e3o\" \/>\n\t<meta name=\"twitter:label2\" content=\"Est. tempo de leitura\" \/>\n\t<meta name=\"twitter:data2\" content=\"3 minutos\" \/>\n<script type=\"application\/ld+json\" class=\"yoast-schema-graph\">{\"@context\":\"https:\/\/schema.org\",\"@graph\":[{\"@type\":\"NewsArticle\",\"@id\":\"https:\/\/www.estrategiaconcursos.com.br\/blog\/semana-especial-seja-pos-graduado-em-2021\/#article\",\"isPartOf\":{\"@id\":\"https:\/\/www.estrategiaconcursos.com.br\/blog\/semana-especial-seja-pos-graduado-em-2021\/\"},\"author\":{\"name\":\"Coordena\u00e7\u00e3o\",\"@id\":\"https:\/\/www.estrategiaconcursos.com.br\/blog\/#\/schema\/person\/b4a388c97673c5f483d72185668afa1f\"},\"headline\":\"Semana Especial Seja P\u00f3s-Graduado em 2021: a partir de hoje!\",\"datePublished\":\"2021-03-08T11:45:00+00:00\",\"mainEntityOfPage\":{\"@id\":\"https:\/\/www.estrategiaconcursos.com.br\/blog\/semana-especial-seja-pos-graduado-em-2021\/\"},\"wordCount\":641,\"commentCount\":0,\"publisher\":{\"@id\":\"https:\/\/www.estrategiaconcursos.com.br\/blog\/#organization\"},\"image\":{\"@id\":\"https:\/\/www.estrategiaconcursos.com.br\/blog\/semana-especial-seja-pos-graduado-em-2021\/#primaryimage\"},\"thumbnailUrl\":\"https:\/\/dhg1h5j42swfq.cloudfront.net\/2021\/03\/05182453\/7b3912b7-8492-4606-b42b-1d32e3be3064.jpg\",\"articleSection\":[\"Jur\u00eddico\"],\"inLanguage\":\"pt-BR\",\"potentialAction\":[{\"@type\":\"CommentAction\",\"name\":\"Comment\",\"target\":[\"https:\/\/www.estrategiaconcursos.com.br\/blog\/semana-especial-seja-pos-graduado-em-2021\/#respond\"]}],\"copyrightYear\":\"2021\",\"copyrightHolder\":{\"@id\":\"https:\/\/www.estrategiaconcursos.com.br\/blog\/#organization\"}},{\"@type\":\"WebPage\",\"@id\":\"https:\/\/www.estrategiaconcursos.com.br\/blog\/semana-especial-seja-pos-graduado-em-2021\/\",\"url\":\"https:\/\/www.estrategiaconcursos.com.br\/blog\/semana-especial-seja-pos-graduado-em-2021\/\",\"name\":\"Semana Especial Seja P\u00f3s-Graduado em 2021: a partir de hoje!\",\"isPartOf\":{\"@id\":\"https:\/\/www.estrategiaconcursos.com.br\/blog\/#website\"},\"primaryImageOfPage\":{\"@id\":\"https:\/\/www.estrategiaconcursos.com.br\/blog\/semana-especial-seja-pos-graduado-em-2021\/#primaryimage\"},\"image\":{\"@id\":\"https:\/\/www.estrategiaconcursos.com.br\/blog\/semana-especial-seja-pos-graduado-em-2021\/#primaryimage\"},\"thumbnailUrl\":\"https:\/\/dhg1h5j42swfq.cloudfront.net\/2021\/03\/05182453\/7b3912b7-8492-4606-b42b-1d32e3be3064.jpg\",\"datePublished\":\"2021-03-08T11:45:00+00:00\",\"description\":\"N\u00e3o perca a Semana Especial Seja P\u00f3s-Graduado em 2021, uma s\u00e9rie de eventos gratuitos que ir\u00e1 te trazer dicas sobre especializa\u00e7\u00e3o jur\u00eddica!\",\"breadcrumb\":{\"@id\":\"https:\/\/www.estrategiaconcursos.com.br\/blog\/semana-especial-seja-pos-graduado-em-2021\/#breadcrumb\"},\"inLanguage\":\"pt-BR\",\"potentialAction\":[{\"@type\":\"ReadAction\",\"target\":[\"https:\/\/www.estrategiaconcursos.com.br\/blog\/semana-especial-seja-pos-graduado-em-2021\/\"]}]},{\"@type\":\"ImageObject\",\"inLanguage\":\"pt-BR\",\"@id\":\"https:\/\/www.estrategiaconcursos.com.br\/blog\/semana-especial-seja-pos-graduado-em-2021\/#primaryimage\",\"url\":\"https:\/\/dhg1h5j42swfq.cloudfront.net\/2021\/03\/05182453\/7b3912b7-8492-4606-b42b-1d32e3be3064.jpg\",\"contentUrl\":\"https:\/\/dhg1h5j42swfq.cloudfront.net\/2021\/03\/05182453\/7b3912b7-8492-4606-b42b-1d32e3be3064.jpg\",\"width\":1280,\"height\":720,\"caption\":\"Semana Especial Seja P\u00f3s-Graduado\"},{\"@type\":\"BreadcrumbList\",\"@id\":\"https:\/\/www.estrategiaconcursos.com.br\/blog\/semana-especial-seja-pos-graduado-em-2021\/#breadcrumb\",\"itemListElement\":[{\"@type\":\"ListItem\",\"position\":1,\"name\":\"In\u00edcio\",\"item\":\"https:\/\/www.estrategiaconcursos.com.br\/blog\/\"},{\"@type\":\"ListItem\",\"position\":2,\"name\":\"Semana Especial Seja P\u00f3s-Graduado em 2021: a partir de hoje!\"}]},{\"@type\":\"WebSite\",\"@id\":\"https:\/\/www.estrategiaconcursos.com.br\/blog\/#website\",\"url\":\"https:\/\/www.estrategiaconcursos.com.br\/blog\/\",\"name\":\"Estrat\u00e9gia Concursos\",\"description\":\"O blog da Estrat\u00e9gia Concursos traz not\u00edcias sobre concursos e artigos de professores oferecendo cursos para concursos (pdf + videaulas) no site.\",\"publisher\":{\"@id\":\"https:\/\/www.estrategiaconcursos.com.br\/blog\/#organization\"},\"potentialAction\":[{\"@type\":\"SearchAction\",\"target\":{\"@type\":\"EntryPoint\",\"urlTemplate\":\"https:\/\/www.estrategiaconcursos.com.br\/blog\/?s={search_term_string}\"},\"query-input\":{\"@type\":\"PropertyValueSpecification\",\"valueRequired\":true,\"valueName\":\"search_term_string\"}}],\"inLanguage\":\"pt-BR\"},{\"@type\":\"Organization\",\"@id\":\"https:\/\/www.estrategiaconcursos.com.br\/blog\/#organization\",\"name\":\"Estrat\u00e9gia Concursos\",\"url\":\"https:\/\/www.estrategiaconcursos.com.br\/blog\/\",\"logo\":{\"@type\":\"ImageObject\",\"inLanguage\":\"pt-BR\",\"@id\":\"https:\/\/www.estrategiaconcursos.com.br\/blog\/#\/schema\/logo\/image\/\",\"url\":\"https:\/\/dhg1h5j42swfq.cloudfront.net\/2025\/06\/03203428\/logo_concursos-1.jpg\",\"contentUrl\":\"https:\/\/dhg1h5j42swfq.cloudfront.net\/2025\/06\/03203428\/logo_concursos-1.jpg\",\"width\":230,\"height\":60,\"caption\":\"Estrat\u00e9gia Concursos\"},\"image\":{\"@id\":\"https:\/\/www.estrategiaconcursos.com.br\/blog\/#\/schema\/logo\/image\/\"},\"sameAs\":[\"https:\/\/x.com\/EstratConcursos\"]},{\"@type\":\"Person\",\"@id\":\"https:\/\/www.estrategiaconcursos.com.br\/blog\/#\/schema\/person\/b4a388c97673c5f483d72185668afa1f\",\"name\":\"Coordena\u00e7\u00e3o\",\"image\":{\"@type\":\"ImageObject\",\"inLanguage\":\"pt-BR\",\"@id\":\"https:\/\/secure.gravatar.com\/avatar\/b720319e4c9a967eb58678d110f4fe35452fc5d5f97b202bac7b8acceb18c6ad?s=96&d=mm&r=g\",\"url\":\"https:\/\/secure.gravatar.com\/avatar\/b720319e4c9a967eb58678d110f4fe35452fc5d5f97b202bac7b8acceb18c6ad?s=96&d=mm&r=g\",\"contentUrl\":\"https:\/\/secure.gravatar.com\/avatar\/b720319e4c9a967eb58678d110f4fe35452fc5d5f97b202bac7b8acceb18c6ad?s=96&d=mm&r=g\",\"caption\":\"Coordena\u00e7\u00e3o\"},\"sameAs\":[\"https:\/\/www.facebook.com\/EstrategiaConcursos\",\"https:\/\/x.com\/EstratConcursos\"],\"url\":\"https:\/\/www.estrategiaconcursos.com.br\/blog\/author\/estrategia2013\/\"}]}<\/script>\n<!-- \/ Yoast SEO Premium plugin. -->","yoast_head_json":{"title":"Semana Especial Seja P\u00f3s-Graduado em 2021: a partir de hoje!","description":"N\u00e3o perca a Semana Especial Seja P\u00f3s-Graduado em 2021, uma s\u00e9rie de eventos gratuitos que ir\u00e1 te trazer dicas sobre especializa\u00e7\u00e3o jur\u00eddica!","robots":{"index":"index","follow":"follow","max-snippet":"max-snippet:-1","max-image-preview":"max-image-preview:large","max-video-preview":"max-video-preview:-1"},"canonical":"https:\/\/www.estrategiaconcursos.com.br\/blog\/semana-especial-seja-pos-graduado-em-2021\/","og_locale":"pt_BR","og_type":"article","og_title":"Semana Especial Seja P\u00f3s-Graduado em 2021: a partir de hoje!","og_description":"N\u00e3o perca a Semana Especial Seja P\u00f3s-Graduado em 2021, uma s\u00e9rie de eventos gratuitos que ir\u00e1 te trazer dicas sobre especializa\u00e7\u00e3o jur\u00eddica!","og_url":"https:\/\/www.estrategiaconcursos.com.br\/blog\/semana-especial-seja-pos-graduado-em-2021\/","og_site_name":"Estrat\u00e9gia Concursos","article_author":"https:\/\/www.facebook.com\/EstrategiaConcursos","article_published_time":"2021-03-08T11:45:00+00:00","og_image":[{"width":1280,"height":720,"url":"https:\/\/dhg1h5j42swfq.cloudfront.net\/2021\/03\/05182453\/7b3912b7-8492-4606-b42b-1d32e3be3064.jpg","type":"image\/jpeg"}],"author":"Coordena\u00e7\u00e3o","twitter_card":"summary_large_image","twitter_creator":"@EstratConcursos","twitter_site":"@EstratConcursos","twitter_misc":{"Escrito por":"Coordena\u00e7\u00e3o","Est. tempo de leitura":"3 minutos"},"schema":{"@context":"https:\/\/schema.org","@graph":[{"@type":"NewsArticle","@id":"https:\/\/www.estrategiaconcursos.com.br\/blog\/semana-especial-seja-pos-graduado-em-2021\/#article","isPartOf":{"@id":"https:\/\/www.estrategiaconcursos.com.br\/blog\/semana-especial-seja-pos-graduado-em-2021\/"},"author":{"name":"Coordena\u00e7\u00e3o","@id":"https:\/\/www.estrategiaconcursos.com.br\/blog\/#\/schema\/person\/b4a388c97673c5f483d72185668afa1f"},"headline":"Semana Especial Seja P\u00f3s-Graduado em 2021: a partir de hoje!","datePublished":"2021-03-08T11:45:00+00:00","mainEntityOfPage":{"@id":"https:\/\/www.estrategiaconcursos.com.br\/blog\/semana-especial-seja-pos-graduado-em-2021\/"},"wordCount":641,"commentCount":0,"publisher":{"@id":"https:\/\/www.estrategiaconcursos.com.br\/blog\/#organization"},"image":{"@id":"https:\/\/www.estrategiaconcursos.com.br\/blog\/semana-especial-seja-pos-graduado-em-2021\/#primaryimage"},"thumbnailUrl":"https:\/\/dhg1h5j42swfq.cloudfront.net\/2021\/03\/05182453\/7b3912b7-8492-4606-b42b-1d32e3be3064.jpg","articleSection":["Jur\u00eddico"],"inLanguage":"pt-BR","potentialAction":[{"@type":"CommentAction","name":"Comment","target":["https:\/\/www.estrategiaconcursos.com.br\/blog\/semana-especial-seja-pos-graduado-em-2021\/#respond"]}],"copyrightYear":"2021","copyrightHolder":{"@id":"https:\/\/www.estrategiaconcursos.com.br\/blog\/#organization"}},{"@type":"WebPage","@id":"https:\/\/www.estrategiaconcursos.com.br\/blog\/semana-especial-seja-pos-graduado-em-2021\/","url":"https:\/\/www.estrategiaconcursos.com.br\/blog\/semana-especial-seja-pos-graduado-em-2021\/","name":"Semana Especial Seja P\u00f3s-Graduado em 2021: a partir de hoje!","isPartOf":{"@id":"https:\/\/www.estrategiaconcursos.com.br\/blog\/#website"},"primaryImageOfPage":{"@id":"https:\/\/www.estrategiaconcursos.com.br\/blog\/semana-especial-seja-pos-graduado-em-2021\/#primaryimage"},"image":{"@id":"https:\/\/www.estrategiaconcursos.com.br\/blog\/semana-especial-seja-pos-graduado-em-2021\/#primaryimage"},"thumbnailUrl":"https:\/\/dhg1h5j42swfq.cloudfront.net\/2021\/03\/05182453\/7b3912b7-8492-4606-b42b-1d32e3be3064.jpg","datePublished":"2021-03-08T11:45:00+00:00","description":"N\u00e3o perca a Semana Especial Seja P\u00f3s-Graduado em 2021, uma s\u00e9rie de eventos gratuitos que ir\u00e1 te trazer dicas sobre especializa\u00e7\u00e3o jur\u00eddica!","breadcrumb":{"@id":"https:\/\/www.estrategiaconcursos.com.br\/blog\/semana-especial-seja-pos-graduado-em-2021\/#breadcrumb"},"inLanguage":"pt-BR","potentialAction":[{"@type":"ReadAction","target":["https:\/\/www.estrategiaconcursos.com.br\/blog\/semana-especial-seja-pos-graduado-em-2021\/"]}]},{"@type":"ImageObject","inLanguage":"pt-BR","@id":"https:\/\/www.estrategiaconcursos.com.br\/blog\/semana-especial-seja-pos-graduado-em-2021\/#primaryimage","url":"https:\/\/dhg1h5j42swfq.cloudfront.net\/2021\/03\/05182453\/7b3912b7-8492-4606-b42b-1d32e3be3064.jpg","contentUrl":"https:\/\/dhg1h5j42swfq.cloudfront.net\/2021\/03\/05182453\/7b3912b7-8492-4606-b42b-1d32e3be3064.jpg","width":1280,"height":720,"caption":"Semana Especial Seja P\u00f3s-Graduado"},{"@type":"BreadcrumbList","@id":"https:\/\/www.estrategiaconcursos.com.br\/blog\/semana-especial-seja-pos-graduado-em-2021\/#breadcrumb","itemListElement":[{"@type":"ListItem","position":1,"name":"In\u00edcio","item":"https:\/\/www.estrategiaconcursos.com.br\/blog\/"},{"@type":"ListItem","position":2,"name":"Semana Especial Seja P\u00f3s-Graduado em 2021: a partir de hoje!"}]},{"@type":"WebSite","@id":"https:\/\/www.estrategiaconcursos.com.br\/blog\/#website","url":"https:\/\/www.estrategiaconcursos.com.br\/blog\/","name":"Estrat\u00e9gia Concursos","description":"O blog da Estrat\u00e9gia Concursos traz not\u00edcias sobre concursos e artigos de professores oferecendo cursos para concursos (pdf + videaulas) no site.","publisher":{"@id":"https:\/\/www.estrategiaconcursos.com.br\/blog\/#organization"},"potentialAction":[{"@type":"SearchAction","target":{"@type":"EntryPoint","urlTemplate":"https:\/\/www.estrategiaconcursos.com.br\/blog\/?s={search_term_string}"},"query-input":{"@type":"PropertyValueSpecification","valueRequired":true,"valueName":"search_term_string"}}],"inLanguage":"pt-BR"},{"@type":"Organization","@id":"https:\/\/www.estrategiaconcursos.com.br\/blog\/#organization","name":"Estrat\u00e9gia Concursos","url":"https:\/\/www.estrategiaconcursos.com.br\/blog\/","logo":{"@type":"ImageObject","inLanguage":"pt-BR","@id":"https:\/\/www.estrategiaconcursos.com.br\/blog\/#\/schema\/logo\/image\/","url":"https:\/\/dhg1h5j42swfq.cloudfront.net\/2025\/06\/03203428\/logo_concursos-1.jpg","contentUrl":"https:\/\/dhg1h5j42swfq.cloudfront.net\/2025\/06\/03203428\/logo_concursos-1.jpg","width":230,"height":60,"caption":"Estrat\u00e9gia Concursos"},"image":{"@id":"https:\/\/www.estrategiaconcursos.com.br\/blog\/#\/schema\/logo\/image\/"},"sameAs":["https:\/\/x.com\/EstratConcursos"]},{"@type":"Person","@id":"https:\/\/www.estrategiaconcursos.com.br\/blog\/#\/schema\/person\/b4a388c97673c5f483d72185668afa1f","name":"Coordena\u00e7\u00e3o","image":{"@type":"ImageObject","inLanguage":"pt-BR","@id":"https:\/\/secure.gravatar.com\/avatar\/b720319e4c9a967eb58678d110f4fe35452fc5d5f97b202bac7b8acceb18c6ad?s=96&d=mm&r=g","url":"https:\/\/secure.gravatar.com\/avatar\/b720319e4c9a967eb58678d110f4fe35452fc5d5f97b202bac7b8acceb18c6ad?s=96&d=mm&r=g","contentUrl":"https:\/\/secure.gravatar.com\/avatar\/b720319e4c9a967eb58678d110f4fe35452fc5d5f97b202bac7b8acceb18c6ad?s=96&d=mm&r=g","caption":"Coordena\u00e7\u00e3o"},"sameAs":["https:\/\/www.facebook.com\/EstrategiaConcursos","https:\/\/x.com\/EstratConcursos"],"url":"https:\/\/www.estrategiaconcursos.com.br\/blog\/author\/estrategia2013\/"}]}},"_links":{"self":[{"href":"https:\/\/www.estrategiaconcursos.com.br\/blog\/wp-json\/wp\/v2\/posts\/686515","targetHints":{"allow":["GET"]}}],"collection":[{"href":"https:\/\/www.estrategiaconcursos.com.br\/blog\/wp-json\/wp\/v2\/posts"}],"about":[{"href":"https:\/\/www.estrategiaconcursos.com.br\/blog\/wp-json\/wp\/v2\/types\/post"}],"author":[{"embeddable":true,"href":"https:\/\/www.estrategiaconcursos.com.br\/blog\/wp-json\/wp\/v2\/users\/1"}],"replies":[{"embeddable":true,"href":"https:\/\/www.estrategiaconcursos.com.br\/blog\/wp-json\/wp\/v2\/comments?post=686515"}],"version-history":[{"count":20,"href":"https:\/\/www.estrategiaconcursos.com.br\/blog\/wp-json\/wp\/v2\/posts\/686515\/revisions"}],"predecessor-version":[{"id":686557,"href":"https:\/\/www.estrategiaconcursos.com.br\/blog\/wp-json\/wp\/v2\/posts\/686515\/revisions\/686557"}],"wp:featuredmedia":[{"embeddable":true,"href":"https:\/\/www.estrategiaconcursos.com.br\/blog\/wp-json\/wp\/v2\/media\/686546"}],"wp:attachment":[{"href":"https:\/\/www.estrategiaconcursos.com.br\/blog\/wp-json\/wp\/v2\/media?parent=686515"}],"wp:term":[{"taxonomy":"category","embeddable":true,"href":"https:\/\/www.estrategiaconcursos.com.br\/blog\/wp-json\/wp\/v2\/categories?post=686515"},{"taxonomy":"post_tag","embeddable":true,"href":"https:\/\/www.estrategiaconcursos.com.br\/blog\/wp-json\/wp\/v2\/tags?post=686515"},{"taxonomy":"tax_estado","embeddable":true,"href":"https:\/\/www.estrategiaconcursos.com.br\/blog\/wp-json\/wp\/v2\/tax_estado?post=686515"}],"curies":[{"name":"wp","href":"https:\/\/api.w.org\/{rel}","templated":true}]}}