{"id":68643,"date":"2026-03-23T18:18:20","date_gmt":"2026-03-23T21:18:20","guid":{"rendered":"https:\/\/www.estrategiaconcursos.com.br\/blog\/?p=68643"},"modified":"2026-03-23T18:18:23","modified_gmt":"2026-03-23T21:18:23","slug":"concurso-trt-rj","status":"publish","type":"post","link":"https:\/\/www.estrategiaconcursos.com.br\/blog\/concurso-trt-rj\/","title":{"rendered":"Concurso TRT RJ: resultado HOMOLOGADO; saiba mais!"},"content":{"rendered":"\n<p><strong><em>Concurso TRT RJ ofertou vagas em CR para Analista e T\u00e9cnico com remunera\u00e7\u00e3o inicial de R$17 mil. Confira os aprovados!<\/em><\/strong><\/p>\n\n\n<p><center><a id=\"cta-icon\" href=\"https:\/\/sndflw.com\/i\/trt-rj-grupo\" target=\"_blank\" style=\"background:#29a61a; display:inline-flex; align-items:center; padding:10px 15px; border-radius:6px; color:#fff; text-decoration:none; font-weight:500; font-size:15px;\"><img decoding=\"async\" src=\"https:\/\/dhg1h5j42swfq.cloudfront.net\/2023\/12\/07154107\/whatsapp_13851.png\" alt=\"\" style=\"width:20px; height:20px; margin-right:8px;\"><span>Acesse agora o Grupo de Estudos para o Concurso TRT RJ<\/span><\/a><\/center><\/p>\n\n\n\n<p>O&nbsp;<strong><a href=\"https:\/\/www.estrategiaconcursos.com.br\/cursosPorConcurso\/r-tribunais-regionais-do-trabalho-trts\/\" target=\"_blank\" rel=\"noreferrer noopener\">Tribunal Regional do Trabalho da 1\u00aa regi\u00e3o<\/a><\/strong> lan\u00e7ou o<strong> concurso TRT RJ <\/strong>que ofertou vagas para&nbsp;<strong>cadastro de reserva<\/strong>&nbsp;nos cargos de&nbsp;<strong>Analista e T\u00e9cnico Judici\u00e1rio<\/strong>.<\/p>\n\n\n\n<p>Os candidatos devem possuir&nbsp;<strong>n\u00edvel superior<\/strong>, e os sal\u00e1rios iniciais variam entre&nbsp;<strong>R$ 9.052,51 e R$ 17.018,67<\/strong>, dependendo da fun\u00e7\u00e3o.<\/p>\n\n\n\n<p>Mas as remunera\u00e7\u00f5es ser\u00e3o ainda maiores. No dia 22 de dezembro de 2025, o presidente Lula sancionou parcialmente o&nbsp;<strong><a href=\"https:\/\/www25.senado.leg.br\/web\/atividade\/materias\/-\/materia\/171600?utm_source=google&amp;utm_medium=cpc&amp;utm_campaign=ec-adm-vd-gdy-telebras-web-101215\" target=\"_blank\" rel=\"noreferrer noopener\">Projeto de Lei n\u00ba 4.750\/25<\/a><\/strong>, referente ao reajuste salarial dos servidores do Judici\u00e1rio federal.<\/p>\n\n\n\n<p>As corre\u00e7\u00f5es sucessivas de 8% previstas para ocorrer anualmente em 2026, 2027 e 2028 foram limitadas a uma parcela apenas, paga no pr\u00f3ximo ano.<\/p>\n\n\n\n<p>A prova foi aplicada no dia&nbsp;25 de maio e contou com mais de <strong>68 mil inscritos<\/strong>. Desta forma, o <strong>resultado final j\u00e1 foi divulgado<\/strong> e, consequentemente, a <strong>homologa\u00e7\u00e3o publicada<\/strong>.<\/p>\n\n\n\n<ul class=\"wp-block-list\">\n<li><a href=\"https:\/\/dhg1h5j42swfq.cloudfront.net\/2025\/09\/29054722\/edital-no-15-de-27-de-outubro-2025-edital-no-15-de-27-de-outubro-2025-dou-imprensa-nacional.pdf\" target=\"_blank\" rel=\"noreferrer noopener nofollow\">Lista completa de aprovados<\/a> | <a href=\"https:\/\/dhg1h5j42swfq.cloudfront.net\/2025\/10\/19062608\/resolucao-administrativa-no-33-de-13-de-novembro-de-2025-resolucao-administrativa-no-33-de-13-de-novembro-de-2025-dou-imprensa-nacional.pdf\" target=\"_blank\" rel=\"noreferrer noopener nofollow\">Homologa\u00e7\u00e3o<\/a><\/li>\n<\/ul>\n\n\n\n<ul class=\"wp-block-list has-cyan-bluish-gray-background-color has-background\">\n<li><strong>Concurso TRT RJ<\/strong><\/li>\n\n\n\n<li><strong>Status<\/strong>: homologado<\/li>\n\n\n\n<li><strong style=\"background-color: initial; color: initial;\">Banca:<\/strong> <a href=\"https:\/\/www.concursosfcc.com.br\/\" target=\"_blank\" rel=\"noreferrer noopener\">FCC<\/a><\/li>\n\n\n\n<li><strong>Vagas:<\/strong> CR<\/li>\n\n\n\n<li><strong>Cargo<\/strong>: analista e t\u00e9cnico <\/li>\n\n\n\n<li><strong>Sal\u00e1rios a partir de Jul. de 2026:&nbsp;<\/strong>R$ 9.776,74 (T\u00e9cnico) | R$ 16.041,21 (Analista)<\/li>\n\n\n\n<li><strong>Edital<\/strong>: <a href=\"https:\/\/www.in.gov.br\/web\/dou\/-\/edital-n-1\/2025-612284174\" target=\"_blank\" rel=\"noreferrer noopener\">TRT RJ 2025<\/a> \/ <a href=\"https:\/\/dhg1h5j42swfq.cloudfront.net\/2025\/06\/17064706\/cronograma-concurso-trt-rj.pdf\" target=\"_blank\" rel=\"noreferrer noopener\">Cronograma<\/a> \/ <a href=\"https:\/\/www.concursosfcc.com.br\/rybena\/web\/index.html?file=https:\/\/www.concursosfcc.com.br\/concursos\/trt1r124\/trt1r124_edital_n0_08_2025_retificacao.pdf\" target=\"_blank\" rel=\"noreferrer noopener\">Retifica\u00e7\u00e3o<\/a><\/li>\n<\/ul>\n\n\n\n<p>O Estrat\u00e9gia Concursos \u00e9 o curso que <strong>mais aprova<\/strong> em concursos de <strong>Tribunais <\/strong>do Brasil. Conhe\u00e7a nossos cursos e comece a se preparar:<\/p>\n\n\n\n<div class=\"container\" id=\"boxes\">\n  <div class=\"row\">\n\n    <div class=\"col-sm\">\n      <div class=\"banner-tribunal\" id=\"box-assinatura\">\n        <h3 class=\"titulo-assinatura\">Curso TRT RJ<\/h3>\n        <p class=\"subtitulo-assinatura\">Conhe\u00e7a os cursos<\/p>\n        <div class=\"box-botao\">\n          <a class=\"btn-assinatura\" target=\"_blank\" href=\"https:\/\/www.estrategiaconcursos.com.br\/cursosPorConcurso\/trts-cursos-regulares-62\/\" role=\"button\" rel=\"noopener noreferrer\">Conhe\u00e7a mais<\/a>\n        <\/div>\n      <\/div>\n      <p class=\"texto-auxiliar\">Prepare-se com o melhor material e com quem mais aprova em Concursos P\u00fablicos em todo o pa\u00eds.<\/p>\n    <\/div>\n\n  <\/div>\n<\/div>\n\n\n\n<ul class=\"wp-block-list\">\n<li><strong><a href=\"#situa\u00e7\u00e3o\">Situa\u00e7\u00e3o atual do concurso<\/a><\/strong>\n<ul class=\"wp-block-list\">\n<li><strong><a href=\"#reajuste\">Reajuste<\/a><\/strong><\/li>\n\n\n\n<li><a href=\"#resultados\"><strong>Resultados<\/strong><\/a><\/li>\n\n\n\n<li><strong><a href=\"#inscritos\">Inscritos<\/a><\/strong><\/li>\n<\/ul>\n<\/li>\n\n\n\n<li><strong><a href=\"#cargos-vagas-e-remuneracoes\">Cargos, vagas e remunera\u00e7\u00f5es<\/a><\/strong><\/li>\n\n\n\n<li><a href=\"#etapas-e-provas\"><strong>Etapas e provas<\/strong><\/a><\/li>\n\n\n\n<li><strong><a href=\"#carreira\">Carreira<\/a><\/strong>\n<ul class=\"wp-block-list\">\n<li><strong><a href=\"#cargo\">Cargos vagos<\/a><\/strong><\/li>\n\n\n\n<li><strong><a href=\"#remunera\u00e7\u00e3o\">Sal\u00e1rios e Benef\u00edcios<\/a><\/strong><\/li>\n\n\n\n<li><strong><a href=\"#requisitos\">Requisitos<\/a><\/strong><\/li>\n<\/ul>\n<\/li>\n\n\n\n<li><strong><a href=\"#ultimo\">\u00daltimo concurso TRT RJ<\/a><\/strong><\/li>\n\n\n\n<li><strong><a href=\"#nomea\u00e7\u00e3o\">Nomea\u00e7\u00f5es no concurso TRT RJ<\/a><\/strong><\/li>\n\n\n\n<li><strong><a href=\"#simulado\">Simulado TRT RJ<\/a><\/strong><\/li>\n\n\n\n<li><strong><a href=\"#CURSOS\">Cursos e Assinaturas<\/a><\/strong><\/li>\n\n\n\n<li><strong><a href=\"#FICHA\">Ficha T\u00e9cnica<\/a><\/strong><\/li>\n<\/ul>\n\n\n\n<h2 class=\"wp-block-heading\" id=\"situa\u00e7\u00e3o\">Concurso TRT RJ: situa\u00e7\u00e3o atual<\/h2>\n\n\n\n<h3 class=\"wp-block-heading\" id=\"h-reajuste\">Reajuste<\/h3>\n\n\n\n<p>A Justi\u00e7a Federal teve o\u00a0<a href=\"https:\/\/www.estrategiaconcursos.com.br\/blog\/lula-sancionou-reajuste-salarial-aos-servidores-para-2026\/\" target=\"_blank\" rel=\"noreferrer noopener\">reajuste salarial de 8%<\/a>\u00a0para todas as carreiras sancionado pelo governo federal. Com isso, os sal\u00e1rios iniciais podem\u00a0<strong>chegar a R$\u00a016.041,21<\/strong>, al\u00e9m de benef\u00edcios.<\/p>\n\n\n\n<p>O adicional de qualifica\u00e7\u00e3o tamb\u00e9m foi reajustado. Atualmente, um analista em final de carreira pode somar R$ 1.161,52 se tiver doutorado, por exemplo.&nbsp;<\/p>\n\n\n\n<p>Com a mudan\u00e7a, o valor vai para&nbsp;<strong>R$ 3.857,75<\/strong>&nbsp;a partir de 2026, considerando-se o reajuste de 8%, previsto na&nbsp;Lei 15.293, de 19 de dezembro de 2025.<\/p>\n\n\n\n<p>Tamb\u00e9m a partir de 2026, o mestrado valer\u00e1&nbsp;<strong>R$ 2.700,43 (contra os atuais R$ 929,21)<\/strong>. Essas duas qualifica\u00e7\u00f5es n\u00e3o podem ser acumuladas entre si e absorvem outras de valores menores.<\/p>\n\n\n\n<p>Com o reajuste, os vencimentos b\u00e1sicos iniciais para os cargos ficam com os seguintes valores a partir de julho de 2026:<\/p>\n\n\n\n<ul class=\"wp-block-list\">\n<li><strong>R$ 9.776,74 (T\u00e9cnico)&nbsp;<\/strong><\/li>\n\n\n\n<li><strong>R$ 16.041,21 (Analista)<\/strong><\/li>\n<\/ul>\n\n\n\n<p>Al\u00e9m do vencimento b\u00e1sico atualizado, os aprovados ter\u00e3o direito a benef\u00edcios como&nbsp;<strong>aux\u00edlio pr\u00e9-escolar<\/strong>&nbsp;no valor de&nbsp;<strong><\/strong><strong>R$ 1.288,47<\/strong>, e&nbsp;<strong>aux\u00edlio alimenta\u00e7\u00e3o<\/strong>&nbsp;no valor de&nbsp;<strong><\/strong><strong>R$ 1.860,51<\/strong>,&nbsp;<strong>Aux\u00edlio-Natalidade<\/strong>&nbsp;no valor de&nbsp;<strong>R$718,58<\/strong>&nbsp;e&nbsp;<strong>Aux\u00edlio-Sa\u00fade&nbsp;<\/strong>no valor de&nbsp;<strong>R$579,39.<\/strong><\/p>\n\n\n\n<h3 class=\"wp-block-heading\" id=\"h-resultados\">Resultados <\/h3>\n\n\n\n<p>No dia 28 de julho de 2025 foi publicado no Di\u00e1rio Oficial da Uni\u00e3o o resultado definitivo da prova objetiva e discursiva. Tamb\u00e9m consta na mesma publica\u00e7\u00e3o a convoca\u00e7\u00e3o para o TAF, veja:<\/p>\n\n\n\n<ul class=\"wp-block-list\">\n<li><a href=\"https:\/\/www.in.gov.br\/en\/web\/dou\/-\/edital-n-6-de-25-de-julho-de-2025-644544549\" target=\"_blank\" rel=\"noreferrer noopener nofollow\">Resultados das provas e convoca\u00e7\u00e3o TAF<\/a>;<\/li>\n\n\n\n<li><a href=\"https:\/\/dhg1h5j42swfq.cloudfront.net\/2025\/07\/28102807\/1_habs_obj_disc_definitivo_class.pdf\" target=\"_blank\" rel=\"noreferrer noopener nofollow\">Aprovados nas provas<\/a>;<\/li>\n\n\n\n<li><a href=\"https:\/\/www.in.gov.br\/web\/dou\/-\/edital-n-10\/2025-650865881\" target=\"_blank\" rel=\"noreferrer noopener nofollow\">Resultado TAF<\/a>;<\/li>\n\n\n\n<li><a href=\"https:\/\/www.in.gov.br\/en\/web\/dou\/-\/edital-n-12\/2025-657301474\" target=\"_blank\" rel=\"noreferrer noopener nofollow\">Definitivo TAF<\/a>;<\/li>\n\n\n\n<li><a href=\"https:\/\/www.in.gov.br\/web\/dou\/-\/edital-n-11-de-10-de-setembro-de-2025-654875703\" target=\"_blank\" rel=\"noreferrer noopener nofollow\">Resultado final<\/a>;<\/li>\n\n\n\n<li><a href=\"https:\/\/www.in.gov.br\/en\/web\/dou\/-\/resolucao-administrativa-n-22-de-15-de-setembro-de-2025-657161906\" target=\"_blank\" rel=\"noreferrer noopener nofollow\">Homologa\u00e7\u00e3o do resultado final<\/a>.<\/li>\n<\/ul>\n\n\n\n<h3 class=\"wp-block-heading\" id=\"h-inscritos\">Inscritos <\/h3>\n\n\n\n<p>No dia 14 de maio de 2025 a FCC divulgou o n\u00famero de candidatos inscritos. A lista geral registrou <a href=\"https:\/\/www.estrategiaconcursos.com.br\/blog\/concurso-trt-rj-inscritos\/\" target=\"_blank\" rel=\"noreferrer noopener\">68.297 inscri\u00e7\u00f5es<\/a>. <\/p>\n\n\n\n<p>O cargo mais concorrido \u00e9 o de\u00a0<strong>T\u00e9cnico Judici\u00e1rio \u2013 \u00c1rea Administrativa<\/strong>\u00a0\u2013\u00a031.447 inscritos, seguido por Analista Judici\u00e1rio \u2013 \u00c1rea Judici\u00e1ria \u2013 16.983 inscritos.\u00a0<\/p>\n\n\n\n<h2 class=\"wp-block-heading\" id=\"cargos-vagas\">Concurso TRT RJ: cargos, vagas e remunera\u00e7\u00f5es<\/h2>\n\n\n\n<p>Veja no quadro abaixo quais s\u00e3o as especialidades:<\/p>\n\n\n\n<figure class=\"wp-block-table is-style-stripes\"><table class=\"has-fixed-layout\"><thead><tr><th class=\"has-text-align-center\" data-align=\"center\">CARGOS<\/th><th class=\"has-text-align-center\" data-align=\"center\">VAGAS<\/th><th class=\"has-text-align-center\" data-align=\"center\">SAL\u00c1RIO<\/th><\/tr><\/thead><tbody><tr><td class=\"has-text-align-center\" data-align=\"center\">Analista Judici\u00e1rio &#8211; \u00c1rea Judici\u00e1ria<\/td><td class=\"has-text-align-center\" data-align=\"center\">CR<\/td><td class=\"has-text-align-center\" data-align=\"center\">R$ 14.852,66<\/td><\/tr><tr><td class=\"has-text-align-center\" data-align=\"center\">Analista Judici\u00e1rio &#8211; \u00c1rea Judici\u00e1ria &#8211; Especialidade: Oficial de Justi\u00e7a<\/td><td class=\"has-text-align-center\" data-align=\"center\">CR<\/td><td class=\"has-text-align-center\" data-align=\"center\">R$ 17.018,67<\/td><\/tr><tr><td class=\"has-text-align-center\" data-align=\"center\">Analista Judici\u00e1rio &#8211; \u00c1rea Administrativa &#8211; Especialidade: Contabilidade<\/td><td class=\"has-text-align-center\" data-align=\"center\">CR<\/td><td class=\"has-text-align-center\" data-align=\"center\">R$ 14.852,66<\/td><\/tr><tr><td class=\"has-text-align-center\" data-align=\"center\">Analista Judici\u00e1rio &#8211; \u00c1rea Apoio Especializado &#8211; Especialidade: Arquivologia<\/td><td class=\"has-text-align-center\" data-align=\"center\">CR<\/td><td class=\"has-text-align-center\" data-align=\"center\">R$ 14.852,66<\/td><\/tr><tr><td class=\"has-text-align-center\" data-align=\"center\">Analista Judici\u00e1rio &#8211; \u00c1rea Apoio Especializado &#8211; Especialidade: Biblioteconomia<\/td><td class=\"has-text-align-center\" data-align=\"center\">CR<\/td><td class=\"has-text-align-center\" data-align=\"center\">R$ 14.852,66<\/td><\/tr><tr><td class=\"has-text-align-center\" data-align=\"center\">Analista Judici\u00e1rio &#8211; \u00c1rea Apoio Especializado &#8211; Especialidade: Enf. do Trabalho<\/td><td class=\"has-text-align-center\" data-align=\"center\">CR<\/td><td class=\"has-text-align-center\" data-align=\"center\">R$ 14.852,66<\/td><\/tr><tr><td class=\"has-text-align-center\" data-align=\"center\">Analista Judici\u00e1rio &#8211; \u00c1rea Apoio Especializado &#8211; Especialidade: Eng. Civil<\/td><td class=\"has-text-align-center\" data-align=\"center\">CR<\/td><td class=\"has-text-align-center\" data-align=\"center\">R$ 14.852,66<\/td><\/tr><tr><td class=\"has-text-align-center\" data-align=\"center\">Analista Judici\u00e1rio &#8211; \u00c1rea Apoio Especializado &#8211; Especialidade: Eng. El\u00e9trica<\/td><td class=\"has-text-align-center\" data-align=\"center\">CR<\/td><td class=\"has-text-align-center\" data-align=\"center\">R$ 14.852,66<\/td><\/tr><tr><td class=\"has-text-align-center\" data-align=\"center\">Analista Judici\u00e1rio &#8211; \u00c1rea Apoio Especializado &#8211; Especialidade: Eng. Mec\u00e2nica<\/td><td class=\"has-text-align-center\" data-align=\"center\">CR<\/td><td class=\"has-text-align-center\" data-align=\"center\">R$ 14.852,66<\/td><\/tr><tr><td class=\"has-text-align-center\" data-align=\"center\">Analista Judici\u00e1rio &#8211; \u00c1rea Apoio Especializado &#8211; Especialidade: Estat\u00edstica<\/td><td class=\"has-text-align-center\" data-align=\"center\">CR<\/td><td class=\"has-text-align-center\" data-align=\"center\">R$ 14.852,66<\/td><\/tr><tr><td class=\"has-text-align-center\" data-align=\"center\">Analista Judici\u00e1rio &#8211; \u00c1rea Apoio Especializado &#8211; Especialidade: Medicina<\/td><td class=\"has-text-align-center\" data-align=\"center\">CR<\/td><td class=\"has-text-align-center\" data-align=\"center\">R$ 14.852,66<\/td><\/tr><tr><td class=\"has-text-align-center\" data-align=\"center\">Analista Judici\u00e1rio &#8211; \u00c1rea Apoio Especializado &#8211; Especialidade: Med.Cardiologia<\/td><td class=\"has-text-align-center\" data-align=\"center\">CR<\/td><td class=\"has-text-align-center\" data-align=\"center\">R$ 14.852,66<\/td><\/tr><tr><td class=\"has-text-align-center\" data-align=\"center\">Analista Judici\u00e1rio &#8211; \u00c1rea Apoio Especializado &#8211; Especialidade: Med.do Trabalho<\/td><td class=\"has-text-align-center\" data-align=\"center\">CR<\/td><td class=\"has-text-align-center\" data-align=\"center\">R$ 14.852,66<\/td><\/tr><tr><td class=\"has-text-align-center\" data-align=\"center\">Analista Judici\u00e1rio &#8211; \u00c1rea Apoio Especializado &#8211; Especialidade: Med. Psiquiatria<\/td><td class=\"has-text-align-center\" data-align=\"center\">CR<\/td><td class=\"has-text-align-center\" data-align=\"center\">R$ 14.852,66<\/td><\/tr><tr><td class=\"has-text-align-center\" data-align=\"center\">Analista Judici\u00e1rio &#8211; \u00c1rea Apoio Especializado &#8211; Especialidade: Psicologia<\/td><td class=\"has-text-align-center\" data-align=\"center\">CR<\/td><td class=\"has-text-align-center\" data-align=\"center\">R$ 14.852,66<\/td><\/tr><tr><td class=\"has-text-align-center\" data-align=\"center\">Analista Judici\u00e1rio &#8211; \u00c1rea Apoio Especializado &#8211; Especialidade: Servi\u00e7o Social<\/td><td class=\"has-text-align-center\" data-align=\"center\">CR<\/td><td class=\"has-text-align-center\" data-align=\"center\">R$ 14.852,66<\/td><\/tr><tr><td class=\"has-text-align-center\" data-align=\"center\">Analista Judici\u00e1rio &#8211; \u00c1rea Apoio Especializado &#8211; Especialidade: TI<\/td><td class=\"has-text-align-center\" data-align=\"center\">CR<\/td><td class=\"has-text-align-center\" data-align=\"center\">R$ 14.852,66<\/td><\/tr><tr><td class=\"has-text-align-center\" data-align=\"center\">T\u00e9cnico Judici\u00e1rio &#8211; \u00c1rea Administrativa<\/td><td class=\"has-text-align-center\" data-align=\"center\">CR<\/td><td class=\"has-text-align-center\" data-align=\"center\">R$ 9.052,51&nbsp;<\/td><\/tr><tr><td class=\"has-text-align-center\" data-align=\"center\">T\u00e9cnico &#8211; \u00c1rea Administrativa; T\u00e9cnico Judici\u00e1rio &#8211; \u00c1rea Administrativa &#8211; Especialidade: Agente da Pol\u00edcia Judicial<\/td><td class=\"has-text-align-center\" data-align=\"center\">CR<\/td><td class=\"has-text-align-center\" data-align=\"center\">R$ 9.052,51&nbsp;<\/td><\/tr><tr><td class=\"has-text-align-center\" data-align=\"center\">T\u00e9cnico &#8211; \u00c1rea Apoio Especializado &#8211; Especialidade Enf. do Trabalho<\/td><td class=\"has-text-align-center\" data-align=\"center\">CR<\/td><td class=\"has-text-align-center\" data-align=\"center\">R$ 9.052,51&nbsp;<\/td><\/tr><tr><td class=\"has-text-align-center\" data-align=\"center\">T\u00e9cnico &#8211; \u00c1rea Apoio Especializado \u2013 Especialidade TI<\/td><td class=\"has-text-align-center\" data-align=\"center\">CR<\/td><td class=\"has-text-align-center\" data-align=\"center\">R$ 9.052,51&nbsp;<\/td><\/tr><\/tbody><\/table><\/figure>\n\n\n\n<p id=\"block-7f62d947-63a1-4bbc-9ecf-7dce21814a14\">A remunera\u00e7\u00e3o para o cargo de analista \u00e9 de R$ 14.852,66, por\u00e9m para o cargo de Analista Judici\u00e1rio &#8211; \u00c1rea Judici\u00e1ria &#8211; Especialidade Oficial de Justi\u00e7a Avaliador Federal ser\u00e1 acrescida da Gratifica\u00e7\u00e3o de Atividade Externa &#8211; GAE, no valor de R$ 2.166,01.<\/p>\n\n\n\n<p id=\"block-7f06be00-0dbc-40a3-bbca-783291c8654d\">Para t\u00e9cnico \u00e9 de R$ 9.052,51, mas para o cargo de T\u00e9cnico Judici\u00e1rio &#8211; \u00c1rea Administrativa &#8211; Agente da Pol\u00edcia Judicial ser\u00e1 acrescida da Gratifica\u00e7\u00e3o de Atividade de Seguran\u00e7a &#8211; GAS, no valor de R$ 1.320,16, desde que cumpridas as disposi\u00e7\u00f5es da Resolu\u00e7\u00e3o CSJT n\u00ba 315\/2021 e suas altera\u00e7\u00f5es.<\/p>\n\n\n\n<h2 class=\"wp-block-heading\" id=\"h-concurso-trt-rj-etapas-e-provas\">Concurso TRT RJ: etapas e provas <\/h2>\n\n\n\n<p>Os candidatos foram avaliados por meio da aplica\u00e7\u00e3o das seguintes etapas:<\/p>\n\n\n\n<ul class=\"wp-block-list\">\n<li><strong>Prova Objetiva<\/strong>;<\/li>\n\n\n\n<li><strong>Prova Discursiva<\/strong> (Estudo de caso\/Reda\u00e7\u00e3o); e<\/li>\n\n\n\n<li><strong>Prova de Capacidade F\u00edsica<\/strong> (T\u00e9cnico Judici\u00e1rio \u00c1rea Administrativa \u2013 Especialidade Agente da Pol\u00edcia Judicial).<\/li>\n<\/ul>\n\n\n\n<p>As <strong>provas objetivas e as provas discursivas<\/strong> foram realizadas na cidade do Rio de Janeiro\/RJ com aplica\u00e7\u00e3o no <strong>dia 25 de maio 2025<\/strong>, nos seguintes per\u00edodos:<\/p>\n\n\n\n<ul class=\"wp-block-list\">\n<li>no per\u00edodo da MANH\u00c3: para os cargos de T\u00e9cnico Judici\u00e1rio, todas as \u00e1reas\/especialidades;<\/li>\n\n\n\n<li>no per\u00edodo da TARDE: para os cargos de Analista Judici\u00e1rio, todas as \u00e1reas\/especialidades.<\/li>\n<\/ul>\n\n\n\n<h3 class=\"wp-block-heading\" id=\"h-prova-objetiva\">Prova objetiva<\/h3>\n\n\n\n<p>As provas objetivas foram compostas por <strong>60 quest\u00f5es<\/strong> de m\u00faltipla escolha, com cinco alternativas cada quest\u00e3o e apenas uma correta. Foram cobradas as seguintes disciplinas:<\/p>\n\n\n\n<p><strong>Analista Judici\u00e1rio \u2013 \u00c1rea Judici\u00e1ria e \u00c1rea Administrativa<\/strong><\/p>\n\n\n\n<ul class=\"wp-block-list\">\n<li><strong>Provas Objetivas<\/strong>\n<ul class=\"wp-block-list\">\n<li>Conhecimentos Gerais:\n<ul class=\"wp-block-list\">\n<li>L\u00edngua Portuguesa (10 quest\u00f5es);<\/li>\n\n\n\n<li>Matem\u00e1tica e Racioc\u00ednio L\u00f3gico (5 quest\u00f5es);<\/li>\n\n\n\n<li>No\u00e7\u00f5es de Legisla\u00e7\u00e3o (5 quest\u00f5es);<\/li>\n\n\n\n<li>No\u00e7\u00f5es de Direitos Humanos (5 quest\u00f5es);<\/li>\n\n\n\n<li>No\u00e7\u00f5es de Inform\u00e1tica (5 quest\u00f5es);<\/li>\n<\/ul>\n<\/li>\n\n\n\n<li>Conhecimentos Espec\u00edficos (30 quest\u00f5es).<\/li>\n<\/ul>\n<\/li>\n<\/ul>\n\n\n\n<p><strong>Analista Judici\u00e1rio \u2013 \u00c1rea Apoio Especializado<\/strong><\/p>\n\n\n\n<ul class=\"wp-block-list\">\n<li><strong>Especialidades<\/strong>:\n<ul class=\"wp-block-list\">\n<li>Arquivologia<\/li>\n\n\n\n<li>Biblioteconomia<\/li>\n\n\n\n<li>Enfermagem do Trabalho<\/li>\n\n\n\n<li>Engenharia Civil<\/li>\n\n\n\n<li>Engenharia El\u00e9trica<\/li>\n\n\n\n<li>Engenharia Mec\u00e2nica<\/li>\n\n\n\n<li>Estat\u00edstica<\/li>\n\n\n\n<li>Medicina (Cardiologia, Medicina do Trabalho, Psiquiatria)<\/li>\n\n\n\n<li>Psicologia<\/li>\n\n\n\n<li>Servi\u00e7o Social<\/li>\n\n\n\n<li>Tecnologia da Informa\u00e7\u00e3o<\/li>\n<\/ul>\n<\/li>\n\n\n\n<li><strong>Provas Objetivas<\/strong>\n<ul class=\"wp-block-list\">\n<li>Conhecimentos Gerais:\n<ul class=\"wp-block-list\">\n<li>L\u00edngua Portuguesa (10 quest\u00f5es);<\/li>\n\n\n\n<li>Matem\u00e1tica e Racioc\u00ednio L\u00f3gico (5 quest\u00f5es);<\/li>\n\n\n\n<li>No\u00e7\u00f5es de Legisla\u00e7\u00e3o (5 quest\u00f5es);<\/li>\n\n\n\n<li>No\u00e7\u00f5es de Direitos Humanos (5 quest\u00f5es);<\/li>\n\n\n\n<li>No\u00e7\u00f5es de Inform\u00e1tica (5 quest\u00f5es);<\/li>\n<\/ul>\n<\/li>\n\n\n\n<li>Conhecimentos Espec\u00edficos (30 quest\u00f5es).<\/li>\n<\/ul>\n<\/li>\n<\/ul>\n\n\n\n<p><strong>T\u00e9cnico Judici\u00e1rio<\/strong><\/p>\n\n\n\n<ul class=\"wp-block-list\">\n<li><strong>Provas Objetivas<\/strong>\n<ul class=\"wp-block-list\">\n<li>Conhecimentos Gerais:\n<ul class=\"wp-block-list\">\n<li>L\u00edngua Portuguesa (10 quest\u00f5es);<\/li>\n\n\n\n<li>Matem\u00e1tica e Racioc\u00ednio L\u00f3gico (5 quest\u00f5es);<\/li>\n\n\n\n<li>No\u00e7\u00f5es de Legisla\u00e7\u00e3o (5 quest\u00f5es);<\/li>\n\n\n\n<li>No\u00e7\u00f5es de Direitos Humanos (5 quest\u00f5es);<\/li>\n\n\n\n<li>No\u00e7\u00f5es de Inform\u00e1tica (5 quest\u00f5es);<\/li>\n<\/ul>\n<\/li>\n\n\n\n<li>Conhecimentos Espec\u00edficos (30 quest\u00f5es).<\/li>\n<\/ul>\n<\/li>\n<\/ul>\n\n\n\n<h3 class=\"wp-block-heading\" id=\"h-prova-discursiva-analista-judiciario\">Prova discursiva \u2013 Analista Judici\u00e1rio<\/h3>\n\n\n\n<p>Estudo de Caso, constou de 1 (uma) quest\u00e3o pr\u00e1tica, para a qual o candidato deveria apresentar, por escrito, as solu\u00e7\u00f5es.<br \/><br \/>Os temas versaram sobre conte\u00fado pertinente a Conhecimentos Espec\u00edficos, de acordo com a \u00e1rea\/especialidade.<\/p>\n\n\n\n<p>A Prova Discursiva \u2013 Estudo de Caso teve car\u00e1ter eliminat\u00f3rio e classificat\u00f3rio e a quest\u00e3o foi avaliada na escala de 0 (zero) a 10 (dez) pontos.<br \/><\/p>\n\n\n\n<h3 class=\"wp-block-heading\" id=\"h-prova-discursiva-tecnico-judiciario\">Prova discursiva \u2013 T\u00e9cnico Judici\u00e1rio<\/h3>\n\n\n\n<p>Foi uma reda\u00e7\u00e3o, onde o candidato deveria desenvolver texto dissertativo-argumentativo a partir de proposta \u00fanica, sobre assunto de interesse geral n\u00e3o atrelado necessariamente ao conte\u00fado program\u00e1tico de Conhecimentos Espec\u00edficos.<\/p>\n\n\n\n<h3 class=\"wp-block-heading\" id=\"h-taf\">TAF<\/h3>\n\n\n\n<p>A Prova Pr\u00e1tica &#8211; Teste de Aptid\u00e3o F\u00edsica (TAF) consistiu de tr\u00eas testes, a saber:<\/p>\n\n\n\n<ul class=\"wp-block-list\">\n<li>Teste abdominal (Masculino e Feminino);<\/li>\n\n\n\n<li>Teste de flexo extens\u00e3o de cotovelos em apoio no solo (Masculino);<\/li>\n\n\n\n<li>Teste de flexo extens\u00e3o de cotovelos em apoio no solo (Feminino); e<\/li>\n\n\n\n<li>Teste de corrida de 12 minutos (Masculino e Feminino).<\/li>\n<\/ul>\n\n\n\n<h2 class=\"wp-block-heading\" id=\"carreira\">Carreira no TRT RJ<\/h2>\n\n\n\n<h3 class=\"wp-block-heading\" id=\"cargo\">Cargos vagos<\/h3>\n\n\n\n<p>Segundo o levantamento mais recente dispon\u00edvel no <a href=\"https:\/\/www.trt1.jus.br\/anexo-iv-quantitativo-de-cargos-efetivos\">Portal da Transpar\u00eancia<\/a> do TRT RJ, de 2025, existem atualmente <strong>355 cargos vagos<\/strong>. O cargo com maior d\u00e9ficit \u00e9 o de <strong>T\u00e9cnico Judici\u00e1rio<\/strong> &#8211; \u00c1rea Administrativa sem especialidade, com <strong>335 cargos vagos<\/strong>.<\/p>\n\n\n\n<figure class=\"wp-block-table is-style-stripes\"><table><tbody><tr><td class=\"has-text-align-center\" data-align=\"center\"><strong>Cargos efetivos<\/strong><\/td><td class=\"has-text-align-center\" data-align=\"center\"><strong>Total de vac\u00e2ncias<\/strong><\/td><td class=\"has-text-align-center\" data-align=\"center\"><strong>Vac\u00e2ncias (exonera\u00e7\u00e3o, posse em cargo inacumul\u00e1vel e outros sem aumento de despesa)<\/strong><\/td><td class=\"has-text-align-center\" data-align=\"center\"><strong>Vac\u00e2ncia (aposentadorias e outros com aumento de despesa)<\/strong><\/td><\/tr><tr><td class=\"has-text-align-center\" data-align=\"center\">Analista Judici\u00e1rio &#8211; \u00c1rea Judici\u00e1ria<\/td><td class=\"has-text-align-center\" data-align=\"center\">21<\/td><td class=\"has-text-align-center\" data-align=\"center\">2<\/td><td class=\"has-text-align-center\" data-align=\"center\">21<\/td><\/tr><tr><td class=\"has-text-align-center\" data-align=\"center\">Analista Judici\u00e1rio &#8211; \u00c1rea Judici\u00e1ria &#8211; Especialidade Oficial de Justi\u00e7a Avaliador Federal<\/td><td class=\"has-text-align-center\" data-align=\"center\">2<\/td><td class=\"has-text-align-center\" data-align=\"center\">0<\/td><td class=\"has-text-align-center\" data-align=\"center\">2<\/td><\/tr><tr><td class=\"has-text-align-center\" data-align=\"center\">Analista Judici\u00e1rio &#8211; \u00c1rea Administrativa<\/td><td class=\"has-text-align-center\" data-align=\"center\">0<\/td><td class=\"has-text-align-center\" data-align=\"center\">0<\/td><td class=\"has-text-align-center\" data-align=\"center\">0<\/td><\/tr><tr><td class=\"has-text-align-center\" data-align=\"center\">T\u00e9cnico Judici\u00e1rio &#8211; \u00c1rea Administrativa<\/td><td class=\"has-text-align-center\" data-align=\"center\">316<\/td><td class=\"has-text-align-center\" data-align=\"center\">4<\/td><td class=\"has-text-align-center\" data-align=\"center\">312<\/td><\/tr><tr><td class=\"has-text-align-center\" data-align=\"center\">T\u00e9cnico Judici\u00e1rio &#8211; \u00c1rea Administrativa &#8211; Especialidade Agente da Pol\u00edcia Judicial<\/td><td class=\"has-text-align-center\" data-align=\"center\">1<\/td><td class=\"has-text-align-center\" data-align=\"center\">0<\/td><td class=\"has-text-align-center\" data-align=\"center\">1<\/td><\/tr><tr><td class=\"has-text-align-center\" data-align=\"center\">T\u00e9cnico Judici\u00e1rio &#8211; \u00c1rea Apoio Especializado &#8211; Especialidade Enfermagem<\/td><td class=\"has-text-align-center\" data-align=\"center\">1<\/td><td class=\"has-text-align-center\" data-align=\"center\">0<\/td><td class=\"has-text-align-center\" data-align=\"center\">&nbsp;&nbsp;&nbsp;&nbsp;&nbsp;&nbsp;&nbsp;&nbsp;&nbsp;&nbsp;&nbsp;&nbsp;1&nbsp;&nbsp;&nbsp;&nbsp;&nbsp;&nbsp;&nbsp;&nbsp;&nbsp;<\/td><\/tr><tr><td class=\"has-text-align-center\" data-align=\"center\">T\u00e9cnico Judici\u00e1rio &#8211; \u00c1rea Apoio Especializado &#8211; Especialidade Tecnologia da Informa\u00e7\u00e3o<\/td><td class=\"has-text-align-center\" data-align=\"center\">10<\/td><td class=\"has-text-align-center\" data-align=\"center\">0<\/td><td class=\"has-text-align-center\" data-align=\"center\">10<\/td><\/tr><tr><td class=\"has-text-align-center\" data-align=\"center\"><strong>TOTAL<\/strong><\/td><td class=\"has-text-align-center\" data-align=\"center\"><strong>355<\/strong><\/td><td class=\"has-text-align-center\" data-align=\"center\"><strong>4<\/strong><\/td><td class=\"has-text-align-center\" data-align=\"center\"><strong>351<\/strong><\/td><\/tr><\/tbody><\/table><figcaption class=\"wp-element-caption\">Quadro de vac\u00e2ncias por cargos no \u00f3rg\u00e3o<\/figcaption><\/figure>\n\n\n\n<h3 class=\"wp-block-heading\" id=\"remunera\u00e7\u00e3o\">Sal\u00e1rios e benef\u00edcios<\/h3>\n\n\n\n<p>De acordo com a edi\u00e7\u00e3o do dia 10 de janeiro de 2023 do Di\u00e1rio Oficial da Uni\u00e3o, fica alterada a Lei n\u00ba 11.416, de 15 de dezembro de 2006, para reajustar a remunera\u00e7\u00e3o das carreiras dos servidores dos quadros de pessoal do Poder Judici\u00e1rio da Uni\u00e3o.<\/p>\n\n\n\n<p>Conforme a publica\u00e7\u00e3o, \u201cos valores constantes dos Anexos II, III e VIII da Lei n\u00ba 11.416, de 15 de dezembro de 2006, e as demais parcelas remunerat\u00f3rias devidas \u00e0s carreiras dos servidores dos quadros de pessoal do Poder Judici\u00e1rio da Uni\u00e3o ser\u00e3o reajustados em parcelas sucessivas e cumulativas, da seguinte forma:<\/p>\n\n\n\n<p>I \u2013 6% , a partir de 1\u00ba de fevereiro de 2023;<\/p>\n\n\n\n<p>II \u2013 6% , a partir de 1\u00ba de fevereiro de 2024;<\/p>\n\n\n\n<p><strong><a href=\"https:\/\/dhg1h5j42swfq.cloudfront.net\/2024\/12\/07134331\/tabela-de-remuneracao-fevereiro-2025-1.pdf\">III \u2013 6,13% , a partir de 1\u00ba de fevereiro de 2025.<\/a><\/strong><\/p>\n\n\n\n<p>Vale lembrar que os sal\u00e1rios dos servidores dos Tribunais s\u00e3o compostos pelo vencimento b\u00e1sico + GAJ (Gratifica\u00e7\u00e3o de Atividade Judici\u00e1ria), al\u00e9m de outras gratifica\u00e7\u00f5es, como o GAE (Gratifica\u00e7\u00e3o de Atividade Externa) e GAS (Gratifica\u00e7\u00e3o de Atividade de Seguran\u00e7a), quando aplic\u00e1vel.<\/p>\n\n\n\n<p>Com a mudan\u00e7a, a estrutura remunerat\u00f3ria apresentada passa a ter os seguintes sal\u00e1rios iniciais para as carreias de&nbsp;<strong>T\u00e9cnico<\/strong>&nbsp;e&nbsp;<strong>Analista<\/strong>:<\/p>\n\n\n\n<ul class=\"wp-block-list\">\n<li><strong>Analista Judici\u00e1rio<\/strong>&nbsp;(Vencimento b\u00e1sico + GAJ)\n<ul class=\"wp-block-list\">\n<li>2025\n<ul class=\"wp-block-list\">\n<li><em>Inicial:<\/em>&nbsp;R$ 14.852,66<\/li>\n\n\n\n<li><em>Final:<\/em>&nbsp;R$ 22.301,14<\/li>\n<\/ul>\n<\/li>\n<\/ul>\n<\/li>\n\n\n\n<li><strong>T\u00e9cnico Judici\u00e1rio<\/strong>&nbsp;(Vencimento b\u00e1sico + GAJ)\n<ul class=\"wp-block-list\">\n<li>2025\n<ul class=\"wp-block-list\">\n<li><em>Inicial:<\/em>&nbsp;R$ 9.052,54<\/li>\n\n\n\n<li><em>Final:<\/em>&nbsp;R$ 13.592,33<\/li>\n<\/ul>\n<\/li>\n<\/ul>\n<\/li>\n<\/ul>\n\n\n\n<p>A partir de 2025, al\u00e9m do vencimento b\u00e1sico atualizado, os aprovados ter\u00e3o direito a benef\u00edcios como&nbsp;<strong>aux\u00edlio pr\u00e9-escolar<\/strong>&nbsp;no valor de&nbsp;<strong>R$ 1.235,77<\/strong>, e&nbsp;<strong>aux\u00edlio alimenta\u00e7\u00e3o<\/strong>&nbsp;no valor de&nbsp;<strong>R$ 1.460,90<\/strong>,&nbsp;<strong>Aux\u00edlio-Natalidade<\/strong>&nbsp;no valor de&nbsp;<strong>R$718,58<\/strong>&nbsp;e&nbsp;<strong>Aux\u00edlio-Sa\u00fade&nbsp;<\/strong>no valor de&nbsp;<strong>R$579,39.<\/strong><\/p>\n\n\n\n<h3 class=\"wp-block-heading\" id=\"requisitos\">Requisitos para ingressar no TRT RJ<\/h3>\n\n\n\n<ul class=\"wp-block-list\">\n<li><strong>Analista Judici\u00e1rio \u2013 \u00c1rea Judici\u00e1ria (C\u00f3digo A01)<\/strong>: Diploma de Gradua\u00e7\u00e3o em Direito, devidamente registrado, fornecido por institui\u00e7\u00e3o de ensino superior reconhecida pelo Minist\u00e9rio da Educa\u00e7\u00e3o.<\/li>\n\n\n\n<li><strong>Analista Judici\u00e1rio \u2013 \u00c1rea Judici\u00e1ria \u2013 Especialidade Oficial de Justi\u00e7a Avaliador Federal (C\u00f3digo B02)<\/strong>: Diploma de Gradua\u00e7\u00e3o em Direito, devidamente registrado, fornecido por institui\u00e7\u00e3o de ensino superior reconhecida pelo Minist\u00e9rio da Educa\u00e7\u00e3o.<\/li>\n\n\n\n<li><strong>Analista Judici\u00e1rio \u2013 \u00c1rea Administrativa \u2013 Especialidade Contabilidade (C\u00f3digo C03)<\/strong>: Diploma de Gradua\u00e7\u00e3o em Ci\u00eancias Cont\u00e1beis, devidamente registrado, fornecido por institui\u00e7\u00e3o de ensino superior reconhecida pelo Minist\u00e9rio da Educa\u00e7\u00e3o, e registro no respectivo \u00f3rg\u00e3o de classe.<\/li>\n\n\n\n<li><strong>Analista Judici\u00e1rio \u2013 \u00c1rea Apoio Especializado \u2013 Especialidade Arquivologia (C\u00f3digo D04)<\/strong>: Diploma de Gradua\u00e7\u00e3o em Arquivologia, devidamente registrado, fornecido por institui\u00e7\u00e3o de ensino superior reconhecida pelo Minist\u00e9rio da Educa\u00e7\u00e3o.<\/li>\n\n\n\n<li><strong>Analista Judici\u00e1rio \u2013 \u00c1rea Apoio Especializado \u2013 Especialidade Biblioteconomia (C\u00f3digo E05)<\/strong>:  Diploma de Gradua\u00e7\u00e3o em Biblioteconomia, devidamente registrado, fornecido por institui\u00e7\u00e3o de ensino superior reconhecida pelo Minist\u00e9rio da Educa\u00e7\u00e3o.<\/li>\n\n\n\n<li><strong>Analista Judici\u00e1rio \u2013 \u00c1rea Apoio Especializado \u2013 Especialidade Enfermagem do Trabalho (C\u00f3digo F06)<\/strong>: Diploma de Gradua\u00e7\u00e3o em Enfermagem, devidamente registrado, reconhecido pelo Minist\u00e9rio da Educa\u00e7\u00e3o, e P\u00f3s-Gradua\u00e7\u00e3o em Enfermagem do Trabalho, e registro no respectivo \u00f3rg\u00e3o de classe.<\/li>\n\n\n\n<li><strong>Analista Judici\u00e1rio \u2013 \u00c1rea Apoio Especializado \u2013 Especialidade Engenharia Civil (C\u00f3digo G07)<\/strong>:  Diploma de Gradua\u00e7\u00e3o em Engenharia Civil, devidamente registrado, reconhecido pelo Minist\u00e9rio da Educa\u00e7\u00e3o, e registro no respectivo \u00f3rg\u00e3o de classe.<\/li>\n\n\n\n<li><strong>Analista Judici\u00e1rio \u2013 \u00c1rea Apoio Especializado \u2013 Especialidade Engenharia El\u00e9trica (C\u00f3digo H08)<\/strong>: Diploma de Gradua\u00e7\u00e3o em Engenharia El\u00e9trica, devidamente registrado, reconhecido pelo Minist\u00e9rio da Educa\u00e7\u00e3o, e registro no respectivo \u00f3rg\u00e3o de classe.<\/li>\n\n\n\n<li><strong>Analista Judici\u00e1rio \u2013 \u00c1rea Apoio Especializado \u2013 Especialidade Engenharia Mec\u00e2nica (C\u00f3digo I09)<\/strong>: Diploma de Gradua\u00e7\u00e3o em Engenharia Mec\u00e2nica, devidamente registrado, reconhecido pelo Minist\u00e9rio da Educa\u00e7\u00e3o, e registro no respectivo \u00f3rg\u00e3o de classe.<\/li>\n\n\n\n<li><strong>Analista Judici\u00e1rio \u2013 \u00c1rea Apoio Especializado \u2013 Especialidade Estat\u00edstica (C\u00f3digo J10)<\/strong>: Diploma de Gradua\u00e7\u00e3o em Estat\u00edstica, devidamente registrado, fornecido por institui\u00e7\u00e3o de ensino superior reconhecida pelo Minist\u00e9rio da Educa\u00e7\u00e3o.<\/li>\n\n\n\n<li><strong>Analista Judici\u00e1rio \u2013 \u00c1rea Apoio Especializado \u2013 Especialidade Medicina (C\u00f3digo K11)<\/strong>: Diploma de Gradua\u00e7\u00e3o em Medicina, devidamente registrado, reconhecido pelo Minist\u00e9rio da Educa\u00e7\u00e3o, e registro no respectivo \u00f3rg\u00e3o de classe.<\/li>\n\n\n\n<li><strong>Analista Judici\u00e1rio \u2013 \u00c1rea Apoio Especializado \u2013 Especialidade Medicina (Cardiologia) (C\u00f3digo L12)<\/strong>: Diploma de Gradua\u00e7\u00e3o em Medicina, devidamente registrado, conclus\u00e3o de Programa de Resid\u00eancia M\u00e9dica em Cardiologia credenciado pela Comiss\u00e3o Nacional de Resid\u00eancia M\u00e9dica \u2013 CNRM; ou T\u00edtulo de Especialista em Cardiologia concedido pela Sociedade Brasileira de Cardiologia em conv\u00eanio com a Associa\u00e7\u00e3o M\u00e9dica Brasileira \u2013 AMB, e registro no respectivo \u00f3rg\u00e3o de classe.<\/li>\n\n\n\n<li><strong>Analista Judici\u00e1rio \u2013 \u00c1rea Apoio Especializado \u2013 Especialidade Medicina do Trabalho (C\u00f3digo M13)<\/strong>: Diploma de Gradua\u00e7\u00e3o em Medicina, conclus\u00e3o de Programa de Resid\u00eancia M\u00e9dica em Medicina do Trabalho credenciado pela Comiss\u00e3o Nacional de Resid\u00eancia M\u00e9dica \u2013 CNRM; ou T\u00edtulo de Especialista em Medicina do Trabalho concedido pela Associa\u00e7\u00e3o Nacional de Medicina do Trabalho em conv\u00eanio com a Associa\u00e7\u00e3o M\u00e9dica Brasileira \u2013 AMB, e registro no respectivo \u00f3rg\u00e3o de classe.<\/li>\n\n\n\n<li><strong>Analista Judici\u00e1rio \u2013 \u00c1rea Apoio Especializado \u2013 Especialidade Medicina (Psiquiatria) (C\u00f3digo N14)<\/strong>: Diploma de Gradua\u00e7\u00e3o em Medicina, conclus\u00e3o de Programa de Resid\u00eancia M\u00e9dica em Psiquiatria credenciado pela Comiss\u00e3o Nacional de Resid\u00eancia M\u00e9dica \u2013 CNRM; ou T\u00edtulo de Especialista em Psiquiatria concedido pela Associa\u00e7\u00e3o Brasileira de Psiquiatria em conv\u00eanio com a Associa\u00e7\u00e3o M\u00e9dica Brasileira \u2013 AMB, e registro no respectivo \u00f3rg\u00e3o de classe.<\/li>\n\n\n\n<li><strong>Analista Judici\u00e1rio \u2013 \u00c1rea Apoio Especializado \u2013 Especialidade Psicologia (C\u00f3digo O15)<\/strong>: Diploma de Gradua\u00e7\u00e3o em Psicologia, devidamente registrado, reconhecido pelo Minist\u00e9rio da Educa\u00e7\u00e3o, e registro no respectivo \u00f3rg\u00e3o de classe.<\/li>\n\n\n\n<li><strong>Analista Judici\u00e1rio \u2013 \u00c1rea Apoio Especializado \u2013 Especialidade Servi\u00e7o Social (C\u00f3digo P16)<\/strong>: Diploma de Gradua\u00e7\u00e3o em Servi\u00e7o Social, devidamente registrado, reconhecido pelo Minist\u00e9rio da Educa\u00e7\u00e3o, e registro no respectivo \u00f3rg\u00e3o de classe.<\/li>\n\n\n\n<li><strong>Analista Judici\u00e1rio \u2013 \u00c1rea Apoio Especializado \u2013 Especialidade Tecnologia da Informa\u00e7\u00e3o (C\u00f3digo Q17)<\/strong>: Diploma de curso de ensino superior, inclusive Tecn\u00f3logo, na \u00e1rea de Inform\u00e1tica ou de qualquer outro curso de ensino superior, acrescido de curso de P\u00f3s-Gradua\u00e7\u00e3o em Inform\u00e1tica, devidamente registrados e fornecidos por Institui\u00e7\u00e3o de Ensino Superior reconhecida pelo Minist\u00e9rio da Educa\u00e7\u00e3o.<\/li>\n\n\n\n<li><strong>T\u00e9cnico Judici\u00e1rio \u2013 \u00c1rea Administrativa (C\u00f3digo R18)<\/strong>: Diploma de curso superior, inclusive Licenciatura Plena e Tecn\u00f3logo, em qualquer \u00e1rea de forma\u00e7\u00e3o, devidamente registrado, fornecido por Institui\u00e7\u00e3o de Ensino Superior reconhecida pelo Minist\u00e9rio da Educa\u00e7\u00e3o.<\/li>\n\n\n\n<li><strong>T\u00e9cnico Judici\u00e1rio \u2013 \u00c1rea Administrativa \u2013 Agente da Pol\u00edcia Judicial (C\u00f3digo S19)<\/strong>: Diploma de curso superior, inclusive Licenciatura Plena e Tecn\u00f3logo, em qualquer \u00e1rea de forma\u00e7\u00e3o, devidamente registrado, fornecido por Institui\u00e7\u00e3o de Ensino Superior reconhecida pelo Minist\u00e9rio da Educa\u00e7\u00e3o, e carteira nacional de habilita\u00e7\u00e3o categoria \u201cB\u201d ou superior.<\/li>\n\n\n\n<li><strong>T\u00e9cnico Judici\u00e1rio \u2013 \u00c1rea Apoio Especializado \u2013 Especialidade Enfermagem do Trabalho (C\u00f3digo T20)<\/strong>: Diploma de curso superior e de curso t\u00e9cnico de enfermagem do trabalho, devidamente registrados, fornecidos por institui\u00e7\u00f5es de ensino reconhecidas pelo Minist\u00e9rio da Educa\u00e7\u00e3o, e registro no respectivo \u00f3rg\u00e3o de classe.<\/li>\n\n\n\n<li><strong>T\u00e9cnico Judici\u00e1rio \u2013 \u00c1rea Apoio Especializado \u2013 Especialidade Tecnologia da Informa\u00e7\u00e3o (C\u00f3digo U21)<\/strong>: Diploma de curso superior, inclusive Tecn\u00f3logo, acrescido de um curso de programa\u00e7\u00e3o que tenha, no m\u00ednimo, 120 (cento e vinte) horas\/aula, ou certificado de conclus\u00e3o de curso t\u00e9cnico na \u00e1rea de inform\u00e1tica, devidamente registrados e expedidos por Institui\u00e7\u00e3o de Ensino reconhecida pelo Minist\u00e9rio da Educa\u00e7\u00e3o.<\/li>\n<\/ul>\n\n\n\n<h2 class=\"wp-block-heading\" id=\"ultimo\">\u00daltimo concurso TRT RJ<\/h2>\n\n\n\n<p>O \u00faltimo concurso do TRT RJ foi realizado em <strong>2018<\/strong> sob organiza\u00e7\u00e3o do Instituto AOCP. Na ocasi\u00e3o, foram ofertadas <strong>13 vagas mais cadastro de reserva<\/strong> para os cargos de Analista Judici\u00e1rio e T\u00e9cnico Judici\u00e1rio.<\/p>\n\n\n\n<p>Vale ressaltar que, ap\u00f3s as suspens\u00f5es do prazo de validade em virtude da pandemia, o Tribunal divulgou o novo prazo dos editais: <\/p>\n\n\n\n<figure class=\"wp-block-image aligncenter size-full\"><img loading=\"lazy\" decoding=\"async\" width=\"652\" height=\"418\" src=\"https:\/\/dhg1h5j42swfq.cloudfront.net\/2024\/02\/28152611\/image-762.png\" alt=\"Prazos de validade dos editais do TRT RJ em virtude da pandemia\" class=\"wp-image-1360699\" srcset=\"https:\/\/dhg1h5j42swfq.cloudfront.net\/2024\/02\/28152611\/image-762.png 652w, https:\/\/dhg1h5j42swfq.cloudfront.net\/2024\/02\/28152611\/image-762-300x192.png 300w, https:\/\/dhg1h5j42swfq.cloudfront.net\/2024\/02\/28152611\/image-762-610x391.png 610w, https:\/\/dhg1h5j42swfq.cloudfront.net\/2024\/02\/28152611\/image-762-150x96.png 150w\" sizes=\"auto, (max-width: 652px) 100vw, 652px\" \/><figcaption class=\"wp-element-caption\">Prazos de validade dos editais<\/figcaption><\/figure>\n\n\n\n<p><strong>T\u00e9cnico Judici\u00e1rio<\/strong>:<\/p>\n\n\n\n<ul class=\"wp-block-list\">\n<li>\u00c1rea Administrativa: 7 vagas<\/li>\n\n\n\n<li>\u00c1rea Administrativa \u2013 Seguran\u00e7a: 1 vaga<\/li>\n\n\n\n<li>\u00c1rea Apoio Especializado &#8211; Enfermagem &#8211; 1 vaga<\/li>\n<\/ul>\n\n\n\n<p><strong>Analista Judici\u00e1rio:<\/strong><\/p>\n\n\n\n<ul class=\"wp-block-list\">\n<li>\u00c1rea Administrativa: 1 vaga<\/li>\n\n\n\n<li>\u00c1rea Judici\u00e1ria: 2 vagas<\/li>\n\n\n\n<li>\u00c1rea Judici\u00e1ria \u2013 Oficial de Justi\u00e7a Avaliador Federal: 1 vaga<\/li>\n\n\n\n<li>\u00c1rea Apoio Especializado \u2013 Engenharia Civil: CR<\/li>\n\n\n\n<li>\u00c1rea Apoio Especializado \u2013 Engenharia El\u00e9trica: CR<\/li>\n\n\n\n<li>\u00c1rea Apoio Especializado \u2013 Engenharia Mec\u00e2nica: CR<\/li>\n\n\n\n<li>\u00c1rea Apoio Especializado \u2013 Psicologia: CR<\/li>\n<\/ul>\n\n\n\n<h2 class=\"wp-block-heading\" id=\"h-etapas-do-ultimo-concurso-trt-rj\">Etapas do \u00faltimo concurso TRT RJ<\/h2>\n\n\n\n<p>O concurso foi regido sob duas etapas, sendo uma <strong>Prova Objetiva<\/strong> e uma <strong>Discursiva<\/strong>. O cargo de T\u00e9cnico Judici\u00e1rio \u2013 Especialidade Seguran\u00e7a contou ainda com uma <strong>Prova de Aptid\u00e3o F\u00edsica<\/strong>. <\/p>\n\n\n\n<p><strong>T\u00e9cnico Judici\u00e1rio &#8211; \u00c1rea Administrativa<\/strong>:<\/p>\n\n\n\n<ul class=\"wp-block-list\">\n<li>L\u00edngua Portuguesa &#8211; 15 quest\u00f5es (peso 2) <\/li>\n\n\n\n<li>Legisla\u00e7\u00e3o &#8211; 5 quest\u00f5es (peso 1) <\/li>\n\n\n\n<li>No\u00e7\u00f5es sobre Direitos das Pessoas com Defici\u00eancia &#8211; 5 quest\u00f5es (peso 1)<\/li>\n\n\n\n<li>No\u00e7\u00f5es de Inform\u00e1tica &#8211; 5 quest\u00f5es (peso 1) <\/li>\n\n\n\n<li>Conhecimentos Espec\u00edficos &#8211; 30 quest\u00f5es (peso 3)<\/li>\n<\/ul>\n\n\n\n<p><strong>T\u00e9cnico Judici\u00e1rio &#8211; Enfermagem<\/strong>:<\/p>\n\n\n\n<ul class=\"wp-block-list\">\n<li>L\u00edngua Portuguesa &#8211; 10 quest\u00f5es (peso 2) <\/li>\n\n\n\n<li>Legisla\u00e7\u00e3o &#8211; 10 quest\u00f5es (peso 1) <\/li>\n\n\n\n<li>No\u00e7\u00f5es sobre Direitos das Pessoas com Defici\u00eancia &#8211; 5 quest\u00f5es (peso 1) <\/li>\n\n\n\n<li>No\u00e7\u00f5es de Inform\u00e1tica &#8211; 5 quest\u00f5es (peso 1) <\/li>\n\n\n\n<li>Conhecimentos Espec\u00edficos &#8211; 30 quest\u00f5es (peso 3)<\/li>\n<\/ul>\n\n\n\n<p><strong>T\u00e9cnico Judici\u00e1rio &#8211; Seguran\u00e7a<\/strong>:<\/p>\n\n\n\n<ul class=\"wp-block-list\">\n<li>L\u00edngua Portuguesa &#8211; 10 quest\u00f5es (peso 2) <\/li>\n\n\n\n<li>Legisla\u00e7\u00e3o &#8211; 10 quest\u00f5es (peso 1) <\/li>\n\n\n\n<li>No\u00e7\u00f5es sobre Direitos das Pessoas com Defici\u00eancia &#8211; 5 quest\u00f5es (peso 1) <\/li>\n\n\n\n<li>No\u00e7\u00f5es de Inform\u00e1tica &#8211; 5 quest\u00f5es (peso 1) <\/li>\n\n\n\n<li>Conhecimentos Espec\u00edficos &#8211; 30 quest\u00f5es (peso 3)<\/li>\n<\/ul>\n\n\n\n<p><strong>Analista Judici\u00e1rio &#8211; \u00c1rea Administrativa; \u00c1rea Judici\u00e1ria e Oficial de Justi\u00e7a Avaliador Federal<\/strong>:<\/p>\n\n\n\n<ul class=\"wp-block-list\">\n<li>L\u00edngua Portuguesa &#8211; 15 quest\u00f5es (peso 2) <\/li>\n\n\n\n<li>Legisla\u00e7\u00e3o &#8211; 5 quest\u00f5es (peso 1) <\/li>\n\n\n\n<li>No\u00e7\u00f5es sobre Direitos das Pessoas com Defici\u00eancia &#8211; 5 quest\u00f5es (peso 1) <\/li>\n\n\n\n<li>No\u00e7\u00f5es de Inform\u00e1tica &#8211; 5 quest\u00f5es (peso 1) <\/li>\n\n\n\n<li>Conhecimentos Espec\u00edficos &#8211; 30 quest\u00f5es (peso 3)<\/li>\n<\/ul>\n\n\n\n<p><strong>Analista Judici\u00e1rio &#8211; Engenharia Civil; Engenharia El\u00e9trica; Engenharia Mec\u00e2nica e Psicologia<\/strong>:<\/p>\n\n\n\n<ul class=\"wp-block-list\">\n<li>L\u00edngua Portuguesa &#8211; 10 quest\u00f5es (peso 2) <\/li>\n\n\n\n<li>Legisla\u00e7\u00e3o &#8211; 10 quest\u00f5es (peso 1) <\/li>\n\n\n\n<li>No\u00e7\u00f5es sobre Direitos das Pessoas com Defici\u00eancia &#8211; 5 quest\u00f5es (peso 1) <\/li>\n\n\n\n<li>No\u00e7\u00f5es de Inform\u00e1tica &#8211; 5 quest\u00f5es (peso 1) <\/li>\n\n\n\n<li>Conhecimentos Espec\u00edficos &#8211; 30 quest\u00f5es (peso 3)<\/li>\n<\/ul>\n\n\n\n<p>As provas foram realizadas nas cidades de Barra Mansa, Duque de Caxias, Maca\u00e9, Niter\u00f3i, Nova Igua\u00e7u, Rio de Janeiro, S\u00e3o Gon\u00e7alo e Volta Redonda.<\/p>\n\n\n\n<h3 class=\"wp-block-heading\">Teste de Aptid\u00e3o F\u00edsica <\/h3>\n\n\n\n<p>A Prova de Aptid\u00e3o F\u00edsica foi realizada <strong>somente para o cargo de T\u00e9cnico Judici\u00e1rio &#8211; \u00c1rea Administrativa \u2013 Especialidade Seguran\u00e7a<\/strong>. Para as vagas em ampla concorr\u00eancia, foram convocados os candidatos at\u00e9 a 160\u00aa posi\u00e7\u00e3o. J\u00e1 para pessoas pretas ou pardas, at\u00e9 a 40\u00aa posi\u00e7\u00e3o.<\/p>\n\n\n\n<ul class=\"wp-block-list\">\n<li><strong>Teste de Flexo &#8211; Extens\u00e3o de cotovelos em suspens\u00e3o na barra fixa<\/strong> (somente para candidatos do sexo masculino);<\/li>\n\n\n\n<li><strong>Teste de Flexo &#8211; Extens\u00e3o de cotovelos sobre o solo em apoio no banco<\/strong> (somente para candidatas do sexo feminino);<\/li>\n\n\n\n<li><strong>Teste Abdominal<\/strong> (para ambos os sexos);<\/li>\n\n\n\n<li><strong>Teste de Corrida de 12 minutos<\/strong> (para ambos os sexos).<\/li>\n<\/ul>\n\n\n\n<h3 class=\"wp-block-heading\">Convoca\u00e7\u00f5es<\/h3>\n\n\n\n<p>Segundo a \u00faltima atualiza\u00e7\u00e3o dispon\u00edvel no Portal do TRT RJ, <strong>at\u00e9 fevereiro de 2024<\/strong>, foram convocados diversos candidatos, conforme revela o documento abaixo:<\/p>\n\n\n\n<ul class=\"wp-block-list\">\n<li><a href=\"https:\/\/dhg1h5j42swfq.cloudfront.net\/2024\/02\/28153424\/quadro-de-convocacoes-20-02-2024.pdf\" target=\"_blank\" rel=\"noreferrer noopener nofollow\">Nomea\u00e7\u00f5es<\/a>.<\/li>\n<\/ul>\n\n\n\n<h3 class=\"wp-block-heading\" id=\"nomea\u00e7\u00e3o\">Nomea\u00e7\u00f5es<\/h3>\n\n\n\n<p><span style=\"color: #000000;\">Apesar do baixo quantitativo de vagas no \u00faltimo edital, quando foram ofertadas 13 vagas, <\/span>foram nomeados 443 aprovados.<\/p>\n\n\n\n<p>De acordo com a Secretaria de Gest\u00e3o de Pessoas ainda constam quase 2 mil aprovados no cadastro de reserva e eles poder\u00e3o ser chamados at\u00e9 agosto de 2025. <\/p>\n\n\n\n<h3 class=\"wp-block-heading\" id=\"simulado\">Simulado TRT RJ<\/h3>\n\n\n\n<p>Se voc\u00ea j\u00e1 est\u00e1 se preparando para o pr\u00f3ximo concurso do Tribunal Regional do Trabalho do Rio de Janeiro, j\u00e1 pode ir treinando com os nossos materiais gratuitos. Fa\u00e7a o download do PDF do simulado e logo depois, confira a corre\u00e7\u00e3o que nossos professores realizaram no canal do Estrat\u00e9gia no Youtube.<\/p>\n\n\n\n<p class=\"has-text-align-center has-very-light-gray-background-color has-background\"><span style=\"font-size: 18pt;\"><a href=\"https:\/\/dhg1h5j42swfq.cloudfront.net\/2018\/04\/13174230\/Simulado-TRT-RJ-EC.pdf\" target=\"_blank\" rel=\"noopener noreferrer\"><span style=\"text-decoration: underline;\">Caderno de quest\u00f5es Simulado TRT-RJ<\/span><\/a><\/span><br \/><br \/><a href=\"https:\/\/youtu.be\/5-I6iZzcEbk?t=3m5s\" target=\"_blank\" rel=\"noopener noreferrer\"><span style=\"font-size: 18pt;\">Corre\u00e7\u00e3o do Simulado TRT-RJ<\/span><\/a><\/p>\n\n\n\n<hr class=\"wp-block-separator has-alpha-channel-opacity\"\/>\n\n\n\n<h2 class=\"wp-block-heading has-text-align-center\" id=\"h-quer-saber-tudo-sobre-concursos-previstos-confira-nossos-artigos\">Quer saber tudo sobre concursos previstos?<br \/>Confira nossos artigos!<\/h2>\n\n\n\n<ul class=\"wp-block-list\">\n<li><a href=\"https:\/\/www.estrategiaconcursos.com.br\/blog\/concursos-abertos\/\" target=\"_blank\" rel=\"noreferrer noopener\">Concursos abertos<\/a><\/li>\n\n\n\n<li><a href=\"https:\/\/www.estrategiaconcursos.com.br\/blog\/concursos-tribunais\/\">Concursos tribunais<\/a><\/li>\n\n\n\n<li><a href=\"https:\/\/www.estrategiaconcursos.com.br\/blog\/concursos-trt\/\">Concursos TRT<\/a><\/li>\n\n\n\n<li><a href=\"https:\/\/www.estrategiaconcursos.com.br\/blog\/concursos-2026\/\">Concursos 2026<\/a><\/li>\n<\/ul>\n\n\n\n<h2 class=\"wp-block-heading has-text-align-center\" id=\"h-quer-estudar-para-concurso-trt-rj\"><em>Quer estudar para Concurso TRT RJ?<\/em><\/h2>\n\n\n\n<p class=\"has-text-align-center\" id=\"CURSOS\"><em><strong>Gostou desta oportunidade e deseja come\u00e7ar se preparar agora mesmo? Ent\u00e3o, confira os nossos cursos e comece a estudar para TRT RJ:<\/strong><\/em><\/p>\n\n\n\n<div class=\"container\" id=\"boxes\">\n  <div class=\"row\">\n\n    <div class=\"col-sm\">\n      <div class=\"banner-tribunal\" id=\"box-assinatura\">\n        <h3 class=\"titulo-assinatura\">Curso TRT RJ<\/h3>\n        <p class=\"subtitulo-assinatura\">Conhe\u00e7a os cursos<\/p>\n        <div class=\"box-botao\">\n          <a class=\"btn-assinatura\" target=\"_blank\" href=\"https:\/\/www.estrategiaconcursos.com.br\/cursosPorConcurso\/trts-cursos-regulares-62\/\" role=\"button\" rel=\"noopener noreferrer\">Conhe\u00e7a mais<\/a>\n        <\/div>\n      <\/div>\n      <p class=\"texto-auxiliar\">Prepare-se com o melhor material e com quem mais aprova em Concursos P\u00fablicos em todo o pa\u00eds.<\/p>\n    <\/div>\n\n  <\/div>\n<\/div>\n\n\n\n<div class=\"container\" id=\"boxes\">\n  <div class=\"row\">\n\n    <div class=\"col-sm\">\n      <div class=\"estrategia\" id=\"box-assinatura\">\n        <h3 class=\"titulo-assinatura\">Assinatura Concursos<\/h3>\n        <p class=\"subtitulo-assinatura\">Assinatura de 1 ano ou 2 anos<\/p>\n        <div class=\"box-botao\">\n          <a class=\"btn-assinatura\" target=\"_blank\" href=\"https:\/\/www.estrategiaconcursos.com.br\/assinaturas\/\" role=\"button\" rel=\"noopener noreferrer\">ASSINE AGORA<\/a>\n        <\/div>\n      <\/div>\n     \n    <\/div><\/div><\/div>\n\n\n\n<figure class=\"wp-block-image size-large is-resized\"><img loading=\"lazy\" decoding=\"async\" width=\"1024\" height=\"632\" src=\"https:\/\/dhg1h5j42swfq.cloudfront.net\/2021\/04\/06120036\/ficha-tecnica-80-1024x632.png\" alt=\"Ficha t\u00e9cnica concurso TRT RJ\" class=\"wp-image-708430\" style=\"aspect-ratio:1.6164383561643836;width:221px;height:auto\" srcset=\"https:\/\/dhg1h5j42swfq.cloudfront.net\/2021\/04\/06120036\/ficha-tecnica-80-1024x632.png 1024w, https:\/\/dhg1h5j42swfq.cloudfront.net\/2021\/04\/06120036\/ficha-tecnica-80-300x185.png 300w, https:\/\/dhg1h5j42swfq.cloudfront.net\/2021\/04\/06120036\/ficha-tecnica-80-768x474.png 768w, https:\/\/dhg1h5j42swfq.cloudfront.net\/2021\/04\/06120036\/ficha-tecnica-80-1536x948.png 1536w, https:\/\/dhg1h5j42swfq.cloudfront.net\/2021\/04\/06120036\/ficha-tecnica-80-610x377.png 610w, https:\/\/dhg1h5j42swfq.cloudfront.net\/2021\/04\/06120036\/ficha-tecnica-80.png 1571w\" sizes=\"auto, (max-width: 1024px) 100vw, 1024px\" \/><\/figure>\n\n\n\n<p id=\"FICHA\"><strong>Informa\u00e7\u00f5es do edital TRT RJ<\/strong><\/p>\n\n\n\n<ul class=\"wp-block-list\">\n<li><strong>Provas<\/strong>:<s> 25\/05\/2025<\/s><\/li>\n\n\n\n<li><strong>Vagas<\/strong>: CR<\/li>\n\n\n\n<li><strong>Cargos<\/strong>: Analista e T\u00e9cnico<\/li>\n\n\n\n<li><strong>Banca<\/strong>: FCC<\/li>\n\n\n\n<li><strong>Escolaridade<\/strong>: Superior<\/li>\n\n\n\n<li><strong>Edital<\/strong>: <a href=\"https:\/\/www.in.gov.br\/web\/dou\/-\/edital-n-1\/2025-612284174\" target=\"_blank\" rel=\"noreferrer noopener\">TRT RJ 2025<\/a> \/ <a href=\"https:\/\/dhg1h5j42swfq.cloudfront.net\/2025\/06\/17064706\/cronograma-concurso-trt-rj.pdf\" target=\"_blank\" rel=\"noreferrer noopener\">Cronograma<\/a> \/ <a href=\"https:\/\/www.concursosfcc.com.br\/rybena\/web\/index.html?file=https:\/\/www.concursosfcc.com.br\/concursos\/trt1r124\/trt1r124_edital_n0_08_2025_retificacao.pdf\" target=\"_blank\" rel=\"noreferrer noopener\">Retifica\u00e7\u00e3o<\/a><\/li>\n<\/ul>\n","protected":false},"excerpt":{"rendered":"<p>Concurso TRT RJ ofertou vagas em CR para Analista e T\u00e9cnico com remunera\u00e7\u00e3o inicial de R$17 mil. Confira os aprovados! O&nbsp;Tribunal Regional do Trabalho da 1\u00aa regi\u00e3o lan\u00e7ou o concurso TRT RJ que ofertou vagas para&nbsp;cadastro de reserva&nbsp;nos cargos de&nbsp;Analista e T\u00e9cnico Judici\u00e1rio. Os candidatos devem possuir&nbsp;n\u00edvel superior, e os sal\u00e1rios iniciais variam entre&nbsp;R$ 9.052,51 [&hellip;]<\/p>\n","protected":false},"author":1,"featured_media":1385455,"comment_status":"open","ping_status":"open","sticky":false,"template":"","format":"standard","meta":{"post_tipo":"news_page","footnotes":""},"categories":[1984,220737],"tags":[2530],"tax_estado":[219982],"class_list":["post-68643","post","type-post","status-publish","format-standard","has-post-thumbnail","hentry","category-tribunais","category-tribunais-tribunais","tag-concurso-trt-rj","tax_estado-rj"],"acf":[],"yoast_head":"<!-- This site is optimized with the Yoast SEO Premium plugin v27.2 (Yoast SEO v27.2) - https:\/\/yoast.com\/product\/yoast-seo-premium-wordpress\/ -->\n<title>Concurso TRT RJ: resultado HOMOLOGADO; saiba mais!<\/title>\n<meta name=\"description\" content=\"Concurso TRT RJ ofertou vagas em CR para Analista e T\u00e9cnico com remunera\u00e7\u00e3o inicial de R$17 mil. Confira os aprovados!\" \/>\n<meta name=\"robots\" content=\"index, follow, max-snippet:-1, max-image-preview:large, max-video-preview:-1\" \/>\n<link rel=\"canonical\" href=\"https:\/\/www.estrategiaconcursos.com.br\/blog\/concurso-trt-rj\/\" \/>\n<meta property=\"og:locale\" content=\"pt_BR\" \/>\n<meta property=\"og:type\" content=\"article\" \/>\n<meta property=\"og:title\" content=\"Concurso TRT RJ: resultado HOMOLOGADO; saiba mais!\" \/>\n<meta property=\"og:description\" content=\"Concurso TRT RJ ofertou vagas em CR para Analista e T\u00e9cnico com remunera\u00e7\u00e3o inicial de R$17 mil. Confira os aprovados!\" \/>\n<meta property=\"og:url\" content=\"https:\/\/www.estrategiaconcursos.com.br\/blog\/concurso-trt-rj\/\" \/>\n<meta property=\"og:site_name\" content=\"Estrat\u00e9gia Concursos\" \/>\n<meta property=\"article:author\" content=\"https:\/\/www.facebook.com\/EstrategiaConcursos\" \/>\n<meta property=\"article:published_time\" content=\"2026-03-23T21:18:20+00:00\" \/>\n<meta property=\"article:modified_time\" content=\"2026-03-23T21:18:23+00:00\" \/>\n<meta property=\"og:image\" content=\"https:\/\/dhg1h5j42swfq.cloudfront.net\/2024\/04\/17011500\/1000000064.jpg\" \/>\n\t<meta property=\"og:image:width\" content=\"768\" \/>\n\t<meta property=\"og:image:height\" content=\"432\" \/>\n\t<meta property=\"og:image:type\" content=\"image\/jpeg\" \/>\n<meta name=\"author\" content=\"Coordena\u00e7\u00e3o\" \/>\n<meta name=\"twitter:card\" content=\"summary_large_image\" \/>\n<meta name=\"twitter:creator\" content=\"@EstratConcursos\" \/>\n<meta name=\"twitter:site\" content=\"@EstratConcursos\" \/>\n<meta name=\"twitter:label1\" content=\"Escrito por\" \/>\n\t<meta name=\"twitter:data1\" content=\"Coordena\u00e7\u00e3o\" \/>\n\t<meta name=\"twitter:label2\" content=\"Est. tempo de leitura\" \/>\n\t<meta name=\"twitter:data2\" content=\"8 minutos\" \/>\n<script type=\"application\/ld+json\" class=\"yoast-schema-graph\">{\"@context\":\"https:\/\/schema.org\",\"@graph\":[{\"@type\":\"NewsArticle\",\"@id\":\"https:\/\/www.estrategiaconcursos.com.br\/blog\/concurso-trt-rj\/#article\",\"isPartOf\":{\"@id\":\"https:\/\/www.estrategiaconcursos.com.br\/blog\/concurso-trt-rj\/\"},\"author\":{\"name\":\"Coordena\u00e7\u00e3o\",\"@id\":\"https:\/\/www.estrategiaconcursos.com.br\/blog\/#\/schema\/person\/b4a388c97673c5f483d72185668afa1f\"},\"headline\":\"Concurso TRT RJ: resultado HOMOLOGADO; saiba mais!\",\"datePublished\":\"2026-03-23T21:18:20+00:00\",\"dateModified\":\"2026-03-23T21:18:23+00:00\",\"mainEntityOfPage\":{\"@id\":\"https:\/\/www.estrategiaconcursos.com.br\/blog\/concurso-trt-rj\/\"},\"wordCount\":3816,\"commentCount\":87,\"publisher\":{\"@id\":\"https:\/\/www.estrategiaconcursos.com.br\/blog\/#organization\"},\"image\":{\"@id\":\"https:\/\/www.estrategiaconcursos.com.br\/blog\/concurso-trt-rj\/#primaryimage\"},\"thumbnailUrl\":\"https:\/\/dhg1h5j42swfq.cloudfront.net\/2024\/04\/17011500\/1000000064.jpg\",\"keywords\":[\"concurso trt rj\"],\"articleSection\":[\"Tribunais\",\"Tribunais\"],\"inLanguage\":\"pt-BR\",\"potentialAction\":[{\"@type\":\"CommentAction\",\"name\":\"Comment\",\"target\":[\"https:\/\/www.estrategiaconcursos.com.br\/blog\/concurso-trt-rj\/#respond\"]}],\"copyrightYear\":\"2026\",\"copyrightHolder\":{\"@id\":\"https:\/\/www.estrategiaconcursos.com.br\/blog\/#organization\"}},{\"@type\":\"WebPage\",\"@id\":\"https:\/\/www.estrategiaconcursos.com.br\/blog\/concurso-trt-rj\/\",\"url\":\"https:\/\/www.estrategiaconcursos.com.br\/blog\/concurso-trt-rj\/\",\"name\":\"Concurso TRT RJ: resultado HOMOLOGADO; saiba mais!\",\"isPartOf\":{\"@id\":\"https:\/\/www.estrategiaconcursos.com.br\/blog\/#website\"},\"primaryImageOfPage\":{\"@id\":\"https:\/\/www.estrategiaconcursos.com.br\/blog\/concurso-trt-rj\/#primaryimage\"},\"image\":{\"@id\":\"https:\/\/www.estrategiaconcursos.com.br\/blog\/concurso-trt-rj\/#primaryimage\"},\"thumbnailUrl\":\"https:\/\/dhg1h5j42swfq.cloudfront.net\/2024\/04\/17011500\/1000000064.jpg\",\"datePublished\":\"2026-03-23T21:18:20+00:00\",\"dateModified\":\"2026-03-23T21:18:23+00:00\",\"description\":\"Concurso TRT RJ ofertou vagas em CR para Analista e T\u00e9cnico com remunera\u00e7\u00e3o inicial de R$17 mil. Confira os aprovados!\",\"breadcrumb\":{\"@id\":\"https:\/\/www.estrategiaconcursos.com.br\/blog\/concurso-trt-rj\/#breadcrumb\"},\"inLanguage\":\"pt-BR\",\"potentialAction\":[{\"@type\":\"ReadAction\",\"target\":[\"https:\/\/www.estrategiaconcursos.com.br\/blog\/concurso-trt-rj\/\"]}]},{\"@type\":\"ImageObject\",\"inLanguage\":\"pt-BR\",\"@id\":\"https:\/\/www.estrategiaconcursos.com.br\/blog\/concurso-trt-rj\/#primaryimage\",\"url\":\"https:\/\/dhg1h5j42swfq.cloudfront.net\/2024\/04\/17011500\/1000000064.jpg\",\"contentUrl\":\"https:\/\/dhg1h5j42swfq.cloudfront.net\/2024\/04\/17011500\/1000000064.jpg\",\"width\":768,\"height\":432,\"caption\":\"in\u00e9ditas do concurso TRT RJ\"},{\"@type\":\"BreadcrumbList\",\"@id\":\"https:\/\/www.estrategiaconcursos.com.br\/blog\/concurso-trt-rj\/#breadcrumb\",\"itemListElement\":[{\"@type\":\"ListItem\",\"position\":1,\"name\":\"In\u00edcio\",\"item\":\"https:\/\/www.estrategiaconcursos.com.br\/blog\/\"},{\"@type\":\"ListItem\",\"position\":2,\"name\":\"Concurso TRT RJ: resultado HOMOLOGADO; saiba mais!\"}]},{\"@type\":\"WebSite\",\"@id\":\"https:\/\/www.estrategiaconcursos.com.br\/blog\/#website\",\"url\":\"https:\/\/www.estrategiaconcursos.com.br\/blog\/\",\"name\":\"Estrat\u00e9gia Concursos\",\"description\":\"O blog da Estrat\u00e9gia Concursos traz not\u00edcias sobre concursos e artigos de professores oferecendo cursos para concursos (pdf + videaulas) no site.\",\"publisher\":{\"@id\":\"https:\/\/www.estrategiaconcursos.com.br\/blog\/#organization\"},\"potentialAction\":[{\"@type\":\"SearchAction\",\"target\":{\"@type\":\"EntryPoint\",\"urlTemplate\":\"https:\/\/www.estrategiaconcursos.com.br\/blog\/?s={search_term_string}\"},\"query-input\":{\"@type\":\"PropertyValueSpecification\",\"valueRequired\":true,\"valueName\":\"search_term_string\"}}],\"inLanguage\":\"pt-BR\"},{\"@type\":\"Organization\",\"@id\":\"https:\/\/www.estrategiaconcursos.com.br\/blog\/#organization\",\"name\":\"Estrat\u00e9gia Concursos\",\"url\":\"https:\/\/www.estrategiaconcursos.com.br\/blog\/\",\"logo\":{\"@type\":\"ImageObject\",\"inLanguage\":\"pt-BR\",\"@id\":\"https:\/\/www.estrategiaconcursos.com.br\/blog\/#\/schema\/logo\/image\/\",\"url\":\"https:\/\/dhg1h5j42swfq.cloudfront.net\/2025\/06\/03203428\/logo_concursos-1.jpg\",\"contentUrl\":\"https:\/\/dhg1h5j42swfq.cloudfront.net\/2025\/06\/03203428\/logo_concursos-1.jpg\",\"width\":230,\"height\":60,\"caption\":\"Estrat\u00e9gia Concursos\"},\"image\":{\"@id\":\"https:\/\/www.estrategiaconcursos.com.br\/blog\/#\/schema\/logo\/image\/\"},\"sameAs\":[\"https:\/\/x.com\/EstratConcursos\"]},{\"@type\":\"Person\",\"@id\":\"https:\/\/www.estrategiaconcursos.com.br\/blog\/#\/schema\/person\/b4a388c97673c5f483d72185668afa1f\",\"name\":\"Coordena\u00e7\u00e3o\",\"image\":{\"@type\":\"ImageObject\",\"inLanguage\":\"pt-BR\",\"@id\":\"https:\/\/secure.gravatar.com\/avatar\/b720319e4c9a967eb58678d110f4fe35452fc5d5f97b202bac7b8acceb18c6ad?s=96&d=mm&r=g\",\"url\":\"https:\/\/secure.gravatar.com\/avatar\/b720319e4c9a967eb58678d110f4fe35452fc5d5f97b202bac7b8acceb18c6ad?s=96&d=mm&r=g\",\"contentUrl\":\"https:\/\/secure.gravatar.com\/avatar\/b720319e4c9a967eb58678d110f4fe35452fc5d5f97b202bac7b8acceb18c6ad?s=96&d=mm&r=g\",\"caption\":\"Coordena\u00e7\u00e3o\"},\"sameAs\":[\"https:\/\/www.facebook.com\/EstrategiaConcursos\",\"https:\/\/x.com\/EstratConcursos\"],\"url\":\"https:\/\/www.estrategiaconcursos.com.br\/blog\/author\/estrategia2013\/\"}]}<\/script>\n<!-- \/ Yoast SEO Premium plugin. -->","yoast_head_json":{"title":"Concurso TRT RJ: resultado HOMOLOGADO; saiba mais!","description":"Concurso TRT RJ ofertou vagas em CR para Analista e T\u00e9cnico com remunera\u00e7\u00e3o inicial de R$17 mil. Confira os aprovados!","robots":{"index":"index","follow":"follow","max-snippet":"max-snippet:-1","max-image-preview":"max-image-preview:large","max-video-preview":"max-video-preview:-1"},"canonical":"https:\/\/www.estrategiaconcursos.com.br\/blog\/concurso-trt-rj\/","og_locale":"pt_BR","og_type":"article","og_title":"Concurso TRT RJ: resultado HOMOLOGADO; saiba mais!","og_description":"Concurso TRT RJ ofertou vagas em CR para Analista e T\u00e9cnico com remunera\u00e7\u00e3o inicial de R$17 mil. Confira os aprovados!","og_url":"https:\/\/www.estrategiaconcursos.com.br\/blog\/concurso-trt-rj\/","og_site_name":"Estrat\u00e9gia Concursos","article_author":"https:\/\/www.facebook.com\/EstrategiaConcursos","article_published_time":"2026-03-23T21:18:20+00:00","article_modified_time":"2026-03-23T21:18:23+00:00","og_image":[{"width":768,"height":432,"url":"https:\/\/dhg1h5j42swfq.cloudfront.net\/2024\/04\/17011500\/1000000064.jpg","type":"image\/jpeg"}],"author":"Coordena\u00e7\u00e3o","twitter_card":"summary_large_image","twitter_creator":"@EstratConcursos","twitter_site":"@EstratConcursos","twitter_misc":{"Escrito por":"Coordena\u00e7\u00e3o","Est. tempo de leitura":"8 minutos"},"schema":{"@context":"https:\/\/schema.org","@graph":[{"@type":"NewsArticle","@id":"https:\/\/www.estrategiaconcursos.com.br\/blog\/concurso-trt-rj\/#article","isPartOf":{"@id":"https:\/\/www.estrategiaconcursos.com.br\/blog\/concurso-trt-rj\/"},"author":{"name":"Coordena\u00e7\u00e3o","@id":"https:\/\/www.estrategiaconcursos.com.br\/blog\/#\/schema\/person\/b4a388c97673c5f483d72185668afa1f"},"headline":"Concurso TRT RJ: resultado HOMOLOGADO; saiba mais!","datePublished":"2026-03-23T21:18:20+00:00","dateModified":"2026-03-23T21:18:23+00:00","mainEntityOfPage":{"@id":"https:\/\/www.estrategiaconcursos.com.br\/blog\/concurso-trt-rj\/"},"wordCount":3816,"commentCount":87,"publisher":{"@id":"https:\/\/www.estrategiaconcursos.com.br\/blog\/#organization"},"image":{"@id":"https:\/\/www.estrategiaconcursos.com.br\/blog\/concurso-trt-rj\/#primaryimage"},"thumbnailUrl":"https:\/\/dhg1h5j42swfq.cloudfront.net\/2024\/04\/17011500\/1000000064.jpg","keywords":["concurso trt rj"],"articleSection":["Tribunais","Tribunais"],"inLanguage":"pt-BR","potentialAction":[{"@type":"CommentAction","name":"Comment","target":["https:\/\/www.estrategiaconcursos.com.br\/blog\/concurso-trt-rj\/#respond"]}],"copyrightYear":"2026","copyrightHolder":{"@id":"https:\/\/www.estrategiaconcursos.com.br\/blog\/#organization"}},{"@type":"WebPage","@id":"https:\/\/www.estrategiaconcursos.com.br\/blog\/concurso-trt-rj\/","url":"https:\/\/www.estrategiaconcursos.com.br\/blog\/concurso-trt-rj\/","name":"Concurso TRT RJ: resultado HOMOLOGADO; saiba mais!","isPartOf":{"@id":"https:\/\/www.estrategiaconcursos.com.br\/blog\/#website"},"primaryImageOfPage":{"@id":"https:\/\/www.estrategiaconcursos.com.br\/blog\/concurso-trt-rj\/#primaryimage"},"image":{"@id":"https:\/\/www.estrategiaconcursos.com.br\/blog\/concurso-trt-rj\/#primaryimage"},"thumbnailUrl":"https:\/\/dhg1h5j42swfq.cloudfront.net\/2024\/04\/17011500\/1000000064.jpg","datePublished":"2026-03-23T21:18:20+00:00","dateModified":"2026-03-23T21:18:23+00:00","description":"Concurso TRT RJ ofertou vagas em CR para Analista e T\u00e9cnico com remunera\u00e7\u00e3o inicial de R$17 mil. Confira os aprovados!","breadcrumb":{"@id":"https:\/\/www.estrategiaconcursos.com.br\/blog\/concurso-trt-rj\/#breadcrumb"},"inLanguage":"pt-BR","potentialAction":[{"@type":"ReadAction","target":["https:\/\/www.estrategiaconcursos.com.br\/blog\/concurso-trt-rj\/"]}]},{"@type":"ImageObject","inLanguage":"pt-BR","@id":"https:\/\/www.estrategiaconcursos.com.br\/blog\/concurso-trt-rj\/#primaryimage","url":"https:\/\/dhg1h5j42swfq.cloudfront.net\/2024\/04\/17011500\/1000000064.jpg","contentUrl":"https:\/\/dhg1h5j42swfq.cloudfront.net\/2024\/04\/17011500\/1000000064.jpg","width":768,"height":432,"caption":"in\u00e9ditas do concurso TRT RJ"},{"@type":"BreadcrumbList","@id":"https:\/\/www.estrategiaconcursos.com.br\/blog\/concurso-trt-rj\/#breadcrumb","itemListElement":[{"@type":"ListItem","position":1,"name":"In\u00edcio","item":"https:\/\/www.estrategiaconcursos.com.br\/blog\/"},{"@type":"ListItem","position":2,"name":"Concurso TRT RJ: resultado HOMOLOGADO; saiba mais!"}]},{"@type":"WebSite","@id":"https:\/\/www.estrategiaconcursos.com.br\/blog\/#website","url":"https:\/\/www.estrategiaconcursos.com.br\/blog\/","name":"Estrat\u00e9gia Concursos","description":"O blog da Estrat\u00e9gia Concursos traz not\u00edcias sobre concursos e artigos de professores oferecendo cursos para concursos (pdf + videaulas) no site.","publisher":{"@id":"https:\/\/www.estrategiaconcursos.com.br\/blog\/#organization"},"potentialAction":[{"@type":"SearchAction","target":{"@type":"EntryPoint","urlTemplate":"https:\/\/www.estrategiaconcursos.com.br\/blog\/?s={search_term_string}"},"query-input":{"@type":"PropertyValueSpecification","valueRequired":true,"valueName":"search_term_string"}}],"inLanguage":"pt-BR"},{"@type":"Organization","@id":"https:\/\/www.estrategiaconcursos.com.br\/blog\/#organization","name":"Estrat\u00e9gia Concursos","url":"https:\/\/www.estrategiaconcursos.com.br\/blog\/","logo":{"@type":"ImageObject","inLanguage":"pt-BR","@id":"https:\/\/www.estrategiaconcursos.com.br\/blog\/#\/schema\/logo\/image\/","url":"https:\/\/dhg1h5j42swfq.cloudfront.net\/2025\/06\/03203428\/logo_concursos-1.jpg","contentUrl":"https:\/\/dhg1h5j42swfq.cloudfront.net\/2025\/06\/03203428\/logo_concursos-1.jpg","width":230,"height":60,"caption":"Estrat\u00e9gia Concursos"},"image":{"@id":"https:\/\/www.estrategiaconcursos.com.br\/blog\/#\/schema\/logo\/image\/"},"sameAs":["https:\/\/x.com\/EstratConcursos"]},{"@type":"Person","@id":"https:\/\/www.estrategiaconcursos.com.br\/blog\/#\/schema\/person\/b4a388c97673c5f483d72185668afa1f","name":"Coordena\u00e7\u00e3o","image":{"@type":"ImageObject","inLanguage":"pt-BR","@id":"https:\/\/secure.gravatar.com\/avatar\/b720319e4c9a967eb58678d110f4fe35452fc5d5f97b202bac7b8acceb18c6ad?s=96&d=mm&r=g","url":"https:\/\/secure.gravatar.com\/avatar\/b720319e4c9a967eb58678d110f4fe35452fc5d5f97b202bac7b8acceb18c6ad?s=96&d=mm&r=g","contentUrl":"https:\/\/secure.gravatar.com\/avatar\/b720319e4c9a967eb58678d110f4fe35452fc5d5f97b202bac7b8acceb18c6ad?s=96&d=mm&r=g","caption":"Coordena\u00e7\u00e3o"},"sameAs":["https:\/\/www.facebook.com\/EstrategiaConcursos","https:\/\/x.com\/EstratConcursos"],"url":"https:\/\/www.estrategiaconcursos.com.br\/blog\/author\/estrategia2013\/"}]}},"_links":{"self":[{"href":"https:\/\/www.estrategiaconcursos.com.br\/blog\/wp-json\/wp\/v2\/posts\/68643","targetHints":{"allow":["GET"]}}],"collection":[{"href":"https:\/\/www.estrategiaconcursos.com.br\/blog\/wp-json\/wp\/v2\/posts"}],"about":[{"href":"https:\/\/www.estrategiaconcursos.com.br\/blog\/wp-json\/wp\/v2\/types\/post"}],"author":[{"embeddable":true,"href":"https:\/\/www.estrategiaconcursos.com.br\/blog\/wp-json\/wp\/v2\/users\/1"}],"replies":[{"embeddable":true,"href":"https:\/\/www.estrategiaconcursos.com.br\/blog\/wp-json\/wp\/v2\/comments?post=68643"}],"version-history":[{"count":478,"href":"https:\/\/www.estrategiaconcursos.com.br\/blog\/wp-json\/wp\/v2\/posts\/68643\/revisions"}],"predecessor-version":[{"id":1741955,"href":"https:\/\/www.estrategiaconcursos.com.br\/blog\/wp-json\/wp\/v2\/posts\/68643\/revisions\/1741955"}],"wp:featuredmedia":[{"embeddable":true,"href":"https:\/\/www.estrategiaconcursos.com.br\/blog\/wp-json\/wp\/v2\/media\/1385455"}],"wp:attachment":[{"href":"https:\/\/www.estrategiaconcursos.com.br\/blog\/wp-json\/wp\/v2\/media?parent=68643"}],"wp:term":[{"taxonomy":"category","embeddable":true,"href":"https:\/\/www.estrategiaconcursos.com.br\/blog\/wp-json\/wp\/v2\/categories?post=68643"},{"taxonomy":"post_tag","embeddable":true,"href":"https:\/\/www.estrategiaconcursos.com.br\/blog\/wp-json\/wp\/v2\/tags?post=68643"},{"taxonomy":"tax_estado","embeddable":true,"href":"https:\/\/www.estrategiaconcursos.com.br\/blog\/wp-json\/wp\/v2\/tax_estado?post=68643"}],"curies":[{"name":"wp","href":"https:\/\/api.w.org\/{rel}","templated":true}]}}