{"id":68581,"date":"2017-03-27T09:50:00","date_gmt":"2017-03-27T12:50:00","guid":{"rendered":"https:\/\/www.estrategiaconcursos.com.br\/blog\/?p=68581"},"modified":"2017-03-29T16:42:38","modified_gmt":"2017-03-29T19:42:38","slug":"concurso-mpe-pr","status":"publish","type":"post","link":"https:\/\/www.estrategiaconcursos.com.br\/blog\/concurso-mpe-pr\/","title":{"rendered":"Concurso MPE-PR: \u00d3rg\u00e3o lan\u00e7a edital para Promotor Substituto"},"content":{"rendered":"<h2 style=\"text-align: justify;\">\n\tConcurso MPE-PR: &Oacute;rg&atilde;o lan&ccedil;a edital para Promotor Substituto<br \/>\n<\/h2>\n<p style=\"text-align: justify;\">\n\tO Minist&eacute;rio P&uacute;blico do Estado do Paran&aacute; lan&ccedil;ou nesta segunda feira, 27 de mar&ccedil;o, o edital e abertura de inscri&ccedil;&otilde;es para o cargo de <strong>Promotor Substituto<\/strong>. O <strong>Concurso MPE-PR<\/strong> conta com 12 vagas imediatas para promotor, al&eacute;m das que vagarem durante o prazo de validade do certame, com sal&aacute;rios incias de R$ 28.818,90.\n<\/p>\n<p style=\"text-align: justify;\">\n\tAs inscri&ccedil;&otilde;es preliminares podem ser feitas at&eacute; o dia 25 de abril com prova prembular prevista para 28 de maio e provas escritas de 26 a 30 de junho, como mostra o calend&aacute;rio divulgado pelo &oacute;rg&atilde;o:\n<\/p>\n<p>\n\t<img loading=\"lazy\" decoding=\"async\" alt=\"cronograma MPEPR\" class=\"aligncenter size-medium wp-image-68583\" height=\"413\" src=\"https:\/\/dhg1h5j42swfq.cloudfront.net\/2017\/03\/29084712\/Captura-de-tela-de-2017-03-29-08-28-07.png\" style=\"text-align: justify;\" width=\"311\" srcset=\"https:\/\/dhg1h5j42swfq.cloudfront.net\/2017\/03\/29084712\/Captura-de-tela-de-2017-03-29-08-28-07.png 593w, https:\/\/dhg1h5j42swfq.cloudfront.net\/2017\/03\/29084712\/Captura-de-tela-de-2017-03-29-08-28-07.png 225w\" sizes=\"auto, (max-width: 311px) 100vw, 311px\" \/>\n<\/p>\n<p style=\"text-align: justify;\">\n\t&nbsp;\n<\/p>\n<h3 style=\"text-align: justify;\">\n\t<strong>A inscri&ccedil;&atilde;o<\/strong><br \/>\n<\/h3>\n<p style=\"text-align: justify;\">\n\tO pedido de inscri&ccedil;&atilde;o preliminar, dirigido ao Presidente da Comiss&atilde;o de Concurso, ser&aacute; realizado por meio eletr&ocirc;nico, no site <a href=\"http:\/\/www.mppr.mp.br\/\" target=\"_blank\">www.mppr.mp.br<\/a>, mediante o preenchimento da ficha de inscri&ccedil;&atilde;o e o pagamento de taxa no valor de R$ 220,00\n<\/p>\n<h3 style=\"text-align: justify;\">\n\t&nbsp;<strong>O Concurso<\/strong><br \/>\n<\/h3>\n<p style=\"text-align: justify;\">\n\tCompreender&aacute; a realiza&ccedil;&atilde;o de:\n<\/p>\n<p style=\"text-align: justify;\">\n\t&#8211; prova preambular; (28 de maio)<br \/>\n\t&#8211; provas escritas, em um total de cinco, divididas por grupos; (26 a 30 de junho)<br \/>\n\t&#8211; exames de sanidade f&iacute;sica e mental; (25 de agosto a 13 de setembro)<br \/>\n\t&#8211; sindic&acirc;ncia; (14 de setembro a 11 de outubro)<br \/>\n\t&#8211; prova oral; (24 de outubro a 30 de outubro)<br \/>\n\t&#8211; prova de t&iacute;tulos.\n<\/p>\n<p style=\"text-align: justify;\">\n\t&nbsp;O concurso obedecer&aacute; &agrave;s prescri&ccedil;&otilde;es de seu Regulamento, publicado no Di&aacute;rio Oficial Eletr&ocirc;nico do Estado nesta segunda-feira (27) e que pode ser acessado aqui: <a href=\"https:\/\/www.estrategiaconcursos.com.br\/blog\/wp-content\/uploads\/2017\/03\/regulamento_concurso_20171.pdf\">regulamento_concurso_20171<\/a>.\n<\/p>\n<h3 style=\"text-align: justify;\">\n\t&nbsp;<strong>A Prova<\/strong><br \/>\n<\/h3>\n<p style=\"text-align: justify;\">\n\tA <u>prova preambular<\/u>, constitu&iacute;da de um &uacute;nico caderno de quest&otilde;es objetivas e ser&aacute; formulada com as seguintes disciplinas e n&uacute;meros de quest&otilde;es:\n<\/p>\n<p style=\"text-align: justify;\">\n\t<strong>GRUPO 1<\/strong> &#8211; 15 (quinze) para Direito Penal, 3 (tr&ecirc;s) para Direito Eleitoral e 2 (duas) para Legisla&ccedil;&atilde;o do Minist&eacute;rio P&uacute;blico;\n<\/p>\n<p style=\"text-align: justify;\">\n\t<strong>GRUPO 2<\/strong> &#8211; 11 (onze) para Direito Constitucional, sendo pelo menos duas referentes &agrave; Constitui&ccedil;&atilde;o do Estado do Paran&aacute;, 4 (quatro) para Direito Administrativo, 2 (duas) para Direito Tribut&aacute;rio, 1 (uma) para Filosofia do Direito, 1 (uma) para Sociologia Jur&iacute;dica e 1 (uma) para Direito Previdenci&aacute;rio.\n<\/p>\n<p style=\"text-align: justify;\">\n\t<strong>GRUPO 3<\/strong> &ndash; 8 (oito) para Direito Civil, 2 (duas) para Direito Empresarial e 10 (dez) para Direito Processual Civil;\n<\/p>\n<p style=\"text-align: justify;\">\n\t<strong>GRUPO 4<\/strong> &#8211; 11 (onze) para Direito Processual Penal, 4 (quatro) para Execu&ccedil;&atilde;o Penal, 3 (tr&ecirc;s) para Direito do Consumidor e 2 (duas) para Direito Sanit&aacute;rio e Sa&uacute;de do Trabalhador;\n<\/p>\n<p style=\"text-align: justify;\">\n\t<strong>GRUPO 5<\/strong> &ndash; (5) cinco para Direito da Inf&acirc;ncia e da Juventude e\/ou Direito &agrave; Educa&ccedil;&atilde;o, 4 (quatro) para Prote&ccedil;&atilde;o ao Patrim&ocirc;nio P&uacute;blico, 4 (quatro) para Direito Ambiental e Habita&ccedil;&atilde;o e Urbanismo, 3(tr&ecirc;s) para A&ccedil;&atilde;o Civil P&uacute;blica, A&ccedil;&otilde;es Coletivas e\/ou procedimentos extrajudiciais de atribui&ccedil;&atilde;o do Minist&eacute;rio P&uacute;blico (Inqu&eacute;rito Civil, Procedimento Preparat&oacute;rio, Procedimento Administrativo e Not&iacute;cia de Fato), 1 (uma) para Direitos da Pessoa com Defici&ecirc;ncia, 1 (uma) para Direitos do Idoso e 2 (duas) para Direitos Humanos.\n<\/p>\n<p style=\"text-align: justify;\">\n\tAs <u>provas escritas<\/u> dever&atilde;o conter os seguintes grupos de disciplinas e n&uacute;meros m&iacute;nimos de quest&otilde;es:\n<\/p>\n<p style=\"text-align: justify;\">\n\t<strong>GRUPO 1<\/strong> &#8211; 1 (uma) disserta&ccedil;&atilde;o e 7 (sete) quest&otilde;es discursivas para Direito Penal, 1 (uma) quest&atilde;o discursiva para Direito Eleitoral e 1 (uma) quest&atilde;o discursiva para Legisla&ccedil;&atilde;o do Minist&eacute;rio P&uacute;blico;\n<\/p>\n<p style=\"text-align: justify;\">\n\t<strong>GRUPO 2<\/strong> &#8211; 1 (uma) disserta&ccedil;&atilde;o e 4 (quatro) quest&otilde;es discursivas para Direito Constitucional, sendo pelo menos 1 (uma) referente &agrave; Constitui&ccedil;&atilde;o do Estado do Paran&aacute;, 3 (tr&ecirc;s) quest&otilde;es discursivas para Direito Administrativo, 1 (uma) quest&atilde;o discursiva para Direito Tribut&aacute;rio e 1 (uma) quest&atilde;o discursiva para Filosofia do Direito ou Sociologia Jur&iacute;dica;\n<\/p>\n<p style=\"text-align: justify;\">\n\t<strong>GRUPO 3<\/strong> &#8211; 1 (uma) disserta&ccedil;&atilde;o, podendo ser substitu&iacute;da por 1 (uma) pe&ccedil;a pr&aacute;tica, 5 (cinco) quest&otilde;es discursivas para Direito Processual Civil, 3 (tr&ecirc;s) quest&otilde;es discursivas para Direito Civil e 1 (uma) quest&atilde;o discursiva para Direito Empresarial.\n<\/p>\n<p style=\"text-align: justify;\">\n\t<strong>GRUPO 4<\/strong> &#8211; 1 (uma) pe&ccedil;a pr&aacute;tica, 5 (cinco) quest&otilde;es discursivas para Direito Processual Penal, 2 (duas) quest&otilde;es discursivas para Execu&ccedil;&atilde;o Penal, 1 (uma) quest&atilde;o discursiva para Direito do Consumidor e 1 (uma) quest&atilde;o discursiva para Direito Sanit&aacute;rio;\n<\/p>\n<p style=\"text-align: justify;\">\n\t<strong>GRUPO 5<\/strong> &ndash; 1 (uma) pe&ccedil;a pr&aacute;tica relativa &agrave; a&ccedil;&atilde;o civil p&uacute;blica e\/ou procedimentos extrajudiciais e seus instrumentos (portaria de instaura&ccedil;&atilde;o, termo de ajustamento de conduta, recomenda&ccedil;&atilde;o administrativa e promo&ccedil;&atilde;o de arquivamento), 3 (tr&ecirc;s) quest&otilde;es discursivas para Inf&acirc;ncia e Juventude e\/ou Direito &agrave; Educa&ccedil;&atilde;o, 3 (tr&ecirc;s) quest&otilde;es discursivas para Prote&ccedil;&atilde;o ao Patrim&ocirc;nio P&uacute;blico e\/ou procedimentos extrajudiciais e seus instrumentos (portaria de instaura&ccedil;&atilde;o, termo de ajustamento de conduta, recomenda&ccedil;&atilde;o administrativa e promo&ccedil;&atilde;o de arquivamento), 1 (uma) quest&atilde;o discursiva para Meio Ambiente ou Habita&ccedil;&atilde;o e Urbanismo, 1 (uma) quest&atilde;o discursiva para Direitos da Pessoa com Defici&ecirc;ncia ou do Idoso e 1 (uma) quest&atilde;o discursiva para Direitos Humanos.\n<\/p>\n<h3 style=\"text-align: justify;\">\n\t&nbsp;<strong>O &Uacute;ltimo Certame<\/strong><br \/>\n<\/h3>\n<p style=\"text-align: justify;\">\n\tO &uacute;ltimo concurso realizado pelo MP-PR para o preenchimento de vagas de promotores substitutos, em 2016, teve mais de 6 mil inscritos, procedentes de v&aacute;rias partes do Brasil. O processo, para provimento de 10 cargos, ainda est&aacute; em andamento, com prova oral prevista para in&iacute;cio em maio.\n<\/p>\n<ul>\n<li style=\"text-align: justify;\">\n\t\tAcesse o <a href=\"https:\/\/www.estrategiaconcursos.com.br\/blog\/wp-content\/uploads\/2017\/03\/edital_2017.pdf\">edital_2017<\/a>\n\t<\/li>\n<\/ul>\n<p style=\"text-align: justify;\">\n\tO estrat&eacute;gia possui curso espec&iacute;ficos para a &aacute;rea de Promotor. Confira e esteja preparado para <strong>o Concurso MPE- PR<\/strong>!\n<\/p>\n<p style=\"text-align: justify;\">\n\t<span style=\"color:#0000CD;\"><strong>Cursos: <\/strong><\/span>\n<\/p>\n<p style=\"text-align: justify;\">\n\t<a href=\"https:\/\/www.estrategiaconcursos.com.br\/pesquisa\/?q=Promotor+de+justi%C3%A7a&amp;tipo=1\">Cursos para Promotor<\/a>\n<\/p>\n<div class=\"row\">\n<p style=\"text-align: justify;\">\n\t\tASCOM\n\t<\/p>\n<div class=\"row\">\n<div class=\"row\">\n<div class=\"clear\" style=\"text-align: justify;\">\n\t\t\t\t&nbsp;\n\t\t\t<\/div>\n<div class=\"clear\" style=\"text-align: justify;\">\n\t\t\t\tcomunicacao@estrategiaconcursos.com.br&nbsp;\n\t\t\t<\/div>\n<p style=\"text-align: justify;\">\n\t\t\t\t&nbsp;\n\t\t\t<\/p>\n<p style=\"text-align: justify;\">\n\t\t\t\t&nbsp;\n\t\t\t<\/p>\n<p style=\"text-align: justify;\">\n\t\t\t\t&nbsp;\n\t\t\t<\/p>\n<p style=\"text-align: justify;\">\n\t\t\t\t&nbsp;\n\t\t\t<\/p>\n<p style=\"text-align: justify;\">\n\t\t\t\t&nbsp;\n\t\t\t<\/p>\n<p style=\"text-align: justify;\">\n\t\t\t\t&nbsp;\n\t\t\t<\/p>\n<p>\n\t\t\t\t&nbsp;\n\t\t\t<\/p>\n<p>\n\t\t\t\t&nbsp;\n\t\t\t<\/p>\n<p>\n\t\t\t\t&nbsp;\n\t\t\t<\/p>\n<\/p><\/div>\n<div class=\"row\">\n<div class=\"clear\" style=\"text-align: justify;\">\n\t\t\t\t&nbsp;\n\t\t\t<\/div>\n<p style=\"text-align: justify;\">\n\t\t\t\t&nbsp;\n\t\t\t<\/p>\n<p style=\"text-align: justify;\">\n\t\t\t\t&nbsp;\n\t\t\t<\/p>\n<p style=\"text-align: justify;\">\n\t\t\t\t&nbsp;\n\t\t\t<\/p>\n<p style=\"text-align: justify;\">\n\t\t\t\t&nbsp;\n\t\t\t<\/p>\n<p style=\"text-align: justify;\">\n\t\t\t\t&nbsp;\n\t\t\t<\/p>\n<p style=\"text-align: justify;\">\n\t\t\t\t&nbsp;\n\t\t\t<\/p>\n<p>\n\t\t\t\t&nbsp;\n\t\t\t<\/p>\n<p>\n\t\t\t\t&nbsp;\n\t\t\t<\/p>\n<p>\n\t\t\t\t&nbsp;\n\t\t\t<\/p>\n<\/p><\/div>\n<div class=\"clear\" style=\"text-align: justify;\">\n\t\t\t&nbsp;\n\t\t<\/div>\n<p style=\"text-align: justify;\">\n\t\t\t&nbsp;\n\t\t<\/p>\n<p style=\"text-align: justify;\">\n\t\t\t&nbsp;\n\t\t<\/p>\n<p style=\"text-align: justify;\">\n\t\t\t&nbsp;\n\t\t<\/p>\n<p style=\"text-align: justify;\">\n\t\t\t&nbsp;\n\t\t<\/p>\n<p style=\"text-align: justify;\">\n\t\t\t&nbsp;\n\t\t<\/p>\n<p style=\"text-align: justify;\">\n\t\t\t&nbsp;\n\t\t<\/p>\n<p>\n\t\t\t&nbsp;\n\t\t<\/p>\n<p>\n\t\t\t&nbsp;\n\t\t<\/p>\n<p>\n\t\t\t&nbsp;\n\t\t<\/p>\n<\/p><\/div>\n<div class=\"clear\" style=\"text-align: justify;\">\n\t\t&nbsp;\n\t<\/div>\n<\/div>\n<p style=\"text-align: justify;\">\n\t&nbsp;<\/p>\n","protected":false},"excerpt":{"rendered":"<p>Concurso MPE-PR: &Oacute;rg&atilde;o lan&ccedil;a edital para Promotor Substituto O Minist&eacute;rio P&uacute;blico do Estado do Paran&aacute; lan&ccedil;ou nesta segunda feira, 27 de mar&ccedil;o, o edital e abertura de inscri&ccedil;&otilde;es para o cargo de Promotor Substituto. O Concurso MPE-PR conta com 12 vagas imediatas para promotor, al&eacute;m das que vagarem durante o prazo de validade do certame, [&hellip;]<\/p>\n","protected":false},"author":1,"featured_media":68594,"comment_status":"open","ping_status":"open","sticky":false,"template":"","format":"standard","meta":{"post_tipo":"news","footnotes":""},"categories":[1],"tags":[2528,2527],"tax_estado":[],"class_list":["post-68581","post","type-post","status-publish","format-standard","has-post-thumbnail","hentry","category-cursos-e-concursos","tag-concurso-mpe-pr","tag-promotor-substituto"],"acf":[],"yoast_head":"<!-- This site is optimized with the Yoast SEO Premium plugin v27.2 (Yoast SEO v27.2) - https:\/\/yoast.com\/product\/yoast-seo-premium-wordpress\/ -->\n<title>Concurso MPE-PR: Edital e inscri\u00e7oes abertas para Promotor Substituto<\/title>\n<meta name=\"description\" content=\"Concurso MPE-PR: \u00f3rg\u00e3o lan\u00e7a edital e abre inscri\u00e7\u00f5es para 12 vagas imediatas de Promotor Substituto com sal\u00e1rios inciais de R$ 28 mil!\" \/>\n<meta name=\"robots\" content=\"index, follow, max-snippet:-1, max-image-preview:large, max-video-preview:-1\" \/>\n<link rel=\"canonical\" href=\"https:\/\/www.estrategiaconcursos.com.br\/blog\/concurso-mpe-pr\/\" \/>\n<meta property=\"og:locale\" content=\"pt_BR\" \/>\n<meta property=\"og:type\" content=\"article\" \/>\n<meta property=\"og:title\" content=\"Concurso MPE-PR: \u00d3rg\u00e3o lan\u00e7a edital para Promotor Substituto\" \/>\n<meta property=\"og:description\" content=\"Concurso MPE-PR: \u00f3rg\u00e3o lan\u00e7a edital e abre inscri\u00e7\u00f5es para 12 vagas imediatas de Promotor Substituto com sal\u00e1rios inciais de R$ 28 mil!\" \/>\n<meta property=\"og:url\" content=\"https:\/\/www.estrategiaconcursos.com.br\/blog\/concurso-mpe-pr\/\" \/>\n<meta property=\"og:site_name\" content=\"Estrat\u00e9gia Concursos\" \/>\n<meta property=\"article:author\" content=\"https:\/\/www.facebook.com\/EstrategiaConcursos\" \/>\n<meta property=\"article:published_time\" content=\"2017-03-27T12:50:00+00:00\" \/>\n<meta property=\"article:modified_time\" content=\"2017-03-29T19:42:38+00:00\" \/>\n<meta property=\"og:image\" content=\"https:\/\/dhg1h5j42swfq.cloudfront.net\/2017\/03\/29093538\/mpe-pr1.jpg\" \/>\n\t<meta property=\"og:image:width\" content=\"490\" \/>\n\t<meta property=\"og:image:height\" content=\"250\" \/>\n\t<meta property=\"og:image:type\" content=\"image\/jpeg\" \/>\n<meta name=\"author\" content=\"Coordena\u00e7\u00e3o\" \/>\n<meta name=\"twitter:card\" content=\"summary_large_image\" \/>\n<meta name=\"twitter:creator\" content=\"@EstratConcursos\" \/>\n<meta name=\"twitter:site\" content=\"@EstratConcursos\" \/>\n<meta name=\"twitter:label1\" content=\"Escrito por\" \/>\n\t<meta name=\"twitter:data1\" content=\"Coordena\u00e7\u00e3o\" \/>\n\t<meta name=\"twitter:label2\" content=\"Est. tempo de leitura\" \/>\n\t<meta name=\"twitter:data2\" content=\"5 minutos\" \/>\n<script type=\"application\/ld+json\" class=\"yoast-schema-graph\">{\"@context\":\"https:\/\/schema.org\",\"@graph\":[{\"@type\":\"NewsArticle\",\"@id\":\"https:\/\/www.estrategiaconcursos.com.br\/blog\/concurso-mpe-pr\/#article\",\"isPartOf\":{\"@id\":\"https:\/\/www.estrategiaconcursos.com.br\/blog\/concurso-mpe-pr\/\"},\"author\":{\"name\":\"Coordena\u00e7\u00e3o\",\"@id\":\"https:\/\/www.estrategiaconcursos.com.br\/blog\/#\/schema\/person\/b4a388c97673c5f483d72185668afa1f\"},\"headline\":\"Concurso MPE-PR: \u00d3rg\u00e3o lan\u00e7a edital para Promotor Substituto\",\"datePublished\":\"2017-03-27T12:50:00+00:00\",\"dateModified\":\"2017-03-29T19:42:38+00:00\",\"mainEntityOfPage\":{\"@id\":\"https:\/\/www.estrategiaconcursos.com.br\/blog\/concurso-mpe-pr\/\"},\"wordCount\":1071,\"commentCount\":0,\"publisher\":{\"@id\":\"https:\/\/www.estrategiaconcursos.com.br\/blog\/#organization\"},\"image\":{\"@id\":\"https:\/\/www.estrategiaconcursos.com.br\/blog\/concurso-mpe-pr\/#primaryimage\"},\"thumbnailUrl\":\"https:\/\/dhg1h5j42swfq.cloudfront.net\/2017\/03\/29093538\/mpe-pr1.jpg\",\"keywords\":[\"Concurso MPE-PR\",\"Promotor Substituto\"],\"articleSection\":[\"Concursos P\u00fablicos\"],\"inLanguage\":\"pt-BR\",\"potentialAction\":[{\"@type\":\"CommentAction\",\"name\":\"Comment\",\"target\":[\"https:\/\/www.estrategiaconcursos.com.br\/blog\/concurso-mpe-pr\/#respond\"]}],\"copyrightYear\":\"2017\",\"copyrightHolder\":{\"@id\":\"https:\/\/www.estrategiaconcursos.com.br\/blog\/#organization\"}},{\"@type\":\"WebPage\",\"@id\":\"https:\/\/www.estrategiaconcursos.com.br\/blog\/concurso-mpe-pr\/\",\"url\":\"https:\/\/www.estrategiaconcursos.com.br\/blog\/concurso-mpe-pr\/\",\"name\":\"Concurso MPE-PR: Edital e inscri\u00e7oes abertas para Promotor Substituto\",\"isPartOf\":{\"@id\":\"https:\/\/www.estrategiaconcursos.com.br\/blog\/#website\"},\"primaryImageOfPage\":{\"@id\":\"https:\/\/www.estrategiaconcursos.com.br\/blog\/concurso-mpe-pr\/#primaryimage\"},\"image\":{\"@id\":\"https:\/\/www.estrategiaconcursos.com.br\/blog\/concurso-mpe-pr\/#primaryimage\"},\"thumbnailUrl\":\"https:\/\/dhg1h5j42swfq.cloudfront.net\/2017\/03\/29093538\/mpe-pr1.jpg\",\"datePublished\":\"2017-03-27T12:50:00+00:00\",\"dateModified\":\"2017-03-29T19:42:38+00:00\",\"description\":\"Concurso MPE-PR: \u00f3rg\u00e3o lan\u00e7a edital e abre inscri\u00e7\u00f5es para 12 vagas imediatas de Promotor Substituto com sal\u00e1rios inciais de R$ 28 mil!\",\"breadcrumb\":{\"@id\":\"https:\/\/www.estrategiaconcursos.com.br\/blog\/concurso-mpe-pr\/#breadcrumb\"},\"inLanguage\":\"pt-BR\",\"potentialAction\":[{\"@type\":\"ReadAction\",\"target\":[\"https:\/\/www.estrategiaconcursos.com.br\/blog\/concurso-mpe-pr\/\"]}]},{\"@type\":\"ImageObject\",\"inLanguage\":\"pt-BR\",\"@id\":\"https:\/\/www.estrategiaconcursos.com.br\/blog\/concurso-mpe-pr\/#primaryimage\",\"url\":\"https:\/\/dhg1h5j42swfq.cloudfront.net\/2017\/03\/29093538\/mpe-pr1.jpg\",\"contentUrl\":\"https:\/\/dhg1h5j42swfq.cloudfront.net\/2017\/03\/29093538\/mpe-pr1.jpg\",\"width\":490,\"height\":250,\"caption\":\"mpepr\"},{\"@type\":\"BreadcrumbList\",\"@id\":\"https:\/\/www.estrategiaconcursos.com.br\/blog\/concurso-mpe-pr\/#breadcrumb\",\"itemListElement\":[{\"@type\":\"ListItem\",\"position\":1,\"name\":\"In\u00edcio\",\"item\":\"https:\/\/www.estrategiaconcursos.com.br\/blog\/\"},{\"@type\":\"ListItem\",\"position\":2,\"name\":\"Concurso MPE-PR: \u00d3rg\u00e3o lan\u00e7a edital para Promotor Substituto\"}]},{\"@type\":\"WebSite\",\"@id\":\"https:\/\/www.estrategiaconcursos.com.br\/blog\/#website\",\"url\":\"https:\/\/www.estrategiaconcursos.com.br\/blog\/\",\"name\":\"Estrat\u00e9gia Concursos\",\"description\":\"O blog da Estrat\u00e9gia Concursos traz not\u00edcias sobre concursos e artigos de professores oferecendo cursos para concursos (pdf + videaulas) no site.\",\"publisher\":{\"@id\":\"https:\/\/www.estrategiaconcursos.com.br\/blog\/#organization\"},\"potentialAction\":[{\"@type\":\"SearchAction\",\"target\":{\"@type\":\"EntryPoint\",\"urlTemplate\":\"https:\/\/www.estrategiaconcursos.com.br\/blog\/?s={search_term_string}\"},\"query-input\":{\"@type\":\"PropertyValueSpecification\",\"valueRequired\":true,\"valueName\":\"search_term_string\"}}],\"inLanguage\":\"pt-BR\"},{\"@type\":\"Organization\",\"@id\":\"https:\/\/www.estrategiaconcursos.com.br\/blog\/#organization\",\"name\":\"Estrat\u00e9gia Concursos\",\"url\":\"https:\/\/www.estrategiaconcursos.com.br\/blog\/\",\"logo\":{\"@type\":\"ImageObject\",\"inLanguage\":\"pt-BR\",\"@id\":\"https:\/\/www.estrategiaconcursos.com.br\/blog\/#\/schema\/logo\/image\/\",\"url\":\"https:\/\/dhg1h5j42swfq.cloudfront.net\/2025\/06\/03203428\/logo_concursos-1.jpg\",\"contentUrl\":\"https:\/\/dhg1h5j42swfq.cloudfront.net\/2025\/06\/03203428\/logo_concursos-1.jpg\",\"width\":230,\"height\":60,\"caption\":\"Estrat\u00e9gia Concursos\"},\"image\":{\"@id\":\"https:\/\/www.estrategiaconcursos.com.br\/blog\/#\/schema\/logo\/image\/\"},\"sameAs\":[\"https:\/\/x.com\/EstratConcursos\"]},{\"@type\":\"Person\",\"@id\":\"https:\/\/www.estrategiaconcursos.com.br\/blog\/#\/schema\/person\/b4a388c97673c5f483d72185668afa1f\",\"name\":\"Coordena\u00e7\u00e3o\",\"image\":{\"@type\":\"ImageObject\",\"inLanguage\":\"pt-BR\",\"@id\":\"https:\/\/secure.gravatar.com\/avatar\/b720319e4c9a967eb58678d110f4fe35452fc5d5f97b202bac7b8acceb18c6ad?s=96&d=mm&r=g\",\"url\":\"https:\/\/secure.gravatar.com\/avatar\/b720319e4c9a967eb58678d110f4fe35452fc5d5f97b202bac7b8acceb18c6ad?s=96&d=mm&r=g\",\"contentUrl\":\"https:\/\/secure.gravatar.com\/avatar\/b720319e4c9a967eb58678d110f4fe35452fc5d5f97b202bac7b8acceb18c6ad?s=96&d=mm&r=g\",\"caption\":\"Coordena\u00e7\u00e3o\"},\"sameAs\":[\"https:\/\/www.facebook.com\/EstrategiaConcursos\",\"https:\/\/x.com\/EstratConcursos\"],\"url\":\"https:\/\/www.estrategiaconcursos.com.br\/blog\/author\/estrategia2013\/\"}]}<\/script>\n<!-- \/ Yoast SEO Premium plugin. -->","yoast_head_json":{"title":"Concurso MPE-PR: Edital e inscri\u00e7oes abertas para Promotor Substituto","description":"Concurso MPE-PR: \u00f3rg\u00e3o lan\u00e7a edital e abre inscri\u00e7\u00f5es para 12 vagas imediatas de Promotor Substituto com sal\u00e1rios inciais de R$ 28 mil!","robots":{"index":"index","follow":"follow","max-snippet":"max-snippet:-1","max-image-preview":"max-image-preview:large","max-video-preview":"max-video-preview:-1"},"canonical":"https:\/\/www.estrategiaconcursos.com.br\/blog\/concurso-mpe-pr\/","og_locale":"pt_BR","og_type":"article","og_title":"Concurso MPE-PR: \u00d3rg\u00e3o lan\u00e7a edital para Promotor Substituto","og_description":"Concurso MPE-PR: \u00f3rg\u00e3o lan\u00e7a edital e abre inscri\u00e7\u00f5es para 12 vagas imediatas de Promotor Substituto com sal\u00e1rios inciais de R$ 28 mil!","og_url":"https:\/\/www.estrategiaconcursos.com.br\/blog\/concurso-mpe-pr\/","og_site_name":"Estrat\u00e9gia Concursos","article_author":"https:\/\/www.facebook.com\/EstrategiaConcursos","article_published_time":"2017-03-27T12:50:00+00:00","article_modified_time":"2017-03-29T19:42:38+00:00","og_image":[{"width":490,"height":250,"url":"https:\/\/dhg1h5j42swfq.cloudfront.net\/2017\/03\/29093538\/mpe-pr1.jpg","type":"image\/jpeg"}],"author":"Coordena\u00e7\u00e3o","twitter_card":"summary_large_image","twitter_creator":"@EstratConcursos","twitter_site":"@EstratConcursos","twitter_misc":{"Escrito por":"Coordena\u00e7\u00e3o","Est. tempo de leitura":"5 minutos"},"schema":{"@context":"https:\/\/schema.org","@graph":[{"@type":"NewsArticle","@id":"https:\/\/www.estrategiaconcursos.com.br\/blog\/concurso-mpe-pr\/#article","isPartOf":{"@id":"https:\/\/www.estrategiaconcursos.com.br\/blog\/concurso-mpe-pr\/"},"author":{"name":"Coordena\u00e7\u00e3o","@id":"https:\/\/www.estrategiaconcursos.com.br\/blog\/#\/schema\/person\/b4a388c97673c5f483d72185668afa1f"},"headline":"Concurso MPE-PR: \u00d3rg\u00e3o lan\u00e7a edital para Promotor Substituto","datePublished":"2017-03-27T12:50:00+00:00","dateModified":"2017-03-29T19:42:38+00:00","mainEntityOfPage":{"@id":"https:\/\/www.estrategiaconcursos.com.br\/blog\/concurso-mpe-pr\/"},"wordCount":1071,"commentCount":0,"publisher":{"@id":"https:\/\/www.estrategiaconcursos.com.br\/blog\/#organization"},"image":{"@id":"https:\/\/www.estrategiaconcursos.com.br\/blog\/concurso-mpe-pr\/#primaryimage"},"thumbnailUrl":"https:\/\/dhg1h5j42swfq.cloudfront.net\/2017\/03\/29093538\/mpe-pr1.jpg","keywords":["Concurso MPE-PR","Promotor Substituto"],"articleSection":["Concursos P\u00fablicos"],"inLanguage":"pt-BR","potentialAction":[{"@type":"CommentAction","name":"Comment","target":["https:\/\/www.estrategiaconcursos.com.br\/blog\/concurso-mpe-pr\/#respond"]}],"copyrightYear":"2017","copyrightHolder":{"@id":"https:\/\/www.estrategiaconcursos.com.br\/blog\/#organization"}},{"@type":"WebPage","@id":"https:\/\/www.estrategiaconcursos.com.br\/blog\/concurso-mpe-pr\/","url":"https:\/\/www.estrategiaconcursos.com.br\/blog\/concurso-mpe-pr\/","name":"Concurso MPE-PR: Edital e inscri\u00e7oes abertas para Promotor Substituto","isPartOf":{"@id":"https:\/\/www.estrategiaconcursos.com.br\/blog\/#website"},"primaryImageOfPage":{"@id":"https:\/\/www.estrategiaconcursos.com.br\/blog\/concurso-mpe-pr\/#primaryimage"},"image":{"@id":"https:\/\/www.estrategiaconcursos.com.br\/blog\/concurso-mpe-pr\/#primaryimage"},"thumbnailUrl":"https:\/\/dhg1h5j42swfq.cloudfront.net\/2017\/03\/29093538\/mpe-pr1.jpg","datePublished":"2017-03-27T12:50:00+00:00","dateModified":"2017-03-29T19:42:38+00:00","description":"Concurso MPE-PR: \u00f3rg\u00e3o lan\u00e7a edital e abre inscri\u00e7\u00f5es para 12 vagas imediatas de Promotor Substituto com sal\u00e1rios inciais de R$ 28 mil!","breadcrumb":{"@id":"https:\/\/www.estrategiaconcursos.com.br\/blog\/concurso-mpe-pr\/#breadcrumb"},"inLanguage":"pt-BR","potentialAction":[{"@type":"ReadAction","target":["https:\/\/www.estrategiaconcursos.com.br\/blog\/concurso-mpe-pr\/"]}]},{"@type":"ImageObject","inLanguage":"pt-BR","@id":"https:\/\/www.estrategiaconcursos.com.br\/blog\/concurso-mpe-pr\/#primaryimage","url":"https:\/\/dhg1h5j42swfq.cloudfront.net\/2017\/03\/29093538\/mpe-pr1.jpg","contentUrl":"https:\/\/dhg1h5j42swfq.cloudfront.net\/2017\/03\/29093538\/mpe-pr1.jpg","width":490,"height":250,"caption":"mpepr"},{"@type":"BreadcrumbList","@id":"https:\/\/www.estrategiaconcursos.com.br\/blog\/concurso-mpe-pr\/#breadcrumb","itemListElement":[{"@type":"ListItem","position":1,"name":"In\u00edcio","item":"https:\/\/www.estrategiaconcursos.com.br\/blog\/"},{"@type":"ListItem","position":2,"name":"Concurso MPE-PR: \u00d3rg\u00e3o lan\u00e7a edital para Promotor Substituto"}]},{"@type":"WebSite","@id":"https:\/\/www.estrategiaconcursos.com.br\/blog\/#website","url":"https:\/\/www.estrategiaconcursos.com.br\/blog\/","name":"Estrat\u00e9gia Concursos","description":"O blog da Estrat\u00e9gia Concursos traz not\u00edcias sobre concursos e artigos de professores oferecendo cursos para concursos (pdf + videaulas) no site.","publisher":{"@id":"https:\/\/www.estrategiaconcursos.com.br\/blog\/#organization"},"potentialAction":[{"@type":"SearchAction","target":{"@type":"EntryPoint","urlTemplate":"https:\/\/www.estrategiaconcursos.com.br\/blog\/?s={search_term_string}"},"query-input":{"@type":"PropertyValueSpecification","valueRequired":true,"valueName":"search_term_string"}}],"inLanguage":"pt-BR"},{"@type":"Organization","@id":"https:\/\/www.estrategiaconcursos.com.br\/blog\/#organization","name":"Estrat\u00e9gia Concursos","url":"https:\/\/www.estrategiaconcursos.com.br\/blog\/","logo":{"@type":"ImageObject","inLanguage":"pt-BR","@id":"https:\/\/www.estrategiaconcursos.com.br\/blog\/#\/schema\/logo\/image\/","url":"https:\/\/dhg1h5j42swfq.cloudfront.net\/2025\/06\/03203428\/logo_concursos-1.jpg","contentUrl":"https:\/\/dhg1h5j42swfq.cloudfront.net\/2025\/06\/03203428\/logo_concursos-1.jpg","width":230,"height":60,"caption":"Estrat\u00e9gia Concursos"},"image":{"@id":"https:\/\/www.estrategiaconcursos.com.br\/blog\/#\/schema\/logo\/image\/"},"sameAs":["https:\/\/x.com\/EstratConcursos"]},{"@type":"Person","@id":"https:\/\/www.estrategiaconcursos.com.br\/blog\/#\/schema\/person\/b4a388c97673c5f483d72185668afa1f","name":"Coordena\u00e7\u00e3o","image":{"@type":"ImageObject","inLanguage":"pt-BR","@id":"https:\/\/secure.gravatar.com\/avatar\/b720319e4c9a967eb58678d110f4fe35452fc5d5f97b202bac7b8acceb18c6ad?s=96&d=mm&r=g","url":"https:\/\/secure.gravatar.com\/avatar\/b720319e4c9a967eb58678d110f4fe35452fc5d5f97b202bac7b8acceb18c6ad?s=96&d=mm&r=g","contentUrl":"https:\/\/secure.gravatar.com\/avatar\/b720319e4c9a967eb58678d110f4fe35452fc5d5f97b202bac7b8acceb18c6ad?s=96&d=mm&r=g","caption":"Coordena\u00e7\u00e3o"},"sameAs":["https:\/\/www.facebook.com\/EstrategiaConcursos","https:\/\/x.com\/EstratConcursos"],"url":"https:\/\/www.estrategiaconcursos.com.br\/blog\/author\/estrategia2013\/"}]}},"_links":{"self":[{"href":"https:\/\/www.estrategiaconcursos.com.br\/blog\/wp-json\/wp\/v2\/posts\/68581","targetHints":{"allow":["GET"]}}],"collection":[{"href":"https:\/\/www.estrategiaconcursos.com.br\/blog\/wp-json\/wp\/v2\/posts"}],"about":[{"href":"https:\/\/www.estrategiaconcursos.com.br\/blog\/wp-json\/wp\/v2\/types\/post"}],"author":[{"embeddable":true,"href":"https:\/\/www.estrategiaconcursos.com.br\/blog\/wp-json\/wp\/v2\/users\/1"}],"replies":[{"embeddable":true,"href":"https:\/\/www.estrategiaconcursos.com.br\/blog\/wp-json\/wp\/v2\/comments?post=68581"}],"version-history":[{"count":17,"href":"https:\/\/www.estrategiaconcursos.com.br\/blog\/wp-json\/wp\/v2\/posts\/68581\/revisions"}],"predecessor-version":[{"id":68683,"href":"https:\/\/www.estrategiaconcursos.com.br\/blog\/wp-json\/wp\/v2\/posts\/68581\/revisions\/68683"}],"wp:featuredmedia":[{"embeddable":true,"href":"https:\/\/www.estrategiaconcursos.com.br\/blog\/wp-json\/wp\/v2\/media\/68594"}],"wp:attachment":[{"href":"https:\/\/www.estrategiaconcursos.com.br\/blog\/wp-json\/wp\/v2\/media?parent=68581"}],"wp:term":[{"taxonomy":"category","embeddable":true,"href":"https:\/\/www.estrategiaconcursos.com.br\/blog\/wp-json\/wp\/v2\/categories?post=68581"},{"taxonomy":"post_tag","embeddable":true,"href":"https:\/\/www.estrategiaconcursos.com.br\/blog\/wp-json\/wp\/v2\/tags?post=68581"},{"taxonomy":"tax_estado","embeddable":true,"href":"https:\/\/www.estrategiaconcursos.com.br\/blog\/wp-json\/wp\/v2\/tax_estado?post=68581"}],"curies":[{"name":"wp","href":"https:\/\/api.w.org\/{rel}","templated":true}]}}