{"id":68535,"date":"2026-03-30T10:43:00","date_gmt":"2026-03-30T13:43:00","guid":{"rendered":"https:\/\/www.estrategiaconcursos.com.br\/blog\/?p=68535"},"modified":"2026-03-30T16:25:12","modified_gmt":"2026-03-30T19:25:12","slug":"concurso-mp-pr","status":"publish","type":"post","link":"https:\/\/www.estrategiaconcursos.com.br\/blog\/concurso-mp-pr\/","title":{"rendered":"Concurso MP PR: resultado homologado!"},"content":{"rendered":"<p><center><a id=\"cta-icon\" href=\"https:\/\/sndflw.com\/i\/mp-pr-grupo\" target=\"_blank\" style=\"background:#29a61a; display:inline-flex; align-items:center; padding:10px 15px; border-radius:6px; color:#fff; text-decoration:none; font-weight:500; font-size:15px;\"><img decoding=\"async\" src=\"https:\/\/dhg1h5j42swfq.cloudfront.net\/2023\/12\/07154107\/whatsapp_13851.png\" alt=\"\" style=\"width:20px; height:20px; margin-right:8px;\"><span>Acesse agora o Grupo de Estudos para o Concurso MP PR<\/span><\/a><\/center><\/p>\n\n\n\n<p>O Instituto AOCP publicou os r<strong>esultados finais <\/strong>e a homologa\u00e7\u00e3o do<strong> concurso p\u00fablico do <a href=\"https:\/\/www.estrategiaconcursos.com.br\/cursosPorConcurso\/mp-pr-217\/\" target=\"_blank\" rel=\"noreferrer noopener\">Minist\u00e9rio P\u00fablico do Paran\u00e1 (MP PR)<\/a>. <\/strong>A lista conta com os aprovados na ampla concorr\u00eancia, PcD e \u00e0s pessoas afrodescendentes.<\/p>\n\n\n\n<ul class=\"wp-block-list\">\n<li><a href=\"https:\/\/arquivos-site.institutoaocp.org.br\/publicacoes\/656bc610-4529-45d7-ab1f-58682ee61e81.pdf\"><strong>Homologa\u00e7\u00e3o<\/strong><\/a><\/li>\n\n\n\n<li><a href=\"https:\/\/dhg1h5j42swfq.cloudfront.net\/2024\/12\/03163556\/a340a56b-3b06-48c0-836e-a43b1643f149.pdf\" target=\"_blank\" rel=\"noreferrer noopener nofollow\"><strong>Resultado final (AC)<\/strong><\/a>;<\/li>\n\n\n\n<li><a href=\"https:\/\/dhg1h5j42swfq.cloudfront.net\/2024\/12\/03163624\/2515597a-0364-4bee-aa49-6aff6b090ace.pdf\" target=\"_blank\" rel=\"noreferrer noopener nofollow\"><strong>Resultado final (PcD)<\/strong><\/a>;<\/li>\n\n\n\n<li><a href=\"https:\/\/dhg1h5j42swfq.cloudfront.net\/2024\/12\/03163652\/6d542cab-45cc-4aeb-b23e-32880f50c234.pdf\" target=\"_blank\" rel=\"noreferrer noopener nofollow\"><strong>Resultado final (Afrodescendentes)<\/strong><\/a>.<\/li>\n<\/ul>\n\n\n\n<p>O edital ofereceu <strong>86 vagas<\/strong> em diversos n\u00edveis de escolaridade. Os sal\u00e1rios iniciais variavam de<strong> R$5.353,38 a R$16.479,42,<\/strong> al\u00e9m de benef\u00edcios previstos na legisla\u00e7\u00e3o.<\/p>\n\n\n\n<ul class=\"wp-block-list has-very-light-gray-to-cyan-bluish-gray-gradient-background has-background\">\n<li><strong>Concurso MP PR<\/strong><\/li>\n\n\n\n<li><strong>Status<\/strong>: homologado<\/li>\n\n\n\n<li><strong style=\"background-color: initial; color: initial;\">Banca:<\/strong> <a href=\"https:\/\/www.institutoaocp.org.br\/concursos\/615\" target=\"_blank\" rel=\"noreferrer noopener\">Instituto AOCP<\/a><\/li>\n\n\n\n<li><strong>Vagas:<\/strong> 86<\/li>\n\n\n\n<li><strong>Cargo<\/strong>: diversos<\/li>\n\n\n\n<li><strong>Sal\u00e1rio inicial:<\/strong> de R$ 5.353,38 a  R$ 16.479,42 <\/li>\n\n\n\n<li><strong>\u00daltimo edital<\/strong>: <a href=\"https:\/\/s3-sa-east-1.amazonaws.com\/diariospdf\/_2024\/08\/21\/diario_mp_parana\/DEMPPR0013622024\/539262e7a9b49fff05868b2294be64f8\/diarioOficial.pdf\" target=\"_blank\" rel=\"noreferrer noopener nofollow\">MP PR 2024<\/a> \/ <a href=\"https:\/\/arquivos-site.institutoaocp.org.br\/publicacoes\/2758ae33-eacf-4960-8489-c083b2bb4148.pdf\">conte\u00fado program\u00e1tico<\/a> \/ <a href=\"https:\/\/arquivos-site.institutoaocp.org.br\/publicacoes\/975f189a-9dbb-48ce-adba-35ac00b96263.pdf\">cronograma<\/a> \/ <a href=\"https:\/\/drive.google.com\/file\/d\/1Av9qmU6fIEFubkIOlQGtzQQsNWEcq-OX\/view?usp=sharing\" target=\"_blank\" rel=\"noreferrer noopener nofollow\">retifica\u00e7\u00e3o<\/a> \/ <a href=\"https:\/\/dhg1h5j42swfq.cloudfront.net\/2024\/09\/18150748\/convocacao-provas-mp-pr.pdf\" target=\"_blank\" rel=\"noreferrer noopener\">convoca\u00e7\u00e3o para provas<\/a><\/li>\n<\/ul>\n\n\n\n<div class=\"container\" id=\"boxes\">\n  <div class=\"row\">\n\n    <div class=\"col-sm\">\n      <div class=\"banner-estrategia\" id=\"box-assinatura\">\n        <h3 class=\"titulo-assinatura\">Cursos para MP PR<\/h3>\n        <p class=\"subtitulo-assinatura\">Estude conosco<\/p>\n        <div class=\"box-botao\">\n          <a class=\"btn-assinatura\" target=\"_blank\" href=\"https:\/\/www.estrategiaconcursos.com.br\/cursosPorConcurso\/mp-pr-217\/\" role=\"button\" rel=\"noopener noreferrer\">Conhe\u00e7a os cursos<\/a>\n        <\/div>\n      <\/div>\n     \n    <\/div>\n\n  <\/div>\n<\/div>\n\n\n\n<p>Confira neste artigo as principais informa\u00e7\u00f5es e novidades sobre o Concurso MP PR Acompanhe os t\u00f3picos abaixo e n\u00e3o perca nenhum detalhe:<\/p>\n\n\n\n<ul id=\"indice\" class=\"wp-block-list\">\n<li><a href=\"#cargos-vagas\">Cargos e vagas<\/a><\/li>\n\n\n\n<li><a href=\"#remuneracoes\">Remunera\u00e7\u00f5es<\/a><\/li>\n\n\n\n<li><a href=\"#provas\">Provas e etapas<\/a><\/li>\n\n\n\n<li><a href=\"#requisitos\">Requisitos e atribui\u00e7\u00f5es<\/a>\n<ul class=\"wp-block-list\">\n<li><a href=\"#entrevista\">Entrevista<\/a><\/li>\n<\/ul>\n<\/li>\n\n\n\n<li><a href=\"#ultimo-concurso\">\u00daltimo concurso<\/a><\/li>\n\n\n\n<li><a href=\"#artigos\">Artigos<\/a><\/li>\n\n\n\n<li><a href=\"#cursos\">Cursos<\/a><\/li>\n\n\n\n<li><a href=\"#ficha-tecnica\">Ficha T\u00e9cnica<\/a><\/li>\n<\/ul>\n\n\n\n<h2 class=\"wp-block-heading\" id=\"cargos-vagas\">Concurso MP PR: cargos, vagas e sal\u00e1rios<\/h2>\n\n\n\n<p>Os cargos e vagas do concurso MP PR foram divididos da seguinte forma:<\/p>\n\n\n\n<figure class=\"wp-block-table is-style-stripes\"><table class=\"has-very-light-gray-to-cyan-bluish-gray-gradient-background has-background\"><thead><tr><th>Cargo<\/th><th>Vagas Ampla Concorr\u00eancia<\/th><th>Vagas Afrodescendentes<\/th><th>Vagas PcD<\/th><th>Remunera\u00e7\u00e3o Inicial Bruta<\/th><th>Carga Hor\u00e1ria Semanal<\/th><\/tr><\/thead><tbody><tr><td><strong>Auxiliar Administrativo<\/strong><\/td><td>4<\/td><td>1<\/td><td>1<\/td><td>R$ 5.353,38<\/td><td>40h<\/td><\/tr><tr><td><strong>Oficial de Promotoria<\/strong><\/td><td>9<\/td><td>3<\/td><td>1<\/td><td>R$ 8.723,11<\/td><td>40h<\/td><\/tr><tr><td><strong>Auxiliar T\u00e9cnico<\/strong><\/td><td>19<\/td><td>5<\/td><td>1<\/td><td>R$ 8.723,11<\/td><td>40h<\/td><\/tr><tr><td><strong>T\u00e9cnico de Tecnologia da Informa\u00e7\u00e3o<\/strong><\/td><td>8<\/td><td>2<\/td><td>1<\/td><td>R$ 8.723,11<\/td><td>40h<\/td><\/tr><tr><td><strong>Administrador<\/strong><\/td><td>1<\/td><td>0<\/td><td>0<\/td><td>R$ 16.479,42<\/td><td>40h<\/td><\/tr><tr><td><strong>Analista de Tecnologia da Informa\u00e7\u00e3o<\/strong><\/td><td>13<\/td><td>3<\/td><td>1<\/td><td>R$ 16.479,42<\/td><td>40h<\/td><\/tr><tr><td><strong>Assistente Social<\/strong><\/td><td>1<\/td><td>0<\/td><td>0<\/td><td>R$ 16.479,42<\/td><td>40h<\/td><\/tr><tr><td><strong>Auditor<\/strong><\/td><td>3<\/td><td>1<\/td><td>0<\/td><td>R$ 16.479,42<\/td><td>40h<\/td><\/tr><tr><td><strong>Contador<\/strong><\/td><td>4<\/td><td>1<\/td><td>0<\/td><td>R$ 16.479,42<\/td><td>40h<\/td><\/tr><tr><td><strong>Pedagogo<\/strong><\/td><td>1<\/td><td>0<\/td><td>0<\/td><td>R$ 16.479,42<\/td><td>40h<\/td><\/tr><tr><td><strong>Psic\u00f3logo<\/strong><\/td><td>2<\/td><td>0<\/td><td>0<\/td><td>R$ 16.479,42<\/td><td>40h<\/td><\/tr><\/tbody><\/table><figcaption class=\"wp-element-caption\">Cargos e vagas do concurso MP PR<\/figcaption><\/figure>\n\n\n\n<h2 class=\"wp-block-heading\" id=\"cargos-vagas\">Sal\u00e1rios e benef\u00edcios do concurso MP PR<\/h2>\n\n\n\n<p>De acordo com o quadro de <a href=\"https:\/\/mppr.mp.br\/Transparencia\/Pagina\/Estrutura-Remuneratoria-de-Membros-e-Servidores\" target=\"_blank\" rel=\"noreferrer noopener\">estrutura remunerat\u00f3ria<\/a> do MP PR, o grupo Ocupacional B\u00e1sico tem remunera\u00e7\u00e3o inicial de R$ 5.353,38 e pode chegar at\u00e9 R$ 8.593,96.<\/p>\n\n\n\n<p> O grupo Ocupacional Intermedi\u00e1rio tem remunera\u00e7\u00e3o inicial de R$ 8.723,11 e pode chegar at\u00e9 R$ 14.078,90.<\/p>\n\n\n\n<p>J\u00e1 o grupo Ocupacional Superior tem remunera\u00e7\u00e3o inicial de R$ 16.479,42 e pode chegar at\u00e9 R$ R$ 26.693,56.<\/p>\n\n\n\n<p>Al\u00e9m disso, o aprovado no concurso p\u00fablico recebe, a cada 5 anos trabalhados, 5% (cinco por cento) de adicional por tempo de servi\u00e7o, o qual incide sobre o vencimento b\u00e1sico. <\/p>\n\n\n\n<p>Tamb\u00e9m s\u00e3o ofertados os seguintes benef\u00edcios:<\/p>\n\n\n\n<ul class=\"wp-block-list\">\n<li>Aux\u00edlio-Alimenta\u00e7\u00e3o: parcela mensal de R$ 1.960,26 <\/li>\n\n\n\n<li>Aux\u00edlio-Sa\u00fade: ressarcimento realizado com base na Tabela anexa \u00e0 Resolu\u00e7\u00e3o n\u00ba 2591\/2023-PGJ e Tabela B do Anexo II do Decreto Judici\u00e1rio n\u00ba 184\/2023 &#8211; P-GP.<\/li>\n<\/ul>\n\n\n\n<h2 class=\"wp-block-heading\" id=\"provas\">Provas e etapas do concurso MP PR<\/h2>\n\n\n\n<p>Confira abaixo as provas e etapas do concurso MP PR:<\/p>\n\n\n\n<h3 class=\"wp-block-heading\" id=\"h-cargos-de-nivel-fundamental\">Cargos de n\u00edvel fundamental<\/h3>\n\n\n\n<h4 class=\"wp-block-heading\">Prova Objetiva<\/h4>\n\n\n\n<figure class=\"wp-block-table is-style-stripes\"><table><thead><tr><th>\u00c1rea de Conhecimento<\/th><th>N\u00ba de Quest\u00f5es<\/th><th>Peso<\/th><th>Valor Total (Pontos)<\/th><\/tr><\/thead><tbody><tr><td>L\u00edngua Portuguesa<\/td><td>20<\/td><td>2<\/td><td>40<\/td><\/tr><tr><td>Inform\u00e1tica<\/td><td>5<\/td><td>2<\/td><td>10<\/td><\/tr><tr><td>Racioc\u00ednio L\u00f3gico<\/td><td>10<\/td><td>3<\/td><td>30<\/td><\/tr><tr><td>Legisla\u00e7\u00e3o Aplic\u00e1vel ao MPPR<\/td><td>15<\/td><td>2<\/td><td>30<\/td><\/tr><tr><td>Conhecimentos Espec\u00edficos<\/td><td>30<\/td><td>3<\/td><td>90<\/td><\/tr><tr><td><strong>Total de Quest\u00f5es e Pontos<\/strong><\/td><td><strong>80<\/strong><\/td><td><\/td><td><strong>200<\/strong><\/td><\/tr><\/tbody><\/table><figcaption class=\"wp-element-caption\">Detalhes da prova objetiva para cargos de n\u00edvel fundamental<\/figcaption><\/figure>\n\n\n\n<h3 class=\"wp-block-heading\" id=\"h-cargos-de-niveis-medio\">Cargos de n\u00edveis m\u00e9dio<\/h3>\n\n\n\n<h4 class=\"wp-block-heading\">Prova Objetiva<\/h4>\n\n\n\n<figure class=\"wp-block-table is-style-stripes\"><table><thead><tr><th>\u00c1rea de Conhecimento<\/th><th>N\u00ba de Quest\u00f5es<\/th><th>Peso<\/th><th>Valor Total (Pontos)<\/th><\/tr><\/thead><tbody><tr><td>L\u00edngua Portuguesa<\/td><td>15<\/td><td>2<\/td><td>30<\/td><\/tr><tr><td>Inform\u00e1tica<\/td><td>5<\/td><td>2<\/td><td>10<\/td><\/tr><tr><td>Racioc\u00ednio L\u00f3gico<\/td><td>5<\/td><td>2<\/td><td>10<\/td><\/tr><tr><td>Legisla\u00e7\u00e3o Aplic\u00e1vel ao MPPR<\/td><td>15<\/td><td>2<\/td><td>30<\/td><\/tr><tr><td>Conhecimentos Espec\u00edficos<\/td><td>40<\/td><td>3<\/td><td>120<\/td><\/tr><tr><td><strong>Total de Quest\u00f5es e Pontos<\/strong><\/td><td><strong>80<\/strong><\/td><td><\/td><td><strong>200<\/strong><\/td><\/tr><\/tbody><\/table><figcaption class=\"wp-element-caption\">Detalhes da prova objetiva para cargos de n\u00edvel m\u00e9dio<\/figcaption><\/figure>\n\n\n\n<h3 class=\"wp-block-heading\" id=\"h-cargos-de-nivel-superior\">Cargos de n\u00edvel superior<\/h3>\n\n\n\n<h4 class=\"wp-block-heading\">Prova Objetiva<\/h4>\n\n\n\n<figure class=\"wp-block-table is-style-stripes\"><table><thead><tr><th>\u00c1rea de Conhecimento<\/th><th>N\u00ba de Quest\u00f5es<\/th><th>Peso<\/th><th class=\"has-text-align-center\" data-align=\"center\">Valor Total (Pontos)<\/th><\/tr><\/thead><tbody><tr><td>L\u00edngua Portuguesa<\/td><td>10<\/td><td>2<\/td><td class=\"has-text-align-center\" data-align=\"center\">20<\/td><\/tr><tr><td>Racioc\u00ednio L\u00f3gico<\/td><td>15<\/td><td>3<\/td><td class=\"has-text-align-center\" data-align=\"center\">45<\/td><\/tr><tr><td>Legisla\u00e7\u00e3o Aplic\u00e1vel ao MPPR<\/td><td>5<\/td><td>2<\/td><td class=\"has-text-align-center\" data-align=\"center\">10<\/td><\/tr><tr><td>Conhecimentos Espec\u00edficos<\/td><td>50<\/td><td>3<\/td><td class=\"has-text-align-center\" data-align=\"center\">150<\/td><\/tr><tr><td><strong>Total de Quest\u00f5es e Pontos<\/strong><\/td><td><strong>80<\/strong><\/td><td><\/td><td class=\"has-text-align-center\" data-align=\"center\"><strong>225<\/strong><\/td><\/tr><\/tbody><\/table><figcaption class=\"wp-element-caption\">Detalhes da prova objetiva para cargos de n\u00edvel superior<\/figcaption><\/figure>\n\n\n\n<h3 class=\"wp-block-heading\" id=\"h-administrador-e-assistente-social\">Administrador e Assistente Social<\/h3>\n\n\n\n<h4 class=\"wp-block-heading\">Prova Objetiva<\/h4>\n\n\n\n<figure class=\"wp-block-table is-style-stripes\"><table><thead><tr><th>\u00c1rea de Conhecimento<\/th><th>N\u00ba de Quest\u00f5es<\/th><th>Peso<\/th><th>Valor Total (Pontos)<\/th><\/tr><\/thead><tbody><tr><td>L\u00edngua Portuguesa<\/td><td>15<\/td><td>2<\/td><td>30<\/td><\/tr><tr><td>Inform\u00e1tica<\/td><td>5<\/td><td>2<\/td><td>10<\/td><\/tr><tr><td>Racioc\u00ednio L\u00f3gico<\/td><td>5<\/td><td>2<\/td><td>10<\/td><\/tr><tr><td>Legisla\u00e7\u00e3o Aplic\u00e1vel ao MPPR<\/td><td>15<\/td><td>2<\/td><td>30<\/td><\/tr><tr><td>Conhecimentos Espec\u00edficos<\/td><td>40<\/td><td>3<\/td><td>120<\/td><\/tr><tr><td><strong>Total de Quest\u00f5es e Pontos<\/strong><\/td><td><strong>80<\/strong><\/td><td><\/td><td><strong>200<\/strong><\/td><\/tr><\/tbody><\/table><figcaption class=\"wp-element-caption\">Detalhes da prova objetiva para Administrador e Assistente Social<\/figcaption><\/figure>\n\n\n\n<h3 class=\"wp-block-heading\" id=\"h-analista-de-tecnologia-da-informacao\">Analista de Tecnologia da Informa\u00e7\u00e3o<\/h3>\n\n\n\n<h4 class=\"wp-block-heading\">Prova Objetiva<\/h4>\n\n\n\n<figure class=\"wp-block-table is-style-stripes\"><table><thead><tr><th>\u00c1rea de Conhecimento<\/th><th>N\u00ba de Quest\u00f5es<\/th><th>Peso<\/th><th>Valor Total (Pontos)<\/th><\/tr><\/thead><tbody><tr><td>L\u00edngua Portuguesa<\/td><td>15<\/td><td>2<\/td><td>30<\/td><\/tr><tr><td>Racioc\u00ednio L\u00f3gico<\/td><td>10<\/td><td>3<\/td><td>30<\/td><\/tr><tr><td>Legisla\u00e7\u00e3o Aplic\u00e1vel ao MPPR<\/td><td>5<\/td><td>2<\/td><td>10<\/td><\/tr><tr><td>Conhecimentos Espec\u00edficos<\/td><td>50<\/td><td>3<\/td><td>150<\/td><\/tr><tr><td><strong>Total de Quest\u00f5es e Pontos<\/strong><\/td><td><strong>80<\/strong><\/td><td><\/td><td><strong>220<\/strong><\/td><\/tr><\/tbody><\/table><figcaption class=\"wp-element-caption\">Detalhes da prova objetiva para Analista de TI<\/figcaption><\/figure>\n\n\n\n<h4 class=\"wp-block-heading\">Prova Discursiva<\/h4>\n\n\n\n<figure class=\"wp-block-table is-style-stripes\"><table><thead><tr><th>Tipo de Prova<\/th><th>\u00c1rea de Conhecimento<\/th><th>Peso<\/th><th>Valor Total (Pontos)<\/th><th>Car\u00e1ter<\/th><\/tr><\/thead><tbody><tr><td>Reda\u00e7\u00e3o<\/td><td><\/td><td>3<\/td><td>60<\/td><td>Eliminat\u00f3rio e Classificat\u00f3rio<\/td><\/tr><\/tbody><\/table><figcaption class=\"wp-element-caption\">Crit\u00e9rios da prova discursiva<\/figcaption><\/figure>\n\n\n\n<h4 class=\"wp-block-heading\">Avalia\u00e7\u00e3o de T\u00edtulos<\/h4>\n\n\n\n<figure class=\"wp-block-table is-style-stripes\"><table><thead><tr><th>Peso<\/th><th>Valor Total (Pontos)<\/th><th>Car\u00e1ter<\/th><\/tr><\/thead><tbody><tr><td><\/td><td>6<\/td><td>Classificat\u00f3rio<\/td><\/tr><\/tbody><\/table><figcaption class=\"wp-element-caption\">Tabela de pontos da avalia\u00e7\u00e3o de t\u00edtulos<\/figcaption><\/figure>\n\n\n\n<h2 class=\"wp-block-heading\" id=\"requisitos\">Quais foram os requisitos do concurso MP PR?<\/h2>\n\n\n\n<h3 class=\"wp-block-heading\" id=\"h-auxiliar-administrativo\">AUXILIAR ADMINISTRATIVO<\/h3>\n\n\n\n<p><strong>Requisito:<\/strong>&nbsp;N\u00edvel Fundamental Completo<br \/><strong>Atribui\u00e7\u00f5es:<\/strong><\/p>\n\n\n\n<ul class=\"wp-block-list\">\n<li>Recepcionar o p\u00fablico e promover o encaminhamento das pessoas.<\/li>\n\n\n\n<li>Atender, efetuar e transferir liga\u00e7\u00f5es telef\u00f4nicas.<\/li>\n\n\n\n<li>Tramitar processos, or\u00e7amentos, contratos e outros documentos administrativos.<\/li>\n\n\n\n<li>Digitar e revisar correspond\u00eancias e documentos.<\/li>\n\n\n\n<li>Organizar e manter arquivos e fich\u00e1rios atualizados.<\/li>\n\n\n\n<li>Operar diversos equipamentos, como microcomputadores e m\u00e1quinas de datilografia.<\/li>\n\n\n\n<li>Controlar entrada e sa\u00edda de materiais e reproduzir documentos.<\/li>\n\n\n\n<li>Secretariar reuni\u00f5es e executar outras atividades administrativas.<\/li>\n<\/ul>\n\n\n\n<h3 class=\"wp-block-heading\" id=\"h-oficial-de-promotoria\">OFICIAL DE PROMOTORIA<\/h3>\n\n\n\n<p><strong>Requisito:<\/strong>&nbsp;N\u00edvel Fundamental Completo<br \/><strong>Atribui\u00e7\u00f5es:<\/strong><\/p>\n\n\n\n<ul class=\"wp-block-list\">\n<li>Auxiliar o Promotor de Justi\u00e7a na realiza\u00e7\u00e3o de dilig\u00eancias.<\/li>\n\n\n\n<li>Controlar a tramita\u00e7\u00e3o de processos administrativos e judiciais.<\/li>\n\n\n\n<li>Redigir e digitar of\u00edcios e outros documentos.<\/li>\n\n\n\n<li>Fazer atendimento ao p\u00fablico e entrevistas com testemunhas.<\/li>\n\n\n\n<li>Organizar arquivos e colaborar em estudos e pesquisas.<\/li>\n\n\n\n<li>Controlar a agenda dos Promotores de Justi\u00e7a.<\/li>\n\n\n\n<li>Operar equipamentos diversos e executar outras atividades correlatas.<\/li>\n<\/ul>\n\n\n\n<h3 class=\"wp-block-heading\" id=\"h-auxiliar-tecnico\">AUXILIAR T\u00c9CNICO<\/h3>\n\n\n\n<p><strong>Requisito:<\/strong>&nbsp;N\u00edvel M\u00e9dio Completo<br \/><strong>Atribui\u00e7\u00f5es:<\/strong><\/p>\n\n\n\n<ul class=\"wp-block-list\">\n<li>Recepcionar o p\u00fablico e encaminh\u00e1-lo a outros \u00f3rg\u00e3os.<\/li>\n\n\n\n<li>Controlar a tramita\u00e7\u00e3o de processos administrativos e judiciais.<\/li>\n\n\n\n<li>Redigir e digitar documentos diversos.<\/li>\n\n\n\n<li>Elaborar notifica\u00e7\u00f5es, intima\u00e7\u00f5es e correspond\u00eancias.<\/li>\n\n\n\n<li>Realizar entrevistas com testemunhas e participar de audi\u00eancias conciliat\u00f3rias.<\/li>\n\n\n\n<li>Organizar arquivos e colaborar em estudos e pesquisas.<\/li>\n\n\n\n<li>Operar equipamentos diversos e executar outras atividades correlatas.<\/li>\n<\/ul>\n\n\n\n<h3 class=\"wp-block-heading\" id=\"h-tecnico-de-tecnologia-da-informacao\">T\u00c9CNICO DE TECNOLOGIA DA INFORMA\u00c7\u00c3O<\/h3>\n\n\n\n<p><strong>Requisito:<\/strong>&nbsp;N\u00edvel M\u00e9dio t\u00e9cnico na \u00e1rea de Tecnologia da Informa\u00e7\u00e3o, Eletr\u00f4nica, Eletrot\u00e9cnica ou Eletroeletr\u00f4nica; ou estar cursando N\u00edvel Superior na \u00e1rea de Tecnologia da Informa\u00e7\u00e3o, matriculado no terceiro ano ou quinto per\u00edodo do curso.<br \/><strong>Atribui\u00e7\u00f5es:<\/strong><\/p>\n\n\n\n<ul class=\"wp-block-list\">\n<li>Suporte ao processamento e opera\u00e7\u00e3o dos servi\u00e7os de inform\u00e1tica.<\/li>\n\n\n\n<li>Desenvolvimento e execu\u00e7\u00e3o de projetos de TI, seguran\u00e7a, conectividade e virtualiza\u00e7\u00e3o.<\/li>\n\n\n\n<li>Administra\u00e7\u00e3o e monitoramento de solu\u00e7\u00f5es de seguran\u00e7a e dados.<\/li>\n\n\n\n<li>Programa\u00e7\u00e3o e manuten\u00e7\u00e3o de sistemas.<\/li>\n\n\n\n<li>Suporte t\u00e9cnico, atendimento ao usu\u00e1rio e treinamento.<\/li>\n\n\n\n<li>Elaborar relat\u00f3rios, manuais e documentos t\u00e9cnicos.<\/li>\n<\/ul>\n\n\n\n<h3 class=\"wp-block-heading\" id=\"h-administrador\">ADMINISTRADOR<\/h3>\n\n\n\n<p><strong>Requisito:<\/strong>&nbsp;N\u00edvel Superior Completo em Administra\u00e7\u00e3o ou Administra\u00e7\u00e3o\/Gest\u00e3o P\u00fablica<br \/><strong>Atribui\u00e7\u00f5es:<\/strong><\/p>\n\n\n\n<ul class=\"wp-block-list\">\n<li>Realizar pesquisas e estudos de administra\u00e7\u00e3o.<\/li>\n\n\n\n<li>Propor e executar projetos de aprimoramento de processos de trabalho.<\/li>\n\n\n\n<li>Participar na implanta\u00e7\u00e3o de processos de gest\u00e3o de pessoas.<\/li>\n\n\n\n<li>Elaborar relat\u00f3rios e pareceres t\u00e9cnicos.<\/li>\n\n\n\n<li>Realizar auditoria na sua \u00e1rea de atua\u00e7\u00e3o.<\/li>\n\n\n\n<li>Assessorar tecnicamente a institui\u00e7\u00e3o.<\/li>\n<\/ul>\n\n\n\n<h3 class=\"wp-block-heading\" id=\"h-analista-de-tecnologia-da-informacao-0\">ANALISTA DE TECNOLOGIA DA INFORMA\u00c7\u00c3O<\/h3>\n\n\n\n<p><strong>Requisito:<\/strong>&nbsp;N\u00edvel Superior Completo na \u00e1rea de Tecnologia da Informa\u00e7\u00e3o ou Forma\u00e7\u00e3o Superior em \u00e1rea de Exatas com P\u00f3s-gradua\u00e7\u00e3o de no m\u00ednimo 360 horas em Tecnologia da Informa\u00e7\u00e3o.<br \/><strong>Atribui\u00e7\u00f5es:<\/strong><\/p>\n\n\n\n<ul class=\"wp-block-list\">\n<li>Planejamento e execu\u00e7\u00e3o de projetos de TI e recupera\u00e7\u00e3o de desastres.<\/li>\n\n\n\n<li>Administra\u00e7\u00e3o e monitoramento de solu\u00e7\u00f5es de seguran\u00e7a e dados.<\/li>\n\n\n\n<li>Desenvolvimento e coordena\u00e7\u00e3o de projetos de sistemas.<\/li>\n\n\n\n<li>Administra\u00e7\u00e3o de banco de dados.<\/li>\n\n\n\n<li>Elaborar documentos t\u00e9cnicos e fiscalizar contratos de TI.<\/li>\n\n\n\n<li>Assessorar tecnicamente a institui\u00e7\u00e3o.<\/li>\n<\/ul>\n\n\n\n<h3 class=\"wp-block-heading\" id=\"h-assistente-social\">ASSISTENTE SOCIAL<\/h3>\n\n\n\n<p><strong>Requisito:<\/strong>&nbsp;N\u00edvel Superior Completo em Servi\u00e7o Social com registro ativo no CRESS.<br \/><strong>Atribui\u00e7\u00f5es:<\/strong><\/p>\n\n\n\n<ul class=\"wp-block-list\">\n<li>Assessoramento t\u00e9cnico em defesa e promo\u00e7\u00e3o de direitos coletivos.<\/li>\n\n\n\n<li>Elabora\u00e7\u00e3o de planos, programas e projetos de pol\u00edticas sociais.<\/li>\n\n\n\n<li>Realiza\u00e7\u00e3o de pesquisas e diagn\u00f3sticos sociais.<\/li>\n\n\n\n<li>Acompanhamento de inst\u00e2ncias de participa\u00e7\u00e3o e controle social.<\/li>\n\n\n\n<li>Organiza\u00e7\u00e3o e participa\u00e7\u00e3o em reuni\u00f5es t\u00e9cnicas.<\/li>\n\n\n\n<li>Interven\u00e7\u00e3o em situa\u00e7\u00f5es de direitos violados.<\/li>\n\n\n\n<li>Participa\u00e7\u00e3o em eventos e palestras relacionadas \u00e0 \u00e1rea social.<\/li>\n<\/ul>\n\n\n\n<h3 class=\"wp-block-heading\" id=\"h-auditor\">AUDITOR<\/h3>\n\n\n\n<p><strong>Requisito:<\/strong>&nbsp;N\u00edvel Superior Completo em Administra\u00e7\u00e3o, Ci\u00eancias Cont\u00e1beis ou Economia.<br \/><strong>Atribui\u00e7\u00f5es:<\/strong><\/p>\n\n\n\n<ul class=\"wp-block-list\">\n<li>Planejar e executar auditorias e per\u00edcias.<\/li>\n\n\n\n<li>Elaborar relat\u00f3rios sobre a situa\u00e7\u00e3o patrimonial, econ\u00f4mica e financeira.<\/li>\n\n\n\n<li>Assessorar a Administra\u00e7\u00e3o Superior em assuntos de sua compet\u00eancia.<\/li>\n\n\n\n<li>Planejar e orientar programas de auditoria setorial e operacional.<\/li>\n\n\n\n<li>Realizar auditoria cont\u00ednua de procedimentos cont\u00e1beis e fiscais.<\/li>\n\n\n\n<li>Prestar servi\u00e7os de auditoria \u00e0s Promotorias de Justi\u00e7a.<\/li>\n<\/ul>\n\n\n\n<h3 class=\"wp-block-heading\" id=\"h-contador\">CONTADOR<\/h3>\n\n\n\n<p><strong>Requisito:<\/strong>&nbsp;N\u00edvel Superior Completo em Ci\u00eancias Cont\u00e1beis com registro ativo no CRC.<br \/><strong>Atribui\u00e7\u00f5es:<\/strong><\/p>\n\n\n\n<ul class=\"wp-block-list\">\n<li>Organizar balancetes, balan\u00e7os e demonstrativos de contas.<\/li>\n\n\n\n<li>Participar da elabora\u00e7\u00e3o do or\u00e7amento.<\/li>\n\n\n\n<li>Planejar e executar auditorias cont\u00e1beis.<\/li>\n\n\n\n<li>Elaborar relat\u00f3rios anal\u00edticos sobre a situa\u00e7\u00e3o patrimonial e financeira.<\/li>\n\n\n\n<li>Assessorar a Administra\u00e7\u00e3o Superior em quest\u00f5es financeiras e cont\u00e1beis.<\/li>\n<\/ul>\n\n\n\n<h3 class=\"wp-block-heading\" id=\"h-pedagogo\">PEDAGOGO<\/h3>\n\n\n\n<p><strong>Requisito:<\/strong>&nbsp;N\u00edvel Superior Completo em Pedagogia.<br \/><strong>Atribui\u00e7\u00f5es:<\/strong><\/p>\n\n\n\n<ul class=\"wp-block-list\">\n<li>Assessorar os \u00f3rg\u00e3os do MP-PR em assuntos relativos ao direito \u00e0 educa\u00e7\u00e3o.<\/li>\n\n\n\n<li>Elaborar pesquisas, pareceres t\u00e9cnicos e relat\u00f3rios.<\/li>\n\n\n\n<li>Avaliar sistemas educacionais e pol\u00edticas de educa\u00e7\u00e3o.<\/li>\n\n\n\n<li>Desenvolver processos pedag\u00f3gicos e projetos de capacita\u00e7\u00e3o.<\/li>\n\n\n\n<li>Participar na organiza\u00e7\u00e3o de eventos educacionais e ministrar palestras.<\/li>\n<\/ul>\n\n\n\n<h3 class=\"wp-block-heading\" id=\"h-psicologo\">PSIC\u00d3LOGO<\/h3>\n\n\n\n<p><strong>Requisito:<\/strong>&nbsp;N\u00edvel Superior Completo em Psicologia com registro ativo no CRP.<br \/><strong>Atribui\u00e7\u00f5es:<\/strong><\/p>\n\n\n\n<ul class=\"wp-block-list\">\n<li>Assessorar em assuntos relativos \u00e0 Psicologia.<\/li>\n\n\n\n<li>Realizar estudos psicossociais e prestar atendimento a pessoas e entidades sociais.<\/li>\n\n\n\n<li>Realizar visitas domiciliares e institucionais.<\/li>\n\n\n\n<li>Avaliar condi\u00e7\u00f5es intelectuais e emocionais de indiv\u00edduos.<\/li>\n\n\n\n<li>Participar de audi\u00eancias conciliat\u00f3rias e elaborar relat\u00f3rios t\u00e9cnicos.<\/li>\n\n\n\n<li>Prestar assessoria em planejamento e gest\u00e3o institucional.<\/li>\n<\/ul>\n\n\n\n<p>Saiba como ingressar na carreira jur\u00eddica conferindo o nosso artigo para <a href=\"https:\/\/cj.estrategia.com\/portal\/concurso-mp-pr-promotor\/\">Promotor do MP PR<\/a>.<\/p>\n\n\n\n<h2 class=\"wp-block-heading\" id=\"h-concurso-mp-pr-entrevista\">Concurso MP PR: entrevista <\/h2>\n\n\n\n<p>No dia 25 de julho de 2024 a jornalista do Estrat\u00e9gia Concursos L\u00edvia Fernanda Silva <a href=\"https:\/\/www.estrategiaconcursos.com.br\/blog\/concurso-mp-pr-exclusiva\/\">entrevistou a Diretora do Departamento de Gest\u00e3o de Pessoas do MP PR<\/a> e conseguiu informa\u00e7\u00f5es exclusivas sobre homologa\u00e7\u00e3o, nomea\u00e7\u00f5es, localidades de lota\u00e7\u00e3o e muito mais.<\/p>\n\n\n\n<hr class=\"wp-block-separator has-alpha-channel-opacity\"\/>\n\n\n\n<h2 class=\"wp-block-heading\" id=\"ultimo-concurso\">\u00daltimo concurso MP PR<\/h2>\n\n\n\n<p>O \u00faltimo edital MP PR foi publicado em <strong>2013<\/strong>. Na \u00e9poca, foram ofertadas <strong>131 vagas<\/strong> para cargos de n\u00edveis fundamental, m\u00e9dio e superior:<\/p>\n\n\n\n<ul class=\"wp-block-list\">\n<li>Auxiliar Administrativo; <\/li>\n\n\n\n<li>Motorista; <\/li>\n\n\n\n<li>Oficial de Promotoria; <\/li>\n\n\n\n<li>Auxiliar T\u00e9cnico; <\/li>\n\n\n\n<li>T\u00e9cnico em Edifica\u00e7\u00f5es; <\/li>\n\n\n\n<li>T\u00e9cnico em Hardware; <\/li>\n\n\n\n<li>Administrador; <\/li>\n\n\n\n<li>Analista de Banco de Dados; <\/li>\n\n\n\n<li>Analista de Comunica\u00e7\u00e3o; <\/li>\n\n\n\n<li>Analista de Opera\u00e7\u00f5es e Seguran\u00e7a; <\/li>\n\n\n\n<li>Arquiteto; <\/li>\n\n\n\n<li>Assistente Social; <\/li>\n\n\n\n<li>Auditor; <\/li>\n\n\n\n<li>Engenheiro Civil; <\/li>\n\n\n\n<li>Engenheiro Eletricista; <\/li>\n\n\n\n<li>Estat\u00edstico;<\/li>\n\n\n\n<li>M\u00e9dico; <\/li>\n\n\n\n<li>Pedagogo; e <\/li>\n\n\n\n<li>Psic\u00f3logo.<\/li>\n<\/ul>\n\n\n\n<p>A organiza\u00e7\u00e3o do certame ficou por conta da Empresa de Sele\u00e7\u00e3o P\u00fablica e Privada \u2013 ESPP. As remunera\u00e7\u00f5es foram:<\/p>\n\n\n\n<ul class=\"wp-block-list\">\n<li>N\u00edvel Superior: Vencimento b\u00e1sico (R$4.965,79) + Gratifica\u00e7\u00e3o de Produtividade 45% (R$2.234,60) + Gratifica\u00e7\u00e3o de Assiduidade (R$ 100,00)= R$ 7.300,39.<\/li>\n\n\n\n<li>N\u00edvel M\u00e9dio: Vencimento b\u00e1sico (R$ 2.603,79) + Gratifica\u00e7\u00e3o de Produtividade 45% (R$ 1.171,70) + Gratifica\u00e7\u00e3o de Assiduidade (R$ 100,00)= R$ 3.875,49.<\/li>\n\n\n\n<li>N\u00edvel Fundamental: Vencimento b\u00e1sico (R$1.577,62) + Gratifica\u00e7\u00e3o de Produtividade 45% (R$709,93) + Gratifica\u00e7\u00e3o de Assiduidade (R$ 100,00)= R$ 2.387,55.<\/li>\n<\/ul>\n\n\n\n<h2 class=\"wp-block-heading\" id=\"h-provas-e-etapas-do-ultimo-concurso-mp-pr\">Provas e etapas do \u00faltimo concurso MP PR<\/h2>\n\n\n\n<p>Os candidatos foram avaliados por meio de prova objetiva composta por 80 quest\u00f5es de m\u00faltipla escolha, sendo 80  pontos a pontua\u00e7\u00e3o m\u00e1xima e 40 pontos a pontua\u00e7\u00e3o m\u00ednima.<\/p>\n\n\n\n<p>Foram exigidos conhecimentos nas seguintes disciplinas:<\/p>\n\n\n\n<ul class=\"wp-block-list\">\n<li>L\u00edngua Portuguesa;<\/li>\n\n\n\n<li>Racioc\u00ednio L\u00f3gico;<\/li>\n\n\n\n<li>No\u00e7\u00f5es de Inform\u00e1tica;<\/li>\n\n\n\n<li>No\u00e7\u00f5es do Estatuto dos Servidores P\u00fablicos do Estado do Paran\u00e1;<\/li>\n\n\n\n<li>Conhecimentos espec\u00edficos.<\/li>\n<\/ul>\n\n\n\n<p>Os candidatos aos cargos de n\u00edveis m\u00e9dio\/t\u00e9cnico e n\u00edvel superior tamb\u00e9m foram submetidos \u00e0 prova discursiva, onde foram observados os seguintes crit\u00e9rios de avalia\u00e7\u00e3o:<\/p>\n\n\n\n<figure class=\"wp-block-image aligncenter size-large is-resized\"><img loading=\"lazy\" decoding=\"async\" width=\"1024\" height=\"310\" src=\"https:\/\/dhg1h5j42swfq.cloudfront.net\/2024\/02\/01155531\/captura-de-tela-2024-02-01-as-15-52-04-1024x310.png\" alt=\"Tabela de crit\u00e9rios da prova discursiva do \u00faltimo MP PR\" class=\"wp-image-1345297\" style=\"width:840px;height:auto\" srcset=\"https:\/\/dhg1h5j42swfq.cloudfront.net\/2024\/02\/01155531\/captura-de-tela-2024-02-01-as-15-52-04-1024x310.png 1024w, https:\/\/dhg1h5j42swfq.cloudfront.net\/2024\/02\/01155531\/captura-de-tela-2024-02-01-as-15-52-04-300x91.png 300w, https:\/\/dhg1h5j42swfq.cloudfront.net\/2024\/02\/01155531\/captura-de-tela-2024-02-01-as-15-52-04-768x232.png 768w, https:\/\/dhg1h5j42swfq.cloudfront.net\/2024\/02\/01155531\/captura-de-tela-2024-02-01-as-15-52-04-1536x464.png 1536w, https:\/\/dhg1h5j42swfq.cloudfront.net\/2024\/02\/01155531\/captura-de-tela-2024-02-01-as-15-52-04-2048x619.png 2048w, https:\/\/dhg1h5j42swfq.cloudfront.net\/2024\/02\/01155531\/captura-de-tela-2024-02-01-as-15-52-04-610x184.png 610w, https:\/\/dhg1h5j42swfq.cloudfront.net\/2024\/02\/01155531\/captura-de-tela-2024-02-01-as-15-52-04-150x45.png 150w\" sizes=\"auto, (max-width: 1024px) 100vw, 1024px\" \/><\/figure>\n\n\n\n<h3 class=\"wp-block-heading\" id=\"h-avaliacao-de-titulos\">Avalia\u00e7\u00e3o de t\u00edtulos<\/h3>\n\n\n\n<p>A avalia\u00e7\u00e3o de t\u00edtulos, de car\u00e1ter unicamente classificat\u00f3ria, foram observados os seguintes crit\u00e9rios:<\/p>\n\n\n\n<figure class=\"wp-block-image aligncenter size-large\"><img loading=\"lazy\" decoding=\"async\" width=\"1024\" height=\"337\" src=\"https:\/\/dhg1h5j42swfq.cloudfront.net\/2024\/02\/01155729\/captura-de-tela-2024-02-01-as-15-54-11-1024x337.png\" alt=\"Tabela de atribui\u00e7\u00e3o de pontos na avalia\u00e7\u00e3o de t\u00edtulos do \u00faltimo edital\" class=\"wp-image-1345306\" srcset=\"https:\/\/dhg1h5j42swfq.cloudfront.net\/2024\/02\/01155729\/captura-de-tela-2024-02-01-as-15-54-11-1024x337.png 1024w, https:\/\/dhg1h5j42swfq.cloudfront.net\/2024\/02\/01155729\/captura-de-tela-2024-02-01-as-15-54-11-300x99.png 300w, https:\/\/dhg1h5j42swfq.cloudfront.net\/2024\/02\/01155729\/captura-de-tela-2024-02-01-as-15-54-11-768x253.png 768w, https:\/\/dhg1h5j42swfq.cloudfront.net\/2024\/02\/01155729\/captura-de-tela-2024-02-01-as-15-54-11-1536x506.png 1536w, https:\/\/dhg1h5j42swfq.cloudfront.net\/2024\/02\/01155729\/captura-de-tela-2024-02-01-as-15-54-11-2048x675.png 2048w, https:\/\/dhg1h5j42swfq.cloudfront.net\/2024\/02\/01155729\/captura-de-tela-2024-02-01-as-15-54-11-610x201.png 610w, https:\/\/dhg1h5j42swfq.cloudfront.net\/2024\/02\/01155729\/captura-de-tela-2024-02-01-as-15-54-11-150x49.png 150w\" sizes=\"auto, (max-width: 1024px) 100vw, 1024px\" \/><\/figure>\n\n\n\n<h2 class=\"wp-block-heading has-text-align-center\" id=\"h-quer-saber-tudo-sobre-concursos-previstos-confira-nossos-artigos\">Quer saber tudo sobre concursos previstos?<br \/>Confira  nossos artigos!<\/h2>\n\n\n\n<ul class=\"wp-block-list\">\n<li><a href=\"https:\/\/www.estrategiaconcursos.com.br\/blog\/concursos-abertos\/\" target=\"_blank\" rel=\"noreferrer noopener\">Concursos abertos<\/a><\/li>\n\n\n\n<li><a href=\"https:\/\/www.estrategiaconcursos.com.br\/blog\/concursos-mp\/\">Concursos MP<\/a><\/li>\n\n\n\n<li><a href=\"https:\/\/www.estrategiaconcursos.com.br\/blog\/concursos-2025\/\">Concursos 2025<\/a><\/li>\n\n\n\n<li><a href=\"https:\/\/www.estrategiaconcursos.com.br\/blog\/concursos-2026\/\">Concursos 2026<\/a><\/li>\n<\/ul>\n\n\n\n<h2 class=\"wp-block-heading has-text-align-center\" id=\"h-quer-estudar-para-o-concurso-mp-pr\">Quer estudar para o concurso MP PR?<\/h2>\n\n\n\n<div class=\"container\" id=\"boxes\">\n  <div class=\"row\">\n\n    <div class=\"col-sm\">\n      <div class=\"banner-estrategia\" id=\"box-assinatura\">\n        <h3 class=\"titulo-assinatura\">Cursos para MP PR<\/h3>\n        <p class=\"subtitulo-assinatura\">Estude conosco<\/p>\n        <div class=\"box-botao\">\n          <a class=\"btn-assinatura\" target=\"_blank\" href=\"https:\/\/www.estrategiaconcursos.com.br\/cursosPorConcurso\/mp-pr-217\/\" role=\"button\" rel=\"noopener noreferrer\">Conhe\u00e7a os cursos<\/a>\n        <\/div>\n      <\/div>\n     \n    <\/div>\n\n  <\/div>\n<\/div>\n\n\n\n<div class=\"container\" id=\"boxes\">\n  <div class=\"row\">\n\n    <div class=\"col-sm\">\n      <div class=\"estrategia\" id=\"box-assinatura\">\n        <h3 class=\"titulo-assinatura\">Assinatura de Concursos<\/h3>\n        <p class=\"subtitulo-assinatura\">Assinatura de 1 ano ou 2 anos<\/p>\n        <div class=\"box-botao\">\n          <a class=\"btn-assinatura\" target=\"_blank\" href=\"https:\/\/www.estrategiaconcursos.com.br\/assinaturas\/\" role=\"button\" rel=\"noopener noreferrer\">ASSINE AGORA<\/a>\n        <\/div>\n      <\/div>\n     \n    <\/div><\/div><\/div>\n\n\n\n<figure class=\"wp-block-image size-large is-resized\"><img loading=\"lazy\" decoding=\"async\" width=\"1024\" height=\"632\" src=\"https:\/\/dhg1h5j42swfq.cloudfront.net\/2025\/06\/27101122\/ficha-tecnica-1-1024x632.png\" alt=\"Informa\u00e7\u00f5es do edital MP PR\" class=\"wp-image-702728\" style=\"width:246px;height:auto\" srcset=\"https:\/\/dhg1h5j42swfq.cloudfront.net\/2025\/06\/27101122\/ficha-tecnica-1-1024x632.png 1024w, https:\/\/dhg1h5j42swfq.cloudfront.net\/2025\/06\/27101122\/ficha-tecnica-1-300x185.png 300w, https:\/\/dhg1h5j42swfq.cloudfront.net\/2025\/06\/27101122\/ficha-tecnica-1-768x474.png 768w, https:\/\/dhg1h5j42swfq.cloudfront.net\/2025\/06\/27101122\/ficha-tecnica-1-1536x948.png 1536w, https:\/\/dhg1h5j42swfq.cloudfront.net\/2025\/06\/27101122\/ficha-tecnica-1-610x377.png 610w, https:\/\/dhg1h5j42swfq.cloudfront.net\/2025\/06\/27101122\/ficha-tecnica-1.png 1571w\" sizes=\"auto, (max-width: 1024px) 100vw, 1024px\" \/><\/figure>\n\n\n\n<h3 class=\"wp-block-heading\" id=\"block-ba1614b5-988b-41ef-892d-f4c9f7e9dd42\">Informa\u00e7\u00f5es do edital MP PR<\/h3>\n\n\n\n<ul id=\"block-46dd482c-33cf-409c-8762-75c111403f14\" class=\"wp-block-list\">\n<li><strong>Provas<\/strong>: <s>29\/09\/2024<\/s><\/li>\n\n\n\n<li><strong>Vagas<\/strong>: 86<\/li>\n\n\n\n<li><strong>Cargos<\/strong>: diversos<\/li>\n\n\n\n<li><strong>Banca<\/strong>: Instituto AOCP<\/li>\n\n\n\n<li><strong>Escolaridade<\/strong>: N\u00edveis Fundamental, M\u00e9dio e Superior <\/li>\n\n\n\n<li><strong>Edital<\/strong>:<a href=\"https:\/\/dhg1h5j42swfq.cloudfront.net\/2024\/01\/30185404\/edital-mp-pr.pdf\" target=\"_blank\" rel=\"noreferrer noopener nofollow\"> <\/a><a href=\"https:\/\/arquivos-site.institutoaocp.org.br\/publicacoes\/61daa7df-f391-4585-bbee-ef4e0317f7dc.pdf\">MP PR<\/a> \/ <a href=\"https:\/\/arquivos-site.institutoaocp.org.br\/publicacoes\/2758ae33-eacf-4960-8489-c083b2bb4148.pdf\">conte\u00fado program\u00e1tico<\/a> \/ <a href=\"https:\/\/arquivos-site.institutoaocp.org.br\/publicacoes\/975f189a-9dbb-48ce-adba-35ac00b96263.pdf\">cronograma<\/a><\/li>\n<\/ul>\n","protected":false},"excerpt":{"rendered":"<p>O Instituto AOCP publicou os resultados finais e a homologa\u00e7\u00e3o do concurso p\u00fablico do Minist\u00e9rio P\u00fablico do Paran\u00e1 (MP PR). A lista conta com os aprovados na ampla concorr\u00eancia, PcD e \u00e0s pessoas afrodescendentes. O edital ofereceu 86 vagas em diversos n\u00edveis de escolaridade. Os sal\u00e1rios iniciais variavam de R$5.353,38 a R$16.479,42, al\u00e9m de benef\u00edcios [&hellip;]<\/p>\n","protected":false},"author":1,"featured_media":1430317,"comment_status":"open","ping_status":"open","sticky":false,"template":"","format":"standard","meta":{"post_tipo":"news_page","footnotes":""},"categories":[1984,220219],"tags":[],"tax_estado":[219981],"class_list":["post-68535","post","type-post","status-publish","format-standard","has-post-thumbnail","hentry","category-tribunais","category-noticias","tax_estado-pr"],"acf":[],"yoast_head":"<!-- This site is optimized with the Yoast SEO Premium plugin v27.2 (Yoast SEO v27.2) - https:\/\/yoast.com\/product\/yoast-seo-premium-wordpress\/ -->\n<title>Concurso MP PR: resultado homologado!<\/title>\n<meta name=\"description\" content=\"Concurso MP PR: divulgados os resultados finais e homologa\u00e7\u00e3o dos aprovados! Foram ofertadas 86 vagas com iniciais de at\u00e9 R$ 16 mil.\" \/>\n<meta name=\"robots\" content=\"index, follow, max-snippet:-1, max-image-preview:large, max-video-preview:-1\" \/>\n<link rel=\"canonical\" href=\"https:\/\/www.estrategiaconcursos.com.br\/blog\/concurso-mp-pr\/\" \/>\n<meta property=\"og:locale\" content=\"pt_BR\" \/>\n<meta property=\"og:type\" content=\"article\" \/>\n<meta property=\"og:title\" content=\"Concurso MP PR: resultado homologado!\" \/>\n<meta property=\"og:description\" content=\"Concurso MP PR: divulgados os resultados finais e homologa\u00e7\u00e3o dos aprovados! Foram ofertadas 86 vagas com iniciais de at\u00e9 R$ 16 mil.\" \/>\n<meta property=\"og:url\" content=\"https:\/\/www.estrategiaconcursos.com.br\/blog\/concurso-mp-pr\/\" \/>\n<meta property=\"og:site_name\" content=\"Estrat\u00e9gia Concursos\" \/>\n<meta property=\"article:author\" content=\"https:\/\/www.facebook.com\/EstrategiaConcursos\" \/>\n<meta property=\"article:published_time\" content=\"2026-03-30T13:43:00+00:00\" \/>\n<meta property=\"article:modified_time\" content=\"2026-03-30T19:25:12+00:00\" \/>\n<meta property=\"og:image\" content=\"https:\/\/dhg1h5j42swfq.cloudfront.net\/2024\/07\/15124302\/mp-pr.jpg\" \/>\n\t<meta property=\"og:image:width\" content=\"768\" \/>\n\t<meta property=\"og:image:height\" content=\"432\" \/>\n\t<meta property=\"og:image:type\" content=\"image\/jpeg\" \/>\n<meta name=\"author\" content=\"Coordena\u00e7\u00e3o\" \/>\n<meta name=\"twitter:card\" content=\"summary_large_image\" \/>\n<meta name=\"twitter:creator\" content=\"@EstratConcursos\" \/>\n<meta name=\"twitter:site\" content=\"@EstratConcursos\" \/>\n<meta name=\"twitter:label1\" content=\"Escrito por\" \/>\n\t<meta name=\"twitter:data1\" content=\"Coordena\u00e7\u00e3o\" \/>\n\t<meta name=\"twitter:label2\" content=\"Est. tempo de leitura\" \/>\n\t<meta name=\"twitter:data2\" content=\"10 minutos\" \/>\n<script type=\"application\/ld+json\" class=\"yoast-schema-graph\">{\"@context\":\"https:\/\/schema.org\",\"@graph\":[{\"@type\":\"NewsArticle\",\"@id\":\"https:\/\/www.estrategiaconcursos.com.br\/blog\/concurso-mp-pr\/#article\",\"isPartOf\":{\"@id\":\"https:\/\/www.estrategiaconcursos.com.br\/blog\/concurso-mp-pr\/\"},\"author\":{\"name\":\"Coordena\u00e7\u00e3o\",\"@id\":\"https:\/\/www.estrategiaconcursos.com.br\/blog\/#\/schema\/person\/b4a388c97673c5f483d72185668afa1f\"},\"headline\":\"Concurso MP PR: resultado homologado!\",\"datePublished\":\"2026-03-30T13:43:00+00:00\",\"dateModified\":\"2026-03-30T19:25:12+00:00\",\"mainEntityOfPage\":{\"@id\":\"https:\/\/www.estrategiaconcursos.com.br\/blog\/concurso-mp-pr\/\"},\"wordCount\":2048,\"commentCount\":0,\"publisher\":{\"@id\":\"https:\/\/www.estrategiaconcursos.com.br\/blog\/#organization\"},\"image\":{\"@id\":\"https:\/\/www.estrategiaconcursos.com.br\/blog\/concurso-mp-pr\/#primaryimage\"},\"thumbnailUrl\":\"https:\/\/dhg1h5j42swfq.cloudfront.net\/2024\/07\/15124302\/mp-pr.jpg\",\"articleSection\":[\"Tribunais\",\"\u00daltimas not\u00edcias\"],\"inLanguage\":\"pt-BR\",\"potentialAction\":[{\"@type\":\"CommentAction\",\"name\":\"Comment\",\"target\":[\"https:\/\/www.estrategiaconcursos.com.br\/blog\/concurso-mp-pr\/#respond\"]}],\"copyrightYear\":\"2026\",\"copyrightHolder\":{\"@id\":\"https:\/\/www.estrategiaconcursos.com.br\/blog\/#organization\"}},{\"@type\":\"WebPage\",\"@id\":\"https:\/\/www.estrategiaconcursos.com.br\/blog\/concurso-mp-pr\/\",\"url\":\"https:\/\/www.estrategiaconcursos.com.br\/blog\/concurso-mp-pr\/\",\"name\":\"Concurso MP PR: resultado homologado!\",\"isPartOf\":{\"@id\":\"https:\/\/www.estrategiaconcursos.com.br\/blog\/#website\"},\"primaryImageOfPage\":{\"@id\":\"https:\/\/www.estrategiaconcursos.com.br\/blog\/concurso-mp-pr\/#primaryimage\"},\"image\":{\"@id\":\"https:\/\/www.estrategiaconcursos.com.br\/blog\/concurso-mp-pr\/#primaryimage\"},\"thumbnailUrl\":\"https:\/\/dhg1h5j42swfq.cloudfront.net\/2024\/07\/15124302\/mp-pr.jpg\",\"datePublished\":\"2026-03-30T13:43:00+00:00\",\"dateModified\":\"2026-03-30T19:25:12+00:00\",\"description\":\"Concurso MP PR: divulgados os resultados finais e homologa\u00e7\u00e3o dos aprovados! Foram ofertadas 86 vagas com iniciais de at\u00e9 R$ 16 mil.\",\"breadcrumb\":{\"@id\":\"https:\/\/www.estrategiaconcursos.com.br\/blog\/concurso-mp-pr\/#breadcrumb\"},\"inLanguage\":\"pt-BR\",\"potentialAction\":[{\"@type\":\"ReadAction\",\"target\":[\"https:\/\/www.estrategiaconcursos.com.br\/blog\/concurso-mp-pr\/\"]}]},{\"@type\":\"ImageObject\",\"inLanguage\":\"pt-BR\",\"@id\":\"https:\/\/www.estrategiaconcursos.com.br\/blog\/concurso-mp-pr\/#primaryimage\",\"url\":\"https:\/\/dhg1h5j42swfq.cloudfront.net\/2024\/07\/15124302\/mp-pr.jpg\",\"contentUrl\":\"https:\/\/dhg1h5j42swfq.cloudfront.net\/2024\/07\/15124302\/mp-pr.jpg\",\"width\":768,\"height\":432,\"caption\":\"concurso mp pr\"},{\"@type\":\"BreadcrumbList\",\"@id\":\"https:\/\/www.estrategiaconcursos.com.br\/blog\/concurso-mp-pr\/#breadcrumb\",\"itemListElement\":[{\"@type\":\"ListItem\",\"position\":1,\"name\":\"In\u00edcio\",\"item\":\"https:\/\/www.estrategiaconcursos.com.br\/blog\/\"},{\"@type\":\"ListItem\",\"position\":2,\"name\":\"Concurso MP PR: resultado homologado!\"}]},{\"@type\":\"WebSite\",\"@id\":\"https:\/\/www.estrategiaconcursos.com.br\/blog\/#website\",\"url\":\"https:\/\/www.estrategiaconcursos.com.br\/blog\/\",\"name\":\"Estrat\u00e9gia Concursos\",\"description\":\"O blog da Estrat\u00e9gia Concursos traz not\u00edcias sobre concursos e artigos de professores oferecendo cursos para concursos (pdf + videaulas) no site.\",\"publisher\":{\"@id\":\"https:\/\/www.estrategiaconcursos.com.br\/blog\/#organization\"},\"potentialAction\":[{\"@type\":\"SearchAction\",\"target\":{\"@type\":\"EntryPoint\",\"urlTemplate\":\"https:\/\/www.estrategiaconcursos.com.br\/blog\/?s={search_term_string}\"},\"query-input\":{\"@type\":\"PropertyValueSpecification\",\"valueRequired\":true,\"valueName\":\"search_term_string\"}}],\"inLanguage\":\"pt-BR\"},{\"@type\":\"Organization\",\"@id\":\"https:\/\/www.estrategiaconcursos.com.br\/blog\/#organization\",\"name\":\"Estrat\u00e9gia Concursos\",\"url\":\"https:\/\/www.estrategiaconcursos.com.br\/blog\/\",\"logo\":{\"@type\":\"ImageObject\",\"inLanguage\":\"pt-BR\",\"@id\":\"https:\/\/www.estrategiaconcursos.com.br\/blog\/#\/schema\/logo\/image\/\",\"url\":\"https:\/\/dhg1h5j42swfq.cloudfront.net\/2025\/06\/03203428\/logo_concursos-1.jpg\",\"contentUrl\":\"https:\/\/dhg1h5j42swfq.cloudfront.net\/2025\/06\/03203428\/logo_concursos-1.jpg\",\"width\":230,\"height\":60,\"caption\":\"Estrat\u00e9gia Concursos\"},\"image\":{\"@id\":\"https:\/\/www.estrategiaconcursos.com.br\/blog\/#\/schema\/logo\/image\/\"},\"sameAs\":[\"https:\/\/x.com\/EstratConcursos\"]},{\"@type\":\"Person\",\"@id\":\"https:\/\/www.estrategiaconcursos.com.br\/blog\/#\/schema\/person\/b4a388c97673c5f483d72185668afa1f\",\"name\":\"Coordena\u00e7\u00e3o\",\"image\":{\"@type\":\"ImageObject\",\"inLanguage\":\"pt-BR\",\"@id\":\"https:\/\/secure.gravatar.com\/avatar\/b720319e4c9a967eb58678d110f4fe35452fc5d5f97b202bac7b8acceb18c6ad?s=96&d=mm&r=g\",\"url\":\"https:\/\/secure.gravatar.com\/avatar\/b720319e4c9a967eb58678d110f4fe35452fc5d5f97b202bac7b8acceb18c6ad?s=96&d=mm&r=g\",\"contentUrl\":\"https:\/\/secure.gravatar.com\/avatar\/b720319e4c9a967eb58678d110f4fe35452fc5d5f97b202bac7b8acceb18c6ad?s=96&d=mm&r=g\",\"caption\":\"Coordena\u00e7\u00e3o\"},\"sameAs\":[\"https:\/\/www.facebook.com\/EstrategiaConcursos\",\"https:\/\/x.com\/EstratConcursos\"],\"url\":\"https:\/\/www.estrategiaconcursos.com.br\/blog\/author\/estrategia2013\/\"}]}<\/script>\n<!-- \/ Yoast SEO Premium plugin. -->","yoast_head_json":{"title":"Concurso MP PR: resultado homologado!","description":"Concurso MP PR: divulgados os resultados finais e homologa\u00e7\u00e3o dos aprovados! Foram ofertadas 86 vagas com iniciais de at\u00e9 R$ 16 mil.","robots":{"index":"index","follow":"follow","max-snippet":"max-snippet:-1","max-image-preview":"max-image-preview:large","max-video-preview":"max-video-preview:-1"},"canonical":"https:\/\/www.estrategiaconcursos.com.br\/blog\/concurso-mp-pr\/","og_locale":"pt_BR","og_type":"article","og_title":"Concurso MP PR: resultado homologado!","og_description":"Concurso MP PR: divulgados os resultados finais e homologa\u00e7\u00e3o dos aprovados! Foram ofertadas 86 vagas com iniciais de at\u00e9 R$ 16 mil.","og_url":"https:\/\/www.estrategiaconcursos.com.br\/blog\/concurso-mp-pr\/","og_site_name":"Estrat\u00e9gia Concursos","article_author":"https:\/\/www.facebook.com\/EstrategiaConcursos","article_published_time":"2026-03-30T13:43:00+00:00","article_modified_time":"2026-03-30T19:25:12+00:00","og_image":[{"width":768,"height":432,"url":"https:\/\/dhg1h5j42swfq.cloudfront.net\/2024\/07\/15124302\/mp-pr.jpg","type":"image\/jpeg"}],"author":"Coordena\u00e7\u00e3o","twitter_card":"summary_large_image","twitter_creator":"@EstratConcursos","twitter_site":"@EstratConcursos","twitter_misc":{"Escrito por":"Coordena\u00e7\u00e3o","Est. tempo de leitura":"10 minutos"},"schema":{"@context":"https:\/\/schema.org","@graph":[{"@type":"NewsArticle","@id":"https:\/\/www.estrategiaconcursos.com.br\/blog\/concurso-mp-pr\/#article","isPartOf":{"@id":"https:\/\/www.estrategiaconcursos.com.br\/blog\/concurso-mp-pr\/"},"author":{"name":"Coordena\u00e7\u00e3o","@id":"https:\/\/www.estrategiaconcursos.com.br\/blog\/#\/schema\/person\/b4a388c97673c5f483d72185668afa1f"},"headline":"Concurso MP PR: resultado homologado!","datePublished":"2026-03-30T13:43:00+00:00","dateModified":"2026-03-30T19:25:12+00:00","mainEntityOfPage":{"@id":"https:\/\/www.estrategiaconcursos.com.br\/blog\/concurso-mp-pr\/"},"wordCount":2048,"commentCount":0,"publisher":{"@id":"https:\/\/www.estrategiaconcursos.com.br\/blog\/#organization"},"image":{"@id":"https:\/\/www.estrategiaconcursos.com.br\/blog\/concurso-mp-pr\/#primaryimage"},"thumbnailUrl":"https:\/\/dhg1h5j42swfq.cloudfront.net\/2024\/07\/15124302\/mp-pr.jpg","articleSection":["Tribunais","\u00daltimas not\u00edcias"],"inLanguage":"pt-BR","potentialAction":[{"@type":"CommentAction","name":"Comment","target":["https:\/\/www.estrategiaconcursos.com.br\/blog\/concurso-mp-pr\/#respond"]}],"copyrightYear":"2026","copyrightHolder":{"@id":"https:\/\/www.estrategiaconcursos.com.br\/blog\/#organization"}},{"@type":"WebPage","@id":"https:\/\/www.estrategiaconcursos.com.br\/blog\/concurso-mp-pr\/","url":"https:\/\/www.estrategiaconcursos.com.br\/blog\/concurso-mp-pr\/","name":"Concurso MP PR: resultado homologado!","isPartOf":{"@id":"https:\/\/www.estrategiaconcursos.com.br\/blog\/#website"},"primaryImageOfPage":{"@id":"https:\/\/www.estrategiaconcursos.com.br\/blog\/concurso-mp-pr\/#primaryimage"},"image":{"@id":"https:\/\/www.estrategiaconcursos.com.br\/blog\/concurso-mp-pr\/#primaryimage"},"thumbnailUrl":"https:\/\/dhg1h5j42swfq.cloudfront.net\/2024\/07\/15124302\/mp-pr.jpg","datePublished":"2026-03-30T13:43:00+00:00","dateModified":"2026-03-30T19:25:12+00:00","description":"Concurso MP PR: divulgados os resultados finais e homologa\u00e7\u00e3o dos aprovados! Foram ofertadas 86 vagas com iniciais de at\u00e9 R$ 16 mil.","breadcrumb":{"@id":"https:\/\/www.estrategiaconcursos.com.br\/blog\/concurso-mp-pr\/#breadcrumb"},"inLanguage":"pt-BR","potentialAction":[{"@type":"ReadAction","target":["https:\/\/www.estrategiaconcursos.com.br\/blog\/concurso-mp-pr\/"]}]},{"@type":"ImageObject","inLanguage":"pt-BR","@id":"https:\/\/www.estrategiaconcursos.com.br\/blog\/concurso-mp-pr\/#primaryimage","url":"https:\/\/dhg1h5j42swfq.cloudfront.net\/2024\/07\/15124302\/mp-pr.jpg","contentUrl":"https:\/\/dhg1h5j42swfq.cloudfront.net\/2024\/07\/15124302\/mp-pr.jpg","width":768,"height":432,"caption":"concurso mp pr"},{"@type":"BreadcrumbList","@id":"https:\/\/www.estrategiaconcursos.com.br\/blog\/concurso-mp-pr\/#breadcrumb","itemListElement":[{"@type":"ListItem","position":1,"name":"In\u00edcio","item":"https:\/\/www.estrategiaconcursos.com.br\/blog\/"},{"@type":"ListItem","position":2,"name":"Concurso MP PR: resultado homologado!"}]},{"@type":"WebSite","@id":"https:\/\/www.estrategiaconcursos.com.br\/blog\/#website","url":"https:\/\/www.estrategiaconcursos.com.br\/blog\/","name":"Estrat\u00e9gia Concursos","description":"O blog da Estrat\u00e9gia Concursos traz not\u00edcias sobre concursos e artigos de professores oferecendo cursos para concursos (pdf + videaulas) no site.","publisher":{"@id":"https:\/\/www.estrategiaconcursos.com.br\/blog\/#organization"},"potentialAction":[{"@type":"SearchAction","target":{"@type":"EntryPoint","urlTemplate":"https:\/\/www.estrategiaconcursos.com.br\/blog\/?s={search_term_string}"},"query-input":{"@type":"PropertyValueSpecification","valueRequired":true,"valueName":"search_term_string"}}],"inLanguage":"pt-BR"},{"@type":"Organization","@id":"https:\/\/www.estrategiaconcursos.com.br\/blog\/#organization","name":"Estrat\u00e9gia Concursos","url":"https:\/\/www.estrategiaconcursos.com.br\/blog\/","logo":{"@type":"ImageObject","inLanguage":"pt-BR","@id":"https:\/\/www.estrategiaconcursos.com.br\/blog\/#\/schema\/logo\/image\/","url":"https:\/\/dhg1h5j42swfq.cloudfront.net\/2025\/06\/03203428\/logo_concursos-1.jpg","contentUrl":"https:\/\/dhg1h5j42swfq.cloudfront.net\/2025\/06\/03203428\/logo_concursos-1.jpg","width":230,"height":60,"caption":"Estrat\u00e9gia Concursos"},"image":{"@id":"https:\/\/www.estrategiaconcursos.com.br\/blog\/#\/schema\/logo\/image\/"},"sameAs":["https:\/\/x.com\/EstratConcursos"]},{"@type":"Person","@id":"https:\/\/www.estrategiaconcursos.com.br\/blog\/#\/schema\/person\/b4a388c97673c5f483d72185668afa1f","name":"Coordena\u00e7\u00e3o","image":{"@type":"ImageObject","inLanguage":"pt-BR","@id":"https:\/\/secure.gravatar.com\/avatar\/b720319e4c9a967eb58678d110f4fe35452fc5d5f97b202bac7b8acceb18c6ad?s=96&d=mm&r=g","url":"https:\/\/secure.gravatar.com\/avatar\/b720319e4c9a967eb58678d110f4fe35452fc5d5f97b202bac7b8acceb18c6ad?s=96&d=mm&r=g","contentUrl":"https:\/\/secure.gravatar.com\/avatar\/b720319e4c9a967eb58678d110f4fe35452fc5d5f97b202bac7b8acceb18c6ad?s=96&d=mm&r=g","caption":"Coordena\u00e7\u00e3o"},"sameAs":["https:\/\/www.facebook.com\/EstrategiaConcursos","https:\/\/x.com\/EstratConcursos"],"url":"https:\/\/www.estrategiaconcursos.com.br\/blog\/author\/estrategia2013\/"}]}},"_links":{"self":[{"href":"https:\/\/www.estrategiaconcursos.com.br\/blog\/wp-json\/wp\/v2\/posts\/68535","targetHints":{"allow":["GET"]}}],"collection":[{"href":"https:\/\/www.estrategiaconcursos.com.br\/blog\/wp-json\/wp\/v2\/posts"}],"about":[{"href":"https:\/\/www.estrategiaconcursos.com.br\/blog\/wp-json\/wp\/v2\/types\/post"}],"author":[{"embeddable":true,"href":"https:\/\/www.estrategiaconcursos.com.br\/blog\/wp-json\/wp\/v2\/users\/1"}],"replies":[{"embeddable":true,"href":"https:\/\/www.estrategiaconcursos.com.br\/blog\/wp-json\/wp\/v2\/comments?post=68535"}],"version-history":[{"count":69,"href":"https:\/\/www.estrategiaconcursos.com.br\/blog\/wp-json\/wp\/v2\/posts\/68535\/revisions"}],"predecessor-version":[{"id":1745578,"href":"https:\/\/www.estrategiaconcursos.com.br\/blog\/wp-json\/wp\/v2\/posts\/68535\/revisions\/1745578"}],"wp:featuredmedia":[{"embeddable":true,"href":"https:\/\/www.estrategiaconcursos.com.br\/blog\/wp-json\/wp\/v2\/media\/1430317"}],"wp:attachment":[{"href":"https:\/\/www.estrategiaconcursos.com.br\/blog\/wp-json\/wp\/v2\/media?parent=68535"}],"wp:term":[{"taxonomy":"category","embeddable":true,"href":"https:\/\/www.estrategiaconcursos.com.br\/blog\/wp-json\/wp\/v2\/categories?post=68535"},{"taxonomy":"post_tag","embeddable":true,"href":"https:\/\/www.estrategiaconcursos.com.br\/blog\/wp-json\/wp\/v2\/tags?post=68535"},{"taxonomy":"tax_estado","embeddable":true,"href":"https:\/\/www.estrategiaconcursos.com.br\/blog\/wp-json\/wp\/v2\/tax_estado?post=68535"}],"curies":[{"name":"wp","href":"https:\/\/api.w.org\/{rel}","templated":true}]}}