{"id":685061,"date":"2021-03-04T16:03:29","date_gmt":"2021-03-04T19:03:29","guid":{"rendered":"https:\/\/www.estrategiaconcursos.com.br\/blog\/?p=685061"},"modified":"2021-03-05T18:29:20","modified_gmt":"2021-03-05T21:29:20","slug":"atualidades-e-conhecimentos-sobre-o-estado-para-dicas-para-as-provas-da-pcpa","status":"publish","type":"post","link":"https:\/\/www.estrategiaconcursos.com.br\/blog\/atualidades-e-conhecimentos-sobre-o-estado-para-dicas-para-as-provas-da-pcpa\/","title":{"rendered":"Atualidades e conhecimentos sobre o Estado Par\u00e1: Dicas para as provas da PCPA"},"content":{"rendered":"\n<p>Nesta reta final, eu trouxe algumas dicas que considero muito quentes para a sua prova e que ser\u00e3o grandes diferenciais para voc\u00ea gabaritar as quest\u00f5es de atualidades e conhecimentos do Estado Par\u00e1. S\u00e3o tr\u00eas t\u00f3picos, e segue o arsenal que vai melhorar o seu repert\u00f3rio para a prova. Sem delongas, vamos l\u00e1:<\/p>\n\n\n\n<h2 class=\"wp-block-heading\">1.1 Realidade \u00e9tnica, social, hist\u00f3rica, geogr\u00e1fica, cultural, pol\u00edtica e econ\u00f4mica do Estado do Par\u00e1.<\/h2>\n\n\n\n<p>Este t\u00f3pico \u00e9 bem amplo, e a banca AOCP gosta dos assuntos culturais. Pelo perfil do concurso e pelo que \u00e9 cobrado no edital, \u00e9 muito prov\u00e1vel que a banca explore o tema, mas que tamb\u00e9m fa\u00e7a alguma observa\u00e7\u00e3o quanto ao tema <em>seguran\u00e7a p\u00fablica<\/em>. Nas rodadas anteriores, sugeri temas como a Cabanagem devido \u00e0 not\u00edcia trivial de que encontraram moedas da \u00e9poca, que estavam sendo vendidas pela internet. \u00c9 um baita gancho, bem como as opera\u00e7\u00f5es de policiamento da prociss\u00e3o do C\u00edrio de Nazar\u00e9, maior prociss\u00e3o do Brasil e patrim\u00f4nio da humanidade, pois mesmo com a suspens\u00e3o da romaria oficial, a opera\u00e7\u00e3o teve de lidar com uma das maiores aglomera\u00e7\u00f5es ocorridas at\u00e9 ent\u00e3o no pa\u00eds, durante o isolamento social.<\/p>\n\n\n\n<p>A maioria das quest\u00f5es de concursos das carreiras policiais na regi\u00e3o norte frisa bastante a cultura cabocla e miscigenada, com um forte componente ind\u00edgena que influencia profundamente a cultura paraense e seus ritmos, como os do Bumba meu Boi ou como o Carimb\u00f3 e as Marujadas. A forma\u00e7\u00e3o de quilombos ao longo do rio Trombetas \u00e9 um tema que tem aparecido bastante em estudos recentes e em provas de concursos. Eles fugiam das fazendas de Cacau da regi\u00e3o e tentavam chegar at\u00e9 a Guiana Francesa, que aboliu a escravid\u00e3o antes do Brasil. Outro poss\u00edvel tema \u00e9 a funda\u00e7\u00e3o de Bel\u00e9m, Feliz Lusit\u00e2nia, assim como a constru\u00e7\u00e3o do Forte do Pres\u00e9pio, em 1616, para defender a foz do rio Amazonas.<\/p>\n\n\n\n<h2 class=\"wp-block-heading\">1.2 Realidade pol\u00edtica e econ\u00f4mica do Estado do Par\u00e1.<\/h2>\n\n\n\n<p>O agroneg\u00f3cio \u00e9 a atividade econ\u00f4mica que mais cresceu e se desenvolveu no Brasil nos \u00faltimos anos e, durante a pandemia, foi o \u00fanico setor que cresceu, indicando que a recupera\u00e7\u00e3o econ\u00f4mica seja ancorada no Agroneg\u00f3cio. O gado e os gr\u00e3os de milho e de soja s\u00e3o os principais produtos exportados desse setor.<\/p>\n\n\n\n<p>De acordo com o site p\u00fablico Agencia Par\u00e1, o registro acumulado do ano de 2020 alcan\u00e7a a evolu\u00e7\u00e3o de 62,41% em rela\u00e7\u00e3o ao mesmo per\u00edodo de 2019. A soja \u00e9 o principal produto agro exportado pelo Par\u00e1, (50,13%), seguido da carne bovina (19,54%).&nbsp;<\/p>\n\n\n\n<figure class=\"wp-block-image size-large\"><img loading=\"lazy\" decoding=\"async\" width=\"1024\" height=\"683\" src=\"https:\/\/dhg1h5j42swfq.cloudfront.net\/2021\/03\/04155707\/atualidades-e-conhecimentos-do-estado-para-i-1024x683.jpg\" alt=\"\" class=\"wp-image-685311\" srcset=\"https:\/\/dhg1h5j42swfq.cloudfront.net\/2021\/03\/04155707\/atualidades-e-conhecimentos-do-estado-para-i-1024x683.jpg 1024w, https:\/\/dhg1h5j42swfq.cloudfront.net\/2021\/03\/04155707\/atualidades-e-conhecimentos-do-estado-para-i-300x200.jpg 300w, https:\/\/dhg1h5j42swfq.cloudfront.net\/2021\/03\/04155707\/atualidades-e-conhecimentos-do-estado-para-i-768x512.jpg 768w, https:\/\/dhg1h5j42swfq.cloudfront.net\/2021\/03\/04155707\/atualidades-e-conhecimentos-do-estado-para-i-610x407.jpg 610w, https:\/\/dhg1h5j42swfq.cloudfront.net\/2021\/03\/04155707\/atualidades-e-conhecimentos-do-estado-para-i.jpg 1300w\" sizes=\"auto, (max-width: 1024px) 100vw, 1024px\" \/><\/figure>\n\n\n\n<p>O principal gargalo log\u00edstico para o desenvolvimento do agroneg\u00f3cio \u00e9 o escoamento da produ\u00e7\u00e3o, que \u00e9 feita, em boa parte, por rodovias, pois os portos no Brasil possuem altas taxas, apesar da infraestrutura n\u00e3o corresponder. As obras previstas como a amplia\u00e7\u00e3o do corredor log\u00edstico norte, por meio da constru\u00e7\u00e3o da <strong>Ferrogr\u00e3o<\/strong> e o aumento da capacidade da <strong>hidrovia Tocantins<\/strong>, s\u00e3o para desenvolver o agroneg\u00f3cio, diminuir custos de transporte, gasto energ\u00e9tico e a emiss\u00e3o de poluentes. A maior parte da madeira \u00e9 retirada ilegalmente, sendo 80 % consumida no Brasil, principalmente no Sudeste e Nordeste, sendo essa a atividade da dianteira do avan\u00e7o do agroneg\u00f3cio, pois abre os espa\u00e7os para as pastagens e lavouras. As obras de infraestrutura de comunica\u00e7\u00e3o e a infraestrutura sanit\u00e1ria, por exemplo, ter\u00e3o participa\u00e7\u00e3o da iniciativa privada. Foi o novo marco legal do saneamento que permitiu a contrata\u00e7\u00e3o de empresas privadas de saneamento e que munic\u00edpios pequenos fizessem cons\u00f3rcios conjuntos.<\/p>\n\n\n\n<p>O estado possui a segunda maior produ\u00e7\u00e3o de eletricidade do pa\u00eds e exporta a maior parte da energia produzida por Tucuru\u00ed e Belo Monte. O Brasil \u00e9 o pa\u00eds que possui a maior participa\u00e7\u00e3o das fontes de energia renov\u00e1veis no mundo, e a hidroeletricidade possui um grande destaque. Tucuru\u00ed foi constru\u00edda para fornecer energia para a extra\u00e7\u00e3o mineral do complexo de Caraj\u00e1s na d\u00e9cada de 80, e Belo Monte foi inaugurada em 2015. A hidreletricidade \u00e9 limpa e renov\u00e1vel, mas possui impactos, como a altera\u00e7\u00e3o da paisagem, os alagamentos de \u00e1reas ind\u00edgenas e de comunidades ribeirinhas e o deslocamento involunt\u00e1rio da popula\u00e7\u00e3o. Essa \u00e9 uma das raz\u00f5es do grande aumento da popula\u00e7\u00e3o urbana em Altamira, que est\u00e1 na origem da viol\u00eancia do munic\u00edpio, um dos mais violentos do pa\u00eds.<\/p>\n\n\n\n<p>Vai prestar o concurso da PRF? <a href=\"https:\/\/www.estrategiaconcursos.com.br\/curso\/passo-estrategico-de-geopolitica-brasileira-p-prf-policial-pos-edital\/\">Clique aqui<\/a> para conhecer o Passo Estrat\u00e9gico, e veja dicas decisivas para sua aprova\u00e7\u00e3o. <\/p>\n\n\n\n<h2 class=\"wp-block-heading\">Atualidades e conhecimentos sobre o Estado Par\u00e1 2<\/h2>\n\n\n\n<h3 class=\"wp-block-heading\">2. A quest\u00e3o Agr\u00e1ria e Miner\u00e1ria e os conflitos territoriais no Estado do Par\u00e1.<\/h3>\n\n\n\n<p>O processo de ocupa\u00e7\u00e3o do territ\u00f3rio amaz\u00f4nico, ocorrido na d\u00e9cada de 70, foi fundado na constru\u00e7\u00e3o de grandes obras fara\u00f4nicas, como a rodovia transamaz\u00f4nica \u2013 BR 230, e no est\u00edmulo ao povoamento por meio da concess\u00e3o de isen\u00e7\u00f5es fiscais e o incentivo \u00e0 ocupa\u00e7\u00e3o comercial da regi\u00e3o. Ao longo dos anos, a pol\u00edtica rodoviarista imperou e provocou transforma\u00e7\u00f5es no espa\u00e7o que chamamos de efeito espinha de peixe, que \u00e9 quando, ao longo das rodovias constru\u00eddas, surgem madeireiras ilegais, aumentando a grilagem de terras.<\/p>\n\n\n\n<p>O agroneg\u00f3cio \u00e9 respons\u00e1vel pelo avan\u00e7o da fronteira agr\u00edcola, pressionando Unidades de Conserva\u00e7\u00e3o e Terras ind\u00edgenas. A disputa pela posse da terra \u00e9 muito violenta, sendo muito diferentes os interesses dos fazendeiros, madeireiros, ind\u00edgenas, comunidades quilombolas, ribeirinhos e trabalhadores sem-terra. O estado possui muitos problemas de titula\u00e7\u00e3o de propriedades e grilagem, o que provoca conflitos violentos. A Pastoral da Terra e os movimentos sociais, como o movimento dos atingidos por barragens (MAB), atuam bastante na regi\u00e3o, e a atua\u00e7\u00e3o desses grupos \u00e9 frequentemente citada ou cobrada nas provas de concursos.<\/p>\n\n\n\n<p>O efeito espinha de peixe \u00e9 not\u00e1vel principalmente no Oeste paraense, nas \u00e1reas impactadas pela BR-163, conhecida como Cuiab\u00e1-Santar\u00e9m, e pela BR-230, conhecida como Transamaz\u00f4nica. A explora\u00e7\u00e3o madeireira e o garimpo ilegal s\u00e3o os principais conflitos na regi\u00e3o e est\u00e3o diretamente relacionados ao avan\u00e7o da expans\u00e3o da fronteira agr\u00edcola, como \u00e9 evidente na Terra Ind\u00edgena Cachoeira Seca.\u00a0 O garimpo ilegal \u00e9 assunto de muitas not\u00edcias, principalmente em Novo Progresso, na terra ind\u00edgena <strong>Munduruku<\/strong> e nas Unidades de Conserva\u00e7\u00e3o, ao longo do rio Tapaj\u00f3s, como a <strong>APA Crepori<\/strong> e <strong>APATapaj\u00f3s.<\/strong><\/p>\n\n\n\n<p>As queimadas na Amaz\u00f4nia s\u00e3o um exemplo da press\u00e3o sobre as Unidades de Conserva\u00e7\u00e3o e uma grande aposta para sua prova. Os tra\u00e7ados das queimadas s\u00e3o coincidentes com o das rodovias, que vetorizam o povoamento, o desmatamento e os inc\u00eandios. O Dia do Fogo refere-se \u00e0s queimadas localizadas principalmente nos munic\u00edpios ao longo da BR- 163. O melhor exemplo de press\u00e3o sobre as \u00e1reas protegidas \u00e9 o caso do <strong>Parque Nacional do Jamanxim<\/strong>, que foi fracionado em Parna, Flona e APA.<\/p>\n\n\n\n<p>As queimadas tamb\u00e9m repercutiram negativamente na comunidade internacional, fazendo com que surgissem empecilhos para a consolida\u00e7\u00e3o do <strong>acordo entre o MERCOSUL e a Uni\u00e3o Europeia<\/strong>, o presidente da Fran\u00e7a anunciou que n\u00e3o ratificar\u00e1 acordo, pois comprar a soja brasileira \u00e9 estimular o desmatamento da Amaz\u00f4nia.<\/p>\n\n\n\n<h2 class=\"wp-block-heading\"> Atualidades e conhecimentos sobre o Estado Par\u00e1 3. <\/h2>\n\n\n\n<h3 class=\"wp-block-heading\">3. As particularidades socioecon\u00f4micas das Regi\u00f5es Integradas de Seguran\u00e7a P\u00fablica, institu\u00eddas pela Resolu\u00e7\u00e3o n\u00ba 185, de 19 fevereiro de 2012- Conselho Estadual de Seguran\u00e7a P\u00fablica-CONSEP.<\/h3>\n\n\n\n<p>Aposto muito nesse tema, pois \u00e9 um t\u00f3pico novo, abordado pela primeira vez, ent\u00e3o certamente ser\u00e1 explorado.\u00a0 Imagino uma quest\u00e3o relativamente simples, at\u00e9 porque n\u00e3o h\u00e1 muitos materiais oficiais para consulta, e os que existem ainda est\u00e3o implementando as novas circunscri\u00e7\u00f5es nos estudos oficiais. A resolu\u00e7\u00e3o n\u00b0 185, de 19\/02\/2012, do Consep pretende harmonizar a a\u00e7\u00e3o dos \u00f3rg\u00e3os policiais e fazer coincidir suas circunscri\u00e7\u00f5es, dividindo o territ\u00f3rio paraense em 15\u00b0RISPs, em que as mais violentas s\u00e3o as da capital, 1\u00b0 RISP, e a regi\u00e3o metropolitana 2\u00b0 RISP.<\/p>\n\n\n\n<p>Os assuntos ligados \u00e0 seguran\u00e7a p\u00fablica s\u00e3o muito pertinentes, nesse t\u00f3pico podem ser abordadas as rebeli\u00f5es nos pres\u00eddios, a interven\u00e7\u00e3o federal do DEPEN, a viol\u00eancia urbana e a viol\u00eancia ligada \u00e0 press\u00e3o do avan\u00e7o da fronteira agr\u00edcola.<\/p>\n\n\n\n<h2 class=\"wp-block-heading\">Atualidades e conhecimentos sobre o Estado Par\u00e1 4<\/h2>\n\n\n\n<h3 class=\"wp-block-heading\"> 4. Principais apostas<\/h3>\n\n\n\n<figure class=\"wp-block-image size-large\"><img loading=\"lazy\" decoding=\"async\" width=\"1024\" height=\"842\" src=\"https:\/\/dhg1h5j42swfq.cloudfront.net\/2021\/03\/04155327\/atualidades-e-conhecimentos-do-estado-para-1024x842.png\" alt=\"\" class=\"wp-image-685304\" srcset=\"https:\/\/dhg1h5j42swfq.cloudfront.net\/2021\/03\/04155327\/atualidades-e-conhecimentos-do-estado-para-1024x842.png 1024w, https:\/\/dhg1h5j42swfq.cloudfront.net\/2021\/03\/04155327\/atualidades-e-conhecimentos-do-estado-para-300x247.png 300w, https:\/\/dhg1h5j42swfq.cloudfront.net\/2021\/03\/04155327\/atualidades-e-conhecimentos-do-estado-para-768x632.png 768w, https:\/\/dhg1h5j42swfq.cloudfront.net\/2021\/03\/04155327\/atualidades-e-conhecimentos-do-estado-para-1536x1263.png 1536w, https:\/\/dhg1h5j42swfq.cloudfront.net\/2021\/03\/04155327\/atualidades-e-conhecimentos-do-estado-para-610x502.png 610w, https:\/\/dhg1h5j42swfq.cloudfront.net\/2021\/03\/04155327\/atualidades-e-conhecimentos-do-estado-para.png 1598w\" sizes=\"auto, (max-width: 1024px) 100vw, 1024px\" \/><\/figure>\n\n\n\n<h2 class=\"wp-block-heading\" id=\"h-atualidades-e-conhecimentos-sobre-o-estado-do-par-4\">Atualidades e conhecimentos sobre o Estado do Par\u00e1 4<\/h2>\n\n\n\n<h3 class=\"wp-block-heading\" id=\"h-4-quest-o-dica-sobre-as-regi-es-integradas-de-seguran-a-p-blica\">4 Quest\u00e3o dica sobre as Regi\u00f5es integradas de Seguran\u00e7a P\u00fablica<\/h3>\n\n\n\n<p>Sobre a resolu\u00e7\u00e3o&nbsp;n\u00ba 185, de 19 fevereiro de 2012&nbsp;<\/p>\n\n\n\n<p>I.&nbsp;Estabeleceu as RISP \u2013 Regi\u00f5es Integradas de Seguran\u00e7a P\u00fablica, para harmonizar e tornar mais eficientes as a\u00e7\u00f5es dos \u00f3rg\u00e3os de seguran\u00e7a p\u00fablica.&nbsp;<\/p>\n\n\n\n<p>II.&nbsp;A principal a\u00e7\u00e3o foi tornar coincidentes as circunscri\u00e7\u00f5es dos \u00f3rg\u00e3os de Seguran\u00e7a P\u00fablica.&nbsp;<\/p>\n\n\n\n<p>III.&nbsp;De acordo com a Resolu\u00e7\u00e3o 185\/2012 do Consep, 1\u00ba A 1\u00aa RISP \u2013 Regi\u00e3o da Capital englobar\u00e1 o Munic\u00edpio de Bel\u00e9m, seus distritos e ilhas, e a 2\u00aa RISP \u2013 Regi\u00e3o Metropolitana de Bel\u00e9m, englobar\u00e1 os Munic\u00edpios de Ananindeua, Benevides, Marituba e Santa B\u00e1rbara do Par\u00e1.<\/p>\n\n\n\n<p>IV.&nbsp;Durante o isolamento social, ocorreu o aumento da viol\u00eancia contra a mulher e crimes contra vulner\u00e1veis. Os roubos, os assaltos e os assassinatos no tr\u00e2nsito diminu\u00edram.<\/p>\n\n\n\n<p>V. Entre as raz\u00f5es da viol\u00eancia no Par\u00e1, podemos citar os problemas ligados \u00e0 urbaniza\u00e7\u00e3o acelerada e aos conflitos relacionados \u00e0 grilagem de terras e garimpo ilegal.<\/p>\n\n\n\n<p>Est\u00e3o corretos os itens:&nbsp;&nbsp;<\/p>\n\n\n\n<p>A) nenhuma alternativa \u00e9 referente a resolu\u00e7\u00e3o 185\/2012&nbsp;<\/p>\n\n\n\n<p>B) somente a III est\u00e1 errada.&nbsp;<\/p>\n\n\n\n<p>C) somente a I e II est\u00e3o corretas.&nbsp;<\/p>\n\n\n\n<p>D) somente a IV e V est\u00e3o erradas.&nbsp;<\/p>\n\n\n\n<p>E) Todas est\u00e3o corretas.&nbsp;<\/p>\n\n\n\n<p><strong>Gabarito: E<\/strong>&nbsp;<\/p>\n\n\n\n<p><br \/><br \/>De acordo com a resolu\u00e7\u00e3o n\u00ba 185, de 19 fevereiro de 2012\u00a0&#8211;\u00a0Conselho Estadual de Seguran\u00e7a P\u00fablica-CONSEP \u2013 instituiu-se as RISP, uma pol\u00edtica de planejamento espacial da seguran\u00e7a que parte de uma premissa simples: para melhorar a comunica\u00e7\u00e3o, a integra\u00e7\u00e3o e as pol\u00edcias militares e civil, \u00e9 importante que as circunscri\u00e7\u00f5es policiais coincidam. A 1\u00b0 RISP corresponde \u00e0 capital, seus distritos e ilhas, e a 2\/ RISP aos munic\u00edpios da Regi\u00e3o Metropolitana de Bel\u00e9m, englobando os munic\u00edpios de Ananindeua, Benevides, Marituba e Santa B\u00e1rbara do Par\u00e1. Essas s\u00e3o as duas RISPS mais violentas do estado, liderando todas as taxas de criminalidade. O perfil do tipo de viol\u00eancia, como homic\u00eddios, latroc\u00ednios, roubo e homic\u00eddios no tr\u00e2nsito, \u00e9 tipicamente urbano e est\u00e1 relacionado aos problemas t\u00edpicos de um <strong>processo de urbaniza\u00e7\u00e3o acelerado<\/strong> e <strong>desordenado<\/strong>, como a prolifera\u00e7\u00e3o da quantidade de <strong>aglomerados subnormais<\/strong>, a <strong>segrega\u00e7\u00e3o socioespacial<\/strong> e a <strong>mobilidade urbana<\/strong> com fluxos comprometidos, principalmente pelos movimentos pendulares di\u00e1rios.\u00a0 Segundo os \u00faltimos estudos publicados, tendo o ano de 2017 como refer\u00eancia, Bel\u00e9m lidera o ranking de homic\u00eddios com 53,8%, seguida de Ananindeua com 25% (segundo munic\u00edpio mais populoso da RMB) e com a terceira maior taxa est\u00e1 Castanhal.<br \/>Entre as raz\u00f5es da viol\u00eancia no Par\u00e1, podemos citar os problemas ligados \u00e0 urbaniza\u00e7\u00e3o acelerada e aos conflitos relacionados \u00e0 grilagem de terras e garimpo ilegal. Os principais perfis de crimes s\u00e3o ligados ao tr\u00e1fico de drogas e a a\u00e7\u00e3o de fac\u00e7\u00f5es criminosas nas maiores cidades paraense.<br \/>Durante o per\u00edodo de isolamento social, ocorreu um aumento expressivo da viol\u00eancia dom\u00e9stica e crimes contra vulner\u00e1veis e diminu\u00edram os furtos, os roubos e os assassinatos no tr\u00e2nsito.<br \/>As a\u00e7\u00f5es do DEPEN, ap\u00f3s as rebeli\u00f5es nos pres\u00eddios da regi\u00e3o norte em 2016 e 2017, foram decisivas para a diminui\u00e7\u00e3o da viol\u00eancia nos pres\u00eddios, apesar da ocorrida em 2019. Aumentaram as vagas do sistema prisional e o controle dos encarcerados, verific\u00e1vel no aumento das apreens\u00f5es de armas e drogas.<br \/>Assim encerramos nossas dicas de atualidades e conhecimentos sobre o Estado Par\u00e1, espero que tenham sucesso e gabaritem nossa disciplina. \u00c9 isso a\u00ed, guerreiro! Um grande abra\u00e7o, bons estudos e foco no sucesso!!!<\/p>\n","protected":false},"excerpt":{"rendered":"<p>Nesta reta final, eu trouxe algumas dicas que considero muito quentes para a sua prova e que ser\u00e3o grandes diferenciais para voc\u00ea gabaritar as quest\u00f5es de atualidades e conhecimentos do Estado Par\u00e1. S\u00e3o tr\u00eas t\u00f3picos, e segue o arsenal que vai melhorar o seu repert\u00f3rio para a prova. Sem delongas, vamos l\u00e1: 1.1 Realidade \u00e9tnica, [&hellip;]<\/p>\n","protected":false},"author":322,"featured_media":0,"comment_status":"open","ping_status":"closed","sticky":false,"template":"","format":"standard","meta":{"post_tipo":"article","footnotes":""},"categories":[1],"tags":[157495,549,1429],"tax_estado":[],"class_list":["post-685061","post","type-post","status-publish","format-standard","hentry","category-cursos-e-concursos","tag-pc-pa-3","tag-atualidades","tag-concurso-pcpa"],"acf":[],"yoast_head":"<!-- This site is optimized with the Yoast SEO Premium plugin v27.2 (Yoast SEO v27.2) - https:\/\/yoast.com\/product\/yoast-seo-premium-wordpress\/ -->\n<title>Atualidades e conhecimentos sobre o Estado Par\u00e1<\/title>\n<meta name=\"description\" content=\"Atualidades e conhecimentos sobre o Estado Par\u00e1: Dicas, que ser\u00e3o grandes diferenciais para voc\u00ea gabaritar as quest\u00f5es de atualidades\" \/>\n<meta name=\"robots\" content=\"index, follow, max-snippet:-1, max-image-preview:large, max-video-preview:-1\" \/>\n<link rel=\"canonical\" href=\"https:\/\/www.estrategiaconcursos.com.br\/blog\/atualidades-e-conhecimentos-sobre-o-estado-para-dicas-para-as-provas-da-pcpa\/\" \/>\n<meta property=\"og:locale\" content=\"pt_BR\" \/>\n<meta property=\"og:type\" content=\"article\" \/>\n<meta property=\"og:title\" content=\"Atualidades e conhecimentos sobre o Estado Par\u00e1: Dicas para as provas da PCPA\" \/>\n<meta property=\"og:description\" content=\"Atualidades e conhecimentos sobre o Estado Par\u00e1: Dicas, que ser\u00e3o grandes diferenciais para voc\u00ea gabaritar as quest\u00f5es de atualidades\" \/>\n<meta property=\"og:url\" content=\"https:\/\/www.estrategiaconcursos.com.br\/blog\/atualidades-e-conhecimentos-sobre-o-estado-para-dicas-para-as-provas-da-pcpa\/\" \/>\n<meta property=\"og:site_name\" content=\"Estrat\u00e9gia Concursos\" \/>\n<meta property=\"article:published_time\" content=\"2021-03-04T19:03:29+00:00\" \/>\n<meta property=\"article:modified_time\" content=\"2021-03-05T21:29:20+00:00\" \/>\n<meta property=\"og:image\" content=\"https:\/\/www.estrategiaconcursos.com.br\/blog\/wp-content\/uploads\/2021\/03\/atualidades-e-conhecimentos-do-estado-para-i-1024x683.jpg\" \/>\n<meta name=\"author\" content=\"Sergio Henrique\" \/>\n<meta name=\"twitter:card\" content=\"summary_large_image\" \/>\n<meta name=\"twitter:creator\" content=\"@EstratConcursos\" \/>\n<meta name=\"twitter:site\" content=\"@EstratConcursos\" \/>\n<meta name=\"twitter:label1\" content=\"Escrito por\" \/>\n\t<meta name=\"twitter:data1\" content=\"Sergio Henrique\" \/>\n\t<meta name=\"twitter:label2\" content=\"Est. tempo de leitura\" \/>\n\t<meta name=\"twitter:data2\" content=\"10 minutos\" \/>\n<script type=\"application\/ld+json\" class=\"yoast-schema-graph\">{\"@context\":\"https:\/\/schema.org\",\"@graph\":[{\"@type\":\"NewsArticle\",\"@id\":\"https:\/\/www.estrategiaconcursos.com.br\/blog\/atualidades-e-conhecimentos-sobre-o-estado-para-dicas-para-as-provas-da-pcpa\/#article\",\"isPartOf\":{\"@id\":\"https:\/\/www.estrategiaconcursos.com.br\/blog\/atualidades-e-conhecimentos-sobre-o-estado-para-dicas-para-as-provas-da-pcpa\/\"},\"author\":{\"name\":\"Sergio Henrique\",\"@id\":\"https:\/\/www.estrategiaconcursos.com.br\/blog\/#\/schema\/person\/d18952c4e9d57a78a6caea1fc8412aca\"},\"headline\":\"Atualidades e conhecimentos sobre o Estado Par\u00e1: Dicas para as provas da PCPA\",\"datePublished\":\"2021-03-04T19:03:29+00:00\",\"dateModified\":\"2021-03-05T21:29:20+00:00\",\"mainEntityOfPage\":{\"@id\":\"https:\/\/www.estrategiaconcursos.com.br\/blog\/atualidades-e-conhecimentos-sobre-o-estado-para-dicas-para-as-provas-da-pcpa\/\"},\"wordCount\":2070,\"commentCount\":0,\"publisher\":{\"@id\":\"https:\/\/www.estrategiaconcursos.com.br\/blog\/#organization\"},\"image\":{\"@id\":\"https:\/\/www.estrategiaconcursos.com.br\/blog\/atualidades-e-conhecimentos-sobre-o-estado-para-dicas-para-as-provas-da-pcpa\/#primaryimage\"},\"thumbnailUrl\":\"https:\/\/www.estrategiaconcursos.com.br\/blog\/wp-content\/uploads\/2021\/03\/atualidades-e-conhecimentos-do-estado-para-i-1024x683.jpg\",\"keywords\":[\"#pc-pa\",\"Atualidades\",\"concurso PCPA\"],\"articleSection\":[\"Concursos P\u00fablicos\"],\"inLanguage\":\"pt-BR\",\"potentialAction\":[{\"@type\":\"CommentAction\",\"name\":\"Comment\",\"target\":[\"https:\/\/www.estrategiaconcursos.com.br\/blog\/atualidades-e-conhecimentos-sobre-o-estado-para-dicas-para-as-provas-da-pcpa\/#respond\"]}],\"copyrightYear\":\"2021\",\"copyrightHolder\":{\"@id\":\"https:\/\/www.estrategiaconcursos.com.br\/blog\/#organization\"}},{\"@type\":\"WebPage\",\"@id\":\"https:\/\/www.estrategiaconcursos.com.br\/blog\/atualidades-e-conhecimentos-sobre-o-estado-para-dicas-para-as-provas-da-pcpa\/\",\"url\":\"https:\/\/www.estrategiaconcursos.com.br\/blog\/atualidades-e-conhecimentos-sobre-o-estado-para-dicas-para-as-provas-da-pcpa\/\",\"name\":\"Atualidades e conhecimentos sobre o Estado Par\u00e1\",\"isPartOf\":{\"@id\":\"https:\/\/www.estrategiaconcursos.com.br\/blog\/#website\"},\"primaryImageOfPage\":{\"@id\":\"https:\/\/www.estrategiaconcursos.com.br\/blog\/atualidades-e-conhecimentos-sobre-o-estado-para-dicas-para-as-provas-da-pcpa\/#primaryimage\"},\"image\":{\"@id\":\"https:\/\/www.estrategiaconcursos.com.br\/blog\/atualidades-e-conhecimentos-sobre-o-estado-para-dicas-para-as-provas-da-pcpa\/#primaryimage\"},\"thumbnailUrl\":\"https:\/\/www.estrategiaconcursos.com.br\/blog\/wp-content\/uploads\/2021\/03\/atualidades-e-conhecimentos-do-estado-para-i-1024x683.jpg\",\"datePublished\":\"2021-03-04T19:03:29+00:00\",\"dateModified\":\"2021-03-05T21:29:20+00:00\",\"description\":\"Atualidades e conhecimentos sobre o Estado Par\u00e1: Dicas, que ser\u00e3o grandes diferenciais para voc\u00ea gabaritar as quest\u00f5es de atualidades\",\"breadcrumb\":{\"@id\":\"https:\/\/www.estrategiaconcursos.com.br\/blog\/atualidades-e-conhecimentos-sobre-o-estado-para-dicas-para-as-provas-da-pcpa\/#breadcrumb\"},\"inLanguage\":\"pt-BR\",\"potentialAction\":[{\"@type\":\"ReadAction\",\"target\":[\"https:\/\/www.estrategiaconcursos.com.br\/blog\/atualidades-e-conhecimentos-sobre-o-estado-para-dicas-para-as-provas-da-pcpa\/\"]}]},{\"@type\":\"ImageObject\",\"inLanguage\":\"pt-BR\",\"@id\":\"https:\/\/www.estrategiaconcursos.com.br\/blog\/atualidades-e-conhecimentos-sobre-o-estado-para-dicas-para-as-provas-da-pcpa\/#primaryimage\",\"url\":\"https:\/\/dhg1h5j42swfq.cloudfront.net\/2021\/03\/04155707\/atualidades-e-conhecimentos-do-estado-para-i.jpg\",\"contentUrl\":\"https:\/\/dhg1h5j42swfq.cloudfront.net\/2021\/03\/04155707\/atualidades-e-conhecimentos-do-estado-para-i.jpg\",\"width\":1300,\"height\":867},{\"@type\":\"BreadcrumbList\",\"@id\":\"https:\/\/www.estrategiaconcursos.com.br\/blog\/atualidades-e-conhecimentos-sobre-o-estado-para-dicas-para-as-provas-da-pcpa\/#breadcrumb\",\"itemListElement\":[{\"@type\":\"ListItem\",\"position\":1,\"name\":\"In\u00edcio\",\"item\":\"https:\/\/www.estrategiaconcursos.com.br\/blog\/\"},{\"@type\":\"ListItem\",\"position\":2,\"name\":\"Atualidades e conhecimentos sobre o Estado Par\u00e1: Dicas para as provas da PCPA\"}]},{\"@type\":\"WebSite\",\"@id\":\"https:\/\/www.estrategiaconcursos.com.br\/blog\/#website\",\"url\":\"https:\/\/www.estrategiaconcursos.com.br\/blog\/\",\"name\":\"Estrat\u00e9gia Concursos\",\"description\":\"O blog da Estrat\u00e9gia Concursos traz not\u00edcias sobre concursos e artigos de professores oferecendo cursos para concursos (pdf + videaulas) no site.\",\"publisher\":{\"@id\":\"https:\/\/www.estrategiaconcursos.com.br\/blog\/#organization\"},\"potentialAction\":[{\"@type\":\"SearchAction\",\"target\":{\"@type\":\"EntryPoint\",\"urlTemplate\":\"https:\/\/www.estrategiaconcursos.com.br\/blog\/?s={search_term_string}\"},\"query-input\":{\"@type\":\"PropertyValueSpecification\",\"valueRequired\":true,\"valueName\":\"search_term_string\"}}],\"inLanguage\":\"pt-BR\"},{\"@type\":\"Organization\",\"@id\":\"https:\/\/www.estrategiaconcursos.com.br\/blog\/#organization\",\"name\":\"Estrat\u00e9gia Concursos\",\"url\":\"https:\/\/www.estrategiaconcursos.com.br\/blog\/\",\"logo\":{\"@type\":\"ImageObject\",\"inLanguage\":\"pt-BR\",\"@id\":\"https:\/\/www.estrategiaconcursos.com.br\/blog\/#\/schema\/logo\/image\/\",\"url\":\"https:\/\/dhg1h5j42swfq.cloudfront.net\/2025\/06\/03203428\/logo_concursos-1.jpg\",\"contentUrl\":\"https:\/\/dhg1h5j42swfq.cloudfront.net\/2025\/06\/03203428\/logo_concursos-1.jpg\",\"width\":230,\"height\":60,\"caption\":\"Estrat\u00e9gia Concursos\"},\"image\":{\"@id\":\"https:\/\/www.estrategiaconcursos.com.br\/blog\/#\/schema\/logo\/image\/\"},\"sameAs\":[\"https:\/\/x.com\/EstratConcursos\"]},{\"@type\":\"Person\",\"@id\":\"https:\/\/www.estrategiaconcursos.com.br\/blog\/#\/schema\/person\/d18952c4e9d57a78a6caea1fc8412aca\",\"name\":\"Sergio Henrique\",\"image\":{\"@type\":\"ImageObject\",\"inLanguage\":\"pt-BR\",\"@id\":\"https:\/\/secure.gravatar.com\/avatar\/8a654c3858278ad4f39af7a25daa62ab86082ab9406fabd7edee0d6cdfb86662?s=96&d=mm&r=g\",\"url\":\"https:\/\/secure.gravatar.com\/avatar\/8a654c3858278ad4f39af7a25daa62ab86082ab9406fabd7edee0d6cdfb86662?s=96&d=mm&r=g\",\"contentUrl\":\"https:\/\/secure.gravatar.com\/avatar\/8a654c3858278ad4f39af7a25daa62ab86082ab9406fabd7edee0d6cdfb86662?s=96&d=mm&r=g\",\"caption\":\"Sergio Henrique\"},\"url\":\"https:\/\/www.estrategiaconcursos.com.br\/blog\/author\/sergio-henrique\/\"}]}<\/script>\n<!-- \/ Yoast SEO Premium plugin. -->","yoast_head_json":{"title":"Atualidades e conhecimentos sobre o Estado Par\u00e1","description":"Atualidades e conhecimentos sobre o Estado Par\u00e1: Dicas, que ser\u00e3o grandes diferenciais para voc\u00ea gabaritar as quest\u00f5es de atualidades","robots":{"index":"index","follow":"follow","max-snippet":"max-snippet:-1","max-image-preview":"max-image-preview:large","max-video-preview":"max-video-preview:-1"},"canonical":"https:\/\/www.estrategiaconcursos.com.br\/blog\/atualidades-e-conhecimentos-sobre-o-estado-para-dicas-para-as-provas-da-pcpa\/","og_locale":"pt_BR","og_type":"article","og_title":"Atualidades e conhecimentos sobre o Estado Par\u00e1: Dicas para as provas da PCPA","og_description":"Atualidades e conhecimentos sobre o Estado Par\u00e1: Dicas, que ser\u00e3o grandes diferenciais para voc\u00ea gabaritar as quest\u00f5es de atualidades","og_url":"https:\/\/www.estrategiaconcursos.com.br\/blog\/atualidades-e-conhecimentos-sobre-o-estado-para-dicas-para-as-provas-da-pcpa\/","og_site_name":"Estrat\u00e9gia Concursos","article_published_time":"2021-03-04T19:03:29+00:00","article_modified_time":"2021-03-05T21:29:20+00:00","og_image":[{"url":"https:\/\/www.estrategiaconcursos.com.br\/blog\/wp-content\/uploads\/2021\/03\/atualidades-e-conhecimentos-do-estado-para-i-1024x683.jpg","type":"","width":"","height":""}],"author":"Sergio Henrique","twitter_card":"summary_large_image","twitter_creator":"@EstratConcursos","twitter_site":"@EstratConcursos","twitter_misc":{"Escrito por":"Sergio Henrique","Est. tempo de leitura":"10 minutos"},"schema":{"@context":"https:\/\/schema.org","@graph":[{"@type":"NewsArticle","@id":"https:\/\/www.estrategiaconcursos.com.br\/blog\/atualidades-e-conhecimentos-sobre-o-estado-para-dicas-para-as-provas-da-pcpa\/#article","isPartOf":{"@id":"https:\/\/www.estrategiaconcursos.com.br\/blog\/atualidades-e-conhecimentos-sobre-o-estado-para-dicas-para-as-provas-da-pcpa\/"},"author":{"name":"Sergio Henrique","@id":"https:\/\/www.estrategiaconcursos.com.br\/blog\/#\/schema\/person\/d18952c4e9d57a78a6caea1fc8412aca"},"headline":"Atualidades e conhecimentos sobre o Estado Par\u00e1: Dicas para as provas da PCPA","datePublished":"2021-03-04T19:03:29+00:00","dateModified":"2021-03-05T21:29:20+00:00","mainEntityOfPage":{"@id":"https:\/\/www.estrategiaconcursos.com.br\/blog\/atualidades-e-conhecimentos-sobre-o-estado-para-dicas-para-as-provas-da-pcpa\/"},"wordCount":2070,"commentCount":0,"publisher":{"@id":"https:\/\/www.estrategiaconcursos.com.br\/blog\/#organization"},"image":{"@id":"https:\/\/www.estrategiaconcursos.com.br\/blog\/atualidades-e-conhecimentos-sobre-o-estado-para-dicas-para-as-provas-da-pcpa\/#primaryimage"},"thumbnailUrl":"https:\/\/www.estrategiaconcursos.com.br\/blog\/wp-content\/uploads\/2021\/03\/atualidades-e-conhecimentos-do-estado-para-i-1024x683.jpg","keywords":["#pc-pa","Atualidades","concurso PCPA"],"articleSection":["Concursos P\u00fablicos"],"inLanguage":"pt-BR","potentialAction":[{"@type":"CommentAction","name":"Comment","target":["https:\/\/www.estrategiaconcursos.com.br\/blog\/atualidades-e-conhecimentos-sobre-o-estado-para-dicas-para-as-provas-da-pcpa\/#respond"]}],"copyrightYear":"2021","copyrightHolder":{"@id":"https:\/\/www.estrategiaconcursos.com.br\/blog\/#organization"}},{"@type":"WebPage","@id":"https:\/\/www.estrategiaconcursos.com.br\/blog\/atualidades-e-conhecimentos-sobre-o-estado-para-dicas-para-as-provas-da-pcpa\/","url":"https:\/\/www.estrategiaconcursos.com.br\/blog\/atualidades-e-conhecimentos-sobre-o-estado-para-dicas-para-as-provas-da-pcpa\/","name":"Atualidades e conhecimentos sobre o Estado Par\u00e1","isPartOf":{"@id":"https:\/\/www.estrategiaconcursos.com.br\/blog\/#website"},"primaryImageOfPage":{"@id":"https:\/\/www.estrategiaconcursos.com.br\/blog\/atualidades-e-conhecimentos-sobre-o-estado-para-dicas-para-as-provas-da-pcpa\/#primaryimage"},"image":{"@id":"https:\/\/www.estrategiaconcursos.com.br\/blog\/atualidades-e-conhecimentos-sobre-o-estado-para-dicas-para-as-provas-da-pcpa\/#primaryimage"},"thumbnailUrl":"https:\/\/www.estrategiaconcursos.com.br\/blog\/wp-content\/uploads\/2021\/03\/atualidades-e-conhecimentos-do-estado-para-i-1024x683.jpg","datePublished":"2021-03-04T19:03:29+00:00","dateModified":"2021-03-05T21:29:20+00:00","description":"Atualidades e conhecimentos sobre o Estado Par\u00e1: Dicas, que ser\u00e3o grandes diferenciais para voc\u00ea gabaritar as quest\u00f5es de atualidades","breadcrumb":{"@id":"https:\/\/www.estrategiaconcursos.com.br\/blog\/atualidades-e-conhecimentos-sobre-o-estado-para-dicas-para-as-provas-da-pcpa\/#breadcrumb"},"inLanguage":"pt-BR","potentialAction":[{"@type":"ReadAction","target":["https:\/\/www.estrategiaconcursos.com.br\/blog\/atualidades-e-conhecimentos-sobre-o-estado-para-dicas-para-as-provas-da-pcpa\/"]}]},{"@type":"ImageObject","inLanguage":"pt-BR","@id":"https:\/\/www.estrategiaconcursos.com.br\/blog\/atualidades-e-conhecimentos-sobre-o-estado-para-dicas-para-as-provas-da-pcpa\/#primaryimage","url":"https:\/\/dhg1h5j42swfq.cloudfront.net\/2021\/03\/04155707\/atualidades-e-conhecimentos-do-estado-para-i.jpg","contentUrl":"https:\/\/dhg1h5j42swfq.cloudfront.net\/2021\/03\/04155707\/atualidades-e-conhecimentos-do-estado-para-i.jpg","width":1300,"height":867},{"@type":"BreadcrumbList","@id":"https:\/\/www.estrategiaconcursos.com.br\/blog\/atualidades-e-conhecimentos-sobre-o-estado-para-dicas-para-as-provas-da-pcpa\/#breadcrumb","itemListElement":[{"@type":"ListItem","position":1,"name":"In\u00edcio","item":"https:\/\/www.estrategiaconcursos.com.br\/blog\/"},{"@type":"ListItem","position":2,"name":"Atualidades e conhecimentos sobre o Estado Par\u00e1: Dicas para as provas da PCPA"}]},{"@type":"WebSite","@id":"https:\/\/www.estrategiaconcursos.com.br\/blog\/#website","url":"https:\/\/www.estrategiaconcursos.com.br\/blog\/","name":"Estrat\u00e9gia Concursos","description":"O blog da Estrat\u00e9gia Concursos traz not\u00edcias sobre concursos e artigos de professores oferecendo cursos para concursos (pdf + videaulas) no site.","publisher":{"@id":"https:\/\/www.estrategiaconcursos.com.br\/blog\/#organization"},"potentialAction":[{"@type":"SearchAction","target":{"@type":"EntryPoint","urlTemplate":"https:\/\/www.estrategiaconcursos.com.br\/blog\/?s={search_term_string}"},"query-input":{"@type":"PropertyValueSpecification","valueRequired":true,"valueName":"search_term_string"}}],"inLanguage":"pt-BR"},{"@type":"Organization","@id":"https:\/\/www.estrategiaconcursos.com.br\/blog\/#organization","name":"Estrat\u00e9gia Concursos","url":"https:\/\/www.estrategiaconcursos.com.br\/blog\/","logo":{"@type":"ImageObject","inLanguage":"pt-BR","@id":"https:\/\/www.estrategiaconcursos.com.br\/blog\/#\/schema\/logo\/image\/","url":"https:\/\/dhg1h5j42swfq.cloudfront.net\/2025\/06\/03203428\/logo_concursos-1.jpg","contentUrl":"https:\/\/dhg1h5j42swfq.cloudfront.net\/2025\/06\/03203428\/logo_concursos-1.jpg","width":230,"height":60,"caption":"Estrat\u00e9gia Concursos"},"image":{"@id":"https:\/\/www.estrategiaconcursos.com.br\/blog\/#\/schema\/logo\/image\/"},"sameAs":["https:\/\/x.com\/EstratConcursos"]},{"@type":"Person","@id":"https:\/\/www.estrategiaconcursos.com.br\/blog\/#\/schema\/person\/d18952c4e9d57a78a6caea1fc8412aca","name":"Sergio Henrique","image":{"@type":"ImageObject","inLanguage":"pt-BR","@id":"https:\/\/secure.gravatar.com\/avatar\/8a654c3858278ad4f39af7a25daa62ab86082ab9406fabd7edee0d6cdfb86662?s=96&d=mm&r=g","url":"https:\/\/secure.gravatar.com\/avatar\/8a654c3858278ad4f39af7a25daa62ab86082ab9406fabd7edee0d6cdfb86662?s=96&d=mm&r=g","contentUrl":"https:\/\/secure.gravatar.com\/avatar\/8a654c3858278ad4f39af7a25daa62ab86082ab9406fabd7edee0d6cdfb86662?s=96&d=mm&r=g","caption":"Sergio Henrique"},"url":"https:\/\/www.estrategiaconcursos.com.br\/blog\/author\/sergio-henrique\/"}]}},"_links":{"self":[{"href":"https:\/\/www.estrategiaconcursos.com.br\/blog\/wp-json\/wp\/v2\/posts\/685061","targetHints":{"allow":["GET"]}}],"collection":[{"href":"https:\/\/www.estrategiaconcursos.com.br\/blog\/wp-json\/wp\/v2\/posts"}],"about":[{"href":"https:\/\/www.estrategiaconcursos.com.br\/blog\/wp-json\/wp\/v2\/types\/post"}],"author":[{"embeddable":true,"href":"https:\/\/www.estrategiaconcursos.com.br\/blog\/wp-json\/wp\/v2\/users\/322"}],"replies":[{"embeddable":true,"href":"https:\/\/www.estrategiaconcursos.com.br\/blog\/wp-json\/wp\/v2\/comments?post=685061"}],"version-history":[{"count":20,"href":"https:\/\/www.estrategiaconcursos.com.br\/blog\/wp-json\/wp\/v2\/posts\/685061\/revisions"}],"predecessor-version":[{"id":686553,"href":"https:\/\/www.estrategiaconcursos.com.br\/blog\/wp-json\/wp\/v2\/posts\/685061\/revisions\/686553"}],"wp:attachment":[{"href":"https:\/\/www.estrategiaconcursos.com.br\/blog\/wp-json\/wp\/v2\/media?parent=685061"}],"wp:term":[{"taxonomy":"category","embeddable":true,"href":"https:\/\/www.estrategiaconcursos.com.br\/blog\/wp-json\/wp\/v2\/categories?post=685061"},{"taxonomy":"post_tag","embeddable":true,"href":"https:\/\/www.estrategiaconcursos.com.br\/blog\/wp-json\/wp\/v2\/tags?post=685061"},{"taxonomy":"tax_estado","embeddable":true,"href":"https:\/\/www.estrategiaconcursos.com.br\/blog\/wp-json\/wp\/v2\/tax_estado?post=685061"}],"curies":[{"name":"wp","href":"https:\/\/api.w.org\/{rel}","templated":true}]}}