{"id":68470,"date":"2017-03-28T11:38:54","date_gmt":"2017-03-28T14:38:54","guid":{"rendered":"https:\/\/www.estrategiaconcursos.com.br\/blog\/?p=68470"},"modified":"2017-03-28T11:38:54","modified_gmt":"2017-03-28T14:38:54","slug":"da-serie-capciosas-de-administracao-questao-comentada","status":"publish","type":"post","link":"https:\/\/www.estrategiaconcursos.com.br\/blog\/da-serie-capciosas-de-administracao-questao-comentada\/","title":{"rendered":"Da s\u00e9rie &#8220;Capciosas de Administra\u00e7\u00e3o&#8221; &#8211; Quest\u00e3o comentada."},"content":{"rendered":"<p style=\"text-align: justify\">\n\t(FCC &#8211; Analista de Controle Externo (TCE-GO)\/Gest&atilde;o de Pessoas\/2014)\n<\/p>\n<p style=\"text-align: justify\">\n\tSobre o processo de mudan&ccedil;a planejada e de melhoria da organiza&ccedil;&atilde;o, chamado de Desenvolvimento Organizacional &minus; DO, considere:\n<\/p>\n<p style=\"text-align: justify\">\n\tI. &Eacute; obtido por meio da aplica&ccedil;&atilde;o de conhecimento das ci&ecirc;ncias comportamentais.\n<\/p>\n<p style=\"text-align: justify\">\n\tII. Apesar dessa mudan&ccedil;a ter efeitos comportamentais, trata-se de uma reforma exigida pela tecnologia e n&atilde;o pelo comportamento das pessoas.\n<\/p>\n<p style=\"text-align: justify\">\n\tIII. A resist&ecirc;ncia &agrave; mudan&ccedil;a pode ser usada em benef&iacute;cio da organiza&ccedil;&atilde;o e n&atilde;o precisa ser completamente eliminada.\n<\/p>\n<p style=\"text-align: justify\">\n\tIV. O tipo mais abrangente de mudan&ccedil;a organizacional envolve uma reorganiza&ccedil;&atilde;o na divis&atilde;o de tarefas e rela&ccedil;&otilde;es de autoridade e subordina&ccedil;&atilde;o, chamada de mudan&ccedil;a estrutural.\n<\/p>\n<p style=\"text-align: justify\">\n\tEst&aacute; correto o que consta em\n<\/p>\n<p style=\"text-align: justify\">\n\t<strong>a)<\/strong>&nbsp;I,&nbsp;II,&nbsp;III&nbsp;e&nbsp;IV.\n<\/p>\n<p style=\"text-align: justify\">\n\t<strong>b)<\/strong>&nbsp;I&nbsp;e&nbsp;III, apenas.\n<\/p>\n<p style=\"text-align: justify\">\n\t<strong>c)<\/strong>&nbsp;I&nbsp;e&nbsp;IV, apenas.\n<\/p>\n<p style=\"text-align: justify\">\n\t<strong>d)<\/strong>&nbsp;II&nbsp;e&nbsp;III, apenas.\n<\/p>\n<p style=\"text-align: justify\">\n\t<strong>e)<\/strong>&nbsp;III&nbsp;e&nbsp;IV, apenas.\n<\/p>\n<p style=\"text-align: justify\">\n\t<span style=\"color:#FF0000\"><strong>Coment&aacute;rio<\/strong><\/span>:\n<\/p>\n<p style=\"text-align: justify\">\n\tO Desenvolvimento Organizacional (DO) &eacute; uma abordagem que surge em 1962, a partir da teoria comportamental. O DO &eacute; um conjunto de ideias a respeito do homem, da organiza&ccedil;&atilde;o e do ambiente, no sentido de facilitar o crescimento e o desenvolvimento das organiza&ccedil;&otilde;es.\n<\/p>\n<p style=\"text-align: justify\">\n\t<em>E qual &eacute; o foco principal do movimento de DO?<\/em> <strong>Mudar as pessoas e a natureza e a qualidade de suas rela&ccedil;&otilde;es de trabalho<\/strong>. Logo, possui &ecirc;nfase na mudan&ccedil;a da cultura da organiza&ccedil;&atilde;o, ou seja, &eacute; uma mudan&ccedil;a organizacional planejada.\n<\/p>\n<p style=\"text-align: justify\">\n\tDe acordo com Chiavenato (2010)<a href=\"#_ftn1\" name=\"_ftnref1\" title=\"\">[1]<\/a>, o Desenvolvimen&shy;to Organizacional (DO) &eacute; uma das abordagens de mudan&ccedil;a organizacional, pela qual os pr&oacute;prios membros da organiza&ccedil;&atilde;o formulam e implementam a mudan&ccedil;a necess&aacute;ria, por meio&nbsp;da assist&ecirc;ncia de um consultor interno ou externo. O DO visualiza a organiza&ccedil;&atilde;o como um&nbsp;<strong>sistema ou modelo social<\/strong>&nbsp;que interage entre si\n<\/p>\n<p style=\"text-align: justify\">\n\tVamos agora analisar os itens da quest&atilde;o.\n<\/p>\n<p style=\"text-align: justify\">\n\tSobre o processo de mudan&ccedil;a planejada e de melhoria da organiza&ccedil;&atilde;o, chamado de Desenvolvimento Organizacional &minus; DO, considere:\n<\/p>\n<p style=\"margin-left: 35.4pt;text-align: justify\">\n\t<strong><em>I. &Eacute; obtido por meio da aplica&ccedil;&atilde;o de conhecimento das ci&ecirc;ncias comportamentais.<\/em><\/strong>\n<\/p>\n<p style=\"text-align: justify\">\n\t<span style=\"color:#0000FF\">CORRETO<\/span>.\n<\/p>\n<p style=\"text-align: justify\">\n\tO DO aplica os conhecimentos das ci&ecirc;ncias&nbsp;comportamentais (teoria comportamental), com o prop&oacute;sito de melhorar a efic&aacute;cia da organiza&ccedil;&atilde;o.\n<\/p>\n<p style=\"margin-left: 35.4pt;text-align: justify\">\n\t<strong><em>II. Apesar dessa mudan&ccedil;a ter efeitos comportamentais, trata-se de uma reforma exigida pela tecnologia e n&atilde;o pelo comportamento das pessoas.<\/em><\/strong>\n<\/p>\n<p style=\"text-align: justify\">\n\t<span style=\"color:#0000FF\">CORRETO<\/span>, <strong>segundo a banca<\/strong>.\n<\/p>\n<p style=\"text-align: justify\">\n\tA banca, com certeza, baseou-se numa afirmativa isolada de um autor, sem observar o contexto em que ela estava inserida. No entanto, o DO est&aacute; vinculado&nbsp;&agrave; ci&ecirc;ncia do comportamento organizacional. Logo, afirmar que &eacute; uma reforma exigida pela tecnologia e n&atilde;o pelo comportamento das pessoas &eacute; &quot;for&ccedil;ar a barra demais&quot;.\n<\/p>\n<p style=\"text-align: justify\">\n\tA implementa&ccedil;&atilde;o de uma mudan&ccedil;a ocorre pela&nbsp;administra&ccedil;&atilde;o mais colaborativa, assist&ecirc;ncia de agentes de mudan&ccedil;a, al&eacute;m, &eacute; claro, do uso da teoria e da tecnologia pertinente &agrave; ci&ecirc;ncia do comportamento organizacional.\n<\/p>\n<p style=\"text-align: justify\">\n\tLogo, a nosso ver,&nbsp;a afirmativa deveria ser considerada <em>INCORRETA<\/em>, pela n&atilde;o converg&ecirc;ncia de autores nesse sentido. Mas vamos ficar atentos a esse detalhe exposto pela banca FCC.\n<\/p>\n<p style=\"margin-left: 35.4pt;text-align: justify\">\n\t<strong><em>III. A resist&ecirc;ncia &agrave; mudan&ccedil;a pode ser usada em benef&iacute;cio da organiza&ccedil;&atilde;o e n&atilde;o precisa ser completamente eliminada.<\/em><\/strong>\n<\/p>\n<p style=\"text-align: justify\">\n\t<span style=\"color:#0000FF\">CORRETO<\/span>.\n<\/p>\n<p style=\"text-align: justify\">\n\tJ&aacute; sabemos que o foco principal da teoria do desenvolvimento organizacional est&aacute; na mudan&ccedil;a organizacional. E quando falamos em mudan&ccedil;a organizacional, n&atilde;o podemos deixar de conhecer a ferramenta que analisa as for&ccedil;as que atuam na gest&atilde;o da mudan&ccedil;a: trata-se da &ldquo;<strong>An&aacute;lise do Campo de For&ccedil;as<\/strong>&rdquo;, de Kurt Lewin.\n<\/p>\n<p style=\"text-align: justify\">\n\tA An&aacute;lise do Campo de For&ccedil;a, de Lewin, avalia o impacto de todas as for&ccedil;as que influenciam a mudan&ccedil;a. Essas for&ccedil;as podem ser divididas em dois grupos: for&ccedil;as propulsoras (positivas de apoio e suporte) e for&ccedil;as de reten&ccedil;&atilde;o (negativas de opini&atilde;o e resist&ecirc;ncia).&nbsp;\n<\/p>\n<p style=\"text-align: justify\">\n\tAs for&ccedil;as propulsoras s&atilde;o todas as for&ccedil;as que <strong>impulsionam e promovem a mudan&ccedil;a<\/strong>.\n<\/p>\n<p style=\"text-align: justify\">\n\tAs for&ccedil;as de reten&ccedil;&atilde;o s&atilde;o for&ccedil;as que <strong>tornam a mudan&ccedil;a mais dif&iacute;cil<\/strong>.\n<\/p>\n<p style=\"text-align: justify\">\n\tPois bem! Quando esses dois grupos de for&ccedil;as s&atilde;o iguais, as mudan&ccedil;as ficam em um estado est&aacute;tico de equil&iacute;brio, o que significa que nenhum movimento em dire&ccedil;&atilde;o a mudan&ccedil;a ou para longe da mudan&ccedil;a est&aacute; ocorrendo.\n<\/p>\n<p style=\"text-align: justify\">\n\tPara melhor compreender a conex&atilde;o entre for&ccedil;as propulsoras e for&ccedil;as de reten&ccedil;&atilde;o, vejamos a figura abaixo:\n<\/p>\n<p style=\"text-align: justify\">\n\t<img decoding=\"async\" alt=\"\" src=\"https:\/\/dhg1h5j42swfq.cloudfront.net\/2017\/03\/28113318\/Sem-t%C3%ADtulo.png\" \/>\n<\/p>\n<p style=\"text-align: justify\">\n\tUma vez que ambas (for&ccedil;as de reten&ccedil;&atilde;o e for&ccedil;as de propuls&atilde;o) s&atilde;o iguais, n&atilde;o h&aacute; evolu&ccedil;&atilde;o em dire&ccedil;&atilde;o &agrave; mudan&ccedil;a. No entanto, se as for&ccedil;as de propuls&atilde;o fossem maior que as for&ccedil;as de reten&ccedil;&atilde;o, haveria altera&ccedil;&atilde;o do equil&iacute;brio e faria o sistema come&ccedil;ar a se mover em dire&ccedil;&atilde;o da mudan&ccedil;a esperada.\n<\/p>\n<p style=\"text-align: justify\">\n\tNote que essa quantidade de for&ccedil;as propulsoras a mais &eacute; que dita o ritmo (tempo) em que a mudan&ccedil;a se implantar&aacute;!\n<\/p>\n<p style=\"text-align: justify\">\n\tEntretanto, quando as for&ccedil;as negativas s&atilde;o maiores do que as for&ccedil;as positivas, a tentativa de mudan&ccedil;a n&atilde;o ocorre, prevalecendo a velha situa&ccedil;&atilde;o.\n<\/p>\n<p style=\"text-align: justify\">\n\tVamos ver, agora, exemplos pr&aacute;ticos dessas for&ccedil;as:\n<\/p>\n<table border=\"1\" cellpadding=\"0\" cellspacing=\"0\">\n<tbody>\n<tr>\n<td style=\"width:323px\">\n<p style=\"text-align: center\">\n\t\t\t\t\t<span style=\"color:#FF0000\"><strong>For&ccedil;as negativas (de oposi&ccedil;&atilde;o e resist&ecirc;ncia)<\/strong><\/span>\n\t\t\t\t<\/p>\n<\/td>\n<td style=\"width:323px\">\n<p style=\"text-align: center\">\n\t\t\t\t\t<span style=\"color:#0000FF\"><strong>For&ccedil;as positivas (de apoio e suporte)<\/strong><\/span>\n\t\t\t\t<\/p>\n<\/td>\n<\/tr>\n<tr>\n<td style=\"width:323px\">\n<p style=\"text-align: center\">\n\t\t\t\t\t<em>Acomoda&ccedil;&atilde;o dos funcion&aacute;rios<\/em>\n\t\t\t\t<\/p>\n<\/td>\n<td style=\"width:323px\">\n<p style=\"text-align: center\">\n\t\t\t\t\t<em>Necessidades dos clientes<\/em>\n\t\t\t\t<\/p>\n<\/td>\n<\/tr>\n<tr>\n<td style=\"width:323px\">\n<p style=\"text-align: center\">\n\t\t\t\t\t<em>H&aacute;bitos e costumes da organiza&ccedil;&atilde;o<\/em>\n\t\t\t\t<\/p>\n<\/td>\n<td style=\"width:323px\">\n<p style=\"text-align: center\">\n\t\t\t\t\t<em>Oportunidades do mercado<\/em>\n\t\t\t\t<\/p>\n<\/td>\n<\/tr>\n<tr>\n<td style=\"width:323px\">\n<p style=\"text-align: center\">\n\t\t\t\t\t<em>Dificuldades de aprender novas t&eacute;cnicas<\/em>\n\t\t\t\t<\/p>\n<\/td>\n<td style=\"width:323px\">\n<p style=\"text-align: center\">\n\t\t\t\t\t<em>Novas tecnologias mais sofisticadas<\/em>\n\t\t\t\t<\/p>\n<\/td>\n<\/tr>\n<tr>\n<td style=\"width:323px\">\n<p style=\"text-align: center\">\n\t\t\t\t\t<em>Miopia e falta de percep&ccedil;&atilde;o do ambiente<\/em>\n\t\t\t\t<\/p>\n<\/td>\n<td style=\"width:323px\">\n<p style=\"text-align: center\">\n\t\t\t\t\t<em>Concorr&ecirc;ncia feroz<\/em>\n\t\t\t\t<\/p>\n<\/td>\n<\/tr>\n<tr>\n<td style=\"width:323px\">\n<p style=\"text-align: center\">\n\t\t\t\t\t<em>Velhos paradigmas culturais<\/em>\n\t\t\t\t<\/p>\n<\/td>\n<td style=\"width:323px\">\n<p style=\"text-align: center\">\n\t\t\t\t\t<em>Novas demandas sociais e culturais<\/em>\n\t\t\t\t<\/p>\n<\/td>\n<\/tr>\n<tr>\n<td style=\"width:323px\">\n<p style=\"text-align: center\">\n\t\t\t\t\t<em>Culturas organizacionais adaptativas<\/em>\n\t\t\t\t<\/p>\n<\/td>\n<td style=\"width:323px\">\n<p style=\"text-align: center\">\n\t\t\t\t\t<em>Culturas organizacionais adaptativas<\/em>\n\t\t\t\t<\/p>\n<\/td>\n<\/tr>\n<\/tbody>\n<\/table>\n<p style=\"text-align: justify\">\n\t<strong><em>Mas, Professor, a resist&ecirc;ncia &agrave; mudan&ccedil;a pode ser usada em benef&iacute;cio da organiza&ccedil;&atilde;o e n&atilde;o precisa ser completamente eliminada?<\/em><\/strong>\n<\/p>\n<p style=\"text-align: justify\">\n\tSim! De fato, a doutrina entende que, muitas das vezes, a resist&ecirc;ncia adv&eacute;m da falta de comunica&ccedil;&atilde;o, por exemplo. Isso, por si s&oacute;, j&aacute; explica que a resist&ecirc;ncia pode ser usada em favor da organiza&ccedil;&atilde;o, para melhorar diversos aspectos da organiza&ccedil;&atilde;o, nem sempre percept&iacute;veis.\n<\/p>\n<p style=\"margin-left: 35.4pt;text-align: justify\">\n\t<strong><em>IV. O tipo mais abrangente de mudan&ccedil;a organizacional envolve uma reorganiza&ccedil;&atilde;o na divis&atilde;o de tarefas e rela&ccedil;&otilde;es de autoridade e subordina&ccedil;&atilde;o, chamada de mudan&ccedil;a estrutural.<\/em><\/strong>\n<\/p>\n<p style=\"text-align: justify\">\n\t<span style=\"color:#0000FF\">CORRETO<\/span>.\n<\/p>\n<p style=\"text-align: justify\">\n\tDevemos considerar que cada organiza&ccedil;&atilde;o possui um estilo pr&oacute;prio para o gerenciamento de suas tarefas, dentro do complexo de informa&ccedil;&otilde;es e rela&ccedil;&otilde;es que comp&otilde;e a estrutura organizacional.\n<\/p>\n<p style=\"text-align: justify\">\n\tIsso se resume no c&eacute;lebre pensamento da teoria da conting&ecirc;ncia, que ser&aacute; vista mais adiante:&nbsp;&ldquo;<em>N&atilde;o existe uma melhor maneira de organizar, sendo que cada organiza&ccedil;&atilde;o deve buscar ajustar sua estrutura &agrave;s caracter&iacute;sticas do ambiente de mudan&ccedil;as em que atua<\/em>&rdquo;.\n<\/p>\n<p style=\"text-align: justify\">\n\tA estrutura organizacional &eacute; definida pelo resultado da centraliza&ccedil;&atilde;o ou descentraliza&ccedil;&atilde;o das tarefas, levando em conta sua especialidade, distribui&ccedil;&atilde;o e responsabilidade, o que chamamos de modelos de departamentaliza&ccedil;&atilde;o.&nbsp;\n<\/p>\n<p style=\"text-align: justify\">\n\tO autor Motta (1997)<a href=\"#_ftn2\" name=\"_ftnref2\" title=\"\">[2]<\/a> diz que as mudan&ccedil;as organizacionais respondem &agrave; necessidade ou ao desejo das organiza&ccedil;&otilde;es de implementarem modifica&ccedil;&otilde;es planejadas ou alocarem recursos para resolverem quest&otilde;es de natureza estrutural, estrat&eacute;gica, de recursos humanos, cultural, pol&iacute;tica ou tecnol&oacute;gica.\n<\/p>\n<p style=\"margin-left: 35.7pt;text-align: justify\">\n\t&#8211; A mudan&ccedil;a , que &eacute; a mais ampla mudan&ccedil;a, envolve fazer uma altera&ccedil;&atilde;o nas rela&ccedil;&otilde;es de autoridade e responsabilidade.\n<\/p>\n<p style=\"margin-left: 35.7pt;text-align: justify\">\n\t&#8211; A mudan&ccedil;a aborda as interfaces da organiza&ccedil;&atilde;o com o meio ambiente.\n<\/p>\n<p style=\"margin-left: 35.7pt;text-align: justify\">\n\t&#8211; A mudan&ccedil;a de compreende modifica&ccedil;&otilde;es no sistema de produ&ccedil;&atilde;o, recursos materiais e intelectuais no desempenho das tarefas.\n<\/p>\n<p style=\"margin-left: 35.7pt;text-align: justify\">\n\t&#8211; A mudan&ccedil;a abrange altera&ccedil;&otilde;es de atitudes, habilidades e comportamentos individuais, motiva&ccedil;&atilde;o, comunica&ccedil;&atilde;o e relacionamento grupal.\n<\/p>\n<p style=\"margin-left: 35.7pt;text-align: justify\">\n\t&#8211; A mudan&ccedil;a implica em modifica&ccedil;&otilde;es na programa&ccedil;&atilde;o coletiva de uma organiza&ccedil;&atilde;o.\n<\/p>\n<p style=\"margin-left: 35.7pt;text-align: justify\">\n\t&#8211; Por fim, a mudan&ccedil;a &eacute; definida como a forma pelo qual os interesses individuais e coletivos s&atilde;o articulados e agregados.\n<\/p>\n<p style=\"text-align: justify\">\n\t<img decoding=\"async\" alt=\"\" src=\"https:\/\/dhg1h5j42swfq.cloudfront.net\/2017\/03\/28113418\/Sem-t%C3%ADtulo1.png\" style=\"width: 600px;height: 284px\" \/>\n<\/p>\n<p style=\"text-align: justify\">\n\tNuma perspectiva mais abrangente, o autor Chiavenato (2005)<a href=\"#_ftn3\" name=\"_ftnref3\" title=\"\">[3]<\/a> afirma que o&nbsp;repert&oacute;rio de mudan&ccedil;as na organiza&ccedil;&atilde;o pode envolver:&nbsp;\n<\/p>\n<ol>\n<li style=\"text-align: justify\">\n\t\tMudan&ccedil;a no prop&oacute;sito da organiza&ccedil;&atilde;o: mudar o prop&oacute;sito da organiza&ccedil;&atilde;o significa mudar a sua miss&atilde;o e sua vis&atilde;o. Isso requer, tamb&eacute;m, alterar objetivos organizacionais e as metas individuais a serem alcan&ccedil;adas.\n\t<\/li>\n<li style=\"text-align: justify\">\n\t\tMudan&ccedil;a nos produtos\/servi&ccedil;os: mudar, desenvolver ou criar produtos e servi&ccedil;os oferecidos pela organiza&ccedil;&atilde;o ao mercado.\n\t<\/li>\n<li style=\"text-align: justify\">\n\t\tMudan&ccedil;a nas tecnologias utilizadas: mudar a tecnologia envolve modifica&ccedil;&otilde;es nos equipamentos utiliza&ccedil;&otilde;es e na maneira pela qual as pessoas trabalham.\n\t<\/li>\n<li style=\"text-align: justify\">\n\t\tMudan&ccedil;a na estrat&eacute;gia organizacional: a estrat&eacute;gia organizacional define os rumos da organiza&ccedil;&atilde;o em rela&ccedil;&atilde;o ao ambiente externo e ao futuro. Mudan&ccedil;as estrat&eacute;gicas envolvem, necessariamente, mudan&ccedil;as na estrutura, na cultura e nos objetivos organizacionais.\n\t<\/li>\n<li style=\"text-align: justify\">\n\t\tMudan&ccedil;a na estrutura organizacional: significa fazer altera&ccedil;&otilde;es nas rela&ccedil;&otilde;es de autoridade, mecanismos de coordena&ccedil;&atilde;o, replanejamento do trabalho ou modificar qualquer outra vari&aacute;vel estrutural.\n\t<\/li>\n<li style=\"text-align: justify\">\n\t\tMudan&ccedil;a na cultura: envolve mudan&ccedil;as comportamentais das pessoas, seja em rela&ccedil;&atilde;o &agrave; organiza&ccedil;&atilde;o, aos parceiros internos e sobretudo aos externos.\n\t<\/li>\n<li style=\"text-align: justify\">\n\t\tMudan&ccedil;a nas tarefas ou processos internos: envolvem o conte&uacute;do de trabalho e as maneiras de execut&aacute;-lo.\n\t<\/li>\n<li style=\"text-align: justify\">\n\t\tMudan&ccedil;a nas pessoas: mudar as pessoas se refere &agrave; modifica&ccedil;&atilde;o de atitudes, habilidades, expectativas, percep&ccedil;&otilde;es e comportamentos dos parceiros da organiza&ccedil;&atilde;o.\n\t<\/li>\n<\/ol>\n<p style=\"text-align: justify\">\n\tNesse aspecto, podemos aumentar o nosso esquema anterior da seguinte forma:\n<\/p>\n<p style=\"text-align: justify\">\n\t<img decoding=\"async\" alt=\"\" src=\"https:\/\/dhg1h5j42swfq.cloudfront.net\/2017\/03\/28113715\/Sem-t%C3%ADtulo2.png\" style=\"width: 600px;height: 349px\" \/>\n<\/p>\n<p style=\"text-align: justify\">\n\t<strong>GABARITO DA BANCA: A.<\/strong>\n<\/p>\n<div>\n<hr align=\"left\" size=\"1\" width=\"33%\" \/>\n<div id=\"ftn1\">\n<p style=\"text-align: justify\">\n\t\t\t<a href=\"#_ftnref1\" name=\"_ftn1\" title=\"\">[1]<\/a> <em>CHIAVENATO, I..&nbsp;Gest&atilde;o de pessoas: o novo papel dos recursos&nbsp;humanos nas organiza&ccedil;&otilde;es.&nbsp;3&ordf; ed.. Rio de Janeiro: Elsevier, 2010.<\/em>\n\t\t<\/p>\n<\/p><\/div>\n<div id=\"ftn2\">\n<p style=\"text-align: justify\">\n\t\t\t<a href=\"#_ftnref2\" name=\"_ftn2\" title=\"\">[2]<\/a> <em>MOTTA, P. R.. Transforma&ccedil;&atilde;o organizacional: a teoria e a pr&aacute;tica de inovar. Rio de Janeiro: Qualitymark, 1997.<\/em>\n\t\t<\/p>\n<\/p><\/div>\n<div id=\"ftn3\">\n<p style=\"text-align: justify\">\n\t\t\t<a href=\"#_ftnref3\" name=\"_ftn3\" title=\"\">[3]<\/a> <em>CHIAVENATO, I.. Comportamento Organizacional: A Din&acirc;mica do Sucesso das Organiza&ccedil;&otilde;es. Rio de Janeiro: Elsevier Campus, 2005.<\/em>\n\t\t<\/p>\n<\/p><\/div>\n<\/div>\n","protected":false},"excerpt":{"rendered":"<p>(FCC &#8211; Analista de Controle Externo (TCE-GO)\/Gest&atilde;o de Pessoas\/2014) Sobre o processo de mudan&ccedil;a planejada e de melhoria da organiza&ccedil;&atilde;o, chamado de Desenvolvimento Organizacional &minus; DO, considere: I. &Eacute; obtido por meio da aplica&ccedil;&atilde;o de conhecimento das ci&ecirc;ncias comportamentais. II. Apesar dessa mudan&ccedil;a ter efeitos comportamentais, trata-se de uma reforma exigida pela tecnologia e n&atilde;o [&hellip;]<\/p>\n","protected":false},"author":143,"featured_media":0,"comment_status":"open","ping_status":"open","sticky":false,"template":"","format":"standard","meta":{"post_tipo":"article","footnotes":""},"categories":[1],"tags":[],"tax_estado":[],"class_list":["post-68470","post","type-post","status-publish","format-standard","hentry","category-cursos-e-concursos"],"acf":[],"yoast_head":"<!-- This site is optimized with the Yoast SEO Premium plugin v27.2 (Yoast SEO v27.2) - https:\/\/yoast.com\/product\/yoast-seo-premium-wordpress\/ -->\n<title>Da s\u00e9rie &quot;Capciosas de Administra\u00e7\u00e3o&quot; - Quest\u00e3o comentada.<\/title>\n<meta name=\"robots\" content=\"index, follow, max-snippet:-1, max-image-preview:large, max-video-preview:-1\" \/>\n<link rel=\"canonical\" href=\"https:\/\/www.estrategiaconcursos.com.br\/blog\/da-serie-capciosas-de-administracao-questao-comentada\/\" \/>\n<meta property=\"og:locale\" content=\"pt_BR\" \/>\n<meta property=\"og:type\" content=\"article\" \/>\n<meta property=\"og:title\" content=\"Da s\u00e9rie &quot;Capciosas de Administra\u00e7\u00e3o&quot; - Quest\u00e3o comentada.\" \/>\n<meta property=\"og:description\" content=\"(FCC &#8211; Analista de Controle Externo (TCE-GO)\/Gest&atilde;o de Pessoas\/2014) Sobre o processo de mudan&ccedil;a planejada e de melhoria da organiza&ccedil;&atilde;o, chamado de Desenvolvimento Organizacional &minus; DO, considere: I. &Eacute; obtido por meio da aplica&ccedil;&atilde;o de conhecimento das ci&ecirc;ncias comportamentais. II. Apesar dessa mudan&ccedil;a ter efeitos comportamentais, trata-se de uma reforma exigida pela tecnologia e n&atilde;o [&hellip;]\" \/>\n<meta property=\"og:url\" content=\"https:\/\/www.estrategiaconcursos.com.br\/blog\/da-serie-capciosas-de-administracao-questao-comentada\/\" \/>\n<meta property=\"og:site_name\" content=\"Estrat\u00e9gia Concursos\" \/>\n<meta property=\"article:published_time\" content=\"2017-03-28T14:38:54+00:00\" \/>\n<meta name=\"author\" content=\"Adriel S\u00e1\" \/>\n<meta name=\"twitter:card\" content=\"summary_large_image\" \/>\n<meta name=\"twitter:creator\" content=\"@EstratConcursos\" \/>\n<meta name=\"twitter:site\" content=\"@EstratConcursos\" \/>\n<meta name=\"twitter:label1\" content=\"Escrito por\" \/>\n\t<meta name=\"twitter:data1\" content=\"Adriel S\u00e1\" \/>\n\t<meta name=\"twitter:label2\" content=\"Est. tempo de leitura\" \/>\n\t<meta name=\"twitter:data2\" content=\"10 minutos\" \/>\n<script type=\"application\/ld+json\" class=\"yoast-schema-graph\">{\"@context\":\"https:\/\/schema.org\",\"@graph\":[{\"@type\":\"NewsArticle\",\"@id\":\"https:\/\/www.estrategiaconcursos.com.br\/blog\/da-serie-capciosas-de-administracao-questao-comentada\/#article\",\"isPartOf\":{\"@id\":\"https:\/\/www.estrategiaconcursos.com.br\/blog\/da-serie-capciosas-de-administracao-questao-comentada\/\"},\"author\":{\"name\":\"Adriel S\u00e1\",\"@id\":\"https:\/\/www.estrategiaconcursos.com.br\/blog\/#\/schema\/person\/e16645c6841f5460802e96740e916bfd\"},\"headline\":\"Da s\u00e9rie &#8220;Capciosas de Administra\u00e7\u00e3o&#8221; &#8211; Quest\u00e3o comentada.\",\"datePublished\":\"2017-03-28T14:38:54+00:00\",\"mainEntityOfPage\":{\"@id\":\"https:\/\/www.estrategiaconcursos.com.br\/blog\/da-serie-capciosas-de-administracao-questao-comentada\/\"},\"wordCount\":2026,\"commentCount\":0,\"publisher\":{\"@id\":\"https:\/\/www.estrategiaconcursos.com.br\/blog\/#organization\"},\"articleSection\":[\"Concursos P\u00fablicos\"],\"inLanguage\":\"pt-BR\",\"potentialAction\":[{\"@type\":\"CommentAction\",\"name\":\"Comment\",\"target\":[\"https:\/\/www.estrategiaconcursos.com.br\/blog\/da-serie-capciosas-de-administracao-questao-comentada\/#respond\"]}],\"copyrightYear\":\"2017\",\"copyrightHolder\":{\"@id\":\"https:\/\/www.estrategiaconcursos.com.br\/blog\/#organization\"}},{\"@type\":\"WebPage\",\"@id\":\"https:\/\/www.estrategiaconcursos.com.br\/blog\/da-serie-capciosas-de-administracao-questao-comentada\/\",\"url\":\"https:\/\/www.estrategiaconcursos.com.br\/blog\/da-serie-capciosas-de-administracao-questao-comentada\/\",\"name\":\"Da s\u00e9rie \\\"Capciosas de Administra\u00e7\u00e3o\\\" - Quest\u00e3o comentada.\",\"isPartOf\":{\"@id\":\"https:\/\/www.estrategiaconcursos.com.br\/blog\/#website\"},\"datePublished\":\"2017-03-28T14:38:54+00:00\",\"breadcrumb\":{\"@id\":\"https:\/\/www.estrategiaconcursos.com.br\/blog\/da-serie-capciosas-de-administracao-questao-comentada\/#breadcrumb\"},\"inLanguage\":\"pt-BR\",\"potentialAction\":[{\"@type\":\"ReadAction\",\"target\":[\"https:\/\/www.estrategiaconcursos.com.br\/blog\/da-serie-capciosas-de-administracao-questao-comentada\/\"]}]},{\"@type\":\"BreadcrumbList\",\"@id\":\"https:\/\/www.estrategiaconcursos.com.br\/blog\/da-serie-capciosas-de-administracao-questao-comentada\/#breadcrumb\",\"itemListElement\":[{\"@type\":\"ListItem\",\"position\":1,\"name\":\"In\u00edcio\",\"item\":\"https:\/\/www.estrategiaconcursos.com.br\/blog\/\"},{\"@type\":\"ListItem\",\"position\":2,\"name\":\"Da s\u00e9rie &#8220;Capciosas de Administra\u00e7\u00e3o&#8221; &#8211; Quest\u00e3o comentada.\"}]},{\"@type\":\"WebSite\",\"@id\":\"https:\/\/www.estrategiaconcursos.com.br\/blog\/#website\",\"url\":\"https:\/\/www.estrategiaconcursos.com.br\/blog\/\",\"name\":\"Estrat\u00e9gia Concursos\",\"description\":\"O blog da Estrat\u00e9gia Concursos traz not\u00edcias sobre concursos e artigos de professores oferecendo cursos para concursos (pdf + videaulas) no site.\",\"publisher\":{\"@id\":\"https:\/\/www.estrategiaconcursos.com.br\/blog\/#organization\"},\"potentialAction\":[{\"@type\":\"SearchAction\",\"target\":{\"@type\":\"EntryPoint\",\"urlTemplate\":\"https:\/\/www.estrategiaconcursos.com.br\/blog\/?s={search_term_string}\"},\"query-input\":{\"@type\":\"PropertyValueSpecification\",\"valueRequired\":true,\"valueName\":\"search_term_string\"}}],\"inLanguage\":\"pt-BR\"},{\"@type\":\"Organization\",\"@id\":\"https:\/\/www.estrategiaconcursos.com.br\/blog\/#organization\",\"name\":\"Estrat\u00e9gia Concursos\",\"url\":\"https:\/\/www.estrategiaconcursos.com.br\/blog\/\",\"logo\":{\"@type\":\"ImageObject\",\"inLanguage\":\"pt-BR\",\"@id\":\"https:\/\/www.estrategiaconcursos.com.br\/blog\/#\/schema\/logo\/image\/\",\"url\":\"https:\/\/dhg1h5j42swfq.cloudfront.net\/2025\/06\/03203428\/logo_concursos-1.jpg\",\"contentUrl\":\"https:\/\/dhg1h5j42swfq.cloudfront.net\/2025\/06\/03203428\/logo_concursos-1.jpg\",\"width\":230,\"height\":60,\"caption\":\"Estrat\u00e9gia Concursos\"},\"image\":{\"@id\":\"https:\/\/www.estrategiaconcursos.com.br\/blog\/#\/schema\/logo\/image\/\"},\"sameAs\":[\"https:\/\/x.com\/EstratConcursos\"]},{\"@type\":\"Person\",\"@id\":\"https:\/\/www.estrategiaconcursos.com.br\/blog\/#\/schema\/person\/e16645c6841f5460802e96740e916bfd\",\"name\":\"Adriel S\u00e1\",\"image\":{\"@type\":\"ImageObject\",\"inLanguage\":\"pt-BR\",\"@id\":\"https:\/\/secure.gravatar.com\/avatar\/b75b794f68c663798240f3079128b7dd1d78a4c65fd81be07ff43947061768c8?s=96&d=mm&r=g\",\"url\":\"https:\/\/secure.gravatar.com\/avatar\/b75b794f68c663798240f3079128b7dd1d78a4c65fd81be07ff43947061768c8?s=96&d=mm&r=g\",\"contentUrl\":\"https:\/\/secure.gravatar.com\/avatar\/b75b794f68c663798240f3079128b7dd1d78a4c65fd81be07ff43947061768c8?s=96&d=mm&r=g\",\"caption\":\"Adriel S\u00e1\"},\"url\":\"https:\/\/www.estrategiaconcursos.com.br\/blog\/author\/adrieldesaestrategiaconcursos-com-br\/\"}]}<\/script>\n<!-- \/ Yoast SEO Premium plugin. -->","yoast_head_json":{"title":"Da s\u00e9rie \"Capciosas de Administra\u00e7\u00e3o\" - Quest\u00e3o comentada.","robots":{"index":"index","follow":"follow","max-snippet":"max-snippet:-1","max-image-preview":"max-image-preview:large","max-video-preview":"max-video-preview:-1"},"canonical":"https:\/\/www.estrategiaconcursos.com.br\/blog\/da-serie-capciosas-de-administracao-questao-comentada\/","og_locale":"pt_BR","og_type":"article","og_title":"Da s\u00e9rie \"Capciosas de Administra\u00e7\u00e3o\" - Quest\u00e3o comentada.","og_description":"(FCC &#8211; Analista de Controle Externo (TCE-GO)\/Gest&atilde;o de Pessoas\/2014) Sobre o processo de mudan&ccedil;a planejada e de melhoria da organiza&ccedil;&atilde;o, chamado de Desenvolvimento Organizacional &minus; DO, considere: I. &Eacute; obtido por meio da aplica&ccedil;&atilde;o de conhecimento das ci&ecirc;ncias comportamentais. II. Apesar dessa mudan&ccedil;a ter efeitos comportamentais, trata-se de uma reforma exigida pela tecnologia e n&atilde;o [&hellip;]","og_url":"https:\/\/www.estrategiaconcursos.com.br\/blog\/da-serie-capciosas-de-administracao-questao-comentada\/","og_site_name":"Estrat\u00e9gia Concursos","article_published_time":"2017-03-28T14:38:54+00:00","author":"Adriel S\u00e1","twitter_card":"summary_large_image","twitter_creator":"@EstratConcursos","twitter_site":"@EstratConcursos","twitter_misc":{"Escrito por":"Adriel S\u00e1","Est. tempo de leitura":"10 minutos"},"schema":{"@context":"https:\/\/schema.org","@graph":[{"@type":"NewsArticle","@id":"https:\/\/www.estrategiaconcursos.com.br\/blog\/da-serie-capciosas-de-administracao-questao-comentada\/#article","isPartOf":{"@id":"https:\/\/www.estrategiaconcursos.com.br\/blog\/da-serie-capciosas-de-administracao-questao-comentada\/"},"author":{"name":"Adriel S\u00e1","@id":"https:\/\/www.estrategiaconcursos.com.br\/blog\/#\/schema\/person\/e16645c6841f5460802e96740e916bfd"},"headline":"Da s\u00e9rie &#8220;Capciosas de Administra\u00e7\u00e3o&#8221; &#8211; Quest\u00e3o comentada.","datePublished":"2017-03-28T14:38:54+00:00","mainEntityOfPage":{"@id":"https:\/\/www.estrategiaconcursos.com.br\/blog\/da-serie-capciosas-de-administracao-questao-comentada\/"},"wordCount":2026,"commentCount":0,"publisher":{"@id":"https:\/\/www.estrategiaconcursos.com.br\/blog\/#organization"},"articleSection":["Concursos P\u00fablicos"],"inLanguage":"pt-BR","potentialAction":[{"@type":"CommentAction","name":"Comment","target":["https:\/\/www.estrategiaconcursos.com.br\/blog\/da-serie-capciosas-de-administracao-questao-comentada\/#respond"]}],"copyrightYear":"2017","copyrightHolder":{"@id":"https:\/\/www.estrategiaconcursos.com.br\/blog\/#organization"}},{"@type":"WebPage","@id":"https:\/\/www.estrategiaconcursos.com.br\/blog\/da-serie-capciosas-de-administracao-questao-comentada\/","url":"https:\/\/www.estrategiaconcursos.com.br\/blog\/da-serie-capciosas-de-administracao-questao-comentada\/","name":"Da s\u00e9rie \"Capciosas de Administra\u00e7\u00e3o\" - Quest\u00e3o comentada.","isPartOf":{"@id":"https:\/\/www.estrategiaconcursos.com.br\/blog\/#website"},"datePublished":"2017-03-28T14:38:54+00:00","breadcrumb":{"@id":"https:\/\/www.estrategiaconcursos.com.br\/blog\/da-serie-capciosas-de-administracao-questao-comentada\/#breadcrumb"},"inLanguage":"pt-BR","potentialAction":[{"@type":"ReadAction","target":["https:\/\/www.estrategiaconcursos.com.br\/blog\/da-serie-capciosas-de-administracao-questao-comentada\/"]}]},{"@type":"BreadcrumbList","@id":"https:\/\/www.estrategiaconcursos.com.br\/blog\/da-serie-capciosas-de-administracao-questao-comentada\/#breadcrumb","itemListElement":[{"@type":"ListItem","position":1,"name":"In\u00edcio","item":"https:\/\/www.estrategiaconcursos.com.br\/blog\/"},{"@type":"ListItem","position":2,"name":"Da s\u00e9rie &#8220;Capciosas de Administra\u00e7\u00e3o&#8221; &#8211; Quest\u00e3o comentada."}]},{"@type":"WebSite","@id":"https:\/\/www.estrategiaconcursos.com.br\/blog\/#website","url":"https:\/\/www.estrategiaconcursos.com.br\/blog\/","name":"Estrat\u00e9gia Concursos","description":"O blog da Estrat\u00e9gia Concursos traz not\u00edcias sobre concursos e artigos de professores oferecendo cursos para concursos (pdf + videaulas) no site.","publisher":{"@id":"https:\/\/www.estrategiaconcursos.com.br\/blog\/#organization"},"potentialAction":[{"@type":"SearchAction","target":{"@type":"EntryPoint","urlTemplate":"https:\/\/www.estrategiaconcursos.com.br\/blog\/?s={search_term_string}"},"query-input":{"@type":"PropertyValueSpecification","valueRequired":true,"valueName":"search_term_string"}}],"inLanguage":"pt-BR"},{"@type":"Organization","@id":"https:\/\/www.estrategiaconcursos.com.br\/blog\/#organization","name":"Estrat\u00e9gia Concursos","url":"https:\/\/www.estrategiaconcursos.com.br\/blog\/","logo":{"@type":"ImageObject","inLanguage":"pt-BR","@id":"https:\/\/www.estrategiaconcursos.com.br\/blog\/#\/schema\/logo\/image\/","url":"https:\/\/dhg1h5j42swfq.cloudfront.net\/2025\/06\/03203428\/logo_concursos-1.jpg","contentUrl":"https:\/\/dhg1h5j42swfq.cloudfront.net\/2025\/06\/03203428\/logo_concursos-1.jpg","width":230,"height":60,"caption":"Estrat\u00e9gia Concursos"},"image":{"@id":"https:\/\/www.estrategiaconcursos.com.br\/blog\/#\/schema\/logo\/image\/"},"sameAs":["https:\/\/x.com\/EstratConcursos"]},{"@type":"Person","@id":"https:\/\/www.estrategiaconcursos.com.br\/blog\/#\/schema\/person\/e16645c6841f5460802e96740e916bfd","name":"Adriel S\u00e1","image":{"@type":"ImageObject","inLanguage":"pt-BR","@id":"https:\/\/secure.gravatar.com\/avatar\/b75b794f68c663798240f3079128b7dd1d78a4c65fd81be07ff43947061768c8?s=96&d=mm&r=g","url":"https:\/\/secure.gravatar.com\/avatar\/b75b794f68c663798240f3079128b7dd1d78a4c65fd81be07ff43947061768c8?s=96&d=mm&r=g","contentUrl":"https:\/\/secure.gravatar.com\/avatar\/b75b794f68c663798240f3079128b7dd1d78a4c65fd81be07ff43947061768c8?s=96&d=mm&r=g","caption":"Adriel S\u00e1"},"url":"https:\/\/www.estrategiaconcursos.com.br\/blog\/author\/adrieldesaestrategiaconcursos-com-br\/"}]}},"_links":{"self":[{"href":"https:\/\/www.estrategiaconcursos.com.br\/blog\/wp-json\/wp\/v2\/posts\/68470","targetHints":{"allow":["GET"]}}],"collection":[{"href":"https:\/\/www.estrategiaconcursos.com.br\/blog\/wp-json\/wp\/v2\/posts"}],"about":[{"href":"https:\/\/www.estrategiaconcursos.com.br\/blog\/wp-json\/wp\/v2\/types\/post"}],"author":[{"embeddable":true,"href":"https:\/\/www.estrategiaconcursos.com.br\/blog\/wp-json\/wp\/v2\/users\/143"}],"replies":[{"embeddable":true,"href":"https:\/\/www.estrategiaconcursos.com.br\/blog\/wp-json\/wp\/v2\/comments?post=68470"}],"version-history":[{"count":1,"href":"https:\/\/www.estrategiaconcursos.com.br\/blog\/wp-json\/wp\/v2\/posts\/68470\/revisions"}],"predecessor-version":[{"id":68477,"href":"https:\/\/www.estrategiaconcursos.com.br\/blog\/wp-json\/wp\/v2\/posts\/68470\/revisions\/68477"}],"wp:attachment":[{"href":"https:\/\/www.estrategiaconcursos.com.br\/blog\/wp-json\/wp\/v2\/media?parent=68470"}],"wp:term":[{"taxonomy":"category","embeddable":true,"href":"https:\/\/www.estrategiaconcursos.com.br\/blog\/wp-json\/wp\/v2\/categories?post=68470"},{"taxonomy":"post_tag","embeddable":true,"href":"https:\/\/www.estrategiaconcursos.com.br\/blog\/wp-json\/wp\/v2\/tags?post=68470"},{"taxonomy":"tax_estado","embeddable":true,"href":"https:\/\/www.estrategiaconcursos.com.br\/blog\/wp-json\/wp\/v2\/tax_estado?post=68470"}],"curies":[{"name":"wp","href":"https:\/\/api.w.org\/{rel}","templated":true}]}}