{"id":684571,"date":"2021-03-17T16:25:51","date_gmt":"2021-03-17T19:25:51","guid":{"rendered":"https:\/\/www.estrategiaconcursos.com.br\/blog\/?p=684571"},"modified":"2021-03-15T16:27:10","modified_gmt":"2021-03-15T19:27:10","slug":"resumo-lei-13-445-2017-migracao-extradicao-e-penalidades","status":"publish","type":"post","link":"https:\/\/www.estrategiaconcursos.com.br\/blog\/resumo-lei-13-445-2017-migracao-extradicao-e-penalidades\/","title":{"rendered":"Resumo Lei 13.445\/2017 (Migra\u00e7\u00e3o) &#8211; Extradi\u00e7\u00e3o e Penalidades"},"content":{"rendered":"\r\n<p>Ol\u00e1, pessoal. Tudo certo? No artigo de hoje veremos a \u00faltima parte do Resumo Lei 13.445\/2017 (Lei de Migra\u00e7\u00e3o).<\/p>\r\n\r\n\r\n\r\n<p class=\"has-text-align-center\"><a href=\"http:\/\/www.planalto.gov.br\/ccivil_03\/_Ato2015-2018\/2017\/Lei\/L13445.htm\">Norma &#8211; Lei de Migra\u00e7\u00e3o<\/a><\/p>\r\n\r\n\r\n\r\n<p>Veremos as principais partes referentes ao <strong>processo de extradi\u00e7\u00e3o<\/strong> e \u00e0s <strong>penalidades<\/strong>.<\/p>\r\n\r\n\r\n\r\n<p>Vamos l\u00e1?<\/p>\r\n\r\n\r\n\r\n<h2 class=\"wp-block-heading\" id=\"h-processo-de-extradi-o\">Processo de extradi\u00e7\u00e3o<\/h2>\r\n\r\n\r\n\r\n<ul class=\"wp-block-list\">\r\n<li>O <strong><span class=\"has-inline-color has-vivid-cyan-blue-color\">Processo de extradi\u00e7\u00e3o em face de Estado estrangeiro<\/span><\/strong> dever\u00e1 ser encaminhado ao \u00f3rg\u00e3o competente do Poder Executivo diretamente pelo \u00f3rg\u00e3o do Poder Judici\u00e1rio respons\u00e1vel pela decis\u00e3o.<\/li>\r\n<\/ul>\r\n\r\n\r\n\r\n<p><strong><span class=\"has-inline-color has-vivid-green-cyan-color\">Cabendo ao Executivo<\/span><\/strong> <strong>avalia\u00e7\u00e3o <\/strong>dos elementos formais de <strong>admissibilidade <\/strong>dos processos preparat\u00f3rios para encaminhamento ao Estado requerido (Art. 88, \u00a71\u00ba) <strong>e ao <\/strong><span class=\"has-inline-color has-vivid-purple-color\"><strong>Judici\u00e1rio<\/strong> <\/span>a <strong>apresenta\u00e7\u00e3o <\/strong>de todos os <strong>documentos <\/strong>necess\u00e1rios, inclusive suas tradu\u00e7\u00f5es oficiais (Art. 88, \u00a72\u00ba)<\/p>\r\n\r\n\r\n\r\n<ul class=\"wp-block-list\">\r\n<li>J\u00e1 o<span class=\"has-inline-color has-vivid-cyan-blue-color\"> <strong>pedido de extradi\u00e7\u00e3o originado de Estado estrangeiro<\/strong><\/span> ser\u00e1 <strong>recebido pelo \u00f3rg\u00e3o competente do Poder <\/strong><span class=\"has-inline-color has-vivid-red-color\"><strong>Executivo<\/strong> <\/span>e, ap\u00f3s exame da presen\u00e7a dos pressupostos formais de admissibilidade, encaminhado \u00e0 autoridade judici\u00e1ria competente (Art. 89)<\/li>\r\n<\/ul>\r\n\r\n\r\n\r\n<p>Posteriormente <strong><span class=\"has-inline-color has-vivid-green-cyan-color\">cabe ao Supremo Tribunal Federal <\/span>pronunciar-se sobre a legalidade<\/strong> e proced\u00eancia, n\u00e3o cabendo recurso da decis\u00e3o (Art. 90)<\/p>\r\n\r\n\r\n\r\n<h3 class=\"wp-block-heading\" id=\"h-julgamento-da-extradi-o\">Julgamento da extradi\u00e7\u00e3o<\/h3>\r\n\r\n\r\n\r\n<p>Assim, ap\u00f3s julgamento, caso seja <span class=\"has-inline-color has-vivid-cyan-blue-color\"><strong>julgada procedente a extradi\u00e7\u00e3o<\/strong> <\/span>e <strong>autorizada a entrega pelo \u00f3rg\u00e3o competente do Poder <span class=\"has-inline-color has-vivid-red-color\">Executivo<\/span><\/strong>, ser\u00e1 o ato comunicado por via diplom\u00e1tica ao Estado requerente, que, no prazo de 60 dias da comunica\u00e7\u00e3o, dever\u00e1 retirar o extraditando do territ\u00f3rio nacional (Art. 92)<\/p>\r\n\r\n\r\n\r\n<p>Atente-se que se o <strong><span class=\"has-inline-color has-vivid-green-cyan-color\">Estado requerente n\u00e3o retirar o extraditando<\/span><\/strong> do territ\u00f3rio nacional, ser\u00e1 ele <strong>posto em liberdade<\/strong> (Art. 93).<\/p>\r\n\r\n\r\n\r\n<p>Entretanto, se <strong><span class=\"has-inline-color has-vivid-green-cyan-color\">negada a extradi\u00e7\u00e3o em fase judicial<\/span><\/strong>, <strong>n\u00e3o se admitir\u00e1 novo pedido <\/strong>baseado no mesmo fato.<\/p>\r\n\r\n\r\n\r\n<p>Ainda, para que se <strong><span class=\"has-inline-color has-vivid-cyan-blue-color\">efetiva a extradi\u00e7\u00e3o<\/span><\/strong> o Estado requerente <strong>deve assumir o compromisso de<\/strong> (Art. 96):<\/p>\r\n\r\n\r\n\r\n<ul class=\"wp-block-list\">\r\n<li>I &#8211;<strong> n\u00e3o submeter <\/strong>o extraditando a pris\u00e3o ou processo por <strong><span class=\"has-inline-color has-vivid-green-cyan-color\">fato anterior <\/span>ao pedido de extradi\u00e7\u00e3o;<\/strong><\/li>\r\n<li>II &#8211;<strong> <span class=\"has-inline-color has-vivid-green-cyan-color\">computar o tempo da pris\u00e3o<\/span> <\/strong>que,<strong> no Brasil, <\/strong>foi imposta por for\u00e7a da extradi\u00e7\u00e3o;<\/li>\r\n<li>III <strong><span class=\"has-inline-color has-vivid-green-cyan-color\">&#8211; comutar a pena<\/span> <\/strong>corporal, perp\u00e9tua ou de morte <strong>em pena privativa de liberdade<\/strong>, respeitado o limite m\u00e1ximo de cumprimento de 30 anos;<\/li>\r\n<li>IV &#8211; <strong><span class=\"has-inline-color has-vivid-green-cyan-color\">n\u00e3o entregar o extraditando<\/span><\/strong>, sem consentimento do Brasil, <strong>a outro Estado <\/strong>que o reclame;<\/li>\r\n<li>V <strong>&#8211; n\u00e3o considerar qualquer m<\/strong><span class=\"has-inline-color has-vivid-green-cyan-color\"><strong>otivo pol\u00edtico<\/strong> <\/span>para agravar a pena; e<\/li>\r\n<li>VI &#8211; <strong>n\u00e3o submeter o extraditando a <\/strong><span class=\"has-inline-color has-vivid-green-cyan-color\"><strong>tortura<\/strong> <\/span>ou a outros tratamentos ou penas cru\u00e9is, desumanos ou degradantes.<\/li>\r\n<\/ul>\r\n\r\n\r\n\r\n<h2 class=\"wp-block-heading\" id=\"h-da-transfer-ncia-de-execu-o-da-pena\">Da Transfer\u00eancia de Execu\u00e7\u00e3o da Pena<\/h2>\r\n\r\n\r\n\r\n<p>Ainda, h\u00e1 a possibilidade da<span class=\"has-inline-color has-vivid-cyan-blue-color\"> <strong>extradi\u00e7\u00e3o execut\u00f3ria<\/strong> <\/span>(transfer\u00eancia da execu\u00e7\u00e3o da pena), desde que observado o princ\u00edpio do\u00a0non bis in idem e que seja preenchidos os seguintes <span class=\"has-inline-color has-vivid-green-cyan-color\"><strong>requisitos<\/strong> <\/span>(Art. 100, Par\u00e1grafo \u00fanico):<\/p>\r\n\r\n\r\n\r\n<ul class=\"wp-block-list\">\r\n<li>I &#8211; o condenado em territ\u00f3rio estrangeiro for <strong><span class=\"has-inline-color has-vivid-green-cyan-color\">nacional ou tiver resid\u00eancia habitual ou v\u00ednculo pessoal no Brasil<\/span><\/strong><\/li>\r\n<li>II &#8211; a senten\u00e7a tiver <strong><span class=\"has-inline-color has-vivid-green-cyan-color\">transitado em julgado<\/span><\/strong>;<\/li>\r\n<li>III &#8211; a dura\u00e7\u00e3o da <span class=\"has-inline-color has-vivid-green-cyan-color\"><strong>condena\u00e7\u00e3o<\/strong> <\/span>a cumprir ou que restar para cumprir for de, <strong>pelo menos,<\/strong><span class=\"has-inline-color has-vivid-red-color\"><strong> 1 ano<\/strong>,<\/span> na data de apresenta\u00e7\u00e3o do pedido ao Estado da condena\u00e7\u00e3o;<\/li>\r\n<li>IV &#8211; o fato que originou a condena\u00e7\u00e3o constituir <strong><span class=\"has-inline-color has-vivid-green-cyan-color\">infra\u00e7\u00e3o penal perante a lei de ambas as partes<\/span>;<\/strong> e<\/li>\r\n<li>V &#8211; houver tratado ou promessa de <strong><span class=\"has-inline-color has-vivid-green-cyan-color\">reciprocidade<\/span><\/strong>.<\/li>\r\n<\/ul>\r\n\r\n\r\n\r\n<p>Assim, o pedido ser\u00e1 recebido pelo \u00f3rg\u00e3o competente do Poder Executivo e, ap\u00f3s exame da presen\u00e7a dos pressupostos formais de admissibilidade exigidos nesta Lei ou em tratado, <strong>encaminhado ao <span class=\"has-inline-color has-vivid-red-color\">Superior Tribunal de Justi\u00e7a<\/span><\/strong> para decis\u00e3o quanto \u00e0 homologa\u00e7\u00e3o (Art. 101, \u00a7 1\u00ba)<\/p>\r\n\r\n\r\n\r\n<div class=\"wp-block-image\">\r\n<figure class=\"aligncenter size-large is-resized\"><img loading=\"lazy\" decoding=\"async\" class=\"wp-image-684574\" src=\"https:\/\/dhg1h5j42swfq.cloudfront.net\/2021\/03\/03201326\/image-35.png\" alt=\"Resumo Lei 13.445\/2017 (Migra\u00e7\u00e3o)\" width=\"525\" height=\"220\" srcset=\"https:\/\/dhg1h5j42swfq.cloudfront.net\/2021\/03\/03201326\/image-35.png 525w, https:\/\/dhg1h5j42swfq.cloudfront.net\/2021\/03\/03201326\/image-35-300x126.png 300w\" sizes=\"auto, (max-width: 525px) 100vw, 525px\" \/>\r\n<figcaption>Resumo Lei 13.445\/2017 (Migra\u00e7\u00e3o)<\/figcaption>\r\n<\/figure>\r\n<\/div>\r\n\r\n\r\n\r\n<p>Aten\u00e7\u00e3o, pois nesse caso n\u00e3o \u00e9 compet\u00eancia do STF, mas sim do STJ.<\/p>\r\n\r\n\r\n\r\n<p><em><span class=\"has-inline-color has-luminous-vivid-amber-color\"><strong>Obs. <\/strong><\/span>Apenas para ficar mais claro,<a href=\"https:\/\/www.justica.gov.br\/sua-protecao\/cooperacao-internacional\/extradicao#:~:text=A%20extradi%C3%A7%C3%A3o%20poder%C3%A1%20ser%20solicitada,j%C3%A1%20imposta%20(extradi%C3%A7%C3%A3o%20execut%C3%B3ria).\"> segundo o Minist\u00e9rio da Justi\u00e7a<\/a>, a\u00a0extradi\u00e7\u00e3o poder\u00e1 ser solicitada\u00a0tanto para fins de instru\u00e7\u00e3o de investiga\u00e7\u00e3o ou processo penal a que responde a pessoa reclamada (extradi\u00e7\u00e3o instrut\u00f3ria), quanto para cumprimento de pena j\u00e1 imposta (extradi\u00e7\u00e3o execut\u00f3ria).<\/em><\/p>\r\n\r\n\r\n\r\n<h2 class=\"wp-block-heading\" id=\"h-da-transfer-ncia-de-pessoa-condenada\">Da Transfer\u00eancia de Pessoa Condenada<\/h2>\r\n\r\n\r\n\r\n<p>A <strong><span class=\"has-inline-color has-vivid-cyan-blue-color\">transfer\u00eancia de pessoa condenada<\/span><\/strong> poder\u00e1 ser concedida quando (Art. 103):<\/p>\r\n\r\n\r\n\r\n<ul class=\"wp-block-list\">\r\n<li>o pedido se fundamentar em <strong><span class=\"has-inline-color has-vivid-green-cyan-color\">tratado<\/span><\/strong>, ou<\/li>\r\n<li>houver <strong><span class=\"has-inline-color has-vivid-green-cyan-color\">promessa de reciprocidade<\/span><\/strong><\/li>\r\n<\/ul>\r\n\r\n\r\n\r\n<p>Assim, o<span class=\"has-inline-color has-vivid-purple-color\"> <strong>condenado no territ\u00f3rio nacional<\/strong> <strong>poder\u00e1 ser transferido<\/strong><\/span> para seu pa\u00eds de nacionalidade ou pa\u00eds em que tiver resid\u00eancia habitual ou v\u00ednculo pessoal, <strong>desde que expresse interesse nesse sentido<\/strong>, a fim de cumprir pena a ele imposta pelo Estado brasileiro por senten\u00e7a transitada em julgado (Art. 103, \u00a7 1\u00ba)<\/p>\r\n\r\n\r\n\r\n<p>Tamb\u00e9m h\u00e1 que se respeitar os seguintes <span class=\"has-inline-color has-vivid-green-cyan-color\"><strong>requisitos<\/strong> <\/span>(Art. 104):<\/p>\r\n\r\n\r\n\r\n<ul class=\"wp-block-list\">\r\n<li>I &#8211; o condenado no territ\u00f3rio de uma das partes for <strong><span class=\"has-inline-color has-vivid-purple-color\">nacional ou tiver resid\u00eancia habitual<\/span> <\/strong>ou v\u00ednculo pessoal no territ\u00f3rio da outra parte que justifique a transfer\u00eancia;<\/li>\r\n<li>II &#8211; a senten\u00e7a tiver <strong><span class=\"has-inline-color has-vivid-purple-color\">transitado em julgado<\/span><\/strong>;<\/li>\r\n<li>III &#8211; a<span class=\"has-inline-color has-vivid-purple-color\"> <strong>dura\u00e7\u00e3o<\/strong> <strong>da condena\u00e7\u00e3o<\/strong><\/span> a cumprir ou que restar para cumprir for de, <strong>pelo menos, <span class=\"has-inline-color has-vivid-red-color\">1 ano<\/span>,<\/strong> na data de apresenta\u00e7\u00e3o do pedido ao Estado da condena\u00e7\u00e3o;<\/li>\r\n<li>IV &#8211; o fato que originou a condena\u00e7\u00e3o constituir <strong><span class=\"has-inline-color has-vivid-purple-color\">infra\u00e7\u00e3o penal perante a lei de ambos os Estados<\/span><\/strong>;<\/li>\r\n<li><strong><span class=\"has-inline-color has-vivid-red-color\">V &#8211; <\/span><\/strong>houver <strong>manifesta\u00e7\u00e3o de <span class=\"has-inline-color has-vivid-purple-color\">vontade do condenado<\/span><\/strong> ou, quando for o caso, de seu representante; e<\/li>\r\n<li><strong><span class=\"has-inline-color has-vivid-red-color\">VI &#8211;<\/span><\/strong> houver <strong><span class=\"has-inline-color has-vivid-purple-color\">concord\u00e2ncia de ambos os Estados<\/span><\/strong>.<\/li>\r\n<\/ul>\r\n\r\n\r\n\r\n<h2 class=\"wp-block-heading\" id=\"h-das-infra-es-e-das-penalidades-administrativas\">Das infra\u00e7\u00f5es e das penalidades administrativas<\/h2>\r\n\r\n\r\n\r\n<p>\u00c9 sempre por relembrar que as<span class=\"has-inline-color has-vivid-cyan-blue-color\"> <strong>infra\u00e7\u00f5es administrativas<\/strong><\/span> ser\u00e3o apuradas em processo administrativo pr\u00f3prio, <strong>assegurados o contradit\u00f3rio e a ampla defesa <\/strong>(Art. 107).<\/p>\r\n\r\n\r\n\r\n<p>E que o <strong><span class=\"has-inline-color has-vivid-green-cyan-color\">cometimento simult\u00e2neo<\/span><\/strong> de duas ou mais infra\u00e7\u00f5es <strong>importar\u00e1 cumula\u00e7\u00e3o das san\u00e7\u00f5es<\/strong> cab\u00edveis (Art. 107, \u00a71\u00ba).<\/p>\r\n\r\n\r\n\r\n<h3 class=\"wp-block-heading\" id=\"h-san-es\">San\u00e7\u00f5es<\/h3>\r\n\r\n\r\n\r\n<p>Antes de vermos as<span class=\"has-inline-color has-vivid-cyan-blue-color\"> <strong>san\u00e7\u00f5es previstas<\/strong><\/span> na Lei da Imigra\u00e7\u00e3o (Art. 109), saiba que n\u00e3o \u00e9 necess\u00e1rio decorar todas as hip\u00f3teses, mas sim ter uma ideia de seu conte\u00fado.<\/p>\r\n\r\n\r\n\r\n<ul class=\"wp-block-list\">\r\n<li>I &#8211; <strong>entrar<\/strong> em territ\u00f3rio nacional <strong>sem estar autorizado<\/strong>:<\/li>\r\n<\/ul>\r\n\r\n\r\n\r\n<p><strong><span class=\"has-inline-color has-vivid-purple-color\">San\u00e7\u00e3o<\/span><\/strong>: <strong><span class=\"has-inline-color has-vivid-red-color\">deporta\u00e7\u00e3o<\/span><\/strong>, caso n\u00e3o saia do Pa\u00eds ou n\u00e3o regularize a situa\u00e7\u00e3o migrat\u00f3ria no prazo fixado;<\/p>\r\n\r\n\r\n\r\n<ul class=\"wp-block-list\">\r\n<li>II &#8211; <strong>permanecer<\/strong> em territ\u00f3rio nacional <strong>depois de esgotado o prazo<\/strong> legal da documenta\u00e7\u00e3o migrat\u00f3ria:<\/li>\r\n<\/ul>\r\n\r\n\r\n\r\n<p><strong><span class=\"has-inline-color has-vivid-purple-color\">San\u00e7\u00e3o<\/span><\/strong>: <strong>multa <\/strong>por dia de excesso e deporta\u00e7\u00e3o, caso n\u00e3o saia do Pa\u00eds ou n\u00e3o regularize a situa\u00e7\u00e3o migrat\u00f3ria no prazo fixado;<\/p>\r\n\r\n\r\n\r\n<ul class=\"wp-block-list\">\r\n<li>III &#8211; <strong>deixar de se registrar<\/strong>, dentro do prazo de 90 dias do <strong>ingresso<\/strong> no Pa\u00eds, quando for obrigat\u00f3ria a identifica\u00e7\u00e3o civil:<\/li>\r\n<\/ul>\r\n\r\n\r\n\r\n<p><strong><span class=\"has-inline-color has-vivid-purple-color\">San\u00e7\u00e3o<\/span><\/strong>: <strong>multa<\/strong>;<\/p>\r\n\r\n\r\n\r\n<ul class=\"wp-block-list\">\r\n<li>IV &#8211; <strong>deixar o imigrante de se registrar<\/strong>, para efeito de autoriza\u00e7\u00e3o de resid\u00eancia, dentro do prazo de 30 dias, <strong>quando orientado a faz\u00ea-lo <\/strong>pelo \u00f3rg\u00e3o competente:<\/li>\r\n<\/ul>\r\n\r\n\r\n\r\n<p><strong><span class=\"has-inline-color has-vivid-purple-color\">San\u00e7\u00e3o<\/span><\/strong>: <strong>multa <\/strong>por dia de atraso;<\/p>\r\n\r\n\r\n\r\n<ul class=\"wp-block-list\">\r\n<li>V &#8211; <strong>transportar<\/strong> para o Brasil <strong>pessoa<\/strong> que esteja sem documenta\u00e7\u00e3o <strong>migrat\u00f3ria regular:<\/strong><\/li>\r\n<\/ul>\r\n\r\n\r\n\r\n<p><strong><span class=\"has-inline-color has-vivid-purple-color\">San\u00e7\u00e3o<\/span><\/strong>: <strong>multa <\/strong>por pessoa transportada;<\/p>\r\n\r\n\r\n\r\n<ul class=\"wp-block-list\">\r\n<li>VI &#8211; deixar a empresa transportadora de atender a compromisso de manuten\u00e7\u00e3o da estada ou de promo\u00e7\u00e3o da sa\u00edda do territ\u00f3rio nacional de quem tenha sido autorizado a ingresso condicional no Brasil por n\u00e3o possuir a devida documenta\u00e7\u00e3o migrat\u00f3ria:<\/li>\r\n<\/ul>\r\n\r\n\r\n\r\n<p><strong><span class=\"has-inline-color has-vivid-purple-color\">San\u00e7\u00e3o<\/span><\/strong>: <strong>multa<\/strong>;<\/p>\r\n\r\n\r\n\r\n<ul class=\"wp-block-list\">\r\n<li>VII &#8211; <strong>furtar-se ao controle migrat\u00f3rio<\/strong>, na entrada ou sa\u00edda do territ\u00f3rio nacional:<\/li>\r\n<\/ul>\r\n\r\n\r\n\r\n<p><strong><span class=\"has-inline-color has-vivid-purple-color\">San\u00e7\u00e3o<\/span><\/strong>: <strong>multa<\/strong>.<\/p>\r\n\r\n\r\n\r\n<p>Atente-se que s\u00f3 a um caso de deporta\u00e7\u00e3o, os demais ser\u00e3o multas.<\/p>\r\n\r\n\r\n\r\n<p><strong><span class=\"has-inline-color has-luminous-vivid-amber-color\">Obs.<\/span><\/strong> As penalidades aplicadas ser\u00e3o objeto de pedido de reconsidera\u00e7\u00e3o e de recurso (Art. 110), al\u00e9m de serem respeitados o contradit\u00f3rio, a ampla defesa, assim como a situa\u00e7\u00e3o de hipossufici\u00eancia do migrante ou do visitante.<\/p>\r\n\r\n\r\n\r\n<h2 class=\"wp-block-heading\" id=\"h-disposi-es-finais-e-transit-rias\">Disposi\u00e7\u00f5es finais e transit\u00f3rias<\/h2>\r\n\r\n\r\n\r\n<p>Para finalizar Resumo Lei 13.445\/2017 (Migra\u00e7\u00e3o), vejamos tr\u00eas informa\u00e7\u00f5es relevantes das <strong>disposi\u00e7\u00f5es finais e transit\u00f3rias<\/strong>:<\/p>\r\n\r\n\r\n\r\n<ul class=\"wp-block-list\">\r\n<li>A <strong>Lei da Migra\u00e7\u00e3o <span class=\"has-inline-color has-vivid-red-color\">n\u00e3o <\/span><span class=\"has-inline-color has-vivid-green-cyan-color\">prejudica direitos e obriga\u00e7\u00f5es<\/span> estabelecidos por tratados<\/strong> vigentes no Brasil <span style=\"text-decoration: underline;\">e que sejam mais ben\u00e9ficos ao migrante e ao visitante<\/span>, em particular os tratados firmados no \u00e2mbito do Mercosul (Art. 111).<\/li>\r\n<li>As autoridades brasileiras ser\u00e3o<span class=\"has-inline-color has-vivid-green-cyan-color\"> <strong>tolerantes quanto ao uso do idioma do residente fronteiri\u00e7o<\/strong> <strong>e do imigrante<\/strong><\/span> quando eles se<strong> dirigirem a \u00f3rg\u00e3os ou reparti\u00e7\u00f5es p\u00fablicas<\/strong> (Art. 112).<\/li>\r\n<li>A exist\u00eancia da<span class=\"has-inline-color has-vivid-green-cyan-color\"> <strong>Po<\/strong><\/span><strong><span class=\"has-inline-color has-vivid-green-cyan-color\">l\u00edtica Nacional de Migra\u00e7\u00f5es, Ref\u00fagio e\u00a0<\/span><\/strong><b>Ap\u00e1trida<\/b>, essa que ter\u00e1 a <strong>finalidade de coordenar e articular a\u00e7\u00f5es setoriais implementadas pelo Poder Executivo federal <\/strong>em regime de coopera\u00e7\u00e3o com os Estados, o Distrito Federal e os Munic\u00edpios, com participa\u00e7\u00e3o de organiza\u00e7\u00f5es da sociedade civil, organismos internacionais e entidades privadas, conforme regulamento (Art. 120)<\/li>\r\n<\/ul>\r\n\r\n\r\n\r\n<h2 class=\"wp-block-heading\" id=\"h-considera-es-finais\">Considera\u00e7\u00f5es Finais<\/h2>\r\n\r\n\r\n\r\n<p>Pessoal, chegamos ao final da \u00faltima parte do Resumo Lei 13.445\/2017 (Migra\u00e7\u00e3o). Espero que tenham gostado.<\/p>\r\n\r\n\r\n\r\n<p>N\u00e3o deixem de acompanhar o blog aqui do Estrat\u00e9gia para ver outros resumos esquem\u00e1ticos al\u00e9m de outras not\u00edcias de concurso p\u00fablico.<\/p>\r\n\r\n\r\n\r\n<p>At\u00e9 mais e bons estudos!<\/p>\r\n\r\n\r\n\r\n<p class=\"has-text-align-center\"><em><strong>Assinatura Anual Ilimitada*<\/strong><\/em><\/p>\r\n\r\n\r\n\r\n<p class=\"has-text-align-center\"><em>Prepare-se com o melhor material e com quem mais aprova em Concursos P\u00fablicos em todo o pa\u00eds. Assine agora a nossa Assinatura Anual e tenha acesso ilimitado* a todos os nossos cursos.<\/em><\/p>\r\n\r\n\r\n\r\n<p class=\"has-text-align-center has-light-green-cyan-background-color has-background\"><strong>ASSINE AGORA<\/strong>\u00a0\u2013\u00a0<strong><a href=\"https:\/\/www.estrategiaconcursos.com.br\/assinaturas\" target=\"_blank\" rel=\"noreferrer noopener\">Assinatura Ilimitada<\/a><\/strong><\/p>\r\n\r\n\r\n\r\n<p class=\"has-text-align-center\"><strong><em><strong>Sistema de Quest\u00f5es<\/strong><\/em><\/strong><\/p>\r\n\r\n\r\n\r\n<p class=\"has-text-align-center\"><em>Estrat\u00e9gia Quest\u00f5es nasceu maior do que todos os concorrentes, com mais quest\u00f5es cadastradas e mais solu\u00e7\u00f5es por professores. Ent\u00e3o, confira e aproveite os descontos e b\u00f4nus imperd\u00edveis!<\/em><\/p>\r\n\r\n\r\n\r\n<p class=\"has-text-align-center has-vivid-green-cyan-background-color has-background\"><strong>ASSINE AGORA \u2013\u00a0<a href=\"https:\/\/www.estrategiaconcursos.com.br\/cursosPorConcurso\/sistema-de-questoes\/#\/\" target=\"_blank\" rel=\"noreferrer noopener\">Sistema de Quest\u00f5es<\/a><\/strong><\/p>\r\n\r\n\r\n\r\n<p class=\"has-text-align-center\"><strong><em>Fique por dentro dos concursos em aberto<\/em><\/strong><\/p>\r\n\r\n\r\n\r\n<p class=\"has-text-align-center has-pale-cyan-blue-background-color has-background\"><a href=\"https:\/\/www.estrategiaconcursos.com.br\/blog\/concursos-abertos\/\" target=\"_blank\" rel=\"noreferrer noopener\"><strong>CONCURSOS ABERTOS<\/strong><\/a><\/p>\r\n\r\n\r\n\r\n<p class=\"has-text-align-center\"><strong><em>As oportunidades previstas<\/em><\/strong><\/p>\r\n\r\n\r\n\r\n<p class=\"has-text-align-center has-pale-cyan-blue-background-color has-background\"><a href=\"https:\/\/www.estrategiaconcursos.com.br\/blog\/concursos-2021\/\" target=\"_blank\" rel=\"noreferrer noopener\"><strong>CONCURSOS 2021<\/strong><\/a><\/p>\r\n","protected":false},"excerpt":{"rendered":"<p>Ol\u00e1, pessoal. Tudo certo? No artigo de hoje veremos a \u00faltima parte do Resumo Lei 13.445\/2017 (Lei de Migra\u00e7\u00e3o). Norma &#8211; Lei de Migra\u00e7\u00e3o Veremos as principais partes referentes ao processo de extradi\u00e7\u00e3o e \u00e0s penalidades. Vamos l\u00e1? Processo de extradi\u00e7\u00e3o O Processo de extradi\u00e7\u00e3o em face de Estado estrangeiro dever\u00e1 ser encaminhado ao \u00f3rg\u00e3o [&hellip;]<\/p>\n","protected":false},"author":1763,"featured_media":118921,"comment_status":"open","ping_status":"closed","sticky":false,"template":"","format":"standard","meta":{"post_tipo":"article","footnotes":""},"categories":[1988],"tags":[],"tax_estado":[219964,219965,219966,219967,219968,219969,219963,219970,219971,219972,219973,219974,219975,219976,219977,219978,219979,219980,219981,219982,219983,219984,219985,219986,219987,219988,219989,219990],"class_list":["post-684571","post","type-post","status-publish","format-standard","has-post-thumbnail","hentry","category-policia","tax_estado-ac","tax_estado-al","tax_estado-am","tax_estado-ap","tax_estado-ba","tax_estado-ce","tax_estado-concursos-federais","tax_estado-df","tax_estado-es","tax_estado-go","tax_estado-ma","tax_estado-mg","tax_estado-ms","tax_estado-mt","tax_estado-pa","tax_estado-pb","tax_estado-pe","tax_estado-pi","tax_estado-pr","tax_estado-rj","tax_estado-rn","tax_estado-ro","tax_estado-rr","tax_estado-rs","tax_estado-sc","tax_estado-se","tax_estado-sp","tax_estado-to"],"acf":[],"yoast_head":"<!-- This site is optimized with the Yoast SEO Premium plugin v27.2 (Yoast SEO v27.2) - https:\/\/yoast.com\/product\/yoast-seo-premium-wordpress\/ -->\n<title>Resumo Lei 13.445\/2017 (Migra\u00e7\u00e3o) - Extradi\u00e7\u00e3o e Penalidades<\/title>\n<meta name=\"description\" content=\"Veja neste artigo a \u00faltima parte do Resumo Lei 13.445\/2017 (Lei da Migra\u00e7\u00e3o), referente ao processo de extradi\u00e7\u00e3o e \u00e0s penalidades.\" \/>\n<meta name=\"robots\" content=\"index, follow, max-snippet:-1, max-image-preview:large, max-video-preview:-1\" \/>\n<link rel=\"canonical\" href=\"https:\/\/www.estrategiaconcursos.com.br\/blog\/resumo-lei-13-445-2017-migracao-extradicao-e-penalidades\/\" \/>\n<meta property=\"og:locale\" content=\"pt_BR\" \/>\n<meta property=\"og:type\" content=\"article\" \/>\n<meta property=\"og:title\" content=\"Resumo Lei 13.445\/2017 (Migra\u00e7\u00e3o) - Extradi\u00e7\u00e3o e Penalidades\" \/>\n<meta property=\"og:description\" content=\"Veja neste artigo a \u00faltima parte do Resumo Lei 13.445\/2017 (Lei da Migra\u00e7\u00e3o), referente ao processo de extradi\u00e7\u00e3o e \u00e0s penalidades.\" \/>\n<meta property=\"og:url\" content=\"https:\/\/www.estrategiaconcursos.com.br\/blog\/resumo-lei-13-445-2017-migracao-extradicao-e-penalidades\/\" \/>\n<meta property=\"og:site_name\" content=\"Estrat\u00e9gia Concursos\" \/>\n<meta property=\"article:published_time\" content=\"2021-03-17T19:25:51+00:00\" \/>\n<meta property=\"og:image\" content=\"https:\/\/dhg1h5j42swfq.cloudfront.net\/2018\/05\/01231649\/migra%C3%A7%C3%A3o.png\" \/>\n\t<meta property=\"og:image:width\" content=\"478\" \/>\n\t<meta property=\"og:image:height\" content=\"238\" \/>\n\t<meta property=\"og:image:type\" content=\"image\/png\" \/>\n<meta name=\"author\" content=\"Leonardo Menezes Passarin\" \/>\n<meta name=\"twitter:card\" content=\"summary_large_image\" \/>\n<meta name=\"twitter:creator\" content=\"@EstratConcursos\" \/>\n<meta name=\"twitter:site\" content=\"@EstratConcursos\" \/>\n<meta name=\"twitter:label1\" content=\"Escrito por\" \/>\n\t<meta name=\"twitter:data1\" content=\"Leonardo Menezes Passarin\" \/>\n\t<meta name=\"twitter:label2\" content=\"Est. tempo de leitura\" \/>\n\t<meta name=\"twitter:data2\" content=\"8 minutos\" \/>\n<script type=\"application\/ld+json\" class=\"yoast-schema-graph\">{\"@context\":\"https:\/\/schema.org\",\"@graph\":[{\"@type\":\"NewsArticle\",\"@id\":\"https:\/\/www.estrategiaconcursos.com.br\/blog\/resumo-lei-13-445-2017-migracao-extradicao-e-penalidades\/#article\",\"isPartOf\":{\"@id\":\"https:\/\/www.estrategiaconcursos.com.br\/blog\/resumo-lei-13-445-2017-migracao-extradicao-e-penalidades\/\"},\"author\":{\"name\":\"Leonardo Menezes Passarin\",\"@id\":\"https:\/\/www.estrategiaconcursos.com.br\/blog\/#\/schema\/person\/245b44e43eb13f0dbd04a7a078cd0d0d\"},\"headline\":\"Resumo Lei 13.445\/2017 (Migra\u00e7\u00e3o) &#8211; Extradi\u00e7\u00e3o e Penalidades\",\"datePublished\":\"2021-03-17T19:25:51+00:00\",\"mainEntityOfPage\":{\"@id\":\"https:\/\/www.estrategiaconcursos.com.br\/blog\/resumo-lei-13-445-2017-migracao-extradicao-e-penalidades\/\"},\"wordCount\":1558,\"commentCount\":0,\"publisher\":{\"@id\":\"https:\/\/www.estrategiaconcursos.com.br\/blog\/#organization\"},\"image\":{\"@id\":\"https:\/\/www.estrategiaconcursos.com.br\/blog\/resumo-lei-13-445-2017-migracao-extradicao-e-penalidades\/#primaryimage\"},\"thumbnailUrl\":\"https:\/\/dhg1h5j42swfq.cloudfront.net\/2018\/05\/01231649\/migra%C3%A7%C3%A3o.png\",\"articleSection\":[\"Policial (Agente, Escriv\u00e3o e Investigador)\"],\"inLanguage\":\"pt-BR\",\"potentialAction\":[{\"@type\":\"CommentAction\",\"name\":\"Comment\",\"target\":[\"https:\/\/www.estrategiaconcursos.com.br\/blog\/resumo-lei-13-445-2017-migracao-extradicao-e-penalidades\/#respond\"]}],\"copyrightYear\":\"2021\",\"copyrightHolder\":{\"@id\":\"https:\/\/www.estrategiaconcursos.com.br\/blog\/#organization\"}},{\"@type\":\"WebPage\",\"@id\":\"https:\/\/www.estrategiaconcursos.com.br\/blog\/resumo-lei-13-445-2017-migracao-extradicao-e-penalidades\/\",\"url\":\"https:\/\/www.estrategiaconcursos.com.br\/blog\/resumo-lei-13-445-2017-migracao-extradicao-e-penalidades\/\",\"name\":\"Resumo Lei 13.445\/2017 (Migra\u00e7\u00e3o) - Extradi\u00e7\u00e3o e Penalidades\",\"isPartOf\":{\"@id\":\"https:\/\/www.estrategiaconcursos.com.br\/blog\/#website\"},\"primaryImageOfPage\":{\"@id\":\"https:\/\/www.estrategiaconcursos.com.br\/blog\/resumo-lei-13-445-2017-migracao-extradicao-e-penalidades\/#primaryimage\"},\"image\":{\"@id\":\"https:\/\/www.estrategiaconcursos.com.br\/blog\/resumo-lei-13-445-2017-migracao-extradicao-e-penalidades\/#primaryimage\"},\"thumbnailUrl\":\"https:\/\/dhg1h5j42swfq.cloudfront.net\/2018\/05\/01231649\/migra%C3%A7%C3%A3o.png\",\"datePublished\":\"2021-03-17T19:25:51+00:00\",\"description\":\"Veja neste artigo a \u00faltima parte do Resumo Lei 13.445\/2017 (Lei da Migra\u00e7\u00e3o), referente ao processo de extradi\u00e7\u00e3o e \u00e0s penalidades.\",\"breadcrumb\":{\"@id\":\"https:\/\/www.estrategiaconcursos.com.br\/blog\/resumo-lei-13-445-2017-migracao-extradicao-e-penalidades\/#breadcrumb\"},\"inLanguage\":\"pt-BR\",\"potentialAction\":[{\"@type\":\"ReadAction\",\"target\":[\"https:\/\/www.estrategiaconcursos.com.br\/blog\/resumo-lei-13-445-2017-migracao-extradicao-e-penalidades\/\"]}]},{\"@type\":\"ImageObject\",\"inLanguage\":\"pt-BR\",\"@id\":\"https:\/\/www.estrategiaconcursos.com.br\/blog\/resumo-lei-13-445-2017-migracao-extradicao-e-penalidades\/#primaryimage\",\"url\":\"https:\/\/dhg1h5j42swfq.cloudfront.net\/2018\/05\/01231649\/migra%C3%A7%C3%A3o.png\",\"contentUrl\":\"https:\/\/dhg1h5j42swfq.cloudfront.net\/2018\/05\/01231649\/migra%C3%A7%C3%A3o.png\",\"width\":478,\"height\":238},{\"@type\":\"BreadcrumbList\",\"@id\":\"https:\/\/www.estrategiaconcursos.com.br\/blog\/resumo-lei-13-445-2017-migracao-extradicao-e-penalidades\/#breadcrumb\",\"itemListElement\":[{\"@type\":\"ListItem\",\"position\":1,\"name\":\"In\u00edcio\",\"item\":\"https:\/\/www.estrategiaconcursos.com.br\/blog\/\"},{\"@type\":\"ListItem\",\"position\":2,\"name\":\"Resumo Lei 13.445\/2017 (Migra\u00e7\u00e3o) &#8211; Extradi\u00e7\u00e3o e Penalidades\"}]},{\"@type\":\"WebSite\",\"@id\":\"https:\/\/www.estrategiaconcursos.com.br\/blog\/#website\",\"url\":\"https:\/\/www.estrategiaconcursos.com.br\/blog\/\",\"name\":\"Estrat\u00e9gia Concursos\",\"description\":\"O blog da Estrat\u00e9gia Concursos traz not\u00edcias sobre concursos e artigos de professores oferecendo cursos para concursos (pdf + videaulas) no site.\",\"publisher\":{\"@id\":\"https:\/\/www.estrategiaconcursos.com.br\/blog\/#organization\"},\"potentialAction\":[{\"@type\":\"SearchAction\",\"target\":{\"@type\":\"EntryPoint\",\"urlTemplate\":\"https:\/\/www.estrategiaconcursos.com.br\/blog\/?s={search_term_string}\"},\"query-input\":{\"@type\":\"PropertyValueSpecification\",\"valueRequired\":true,\"valueName\":\"search_term_string\"}}],\"inLanguage\":\"pt-BR\"},{\"@type\":\"Organization\",\"@id\":\"https:\/\/www.estrategiaconcursos.com.br\/blog\/#organization\",\"name\":\"Estrat\u00e9gia Concursos\",\"url\":\"https:\/\/www.estrategiaconcursos.com.br\/blog\/\",\"logo\":{\"@type\":\"ImageObject\",\"inLanguage\":\"pt-BR\",\"@id\":\"https:\/\/www.estrategiaconcursos.com.br\/blog\/#\/schema\/logo\/image\/\",\"url\":\"https:\/\/dhg1h5j42swfq.cloudfront.net\/2025\/06\/03203428\/logo_concursos-1.jpg\",\"contentUrl\":\"https:\/\/dhg1h5j42swfq.cloudfront.net\/2025\/06\/03203428\/logo_concursos-1.jpg\",\"width\":230,\"height\":60,\"caption\":\"Estrat\u00e9gia Concursos\"},\"image\":{\"@id\":\"https:\/\/www.estrategiaconcursos.com.br\/blog\/#\/schema\/logo\/image\/\"},\"sameAs\":[\"https:\/\/x.com\/EstratConcursos\"]},{\"@type\":\"Person\",\"@id\":\"https:\/\/www.estrategiaconcursos.com.br\/blog\/#\/schema\/person\/245b44e43eb13f0dbd04a7a078cd0d0d\",\"name\":\"Leonardo Menezes Passarin\",\"image\":{\"@type\":\"ImageObject\",\"inLanguage\":\"pt-BR\",\"@id\":\"https:\/\/secure.gravatar.com\/avatar\/fc0e5714ceaa97f24e6e6a30eab74ba8a701c2b62f8cab100ffdb22c6d8f42c3?s=96&d=mm&r=g\",\"url\":\"https:\/\/secure.gravatar.com\/avatar\/fc0e5714ceaa97f24e6e6a30eab74ba8a701c2b62f8cab100ffdb22c6d8f42c3?s=96&d=mm&r=g\",\"contentUrl\":\"https:\/\/secure.gravatar.com\/avatar\/fc0e5714ceaa97f24e6e6a30eab74ba8a701c2b62f8cab100ffdb22c6d8f42c3?s=96&d=mm&r=g\",\"caption\":\"Leonardo Menezes Passarin\"},\"url\":\"https:\/\/www.estrategiaconcursos.com.br\/blog\/author\/passarin-leonardohotmail-com\/\"}]}<\/script>\n<!-- \/ Yoast SEO Premium plugin. -->","yoast_head_json":{"title":"Resumo Lei 13.445\/2017 (Migra\u00e7\u00e3o) - Extradi\u00e7\u00e3o e Penalidades","description":"Veja neste artigo a \u00faltima parte do Resumo Lei 13.445\/2017 (Lei da Migra\u00e7\u00e3o), referente ao processo de extradi\u00e7\u00e3o e \u00e0s penalidades.","robots":{"index":"index","follow":"follow","max-snippet":"max-snippet:-1","max-image-preview":"max-image-preview:large","max-video-preview":"max-video-preview:-1"},"canonical":"https:\/\/www.estrategiaconcursos.com.br\/blog\/resumo-lei-13-445-2017-migracao-extradicao-e-penalidades\/","og_locale":"pt_BR","og_type":"article","og_title":"Resumo Lei 13.445\/2017 (Migra\u00e7\u00e3o) - Extradi\u00e7\u00e3o e Penalidades","og_description":"Veja neste artigo a \u00faltima parte do Resumo Lei 13.445\/2017 (Lei da Migra\u00e7\u00e3o), referente ao processo de extradi\u00e7\u00e3o e \u00e0s penalidades.","og_url":"https:\/\/www.estrategiaconcursos.com.br\/blog\/resumo-lei-13-445-2017-migracao-extradicao-e-penalidades\/","og_site_name":"Estrat\u00e9gia Concursos","article_published_time":"2021-03-17T19:25:51+00:00","og_image":[{"width":478,"height":238,"url":"https:\/\/dhg1h5j42swfq.cloudfront.net\/2018\/05\/01231649\/migra%C3%A7%C3%A3o.png","type":"image\/png"}],"author":"Leonardo Menezes Passarin","twitter_card":"summary_large_image","twitter_creator":"@EstratConcursos","twitter_site":"@EstratConcursos","twitter_misc":{"Escrito por":"Leonardo Menezes Passarin","Est. tempo de leitura":"8 minutos"},"schema":{"@context":"https:\/\/schema.org","@graph":[{"@type":"NewsArticle","@id":"https:\/\/www.estrategiaconcursos.com.br\/blog\/resumo-lei-13-445-2017-migracao-extradicao-e-penalidades\/#article","isPartOf":{"@id":"https:\/\/www.estrategiaconcursos.com.br\/blog\/resumo-lei-13-445-2017-migracao-extradicao-e-penalidades\/"},"author":{"name":"Leonardo Menezes Passarin","@id":"https:\/\/www.estrategiaconcursos.com.br\/blog\/#\/schema\/person\/245b44e43eb13f0dbd04a7a078cd0d0d"},"headline":"Resumo Lei 13.445\/2017 (Migra\u00e7\u00e3o) &#8211; Extradi\u00e7\u00e3o e Penalidades","datePublished":"2021-03-17T19:25:51+00:00","mainEntityOfPage":{"@id":"https:\/\/www.estrategiaconcursos.com.br\/blog\/resumo-lei-13-445-2017-migracao-extradicao-e-penalidades\/"},"wordCount":1558,"commentCount":0,"publisher":{"@id":"https:\/\/www.estrategiaconcursos.com.br\/blog\/#organization"},"image":{"@id":"https:\/\/www.estrategiaconcursos.com.br\/blog\/resumo-lei-13-445-2017-migracao-extradicao-e-penalidades\/#primaryimage"},"thumbnailUrl":"https:\/\/dhg1h5j42swfq.cloudfront.net\/2018\/05\/01231649\/migra%C3%A7%C3%A3o.png","articleSection":["Policial (Agente, Escriv\u00e3o e Investigador)"],"inLanguage":"pt-BR","potentialAction":[{"@type":"CommentAction","name":"Comment","target":["https:\/\/www.estrategiaconcursos.com.br\/blog\/resumo-lei-13-445-2017-migracao-extradicao-e-penalidades\/#respond"]}],"copyrightYear":"2021","copyrightHolder":{"@id":"https:\/\/www.estrategiaconcursos.com.br\/blog\/#organization"}},{"@type":"WebPage","@id":"https:\/\/www.estrategiaconcursos.com.br\/blog\/resumo-lei-13-445-2017-migracao-extradicao-e-penalidades\/","url":"https:\/\/www.estrategiaconcursos.com.br\/blog\/resumo-lei-13-445-2017-migracao-extradicao-e-penalidades\/","name":"Resumo Lei 13.445\/2017 (Migra\u00e7\u00e3o) - Extradi\u00e7\u00e3o e Penalidades","isPartOf":{"@id":"https:\/\/www.estrategiaconcursos.com.br\/blog\/#website"},"primaryImageOfPage":{"@id":"https:\/\/www.estrategiaconcursos.com.br\/blog\/resumo-lei-13-445-2017-migracao-extradicao-e-penalidades\/#primaryimage"},"image":{"@id":"https:\/\/www.estrategiaconcursos.com.br\/blog\/resumo-lei-13-445-2017-migracao-extradicao-e-penalidades\/#primaryimage"},"thumbnailUrl":"https:\/\/dhg1h5j42swfq.cloudfront.net\/2018\/05\/01231649\/migra%C3%A7%C3%A3o.png","datePublished":"2021-03-17T19:25:51+00:00","description":"Veja neste artigo a \u00faltima parte do Resumo Lei 13.445\/2017 (Lei da Migra\u00e7\u00e3o), referente ao processo de extradi\u00e7\u00e3o e \u00e0s penalidades.","breadcrumb":{"@id":"https:\/\/www.estrategiaconcursos.com.br\/blog\/resumo-lei-13-445-2017-migracao-extradicao-e-penalidades\/#breadcrumb"},"inLanguage":"pt-BR","potentialAction":[{"@type":"ReadAction","target":["https:\/\/www.estrategiaconcursos.com.br\/blog\/resumo-lei-13-445-2017-migracao-extradicao-e-penalidades\/"]}]},{"@type":"ImageObject","inLanguage":"pt-BR","@id":"https:\/\/www.estrategiaconcursos.com.br\/blog\/resumo-lei-13-445-2017-migracao-extradicao-e-penalidades\/#primaryimage","url":"https:\/\/dhg1h5j42swfq.cloudfront.net\/2018\/05\/01231649\/migra%C3%A7%C3%A3o.png","contentUrl":"https:\/\/dhg1h5j42swfq.cloudfront.net\/2018\/05\/01231649\/migra%C3%A7%C3%A3o.png","width":478,"height":238},{"@type":"BreadcrumbList","@id":"https:\/\/www.estrategiaconcursos.com.br\/blog\/resumo-lei-13-445-2017-migracao-extradicao-e-penalidades\/#breadcrumb","itemListElement":[{"@type":"ListItem","position":1,"name":"In\u00edcio","item":"https:\/\/www.estrategiaconcursos.com.br\/blog\/"},{"@type":"ListItem","position":2,"name":"Resumo Lei 13.445\/2017 (Migra\u00e7\u00e3o) &#8211; Extradi\u00e7\u00e3o e Penalidades"}]},{"@type":"WebSite","@id":"https:\/\/www.estrategiaconcursos.com.br\/blog\/#website","url":"https:\/\/www.estrategiaconcursos.com.br\/blog\/","name":"Estrat\u00e9gia Concursos","description":"O blog da Estrat\u00e9gia Concursos traz not\u00edcias sobre concursos e artigos de professores oferecendo cursos para concursos (pdf + videaulas) no site.","publisher":{"@id":"https:\/\/www.estrategiaconcursos.com.br\/blog\/#organization"},"potentialAction":[{"@type":"SearchAction","target":{"@type":"EntryPoint","urlTemplate":"https:\/\/www.estrategiaconcursos.com.br\/blog\/?s={search_term_string}"},"query-input":{"@type":"PropertyValueSpecification","valueRequired":true,"valueName":"search_term_string"}}],"inLanguage":"pt-BR"},{"@type":"Organization","@id":"https:\/\/www.estrategiaconcursos.com.br\/blog\/#organization","name":"Estrat\u00e9gia Concursos","url":"https:\/\/www.estrategiaconcursos.com.br\/blog\/","logo":{"@type":"ImageObject","inLanguage":"pt-BR","@id":"https:\/\/www.estrategiaconcursos.com.br\/blog\/#\/schema\/logo\/image\/","url":"https:\/\/dhg1h5j42swfq.cloudfront.net\/2025\/06\/03203428\/logo_concursos-1.jpg","contentUrl":"https:\/\/dhg1h5j42swfq.cloudfront.net\/2025\/06\/03203428\/logo_concursos-1.jpg","width":230,"height":60,"caption":"Estrat\u00e9gia Concursos"},"image":{"@id":"https:\/\/www.estrategiaconcursos.com.br\/blog\/#\/schema\/logo\/image\/"},"sameAs":["https:\/\/x.com\/EstratConcursos"]},{"@type":"Person","@id":"https:\/\/www.estrategiaconcursos.com.br\/blog\/#\/schema\/person\/245b44e43eb13f0dbd04a7a078cd0d0d","name":"Leonardo Menezes Passarin","image":{"@type":"ImageObject","inLanguage":"pt-BR","@id":"https:\/\/secure.gravatar.com\/avatar\/fc0e5714ceaa97f24e6e6a30eab74ba8a701c2b62f8cab100ffdb22c6d8f42c3?s=96&d=mm&r=g","url":"https:\/\/secure.gravatar.com\/avatar\/fc0e5714ceaa97f24e6e6a30eab74ba8a701c2b62f8cab100ffdb22c6d8f42c3?s=96&d=mm&r=g","contentUrl":"https:\/\/secure.gravatar.com\/avatar\/fc0e5714ceaa97f24e6e6a30eab74ba8a701c2b62f8cab100ffdb22c6d8f42c3?s=96&d=mm&r=g","caption":"Leonardo Menezes Passarin"},"url":"https:\/\/www.estrategiaconcursos.com.br\/blog\/author\/passarin-leonardohotmail-com\/"}]}},"_links":{"self":[{"href":"https:\/\/www.estrategiaconcursos.com.br\/blog\/wp-json\/wp\/v2\/posts\/684571","targetHints":{"allow":["GET"]}}],"collection":[{"href":"https:\/\/www.estrategiaconcursos.com.br\/blog\/wp-json\/wp\/v2\/posts"}],"about":[{"href":"https:\/\/www.estrategiaconcursos.com.br\/blog\/wp-json\/wp\/v2\/types\/post"}],"author":[{"embeddable":true,"href":"https:\/\/www.estrategiaconcursos.com.br\/blog\/wp-json\/wp\/v2\/users\/1763"}],"replies":[{"embeddable":true,"href":"https:\/\/www.estrategiaconcursos.com.br\/blog\/wp-json\/wp\/v2\/comments?post=684571"}],"version-history":[{"count":9,"href":"https:\/\/www.estrategiaconcursos.com.br\/blog\/wp-json\/wp\/v2\/posts\/684571\/revisions"}],"predecessor-version":[{"id":693344,"href":"https:\/\/www.estrategiaconcursos.com.br\/blog\/wp-json\/wp\/v2\/posts\/684571\/revisions\/693344"}],"wp:featuredmedia":[{"embeddable":true,"href":"https:\/\/www.estrategiaconcursos.com.br\/blog\/wp-json\/wp\/v2\/media\/118921"}],"wp:attachment":[{"href":"https:\/\/www.estrategiaconcursos.com.br\/blog\/wp-json\/wp\/v2\/media?parent=684571"}],"wp:term":[{"taxonomy":"category","embeddable":true,"href":"https:\/\/www.estrategiaconcursos.com.br\/blog\/wp-json\/wp\/v2\/categories?post=684571"},{"taxonomy":"post_tag","embeddable":true,"href":"https:\/\/www.estrategiaconcursos.com.br\/blog\/wp-json\/wp\/v2\/tags?post=684571"},{"taxonomy":"tax_estado","embeddable":true,"href":"https:\/\/www.estrategiaconcursos.com.br\/blog\/wp-json\/wp\/v2\/tax_estado?post=684571"}],"curies":[{"name":"wp","href":"https:\/\/api.w.org\/{rel}","templated":true}]}}