{"id":683564,"date":"2021-04-08T18:49:00","date_gmt":"2021-04-08T21:49:00","guid":{"rendered":"https:\/\/www.estrategiaconcursos.com.br\/blog\/?p=683564"},"modified":"2022-11-10T16:58:00","modified_gmt":"2022-11-10T19:58:00","slug":"funcoes-essenciais-a-justica-2","status":"publish","type":"post","link":"https:\/\/www.estrategiaconcursos.com.br\/blog\/funcoes-essenciais-a-justica-2\/","title":{"rendered":"As Fun\u00e7\u00f5es Essenciais \u00e0 Justi\u00e7a na Constitui\u00e7\u00e3o Federal"},"content":{"rendered":"\n<p class=\"has-medium-font-size\">Aprenda sobre as Fun\u00e7\u00f5es Essenciais \u00e0 Justi\u00e7a presentes na Constitui\u00e7\u00e3o Federal.<\/p>\n\n\n\n<figure class=\"wp-block-image aligncenter size-large\"><img loading=\"lazy\" decoding=\"async\" width=\"408\" height=\"299\" src=\"https:\/\/dhg1h5j42swfq.cloudfront.net\/2021\/03\/29174255\/funcoes-essenciais-a-justica-1.png\" alt=\"Fun\u00e7\u00f5es Essenciais \u00e0 Justi\u00e7a\" class=\"wp-image-703784\" srcset=\"https:\/\/dhg1h5j42swfq.cloudfront.net\/2021\/03\/29174255\/funcoes-essenciais-a-justica-1.png 408w, https:\/\/dhg1h5j42swfq.cloudfront.net\/2021\/03\/29174255\/funcoes-essenciais-a-justica-1-300x220.png 300w\" sizes=\"auto, (max-width: 408px) 100vw, 408px\" \/><figcaption>As Fun\u00e7\u00f5es Essenciais \u00e0 Justi\u00e7a<\/figcaption><\/figure>\n\n\n\n<p>Ol\u00e1, Estrategista. Tudo bem?<\/p>\n\n\n\n<p>O artigo de hoje abordar\u00e1 o resumo sobre um tema muito importante para provas de <strong>Direito Constitucional:<\/strong> as <strong><span class=\"has-inline-color has-vivid-cyan-blue-color\">Fun\u00e7\u00f5es Essenciais \u00e0 Justi\u00e7a<\/span><\/strong> presentes na Constitui\u00e7\u00e3o.<\/p>\n\n\n\n<p>Para aprendermos sobre esse assunto, iremos discutir os seguintes t\u00f3picos:<\/p>\n\n\n\n<ul class=\"wp-block-list\"><li><strong>Vis\u00e3o Geral sobre as Fun\u00e7\u00f5es Essenciais \u00e0 Justi\u00e7a<\/strong>;<\/li><li><strong>Minist\u00e9rio P\u00fablico<\/strong>;<\/li><li><strong>Advocacia P\u00fablica<\/strong>;<\/li><li><strong>Advocacia Privada<\/strong>;<\/li><li><strong>Defensoria P\u00fablica<\/strong>.<\/li><\/ul>\n\n\n\n<h2 class=\"wp-block-heading\" id=\"h-visao-geral-sobre-as-funcoes-essenciais-a-justica\">Vis\u00e3o Geral sobre as Fun\u00e7\u00f5es Essenciais \u00e0 Justi\u00e7a<\/h2>\n\n\n\n<p>As <strong>Fun\u00e7\u00f5es Essenciais \u00e0 Justi\u00e7a<\/strong> presentes na Constitui\u00e7\u00e3o s\u00e3o <strong>institui\u00e7\u00f5es <\/strong>que possuem como objetivo<strong> <span class=\"has-inline-color has-vivid-cyan-blue-color\">disponibilizar a todos o direito de acesso \u00e0 justi\u00e7a<\/span><\/strong>, de maneira que toda a sociedade possa ter seus <strong>direitos assegurados<\/strong>.<\/p>\n\n\n\n<p>Os respons\u00e1veis por essas fun\u00e7\u00f5es s\u00e3o o <strong><span class=\"has-inline-color has-vivid-cyan-blue-color\">Minist\u00e9rio P\u00fablico<\/span>,<\/strong> a<strong> <span class=\"has-inline-color has-vivid-cyan-blue-color\">Advocacia (P\u00fablica e Privada)<\/span> <\/strong>e a <strong><span class=\"has-inline-color has-vivid-cyan-blue-color\">Defensoria P\u00fablica.<\/span><\/strong><\/p>\n\n\n\n<p><strong><span class=\"has-inline-color has-vivid-red-color\">Aten\u00e7\u00e3o<\/span><\/strong>: As Fun\u00e7\u00f5es Essenciais \u00e0 Justi\u00e7a, ao contr\u00e1rio do que muitos pensam,<span class=\"has-inline-color has-vivid-cyan-blue-color\"> <strong>n\u00e3o fazem parte do Poder Judici\u00e1rio.<\/strong><\/span><\/p>\n\n\n\n<p>Antigamente, o t\u00f3pico do Minist\u00e9rio P\u00fablico dominava as quest\u00f5es de concursos. Entretanto, as <strong>demais institui\u00e7\u00f5es est\u00e3o tamb\u00e9m cada vez mais presentes em provas<\/strong>.<\/p>\n\n\n\n<h2 class=\"wp-block-heading\" id=\"h-as-funcoes-essenciais-a-justica-na-cf\">As Fun\u00e7\u00f5es Essenciais \u00e0 Justi\u00e7a na CF<\/h2>\n\n\n\n<h3 class=\"wp-block-heading\" id=\"h-ministerio-publico\">Minist\u00e9rio P\u00fablico<\/h3>\n\n\n\n<figure class=\"wp-block-image aligncenter size-large\"><img loading=\"lazy\" decoding=\"async\" width=\"660\" height=\"379\" src=\"https:\/\/dhg1h5j42swfq.cloudfront.net\/2020\/06\/29085554\/MPU.jpg\" alt=\"Sede da Procuradoria-Geral da Rep\u00fablica\" class=\"wp-image-533822\" srcset=\"https:\/\/dhg1h5j42swfq.cloudfront.net\/2020\/06\/29085554\/MPU.jpg 660w, https:\/\/dhg1h5j42swfq.cloudfront.net\/2020\/06\/29085554\/MPU-300x172.jpg 300w, https:\/\/dhg1h5j42swfq.cloudfront.net\/2020\/06\/29085554\/MPU-610x350.jpg 610w\" sizes=\"auto, (max-width: 660px) 100vw, 660px\" \/><figcaption>Sede da Procuradoria-Geral da Rep\u00fablica<\/figcaption><\/figure>\n\n\n\n<p>De acordo com a Constitui\u00e7\u00e3o Federal, o Minist\u00e9rio P\u00fablico \u00e9 uma <strong>institui\u00e7\u00e3o permanente<\/strong>, possuindo como <strong>objetivos <\/strong>assegurar a <strong><span class=\"has-inline-color has-vivid-cyan-blue-color\">defesa <\/span><\/strong><span class=\"has-inline-color has-black-color\">da<\/span><strong><span class=\"has-inline-color has-vivid-cyan-blue-color\"> ordem jur\u00eddica, <\/span><\/strong><span class=\"has-inline-color has-black-color\">do<\/span><strong><span class=\"has-inline-color has-vivid-cyan-blue-color\"> regime democr\u00e1tico <\/span><\/strong><span class=\"has-inline-color has-black-color\">e dos<\/span><strong><span class=\"has-inline-color has-vivid-cyan-blue-color\"> interesses sociais e individuais indispon\u00edveis.<\/span><\/strong> <\/p>\n\n\n\n<p>Como <strong><span class=\"has-inline-color has-vivid-cyan-blue-color\">defensor da ordem jur\u00eddica<\/span><\/strong>, ele atua como um<strong> <span style=\"text-decoration: underline;\">Fiscal da Lei<\/span><\/strong>, zelando pela observ\u00e2ncia e cumprimento das leis presentes no ordenamento jur\u00eddico brasileiro.<\/p>\n\n\n\n<p>J\u00e1 na <strong><span class=\"has-inline-color has-vivid-cyan-blue-color\">defesa do regime democr\u00e1tico<\/span><\/strong>, ele atua como um <strong>protetor do Estado Democr\u00e1tico de Direito<\/strong>, agindo em nome do <strong>coletivo<\/strong>, com o intuito de proteger os interesses da sociedade como um todo. Um <strong>exemplo <\/strong>\u00e9 a sua atua\u00e7\u00e3o na garantia do correto andamento do <strong>processo eleitoral<\/strong>, de modo que os eleitores possam contribuir para a escolha democr\u00e1tica dos seus representantes atrav\u00e9s do voto.<\/p>\n\n\n\n<p>No tocante aos<strong> <span class=\"has-inline-color has-vivid-cyan-blue-color\">interesses individuais indispon\u00edveis<\/span><\/strong>, eles englobam o direito do indiv\u00edduo dentro de um <strong>espectro coletivo, de relev\u00e2ncia p\u00fablica<\/strong>. Ao trazer o termo <strong>indispon\u00edvel<\/strong>, h\u00e1 o entendimento de que o Minist\u00e9rio P\u00fablico ir\u00e1 agir justamente quando esses direitos estiverem indispon\u00edveis para os cidad\u00e3os, ou seja, quando eles <strong>n\u00e3o est\u00e3o \u00e0 disposi\u00e7\u00e3o ou est\u00e3o inacess\u00edveis por algum motivo.<\/strong><\/p>\n\n\n\n<p><strong>Exemplos <\/strong>de direitos que <strong>n\u00e3o podem estar indispon\u00edveis<\/strong> aos cidad\u00e3os s\u00e3o os direitos \u00e0 <strong>vida, \u00e0 liberdade, \u00e0 sa\u00fade, \u00e0 educa\u00e7\u00e3o<\/strong>, entre outros. O MP atua para garanti-los.<\/p>\n\n\n\n<p><strong><span class=\"has-inline-color has-vivid-red-color\">Fique atento:<\/span><\/strong> O MP <strong>n\u00e3o faz parte de nenhum dos tr\u00eas poderes<\/strong> (Executivo, Legislativo ou Judici\u00e1rio<strong>), <\/strong>apesar de estar relacionado a todos eles. Ele \u00e9 <strong>aut\u00f4nomo e independente.<\/strong><\/p>\n\n\n\n<h4 class=\"wp-block-heading\" id=\"h-principios-do-mp\">Princ\u00edpios do MP<\/h4>\n\n\n\n<p>Os principais <strong>princ\u00edpios institucionais<\/strong> do Minist\u00e9rio P\u00fablico s\u00e3o:<\/p>\n\n\n\n<ul class=\"wp-block-list\" id=\"block-8b502fd9-6562-4f25-a1bb-76361c0d0d2d\"><li><strong><span class=\"has-inline-color has-vivid-cyan-blue-color\">Unidade<\/span>: <\/strong>esse princ\u00edpio disp\u00f5e que todos os seus membros integram <strong>apenas um s\u00f3 \u00f3rg\u00e3o, sob a chefia de um Procurador-Geral<\/strong>. Assim, todas as ramifica\u00e7\u00f5es do MPU, como o Minist\u00e9rio P\u00fablico Federal e o Minist\u00e9rio P\u00fablico do Trabalho, integram o <strong>Minist\u00e9rio P\u00fablico da Uni\u00e3o<\/strong>, tendo como chefe o<strong> Procurador-Geral da Rep\u00fablica.<\/strong> A exce\u00e7\u00e3o \u00e9 o <strong>Minist\u00e9rio P\u00fablico Estadual,<\/strong> que possui sua pr\u00f3pria estrutura em cada estado, tendo cada um o seu chefe, <strong>o Procurador-Geral de Justi\u00e7a.<\/strong><\/li><\/ul>\n\n\n\n<ul class=\"wp-block-list\" id=\"block-8b502fd9-6562-4f25-a1bb-76361c0d0d2d\"><li><strong><span class=\"has-inline-color has-vivid-cyan-blue-color\">Indivisibilidade:<\/span><\/strong> esse princ\u00edpio permite que um <strong>membro <\/strong>do Minist\u00e9rio P\u00fablico possa <strong>substituir outro, em uma mesma fun\u00e7\u00e3o.<\/strong> Isso ocorre em decorr\u00eancia do postulado da unidade, uma vez que a pr\u00e1tica do ato \u00e9 da institui\u00e7\u00e3o do Minist\u00e9rio P\u00fablico, e n\u00e3o do membro autor da a\u00e7\u00e3o.<\/li><\/ul>\n\n\n\n<ul class=\"wp-block-list\" id=\"block-8b502fd9-6562-4f25-a1bb-76361c0d0d2d\"><li><strong><span class=\"has-inline-color has-vivid-cyan-blue-color\">Independ\u00eancia Funcional: <\/span><\/strong>garante a<strong> independ\u00eancia da atua\u00e7\u00e3o <\/strong>do membro dentro das suas atividades, n\u00e3o podendo sofrer interfer\u00eancia do seu chefe hier\u00e1rquico durante o cumprimento das suas fun\u00e7\u00f5es.<\/li><\/ul>\n\n\n\n<p>Al\u00e9m desses princ\u00edpios, h\u00e1 tamb\u00e9m a <strong>autonomia financeira e administrativa <\/strong>do MP, permitindo que o \u00f3rg\u00e3o possa realizar sua pr\u00f3pria proposta or\u00e7ament\u00e1ria, realizar concursos, criar e extinguir seus cargos, entre outros.<\/p>\n\n\n\n<h4 class=\"wp-block-heading\" id=\"h-divisao-do-mp\">Divis\u00e3o do MP<\/h4>\n\n\n\n<p>O MP \u00e9 formado pelo<strong> <span class=\"has-inline-color has-vivid-cyan-blue-color\">Minist\u00e9rio P\u00fablico da Uni\u00e3o<\/span><\/strong> <strong><span class=\"has-inline-color has-vivid-cyan-blue-color\">(MPU)<\/span><\/strong> e pelo <strong><span class=\"has-inline-color has-vivid-cyan-blue-color\">Minist\u00e9rio P\u00fablico dos Estados (MPE) <\/span><\/strong>(presente em cada um dos estados). Apesar de haver estruturas distintas, eles exercem as mesmas fun\u00e7\u00f5es, diferenciando apenas o <strong>alcance <\/strong>da sua atua\u00e7\u00e3o.<\/p>\n\n\n\n<p><strong><span class=\"has-inline-color has-vivid-red-color\">Aten\u00e7\u00e3o<\/span><\/strong>: <strong>N\u00e3o existe Minist\u00e9rio P\u00fablico na esfera Municipal.<\/strong><\/p>\n\n\n\n<p>O <strong><span class=\"has-inline-color has-vivid-cyan-blue-color\">MPU <\/span><\/strong>\u00e9 composto pelos:<\/p>\n\n\n\n<ul class=\"wp-block-list\"><li>Minist\u00e9rio P\u00fablico <strong>Federal<\/strong>;<\/li><li>Minist\u00e9rio P\u00fablico <strong>do Trabalho;<\/strong><\/li><li>Minist\u00e9rio P\u00fablico <strong>Militar<\/strong>;<\/li><li>Minist\u00e9rio P\u00fablico <strong>do Distrito Federal e Territ\u00f3rios.<\/strong><\/li><\/ul>\n\n\n\n<p>O <strong><span class=\"has-inline-color has-black-color\">Chefe <\/span><\/strong>do <strong><span class=\"has-inline-color has-vivid-cyan-blue-color\">MPU <\/span><\/strong>\u00e9 o <span class=\"has-inline-color has-vivid-cyan-blue-color\"><span style=\"text-decoration: underline;\"><strong>Procurador-Geral da Rep\u00fablica (PGR)<\/strong><\/span>:<\/span><\/p>\n\n\n\n<ul class=\"wp-block-list\"><li>Ele \u00e9 escolhido e nomeado pelo <strong>presidente <\/strong>da rep\u00fablica;<\/li><li>Dentre os integrantes de <strong>carreira<\/strong>;<\/li><li>Acima de <strong>35 anos<\/strong> de idade;<\/li><li>Aprovado pelo <strong>Senado<\/strong> Federal;<\/li><li>Mandato de <strong>2 anos, <\/strong>permitida <strong><span style=\"text-decoration: underline;\">v\u00e1rias<\/span> <\/strong>recondu\u00e7\u00f5es.<\/li><\/ul>\n\n\n\n<p>O <strong>chefe <\/strong>do <strong><span class=\"has-inline-color has-vivid-cyan-blue-color\">MPE <\/span><\/strong>e do<strong> <span class=\"has-inline-color has-vivid-cyan-blue-color\">MPDFT <\/span><\/strong>\u00e9 o <strong><span class=\"has-inline-color has-vivid-cyan-blue-color\"><span style=\"text-decoration: underline;\">Procurador-Geral de Justi\u00e7a (PGJ):<\/span><\/span><\/strong><\/p>\n\n\n\n<ul class=\"wp-block-list\"><li>Escolhido e nomeado pelo <strong>governador <\/strong>atrav\u00e9s de<strong> <span style=\"text-decoration: underline;\">lista tr\u00edplice<\/span>;<\/strong><\/li><li>Dentre integrantes de <strong>carreira<\/strong>;<\/li><li>Mandato de <strong>2 anos,<\/strong> permitida <strong><span style=\"text-decoration: underline;\">uma<\/span> <\/strong>recondu\u00e7\u00e3o.<\/li><\/ul>\n\n\n\n<p>Os membros do MP possuem <strong><span class=\"has-inline-color has-vivid-cyan-blue-color\">vitaliciedade <\/span><\/strong>ap\u00f3s<strong> 2 anos<\/strong> de exerc\u00edcio; <strong><span class=\"has-inline-color has-vivid-cyan-blue-color\">inamovibilidade<\/span><\/strong>, n\u00e3o podendo ser removidos de of\u00edcio da sua lota\u00e7\u00e3o, salvo mediante interesse p\u00fablico; e <strong><span class=\"has-inline-color has-vivid-cyan-blue-color\">irredutibilidade de seus subs\u00eddios.<\/span><\/strong><\/p>\n\n\n\n<h4 class=\"wp-block-heading\" id=\"h-funcoes-constitucionais-do-mp\">Fun\u00e7\u00f5es Constitucionais do MP<\/h4>\n\n\n\n<p>O Minist\u00e9rio P\u00fablico possui uma s\u00e9rie de <strong>atribui\u00e7\u00f5es<\/strong>, como:<\/p>\n\n\n\n<ul class=\"wp-block-list\" id=\"block-99862b7e-f68c-4e42-a956-111accd649e4\"><li>promover o<strong> inqu\u00e9rito civil <\/strong>e a<strong> a\u00e7\u00e3o civil p\u00fablica,<\/strong> al\u00e9m de poder <strong>requisitar dilig\u00eancias investigat\u00f3rias<\/strong> e a <strong>instaura\u00e7\u00e3o de inqu\u00e9rito policial<\/strong>, de modo a <strong><span style=\"text-decoration: underline;\">proteger<\/span> <\/strong>o patrim\u00f4nio p\u00fablico e social, o meio ambiente e outros interesses coletivos;<\/li><li>defender os direitos e interesses das <strong>popula\u00e7\u00f5es ind\u00edgenas<\/strong>;<\/li><li>o seu chefe possui a prerrogativa de promover a <strong>a\u00e7\u00e3o de inconstitucionalidade<\/strong> ou sua representa\u00e7\u00e3o para a decreta\u00e7\u00e3o da <strong>Interven\u00e7\u00e3o <\/strong>da Uni\u00e3o ou dos Estados;<\/li><li>exercer o <strong>controle externo da atividade policial,<\/strong> entre outras fun\u00e7\u00f5es.<\/li><\/ul>\n\n\n\n<h3 class=\"wp-block-heading\" id=\"h-advocacia-publica\">Advocacia P\u00fablica<\/h3>\n\n\n\n<figure class=\"wp-block-image aligncenter size-large\"><img loading=\"lazy\" decoding=\"async\" width=\"448\" height=\"261\" src=\"https:\/\/dhg1h5j42swfq.cloudfront.net\/2021\/03\/29162037\/agu.png\" alt=\"Advocacia-Geral da Uni\u00e3o\" class=\"wp-image-703672\" srcset=\"https:\/\/dhg1h5j42swfq.cloudfront.net\/2021\/03\/29162037\/agu.png 448w, https:\/\/dhg1h5j42swfq.cloudfront.net\/2021\/03\/29162037\/agu-300x175.png 300w\" sizes=\"auto, (max-width: 448px) 100vw, 448px\" \/><figcaption>Advocacia-Geral da Uni\u00e3o<\/figcaption><\/figure>\n\n\n\n<p>A<strong> Advocacia-Geral da Uni\u00e3o<\/strong> \u00e9 a institui\u00e7\u00e3o que tem como prerrogativa <strong>representar a<span class=\"has-inline-color has-vivid-cyan-blue-color\"> Uni\u00e3o<\/span>, <\/strong>de maneira<strong> judicial e extrajudicial<\/strong>. Al\u00e9m disso, cabe a ela exercer as atividades de <strong>consultoria e assessoramento jur\u00eddico do<span class=\"has-inline-color has-vivid-cyan-blue-color\"> Poder Executivo.<\/span><\/strong><\/p>\n\n\n\n<p><mark style=\"background-color:rgba(0, 0, 0, 0)\" class=\"has-inline-color has-vivid-red-color\"><strong>Fique atento:<\/strong> <\/mark>A AGU<strong> <span style=\"text-decoration: underline;\">representa<\/span> os tr\u00eas poderes da Uni\u00e3o<\/strong> <strong>(Executivo, Legislativo e Judici\u00e1rio) <\/strong>em <strong>a\u00e7\u00f5es judiciais e extrajudiciais.<\/strong> Por exemplo, a AGU j\u00e1 realizou a defesa da Lei de Acesso \u00e0 Informa\u00e7\u00e3o em uma <strong>a\u00e7\u00e3o judicial<\/strong> no STF, ou seja, defendeu o <strong>Poder Legislativo<\/strong> da <strong>Uni\u00e3o<\/strong>. Entretanto, os seus servi\u00e7os de <strong><span style=\"text-decoration: underline;\">consultoria e assessoramento<\/span><\/strong> <strong>jur\u00eddico <\/strong>s\u00e3o <strong>apenas <\/strong>realizados para o <strong>Poder Executivo.<\/strong><\/p>\n\n\n\n<p>O seu <strong>chefe <\/strong>\u00e9 o <strong>Advogado-Geral da Uni\u00e3o:<\/strong><\/p>\n\n\n\n<ul class=\"wp-block-list\"><li>De <strong>livre <\/strong>nomea\u00e7\u00e3o pelo <strong>presidente <\/strong>da rep\u00fablica;<\/li><li>Maior que <strong>35 anos<\/strong> de idade;<\/li><li>Com <strong>not\u00e1vel saber jur\u00eddico e reputa\u00e7\u00e3o ilibada;<\/strong><\/li><li><strong>N\u00e3o <\/strong>precisa ser aprovado pelo <strong>Senado <\/strong>Federal;<\/li><li>Equiparado a <strong>Ministro de Estado.<\/strong><\/li><\/ul>\n\n\n\n<p>Os membros da Advocacia P\u00fablica<strong> n\u00e3o possuem vitaliciedade<\/strong>, como os membros do Minist\u00e9rio P\u00fablico, apenas a <strong>estabilidade <\/strong>ap\u00f3s 3 anos de exerc\u00edcio.<\/p>\n\n\n\n<h3 class=\"wp-block-heading\" id=\"h-advocacia-privada\">Advocacia Privada<\/h3>\n\n\n\n<figure class=\"wp-block-image aligncenter size-large\"><img loading=\"lazy\" decoding=\"async\" width=\"443\" height=\"294\" src=\"https:\/\/dhg1h5j42swfq.cloudfront.net\/2021\/03\/29165631\/advocacia-privada.png\" alt=\"Advocacia Privada\" class=\"wp-image-703729\" srcset=\"https:\/\/dhg1h5j42swfq.cloudfront.net\/2021\/03\/29165631\/advocacia-privada.png 443w, https:\/\/dhg1h5j42swfq.cloudfront.net\/2021\/03\/29165631\/advocacia-privada-300x199.png 300w\" sizes=\"auto, (max-width: 443px) 100vw, 443px\" \/><figcaption>Advocacia Privada<\/figcaption><\/figure>\n\n\n\n<p>O advogado \u00e9 <strong>indispens\u00e1vel <\/strong>\u00e0 administra\u00e7\u00e3o da justi\u00e7a, sendo que ele \u00e9 <strong>inviol\u00e1vel <\/strong>por seus atos e manifesta\u00e7\u00f5es no exerc\u00edcio da sua profiss\u00e3o. <\/p>\n\n\n\n<p>Ele tem a fun\u00e7\u00e3o de <strong>orientar e defender os seus clientes<\/strong> em conflitos, de modo a proteger os direitos da pessoa, atrav\u00e9s dos seus conhecimentos sobre o ordenamento jur\u00eddico e normativo, como as leis. <\/p>\n\n\n\n<p><strong><span class=\"has-inline-color has-vivid-red-color\">Fique atento: <\/span><\/strong>Apesar da Constitui\u00e7\u00e3o Federal citar expressamente que o advogado \u00e9 indispens\u00e1vel \u00e0 administra\u00e7\u00e3o da justi\u00e7a, h\u00e1 alguns momentos em que <strong>n\u00e3o \u00e9 necess\u00e1rio a sua presen\u00e7a<\/strong>, como na impetra\u00e7\u00e3o de um<strong> habeas corpus,<\/strong> ou durante um <strong>Processo Administrativo Disciplinar (PAD)<\/strong> contra algum servidor p\u00fablico.<\/p>\n\n\n\n<h3 class=\"wp-block-heading\" id=\"h-defensoria-publica\">Defensoria P\u00fablica<\/h3>\n\n\n\n<figure class=\"wp-block-image aligncenter size-large\"><img loading=\"lazy\" decoding=\"async\" width=\"346\" height=\"260\" src=\"https:\/\/dhg1h5j42swfq.cloudfront.net\/2021\/03\/29172749\/defensoria.png\" alt=\"Defensoria P\u00fablica\" class=\"wp-image-703765\" srcset=\"https:\/\/dhg1h5j42swfq.cloudfront.net\/2021\/03\/29172749\/defensoria.png 346w, https:\/\/dhg1h5j42swfq.cloudfront.net\/2021\/03\/29172749\/defensoria-300x225.png 300w\" sizes=\"auto, (max-width: 346px) 100vw, 346px\" \/><figcaption>Defensoria P\u00fablica<\/figcaption><\/figure>\n\n\n\n<p>A <strong>Defensoria P\u00fablica<\/strong> \u00e9 uma institui\u00e7\u00e3o permanente, tendo como fun\u00e7\u00f5es a <strong><span class=\"has-inline-color has-vivid-cyan-blue-color\">orienta\u00e7\u00e3o jur\u00eddica<\/span><\/strong>, a <span class=\"has-inline-color has-vivid-cyan-blue-color\"><strong>promo\u00e7\u00e3o dos direitos humanos<\/strong><\/span><strong> <\/strong>e a <span class=\"has-inline-color has-vivid-cyan-blue-color\"><strong>defesa dos direitos individuais e coletivos<\/strong><\/span>, de forma integral e <strong>gratuita<\/strong> aos <strong>necessitados<\/strong>, em n\u00edveis <strong>judiciais e extrajudiciais<\/strong>.<\/p>\n\n\n\n<p>A Defensoria P\u00fablica exerce<strong> grande papel<\/strong> na garantia dos direitos dos cidad\u00e3os, uma vez que ela permite que pessoas em situa\u00e7\u00f5es <strong>vulner\u00e1veis<\/strong> que n\u00e3o possuam recursos para contratar um advogado possam ter<strong> acesso \u00e0 justi\u00e7a<\/strong>, de forma <strong>gratuita<\/strong>, em todas as esferas.<\/p>\n\n\n\n<p>Essa institui\u00e7\u00e3o, assim como o MP, possui como <strong>princ\u00edpios <\/strong>institucionais a <strong>unidade, indivisibilidade e a independ\u00eancia funcional,<\/strong> al\u00e9m da <strong>autonomia administrativa e financeira,<\/strong> n\u00e3o sendo subordinado a nenhum dos poderes.<\/p>\n\n\n\n<p><strong><span class=\"has-inline-color has-vivid-red-color\">Aten\u00e7\u00e3o<\/span><\/strong>: <strong>N\u00e3o h\u00e1 Defensoria P\u00fablica no \u00e2mbito Municipal.<\/strong><\/p>\n\n\n\n<h2 class=\"wp-block-heading\" id=\"h-finalizando\">Finalizando<\/h2>\n\n\n\n<p>Bom pessoal, chegamos ao fim de mais um artigo sobre Direito Constitucional. As Fun\u00e7\u00f5es Essenciais \u00e0 Justi\u00e7a presentes na Constitui\u00e7\u00e3o Federal Brasileira s\u00e3o muito importantes para v\u00e1rias provas de concursos.<\/p>\n\n\n\n<p>Caso deseje se aprofundar no assunto atrav\u00e9s de<strong> aulas completas e detalhadas com os melhores professores do mercado<\/strong>, acesse o site do <a href=\"https:\/\/www.estrategiaconcursos.com.br\/\">Estrat\u00e9gia Concursos<\/a> e d\u00ea uma olhadinha nos nossos cursos de <strong>Direito Constitucional.<\/strong><\/p>\n\n\n\n<p>Bons estudos e at\u00e9 a pr\u00f3xima!<\/p>\n\n\n\n<p class=\"has-text-align-center has-medium-font-size\"><em><strong>Assinatura Anual Ilimitada*<\/strong><\/em><\/p>\n\n\n\n<p class=\"has-text-align-center\"><em>Prepare-se com o melhor material e com quem mais aprova em Concursos P\u00fablicos em todo o pa\u00eds. Assine agora a nossa Assinatura Anual e tenha acesso ilimitado* a todos os nossos cursos.<\/em><\/p>\n\n\n\n<p class=\"has-text-align-center has-light-green-cyan-background-color has-background\" style=\"font-size:clamp(14.642px, 0.915rem + ((1vw - 3.2px) * 0.721), 22px);px\"><strong>ASSINE AGORA<\/strong>&nbsp;\u2013&nbsp;<strong><a rel=\"noreferrer noopener\" href=\"https:\/\/www.estrategiaconcursos.com.br\/assinaturas\" target=\"_blank\">Assinatura Ilimitada<\/a><\/strong><\/p>\n\n\n\n<p class=\"has-text-align-center has-medium-font-size\"><strong><em><strong>Sistema de Quest\u00f5es<\/strong><\/em><\/strong><\/p>\n\n\n\n<p class=\"has-text-align-center\"><em>Estrat\u00e9gia Quest\u00f5es nasceu maior do que todos os concorrentes, com mais quest\u00f5es cadastradas e mais solu\u00e7\u00f5es por professores. Ent\u00e3o, confira e aproveite os descontos e b\u00f4nus imperd\u00edveis!<\/em><\/p>\n\n\n\n<p class=\"has-text-align-center has-vivid-green-cyan-background-color has-background\" style=\"font-size:clamp(14.642px, 0.915rem + ((1vw - 3.2px) * 0.721), 22px);px\"><strong>ASSINE AGORA \u2013&nbsp;<a href=\"https:\/\/questoes.estrategiaconcursos.com.br\/\" target=\"_blank\" rel=\"noreferrer noopener\">Sistema de Quest\u00f5es<\/a><\/strong><\/p>\n\n\n\n<p class=\"has-text-align-center has-medium-font-size\"><strong><em>Fique por dentro dos concursos em aberto<\/em><\/strong><\/p>\n\n\n\n<p class=\"has-text-align-center has-pale-cyan-blue-background-color has-background\" style=\"font-size:clamp(14.642px, 0.915rem + ((1vw - 3.2px) * 0.721), 22px);px\"><a rel=\"noreferrer noopener\" href=\"https:\/\/www.estrategiaconcursos.com.br\/blog\/concursos-abertos\/\" target=\"_blank\"><strong>CONCURSOS ABERTOS<\/strong><\/a><\/p>\n\n\n\n<p class=\"has-text-align-center has-medium-font-size\"><strong><em>As oportunidades previstas<\/em><\/strong><\/p>\n\n\n\n<p class=\"has-text-align-center has-pale-cyan-blue-background-color has-background\" style=\"font-size:clamp(14.642px, 0.915rem + ((1vw - 3.2px) * 0.721), 22px);px\"><a rel=\"noreferrer noopener\" href=\"https:\/\/www.estrategiaconcursos.com.br\/blog\/concursos-2021\/\" target=\"_blank\"><strong>CONCURSOS 2021<\/strong><\/a><\/p>\n","protected":false},"excerpt":{"rendered":"<p>Aprenda sobre as Fun\u00e7\u00f5es Essenciais \u00e0 Justi\u00e7a presentes na Constitui\u00e7\u00e3o Federal. Ol\u00e1, Estrategista. Tudo bem? O artigo de hoje abordar\u00e1 o resumo sobre um tema muito importante para provas de Direito Constitucional: as Fun\u00e7\u00f5es Essenciais \u00e0 Justi\u00e7a presentes na Constitui\u00e7\u00e3o. Para aprendermos sobre esse assunto, iremos discutir os seguintes t\u00f3picos: Vis\u00e3o Geral sobre as Fun\u00e7\u00f5es [&hellip;]<\/p>\n","protected":false},"author":1976,"featured_media":705441,"comment_status":"open","ping_status":"closed","sticky":false,"template":"","format":"standard","meta":{"post_tipo":"article","footnotes":""},"categories":[1,164300,214992,1983,6741,2185,2017,1988,1984,214710],"tags":[],"tax_estado":[219964,219965,219966,219967,219968,219969,219963,219970,219971,219972,219973,219974,219975,219976,219977,219978,219979,219980,219981,219982,219983,219984,219985,219986,219987,219988,219989,219990],"class_list":["post-683564","post","type-post","status-publish","format-standard","has-post-thumbnail","hentry","category-cursos-e-concursos","category-concurso-diplomacia","category-concursos-administrativos","category-fiscal-estadual","category-forcas-armadas-oficiais","category-carreiras-juridicas","category-concursos-legislativos","category-policia","category-tribunais","category-tribunais-de-contas","tax_estado-ac","tax_estado-al","tax_estado-am","tax_estado-ap","tax_estado-ba","tax_estado-ce","tax_estado-concursos-federais","tax_estado-df","tax_estado-es","tax_estado-go","tax_estado-ma","tax_estado-mg","tax_estado-ms","tax_estado-mt","tax_estado-pa","tax_estado-pb","tax_estado-pe","tax_estado-pi","tax_estado-pr","tax_estado-rj","tax_estado-rn","tax_estado-ro","tax_estado-rr","tax_estado-rs","tax_estado-sc","tax_estado-se","tax_estado-sp","tax_estado-to"],"acf":[],"yoast_head":"<!-- This site is optimized with the Yoast SEO Premium plugin v27.2 (Yoast SEO v27.2) - https:\/\/yoast.com\/product\/yoast-seo-premium-wordpress\/ -->\n<title>As Fun\u00e7\u00f5es Essenciais \u00e0 Justi\u00e7a na Constitui\u00e7\u00e3o Federal<\/title>\n<meta name=\"description\" content=\"Confira aqui as Fun\u00e7\u00f5es Essenciais \u00e0 Justi\u00e7a. Aprenda sobre o Minist\u00e9rio P\u00fablico, Advocacia P\u00fablica e Privada e sobre a Defensoria P\u00fablica.\" \/>\n<meta name=\"robots\" content=\"index, follow, max-snippet:-1, max-image-preview:large, max-video-preview:-1\" \/>\n<link rel=\"canonical\" href=\"https:\/\/www.estrategiaconcursos.com.br\/blog\/funcoes-essenciais-a-justica-2\/\" \/>\n<meta property=\"og:locale\" content=\"pt_BR\" \/>\n<meta property=\"og:type\" content=\"article\" \/>\n<meta property=\"og:title\" content=\"As Fun\u00e7\u00f5es Essenciais \u00e0 Justi\u00e7a na Constitui\u00e7\u00e3o Federal\" \/>\n<meta property=\"og:description\" content=\"Confira aqui as Fun\u00e7\u00f5es Essenciais \u00e0 Justi\u00e7a. Aprenda sobre o Minist\u00e9rio P\u00fablico, Advocacia P\u00fablica e Privada e sobre a Defensoria P\u00fablica.\" \/>\n<meta property=\"og:url\" content=\"https:\/\/www.estrategiaconcursos.com.br\/blog\/funcoes-essenciais-a-justica-2\/\" \/>\n<meta property=\"og:site_name\" content=\"Estrat\u00e9gia Concursos\" \/>\n<meta property=\"article:published_time\" content=\"2021-04-08T21:49:00+00:00\" \/>\n<meta property=\"article:modified_time\" content=\"2022-11-10T19:58:00+00:00\" \/>\n<meta property=\"og:image\" content=\"https:\/\/dhg1h5j42swfq.cloudfront.net\/2021\/03\/31141037\/funcoes-essenciais-a-justica-2.png\" \/>\n\t<meta property=\"og:image:width\" content=\"408\" \/>\n\t<meta property=\"og:image:height\" content=\"299\" \/>\n\t<meta property=\"og:image:type\" content=\"image\/png\" \/>\n<meta name=\"author\" content=\"Kassio Henrique Sobral Rocha\" \/>\n<meta name=\"twitter:card\" content=\"summary_large_image\" \/>\n<meta name=\"twitter:creator\" content=\"@EstratConcursos\" \/>\n<meta name=\"twitter:site\" content=\"@EstratConcursos\" \/>\n<meta name=\"twitter:label1\" content=\"Escrito por\" \/>\n\t<meta name=\"twitter:data1\" content=\"Kassio Henrique Sobral Rocha\" \/>\n\t<meta name=\"twitter:label2\" content=\"Est. tempo de leitura\" \/>\n\t<meta name=\"twitter:data2\" content=\"8 minutos\" \/>\n<script type=\"application\/ld+json\" class=\"yoast-schema-graph\">{\"@context\":\"https:\/\/schema.org\",\"@graph\":[{\"@type\":\"NewsArticle\",\"@id\":\"https:\/\/www.estrategiaconcursos.com.br\/blog\/funcoes-essenciais-a-justica-2\/#article\",\"isPartOf\":{\"@id\":\"https:\/\/www.estrategiaconcursos.com.br\/blog\/funcoes-essenciais-a-justica-2\/\"},\"author\":{\"name\":\"Kassio Henrique Sobral Rocha\",\"@id\":\"https:\/\/www.estrategiaconcursos.com.br\/blog\/#\/schema\/person\/f0c830e07cfe11c231c0ea5dbb036df5\"},\"headline\":\"As Fun\u00e7\u00f5es Essenciais \u00e0 Justi\u00e7a na Constitui\u00e7\u00e3o Federal\",\"datePublished\":\"2021-04-08T21:49:00+00:00\",\"dateModified\":\"2022-11-10T19:58:00+00:00\",\"mainEntityOfPage\":{\"@id\":\"https:\/\/www.estrategiaconcursos.com.br\/blog\/funcoes-essenciais-a-justica-2\/\"},\"wordCount\":1688,\"commentCount\":0,\"publisher\":{\"@id\":\"https:\/\/www.estrategiaconcursos.com.br\/blog\/#organization\"},\"image\":{\"@id\":\"https:\/\/www.estrategiaconcursos.com.br\/blog\/funcoes-essenciais-a-justica-2\/#primaryimage\"},\"thumbnailUrl\":\"https:\/\/dhg1h5j42swfq.cloudfront.net\/2021\/03\/31141037\/funcoes-essenciais-a-justica-2.png\",\"articleSection\":[\"Concursos P\u00fablicos\",\"Diplomacia (CACD)\",\"Executivo (Administrativa)\",\"Fiscal - Estadual (ICMS)\",\"For\u00e7as Armadas (Oficiais)\",\"Jur\u00eddico\",\"Legislativo\",\"Policial (Agente, Escriv\u00e3o e Investigador)\",\"Tribunais\",\"Tribunais de Contas (TCU, TCE, TCM)\"],\"inLanguage\":\"pt-BR\",\"potentialAction\":[{\"@type\":\"CommentAction\",\"name\":\"Comment\",\"target\":[\"https:\/\/www.estrategiaconcursos.com.br\/blog\/funcoes-essenciais-a-justica-2\/#respond\"]}],\"copyrightYear\":\"2021\",\"copyrightHolder\":{\"@id\":\"https:\/\/www.estrategiaconcursos.com.br\/blog\/#organization\"}},{\"@type\":\"WebPage\",\"@id\":\"https:\/\/www.estrategiaconcursos.com.br\/blog\/funcoes-essenciais-a-justica-2\/\",\"url\":\"https:\/\/www.estrategiaconcursos.com.br\/blog\/funcoes-essenciais-a-justica-2\/\",\"name\":\"As Fun\u00e7\u00f5es Essenciais \u00e0 Justi\u00e7a na Constitui\u00e7\u00e3o Federal\",\"isPartOf\":{\"@id\":\"https:\/\/www.estrategiaconcursos.com.br\/blog\/#website\"},\"primaryImageOfPage\":{\"@id\":\"https:\/\/www.estrategiaconcursos.com.br\/blog\/funcoes-essenciais-a-justica-2\/#primaryimage\"},\"image\":{\"@id\":\"https:\/\/www.estrategiaconcursos.com.br\/blog\/funcoes-essenciais-a-justica-2\/#primaryimage\"},\"thumbnailUrl\":\"https:\/\/dhg1h5j42swfq.cloudfront.net\/2021\/03\/31141037\/funcoes-essenciais-a-justica-2.png\",\"datePublished\":\"2021-04-08T21:49:00+00:00\",\"dateModified\":\"2022-11-10T19:58:00+00:00\",\"description\":\"Confira aqui as Fun\u00e7\u00f5es Essenciais \u00e0 Justi\u00e7a. Aprenda sobre o Minist\u00e9rio P\u00fablico, Advocacia P\u00fablica e Privada e sobre a Defensoria P\u00fablica.\",\"breadcrumb\":{\"@id\":\"https:\/\/www.estrategiaconcursos.com.br\/blog\/funcoes-essenciais-a-justica-2\/#breadcrumb\"},\"inLanguage\":\"pt-BR\",\"potentialAction\":[{\"@type\":\"ReadAction\",\"target\":[\"https:\/\/www.estrategiaconcursos.com.br\/blog\/funcoes-essenciais-a-justica-2\/\"]}]},{\"@type\":\"ImageObject\",\"inLanguage\":\"pt-BR\",\"@id\":\"https:\/\/www.estrategiaconcursos.com.br\/blog\/funcoes-essenciais-a-justica-2\/#primaryimage\",\"url\":\"https:\/\/dhg1h5j42swfq.cloudfront.net\/2021\/03\/31141037\/funcoes-essenciais-a-justica-2.png\",\"contentUrl\":\"https:\/\/dhg1h5j42swfq.cloudfront.net\/2021\/03\/31141037\/funcoes-essenciais-a-justica-2.png\",\"width\":408,\"height\":299,\"caption\":\"PIS e COFINS na base de c\u00e1lculo da CPRB \u2013 decis\u00e3o STF\"},{\"@type\":\"BreadcrumbList\",\"@id\":\"https:\/\/www.estrategiaconcursos.com.br\/blog\/funcoes-essenciais-a-justica-2\/#breadcrumb\",\"itemListElement\":[{\"@type\":\"ListItem\",\"position\":1,\"name\":\"In\u00edcio\",\"item\":\"https:\/\/www.estrategiaconcursos.com.br\/blog\/\"},{\"@type\":\"ListItem\",\"position\":2,\"name\":\"As Fun\u00e7\u00f5es Essenciais \u00e0 Justi\u00e7a na Constitui\u00e7\u00e3o Federal\"}]},{\"@type\":\"WebSite\",\"@id\":\"https:\/\/www.estrategiaconcursos.com.br\/blog\/#website\",\"url\":\"https:\/\/www.estrategiaconcursos.com.br\/blog\/\",\"name\":\"Estrat\u00e9gia Concursos\",\"description\":\"O blog da Estrat\u00e9gia Concursos traz not\u00edcias sobre concursos e artigos de professores oferecendo cursos para concursos (pdf + videaulas) no site.\",\"publisher\":{\"@id\":\"https:\/\/www.estrategiaconcursos.com.br\/blog\/#organization\"},\"potentialAction\":[{\"@type\":\"SearchAction\",\"target\":{\"@type\":\"EntryPoint\",\"urlTemplate\":\"https:\/\/www.estrategiaconcursos.com.br\/blog\/?s={search_term_string}\"},\"query-input\":{\"@type\":\"PropertyValueSpecification\",\"valueRequired\":true,\"valueName\":\"search_term_string\"}}],\"inLanguage\":\"pt-BR\"},{\"@type\":\"Organization\",\"@id\":\"https:\/\/www.estrategiaconcursos.com.br\/blog\/#organization\",\"name\":\"Estrat\u00e9gia Concursos\",\"url\":\"https:\/\/www.estrategiaconcursos.com.br\/blog\/\",\"logo\":{\"@type\":\"ImageObject\",\"inLanguage\":\"pt-BR\",\"@id\":\"https:\/\/www.estrategiaconcursos.com.br\/blog\/#\/schema\/logo\/image\/\",\"url\":\"https:\/\/dhg1h5j42swfq.cloudfront.net\/2025\/06\/03203428\/logo_concursos-1.jpg\",\"contentUrl\":\"https:\/\/dhg1h5j42swfq.cloudfront.net\/2025\/06\/03203428\/logo_concursos-1.jpg\",\"width\":230,\"height\":60,\"caption\":\"Estrat\u00e9gia Concursos\"},\"image\":{\"@id\":\"https:\/\/www.estrategiaconcursos.com.br\/blog\/#\/schema\/logo\/image\/\"},\"sameAs\":[\"https:\/\/x.com\/EstratConcursos\"]},{\"@type\":\"Person\",\"@id\":\"https:\/\/www.estrategiaconcursos.com.br\/blog\/#\/schema\/person\/f0c830e07cfe11c231c0ea5dbb036df5\",\"name\":\"Kassio Henrique Sobral Rocha\",\"image\":{\"@type\":\"ImageObject\",\"inLanguage\":\"pt-BR\",\"@id\":\"https:\/\/secure.gravatar.com\/avatar\/d10350cbdad043facd8ec77a377f86f9026afee3348e463b04854fd4490ce759?s=96&d=mm&r=g\",\"url\":\"https:\/\/secure.gravatar.com\/avatar\/d10350cbdad043facd8ec77a377f86f9026afee3348e463b04854fd4490ce759?s=96&d=mm&r=g\",\"contentUrl\":\"https:\/\/secure.gravatar.com\/avatar\/d10350cbdad043facd8ec77a377f86f9026afee3348e463b04854fd4490ce759?s=96&d=mm&r=g\",\"caption\":\"Kassio Henrique Sobral Rocha\"},\"url\":\"https:\/\/www.estrategiaconcursos.com.br\/blog\/author\/kassio-rochayahoo-com-br\/\"}]}<\/script>\n<!-- \/ Yoast SEO Premium plugin. -->","yoast_head_json":{"title":"As Fun\u00e7\u00f5es Essenciais \u00e0 Justi\u00e7a na Constitui\u00e7\u00e3o Federal","description":"Confira aqui as Fun\u00e7\u00f5es Essenciais \u00e0 Justi\u00e7a. Aprenda sobre o Minist\u00e9rio P\u00fablico, Advocacia P\u00fablica e Privada e sobre a Defensoria P\u00fablica.","robots":{"index":"index","follow":"follow","max-snippet":"max-snippet:-1","max-image-preview":"max-image-preview:large","max-video-preview":"max-video-preview:-1"},"canonical":"https:\/\/www.estrategiaconcursos.com.br\/blog\/funcoes-essenciais-a-justica-2\/","og_locale":"pt_BR","og_type":"article","og_title":"As Fun\u00e7\u00f5es Essenciais \u00e0 Justi\u00e7a na Constitui\u00e7\u00e3o Federal","og_description":"Confira aqui as Fun\u00e7\u00f5es Essenciais \u00e0 Justi\u00e7a. Aprenda sobre o Minist\u00e9rio P\u00fablico, Advocacia P\u00fablica e Privada e sobre a Defensoria P\u00fablica.","og_url":"https:\/\/www.estrategiaconcursos.com.br\/blog\/funcoes-essenciais-a-justica-2\/","og_site_name":"Estrat\u00e9gia Concursos","article_published_time":"2021-04-08T21:49:00+00:00","article_modified_time":"2022-11-10T19:58:00+00:00","og_image":[{"width":408,"height":299,"url":"https:\/\/dhg1h5j42swfq.cloudfront.net\/2021\/03\/31141037\/funcoes-essenciais-a-justica-2.png","type":"image\/png"}],"author":"Kassio Henrique Sobral Rocha","twitter_card":"summary_large_image","twitter_creator":"@EstratConcursos","twitter_site":"@EstratConcursos","twitter_misc":{"Escrito por":"Kassio Henrique Sobral Rocha","Est. tempo de leitura":"8 minutos"},"schema":{"@context":"https:\/\/schema.org","@graph":[{"@type":"NewsArticle","@id":"https:\/\/www.estrategiaconcursos.com.br\/blog\/funcoes-essenciais-a-justica-2\/#article","isPartOf":{"@id":"https:\/\/www.estrategiaconcursos.com.br\/blog\/funcoes-essenciais-a-justica-2\/"},"author":{"name":"Kassio Henrique Sobral Rocha","@id":"https:\/\/www.estrategiaconcursos.com.br\/blog\/#\/schema\/person\/f0c830e07cfe11c231c0ea5dbb036df5"},"headline":"As Fun\u00e7\u00f5es Essenciais \u00e0 Justi\u00e7a na Constitui\u00e7\u00e3o Federal","datePublished":"2021-04-08T21:49:00+00:00","dateModified":"2022-11-10T19:58:00+00:00","mainEntityOfPage":{"@id":"https:\/\/www.estrategiaconcursos.com.br\/blog\/funcoes-essenciais-a-justica-2\/"},"wordCount":1688,"commentCount":0,"publisher":{"@id":"https:\/\/www.estrategiaconcursos.com.br\/blog\/#organization"},"image":{"@id":"https:\/\/www.estrategiaconcursos.com.br\/blog\/funcoes-essenciais-a-justica-2\/#primaryimage"},"thumbnailUrl":"https:\/\/dhg1h5j42swfq.cloudfront.net\/2021\/03\/31141037\/funcoes-essenciais-a-justica-2.png","articleSection":["Concursos P\u00fablicos","Diplomacia (CACD)","Executivo (Administrativa)","Fiscal - Estadual (ICMS)","For\u00e7as Armadas (Oficiais)","Jur\u00eddico","Legislativo","Policial (Agente, Escriv\u00e3o e Investigador)","Tribunais","Tribunais de Contas (TCU, TCE, TCM)"],"inLanguage":"pt-BR","potentialAction":[{"@type":"CommentAction","name":"Comment","target":["https:\/\/www.estrategiaconcursos.com.br\/blog\/funcoes-essenciais-a-justica-2\/#respond"]}],"copyrightYear":"2021","copyrightHolder":{"@id":"https:\/\/www.estrategiaconcursos.com.br\/blog\/#organization"}},{"@type":"WebPage","@id":"https:\/\/www.estrategiaconcursos.com.br\/blog\/funcoes-essenciais-a-justica-2\/","url":"https:\/\/www.estrategiaconcursos.com.br\/blog\/funcoes-essenciais-a-justica-2\/","name":"As Fun\u00e7\u00f5es Essenciais \u00e0 Justi\u00e7a na Constitui\u00e7\u00e3o Federal","isPartOf":{"@id":"https:\/\/www.estrategiaconcursos.com.br\/blog\/#website"},"primaryImageOfPage":{"@id":"https:\/\/www.estrategiaconcursos.com.br\/blog\/funcoes-essenciais-a-justica-2\/#primaryimage"},"image":{"@id":"https:\/\/www.estrategiaconcursos.com.br\/blog\/funcoes-essenciais-a-justica-2\/#primaryimage"},"thumbnailUrl":"https:\/\/dhg1h5j42swfq.cloudfront.net\/2021\/03\/31141037\/funcoes-essenciais-a-justica-2.png","datePublished":"2021-04-08T21:49:00+00:00","dateModified":"2022-11-10T19:58:00+00:00","description":"Confira aqui as Fun\u00e7\u00f5es Essenciais \u00e0 Justi\u00e7a. Aprenda sobre o Minist\u00e9rio P\u00fablico, Advocacia P\u00fablica e Privada e sobre a Defensoria P\u00fablica.","breadcrumb":{"@id":"https:\/\/www.estrategiaconcursos.com.br\/blog\/funcoes-essenciais-a-justica-2\/#breadcrumb"},"inLanguage":"pt-BR","potentialAction":[{"@type":"ReadAction","target":["https:\/\/www.estrategiaconcursos.com.br\/blog\/funcoes-essenciais-a-justica-2\/"]}]},{"@type":"ImageObject","inLanguage":"pt-BR","@id":"https:\/\/www.estrategiaconcursos.com.br\/blog\/funcoes-essenciais-a-justica-2\/#primaryimage","url":"https:\/\/dhg1h5j42swfq.cloudfront.net\/2021\/03\/31141037\/funcoes-essenciais-a-justica-2.png","contentUrl":"https:\/\/dhg1h5j42swfq.cloudfront.net\/2021\/03\/31141037\/funcoes-essenciais-a-justica-2.png","width":408,"height":299,"caption":"PIS e COFINS na base de c\u00e1lculo da CPRB \u2013 decis\u00e3o STF"},{"@type":"BreadcrumbList","@id":"https:\/\/www.estrategiaconcursos.com.br\/blog\/funcoes-essenciais-a-justica-2\/#breadcrumb","itemListElement":[{"@type":"ListItem","position":1,"name":"In\u00edcio","item":"https:\/\/www.estrategiaconcursos.com.br\/blog\/"},{"@type":"ListItem","position":2,"name":"As Fun\u00e7\u00f5es Essenciais \u00e0 Justi\u00e7a na Constitui\u00e7\u00e3o Federal"}]},{"@type":"WebSite","@id":"https:\/\/www.estrategiaconcursos.com.br\/blog\/#website","url":"https:\/\/www.estrategiaconcursos.com.br\/blog\/","name":"Estrat\u00e9gia Concursos","description":"O blog da Estrat\u00e9gia Concursos traz not\u00edcias sobre concursos e artigos de professores oferecendo cursos para concursos (pdf + videaulas) no site.","publisher":{"@id":"https:\/\/www.estrategiaconcursos.com.br\/blog\/#organization"},"potentialAction":[{"@type":"SearchAction","target":{"@type":"EntryPoint","urlTemplate":"https:\/\/www.estrategiaconcursos.com.br\/blog\/?s={search_term_string}"},"query-input":{"@type":"PropertyValueSpecification","valueRequired":true,"valueName":"search_term_string"}}],"inLanguage":"pt-BR"},{"@type":"Organization","@id":"https:\/\/www.estrategiaconcursos.com.br\/blog\/#organization","name":"Estrat\u00e9gia Concursos","url":"https:\/\/www.estrategiaconcursos.com.br\/blog\/","logo":{"@type":"ImageObject","inLanguage":"pt-BR","@id":"https:\/\/www.estrategiaconcursos.com.br\/blog\/#\/schema\/logo\/image\/","url":"https:\/\/dhg1h5j42swfq.cloudfront.net\/2025\/06\/03203428\/logo_concursos-1.jpg","contentUrl":"https:\/\/dhg1h5j42swfq.cloudfront.net\/2025\/06\/03203428\/logo_concursos-1.jpg","width":230,"height":60,"caption":"Estrat\u00e9gia Concursos"},"image":{"@id":"https:\/\/www.estrategiaconcursos.com.br\/blog\/#\/schema\/logo\/image\/"},"sameAs":["https:\/\/x.com\/EstratConcursos"]},{"@type":"Person","@id":"https:\/\/www.estrategiaconcursos.com.br\/blog\/#\/schema\/person\/f0c830e07cfe11c231c0ea5dbb036df5","name":"Kassio Henrique Sobral Rocha","image":{"@type":"ImageObject","inLanguage":"pt-BR","@id":"https:\/\/secure.gravatar.com\/avatar\/d10350cbdad043facd8ec77a377f86f9026afee3348e463b04854fd4490ce759?s=96&d=mm&r=g","url":"https:\/\/secure.gravatar.com\/avatar\/d10350cbdad043facd8ec77a377f86f9026afee3348e463b04854fd4490ce759?s=96&d=mm&r=g","contentUrl":"https:\/\/secure.gravatar.com\/avatar\/d10350cbdad043facd8ec77a377f86f9026afee3348e463b04854fd4490ce759?s=96&d=mm&r=g","caption":"Kassio Henrique Sobral Rocha"},"url":"https:\/\/www.estrategiaconcursos.com.br\/blog\/author\/kassio-rochayahoo-com-br\/"}]}},"_links":{"self":[{"href":"https:\/\/www.estrategiaconcursos.com.br\/blog\/wp-json\/wp\/v2\/posts\/683564","targetHints":{"allow":["GET"]}}],"collection":[{"href":"https:\/\/www.estrategiaconcursos.com.br\/blog\/wp-json\/wp\/v2\/posts"}],"about":[{"href":"https:\/\/www.estrategiaconcursos.com.br\/blog\/wp-json\/wp\/v2\/types\/post"}],"author":[{"embeddable":true,"href":"https:\/\/www.estrategiaconcursos.com.br\/blog\/wp-json\/wp\/v2\/users\/1976"}],"replies":[{"embeddable":true,"href":"https:\/\/www.estrategiaconcursos.com.br\/blog\/wp-json\/wp\/v2\/comments?post=683564"}],"version-history":[{"count":84,"href":"https:\/\/www.estrategiaconcursos.com.br\/blog\/wp-json\/wp\/v2\/posts\/683564\/revisions"}],"predecessor-version":[{"id":1123383,"href":"https:\/\/www.estrategiaconcursos.com.br\/blog\/wp-json\/wp\/v2\/posts\/683564\/revisions\/1123383"}],"wp:featuredmedia":[{"embeddable":true,"href":"https:\/\/www.estrategiaconcursos.com.br\/blog\/wp-json\/wp\/v2\/media\/705441"}],"wp:attachment":[{"href":"https:\/\/www.estrategiaconcursos.com.br\/blog\/wp-json\/wp\/v2\/media?parent=683564"}],"wp:term":[{"taxonomy":"category","embeddable":true,"href":"https:\/\/www.estrategiaconcursos.com.br\/blog\/wp-json\/wp\/v2\/categories?post=683564"},{"taxonomy":"post_tag","embeddable":true,"href":"https:\/\/www.estrategiaconcursos.com.br\/blog\/wp-json\/wp\/v2\/tags?post=683564"},{"taxonomy":"tax_estado","embeddable":true,"href":"https:\/\/www.estrategiaconcursos.com.br\/blog\/wp-json\/wp\/v2\/tax_estado?post=683564"}],"curies":[{"name":"wp","href":"https:\/\/api.w.org\/{rel}","templated":true}]}}