{"id":68292,"date":"2017-03-26T10:15:50","date_gmt":"2017-03-26T13:15:50","guid":{"rendered":"https:\/\/www.estrategiaconcursos.com.br\/blog\/?p=68292"},"modified":"2017-03-26T10:15:50","modified_gmt":"2017-03-26T13:15:50","slug":"a-parte-ou-aparte-como-se-escreve","status":"publish","type":"post","link":"https:\/\/www.estrategiaconcursos.com.br\/blog\/a-parte-ou-aparte-como-se-escreve\/","title":{"rendered":"\u00c0 parte ou aparte? Como se escreve?"},"content":{"rendered":"<p align=\"center\">\n\t<strong>&Agrave; parte<\/strong> ou <strong>aparte<\/strong>?<strong>&nbsp;Como se escreve?<\/strong>\n<\/p>\n<p>\n\t&nbsp;&nbsp;&nbsp;&nbsp;&nbsp;&nbsp;&nbsp; Ser&aacute; que a frase a seguir est&aacute; gramaticalmente correta?\n<\/p>\n<p align=\"center\">\n\t&ldquo;<em>O patr&atilde;o chamou-o para uma conversa <strong>aparte<\/strong><\/em>.&rdquo;\n<\/p>\n<p>\n\t&nbsp;&nbsp;&nbsp;&nbsp;&nbsp;&nbsp;&nbsp; Neste caso, a palavra &ldquo;aparte&rdquo; foi incorretamente utilizada.\n<\/p>\n<p>\n\t&nbsp;\n<\/p>\n<p>\n\t&nbsp;&nbsp;&nbsp;&nbsp;&nbsp;&nbsp;&nbsp; Primeiro, vejamos o emprego do substantivo masculino &ldquo;<strong>aparte<\/strong>&rdquo;.\n<\/p>\n<p>\n\t&nbsp;&nbsp;&nbsp;&nbsp;&nbsp;&nbsp;&nbsp; Ele designa um coment&aacute;rio, uma interrup&ccedil;&atilde;o ou observa&ccedil;&atilde;o. Exemplo:\n<\/p>\n<p align=\"center\">\n\t&ldquo;<em>Os <strong>apartes<\/strong> dele s&atilde;o sempre muito inconvenientes<\/em>.&rdquo;\n<\/p>\n<p align=\"center\">\n\t&ldquo;<em>Ele fez um <strong>aparte<\/strong> sobre a pol&iacute;tica externa do Brasil<\/em>.&rdquo;\n<\/p>\n<p>\n\t&nbsp;&nbsp;&nbsp;&nbsp;&nbsp;&nbsp;&nbsp; Tamb&eacute;m pode referir-se, em teatro, a uma fala de um ator que diz em cena como se fosse unicamente para si, ou um coment&aacute;rio cr&iacute;tico ou esclarecedor, dirigido aos espectadores por uma ou mais personagens, no decorrer da a&ccedil;&atilde;o da pe&ccedil;a.\n<\/p>\n<p>\n\t&ldquo;<em>O narrador fez breve <strong>aparte<\/strong> situando os expectadores antes da cena final<\/em>.&rdquo;\n<\/p>\n<p>\n\t&nbsp;\n<\/p>\n<p>\n\tJ&aacute; a locu&ccedil;&atilde;o &ldquo;<strong><em>&agrave; parte<\/em><\/strong>&rdquo; &eacute; sin&ocirc;nima de &ldquo;isoladamente&rdquo;, &ldquo;particularmente&rdquo;, &ldquo;separadamente&rdquo; ou &ldquo;particular&rdquo;, &ldquo;em particular&rdquo;, &ldquo;em separado&rdquo;:\n<\/p>\n<p align=\"center\">\n\t<em>&ldquo;Chamou-o <strong>&agrave; parte<\/strong> para explicar o neg&oacute;cio.&rdquo;<\/em> (<em>em particular<\/em>)\n<\/p>\n<p align=\"center\">\n\t<em>&ldquo;O caso merece um tratamento <strong>&agrave; parte<\/strong>.&rdquo;<\/em> (<em>particular<\/em>)\n<\/p>\n<p>\n\t&nbsp;\n<\/p>\n<p>\n\t&nbsp;&nbsp;&nbsp;&nbsp;&nbsp;&nbsp;&nbsp; Tamb&eacute;m pode transmitir os sentidos de &ldquo;<em>sem contar com<\/em>&rdquo;, &ldquo;<em>al&eacute;m de<\/em>&rdquo;, &ldquo;<em>fora<\/em>&rdquo;, &ldquo;<em>afora<\/em>&rdquo;, &ldquo;<em>exceto<\/em>&rdquo;:\n<\/p>\n<p>\n\t<em>&ldquo;<strong>&Agrave; parte<\/strong> os filhos, criava os sobrinhos &oacute;rf&atilde;os.&rdquo;<\/em> (<em>al&eacute;m dos filhos<\/em>)\n<\/p>\n<p>\n\t&nbsp;&ldquo;<em>As f&eacute;rias foram muito boas, <strong>&agrave; parte<\/strong> um pequeno problema no aeroporto<\/em>.&rdquo; (exceto)\n<\/p>\n<p>\n\t&nbsp;\n<\/p>\n<p>\n\t&nbsp;&nbsp;&nbsp;&nbsp;&nbsp;&nbsp;&nbsp; Assim, devemos corrigir a primeira frase da seguinte forma:\n<\/p>\n<p align=\"center\">\n\t&ldquo;<em>O patr&atilde;o chamou-o para uma conversa <strong>&agrave; parte<\/strong><\/em>.&rdquo; (em particular)\n<\/p>\n<p>\n\t&nbsp;\n<\/p>\n<p align=\"center\">\n\tAguardem novas dicas!\n<\/p>\n<p align=\"center\">\n\tAbra&ccedil;o.\n<\/p>\n<p align=\"center\">\n\tProfessor D&eacute;cio Terror\n<\/p>\n<p style=\"text-align: justify\">\n\tQuer saber mais?\n<\/p>\n<p style=\"text-align: justify\">\n\tAcompanhe-me por aqui com v&aacute;rias dicas semanais!\n<\/p>\n<p style=\"text-align: justify\">\n\tOu ent&atilde;o,&nbsp;<a href=\"https:\/\/www.estrategiaconcursos.com.br\/quinta-com-terror\/\" target=\"_blank\">clique aqui<\/a> e me acompanhe&nbsp;nas nossas aulas gratuitas toda quinta-feira &agrave;s 19 horas.\n<\/p>\n<p style=\"text-align: justify\">\n\t<a href=\"https:\/\/www.estrategiaconcursos.com.br\/quinta-com-terror\/\" rel=\"\" target=\"_blank\" title=\"\"><img loading=\"lazy\" decoding=\"async\" alt=\"Quinta com Terror inscri\u00e7\u00e3o\" class=\"size-full wp-image-68294 aligncenter\" height=\"295\" src=\"https:\/\/dhg1h5j42swfq.cloudfront.net\/2017\/03\/26100534\/Quinta-com-Terror-inscri%C3%A7%C3%A3o.png\" title=\"\" width=\"408\" srcset=\"https:\/\/dhg1h5j42swfq.cloudfront.net\/2017\/03\/26100534\/Quinta-com-Terror-inscri%C3%A7%C3%A3o.png 680w, https:\/\/dhg1h5j42swfq.cloudfront.net\/2017\/03\/26100534\/Quinta-com-Terror-inscri%C3%A7%C3%A3o.png 300w, https:\/\/dhg1h5j42swfq.cloudfront.net\/2017\/03\/26100534\/Quinta-com-Terror-inscri%C3%A7%C3%A3o.png 415w\" sizes=\"auto, (max-width: 408px) 100vw, 408px\" \/><\/a>\n<\/p>\n<p style=\"text-align: justify\">\n\t<a href=\"https:\/\/www.estrategiaconcursos.com.br\/cursosPorProfessor\/decio-terror-3375\/\" target=\"_blank\">Conhe&ccedil;a os meus cursos<\/a>, clicando <a href=\"https:\/\/www.estrategiaconcursos.com.br\/cursosPorProfessor\/decio-terror-3375\/\" target=\"_blank\">aqui<\/a>!\n<\/p>\n<p style=\"text-align: justify\">\n\tAgora sim! Grande abra&ccedil;o!\n<\/p>\n<p style=\"text-align: justify\">\n\tProfessor D&eacute;cio Terror\n<\/p>\n<p style=\"text-align: justify\">\n\t&nbsp;\n<\/p>\n<p style=\"text-align: justify\">\n\t&nbsp;<\/p>\n","protected":false},"excerpt":{"rendered":"<p>&Agrave; parte ou aparte?&nbsp;Como se escreve? &nbsp;&nbsp;&nbsp;&nbsp;&nbsp;&nbsp;&nbsp; Ser&aacute; que a frase a seguir est&aacute; gramaticalmente correta? &ldquo;O patr&atilde;o chamou-o para uma conversa aparte.&rdquo; &nbsp;&nbsp;&nbsp;&nbsp;&nbsp;&nbsp;&nbsp; Neste caso, a palavra &ldquo;aparte&rdquo; foi incorretamente utilizada. &nbsp; &nbsp;&nbsp;&nbsp;&nbsp;&nbsp;&nbsp;&nbsp; Primeiro, vejamos o emprego do substantivo masculino &ldquo;aparte&rdquo;. &nbsp;&nbsp;&nbsp;&nbsp;&nbsp;&nbsp;&nbsp; Ele designa um coment&aacute;rio, uma interrup&ccedil;&atilde;o ou observa&ccedil;&atilde;o. Exemplo: &ldquo;Os apartes dele [&hellip;]<\/p>\n","protected":false},"author":214,"featured_media":0,"comment_status":"open","ping_status":"open","sticky":false,"template":"","format":"standard","meta":{"post_tipo":"article","footnotes":""},"categories":[1],"tags":[2523,2524],"tax_estado":[],"class_list":["post-68292","post","type-post","status-publish","format-standard","hentry","category-cursos-e-concursos","tag-a-parte-ou-aparte","tag-como-se-escreve"],"acf":[],"yoast_head":"<!-- This site is optimized with the Yoast SEO Premium plugin v27.2 (Yoast SEO v27.2) - https:\/\/yoast.com\/product\/yoast-seo-premium-wordpress\/ -->\n<title>\u00c0 parte ou aparte? Como se escreve?<\/title>\n<meta name=\"robots\" content=\"index, follow, max-snippet:-1, max-image-preview:large, max-video-preview:-1\" \/>\n<link rel=\"canonical\" href=\"https:\/\/www.estrategiaconcursos.com.br\/blog\/a-parte-ou-aparte-como-se-escreve\/\" \/>\n<meta property=\"og:locale\" content=\"pt_BR\" \/>\n<meta property=\"og:type\" content=\"article\" \/>\n<meta property=\"og:title\" content=\"\u00c0 parte ou aparte? Como se escreve?\" \/>\n<meta property=\"og:description\" content=\"&Agrave; parte ou aparte?&nbsp;Como se escreve? &nbsp;&nbsp;&nbsp;&nbsp;&nbsp;&nbsp;&nbsp; Ser&aacute; que a frase a seguir est&aacute; gramaticalmente correta? &ldquo;O patr&atilde;o chamou-o para uma conversa aparte.&rdquo; &nbsp;&nbsp;&nbsp;&nbsp;&nbsp;&nbsp;&nbsp; Neste caso, a palavra &ldquo;aparte&rdquo; foi incorretamente utilizada. &nbsp; &nbsp;&nbsp;&nbsp;&nbsp;&nbsp;&nbsp;&nbsp; Primeiro, vejamos o emprego do substantivo masculino &ldquo;aparte&rdquo;. &nbsp;&nbsp;&nbsp;&nbsp;&nbsp;&nbsp;&nbsp; Ele designa um coment&aacute;rio, uma interrup&ccedil;&atilde;o ou observa&ccedil;&atilde;o. Exemplo: &ldquo;Os apartes dele [&hellip;]\" \/>\n<meta property=\"og:url\" content=\"https:\/\/www.estrategiaconcursos.com.br\/blog\/a-parte-ou-aparte-como-se-escreve\/\" \/>\n<meta property=\"og:site_name\" content=\"Estrat\u00e9gia Concursos\" \/>\n<meta property=\"article:published_time\" content=\"2017-03-26T13:15:50+00:00\" \/>\n<meta name=\"author\" content=\"D\u00e9cio Terror Filho\" \/>\n<meta name=\"twitter:card\" content=\"summary_large_image\" \/>\n<meta name=\"twitter:creator\" content=\"@EstratConcursos\" \/>\n<meta name=\"twitter:site\" content=\"@EstratConcursos\" \/>\n<meta name=\"twitter:label1\" content=\"Escrito por\" \/>\n\t<meta name=\"twitter:data1\" content=\"D\u00e9cio Terror Filho\" \/>\n\t<meta name=\"twitter:label2\" content=\"Est. tempo de leitura\" \/>\n\t<meta name=\"twitter:data2\" content=\"2 minutos\" \/>\n<script type=\"application\/ld+json\" class=\"yoast-schema-graph\">{\"@context\":\"https:\/\/schema.org\",\"@graph\":[{\"@type\":\"NewsArticle\",\"@id\":\"https:\/\/www.estrategiaconcursos.com.br\/blog\/a-parte-ou-aparte-como-se-escreve\/#article\",\"isPartOf\":{\"@id\":\"https:\/\/www.estrategiaconcursos.com.br\/blog\/a-parte-ou-aparte-como-se-escreve\/\"},\"author\":{\"name\":\"D\u00e9cio Terror Filho\",\"@id\":\"https:\/\/www.estrategiaconcursos.com.br\/blog\/#\/schema\/person\/e8165364027a31208914fc77c3314727\"},\"headline\":\"\u00c0 parte ou aparte? Como se escreve?\",\"datePublished\":\"2017-03-26T13:15:50+00:00\",\"mainEntityOfPage\":{\"@id\":\"https:\/\/www.estrategiaconcursos.com.br\/blog\/a-parte-ou-aparte-como-se-escreve\/\"},\"wordCount\":429,\"commentCount\":1,\"publisher\":{\"@id\":\"https:\/\/www.estrategiaconcursos.com.br\/blog\/#organization\"},\"keywords\":[\"\u00c0 parte ou aparte\",\"Como se escreve\"],\"articleSection\":[\"Concursos P\u00fablicos\"],\"inLanguage\":\"pt-BR\",\"potentialAction\":[{\"@type\":\"CommentAction\",\"name\":\"Comment\",\"target\":[\"https:\/\/www.estrategiaconcursos.com.br\/blog\/a-parte-ou-aparte-como-se-escreve\/#respond\"]}],\"copyrightYear\":\"2017\",\"copyrightHolder\":{\"@id\":\"https:\/\/www.estrategiaconcursos.com.br\/blog\/#organization\"}},{\"@type\":\"WebPage\",\"@id\":\"https:\/\/www.estrategiaconcursos.com.br\/blog\/a-parte-ou-aparte-como-se-escreve\/\",\"url\":\"https:\/\/www.estrategiaconcursos.com.br\/blog\/a-parte-ou-aparte-como-se-escreve\/\",\"name\":\"\u00c0 parte ou aparte? Como se escreve?\",\"isPartOf\":{\"@id\":\"https:\/\/www.estrategiaconcursos.com.br\/blog\/#website\"},\"datePublished\":\"2017-03-26T13:15:50+00:00\",\"breadcrumb\":{\"@id\":\"https:\/\/www.estrategiaconcursos.com.br\/blog\/a-parte-ou-aparte-como-se-escreve\/#breadcrumb\"},\"inLanguage\":\"pt-BR\",\"potentialAction\":[{\"@type\":\"ReadAction\",\"target\":[\"https:\/\/www.estrategiaconcursos.com.br\/blog\/a-parte-ou-aparte-como-se-escreve\/\"]}]},{\"@type\":\"BreadcrumbList\",\"@id\":\"https:\/\/www.estrategiaconcursos.com.br\/blog\/a-parte-ou-aparte-como-se-escreve\/#breadcrumb\",\"itemListElement\":[{\"@type\":\"ListItem\",\"position\":1,\"name\":\"In\u00edcio\",\"item\":\"https:\/\/www.estrategiaconcursos.com.br\/blog\/\"},{\"@type\":\"ListItem\",\"position\":2,\"name\":\"\u00c0 parte ou aparte? Como se escreve?\"}]},{\"@type\":\"WebSite\",\"@id\":\"https:\/\/www.estrategiaconcursos.com.br\/blog\/#website\",\"url\":\"https:\/\/www.estrategiaconcursos.com.br\/blog\/\",\"name\":\"Estrat\u00e9gia Concursos\",\"description\":\"O blog da Estrat\u00e9gia Concursos traz not\u00edcias sobre concursos e artigos de professores oferecendo cursos para concursos (pdf + videaulas) no site.\",\"publisher\":{\"@id\":\"https:\/\/www.estrategiaconcursos.com.br\/blog\/#organization\"},\"potentialAction\":[{\"@type\":\"SearchAction\",\"target\":{\"@type\":\"EntryPoint\",\"urlTemplate\":\"https:\/\/www.estrategiaconcursos.com.br\/blog\/?s={search_term_string}\"},\"query-input\":{\"@type\":\"PropertyValueSpecification\",\"valueRequired\":true,\"valueName\":\"search_term_string\"}}],\"inLanguage\":\"pt-BR\"},{\"@type\":\"Organization\",\"@id\":\"https:\/\/www.estrategiaconcursos.com.br\/blog\/#organization\",\"name\":\"Estrat\u00e9gia Concursos\",\"url\":\"https:\/\/www.estrategiaconcursos.com.br\/blog\/\",\"logo\":{\"@type\":\"ImageObject\",\"inLanguage\":\"pt-BR\",\"@id\":\"https:\/\/www.estrategiaconcursos.com.br\/blog\/#\/schema\/logo\/image\/\",\"url\":\"https:\/\/dhg1h5j42swfq.cloudfront.net\/2025\/06\/03203428\/logo_concursos-1.jpg\",\"contentUrl\":\"https:\/\/dhg1h5j42swfq.cloudfront.net\/2025\/06\/03203428\/logo_concursos-1.jpg\",\"width\":230,\"height\":60,\"caption\":\"Estrat\u00e9gia Concursos\"},\"image\":{\"@id\":\"https:\/\/www.estrategiaconcursos.com.br\/blog\/#\/schema\/logo\/image\/\"},\"sameAs\":[\"https:\/\/x.com\/EstratConcursos\"]},{\"@type\":\"Person\",\"@id\":\"https:\/\/www.estrategiaconcursos.com.br\/blog\/#\/schema\/person\/e8165364027a31208914fc77c3314727\",\"name\":\"D\u00e9cio Terror Filho\",\"image\":{\"@type\":\"ImageObject\",\"inLanguage\":\"pt-BR\",\"@id\":\"https:\/\/secure.gravatar.com\/avatar\/a5b78e734de7c6482e965926e78344deb81abbc34282a3c9536cbb1a59728a37?s=96&d=mm&r=g\",\"url\":\"https:\/\/secure.gravatar.com\/avatar\/a5b78e734de7c6482e965926e78344deb81abbc34282a3c9536cbb1a59728a37?s=96&d=mm&r=g\",\"contentUrl\":\"https:\/\/secure.gravatar.com\/avatar\/a5b78e734de7c6482e965926e78344deb81abbc34282a3c9536cbb1a59728a37?s=96&d=mm&r=g\",\"caption\":\"D\u00e9cio Terror Filho\"},\"url\":\"https:\/\/www.estrategiaconcursos.com.br\/blog\/author\/contatoterrorportugues-com-br\/\"}]}<\/script>\n<!-- \/ Yoast SEO Premium plugin. -->","yoast_head_json":{"title":"\u00c0 parte ou aparte? Como se escreve?","robots":{"index":"index","follow":"follow","max-snippet":"max-snippet:-1","max-image-preview":"max-image-preview:large","max-video-preview":"max-video-preview:-1"},"canonical":"https:\/\/www.estrategiaconcursos.com.br\/blog\/a-parte-ou-aparte-como-se-escreve\/","og_locale":"pt_BR","og_type":"article","og_title":"\u00c0 parte ou aparte? Como se escreve?","og_description":"&Agrave; parte ou aparte?&nbsp;Como se escreve? &nbsp;&nbsp;&nbsp;&nbsp;&nbsp;&nbsp;&nbsp; Ser&aacute; que a frase a seguir est&aacute; gramaticalmente correta? &ldquo;O patr&atilde;o chamou-o para uma conversa aparte.&rdquo; &nbsp;&nbsp;&nbsp;&nbsp;&nbsp;&nbsp;&nbsp; Neste caso, a palavra &ldquo;aparte&rdquo; foi incorretamente utilizada. &nbsp; &nbsp;&nbsp;&nbsp;&nbsp;&nbsp;&nbsp;&nbsp; Primeiro, vejamos o emprego do substantivo masculino &ldquo;aparte&rdquo;. &nbsp;&nbsp;&nbsp;&nbsp;&nbsp;&nbsp;&nbsp; Ele designa um coment&aacute;rio, uma interrup&ccedil;&atilde;o ou observa&ccedil;&atilde;o. Exemplo: &ldquo;Os apartes dele [&hellip;]","og_url":"https:\/\/www.estrategiaconcursos.com.br\/blog\/a-parte-ou-aparte-como-se-escreve\/","og_site_name":"Estrat\u00e9gia Concursos","article_published_time":"2017-03-26T13:15:50+00:00","author":"D\u00e9cio Terror Filho","twitter_card":"summary_large_image","twitter_creator":"@EstratConcursos","twitter_site":"@EstratConcursos","twitter_misc":{"Escrito por":"D\u00e9cio Terror Filho","Est. tempo de leitura":"2 minutos"},"schema":{"@context":"https:\/\/schema.org","@graph":[{"@type":"NewsArticle","@id":"https:\/\/www.estrategiaconcursos.com.br\/blog\/a-parte-ou-aparte-como-se-escreve\/#article","isPartOf":{"@id":"https:\/\/www.estrategiaconcursos.com.br\/blog\/a-parte-ou-aparte-como-se-escreve\/"},"author":{"name":"D\u00e9cio Terror Filho","@id":"https:\/\/www.estrategiaconcursos.com.br\/blog\/#\/schema\/person\/e8165364027a31208914fc77c3314727"},"headline":"\u00c0 parte ou aparte? Como se escreve?","datePublished":"2017-03-26T13:15:50+00:00","mainEntityOfPage":{"@id":"https:\/\/www.estrategiaconcursos.com.br\/blog\/a-parte-ou-aparte-como-se-escreve\/"},"wordCount":429,"commentCount":1,"publisher":{"@id":"https:\/\/www.estrategiaconcursos.com.br\/blog\/#organization"},"keywords":["\u00c0 parte ou aparte","Como se escreve"],"articleSection":["Concursos P\u00fablicos"],"inLanguage":"pt-BR","potentialAction":[{"@type":"CommentAction","name":"Comment","target":["https:\/\/www.estrategiaconcursos.com.br\/blog\/a-parte-ou-aparte-como-se-escreve\/#respond"]}],"copyrightYear":"2017","copyrightHolder":{"@id":"https:\/\/www.estrategiaconcursos.com.br\/blog\/#organization"}},{"@type":"WebPage","@id":"https:\/\/www.estrategiaconcursos.com.br\/blog\/a-parte-ou-aparte-como-se-escreve\/","url":"https:\/\/www.estrategiaconcursos.com.br\/blog\/a-parte-ou-aparte-como-se-escreve\/","name":"\u00c0 parte ou aparte? Como se escreve?","isPartOf":{"@id":"https:\/\/www.estrategiaconcursos.com.br\/blog\/#website"},"datePublished":"2017-03-26T13:15:50+00:00","breadcrumb":{"@id":"https:\/\/www.estrategiaconcursos.com.br\/blog\/a-parte-ou-aparte-como-se-escreve\/#breadcrumb"},"inLanguage":"pt-BR","potentialAction":[{"@type":"ReadAction","target":["https:\/\/www.estrategiaconcursos.com.br\/blog\/a-parte-ou-aparte-como-se-escreve\/"]}]},{"@type":"BreadcrumbList","@id":"https:\/\/www.estrategiaconcursos.com.br\/blog\/a-parte-ou-aparte-como-se-escreve\/#breadcrumb","itemListElement":[{"@type":"ListItem","position":1,"name":"In\u00edcio","item":"https:\/\/www.estrategiaconcursos.com.br\/blog\/"},{"@type":"ListItem","position":2,"name":"\u00c0 parte ou aparte? Como se escreve?"}]},{"@type":"WebSite","@id":"https:\/\/www.estrategiaconcursos.com.br\/blog\/#website","url":"https:\/\/www.estrategiaconcursos.com.br\/blog\/","name":"Estrat\u00e9gia Concursos","description":"O blog da Estrat\u00e9gia Concursos traz not\u00edcias sobre concursos e artigos de professores oferecendo cursos para concursos (pdf + videaulas) no site.","publisher":{"@id":"https:\/\/www.estrategiaconcursos.com.br\/blog\/#organization"},"potentialAction":[{"@type":"SearchAction","target":{"@type":"EntryPoint","urlTemplate":"https:\/\/www.estrategiaconcursos.com.br\/blog\/?s={search_term_string}"},"query-input":{"@type":"PropertyValueSpecification","valueRequired":true,"valueName":"search_term_string"}}],"inLanguage":"pt-BR"},{"@type":"Organization","@id":"https:\/\/www.estrategiaconcursos.com.br\/blog\/#organization","name":"Estrat\u00e9gia Concursos","url":"https:\/\/www.estrategiaconcursos.com.br\/blog\/","logo":{"@type":"ImageObject","inLanguage":"pt-BR","@id":"https:\/\/www.estrategiaconcursos.com.br\/blog\/#\/schema\/logo\/image\/","url":"https:\/\/dhg1h5j42swfq.cloudfront.net\/2025\/06\/03203428\/logo_concursos-1.jpg","contentUrl":"https:\/\/dhg1h5j42swfq.cloudfront.net\/2025\/06\/03203428\/logo_concursos-1.jpg","width":230,"height":60,"caption":"Estrat\u00e9gia Concursos"},"image":{"@id":"https:\/\/www.estrategiaconcursos.com.br\/blog\/#\/schema\/logo\/image\/"},"sameAs":["https:\/\/x.com\/EstratConcursos"]},{"@type":"Person","@id":"https:\/\/www.estrategiaconcursos.com.br\/blog\/#\/schema\/person\/e8165364027a31208914fc77c3314727","name":"D\u00e9cio Terror Filho","image":{"@type":"ImageObject","inLanguage":"pt-BR","@id":"https:\/\/secure.gravatar.com\/avatar\/a5b78e734de7c6482e965926e78344deb81abbc34282a3c9536cbb1a59728a37?s=96&d=mm&r=g","url":"https:\/\/secure.gravatar.com\/avatar\/a5b78e734de7c6482e965926e78344deb81abbc34282a3c9536cbb1a59728a37?s=96&d=mm&r=g","contentUrl":"https:\/\/secure.gravatar.com\/avatar\/a5b78e734de7c6482e965926e78344deb81abbc34282a3c9536cbb1a59728a37?s=96&d=mm&r=g","caption":"D\u00e9cio Terror Filho"},"url":"https:\/\/www.estrategiaconcursos.com.br\/blog\/author\/contatoterrorportugues-com-br\/"}]}},"_links":{"self":[{"href":"https:\/\/www.estrategiaconcursos.com.br\/blog\/wp-json\/wp\/v2\/posts\/68292","targetHints":{"allow":["GET"]}}],"collection":[{"href":"https:\/\/www.estrategiaconcursos.com.br\/blog\/wp-json\/wp\/v2\/posts"}],"about":[{"href":"https:\/\/www.estrategiaconcursos.com.br\/blog\/wp-json\/wp\/v2\/types\/post"}],"author":[{"embeddable":true,"href":"https:\/\/www.estrategiaconcursos.com.br\/blog\/wp-json\/wp\/v2\/users\/214"}],"replies":[{"embeddable":true,"href":"https:\/\/www.estrategiaconcursos.com.br\/blog\/wp-json\/wp\/v2\/comments?post=68292"}],"version-history":[{"count":6,"href":"https:\/\/www.estrategiaconcursos.com.br\/blog\/wp-json\/wp\/v2\/posts\/68292\/revisions"}],"predecessor-version":[{"id":68299,"href":"https:\/\/www.estrategiaconcursos.com.br\/blog\/wp-json\/wp\/v2\/posts\/68292\/revisions\/68299"}],"wp:attachment":[{"href":"https:\/\/www.estrategiaconcursos.com.br\/blog\/wp-json\/wp\/v2\/media?parent=68292"}],"wp:term":[{"taxonomy":"category","embeddable":true,"href":"https:\/\/www.estrategiaconcursos.com.br\/blog\/wp-json\/wp\/v2\/categories?post=68292"},{"taxonomy":"post_tag","embeddable":true,"href":"https:\/\/www.estrategiaconcursos.com.br\/blog\/wp-json\/wp\/v2\/tags?post=68292"},{"taxonomy":"tax_estado","embeddable":true,"href":"https:\/\/www.estrategiaconcursos.com.br\/blog\/wp-json\/wp\/v2\/tax_estado?post=68292"}],"curies":[{"name":"wp","href":"https:\/\/api.w.org\/{rel}","templated":true}]}}