{"id":682736,"date":"2021-04-10T11:16:00","date_gmt":"2021-04-10T14:16:00","guid":{"rendered":"https:\/\/www.estrategiaconcursos.com.br\/blog\/?p=682736"},"modified":"2022-11-10T17:00:25","modified_gmt":"2022-11-10T20:00:25","slug":"intervencao-federal-estadual","status":"publish","type":"post","link":"https:\/\/www.estrategiaconcursos.com.br\/blog\/intervencao-federal-estadual\/","title":{"rendered":"Interven\u00e7\u00e3o Federal e Estadual na Constitui\u00e7\u00e3o Brasileira"},"content":{"rendered":"\n<p class=\"has-medium-font-size\">Aprenda sobre a Interven\u00e7\u00e3o Federal e a Estadual que est\u00e3o presentes na Constitui\u00e7\u00e3o Brasileira.<\/p>\n\n\n\n<figure class=\"wp-block-image aligncenter size-large\"><img loading=\"lazy\" decoding=\"async\" width=\"645\" height=\"365\" src=\"https:\/\/dhg1h5j42swfq.cloudfront.net\/2021\/03\/01211751\/intervencao.jpg\" alt=\"Interven\u00e7\u00e3o Federal e Estadual\" class=\"wp-image-682738\" srcset=\"https:\/\/dhg1h5j42swfq.cloudfront.net\/2021\/03\/01211751\/intervencao.jpg 645w, https:\/\/dhg1h5j42swfq.cloudfront.net\/2021\/03\/01211751\/intervencao-300x170.jpg 300w, https:\/\/dhg1h5j42swfq.cloudfront.net\/2021\/03\/01211751\/intervencao-610x345.jpg 610w\" sizes=\"auto, (max-width: 645px) 100vw, 645px\" \/><figcaption>Interven\u00e7\u00e3o Federal e Estadual<\/figcaption><\/figure>\n\n\n\n<p>Ol\u00e1, Estrategista. Tudo bem?<\/p>\n\n\n\n<p>O artigo de hoje \u00e9 sobre um tema muito importante para provas de <strong>Direito Constitucional<\/strong> de concursos p\u00fablicos: <strong><span class=\"has-inline-color has-vivid-cyan-blue-color\">A Interven\u00e7\u00e3o Federal e Estadual na Constitui\u00e7\u00e3o Brasileira.<\/span><\/strong><\/p>\n\n\n\n<p>Esse \u00e9 um assunto de consider\u00e1vel relev\u00e2ncia, principalmente pelas Interven\u00e7\u00f5es Federais recentes que ocorreram no nosso pa\u00eds, em 2018.<\/p>\n\n\n\n<p>Para aprendermos sobre esse conte\u00fado, iremos analisar os seguintes t\u00f3picos:<\/p>\n\n\n\n<ul class=\"wp-block-list\"><li><strong>Vis\u00e3o Geral sobre a Interven\u00e7\u00e3o Federal e a Estadual<\/strong>;<\/li><li><strong>Interven\u00e7\u00e3o Federal<\/strong>;<\/li><li><strong>Interven\u00e7\u00e3o Estadual<\/strong>;<\/li><li><strong>As Interven\u00e7\u00f5es Federais no Rio de Janeiro e em Roraima<\/strong>.<\/li><\/ul>\n\n\n\n<h2 class=\"wp-block-heading\" id=\"h-visao-geral-sobre-a-intervencao-federal-e-a-estadual\">Vis\u00e3o Geral sobre a Interven\u00e7\u00e3o Federal e a Estadual<\/h2>\n\n\n\n<p>A <strong>Interven\u00e7\u00e3o <\/strong>\u00e9 um <strong>mecanismo <\/strong>presente na Constitui\u00e7\u00e3o Federal de car\u00e1ter <strong><span class=\"has-inline-color has-vivid-cyan-blue-color\">excepcional<\/span><\/strong>, de natureza <strong><span class=\"has-inline-color has-vivid-cyan-blue-color\">extrema<\/span><\/strong>, sendo utilizada apenas em <strong>momentos espec\u00edficos<\/strong> previstos na CF\/88, quando n\u00e3o houver mais nenhum outro recurso para resolver a situa\u00e7\u00e3o.<\/p>\n\n\n\n<p>Quando, por exemplo, uma interven\u00e7\u00e3o federal \u00e9 decretada em um estado, a <strong><span class=\"has-inline-color has-vivid-cyan-blue-color\">autonomia <\/span><\/strong>desse ente federativo \u00e9 <strong><span class=\"has-inline-color has-vivid-cyan-blue-color\">limitada temporariamente<\/span><\/strong>, de maneira <strong>parcial ou total<\/strong>. Iremos ver mais adiante alguns exemplos, como no caso da interven\u00e7\u00e3o federal no Rio de Janeiro, na \u00e1rea da seguran\u00e7a, em que a Uni\u00e3o assumiu, de forma tempor\u00e1ria, o controle de todas as for\u00e7as de seguran\u00e7a do estado.<\/p>\n\n\n\n<p>Dentre os <strong>motivos <\/strong>para a acionamento de uma interven\u00e7\u00e3o est\u00e3o: garantir a <strong>integridade constitucional<\/strong>; manter a <strong>ordem p\u00fablica<\/strong>; <strong>reorganizar as finan\u00e7as<\/strong> dos estados e dos munic\u00edpios, entre outras que ser\u00e3o discutidas nesse artigo.<\/p>\n\n\n\n<p>A interven\u00e7\u00e3o pode ser realizada a <strong><span class=\"has-inline-color has-vivid-cyan-blue-color\">n\u00edvel federal<\/span><\/strong>, ou seja, quando a <strong>Uni\u00e3o interv\u00e9m<\/strong> nos Estados ou no Distrito Federal; ou a <strong><span class=\"has-inline-color has-vivid-cyan-blue-color\">n\u00edvel estadual,<\/span><\/strong> quando os <strong>Estados interv\u00eam<\/strong> nos seus munic\u00edpios. <\/p>\n\n\n\n<p><strong><span class=\"has-inline-color has-vivid-red-color\">Aten\u00e7\u00e3o<\/span><\/strong>: H\u00e1 a previs\u00e3o de que a <strong>Uni\u00e3o intervenha em munic\u00edpios<\/strong>, mas apenas naqueles localizados em<span class=\"has-inline-color has-vivid-cyan-blue-color\"> <strong>territ\u00f3rios federais<\/strong>.<\/span> Desse modo, <strong><span class=\"has-inline-color has-vivid-cyan-blue-color\">n\u00e3o h\u00e1 a possibilidade de que a Uni\u00e3o intervenha nos munic\u00edpios dos Estados Federados.<\/span><\/strong><\/p>\n\n\n\n<figure class=\"wp-block-image aligncenter size-large\"><img loading=\"lazy\" decoding=\"async\" width=\"444\" height=\"334\" src=\"https:\/\/dhg1h5j42swfq.cloudfront.net\/2021\/03\/31144834\/intervencao-1.png\" alt=\"Interven\u00e7\u00e3o Federal e Estadual\" class=\"wp-image-705492\" srcset=\"https:\/\/dhg1h5j42swfq.cloudfront.net\/2021\/03\/31144834\/intervencao-1.png 444w, https:\/\/dhg1h5j42swfq.cloudfront.net\/2021\/03\/31144834\/intervencao-1-300x226.png 300w\" sizes=\"auto, (max-width: 444px) 100vw, 444px\" \/><figcaption>Interven\u00e7\u00e3o Federal e Estadual<\/figcaption><\/figure>\n\n\n\n<p>A Interven\u00e7\u00e3o <strong>n\u00e3o viola o Estado Democr\u00e1tico de Direito<\/strong>, ou seja, mesmo que os entes federativos tenham <strong>autonomia<\/strong>, ela pode ser <strong>limitada <\/strong>em determinados casos, de modo a garantir a ordem e o cumprimento das normas constitucionais e legais por parte de todos os Estados e Munic\u00edpios.<\/p>\n\n\n\n<p>H\u00e1 alguns <strong><span class=\"has-inline-color has-vivid-cyan-blue-color\">princ\u00edpios <\/span><\/strong>que precisam ser seguidos em caso de interven\u00e7\u00e3o:<\/p>\n\n\n\n<ul class=\"wp-block-list\"><li><strong><span class=\"has-inline-color has-vivid-cyan-blue-color\">Excepcionalidade<\/span><\/strong>: ser\u00e1 realizada apenas em casos <strong>extremos<\/strong>;<\/li><li><strong><span class=\"has-inline-color has-vivid-cyan-blue-color\">Necessidade<\/span><\/strong>: deve haver <strong>motiva\u00e7\u00e3o <\/strong>plaus\u00edvel para a interven\u00e7\u00e3o;<\/li><li><strong><span class=\"has-inline-color has-vivid-cyan-blue-color\">Temporariedade<\/span><\/strong>: a interven\u00e7\u00e3o n\u00e3o pode ser definitiva, precisa haver um <strong>prazo<\/strong> definido;<\/li><li><strong><span class=\"has-inline-color has-vivid-cyan-blue-color\">Formalidade<\/span><\/strong>: \u00e9 preciso seguir as <strong>formalidades <\/strong>constitucionais para que ela seja decretada.<\/li><\/ul>\n\n\n\n<p>A partir de agora, iremos detalhar um pouco mais sobre as hip\u00f3teses previstas na Constitui\u00e7\u00e3o Brasileira para a decreta\u00e7\u00e3o da Interven\u00e7\u00e3o Federal e da Estadual.<\/p>\n\n\n\n<h2 class=\"wp-block-heading\" id=\"h-intervencao-federal\">Interven\u00e7\u00e3o Federal<\/h2>\n\n\n\n<h3 class=\"wp-block-heading\" id=\"h-situacoes\">Situa\u00e7\u00f5es<\/h3>\n\n\n\n<p>A<strong><span class=\"has-inline-color has-vivid-cyan-blue-color\"> interven\u00e7\u00e3o federal <\/span><\/strong>\u00e9 realizada <strong>pela Uni\u00e3o <\/strong>nos Estados, no Distrito Federal, ou nos Munic\u00edpios de Territ\u00f3rios Federais. <\/p>\n\n\n\n<p>Em regra, a <strong>Uni\u00e3o <\/strong>n\u00e3o realizar\u00e1 interven\u00e7\u00e3o, <strong>salvo se for para:<\/strong><\/p>\n\n\n\n<ul class=\"wp-block-list\" id=\"block-31464782-1958-4411-b413-7d43baf38495\"><li>manter a <strong>integridade nacional;<\/strong><\/li><li><strong>repelir invas\u00e3o<\/strong> estrangeira ou de um estado em outro;<\/li><li>encerrar <strong>grave comprometimento da ordem<\/strong> p\u00fablica;<\/li><li>garantir o <strong>livre exerc\u00edcio dos Poderes<\/strong>;<\/li><li><strong>reorganizar as finan\u00e7as do estado<\/strong> que <strong>suspender <\/strong>o pagamento da<strong> d\u00edvida fundada <\/strong>por mais de <strong>dois anos <\/strong>consecutivos, ou quando o estado <strong>deixar de entregar<\/strong> aos seus Munic\u00edpios as <strong>receitas tribut\u00e1rias<\/strong> dentro dos prazos;<\/li><li>garantir a <strong>execu\u00e7\u00e3o <\/strong>de lei federal, ordem ou decis\u00e3o judicial;<\/li><li>assegurar a observ\u00e2ncia dos <strong>princ\u00edpios constitucionais<\/strong> <strong>sens\u00edveis<\/strong>, como a<strong> forma republicana,<\/strong> o regime <strong>democr\u00e1tico<\/strong>, os <strong>direitos<\/strong> da pessoa humana, a <strong>autonomia municipa<\/strong>l, a <strong>presta\u00e7\u00e3o de contas <\/strong>da administra\u00e7\u00e3o p\u00fablica e a <strong>aplica\u00e7\u00e3o do m\u00ednimo exigido da receita<\/strong> estadual em <strong>sa\u00fade e educa\u00e7\u00e3o.<\/strong><\/li><\/ul>\n\n\n\n<p>Por <strong>exemplo<\/strong>, caso o estado da Bahia se recuse a prestar as devidas contas da sua administra\u00e7\u00e3o, a Uni\u00e3o poder\u00e1 realizar uma interven\u00e7\u00e3o federal nesse estado.<\/p>\n\n\n\n<p>A interven\u00e7\u00e3o federal ser\u00e1 formalizada atrav\u00e9s de <strong><span class=\"has-inline-color has-vivid-cyan-blue-color\">Decreto Federal<\/span><\/strong>, o qual especificar\u00e1 a <strong>amplitude, o prazo<\/strong> e, se for o caso, um <strong>interventor<\/strong>. Este decreto ser\u00e1 submetido ao <strong>Congresso Nacional<\/strong> em <strong>at\u00e9 24 horas<\/strong> para <strong>aprecia\u00e7\u00e3o<\/strong>.<\/p>\n\n\n\n<h3 class=\"wp-block-heading\" id=\"h-classificacoes-das-hipoteses\">Classifica\u00e7\u00f5es das Hip\u00f3teses<\/h3>\n\n\n\n<p>H\u00e1 <strong>4 maneiras de decretar uma interven\u00e7\u00e3o federal:<\/strong><\/p>\n\n\n\n<ul class=\"wp-block-list\"><li><strong><span class=\"has-inline-color has-vivid-cyan-blue-color\">Por Solicita\u00e7\u00e3o:<\/span><\/strong><\/li><\/ul>\n\n\n\n<p>Ocorre quando \u00e9 necess\u00e1rio garantir o <strong>livre exerc\u00edcio<\/strong> dos <strong>Poderes <span style=\"text-decoration: underline;\">Legislativo<\/span> e <span style=\"text-decoration: underline;\">Executivo<\/span><\/strong> nos Estados. Desse modo, o <strong>poder coagido<\/strong> pode <strong><span class=\"has-inline-color has-vivid-cyan-blue-color\">solicitar<\/span> <\/strong>a interven\u00e7\u00e3o ao Presidente da Rep\u00fablica, que tem a <strong><span class=\"has-inline-color has-vivid-cyan-blue-color\">op\u00e7\u00e3o <\/span><\/strong>de aceitar ou n\u00e3o a solicita\u00e7\u00e3o da interven\u00e7\u00e3o federal.<\/p>\n\n\n\n<ul class=\"wp-block-list\"><li><strong><span class=\"has-inline-color has-vivid-cyan-blue-color\">Por Requisi\u00e7\u00e3o:<\/span><\/strong><\/li><\/ul>\n\n\n\n<p>Esta ocorre quando \u00e9 necess\u00e1rio garantir o <strong>livre exerc\u00edcio<\/strong> do <strong>Poder<\/strong> <strong><span style=\"text-decoration: underline;\">Judici\u00e1rio<\/span><\/strong>, em que o <strong><span style=\"text-decoration: underline;\">STF, STJ ou TSE<\/span><\/strong>, a depender da situa\u00e7\u00e3o, poder\u00e1 <strong><span class=\"has-inline-color has-vivid-cyan-blue-color\">requisitar <\/span><\/strong>a interven\u00e7\u00e3o ao presidente da rep\u00fablica. Al\u00e9m disso, quando houver a necessidade de <strong>prover a execu\u00e7\u00e3o de lei federal, ordem ou decis\u00e3o judicial, <\/strong>o<strong> <span style=\"text-decoration: underline;\">STF<\/span><\/strong>, e apenas ele, poder\u00e1 <strong>requisitar <\/strong>ao presidente a interven\u00e7\u00e3o. Nesses casos, o presidente da rep\u00fablica estar\u00e1 <strong><span class=\"has-inline-color has-vivid-cyan-blue-color\">vinculado <\/span><\/strong>a esta <strong>requisi\u00e7\u00e3o<\/strong>.<\/p>\n\n\n\n<ul class=\"wp-block-list\"><li><strong><span class=\"has-inline-color has-vivid-cyan-blue-color\">Por provimento do STF, de representa\u00e7\u00e3o do PGR:<\/span><\/strong><\/li><\/ul>\n\n\n\n<p>Essa situa\u00e7\u00e3o \u00e9 quando h\u00e1 o <strong>desrespeito aos Princ\u00edpios Constitucionais Sens\u00edveis<\/strong> por parte de algum ente da federa\u00e7\u00e3o, al\u00e9m da situa\u00e7\u00e3o de quando houver a <strong>recusa ao cumprimento de lei federal.<\/strong> Assim, o <strong>Procurador-Geral da Rep\u00fablica (PGR)<\/strong>, atrav\u00e9s da A\u00e7\u00e3o Direta de Inconstitucionalidade Interventiva, poder\u00e1 <strong>representar ao STF<\/strong> sobre a situa\u00e7\u00e3o, que decidir\u00e1 pelo <strong>provimento ou n\u00e3o <\/strong>da representa\u00e7\u00e3o, <strong><span class=\"has-inline-color has-vivid-cyan-blue-color\">obrigando <\/span><\/strong>o Presidente a decretar a interven\u00e7\u00e3o federal, em caso de provimento.<\/p>\n\n\n\n<ul class=\"wp-block-list\"><li><mark style=\"background-color:rgba(0, 0, 0, 0)\" class=\"has-inline-color has-vivid-cyan-blue-color\"><strong>Espont\u00e2nea<\/strong>:<\/mark><\/li><\/ul>\n\n\n\n<p>Ocorre nas <strong>demais hip\u00f3teses,<\/strong> em que o <strong><span class=\"has-inline-color has-vivid-cyan-blue-color\">presidente que decide <\/span><\/strong>pela interven\u00e7\u00e3o federal, escutando antes o Conselho da Rep\u00fablica e o Conselho de Defesa Nacional.<\/p>\n\n\n\n<h2 class=\"wp-block-heading\" id=\"h-intervencao-estadual\">Interven\u00e7\u00e3o Estadual<\/h2>\n\n\n\n<p>A<span class=\"has-inline-color has-vivid-cyan-blue-color\"> <strong>Interven\u00e7\u00e3o Estadual <\/strong><\/span>\u00e9 realizada <strong>pelos Estados<\/strong> em seus Munic\u00edpios. <\/p>\n\n\n\n<p>Em regra, <strong>os Estados <\/strong>n\u00e3o realizar\u00e3o interven\u00e7\u00e3o, <strong>salvo quando o munic\u00edpio: <\/strong><\/p>\n\n\n\n<ul class=\"wp-block-list\" id=\"block-e2d968bb-4a6e-48e7-b4b9-638d4b62a159\"><li><strong>n\u00e3o pagar<\/strong>, sem motivo de for\u00e7a maior, por <strong>dois anos <\/strong>consecutivos, a <strong>d\u00edvida fundada<\/strong>; n\u00e3o <strong>prestar as contas <\/strong>devidas; ou n\u00e3o tiver aplicado o<strong> m\u00ednimo exigido da receita <\/strong>municipal em <strong>sa\u00fade e educa\u00e7\u00e3o;<\/strong><\/li><li>n\u00e3o assegurar a observ\u00e2ncia dos <strong>princ\u00edpios indicados na Constitui\u00e7\u00e3o Estadual,<\/strong> ou para prover a <strong>execu\u00e7\u00e3o de lei, de ordem ou de decis\u00e3o judicial.<\/strong><\/li><\/ul>\n\n\n\n<p>Nesses casos, ser\u00e1 o <strong><span class=\"has-inline-color has-vivid-cyan-blue-color\">governador <\/span><\/strong>do estado que ir\u00e1 decretar a interven\u00e7\u00e3o estadual. Sendo que, nas hip\u00f3teses presentes no <strong>segundo <\/strong>ponto acima, \u00e9 necess\u00e1rio que o <strong>Tribunal de Justi\u00e7a <\/strong>do Estado d\u00ea <strong>provimento <\/strong>\u00e0 representa\u00e7\u00e3o.<\/p>\n\n\n\n<p>Percebe-se que todas as hip\u00f3teses acima s\u00e3o casos <strong>similares <\/strong>a algumas ocorr\u00eancias da interven\u00e7\u00e3o federal.<\/p>\n\n\n\n<p>A Interven\u00e7\u00e3o Estadual ser\u00e1 formalizada atrav\u00e9s de <strong>decreto estadual, <\/strong>nos mesmos moldes do decreto<strong> <\/strong>na Interven\u00e7\u00e3o Federal.<\/p>\n\n\n\n<p><strong><span class=\"has-inline-color has-vivid-red-color\">Aten\u00e7\u00e3o<\/span><\/strong>: A interven\u00e7\u00e3o estadual ser\u00e1 <strong>declarada <\/strong>atrav\u00e9s da publica\u00e7\u00e3o do <strong>decreto interventivo<\/strong> pelo governador (ou presidente, na federal). Desse modo, o <strong>Poder Legislativo<\/strong> <strong>apenas <span class=\"has-inline-color has-vivid-cyan-blue-color\">apreciar\u00e1 <\/span><\/strong>o decreto, n\u00e3o sendo competente para decretar a interven\u00e7\u00e3o. Mas, caso o Congresso ou a Assembleia Legislativa <strong>n\u00e3o aprove <\/strong>o decreto, a interven\u00e7\u00e3o dever\u00e1 ser imediatamente <strong>cessada<\/strong>.<\/p>\n\n\n\n<h2 class=\"wp-block-heading\" id=\"h-as-intervencoes-federais-no-rio-de-janeiro-e-em-roraima\">As Interven\u00e7\u00f5es Federais no Rio de Janeiro e em Roraima<\/h2>\n\n\n\n<h3 class=\"wp-block-heading\" id=\"h-rio-de-janeiro\">Rio de Janeiro<\/h3>\n\n\n\n<p>Em <strong>2018<\/strong>, pela <strong>primeira vez<\/strong> desde a promulga\u00e7\u00e3o da<strong> Constitui\u00e7\u00e3o Federal Brasileira de 1988,<\/strong> foi decretada uma interven\u00e7\u00e3o federal no Brasil, pelo ent\u00e3o presidente Michel Temer. Ela foi realizada por haver uma <strong>grave crise na seguran\u00e7a p\u00fablica interna do estado do Rio de Janeiro.<\/strong><\/p>\n\n\n\n<p>Essa interven\u00e7\u00e3o durou <strong>quase 10 meses<\/strong> e foi feita <strong><span class=\"has-inline-color has-vivid-cyan-blue-color\">parcialmente <\/span><\/strong>sobre a administra\u00e7\u00e3o do RJ, apenas na \u00e1rea da <strong><span class=\"has-inline-color has-vivid-cyan-blue-color\">seguran\u00e7a p\u00fablica<\/span>.<\/strong> Nesse caso, foi nomeado um <strong>interventor<\/strong> (General Walter Souza Braga Netto, do ex\u00e9rcito), o qual <strong>assumiu o comando<\/strong> das for\u00e7as de seguran\u00e7a do estado (Pol\u00edcia Militar, Pol\u00edcia Civil e Bombeiro Militar), <strong>respondendo diretamente ao presidente Michel Temer.<\/strong><\/p>\n\n\n\n<h3 class=\"wp-block-heading\" id=\"h-roraima\">Roraima<\/h3>\n\n\n\n<p>Tamb\u00e9m em <strong>2018<\/strong>, em dezembro, foi decretada a interven\u00e7\u00e3o federal da Uni\u00e3o no estado de <strong>Roraima<\/strong>, pelo ent\u00e3o presidente Michel Temer. Na ocasi\u00e3o, o estado passava por <strong>grande crise financeira,<\/strong> sal\u00e1rios atrasados dos servidores, <strong>greves <\/strong>gerais, incluindo a de policiais, al\u00e9m da <strong>crise migrat\u00f3ria <\/strong>de venezuelanos.<\/p>\n\n\n\n<p>Ela durou <strong>pouco menos de 1 m\u00eas,<\/strong> at\u00e9 o dia 31 de dezembro de 2018, sendo o interventor o <strong>governador eleito<\/strong> nas elei\u00e7\u00f5es de outubro daquele ano, Ant\u00f4nio Denarium.<\/p>\n\n\n\n<p>Diferentemente da do RJ, que foi parcial (apenas na \u00e1rea da seguran\u00e7a), a de Roraima foi <strong><span class=\"has-inline-color has-vivid-cyan-blue-color\">total<\/span><\/strong>, sendo a <strong>governadora afastada totalmente das suas fun\u00e7\u00f5es.<\/strong><\/p>\n\n\n\n<h2 class=\"wp-block-heading\" id=\"h-finalizando\">Finalizando<\/h2>\n\n\n\n<p>Bom pessoal, chegamos ao fim de mais um artigo sobre Direito Constitucional. A interven\u00e7\u00e3o federal e estadual presentes na Constitui\u00e7\u00e3o Brasileira s\u00e3o muito importantes para v\u00e1rias provas de concursos.<\/p>\n\n\n\n<p>Caso deseje se aprofundar no assunto atrav\u00e9s de <mark style=\"background-color:rgba(0, 0, 0, 0)\" class=\"has-inline-color has-vivid-cyan-blue-color\"><strong>aulas completas e detalhadas com os melhores professores<\/strong><\/mark> do mercado, acesse o site do <strong><a href=\"https:\/\/www.estrategiaconcursos.com.br\/\">Estrat\u00e9gia Concursos<\/a><\/strong> e d\u00ea uma olhadinha nos nossos cursos de <strong>Direito Constitucional.<\/strong><\/p>\n\n\n\n<p>Bons estudos e at\u00e9 a pr\u00f3xima!<\/p>\n\n\n\n<p class=\"has-text-align-center has-medium-font-size\"><em><strong>Assinatura Anual Ilimitada*<\/strong><\/em><\/p>\n\n\n\n<p class=\"has-text-align-center\"><em>Prepare-se com o melhor material e com quem mais aprova em Concursos P\u00fablicos em todo o pa\u00eds. Assine agora a nossa Assinatura Anual e tenha acesso ilimitado* a todos os nossos cursos.<\/em><\/p>\n\n\n\n<p class=\"has-text-align-center has-light-green-cyan-background-color has-background\" style=\"font-size:clamp(14.642px, 0.915rem + ((1vw - 3.2px) * 0.721), 22px);px\"><strong>ASSINE AGORA<\/strong>&nbsp;\u2013&nbsp;<strong><a rel=\"noreferrer noopener\" href=\"https:\/\/www.estrategiaconcursos.com.br\/assinaturas\" target=\"_blank\">Assinatura Ilimitada<\/a><\/strong><\/p>\n\n\n\n<p class=\"has-text-align-center has-medium-font-size\"><strong><em><strong>Sistema de Quest\u00f5es<\/strong><\/em><\/strong><\/p>\n\n\n\n<p class=\"has-text-align-center\"><em>Estrat\u00e9gia Quest\u00f5es nasceu maior do que todos os concorrentes, com mais quest\u00f5es cadastradas e mais solu\u00e7\u00f5es por professores. Ent\u00e3o, confira e aproveite os descontos e b\u00f4nus imperd\u00edveis!<\/em><\/p>\n\n\n\n<p class=\"has-text-align-center has-vivid-green-cyan-background-color has-background\" style=\"font-size:clamp(14.642px, 0.915rem + ((1vw - 3.2px) * 0.721), 22px);px\"><strong>ASSINE AGORA \u2013&nbsp;<a href=\"https:\/\/questoes.estrategiaconcursos.com.br\/\" target=\"_blank\" rel=\"noreferrer noopener\">Sistema de Quest\u00f5es<\/a><\/strong><\/p>\n\n\n\n<p class=\"has-text-align-center has-medium-font-size\"><strong><em>Fique por dentro dos concursos em aberto<\/em><\/strong><\/p>\n\n\n\n<p class=\"has-text-align-center has-pale-cyan-blue-background-color has-background\" style=\"font-size:clamp(14.642px, 0.915rem + ((1vw - 3.2px) * 0.721), 22px);px\"><a rel=\"noreferrer noopener\" href=\"https:\/\/www.estrategiaconcursos.com.br\/blog\/concursos-abertos\/\" target=\"_blank\"><strong>CONCURSOS ABERTOS<\/strong><\/a><\/p>\n\n\n\n<p class=\"has-text-align-center has-medium-font-size\"><strong><em>As oportunidades previstas para o ano de 2021<\/em><\/strong><\/p>\n\n\n\n<p class=\"has-text-align-center has-pale-cyan-blue-background-color has-background\" style=\"font-size:clamp(14.642px, 0.915rem + ((1vw - 3.2px) * 0.721), 22px);px\"><a rel=\"noreferrer noopener\" href=\"https:\/\/www.estrategiaconcursos.com.br\/blog\/concursos-2021\/\" target=\"_blank\"><strong>CONCURSOS 2021<\/strong><\/a><\/p>\n","protected":false},"excerpt":{"rendered":"<p>Aprenda sobre a Interven\u00e7\u00e3o Federal e a Estadual que est\u00e3o presentes na Constitui\u00e7\u00e3o Brasileira. Ol\u00e1, Estrategista. Tudo bem? O artigo de hoje \u00e9 sobre um tema muito importante para provas de Direito Constitucional de concursos p\u00fablicos: A Interven\u00e7\u00e3o Federal e Estadual na Constitui\u00e7\u00e3o Brasileira. Esse \u00e9 um assunto de consider\u00e1vel relev\u00e2ncia, principalmente pelas Interven\u00e7\u00f5es Federais [&hellip;]<\/p>\n","protected":false},"author":1976,"featured_media":682741,"comment_status":"open","ping_status":"closed","sticky":false,"template":"","format":"standard","meta":{"post_tipo":"article","footnotes":""},"categories":[1,164300,214992,1983,6741,2185,220016,2017,1988,1984,214710],"tags":[],"tax_estado":[219964,219965,219966,219967,219968,219969,219963,219970,219971,219972,219973,219974,219975,219976,219977,219978,219979,219980,219981,219982,219983,219984,219985,219986,219987,219988,219989,219990],"class_list":["post-682736","post","type-post","status-publish","format-standard","has-post-thumbnail","hentry","category-cursos-e-concursos","category-concurso-diplomacia","category-concursos-administrativos","category-fiscal-estadual","category-forcas-armadas-oficiais","category-carreiras-juridicas","category-cartorios","category-concursos-legislativos","category-policia","category-tribunais","category-tribunais-de-contas","tax_estado-ac","tax_estado-al","tax_estado-am","tax_estado-ap","tax_estado-ba","tax_estado-ce","tax_estado-concursos-federais","tax_estado-df","tax_estado-es","tax_estado-go","tax_estado-ma","tax_estado-mg","tax_estado-ms","tax_estado-mt","tax_estado-pa","tax_estado-pb","tax_estado-pe","tax_estado-pi","tax_estado-pr","tax_estado-rj","tax_estado-rn","tax_estado-ro","tax_estado-rr","tax_estado-rs","tax_estado-sc","tax_estado-se","tax_estado-sp","tax_estado-to"],"acf":[],"yoast_head":"<!-- This site is optimized with the Yoast SEO Premium plugin v27.2 (Yoast SEO v27.2) - https:\/\/yoast.com\/product\/yoast-seo-premium-wordpress\/ -->\n<title>Interven\u00e7\u00e3o Federal e Estadual na Constitui\u00e7\u00e3o Brasileira<\/title>\n<meta name=\"description\" content=\"Saiba aqui sobre a Interven\u00e7\u00e3o Federal e a Estadual. Conhe\u00e7a as hip\u00f3teses de incid\u00eancia na CF\/88 e os casos do Rio de Janeiro e de Roraima.\" \/>\n<meta name=\"robots\" content=\"index, follow, max-snippet:-1, max-image-preview:large, max-video-preview:-1\" \/>\n<link rel=\"canonical\" href=\"https:\/\/www.estrategiaconcursos.com.br\/blog\/intervencao-federal-estadual\/\" \/>\n<meta property=\"og:locale\" content=\"pt_BR\" \/>\n<meta property=\"og:type\" content=\"article\" \/>\n<meta property=\"og:title\" content=\"Interven\u00e7\u00e3o Federal e Estadual na Constitui\u00e7\u00e3o Brasileira\" \/>\n<meta property=\"og:description\" content=\"Saiba aqui sobre a Interven\u00e7\u00e3o Federal e a Estadual. Conhe\u00e7a as hip\u00f3teses de incid\u00eancia na CF\/88 e os casos do Rio de Janeiro e de Roraima.\" \/>\n<meta property=\"og:url\" content=\"https:\/\/www.estrategiaconcursos.com.br\/blog\/intervencao-federal-estadual\/\" \/>\n<meta property=\"og:site_name\" content=\"Estrat\u00e9gia Concursos\" \/>\n<meta property=\"article:published_time\" content=\"2021-04-10T14:16:00+00:00\" \/>\n<meta property=\"article:modified_time\" content=\"2022-11-10T20:00:25+00:00\" \/>\n<meta property=\"og:image\" content=\"https:\/\/dhg1h5j42swfq.cloudfront.net\/2021\/03\/01212047\/cf.jpg\" \/>\n\t<meta property=\"og:image:width\" content=\"645\" \/>\n\t<meta property=\"og:image:height\" content=\"365\" \/>\n\t<meta property=\"og:image:type\" content=\"image\/jpeg\" \/>\n<meta name=\"author\" content=\"Kassio Henrique Sobral Rocha\" \/>\n<meta name=\"twitter:card\" content=\"summary_large_image\" \/>\n<meta name=\"twitter:creator\" content=\"@EstratConcursos\" \/>\n<meta name=\"twitter:site\" content=\"@EstratConcursos\" \/>\n<meta name=\"twitter:label1\" content=\"Escrito por\" \/>\n\t<meta name=\"twitter:data1\" content=\"Kassio Henrique Sobral Rocha\" \/>\n\t<meta name=\"twitter:label2\" content=\"Est. tempo de leitura\" \/>\n\t<meta name=\"twitter:data2\" content=\"8 minutos\" \/>\n<script type=\"application\/ld+json\" class=\"yoast-schema-graph\">{\"@context\":\"https:\/\/schema.org\",\"@graph\":[{\"@type\":\"NewsArticle\",\"@id\":\"https:\/\/www.estrategiaconcursos.com.br\/blog\/intervencao-federal-estadual\/#article\",\"isPartOf\":{\"@id\":\"https:\/\/www.estrategiaconcursos.com.br\/blog\/intervencao-federal-estadual\/\"},\"author\":{\"name\":\"Kassio Henrique Sobral Rocha\",\"@id\":\"https:\/\/www.estrategiaconcursos.com.br\/blog\/#\/schema\/person\/f0c830e07cfe11c231c0ea5dbb036df5\"},\"headline\":\"Interven\u00e7\u00e3o Federal e Estadual na Constitui\u00e7\u00e3o Brasileira\",\"datePublished\":\"2021-04-10T14:16:00+00:00\",\"dateModified\":\"2022-11-10T20:00:25+00:00\",\"mainEntityOfPage\":{\"@id\":\"https:\/\/www.estrategiaconcursos.com.br\/blog\/intervencao-federal-estadual\/\"},\"wordCount\":1666,\"commentCount\":0,\"publisher\":{\"@id\":\"https:\/\/www.estrategiaconcursos.com.br\/blog\/#organization\"},\"image\":{\"@id\":\"https:\/\/www.estrategiaconcursos.com.br\/blog\/intervencao-federal-estadual\/#primaryimage\"},\"thumbnailUrl\":\"https:\/\/dhg1h5j42swfq.cloudfront.net\/2021\/03\/01212047\/cf.jpg\",\"articleSection\":[\"Concursos P\u00fablicos\",\"Diplomacia (CACD)\",\"Executivo (Administrativa)\",\"Fiscal - Estadual (ICMS)\",\"For\u00e7as Armadas (Oficiais)\",\"Jur\u00eddico\",\"Jur\u00eddico - Cart\u00f3rios\",\"Legislativo\",\"Policial (Agente, Escriv\u00e3o e Investigador)\",\"Tribunais\",\"Tribunais de Contas (TCU, TCE, TCM)\"],\"inLanguage\":\"pt-BR\",\"potentialAction\":[{\"@type\":\"CommentAction\",\"name\":\"Comment\",\"target\":[\"https:\/\/www.estrategiaconcursos.com.br\/blog\/intervencao-federal-estadual\/#respond\"]}],\"copyrightYear\":\"2021\",\"copyrightHolder\":{\"@id\":\"https:\/\/www.estrategiaconcursos.com.br\/blog\/#organization\"}},{\"@type\":\"WebPage\",\"@id\":\"https:\/\/www.estrategiaconcursos.com.br\/blog\/intervencao-federal-estadual\/\",\"url\":\"https:\/\/www.estrategiaconcursos.com.br\/blog\/intervencao-federal-estadual\/\",\"name\":\"Interven\u00e7\u00e3o Federal e Estadual na Constitui\u00e7\u00e3o Brasileira\",\"isPartOf\":{\"@id\":\"https:\/\/www.estrategiaconcursos.com.br\/blog\/#website\"},\"primaryImageOfPage\":{\"@id\":\"https:\/\/www.estrategiaconcursos.com.br\/blog\/intervencao-federal-estadual\/#primaryimage\"},\"image\":{\"@id\":\"https:\/\/www.estrategiaconcursos.com.br\/blog\/intervencao-federal-estadual\/#primaryimage\"},\"thumbnailUrl\":\"https:\/\/dhg1h5j42swfq.cloudfront.net\/2021\/03\/01212047\/cf.jpg\",\"datePublished\":\"2021-04-10T14:16:00+00:00\",\"dateModified\":\"2022-11-10T20:00:25+00:00\",\"description\":\"Saiba aqui sobre a Interven\u00e7\u00e3o Federal e a Estadual. Conhe\u00e7a as hip\u00f3teses de incid\u00eancia na CF\/88 e os casos do Rio de Janeiro e de Roraima.\",\"breadcrumb\":{\"@id\":\"https:\/\/www.estrategiaconcursos.com.br\/blog\/intervencao-federal-estadual\/#breadcrumb\"},\"inLanguage\":\"pt-BR\",\"potentialAction\":[{\"@type\":\"ReadAction\",\"target\":[\"https:\/\/www.estrategiaconcursos.com.br\/blog\/intervencao-federal-estadual\/\"]}]},{\"@type\":\"ImageObject\",\"inLanguage\":\"pt-BR\",\"@id\":\"https:\/\/www.estrategiaconcursos.com.br\/blog\/intervencao-federal-estadual\/#primaryimage\",\"url\":\"https:\/\/dhg1h5j42swfq.cloudfront.net\/2021\/03\/01212047\/cf.jpg\",\"contentUrl\":\"https:\/\/dhg1h5j42swfq.cloudfront.net\/2021\/03\/01212047\/cf.jpg\",\"width\":645,\"height\":365,\"caption\":\"cf\"},{\"@type\":\"BreadcrumbList\",\"@id\":\"https:\/\/www.estrategiaconcursos.com.br\/blog\/intervencao-federal-estadual\/#breadcrumb\",\"itemListElement\":[{\"@type\":\"ListItem\",\"position\":1,\"name\":\"In\u00edcio\",\"item\":\"https:\/\/www.estrategiaconcursos.com.br\/blog\/\"},{\"@type\":\"ListItem\",\"position\":2,\"name\":\"Interven\u00e7\u00e3o Federal e Estadual na Constitui\u00e7\u00e3o Brasileira\"}]},{\"@type\":\"WebSite\",\"@id\":\"https:\/\/www.estrategiaconcursos.com.br\/blog\/#website\",\"url\":\"https:\/\/www.estrategiaconcursos.com.br\/blog\/\",\"name\":\"Estrat\u00e9gia Concursos\",\"description\":\"O blog da Estrat\u00e9gia Concursos traz not\u00edcias sobre concursos e artigos de professores oferecendo cursos para concursos (pdf + videaulas) no site.\",\"publisher\":{\"@id\":\"https:\/\/www.estrategiaconcursos.com.br\/blog\/#organization\"},\"potentialAction\":[{\"@type\":\"SearchAction\",\"target\":{\"@type\":\"EntryPoint\",\"urlTemplate\":\"https:\/\/www.estrategiaconcursos.com.br\/blog\/?s={search_term_string}\"},\"query-input\":{\"@type\":\"PropertyValueSpecification\",\"valueRequired\":true,\"valueName\":\"search_term_string\"}}],\"inLanguage\":\"pt-BR\"},{\"@type\":\"Organization\",\"@id\":\"https:\/\/www.estrategiaconcursos.com.br\/blog\/#organization\",\"name\":\"Estrat\u00e9gia Concursos\",\"url\":\"https:\/\/www.estrategiaconcursos.com.br\/blog\/\",\"logo\":{\"@type\":\"ImageObject\",\"inLanguage\":\"pt-BR\",\"@id\":\"https:\/\/www.estrategiaconcursos.com.br\/blog\/#\/schema\/logo\/image\/\",\"url\":\"https:\/\/dhg1h5j42swfq.cloudfront.net\/2025\/06\/03203428\/logo_concursos-1.jpg\",\"contentUrl\":\"https:\/\/dhg1h5j42swfq.cloudfront.net\/2025\/06\/03203428\/logo_concursos-1.jpg\",\"width\":230,\"height\":60,\"caption\":\"Estrat\u00e9gia Concursos\"},\"image\":{\"@id\":\"https:\/\/www.estrategiaconcursos.com.br\/blog\/#\/schema\/logo\/image\/\"},\"sameAs\":[\"https:\/\/x.com\/EstratConcursos\"]},{\"@type\":\"Person\",\"@id\":\"https:\/\/www.estrategiaconcursos.com.br\/blog\/#\/schema\/person\/f0c830e07cfe11c231c0ea5dbb036df5\",\"name\":\"Kassio Henrique Sobral Rocha\",\"image\":{\"@type\":\"ImageObject\",\"inLanguage\":\"pt-BR\",\"@id\":\"https:\/\/secure.gravatar.com\/avatar\/d10350cbdad043facd8ec77a377f86f9026afee3348e463b04854fd4490ce759?s=96&d=mm&r=g\",\"url\":\"https:\/\/secure.gravatar.com\/avatar\/d10350cbdad043facd8ec77a377f86f9026afee3348e463b04854fd4490ce759?s=96&d=mm&r=g\",\"contentUrl\":\"https:\/\/secure.gravatar.com\/avatar\/d10350cbdad043facd8ec77a377f86f9026afee3348e463b04854fd4490ce759?s=96&d=mm&r=g\",\"caption\":\"Kassio Henrique Sobral Rocha\"},\"url\":\"https:\/\/www.estrategiaconcursos.com.br\/blog\/author\/kassio-rochayahoo-com-br\/\"}]}<\/script>\n<!-- \/ Yoast SEO Premium plugin. -->","yoast_head_json":{"title":"Interven\u00e7\u00e3o Federal e Estadual na Constitui\u00e7\u00e3o Brasileira","description":"Saiba aqui sobre a Interven\u00e7\u00e3o Federal e a Estadual. Conhe\u00e7a as hip\u00f3teses de incid\u00eancia na CF\/88 e os casos do Rio de Janeiro e de Roraima.","robots":{"index":"index","follow":"follow","max-snippet":"max-snippet:-1","max-image-preview":"max-image-preview:large","max-video-preview":"max-video-preview:-1"},"canonical":"https:\/\/www.estrategiaconcursos.com.br\/blog\/intervencao-federal-estadual\/","og_locale":"pt_BR","og_type":"article","og_title":"Interven\u00e7\u00e3o Federal e Estadual na Constitui\u00e7\u00e3o Brasileira","og_description":"Saiba aqui sobre a Interven\u00e7\u00e3o Federal e a Estadual. Conhe\u00e7a as hip\u00f3teses de incid\u00eancia na CF\/88 e os casos do Rio de Janeiro e de Roraima.","og_url":"https:\/\/www.estrategiaconcursos.com.br\/blog\/intervencao-federal-estadual\/","og_site_name":"Estrat\u00e9gia Concursos","article_published_time":"2021-04-10T14:16:00+00:00","article_modified_time":"2022-11-10T20:00:25+00:00","og_image":[{"width":645,"height":365,"url":"https:\/\/dhg1h5j42swfq.cloudfront.net\/2021\/03\/01212047\/cf.jpg","type":"image\/jpeg"}],"author":"Kassio Henrique Sobral Rocha","twitter_card":"summary_large_image","twitter_creator":"@EstratConcursos","twitter_site":"@EstratConcursos","twitter_misc":{"Escrito por":"Kassio Henrique Sobral Rocha","Est. tempo de leitura":"8 minutos"},"schema":{"@context":"https:\/\/schema.org","@graph":[{"@type":"NewsArticle","@id":"https:\/\/www.estrategiaconcursos.com.br\/blog\/intervencao-federal-estadual\/#article","isPartOf":{"@id":"https:\/\/www.estrategiaconcursos.com.br\/blog\/intervencao-federal-estadual\/"},"author":{"name":"Kassio Henrique Sobral Rocha","@id":"https:\/\/www.estrategiaconcursos.com.br\/blog\/#\/schema\/person\/f0c830e07cfe11c231c0ea5dbb036df5"},"headline":"Interven\u00e7\u00e3o Federal e Estadual na Constitui\u00e7\u00e3o Brasileira","datePublished":"2021-04-10T14:16:00+00:00","dateModified":"2022-11-10T20:00:25+00:00","mainEntityOfPage":{"@id":"https:\/\/www.estrategiaconcursos.com.br\/blog\/intervencao-federal-estadual\/"},"wordCount":1666,"commentCount":0,"publisher":{"@id":"https:\/\/www.estrategiaconcursos.com.br\/blog\/#organization"},"image":{"@id":"https:\/\/www.estrategiaconcursos.com.br\/blog\/intervencao-federal-estadual\/#primaryimage"},"thumbnailUrl":"https:\/\/dhg1h5j42swfq.cloudfront.net\/2021\/03\/01212047\/cf.jpg","articleSection":["Concursos P\u00fablicos","Diplomacia (CACD)","Executivo (Administrativa)","Fiscal - Estadual (ICMS)","For\u00e7as Armadas (Oficiais)","Jur\u00eddico","Jur\u00eddico - Cart\u00f3rios","Legislativo","Policial (Agente, Escriv\u00e3o e Investigador)","Tribunais","Tribunais de Contas (TCU, TCE, TCM)"],"inLanguage":"pt-BR","potentialAction":[{"@type":"CommentAction","name":"Comment","target":["https:\/\/www.estrategiaconcursos.com.br\/blog\/intervencao-federal-estadual\/#respond"]}],"copyrightYear":"2021","copyrightHolder":{"@id":"https:\/\/www.estrategiaconcursos.com.br\/blog\/#organization"}},{"@type":"WebPage","@id":"https:\/\/www.estrategiaconcursos.com.br\/blog\/intervencao-federal-estadual\/","url":"https:\/\/www.estrategiaconcursos.com.br\/blog\/intervencao-federal-estadual\/","name":"Interven\u00e7\u00e3o Federal e Estadual na Constitui\u00e7\u00e3o Brasileira","isPartOf":{"@id":"https:\/\/www.estrategiaconcursos.com.br\/blog\/#website"},"primaryImageOfPage":{"@id":"https:\/\/www.estrategiaconcursos.com.br\/blog\/intervencao-federal-estadual\/#primaryimage"},"image":{"@id":"https:\/\/www.estrategiaconcursos.com.br\/blog\/intervencao-federal-estadual\/#primaryimage"},"thumbnailUrl":"https:\/\/dhg1h5j42swfq.cloudfront.net\/2021\/03\/01212047\/cf.jpg","datePublished":"2021-04-10T14:16:00+00:00","dateModified":"2022-11-10T20:00:25+00:00","description":"Saiba aqui sobre a Interven\u00e7\u00e3o Federal e a Estadual. Conhe\u00e7a as hip\u00f3teses de incid\u00eancia na CF\/88 e os casos do Rio de Janeiro e de Roraima.","breadcrumb":{"@id":"https:\/\/www.estrategiaconcursos.com.br\/blog\/intervencao-federal-estadual\/#breadcrumb"},"inLanguage":"pt-BR","potentialAction":[{"@type":"ReadAction","target":["https:\/\/www.estrategiaconcursos.com.br\/blog\/intervencao-federal-estadual\/"]}]},{"@type":"ImageObject","inLanguage":"pt-BR","@id":"https:\/\/www.estrategiaconcursos.com.br\/blog\/intervencao-federal-estadual\/#primaryimage","url":"https:\/\/dhg1h5j42swfq.cloudfront.net\/2021\/03\/01212047\/cf.jpg","contentUrl":"https:\/\/dhg1h5j42swfq.cloudfront.net\/2021\/03\/01212047\/cf.jpg","width":645,"height":365,"caption":"cf"},{"@type":"BreadcrumbList","@id":"https:\/\/www.estrategiaconcursos.com.br\/blog\/intervencao-federal-estadual\/#breadcrumb","itemListElement":[{"@type":"ListItem","position":1,"name":"In\u00edcio","item":"https:\/\/www.estrategiaconcursos.com.br\/blog\/"},{"@type":"ListItem","position":2,"name":"Interven\u00e7\u00e3o Federal e Estadual na Constitui\u00e7\u00e3o Brasileira"}]},{"@type":"WebSite","@id":"https:\/\/www.estrategiaconcursos.com.br\/blog\/#website","url":"https:\/\/www.estrategiaconcursos.com.br\/blog\/","name":"Estrat\u00e9gia Concursos","description":"O blog da Estrat\u00e9gia Concursos traz not\u00edcias sobre concursos e artigos de professores oferecendo cursos para concursos (pdf + videaulas) no site.","publisher":{"@id":"https:\/\/www.estrategiaconcursos.com.br\/blog\/#organization"},"potentialAction":[{"@type":"SearchAction","target":{"@type":"EntryPoint","urlTemplate":"https:\/\/www.estrategiaconcursos.com.br\/blog\/?s={search_term_string}"},"query-input":{"@type":"PropertyValueSpecification","valueRequired":true,"valueName":"search_term_string"}}],"inLanguage":"pt-BR"},{"@type":"Organization","@id":"https:\/\/www.estrategiaconcursos.com.br\/blog\/#organization","name":"Estrat\u00e9gia Concursos","url":"https:\/\/www.estrategiaconcursos.com.br\/blog\/","logo":{"@type":"ImageObject","inLanguage":"pt-BR","@id":"https:\/\/www.estrategiaconcursos.com.br\/blog\/#\/schema\/logo\/image\/","url":"https:\/\/dhg1h5j42swfq.cloudfront.net\/2025\/06\/03203428\/logo_concursos-1.jpg","contentUrl":"https:\/\/dhg1h5j42swfq.cloudfront.net\/2025\/06\/03203428\/logo_concursos-1.jpg","width":230,"height":60,"caption":"Estrat\u00e9gia Concursos"},"image":{"@id":"https:\/\/www.estrategiaconcursos.com.br\/blog\/#\/schema\/logo\/image\/"},"sameAs":["https:\/\/x.com\/EstratConcursos"]},{"@type":"Person","@id":"https:\/\/www.estrategiaconcursos.com.br\/blog\/#\/schema\/person\/f0c830e07cfe11c231c0ea5dbb036df5","name":"Kassio Henrique Sobral Rocha","image":{"@type":"ImageObject","inLanguage":"pt-BR","@id":"https:\/\/secure.gravatar.com\/avatar\/d10350cbdad043facd8ec77a377f86f9026afee3348e463b04854fd4490ce759?s=96&d=mm&r=g","url":"https:\/\/secure.gravatar.com\/avatar\/d10350cbdad043facd8ec77a377f86f9026afee3348e463b04854fd4490ce759?s=96&d=mm&r=g","contentUrl":"https:\/\/secure.gravatar.com\/avatar\/d10350cbdad043facd8ec77a377f86f9026afee3348e463b04854fd4490ce759?s=96&d=mm&r=g","caption":"Kassio Henrique Sobral Rocha"},"url":"https:\/\/www.estrategiaconcursos.com.br\/blog\/author\/kassio-rochayahoo-com-br\/"}]}},"_links":{"self":[{"href":"https:\/\/www.estrategiaconcursos.com.br\/blog\/wp-json\/wp\/v2\/posts\/682736","targetHints":{"allow":["GET"]}}],"collection":[{"href":"https:\/\/www.estrategiaconcursos.com.br\/blog\/wp-json\/wp\/v2\/posts"}],"about":[{"href":"https:\/\/www.estrategiaconcursos.com.br\/blog\/wp-json\/wp\/v2\/types\/post"}],"author":[{"embeddable":true,"href":"https:\/\/www.estrategiaconcursos.com.br\/blog\/wp-json\/wp\/v2\/users\/1976"}],"replies":[{"embeddable":true,"href":"https:\/\/www.estrategiaconcursos.com.br\/blog\/wp-json\/wp\/v2\/comments?post=682736"}],"version-history":[{"count":109,"href":"https:\/\/www.estrategiaconcursos.com.br\/blog\/wp-json\/wp\/v2\/posts\/682736\/revisions"}],"predecessor-version":[{"id":1123387,"href":"https:\/\/www.estrategiaconcursos.com.br\/blog\/wp-json\/wp\/v2\/posts\/682736\/revisions\/1123387"}],"wp:featuredmedia":[{"embeddable":true,"href":"https:\/\/www.estrategiaconcursos.com.br\/blog\/wp-json\/wp\/v2\/media\/682741"}],"wp:attachment":[{"href":"https:\/\/www.estrategiaconcursos.com.br\/blog\/wp-json\/wp\/v2\/media?parent=682736"}],"wp:term":[{"taxonomy":"category","embeddable":true,"href":"https:\/\/www.estrategiaconcursos.com.br\/blog\/wp-json\/wp\/v2\/categories?post=682736"},{"taxonomy":"post_tag","embeddable":true,"href":"https:\/\/www.estrategiaconcursos.com.br\/blog\/wp-json\/wp\/v2\/tags?post=682736"},{"taxonomy":"tax_estado","embeddable":true,"href":"https:\/\/www.estrategiaconcursos.com.br\/blog\/wp-json\/wp\/v2\/tax_estado?post=682736"}],"curies":[{"name":"wp","href":"https:\/\/api.w.org\/{rel}","templated":true}]}}