{"id":68222,"date":"2017-04-01T09:00:14","date_gmt":"2017-04-01T12:00:14","guid":{"rendered":"https:\/\/www.estrategiaconcursos.com.br\/blog\/?p=68222"},"modified":"2017-06-12T12:36:57","modified_gmt":"2017-06-12T15:36:57","slug":"edital-tre-pr","status":"publish","type":"post","link":"https:\/\/www.estrategiaconcursos.com.br\/blog\/edital-tre-pr\/","title":{"rendered":"Edital TRE PR &#8211; Saiba tudo sobre o \u00faltimo concurso"},"content":{"rendered":"<h3 style=\"text-align: justify\">\n\tO edital TRE PR est&aacute; pr&oacute;ximo.<br \/>\n<\/h3>\n<p style=\"text-align: justify\">\n\t<img loading=\"lazy\" decoding=\"async\" alt=\"edital TRE PR\" class=\"size-full wp-image-56131 alignleft\" height=\"255\" src=\"https:\/\/dhg1h5j42swfq.cloudfront.net\/2016\/11\/26102644\/CONCURSO-TRE-PR.jpg\" style=\"width: 200px;height: 146px\" title=\"\" width=\"350\" srcset=\"https:\/\/dhg1h5j42swfq.cloudfront.net\/2016\/11\/26102644\/CONCURSO-TRE-PR.jpg 350w, https:\/\/dhg1h5j42swfq.cloudfront.net\/2016\/11\/26102644\/CONCURSO-TRE-PR.jpg 300w\" sizes=\"auto, (max-width: 350px) 100vw, 350px\" \/>\n<\/p>\n<p style=\"text-align: justify\">\n\t&nbsp;\n<\/p>\n<p style=\"text-align: justify\">\n\tO Tribunal Regional Eleitoral do Paran&aacute; divulgou no dia 22\/03\/2017, pelo Di&aacute;rio da Justi&ccedil;a Eletr&ocirc;nico, a forma&ccedil;&atilde;o de comiss&atilde;o respons&aacute;vel pela elabora&ccedil;&atilde;o e divulga&ccedil;&atilde;o do edital para os cargos de Analista Judici&aacute;rio&nbsp;e T&eacute;cnico Judici&aacute;rio.&nbsp;\n<\/p>\n<p style=\"text-align: justify\">\n\tO presidente do TRE PR, por meio da Portaria 155\/2017, definiu a composi&ccedil;&atilde;o da comiss&atilde;o com 6 servidores do &oacute;rg&atilde;o, sendo 4 Analistas Judici&aacute;rios e 2 T&eacute;cnicos Judici&aacute;rios. Vejam abaixo essa portaria.\n<\/p>\n<p style=\"text-align: justify\">\n\t<img loading=\"lazy\" decoding=\"async\" width=\"700\" height=\"283\" alt=\"edital TRE PR\" class=\"alignnone size-full wp-image-67802\" src=\"https:\/\/dhg1h5j42swfq.cloudfront.net\/2016\/11\/22134458\/Portaria-TRE-PR.png\" style=\"width: 700px;height: 283px\" srcset=\"https:\/\/dhg1h5j42swfq.cloudfront.net\/2016\/11\/22134458\/Portaria-TRE-PR.png 700w, https:\/\/dhg1h5j42swfq.cloudfront.net\/2016\/11\/22134458\/Portaria-TRE-PR.png 300w, https:\/\/dhg1h5j42swfq.cloudfront.net\/2016\/11\/22134458\/Portaria-TRE-PR.png 500w\" sizes=\"auto, (max-width: 700px) 100vw, 700px\" \/>\n<\/p>\n<p style=\"text-align: justify\">\n\t&nbsp;\n<\/p>\n<h3 style=\"text-align: justify\">\n\t&Uacute;ltimo edital TRE PR&nbsp;<br \/>\n<\/h3>\n<p style=\"text-align: justify\">\n\tO &uacute;ltimo concurso para o Tribunal Regional Eleitoral do Paran&aacute;&nbsp;ocorreu conforme o <a href=\"http:\/\/www.justicaeleitoral.jus.br\/arquivos\/tre-pr-concurso-2011-edital-01-2011\" target=\"_blank\">edital 1\/2011 TRE PR<\/a>. A banca desse concurso foi a Funda&ccedil;&atilde;o Carlos Chagas.&nbsp;\n<\/p>\n<p style=\"text-align: justify\">\n\t&nbsp;\n<\/p>\n<h3 style=\"text-align: justify\">\n\tValidade do concurso de 2011<br \/>\n<\/h3>\n<p style=\"text-align: justify\">\n\tSegundo informa&ccedil;&otilde;es divulgadas pelo TRE PR, o concurso de 2011 teve sua validade prorrogada e expirou em outubro de 2016.\n<\/p>\n<p style=\"text-align: justify\">\n\t&nbsp;\n<\/p>\n<h3 style=\"text-align: justify\">\n\tVagas<br \/>\n<\/h3>\n<p style=\"text-align: justify\">\n\tO edital TRE PR 2011 ofereceu de imediato 2 vagas (uma para analista e outro para t&eacute;cnico) e cadastro de reserva. Isso pode ser visto nos quadros abaixo.\n<\/p>\n<p style=\"text-align: center\">\n\t<img loading=\"lazy\" decoding=\"async\" alt=\"edital TRE PR\" class=\"size-full wp-image-68237 aligncenter\" height=\"295\" src=\"https:\/\/dhg1h5j42swfq.cloudfront.net\/2017\/03\/25083013\/Adinoel-TRE-PR-vagas-01.jpg\" style=\"width: 400px;height: 228px\" title=\"\" width=\"517\" srcset=\"https:\/\/dhg1h5j42swfq.cloudfront.net\/2017\/03\/25083013\/Adinoel-TRE-PR-vagas-01.jpg 517w, https:\/\/dhg1h5j42swfq.cloudfront.net\/2017\/03\/25083013\/Adinoel-TRE-PR-vagas-01.jpg 300w, https:\/\/dhg1h5j42swfq.cloudfront.net\/2017\/03\/25083013\/Adinoel-TRE-PR-vagas-01.jpg 500w\" sizes=\"auto, (max-width: 517px) 100vw, 517px\" \/>\n<\/p>\n<p style=\"text-align: center\">\n\t<img loading=\"lazy\" decoding=\"async\" alt=\"edital TRE PR\" class=\"size-full wp-image-68238 aligncenter\" height=\"144\" src=\"https:\/\/dhg1h5j42swfq.cloudfront.net\/2017\/03\/25083015\/Adinoel-TRE-PR-vagas-02.jpg\" style=\"width: 400px;height: 113px\" title=\"\" width=\"512\" srcset=\"https:\/\/dhg1h5j42swfq.cloudfront.net\/2017\/03\/25083015\/Adinoel-TRE-PR-vagas-02.jpg 512w, https:\/\/dhg1h5j42swfq.cloudfront.net\/2017\/03\/25083015\/Adinoel-TRE-PR-vagas-02.jpg 300w, https:\/\/dhg1h5j42swfq.cloudfront.net\/2017\/03\/25083015\/Adinoel-TRE-PR-vagas-02.jpg 500w\" sizes=\"auto, (max-width: 512px) 100vw, 512px\" \/>\n<\/p>\n<p style=\"text-align: justify\">\n\t&nbsp;\n<\/p>\n<h3 style=\"text-align: justify\">\n\tEscolaridade<br \/>\n<\/h3>\n<p style=\"text-align: justify\">\n\tO edital TRE PR 2011 exigiu as seguintes forma&ccedil;&otilde;es para os cargos do concurso:\n<\/p>\n<p style=\"text-align: justify;margin-left: 40px\">\n\t<strong>Analista Judici&aacute;rio &#8211; &Aacute;rea Judici&aacute;ria<\/strong>:&nbsp;Diploma de curso superior, em n&iacute;vel de gradua&ccedil;&atilde;o em Direito, devidamente&nbsp;registrado no Minist&eacute;rio da Educa&ccedil;&atilde;o.\n<\/p>\n<p style=\"text-align: justify;margin-left: 40px\">\n\t<strong>Analista Judici&aacute;rio &#8211; &Aacute;rea Administrativa<\/strong>: Diploma de curso superior, em n&iacute;vel de gradua&ccedil;&atilde;o, em qualquer curso, exceto&nbsp;a Licenciatura Curta, devidamente registrado no Minist&eacute;rio da Educa&ccedil;&atilde;o.\n<\/p>\n<p style=\"text-align: justify;margin-left: 40px\">\n\t<strong>Analista Judici&aacute;rio &#8211; &Aacute;rea Administrativa &#8211;&nbsp;Especialidade Contabilidade<\/strong>:&nbsp;Diploma de curso superior, em n&iacute;vel de gradua&ccedil;&atilde;o em Ci&ecirc;ncias Cont&aacute;beis,&nbsp;devidamente registrado no Minist&eacute;rio da Educa&ccedil;&atilde;o e registro no Conselho&nbsp;Regional da categoria.\n<\/p>\n<p style=\"text-align: justify;margin-left: 40px\">\n\t<strong>Analista Judici&aacute;rio &#8211; &Aacute;rea Apoio Especializado&nbsp;&#8211; Especialidade Biblioteconomia<\/strong>:&nbsp;Diploma de curso superior, em n&iacute;vel de gradua&ccedil;&atilde;o em Biblioteconomia,&nbsp;devidamente registrado no Minist&eacute;rio da Educa&ccedil;&atilde;o, e registro no Conselho&nbsp;Regional da categoria.\n<\/p>\n<p style=\"text-align: justify;margin-left: 40px\">\n\t<strong>Analista Judici&aacute;rio &#8211; &Aacute;rea Apoio Especializado&nbsp;&#8211; Especialidade Odontologia<\/strong>:&nbsp;Diploma de curso superior, em n&iacute;vel de gradua&ccedil;&atilde;o em Odontologia,&nbsp;devidamente registrado no Minist&eacute;rio da Educa&ccedil;&atilde;o, e registro no Conselho&nbsp;Regional da categoria.\n<\/p>\n<p style=\"text-align: justify;margin-left: 40px\">\n\t<strong>T&eacute;cnico Judici&aacute;rio &#8211; &Aacute;rea Administrativa<\/strong>:&nbsp;Certificado de conclus&atilde;o do ensino m&eacute;dio (antigo segundo grau) ou curso t&eacute;cnico&nbsp;equivalente, expedido por institui&ccedil;&atilde;o reconhecida pelo Minist&eacute;rio da Educa&ccedil;&atilde;o.\n<\/p>\n<p style=\"text-align: justify;margin-left: 40px\">\n\t<strong>T&eacute;cnico Judici&aacute;rio &#8211; &Aacute;rea Apoio Especializado&nbsp;&#8211; Especialidade Enfermagem<\/strong>:&nbsp;Certificado de conclus&atilde;o de ensino m&eacute;dio (antigo segundo grau), em conjunto&nbsp;com certificado de habilita&ccedil;&atilde;o em curso t&eacute;cnico de auxiliar de enfermagem e&nbsp;registro no Conselho Regional da categoria.\n<\/p>\n<p style=\"text-align: justify;margin-left: 40px\">\n\t&nbsp;\n<\/p>\n<h3 style=\"text-align: justify\">\n\tRequisitos b&aacute;sicos<br \/>\n<\/h3>\n<p style=\"text-align: justify\">\n\tO concurso TRE PR 2011 exigiu dos candidatos os seguintes requisitos b&aacute;sicos:\n<\/p>\n<p style=\"text-align: justify;margin-left: 40px\">\n\t-ser brasileiro nato ou naturalizado ou portugu&ecirc;s em condi&ccedil;&atilde;o de&nbsp;igualdade de direitos com os brasileiros;\n<\/p>\n<p style=\"text-align: justify;margin-left: 40px\">\n\t-ter idade m&iacute;nima de 18 (dezoito) anos completos;\n<\/p>\n<p style=\"text-align: justify;margin-left: 40px\">\n\t-gozar dos direitos pol&iacute;ticos;\n<\/p>\n<p style=\"text-align: justify;margin-left: 40px\">\n\t-estar em dia com as obriga&ccedil;&otilde;es eleitorais;\n<\/p>\n<p style=\"text-align: justify;margin-left: 40px\">\n\t-estar em dia com os deveres do Servi&ccedil;o Militar para os candidatos do sexo masculino;\n<\/p>\n<p style=\"text-align: justify;margin-left: 40px\">\n\t-possuir os documentos comprobat&oacute;rios da escolaridade;&nbsp;\n<\/p>\n<p style=\"text-align: justify;margin-left: 40px\">\n\t-ter aptid&atilde;o f&iacute;sica e mental para o exerc&iacute;cio das atribui&ccedil;&otilde;es do&nbsp;Cargo\/&Aacute;rea\/Especialidade;\n<\/p>\n<p style=\"text-align: justify;margin-left: 40px\">\n\t-n&atilde;o haver sofrido, no exerc&iacute;cio da fun&ccedil;&atilde;o p&uacute;blica, as penalidades&nbsp;previstas no Art. 137 e seu par&aacute;grafo &uacute;nico, da Lei n&ordm; 8.112\/1990;\n<\/p>\n<p style=\"text-align: justify;margin-left: 40px\">\n\t-n&atilde;o pertencer a diret&oacute;rio de partido pol&iacute;tico ou exercer qualquer&nbsp;atividade partid&aacute;ria (Art. 366, do C&oacute;digo Eleitoral);\n<\/p>\n<p style=\"text-align: justify;margin-left: 40px\">\n\t-n&atilde;o haver sido condenado em senten&ccedil;a criminal com tr&acirc;nsito em&nbsp;julgado que comine pena impeditiva do exerc&iacute;cio da fun&ccedil;&atilde;o p&uacute;blica,&nbsp;nos &uacute;ltimos cinco anos.\n<\/p>\n<p style=\"text-align: justify\">\n\t&nbsp;\n<\/p>\n<h3 style=\"text-align: justify\">\n\tJornada de trabalho<br \/>\n<\/h3>\n<p style=\"text-align: justify\">\n\tA jornada de trabalho para todos os cargos do concurso TRE PR 2011 era de 40 horas semanais.\n<\/p>\n<p style=\"text-align: justify\">\n\t&nbsp;\n<\/p>\n<h3 style=\"text-align: justify\">\n\tRemunera&ccedil;&atilde;o atual TRE PR<br \/>\n<\/h3>\n<p style=\"text-align: justify\">\n\tConforme a p&aacute;gina do TRE PR,&nbsp;Resolu&ccedil;&atilde;o CNJ 102\/2009 &#8211; Anexo III, as remunera&ccedil;&otilde;es iniciais desse tribunal s&atilde;o: &nbsp;\n<\/p>\n<p style=\"text-align: justify;margin-left: 40px\">\n\t<strong>Analista Judici&aacute;rio<\/strong> &#8211; vencimento b&aacute;sico inicial R$&nbsp;4.865,35 +&nbsp;Gratifica&ccedil;&atilde;o de Atividade Judici&aacute;ria (<em>GAJ<\/em>) R$&nbsp;5.254,58;&nbsp;\n<\/p>\n<p style=\"text-align: justify;margin-left: 40px\">\n\t<strong>T&eacute;cnico Judici&aacute;rio<\/strong> &#8211; vencimento b&aacute;sico inicial R$&nbsp;2.965,38&nbsp;+&nbsp;Gratifica&ccedil;&atilde;o de Atividade Judici&aacute;ria (<em>GAJ<\/em>) R$&nbsp;3.202,61.\n<\/p>\n<p style=\"text-align: justify\">\n\tAl&eacute;m desses valores h&aacute; outras vantagens que fazem a remunera&ccedil;&atilde;o inicial do analista ultrapassar os <strong>dez mil reais<\/strong> e a remunera&ccedil;&atilde;o inicial do t&eacute;cnico ultrapassar os <strong>seis mil reais<\/strong>. Confira na&nbsp;estrutura remunerat&oacute;ria do TRE PR, no link a seguir, que a remunera&ccedil;&atilde;o final do analista chega a mais de <span style=\"font-size:14px\"><strong>R$ 15.000,00<\/strong><\/span> e a do t&eacute;cnico a mais de <strong><span style=\"font-size:14px\">R$ 9.000,00<\/span><\/strong>.\n<\/p>\n<p style=\"text-align: center\">\n\t<a href=\"http:\/\/www.tre-pr.jus.br\/transparencia\/relatorios-cnj\/remuneracoes\/resolucao-cnj-102-2009-anexo-iii-a\" target=\"_blank\">Estrutura remunerat&oacute;ria atual do TRE PR<\/a>\n<\/p>\n<p style=\"text-align: justify\">\n\t&nbsp;\n<\/p>\n<h3 style=\"text-align: justify\">\n\tProvas<br \/>\n<\/h3>\n<p style=\"text-align: justify\">\n\tO concurso TRE PR 2011 trouxe provas objetivas e provas discursivas. N&atilde;o houve prova de t&iacute;tulos.\n<\/p>\n<p style=\"text-align: justify\">\n\tAs provas objetivas solicitaram&nbsp;Conhecimentos B&aacute;sicos e de Conhecimentos Espec&iacute;ficos. Ainda neste artigo voc&ecirc; encontrar&aacute; informa&ccedil;&otilde;es detalhadas das disciplinas cobradas nesse concurso.\n<\/p>\n<p style=\"text-align: justify\">\n\t&nbsp;\n<\/p>\n<h3 style=\"text-align: justify\">\n\tProvas objetivas<br \/>\n<\/h3>\n<p style=\"text-align: justify\">\n\tSegundo o edital TRE PR 2011, para todos os Cargos\/&Aacute;reas\/Especialidades, as provas de Conhecimentos B&aacute;sicos e de Conhecimentos Espec&iacute;ficos constaram de quest&otilde;es objetivas de m&uacute;ltipla escolha (com cinco alternativas cada quest&atilde;o) e versaram sobre assuntos do Conte&uacute;do Program&aacute;tico constante do Edital.\n<\/p>\n<p style=\"text-align: justify\">\n\tAs Provas Objetivas de Conhecimentos B&aacute;sicos e de Conhecimentos Espec&iacute;ficos, de car&aacute;ter eliminat&oacute;rio e classificat&oacute;rio, avaliaram habilidades que iam al&eacute;m do mero conhecimento memorizado, abrangendo compreens&atilde;o, aplica&ccedil;&atilde;o dos conhecimentos, an&aacute;lise, s&iacute;ntese e avalia&ccedil;&atilde;o, valorizando a capacidade de racioc&iacute;nio.\n<\/p>\n<p style=\"text-align: justify\">\n\tCada item das provas objetivas poderia contemplar mais de um objeto de avalia&ccedil;&atilde;o.\n<\/p>\n<p style=\"text-align: justify\">\n\tOs conhecimentos foram avaliados em diferentes n&iacute;veis de complexidade.\n<\/p>\n<p style=\"text-align: justify\">\n\tAbaixo seguem quadros com as disciplinas cobradas nas provas objetivas.\n<\/p>\n<p style=\"text-align: justify\">\n\t<img loading=\"lazy\" decoding=\"async\" width=\"863\" height=\"330\" alt=\"edital TRE PR\" class=\"alignnone size-full wp-image-68246\" src=\"https:\/\/dhg1h5j42swfq.cloudfront.net\/2017\/03\/25095818\/Adinoel-TRE-PR-disciplinas-01.jpg\" style=\"width: 700px;height: 268px\" srcset=\"https:\/\/dhg1h5j42swfq.cloudfront.net\/2017\/03\/25095818\/Adinoel-TRE-PR-disciplinas-01.jpg 863w, https:\/\/dhg1h5j42swfq.cloudfront.net\/2017\/03\/25095818\/Adinoel-TRE-PR-disciplinas-01.jpg 300w, https:\/\/dhg1h5j42swfq.cloudfront.net\/2017\/03\/25095818\/Adinoel-TRE-PR-disciplinas-01.jpg 768w, https:\/\/dhg1h5j42swfq.cloudfront.net\/2017\/03\/25095818\/Adinoel-TRE-PR-disciplinas-01.jpg 500w\" sizes=\"auto, (max-width: 863px) 100vw, 863px\" \/>\n<\/p>\n<p style=\"text-align: justify\">\n\t<img loading=\"lazy\" decoding=\"async\" width=\"864\" height=\"129\" alt=\"edital TRE PR\" class=\"alignnone size-full wp-image-68247\" src=\"https:\/\/dhg1h5j42swfq.cloudfront.net\/2017\/03\/25095819\/Adinoel-TRE-PR-disciplinas-02.jpg\" style=\"width: 700px;height: 105px\" srcset=\"https:\/\/dhg1h5j42swfq.cloudfront.net\/2017\/03\/25095819\/Adinoel-TRE-PR-disciplinas-02.jpg 864w, https:\/\/dhg1h5j42swfq.cloudfront.net\/2017\/03\/25095819\/Adinoel-TRE-PR-disciplinas-02.jpg 300w, https:\/\/dhg1h5j42swfq.cloudfront.net\/2017\/03\/25095819\/Adinoel-TRE-PR-disciplinas-02.jpg 768w, https:\/\/dhg1h5j42swfq.cloudfront.net\/2017\/03\/25095819\/Adinoel-TRE-PR-disciplinas-02.jpg 500w\" sizes=\"auto, (max-width: 864px) 100vw, 864px\" \/>\n<\/p>\n<p style=\"text-align: justify\">\n\tAs provas de Conhecimentos B&aacute;sicos e de Conhecimentos Espec&iacute;ficos tiveram car&aacute;ter habilitat&oacute;rio e classificat&oacute;rio e foram avaliadas, cada uma, na escala de 0 (zero) a 10 (dez).\n<\/p>\n<p style=\"text-align: justify\">\n\tFoi considerado habilitado o candidato que obteve, simultaneamente, no m&iacute;nimo 60% de acerto na prova de Conhecimentos B&aacute;sicos e no m&iacute;nimo 60% de acerto na prova de Conhecimentos Espec&iacute;ficos.\n<\/p>\n<p style=\"text-align: justify\">\n\tOs candidatos n&atilde;o habilitados nas Provas Objetivas ser&atilde;o exclu&iacute;dos do Concurso.\n<\/p>\n<p style=\"text-align: justify\">\n\t&nbsp;\n<\/p>\n<h3 style=\"text-align: justify\">\n\tProvas discursivas<br \/>\n<\/h3>\n<p style=\"text-align: justify\">\n\tN&atilde;o houve prova discursiva para o cargo T&eacute;cnico Judici&aacute;rio. Conforme o edital TRE PR 2011, a prova discursiva para os candidatos aos cargos de Analista Judici&aacute;rio &#8211; &Aacute;rea Judici&aacute;ria, Analista Judici&aacute;rio &#8211; &Aacute;rea Administrativa, Analista Judici&aacute;rio &#8211; &Aacute;rea Administrativa &#8211; Especialidade Contabilidade e Analista Judici&aacute;rio &#8211; &Aacute;rea Apoio Especializado &#8211; Especialidade Biblioteconomia foi aplicada no mesmo dia e per&iacute;odo das Provas Objetivas de Conhecimentos B&aacute;sicos e de Conhecimentos Espec&iacute;ficos.\n<\/p>\n<p style=\"text-align: justify\">\n\tA prova discursiva &#8211; Reda&ccedil;&atilde;o versou sobre tema relacionado com as disciplinas de Conhecimentos Espec&iacute;ficos constante do Conte&uacute;do&nbsp;Program&aacute;tico para os respectivos cargos.\n<\/p>\n<p style=\"text-align: justify\">\n\tSomente foi corrigida a prova discursiva &#8211; Reda&ccedil;&atilde;o dos candidatos&nbsp;habilitados e mais bem classificados nas provas objetivas,&nbsp;no limite estabelecido a seguir, mais os empates na posi&ccedil;&atilde;o e&nbsp;todos os candidatos com defici&ecirc;ncia habilitados no Concurso.\n<\/p>\n<p style=\"text-align: justify;margin-left: 40px\">\n\t<strong>Analista Judici&aacute;rio &#8211; &Aacute;rea Judici&aacute;ria<\/strong> = 700&nbsp;Provas&nbsp;para Corre&ccedil;&atilde;o\n<\/p>\n<p style=\"text-align: justify;margin-left: 40px\">\n\t<strong>Analista Judici&aacute;rio &#8211; &Aacute;rea Administrativa<\/strong> = 200&nbsp;Provas&nbsp;para Corre&ccedil;&atilde;o\n<\/p>\n<p style=\"text-align: justify;margin-left: 40px\">\n\t<strong>Analista Judici&aacute;rio &#8211; &Aacute;rea Administrativa&nbsp;&#8211; Especialidade Contabilidade<\/strong> = 30&nbsp;Provas&nbsp;para Corre&ccedil;&atilde;o\n<\/p>\n<p style=\"text-align: justify;margin-left: 40px\">\n\t<strong>Analista Judici&aacute;rio &#8211; &Aacute;rea Apoio Especializado&nbsp;&#8211; Especialidade Biblioteconomia<\/strong> = 30&nbsp;Provas&nbsp;para Corre&ccedil;&atilde;o\n<\/p>\n<p style=\"text-align: justify\">\n\t&nbsp;\n<\/p>\n<h3 style=\"text-align: justify\">\n\tCandidatos nomeados no concurso TRE PR 2011<br \/>\n<\/h3>\n<p>\n\tApesar do edital TRE PR 2011 oferecer apenas 2 vagas imediatas e cadastro de reserva, foram nomeados nesse concurso<strong> mais de 60 analistas e mais de 215 t&eacute;cnicos<\/strong>.\n<\/p>\n<p style=\"text-align: justify\">\n\tVoc&ecirc; pode conferir essa informa&ccedil;&atilde;o na p&aacute;gina oficial do TRE PR no link a seguir:\n<\/p>\n<p style=\"text-align: center\">\n\t<a href=\"http:\/\/www.tre-pr.jus.br\/transparencia\/provimentos-e-vacancias\/provimentos-e-vacancias\" target=\"_blank\">Provimentos e desligamentos &#8211; TRE PR<\/a>\n<\/p>\n<p style=\"text-align: justify\">\n\t&nbsp;\n<\/p>\n<p style=\"text-align: justify\">\n\t&nbsp;\n<\/p>\n<p style=\"text-align: justify\">\n\t<img loading=\"lazy\" decoding=\"async\" width=\"1020\" height=\"616\" alt=\"edital TRE PR\" class=\"alignnone size-full wp-image-42649\" src=\"https:\/\/dhg1h5j42swfq.cloudfront.net\/2016\/05\/14113252\/novas-corujas-0621.png\" style=\"width: 200px;height: 121px\" srcset=\"https:\/\/dhg1h5j42swfq.cloudfront.net\/2016\/05\/14113252\/novas-corujas-0621.png 1020w, https:\/\/dhg1h5j42swfq.cloudfront.net\/2016\/05\/14113252\/novas-corujas-0621.png 300w, https:\/\/dhg1h5j42swfq.cloudfront.net\/2016\/05\/14113252\/novas-corujas-0621.png 768w, https:\/\/dhg1h5j42swfq.cloudfront.net\/2016\/05\/14113252\/novas-corujas-0621.png 497w\" sizes=\"auto, (max-width: 1020px) 100vw, 1020px\" \/>\n<\/p>\n<h3>\n\t<u><a href=\"https:\/\/www.estrategiaconcursos.com.br\/cursos\/concurso\/\" target=\"_blank\">Cursos p\/ Concurso<\/a><\/u><br \/>\n<\/h3>\n<p style=\"text-align: justify\">\n\tO Estrat&eacute;gia Concursos j&aacute; lan&ccedil;ou&nbsp;<a href=\"https:\/\/www.estrategiaconcursos.com.br\/cursosPorConcurso\/tre-pr\/\" target=\"_blank\">cursos focados no concurso TRE PR<\/a>. Nossos cursos cont&ecirc;m o conte&uacute;do completo que ser&aacute; cobrado na sua prova. S&atilde;o PDF&acute;s e videoaulas, al&eacute;m de um f&oacute;rum de d&uacute;vidas exclusivo na &aacute;rea do aluno para voc&ecirc; esclarecer pontos com seus professores. Confiamos tanto na qualidade da nossa equipe e dos nossos materiais que n&oacute;s temos uma pol&iacute;tica de satisfa&ccedil;&atilde;o garantida ou seu dinheiro de volta, em at&eacute; 30 dias e sem burocracia.&nbsp;Voc&ecirc; n&atilde;o tem nada a perder, conhe&ccedil;a nossos cursos!\n<\/p>\n<p>\n\t&nbsp;\n<\/p>\n<p style=\"text-align: justify\">\n\t&nbsp;\n<\/p>\n<p style=\"text-align: justify\">\n\t<img decoding=\"async\" alt=\"edital TRE PR\" class=\"alignnone size-full wp-image-60957\" src=\"https:\/\/www.estrategiaconcursos.com.br\/blog\/wp-content\/uploads\/2017\/01\/coruja-ficha-tecnica.png\" style=\"width: 200px;height: 68px\" \/>\n<\/p>\n<p>\n\t\u25ba&nbsp;<strong>Informa&ccedil;&otilde;es do Concurso Anterior<\/strong>\n<\/p>\n<p>\n\t&bull;&bull;&bull; ano:&nbsp;2011\n<\/p>\n<p>\n\t&bull;&bull;&bull; Edital:&nbsp;<a href=\"http:\/\/www.justicaeleitoral.jus.br\/arquivos\/tre-pr-concurso-2011-edital-01-2011\" target=\"_blank\">edital 1\/2011 TRE PR<\/a>\n<\/p>\n<p>\n\t&bull;&bull;&bull; Banca: <a href=\"http:\/\/www.concursosfcc.com.br\/\" target=\"_blank\">Funda&ccedil;&atilde;o Carlos Chagas<\/a>\n<\/p>\n<p>\n\t\u25ba<strong>&nbsp;Informa&ccedil;&otilde;es do Pr&oacute;ximo Concurso<\/strong>\n<\/p>\n<p>\n\t&bull;&bull;&bull; Data prevista: 2017\n<\/p>\n<p>\n\t&bull;&bull;&bull; Vagas: a definir\n<\/p>\n<p>\n\t&bull;&bull;&bull; Lota&ccedil;&otilde;es:&nbsp;Estado do Paran&aacute;\n<\/p>\n<p>\n\t&bull;&bull;&bull; Remunera&ccedil;&atilde;o inicial:\n<\/p>\n<p style=\"margin-left: 40px\">\n\t<strong>Analista Judici&aacute;rio<\/strong>&nbsp;&ndash; vencimento b&aacute;sico inicial R$&nbsp;4.865,35 +&nbsp;Gratifica&ccedil;&atilde;o de Atividade Judici&aacute;ria (<em>GAJ<\/em>) R$&nbsp;5.254,58;&nbsp;\n<\/p>\n<p style=\"margin-left: 40px\">\n\t<strong>T&eacute;cnico Judici&aacute;rio<\/strong>&nbsp;&ndash; vencimento b&aacute;sico inicial R$&nbsp;2.965,38&nbsp;+&nbsp;Gratifica&ccedil;&atilde;o de Atividade Judici&aacute;ria (<em>GAJ<\/em>) R$&nbsp;3.202,61.\n<\/p>\n<p>\n\t&bull;&bull;&bull; Banca: a definir\n<\/p>\n<p>\n\t&bull;&bull;&bull; Escolaridade: &nbsp;Analista Judici&aacute;rio ensino superior completo e T&eacute;cnico Judici&aacute;rio&nbsp;ensino m&eacute;dio\n<\/p>\n<p>\n\t&bull;&bull;&bull;&nbsp;<a href=\"https:\/\/www.estrategiaconcursos.com.br\/cursosPorConcurso\/tre-pr\/\" target=\"_blank\">Cursos para Concursos&nbsp;TRE PR<\/a>\n<\/p>\n<p style=\"text-align: justify\">\n\t&nbsp;\n<\/p>\n<h3 style=\"text-align: justify\">\n\tDisciplinas detalhadas<br \/>\n<\/h3>\n<p style=\"text-align: justify\">\n\tAdiante, voc&ecirc; tem de forma detalhada&nbsp;as disciplinas cobradas no edital TRE PR 2011. As disciplinas est&atilde;o descritas abaixo, conforme constam no edital.\n<\/p>\n<p style=\"text-align: justify\">\n\t&nbsp;\n<\/p>\n<h3>\n\t<strong>Cargo: ANALISTAS JUDICI&Aacute;RIOS<\/strong><br \/>\n<\/h3>\n<h4 style=\"text-align: justify\">\n\t<strong>Conhecimentos B&aacute;sicos (para todos os cargos)<\/strong><br \/>\n<\/h4>\n<p style=\"text-align: justify;margin-left: 40px\">\n\t<strong>&bull;&bull; Portugu&ecirc;s<\/strong>\n<\/p>\n<p style=\"text-align: justify;margin-left: 40px\">\n\tOrtografia oficial.\n<\/p>\n<p style=\"text-align: justify;margin-left: 40px\">\n\tAcentua&ccedil;&atilde;o gr&aacute;fica.\n<\/p>\n<p style=\"text-align: justify;margin-left: 40px\">\n\tFlex&atilde;o nominal e verbal.\n<\/p>\n<p style=\"text-align: justify;margin-left: 40px\">\n\tPronomes: emprego, formas de tratamento e coloca&ccedil;&atilde;o.\n<\/p>\n<p style=\"text-align: justify;margin-left: 40px\">\n\tEmprego de tempos e modos verbais.\n<\/p>\n<p style=\"text-align: justify;margin-left: 40px\">\n\tVozes do verbo.\n<\/p>\n<p style=\"text-align: justify;margin-left: 40px\">\n\tConcord&acirc;ncia nominal e verbal.\n<\/p>\n<p style=\"text-align: justify;margin-left: 40px\">\n\tReg&ecirc;ncia nominal e verbal.\n<\/p>\n<p style=\"text-align: justify;margin-left: 40px\">\n\tOcorr&ecirc;ncia de crase.\n<\/p>\n<p style=\"text-align: justify;margin-left: 40px\">\n\tPontua&ccedil;&atilde;o.\n<\/p>\n<p style=\"text-align: justify;margin-left: 40px\">\n\tReda&ccedil;&atilde;o (confronto e reconhecimento de frases corretas e incorretas).\n<\/p>\n<p style=\"text-align: justify;margin-left: 40px\">\n\tIntelec&ccedil;&atilde;o de texto.\n<\/p>\n<p style=\"text-align: justify;margin-left: 40px\">\n\t&nbsp;\n<\/p>\n<p style=\"text-align: justify;margin-left: 40px\">\n\t<strong>&bull;&bull; No&ccedil;&otilde;es de Inform&aacute;tica<\/strong>\n<\/p>\n<p style=\"text-align: justify;margin-left: 40px\">\n\tConceitos e modos de utiliza&ccedil;&atilde;o de aplicativos para edi&ccedil;&atilde;o de textos, planilhas e apresenta&ccedil;&otilde;es: ambiente Microsoft Office e BR 9 Office.\n<\/p>\n<p style=\"text-align: justify;margin-left: 40px\">\n\tSistemas operacionais: Windows XP.\n<\/p>\n<p style=\"text-align: justify;margin-left: 40px\">\n\tSoftware e hardware.\n<\/p>\n<p style=\"text-align: justify;margin-left: 40px\">\n\tConceitos b&aacute;sicos e modos de utiliza&ccedil;&atilde;o de tecnologias, ferramentas, aplicativos e procedimentos associados &agrave; Internet e intranet.\n<\/p>\n<p style=\"text-align: justify;margin-left: 40px\">\n\tInternet Explorer.\n<\/p>\n<p style=\"text-align: justify;margin-left: 40px\">\n\tCorreio eletr&ocirc;nico (webmail).\n<\/p>\n<p style=\"text-align: justify;margin-left: 40px\">\n\tC&oacute;pias de seguran&ccedil;a (backup).\n<\/p>\n<p style=\"text-align: justify;margin-left: 40px\">\n\tConceito, organiza&ccedil;&atilde;o e gerenciamento de informa&ccedil;&otilde;es, arquivos, pastas e programas. No&ccedil;&otilde;es b&aacute;sicas de armazenamento de dados.\n<\/p>\n<p style=\"text-align: justify\">\n\t&nbsp;\n<\/p>\n<h3 style=\"text-align: justify\">\n\t<strong>Cargo: ANALISTA JUDICI&Aacute;RIO &#8211; &Aacute;REA JUDICI&Aacute;RIA<\/strong><br \/>\n<\/h3>\n<h4 style=\"text-align: justify\">\n\t<strong>Conhecimentos Espec&iacute;ficos<\/strong><br \/>\n<\/h4>\n<p style=\"text-align: justify;margin-left: 40px\">\n\t&bull;&bull;&nbsp;<strong>Direito Constitucional<\/strong>\n<\/p>\n<p style=\"text-align: justify;margin-left: 40px\">\n\tConstitui&ccedil;&atilde;o: conceito, objeto e classifica&ccedil;&atilde;o; supremacia da Constitui&ccedil;&atilde;o; aplicabilidade das normas constitucionais; interpreta&ccedil;&atilde;o das normas constitucionais.\n<\/p>\n<p style=\"text-align: justify;margin-left: 40px\">\n\tControle de constitucionalidade.\n<\/p>\n<p style=\"text-align: justify;margin-left: 40px\">\n\tPrinc&iacute;pios fundamentais.\n<\/p>\n<p style=\"text-align: justify;margin-left: 40px\">\n\tDireitos e garantias fundamentais: direitos e deveres individuais e coletivos; nacionalidade; direitos pol&iacute;ticos; partidos pol&iacute;ticos.\n<\/p>\n<p style=\"text-align: justify;margin-left: 40px\">\n\t&nbsp;\n<\/p>\n<p style=\"text-align: justify;margin-left: 40px\">\n\t&bull;&bull;&nbsp;<strong>Administra&ccedil;&atilde;o P&uacute;blica<\/strong>\n<\/p>\n<p style=\"text-align: justify;margin-left: 40px\">\n\tDisposi&ccedil;&otilde;es gerais; servidores p&uacute;blicos. Organiza&ccedil;&atilde;o dos poderes:\n<\/p>\n<p style=\"text-align: justify;margin-left: 40px\">\n\tPoderes Legislativo e Executivo.\n<\/p>\n<p style=\"text-align: justify;margin-left: 40px\">\n\tPoder Judici&aacute;rio: disposi&ccedil;&otilde;es gerais; Supremo Tribunal Federal; Tribunal Superior Eleitoral, Tribunais Regionais Eleitorais e Ju&iacute;zes Eleitorais.\n<\/p>\n<p style=\"text-align: justify;margin-left: 40px\">\n\tFun&ccedil;&otilde;es essenciais &agrave; Justi&ccedil;a:&nbsp;Minist&eacute;rio P&uacute;blico; Advocacia P&uacute;blica; Advocacia e Defensoria P&uacute;blica.\n<\/p>\n<p style=\"text-align: justify;margin-left: 40px\">\n\tMandado de Seguran&ccedil;a.\n<\/p>\n<p style=\"text-align: justify;margin-left: 40px\">\n\t&nbsp;\n<\/p>\n<p style=\"text-align: justify;margin-left: 40px\">\n\t&bull;&bull;&nbsp;<strong>Direito Eleitoral<\/strong>\n<\/p>\n<p style=\"text-align: justify;margin-left: 40px\">\n\tC&oacute;digo Eleitoral (Lei n&ordm; 4.737\/65): Introdu&ccedil;&atilde;o (arts. 1&ordm; a 11, com as altera&ccedil;&otilde;es da Constitui&ccedil;&atilde;o da Rep&uacute;blica de 1988; das Leis n&ordm;s 6.091\/74 e 9.504\/97 e altera&ccedil;&otilde;es posteriores e da Resolu&ccedil;&atilde;o n&ordm; 21.538\/03\/TSE).\n<\/p>\n<p style=\"text-align: justify;margin-left: 40px\">\n\tComposi&ccedil;&atilde;o e Compet&ecirc;ncia dos &Oacute;rg&atilde;os da Justi&ccedil;a Eleitoral:\n<\/p>\n<p style=\"text-align: justify;margin-left: 40px\">\n\tTribunal Superior Eleitoral.\n<\/p>\n<p style=\"text-align: justify;margin-left: 40px\">\n\tTribunais Regionais Eleitorais.\n<\/p>\n<p style=\"text-align: justify;margin-left: 40px\">\n\tJu&iacute;zes Eleitorais.\n<\/p>\n<p style=\"text-align: justify;margin-left: 40px\">\n\tJuntas Eleitorais (arts. 12 a 41, com as altera&ccedil;&otilde;es da Constitui&ccedil;&atilde;o da Rep&uacute;blica de 1988; do Decreto-Lei Alistamento Eleitoral: Da Qualifica&ccedil;&atilde;o e Inscri&ccedil;&atilde;o (arts. 42 a 50, com as altera&ccedil;&otilde;es das Leis n&ordm;s 6.996\/82, 7.332\/85 e 8.868\/94 e da Resolu&ccedil;&atilde;o n&ordm; 21.538\/03\/TSE).\n<\/p>\n<p style=\"text-align: justify;margin-left: 40px\">\n\tDo Cancelamento e da exclus&atilde;o de eleitores (arts. 71 a 81).\n<\/p>\n<p style=\"text-align: justify;margin-left: 40px\">\n\tElei&ccedil;&otilde;es: Do Sistema Eleitoral (art. 82 a 86).\n<\/p>\n<p style=\"text-align: justify;margin-left: 40px\">\n\tDa Representa&ccedil;&atilde;o Proporcional.\n<\/p>\n<p style=\"text-align: justify;margin-left: 40px\">\n\tDas Mesas Receptoras.\n<\/p>\n<p style=\"text-align: justify;margin-left: 40px\">\n\tDos Diplomas.\n<\/p>\n<p style=\"text-align: justify;margin-left: 40px\">\n\tDas Nulidades da Vota&ccedil;&atilde;o.\n<\/p>\n<p style=\"text-align: justify;margin-left: 40px\">\n\tDas Garantias Eleitorais (com as altera&ccedil;&otilde;es da Constitui&ccedil;&atilde;o da Rep&uacute;blica de 1988; da Lei Complementar n&ordm; 64\/90 e da Lei n&ordm; 9.504\/97 e altera&ccedil;&otilde;es posteriores).\n<\/p>\n<p style=\"text-align: justify;margin-left: 40px\">\n\tRecursos (arts. 257 a 282, com as altera&ccedil;&otilde;es das Leis n&ordm;s 4.961\/66 e 9.840\/99). Disposi&ccedil;&otilde;es Penais: Disposi&ccedil;&otilde;es Preliminares.\n<\/p>\n<p style=\"text-align: justify;margin-left: 40px\">\n\tDos Crimes Eleitorais.\n<\/p>\n<p style=\"text-align: justify;margin-left: 40px\">\n\tDos Processos das Infra&ccedil;&otilde;es (arts. 283 a 364, com as altera&ccedil;&otilde;es das Leis n&ordm;s 9.504\/97 e 10.732\/03).\n<\/p>\n<p style=\"text-align: justify;margin-left: 40px\">\n\tA&ccedil;&atilde;o de Impugna&ccedil;&atilde;o de Mandato Eletivo (art. 14, &sect;&sect; 10 e 11 da Constitui&ccedil;&atilde;o da Rep&uacute;blica de 1988).\n<\/p>\n<p style=\"text-align: justify;margin-left: 40px\">\n\tResolu&ccedil;&atilde;o n&ordm; 21.538\/03\/TSE: Do Alistamento.\n<\/p>\n<p style=\"text-align: justify;margin-left: 40px\">\n\tDa Transfer&ecirc;ncia.\n<\/p>\n<p style=\"text-align: justify;margin-left: 40px\">\n\tDa Segunda Via.\n<\/p>\n<p style=\"text-align: justify;margin-left: 40px\">\n\tDo Restabelecimento de Inscri&ccedil;&atilde;o Cancelada por Equ&iacute;voco.\n<\/p>\n<p style=\"text-align: justify;margin-left: 40px\">\n\tDo Formul&aacute;rio de Atualiza&ccedil;&atilde;o da Situa&ccedil;&atilde;o do Eleitor.\n<\/p>\n<p style=\"text-align: justify;margin-left: 40px\">\n\tDo T&iacute;tulo Eleitoral.\n<\/p>\n<p style=\"text-align: justify;margin-left: 40px\">\n\tDo Acesso &agrave;s Informa&ccedil;&otilde;es Constantes do Cadastro.\n<\/p>\n<p style=\"text-align: justify;margin-left: 40px\">\n\tDa Hip&oacute;tese do Il&iacute;cito Penal.\n<\/p>\n<p style=\"text-align: justify;margin-left: 40px\">\n\tDa Restri&ccedil;&atilde;o de Direitos Pol&iacute;ticos.\n<\/p>\n<p style=\"text-align: justify;margin-left: 40px\">\n\tDa Revis&atilde;o do Eleitorado.\n<\/p>\n<p style=\"text-align: justify;margin-left: 40px\">\n\tDa Justifica&ccedil;&atilde;o do N&atilde;o-Comparecimento &agrave; Elei&ccedil;&atilde;o (com a altera&ccedil;&atilde;o do Ac&oacute;rd&atilde;o n&ordm; 649\/TSE, de 15\/2\/2005, publicado no Di&aacute;rio do Judici&aacute;rio de 18\/03\/2005).\n<\/p>\n<p style=\"text-align: justify;margin-left: 40px\">\n\tLei das Inelegibilidades: Lei Complementar n&ordm; 64\/90 (arts. 1&ordm; a 28, com a altera&ccedil;&atilde;o da Lei Complementar n&deg; 81\/94).\n<\/p>\n<p style=\"text-align: justify;margin-left: 40px\">\n\tLei n&ordm; 9.504\/97 e altera&ccedil;&otilde;es posteriores-Lei das Elei&ccedil;&otilde;es: Das Condutas Vedadas aos Agentes P&uacute;blicos em Campanhas Eleitorais.\n<\/p>\n<p style=\"text-align: justify;margin-left: 40px\">\n\tDisposi&ccedil;&otilde;es Finais. Lei n&ordm; 9.096\/95-Lei Org&acirc;nica dos Partidos Pol&iacute;ticos: Disposi&ccedil;&otilde;es Preliminares.\n<\/p>\n<p style=\"text-align: justify;margin-left: 40px\">\n\tDa Cria&ccedil;&atilde;o e do Registro dos Partidos Pol&iacute;ticos (com a altera&ccedil;&atilde;o da Lei n&ordm; 9.259\/96).\n<\/p>\n<p style=\"text-align: justify;margin-left: 40px\">\n\tDa Filia&ccedil;&atilde;o Partid&aacute;ria (com a altera&ccedil;&atilde;o da Lei 9.504\/97.\n<\/p>\n<p style=\"text-align: justify;margin-left: 40px\">\n\tDa Presta&ccedil;&atilde;o de Contas.\n<\/p>\n<p style=\"text-align: justify;margin-left: 40px\">\n\tDo Fundo Partid&aacute;rio (com a altera&ccedil;&atilde;o da Lei 9.504\/97).\n<\/p>\n<p style=\"text-align: justify;margin-left: 40px\">\n\t&nbsp;\n<\/p>\n<p style=\"text-align: justify;margin-left: 40px\">\n\t&bull;&bull;&nbsp;<strong>Direito Administrativo<\/strong>\n<\/p>\n<p style=\"text-align: justify;margin-left: 40px\">\n\tAdministra&ccedil;&atilde;o P&uacute;blica.\n<\/p>\n<p style=\"text-align: justify;margin-left: 40px\">\n\tEstrutura administrativa: entidades pol&iacute;ticas e administrativas; &oacute;rg&atilde;os e agentes p&uacute;blicos. Atividade administrativa: conceito; natureza e fins; princ&iacute;pios b&aacute;sicos; poderes e deveres do administrador p&uacute;blico; o uso e o abuso de poder.\n<\/p>\n<p style=\"text-align: justify;margin-left: 40px\">\n\tPoderes Administrativos: vinculado; discricion&aacute;rio; hier&aacute;rquico; disciplinar; regulamentar; e de pol&iacute;cia.\n<\/p>\n<p style=\"text-align: justify;margin-left: 40px\">\n\tAtos Administrativos: conceito; requisitos; atributos. Licita&ccedil;&atilde;o: princ&iacute;pios, dispensa, inexigibilidade, modalidades e tipos.\n<\/p>\n<p style=\"text-align: justify;margin-left: 40px\">\n\tContratos Administrativos: conceito; caracter&iacute;sticas. Inexecu&ccedil;&atilde;o do contrato: causas justificadoras, consequ&ecirc;ncias.\n<\/p>\n<p style=\"text-align: justify;margin-left: 40px\">\n\tResponsabilidade civil do Estado: responsabilidade objetiva; repara&ccedil;&atilde;o do dano. Lei n&ordm; 8.429\/92 (Lei de improbidade administrativa).\n<\/p>\n<p style=\"text-align: justify;margin-left: 40px\">\n\t&nbsp;\n<\/p>\n<p style=\"text-align: justify;margin-left: 40px\">\n\t&bull;&bull;&nbsp;<strong>Direito Civil<\/strong>\n<\/p>\n<p style=\"text-align: justify;margin-left: 40px\">\n\tLei de Introdu&ccedil;&atilde;o &agrave;s Normas do Direito Brasileiro: vig&ecirc;ncia da lei; aplica&ccedil;&atilde;o da lei no tempo e no espa&ccedil;o; integra&ccedil;&atilde;o e interpreta&ccedil;&atilde;o.\n<\/p>\n<p style=\"text-align: justify;margin-left: 40px\">\n\tPessoas naturais e jur&iacute;dicas: personalidade; capacidade; direitos de personalidade.\n<\/p>\n<p style=\"text-align: justify;margin-left: 40px\">\n\tDomic&iacute;lio.\n<\/p>\n<p style=\"text-align: justify;margin-left: 40px\">\n\tFatos e atos jur&iacute;dicos.\n<\/p>\n<p style=\"text-align: justify;margin-left: 40px\">\n\tNeg&oacute;cios jur&iacute;dicos: requisitos; defeitos, modalidades, nulidade e anulabilidade.\n<\/p>\n<p style=\"text-align: justify;margin-left: 40px\">\n\tForma e prova dos atos jur&iacute;dicos.\n<\/p>\n<p style=\"text-align: justify;margin-left: 40px\">\n\tAtos il&iacute;citos.\n<\/p>\n<p style=\"text-align: justify;margin-left: 40px\">\n\tAbuso de direito.\n<\/p>\n<p style=\"text-align: justify;margin-left: 40px\">\n\tResponsabilidade civil.\n<\/p>\n<p style=\"text-align: justify;margin-left: 40px\">\n\tCaso fortuito e for&ccedil;a maior.\n<\/p>\n<p style=\"text-align: justify;margin-left: 40px\">\n\tPrescri&ccedil;&atilde;o e decad&ecirc;ncia.\n<\/p>\n<p style=\"text-align: justify;margin-left: 40px\">\n\tDos contratos (disposi&ccedil;&otilde;es gerais); Dos Alimentos, Da Uni&atilde;o Est&aacute;vel, Da Tutela e Da Curatela.\n<\/p>\n<p style=\"text-align: justify;margin-left: 40px\">\n\t&nbsp;\n<\/p>\n<p style=\"text-align: justify;margin-left: 40px\">\n\t&bull;&bull;&nbsp;<strong>Direito Processual Civil<\/strong>\n<\/p>\n<p style=\"text-align: justify;margin-left: 40px\">\n\tDa jurisdi&ccedil;&atilde;o: conceito; modalidades; poderes; princ&iacute;pios e &oacute;rg&atilde;os.\n<\/p>\n<p style=\"text-align: justify;margin-left: 40px\">\n\tDa a&ccedil;&atilde;o: conceito; natureza jur&iacute;dica; condi&ccedil;&otilde;es; classifica&ccedil;&atilde;o.\n<\/p>\n<p style=\"text-align: justify;margin-left: 40px\">\n\tCompet&ecirc;ncia: conceito; compet&ecirc;ncia territorial; objetiva e funcional; modifica&ccedil;&atilde;o e conflito; conex&atilde;o e contin&ecirc;ncia.\n<\/p>\n<p style=\"text-align: justify;margin-left: 40px\">\n\tProcesso e procedimento: natureza e princ&iacute;pios; forma&ccedil;&atilde;o; suspens&atilde;o e extin&ccedil;&atilde;o; pressupostos processuais; tipos de procedimentos.\n<\/p>\n<p style=\"text-align: justify;margin-left: 40px\">\n\tPrazos: conceito; classifica&ccedil;&atilde;o; princ&iacute;pios; contagem; preclus&atilde;o.\n<\/p>\n<p style=\"text-align: justify;margin-left: 40px\">\n\tSujeitos do processo: das partes e dos procuradores; do Juiz; do Minist&eacute;rio P&uacute;blico e dos Auxiliares da Justi&ccedil;a.\n<\/p>\n<p style=\"text-align: justify;margin-left: 40px\">\n\tAtos processuais.\n<\/p>\n<p style=\"text-align: justify;margin-left: 40px\">\n\tPeti&ccedil;&atilde;o inicial: conceito, requisitos.\n<\/p>\n<p style=\"text-align: justify;margin-left: 40px\">\n\tCita&ccedil;&atilde;o.\n<\/p>\n<p style=\"text-align: justify;margin-left: 40px\">\n\tResposta do r&eacute;u: contesta&ccedil;&atilde;o; exce&ccedil;&otilde;es; revelia.\n<\/p>\n<p style=\"text-align: justify;margin-left: 40px\">\n\tAudi&ecirc;ncia.\n<\/p>\n<p style=\"text-align: justify;margin-left: 40px\">\n\tSenten&ccedil;a: requisitos; publica&ccedil;&atilde;o.\n<\/p>\n<p style=\"text-align: justify;margin-left: 40px\">\n\tCoisa julgada: conceito; limites objetivos e subjetivos; coisa julgada formal e coisa julgada material.\n<\/p>\n<p style=\"text-align: justify;margin-left: 40px\">\n\tRecursos: conceito; fundamentos; princ&iacute;pios; pressupostos de admissibilidade; efeitos. Nulidades.\n<\/p>\n<p style=\"text-align: justify;margin-left: 40px\">\n\t&nbsp;\n<\/p>\n<p style=\"text-align: justify;margin-left: 40px\">\n\t&bull;&bull;&nbsp;<strong>Direito Penal<\/strong>\n<\/p>\n<p style=\"text-align: justify;margin-left: 40px\">\n\tAplica&ccedil;&atilde;o da lei penal: princ&iacute;pios da legalidade e da anterioridade; a lei penal no tempo e no espa&ccedil;o; o fato t&iacute;pico e seus elementos.\n<\/p>\n<p style=\"text-align: justify;margin-left: 40px\">\n\tCrime: consumado, tentado e imposs&iacute;vel; desist&ecirc;ncia volunt&aacute;ria e arrependimento eficaz; arrependimento posterior; crime doloso e culposo.\n<\/p>\n<p style=\"text-align: justify;margin-left: 40px\">\n\tImputabilidade penal: do concurso de pessoas; do concurso de crimes.\n<\/p>\n<p style=\"text-align: justify;margin-left: 40px\">\n\tPenas: esp&eacute;cies; efeitos da condena&ccedil;&atilde;o e da reabilita&ccedil;&atilde;o.\n<\/p>\n<p style=\"text-align: justify;margin-left: 40px\">\n\tA&ccedil;&atilde;o penal p&uacute;blica: extin&ccedil;&atilde;o da punibilidade.\n<\/p>\n<p style=\"text-align: justify;margin-left: 40px\">\n\tCrimes contra a Administra&ccedil;&atilde;o P&uacute;blica.\n<\/p>\n<p style=\"text-align: justify;margin-left: 40px\">\n\tCrimes de abuso de autoridade.\n<\/p>\n<p style=\"text-align: justify;margin-left: 40px\">\n\t&nbsp;\n<\/p>\n<p style=\"text-align: justify;margin-left: 40px\">\n\t&bull;&bull;&nbsp;<strong>Direito Processual Penal<\/strong>\n<\/p>\n<p style=\"text-align: justify;margin-left: 40px\">\n\tPrinc&iacute;pios gerais: aplica&ccedil;&atilde;o da lei processual no tempo, no espa&ccedil;o e em rela&ccedil;&atilde;o &agrave;s pessoas; sujeitos da rela&ccedil;&atilde;o processual.\n<\/p>\n<p style=\"text-align: justify;margin-left: 40px\">\n\tInqu&eacute;rito policial.\n<\/p>\n<p style=\"text-align: justify;margin-left: 40px\">\n\tA&ccedil;&atilde;o penal: conceito; condi&ccedil;&otilde;es; pressupostos processuais; a&ccedil;&atilde;o penal p&uacute;blica: titularidade, condi&ccedil;&otilde;es de procedibilidade; den&uacute;ncia: forma e conte&uacute;do, recebimento e rejei&ccedil;&atilde;o. Jurisdi&ccedil;&atilde;o: compet&ecirc;ncia-crit&eacute;rios de determina&ccedil;&atilde;o e modifica&ccedil;&atilde;o; incompet&ecirc;ncia: efeitos; das quest&otilde;es e processos incidentes.\n<\/p>\n<p style=\"text-align: justify;margin-left: 40px\">\n\tJuiz; Minist&eacute;rio P&uacute;blico; acusado; defensor; Assistentes e Auxiliares da Justi&ccedil;a.\n<\/p>\n<p style=\"text-align: justify;margin-left: 40px\">\n\tPris&atilde;o e liberdade provis&oacute;ria.\n<\/p>\n<p style=\"text-align: justify;margin-left: 40px\">\n\tCita&ccedil;&otilde;es e intima&ccedil;&otilde;es: forma, lugar e tempo.\n<\/p>\n<p style=\"text-align: justify;margin-left: 40px\">\n\tAtos das partes, dos ju&iacute;zes, dos auxiliares da justi&ccedil;a e de terceiros.\n<\/p>\n<p style=\"text-align: justify;margin-left: 40px\">\n\tPrazos: caracter&iacute;sticas, princ&iacute;pios e contagem.\n<\/p>\n<p style=\"text-align: justify;margin-left: 40px\">\n\tSenten&ccedil;a: conceito; requisitos; classifica&ccedil;&atilde;o; publica&ccedil;&atilde;o; intima&ccedil;&atilde;o; senten&ccedil;a absolut&oacute;ria: provid&ecirc;ncias e efeitos; senten&ccedil;a condenat&oacute;ria: fundamenta&ccedil;&atilde;o da pena e efeitos; da coisa julgada. (art. 89 da Lei n&ordm; 9.099\/1995).\n<\/p>\n<p style=\"text-align: justify;margin-left: 40px\">\n\tNulidades.\n<\/p>\n<p style=\"text-align: justify;margin-left: 40px\">\n\tHabeas-corpus.\n<\/p>\n<p style=\"text-align: justify;margin-left: 40px\">\n\tNormas Aplic&aacute;veis aos Servidores P&uacute;blicos Federais: Regime Jur&iacute;dico dos Servidores P&uacute;blicos Civis da Uni&atilde;o: Lei n&ordm; 8.112\/90 (e altera&ccedil;&otilde;es posteriores): provimento e vac&acirc;ncia; regime disciplinar.\n<\/p>\n<p style=\"text-align: justify;margin-left: 40px\">\n\tProcesso Administrativo Disciplinar (Lei n&ordm; 9.784\/99).\n<\/p>\n<p style=\"text-align: justify;margin-left: 40px\">\n\tRegimento Interno do Tribunal Regional Eleitoral do Paran&aacute;.\n<\/p>\n<p style=\"text-align: justify;margin-left: 40px\">\n\t&nbsp;\n<\/p>\n<p style=\"text-align: justify;margin-left: 40px\">\n\t&bull;&bull;&nbsp;<strong>No&ccedil;&otilde;es de Administra&ccedil;&atilde;o P&uacute;blica<\/strong>\n<\/p>\n<p style=\"text-align: justify;margin-left: 40px\">\n\tAdministra&ccedil;&atilde;o P&uacute;blica. Estrutura administrativa: entidades pol&iacute;ticas e administrativas; &oacute;rg&atilde;os e agentes p&uacute;blicos.\n<\/p>\n<p style=\"text-align: justify;margin-left: 40px\">\n\tAtividade administrativa: conceito; natureza e fins; princ&iacute;pios b&aacute;sicos; poderes e deveres do administrador p&uacute;blico; o uso e o abuso de poder.\n<\/p>\n<p style=\"text-align: justify;margin-left: 40px\">\n\tPoderes Administrativos: vinculado; discricion&aacute;rio; hier&aacute;rquico; disciplinar; regulamentar; e de pol&iacute;cia.\n<\/p>\n<p style=\"text-align: justify\">\n\t&nbsp;\n<\/p>\n<h3 style=\"text-align: justify\">\n\t<strong>Cargo: ANALISTA JUDICI&Aacute;RIO &#8211; &Aacute;REA ADMINISTRATIVA<\/strong><br \/>\n<\/h3>\n<h4 style=\"text-align: justify\">\n\t<strong>Conhecimentos Espec&iacute;ficos<\/strong><br \/>\n<\/h4>\n<p style=\"text-align: justify;margin-left: 40px\">\n\t<strong>&bull;&bull; Direito Constitucional<\/strong>\n<\/p>\n<p style=\"text-align: justify;margin-left: 40px\">\n\tConstitui&ccedil;&atilde;o: conceito, objeto e classifica&ccedil;&atilde;o; supremacia da Constitui&ccedil;&atilde;o; aplicabilidade das normas constitucionais; interpreta&ccedil;&atilde;o das normas constitucionais.\n<\/p>\n<p style=\"text-align: justify;margin-left: 40px\">\n\tPrinc&iacute;pios fundamentais.\n<\/p>\n<p style=\"text-align: justify;margin-left: 40px\">\n\tDireitos e garantias fundamentais: direitos e deveres individuais e coletivos; nacionalidade; direitos pol&iacute;ticos; partidos pol&iacute;ticos.\n<\/p>\n<p style=\"text-align: justify;margin-left: 40px\">\n\t<strong>&bull;&bull; Administra&ccedil;&atilde;o P&uacute;blica<\/strong>\n<\/p>\n<p style=\"text-align: justify;margin-left: 40px\">\n\tDisposi&ccedil;&otilde;es gerais; servidores p&uacute;blicos.\n<\/p>\n<p style=\"text-align: justify;margin-left: 40px\">\n\tOrganiza&ccedil;&atilde;o dos poderes: Poderes Legislativo e Executivo.\n<\/p>\n<p style=\"text-align: justify;margin-left: 40px\">\n\tPoder Judici&aacute;rio: disposi&ccedil;&otilde;es gerais; Supremo Tribunal Federal; Tribunal Superior Eleitoral, Tribunais Regionais Eleitorais e Ju&iacute;zes Eleitorais.\n<\/p>\n<p style=\"text-align: justify;margin-left: 40px\">\n\tFun&ccedil;&otilde;es essenciais &agrave; Justi&ccedil;a: Minist&eacute;rio P&uacute;blico; Advocacia P&uacute;blica; Advocacia e Defensoria P&uacute;blica.\n<\/p>\n<p style=\"text-align: justify;margin-left: 40px\">\n\tMandado de Seguran&ccedil;a.\n<\/p>\n<p style=\"text-align: justify;margin-left: 40px\">\n\t&nbsp;\n<\/p>\n<p style=\"text-align: justify;margin-left: 40px\">\n\t<strong>&bull;&bull; Direito Eleitoral<\/strong>\n<\/p>\n<p style=\"text-align: justify;margin-left: 40px\">\n\tC&oacute;digo Eleitoral (Lei n&ordm; 4.737\/65): Introdu&ccedil;&atilde;o (arts. 1&ordm; a 11, com as altera&ccedil;&otilde;es da Constitui&ccedil;&atilde;o da Rep&uacute;blica de 1988; das Leis n&ordm;s 6.091\/74 e 9.504\/97 e da Resolu&ccedil;&atilde;o n&ordm; 21.538\/03\/TSE).\n<\/p>\n<p style=\"text-align: justify;margin-left: 40px\">\n\tComposi&ccedil;&atilde;o e Compet&ecirc;ncia dos &Oacute;rg&atilde;os da Justi&ccedil;a Eleitoral: Tribunal Superior Eleitoral.\n<\/p>\n<p style=\"text-align: justify;margin-left: 40px\">\n\tTribunais Regionais Eleitorais.\n<\/p>\n<p style=\"text-align: justify;margin-left: 40px\">\n\tJu&iacute;zes Eleitorais.\n<\/p>\n<p style=\"text-align: justify;margin-left: 40px\">\n\tJuntas Eleitorais (arts. 12 a 41, com as altera&ccedil;&otilde;es da Constitui&ccedil;&atilde;o da Rep&uacute;blica de 1988; do Decreto-Lei n&ordm; 441\/69; da Lei Complementar n&ordm; 86\/96 e da Lei n&ordm; 9.504\/97 e altera&ccedil;&otilde;es&nbsp;posteriores).\n<\/p>\n<p style=\"text-align: justify;margin-left: 40px\">\n\tAlistamento Eleitoral: Da qualifica&ccedil;&atilde;o e inscri&ccedil;&atilde;o (arts. 42 a 50, com as altera&ccedil;&otilde;es das Leis n&ordm;s 6.996\/82, 7.332\/85, 8.868\/94 e da Resolu&ccedil;&atilde;o n&ordm; 21.538\/03\/TSE).\n<\/p>\n<p style=\"text-align: justify;margin-left: 40px\">\n\tDo cancelamento e da exclus&atilde;o de eleitores (arts. 71 a 81).\n<\/p>\n<p style=\"text-align: justify;margin-left: 40px\">\n\tElei&ccedil;&otilde;es: Do sistema eleitoral.\n<\/p>\n<p style=\"text-align: justify;margin-left: 40px\">\n\tDa representa&ccedil;&atilde;o proporcional. Lei n&ordm; 9.504\/97 e altera&ccedil;&otilde;es posteriores-Lei das Elei&ccedil;&otilde;es: Disposi&ccedil;&otilde;es gerais e coliga&ccedil;&otilde;es (arts.1&ordm; ao 9&ordm;).\n<\/p>\n<p style=\"text-align: justify;margin-left: 40px\">\n\tDo sistema eletr&ocirc;nico de vota&ccedil;&atilde;o e totaliza&ccedil;&atilde;o dos votos (com as altera&ccedil;&otilde;es da Lei n&ordm; 10.740\/03).\n<\/p>\n<p style=\"text-align: justify;margin-left: 40px\">\n\tLei n&ordm; 9.096\/95-Lei dos Partidos Pol&iacute;ticos: Disposi&ccedil;&otilde;es preliminares.\n<\/p>\n<p style=\"text-align: justify;margin-left: 40px\">\n\tDa cria&ccedil;&atilde;o e do registro dos partidos pol&iacute;ticos (com a altera&ccedil;&atilde;o da Lei n&ordm; 9.259\/96).\n<\/p>\n<p style=\"text-align: justify;margin-left: 40px\">\n\tDa filia&ccedil;&atilde;o partid&aacute;ria (com a altera&ccedil;&atilde;o da Lei n&ordm; 9.504\/97 e altera&ccedil;&otilde;es posteriores).\n<\/p>\n<p style=\"text-align: justify;margin-left: 40px\">\n\t&nbsp;\n<\/p>\n<p style=\"text-align: justify;margin-left: 40px\">\n\t<strong>&bull;&bull; Direito Administrativo<\/strong>\n<\/p>\n<p style=\"text-align: justify;margin-left: 40px\">\n\tAtos Administrativos: conceito; requisitos; atributos.\n<\/p>\n<p style=\"text-align: justify;margin-left: 40px\">\n\tLicita&ccedil;&atilde;o: princ&iacute;pios, dispensa, inexigibilidade, modalidades e tipos.\n<\/p>\n<p style=\"text-align: justify;margin-left: 40px\">\n\tContratos Administrativos: conceito; caracter&iacute;sticas. Inexecu&ccedil;&atilde;o do contrato: causas justificadoras, consequ&ecirc;ncias. Lei n&ordm; 8.429\/92 (Lei de improbidade administrativa).\n<\/p>\n<p style=\"text-align: justify;margin-left: 40px\">\n\tNormas Aplic&aacute;veis aos Servidores P&uacute;blicos Federais: Regime Jur&iacute;dico dos Servidores P&uacute;blicos Civis da Uni&atilde;o: Lei n&ordm; 8.112\/90 (e altera&ccedil;&otilde;es posteriores): provimento e vac&acirc;ncia; regime disciplinar.\n<\/p>\n<p style=\"text-align: justify;margin-left: 40px\">\n\tProcesso Administrativo Disciplinar (Lei n&ordm; 9.784\/99).\n<\/p>\n<p style=\"text-align: justify;margin-left: 40px\">\n\t&nbsp;\n<\/p>\n<p style=\"text-align: justify;margin-left: 40px\">\n\t<strong>&bull;&bull; Administra&ccedil;&atilde;o P&uacute;blica<\/strong>\n<\/p>\n<p style=\"text-align: justify;margin-left: 40px\">\n\tEstrutura administrativa: entidades pol&iacute;ticas e administrativas; &oacute;rg&atilde;os e agentes p&uacute;blicos. Atividade administrativa: conceito; natureza e fins; princ&iacute;pios b&aacute;sicos; poderes e deveres do administrador p&uacute;blico; o uso e o abuso de poder.\n<\/p>\n<p style=\"text-align: justify;margin-left: 40px\">\n\tPoderes Administrativos: vinculado; discricion&aacute;rio; hier&aacute;rquico; disciplinar; regulamentar; e de pol&iacute;cia.\n<\/p>\n<p style=\"text-align: justify;margin-left: 40px\">\n\t&nbsp;\n<\/p>\n<p style=\"text-align: justify;margin-left: 40px\">\n\t<strong>&bull;&bull; Administra&ccedil;&atilde;o Financeira e Or&ccedil;ament&aacute;ria<\/strong>\n<\/p>\n<p style=\"text-align: justify;margin-left: 40px\">\n\tOr&ccedil;amento P&uacute;blico: conceitos e princ&iacute;pios.\n<\/p>\n<p style=\"text-align: justify;margin-left: 40px\">\n\tOr&ccedil;amento-programa.\n<\/p>\n<p style=\"text-align: justify;margin-left: 40px\">\n\tCiclo Or&ccedil;ament&aacute;rio: elabora&ccedil;&atilde;o, aprova&ccedil;&atilde;o, execu&ccedil;&atilde;o e avalia&ccedil;&atilde;o.\n<\/p>\n<p style=\"text-align: justify;margin-left: 40px\">\n\tO Or&ccedil;amento na Constitui&ccedil;&atilde;o da Rep&uacute;blica de 1988.\n<\/p>\n<p style=\"text-align: justify;margin-left: 40px\">\n\tProcesso de Planejamento-Or&ccedil;amento: Plano Plurianual, Lei de Diretrizes Or&ccedil;ament&aacute;rias e Lei Or&ccedil;ament&aacute;ria Anual.\n<\/p>\n<p style=\"text-align: justify;margin-left: 40px\">\n\tConceitua&ccedil;&atilde;o, Classifica&ccedil;&atilde;o e Despesas P&uacute;blicas.\n<\/p>\n<p style=\"text-align: justify;margin-left: 40px\">\n\tRegime de Adiantamento (Suprimento de Fundos).\n<\/p>\n<p style=\"text-align: justify;margin-left: 40px\">\n\tRestos a Pagar.\n<\/p>\n<p style=\"text-align: justify;margin-left: 40px\">\n\tDespesas de Exerc&iacute;cios Anteriores.\n<\/p>\n<p style=\"text-align: justify;margin-left: 40px\">\n\tD&iacute;vida P&uacute;blica.\n<\/p>\n<p style=\"text-align: justify;margin-left: 40px\">\n\tCr&eacute;ditos adicionais.\n<\/p>\n<p style=\"text-align: justify;margin-left: 40px\">\n\tDescentraliza&ccedil;&atilde;o de Cr&eacute;ditos.\n<\/p>\n<p style=\"text-align: justify;margin-left: 40px\">\n\tLei n&ordm; 4.320\/64.\n<\/p>\n<p style=\"text-align: justify;margin-left: 40px\">\n\tDecreto n&ordm; 93.872\/86.\n<\/p>\n<p style=\"text-align: justify;margin-left: 40px\">\n\tDecreto-Lei n&ordm; 200\/67.\n<\/p>\n<p style=\"text-align: justify;margin-left: 40px\">\n\tCr&eacute;dito Especial.\n<\/p>\n<p style=\"text-align: justify;margin-left: 40px\">\n\tLei Complementar n&ordm; 101\/2000 (Lei de Responsabilidade Fiscal): defini&ccedil;&otilde;es, limites e controle das despesas com pessoal; restos a pagar e relat&oacute;rios de gest&atilde;o fiscal.\n<\/p>\n<p style=\"text-align: justify;margin-left: 40px\">\n\tRegimento Interno do Tribunal Regional Eleitoral do Paran&aacute;.\n<\/p>\n<p style=\"text-align: justify;margin-left: 40px\">\n\t&nbsp;\n<\/p>\n<p style=\"text-align: justify;margin-left: 40px\">\n\t<strong>&bull;&bull; No&ccedil;&otilde;es de Direito Civil<\/strong>\n<\/p>\n<p style=\"text-align: justify;margin-left: 40px\">\n\tDas pessoas: naturais e jur&iacute;dicas.\n<\/p>\n<p style=\"text-align: justify;margin-left: 40px\">\n\tDos bens: classifica&ccedil;&atilde;o adotada pelo C&oacute;digo Civil.\n<\/p>\n<p style=\"text-align: justify;margin-left: 40px\">\n\tDos atos jur&iacute;dicos.\n<\/p>\n<p style=\"text-align: justify;margin-left: 40px\">\n\tDos contratos (disposi&ccedil;&otilde;es gerais).\n<\/p>\n<p style=\"text-align: justify;margin-left: 40px\">\n\t&nbsp;\n<\/p>\n<p style=\"text-align: justify;margin-left: 40px\">\n\t<strong>&bull;&bull; No&ccedil;&otilde;es de Direito Processual Civil<\/strong>\n<\/p>\n<p style=\"text-align: justify;margin-left: 40px\">\n\tDos auxiliares da justi&ccedil;a.\n<\/p>\n<p style=\"text-align: justify;margin-left: 40px\">\n\tDo Diretor de Secretaria (escriv&atilde;o), do serventu&aacute;rio da justi&ccedil;a, do oficial de justi&ccedil;a, do perito\n<\/p>\n<p style=\"text-align: justify;margin-left: 40px\">\n\te do assistente t&eacute;cnico: fun&ccedil;&otilde;es, deveres e responsabilidades.\n<\/p>\n<p style=\"text-align: justify;margin-left: 40px\">\n\tDa forma, do tempo e do lugar dos atos processuais.\n<\/p>\n<p style=\"text-align: justify;margin-left: 40px\">\n\tDistribui&ccedil;&atilde;o e registro.\n<\/p>\n<p style=\"text-align: justify;margin-left: 40px\">\n\tPrazos processuais: disposi&ccedil;&otilde;es gerais, da verifica&ccedil;&atilde;o e das penalidades (pelo descumprimento).\n<\/p>\n<p style=\"text-align: justify;margin-left: 40px\">\n\tDo interc&acirc;mbio processual: da cita&ccedil;&atilde;o, da intima&ccedil;&atilde;o e da notifica&ccedil;&atilde;o (conceito, forma, requisitos e esp&eacute;cies).\n<\/p>\n<p style=\"text-align: justify;margin-left: 40px\">\n\tDas cartas: precat&oacute;ria, de ordem e rogat&oacute;ria.\n<\/p>\n<p style=\"text-align: justify;margin-left: 40px\">\n\tDo Juiz e do Minist&eacute;rio P&uacute;blico.\n<\/p>\n<p style=\"text-align: justify;margin-left: 40px\">\n\tDas partes e dos procuradores.\n<\/p>\n<p style=\"text-align: justify;margin-left: 40px\">\n\tCapacidade processual.\n<\/p>\n<p style=\"text-align: justify;margin-left: 40px\">\n\tDas despesas processuais.\n<\/p>\n<p style=\"text-align: justify;margin-left: 40px\">\n\tSuspei&ccedil;&atilde;o e impedimento.\n<\/p>\n<p style=\"text-align: justify;margin-left: 40px\">\n\tDas nulidades.\n<\/p>\n<p style=\"text-align: justify;margin-left: 40px\">\n\tDa compet&ecirc;ncia interna: territorial, funcional e em raz&atilde;o da mat&eacute;ria.\n<\/p>\n<p style=\"text-align: justify;margin-left: 40px\">\n\tDas modifica&ccedil;&otilde;es da compet&ecirc;ncia.\n<\/p>\n<p style=\"text-align: justify;margin-left: 40px\">\n\tDas provas: no&ccedil;&otilde;es fundamentais e esp&eacute;cies.\n<\/p>\n<p style=\"text-align: justify;margin-left: 40px\">\n\tTestemunhas e peritos: incapacidade, impedimento e suspei&ccedil;&atilde;o.\n<\/p>\n<p style=\"text-align: justify;margin-left: 40px\">\n\tDa audi&ecirc;ncia de concilia&ccedil;&atilde;o, instru&ccedil;&atilde;o e julgamento: fases do seu desenvolvimento e finalidade.\n<\/p>\n<p style=\"text-align: justify;margin-left: 40px\">\n\tDos despachos, das decis&otilde;es e das senten&ccedil;as: conceitos e requisitos.\n<\/p>\n<p style=\"text-align: justify;margin-left: 40px\">\n\tPreclus&atilde;o e coisa julgada.\n<\/p>\n<p style=\"text-align: justify;margin-left: 40px\">\n\tDo mandado de seguran&ccedil;a.\n<\/p>\n<p style=\"text-align: justify;margin-left: 40px\">\n\tDos recursos: no&ccedil;&otilde;es fundamentais, da apela&ccedil;&atilde;o, do agravo e dos embargos de declara&ccedil;&atilde;o.\n<\/p>\n<p style=\"text-align: justify;margin-left: 40px\">\n\t&nbsp;\n<\/p>\n<p style=\"text-align: justify;margin-left: 40px\">\n\t<strong>&bull;&bull; No&ccedil;&otilde;es de Direito Penal<\/strong>\n<\/p>\n<p style=\"text-align: justify;margin-left: 40px\">\n\tInfra&ccedil;&atilde;o penal: elementos, esp&eacute;cies.\n<\/p>\n<p style=\"text-align: justify;margin-left: 40px\">\n\tSujeito ativo e sujeito passivo da infra&ccedil;&atilde;o penal.\n<\/p>\n<p style=\"text-align: justify;margin-left: 40px\">\n\tTipicidade, ilicitude, culpabilidade, punibilidade.\n<\/p>\n<p style=\"text-align: justify;margin-left: 40px\">\n\tImputabilidade penal.\n<\/p>\n<p style=\"text-align: justify;margin-left: 40px\">\n\tCrimes contra o patrim&ocirc;nio.\n<\/p>\n<p style=\"text-align: justify;margin-left: 40px\">\n\tCrimes contra a administra&ccedil;&atilde;o p&uacute;blica.\n<\/p>\n<p style=\"text-align: justify;margin-left: 40px\">\n\tCrimes contra a ordem tribut&aacute;ria (Lei n&ordm; 8.137\/1990).\n<\/p>\n<p style=\"text-align: justify;margin-left: 40px\">\n\t&nbsp;\n<\/p>\n<p style=\"text-align: justify;margin-left: 40px\">\n\t<strong>&bull;&bull; No&ccedil;&otilde;es de Direito Processual Penal<\/strong>\n<\/p>\n<p style=\"text-align: justify;margin-left: 40px\">\n\tInqu&eacute;rito policial; notitia criminis.\n<\/p>\n<p style=\"text-align: justify;margin-left: 40px\">\n\tA&ccedil;&atilde;o penal: esp&eacute;cies.\n<\/p>\n<p style=\"text-align: justify;margin-left: 40px\">\n\tJurisdi&ccedil;&atilde;o; compet&ecirc;ncia.\n<\/p>\n<p style=\"text-align: justify;margin-left: 40px\">\n\tPris&atilde;o em flagrante.\n<\/p>\n<p style=\"text-align: justify;margin-left: 40px\">\n\tPris&atilde;o preventiva.\n<\/p>\n<p style=\"text-align: justify;margin-left: 40px\">\n\tPris&atilde;o tempor&aacute;ria (Lei n&ordm; 7.960\/1989).\n<\/p>\n<p style=\"text-align: justify;margin-left: 40px\">\n\tProcessos dos crimes de responsabilidade dos funcion&aacute;rios p&uacute;blicos.\n<\/p>\n<p style=\"text-align: justify;margin-left: 40px\">\n\tHabeas corpus.\n<\/p>\n<p style=\"text-align: justify\">\n\t&nbsp;\n<\/p>\n<h3 style=\"text-align: justify\">\n\t<strong>Cargo: ANALISTA JUDICI&Aacute;RIO &#8211; &Aacute;REA APOIO ESPECIALIZADO&nbsp;ESPECIALIDADE BIBLIOTECONOMIA<\/strong><br \/>\n<\/h3>\n<h4>\n\t<strong>Conhecimentos Espec&iacute;ficos<\/strong><br \/>\n<\/h4>\n<p style=\"text-align: justify;margin-left: 40px\">\n\tDocumenta&ccedil;&atilde;o: Conceitos b&aacute;sicos e finalidades da documenta&ccedil;&atilde;o.\n<\/p>\n<p style=\"text-align: justify;margin-left: 40px\">\n\tBiblioteconomia e ci&ecirc;ncia da informa&ccedil;&atilde;o: conceitos b&aacute;sicos e finalidades.\n<\/p>\n<p style=\"text-align: justify;margin-left: 40px\">\n\tBiblioteca e Sistemas de Informa&ccedil;&atilde;o Jur&iacute;dicos.\n<\/p>\n<p style=\"text-align: justify;margin-left: 40px\">\n\tNo&ccedil;&otilde;es de inform&aacute;tica para bibliotecas: dispositivos de mem&oacute;ria, de entrada e sa&iacute;da de dados.\n<\/p>\n<p style=\"text-align: justify;margin-left: 40px\">\n\tNormas t&eacute;cnicas para a &aacute;rea de documenta&ccedil;&atilde;o: refer&ecirc;ncia bibliogr&aacute;fica, resumos, abrevia&ccedil;&atilde;o de t&iacute;tulos de peri&oacute;dicos e publica&ccedil;&otilde;es seriadas, sum&aacute;rio, prepara&ccedil;&atilde;o de &iacute;ndices de publica&ccedil;&otilde;es, prepara&ccedil;&atilde;o de guias de bibliotecas, centros de informa&ccedil;&atilde;o e de documenta&ccedil;&atilde;o. Indexa&ccedil;&atilde;o: conceito, defini&ccedil;&atilde;o, linguagens de indexa&ccedil;&atilde;o, descritores, processos de indexa&ccedil;&atilde;o, tipos de indexa&ccedil;&atilde;o, crit&eacute;rios de avalia&ccedil;&atilde;o de efic&aacute;cia.\n<\/p>\n<p style=\"text-align: justify;margin-left: 40px\">\n\tResumos e &iacute;ndices: tipos, fun&ccedil;&otilde;es e metodologias para elabora&ccedil;&atilde;o.\n<\/p>\n<p style=\"text-align: justify;margin-left: 40px\">\n\tClassifica&ccedil;&atilde;o decimal universal (CDU): estrutura, princ&iacute;pios e &iacute;ndices principais e emprego das tabelas auxiliares.\n<\/p>\n<p style=\"text-align: justify;margin-left: 40px\">\n\tCataloga&ccedil;&atilde;o: Cataloga&ccedil;&atilde;o descritiva, entradas e cabe&ccedil;alhos; cataloga&ccedil;&atilde;o de diferentes tipos de materiais, incluindo multimeios e recursos eletr&ocirc;nicos.\n<\/p>\n<p style=\"text-align: justify;margin-left: 40px\">\n\tCat&aacute;logo: tipos e fun&ccedil;&otilde;es.\n<\/p>\n<p style=\"text-align: justify;margin-left: 40px\">\n\tOrganiza&ccedil;&atilde;o e administra&ccedil;&atilde;o de bibliotecas: princ&iacute;pios e fun&ccedil;&otilde;es administrativas em bibliotecas, estrutura organizacional, as grandes &aacute;reas funcionais da biblioteca, marketing; teorias de administra&ccedil;&atilde;o, administra&ccedil;&atilde;o de recursos humanos, f&iacute;sicos, financeiros e materiais; avalia&ccedil;&atilde;o de servi&ccedil;os; centros de documenta&ccedil;&atilde;o e servi&ccedil;os de informa&ccedil;&atilde;o: planejamento, redes e sistemas.\n<\/p>\n<p style=\"text-align: justify;margin-left: 40px\">\n\tDesenvolvimento de cole&ccedil;&otilde;es: Conceitos, pol&iacute;ticas de sele&ccedil;&atilde;o e de aquisi&ccedil;&atilde;o, censura, direito autoral, coopera&ccedil;&atilde;o inter-bibliotec&aacute;ria, desbastamento, avalia&ccedil;&atilde;o de cole&ccedil;&otilde;es.\n<\/p>\n<p style=\"text-align: justify;margin-left: 40px\">\n\tRecursos informacionais: tipologia de fontes bibliogr&aacute;ficas e de dados, fontes impressas e eletr&ocirc;nicas na &aacute;rea jur&iacute;dica: novas tecnologias na recupera&ccedil;&atilde;o da informa&ccedil;&atilde;o, bases de dados, bibliografias e cat&aacute;logos brasileiros e internacionais, dep&oacute;sito legal e controle bibliogr&aacute;fico, redes bibliogr&aacute;ficas e de informa&ccedil;&atilde;o brasileiras e estrangeiras, cat&aacute;logos coletivos.\n<\/p>\n<p style=\"text-align: justify;margin-left: 40px\">\n\tEstrutura e caracter&iacute;sticas das publica&ccedil;&otilde;es: DOU e DJ.\n<\/p>\n<p style=\"text-align: justify;margin-left: 40px\">\n\tServi&ccedil;o de refer&ecirc;ncia: organiza&ccedil;&atilde;o de servi&ccedil;os de notifica&ccedil;&atilde;o corrente (servi&ccedil;os de alerta), dissemina&ccedil;&atilde;o seletiva da informa&ccedil;&atilde;o (DSI): estrat&eacute;gia de busca de informa&ccedil;&atilde;o, planejamento e etapas de elabora&ccedil;&atilde;o, atendimento ao usu&aacute;rio.\n<\/p>\n<p style=\"text-align: justify;margin-left: 40px\">\n\tEstudo de usu&aacute;rio-entrevista.\n<\/p>\n<p style=\"text-align: justify;margin-left: 40px\">\n\tAutoma&ccedil;&atilde;o: formato de interc&acirc;mbio, formato US MARC, banco de dados, base de dados, planejamento da automa&ccedil;&atilde;o, principais sistemas de informa&ccedil;&atilde;o automatizados nacionais e internacionais.\n<\/p>\n<p style=\"text-align: justify\">\n\t&nbsp;\n<\/p>\n<h3>\n\t<strong>Cargo: ANALISTA JUDICI&Aacute;RIO &#8211; &Aacute;REA ADMINISTRATIVA &#8211; ESPECIALIDADE CONTABILIDADE<\/strong><br \/>\n<\/h3>\n<h4>\n\t<strong>Conhecimentos Espec&iacute;ficos<\/strong><br \/>\n<\/h4>\n<p style=\"text-align: justify;margin-left: 40px\">\n\t&bull;&bull;&nbsp;<strong>Contabilidade Geral<\/strong>\n<\/p>\n<p style=\"text-align: justify;margin-left: 40px\">\n\tConceito, objetivo, campo de aplica&ccedil;&atilde;o.\n<\/p>\n<p style=\"text-align: justify;margin-left: 40px\">\n\tEstrutura Conceitual para a Elabora&ccedil;&atilde;o e Apresenta&ccedil;&atilde;o das Demonstra&ccedil;&otilde;es Cont&aacute;beis-\n<\/p>\n<p style=\"text-align: justify;margin-left: 40px\">\n\tNBC T-1 Resolu&ccedil;&atilde;o CFC 1121\/ 2008.\n<\/p>\n<p style=\"text-align: justify;margin-left: 40px\">\n\tComposi&ccedil;&atilde;o, conceitos, estrutura e forma de avalia&ccedil;&atilde;o dos itens patrimoniais; Ativos, Passivos e Patrim&ocirc;nio L&iacute;quido.\n<\/p>\n<p style=\"text-align: justify;margin-left: 40px\">\n\tApura&ccedil;&atilde;o do Resultado de Exerc&iacute;cio.\n<\/p>\n<p style=\"text-align: justify;margin-left: 40px\">\n\tDemonstra&ccedil;&otilde;es cont&aacute;beis obrigat&oacute;rias: estrutura, conceitos, conte&uacute;dos e aplicabilidade de acordo com a Lei n&ordm; 11.638\/2007.\n<\/p>\n<p style=\"text-align: justify;margin-left: 40px\">\n\tAn&aacute;lise e interpreta&ccedil;&atilde;o de demonstrativos cont&aacute;beis (quocientes de liquidez e endividamento).\n<\/p>\n<p style=\"text-align: justify;margin-left: 40px\">\n\t&nbsp;\n<\/p>\n<p style=\"text-align: justify;margin-left: 40px\">\n\t&bull;&bull;&nbsp;<strong>Contabilidade P&uacute;blica<\/strong>\n<\/p>\n<p style=\"text-align: justify;margin-left: 40px\">\n\tConceito, divis&atilde;o e legisla&ccedil;&atilde;o.\n<\/p>\n<p style=\"text-align: justify;margin-left: 40px\">\n\tExerc&iacute;cio financeiro: defini&ccedil;&atilde;o, ano financeiro.\n<\/p>\n<p style=\"text-align: justify;margin-left: 40px\">\n\tRegimes cont&aacute;beis: de caixa, de compet&ecirc;ncia, misto.\n<\/p>\n<p style=\"text-align: justify;margin-left: 40px\">\n\tOpera&ccedil;&otilde;es or&ccedil;ament&aacute;rias: receitas e despesas efetivas e por muta&ccedil;&atilde;o patrimonial. Opera&ccedil;&otilde;es extra-or&ccedil;ament&aacute;rias: receitas e despesas extraor&ccedil;ament&aacute;rias.\n<\/p>\n<p style=\"text-align: justify;margin-left: 40px\">\n\tVaria&ccedil;&otilde;es patrimoniais.\n<\/p>\n<p style=\"text-align: justify;margin-left: 40px\">\n\tRestos a pagar.\n<\/p>\n<p style=\"text-align: justify;margin-left: 40px\">\n\tAuditoria no setor p&uacute;blico: princ&iacute;pios, normas, t&eacute;cnicas, procedimentos: relat&oacute;rio e pareceres.\n<\/p>\n<p style=\"text-align: justify;margin-left: 40px\">\n\tFinan&ccedil;as P&uacute;blicas e Or&ccedil;amento: Finan&ccedil;as p&uacute;blicas. Papel do Estado na Economia.\n<\/p>\n<p style=\"text-align: justify;margin-left: 40px\">\n\tO Estado Brasileiro e o Desenvolvimento Econ&ocirc;mico.\n<\/p>\n<p style=\"text-align: justify;margin-left: 40px\">\n\tTeoria do Gasto P&uacute;blico.\n<\/p>\n<p style=\"text-align: justify;margin-left: 40px\">\n\tReceita P&uacute;blica e Tributa&ccedil;&atilde;o.\n<\/p>\n<p style=\"text-align: justify;margin-left: 40px\">\n\tSistema tribut&aacute;rio nacional e federalismo fiscal.\n<\/p>\n<p style=\"text-align: justify;margin-left: 40px\">\n\tOr&ccedil;amento p&uacute;blico no Brasil.\n<\/p>\n<p style=\"text-align: justify;margin-left: 40px\">\n\tPol&iacute;ticas de estabiliza&ccedil;&atilde;o.\n<\/p>\n<p style=\"text-align: justify;margin-left: 40px\">\n\tLei Complementar n&ordm; 101, de 04\/05\/2000.\n<\/p>\n<p style=\"text-align: justify;margin-left: 40px\">\n\tLei Federal n&ordm; 4.320\/64.\n<\/p>\n<p style=\"text-align: justify;margin-left: 40px\">\n\tOr&ccedil;amento P&uacute;blico.\n<\/p>\n<p style=\"text-align: justify;margin-left: 40px\">\n\tConceito.\n<\/p>\n<p style=\"text-align: justify;margin-left: 40px\">\n\tPrinc&iacute;pios or&ccedil;ament&aacute;rios.\n<\/p>\n<p style=\"text-align: justify;margin-left: 40px\">\n\tOr&ccedil;amento-programa.\n<\/p>\n<p style=\"text-align: justify;margin-left: 40px\">\n\tProposta or&ccedil;ament&aacute;ria: elabora&ccedil;&atilde;o, discuss&atilde;o, vota&ccedil;&atilde;o e aprova&ccedil;&atilde;o.\n<\/p>\n<p style=\"text-align: justify;margin-left: 40px\">\n\tRegimes or&ccedil;ament&aacute;rios: compet&ecirc;ncia de exerc&iacute;cio e de caixa.\n<\/p>\n<p style=\"text-align: justify;margin-left: 40px\">\n\tOr&ccedil;amento anual, plano plurianual e diretrizes or&ccedil;ament&aacute;rias.\n<\/p>\n<p style=\"text-align: justify;margin-left: 40px\">\n\tReceita or&ccedil;ament&aacute;ria: classifica&ccedil;&atilde;o econ&ocirc;mica, est&aacute;gios (lan&ccedil;amento, arrecada&ccedil;&atilde;o e recolhimento), compet&ecirc;ncia tribut&aacute;ria e reparti&ccedil;&atilde;o das receitas tribut&aacute;rias.\n<\/p>\n<p style=\"text-align: justify;margin-left: 40px\">\n\tDespesa or&ccedil;ament&aacute;ria: classifica&ccedil;&atilde;o institucional, econ&ocirc;mica e funcional-program&aacute;tica, est&aacute;gios (empenho, liquida&ccedil;&atilde;o e pagamento).\n<\/p>\n<p style=\"text-align: justify;margin-left: 40px\">\n\tAdiantamento ou suprimento de fundos.\n<\/p>\n<p style=\"text-align: justify;margin-left: 40px\">\n\tCr&eacute;ditos adicionais: esp&eacute;cies e recursos para sua cobertura.\n<\/p>\n<p style=\"text-align: justify;margin-left: 40px\">\n\t&nbsp;\n<\/p>\n<p style=\"text-align: justify;margin-left: 40px\">\n\t&bull;&bull;&nbsp;<strong>Matem&aacute;tica Financeira<\/strong>\n<\/p>\n<p style=\"text-align: justify;margin-left: 40px\">\n\tJuros e descontos simples-conceitos b&aacute;sicos, taxas proporcionais, valor nominal, valor presente.\n<\/p>\n<p style=\"text-align: justify;margin-left: 40px\">\n\tJuros compostos-conceito, taxa equivalente, taxa efetiva, taxa nominal.\n<\/p>\n<p style=\"text-align: justify;margin-left: 40px\">\n\tDescontos compostos-conceito, desconto composto real, desconto composto banc&aacute;rio, valor presente, equival&ecirc;ncia de capitais.\n<\/p>\n<p style=\"text-align: justify;margin-left: 40px\">\n\tEmpr&eacute;stimos-c&aacute;lculo de valores presentes, c&aacute;lculo das presta&ccedil;&otilde;es, c&aacute;lculo dos montantes, planos de amortiza&ccedil;&atilde;o.\n<\/p>\n<p style=\"text-align: justify;margin-left: 40px\">\n\tInvestimentos fluxo de caixa, taxa de atratividade, taxa interna de retorno, valor presente l&iacute;quido, &iacute;ndice de lucratividade.\n<\/p>\n<p style=\"text-align: justify\">\n\t&nbsp;\n<\/p>\n<h3>\n\t<strong>Cargo: ANALISTA JUDICI&Aacute;RIO &#8211; &Aacute;REA APOIO ESPECIALIZADO &#8211;&nbsp;ESPECIALIDADE ODONTOLOGIA<\/strong><br \/>\n<\/h3>\n<h4>\n\t<strong>Conhecimentos Espec&iacute;ficos<\/strong><br \/>\n<\/h4>\n<p style=\"text-align: justify;margin-left: 40px\">\n\tDiagn&oacute;stico bucal.\n<\/p>\n<p style=\"text-align: justify;margin-left: 40px\">\n\tPatologia dos tecidos moles e duros da cavidade oral, c&aacute;rie, placa bacteriana e doen&ccedil;a periodontal.\n<\/p>\n<p style=\"text-align: justify;margin-left: 40px\">\n\tM&eacute;todos de preven&ccedil;&atilde;o da c&aacute;rie e da doen&ccedil;a periodontal.\n<\/p>\n<p style=\"text-align: justify;margin-left: 40px\">\n\tFl&uacute;or.\n<\/p>\n<p style=\"text-align: justify;margin-left: 40px\">\n\tT&eacute;cnicas de anestesia intra-oral.\n<\/p>\n<p style=\"text-align: justify;margin-left: 40px\">\n\tPrinc&iacute;pios b&aacute;sicos do atendimento em odontopediatria.\n<\/p>\n<p style=\"text-align: justify;margin-left: 40px\">\n\tProte&ccedil;&atilde;o do complexo dentinapolpa.\n<\/p>\n<p style=\"text-align: justify;margin-left: 40px\">\n\tMateriais restauradores.\n<\/p>\n<p style=\"text-align: justify;margin-left: 40px\">\n\tPrinc&iacute;pios gerais do preparo cavit&aacute;rio.\n<\/p>\n<p style=\"text-align: justify;margin-left: 40px\">\n\tCirurgia oral menor.\n<\/p>\n<p style=\"text-align: justify;margin-left: 40px\">\n\tEmerg&ecirc;ncias m&eacute;dicas em odontologia.\n<\/p>\n<p style=\"text-align: justify;margin-left: 40px\">\n\tEndodontia.\n<\/p>\n<p style=\"text-align: justify;margin-left: 40px\">\n\tMedica&ccedil;&atilde;o e antibioticoterapia sist&ecirc;mica.\n<\/p>\n<p style=\"text-align: justify;margin-left: 40px\">\n\tT&eacute;cnicas radiogr&aacute;ficas intra e extra-orais.\n<\/p>\n<p style=\"text-align: justify;margin-left: 40px\">\n\tEfeitos biol&oacute;gicos dos raios X e interpreta&ccedil;&otilde;es radiogr&aacute;ficas.\n<\/p>\n<p style=\"text-align: justify;margin-left: 40px\">\n\tTerap&ecirc;utica medicamentosa na rotina de tratamento das principais infec&ccedil;&otilde;es bucais e estruturas anexas.\n<\/p>\n<p style=\"text-align: justify;margin-left: 40px\">\n\tTerap&ecirc;utica de emerg&ecirc;ncia\/urg&ecirc;ncia em odontologia.\n<\/p>\n<p style=\"text-align: justify;margin-left: 40px\">\n\tBiosseguran&ccedil;a na pr&aacute;tica odontol&oacute;gica.\n<\/p>\n<p style=\"text-align: justify;margin-left: 40px\">\n\tHepatites virais.\n<\/p>\n<p style=\"text-align: justify;margin-left: 40px\">\n\tAIDS.\n<\/p>\n<p style=\"text-align: justify;margin-left: 40px\">\n\tImuniza&ccedil;&otilde;es.\n<\/p>\n<p style=\"text-align: justify;margin-left: 40px\">\n\tUso de barreiras protetoras.\n<\/p>\n<p style=\"text-align: justify;margin-left: 40px\">\n\tCuidados com instrumental, equipamentos e superf&iacute;cies.\n<\/p>\n<p style=\"text-align: justify;margin-left: 40px\">\n\tDescarte de lixo e de material perfuro-cortante.\n<\/p>\n<p style=\"text-align: justify;margin-left: 40px\">\n\tConduta frente a acidentes de trabalho.\n<\/p>\n<p style=\"text-align: justify;margin-left: 40px\">\n\tTraumatismos em dentes anteriores.\n<\/p>\n<p style=\"text-align: justify;margin-left: 40px\">\n\tExame cl&iacute;nico e radiogr&aacute;fico.\n<\/p>\n<p style=\"text-align: justify;margin-left: 40px\">\n\tClassifica&ccedil;&atilde;o.\n<\/p>\n<p style=\"text-align: justify;margin-left: 40px\">\n\tLes&otilde;es das estruturas dent&aacute;rias mineralizadas e da polpa.\n<\/p>\n<p style=\"text-align: justify;margin-left: 40px\">\n\tLes&otilde;es dos tecidos periodontais.\n<\/p>\n<p style=\"text-align: justify;margin-left: 40px\">\n\tDenti&ccedil;&atilde;o permanente-tratamento e diagn&oacute;stico.\n<\/p>\n<p style=\"text-align: justify;margin-left: 40px\">\n\tTrinca do esmalte.\n<\/p>\n<p style=\"text-align: justify;margin-left: 40px\">\n\tFratura n&atilde;o complicada da coroa.\n<\/p>\n<p style=\"text-align: justify;margin-left: 40px\">\n\tFratura complicada da coroa.\n<\/p>\n<p style=\"text-align: justify;margin-left: 40px\">\n\tFratura de coroa e raiz.\n<\/p>\n<p style=\"text-align: justify;margin-left: 40px\">\n\tConcuss&atilde;o.\n<\/p>\n<p style=\"text-align: justify;margin-left: 40px\">\n\tSubluxa&ccedil;&atilde;o.\n<\/p>\n<p style=\"text-align: justify;margin-left: 40px\">\n\tLuxa&ccedil;&atilde;o.\n<\/p>\n<p style=\"text-align: justify;margin-left: 40px\">\n\tAvuls&atilde;o Dent&aacute;ria.\n<\/p>\n<p style=\"text-align: justify;margin-left: 40px\">\n\tDenti&ccedil;&atilde;o dec&iacute;dua-tratamento e progn&oacute;stico.\n<\/p>\n<p style=\"text-align: justify;margin-left: 40px\">\n\tAtendimento ao Paciente de Risco.\n<\/p>\n<p style=\"text-align: justify;margin-left: 40px\">\n\tCardiopata e Hipertenso. Diab&eacute;tico.\n<\/p>\n<p style=\"text-align: justify;margin-left: 40px\">\n\tImuno-deprimido.\n<\/p>\n<p style=\"text-align: justify;margin-left: 40px\">\n\tSubmetido a radia&ccedil;&atilde;o ionizante e quimioter&aacute;picos.\n<\/p>\n<p style=\"text-align: justify;margin-left: 40px\">\n\tGestante.\n<\/p>\n<p style=\"text-align: justify;margin-left: 40px\">\n\tFisiopatologia da mastiga&ccedil;&atilde;o e A.T.M.\n<\/p>\n<p style=\"text-align: justify\">\n\t&nbsp;\n<\/p>\n<h3>\n\t<strong>Cargo:&nbsp;T&Eacute;CNICO JUDICI&Aacute;RIO &#8211; &Aacute;REA ADMINISTRATIVA<\/strong><br \/>\n<\/h3>\n<h4 style=\"text-align: justify\">\n\t<strong>Conhecimentos B&aacute;sicos<\/strong><br \/>\n<\/h4>\n<p style=\"text-align: justify;margin-left: 40px\">\n\t&bull;&bull;&nbsp;<strong>Portugu&ecirc;s<\/strong>\n<\/p>\n<p style=\"text-align: justify;margin-left: 40px\">\n\tOrtografia oficial.\n<\/p>\n<p style=\"text-align: justify;margin-left: 40px\">\n\tAcentua&ccedil;&atilde;o gr&aacute;fica.\n<\/p>\n<p style=\"text-align: justify;margin-left: 40px\">\n\tFlex&atilde;o nominal e verbal.\n<\/p>\n<p style=\"text-align: justify;margin-left: 40px\">\n\tPronomes: emprego, formas de tratamento e coloca&ccedil;&atilde;o.\n<\/p>\n<p style=\"text-align: justify;margin-left: 40px\">\n\tEmprego de tempos e modos verbais.\n<\/p>\n<p style=\"text-align: justify;margin-left: 40px\">\n\tVozes do verbo.\n<\/p>\n<p style=\"text-align: justify;margin-left: 40px\">\n\tConcord&acirc;ncia nominal e verbal.\n<\/p>\n<p style=\"text-align: justify;margin-left: 40px\">\n\tReg&ecirc;ncia nominal e verbal.\n<\/p>\n<p style=\"text-align: justify;margin-left: 40px\">\n\tOcorr&ecirc;ncia de crase.\n<\/p>\n<p style=\"text-align: justify;margin-left: 40px\">\n\tPontua&ccedil;&atilde;o.\n<\/p>\n<p style=\"text-align: justify;margin-left: 40px\">\n\tReda&ccedil;&atilde;o (confronto e reconhecimento de frases corretas e incorretas).\n<\/p>\n<p style=\"text-align: justify;margin-left: 40px\">\n\tIntelec&ccedil;&atilde;o de texto.\n<\/p>\n<p style=\"text-align: justify;margin-left: 40px\">\n\t&nbsp;\n<\/p>\n<p style=\"text-align: justify;margin-left: 40px\">\n\t&bull;&bull;&nbsp;<strong>No&ccedil;&otilde;es de Inform&aacute;tica<\/strong>\n<\/p>\n<p style=\"text-align: justify;margin-left: 40px\">\n\tConceitos e modos de utiliza&ccedil;&atilde;o de aplicativos para edi&ccedil;&atilde;o de textos, planilhas e apresenta&ccedil;&otilde;es: ambiente Microsoft Office e BR Office.\n<\/p>\n<p style=\"text-align: justify;margin-left: 40px\">\n\tSistemas operacionais: Windows XP.\n<\/p>\n<p style=\"text-align: justify;margin-left: 40px\">\n\tSoftware e hardware.\n<\/p>\n<p style=\"text-align: justify;margin-left: 40px\">\n\tConceitos b&aacute;sicos e modos de utiliza&ccedil;&atilde;o de tecnologias, ferramentas, aplicativos e procedimentos associados &agrave; Internet e intranet.\n<\/p>\n<p style=\"text-align: justify;margin-left: 40px\">\n\tInternet Explorer.\n<\/p>\n<p style=\"text-align: justify;margin-left: 40px\">\n\tCorreio eletr&ocirc;nico (webmail).\n<\/p>\n<p style=\"text-align: justify;margin-left: 40px\">\n\tC&oacute;pias de seguran&ccedil;a (backup).\n<\/p>\n<p style=\"text-align: justify;margin-left: 40px\">\n\tConceito, organiza&ccedil;&atilde;o e gerenciamento de informa&ccedil;&otilde;es, arquivos, pastas e programas. No&ccedil;&otilde;es b&aacute;sicas de armazenamento de dados.\n<\/p>\n<p style=\"text-align: justify;margin-left: 40px\">\n\t&nbsp;\n<\/p>\n<p style=\"text-align: justify;margin-left: 40px\">\n\t&bull;&bull;&nbsp;<strong>No&ccedil;&otilde;es de Arquivologia<\/strong>\n<\/p>\n<p style=\"text-align: justify;margin-left: 40px\">\n\tConceitos fundamentais de Arquivologia.\n<\/p>\n<p style=\"text-align: justify;margin-left: 40px\">\n\tO gerenciamento da informa&ccedil;&atilde;o e a gest&atilde;o de documentos: diagn&oacute;sticos; arquivos correntes e intermedi&aacute;rio; protocolos; avalia&ccedil;&atilde;o de documentos; arquivos permanentes.\n<\/p>\n<p style=\"text-align: justify;margin-left: 40px\">\n\tTipologias documentais e suportes f&iacute;sicos: microfilmagem; automa&ccedil;&atilde;o; preserva&ccedil;&atilde;o, conserva&ccedil;&atilde;o e restaura&ccedil;&atilde;o de documentos.\n<\/p>\n<p style=\"text-align: justify\">\n\t&nbsp;\n<\/p>\n<h4 style=\"text-align: justify\">\n\t<strong>CONHECIMENTOS ESPEC&Iacute;FICOS<\/strong><br \/>\n<\/h4>\n<p style=\"text-align: justify;margin-left: 40px\">\n\t&bull;&bull;&nbsp;<strong>No&ccedil;&otilde;es de Direito Constitucional<\/strong>\n<\/p>\n<p style=\"text-align: justify;margin-left: 40px\">\n\tPrinc&iacute;pios fundamentais.\n<\/p>\n<p style=\"text-align: justify;margin-left: 40px\">\n\tDireitos e garantias fundamentais: direitos e deveres individuais e coletivos; direitos pol&iacute;ticos.\n<\/p>\n<p style=\"text-align: justify;margin-left: 40px\">\n\tPoder Judici&aacute;rio: disposi&ccedil;&otilde;es gerais; Supremo Tribunal Federal, Tribunal\n<\/p>\n<p style=\"text-align: justify;margin-left: 40px\">\n\tSuperior Eleitoral, Tribunais Regionais Eleitorais e Ju&iacute;zes Eleitorais.\n<\/p>\n<p style=\"text-align: justify;margin-left: 40px\">\n\t&nbsp;\n<\/p>\n<p style=\"text-align: justify;margin-left: 40px\">\n\t&bull;&bull;&nbsp;<strong>No&ccedil;&otilde;es de Direito Eleitoral<\/strong>: C&oacute;digo Eleitoral (Lei n&ordm; 4.737\/65): Composi&ccedil;&atilde;o e\n<\/p>\n<p style=\"text-align: justify;margin-left: 40px\">\n\tCompet&ecirc;ncia dos &Oacute;rg&atilde;os da Justi&ccedil;a Eleitoral: Tribunal Superior Eleitoral.\n<\/p>\n<p style=\"text-align: justify;margin-left: 40px\">\n\tTribunais Regionais Eleitorais. Ju&iacute;zes Eleitorais.\n<\/p>\n<p style=\"text-align: justify;margin-left: 40px\">\n\t&nbsp;\n<\/p>\n<p style=\"text-align: justify;margin-left: 40px\">\n\t&bull;&bull;&nbsp;<strong>No&ccedil;&otilde;es de Direito Administrativo<\/strong>\n<\/p>\n<p style=\"text-align: justify;margin-left: 40px\">\n\tAtividade administrativa: conceito; natureza e fins; princ&iacute;pios b&aacute;sicos; poderes e deveres do administrador p&uacute;blico; o uso e o abuso de poder.\n<\/p>\n<p style=\"text-align: justify;margin-left: 40px\">\n\tAtos Administrativos: conceito; requisitos; atributos.\n<\/p>\n<p style=\"text-align: justify;margin-left: 40px\">\n\tLicita&ccedil;&atilde;o: princ&iacute;pios, dispensa e inexigibilidade; modalidades.\n<\/p>\n<p style=\"text-align: justify;margin-left: 40px\">\n\tLei n&ordm; 8.429\/92 (Lei de improbidade administrativa).\n<\/p>\n<p style=\"text-align: justify;margin-left: 40px\">\n\tNo&ccedil;&otilde;es das Normas Aplic&aacute;veis aos Servidores P&uacute;blicos Federais: Regime\n<\/p>\n<p style=\"text-align: justify;margin-left: 40px\">\n\tJur&iacute;dico dos Servidores P&uacute;blicos Civis da Uni&atilde;o: Lei n&ordm; 8.112\/90 (e altera&ccedil;&otilde;es posteriores): provimento e vac&acirc;ncia; regime disciplinar.\n<\/p>\n<p style=\"text-align: justify;margin-left: 40px\">\n\tProcesso Administrativo Disciplinar (Lei n&ordm; 9.784\/99).\n<\/p>\n<p style=\"text-align: justify;margin-left: 40px\">\n\tRegimento Interno do Tribunal Regional Eleitoral do Paran&aacute;.\n<\/p>\n<p style=\"text-align: justify\">\n\t&nbsp;\n<\/p>\n<h3>\n\t<strong>Cargo:&nbsp;T&Eacute;CNICO JUDICI&Aacute;RIO &#8211;&nbsp;&Aacute;REA APOIO ESPECIALIZADO &#8211; ESPECIALIDADE ENFERMAGEM<\/strong><br \/>\n<\/h3>\n<h4 style=\"text-align: justify\">\n\t<strong>Conhecimentos B&aacute;sicos<\/strong><br \/>\n<\/h4>\n<p style=\"text-align: justify;margin-left: 40px\">\n\t&bull;&bull;&nbsp;<strong>Portugu&ecirc;s<\/strong>\n<\/p>\n<p style=\"text-align: justify;margin-left: 40px\">\n\tOrtografia oficial.\n<\/p>\n<p style=\"text-align: justify;margin-left: 40px\">\n\tAcentua&ccedil;&atilde;o gr&aacute;fica.\n<\/p>\n<p style=\"text-align: justify;margin-left: 40px\">\n\tFlex&atilde;o nominal e verbal.\n<\/p>\n<p style=\"text-align: justify;margin-left: 40px\">\n\tPronomes: emprego, formas de tratamento e coloca&ccedil;&atilde;o.\n<\/p>\n<p style=\"text-align: justify;margin-left: 40px\">\n\tEmprego de tempos e modos verbais.\n<\/p>\n<p style=\"text-align: justify;margin-left: 40px\">\n\tVozes do verbo.\n<\/p>\n<p style=\"text-align: justify;margin-left: 40px\">\n\tConcord&acirc;ncia nominal e verbal.\n<\/p>\n<p style=\"text-align: justify;margin-left: 40px\">\n\tReg&ecirc;ncia nominal e verbal.\n<\/p>\n<p style=\"text-align: justify;margin-left: 40px\">\n\tOcorr&ecirc;ncia de crase.\n<\/p>\n<p style=\"text-align: justify;margin-left: 40px\">\n\tPontua&ccedil;&atilde;o.\n<\/p>\n<p style=\"text-align: justify;margin-left: 40px\">\n\tReda&ccedil;&atilde;o (confronto e reconhecimento de frases corretas e incorretas).\n<\/p>\n<p style=\"text-align: justify;margin-left: 40px\">\n\tIntelec&ccedil;&atilde;o de texto.\n<\/p>\n<p style=\"text-align: justify;margin-left: 40px\">\n\t&nbsp;\n<\/p>\n<p style=\"text-align: justify;margin-left: 40px\">\n\t&bull;&bull;&nbsp;<strong>No&ccedil;&otilde;es de Direito Administrativo<\/strong>\n<\/p>\n<p style=\"text-align: justify;margin-left: 40px\">\n\tAtividade administrativa: conceito; natureza e fins; princ&iacute;pios b&aacute;sicos; poderes e deveres do administrador p&uacute;blico; o uso e o abuso de poder.\n<\/p>\n<p style=\"text-align: justify;margin-left: 40px\">\n\tAtos Administrativos: conceito; requisitos; atributos.\n<\/p>\n<p style=\"text-align: justify;margin-left: 40px\">\n\tLicita&ccedil;&atilde;o: princ&iacute;pios, dispensa e inexigibilidade; modalidades.\n<\/p>\n<p style=\"text-align: justify;margin-left: 40px\">\n\tLei n&ordm; 8.429\/92 (Lei de improbidade administrativa).\n<\/p>\n<p style=\"text-align: justify;margin-left: 40px\">\n\t&nbsp;\n<\/p>\n<p style=\"text-align: justify;margin-left: 40px\">\n\t&bull;&bull;&nbsp;<strong>No&ccedil;&otilde;es de Direito Eleitoral<\/strong>\n<\/p>\n<p style=\"text-align: justify;margin-left: 40px\">\n\tC&oacute;digo Eleitoral (Lei n&ordm; 4.737\/65): Composi&ccedil;&atilde;o e\n<\/p>\n<p style=\"text-align: justify;margin-left: 40px\">\n\tCompet&ecirc;ncia dos &Oacute;rg&atilde;os da Justi&ccedil;a Eleitoral: Tribunal Superior Eleitoral.\n<\/p>\n<p style=\"text-align: justify;margin-left: 40px\">\n\tTribunais Regionais Eleitorais.\n<\/p>\n<p style=\"text-align: justify;margin-left: 40px\">\n\tJu&iacute;zes Eleitorais.\n<\/p>\n<p style=\"text-align: justify\">\n\t&nbsp;\n<\/p>\n<h4 style=\"text-align: justify\">\n\t<strong>CONHECIMENTOS ESPEC&Iacute;FICOS<\/strong><br \/>\n<\/h4>\n<p style=\"text-align: justify;margin-left: 40px\">\n\t&bull;&bull;&nbsp;<strong>&Eacute;tica profissional<\/strong>\n<\/p>\n<p style=\"text-align: justify;margin-left: 40px\">\n\tPrinc&iacute;pios b&aacute;sicos de &eacute;tica e rela&ccedil;&otilde;es humanas, humaniza&ccedil;&atilde;o na assist&ecirc;ncia.\n<\/p>\n<p style=\"text-align: justify;margin-left: 40px\">\n\tEntidades de Enfermagem-COFEN, COREN, ABEn.\n<\/p>\n<p style=\"text-align: justify;margin-left: 40px\">\n\tLegisla&ccedil;&atilde;o de enfermagem-direitos e deveres do Auxiliar de Enfermagem.\n<\/p>\n<p style=\"text-align: justify;margin-left: 40px\">\n\tBiosseguran&ccedil;a nas a&ccedil;&otilde;es de Enfermagem: assepsia, antissepsia, limpeza, desinfec&ccedil;&atilde;o, classifica&ccedil;&atilde;o de artigos e &aacute;reas hospitalares segundo risco potencial de infec&ccedil;&atilde;o, t&eacute;cnicas de isolamento e precau&ccedil;&otilde;es universais, procedimentos antimicrobianos, procedimentos para desinfec&ccedil;&atilde;o de artigos e &aacute;reas hospitalares, manuseio de material infectante, descarte de material p&eacute;rfuro-cortante.\n<\/p>\n<p style=\"text-align: justify;margin-left: 40px\">\n\tEsteriliza&ccedil;&atilde;o de material-esteriliza&ccedil;&atilde;o qu&iacute;mica e f&iacute;sica, indicadores de esteriliza&ccedil;&atilde;o f&iacute;sicos, qu&iacute;micos e biol&oacute;gicos, embalagem de material para esteriliza&ccedil;&atilde;o, estocagem de material esterilizado, atribui&ccedil;&otilde;es do auxiliar na CEMATE.\n<\/p>\n<p style=\"text-align: justify;margin-left: 40px\">\n\tFundamentos de Enfermagem: medidas antropom&eacute;tricas, sinais vitais, t&eacute;cnicas de curativos, administra&ccedil;&atilde;o de medica&ccedil;&atilde;o oral e parenteral, soroterapia, c&aacute;lculo de gotejamento, oxigenoterapia, nebuliza&ccedil;&atilde;o, quente e frio como agentes terap&ecirc;uticos.\n<\/p>\n<p style=\"text-align: justify;margin-left: 40px\">\n\tEnfermagem em m&eacute;dico-cir&uacute;rgico: cuidados de enfermagem nas diversas patologias. Cuidados gerais no pr&eacute; e no p&oacute;s-operat&oacute;rio, complica&ccedil;&otilde;es no p&oacute;soperat&oacute;rio.\n<\/p>\n<p style=\"text-align: justify;margin-left: 40px\">\n\tEnfermagem em emerg&ecirc;ncia: diferencia&ccedil;&atilde;o entre urg&ecirc;ncia e emerg&ecirc;ncia, monitoriza&ccedil;&atilde;o card&iacute;aca, organiza&ccedil;&atilde;o do servi&ccedil;o de urg&ecirc;ncia.\n<\/p>\n<p style=\"text-align: justify;margin-left: 40px\">\n\tAtribui&ccedil;&otilde;es do auxiliar de enfermagem na unidade de emerg&ecirc;ncia, suporte b&aacute;sico e avan&ccedil;ado de vida.\n<\/p>\n<p style=\"text-align: justify;margin-left: 40px\">\n\tPrincipais emerg&ecirc;ncias e cuidados de enfermagem.\n<\/p>\n<p style=\"text-align: justify;margin-left: 40px\">\n\tEnfermagem em doen&ccedil;as transmiss&iacute;veis: cuidados de enfermagem nas principais patologias transmiss&iacute;veis; DST; principais mecanismos de transmiss&atilde;o e preven&ccedil;&atilde;o.\n<\/p>\n<p style=\"text-align: justify\">\n\t&nbsp;\n<\/p>\n<p style=\"text-align: justify\">\n\t&nbsp;\n<\/p>\n<p style=\"text-align: justify\">\n\t&nbsp;<\/p>\n","protected":false},"excerpt":{"rendered":"<p>O edital TRE PR est&aacute; pr&oacute;ximo. &nbsp; O Tribunal Regional Eleitoral do Paran&aacute; divulgou no dia 22\/03\/2017, pelo Di&aacute;rio da Justi&ccedil;a Eletr&ocirc;nico, a forma&ccedil;&atilde;o de comiss&atilde;o respons&aacute;vel pela elabora&ccedil;&atilde;o e divulga&ccedil;&atilde;o do edital para os cargos de Analista Judici&aacute;rio&nbsp;e T&eacute;cnico Judici&aacute;rio.&nbsp; O presidente do TRE PR, por meio da Portaria 155\/2017, definiu a composi&ccedil;&atilde;o da [&hellip;]<\/p>\n","protected":false},"author":180,"featured_media":0,"comment_status":"open","ping_status":"open","sticky":false,"template":"","format":"standard","meta":{"post_tipo":"article","footnotes":""},"categories":[1,1984],"tags":[2305],"tax_estado":[],"class_list":["post-68222","post","type-post","status-publish","format-standard","hentry","category-cursos-e-concursos","category-tribunais","tag-tre-pr"],"acf":[],"yoast_head":"<!-- This site is optimized with the Yoast SEO Premium plugin v27.2 (Yoast SEO v27.2) - https:\/\/yoast.com\/product\/yoast-seo-premium-wordpress\/ -->\n<title>Edital TRE PR - Saiba tudo sobre o \u00faltimo concurso<\/title>\n<meta name=\"description\" content=\"Este artigo analisa o edital TRE PR 2011. Aqui voc\u00ea encontrar\u00e1 informa\u00e7\u00f5es sobre remunera\u00e7\u00e3o, disciplinas, comiss\u00e3o do concurso, etc.\" \/>\n<meta name=\"robots\" content=\"index, follow, max-snippet:-1, max-image-preview:large, max-video-preview:-1\" \/>\n<link rel=\"canonical\" href=\"https:\/\/www.estrategiaconcursos.com.br\/blog\/edital-tre-pr\/\" \/>\n<meta property=\"og:locale\" content=\"pt_BR\" \/>\n<meta property=\"og:type\" content=\"article\" \/>\n<meta property=\"og:title\" content=\"Edital TRE PR - Saiba tudo sobre o \u00faltimo concurso\" \/>\n<meta property=\"og:description\" content=\"Este artigo analisa o edital TRE PR 2011. Aqui voc\u00ea encontrar\u00e1 informa\u00e7\u00f5es sobre remunera\u00e7\u00e3o, disciplinas, comiss\u00e3o do concurso, etc.\" \/>\n<meta property=\"og:url\" content=\"https:\/\/www.estrategiaconcursos.com.br\/blog\/edital-tre-pr\/\" \/>\n<meta property=\"og:site_name\" content=\"Estrat\u00e9gia Concursos\" \/>\n<meta property=\"article:author\" content=\"https:\/\/www.facebook.com\/ricardo.s.torques\" \/>\n<meta property=\"article:published_time\" content=\"2017-04-01T12:00:14+00:00\" \/>\n<meta property=\"article:modified_time\" content=\"2017-06-12T15:36:57+00:00\" \/>\n<meta property=\"og:image\" content=\"https:\/\/www.estrategiaconcursos.com.br\/blog\/wp-content\/uploads\/2016\/11\/CONCURSO-TRE-PR.jpg\" \/>\n<meta name=\"author\" content=\"Ricardo Torques\" \/>\n<meta name=\"twitter:card\" content=\"summary_large_image\" \/>\n<meta name=\"twitter:creator\" content=\"@EstratConcursos\" \/>\n<meta name=\"twitter:site\" content=\"@EstratConcursos\" \/>\n<meta name=\"twitter:label1\" content=\"Escrito por\" \/>\n\t<meta name=\"twitter:data1\" content=\"Ricardo Torques\" \/>\n\t<meta name=\"twitter:label2\" content=\"Est. tempo de leitura\" \/>\n\t<meta name=\"twitter:data2\" content=\"38 minutos\" \/>\n<script type=\"application\/ld+json\" class=\"yoast-schema-graph\">{\"@context\":\"https:\/\/schema.org\",\"@graph\":[{\"@type\":\"NewsArticle\",\"@id\":\"https:\/\/www.estrategiaconcursos.com.br\/blog\/edital-tre-pr\/#article\",\"isPartOf\":{\"@id\":\"https:\/\/www.estrategiaconcursos.com.br\/blog\/edital-tre-pr\/\"},\"author\":{\"name\":\"Ricardo Torques\",\"@id\":\"https:\/\/www.estrategiaconcursos.com.br\/blog\/#\/schema\/person\/aa39cf5ddb518e5bdce27c35788405e2\"},\"headline\":\"Edital TRE PR &#8211; Saiba tudo sobre o \u00faltimo concurso\",\"datePublished\":\"2017-04-01T12:00:14+00:00\",\"dateModified\":\"2017-06-12T15:36:57+00:00\",\"mainEntityOfPage\":{\"@id\":\"https:\/\/www.estrategiaconcursos.com.br\/blog\/edital-tre-pr\/\"},\"wordCount\":7523,\"commentCount\":2,\"publisher\":{\"@id\":\"https:\/\/www.estrategiaconcursos.com.br\/blog\/#organization\"},\"image\":{\"@id\":\"https:\/\/www.estrategiaconcursos.com.br\/blog\/edital-tre-pr\/#primaryimage\"},\"thumbnailUrl\":\"https:\/\/www.estrategiaconcursos.com.br\/blog\/wp-content\/uploads\/2016\/11\/CONCURSO-TRE-PR.jpg\",\"keywords\":[\"TRE PR\"],\"articleSection\":[\"Concursos P\u00fablicos\",\"Tribunais\"],\"inLanguage\":\"pt-BR\",\"potentialAction\":[{\"@type\":\"CommentAction\",\"name\":\"Comment\",\"target\":[\"https:\/\/www.estrategiaconcursos.com.br\/blog\/edital-tre-pr\/#respond\"]}],\"copyrightYear\":\"2017\",\"copyrightHolder\":{\"@id\":\"https:\/\/www.estrategiaconcursos.com.br\/blog\/#organization\"}},{\"@type\":\"WebPage\",\"@id\":\"https:\/\/www.estrategiaconcursos.com.br\/blog\/edital-tre-pr\/\",\"url\":\"https:\/\/www.estrategiaconcursos.com.br\/blog\/edital-tre-pr\/\",\"name\":\"Edital TRE PR - Saiba tudo sobre o \u00faltimo concurso\",\"isPartOf\":{\"@id\":\"https:\/\/www.estrategiaconcursos.com.br\/blog\/#website\"},\"primaryImageOfPage\":{\"@id\":\"https:\/\/www.estrategiaconcursos.com.br\/blog\/edital-tre-pr\/#primaryimage\"},\"image\":{\"@id\":\"https:\/\/www.estrategiaconcursos.com.br\/blog\/edital-tre-pr\/#primaryimage\"},\"thumbnailUrl\":\"https:\/\/www.estrategiaconcursos.com.br\/blog\/wp-content\/uploads\/2016\/11\/CONCURSO-TRE-PR.jpg\",\"datePublished\":\"2017-04-01T12:00:14+00:00\",\"dateModified\":\"2017-06-12T15:36:57+00:00\",\"description\":\"Este artigo analisa o edital TRE PR 2011. Aqui voc\u00ea encontrar\u00e1 informa\u00e7\u00f5es sobre remunera\u00e7\u00e3o, disciplinas, comiss\u00e3o do concurso, etc.\",\"breadcrumb\":{\"@id\":\"https:\/\/www.estrategiaconcursos.com.br\/blog\/edital-tre-pr\/#breadcrumb\"},\"inLanguage\":\"pt-BR\",\"potentialAction\":[{\"@type\":\"ReadAction\",\"target\":[\"https:\/\/www.estrategiaconcursos.com.br\/blog\/edital-tre-pr\/\"]}]},{\"@type\":\"ImageObject\",\"inLanguage\":\"pt-BR\",\"@id\":\"https:\/\/www.estrategiaconcursos.com.br\/blog\/edital-tre-pr\/#primaryimage\",\"url\":\"https:\/\/dhg1h5j42swfq.cloudfront.net\/2016\/11\/26102644\/CONCURSO-TRE-PR.jpg\",\"contentUrl\":\"https:\/\/dhg1h5j42swfq.cloudfront.net\/2016\/11\/26102644\/CONCURSO-TRE-PR.jpg\",\"width\":350,\"height\":255},{\"@type\":\"BreadcrumbList\",\"@id\":\"https:\/\/www.estrategiaconcursos.com.br\/blog\/edital-tre-pr\/#breadcrumb\",\"itemListElement\":[{\"@type\":\"ListItem\",\"position\":1,\"name\":\"In\u00edcio\",\"item\":\"https:\/\/www.estrategiaconcursos.com.br\/blog\/\"},{\"@type\":\"ListItem\",\"position\":2,\"name\":\"Edital TRE PR &#8211; Saiba tudo sobre o \u00faltimo concurso\"}]},{\"@type\":\"WebSite\",\"@id\":\"https:\/\/www.estrategiaconcursos.com.br\/blog\/#website\",\"url\":\"https:\/\/www.estrategiaconcursos.com.br\/blog\/\",\"name\":\"Estrat\u00e9gia Concursos\",\"description\":\"O blog da Estrat\u00e9gia Concursos traz not\u00edcias sobre concursos e artigos de professores oferecendo cursos para concursos (pdf + videaulas) no site.\",\"publisher\":{\"@id\":\"https:\/\/www.estrategiaconcursos.com.br\/blog\/#organization\"},\"potentialAction\":[{\"@type\":\"SearchAction\",\"target\":{\"@type\":\"EntryPoint\",\"urlTemplate\":\"https:\/\/www.estrategiaconcursos.com.br\/blog\/?s={search_term_string}\"},\"query-input\":{\"@type\":\"PropertyValueSpecification\",\"valueRequired\":true,\"valueName\":\"search_term_string\"}}],\"inLanguage\":\"pt-BR\"},{\"@type\":\"Organization\",\"@id\":\"https:\/\/www.estrategiaconcursos.com.br\/blog\/#organization\",\"name\":\"Estrat\u00e9gia Concursos\",\"url\":\"https:\/\/www.estrategiaconcursos.com.br\/blog\/\",\"logo\":{\"@type\":\"ImageObject\",\"inLanguage\":\"pt-BR\",\"@id\":\"https:\/\/www.estrategiaconcursos.com.br\/blog\/#\/schema\/logo\/image\/\",\"url\":\"https:\/\/dhg1h5j42swfq.cloudfront.net\/2025\/06\/03203428\/logo_concursos-1.jpg\",\"contentUrl\":\"https:\/\/dhg1h5j42swfq.cloudfront.net\/2025\/06\/03203428\/logo_concursos-1.jpg\",\"width\":230,\"height\":60,\"caption\":\"Estrat\u00e9gia Concursos\"},\"image\":{\"@id\":\"https:\/\/www.estrategiaconcursos.com.br\/blog\/#\/schema\/logo\/image\/\"},\"sameAs\":[\"https:\/\/x.com\/EstratConcursos\"]},{\"@type\":\"Person\",\"@id\":\"https:\/\/www.estrategiaconcursos.com.br\/blog\/#\/schema\/person\/aa39cf5ddb518e5bdce27c35788405e2\",\"name\":\"Ricardo Torques\",\"image\":{\"@type\":\"ImageObject\",\"inLanguage\":\"pt-BR\",\"@id\":\"https:\/\/secure.gravatar.com\/avatar\/ce9ac6c3cff25fe86d15ed568ebc64d1724baf5c0693133bcb1f6073f712f92a?s=96&d=mm&r=g\",\"url\":\"https:\/\/secure.gravatar.com\/avatar\/ce9ac6c3cff25fe86d15ed568ebc64d1724baf5c0693133bcb1f6073f712f92a?s=96&d=mm&r=g\",\"contentUrl\":\"https:\/\/secure.gravatar.com\/avatar\/ce9ac6c3cff25fe86d15ed568ebc64d1724baf5c0693133bcb1f6073f712f92a?s=96&d=mm&r=g\",\"caption\":\"Ricardo Torques\"},\"sameAs\":[\"https:\/\/www.facebook.com\/ricardo.s.torques\"],\"url\":\"https:\/\/www.estrategiaconcursos.com.br\/blog\/author\/ricardotorquesestrategiaconcursos-com-br\/\"}]}<\/script>\n<!-- \/ Yoast SEO Premium plugin. -->","yoast_head_json":{"title":"Edital TRE PR - Saiba tudo sobre o \u00faltimo concurso","description":"Este artigo analisa o edital TRE PR 2011. Aqui voc\u00ea encontrar\u00e1 informa\u00e7\u00f5es sobre remunera\u00e7\u00e3o, disciplinas, comiss\u00e3o do concurso, etc.","robots":{"index":"index","follow":"follow","max-snippet":"max-snippet:-1","max-image-preview":"max-image-preview:large","max-video-preview":"max-video-preview:-1"},"canonical":"https:\/\/www.estrategiaconcursos.com.br\/blog\/edital-tre-pr\/","og_locale":"pt_BR","og_type":"article","og_title":"Edital TRE PR - Saiba tudo sobre o \u00faltimo concurso","og_description":"Este artigo analisa o edital TRE PR 2011. Aqui voc\u00ea encontrar\u00e1 informa\u00e7\u00f5es sobre remunera\u00e7\u00e3o, disciplinas, comiss\u00e3o do concurso, etc.","og_url":"https:\/\/www.estrategiaconcursos.com.br\/blog\/edital-tre-pr\/","og_site_name":"Estrat\u00e9gia Concursos","article_author":"https:\/\/www.facebook.com\/ricardo.s.torques","article_published_time":"2017-04-01T12:00:14+00:00","article_modified_time":"2017-06-12T15:36:57+00:00","og_image":[{"url":"https:\/\/www.estrategiaconcursos.com.br\/blog\/wp-content\/uploads\/2016\/11\/CONCURSO-TRE-PR.jpg","type":"","width":"","height":""}],"author":"Ricardo Torques","twitter_card":"summary_large_image","twitter_creator":"@EstratConcursos","twitter_site":"@EstratConcursos","twitter_misc":{"Escrito por":"Ricardo Torques","Est. tempo de leitura":"38 minutos"},"schema":{"@context":"https:\/\/schema.org","@graph":[{"@type":"NewsArticle","@id":"https:\/\/www.estrategiaconcursos.com.br\/blog\/edital-tre-pr\/#article","isPartOf":{"@id":"https:\/\/www.estrategiaconcursos.com.br\/blog\/edital-tre-pr\/"},"author":{"name":"Ricardo Torques","@id":"https:\/\/www.estrategiaconcursos.com.br\/blog\/#\/schema\/person\/aa39cf5ddb518e5bdce27c35788405e2"},"headline":"Edital TRE PR &#8211; Saiba tudo sobre o \u00faltimo concurso","datePublished":"2017-04-01T12:00:14+00:00","dateModified":"2017-06-12T15:36:57+00:00","mainEntityOfPage":{"@id":"https:\/\/www.estrategiaconcursos.com.br\/blog\/edital-tre-pr\/"},"wordCount":7523,"commentCount":2,"publisher":{"@id":"https:\/\/www.estrategiaconcursos.com.br\/blog\/#organization"},"image":{"@id":"https:\/\/www.estrategiaconcursos.com.br\/blog\/edital-tre-pr\/#primaryimage"},"thumbnailUrl":"https:\/\/www.estrategiaconcursos.com.br\/blog\/wp-content\/uploads\/2016\/11\/CONCURSO-TRE-PR.jpg","keywords":["TRE PR"],"articleSection":["Concursos P\u00fablicos","Tribunais"],"inLanguage":"pt-BR","potentialAction":[{"@type":"CommentAction","name":"Comment","target":["https:\/\/www.estrategiaconcursos.com.br\/blog\/edital-tre-pr\/#respond"]}],"copyrightYear":"2017","copyrightHolder":{"@id":"https:\/\/www.estrategiaconcursos.com.br\/blog\/#organization"}},{"@type":"WebPage","@id":"https:\/\/www.estrategiaconcursos.com.br\/blog\/edital-tre-pr\/","url":"https:\/\/www.estrategiaconcursos.com.br\/blog\/edital-tre-pr\/","name":"Edital TRE PR - Saiba tudo sobre o \u00faltimo concurso","isPartOf":{"@id":"https:\/\/www.estrategiaconcursos.com.br\/blog\/#website"},"primaryImageOfPage":{"@id":"https:\/\/www.estrategiaconcursos.com.br\/blog\/edital-tre-pr\/#primaryimage"},"image":{"@id":"https:\/\/www.estrategiaconcursos.com.br\/blog\/edital-tre-pr\/#primaryimage"},"thumbnailUrl":"https:\/\/www.estrategiaconcursos.com.br\/blog\/wp-content\/uploads\/2016\/11\/CONCURSO-TRE-PR.jpg","datePublished":"2017-04-01T12:00:14+00:00","dateModified":"2017-06-12T15:36:57+00:00","description":"Este artigo analisa o edital TRE PR 2011. Aqui voc\u00ea encontrar\u00e1 informa\u00e7\u00f5es sobre remunera\u00e7\u00e3o, disciplinas, comiss\u00e3o do concurso, etc.","breadcrumb":{"@id":"https:\/\/www.estrategiaconcursos.com.br\/blog\/edital-tre-pr\/#breadcrumb"},"inLanguage":"pt-BR","potentialAction":[{"@type":"ReadAction","target":["https:\/\/www.estrategiaconcursos.com.br\/blog\/edital-tre-pr\/"]}]},{"@type":"ImageObject","inLanguage":"pt-BR","@id":"https:\/\/www.estrategiaconcursos.com.br\/blog\/edital-tre-pr\/#primaryimage","url":"https:\/\/dhg1h5j42swfq.cloudfront.net\/2016\/11\/26102644\/CONCURSO-TRE-PR.jpg","contentUrl":"https:\/\/dhg1h5j42swfq.cloudfront.net\/2016\/11\/26102644\/CONCURSO-TRE-PR.jpg","width":350,"height":255},{"@type":"BreadcrumbList","@id":"https:\/\/www.estrategiaconcursos.com.br\/blog\/edital-tre-pr\/#breadcrumb","itemListElement":[{"@type":"ListItem","position":1,"name":"In\u00edcio","item":"https:\/\/www.estrategiaconcursos.com.br\/blog\/"},{"@type":"ListItem","position":2,"name":"Edital TRE PR &#8211; Saiba tudo sobre o \u00faltimo concurso"}]},{"@type":"WebSite","@id":"https:\/\/www.estrategiaconcursos.com.br\/blog\/#website","url":"https:\/\/www.estrategiaconcursos.com.br\/blog\/","name":"Estrat\u00e9gia Concursos","description":"O blog da Estrat\u00e9gia Concursos traz not\u00edcias sobre concursos e artigos de professores oferecendo cursos para concursos (pdf + videaulas) no site.","publisher":{"@id":"https:\/\/www.estrategiaconcursos.com.br\/blog\/#organization"},"potentialAction":[{"@type":"SearchAction","target":{"@type":"EntryPoint","urlTemplate":"https:\/\/www.estrategiaconcursos.com.br\/blog\/?s={search_term_string}"},"query-input":{"@type":"PropertyValueSpecification","valueRequired":true,"valueName":"search_term_string"}}],"inLanguage":"pt-BR"},{"@type":"Organization","@id":"https:\/\/www.estrategiaconcursos.com.br\/blog\/#organization","name":"Estrat\u00e9gia Concursos","url":"https:\/\/www.estrategiaconcursos.com.br\/blog\/","logo":{"@type":"ImageObject","inLanguage":"pt-BR","@id":"https:\/\/www.estrategiaconcursos.com.br\/blog\/#\/schema\/logo\/image\/","url":"https:\/\/dhg1h5j42swfq.cloudfront.net\/2025\/06\/03203428\/logo_concursos-1.jpg","contentUrl":"https:\/\/dhg1h5j42swfq.cloudfront.net\/2025\/06\/03203428\/logo_concursos-1.jpg","width":230,"height":60,"caption":"Estrat\u00e9gia Concursos"},"image":{"@id":"https:\/\/www.estrategiaconcursos.com.br\/blog\/#\/schema\/logo\/image\/"},"sameAs":["https:\/\/x.com\/EstratConcursos"]},{"@type":"Person","@id":"https:\/\/www.estrategiaconcursos.com.br\/blog\/#\/schema\/person\/aa39cf5ddb518e5bdce27c35788405e2","name":"Ricardo Torques","image":{"@type":"ImageObject","inLanguage":"pt-BR","@id":"https:\/\/secure.gravatar.com\/avatar\/ce9ac6c3cff25fe86d15ed568ebc64d1724baf5c0693133bcb1f6073f712f92a?s=96&d=mm&r=g","url":"https:\/\/secure.gravatar.com\/avatar\/ce9ac6c3cff25fe86d15ed568ebc64d1724baf5c0693133bcb1f6073f712f92a?s=96&d=mm&r=g","contentUrl":"https:\/\/secure.gravatar.com\/avatar\/ce9ac6c3cff25fe86d15ed568ebc64d1724baf5c0693133bcb1f6073f712f92a?s=96&d=mm&r=g","caption":"Ricardo Torques"},"sameAs":["https:\/\/www.facebook.com\/ricardo.s.torques"],"url":"https:\/\/www.estrategiaconcursos.com.br\/blog\/author\/ricardotorquesestrategiaconcursos-com-br\/"}]}},"_links":{"self":[{"href":"https:\/\/www.estrategiaconcursos.com.br\/blog\/wp-json\/wp\/v2\/posts\/68222","targetHints":{"allow":["GET"]}}],"collection":[{"href":"https:\/\/www.estrategiaconcursos.com.br\/blog\/wp-json\/wp\/v2\/posts"}],"about":[{"href":"https:\/\/www.estrategiaconcursos.com.br\/blog\/wp-json\/wp\/v2\/types\/post"}],"author":[{"embeddable":true,"href":"https:\/\/www.estrategiaconcursos.com.br\/blog\/wp-json\/wp\/v2\/users\/180"}],"replies":[{"embeddable":true,"href":"https:\/\/www.estrategiaconcursos.com.br\/blog\/wp-json\/wp\/v2\/comments?post=68222"}],"version-history":[{"count":44,"href":"https:\/\/www.estrategiaconcursos.com.br\/blog\/wp-json\/wp\/v2\/posts\/68222\/revisions"}],"predecessor-version":[{"id":77352,"href":"https:\/\/www.estrategiaconcursos.com.br\/blog\/wp-json\/wp\/v2\/posts\/68222\/revisions\/77352"}],"wp:attachment":[{"href":"https:\/\/www.estrategiaconcursos.com.br\/blog\/wp-json\/wp\/v2\/media?parent=68222"}],"wp:term":[{"taxonomy":"category","embeddable":true,"href":"https:\/\/www.estrategiaconcursos.com.br\/blog\/wp-json\/wp\/v2\/categories?post=68222"},{"taxonomy":"post_tag","embeddable":true,"href":"https:\/\/www.estrategiaconcursos.com.br\/blog\/wp-json\/wp\/v2\/tags?post=68222"},{"taxonomy":"tax_estado","embeddable":true,"href":"https:\/\/www.estrategiaconcursos.com.br\/blog\/wp-json\/wp\/v2\/tax_estado?post=68222"}],"curies":[{"name":"wp","href":"https:\/\/api.w.org\/{rel}","templated":true}]}}