{"id":68178,"date":"2026-04-09T16:39:42","date_gmt":"2026-04-09T19:39:42","guid":{"rendered":"https:\/\/www.estrategiaconcursos.com.br\/blog\/?p=68178"},"modified":"2026-04-09T16:40:25","modified_gmt":"2026-04-09T19:40:25","slug":"concurso-stm","status":"publish","type":"post","link":"https:\/\/www.estrategiaconcursos.com.br\/blog\/concurso-stm\/","title":{"rendered":"Concurso STM: nomea\u00e7\u00f5es iniciadas! 330 vagas para 2026"},"content":{"rendered":"\n<p style=\"font-size:clamp(16.293px, 1.018rem + ((1vw - 3.2px) * 0.854), 25px);\"><strong><em>Concurso do <\/em><\/strong><em style=\"font-weight: bold;\">Superior Tribunal Militar inicia fase de nomea\u00e7\u00f5es de aprovados; confira!<\/em><\/p>\n\n\n<p><center><a id=\"cta-icon\" href=\"https:\/\/sndflw.com\/i\/stm-grupo\" target=\"_blank\" style=\"background:#29a61a; display:inline-flex; align-items:center; padding:10px 15px; border-radius:6px; color:#fff; text-decoration:none; font-weight:500; font-size:15px;\"><img decoding=\"async\" src=\"https:\/\/dhg1h5j42swfq.cloudfront.net\/2023\/12\/07154107\/whatsapp_13851.png\" alt=\"\" style=\"width:20px; height:20px; margin-right:8px;\"><span>Acesse agora o Grupo de Estudos para o Concurso STM<\/span><\/a><\/center><\/p>\n\n\n\n<p>O&nbsp;<strong><a href=\"https:\/\/www.estrategiaconcursos.com.br\/cursos\/concurso\/\" target=\"_blank\" rel=\"noreferrer noopener\">Superior Tribunal Militar<\/a> (STM)<\/strong>&nbsp;ofertou&nbsp;<strong>80 vagas imediatas<\/strong>, al\u00e9m da <strong>forma\u00e7\u00e3o de&nbsp;cadastro reserva<\/strong>, para os cargos de&nbsp;<strong>Analista Judici\u00e1rio e T\u00e9cnico Judici\u00e1rio<\/strong>, distribu\u00eddos em diversas especialidades.<\/p>\n\n\n\n<p>As oportunidades foram destinadas a candidatos com&nbsp;<strong>n\u00edvel superior completo<\/strong>, com&nbsp;<strong>remunera\u00e7\u00f5es iniciais<\/strong>&nbsp;que variam de&nbsp;<strong>R$ 9.052,51 a R$ 14.852,66<\/strong>.<\/p>\n\n\n\n<p>As primeiras nomea\u00e7\u00f5es dos aprovados j\u00e1 foram iniciadas e podem aumentar ao longo de 2026! Isso porque o <a href=\"https:\/\/dhg1h5j42swfq.cloudfront.net\/2026\/01\/15000831\/loa-2026.pdf\" target=\"_blank\" rel=\"noreferrer noopener nofollow\">Or\u00e7amento para 2026<\/a> prev\u00ea 330 vagas para a Justi\u00e7a Militar da Uni\u00e3o.<\/p>\n\n\n\n<p>Confira todos os detalhes sobre essa excelente oportunidade atrav\u00e9s do artigo!<\/p>\n\n\n\n<ul id=\"block-ee678516-e9d1-48bd-b327-7b9acd55f0fd\" class=\"wp-block-list has-pale-cyan-blue-background-color has-background\">\n<li><strong>Concurso STM<\/strong><\/li>\n\n\n\n<li><strong>Status:<\/strong> resultado final homologado<\/li>\n\n\n\n<li><strong>Banca:\u00a0<\/strong><a href=\"http:\/\/www.cebraspe.org.br\/concursos\/stm_25\" target=\"_blank\" rel=\"noreferrer noopener nofollow\">Cebraspe<\/a><\/li>\n\n\n\n<li><strong>Vagas: <\/strong>80 + CR<\/li>\n\n\n\n<li><strong>Cargos<\/strong>: Analista e T\u00e9cnico <\/li>\n\n\n\n<li><strong>Sal\u00e1rio inicial:<\/strong>&nbsp;R$ 9.052,54 (T\u00e9cnico) e R$ 14.852,98 (Analista)<\/li>\n\n\n\n<li><strong>Sal\u00e1rios a partir de Jul. de 2026: <\/strong>R$ 9.776,74 (T\u00e9cnico)\/R$ 16.041,21 (Analista)<\/li>\n\n\n\n<li><strong>Edital<\/strong>: <a href=\"https:\/\/www.in.gov.br\/web\/dou\/-\/edital-n-1-stm-de-de-27-de-fevereiro-de-2025-615724142\" target=\"_blank\" rel=\"noreferrer noopener nofollow\">STM 2025<\/a> | <a href=\"https:\/\/cdn.cebraspe.org.br\/concursos\/STM_25\/arquivos\/ED_2_2025_STM_RET_REQUISITOS_CRONO.PDF\">Retifica\u00e7\u00e3o<\/a> | <a href=\"https:\/\/www.in.gov.br\/en\/web\/dou\/-\/edital-n-3-de-28-de-marco-de-2025-620965964\" target=\"_blank\" rel=\"noreferrer noopener\">Retifica\u00e7\u00e3o 2<\/a> | <a href=\"https:\/\/cdn.cebraspe.org.br\/concursos\/STM_25\/arquivos\/Ed_11_2025_STM_Retifica%C3%A7%C3%A3o_Subitem_%207.1_e_8.1.pdf\">Retifica\u00e7\u00e3o heteroidentifica\u00e7\u00e3o<\/a> | <a href=\"https:\/\/www.in.gov.br\/en\/web\/dou\/-\/edital-n-11-de-12-de-agosto-de-2025-648114289\" target=\"_blank\" rel=\"noreferrer noopener\">Heteroidentifica\u00e7\u00e3o<\/a><\/li>\n<\/ul>\n\n\n\n<p class=\"has-text-align-center\">Para alcan\u00e7ar a aprova\u00e7\u00e3o, utilize o melhor material do mercado:<\/p>\n\n\n\n<div class=\"container\" id=\"boxes\">\n  <div class=\"row\">\n\n    <div class=\"col-sm\">\n      <div class=\"banner-tribunal\" id=\"box-assinatura\">\n        <h3 class=\"titulo-assinatura\">Curso STM<\/h3>\n        <p class=\"subtitulo-assinatura\">Conhe\u00e7a os cursos<\/p>\n        <div class=\"box-botao\">\n          <a class=\"btn-assinatura\" target=\"_blank\" href=\"https:\/\/www.estrategiaconcursos.com.br\/cursosPorConcurso\/superior-tribunal-militar-stm\/\" role=\"button\" rel=\"noopener noreferrer\">Conhe\u00e7a mais<\/a>\n        <\/div>\n      <\/div>\n      <p class=\"texto-auxiliar\">Prepare-se com o melhor material e com quem mais aprova em Concursos P\u00fablicos em todo o pa\u00eds.<\/p>\n    <\/div>\n\n  <\/div>\n<\/div>\n\n\n\n<p>Navegue pelo \u00edndice abaixo e fique por dentro de todos os detalhes do novo edital do STM:<\/p>\n\n\n\n<ul id=\"indice\" class=\"wp-block-list\">\n<li><strong><a href=\"#atual\">Situa\u00e7\u00e3o atual do concurso<\/a><\/strong><\/li>\n\n\n\n<li><a href=\"#cargos-e-vagas\"><strong>Cargos e vagas<\/strong><\/a><\/li>\n\n\n\n<li><a href=\"#salarios-e-requisitos\"><strong>Sal\u00e1rios e requisitos<\/strong><\/a><\/li>\n\n\n\n<li><a href=\"#etapas-e-provas\"><strong>Etapas e provas<\/strong><\/a><\/li>\n\n\n\n<li><strong><a href=\"#cargos-vagos\">Cargos vagos<\/a><\/strong><\/li>\n\n\n\n<li><a href=\"#entrevista\"><strong>Entrevista<\/strong><\/a><\/li>\n\n\n\n<li><strong><a href=\"#ultimo\">\u00daltimo concurso STM<\/a><\/strong><\/li>\n\n\n\n<li><a href=\"#nomeacoes\"><strong>Nomea\u00e7\u00f5es<\/strong><\/a><\/li>\n\n\n\n<li><strong><a href=\"#CURSO\">Cursos e Assinaturas<\/a><\/strong><\/li>\n\n\n\n<li><strong><a href=\"#ficha\">Ficha T\u00e9cnica<\/a><\/strong><\/li>\n<\/ul>\n\n\n\n<h2 class=\"wp-block-heading\" id=\"atual\">Concurso STM: situa\u00e7\u00e3o atual<\/h2>\n\n\n\n<p>Veja as informa\u00e7\u00f5es mais recentes sobre o Concurso STM:<\/p>\n\n\n\n<h3 class=\"wp-block-heading\" id=\"2026\">Or\u00e7amento 2026<\/h3>\n\n\n\n<p>No dia 14 de janeiro de 2026, foi sancionado o <a href=\"https:\/\/dhg1h5j42swfq.cloudfront.net\/2026\/01\/15000831\/loa-2026.pdf\" target=\"_blank\" rel=\"noreferrer noopener nofollow\">Or\u00e7amento para 2026<\/a> onde s\u00e3o previstas novas vagas para certames federais deste ano.<\/p>\n\n\n\n<p>Ser\u00e3o, ao todo, mais de 163 mil novos provimentos de servidores na esfera federal, desse total, a Justi\u00e7a Militar da Uni\u00e3o ter\u00e1&nbsp;<strong>240 vagas para cria\u00e7\u00e3o e 90 para<\/strong> <strong>provimentos<\/strong>.<\/p>\n\n\n\n<h3 class=\"wp-block-heading\" id=\"reajuste\">Sal\u00e1rios e adicional de qualifica\u00e7\u00e3o reajustados<\/h3>\n\n\n\n<p>A Justi\u00e7a Federal teve o <a href=\"https:\/\/www.estrategiaconcursos.com.br\/blog\/lula-sancionou-reajuste-salarial-aos-servidores-para-2026\/\" target=\"_blank\" rel=\"noreferrer noopener\">reajuste salarial de 8%<\/a> para todas as carreiras sancionado pelo governo federal. Com isso, os sal\u00e1rios iniciais podem <strong>chegar a R$&nbsp;16.041,21<\/strong>, al\u00e9m de benef\u00edcios.<\/p>\n\n\n\n<p>O adicional de qualifica\u00e7\u00e3o tamb\u00e9m foi reajustado. Atualmente, um analista em final de carreira pode somar R$ 1.161,52 se tiver doutorado, por exemplo. <\/p>\n\n\n\n<p>Com a mudan\u00e7a, o valor vai para <strong>R$ 3.857,75<\/strong> a partir de 2026, considerando-se o reajuste de 8% a partir do pr\u00f3ximo ano, previsto na&nbsp;Lei 15.293, de 19 de dezembro de 2025.<\/p>\n\n\n\n<p>Tamb\u00e9m a partir de 2026, o mestrado valer\u00e1 <strong>R$ 2.700,43 (contra os atuais R$ 929,21)<\/strong>. Essas duas qualifica\u00e7\u00f5es n\u00e3o podem ser acumuladas entre si e absorvem outras de valores menores.<\/p>\n\n\n\n<p>Com o reajuste, os vencimentos b\u00e1sicos iniciais para os cargos ficam com os seguintes valores a partir de julho de 2026:<\/p>\n\n\n\n<ul class=\"wp-block-list\">\n<li><strong>R$ 9.776,74 (T\u00e9cnico) <br \/><\/strong><\/li>\n\n\n\n<li><strong>R$ 16.041,21 (Analista)<\/strong><\/li>\n<\/ul>\n\n\n\n<p>Al\u00e9m do vencimento b\u00e1sico atualizado, os aprovados ter\u00e3o direito a benef\u00edcios como&nbsp;<strong>aux\u00edlio pr\u00e9-escolar<\/strong>&nbsp;no valor de&nbsp;<strong>R$ 1.235,77<\/strong>, e&nbsp;<strong>aux\u00edlio alimenta\u00e7\u00e3o<\/strong>&nbsp;no valor de&nbsp;<strong>R$ 1.460,90<\/strong>,&nbsp;<strong>Aux\u00edlio-Natalidade<\/strong>&nbsp;no valor de&nbsp;<strong>R$718,58<\/strong>&nbsp;e&nbsp;<strong>Aux\u00edlio-Sa\u00fade&nbsp;<\/strong>no valor de&nbsp;<strong>R$579,39.<\/strong><\/p>\n\n\n\n<h3 class=\"wp-block-heading\" id=\"h-nomeacoes\">Nomea\u00e7\u00f5es<\/h3>\n\n\n\n<p>Entre os dias 17 e 22 de dezembro de 2025 o STM come\u00e7ou a realizar as nomea\u00e7\u00f5es de aprovados no concurso.<\/p>\n\n\n\n<p>Do total dos 18 nomeados, dez s\u00e3o t\u00e9cnicos judici\u00e1rios da \u00e1rea administrativa, quatro t\u00e9cnicos judici\u00e1rios da \u00e1rea de Pol\u00edcia Judicial, dois analistas judici\u00e1rios da \u00e1rea administrativa e dois analistas judici\u00e1rios da \u00e1rea jur\u00eddica.<\/p>\n\n\n\n<h3 class=\"wp-block-heading\" id=\"h-resultados\">Resultados<\/h3>\n\n\n\n<ul class=\"wp-block-list\">\n<li><a href=\"https:\/\/cdn.cebraspe.org.br\/concursos\/stm_25\/arquivos\/Ed_5_2025_STM_Res_Final_Objetiva_Conv_TAF.pdf\" target=\"_blank\" rel=\"noreferrer noopener\">Resultado final da objetiva &#8211; T\u00e9cnico<\/a>;<\/li>\n\n\n\n<li><a href=\"https:\/\/www.estrategiaconcursos.com.br\/blog\/concurso-stm-resultado-definitivo-prova-discursiva-e-provisorio-taf\/\" target=\"_blank\" rel=\"noreferrer noopener\">Resultado definitivo discursiva<\/a>; <\/li>\n\n\n\n<li><a href=\"https:\/\/dhg1h5j42swfq.cloudfront.net\/2025\/07\/08065555\/edital-no-10-de-7-de-agosto-de-2025-edital-no-10-de-7-de-agosto-de-2025-dou-imprensa-nacional.pdf\" target=\"_blank\" rel=\"noreferrer noopener nofollow\">Resultado final no TAF Especialidade: Agente da Pol\u00edcia Judicial<\/a>;<\/li>\n\n\n\n<li><a href=\"https:\/\/cdn.cebraspe.org.br\/concursos\/stm_25\/arquivos\/82E8854BAB3F50B5922ADBC32A8A361F13E391934FD25ACCBEE5D81EFC17B7C1.pdf\" target=\"_blank\" rel=\"noreferrer noopener\">Resultado final do certame &#8211; Analista Judici\u00e1rio e T\u00e9cnico Judici\u00e1rio<\/a>.<\/li>\n<\/ul>\n\n\n\n<h3 class=\"wp-block-heading\" id=\"h-inscritos\">Inscritos<\/h3>\n\n\n\n<p>Foram 107.777 inscritos. Veja a rela\u00e7\u00e3o completa por cargo:<\/p>\n\n\n\n<ul class=\"wp-block-list\">\n<li>Analista Judici\u00e1rio \u2013 \u00c1rea Administrativa: 16.808<\/li>\n\n\n\n<li>Analista Judici\u00e1rio \u2013 Especialidade Administra\u00e7\u00e3o: 5.411<\/li>\n\n\n\n<li>Analista Judici\u00e1rio \u2013 Especialidade An\u00e1lise de Sistemas: 4.246<\/li>\n\n\n\n<li>Analista Judici\u00e1rio \u2013 Especialidade Comunica\u00e7\u00e3o Social: 1.865<\/li>\n\n\n\n<li>Analista Judici\u00e1rio \u2013 Especialidade Contabilidade: 2.220<\/li>\n\n\n\n<li>Analista Judici\u00e1rio \u2013 Especialidade Suporte em Tecnologia da Informa\u00e7\u00e3o: 2.468<\/li>\n\n\n\n<li>Analista Judici\u00e1rio &#8211; \u00c1rea Judici\u00e1ria: 21.907<\/li>\n\n\n\n<li>T\u00e9cnico Judici\u00e1rio &#8211; \u00c1rea Administrativa: 32.486<\/li>\n\n\n\n<li>T\u00e9cnico Judici\u00e1rio &#8211; Agente de Pol\u00edcia: 17.235 <\/li>\n\n\n\n<li>T\u00e9cnico Judici\u00e1rio \u2013 Especialidade Contabilidade: 3.141<\/li>\n<\/ul>\n\n\n\n<h2 class=\"wp-block-heading\" id=\"h-concurso-stm-cargos-e-vagas\">Concurso STM: cargos e vagas<\/h2>\n\n\n\n<p>As vagas s\u00e3o distribu\u00eddas conforme o quadro a seguir:<\/p>\n\n\n\n<figure class=\"wp-block-table is-style-stripes\"><table><thead><tr><th>CARGOS<\/th><th class=\"has-text-align-center\" data-align=\"center\">AC<\/th><th class=\"has-text-align-center\" data-align=\"center\">PcD<\/th><th class=\"has-text-align-center\" data-align=\"center\">PP<\/th><th class=\"has-text-align-center\" data-align=\"center\">Ind\u00edgenas<\/th><th class=\"has-text-align-center\" data-align=\"center\">Total<\/th><\/tr><\/thead><tbody><tr><td>Cargo 1: Analista Judici\u00e1rio &#8211; \u00c1rea: Administrativa<\/td><td class=\"has-text-align-center\" data-align=\"center\">3<\/td><td class=\"has-text-align-center\" data-align=\"center\">1<\/td><td class=\"has-text-align-center\" data-align=\"center\">1<\/td><td class=\"has-text-align-center\" data-align=\"center\">CR<\/td><td class=\"has-text-align-center\" data-align=\"center\">5<\/td><\/tr><tr><td>Cargo 2: Analista Judici\u00e1rio &#8211; \u00c1rea: Apoio Especializado &#8211; Especialidade: Administra\u00e7\u00e3o<\/td><td class=\"has-text-align-center\" data-align=\"center\">3<\/td><td class=\"has-text-align-center\" data-align=\"center\">CR<\/td><td class=\"has-text-align-center\" data-align=\"center\">1<\/td><td class=\"has-text-align-center\" data-align=\"center\">CR<\/td><td class=\"has-text-align-center\" data-align=\"center\">4<\/td><\/tr><tr><td>Cargo 3: Analista Judici\u00e1rio &#8211; \u00c1rea: Apoio Especializado &#8211; Especialidade: An\u00e1lise de Sistemas<\/td><td class=\"has-text-align-center\" data-align=\"center\">11<\/td><td class=\"has-text-align-center\" data-align=\"center\">1<\/td><td class=\"has-text-align-center\" data-align=\"center\">3<\/td><td class=\"has-text-align-center\" data-align=\"center\">1<\/td><td class=\"has-text-align-center\" data-align=\"center\">16<\/td><\/tr><tr><td>Cargo 4: Analista Judici\u00e1rio &#8211; \u00c1rea: Apoio Especializado &#8211; Especialidade: Comunica\u00e7\u00e3o Social<\/td><td class=\"has-text-align-center\" data-align=\"center\">CR<\/td><td class=\"has-text-align-center\" data-align=\"center\">CR<\/td><td class=\"has-text-align-center\" data-align=\"center\">CR<\/td><td class=\"has-text-align-center\" data-align=\"center\">CR<\/td><td class=\"has-text-align-center\" data-align=\"center\">CR<\/td><\/tr><tr><td>Cargo 5: Analista Judici\u00e1rio &#8211; \u00c1rea: Apoio Especializado &#8211; Especialidade: Contabilidade<\/td><td class=\"has-text-align-center\" data-align=\"center\">2<\/td><td class=\"has-text-align-center\" data-align=\"center\">CR<\/td><td class=\"has-text-align-center\" data-align=\"center\">1<\/td><td class=\"has-text-align-center\" data-align=\"center\">CR<\/td><td class=\"has-text-align-center\" data-align=\"center\">3<\/td><\/tr><tr><td>Cargo 6: Analista Judici\u00e1rio &#8211; \u00c1rea: Apoio Especializado &#8211; Especialidade: Suporte em Tecnologia da Informa\u00e7\u00e3o<\/td><td class=\"has-text-align-center\" data-align=\"center\">5<\/td><td class=\"has-text-align-center\" data-align=\"center\">1<\/td><td class=\"has-text-align-center\" data-align=\"center\">1<\/td><td class=\"has-text-align-center\" data-align=\"center\">CR<\/td><td class=\"has-text-align-center\" data-align=\"center\">7<\/td><\/tr><tr><td>Cargo 7: Analista Judici\u00e1rio &#8211; \u00c1rea: Judici\u00e1ria<\/td><td class=\"has-text-align-center\" data-align=\"center\">10<\/td><td class=\"has-text-align-center\" data-align=\"center\">1<\/td><td class=\"has-text-align-center\" data-align=\"center\">3<\/td><td class=\"has-text-align-center\" data-align=\"center\">1<\/td><td class=\"has-text-align-center\" data-align=\"center\">15<\/td><\/tr><tr><td>Cargo 8: T\u00e9cnico Judici\u00e1rio &#8211; \u00c1rea: Administrativa<\/td><td class=\"has-text-align-center\" data-align=\"center\">5<\/td><td class=\"has-text-align-center\" data-align=\"center\">1<\/td><td class=\"has-text-align-center\" data-align=\"center\">2<\/td><td class=\"has-text-align-center\" data-align=\"center\">CR<\/td><td class=\"has-text-align-center\" data-align=\"center\">8<\/td><\/tr><tr><td>Cargo 9: T\u00e9cnico Judici\u00e1rio &#8211; \u00c1rea: Administrativa &#8211; Especialidade: Agente da Pol\u00edcia Judicial<\/td><td class=\"has-text-align-center\" data-align=\"center\">7<\/td><td class=\"has-text-align-center\" data-align=\"center\">1<\/td><td class=\"has-text-align-center\" data-align=\"center\">2<\/td><td class=\"has-text-align-center\" data-align=\"center\">1<\/td><td class=\"has-text-align-center\" data-align=\"center\">11<\/td><\/tr><tr><td>Cargo 10: T\u00e9cnico Judici\u00e1rio &#8211; \u00c1rea: Apoio Especializado &#8211; Especialidade: Contabilidade<\/td><td class=\"has-text-align-center\" data-align=\"center\">7<\/td><td class=\"has-text-align-center\" data-align=\"center\">1<\/td><td class=\"has-text-align-center\" data-align=\"center\">2<\/td><td class=\"has-text-align-center\" data-align=\"center\">1<\/td><td class=\"has-text-align-center\" data-align=\"center\">11<\/td><\/tr><\/tbody><\/table><\/figure>\n\n\n\n<ul class=\"wp-block-list\">\n<li>Legendas:\n<ul class=\"wp-block-list\">\n<li>AC: ampla concorr\u00eancia.<\/li>\n\n\n\n<li>PcD: pessoas com defici\u00eancia.<\/li>\n\n\n\n<li>PP: negros (pretos e pardos).<\/li>\n\n\n\n<li>CR: cadastro de reserva.<\/li>\n<\/ul>\n<\/li>\n<\/ul>\n\n\n\n<p>*Em raz\u00e3o do quantitativo de vagas, n\u00e3o h\u00e1 reserva de vaga para provimento imediato, mantendo-se o cadastro de reserva.<\/p>\n\n\n\n<p>Os candidatos poder\u00e3o ser convocados para tomar posse em qualquer cidade onde est\u00e3o sediados o Superior Tribunal Militar e as Auditorias da Justi\u00e7a Militar da Uni\u00e3o, quais sejam: <\/p>\n\n\n\n<ul class=\"wp-block-list\">\n<li>Bag\u00e9\/RS, <\/li>\n\n\n\n<li>Bel\u00e9m\/PA,<\/li>\n\n\n\n<li>Bras\u00edlia\/DF, <\/li>\n\n\n\n<li>Campo Grande\/MS, <\/li>\n\n\n\n<li>Curitiba\/PR, <\/li>\n\n\n\n<li>Fortaleza\/CE, <\/li>\n\n\n\n<li>Juiz de Fora\/MG, <\/li>\n\n\n\n<li>Manaus\/AM, <\/li>\n\n\n\n<li>Porto Alegre\/RS, <\/li>\n\n\n\n<li>Recife\/PE,<\/li>\n\n\n\n<li>Rio de Janeiro\/RJ, <\/li>\n\n\n\n<li>Salvador\/BA, <\/li>\n\n\n\n<li>Santa Maria\/RS e <\/li>\n\n\n\n<li>S\u00e3o Paulo\/SP.<\/li>\n<\/ul>\n\n\n\n<p>Os candidatos aprovados dentro do n\u00famero de vagas previstas neste edital poder\u00e3o optar pela lota\u00e7\u00e3o, respeitada a ordem das vagas disponibilizadas e a ordem de classifica\u00e7\u00e3o.<\/p>\n\n\n\n<p>O candidato que n\u00e3o tiver interesse na lota\u00e7\u00e3o da vaga disponibilizada poder\u00e1 optar por ser convocado para a vaga subsequente, sem preju\u00edzo da sua coloca\u00e7\u00e3o na ordem de classifica\u00e7\u00e3o.<\/p>\n\n\n\n<h2 class=\"wp-block-heading\" id=\"cargos-vagas\">Concurso STM: remunera\u00e7\u00f5es e requisitos <\/h2>\n\n\n\n<figure class=\"wp-block-table is-style-stripes\"><table><thead><tr><th class=\"has-text-align-center\" data-align=\"center\">CARGOS<\/th><th class=\"has-text-align-center\" data-align=\"center\">SAL\u00c1RIO<\/th><th>REQUISITO<\/th><\/tr><\/thead><tbody><tr><td class=\"has-text-align-center\" data-align=\"center\">Analista Judici\u00e1rio \u2013 \u00c1rea Administrativa<\/td><td class=\"has-text-align-center\" data-align=\"center\">R$ 14.852,66<\/td><td>diploma, devidamente registrado, de conclus\u00e3o de curso de gradua\u00e7\u00e3o de n\u00edvel superior em qualquer \u00e1rea de forma\u00e7\u00e3o, fornecido por institui\u00e7\u00e3o de ensino superior reconhecida pelo Minist\u00e9rio da Educa\u00e7\u00e3o (MEC)<\/td><\/tr><tr><td class=\"has-text-align-center\" data-align=\"center\">Analista Judici\u00e1rio \u2013 \u00c1rea Apoio Especializado: Administra\u00e7\u00e3o<\/td><td class=\"has-text-align-center\" data-align=\"center\">R$ 14.852,66<\/td><td>diploma, devidamente registrado, de conclus\u00e3o de curso de gradua\u00e7\u00e3o de n\u00edvel superior em Administra\u00e7\u00e3o, fornecido por institui\u00e7\u00e3o de ensino superior reconhecida pelo MEC, e registro no Conselho Regional da categoria.<\/td><\/tr><tr><td class=\"has-text-align-center\" data-align=\"center\">Analista Judici\u00e1rio \u2013 \u00c1rea Apoio Especializado: An\u00e1lise de Sistemas<\/td><td class=\"has-text-align-center\" data-align=\"center\">R$ 14.852,66<\/td><td>diploma, devidamente registrado, de conclus\u00e3o de curso de gradua\u00e7\u00e3o de n\u00edvel superior em Tecnologia da Informa\u00e7\u00e3o, fornecido por institui\u00e7\u00e3o de ensino superior reconhecida pelo MEC; ou de gradua\u00e7\u00e3o em qualquer curso de n\u00edvel superior somado a certificado de curso de p\u00f3s-gradua\u00e7\u00e3o em \u00e1rea de Tecnologia da Informa\u00e7\u00e3o de, no m\u00ednimo, 360 horas, ambos fornecidos por institui\u00e7\u00f5es de ensino reconhecidas pelo MEC.<\/td><\/tr><tr><td class=\"has-text-align-center\" data-align=\"center\">Analista Judici\u00e1rio \u2013 \u00c1rea Apoio Especializado: Comunica\u00e7\u00e3o Social<\/td><td class=\"has-text-align-center\" data-align=\"center\">R$ 14.852,66<\/td><td>diploma, devidamente registrado, de conclus\u00e3o de curso de gradua\u00e7\u00e3o de n\u00edvel superior em Comunica\u00e7\u00e3o Social, fornecido por institui\u00e7\u00e3o de ensino superior reconhecida pelo MEC, e registro na Delegacia Regional do Trabalho (DRT).<\/td><\/tr><tr><td class=\"has-text-align-center\" data-align=\"center\">Analista Judici\u00e1rio \u2013 \u00c1rea Apoio Especializado: Contabilidade<\/td><td class=\"has-text-align-center\" data-align=\"center\">R$ 14.852,66<\/td><td>diploma, devidamente registrado, de conclus\u00e3o de curso de gradua\u00e7\u00e3o de n\u00edvel superior em Ci\u00eancias Cont\u00e1beis, fornecido por institui\u00e7\u00e3o de ensino superior reconhecida pelo MEC, e registro no Conselho Regional da categoria.<\/td><\/tr><tr><td class=\"has-text-align-center\" data-align=\"center\">Analista Judici\u00e1rio \u2013 \u00c1rea Apoio Especializado: Tecnologia da Informa\u00e7\u00e3o<\/td><td class=\"has-text-align-center\" data-align=\"center\">R$ 14.852,66<\/td><td>diploma, devidamente registrado, de conclus\u00e3o de gradua\u00e7\u00e3o em Tecnologia da Informa\u00e7\u00e3o, expedido por institui\u00e7\u00e3o de ensino superior reconhecida pelo MEC; ou de gradua\u00e7\u00e3o em qualquer curso de n\u00edvel superior somado a certificado de curso de p\u00f3s-gradua\u00e7\u00e3o em \u00e1rea de Tecnologia da Informa\u00e7\u00e3o de, no m\u00ednimo, 360 horas, ambos fornecidos por institui\u00e7\u00f5es de ensino reconhecidas pelo MEC.<\/td><\/tr><tr><td class=\"has-text-align-center\" data-align=\"center\">Analista Judici\u00e1rio \u2013 \u00c1rea Judici\u00e1ria<\/td><td class=\"has-text-align-center\" data-align=\"center\">R$ 14.852,66<\/td><td>diploma, devidamente registrado, de conclus\u00e3o de curso de gradua\u00e7\u00e3o de n\u00edvel superior em Direito, fornecido por institui\u00e7\u00e3o de ensino superior reconhecida pelo MEC.<\/td><\/tr><tr><td class=\"has-text-align-center\" data-align=\"center\">T\u00e9cnico Judici\u00e1rio \u2013 \u00c1rea Apoio Especializado: Contabilidade<\/td><td class=\"has-text-align-center\" data-align=\"center\">R$ 9.052,51<\/td><td>diploma, devidamente registrado, de conclus\u00e3o de curso de gradua\u00e7\u00e3o de n\u00edvel superior em Ci\u00eancias Cont\u00e1beis, fornecido por institui\u00e7\u00e3o de ensino superior reconhecida pelo MEC e registro no Conselho Regional de Contabilidade.<\/td><\/tr><tr><td class=\"has-text-align-center\" data-align=\"center\">T\u00e9cnico Judici\u00e1rio \u2013 \u00c1rea Administrativa \u2013 Agente da Pol\u00edcia Judicial <\/td><td class=\"has-text-align-center\" data-align=\"center\">&nbsp;R$ 9.052,51, acrescido de R$ 1.320,16 (Gratifica\u00e7\u00e3o de Atividade de Seguran\u00e7a &#8211; GAS), totalizando R$ 10.372,67<\/td><td>diploma, devidamente registrado, de conclus\u00e3o de curso gradua\u00e7\u00e3o de n\u00edvel superior em qualquer \u00e1rea de forma\u00e7\u00e3o, fornecido por institui\u00e7\u00e3o de ensino superior reconhecida pelo MEC e Carteira Nacional de Habilita\u00e7\u00e3o, <strong>categoria &#8220;B&#8221;<\/strong> <\/td><\/tr><tr><td class=\"has-text-align-center\" data-align=\"center\">T\u00e9cnico Judici\u00e1rio \u2013 \u00c1rea Administrativa<\/td><td class=\"has-text-align-center\" data-align=\"center\">R$ 9.052,51<\/td><td>diploma, devidamente registrado, de conclus\u00e3o de curso gradua\u00e7\u00e3o de n\u00edvel superior em qualquer \u00e1rea de forma\u00e7\u00e3o, fornecido por institui\u00e7\u00e3o de ensino superior reconhecida pelo MEC.<\/td><\/tr><\/tbody><\/table><\/figure>\n\n\n\n<p>A partir de julho de 2026 o sal\u00e1rio ser\u00e1 ainda maior, pois, no dia 22 de dezembro de 2025, o presidente Lula sancionou parcialmente o&nbsp;<strong><a href=\"https:\/\/www25.senado.leg.br\/web\/atividade\/materias\/-\/materia\/171600?utm_source=google&amp;utm_medium=cpc&amp;utm_campaign=ec-adm-vd-gdy-telebras-web-101215\" target=\"_blank\" rel=\"noreferrer noopener\">Projeto de Lei n\u00ba 4.750\/25<\/a><\/strong>, referente ao reajuste salarial dos servidores do Judici\u00e1rio federal.<\/p>\n\n\n\n<p>As corre\u00e7\u00f5es sucessivas de 8% previstas para ocorrer anualmente em 2026, 2027 e 2028 foram limitadas a uma parcela apenas, paga no pr\u00f3ximo ano.<\/p>\n\n\n\n<p>Al\u00e9m do vencimento b\u00e1sico atualizado, os aprovados ter\u00e3o direito a benef\u00edcios como&nbsp;<strong>aux\u00edlio pr\u00e9-escolar<\/strong>,&nbsp;<strong>aux\u00edlio alimenta\u00e7\u00e3o<\/strong>,&nbsp;<strong>Aux\u00edlio-Natalidade<\/strong>&nbsp;e&nbsp;<strong>Aux\u00edlio-Sa\u00fade.<\/strong><\/p>\n\n\n\n<h2 class=\"wp-block-heading\" id=\"etapas\">Concurso STM: etapas e provas <\/h2>\n\n\n\n<p>A sele\u00e7\u00e3o para os cargos de que trata este edital compreendeu as seguintes fases, todas de responsabilidade do Cebraspe:<\/p>\n\n\n\n<ul class=\"wp-block-list\">\n<li><strong>provas objetivas<\/strong>, de car\u00e1ter eliminat\u00f3rio e classificat\u00f3rio, para todos os cargos;<\/li>\n\n\n\n<li><strong>prova discursiva<\/strong>, de car\u00e1ter eliminat\u00f3rio e classificat\u00f3rio, somente para os cargos de Analista Judici\u00e1rio;<\/li>\n\n\n\n<li><strong>teste de aptid\u00e3o f\u00edsica<\/strong>, de car\u00e1ter eliminat\u00f3rio, somente para o Cargo 9: T\u00e9cnico Judici\u00e1rio &#8211; \u00c1rea: Administrativa &#8211; Especialidade: Agente da Pol\u00edcia Judicial.<\/li>\n<\/ul>\n\n\n\n<p>As provas objetivas e a prova discursiva, para todos os candidatos foram realizadas nas 27 capitais das Unidades da Federa\u00e7\u00e3o bem como nas cidades de:<\/p>\n\n\n\n<ul class=\"wp-block-list\">\n<li>Juiz de Fora\/MG, <\/li>\n\n\n\n<li>Santa Maria\/RS e <\/li>\n\n\n\n<li>Bag\u00e9\/RS.<\/li>\n<\/ul>\n\n\n\n<p>O teste de aptid\u00e3o f\u00edsica, para os candidatos ao Cargo 9: T\u00e9cnico Judici\u00e1rio &#8211; \u00c1rea: Administrativa &#8211; Especialidade: Agente da Pol\u00edcia Judicial, bem como a avalia\u00e7\u00e3o biopsicossocial e o procedimento heteroidentifica\u00e7\u00e3o de candidatos autodeclarados negros e ind\u00edgenas, foram realizados nas cidades de provas onde houver candidatos nas condi\u00e7\u00f5es supracitadas aprovados.<\/p>\n\n\n\n<p>As fases do concurso est\u00e3o descritas nos quadros a seguir:<\/p>\n\n\n\n<p><strong>PARA TODOS OS CARGOS DE ANALISTA JUDICI\u00c1RIO:<\/strong><\/p>\n\n\n\n<figure class=\"wp-block-table is-style-stripes\"><table><tbody><tr><td>PROVA\/TIPO<\/td><td>\u00c1REA DE CONHECIMENTO<\/td><td>N\u00daMERO DE ITENS<\/td><\/tr><tr><td>(<em>P<\/em>&nbsp;<sub>1<\/sub>&nbsp;) Objetiva<\/td><td>Conhecimentos Gerais<\/td><td>50<\/td><\/tr><tr><td>(<em>P<\/em>&nbsp;<sub>2<\/sub>&nbsp;) Objetiva<\/td><td>Conhecimentos Espec\u00edficos<\/td><td>70<\/td><\/tr><tr><td>(<em>P<\/em>&nbsp;<sub>3<\/sub>&nbsp;) Discursiva<\/td><td>&#8211;<\/td><td>&#8211;<\/td><\/tr><\/tbody><\/table><\/figure>\n\n\n\n<p><strong>PARA OS CARGOS DE T\u00c9CNICO JUDICI\u00c1RIO, EXCETO PARA O CARGO 9: T\u00c9CNICO JUDICI\u00c1RIO &#8211; \u00c1REA: ADMINISTRATIVA &#8211; ESPECIALIDADE: AGENTE DA POL\u00cdCIA JUDICIAL<\/strong><\/p>\n\n\n\n<figure class=\"wp-block-table is-style-stripes\"><table class=\"has-fixed-layout\"><tbody><tr><td>PROVA\/TIPO<\/td><td>\u00c1REA DE CONHECIMENTO<\/td><td>N\u00daMERO DE ITENS<\/td><\/tr><tr><td>(<em>P<\/em>&nbsp;<sub>1<\/sub>&nbsp;) Objetiva<\/td><td>Conhecimentos Gerais<\/td><td>50<\/td><\/tr><tr><td>(<em>P<\/em>&nbsp;<sub>2<\/sub>&nbsp;) Objetiva<\/td><td>Conhecimentos Espec\u00edficos<\/td><td>70<\/td><\/tr><\/tbody><\/table><\/figure>\n\n\n\n<p><strong>SOMENTE PARA O CARGO 9: T\u00c9CNICO JUDICI\u00c1RIO &#8211; \u00c1REA: ADMINISTRATIVA &#8211; ESPECIALIDADE: AGENTE DA POL\u00cdCIA JUDICIAL<\/strong><\/p>\n\n\n\n<figure class=\"wp-block-table is-style-stripes\"><table class=\"has-fixed-layout\"><tbody><tr><td>PROVA\/TIPO<\/td><td>\u00c1REA DE CONHECIMENTO<\/td><td>N\u00daMERO DE ITENS<\/td><\/tr><tr><td>(<em>P<\/em>&nbsp;<sub>1<\/sub>&nbsp;) Objetiva<\/td><td>Conhecimentos Gerais<\/td><td>50<\/td><\/tr><tr><td>(<em>P<\/em>&nbsp;<sub>2<\/sub>&nbsp;) Objetiva<\/td><td>Conhecimentos Espec\u00edficos<\/td><td>70<\/td><\/tr><tr><td>Teste de aptid\u00e3o f\u00edsica<\/td><td>&#8211;<\/td><td>&#8211;<\/td><\/tr><\/tbody><\/table><\/figure>\n\n\n\n<h3 class=\"wp-block-heading\" id=\"objetiva\">Provas Objetivas<\/h3>\n\n\n\n<p>As provas objetivas e a discursiva para o cargo de Analista Judici\u00e1rio tiveram dura\u00e7\u00e3o de 4 horas e 30 minutos, no turno da manh\u00e3. <\/p>\n\n\n\n<p>As provas objetivas para o cargo de T\u00e9cnico Judici\u00e1rio tiveram dura\u00e7\u00e3o de 3 horas e 30 minutos, no turno da tarde. <\/p>\n\n\n\n<p>Cada prova foi composta por itens de julgamento, agrupados por comandos que deveriam ser respeitados. <\/p>\n\n\n\n<p>Assim, os itens foram julgados como certos ou errados, conforme o comando a que se referiam. Na folha de respostas, havia dois campos por item: o campo \u201cC\u201d, que foi preenchido quando o candidato considerou o item certo, e o campo \u201cE\u201d, quando considerou o item errado.<\/p>\n\n\n\n<h3 class=\"wp-block-heading\" id=\"discursiva\">Prova Discursiva<\/h3>\n\n\n\n<p>A prova discursiva valeu 40,00 pontos e consistiu da reda\u00e7\u00e3o de texto dissertativo, de at\u00e9 30 linhas, a respeito de tema relacionado a conhecimentos espec\u00edficos do cargo\/\u00e1rea\/especialidade.<\/p>\n\n\n\n<h3 class=\"wp-block-heading\" id=\"h-teste-de-aptidao-fisica\">Teste de Aptid\u00e3o F\u00edsica<\/h3>\n\n\n\n<p>O teste de aptid\u00e3o f\u00edsica consistiu dos seguintes testes:<\/p>\n\n\n\n<ul class=\"wp-block-list\">\n<li>teste din\u00e2mico de flex\u00e3o de bra\u00e7o em barra fixa (para candidatos do sexo masculino) ou teste est\u00e1tico de flex\u00e3o de bra\u00e7o em barra fixa (para candidatas do sexo feminino);<\/li>\n\n\n\n<li>teste din\u00e2mico de flex\u00e3o abdominal; e<\/li>\n\n\n\n<li>teste de corrida de 12 minutos.<\/li>\n<\/ul>\n\n\n\n<h2 class=\"wp-block-heading\" id=\"h-concurso-stm-cargos-vagos\">Concurso STM: cargos vagos<\/h2>\n\n\n\n<p>De acordo com dados recentes (<a href=\"https:\/\/www2.stm.jus.br\/st2\/index.php\/ctrl_visualizacao\/pesquisar_por_tipo_detalhe\/11\/site\" target=\"_blank\" rel=\"noreferrer noopener\">agosto de 2025<\/a>), o STM conta com 273 cargos vagos, sendo:<\/p>\n\n\n\n<figure class=\"wp-block-table is-style-stripes\"><table class=\"has-fixed-layout\"><tbody><tr><td class=\"has-text-align-center\" data-align=\"center\"><strong>Cargo<\/strong><\/td><td class=\"has-text-align-center\" data-align=\"center\"><strong>Vac\u00e2ncia <\/strong><\/td><\/tr><tr><td class=\"has-text-align-center\" data-align=\"center\">Analista <\/td><td class=\"has-text-align-center\" data-align=\"center\">152<\/td><\/tr><tr><td class=\"has-text-align-center\" data-align=\"center\">T\u00e9cnico<\/td><td class=\"has-text-align-center\" data-align=\"center\">108<\/td><\/tr><tr><td class=\"has-text-align-center\" data-align=\"center\">Auxiliar<\/td><td class=\"has-text-align-center\" data-align=\"center\">13<\/td><\/tr><\/tbody><\/table><\/figure>\n\n\n\n<h2 class=\"wp-block-heading\" id=\"entrevista\">Entrevista com servidor do STM<\/h2>\n\n\n\n<p>Importantes detalhes sobre o novo edital, assim como a rotina de trabalho dentro do <strong>STM<\/strong>, foram esclarecidos pelo analista em comunica\u00e7\u00e3o social do STM, Dinomar Miranda.<\/p>\n\n\n\n<p>O v\u00eddeo da entrevista pode ser conferido atrav\u00e9s do link abaixo:<\/p>\n\n\n<figure class=\"wp-block-embed-youtube wp-block-embed is-type-video is-provider-youtube wp-embed-aspect-16-9 wp-has-aspect-ratio\"><div class=\"lyte-wrapper\" style=\"width:853px;max-width:100%;margin:5px;\"><div class=\"lyMe\" id=\"WYL_u3FoOuOnuoI\"><div id=\"lyte_u3FoOuOnuoI\" data-src=\"\/\/i.ytimg.com\/vi\/u3FoOuOnuoI\/hqdefault.jpg\" class=\"pL\"><div class=\"tC\"><div class=\"tT\"><\/div><\/div><div class=\"play\"><\/div><div class=\"ctrl\"><div class=\"Lctrl\"><\/div><div class=\"Rctrl\"><\/div><\/div><\/div><noscript><a href=\"https:\/\/youtu.be\/u3FoOuOnuoI\" rel=\"nofollow\"><img loading=\"lazy\" decoding=\"async\" src=\"https:\/\/i.ytimg.com\/vi\/u3FoOuOnuoI\/0.jpg\" alt=\"YouTube video thumbnail\" width=\"853\" height=\"460\" \/><br \/>Assista a este v\u00eddeo no YouTube<\/a><\/noscript><\/div><\/div><div class=\"lL\" style=\"max-width:100%;width:853px;margin:5px;\"><\/div><figcaption>Concurso STM 2023<\/figcaption><\/figure>\n\n\n<h2 class=\"wp-block-heading\" id=\"ultimo\">Quando foi o \u00faltimo Concurso STM?<\/h2>\n\n\n\n<p><span style=\"color: #000000;\">A edi\u00e7\u00e3o anterior \u00e0 atual, foi realizada em 2017. O edital STM ofertou <strong>42 vagas<\/strong> para analista e t\u00e9cnico judici\u00e1rio, sendo:<\/span><\/p>\n\n\n\n<p><span style=\"color: #000000;\"><strong>Para o cargo de Analista Judici\u00e1rio:<\/strong><\/span><\/p>\n\n\n\n<ul class=\"wp-block-list\">\n<li><span style=\"color: #000000;\">Judici\u00e1ria &#8211; 5 vagas<\/span>;<\/li>\n\n\n\n<li><span style=\"color: #000000;\"> Administrativa &#8211; 1 vaga<\/span>;<\/li>\n\n\n\n<li><span style=\"color: #000000;\"> An\u00e1lise de Sistemas &#8211; 1 vaga<\/span>;<\/li>\n\n\n\n<li><span style=\"color: #000000;\"> Contabilidade &#8211; 1 vaga<\/span>;<\/li>\n\n\n\n<li><span style=\"color: #000000;\"> Engenharia Civil &#8211; 1 vaga<\/span>;<\/li>\n\n\n\n<li><span style=\"color: #000000;\"> Estat\u00edstica &#8211; 1 vaga<\/span>;<\/li>\n\n\n\n<li><span style=\"color: #000000;\"> Revis\u00e3o de Texto &#8211; 1 vaga<\/span>;<\/li>\n\n\n\n<li><span style=\"color: #000000;\">Servi\u00e7o Social &#8211; 1 vaga<\/span>.<\/li>\n<\/ul>\n\n\n\n<p><span style=\"color: #000000;\"><strong>Para o cargo de T\u00e9cnico Judici\u00e1rio:<\/strong><\/span><\/p>\n\n\n\n<ul class=\"wp-block-list\">\n<li><span style=\"color: #000000;\">Administrativa: 27 vagas<\/span>;<\/li>\n\n\n\n<li><span style=\"color: #000000;\">Programa\u00e7\u00e3o: 3 vagas<\/span>.<\/li>\n<\/ul>\n\n\n\n<p>O certame STM realizado em 2017 registrou no total,&nbsp;<strong>87.811 inscritos<\/strong>. Confira abaixo:<\/p>\n\n\n\n<p><span style=\"color: #000000;\"><strong>Para o cargo de Analista Judici\u00e1rio:<\/strong><\/span><\/p>\n\n\n\n<ul class=\"wp-block-list\">\n<li><span style=\"color: #000000;\"><strong>Administrativa:<\/strong> 11.217 inscritos (11.217 candidato por vaga)<\/span><\/li>\n\n\n\n<li><span style=\"color: #000000;\"><strong>An\u00e1lise&nbsp;de&nbsp;Sistemas:<\/strong> 1.724 inscritos&nbsp; (1.724 candidato por vaga)<\/span><\/li>\n\n\n\n<li><span style=\"color: #000000;\"><strong>Contabilidade: <\/strong>1.175 inscritos&nbsp; (1.175 candidato por vaga)<\/span><\/li>\n\n\n\n<li><span style=\"color: #000000;\"><strong>Engenharia&nbsp;Civil:<\/strong> 885 inscritos&nbsp; (885 candidato por vaga)<\/span><\/li>\n\n\n\n<li><span style=\"color: #000000;\"><strong>Estat\u00edstica:<\/strong> 221 inscritos&nbsp; (221 candidato por vaga)<\/span><\/li>\n\n\n\n<li><span style=\"color: #000000;\"><strong>Revis\u00e3o&nbsp;de&nbsp;Texto:<\/strong> 1.323 inscritos&nbsp; (1.323 candidato por vaga)<\/span><\/li>\n\n\n\n<li><span style=\"color: #000000;\"><strong>Servi\u00e7o&nbsp;Social:<\/strong> 889 inscritos&nbsp; (889 candidato por vaga)<\/span><\/li>\n\n\n\n<li><span style=\"color: #000000;\"><strong>Judici\u00e1ria:<\/strong> 15.302 inscritos (aproximadamente 3.060 candidatos por vaga)<\/span><\/li>\n<\/ul>\n\n\n\n<p><span style=\"color: #000000;\"><strong>Para o cargo de T\u00e9cnico Judici\u00e1rio:<\/strong><\/span><\/p>\n\n\n\n<ul class=\"wp-block-list\">\n<li><span style=\"color: #000000;\"><strong>Administrativa:<\/strong> 53.852 (aproximadamente 1.994 candidatos por vaga)<\/span><\/li>\n\n\n\n<li><span style=\"color: #000000;\"><strong>Programa\u00e7\u00e3o&nbsp;de&nbsp;Sistemas:<\/strong> 1.223 (aproximadamente 407 candidatos por vaga)<\/span><\/li>\n<\/ul>\n\n\n\n<h4 class=\"wp-block-heading\">Provas objetivas:<\/h4>\n\n\n\n<ul class=\"wp-block-list\">\n<li><strong>N\u00edvel Superior:<\/strong> 50 quest\u00f5es de Conhecimentos B\u00e1sicos + 70 quest\u00f5es de Conhecimentos Espec\u00edficos;<\/li>\n\n\n\n<li><strong>N\u00edvel M\u00e9dio:<\/strong>&nbsp; 50 quest\u00f5es de Conhecimentos B\u00e1sicos + 70 quest\u00f5es de Conhecimentos Espec\u00edficos.<\/li>\n<\/ul>\n\n\n\n<p><strong>Conhecimentos b\u00e1sicos:<\/strong><\/p>\n\n\n\n<ul class=\"wp-block-list\">\n<li>L\u00edngua Portuguesa;<\/li>\n\n\n\n<li>Organiza\u00e7\u00e3o da Justi\u00e7a Militar da Uni\u00e3o;<\/li>\n\n\n\n<li>\u00c9tica no Servi\u00e7o P\u00fablico;<\/li>\n\n\n\n<li>Acessibilidade;<\/li>\n\n\n\n<li>No\u00e7\u00f5es de Dir. Constitucional;<\/li>\n\n\n\n<li>No\u00e7\u00f5es de Dir. Administrativo;<\/li>\n\n\n\n<li>Qualidade no Atendimento ao P\u00fablico e Trabalho em Equipe;<\/li>\n\n\n\n<li>No\u00e7\u00f5es de Inform\u00e1tica;<\/li>\n\n\n\n<li>L\u00edngua Inglesa;<\/li>\n\n\n\n<li>Prova discursiva (somente para os cargos de Analista Judici\u00e1rio).<\/li>\n<\/ul>\n\n\n\n<p><span style=\"color: #000000;\">As provas foram realizados em todas as capitais&nbsp;da Federa\u00e7\u00e3o e nas cidades de Juiz de Fora, Santa&nbsp;Maria e Bag\u00e9, no dia&nbsp;04 de mar\u00e7o de 2018.<\/span><\/p>\n\n\n\n<h3 class=\"wp-block-heading\">Convoca\u00e7\u00e3o de aprovados<\/h3>\n\n\n\n<p class=\"has-text-align-center has-light-green-cyan-background-color has-background has-medium-font-size\"><a href=\"https:\/\/www.in.gov.br\/en\/web\/dou\/-\/edital-n-2-de-15-de-janeiro-de-2021-convocacao-de-candidato-aprovado-299669110\" target=\"_blank\" rel=\"noreferrer noopener nofollow\">Convoca\u00e7\u00e3o Concurso STM 2027<\/a><\/p>\n\n\n\n<hr class=\"wp-block-separator has-css-opacity\"\/>\n\n\n\n<h3 class=\"wp-block-heading\" id=\"ultimo\">Nomea\u00e7\u00f5es do \u00faltimo concurso STM<\/h3>\n\n\n\n<p>Segundo o levantamento disponibilizado pelo STM e consultado no dia 31 de agosto de 2023, o quadro de nomea\u00e7\u00f5es do \u00faltimo edital \u00e9 o seguinte:<\/p>\n\n\n\n<p><strong>Analista e T\u00e9cnico &#8211; edital 2017<\/strong><\/p>\n\n\n\n<figure class=\"wp-block-table is-style-stripes\"><table><tbody><tr><td><strong>Cargo<\/strong><\/td><td><strong>\u00c1rea\/Especialidade<\/strong><\/td><td><strong>Andamento<\/strong><\/td><td><strong>Aprovados<\/strong><\/td><\/tr><tr><td>Analista Judici\u00e1rio<\/td><td>A. Administrativa (Ampla)<\/td><td><a href=\"https:\/\/www2.stm.jus.br\/consulta_concurso\/concursos_p\/concurso_analista_tecnico_listagem.php?espec=144\">18<\/a><\/td><td>264<\/td><\/tr><tr><td>Analista Judici\u00e1rio<\/td><td>A. Administrativa (Negro)<\/td><td><a href=\"https:\/\/www2.stm.jus.br\/consulta_concurso\/concursos_p\/concurso_analista_tecnico_listagem.php?espec=145\">3<\/a><\/td><td>48<\/td><\/tr><tr><td>Analista Judici\u00e1rio<\/td><td>A. Administrativa (PCD)<\/td><td><a href=\"https:\/\/www2.stm.jus.br\/consulta_concurso\/concursos_p\/concurso_analista_tecnico_listagem.php?espec=146\">1<\/a><\/td><td>81<\/td><\/tr><tr><td>Analista Judici\u00e1rio<\/td><td>A. Judici\u00e1ria (Ampla)<\/td><td><a href=\"https:\/\/www2.stm.jus.br\/consulta_concurso\/concursos_p\/concurso_analista_tecnico_listagem.php?espec=165\">30<\/a><\/td><td>606<\/td><\/tr><tr><td>Analista Judici\u00e1rio<\/td><td>A. Judici\u00e1ria (Negro)<\/td><td><a href=\"https:\/\/www2.stm.jus.br\/consulta_concurso\/concursos_p\/concurso_analista_tecnico_listagem.php?espec=166\">6<\/a><\/td><td>115<\/td><\/tr><tr><td>Analista Judici\u00e1rio<\/td><td>A. Judici\u00e1ria (PCD)<\/td><td><a href=\"https:\/\/www2.stm.jus.br\/consulta_concurso\/concursos_p\/concurso_analista_tecnico_listagem.php?espec=167\">3<\/a><\/td><td>58<\/td><\/tr><tr><td>Analista Judici\u00e1rio<\/td><td>Ap. Esp. An\u00e1lise de Sistemas (Ampla)<\/td><td><a href=\"https:\/\/www2.stm.jus.br\/consulta_concurso\/concursos_p\/concurso_analista_tecnico_listagem.php?espec=147\">133<\/a><\/td><td>133<\/td><\/tr><tr><td>Analista Judici\u00e1rio<\/td><td>Ap. Esp. An\u00e1lise de Sistemas (Negro)<\/td><td><a href=\"https:\/\/www2.stm.jus.br\/consulta_concurso\/concursos_p\/concurso_analista_tecnico_listagem.php?espec=148\">19<\/a><\/td><td>19<\/td><\/tr><tr><td>Analista Judici\u00e1rio<\/td><td>Ap. Esp. Contabilidade (Ampla)<\/td><td><a href=\"https:\/\/www2.stm.jus.br\/consulta_concurso\/concursos_p\/concurso_analista_tecnico_listagem.php?espec=150\">38<\/a><\/td><td>113<\/td><\/tr><tr><td>Analista Judici\u00e1rio<\/td><td>Ap. Esp. Contabilidade (Negro)<\/td><td><a href=\"https:\/\/www2.stm.jus.br\/consulta_concurso\/concursos_p\/concurso_analista_tecnico_listagem.php?espec=151\">5<\/a><\/td><td>17<\/td><\/tr><tr><td>Analista Judici\u00e1rio<\/td><td>Ap. Esp. Contabilidade (PCD)<\/td><td><a href=\"https:\/\/www2.stm.jus.br\/consulta_concurso\/concursos_p\/concurso_analista_tecnico_listagem.php?espec=152\">1<\/a><\/td><td>1<\/td><\/tr><tr><td>Analista Judici\u00e1rio<\/td><td>Ap. Esp. Engenharia Civil (Ampla)<\/td><td><a href=\"https:\/\/www2.stm.jus.br\/consulta_concurso\/concursos_p\/concurso_analista_tecnico_listagem.php?espec=153\">18<\/a><\/td><td>18<\/td><\/tr><tr><td>Analista Judici\u00e1rio<\/td><td>Ap. Esp. Estat\u00edstica (Ampla)<\/td><td><a href=\"https:\/\/www2.stm.jus.br\/consulta_concurso\/concursos_p\/concurso_analista_tecnico_listagem.php?espec=156\">16<\/a><\/td><td>23<\/td><\/tr><tr><td>Analista Judici\u00e1rio<\/td><td>Ap. Esp. Estat\u00edstica (Negro)<\/td><td><a href=\"https:\/\/www2.stm.jus.br\/consulta_concurso\/concursos_p\/concurso_analista_tecnico_listagem.php?espec=157\">2<\/a><\/td><td>2<\/td><\/tr><tr><td>Analista Judici\u00e1rio<\/td><td>Ap. Esp. Revis\u00e3o de Texto (Ampla)<\/td><td><a href=\"https:\/\/www2.stm.jus.br\/consulta_concurso\/concursos_p\/concurso_analista_tecnico_listagem.php?espec=159\">2<\/a><\/td><td>42<\/td><\/tr><tr><td>Analista Judici\u00e1rio<\/td><td>Ap. Esp. Revis\u00e3o de Texto (Negro)<\/td><td><a href=\"https:\/\/www2.stm.jus.br\/consulta_concurso\/concursos_p\/concurso_analista_tecnico_listagem.php?espec=160\">0<\/a><\/td><td>5<\/td><\/tr><tr><td>Analista Judici\u00e1rio<\/td><td>Ap. Esp. Revis\u00e3o de Texto (PCD)<\/td><td><a href=\"https:\/\/www2.stm.jus.br\/consulta_concurso\/concursos_p\/concurso_analista_tecnico_listagem.php?espec=161\">0<\/a><\/td><td>1<\/td><\/tr><tr><td>Analista Judici\u00e1rio<\/td><td>Ap. Esp. Servi\u00e7o Social (Ampla)<\/td><td><a href=\"https:\/\/www2.stm.jus.br\/consulta_concurso\/concursos_p\/concurso_analista_tecnico_listagem.php?espec=162\">13<\/a><\/td><td>28<\/td><\/tr><tr><td>Analista Judici\u00e1rio<\/td><td>Ap. Esp. Servi\u00e7o Social (Negro)<\/td><td><a href=\"https:\/\/www2.stm.jus.br\/consulta_concurso\/concursos_p\/concurso_analista_tecnico_listagem.php?espec=163\">3<\/a><\/td><td>4<\/td><\/tr><tr><td>T\u00e9cnico Judici\u00e1rio<\/td><td>A. Administrativa (Ampla)<\/td><td><a href=\"https:\/\/www2.stm.jus.br\/consulta_concurso\/concursos_p\/concurso_analista_tecnico_listagem.php?espec=168\">205<\/a><\/td><td>402<\/td><\/tr><tr><td>T\u00e9cnico Judici\u00e1rio<\/td><td>A. Administrativa (Negro)<\/td><td><a href=\"https:\/\/www2.stm.jus.br\/consulta_concurso\/concursos_p\/concurso_analista_tecnico_listagem.php?espec=169\">49<\/a><\/td><td>101<\/td><\/tr><tr><td>T\u00e9cnico Judici\u00e1rio<\/td><td>A. Administrativa (PCD)<\/td><td><a href=\"https:\/\/www2.stm.jus.br\/consulta_concurso\/concursos_p\/concurso_analista_tecnico_listagem.php?espec=170\">18<\/a><\/td><td>233<\/td><\/tr><tr><td>T\u00e9cnico Judici\u00e1rio<\/td><td>Ap. Esp. Programa\u00e7\u00e3o (Ampla)<\/td><td><a href=\"https:\/\/www2.stm.jus.br\/consulta_concurso\/concursos_p\/concurso_analista_tecnico_listagem.php?espec=171\">80<\/a><\/td><td>80<\/td><\/tr><tr><td>T\u00e9cnico Judici\u00e1rio<\/td><td>Ap. Esp. Programa\u00e7\u00e3o (Negro)<\/td><td><a href=\"https:\/\/www2.stm.jus.br\/consulta_concurso\/concursos_p\/concurso_analista_tecnico_listagem.php?espec=172\">20<\/a><\/td><td>20<\/td><\/tr><tr><td>T\u00e9cnico Judici\u00e1rio<\/td><td>Ap. Esp. Programa\u00e7\u00e3o (PCD)<\/td><td><a href=\"https:\/\/www2.stm.jus.br\/consulta_concurso\/concursos_p\/concurso_analista_tecnico_listagem.php?espec=173\">1<\/a><\/td><td>1<\/td><\/tr><\/tbody><\/table><\/figure>\n\n\n\n<p><strong>Lista Geral de Posses<\/strong><\/p>\n\n\n\n<figure class=\"wp-block-table is-style-stripes\"><table><tbody><tr><td><strong>Cargo<\/strong><\/td><td><strong>\u00c1rea\/Especialidade<\/strong><\/td><td><strong>Posses<\/strong><\/td><\/tr><tr><td>Analista Judici\u00e1rio<\/td><td>A. Administrativa<\/td><td><a href=\"https:\/\/www2.stm.jus.br\/consulta_concurso\/concursos_p\/concurso_analista_tecnico_listagem_geral.php?coConcurso=4&amp;coCargo=3&amp;espec=38\">11<\/a><\/td><\/tr><tr><td>Analista Judici\u00e1rio<\/td><td>A. Judici\u00e1ria<\/td><td><a href=\"https:\/\/www2.stm.jus.br\/consulta_concurso\/concursos_p\/concurso_analista_tecnico_listagem_geral.php?coConcurso=4&amp;coCargo=3&amp;espec=11\">26<\/a><\/td><\/tr><tr><td>Analista Judici\u00e1rio<\/td><td>Ap. Esp. An\u00e1lise de Sistemas<\/td><td><a href=\"https:\/\/www2.stm.jus.br\/consulta_concurso\/concursos_p\/concurso_analista_tecnico_listagem_geral.php?coConcurso=4&amp;coCargo=3&amp;espec=1\">43<\/a><\/td><\/tr><tr><td>Analista Judici\u00e1rio<\/td><td>Ap. Esp. Contabilidade<\/td><td><a href=\"https:\/\/www2.stm.jus.br\/consulta_concurso\/concursos_p\/concurso_analista_tecnico_listagem_geral.php?coConcurso=4&amp;coCargo=3&amp;espec=10\">20<\/a><\/td><\/tr><tr><td>Analista Judici\u00e1rio<\/td><td>Ap. Esp. Engenharia Civil<\/td><td><a href=\"https:\/\/www2.stm.jus.br\/consulta_concurso\/concursos_p\/concurso_analista_tecnico_listagem_geral.php?coConcurso=4&amp;coCargo=3&amp;espec=31\">16<\/a><\/td><\/tr><tr><td>Analista Judici\u00e1rio<\/td><td>Ap. Esp. Estat\u00edstica<\/td><td><a href=\"https:\/\/www2.stm.jus.br\/consulta_concurso\/concursos_p\/concurso_analista_tecnico_listagem_geral.php?coConcurso=4&amp;coCargo=3&amp;espec=39\">9<\/a><\/td><\/tr><tr><td>Analista Judici\u00e1rio<\/td><td>Ap. Esp. Revis\u00e3o de Texto<\/td><td><a href=\"https:\/\/www2.stm.jus.br\/consulta_concurso\/concursos_p\/concurso_analista_tecnico_listagem_geral.php?coConcurso=4&amp;coCargo=3&amp;espec=40\">1<\/a><\/td><\/tr><tr><td>Analista Judici\u00e1rio<\/td><td>Ap. Esp. Servi\u00e7o Social<\/td><td><a href=\"https:\/\/www2.stm.jus.br\/consulta_concurso\/concursos_p\/concurso_analista_tecnico_listagem_geral.php?coConcurso=4&amp;coCargo=3&amp;espec=77\">12<\/a><\/td><\/tr><tr><td>T\u00e9cnico Judici\u00e1rio<\/td><td>A. Administrativa<\/td><td><a href=\"https:\/\/www2.stm.jus.br\/consulta_concurso\/concursos_p\/concurso_analista_tecnico_listagem_geral.php?coConcurso=4&amp;coCargo=2&amp;espec=38\">172<\/a><\/td><\/tr><tr><td>T\u00e9cnico Judici\u00e1rio<\/td><td>Ap. Esp. Programa\u00e7\u00e3o<\/td><td><a href=\"https:\/\/www2.stm.jus.br\/consulta_concurso\/concursos_p\/concurso_analista_tecnico_listagem_geral.php?coConcurso=4&amp;coCargo=2&amp;espec=15\">52<\/a><\/td><\/tr><\/tbody><\/table><\/figure>\n\n\n\n<h2 class=\"wp-block-heading has-text-align-center\" id=\"cursos\">Quer saber tudo sobre concursos previstos?<br \/>Confira nossos artigos!<\/h2>\n\n\n\n<ul class=\"wp-block-list\">\n<li><a href=\"https:\/\/www.estrategiaconcursos.com.br\/blog\/concursos-abertos\/\" target=\"_blank\" rel=\"noreferrer noopener\">Concursos abertos<\/a><\/li>\n\n\n\n<li><a href=\"https:\/\/www.estrategiaconcursos.com.br\/blog\/concursos-tribunais\/\">Concursos tribunais<\/a><\/li>\n\n\n\n<li><a href=\"https:\/\/www.estrategiaconcursos.com.br\/blog\/concursos-2026\/\">Concursos 2026<\/a><\/li>\n<\/ul>\n\n\n\n<h2 class=\"wp-block-heading has-text-align-center\" id=\"CURSO\">CURSOS E ASSINATURAS<\/h2>\n\n\n\n<div class=\"container\" id=\"boxes\">\n  <div class=\"row\">\n\n    <div class=\"col-sm\">\n      <div class=\"banner-tribunal\" id=\"box-assinatura\">\n        <h3 class=\"titulo-assinatura\">Curso STM<\/h3>\n        <p class=\"subtitulo-assinatura\">Conhe\u00e7a os cursos<\/p>\n        <div class=\"box-botao\">\n          <a class=\"btn-assinatura\" target=\"_blank\" href=\"https:\/\/www.estrategiaconcursos.com.br\/cursosPorConcurso\/superior-tribunal-militar-stm\/\" role=\"button\" rel=\"noopener noreferrer\">Conhe\u00e7a mais<\/a>\n        <\/div>\n      <\/div>\n      <p class=\"texto-auxiliar\">Prepare-se com o melhor material e com quem mais aprova em Concursos P\u00fablicos em todo o pa\u00eds.<\/p>\n    <\/div>\n\n  <\/div>\n<\/div>\n\n\n\n<div class=\"container\" id=\"boxes\">\n  <div class=\"row\">\n\n    <div class=\"col-sm\">\n      <div class=\"estrategia\" id=\"box-assinatura\">\n        <h3 class=\"titulo-assinatura\">Assinatura de Concursos<\/h3>\n        <p class=\"subtitulo-assinatura\">Assinatura de 1 ano ou 2 anos<\/p>\n        <div class=\"box-botao\">\n          <a class=\"btn-assinatura\" target=\"_blank\" href=\"https:\/\/www.estrategiaconcursos.com.br\/assinaturas\/\" role=\"button\" rel=\"noopener noreferrer\">ASSINE AGORA<\/a>\n        <\/div>\n      <\/div>\n     \n    <\/div><\/div><\/div>\n\n\n\n<figure class=\"wp-block-image size-large is-resized\"><img loading=\"lazy\" decoding=\"async\" width=\"1024\" height=\"632\" src=\"https:\/\/dhg1h5j42swfq.cloudfront.net\/2021\/04\/05171352\/ficha-tecnica-33-1024x632.png\" alt=\"\" class=\"wp-image-707823\" style=\"aspect-ratio:1.627906976744186;width:260px;height:auto\" srcset=\"https:\/\/dhg1h5j42swfq.cloudfront.net\/2021\/04\/05171352\/ficha-tecnica-33-1024x632.png 1024w, https:\/\/dhg1h5j42swfq.cloudfront.net\/2021\/04\/05171352\/ficha-tecnica-33-300x185.png 300w, https:\/\/dhg1h5j42swfq.cloudfront.net\/2021\/04\/05171352\/ficha-tecnica-33-768x474.png 768w, https:\/\/dhg1h5j42swfq.cloudfront.net\/2021\/04\/05171352\/ficha-tecnica-33-1536x948.png 1536w, https:\/\/dhg1h5j42swfq.cloudfront.net\/2021\/04\/05171352\/ficha-tecnica-33-610x377.png 610w, https:\/\/dhg1h5j42swfq.cloudfront.net\/2021\/04\/05171352\/ficha-tecnica-33.png 1571w\" sizes=\"auto, (max-width: 1024px) 100vw, 1024px\" \/><\/figure>\n\n\n\n<h3 class=\"wp-block-heading\" id=\"block-ba1614b5-988b-41ef-892d-f4c9f7e9dd42\">Informa\u00e7\u00f5es do edital STM<\/h3>\n\n\n\n<ul id=\"block-46dd482c-33cf-409c-8762-75c111403f14\" class=\"wp-block-list\">\n<li><strong>Provas<\/strong>: <s>01\/06\/2025<\/s><\/li>\n\n\n\n<li><strong>Vagas<\/strong>: 80 + CR<\/li>\n\n\n\n<li><strong>Cargos<\/strong>: analista e t\u00e9cnico<\/li>\n\n\n\n<li><strong>Banca<\/strong>: Cebraspe<\/li>\n\n\n\n<li><strong>Escolaridade<\/strong>: superior<\/li>\n\n\n\n<li><strong>Edital<\/strong>:&nbsp;<a href=\"https:\/\/www.in.gov.br\/web\/dou\/-\/edital-n-1-stm-de-de-27-de-fevereiro-de-2025-615724142\" target=\"_blank\" rel=\"noreferrer noopener\">STM 2025<\/a><\/li>\n<\/ul>\n","protected":false},"excerpt":{"rendered":"<p>Concurso do Superior Tribunal Militar inicia fase de nomea\u00e7\u00f5es de aprovados; confira! O&nbsp;Superior Tribunal Militar (STM)&nbsp;ofertou&nbsp;80 vagas imediatas, al\u00e9m da forma\u00e7\u00e3o de&nbsp;cadastro reserva, para os cargos de&nbsp;Analista Judici\u00e1rio e T\u00e9cnico Judici\u00e1rio, distribu\u00eddos em diversas especialidades. As oportunidades foram destinadas a candidatos com&nbsp;n\u00edvel superior completo, com&nbsp;remunera\u00e7\u00f5es iniciais&nbsp;que variam de&nbsp;R$ 9.052,51 a R$ 14.852,66. As primeiras nomea\u00e7\u00f5es [&hellip;]<\/p>\n","protected":false},"author":1,"featured_media":1238914,"comment_status":"open","ping_status":"open","sticky":false,"template":"","format":"standard","meta":{"post_tipo":"news_page","footnotes":""},"categories":[1984],"tags":[2591,2592],"tax_estado":[219963],"class_list":["post-68178","post","type-post","status-publish","format-standard","has-post-thumbnail","hentry","category-tribunais","tag-concurso-stm","tag-militar","tax_estado-concursos-federais"],"acf":[],"yoast_head":"<!-- This site is optimized with the Yoast SEO Premium plugin v27.2 (Yoast SEO v27.2) - https:\/\/yoast.com\/product\/yoast-seo-premium-wordpress\/ -->\n<title>Concurso STM: nomea\u00e7\u00f5es iniciadas! 330 vagas para 2026<\/title>\n<meta name=\"description\" content=\"Concurso STM ofertou 80 vagas + CR para os cargos de T\u00e9cnico e Analista Judici\u00e1rios. Nomea\u00e7\u00f5es seguem em andamento!\" \/>\n<meta name=\"robots\" content=\"index, follow, max-snippet:-1, max-image-preview:large, max-video-preview:-1\" \/>\n<link rel=\"canonical\" href=\"https:\/\/www.estrategiaconcursos.com.br\/blog\/concurso-stm\/\" \/>\n<meta property=\"og:locale\" content=\"pt_BR\" \/>\n<meta property=\"og:type\" content=\"article\" \/>\n<meta property=\"og:title\" content=\"Concurso STM: nomea\u00e7\u00f5es iniciadas! 330 vagas para 2026\" \/>\n<meta property=\"og:description\" content=\"Concurso STM ofertou 80 vagas + CR para os cargos de T\u00e9cnico e Analista Judici\u00e1rios. Nomea\u00e7\u00f5es seguem em andamento!\" \/>\n<meta property=\"og:url\" content=\"https:\/\/www.estrategiaconcursos.com.br\/blog\/concurso-stm\/\" \/>\n<meta property=\"og:site_name\" content=\"Estrat\u00e9gia Concursos\" \/>\n<meta property=\"article:author\" content=\"https:\/\/www.facebook.com\/EstrategiaConcursos\" \/>\n<meta property=\"article:published_time\" content=\"2026-04-09T19:39:42+00:00\" \/>\n<meta property=\"article:modified_time\" content=\"2026-04-09T19:40:25+00:00\" \/>\n<meta property=\"og:image\" content=\"https:\/\/dhg1h5j42swfq.cloudfront.net\/2023\/06\/26134255\/concurso-stm.jpg\" \/>\n\t<meta property=\"og:image:width\" content=\"768\" \/>\n\t<meta property=\"og:image:height\" content=\"432\" \/>\n\t<meta property=\"og:image:type\" content=\"image\/jpeg\" \/>\n<meta name=\"author\" content=\"Coordena\u00e7\u00e3o\" \/>\n<meta name=\"twitter:card\" content=\"summary_large_image\" \/>\n<meta name=\"twitter:creator\" content=\"@EstratConcursos\" \/>\n<meta name=\"twitter:site\" content=\"@EstratConcursos\" \/>\n<meta name=\"twitter:label1\" content=\"Escrito por\" \/>\n\t<meta name=\"twitter:data1\" content=\"Coordena\u00e7\u00e3o\" \/>\n\t<meta name=\"twitter:label2\" content=\"Est. tempo de leitura\" \/>\n\t<meta name=\"twitter:data2\" content=\"4 minutos\" \/>\n<script type=\"application\/ld+json\" class=\"yoast-schema-graph\">{\"@context\":\"https:\/\/schema.org\",\"@graph\":[{\"@type\":\"NewsArticle\",\"@id\":\"https:\/\/www.estrategiaconcursos.com.br\/blog\/concurso-stm\/#article\",\"isPartOf\":{\"@id\":\"https:\/\/www.estrategiaconcursos.com.br\/blog\/concurso-stm\/\"},\"author\":{\"name\":\"Coordena\u00e7\u00e3o\",\"@id\":\"https:\/\/www.estrategiaconcursos.com.br\/blog\/#\/schema\/person\/b4a388c97673c5f483d72185668afa1f\"},\"headline\":\"Concurso STM: nomea\u00e7\u00f5es iniciadas! 330 vagas para 2026\",\"datePublished\":\"2026-04-09T19:39:42+00:00\",\"dateModified\":\"2026-04-09T19:40:25+00:00\",\"mainEntityOfPage\":{\"@id\":\"https:\/\/www.estrategiaconcursos.com.br\/blog\/concurso-stm\/\"},\"wordCount\":3027,\"commentCount\":104,\"publisher\":{\"@id\":\"https:\/\/www.estrategiaconcursos.com.br\/blog\/#organization\"},\"image\":{\"@id\":\"https:\/\/www.estrategiaconcursos.com.br\/blog\/concurso-stm\/#primaryimage\"},\"thumbnailUrl\":\"https:\/\/dhg1h5j42swfq.cloudfront.net\/2023\/06\/26134255\/concurso-stm.jpg\",\"keywords\":[\"Concurso STM\",\"Militar\"],\"articleSection\":[\"Tribunais\"],\"inLanguage\":\"pt-BR\",\"potentialAction\":[{\"@type\":\"CommentAction\",\"name\":\"Comment\",\"target\":[\"https:\/\/www.estrategiaconcursos.com.br\/blog\/concurso-stm\/#respond\"]}],\"copyrightYear\":\"2026\",\"copyrightHolder\":{\"@id\":\"https:\/\/www.estrategiaconcursos.com.br\/blog\/#organization\"}},{\"@type\":\"WebPage\",\"@id\":\"https:\/\/www.estrategiaconcursos.com.br\/blog\/concurso-stm\/\",\"url\":\"https:\/\/www.estrategiaconcursos.com.br\/blog\/concurso-stm\/\",\"name\":\"Concurso STM: nomea\u00e7\u00f5es iniciadas! 330 vagas para 2026\",\"isPartOf\":{\"@id\":\"https:\/\/www.estrategiaconcursos.com.br\/blog\/#website\"},\"primaryImageOfPage\":{\"@id\":\"https:\/\/www.estrategiaconcursos.com.br\/blog\/concurso-stm\/#primaryimage\"},\"image\":{\"@id\":\"https:\/\/www.estrategiaconcursos.com.br\/blog\/concurso-stm\/#primaryimage\"},\"thumbnailUrl\":\"https:\/\/dhg1h5j42swfq.cloudfront.net\/2023\/06\/26134255\/concurso-stm.jpg\",\"datePublished\":\"2026-04-09T19:39:42+00:00\",\"dateModified\":\"2026-04-09T19:40:25+00:00\",\"description\":\"Concurso STM ofertou 80 vagas + CR para os cargos de T\u00e9cnico e Analista Judici\u00e1rios. Nomea\u00e7\u00f5es seguem em andamento!\",\"breadcrumb\":{\"@id\":\"https:\/\/www.estrategiaconcursos.com.br\/blog\/concurso-stm\/#breadcrumb\"},\"inLanguage\":\"pt-BR\",\"potentialAction\":[{\"@type\":\"ReadAction\",\"target\":[\"https:\/\/www.estrategiaconcursos.com.br\/blog\/concurso-stm\/\"]}]},{\"@type\":\"ImageObject\",\"inLanguage\":\"pt-BR\",\"@id\":\"https:\/\/www.estrategiaconcursos.com.br\/blog\/concurso-stm\/#primaryimage\",\"url\":\"https:\/\/dhg1h5j42swfq.cloudfront.net\/2023\/06\/26134255\/concurso-stm.jpg\",\"contentUrl\":\"https:\/\/dhg1h5j42swfq.cloudfront.net\/2023\/06\/26134255\/concurso-stm.jpg\",\"width\":768,\"height\":432,\"caption\":\"concurso stm nomea\u00e7\u00f5es\"},{\"@type\":\"BreadcrumbList\",\"@id\":\"https:\/\/www.estrategiaconcursos.com.br\/blog\/concurso-stm\/#breadcrumb\",\"itemListElement\":[{\"@type\":\"ListItem\",\"position\":1,\"name\":\"In\u00edcio\",\"item\":\"https:\/\/www.estrategiaconcursos.com.br\/blog\/\"},{\"@type\":\"ListItem\",\"position\":2,\"name\":\"Concurso STM: nomea\u00e7\u00f5es iniciadas! 330 vagas para 2026\"}]},{\"@type\":\"WebSite\",\"@id\":\"https:\/\/www.estrategiaconcursos.com.br\/blog\/#website\",\"url\":\"https:\/\/www.estrategiaconcursos.com.br\/blog\/\",\"name\":\"Estrat\u00e9gia Concursos\",\"description\":\"O blog da Estrat\u00e9gia Concursos traz not\u00edcias sobre concursos e artigos de professores oferecendo cursos para concursos (pdf + videaulas) no site.\",\"publisher\":{\"@id\":\"https:\/\/www.estrategiaconcursos.com.br\/blog\/#organization\"},\"potentialAction\":[{\"@type\":\"SearchAction\",\"target\":{\"@type\":\"EntryPoint\",\"urlTemplate\":\"https:\/\/www.estrategiaconcursos.com.br\/blog\/?s={search_term_string}\"},\"query-input\":{\"@type\":\"PropertyValueSpecification\",\"valueRequired\":true,\"valueName\":\"search_term_string\"}}],\"inLanguage\":\"pt-BR\"},{\"@type\":\"Organization\",\"@id\":\"https:\/\/www.estrategiaconcursos.com.br\/blog\/#organization\",\"name\":\"Estrat\u00e9gia Concursos\",\"url\":\"https:\/\/www.estrategiaconcursos.com.br\/blog\/\",\"logo\":{\"@type\":\"ImageObject\",\"inLanguage\":\"pt-BR\",\"@id\":\"https:\/\/www.estrategiaconcursos.com.br\/blog\/#\/schema\/logo\/image\/\",\"url\":\"https:\/\/dhg1h5j42swfq.cloudfront.net\/2025\/06\/03203428\/logo_concursos-1.jpg\",\"contentUrl\":\"https:\/\/dhg1h5j42swfq.cloudfront.net\/2025\/06\/03203428\/logo_concursos-1.jpg\",\"width\":230,\"height\":60,\"caption\":\"Estrat\u00e9gia Concursos\"},\"image\":{\"@id\":\"https:\/\/www.estrategiaconcursos.com.br\/blog\/#\/schema\/logo\/image\/\"},\"sameAs\":[\"https:\/\/x.com\/EstratConcursos\"]},{\"@type\":\"Person\",\"@id\":\"https:\/\/www.estrategiaconcursos.com.br\/blog\/#\/schema\/person\/b4a388c97673c5f483d72185668afa1f\",\"name\":\"Coordena\u00e7\u00e3o\",\"image\":{\"@type\":\"ImageObject\",\"inLanguage\":\"pt-BR\",\"@id\":\"https:\/\/secure.gravatar.com\/avatar\/b720319e4c9a967eb58678d110f4fe35452fc5d5f97b202bac7b8acceb18c6ad?s=96&d=mm&r=g\",\"url\":\"https:\/\/secure.gravatar.com\/avatar\/b720319e4c9a967eb58678d110f4fe35452fc5d5f97b202bac7b8acceb18c6ad?s=96&d=mm&r=g\",\"contentUrl\":\"https:\/\/secure.gravatar.com\/avatar\/b720319e4c9a967eb58678d110f4fe35452fc5d5f97b202bac7b8acceb18c6ad?s=96&d=mm&r=g\",\"caption\":\"Coordena\u00e7\u00e3o\"},\"sameAs\":[\"https:\/\/www.facebook.com\/EstrategiaConcursos\",\"https:\/\/x.com\/EstratConcursos\"],\"url\":\"https:\/\/www.estrategiaconcursos.com.br\/blog\/author\/estrategia2013\/\"}]}<\/script>\n<!-- \/ Yoast SEO Premium plugin. -->","yoast_head_json":{"title":"Concurso STM: nomea\u00e7\u00f5es iniciadas! 330 vagas para 2026","description":"Concurso STM ofertou 80 vagas + CR para os cargos de T\u00e9cnico e Analista Judici\u00e1rios. Nomea\u00e7\u00f5es seguem em andamento!","robots":{"index":"index","follow":"follow","max-snippet":"max-snippet:-1","max-image-preview":"max-image-preview:large","max-video-preview":"max-video-preview:-1"},"canonical":"https:\/\/www.estrategiaconcursos.com.br\/blog\/concurso-stm\/","og_locale":"pt_BR","og_type":"article","og_title":"Concurso STM: nomea\u00e7\u00f5es iniciadas! 330 vagas para 2026","og_description":"Concurso STM ofertou 80 vagas + CR para os cargos de T\u00e9cnico e Analista Judici\u00e1rios. Nomea\u00e7\u00f5es seguem em andamento!","og_url":"https:\/\/www.estrategiaconcursos.com.br\/blog\/concurso-stm\/","og_site_name":"Estrat\u00e9gia Concursos","article_author":"https:\/\/www.facebook.com\/EstrategiaConcursos","article_published_time":"2026-04-09T19:39:42+00:00","article_modified_time":"2026-04-09T19:40:25+00:00","og_image":[{"width":768,"height":432,"url":"https:\/\/dhg1h5j42swfq.cloudfront.net\/2023\/06\/26134255\/concurso-stm.jpg","type":"image\/jpeg"}],"author":"Coordena\u00e7\u00e3o","twitter_card":"summary_large_image","twitter_creator":"@EstratConcursos","twitter_site":"@EstratConcursos","twitter_misc":{"Escrito por":"Coordena\u00e7\u00e3o","Est. tempo de leitura":"4 minutos"},"schema":{"@context":"https:\/\/schema.org","@graph":[{"@type":"NewsArticle","@id":"https:\/\/www.estrategiaconcursos.com.br\/blog\/concurso-stm\/#article","isPartOf":{"@id":"https:\/\/www.estrategiaconcursos.com.br\/blog\/concurso-stm\/"},"author":{"name":"Coordena\u00e7\u00e3o","@id":"https:\/\/www.estrategiaconcursos.com.br\/blog\/#\/schema\/person\/b4a388c97673c5f483d72185668afa1f"},"headline":"Concurso STM: nomea\u00e7\u00f5es iniciadas! 330 vagas para 2026","datePublished":"2026-04-09T19:39:42+00:00","dateModified":"2026-04-09T19:40:25+00:00","mainEntityOfPage":{"@id":"https:\/\/www.estrategiaconcursos.com.br\/blog\/concurso-stm\/"},"wordCount":3027,"commentCount":104,"publisher":{"@id":"https:\/\/www.estrategiaconcursos.com.br\/blog\/#organization"},"image":{"@id":"https:\/\/www.estrategiaconcursos.com.br\/blog\/concurso-stm\/#primaryimage"},"thumbnailUrl":"https:\/\/dhg1h5j42swfq.cloudfront.net\/2023\/06\/26134255\/concurso-stm.jpg","keywords":["Concurso STM","Militar"],"articleSection":["Tribunais"],"inLanguage":"pt-BR","potentialAction":[{"@type":"CommentAction","name":"Comment","target":["https:\/\/www.estrategiaconcursos.com.br\/blog\/concurso-stm\/#respond"]}],"copyrightYear":"2026","copyrightHolder":{"@id":"https:\/\/www.estrategiaconcursos.com.br\/blog\/#organization"}},{"@type":"WebPage","@id":"https:\/\/www.estrategiaconcursos.com.br\/blog\/concurso-stm\/","url":"https:\/\/www.estrategiaconcursos.com.br\/blog\/concurso-stm\/","name":"Concurso STM: nomea\u00e7\u00f5es iniciadas! 330 vagas para 2026","isPartOf":{"@id":"https:\/\/www.estrategiaconcursos.com.br\/blog\/#website"},"primaryImageOfPage":{"@id":"https:\/\/www.estrategiaconcursos.com.br\/blog\/concurso-stm\/#primaryimage"},"image":{"@id":"https:\/\/www.estrategiaconcursos.com.br\/blog\/concurso-stm\/#primaryimage"},"thumbnailUrl":"https:\/\/dhg1h5j42swfq.cloudfront.net\/2023\/06\/26134255\/concurso-stm.jpg","datePublished":"2026-04-09T19:39:42+00:00","dateModified":"2026-04-09T19:40:25+00:00","description":"Concurso STM ofertou 80 vagas + CR para os cargos de T\u00e9cnico e Analista Judici\u00e1rios. Nomea\u00e7\u00f5es seguem em andamento!","breadcrumb":{"@id":"https:\/\/www.estrategiaconcursos.com.br\/blog\/concurso-stm\/#breadcrumb"},"inLanguage":"pt-BR","potentialAction":[{"@type":"ReadAction","target":["https:\/\/www.estrategiaconcursos.com.br\/blog\/concurso-stm\/"]}]},{"@type":"ImageObject","inLanguage":"pt-BR","@id":"https:\/\/www.estrategiaconcursos.com.br\/blog\/concurso-stm\/#primaryimage","url":"https:\/\/dhg1h5j42swfq.cloudfront.net\/2023\/06\/26134255\/concurso-stm.jpg","contentUrl":"https:\/\/dhg1h5j42swfq.cloudfront.net\/2023\/06\/26134255\/concurso-stm.jpg","width":768,"height":432,"caption":"concurso stm nomea\u00e7\u00f5es"},{"@type":"BreadcrumbList","@id":"https:\/\/www.estrategiaconcursos.com.br\/blog\/concurso-stm\/#breadcrumb","itemListElement":[{"@type":"ListItem","position":1,"name":"In\u00edcio","item":"https:\/\/www.estrategiaconcursos.com.br\/blog\/"},{"@type":"ListItem","position":2,"name":"Concurso STM: nomea\u00e7\u00f5es iniciadas! 330 vagas para 2026"}]},{"@type":"WebSite","@id":"https:\/\/www.estrategiaconcursos.com.br\/blog\/#website","url":"https:\/\/www.estrategiaconcursos.com.br\/blog\/","name":"Estrat\u00e9gia Concursos","description":"O blog da Estrat\u00e9gia Concursos traz not\u00edcias sobre concursos e artigos de professores oferecendo cursos para concursos (pdf + videaulas) no site.","publisher":{"@id":"https:\/\/www.estrategiaconcursos.com.br\/blog\/#organization"},"potentialAction":[{"@type":"SearchAction","target":{"@type":"EntryPoint","urlTemplate":"https:\/\/www.estrategiaconcursos.com.br\/blog\/?s={search_term_string}"},"query-input":{"@type":"PropertyValueSpecification","valueRequired":true,"valueName":"search_term_string"}}],"inLanguage":"pt-BR"},{"@type":"Organization","@id":"https:\/\/www.estrategiaconcursos.com.br\/blog\/#organization","name":"Estrat\u00e9gia Concursos","url":"https:\/\/www.estrategiaconcursos.com.br\/blog\/","logo":{"@type":"ImageObject","inLanguage":"pt-BR","@id":"https:\/\/www.estrategiaconcursos.com.br\/blog\/#\/schema\/logo\/image\/","url":"https:\/\/dhg1h5j42swfq.cloudfront.net\/2025\/06\/03203428\/logo_concursos-1.jpg","contentUrl":"https:\/\/dhg1h5j42swfq.cloudfront.net\/2025\/06\/03203428\/logo_concursos-1.jpg","width":230,"height":60,"caption":"Estrat\u00e9gia Concursos"},"image":{"@id":"https:\/\/www.estrategiaconcursos.com.br\/blog\/#\/schema\/logo\/image\/"},"sameAs":["https:\/\/x.com\/EstratConcursos"]},{"@type":"Person","@id":"https:\/\/www.estrategiaconcursos.com.br\/blog\/#\/schema\/person\/b4a388c97673c5f483d72185668afa1f","name":"Coordena\u00e7\u00e3o","image":{"@type":"ImageObject","inLanguage":"pt-BR","@id":"https:\/\/secure.gravatar.com\/avatar\/b720319e4c9a967eb58678d110f4fe35452fc5d5f97b202bac7b8acceb18c6ad?s=96&d=mm&r=g","url":"https:\/\/secure.gravatar.com\/avatar\/b720319e4c9a967eb58678d110f4fe35452fc5d5f97b202bac7b8acceb18c6ad?s=96&d=mm&r=g","contentUrl":"https:\/\/secure.gravatar.com\/avatar\/b720319e4c9a967eb58678d110f4fe35452fc5d5f97b202bac7b8acceb18c6ad?s=96&d=mm&r=g","caption":"Coordena\u00e7\u00e3o"},"sameAs":["https:\/\/www.facebook.com\/EstrategiaConcursos","https:\/\/x.com\/EstratConcursos"],"url":"https:\/\/www.estrategiaconcursos.com.br\/blog\/author\/estrategia2013\/"}]}},"_links":{"self":[{"href":"https:\/\/www.estrategiaconcursos.com.br\/blog\/wp-json\/wp\/v2\/posts\/68178","targetHints":{"allow":["GET"]}}],"collection":[{"href":"https:\/\/www.estrategiaconcursos.com.br\/blog\/wp-json\/wp\/v2\/posts"}],"about":[{"href":"https:\/\/www.estrategiaconcursos.com.br\/blog\/wp-json\/wp\/v2\/types\/post"}],"author":[{"embeddable":true,"href":"https:\/\/www.estrategiaconcursos.com.br\/blog\/wp-json\/wp\/v2\/users\/1"}],"replies":[{"embeddable":true,"href":"https:\/\/www.estrategiaconcursos.com.br\/blog\/wp-json\/wp\/v2\/comments?post=68178"}],"version-history":[{"count":427,"href":"https:\/\/www.estrategiaconcursos.com.br\/blog\/wp-json\/wp\/v2\/posts\/68178\/revisions"}],"predecessor-version":[{"id":1751234,"href":"https:\/\/www.estrategiaconcursos.com.br\/blog\/wp-json\/wp\/v2\/posts\/68178\/revisions\/1751234"}],"wp:featuredmedia":[{"embeddable":true,"href":"https:\/\/www.estrategiaconcursos.com.br\/blog\/wp-json\/wp\/v2\/media\/1238914"}],"wp:attachment":[{"href":"https:\/\/www.estrategiaconcursos.com.br\/blog\/wp-json\/wp\/v2\/media?parent=68178"}],"wp:term":[{"taxonomy":"category","embeddable":true,"href":"https:\/\/www.estrategiaconcursos.com.br\/blog\/wp-json\/wp\/v2\/categories?post=68178"},{"taxonomy":"post_tag","embeddable":true,"href":"https:\/\/www.estrategiaconcursos.com.br\/blog\/wp-json\/wp\/v2\/tags?post=68178"},{"taxonomy":"tax_estado","embeddable":true,"href":"https:\/\/www.estrategiaconcursos.com.br\/blog\/wp-json\/wp\/v2\/tax_estado?post=68178"}],"curies":[{"name":"wp","href":"https:\/\/api.w.org\/{rel}","templated":true}]}}