{"id":68047,"date":"2017-03-29T17:23:38","date_gmt":"2017-03-29T20:23:38","guid":{"rendered":"https:\/\/www.estrategiaconcursos.com.br\/blog\/?p=68047"},"modified":"2018-09-28T17:53:50","modified_gmt":"2018-09-28T20:53:50","slug":"trt-24-analista-judiciario-ti-governanca-e-gestao","status":"publish","type":"post","link":"https:\/\/www.estrategiaconcursos.com.br\/blog\/trt-24-analista-judiciario-ti-governanca-e-gestao\/","title":{"rendered":"TRT 24 &#8211; Analista Judici\u00e1rio &#8211; TI &#8211; Governan\u00e7a e Gest\u00e3o"},"content":{"rendered":"<p>Ol\u00e1 pessoal! \u00a0Seguem os coment\u00e1rios das quest\u00f5es de govenan\u00e7a e gest\u00e3o de TI da prova do TRT24.<\/p>\n<p>Utilizei o\u00a0Caderno de Prova \u2019H08\u2019, Tipo 004! \u00a0Vamos l\u00e1!<\/p>\n<p>32. A norma NBR ISO\/IEC 38500:2009 fornece uma estrutura de princ\u00edpios para que dirigentes possam utiliz\u00e1-los na avalia\u00e7\u00e3o, gerenciamento e monitoramento do uso da TI em suas organiza\u00e7\u00f5es. A norma indica seis princ\u00edpios da boa governan\u00e7a corporativa de TI que s\u00e3o aplic\u00e1veis \u00e0 maioria das organiza\u00e7\u00f5es, que s\u00e3o:<\/p>\n<p>(A) Estrat\u00e9gia, Planejamento, Conformidade, Capacita\u00e7\u00e3o, Comprometimento, Melhoria Continuada.<br \/>\n(B) Responsabilidade, Estrat\u00e9gia, Aquisi\u00e7\u00e3o, Desempenho, Conformidade e Comportamento Humano.<br \/>\n(C) Responsabilidade, Estrat\u00e9gia, Planejamento, Monitoramento, Conformidade e Comportamento Humano.<br \/>\n(D) Estrat\u00e9gia, Projeto, Desenvolvimento, Implanta\u00e7\u00e3o, Transi\u00e7\u00e3o e Monitoramento Cont\u00ednuo.<br \/>\n(E) Estrat\u00e9gia, Responsabilidade, Compliance, Capacita\u00e7\u00e3o Continua, Monitoramento e Comprometimento.<\/p>\n<p>Coment\u00e1rios: Os seis princ\u00edpios da boa governan\u00e7a corporativa de TI previstos na ISO 38500 s\u00e3o:<\/p>\n<p>\u2022 Responsabilidade<br \/>\n\u2022 Estrat\u00e9gia<br \/>\n\u2022 Aquisi\u00e7\u00f5es<br \/>\n\u2022 Desempenho<br \/>\n\u2022 Conformidade<br \/>\n\u2022 Comportamento Humano<\/p>\n<p>Gabarito letra B.<\/p>\n<p>33. O guia do COBIT 5 traz considera\u00e7\u00f5es acerca dos modelos de capacidade x maturidade, sobre os quais \u00e9 correto afirmar que<\/p>\n<p>(A) o modelo de maturidade do COBIT 5 visa produzir um perfil de maturidade da organiza\u00e7\u00e3o. Esta abordagem pode ser utilizada caso haja foco na melhoria em vez da necessidade de obter um n\u00famero de maturidade para fins de relat\u00f3rio.<br \/>\n(B) uma organiza\u00e7\u00e3o que utilizava a abordagem dos atributos do modelo de maturidade do COBIT 4.1 poder\u00e1 reutilizar os dados da sua avalia\u00e7\u00e3o e reclassific\u00e1-los segundo as avalia\u00e7\u00f5es de atributos do COBIT 5.<br \/>\n(C) os atributos de capacidade de processo do COBIT 4.1 e os atributos de maturidade do COBIT 5 n\u00e3o s\u00e3o id\u00eanticos.<br \/>\n(D) n\u00e3o h\u00e1 mais um modelo de capacidade espec\u00edfico por processo detalhado no COBIT 5, porque a abordagem da avalia\u00e7\u00e3o da maturidade de processo ISO\/IEC 15505 n\u00e3o exige isso e ainda pro\u00edbe esta abordagem.<br \/>\n(E) no COBIT 5 o modelo de avalia\u00e7\u00e3o fornece uma escala de medi\u00e7\u00e3o para cada atributo de maturidade e orienta\u00e7\u00e3o sobre como aplic\u00e1-la, ent\u00e3o para cada processo uma avalia\u00e7\u00e3o pode ser feita para cada um dos seis atributos de capacidade.<\/p>\n<p>Coment\u00e1rios: Est\u00e1 escrito l\u00e1 no COBIT 5 que os atributos de maturidade do COBIT 4.1 e os atributos de capacidade de processo do COBIT 5 n\u00e3o s\u00e3o id\u00eanticos. Eles sobrep\u00f5em-se\/mapeiam at\u00e9 certa medida e que as organiza\u00e7\u00f5es que utilizam a abordagem dos atributos do modelo de maturidade do COBIT 4.1 podem reutilizar os atuais dados da sua avalia\u00e7\u00e3o e reclassific\u00e1-los segundo as avalia\u00e7\u00f5es de atributos do COBIT 5. E isso \u00e9 ilustrado pela figura a seguir:<\/p>\n<p><img loading=\"lazy\" decoding=\"async\" class=\"alignnone size-medium wp-image-68693\" src=\"https:\/\/dhg1h5j42swfq.cloudfront.net\/2017\/03\/29171433\/cobit-4.1-x-5.png\" alt=\"\" width=\"300\" height=\"158\" srcset=\"https:\/\/dhg1h5j42swfq.cloudfront.net\/2017\/03\/29171433\/cobit-4.1-x-5.png 919w, https:\/\/dhg1h5j42swfq.cloudfront.net\/2017\/03\/29171433\/cobit-4.1-x-5.png 300w, https:\/\/dhg1h5j42swfq.cloudfront.net\/2017\/03\/29171433\/cobit-4.1-x-5.png 768w, https:\/\/dhg1h5j42swfq.cloudfront.net\/2017\/03\/29171433\/cobit-4.1-x-5.png 500w\" sizes=\"auto, (max-width: 300px) 100vw, 300px\" \/><\/p>\n<p>Gabarito letra B.<\/p>\n<p>34. A norma ABNT NBR ISO\/IEC 20000-1:2011 especifica os requisitos para o provedor de servi\u00e7o planejar, estabelecer, implementar, operar, monitorar, analisar criticamente, manter e melhorar um Sistema de Gerenciamento de Servi\u00e7os \u2212 SGS. Um Analista que est\u00e1 seguindo esta norma no processo de Gerenciamento de Problemas deve saber que informa\u00e7\u00f5es atualizadas sobre erros conhecidos e resolu\u00e7\u00f5es de problemas devem ser fornecidas ao processo de Gerenciamento de<\/p>\n<p>(A) Mudan\u00e7as.<br \/>\n(B) Suporte T\u00e9cnico.<br \/>\n(C) Libera\u00e7\u00e3o e Implementa\u00e7\u00e3o.<br \/>\n(D) Configura\u00e7\u00e3o.<br \/>\n(E) Incidentes e Requisi\u00e7\u00f5es de Servi\u00e7o.<\/p>\n<p>Coment\u00e1rios: Vimos na nossa aula as informa\u00e7\u00f5es atualizadas sobre erros conhecidos e resolu\u00e7\u00f5es de problemas devem ser fornecidas ao processo de gerenciamento de incidentes e requisi\u00e7\u00f5es de servi\u00e7o. Gabarito letra E.<\/p>\n<p>&nbsp;<\/p>\n<p>35. O Tribunal Regional do Trabalho da 24a Regi\u00e3o desenvolveu o mapa estrat\u00e9gico do PETI 2015-2020 mostrado na figura abaixo.<\/p>\n<p><img loading=\"lazy\" decoding=\"async\" class=\"alignnone size-medium wp-image-68695\" src=\"https:\/\/dhg1h5j42swfq.cloudfront.net\/2017\/03\/29171537\/questao-35.png\" alt=\"\" width=\"300\" height=\"179\" srcset=\"https:\/\/dhg1h5j42swfq.cloudfront.net\/2017\/03\/29171537\/questao-35.png 871w, https:\/\/dhg1h5j42swfq.cloudfront.net\/2017\/03\/29171537\/questao-35.png 300w, https:\/\/dhg1h5j42swfq.cloudfront.net\/2017\/03\/29171537\/questao-35.png 768w, https:\/\/dhg1h5j42swfq.cloudfront.net\/2017\/03\/29171537\/questao-35.png 500w\" sizes=\"auto, (max-width: 300px) 100vw, 300px\" \/><\/p>\n<p>&nbsp;<\/p>\n<p>No mapa estrat\u00e9gico, de acordo com os fundamentos do Balanced Scorecard \u2212 BSC,<\/p>\n<p>(A) a divis\u00e3o indicada por I corresponde \u00e0 perspectiva de Processos Internos.<br \/>\n(B) o objetivo estrat\u00e9gico \u201cGarantir a infraestrutura de TIC\u201d, est\u00e1 relacionado \u00e0 perspectiva Financeira.<br \/>\n(C) a divis\u00e3o indicada por II corresponde \u00e0 perspectiva de Aprendizado e Crescimento.<br \/>\n(D) na perspectiva correspondente aos Processos Internos, \u201cDivulgar as atividades de TIC\u201d e \u201cApoiar a efetividade da presta\u00e7\u00e3o jurisdicional\u201d s\u00e3o os objetivos estrat\u00e9gicos.<br \/>\n(E) n\u00e3o est\u00e3o contempladas todas as perspectivas, embora os indicadores estrat\u00e9gicos devam estar diretamente associados aos objetivos estrat\u00e9gicos apresentados no mapa, representando uma rela\u00e7\u00e3o de causa e efeito.<\/p>\n<p>Coment\u00e1rios: Olha s\u00f3 que quest\u00e3o \u201clegal\u201d. O Examinador na realidade pede para que comparemos os fundamentos do BSC. Pessoal, O BSC tem por um dos seus objetivos integrar perspectivas de an\u00e1lise a objetivos e estes a indicadores. No BSC \u201ccl\u00e1ssico\u201d, temos as seguintes perspectivas:<\/p>\n<p>\u2022 Financeira;<br \/>\n\u2022 Clientes;<br \/>\n\u2022 Processos internos;<br \/>\n\u2022 Aprendizado e crescimento.<\/p>\n<p>Fazendo a analogia sugerida pelo examinador, temos que divis\u00e3o indicada por I na verdade corresponde \u00e0 perspectiva \u201cAprendizado e crescimento\u201d. A alternativa A est\u00e1 errada.<\/p>\n<p>J\u00e1 alternativa B est\u00e1 errada pois o objetivo estrat\u00e9gico \u201cGarantir a infraestrutura de TIC\u201d est\u00e1 relacionado \u00e0 base&#8230; ao alicerce necess\u00e1rio para que os processos internos funcionem. Desta maneira ele est\u00e1 associado \u00e0 perspectiva \u201cAprendizado e crescimento\u201d.<\/p>\n<p>No item C a divis\u00e3o indicada por II corresponde na verdade a processos internos. Alternativa errada.<\/p>\n<p>O item D tamb\u00e9m est\u00e1 errado. Pessoal, na Administra\u00e7\u00e3o P\u00fablica, n\u00e3o \u00e9 raro que as perspectivas \u201cFinanceira e Clientes\u201d sejam unificadas. Neste mapa, por exemplo, \u201cDivulgar as atividades de TIC\u201d e \u201cApoiar a efetividade da presta\u00e7\u00e3o jurisdicional\u201d s\u00e3o de fato objetivos estrat\u00e9gicos, mas n\u00e3o est\u00e3o numa perspectiva equivalente a processos internos, mas sim em uma perspectiva an\u00e1loga \u00e0 jun\u00e7\u00e3o das perspectivas financeira e clientes.<\/p>\n<p>S\u00f3 restou a letra E que \u00e9 o gabarito da quest\u00e3o. De fato, se considerarmos os fundamentos do BSC, nem todas as perspectivas est\u00e3o representadas. Por\u00e9m, \u00e9 necess\u00e1rio que os indicadores estrat\u00e9gicos estejam diretamente associados aos objetivos estrat\u00e9gicos apresentados no mapa. Por elimina\u00e7\u00e3o conseguimos chegar nesta resposta que, na minha opini\u00e3o \u00e9 a menos incorreta. Acontece que o fato de nem todas as perspectivas estarem representadas no mapa, n\u00e3o quer dizer necessariamente que nem todos os indicadores estrat\u00e9gicos estejam associados aos objetivos. Isto por que estamos falando de um mapa exclusivo e elaborado frente \u00e0 necessidade de determinada organiza\u00e7\u00e3o.<\/p>\n<p>Feita esta ressalva, gabarito letra E.<\/p>\n<p>36. Uma das t\u00e9cnicas que podem ser usadas para estimar os custos de uma atividade no Gerenciamento dos Custos de um Projeto, segundo o guia PMBOK 5a Edi\u00e7\u00e3o \u00e9 a T\u00e9cnica de Revis\u00e3o e Avalia\u00e7\u00e3o de Programa \u2212 PERT. Esta t\u00e9cnica usa tr\u00eas estimativas para definir o custo estimado (CE) de uma atividade: custo mais prov\u00e1vel (CM), custo otimista (CO) e custo pessimista (CP). Para um Analista calcular o custo estimado de uma atividade usando PERT, dever\u00e1 utilizar a f\u00f3rmula:<\/p>\n<p>(A) CE = (CO + 2CM + CP)<br \/>\n( B) CE = (2CO + 4CM + 3CP) \/ 9<br \/>\n(C) CE = (CO + 4CM + CP) \/ 6<br \/>\n( D) CE = (CO + 2CM + 3CP) \/ 5<br \/>\n(E) CE = 4(CO + CM) + CP<\/p>\n<p>Coment\u00e1rios: A t\u00e9cnica PERT utiliza 3 estimativas para se calcular o custo de uma atividade. A f\u00f3rmula utilizada est\u00e1 representada na letra C que \u00e9 o gabarito da quest\u00e3o. CE = (CO + 4CM + CP) \/ 6<\/p>\n<p>37. Um Analista foi designado respons\u00e1vel por todos os processos de controle no gerenciamento de servi\u00e7os de uma organiza\u00e7\u00e3o que usa a norma ABNT NBR ISO\/IEC 20000-2 orienta\u00e7\u00f5es sobre a aplica\u00e7\u00e3o de um Sistema de Gerenciamento de Servi\u00e7os \u2013 SGS. O Analista cuidar\u00e1, nesse caso, daqueles processos definidos pela norma como processos de controle, que s\u00e3o: Gerenciamento de<\/p>\n<p>(A) Disponibilidade, Gerenciamento de Fornecedores e Gerenciamento da Capacidade.<br \/>\n(B) Configura\u00e7\u00e3o, Gerenciamento de Mudan\u00e7as e Gerenciamento de Capacidade.<br \/>\n(C) Configura\u00e7\u00e3o, Gerenciamento de Mudan\u00e7as e Gerenciamento de Libera\u00e7\u00e3o e Implementa\u00e7\u00e3o.<br \/>\n(D) Incidentes, Gerenciamento de Problemas e Gerenciamento do N\u00edvel de Servi\u00e7o.<br \/>\n(E) Capacidade, Relato de Servi\u00e7o e Gerenciamento de Incidentes.<\/p>\n<p>Coment\u00e1rios: Quem lembrou do mapa mental da nossa aula sobre esta norma acertou a quest\u00e3o. A quest\u00e3o pergunta quais s\u00e3o os processos de controle:<\/p>\n<p><img loading=\"lazy\" decoding=\"async\" class=\"alignnone size-medium wp-image-68692\" src=\"https:\/\/dhg1h5j42swfq.cloudfront.net\/2017\/03\/29171356\/Processos-de-controle-iso2000.png\" alt=\"\" width=\"300\" height=\"108\" srcset=\"https:\/\/dhg1h5j42swfq.cloudfront.net\/2017\/03\/29171356\/Processos-de-controle-iso2000.png 944w, https:\/\/dhg1h5j42swfq.cloudfront.net\/2017\/03\/29171356\/Processos-de-controle-iso2000.png 300w, https:\/\/dhg1h5j42swfq.cloudfront.net\/2017\/03\/29171356\/Processos-de-controle-iso2000.png 768w, https:\/\/dhg1h5j42swfq.cloudfront.net\/2017\/03\/29171356\/Processos-de-controle-iso2000.png 500w\" sizes=\"auto, (max-width: 300px) 100vw, 300px\" \/><\/p>\n<p>Gabarito letra C.<\/p>\n<p>38. As principais medidas de um teste incluem:<\/p>\n<p>I. medida da abrang\u00eancia do teste que \u00e9 expressa pela abrang\u00eancia dos requisitos e casos de teste ou pela abrang\u00eancia do c\u00f3digo executado.<br \/>\nII. medida de confiabilidade, de estabilidade e de desempenho do objetivo do teste (sistema ou aplicativo em teste), que se baseia na avalia\u00e7\u00e3o dos resultados do teste e na an\u00e1lise das solicita\u00e7\u00f5es de mudan\u00e7a (defeitos) identificadas durante o teste.<\/p>\n<p>\u00c9 correto afirmar que I e II correspondem, correta e respectivamente, a<\/p>\n<p>(A) Prioridade e Gravidade.<br \/>\n(B) Detec\u00e7\u00e3o de Origem e Perman\u00eancia de Defeitos.<br \/>\n(C) Requisitos e Resultados.<br \/>\n(D) Cobertura e Qualidade.<br \/>\n(E) Tend\u00eancia e Densidade<\/p>\n<p>Coment\u00e1rios: Pessoal, a medida da abrang\u00eancia do teste e \u00e9 expressa pela cobertura dos requisitos e casos de teste ou pela cobertura do c\u00f3digo executado. O examinador at\u00e9 trocou a palavra cobertura e ficou repetindo abrang\u00eancia. Essa medida de abrang\u00eancia \u00e9 na verdade a cobertura dos testes.<br \/>\nJ\u00e1 a medida de qualidade \u00e9 a medida de confiabilidade, de estabilidade e de desempenho do objetivo do teste (sistema ou aplicativo em teste), que se baseia na avalia\u00e7\u00e3o dos resultados do teste e na an\u00e1lise das solicita\u00e7\u00f5es de mudan\u00e7a (defeitos) identificadas durante o teste.<br \/>\nPronto&#8230; gabarito leta D.<\/p>\n<p>39. Um Analista foi designado para participar como Integrante T\u00e9cnico na Equipe de Planejamento da Contrata\u00e7\u00e3o de uma Solu\u00e7\u00e3o de Tecnologia da Informa\u00e7\u00e3o e Comunica\u00e7\u00e3o. De acordo com a Resolu\u00e7\u00e3o CNJ no 182\/2013, a \u00fanica atividade, dentre as listadas abaixo, que N\u00c3O est\u00e1 dentro de sua \u00e1rea de atua\u00e7\u00e3o \u00e9 definir<\/p>\n<p>(A) como ser\u00e1 realizada a manuten\u00e7\u00e3o preventiva, corretiva, adaptativa e evolutiva da solu\u00e7\u00e3o, aspectos que exigem a necessidade de servi\u00e7os complementares.<br \/>\n(B) os crit\u00e9rios de forma\u00e7\u00e3o acad\u00eamica e experi\u00eancia profissional da equipe que projetar\u00e1, implantar\u00e1 e manter\u00e1 a solu\u00e7\u00e3o, bem como as respectivas formas de comprova\u00e7\u00e3o.<br \/>\n(C) o ambiente tecnol\u00f3gico dos treinamentos, os perfis dos instrutores e o conte\u00fado t\u00e9cnico envolvidos na solu\u00e7\u00e3o.<br \/>\n(D) os padr\u00f5es de interoperabilidade e de acessibilidade, bem como a linguagem de programa\u00e7\u00e3o e as interfaces da solu\u00e7\u00e3o.<br \/>\n(E) o projeto de implanta\u00e7\u00e3o da solu\u00e7\u00e3o, incluindo a sua disponibiliza\u00e7\u00e3o em ambiente de produ\u00e7\u00e3o.<\/p>\n<p>Coment\u00e1rios: A Resolu\u00e7\u00e3o define as atribui\u00e7\u00f5es do integrante t\u00e9cnico. Neste sentido, importa ressaltar que tudo o que envolver tecnologia \u00e9 de responsabilidade deste \u201cator\u201d logo, suas atividades passam por especificar a solu\u00e7\u00e3o de acordo com os requisitos de neg\u00f3cio determinados pelo demandante, estabelecendo os requisitos de arquitetura, projeto de implanta\u00e7\u00e3o, garantia e manuten\u00e7\u00e3o, capacita\u00e7\u00e3o, metodologia de trabalho e seguran\u00e7a (sob o ponto de vista t\u00e9cnico). O integrante t\u00e9cnico dever\u00e1 definir ainda a forma\u00e7\u00e3o e a experi\u00eancia necess\u00e1ria da equipe que implantar\u00e1 e manter\u00e1 a solu\u00e7\u00e3o de TIC. Os tamb\u00e9m padr\u00f5es de interoperabilidade e de acessibilidade, bem como a linguagem de programa\u00e7\u00e3o e as interfaces da solu\u00e7\u00e3o.<br \/>\nSendo assim, a \u00fanica alternativa que N\u00c3O traz uma atribui\u00e7\u00e3o do integrante t\u00e9cnico \u00e9 a de definir como ser\u00e1 realizada a manuten\u00e7\u00e3o preventiva, corretiva, adaptativa e evolutiva da solu\u00e7\u00e3o, aspectos que exigem a necessidade de servi\u00e7os complementares. Gabarito letra A.<\/p>\n<p>45. A norma ABNT NBR ISO\/IEC 27004:2010 recomenda que se estabele\u00e7a e gerencie um Programa de Medi\u00e7\u00e3o de Seguran\u00e7a da Informa\u00e7\u00e3o \u2212 PMSI a fim de alcan\u00e7ar os objetivos de medi\u00e7\u00e3o estabelecidos e adotar o modelo PDCA nas atividades de medi\u00e7\u00e3o globais da organiza\u00e7\u00e3o. A Norma recomenda que o PMSI inclua os processos de<\/p>\n<p>(A) Defini\u00e7\u00e3o do escopo da medi\u00e7\u00e3o, Levantamento de requisitos de medi\u00e7\u00e3o, Execu\u00e7\u00e3o da medi\u00e7\u00e3o e An\u00e1lise dos resultados da medi\u00e7\u00e3o.<br \/>\n(B) Planejamento da medi\u00e7\u00e3o, Opera\u00e7\u00e3o da medi\u00e7\u00e3o, Verifica\u00e7\u00e3o da Medi\u00e7\u00e3o e Relato dos resultados para a alta gest\u00e3o.<br \/>\n(C) Defini\u00e7\u00e3o da Estrat\u00e9gia de medi\u00e7\u00e3o, Projeto da medi\u00e7\u00e3o, Opera\u00e7\u00e3o da Medi\u00e7\u00e3o e Melhoria Cont\u00ednua do PMSI.<br \/>\n(D) Desenvolvimento de medidas e medi\u00e7\u00e3o, Opera\u00e7\u00e3o da medi\u00e7\u00e3o, Relato dos resultados da an\u00e1lise de dados e da medi\u00e7\u00e3o e Avalia\u00e7\u00e3o e melhoria do PMSI.<br \/>\n(E) Planejamento da medi\u00e7\u00e3o, Execu\u00e7\u00e3o da medi\u00e7\u00e3o, Avalia\u00e7\u00e3o do PMSI e Ajuste no PMSI.<\/p>\n<p>Coment\u00e1rios: De acordo com a norma 27004, est\u00e3o entre os processos de um PMSI: o Desenvolvimento de medidas e medi\u00e7\u00e3o, Opera\u00e7\u00e3o da medi\u00e7\u00e3o, Relato dos resultados da an\u00e1lise de dados e da medi\u00e7\u00e3o e Avalia\u00e7\u00e3o e melhoria. Gabarito Letra D.<\/p>\n<p>47. Desenvolvimento seguro \u00e9 um requisito para construir um servi\u00e7o, uma arquitetura, um software e um sistema que respeitem normas de seguran\u00e7a. Dentro de uma pol\u00edtica de desenvolvimento seguro, a norma ABNT NBR ISO\/IEC 27002:2013 recomenda<br \/>\n(A) levar em considera\u00e7\u00e3o mais a habilidade t\u00e9cnica dos desenvolvedores, do que a capacidade de evitar, encontrar e corrigir vulnerabilidades.<br \/>\n(B) que o desenvolvimento de software nunca seja terceirizado.<br \/>\n(C) que n\u00e3o \u00e9 necess\u00e1rio considerar seguran\u00e7a na metodologia desenvolvimento do software, pois a seguran\u00e7a ser\u00e1 considerada na fase de programa\u00e7\u00e3o do software.<br \/>\n(D) que n\u00e3o sejam considerados requisitos de seguran\u00e7a na fase do projeto, mas sim na fase de implementa\u00e7\u00e3o do software.<br \/>\n(E) levar em considera\u00e7\u00e3o a seguran\u00e7a no controle de vers\u00f5es.<\/p>\n<p>Coment\u00e1rios: De acordo com a norma 27002, uma pol\u00edtica de desenvolvimento seguro deve considerar os seguintes aspectos:<\/p>\n<p>\u2022 seguran\u00e7a do ambiente de desenvolvimento;<br \/>\n\u2022 orienta\u00e7\u00f5es sobre a seguran\u00e7a no ciclo de vida do desenvolvimento do software:<br \/>\n\u2022 requisitos de seguran\u00e7a na fase do projeto;<br \/>\n\u2022 pontos de verifica\u00e7\u00e3o de seguran\u00e7a no cronograma do projeto;<br \/>\n\u2022 reposit\u00f3rios seguros;<br \/>\n\u2022 seguran\u00e7a no controle de vers\u00f5es;<br \/>\n\u2022 necess\u00e1rios conhecimentos de seguran\u00e7a de aplica\u00e7\u00f5es;<br \/>\n\u2022 capacidade dos desenvolvedores de evitar, encontrar e corrigir vulnerabilidades.<\/p>\n<p>Gabarito letra E.<\/p>\n<p>49. Considere os processos abaixo.<\/p>\n<p>Processos do SGSI<br \/>\n\u2212 Planejar.<br \/>\n\u2212 Executar.<br \/>\n\u2212 Verificar.<br \/>\n\u2212 Agir.<\/p>\n<p>Processos de GRSI<\/p>\n<p>\u2212 Defini\u00e7\u00e3o do contexto.<br \/>\n\u2212 Avalia\u00e7\u00e3o de riscos.<br \/>\n\u2212 Defini\u00e7\u00e3o do plano de tratamento do risco.<br \/>\n\u2212 Aceita\u00e7\u00e3o do risco.<br \/>\n\u2212 Implementa\u00e7\u00e3o do plano de tratamento do risco.<br \/>\n\u2212 Monitoramento cont\u00ednuo e an\u00e1lise cr\u00edtica de riscos.<br \/>\n\u2212 Manter e melhorar o processo de GRSI.<\/p>\n<p>A norma ABNT NBR ISO\/IEC 27005:2011 apresenta o alinhamento do processo do Sistema de Gest\u00e3o da Seguran\u00e7a da Informa\u00e7\u00e3o \u2013 SGSI e do processo de Gest\u00e3o de Riscos de Seguran\u00e7a da Informa\u00e7\u00e3o \u2013 GRSI. Segundo a Norma, o processo de GRSI denominado<\/p>\n<p>(A) &#8220;Implementa\u00e7\u00e3o do plano de tratamento do risco&#8221; est\u00e1 alinhado com o processo do SGSI &#8220;Agir&#8221;.<br \/>\n(B) &#8220;Aceita\u00e7\u00e3o do risco&#8221; est\u00e1 alinhado com o processo do SGSI &#8220;Verificar&#8221;.<br \/>\n(C) &#8220;Aceita\u00e7\u00e3o do risco&#8221; est\u00e1 alinhado com o processo do SGSI &#8220;Planejar&#8221;.<br \/>\n(D) &#8220;Avalia\u00e7\u00e3o de riscos&#8221; est\u00e1 alinhado com o processo do SGSI &#8220;Verificar&#8221;.<br \/>\n(E) &#8220;Manter e melhorar o processo de GRSI&#8221; est\u00e1 alinhado com o processo do SGSI &#8220;Verificar&#8221;.<\/p>\n<p>Coment\u00e1rios: O quadro a seguir representa exatamente este relacionamento entre o ciclo PDCA e o Processo de GRSI:<\/p>\n<p><img loading=\"lazy\" decoding=\"async\" class=\"alignnone size-medium wp-image-68694\" src=\"https:\/\/dhg1h5j42swfq.cloudfront.net\/2017\/03\/29171504\/GSIxGRSI.png\" alt=\"\" width=\"300\" height=\"117\" srcset=\"https:\/\/dhg1h5j42swfq.cloudfront.net\/2017\/03\/29171504\/GSIxGRSI.png 557w, https:\/\/dhg1h5j42swfq.cloudfront.net\/2017\/03\/29171504\/GSIxGRSI.png 300w, https:\/\/dhg1h5j42swfq.cloudfront.net\/2017\/03\/29171504\/GSIxGRSI.png 500w\" sizes=\"auto, (max-width: 300px) 100vw, 300px\" \/><\/p>\n<p>Gabarito letra C.<\/p>\n<p>\u00c9 isso a\u00ed pessoal&#8230; \u00a0n\u00e3o vejo possibilidade de recurso! \u00a0Quest\u00f5es de m\u00e9dias pra dif\u00edceis e bem elaboradas em sua imensa maioria.<\/p>\n<p>Ab\u00e7os e Sucesso pra vcs!<\/p>\n<p>F\u00e1vio Alves<\/p>\n","protected":false},"excerpt":{"rendered":"<p>Ol\u00e1 pessoal! \u00a0Seguem os coment\u00e1rios das quest\u00f5es de govenan\u00e7a e gest\u00e3o de TI da prova do TRT24. Utilizei o\u00a0Caderno de Prova \u2019H08\u2019, Tipo 004! \u00a0Vamos l\u00e1! 32. A norma NBR ISO\/IEC 38500:2009 fornece uma estrutura de princ\u00edpios para que dirigentes possam utiliz\u00e1-los na avalia\u00e7\u00e3o, gerenciamento e monitoramento do uso da TI em suas organiza\u00e7\u00f5es. A [&hellip;]<\/p>\n","protected":false},"author":100,"featured_media":0,"comment_status":"open","ping_status":"open","sticky":false,"template":"","format":"standard","meta":{"post_tipo":"article","footnotes":""},"categories":[1,1984],"tags":[],"tax_estado":[],"class_list":["post-68047","post","type-post","status-publish","format-standard","hentry","category-cursos-e-concursos","category-tribunais"],"acf":[],"yoast_head":"<!-- This site is optimized with the Yoast SEO Premium plugin v27.2 (Yoast SEO v27.2) - https:\/\/yoast.com\/product\/yoast-seo-premium-wordpress\/ -->\n<title>TRT 24 - Analista Judici\u00e1rio - TI - Governan\u00e7a e Gest\u00e3o<\/title>\n<meta name=\"robots\" content=\"index, follow, max-snippet:-1, max-image-preview:large, max-video-preview:-1\" \/>\n<link rel=\"canonical\" href=\"https:\/\/www.estrategiaconcursos.com.br\/blog\/trt-24-analista-judiciario-ti-governanca-e-gestao\/\" \/>\n<meta property=\"og:locale\" content=\"pt_BR\" \/>\n<meta property=\"og:type\" content=\"article\" \/>\n<meta property=\"og:title\" content=\"TRT 24 - Analista Judici\u00e1rio - TI - Governan\u00e7a e Gest\u00e3o\" \/>\n<meta property=\"og:description\" content=\"Ol\u00e1 pessoal! \u00a0Seguem os coment\u00e1rios das quest\u00f5es de govenan\u00e7a e gest\u00e3o de TI da prova do TRT24. Utilizei o\u00a0Caderno de Prova \u2019H08\u2019, Tipo 004! \u00a0Vamos l\u00e1! 32. A norma NBR ISO\/IEC 38500:2009 fornece uma estrutura de princ\u00edpios para que dirigentes possam utiliz\u00e1-los na avalia\u00e7\u00e3o, gerenciamento e monitoramento do uso da TI em suas organiza\u00e7\u00f5es. A [&hellip;]\" \/>\n<meta property=\"og:url\" content=\"https:\/\/www.estrategiaconcursos.com.br\/blog\/trt-24-analista-judiciario-ti-governanca-e-gestao\/\" \/>\n<meta property=\"og:site_name\" content=\"Estrat\u00e9gia Concursos\" \/>\n<meta property=\"article:published_time\" content=\"2017-03-29T20:23:38+00:00\" \/>\n<meta property=\"article:modified_time\" content=\"2018-09-28T20:53:50+00:00\" \/>\n<meta property=\"og:image\" content=\"https:\/\/www.estrategiaconcursos.com.br\/blog\/wp-content\/uploads\/2017\/03\/cobit-4.1-x-5-300x158.png\" \/>\n<meta name=\"author\" content=\"F\u00e1bio Alves\" \/>\n<meta name=\"twitter:card\" content=\"summary_large_image\" \/>\n<meta name=\"twitter:creator\" content=\"@EstratConcursos\" \/>\n<meta name=\"twitter:site\" content=\"@EstratConcursos\" \/>\n<meta name=\"twitter:label1\" content=\"Escrito por\" \/>\n\t<meta name=\"twitter:data1\" content=\"F\u00e1bio Alves\" \/>\n\t<meta name=\"twitter:label2\" content=\"Est. tempo de leitura\" \/>\n\t<meta name=\"twitter:data2\" content=\"13 minutos\" \/>\n<script type=\"application\/ld+json\" class=\"yoast-schema-graph\">{\"@context\":\"https:\/\/schema.org\",\"@graph\":[{\"@type\":\"NewsArticle\",\"@id\":\"https:\/\/www.estrategiaconcursos.com.br\/blog\/trt-24-analista-judiciario-ti-governanca-e-gestao\/#article\",\"isPartOf\":{\"@id\":\"https:\/\/www.estrategiaconcursos.com.br\/blog\/trt-24-analista-judiciario-ti-governanca-e-gestao\/\"},\"author\":{\"name\":\"F\u00e1bio Alves\",\"@id\":\"https:\/\/www.estrategiaconcursos.com.br\/blog\/#\/schema\/person\/fd4e12a9213010d2228e6bc69b89b33a\"},\"headline\":\"TRT 24 &#8211; Analista Judici\u00e1rio &#8211; TI &#8211; Governan\u00e7a e Gest\u00e3o\",\"datePublished\":\"2017-03-29T20:23:38+00:00\",\"dateModified\":\"2018-09-28T20:53:50+00:00\",\"mainEntityOfPage\":{\"@id\":\"https:\/\/www.estrategiaconcursos.com.br\/blog\/trt-24-analista-judiciario-ti-governanca-e-gestao\/\"},\"wordCount\":2591,\"commentCount\":2,\"publisher\":{\"@id\":\"https:\/\/www.estrategiaconcursos.com.br\/blog\/#organization\"},\"image\":{\"@id\":\"https:\/\/www.estrategiaconcursos.com.br\/blog\/trt-24-analista-judiciario-ti-governanca-e-gestao\/#primaryimage\"},\"thumbnailUrl\":\"https:\/\/www.estrategiaconcursos.com.br\/blog\/wp-content\/uploads\/2017\/03\/cobit-4.1-x-5-300x158.png\",\"articleSection\":[\"Concursos P\u00fablicos\",\"Tribunais\"],\"inLanguage\":\"pt-BR\",\"potentialAction\":[{\"@type\":\"CommentAction\",\"name\":\"Comment\",\"target\":[\"https:\/\/www.estrategiaconcursos.com.br\/blog\/trt-24-analista-judiciario-ti-governanca-e-gestao\/#respond\"]}],\"copyrightYear\":\"2017\",\"copyrightHolder\":{\"@id\":\"https:\/\/www.estrategiaconcursos.com.br\/blog\/#organization\"}},{\"@type\":\"WebPage\",\"@id\":\"https:\/\/www.estrategiaconcursos.com.br\/blog\/trt-24-analista-judiciario-ti-governanca-e-gestao\/\",\"url\":\"https:\/\/www.estrategiaconcursos.com.br\/blog\/trt-24-analista-judiciario-ti-governanca-e-gestao\/\",\"name\":\"TRT 24 - Analista Judici\u00e1rio - TI - Governan\u00e7a e Gest\u00e3o\",\"isPartOf\":{\"@id\":\"https:\/\/www.estrategiaconcursos.com.br\/blog\/#website\"},\"primaryImageOfPage\":{\"@id\":\"https:\/\/www.estrategiaconcursos.com.br\/blog\/trt-24-analista-judiciario-ti-governanca-e-gestao\/#primaryimage\"},\"image\":{\"@id\":\"https:\/\/www.estrategiaconcursos.com.br\/blog\/trt-24-analista-judiciario-ti-governanca-e-gestao\/#primaryimage\"},\"thumbnailUrl\":\"https:\/\/www.estrategiaconcursos.com.br\/blog\/wp-content\/uploads\/2017\/03\/cobit-4.1-x-5-300x158.png\",\"datePublished\":\"2017-03-29T20:23:38+00:00\",\"dateModified\":\"2018-09-28T20:53:50+00:00\",\"breadcrumb\":{\"@id\":\"https:\/\/www.estrategiaconcursos.com.br\/blog\/trt-24-analista-judiciario-ti-governanca-e-gestao\/#breadcrumb\"},\"inLanguage\":\"pt-BR\",\"potentialAction\":[{\"@type\":\"ReadAction\",\"target\":[\"https:\/\/www.estrategiaconcursos.com.br\/blog\/trt-24-analista-judiciario-ti-governanca-e-gestao\/\"]}]},{\"@type\":\"ImageObject\",\"inLanguage\":\"pt-BR\",\"@id\":\"https:\/\/www.estrategiaconcursos.com.br\/blog\/trt-24-analista-judiciario-ti-governanca-e-gestao\/#primaryimage\",\"url\":\"https:\/\/dhg1h5j42swfq.cloudfront.net\/2017\/03\/29171433\/cobit-4.1-x-5.png\",\"contentUrl\":\"https:\/\/dhg1h5j42swfq.cloudfront.net\/2017\/03\/29171433\/cobit-4.1-x-5.png\",\"width\":919,\"height\":485},{\"@type\":\"BreadcrumbList\",\"@id\":\"https:\/\/www.estrategiaconcursos.com.br\/blog\/trt-24-analista-judiciario-ti-governanca-e-gestao\/#breadcrumb\",\"itemListElement\":[{\"@type\":\"ListItem\",\"position\":1,\"name\":\"In\u00edcio\",\"item\":\"https:\/\/www.estrategiaconcursos.com.br\/blog\/\"},{\"@type\":\"ListItem\",\"position\":2,\"name\":\"TRT 24 &#8211; Analista Judici\u00e1rio &#8211; TI &#8211; Governan\u00e7a e Gest\u00e3o\"}]},{\"@type\":\"WebSite\",\"@id\":\"https:\/\/www.estrategiaconcursos.com.br\/blog\/#website\",\"url\":\"https:\/\/www.estrategiaconcursos.com.br\/blog\/\",\"name\":\"Estrat\u00e9gia Concursos\",\"description\":\"O blog da Estrat\u00e9gia Concursos traz not\u00edcias sobre concursos e artigos de professores oferecendo cursos para concursos (pdf + videaulas) no site.\",\"publisher\":{\"@id\":\"https:\/\/www.estrategiaconcursos.com.br\/blog\/#organization\"},\"potentialAction\":[{\"@type\":\"SearchAction\",\"target\":{\"@type\":\"EntryPoint\",\"urlTemplate\":\"https:\/\/www.estrategiaconcursos.com.br\/blog\/?s={search_term_string}\"},\"query-input\":{\"@type\":\"PropertyValueSpecification\",\"valueRequired\":true,\"valueName\":\"search_term_string\"}}],\"inLanguage\":\"pt-BR\"},{\"@type\":\"Organization\",\"@id\":\"https:\/\/www.estrategiaconcursos.com.br\/blog\/#organization\",\"name\":\"Estrat\u00e9gia Concursos\",\"url\":\"https:\/\/www.estrategiaconcursos.com.br\/blog\/\",\"logo\":{\"@type\":\"ImageObject\",\"inLanguage\":\"pt-BR\",\"@id\":\"https:\/\/www.estrategiaconcursos.com.br\/blog\/#\/schema\/logo\/image\/\",\"url\":\"https:\/\/dhg1h5j42swfq.cloudfront.net\/2025\/06\/03203428\/logo_concursos-1.jpg\",\"contentUrl\":\"https:\/\/dhg1h5j42swfq.cloudfront.net\/2025\/06\/03203428\/logo_concursos-1.jpg\",\"width\":230,\"height\":60,\"caption\":\"Estrat\u00e9gia Concursos\"},\"image\":{\"@id\":\"https:\/\/www.estrategiaconcursos.com.br\/blog\/#\/schema\/logo\/image\/\"},\"sameAs\":[\"https:\/\/x.com\/EstratConcursos\"]},{\"@type\":\"Person\",\"@id\":\"https:\/\/www.estrategiaconcursos.com.br\/blog\/#\/schema\/person\/fd4e12a9213010d2228e6bc69b89b33a\",\"name\":\"F\u00e1bio Alves\",\"image\":{\"@type\":\"ImageObject\",\"inLanguage\":\"pt-BR\",\"@id\":\"https:\/\/secure.gravatar.com\/avatar\/014c4afcbfcf7619f1d2feefbf6091f475f447368bbefcd03c9110b71d59a764?s=96&d=mm&r=g\",\"url\":\"https:\/\/secure.gravatar.com\/avatar\/014c4afcbfcf7619f1d2feefbf6091f475f447368bbefcd03c9110b71d59a764?s=96&d=mm&r=g\",\"contentUrl\":\"https:\/\/secure.gravatar.com\/avatar\/014c4afcbfcf7619f1d2feefbf6091f475f447368bbefcd03c9110b71d59a764?s=96&d=mm&r=g\",\"caption\":\"F\u00e1bio Alves\"},\"url\":\"https:\/\/www.estrategiaconcursos.com.br\/blog\/author\/fabioalvesestrategiaconcursos-com-br\/\"}]}<\/script>\n<!-- \/ Yoast SEO Premium plugin. -->","yoast_head_json":{"title":"TRT 24 - Analista Judici\u00e1rio - TI - Governan\u00e7a e Gest\u00e3o","robots":{"index":"index","follow":"follow","max-snippet":"max-snippet:-1","max-image-preview":"max-image-preview:large","max-video-preview":"max-video-preview:-1"},"canonical":"https:\/\/www.estrategiaconcursos.com.br\/blog\/trt-24-analista-judiciario-ti-governanca-e-gestao\/","og_locale":"pt_BR","og_type":"article","og_title":"TRT 24 - Analista Judici\u00e1rio - TI - Governan\u00e7a e Gest\u00e3o","og_description":"Ol\u00e1 pessoal! \u00a0Seguem os coment\u00e1rios das quest\u00f5es de govenan\u00e7a e gest\u00e3o de TI da prova do TRT24. Utilizei o\u00a0Caderno de Prova \u2019H08\u2019, Tipo 004! \u00a0Vamos l\u00e1! 32. A norma NBR ISO\/IEC 38500:2009 fornece uma estrutura de princ\u00edpios para que dirigentes possam utiliz\u00e1-los na avalia\u00e7\u00e3o, gerenciamento e monitoramento do uso da TI em suas organiza\u00e7\u00f5es. A [&hellip;]","og_url":"https:\/\/www.estrategiaconcursos.com.br\/blog\/trt-24-analista-judiciario-ti-governanca-e-gestao\/","og_site_name":"Estrat\u00e9gia Concursos","article_published_time":"2017-03-29T20:23:38+00:00","article_modified_time":"2018-09-28T20:53:50+00:00","og_image":[{"url":"https:\/\/www.estrategiaconcursos.com.br\/blog\/wp-content\/uploads\/2017\/03\/cobit-4.1-x-5-300x158.png","type":"","width":"","height":""}],"author":"F\u00e1bio Alves","twitter_card":"summary_large_image","twitter_creator":"@EstratConcursos","twitter_site":"@EstratConcursos","twitter_misc":{"Escrito por":"F\u00e1bio Alves","Est. tempo de leitura":"13 minutos"},"schema":{"@context":"https:\/\/schema.org","@graph":[{"@type":"NewsArticle","@id":"https:\/\/www.estrategiaconcursos.com.br\/blog\/trt-24-analista-judiciario-ti-governanca-e-gestao\/#article","isPartOf":{"@id":"https:\/\/www.estrategiaconcursos.com.br\/blog\/trt-24-analista-judiciario-ti-governanca-e-gestao\/"},"author":{"name":"F\u00e1bio Alves","@id":"https:\/\/www.estrategiaconcursos.com.br\/blog\/#\/schema\/person\/fd4e12a9213010d2228e6bc69b89b33a"},"headline":"TRT 24 &#8211; Analista Judici\u00e1rio &#8211; TI &#8211; Governan\u00e7a e Gest\u00e3o","datePublished":"2017-03-29T20:23:38+00:00","dateModified":"2018-09-28T20:53:50+00:00","mainEntityOfPage":{"@id":"https:\/\/www.estrategiaconcursos.com.br\/blog\/trt-24-analista-judiciario-ti-governanca-e-gestao\/"},"wordCount":2591,"commentCount":2,"publisher":{"@id":"https:\/\/www.estrategiaconcursos.com.br\/blog\/#organization"},"image":{"@id":"https:\/\/www.estrategiaconcursos.com.br\/blog\/trt-24-analista-judiciario-ti-governanca-e-gestao\/#primaryimage"},"thumbnailUrl":"https:\/\/www.estrategiaconcursos.com.br\/blog\/wp-content\/uploads\/2017\/03\/cobit-4.1-x-5-300x158.png","articleSection":["Concursos P\u00fablicos","Tribunais"],"inLanguage":"pt-BR","potentialAction":[{"@type":"CommentAction","name":"Comment","target":["https:\/\/www.estrategiaconcursos.com.br\/blog\/trt-24-analista-judiciario-ti-governanca-e-gestao\/#respond"]}],"copyrightYear":"2017","copyrightHolder":{"@id":"https:\/\/www.estrategiaconcursos.com.br\/blog\/#organization"}},{"@type":"WebPage","@id":"https:\/\/www.estrategiaconcursos.com.br\/blog\/trt-24-analista-judiciario-ti-governanca-e-gestao\/","url":"https:\/\/www.estrategiaconcursos.com.br\/blog\/trt-24-analista-judiciario-ti-governanca-e-gestao\/","name":"TRT 24 - Analista Judici\u00e1rio - TI - Governan\u00e7a e Gest\u00e3o","isPartOf":{"@id":"https:\/\/www.estrategiaconcursos.com.br\/blog\/#website"},"primaryImageOfPage":{"@id":"https:\/\/www.estrategiaconcursos.com.br\/blog\/trt-24-analista-judiciario-ti-governanca-e-gestao\/#primaryimage"},"image":{"@id":"https:\/\/www.estrategiaconcursos.com.br\/blog\/trt-24-analista-judiciario-ti-governanca-e-gestao\/#primaryimage"},"thumbnailUrl":"https:\/\/www.estrategiaconcursos.com.br\/blog\/wp-content\/uploads\/2017\/03\/cobit-4.1-x-5-300x158.png","datePublished":"2017-03-29T20:23:38+00:00","dateModified":"2018-09-28T20:53:50+00:00","breadcrumb":{"@id":"https:\/\/www.estrategiaconcursos.com.br\/blog\/trt-24-analista-judiciario-ti-governanca-e-gestao\/#breadcrumb"},"inLanguage":"pt-BR","potentialAction":[{"@type":"ReadAction","target":["https:\/\/www.estrategiaconcursos.com.br\/blog\/trt-24-analista-judiciario-ti-governanca-e-gestao\/"]}]},{"@type":"ImageObject","inLanguage":"pt-BR","@id":"https:\/\/www.estrategiaconcursos.com.br\/blog\/trt-24-analista-judiciario-ti-governanca-e-gestao\/#primaryimage","url":"https:\/\/dhg1h5j42swfq.cloudfront.net\/2017\/03\/29171433\/cobit-4.1-x-5.png","contentUrl":"https:\/\/dhg1h5j42swfq.cloudfront.net\/2017\/03\/29171433\/cobit-4.1-x-5.png","width":919,"height":485},{"@type":"BreadcrumbList","@id":"https:\/\/www.estrategiaconcursos.com.br\/blog\/trt-24-analista-judiciario-ti-governanca-e-gestao\/#breadcrumb","itemListElement":[{"@type":"ListItem","position":1,"name":"In\u00edcio","item":"https:\/\/www.estrategiaconcursos.com.br\/blog\/"},{"@type":"ListItem","position":2,"name":"TRT 24 &#8211; Analista Judici\u00e1rio &#8211; TI &#8211; Governan\u00e7a e Gest\u00e3o"}]},{"@type":"WebSite","@id":"https:\/\/www.estrategiaconcursos.com.br\/blog\/#website","url":"https:\/\/www.estrategiaconcursos.com.br\/blog\/","name":"Estrat\u00e9gia Concursos","description":"O blog da Estrat\u00e9gia Concursos traz not\u00edcias sobre concursos e artigos de professores oferecendo cursos para concursos (pdf + videaulas) no site.","publisher":{"@id":"https:\/\/www.estrategiaconcursos.com.br\/blog\/#organization"},"potentialAction":[{"@type":"SearchAction","target":{"@type":"EntryPoint","urlTemplate":"https:\/\/www.estrategiaconcursos.com.br\/blog\/?s={search_term_string}"},"query-input":{"@type":"PropertyValueSpecification","valueRequired":true,"valueName":"search_term_string"}}],"inLanguage":"pt-BR"},{"@type":"Organization","@id":"https:\/\/www.estrategiaconcursos.com.br\/blog\/#organization","name":"Estrat\u00e9gia Concursos","url":"https:\/\/www.estrategiaconcursos.com.br\/blog\/","logo":{"@type":"ImageObject","inLanguage":"pt-BR","@id":"https:\/\/www.estrategiaconcursos.com.br\/blog\/#\/schema\/logo\/image\/","url":"https:\/\/dhg1h5j42swfq.cloudfront.net\/2025\/06\/03203428\/logo_concursos-1.jpg","contentUrl":"https:\/\/dhg1h5j42swfq.cloudfront.net\/2025\/06\/03203428\/logo_concursos-1.jpg","width":230,"height":60,"caption":"Estrat\u00e9gia Concursos"},"image":{"@id":"https:\/\/www.estrategiaconcursos.com.br\/blog\/#\/schema\/logo\/image\/"},"sameAs":["https:\/\/x.com\/EstratConcursos"]},{"@type":"Person","@id":"https:\/\/www.estrategiaconcursos.com.br\/blog\/#\/schema\/person\/fd4e12a9213010d2228e6bc69b89b33a","name":"F\u00e1bio Alves","image":{"@type":"ImageObject","inLanguage":"pt-BR","@id":"https:\/\/secure.gravatar.com\/avatar\/014c4afcbfcf7619f1d2feefbf6091f475f447368bbefcd03c9110b71d59a764?s=96&d=mm&r=g","url":"https:\/\/secure.gravatar.com\/avatar\/014c4afcbfcf7619f1d2feefbf6091f475f447368bbefcd03c9110b71d59a764?s=96&d=mm&r=g","contentUrl":"https:\/\/secure.gravatar.com\/avatar\/014c4afcbfcf7619f1d2feefbf6091f475f447368bbefcd03c9110b71d59a764?s=96&d=mm&r=g","caption":"F\u00e1bio Alves"},"url":"https:\/\/www.estrategiaconcursos.com.br\/blog\/author\/fabioalvesestrategiaconcursos-com-br\/"}]}},"_links":{"self":[{"href":"https:\/\/www.estrategiaconcursos.com.br\/blog\/wp-json\/wp\/v2\/posts\/68047","targetHints":{"allow":["GET"]}}],"collection":[{"href":"https:\/\/www.estrategiaconcursos.com.br\/blog\/wp-json\/wp\/v2\/posts"}],"about":[{"href":"https:\/\/www.estrategiaconcursos.com.br\/blog\/wp-json\/wp\/v2\/types\/post"}],"author":[{"embeddable":true,"href":"https:\/\/www.estrategiaconcursos.com.br\/blog\/wp-json\/wp\/v2\/users\/100"}],"replies":[{"embeddable":true,"href":"https:\/\/www.estrategiaconcursos.com.br\/blog\/wp-json\/wp\/v2\/comments?post=68047"}],"version-history":[{"count":6,"href":"https:\/\/www.estrategiaconcursos.com.br\/blog\/wp-json\/wp\/v2\/posts\/68047\/revisions"}],"predecessor-version":[{"id":144092,"href":"https:\/\/www.estrategiaconcursos.com.br\/blog\/wp-json\/wp\/v2\/posts\/68047\/revisions\/144092"}],"wp:attachment":[{"href":"https:\/\/www.estrategiaconcursos.com.br\/blog\/wp-json\/wp\/v2\/media?parent=68047"}],"wp:term":[{"taxonomy":"category","embeddable":true,"href":"https:\/\/www.estrategiaconcursos.com.br\/blog\/wp-json\/wp\/v2\/categories?post=68047"},{"taxonomy":"post_tag","embeddable":true,"href":"https:\/\/www.estrategiaconcursos.com.br\/blog\/wp-json\/wp\/v2\/tags?post=68047"},{"taxonomy":"tax_estado","embeddable":true,"href":"https:\/\/www.estrategiaconcursos.com.br\/blog\/wp-json\/wp\/v2\/tax_estado?post=68047"}],"curies":[{"name":"wp","href":"https:\/\/api.w.org\/{rel}","templated":true}]}}