{"id":67931,"date":"2017-03-22T20:02:17","date_gmt":"2017-03-22T23:02:17","guid":{"rendered":"https:\/\/www.estrategiaconcursos.com.br\/blog\/?p=67931"},"modified":"2018-04-05T08:02:14","modified_gmt":"2018-04-05T11:02:14","slug":"prova-de-direito-tributario-comentada-tre-pe-ajaa-contabilidade","status":"publish","type":"post","link":"https:\/\/www.estrategiaconcursos.com.br\/blog\/prova-de-direito-tributario-comentada-tre-pe-ajaa-contabilidade\/","title":{"rendered":"Prova de Direito Tribut\u00e1rio Comentada &#8211; TRE-PE &#8211; AJAA &#8211; Contabilidade"},"content":{"rendered":"<p style=\"text-align: justify\">Ol\u00e1, pessoal, tudo bem?<\/p>\n<p style=\"text-align: justify\">Neste final de semana, foram aplicadas as t\u00e3o aguardadas provas para o concurso do TRE-PE! A disciplina de Direito Tribut\u00e1rio foi cobrada para o Cargo 02 \u2013 Analista Judici\u00e1rio \u2013 \u00c1rea Administrativa &#8211; Especialidade em Contabilidade.<\/p>\n<p style=\"text-align: justify\">Com a recente publica\u00e7\u00e3o dos gabaritos provis\u00f3rios, comentamos as quest\u00f5es cobradas da nossa disciplina nessas provas, com exce\u00e7\u00e3o daquelas que se referem exclusivamente ao Direito Previdenci\u00e1rio (quest\u00f5es 57, 58 e 59).<\/p>\n<p style=\"text-align: justify\">Vislumbramos um poss\u00edvel recurso na quest\u00e3o 50.<\/p>\n<p style=\"text-align: justify\">Os coment\u00e1rios seguem abaixo.<\/p>\n<p style=\"text-align: justify\">Desejo muito sucesso a todos voc\u00eas!<\/p>\n<p style=\"text-align: justify\">Um abra\u00e7o e boa sorte!<\/p>\n<p style=\"text-align: justify\"><span style=\"color: #0000ff\"><strong>Fabio Dutra<\/strong><\/span><\/p>\n<p style=\"text-align: justify\"><span style=\"color: #0000ff\"><strong>Professor de Direito Tribut\u00e1rio no Estrat\u00e9gia Concursos<\/strong><\/span><\/p>\n<hr \/>\n<p style=\"text-align: justify\"><strong>Quest\u00e3o 49 &#8211;<\/strong> A respeito de tributo, assinale a op\u00e7\u00e3o correta.<\/p>\n<p style=\"text-align: justify\">a) \u00c9 vedado o pagamento de tributos com t\u00edtulos da d\u00edvida mobili\u00e1ria.<\/p>\n<p style=\"text-align: justify\">b) Tributo deve ser criado por lei ou por qualquer norma que tenha for\u00e7a de lei.<\/p>\n<p style=\"text-align: justify\">c) O tributo pode ser institu\u00eddo por procedimentos administrativos que n\u00e3o sejam proibidos por lei.<\/p>\n<p style=\"text-align: justify\">d) O tributo constitui direito real do Estado perante o contribuinte.<\/p>\n<p style=\"text-align: justify\">e) A vontade do sujeito passivo \u00e9 irrelevante na rela\u00e7\u00e3o tribut\u00e1ria.<\/p>\n<p style=\"text-align: justify\"><strong>Coment\u00e1rio:<\/strong><\/p>\n<p style=\"text-align: justify\">Alternativa A: O art. 3\u00ba, do CTN, estabelece que tributo \u00e9 uma presta\u00e7\u00e3o pecuni\u00e1ria, em moeda ou cujo valor nela se possa exprimir. Embora ainda n\u00e3o seja assunto desta aula, o pagamento de tributos com t\u00edtulos da d\u00edvida mobili\u00e1ria configura uma forma de compensa\u00e7\u00e3o (os t\u00edtulos representam os cr\u00e9ditos do contribuinte contra a Fazenda), prevista no art. 156, II, do CTN. Alternativa errada.<\/p>\n<p style=\"text-align: justify\">Alternativa B: O tributo deve, necessariamente, ser institu\u00eddo por meio de lei. Alternativa errada.<\/p>\n<p style=\"text-align: justify\">Alternativa C: A institui\u00e7\u00e3o do tributo deve sempre ocorrer por meio de lei. Alternativa errada.<\/p>\n<p style=\"text-align: justify\">Alternativa D: Os direitos reais s\u00e3o determinados no art. 1225, do C\u00f3digo Civil, dentre os quais n\u00e3o se encontra o cr\u00e9dito tribut\u00e1rio. Alternativa errada.<\/p>\n<p style=\"text-align: justify\">Alternativa E: O tributo \u00e9 uma presta\u00e7\u00e3o compuls\u00f3ria. Isso significa que se o fato gerador do tributo ocorre, n\u00e3o h\u00e1 relev\u00e2ncia na vontade do sujeito passivo quanto ao dever de cumprir a obriga\u00e7\u00e3o tribut\u00e1ria. Alternativa correta.<\/p>\n<p style=\"text-align: justify\"><strong>Gabarito: Letra E<\/strong><\/p>\n<hr \/>\n<p style=\"text-align: justify\"><strong>Quest\u00e3o 50 &#8211;<\/strong> O princ\u00edpio tribut\u00e1rio que transfere o \u00f4nus fiscal do contribuinte de direito para o contribuinte de fato \u00e9 o princ\u00edpio do(a)<\/p>\n<p style=\"text-align: justify\">a) seletividade.<\/p>\n<p style=\"text-align: justify\">b) isonomia ou da igualdade tribut\u00e1ria.<\/p>\n<p style=\"text-align: justify\">c) anterioridade da legisla\u00e7\u00e3o.<\/p>\n<p style=\"text-align: justify\">d) n\u00e3o confisco.<\/p>\n<p style=\"text-align: justify\">e) n\u00e3o cumulatividade.<\/p>\n<p style=\"text-align: justify\"><strong>Coment\u00e1rio: <\/strong>O princ\u00edpio tribut\u00e1rio que est\u00e1 relacionado aos impostos sobre a produ\u00e7\u00e3o e circula\u00e7\u00e3o de mercadorias (plurif\u00e1sicos), os quais acabam por transferir o \u00f4nus fiscal do contribuinte de direito para o contribuinte de fato, \u00e9 o princ\u00edpio da n\u00e3o cumulatividade.<\/p>\n<p style=\"text-align: justify\">Observe que n\u00e3o \u00e9 o princ\u00edpio que transfere o \u00f4nus, mas sim a pr\u00f3pria natureza do tributo (sobre produ\u00e7\u00e3o e circula\u00e7\u00e3o de mercadorias), de modo que o \u00f4nus seria transferido ainda que fossem tais tributos cumulativos, o que impactaria o consumidor, evidentemente, de forma bem mais gravosa. Acreditamos que cabe recurso quanto a este aspecto.<\/p>\n<p style=\"text-align: justify\"><strong>Gabarito: Letra E<\/strong><\/p>\n<hr \/>\n<p style=\"text-align: justify\"><strong>Quest\u00e3o 51 &#8211;<\/strong> Considerando que o preju\u00edzo fiscal apurado por determinada entidade optante pelo regime de tributa\u00e7\u00e3o do imposto de renda sobre o lucro real poder\u00e1 ser compensado com os lucros l\u00edquidos ajustados pelas adi\u00e7\u00f5es e exclus\u00f5es previstas na legisla\u00e7\u00e3o, assinale a op\u00e7\u00e3o correta.<\/p>\n<p style=\"text-align: justify\">a) O recolhimento do tributo j\u00e1 reconhecido pode ser postergado em determinadas situa\u00e7\u00f5es at\u00e9 o recebimento da receita correspondente.<\/p>\n<p style=\"text-align: justify\">b) \u00c9 vedada a cobran\u00e7a de acr\u00e9scimos de qualquer natureza no caso de imposto apurado ap\u00f3s a compensa\u00e7\u00e3o.<\/p>\n<p style=\"text-align: justify\">c) O percentual m\u00e1ximo de compensa\u00e7\u00e3o para entidades que apuram o lucro real anual \u00e9 diferente do das entidades que apuram esse lucro trimestralmente.<\/p>\n<p style=\"text-align: justify\">d) O livro cont\u00e1bil essencial para a apura\u00e7\u00e3o do lucro que ser\u00e1 objeto de compensa\u00e7\u00e3o \u00e9 o livro raz\u00e3o.<\/p>\n<p style=\"text-align: justify\">e) No caso de recolhimento mensal dos tributos, \u00e9 vedada a dedu\u00e7\u00e3o do imposto pago na apura\u00e7\u00e3o do tributo de cada m\u00eas.<\/p>\n<p style=\"text-align: justify\"><strong>Coment\u00e1rio:<\/strong><\/p>\n<p style=\"text-align: justify\">Alternativa A: De fato, embora a regra seja a apura\u00e7\u00e3o do lucro real segundo o regime de compet\u00eancia, existem situa\u00e7\u00f5es excepcionais que admitem a apura\u00e7\u00e3o com base no regime de caixa, isto \u00e9, admite-se a posterga\u00e7\u00e3o do imposto at\u00e9 o recebimento da receita correspondente. Alternativa correta.<\/p>\n<p style=\"text-align: justify\">Alternativa B: A legisla\u00e7\u00e3o prev\u00ea a aplica\u00e7\u00e3o do adicional ao imposto de renda, \u00e0 al\u00edquota de 10%, incidente sobre o valor do lucro que exceder a R$ 20.000,00 multiplicado pelo n\u00famero de meses do per\u00edodo de apura\u00e7\u00e3o. Alternativa errada.<\/p>\n<p style=\"text-align: justify\">Alternativa C: O percentual m\u00e1ximo de compensa\u00e7\u00e3o de preju\u00edzo fiscal independe do per\u00edodo de apura\u00e7\u00e3o do lucro a que se submete o contribuinte, sendo em ambos os casos 30% dos lucro l\u00edquido ajustado pelas adi\u00e7\u00f5es e exclus\u00f5es previstas na legisla\u00e7\u00e3o. Alternativa errada.<\/p>\n<p style=\"text-align: justify\">Alternativa D: O livro fiscal essencial para a apura\u00e7\u00e3o do lucro que ser\u00e1 objeto de compensa\u00e7\u00e3o \u00e9 o Livro de Apura\u00e7\u00e3o do Lucro Real (Lalur). Alternativa errada.<\/p>\n<p style=\"text-align: justify\">Alternativa E: Ao que nos parece, a assertiva trata do pagamento do IRPJ por estimativa, mensalmente. Neste caso, trata-se do regime anual na apura\u00e7\u00e3o do IRPJ pelo lucro real, hip\u00f3tese em que o contribuinte pode deduzir ao longo do ano-calend\u00e1rio o que j\u00e1 foi pago, mediante o levantamento de balan\u00e7o ou balancete de suspens\u00e3o ou redu\u00e7\u00e3o. Alternativa errada.<\/p>\n<p style=\"text-align: justify\"><strong>Gabarito: Letra A <\/strong><\/p>\n<hr \/>\n<p style=\"text-align: justify\"><strong>Quest\u00e3o 52 &#8211;<\/strong> Assinale a op\u00e7\u00e3o correta a respeito do IRPJ.<\/p>\n<p style=\"text-align: justify\">a) O per\u00edodo de incid\u00eancia do IRPJ \u00e9 sempre anual, ainda que a apura\u00e7\u00e3o obede\u00e7a a outro per\u00edodo.<\/p>\n<p style=\"text-align: justify\">b) O lucro presumido \u00e9 o m\u00e9todo de lan\u00e7amento realizado pela autoridade fiscal.<\/p>\n<p style=\"text-align: justify\">c) O lucro arbitrado consiste na aplica\u00e7\u00e3o de coeficientes definidos pelo legislador sobre a receita bruta anual.<\/p>\n<p style=\"text-align: justify\">d) O imposto em quest\u00e3o pode incidir sobre pessoas f\u00edsicas.<\/p>\n<p style=\"text-align: justify\">e) A cobran\u00e7a do IRPJ deve ser feita no local onde a renda foi auferida.<\/p>\n<p style=\"text-align: justify\"><strong>Coment\u00e1rio:<\/strong><\/p>\n<p style=\"text-align: justify\">Alternativa A: Na realidade, em regra, o per\u00edodo de apura\u00e7\u00e3o do IRPJ \u00e9 trimestral, ressalvado no caso do regime de tributa\u00e7\u00e3o pelo lucro real, em que se admite a apura\u00e7\u00e3o trimestral do imposto. Alternativa errada.<\/p>\n<p style=\"text-align: justify\">Alternativa B: O lucro presumido constitui um dos regimes de tributa\u00e7\u00e3o do IRPJ \u00e0 op\u00e7\u00e3o do contribuinte. Alternativa errada.<\/p>\n<p style=\"text-align: justify\">Alternativa C: Como no regime de tributa\u00e7\u00e3o pelo lucro arbitrado, o per\u00edodo de apura\u00e7\u00e3o do imposto \u00e9 trimestral, n\u00e3o se pode considerar para fins de c\u00e1lculo a receita bruta anual. Alternativa errada.<\/p>\n<p style=\"text-align: justify\">Alternativa D: De fato, o IRPJ pode incidir sobre pessoas f\u00edsicas que sejam, por defini\u00e7\u00e3o na legisla\u00e7\u00e3o tribut\u00e1ria, equiparadas a pessoas jur\u00eddicas. Alternativa correta.<\/p>\n<p style=\"text-align: justify\">Alternativa E: Quanto ao IRPJ, cabe ao contribuinte efetuar o recolhimento antecipado do imposto, sem pr\u00e9vio exame da autoridade administrativa, ficando esta apenas respons\u00e1vel pela homologa\u00e7\u00e3o posterior. Nos casos em que n\u00e3o haja pagamento por parte do sujeito passivo, caber\u00e1 \u00e0 Uni\u00e3o, por meio da Receita Federal promover a atividade de cobran\u00e7a, seguindo as regras do domic\u00edlio fiscal, previstas no Regulamento do Imposto de Renda. Alternativa errada.<\/p>\n<p style=\"text-align: justify\"><strong>Gabarito: Letra D<\/strong><\/p>\n<hr \/>\n<p style=\"text-align: justify\"><strong>Quest\u00e3o 53 &#8211;<\/strong> Com refer\u00eancia \u00e0 CSLL, assinale a op\u00e7\u00e3o correta.<\/p>\n<p style=\"text-align: justify\">a) O regime de tributa\u00e7\u00e3o da CSLL pode ser diferente do regime do IRPJ, a depender da op\u00e7\u00e3o feita pelo contribuinte.<\/p>\n<p style=\"text-align: justify\">b) Os lucros decorrentes de participa\u00e7\u00f5es societ\u00e1rias integram a base de c\u00e1lculo da CSLL, independentemente de sua natureza.<\/p>\n<p style=\"text-align: justify\">c) A majora\u00e7\u00e3o da CSLL somente poder\u00e1 ser cobrada no exerc\u00edcio financeiro seguinte ao da lei que aprovar o aumento.<\/p>\n<p style=\"text-align: justify\">d) O fato gerador da CSLL est\u00e1 definido em legisla\u00e7\u00e3o espec\u00edfica, a partir de autoriza\u00e7\u00e3o dada em lei complementar.<\/p>\n<p style=\"text-align: justify\">e) Para usufruir da isen\u00e7\u00e3o da CSLL, as institui\u00e7\u00f5es de car\u00e1ter filantr\u00f3pico devem aplicar integralmente seus recursos na manuten\u00e7\u00e3o e no desenvolvimento dos seus objetivos sociais.<\/p>\n<p style=\"text-align: justify\"><strong>Coment\u00e1rio:<\/strong><\/p>\n<p style=\"text-align: justify\">Alternativa A: O regime de tributa\u00e7\u00e3o da CSLL segue as regras do regime do IRPJ, conforme op\u00e7\u00e3o realizada pelo contribuinte. Alternativa errada.<\/p>\n<p style=\"text-align: justify\">Alternativa B: Via de regra, os lucros decorrentes de participa\u00e7\u00f5es societ\u00e1rias n\u00e3o integram a base de c\u00e1lculo da CSLL. Alternativa errada.<\/p>\n<p style=\"text-align: justify\">Alternativa C: Sendo a CSLL uma contribui\u00e7\u00f5es de seguridade social, n\u00e3o se lhe aplica o princ\u00edpio da anterioridade anual, mas t\u00e3o somente a regra da noventena, disposta no art. 195, \u00a7 6\u00ba, da CF\/88. Alternativa errada.<\/p>\n<p style=\"text-align: justify\">Alternativa D: A defini\u00e7\u00e3o de regras gerais em lei complementar a respeito de fatos geradores \u00e9 aplic\u00e1vel apenas aos impostos, e n\u00e3o \u00e0s contribui\u00e7\u00f5es, como a CSLL. Alternativa errada.<\/p>\n<p style=\"text-align: justify\">Alternativa E: Conforme prev\u00ea o art. 15, \u00a7 2\u00ba, da Lei 9.532\/97, para usufruir da isen\u00e7\u00e3o da CSLL, as institui\u00e7\u00f5es de car\u00e1ter filantr\u00f3pico devem aplicar integralmente seus recursos na manuten\u00e7\u00e3o e no desenvolvimento dos seus objetivos sociais. Alternativa correta.<\/p>\n<p style=\"text-align: justify\"><strong>Gabarito: Letra E<\/strong><\/p>\n<hr \/>\n<p style=\"text-align: justify\"><strong>Quest\u00e3o 54 &#8211;<\/strong> A contribui\u00e7\u00e3o para o PIS incidente sobre a importa\u00e7\u00e3o de bens ou servi\u00e7os ter\u00e1 como contribuinte na qualidade de sujeito passivo da obriga\u00e7\u00e3o principal<\/p>\n<p style=\"text-align: justify\">a) o transportador, quando este transportar bens procedentes do exterior ou sob controle aduaneiro.<\/p>\n<p style=\"text-align: justify\">b) o representante, no pa\u00eds, do transportador estrangeiro.<\/p>\n<p style=\"text-align: justify\">c) a pessoa incumbida da cust\u00f3dia de bem sob controle aduaneiro.<\/p>\n<p style=\"text-align: justify\">d) o subcontratado para a realiza\u00e7\u00e3o do transporte multimodal.<\/p>\n<p style=\"text-align: justify\">e) o benefici\u00e1rio do servi\u00e7o, caso o contratante seja residente ou domiciliado no exterior.<\/p>\n<p style=\"text-align: justify\"><strong>Coment\u00e1rio: <\/strong>De acordo com o art. 5\u00ba, da Lei 10.865\/04, s\u00e3o contribuintes da contribui\u00e7\u00e3o PIS-Importa\u00e7\u00e3o os seguintes:<\/p>\n<p style=\"text-align: justify\"><em>I &#8211; o importador, assim considerada a pessoa f\u00edsica ou jur\u00eddica que promova a entrada de bens estrangeiros no territ\u00f3rio nacional;<\/em><\/p>\n<p style=\"text-align: justify\"><em>II &#8211; a pessoa f\u00edsica ou jur\u00eddica contratante de servi\u00e7os de residente ou domiciliado no exterior; e<\/em><\/p>\n<p style=\"text-align: justify\"><em>III &#8211; o benefici\u00e1rio do servi\u00e7o, na hip\u00f3tese em que o contratante tamb\u00e9m seja residente ou domiciliado no exterior.<\/em><\/p>\n<p style=\"text-align: justify\">Conclu\u00edmos, assim, que a \u00fanica alternativa que aponta um contribuinte da referida contribui\u00e7\u00e3o \u00e9 a Letra E.<\/p>\n<p style=\"text-align: justify\"><strong>Gabarito: Letra E<\/strong><\/p>\n<hr \/>\n<p style=\"text-align: justify\"><strong>Quest\u00e3o 55 &#8211;<\/strong> Com rela\u00e7\u00e3o \u00e0 incid\u00eancia da COFINS sobre opera\u00e7\u00f5es, realizadas por pessoa jur\u00eddica, de aquisi\u00e7\u00e3o de im\u00f3veis para venda, para a promo\u00e7\u00e3o de empreendimento de desmembramento e para loteamento de terrenos, assinale a op\u00e7\u00e3o correta.<\/p>\n<p style=\"text-align: justify\">a) A receita da venda deve ser descontada dos custos vinculados \u00e0 unidade vendida e incorridos ap\u00f3s a venda.<\/p>\n<p style=\"text-align: justify\">b) Ocorrendo modifica\u00e7\u00e3o do valor do custo or\u00e7ado antes do t\u00e9rmino do melhoramento do im\u00f3vel, a compensa\u00e7\u00e3o incidir\u00e1 sobre a m\u00e9dia aritm\u00e9tica entre o valor or\u00e7ado original e o valor efetivo final.<\/p>\n<p style=\"text-align: justify\">c) A pessoa jur\u00eddica que utilizar o cr\u00e9dito presumido da COFINS deve determinar a diferen\u00e7a entre o custo or\u00e7ado e o efetivamente realizado.<\/p>\n<p style=\"text-align: justify\">d) Na hip\u00f3tese de venda de unidade imobili\u00e1ria n\u00e3o conclu\u00edda, \u00e9 vedada a utiliza\u00e7\u00e3o de cr\u00e9dito de qualquer esp\u00e9cie relativo \u00e0 COFINS.<\/p>\n<p style=\"text-align: justify\">e) O cr\u00e9dito presumido deve ser calculado mediante a aplica\u00e7\u00e3o da al\u00edquota sobre o valor do custo do im\u00f3vel, permitida t\u00e3o somente a exclus\u00e3o de encargos trabalhistas pagos.<\/p>\n<p style=\"text-align: justify\"><strong>Coment\u00e1rio: <\/strong>Trata-se de disposi\u00e7\u00f5es espec\u00edficas contidas na IN SRF 404\/04:<\/p>\n<p style=\"text-align: justify\">Alternativa A: A base de c\u00e1lculo da referida contribui\u00e7\u00e3o \u00e9 o faturamento mensal, tornando-se inaplic\u00e1vel a situa\u00e7\u00e3o descrita na assertiva. Alternativa errada.<\/p>\n<p style=\"text-align: justify\">Alternativa B: Na realidade, nessa hip\u00f3tese, o novo valor or\u00e7ado deve ser considerado, admitindo-se apenas as altera\u00e7\u00f5es que se relacionem com a quantidade ou a qualidade dos materiais, bens, obras ou servi\u00e7os, ou com a natureza dos encargos ou despesas estipulados no or\u00e7amento. Alternativa errada.<\/p>\n<p style=\"text-align: justify\">Alternativa C: De acordo com a IN SRF 404\/04, art. 13, \u00a7 10, a pessoa jur\u00eddica que utilizar o cr\u00e9dito presumido da COFINS deve determinar a diferen\u00e7a entre o custo or\u00e7ado e o efetivamente realizado, com os devidos ajustes previstos na legisla\u00e7\u00e3o tribut\u00e1ria. Alternativa correta.<\/p>\n<p style=\"text-align: justify\">Alternativa D: Contrariamente ao que foi afirmado, o art. 13, \u00a7 1\u00ba, da IN SRF 404\/04, prev\u00ea que, na hip\u00f3tese de venda de unidade imobili\u00e1ria n\u00e3o conclu\u00edda, a pessoa jur\u00eddica pode utilizar cr\u00e9dito presumido, em rela\u00e7\u00e3o ao custo or\u00e7ado, de que trata a legisla\u00e7\u00e3o do imposto de renda, observado, no que couber, o disposto na Instru\u00e7\u00e3o Normativa SRF n\u00ba 84\/79, de 20 de dezembro de 1979, e altera\u00e7\u00f5es posteriores. Alternativa errada.<\/p>\n<p style=\"text-align: justify\">Alternativa E: Disp\u00f5e a referida instru\u00e7\u00e3o normativa que o cr\u00e9dito presumido deve ser calculado mediante a aplica\u00e7\u00e3o da al\u00edquota de 7,6% sobre o valor do custo or\u00e7ado para conclus\u00e3o da obra ou melhoramento, ajustado pela exclus\u00e3o dos valores a serem pagos a pessoa f\u00edsica, encargos trabalhistas, sociais e previdenci\u00e1rios, e dos bens e servi\u00e7os, acrescidos dos tributos incidentes na importa\u00e7\u00e3o, adquiridos de pessoa f\u00edsica ou jur\u00eddica residente ou domiciliada no exterior. Alternativa errada.<\/p>\n<p style=\"text-align: justify\"><strong>Gabarito: Letra C<\/strong><\/p>\n<hr \/>\n<p style=\"text-align: justify\"><strong>Quest\u00e3o 56 &#8211; <\/strong>Assinale a op\u00e7\u00e3o correta com rela\u00e7\u00e3o aos procedimentos de lan\u00e7amento do ISS.<\/p>\n<p style=\"text-align: justify\">a) A revis\u00e3o do lan\u00e7amento ser\u00e1 ineficaz no caso de inexatid\u00e3o das informa\u00e7\u00f5es.<\/p>\n<p style=\"text-align: justify\">b) Profissionais aut\u00f4nomos devem efetuar o lan\u00e7amento ainda que n\u00e3o tenham exercido a atividade.<\/p>\n<p style=\"text-align: justify\">c) O lan\u00e7amento do ISS \u00e9 exclusivamente mensal.<\/p>\n<p style=\"text-align: justify\">d) O lan\u00e7amento regularmente notificado pode ser modificado.<\/p>\n<p style=\"text-align: justify\">e) O contribuinte \u00e9 respons\u00e1vel pelo lan\u00e7amento em todas as modalidades e deve comunic\u00e1-lo \u00e0 secretaria de fazenda.<\/p>\n<p style=\"text-align: justify\"><strong>Coment\u00e1rio:<\/strong><\/p>\n<p style=\"text-align: justify\">Alternativa A: No caso de inexatid\u00e3o das informa\u00e7\u00f5es, o art. 149, do CTN, permite que a autoridade administrativa providencie a revis\u00e3o do lan\u00e7amento de of\u00edcio. Alternativa errada.<\/p>\n<p style=\"text-align: justify\">Alternativa B: Se n\u00e3o h\u00e1 presta\u00e7\u00e3o de servi\u00e7o, n\u00e3o h\u00e1 fato gerador do ISS, e, consequentemente, n\u00e3o h\u00e1 que se falar em lan\u00e7amento. Alternativa errada.<\/p>\n<p style=\"text-align: justify\">Alternativa C: N\u00e3o h\u00e1 qualquer regra obrigando o ISS a ter o lan\u00e7amento realizado mensalmente. Alternativa errada.<\/p>\n<p style=\"text-align: justify\">Alternativa D: De acordo com o art. 145, do CTN, o lan\u00e7amento regularmente notificado ao sujeito passivo pode ser modificado nos casos ali previstos. Alternativa correta.<\/p>\n<p style=\"text-align: justify\">Alternativa E: A atividade de lan\u00e7amento tribut\u00e1rio \u00e9 privativa da autoridade administrativa, nos termos do art. 142, do CTN. Na modalidade de lan\u00e7amento por homologa\u00e7\u00e3o, por\u00e9m, a lei atribui ao contribuinte a responsabilidade pelo pagamento antecipado e a comunica\u00e7\u00e3o \u00e0 Fazenda, por meio de declara\u00e7\u00e3o, nos termos da legisla\u00e7\u00e3o espec\u00edfica do tributo. Portanto, n\u00e3o se pode afirmar isso. Alternativa errada.<\/p>\n<p style=\"text-align: justify\"><strong>Gabarito: Letra D<\/strong><\/p>\n<hr \/>\n<p style=\"text-align: justify\"><strong>Quest\u00e3o 60 &#8211;<\/strong> O ISS<\/p>\n<p style=\"text-align: justify\">a) \u00e9 devido por servi\u00e7os prestados que n\u00e3o constituam atividade preponderante do prestador.<\/p>\n<p style=\"text-align: justify\">b) \u00e9 de compet\u00eancia da Uni\u00e3o, com arrecada\u00e7\u00e3o destinada aos munic\u00edpios.<\/p>\n<p style=\"text-align: justify\">c) exclui a cobran\u00e7a sobre servi\u00e7os cuja presta\u00e7\u00e3o se tenha iniciado no exterior.<\/p>\n<p style=\"text-align: justify\">d) pode ser cobrado em conjunto com o ICMS.<\/p>\n<p style=\"text-align: justify\">e) tem sua incid\u00eancia condicionada \u00e0 denomina\u00e7\u00e3o dada ao servi\u00e7o prestado.<\/p>\n<p style=\"text-align: justify\"><strong>Coment\u00e1rio:<\/strong><\/p>\n<p style=\"text-align: justify\">Alternativa A: De fato, o ISS \u00e9 devido por servi\u00e7os prestados, ainda que n\u00e3o constituam atividade preponderante do prestador. Alternativa correta.<\/p>\n<p style=\"text-align: justify\">Alternativa B: O ISS \u00e9 de compet\u00eancia dos Munic\u00edpios, e n\u00e3o da Uni\u00e3o. Alternativa errada.<\/p>\n<p style=\"text-align: justify\">Alternativa C: O ISS incide sobre servi\u00e7os cuja presta\u00e7\u00e3o se tenha iniciado no exterior. Alternativa errada.<\/p>\n<p style=\"text-align: justify\">Alternativa D: O servi\u00e7o tributado pelo ISS n\u00e3o pode ser tributado pelo ICMS, pois tal situa\u00e7\u00e3o configuraria clara bitributa\u00e7\u00e3o, ofendendo a r\u00edgida reparti\u00e7\u00e3o de compet\u00eancia tribut\u00e1ria definida na CF\/88. Alternativa errada.<\/p>\n<p style=\"text-align: justify\">Alternativa E: De acordo com o art. 1\u00ba, \u00a7 4\u00ba, da LC 116\/03, a incid\u00eancia do ISS n\u00e3o depende da denomina\u00e7\u00e3o dada ao servi\u00e7o prestado. Alternativa errada.<\/p>\n<p style=\"text-align: justify\"><strong>Gabarito: Letra A<\/strong><\/p>\n<p style=\"text-align: justify\">\n<p style=\"text-align: justify\">\n","protected":false},"excerpt":{"rendered":"<p>Ol\u00e1, pessoal, tudo bem? Neste final de semana, foram aplicadas as t\u00e3o aguardadas provas para o concurso do TRE-PE! A disciplina de Direito Tribut\u00e1rio foi cobrada para o Cargo 02 \u2013 Analista Judici\u00e1rio \u2013 \u00c1rea Administrativa &#8211; Especialidade em Contabilidade. Com a recente publica\u00e7\u00e3o dos gabaritos provis\u00f3rios, comentamos as quest\u00f5es cobradas da nossa disciplina nessas [&hellip;]<\/p>\n","protected":false},"author":150,"featured_media":0,"comment_status":"open","ping_status":"open","sticky":false,"template":"","format":"standard","meta":{"post_tipo":"article","footnotes":""},"categories":[1],"tags":[1005],"tax_estado":[],"class_list":["post-67931","post","type-post","status-publish","format-standard","hentry","category-cursos-e-concursos","tag-tre-pe"],"acf":[],"yoast_head":"<!-- This site is optimized with the Yoast SEO Premium plugin v27.2 (Yoast SEO v27.2) - https:\/\/yoast.com\/product\/yoast-seo-premium-wordpress\/ -->\n<title>Prova de Direito Tribut\u00e1rio Comentada - TRE-PE - AJAA - Contabilidade<\/title>\n<meta name=\"robots\" content=\"index, follow, max-snippet:-1, max-image-preview:large, max-video-preview:-1\" \/>\n<link rel=\"canonical\" href=\"https:\/\/www.estrategiaconcursos.com.br\/blog\/prova-de-direito-tributario-comentada-tre-pe-ajaa-contabilidade\/\" \/>\n<meta property=\"og:locale\" content=\"pt_BR\" \/>\n<meta property=\"og:type\" content=\"article\" \/>\n<meta property=\"og:title\" content=\"Prova de Direito Tribut\u00e1rio Comentada - TRE-PE - AJAA - Contabilidade\" \/>\n<meta property=\"og:description\" content=\"Ol\u00e1, pessoal, tudo bem? Neste final de semana, foram aplicadas as t\u00e3o aguardadas provas para o concurso do TRE-PE! A disciplina de Direito Tribut\u00e1rio foi cobrada para o Cargo 02 \u2013 Analista Judici\u00e1rio \u2013 \u00c1rea Administrativa &#8211; Especialidade em Contabilidade. Com a recente publica\u00e7\u00e3o dos gabaritos provis\u00f3rios, comentamos as quest\u00f5es cobradas da nossa disciplina nessas [&hellip;]\" \/>\n<meta property=\"og:url\" content=\"https:\/\/www.estrategiaconcursos.com.br\/blog\/prova-de-direito-tributario-comentada-tre-pe-ajaa-contabilidade\/\" \/>\n<meta property=\"og:site_name\" content=\"Estrat\u00e9gia Concursos\" \/>\n<meta property=\"article:published_time\" content=\"2017-03-22T23:02:17+00:00\" \/>\n<meta property=\"article:modified_time\" content=\"2018-04-05T11:02:14+00:00\" \/>\n<meta name=\"author\" content=\"F\u00e1bio Dutra\" \/>\n<meta name=\"twitter:card\" content=\"summary_large_image\" \/>\n<meta name=\"twitter:creator\" content=\"@EstratConcursos\" \/>\n<meta name=\"twitter:site\" content=\"@EstratConcursos\" \/>\n<meta name=\"twitter:label1\" content=\"Escrito por\" \/>\n\t<meta name=\"twitter:data1\" content=\"F\u00e1bio Dutra\" \/>\n\t<meta name=\"twitter:label2\" content=\"Est. tempo de leitura\" \/>\n\t<meta name=\"twitter:data2\" content=\"13 minutos\" \/>\n<script type=\"application\/ld+json\" class=\"yoast-schema-graph\">{\"@context\":\"https:\/\/schema.org\",\"@graph\":[{\"@type\":\"NewsArticle\",\"@id\":\"https:\/\/www.estrategiaconcursos.com.br\/blog\/prova-de-direito-tributario-comentada-tre-pe-ajaa-contabilidade\/#article\",\"isPartOf\":{\"@id\":\"https:\/\/www.estrategiaconcursos.com.br\/blog\/prova-de-direito-tributario-comentada-tre-pe-ajaa-contabilidade\/\"},\"author\":{\"name\":\"F\u00e1bio Dutra\",\"@id\":\"https:\/\/www.estrategiaconcursos.com.br\/blog\/#\/schema\/person\/c6615b1e72eae70edca73ea5362ead63\"},\"headline\":\"Prova de Direito Tribut\u00e1rio Comentada &#8211; TRE-PE &#8211; AJAA &#8211; Contabilidade\",\"datePublished\":\"2017-03-22T23:02:17+00:00\",\"dateModified\":\"2018-04-05T11:02:14+00:00\",\"mainEntityOfPage\":{\"@id\":\"https:\/\/www.estrategiaconcursos.com.br\/blog\/prova-de-direito-tributario-comentada-tre-pe-ajaa-contabilidade\/\"},\"wordCount\":2685,\"commentCount\":7,\"publisher\":{\"@id\":\"https:\/\/www.estrategiaconcursos.com.br\/blog\/#organization\"},\"keywords\":[\"TRE-PE\"],\"articleSection\":[\"Concursos P\u00fablicos\"],\"inLanguage\":\"pt-BR\",\"potentialAction\":[{\"@type\":\"CommentAction\",\"name\":\"Comment\",\"target\":[\"https:\/\/www.estrategiaconcursos.com.br\/blog\/prova-de-direito-tributario-comentada-tre-pe-ajaa-contabilidade\/#respond\"]}],\"copyrightYear\":\"2017\",\"copyrightHolder\":{\"@id\":\"https:\/\/www.estrategiaconcursos.com.br\/blog\/#organization\"}},{\"@type\":\"WebPage\",\"@id\":\"https:\/\/www.estrategiaconcursos.com.br\/blog\/prova-de-direito-tributario-comentada-tre-pe-ajaa-contabilidade\/\",\"url\":\"https:\/\/www.estrategiaconcursos.com.br\/blog\/prova-de-direito-tributario-comentada-tre-pe-ajaa-contabilidade\/\",\"name\":\"Prova de Direito Tribut\u00e1rio Comentada - TRE-PE - AJAA - Contabilidade\",\"isPartOf\":{\"@id\":\"https:\/\/www.estrategiaconcursos.com.br\/blog\/#website\"},\"datePublished\":\"2017-03-22T23:02:17+00:00\",\"dateModified\":\"2018-04-05T11:02:14+00:00\",\"breadcrumb\":{\"@id\":\"https:\/\/www.estrategiaconcursos.com.br\/blog\/prova-de-direito-tributario-comentada-tre-pe-ajaa-contabilidade\/#breadcrumb\"},\"inLanguage\":\"pt-BR\",\"potentialAction\":[{\"@type\":\"ReadAction\",\"target\":[\"https:\/\/www.estrategiaconcursos.com.br\/blog\/prova-de-direito-tributario-comentada-tre-pe-ajaa-contabilidade\/\"]}]},{\"@type\":\"BreadcrumbList\",\"@id\":\"https:\/\/www.estrategiaconcursos.com.br\/blog\/prova-de-direito-tributario-comentada-tre-pe-ajaa-contabilidade\/#breadcrumb\",\"itemListElement\":[{\"@type\":\"ListItem\",\"position\":1,\"name\":\"In\u00edcio\",\"item\":\"https:\/\/www.estrategiaconcursos.com.br\/blog\/\"},{\"@type\":\"ListItem\",\"position\":2,\"name\":\"Prova de Direito Tribut\u00e1rio Comentada &#8211; TRE-PE &#8211; AJAA &#8211; Contabilidade\"}]},{\"@type\":\"WebSite\",\"@id\":\"https:\/\/www.estrategiaconcursos.com.br\/blog\/#website\",\"url\":\"https:\/\/www.estrategiaconcursos.com.br\/blog\/\",\"name\":\"Estrat\u00e9gia Concursos\",\"description\":\"O blog da Estrat\u00e9gia Concursos traz not\u00edcias sobre concursos e artigos de professores oferecendo cursos para concursos (pdf + videaulas) no site.\",\"publisher\":{\"@id\":\"https:\/\/www.estrategiaconcursos.com.br\/blog\/#organization\"},\"potentialAction\":[{\"@type\":\"SearchAction\",\"target\":{\"@type\":\"EntryPoint\",\"urlTemplate\":\"https:\/\/www.estrategiaconcursos.com.br\/blog\/?s={search_term_string}\"},\"query-input\":{\"@type\":\"PropertyValueSpecification\",\"valueRequired\":true,\"valueName\":\"search_term_string\"}}],\"inLanguage\":\"pt-BR\"},{\"@type\":\"Organization\",\"@id\":\"https:\/\/www.estrategiaconcursos.com.br\/blog\/#organization\",\"name\":\"Estrat\u00e9gia Concursos\",\"url\":\"https:\/\/www.estrategiaconcursos.com.br\/blog\/\",\"logo\":{\"@type\":\"ImageObject\",\"inLanguage\":\"pt-BR\",\"@id\":\"https:\/\/www.estrategiaconcursos.com.br\/blog\/#\/schema\/logo\/image\/\",\"url\":\"https:\/\/dhg1h5j42swfq.cloudfront.net\/2025\/06\/03203428\/logo_concursos-1.jpg\",\"contentUrl\":\"https:\/\/dhg1h5j42swfq.cloudfront.net\/2025\/06\/03203428\/logo_concursos-1.jpg\",\"width\":230,\"height\":60,\"caption\":\"Estrat\u00e9gia Concursos\"},\"image\":{\"@id\":\"https:\/\/www.estrategiaconcursos.com.br\/blog\/#\/schema\/logo\/image\/\"},\"sameAs\":[\"https:\/\/x.com\/EstratConcursos\"]},{\"@type\":\"Person\",\"@id\":\"https:\/\/www.estrategiaconcursos.com.br\/blog\/#\/schema\/person\/c6615b1e72eae70edca73ea5362ead63\",\"name\":\"F\u00e1bio Dutra\",\"image\":{\"@type\":\"ImageObject\",\"inLanguage\":\"pt-BR\",\"@id\":\"https:\/\/secure.gravatar.com\/avatar\/2fb4b2715a33320653086a45a7174528e6836e078753b587b59cb70f7b453819?s=96&d=mm&r=g\",\"url\":\"https:\/\/secure.gravatar.com\/avatar\/2fb4b2715a33320653086a45a7174528e6836e078753b587b59cb70f7b453819?s=96&d=mm&r=g\",\"contentUrl\":\"https:\/\/secure.gravatar.com\/avatar\/2fb4b2715a33320653086a45a7174528e6836e078753b587b59cb70f7b453819?s=96&d=mm&r=g\",\"caption\":\"F\u00e1bio Dutra\"},\"url\":\"https:\/\/www.estrategiaconcursos.com.br\/blog\/author\/fabiodutraestrategiaconcursos-com-br\/\"}]}<\/script>\n<!-- \/ Yoast SEO Premium plugin. -->","yoast_head_json":{"title":"Prova de Direito Tribut\u00e1rio Comentada - TRE-PE - AJAA - Contabilidade","robots":{"index":"index","follow":"follow","max-snippet":"max-snippet:-1","max-image-preview":"max-image-preview:large","max-video-preview":"max-video-preview:-1"},"canonical":"https:\/\/www.estrategiaconcursos.com.br\/blog\/prova-de-direito-tributario-comentada-tre-pe-ajaa-contabilidade\/","og_locale":"pt_BR","og_type":"article","og_title":"Prova de Direito Tribut\u00e1rio Comentada - TRE-PE - AJAA - Contabilidade","og_description":"Ol\u00e1, pessoal, tudo bem? Neste final de semana, foram aplicadas as t\u00e3o aguardadas provas para o concurso do TRE-PE! A disciplina de Direito Tribut\u00e1rio foi cobrada para o Cargo 02 \u2013 Analista Judici\u00e1rio \u2013 \u00c1rea Administrativa &#8211; Especialidade em Contabilidade. Com a recente publica\u00e7\u00e3o dos gabaritos provis\u00f3rios, comentamos as quest\u00f5es cobradas da nossa disciplina nessas [&hellip;]","og_url":"https:\/\/www.estrategiaconcursos.com.br\/blog\/prova-de-direito-tributario-comentada-tre-pe-ajaa-contabilidade\/","og_site_name":"Estrat\u00e9gia Concursos","article_published_time":"2017-03-22T23:02:17+00:00","article_modified_time":"2018-04-05T11:02:14+00:00","author":"F\u00e1bio Dutra","twitter_card":"summary_large_image","twitter_creator":"@EstratConcursos","twitter_site":"@EstratConcursos","twitter_misc":{"Escrito por":"F\u00e1bio Dutra","Est. tempo de leitura":"13 minutos"},"schema":{"@context":"https:\/\/schema.org","@graph":[{"@type":"NewsArticle","@id":"https:\/\/www.estrategiaconcursos.com.br\/blog\/prova-de-direito-tributario-comentada-tre-pe-ajaa-contabilidade\/#article","isPartOf":{"@id":"https:\/\/www.estrategiaconcursos.com.br\/blog\/prova-de-direito-tributario-comentada-tre-pe-ajaa-contabilidade\/"},"author":{"name":"F\u00e1bio Dutra","@id":"https:\/\/www.estrategiaconcursos.com.br\/blog\/#\/schema\/person\/c6615b1e72eae70edca73ea5362ead63"},"headline":"Prova de Direito Tribut\u00e1rio Comentada &#8211; TRE-PE &#8211; AJAA &#8211; Contabilidade","datePublished":"2017-03-22T23:02:17+00:00","dateModified":"2018-04-05T11:02:14+00:00","mainEntityOfPage":{"@id":"https:\/\/www.estrategiaconcursos.com.br\/blog\/prova-de-direito-tributario-comentada-tre-pe-ajaa-contabilidade\/"},"wordCount":2685,"commentCount":7,"publisher":{"@id":"https:\/\/www.estrategiaconcursos.com.br\/blog\/#organization"},"keywords":["TRE-PE"],"articleSection":["Concursos P\u00fablicos"],"inLanguage":"pt-BR","potentialAction":[{"@type":"CommentAction","name":"Comment","target":["https:\/\/www.estrategiaconcursos.com.br\/blog\/prova-de-direito-tributario-comentada-tre-pe-ajaa-contabilidade\/#respond"]}],"copyrightYear":"2017","copyrightHolder":{"@id":"https:\/\/www.estrategiaconcursos.com.br\/blog\/#organization"}},{"@type":"WebPage","@id":"https:\/\/www.estrategiaconcursos.com.br\/blog\/prova-de-direito-tributario-comentada-tre-pe-ajaa-contabilidade\/","url":"https:\/\/www.estrategiaconcursos.com.br\/blog\/prova-de-direito-tributario-comentada-tre-pe-ajaa-contabilidade\/","name":"Prova de Direito Tribut\u00e1rio Comentada - TRE-PE - AJAA - Contabilidade","isPartOf":{"@id":"https:\/\/www.estrategiaconcursos.com.br\/blog\/#website"},"datePublished":"2017-03-22T23:02:17+00:00","dateModified":"2018-04-05T11:02:14+00:00","breadcrumb":{"@id":"https:\/\/www.estrategiaconcursos.com.br\/blog\/prova-de-direito-tributario-comentada-tre-pe-ajaa-contabilidade\/#breadcrumb"},"inLanguage":"pt-BR","potentialAction":[{"@type":"ReadAction","target":["https:\/\/www.estrategiaconcursos.com.br\/blog\/prova-de-direito-tributario-comentada-tre-pe-ajaa-contabilidade\/"]}]},{"@type":"BreadcrumbList","@id":"https:\/\/www.estrategiaconcursos.com.br\/blog\/prova-de-direito-tributario-comentada-tre-pe-ajaa-contabilidade\/#breadcrumb","itemListElement":[{"@type":"ListItem","position":1,"name":"In\u00edcio","item":"https:\/\/www.estrategiaconcursos.com.br\/blog\/"},{"@type":"ListItem","position":2,"name":"Prova de Direito Tribut\u00e1rio Comentada &#8211; TRE-PE &#8211; AJAA &#8211; Contabilidade"}]},{"@type":"WebSite","@id":"https:\/\/www.estrategiaconcursos.com.br\/blog\/#website","url":"https:\/\/www.estrategiaconcursos.com.br\/blog\/","name":"Estrat\u00e9gia Concursos","description":"O blog da Estrat\u00e9gia Concursos traz not\u00edcias sobre concursos e artigos de professores oferecendo cursos para concursos (pdf + videaulas) no site.","publisher":{"@id":"https:\/\/www.estrategiaconcursos.com.br\/blog\/#organization"},"potentialAction":[{"@type":"SearchAction","target":{"@type":"EntryPoint","urlTemplate":"https:\/\/www.estrategiaconcursos.com.br\/blog\/?s={search_term_string}"},"query-input":{"@type":"PropertyValueSpecification","valueRequired":true,"valueName":"search_term_string"}}],"inLanguage":"pt-BR"},{"@type":"Organization","@id":"https:\/\/www.estrategiaconcursos.com.br\/blog\/#organization","name":"Estrat\u00e9gia Concursos","url":"https:\/\/www.estrategiaconcursos.com.br\/blog\/","logo":{"@type":"ImageObject","inLanguage":"pt-BR","@id":"https:\/\/www.estrategiaconcursos.com.br\/blog\/#\/schema\/logo\/image\/","url":"https:\/\/dhg1h5j42swfq.cloudfront.net\/2025\/06\/03203428\/logo_concursos-1.jpg","contentUrl":"https:\/\/dhg1h5j42swfq.cloudfront.net\/2025\/06\/03203428\/logo_concursos-1.jpg","width":230,"height":60,"caption":"Estrat\u00e9gia Concursos"},"image":{"@id":"https:\/\/www.estrategiaconcursos.com.br\/blog\/#\/schema\/logo\/image\/"},"sameAs":["https:\/\/x.com\/EstratConcursos"]},{"@type":"Person","@id":"https:\/\/www.estrategiaconcursos.com.br\/blog\/#\/schema\/person\/c6615b1e72eae70edca73ea5362ead63","name":"F\u00e1bio Dutra","image":{"@type":"ImageObject","inLanguage":"pt-BR","@id":"https:\/\/secure.gravatar.com\/avatar\/2fb4b2715a33320653086a45a7174528e6836e078753b587b59cb70f7b453819?s=96&d=mm&r=g","url":"https:\/\/secure.gravatar.com\/avatar\/2fb4b2715a33320653086a45a7174528e6836e078753b587b59cb70f7b453819?s=96&d=mm&r=g","contentUrl":"https:\/\/secure.gravatar.com\/avatar\/2fb4b2715a33320653086a45a7174528e6836e078753b587b59cb70f7b453819?s=96&d=mm&r=g","caption":"F\u00e1bio Dutra"},"url":"https:\/\/www.estrategiaconcursos.com.br\/blog\/author\/fabiodutraestrategiaconcursos-com-br\/"}]}},"_links":{"self":[{"href":"https:\/\/www.estrategiaconcursos.com.br\/blog\/wp-json\/wp\/v2\/posts\/67931","targetHints":{"allow":["GET"]}}],"collection":[{"href":"https:\/\/www.estrategiaconcursos.com.br\/blog\/wp-json\/wp\/v2\/posts"}],"about":[{"href":"https:\/\/www.estrategiaconcursos.com.br\/blog\/wp-json\/wp\/v2\/types\/post"}],"author":[{"embeddable":true,"href":"https:\/\/www.estrategiaconcursos.com.br\/blog\/wp-json\/wp\/v2\/users\/150"}],"replies":[{"embeddable":true,"href":"https:\/\/www.estrategiaconcursos.com.br\/blog\/wp-json\/wp\/v2\/comments?post=67931"}],"version-history":[{"count":2,"href":"https:\/\/www.estrategiaconcursos.com.br\/blog\/wp-json\/wp\/v2\/posts\/67931\/revisions"}],"predecessor-version":[{"id":114546,"href":"https:\/\/www.estrategiaconcursos.com.br\/blog\/wp-json\/wp\/v2\/posts\/67931\/revisions\/114546"}],"wp:attachment":[{"href":"https:\/\/www.estrategiaconcursos.com.br\/blog\/wp-json\/wp\/v2\/media?parent=67931"}],"wp:term":[{"taxonomy":"category","embeddable":true,"href":"https:\/\/www.estrategiaconcursos.com.br\/blog\/wp-json\/wp\/v2\/categories?post=67931"},{"taxonomy":"post_tag","embeddable":true,"href":"https:\/\/www.estrategiaconcursos.com.br\/blog\/wp-json\/wp\/v2\/tags?post=67931"},{"taxonomy":"tax_estado","embeddable":true,"href":"https:\/\/www.estrategiaconcursos.com.br\/blog\/wp-json\/wp\/v2\/tax_estado?post=67931"}],"curies":[{"name":"wp","href":"https:\/\/api.w.org\/{rel}","templated":true}]}}