{"id":67920,"date":"2017-03-22T18:50:42","date_gmt":"2017-03-22T21:50:42","guid":{"rendered":"https:\/\/www.estrategiaconcursos.com.br\/blog\/?p=67920"},"modified":"2017-03-22T18:50:42","modified_gmt":"2017-03-22T21:50:42","slug":"prova-de-afo-comentada-do-trepe-analista-area-administrativa","status":"publish","type":"post","link":"https:\/\/www.estrategiaconcursos.com.br\/blog\/prova-de-afo-comentada-do-trepe-analista-area-administrativa\/","title":{"rendered":"Prova de AFO comentada do TRE\/PE &#8211; Analista &#8211; \u00c1rea Administrativa"},"content":{"rendered":"<p style=\"text-align: justify;\">\n\tOl&aacute; pessoal!! Hoje temos a prova de AFO comentada do TRE\/PE, prova aplicada no &uacute;ltimo domingo dia 19\/03!!! Vamos juntos?\n<\/p>\n<p style=\"text-align: justify;\">\n\t<strong>46. O par&aacute;grafo &uacute;nico do artigo 20 da Lei n.&ordm; 4.320\/1964, conforme o qual &ldquo;os programas especiais de trabalho que, por sua natureza, n&atilde;o possam cumprir-se subordinadamente &agrave;s normas gerais de execu&ccedil;&atilde;o da despesa, poder&atilde;o ser custeados por dota&ccedil;&otilde;es globais, classificadas entre as despesas de capital&rdquo;, constitui uma exce&ccedil;&atilde;o ao princ&iacute;pio da <\/strong>\n<\/p>\n<p style=\"text-align: justify;\">\n\t<strong>A exclusividade. <\/strong>\n<\/p>\n<p style=\"text-align: justify;\">\n\t<strong>B universalidade. <\/strong>\n<\/p>\n<p style=\"text-align: justify;\">\n\t<strong>C unidade. <\/strong>\n<\/p>\n<p style=\"text-align: justify;\">\n\t<strong>D periodicidade. <\/strong>\n<\/p>\n<p style=\"text-align: justify;\">\n\t<strong>E especifica&ccedil;&atilde;o.<\/strong>\n<\/p>\n<p style=\"text-align: justify;\">\n\tO enunciado traz a exce&ccedil;&atilde;o ao princ&iacute;pio da especifica&ccedil;&atilde;o. Olha s&oacute; como est&aacute; em nosso curso, especificamente na p&aacute;gina 17 da aula sobre princ&iacute;pios:\n<\/p>\n<p style=\"text-align: justify;\">\n\t&quot;O princ&iacute;pio da especifica&ccedil;&atilde;o ou discrimina&ccedil;&atilde;o (ou ainda, especializa&ccedil;&atilde;o) determina que, na Lei Or&ccedil;ament&aacute;ria Anual, as receitas e despesas devam ser discriminadas, demonstrando a origem e a aplica&ccedil;&atilde;o dos recursos. (&#8230;)&nbsp;As exce&ccedil;&otilde;es do art. 20 se referem aos <strong>programas especiais de trabalho que, <\/strong>por sua natureza, n&atilde;o possam cumprir-se subordinadamente &agrave;s normas gerais de execu&ccedil;&atilde;o da despesa, como os programas de prote&ccedil;&atilde;o &agrave; testemunha que, se tivessem especifica&ccedil;&atilde;o detalhada, perderiam sua finalidade. Tais despesas s&atilde;o classificadas como despesas de capital e tamb&eacute;m chamadas de <strong>investimentos em regime de execu&ccedil;&atilde;o especial<\/strong>.&quot;\n<\/p>\n<p style=\"text-align: justify;\">\n\tResposta: letra E\n<\/p>\n<p style=\"text-align: justify;\">\n\t&nbsp;\n<\/p>\n<p style=\"text-align: justify;\">\n\t<strong>47. Relativamente ao or&ccedil;amento p&uacute;blico brasileiro, assinale a op&ccedil;&atilde;o correta. <\/strong>\n<\/p>\n<p style=\"text-align: justify;\">\n\t<strong>A O or&ccedil;amento anual deve incorporar os or&ccedil;amentos fiscal, de investimentos, da seguridade social e das empresas nas quais o poder p&uacute;blico tenha participa&ccedil;&atilde;o. <\/strong>\n<\/p>\n<p style=\"text-align: justify;\">\n\t<strong>B Na classifica&ccedil;&atilde;o or&ccedil;ament&aacute;ria segundo a fonte dos recursos, os resultados obtidos pelo Banco Central do Brasil s&atilde;o considerados outras fontes. <\/strong>\n<\/p>\n<p style=\"text-align: justify;\">\n\t<strong>C Os programas contidos no or&ccedil;amento p&uacute;blico dividem-se em tem&aacute;ticos; de gest&atilde;o, manuten&ccedil;&atilde;o e servi&ccedil;os ao Estado; e opera&ccedil;&otilde;es especiais, incluindo-se nesta &uacute;ltima categoria os servi&ccedil;os da d&iacute;vida externa. <\/strong>\n<\/p>\n<p style=\"text-align: justify;\">\n\t<strong>D Enquanto o cr&eacute;dito especial &eacute; incorporado ao or&ccedil;amento, por adi&ccedil;&atilde;o da import&acirc;ncia autorizada &agrave; dota&ccedil;&atilde;o or&ccedil;ament&aacute;ria, a despesa com cr&eacute;dito suplementar apresenta-se separadamente do or&ccedil;amento. <\/strong>\n<\/p>\n<p style=\"text-align: justify;\">\n\t<strong>E O plano plurianual estabelece diretrizes nacionais para as despesas de capital e para os programas de dura&ccedil;&atilde;o continuada.<\/strong>\n<\/p>\n<p style=\"text-align: justify;\">\n\tA. Errado. O &uacute;nico erro est&aacute; no final, uma vez que a LOA (or&ccedil;amento anual) &eacute; composto do or&ccedil;amento fiscal, da seguridade social e das empresas CUJA MAIORIA DO CAPITAL SOCIAL COM DIREITO A VOTO PERTEN&Ccedil;A &Agrave; UNI&Atilde;O.\n<\/p>\n<p style=\"text-align: justify;\">\n\tB. Errado. Segundo o art. 7&ordm; da LRF, o&nbsp;resultado do Banco Central do Brasil, apurado ap&oacute;s a constitui&ccedil;&atilde;o ou revers&atilde;o de reservas, constitui receita do Tesouro Nacional, portanto &eacute; fonte do tesouro.\n<\/p>\n<p style=\"text-align: justify;\">\n\tC. Certo. Em nosso curso, alertamos sobre isso na aula sobre estrutura program&aacute;tica:\n<\/p>\n<p style=\"text-align: justify;\">\n\t&quot;O programa &eacute; o instrumento de organiza&ccedil;&atilde;o da a&ccedil;&atilde;o governamental visando &agrave; concretiza&ccedil;&atilde;o dos objetivos pretendidos, sendo mensurado por indicadores estabelecidos no plano plurianual. No PPA 2016-2019, s&atilde;o divididos em Programas Tem&aacute;ticos e de Gest&atilde;o, Manuten&ccedil;&atilde;o e Servi&ccedil;os ao Estado:\n<\/p>\n<ul>\n<li>\n\t\t<strong>Programas tem&aacute;ticos:<\/strong> aquele que expressa e orienta a a&ccedil;&atilde;o governamental para a entrega de bens e servi&ccedil;os &agrave; sociedade;\n\t<\/li>\n<li>\n\t\t<strong>Programas de gest&atilde;o, manuten&ccedil;&atilde;o e servi&ccedil;os ao Estado:<\/strong> aquele que expressa e orienta as a&ccedil;&otilde;es destinadas ao apoio, &agrave; gest&atilde;o e &agrave; manuten&ccedil;&atilde;o da atua&ccedil;&atilde;o governamental.\n\t<\/li>\n<\/ul>\n<p>\n\tH&aacute; ainda o <strong>tipo de programa denominado de opera&ccedil;&otilde;es especiais<\/strong>, os quais constam apenas na LOA, portanto, n&atilde;o integrando o PPA.&quot;\n<\/p>\n<p>\n\tComplementando, esse programa cont&eacute;m as a&ccedil;&otilde;es de pagamento da d&iacute;vida p&uacute;blica interna e externa.\n<\/p>\n<p>\n\tD. Errado. Est&aacute; invertido. O cr&eacute;dito suplementar incorpora-se ao or&ccedil;amento aumentando dota&ccedil;&atilde;o j&aacute; existente, enquanto que o especial inclui nova despesa.\n<\/p>\n<p>\n\tE. Errado. O PPA estabelece diretrizes para o Governo FEDERAL, pois cada ente da federa&ccedil;&atilde;o possui autonomia pol&iacute;tico &#8211; administrativa.\n<\/p>\n<p>\n\tResposta: letra C\n<\/p>\n<p>\n\t&nbsp;\n<\/p>\n<p>\n\t<strong>48.&nbsp;A respeito da programa&ccedil;&atilde;o e da execu&ccedil;&atilde;o or&ccedil;ament&aacute;ria e financeira, assinale a op&ccedil;&atilde;o correta. <\/strong>\n<\/p>\n<p>\n\t<strong>A O Sistema Integrado de Administra&ccedil;&atilde;o Financeira do governo federal permite o acompanhamento or&ccedil;ament&aacute;rio, por meio de dados f&iacute;sicos e financeiros dos subt&iacute;tulos das a&ccedil;&otilde;es. <\/strong>\n<\/p>\n<p>\n\t<strong>B As altera&ccedil;&otilde;es or&ccedil;ament&aacute;rias s&atilde;o realizadas por meio de cr&eacute;ditos suplementares, especiais ou extraordin&aacute;rios, sendo vedada a altera&ccedil;&atilde;o na modalidade de aplica&ccedil;&atilde;o. <\/strong>\n<\/p>\n<p>\n\t<strong>C Compete ao &oacute;rg&atilde;o descentralizador do cr&eacute;dito a programa&ccedil;&atilde;o financeira das dota&ccedil;&otilde;es descentralizadas relativas a termo de conv&ecirc;nio. <\/strong>\n<\/p>\n<p>\n\t<strong>D A execu&ccedil;&atilde;o dos cr&eacute;ditos or&ccedil;ament&aacute;rios por unidade gestora pertencente a &oacute;rg&atilde;o de estrutura diferente da prevista na lei do or&ccedil;amento constitui-se por meio de descentraliza&ccedil;&atilde;o interna. <\/strong>\n<\/p>\n<p>\n\t<strong>E O acompanhamento or&ccedil;ament&aacute;rio externo &eacute; atribui&ccedil;&atilde;o dos tribunais de contas dos estados ou da Uni&atilde;o.<\/strong>\n<\/p>\n<p>\n\tA. Errado. O SIAFI n&atilde;o permite o companhamento de dados f&iacute;sicos, apenas or&ccedil;ament&aacute;rios e financeiros.\n<\/p>\n<p>\n\tB. Errado. Os cr&eacute;ditos especiais e extraordin&aacute;rios permitem a altera&ccedil;&atilde;o da programa&ccedil;&atilde;o qualitativa da despesa, o que inclui a modalidade de aplica&ccedil;&atilde;o. Portanto somente o cr&eacute;dito suplementar que n&atilde;o permite.\n<\/p>\n<p>\n\tC. Certo. Segundo o art. 9&ordm; do Decreto 93.782, a programa&ccedil;&atilde;o financeira ser&aacute; estabelecida por decreto,&nbsp;cabendo &agrave; Secretaria do Tesouro Nacional, em ato pr&oacute;prio, aprovar o limite global de saques de cada Minist&eacute;rio ou &Oacute;rg&atilde;o, mediante conv&ecirc;nio ou de forma direta.\n<\/p>\n<p>\n\tD. Errado. Nesse caso estamos diante de uma descentraliza&ccedil;&atilde;o externa (destaque).\n<\/p>\n<p>\n\tE. Errado. O controle externo &eacute; compet&ecirc;ncia do Poder Legislativo, que exercer&aacute; com apoio do respectivo Tribunal de Contas.\n<\/p>\n<p>\n\tResposta: letra C\n<\/p>\n<p>\n\t&nbsp;\n<\/p>\n<p>\n\t<strong>50. Com rela&ccedil;&atilde;o &agrave; receita p&uacute;blica, assinale a op&ccedil;&atilde;o correta. <\/strong>\n<\/p>\n<p>\n\t<strong>A S&atilde;o receitas de capital os recursos financeiros recebidos por ente p&uacute;blico para custear despesas com pessoal, com servi&ccedil;os de terceiros ou com material de consumo. <\/strong>\n<\/p>\n<p>\n\t<strong>B Um dos est&aacute;gios da receita p&uacute;blica &eacute; o recolhimento, que consiste na entrega dos recursos devidos pelos contribuintes ou devedores ao Tesouro Nacional. <\/strong>\n<\/p>\n<p>\n\t<strong>C A classifica&ccedil;&atilde;o da receita p&uacute;blica por fonte de recursos indica a origem do recurso segundo o seu fato gerador, quer seja recurso do Tesouro Nacional, quer de outras fontes. <\/strong>\n<\/p>\n<p>\n\t<strong>D As d&iacute;vidas da Uni&atilde;o dividem-se em d&iacute;vidas ativas e d&iacute;vidas passivas, conforme a etapa da execu&ccedil;&atilde;o or&ccedil;ament&aacute;ria em que se encontre o pagamento da obriga&ccedil;&atilde;o da Uni&atilde;o. <\/strong>\n<\/p>\n<p>\n\t<strong>E A receita p&uacute;blica origina-se tanto da explora&ccedil;&atilde;o de patrim&ocirc;nio de pessoa jur&iacute;dica de direito p&uacute;blico quanto do poder do Estado de exigir presta&ccedil;&otilde;es pecuni&aacute;rias dos cidad&atilde;os.<\/strong>\n<\/p>\n<p>\n\t&nbsp;\n<\/p>\n<p>\n\tA. Errado. N&atilde;o podemos fazer essa associa&ccedil;&atilde;o de ideias. Receitas de capital s&atilde;o provenientes da realiza&ccedil;&atilde;o de recursos financeiros oriundos de constitui&ccedil;&atilde;o de d&iacute;vidas; da convers&atilde;o, em esp&eacute;cie, de bens e direitos; os recursos recebidos de outras pessoas de direito p&uacute;blico ou privado, destinados a atender despesas classific&aacute;veis em despesas de capital e, ainda, o super&aacute;vit do or&ccedil;amento corrente.\n<\/p>\n<p>\n\tB. Certo. Esse &eacute; exatamente o est&aacute;gio do recolhimento.\n<\/p>\n<p>\n\tC. Errado. A classifica&ccedil;&atilde;o da receita por fontes n&atilde;o indica o fato gerador, mas apenas se o recurso &eacute; do Tesouro Nacional ou de outra fonte, discriminando se do exerc&iacute;cio corrente ou de anteriores.\n<\/p>\n<p>\n\tD . Errado. A d&iacute;vida ativa &eacute; um DIREITO &nbsp;de receber, portanto n&atilde;o &eacute; obriga&ccedil;&atilde;o e n&atilde;o se classifica na d&iacute;vida p&uacute;blica.\n<\/p>\n<p>\n\tE. Errado. Nem sempre ser&aacute; de pessoa jur&iacute;dica de direito p&uacute;blico, mas poder&aacute; se entidade p&uacute;blica de direito privado tamb&eacute;m.\n<\/p>\n<p>\n\tResposta: letra B\n<\/p>\n<p>\n\t&nbsp;\n<\/p>\n<p>\n\t<strong>51. A respeito de despesa p&uacute;blica, assinale a op&ccedil;&atilde;o correta. <\/strong>\n<\/p>\n<p>\n\t<strong>A Restos a pagar s&atilde;o despesas pendentes de empenho e pagamento quando do encerramento do exerc&iacute;cio financeiro. <\/strong>\n<\/p>\n<p>\n\t<strong>B A despesa com inscri&ccedil;&atilde;o em restos a pagar cancelada constitui uma despesa de exerc&iacute;cio anterior se o direito do credor ainda estiver em vigor. <\/strong>\n<\/p>\n<p>\n\t<strong>C Os restos a pagar e os servi&ccedil;os da d&iacute;vida s&atilde;o exemplos de d&iacute;vida fundada. <\/strong>\n<\/p>\n<p>\n\t<strong>D Obras p&uacute;blicas, subven&ccedil;&otilde;es econ&ocirc;micas e juros da d&iacute;vida p&uacute;blica s&atilde;o despesas de capital. <\/strong>\n<\/p>\n<p>\n\t<strong>E Empenho &eacute; ato cont&aacute;bil que registra a obriga&ccedil;&atilde;o do Estado de efetuar pagamento a terceiro, pendente ou n&atilde;o de implemento de condi&ccedil;&otilde;es<\/strong>\n<\/p>\n<p>\n\tA. Errado. Restos a pagar s&atilde;o despesas EMPENHADAS e n&atilde;o pagas no exerc&iacute;cio financeiro.\n<\/p>\n<p>\n\tB. Certo. Despesas de exerc&iacute;cios anteriores&nbsp;s&atilde;o as despesas relativas a exerc&iacute;cios encerrados, para as quais o or&ccedil;amento respectivo consignava cr&eacute;dito pr&oacute;prio, com saldo suficiente para atend&ecirc;-las, que n&atilde;o se tenham processado na &eacute;poca pr&oacute;pria, <strong>bem como os Restos a Pagar com prescri&ccedil;&atilde;o interrompida e os compromissos reconhecidos ap&oacute;s o encerramento do exerc&iacute;cio correspondente<\/strong>.&nbsp;\n<\/p>\n<p>\n\tC. Errado. Restos a pagar faz parte da d&iacute;vida FLUTUANTE.\n<\/p>\n<p>\n\tD. Errado. Juros da d&iacute;vida e subven&ccedil;&otilde;es s&atilde;o despesas correntes.\n<\/p>\n<p>\n\tE. Errado. Empenho &eacute; o ato emanado pela autoridade competente que cria obriga&ccedil;&atilde;o legal de pagamento, PENDENTE OU N&Atilde;O do implemento de condi&ccedil;&atilde;o.\n<\/p>\n<p>\n\tResposta: letra B\n<\/p>\n<p>\n\t&nbsp;\n<\/p>\n<p>\n\t<strong>51.Acerca de transpar&ecirc;ncia, controle e fiscaliza&ccedil;&atilde;o das contas p&uacute;blicas, conforme estabelece a Lei Complementar n.&ordm; 101\/2000 &mdash; Lei de Responsabilidade Fiscal (LRF) &mdash;, assinale a op&ccedil;&atilde;o correta. <\/strong>\n<\/p>\n<p>\n\t<strong>A As contas do Poder Judici&aacute;rio ser&atilde;o apresentadas, no &acirc;mbito da Uni&atilde;o, pelos presidentes dos tribunais de justi&ccedil;a. <\/strong>\n<\/p>\n<p>\n\t<strong>B O or&ccedil;amento p&uacute;blico &eacute; instrumento de transpar&ecirc;ncia da gest&atilde;o fiscal. <\/strong>\n<\/p>\n<p>\n\t<strong>C A despesa p&uacute;blica e o resultado dos fluxos financeiros devem obedecer ao regime de compet&ecirc;ncia. <\/strong>\n<\/p>\n<p>\n\t<strong>D O balan&ccedil;o or&ccedil;ament&aacute;rio deve conter as receitas por grupo de natureza e as despesas, por fonte. <\/strong>\n<\/p>\n<p>\n\t<strong>E O relat&oacute;rio de gest&atilde;o fiscal deve conter o total da despesa com pessoal, exclu&iacute;dos os pensionistas.<\/strong>\n<\/p>\n<p>\n\tA. Errado. Ser&atilde;o apresentadas pelos presidentes do STF e Tribunais Superiores.\n<\/p>\n<p>\n\tB. Certo. Segundo o art. 48 da LRF,&nbsp;s&atilde;o instrumentos de transpar&ecirc;ncia da gest&atilde;o fiscal, aos quais ser&aacute; dada ampla divulga&ccedil;&atilde;o, inclusive em meios eletr&ocirc;nicos de acesso p&uacute;blico: os planos, <strong>or&ccedil;amentos e leis de diretrizes or&ccedil;ament&aacute;rias<\/strong>; as presta&ccedil;&otilde;es de contas e o respectivo parecer pr&eacute;vio; o Relat&oacute;rio Resumido da Execu&ccedil;&atilde;o Or&ccedil;ament&aacute;ria e o Relat&oacute;rio de Gest&atilde;o Fiscal; e as vers&otilde;es simplificadas desses documentos.\n<\/p>\n<p>\n\tC. Errado. A despesa obedece o regime de compet&ecirc;ncia, j&aacute; os fluxos financeiros o regime de CAIXA.\n<\/p>\n<p>\n\tD. Errado. Inverteu: a receita por fonte e a despesa por grupo de natureza (art. 51, I da LRF);\n<\/p>\n<p>\n\tE. Errado. O RGF cont&eacute;m a despesa com pessoal, distinguindo as com inativos e pensionistas, portanto est&atilde;o inclu&iacute;das.\n<\/p>\n<p>\n\tResposta: letra B\n<\/p>\n<p>\n\t&nbsp;\n<\/p>\n<p>\n\t<strong>52. Tendo como refer&ecirc;ncia a LRF, assinale a op&ccedil;&atilde;o correta. <\/strong>\n<\/p>\n<p>\n\t<strong>A A proposta de aperfei&ccedil;oamento da a&ccedil;&atilde;o governamental dispensa a elabora&ccedil;&atilde;o de estimativa de impacto financeiro, mas exige a estimativa de impacto or&ccedil;ament&aacute;rio. <\/strong>\n<\/p>\n<p>\n\t<strong>B D&iacute;vida p&uacute;blica mobili&aacute;ria &eacute; o total de obriga&ccedil;&otilde;es financeiras do ente p&uacute;blico, resultante de leis, contratos e conv&ecirc;nios. <\/strong>\n<\/p>\n<p>\n\t<strong>C Um dos objetivos da LRF &eacute; fixar normas que estimulem a responsabilidade na gest&atilde;o or&ccedil;ament&aacute;ria. <\/strong>\n<\/p>\n<p>\n\t<strong>D Na lei de diretrizes or&ccedil;ament&aacute;rias, o anexo de metas fiscais deve conter avalia&ccedil;&otilde;es atuariais. <\/strong>\n<\/p>\n<p>\n\t<strong>E Receita corrente l&iacute;quida &eacute; o montante bruto de receitas tribut&aacute;rias, de contribui&ccedil;&otilde;es e patrimoniais, depois de efetuadas as dedu&ccedil;&otilde;es legalmente previstas.<\/strong>\n<\/p>\n<p>\n\tA. Errado.&nbsp;&nbsp;A cria&ccedil;&atilde;o, expans&atilde;o ou aperfei&ccedil;oamento de a&ccedil;&atilde;o governamental que acarrete aumento da despesa ser&aacute; acompanhado de&nbsp;estimativa do <strong>impacto or&ccedil;ament&aacute;rio-financeiro<\/strong> no exerc&iacute;cio em que deva entrar em vigor e nos dois subseq&uuml;entes e&nbsp;declara&ccedil;&atilde;o do ordenador da despesa de que o aumento tem adequa&ccedil;&atilde;o or&ccedil;ament&aacute;ria e financeira com a lei or&ccedil;ament&aacute;ria anual e compatibilidade com o plano plurianual e com a lei de diretrizes .\n<\/p>\n<p>\n\tB. Errado. D&iacute;vida p&uacute;blica mobili&aacute;ria &eacute; aquela&nbsp;representada por t&iacute;tulos emitidos pela Uni&atilde;o, inclusive os do Banco Central do Brasil, Estados e Munic&iacute;pios.\n<\/p>\n<p>\n\tC. Errado. Um dos princ&iacute;pios da LRF &eacute; justamente a implanta&ccedil;&atilde;o da responsabilidade na <strong>gest&atilde;o fiscal<\/strong>, que&nbsp;pressup&otilde;e a a&ccedil;&atilde;o planejada e transparente, em que se previnem riscos e corrigem desvios capazes de afetar o equil&iacute;brio das contas p&uacute;blicas, mediante o cumprimento de metas de resultados entre receitas e despesas e a obedi&ecirc;ncia a limites e condi&ccedil;&otilde;es no que tange a ren&uacute;ncia de receita, gera&ccedil;&atilde;o de despesas com pessoal, da seguridade social e outras, d&iacute;vidas consolidada e mobili&aacute;ria, opera&ccedil;&otilde;es de cr&eacute;dito, inclusive por antecipa&ccedil;&atilde;o de receita, concess&atilde;o de garantia e inscri&ccedil;&atilde;o em Restos a Pagar.\n<\/p>\n<p>\n\tD. Certo. Est&aacute; previsto no art. 5&ordm;, &sect; 2&ordm;, IV da LRF.&nbsp;\n<\/p>\n<p>\n\tE. Errado. Receita corrente l&iacute;quida &eacute; o somat&oacute;rio das receitas tribut&aacute;rias, de contribui&ccedil;&otilde;es, patrimoniais, industriais, agropecu&aacute;rias, de servi&ccedil;os, transfer&ecirc;ncias correntes&nbsp;e outras receitas tamb&eacute;m correntes, depois de efetuadas as dedu&ccedil;&otilde;es legais.\n<\/p>\n<p>\n\tResposta: letra D\n<\/p>\n<p>\n\t&nbsp;\n<\/p>\n<p>\n\tMais uma vez o Estrat&eacute;gia abordou 100% das quest&otilde;es no curso. E a&iacute;? Vai estudar com que aprova ou n&atilde;o?\n<\/p>\n<p>\n\tDeixo abaixo o link dos curso de AFO dos professores Vin&iacute;cius Nascimento e S&eacute;rgio Mendes para aqueles que querem se aprofundar nos estudos ou mesmo iniciar!!\n<\/p>\n<p>\n\tForte abra&ccedil;o!\n<\/p>\n<p>\n\t<a href=\"http:\/\/www.estrategiaconcursos.com.br\/cursosPorProfessor\/sergio-mendes-3000\/\">Cursos de AFO dos Professores Vin&iacute;cius Nascimento e S&eacute;rgio Mendes<\/a>\n<\/p>\n<p>\n\t<a href=\"https:\/\/dhg1h5j42swfq.cloudfront.net\/2016\/06\/13152730\/Prof-Vin%C3%ADcius-escura1.png\" rel=\"attachment wp-att-41270\"><img loading=\"lazy\" decoding=\"async\" alt=\"Prof Vin\u00edcius escura\" height=\"129\" src=\"https:\/\/dhg1h5j42swfq.cloudfront.net\/2016\/06\/13152730\/Prof-Vin%C3%ADcius-escura1.png\" width=\"300\" \/><\/a><\/p>\n","protected":false},"excerpt":{"rendered":"<p>Ol&aacute; pessoal!! Hoje temos a prova de AFO comentada do TRE\/PE, prova aplicada no &uacute;ltimo domingo dia 19\/03!!! Vamos juntos? 46. O par&aacute;grafo &uacute;nico do artigo 20 da Lei n.&ordm; 4.320\/1964, conforme o qual &ldquo;os programas especiais de trabalho que, por sua natureza, n&atilde;o possam cumprir-se subordinadamente &agrave;s normas gerais de execu&ccedil;&atilde;o da despesa, poder&atilde;o [&hellip;]<\/p>\n","protected":false},"author":212,"featured_media":0,"comment_status":"open","ping_status":"open","sticky":false,"template":"","format":"standard","meta":{"post_tipo":"article","footnotes":""},"categories":[1],"tags":[],"tax_estado":[],"class_list":["post-67920","post","type-post","status-publish","format-standard","hentry","category-cursos-e-concursos"],"acf":[],"yoast_head":"<!-- This site is optimized with the Yoast SEO Premium plugin v27.2 (Yoast SEO v27.2) - https:\/\/yoast.com\/product\/yoast-seo-premium-wordpress\/ -->\n<title>Prova de AFO comentada do TRE\/PE - Analista - \u00c1rea Administrativa<\/title>\n<meta name=\"robots\" content=\"index, follow, max-snippet:-1, max-image-preview:large, max-video-preview:-1\" \/>\n<link rel=\"canonical\" href=\"https:\/\/www.estrategiaconcursos.com.br\/blog\/prova-de-afo-comentada-do-trepe-analista-area-administrativa\/\" \/>\n<meta property=\"og:locale\" content=\"pt_BR\" \/>\n<meta property=\"og:type\" content=\"article\" \/>\n<meta property=\"og:title\" content=\"Prova de AFO comentada do TRE\/PE - Analista - \u00c1rea Administrativa\" \/>\n<meta property=\"og:description\" content=\"Ol&aacute; pessoal!! Hoje temos a prova de AFO comentada do TRE\/PE, prova aplicada no &uacute;ltimo domingo dia 19\/03!!! Vamos juntos? 46. O par&aacute;grafo &uacute;nico do artigo 20 da Lei n.&ordm; 4.320\/1964, conforme o qual &ldquo;os programas especiais de trabalho que, por sua natureza, n&atilde;o possam cumprir-se subordinadamente &agrave;s normas gerais de execu&ccedil;&atilde;o da despesa, poder&atilde;o [&hellip;]\" \/>\n<meta property=\"og:url\" content=\"https:\/\/www.estrategiaconcursos.com.br\/blog\/prova-de-afo-comentada-do-trepe-analista-area-administrativa\/\" \/>\n<meta property=\"og:site_name\" content=\"Estrat\u00e9gia Concursos\" \/>\n<meta property=\"article:published_time\" content=\"2017-03-22T21:50:42+00:00\" \/>\n<meta name=\"author\" content=\"Equipe AFO e Direito Financeiro Estrat\u00e9gia Concursos\" \/>\n<meta name=\"twitter:card\" content=\"summary_large_image\" \/>\n<meta name=\"twitter:creator\" content=\"@EstratConcursos\" \/>\n<meta name=\"twitter:site\" content=\"@EstratConcursos\" \/>\n<meta name=\"twitter:label1\" content=\"Escrito por\" \/>\n\t<meta name=\"twitter:data1\" content=\"Equipe AFO e Direito Financeiro Estrat\u00e9gia Concursos\" \/>\n\t<meta name=\"twitter:label2\" content=\"Est. tempo de leitura\" \/>\n\t<meta name=\"twitter:data2\" content=\"14 minutos\" \/>\n<script type=\"application\/ld+json\" class=\"yoast-schema-graph\">{\"@context\":\"https:\/\/schema.org\",\"@graph\":[{\"@type\":\"NewsArticle\",\"@id\":\"https:\/\/www.estrategiaconcursos.com.br\/blog\/prova-de-afo-comentada-do-trepe-analista-area-administrativa\/#article\",\"isPartOf\":{\"@id\":\"https:\/\/www.estrategiaconcursos.com.br\/blog\/prova-de-afo-comentada-do-trepe-analista-area-administrativa\/\"},\"author\":{\"name\":\"Equipe AFO e Direito Financeiro Estrat\u00e9gia Concursos\",\"@id\":\"https:\/\/www.estrategiaconcursos.com.br\/blog\/#\/schema\/person\/77a2892ad782f0107fe53568a4b21468\"},\"headline\":\"Prova de AFO comentada do TRE\/PE &#8211; Analista &#8211; \u00c1rea Administrativa\",\"datePublished\":\"2017-03-22T21:50:42+00:00\",\"mainEntityOfPage\":{\"@id\":\"https:\/\/www.estrategiaconcursos.com.br\/blog\/prova-de-afo-comentada-do-trepe-analista-area-administrativa\/\"},\"wordCount\":2843,\"commentCount\":3,\"publisher\":{\"@id\":\"https:\/\/www.estrategiaconcursos.com.br\/blog\/#organization\"},\"articleSection\":[\"Concursos P\u00fablicos\"],\"inLanguage\":\"pt-BR\",\"potentialAction\":[{\"@type\":\"CommentAction\",\"name\":\"Comment\",\"target\":[\"https:\/\/www.estrategiaconcursos.com.br\/blog\/prova-de-afo-comentada-do-trepe-analista-area-administrativa\/#respond\"]}],\"copyrightYear\":\"2017\",\"copyrightHolder\":{\"@id\":\"https:\/\/www.estrategiaconcursos.com.br\/blog\/#organization\"}},{\"@type\":\"WebPage\",\"@id\":\"https:\/\/www.estrategiaconcursos.com.br\/blog\/prova-de-afo-comentada-do-trepe-analista-area-administrativa\/\",\"url\":\"https:\/\/www.estrategiaconcursos.com.br\/blog\/prova-de-afo-comentada-do-trepe-analista-area-administrativa\/\",\"name\":\"Prova de AFO comentada do TRE\/PE - Analista - \u00c1rea Administrativa\",\"isPartOf\":{\"@id\":\"https:\/\/www.estrategiaconcursos.com.br\/blog\/#website\"},\"datePublished\":\"2017-03-22T21:50:42+00:00\",\"breadcrumb\":{\"@id\":\"https:\/\/www.estrategiaconcursos.com.br\/blog\/prova-de-afo-comentada-do-trepe-analista-area-administrativa\/#breadcrumb\"},\"inLanguage\":\"pt-BR\",\"potentialAction\":[{\"@type\":\"ReadAction\",\"target\":[\"https:\/\/www.estrategiaconcursos.com.br\/blog\/prova-de-afo-comentada-do-trepe-analista-area-administrativa\/\"]}]},{\"@type\":\"BreadcrumbList\",\"@id\":\"https:\/\/www.estrategiaconcursos.com.br\/blog\/prova-de-afo-comentada-do-trepe-analista-area-administrativa\/#breadcrumb\",\"itemListElement\":[{\"@type\":\"ListItem\",\"position\":1,\"name\":\"In\u00edcio\",\"item\":\"https:\/\/www.estrategiaconcursos.com.br\/blog\/\"},{\"@type\":\"ListItem\",\"position\":2,\"name\":\"Prova de AFO comentada do TRE\/PE &#8211; Analista &#8211; \u00c1rea Administrativa\"}]},{\"@type\":\"WebSite\",\"@id\":\"https:\/\/www.estrategiaconcursos.com.br\/blog\/#website\",\"url\":\"https:\/\/www.estrategiaconcursos.com.br\/blog\/\",\"name\":\"Estrat\u00e9gia Concursos\",\"description\":\"O blog da Estrat\u00e9gia Concursos traz not\u00edcias sobre concursos e artigos de professores oferecendo cursos para concursos (pdf + videaulas) no site.\",\"publisher\":{\"@id\":\"https:\/\/www.estrategiaconcursos.com.br\/blog\/#organization\"},\"potentialAction\":[{\"@type\":\"SearchAction\",\"target\":{\"@type\":\"EntryPoint\",\"urlTemplate\":\"https:\/\/www.estrategiaconcursos.com.br\/blog\/?s={search_term_string}\"},\"query-input\":{\"@type\":\"PropertyValueSpecification\",\"valueRequired\":true,\"valueName\":\"search_term_string\"}}],\"inLanguage\":\"pt-BR\"},{\"@type\":\"Organization\",\"@id\":\"https:\/\/www.estrategiaconcursos.com.br\/blog\/#organization\",\"name\":\"Estrat\u00e9gia Concursos\",\"url\":\"https:\/\/www.estrategiaconcursos.com.br\/blog\/\",\"logo\":{\"@type\":\"ImageObject\",\"inLanguage\":\"pt-BR\",\"@id\":\"https:\/\/www.estrategiaconcursos.com.br\/blog\/#\/schema\/logo\/image\/\",\"url\":\"https:\/\/dhg1h5j42swfq.cloudfront.net\/2025\/06\/03203428\/logo_concursos-1.jpg\",\"contentUrl\":\"https:\/\/dhg1h5j42swfq.cloudfront.net\/2025\/06\/03203428\/logo_concursos-1.jpg\",\"width\":230,\"height\":60,\"caption\":\"Estrat\u00e9gia Concursos\"},\"image\":{\"@id\":\"https:\/\/www.estrategiaconcursos.com.br\/blog\/#\/schema\/logo\/image\/\"},\"sameAs\":[\"https:\/\/x.com\/EstratConcursos\"]},{\"@type\":\"Person\",\"@id\":\"https:\/\/www.estrategiaconcursos.com.br\/blog\/#\/schema\/person\/77a2892ad782f0107fe53568a4b21468\",\"name\":\"Equipe AFO e Direito Financeiro Estrat\u00e9gia Concursos\",\"image\":{\"@type\":\"ImageObject\",\"inLanguage\":\"pt-BR\",\"@id\":\"https:\/\/secure.gravatar.com\/avatar\/d41138c46db8615c04f3f4bacb65c20fd12675ce069a35a91c19fb13ad0747b7?s=96&d=mm&r=g\",\"url\":\"https:\/\/secure.gravatar.com\/avatar\/d41138c46db8615c04f3f4bacb65c20fd12675ce069a35a91c19fb13ad0747b7?s=96&d=mm&r=g\",\"contentUrl\":\"https:\/\/secure.gravatar.com\/avatar\/d41138c46db8615c04f3f4bacb65c20fd12675ce069a35a91c19fb13ad0747b7?s=96&d=mm&r=g\",\"caption\":\"Equipe AFO e Direito Financeiro Estrat\u00e9gia Concursos\"},\"url\":\"https:\/\/www.estrategiaconcursos.com.br\/blog\/author\/vinicius_nascimento1987hotmail-com\/\"}]}<\/script>\n<!-- \/ Yoast SEO Premium plugin. -->","yoast_head_json":{"title":"Prova de AFO comentada do TRE\/PE - Analista - \u00c1rea Administrativa","robots":{"index":"index","follow":"follow","max-snippet":"max-snippet:-1","max-image-preview":"max-image-preview:large","max-video-preview":"max-video-preview:-1"},"canonical":"https:\/\/www.estrategiaconcursos.com.br\/blog\/prova-de-afo-comentada-do-trepe-analista-area-administrativa\/","og_locale":"pt_BR","og_type":"article","og_title":"Prova de AFO comentada do TRE\/PE - Analista - \u00c1rea Administrativa","og_description":"Ol&aacute; pessoal!! Hoje temos a prova de AFO comentada do TRE\/PE, prova aplicada no &uacute;ltimo domingo dia 19\/03!!! Vamos juntos? 46. O par&aacute;grafo &uacute;nico do artigo 20 da Lei n.&ordm; 4.320\/1964, conforme o qual &ldquo;os programas especiais de trabalho que, por sua natureza, n&atilde;o possam cumprir-se subordinadamente &agrave;s normas gerais de execu&ccedil;&atilde;o da despesa, poder&atilde;o [&hellip;]","og_url":"https:\/\/www.estrategiaconcursos.com.br\/blog\/prova-de-afo-comentada-do-trepe-analista-area-administrativa\/","og_site_name":"Estrat\u00e9gia Concursos","article_published_time":"2017-03-22T21:50:42+00:00","author":"Equipe AFO e Direito Financeiro Estrat\u00e9gia Concursos","twitter_card":"summary_large_image","twitter_creator":"@EstratConcursos","twitter_site":"@EstratConcursos","twitter_misc":{"Escrito por":"Equipe AFO e Direito Financeiro Estrat\u00e9gia Concursos","Est. tempo de leitura":"14 minutos"},"schema":{"@context":"https:\/\/schema.org","@graph":[{"@type":"NewsArticle","@id":"https:\/\/www.estrategiaconcursos.com.br\/blog\/prova-de-afo-comentada-do-trepe-analista-area-administrativa\/#article","isPartOf":{"@id":"https:\/\/www.estrategiaconcursos.com.br\/blog\/prova-de-afo-comentada-do-trepe-analista-area-administrativa\/"},"author":{"name":"Equipe AFO e Direito Financeiro Estrat\u00e9gia Concursos","@id":"https:\/\/www.estrategiaconcursos.com.br\/blog\/#\/schema\/person\/77a2892ad782f0107fe53568a4b21468"},"headline":"Prova de AFO comentada do TRE\/PE &#8211; Analista &#8211; \u00c1rea Administrativa","datePublished":"2017-03-22T21:50:42+00:00","mainEntityOfPage":{"@id":"https:\/\/www.estrategiaconcursos.com.br\/blog\/prova-de-afo-comentada-do-trepe-analista-area-administrativa\/"},"wordCount":2843,"commentCount":3,"publisher":{"@id":"https:\/\/www.estrategiaconcursos.com.br\/blog\/#organization"},"articleSection":["Concursos P\u00fablicos"],"inLanguage":"pt-BR","potentialAction":[{"@type":"CommentAction","name":"Comment","target":["https:\/\/www.estrategiaconcursos.com.br\/blog\/prova-de-afo-comentada-do-trepe-analista-area-administrativa\/#respond"]}],"copyrightYear":"2017","copyrightHolder":{"@id":"https:\/\/www.estrategiaconcursos.com.br\/blog\/#organization"}},{"@type":"WebPage","@id":"https:\/\/www.estrategiaconcursos.com.br\/blog\/prova-de-afo-comentada-do-trepe-analista-area-administrativa\/","url":"https:\/\/www.estrategiaconcursos.com.br\/blog\/prova-de-afo-comentada-do-trepe-analista-area-administrativa\/","name":"Prova de AFO comentada do TRE\/PE - Analista - \u00c1rea Administrativa","isPartOf":{"@id":"https:\/\/www.estrategiaconcursos.com.br\/blog\/#website"},"datePublished":"2017-03-22T21:50:42+00:00","breadcrumb":{"@id":"https:\/\/www.estrategiaconcursos.com.br\/blog\/prova-de-afo-comentada-do-trepe-analista-area-administrativa\/#breadcrumb"},"inLanguage":"pt-BR","potentialAction":[{"@type":"ReadAction","target":["https:\/\/www.estrategiaconcursos.com.br\/blog\/prova-de-afo-comentada-do-trepe-analista-area-administrativa\/"]}]},{"@type":"BreadcrumbList","@id":"https:\/\/www.estrategiaconcursos.com.br\/blog\/prova-de-afo-comentada-do-trepe-analista-area-administrativa\/#breadcrumb","itemListElement":[{"@type":"ListItem","position":1,"name":"In\u00edcio","item":"https:\/\/www.estrategiaconcursos.com.br\/blog\/"},{"@type":"ListItem","position":2,"name":"Prova de AFO comentada do TRE\/PE &#8211; Analista &#8211; \u00c1rea Administrativa"}]},{"@type":"WebSite","@id":"https:\/\/www.estrategiaconcursos.com.br\/blog\/#website","url":"https:\/\/www.estrategiaconcursos.com.br\/blog\/","name":"Estrat\u00e9gia Concursos","description":"O blog da Estrat\u00e9gia Concursos traz not\u00edcias sobre concursos e artigos de professores oferecendo cursos para concursos (pdf + videaulas) no site.","publisher":{"@id":"https:\/\/www.estrategiaconcursos.com.br\/blog\/#organization"},"potentialAction":[{"@type":"SearchAction","target":{"@type":"EntryPoint","urlTemplate":"https:\/\/www.estrategiaconcursos.com.br\/blog\/?s={search_term_string}"},"query-input":{"@type":"PropertyValueSpecification","valueRequired":true,"valueName":"search_term_string"}}],"inLanguage":"pt-BR"},{"@type":"Organization","@id":"https:\/\/www.estrategiaconcursos.com.br\/blog\/#organization","name":"Estrat\u00e9gia Concursos","url":"https:\/\/www.estrategiaconcursos.com.br\/blog\/","logo":{"@type":"ImageObject","inLanguage":"pt-BR","@id":"https:\/\/www.estrategiaconcursos.com.br\/blog\/#\/schema\/logo\/image\/","url":"https:\/\/dhg1h5j42swfq.cloudfront.net\/2025\/06\/03203428\/logo_concursos-1.jpg","contentUrl":"https:\/\/dhg1h5j42swfq.cloudfront.net\/2025\/06\/03203428\/logo_concursos-1.jpg","width":230,"height":60,"caption":"Estrat\u00e9gia Concursos"},"image":{"@id":"https:\/\/www.estrategiaconcursos.com.br\/blog\/#\/schema\/logo\/image\/"},"sameAs":["https:\/\/x.com\/EstratConcursos"]},{"@type":"Person","@id":"https:\/\/www.estrategiaconcursos.com.br\/blog\/#\/schema\/person\/77a2892ad782f0107fe53568a4b21468","name":"Equipe AFO e Direito Financeiro Estrat\u00e9gia Concursos","image":{"@type":"ImageObject","inLanguage":"pt-BR","@id":"https:\/\/secure.gravatar.com\/avatar\/d41138c46db8615c04f3f4bacb65c20fd12675ce069a35a91c19fb13ad0747b7?s=96&d=mm&r=g","url":"https:\/\/secure.gravatar.com\/avatar\/d41138c46db8615c04f3f4bacb65c20fd12675ce069a35a91c19fb13ad0747b7?s=96&d=mm&r=g","contentUrl":"https:\/\/secure.gravatar.com\/avatar\/d41138c46db8615c04f3f4bacb65c20fd12675ce069a35a91c19fb13ad0747b7?s=96&d=mm&r=g","caption":"Equipe AFO e Direito Financeiro Estrat\u00e9gia Concursos"},"url":"https:\/\/www.estrategiaconcursos.com.br\/blog\/author\/vinicius_nascimento1987hotmail-com\/"}]}},"_links":{"self":[{"href":"https:\/\/www.estrategiaconcursos.com.br\/blog\/wp-json\/wp\/v2\/posts\/67920","targetHints":{"allow":["GET"]}}],"collection":[{"href":"https:\/\/www.estrategiaconcursos.com.br\/blog\/wp-json\/wp\/v2\/posts"}],"about":[{"href":"https:\/\/www.estrategiaconcursos.com.br\/blog\/wp-json\/wp\/v2\/types\/post"}],"author":[{"embeddable":true,"href":"https:\/\/www.estrategiaconcursos.com.br\/blog\/wp-json\/wp\/v2\/users\/212"}],"replies":[{"embeddable":true,"href":"https:\/\/www.estrategiaconcursos.com.br\/blog\/wp-json\/wp\/v2\/comments?post=67920"}],"version-history":[{"count":2,"href":"https:\/\/www.estrategiaconcursos.com.br\/blog\/wp-json\/wp\/v2\/posts\/67920\/revisions"}],"predecessor-version":[{"id":67923,"href":"https:\/\/www.estrategiaconcursos.com.br\/blog\/wp-json\/wp\/v2\/posts\/67920\/revisions\/67923"}],"wp:attachment":[{"href":"https:\/\/www.estrategiaconcursos.com.br\/blog\/wp-json\/wp\/v2\/media?parent=67920"}],"wp:term":[{"taxonomy":"category","embeddable":true,"href":"https:\/\/www.estrategiaconcursos.com.br\/blog\/wp-json\/wp\/v2\/categories?post=67920"},{"taxonomy":"post_tag","embeddable":true,"href":"https:\/\/www.estrategiaconcursos.com.br\/blog\/wp-json\/wp\/v2\/tags?post=67920"},{"taxonomy":"tax_estado","embeddable":true,"href":"https:\/\/www.estrategiaconcursos.com.br\/blog\/wp-json\/wp\/v2\/tax_estado?post=67920"}],"curies":[{"name":"wp","href":"https:\/\/api.w.org\/{rel}","templated":true}]}}