{"id":678713,"date":"2021-02-23T18:18:57","date_gmt":"2021-02-23T21:18:57","guid":{"rendered":"https:\/\/www.estrategiaconcursos.com.br\/blog\/?p=678713"},"modified":"2021-02-23T18:19:47","modified_gmt":"2021-02-23T21:19:47","slug":"carta-ao-assinante-oab-06","status":"publish","type":"post","link":"https:\/\/www.estrategiaconcursos.com.br\/blog\/carta-ao-assinante-oab-06\/","title":{"rendered":"Carta ao Assinante OAB 06"},"content":{"rendered":"\n<p><strong>Ol\u00e1, queridos (as). &nbsp;<\/strong><\/p>\n\n\n\n<p>Faltam menos de quinze dias para a sua prova, ent\u00e3o, iniciaremos a nossa semana especial de estudos. Isso mesmo, nos pr\u00f3ximos dias, teremos um cronograma especial para que voc\u00eas possam revisar diariamente as principais mat\u00e9rias que estar\u00e3o na prova.<\/p>\n\n\n\n<p>O nosso objetivo \u00e9 focar na resolu\u00e7\u00e3o de quest\u00f5es dos principais temas e, claro, em conjunto com aquela explica\u00e7\u00e3o te\u00f3rica e necess\u00e1ria para gabaritar qualquer quest\u00e3o.<\/p>\n\n\n\n<p>Ent\u00e3o, se nos permitem algumas dicas, fiquem atentos aos seguintes pontos:<\/p>\n\n\n\n<ul class=\"wp-block-list\"><li><em>N\u00e3o estudem apenas por quest\u00f5es nesta reta final. Torna-se muito importante uma revis\u00e3o de conte\u00fado te\u00f3rico acompanhada de quest\u00f5es;<\/em><\/li><li><em>Tente focar nos temas de maior import\u00e2ncia para a prova;<\/em><\/li><li><em>Caso ainda tenha mat\u00e9rias importantes que n\u00e3o foram estudadas, ainda \u00e9 poss\u00edvel tentar minar eventuais preju\u00edzos e estudar o quanto for poss\u00edvel; e<\/em><\/li><li><em>Por fim, tente controlar a ansiedade, afinal, tudo aquilo que lhe tirar o foco, poder\u00e1 ser prejudicial no dia da prova.<\/em><\/li><\/ul>\n\n\n\n<p>Assim, os professores da corujinha elaboraram dicas pontuais das principais mat\u00e9rias, e com a certeza de que poder\u00e3o fazer voc\u00eas acertarem a quest\u00e3o decisiva da sua prova.<\/p>\n\n\n\n<p><strong>Vamos l\u00e1:<\/strong><\/p>\n\n\n\n<figure class=\"wp-block-table\"><table><tbody><tr><td><strong>Direito Constitucional (Prof. Diego Cerqueira)<\/strong> <em>\u201cA ADC \u00e9 uma a\u00e7\u00e3o de controle de constitucionalidade, cujo objetivo \u00e9 confirmar a constitucionalidade de uma lei ou ato normativo federal, apenas. Trata-se de uma a\u00e7\u00e3o de cunho declarat\u00f3rio e com pressuposto muito importante, a exist\u00eancia de dissenso, diverg\u00eancia jurisprudencial. H\u00e1 um estado de incerteza acerca da legitimidade da lei, e essa diverg\u00eancia deve estar inserida no \u00e2mbito do Poder Judici\u00e1rio.<\/em> <em>A diverg\u00eancia doutrin\u00e1ria n\u00e3o gera o cabimento de uma ADC.\u201d.<\/em> <strong>&nbsp;<\/strong> <strong>Direito Administrativo (Prof. Igor Maciel)<\/strong> <em>\u201cOs bens p\u00fablicos n\u00e3o podem ser adquiridos por usucapi\u00e3o. N\u00e3o h\u00e1 exce\u00e7\u00f5es.<\/em> <em>Por mais bonita que seja a hist\u00f3ria inventada pela FGV no enunciado, se as pessoas estiverem ocupando bens p\u00fablicos, elas jamais poder\u00e3o adquirir os bens por usucapi\u00e3o.\u201d.<\/em> <strong>&nbsp;<\/strong> <strong>Direito Civil (Prof. Paulo Sousa)<\/strong> <em>\u201cO casamento de menores de 16 anos \u00e9 proibido em qualquer hip\u00f3tese<\/em> <em>Mesmo que o examinador tente fazer voc\u00ea se compadecer do jovem casal, n\u00e3o pode, esse matrim\u00f4nio \u00e9 anul\u00e1vel (n\u00e3o nulo!).\u201d.<\/em> <strong>&nbsp;<\/strong> <strong>Direito Processual Civil (Prof. Ricardo Torques)<\/strong> <em>\u201cNa admissibilidade da a\u00e7\u00e3o, o ju\u00edzo poder\u00e1 extinguir o processo com ou sem resolu\u00e7\u00e3o de m\u00e9rito. Na hip\u00f3tese de extin\u00e7\u00e3o sem julgamento do m\u00e9rito, a extin\u00e7\u00e3o decorre de falha processual o que impor\u00e1 forma\u00e7\u00e3o da coisa julgada formal. Na hip\u00f3tese de improced\u00eancia liminar do pedido, a extin\u00e7\u00e3o implicar\u00e1 a resolu\u00e7\u00e3o do m\u00e9rito. Em ambos os casos, recorre-se mediante apela\u00e7\u00e3o no prazo de 15 dias, havendo a excepcional hip\u00f3tese de retrata\u00e7\u00e3o pelo ju\u00edzo no prazo de 5 dias.\u201d.<\/em> <em>&nbsp;<\/em> <strong>Direito Penal (Prof. Cristiano Rodrigues)<\/strong> <em>\u201cLembre-se que todas as altera\u00e7\u00f5es mais gravosas s\u00e3o irretroativas e s\u00f3 se aplicam a condutas realizadas ap\u00f3s o in\u00edcio de vig\u00eancia do pacote (24 de janeiro de 2020).\u201d.<\/em> <strong><em>&nbsp;<\/em><\/strong> <strong>Direito Processual Penal (Prof. Ivan Marques)<\/strong> <em>\u201cAp\u00f3s o pacote anticrime, o juiz n\u00e3o tem autoriza\u00e7\u00e3o da lei para decretar a pris\u00e3o de of\u00edcio.\u201d<\/em> <em>&nbsp;<\/em> <strong>Direito do Trabalho (Prof.\u00aa Priscila Ferreira)<\/strong> <em>\u201cVale lembrar que as condi\u00e7\u00f5es estabelecidas em acordo coletivo de trabalho SEMPRE prevalecer\u00e3o sobre as estipuladas em conven\u00e7\u00e3o coletiva de trabalho e independentemente de qual norma seja mais favor\u00e1vel ao empregado\u201d.<\/em><\/td><\/tr><\/tbody><\/table><\/figure>\n\n\n\n<p><strong>Por fim, tomem nota do nosso cronograma da Semana Especial OAB, e com a certeza de que n\u00e3o poder\u00e3o ficar de fora deste super evento di\u00e1rio:<\/strong><\/p>\n\n\n\n<figure class=\"wp-block-table is-style-stripes\"><table><tbody><tr><td><strong>&nbsp;<\/strong><\/td><td><strong>26\/02<\/strong><\/td><td><strong>27\/02<\/strong><\/td><td><strong>28\/02<\/strong><\/td><\/tr><tr><td><strong><em>8h30 \u00e0s 10h<\/em><\/strong><strong><\/strong><\/td><td>Direito Civil<\/td><td>Direito Ambiental<\/td><td>Direito Empresarial<\/td><\/tr><tr><td><strong><em>10h30 \u00e0s 12h<\/em><\/strong><strong><\/strong><\/td><td>Direito Processual Penal<\/td><td>Direito do Consumidor<\/td><td>Direito Processual Penal<\/td><\/tr><tr><td><strong><em>14h \u00e0s 15h30<\/em><\/strong><strong><\/strong><\/td><td>Direito Processual Civil<\/td><td>Filosofia do Direito<\/td><td>Direito Internacional<\/td><\/tr><tr><td><strong><em>16h \u00e0s 17h30<\/em><\/strong><strong><\/strong><\/td><td>Direito Constitucional<\/td><td>Direito Penal<\/td><td>Direito Tribut\u00e1rio<\/td><\/tr><tr><td><strong><em>19h \u00e0s 20h30<\/em><\/strong><strong><\/strong><\/td><td>ECA<\/td><td>***<\/td><td>***<\/td><\/tr><tr><td><strong><em>21h \u00e0s 22h30<\/em><\/strong><strong><\/strong><\/td><td>Direito Processual do Trabalho<\/td><td>***<\/td><td>***<\/td><\/tr><\/tbody><\/table><\/figure>\n\n\n\n<p><strong>Calma, ainda, teremos muito mais nos pr\u00f3ximos dias:<\/strong><\/p>\n\n\n\n<figure class=\"wp-block-table is-style-stripes\"><table><tbody><tr><td><strong>&nbsp;<\/strong><\/td><td><strong>01\/03<\/strong><\/td><td><strong>02\/03<\/strong><\/td><td><strong>03\/03<\/strong><\/td><td><strong>04\/03<\/strong><\/td><\/tr><tr><td><strong><em>8h30 \u00e0s 10h<\/em><\/strong><strong><\/strong><\/td><td>Direito Processual Civil<\/td><td>Direito do Trabalho<\/td><td>Direito Administrativo<\/td><td>Direito Civil<\/td><\/tr><tr><td><strong><em>10h30 \u00e0s 12h<\/em><\/strong><strong><\/strong><\/td><td>Direito do Trabalho<\/td><td>Direito Empresarial<\/td><td>Direito Processual do Trabalho<\/td><td>Direito do Trabalho<\/td><\/tr><tr><td><strong><em>14h \u00e0s 15h30<\/em><\/strong><strong><\/strong><\/td><td>Direito Penal<\/td><td>Direito Civil<\/td><td>Direito Empresarial<\/td><td>Direito Penal<\/td><\/tr><tr><td><strong><em>16h \u00e0s 17h30<\/em><\/strong><strong><\/strong><\/td><td>Direito Civil<\/td><td>Direito Processual Penal<\/td><td>Direito Penal<\/td><td>Direito do Consumidor<\/td><\/tr><tr><td><strong><em>19h \u00e0s 20h30<\/em><\/strong><strong><\/strong><\/td><td>Direito Tribut\u00e1rio<\/td><td>Direito Processual Civil<\/td><td>Direito Administrativo<\/td><td>Direito Processual Penal<\/td><\/tr><tr><td><strong><em>21h \u00e0s 22h30<\/em><\/strong><strong><\/strong><\/td><td>Direito Administrativo<\/td><td>Direito Constitucional<\/td><td>Direito Tribut\u00e1rio<\/td><td>Direito Constitucional<\/td><\/tr><\/tbody><\/table><\/figure>\n\n\n\n<p><br \/>E, encerrando a semana especial, no <strong>dia 05\/03<\/strong>, Prof.\u00aa Priscila Ferreira e Prof. Rosenval Junior estar\u00e3o juntos das 8h30min at\u00e9 \u00e0s 17h30min com uma <strong>super revis\u00e3o de \u00c9tica Profissional<\/strong>.<\/p>\n\n\n\n<p><strong>De fato, ser\u00e1 imperd\u00edvel!!!<\/strong><\/p>\n\n\n\n<p><strong>Assim, teremos um encontro marcado a partir de sexta-feira e a nossa ansiedade em encontr\u00e1-los j\u00e1 \u00e9 muito grande.<\/strong><\/p>\n\n\n\n<p><strong>Contem com a gente!!!<\/strong><\/p>\n\n\n\n<p><strong>Coordena\u00e7\u00e3o Estrat\u00e9gia OAB.<\/strong><\/p>\n\n\n\n<p><strong>Ricardo Torques<\/strong><\/p>\n\n\n\n<p><strong>Priscila Ferreira.<\/strong><\/p>\n","protected":false},"excerpt":{"rendered":"<p>Ol\u00e1, queridos (as). &nbsp; Faltam menos de quinze dias para a sua prova, ent\u00e3o, iniciaremos a nossa semana especial de estudos. Isso mesmo, nos pr\u00f3ximos dias, teremos um cronograma especial para que voc\u00eas possam revisar diariamente as principais mat\u00e9rias que estar\u00e3o na prova. O nosso objetivo \u00e9 focar na resolu\u00e7\u00e3o de quest\u00f5es dos principais temas [&hellip;]<\/p>\n","protected":false},"author":545,"featured_media":633979,"comment_status":"open","ping_status":"closed","sticky":false,"template":"","format":"standard","meta":{"post_tipo":"article","footnotes":""},"categories":[1],"tags":[],"tax_estado":[219963],"class_list":["post-678713","post","type-post","status-publish","format-standard","has-post-thumbnail","hentry","category-cursos-e-concursos","tax_estado-concursos-federais"],"acf":[],"yoast_head":"<!-- This site is optimized with the Yoast SEO Premium plugin v27.2 (Yoast SEO v27.2) - https:\/\/yoast.com\/product\/yoast-seo-premium-wordpress\/ -->\n<title>Carta ao Assinante OAB 06<\/title>\n<meta name=\"robots\" content=\"index, follow, max-snippet:-1, max-image-preview:large, max-video-preview:-1\" \/>\n<link rel=\"canonical\" href=\"https:\/\/www.estrategiaconcursos.com.br\/blog\/carta-ao-assinante-oab-06\/\" \/>\n<meta property=\"og:locale\" content=\"pt_BR\" \/>\n<meta property=\"og:type\" content=\"article\" \/>\n<meta property=\"og:title\" content=\"Carta ao Assinante OAB 06\" \/>\n<meta property=\"og:description\" content=\"Ol\u00e1, queridos (as). &nbsp; Faltam menos de quinze dias para a sua prova, ent\u00e3o, iniciaremos a nossa semana especial de estudos. Isso mesmo, nos pr\u00f3ximos dias, teremos um cronograma especial para que voc\u00eas possam revisar diariamente as principais mat\u00e9rias que estar\u00e3o na prova. O nosso objetivo \u00e9 focar na resolu\u00e7\u00e3o de quest\u00f5es dos principais temas [&hellip;]\" \/>\n<meta property=\"og:url\" content=\"https:\/\/www.estrategiaconcursos.com.br\/blog\/carta-ao-assinante-oab-06\/\" \/>\n<meta property=\"og:site_name\" content=\"Estrat\u00e9gia Concursos\" \/>\n<meta property=\"article:published_time\" content=\"2021-02-23T21:18:57+00:00\" \/>\n<meta property=\"article:modified_time\" content=\"2021-02-23T21:19:47+00:00\" \/>\n<meta property=\"og:image\" content=\"https:\/\/dhg1h5j42swfq.cloudfront.net\/2020\/12\/18131240\/unnamed-2.png\" \/>\n\t<meta property=\"og:image:width\" content=\"800\" \/>\n\t<meta property=\"og:image:height\" content=\"450\" \/>\n\t<meta property=\"og:image:type\" content=\"image\/png\" \/>\n<meta name=\"author\" content=\"Priscila Ferreira\" \/>\n<meta name=\"twitter:card\" content=\"summary_large_image\" \/>\n<meta name=\"twitter:creator\" content=\"@EstratConcursos\" \/>\n<meta name=\"twitter:site\" content=\"@EstratConcursos\" \/>\n<meta name=\"twitter:label1\" content=\"Escrito por\" \/>\n\t<meta name=\"twitter:data1\" content=\"Priscila Ferreira\" \/>\n\t<meta name=\"twitter:label2\" content=\"Est. tempo de leitura\" \/>\n\t<meta name=\"twitter:data2\" content=\"4 minutos\" \/>\n<script type=\"application\/ld+json\" class=\"yoast-schema-graph\">{\"@context\":\"https:\/\/schema.org\",\"@graph\":[{\"@type\":\"NewsArticle\",\"@id\":\"https:\/\/www.estrategiaconcursos.com.br\/blog\/carta-ao-assinante-oab-06\/#article\",\"isPartOf\":{\"@id\":\"https:\/\/www.estrategiaconcursos.com.br\/blog\/carta-ao-assinante-oab-06\/\"},\"author\":{\"name\":\"Priscila Ferreira\",\"@id\":\"https:\/\/www.estrategiaconcursos.com.br\/blog\/#\/schema\/person\/75dcd757b9d160f278f7513e9964e3b8\"},\"headline\":\"Carta ao Assinante OAB 06\",\"datePublished\":\"2021-02-23T21:18:57+00:00\",\"dateModified\":\"2021-02-23T21:19:47+00:00\",\"mainEntityOfPage\":{\"@id\":\"https:\/\/www.estrategiaconcursos.com.br\/blog\/carta-ao-assinante-oab-06\/\"},\"wordCount\":839,\"commentCount\":0,\"publisher\":{\"@id\":\"https:\/\/www.estrategiaconcursos.com.br\/blog\/#organization\"},\"image\":{\"@id\":\"https:\/\/www.estrategiaconcursos.com.br\/blog\/carta-ao-assinante-oab-06\/#primaryimage\"},\"thumbnailUrl\":\"https:\/\/dhg1h5j42swfq.cloudfront.net\/2020\/12\/18131240\/unnamed-2.png\",\"articleSection\":[\"Concursos P\u00fablicos\"],\"inLanguage\":\"pt-BR\",\"potentialAction\":[{\"@type\":\"CommentAction\",\"name\":\"Comment\",\"target\":[\"https:\/\/www.estrategiaconcursos.com.br\/blog\/carta-ao-assinante-oab-06\/#respond\"]}],\"copyrightYear\":\"2021\",\"copyrightHolder\":{\"@id\":\"https:\/\/www.estrategiaconcursos.com.br\/blog\/#organization\"}},{\"@type\":\"WebPage\",\"@id\":\"https:\/\/www.estrategiaconcursos.com.br\/blog\/carta-ao-assinante-oab-06\/\",\"url\":\"https:\/\/www.estrategiaconcursos.com.br\/blog\/carta-ao-assinante-oab-06\/\",\"name\":\"Carta ao Assinante OAB 06\",\"isPartOf\":{\"@id\":\"https:\/\/www.estrategiaconcursos.com.br\/blog\/#website\"},\"primaryImageOfPage\":{\"@id\":\"https:\/\/www.estrategiaconcursos.com.br\/blog\/carta-ao-assinante-oab-06\/#primaryimage\"},\"image\":{\"@id\":\"https:\/\/www.estrategiaconcursos.com.br\/blog\/carta-ao-assinante-oab-06\/#primaryimage\"},\"thumbnailUrl\":\"https:\/\/dhg1h5j42swfq.cloudfront.net\/2020\/12\/18131240\/unnamed-2.png\",\"datePublished\":\"2021-02-23T21:18:57+00:00\",\"dateModified\":\"2021-02-23T21:19:47+00:00\",\"breadcrumb\":{\"@id\":\"https:\/\/www.estrategiaconcursos.com.br\/blog\/carta-ao-assinante-oab-06\/#breadcrumb\"},\"inLanguage\":\"pt-BR\",\"potentialAction\":[{\"@type\":\"ReadAction\",\"target\":[\"https:\/\/www.estrategiaconcursos.com.br\/blog\/carta-ao-assinante-oab-06\/\"]}]},{\"@type\":\"ImageObject\",\"inLanguage\":\"pt-BR\",\"@id\":\"https:\/\/www.estrategiaconcursos.com.br\/blog\/carta-ao-assinante-oab-06\/#primaryimage\",\"url\":\"https:\/\/dhg1h5j42swfq.cloudfront.net\/2020\/12\/18131240\/unnamed-2.png\",\"contentUrl\":\"https:\/\/dhg1h5j42swfq.cloudfront.net\/2020\/12\/18131240\/unnamed-2.png\",\"width\":800,\"height\":450,\"caption\":\"CARTA AOS ASSINANTES\"},{\"@type\":\"BreadcrumbList\",\"@id\":\"https:\/\/www.estrategiaconcursos.com.br\/blog\/carta-ao-assinante-oab-06\/#breadcrumb\",\"itemListElement\":[{\"@type\":\"ListItem\",\"position\":1,\"name\":\"In\u00edcio\",\"item\":\"https:\/\/www.estrategiaconcursos.com.br\/blog\/\"},{\"@type\":\"ListItem\",\"position\":2,\"name\":\"Carta ao Assinante OAB 06\"}]},{\"@type\":\"WebSite\",\"@id\":\"https:\/\/www.estrategiaconcursos.com.br\/blog\/#website\",\"url\":\"https:\/\/www.estrategiaconcursos.com.br\/blog\/\",\"name\":\"Estrat\u00e9gia Concursos\",\"description\":\"O blog da Estrat\u00e9gia Concursos traz not\u00edcias sobre concursos e artigos de professores oferecendo cursos para concursos (pdf + videaulas) no site.\",\"publisher\":{\"@id\":\"https:\/\/www.estrategiaconcursos.com.br\/blog\/#organization\"},\"potentialAction\":[{\"@type\":\"SearchAction\",\"target\":{\"@type\":\"EntryPoint\",\"urlTemplate\":\"https:\/\/www.estrategiaconcursos.com.br\/blog\/?s={search_term_string}\"},\"query-input\":{\"@type\":\"PropertyValueSpecification\",\"valueRequired\":true,\"valueName\":\"search_term_string\"}}],\"inLanguage\":\"pt-BR\"},{\"@type\":\"Organization\",\"@id\":\"https:\/\/www.estrategiaconcursos.com.br\/blog\/#organization\",\"name\":\"Estrat\u00e9gia Concursos\",\"url\":\"https:\/\/www.estrategiaconcursos.com.br\/blog\/\",\"logo\":{\"@type\":\"ImageObject\",\"inLanguage\":\"pt-BR\",\"@id\":\"https:\/\/www.estrategiaconcursos.com.br\/blog\/#\/schema\/logo\/image\/\",\"url\":\"https:\/\/dhg1h5j42swfq.cloudfront.net\/2025\/06\/03203428\/logo_concursos-1.jpg\",\"contentUrl\":\"https:\/\/dhg1h5j42swfq.cloudfront.net\/2025\/06\/03203428\/logo_concursos-1.jpg\",\"width\":230,\"height\":60,\"caption\":\"Estrat\u00e9gia Concursos\"},\"image\":{\"@id\":\"https:\/\/www.estrategiaconcursos.com.br\/blog\/#\/schema\/logo\/image\/\"},\"sameAs\":[\"https:\/\/x.com\/EstratConcursos\"]},{\"@type\":\"Person\",\"@id\":\"https:\/\/www.estrategiaconcursos.com.br\/blog\/#\/schema\/person\/75dcd757b9d160f278f7513e9964e3b8\",\"name\":\"Priscila Ferreira\",\"image\":{\"@type\":\"ImageObject\",\"inLanguage\":\"pt-BR\",\"@id\":\"https:\/\/secure.gravatar.com\/avatar\/e8eec4f3a7f5e57631cb11a38fe3ce4b99c1efe7d24b59d6c3433c374d04a68c?s=96&d=mm&r=g\",\"url\":\"https:\/\/secure.gravatar.com\/avatar\/e8eec4f3a7f5e57631cb11a38fe3ce4b99c1efe7d24b59d6c3433c374d04a68c?s=96&d=mm&r=g\",\"contentUrl\":\"https:\/\/secure.gravatar.com\/avatar\/e8eec4f3a7f5e57631cb11a38fe3ce4b99c1efe7d24b59d6c3433c374d04a68c?s=96&d=mm&r=g\",\"caption\":\"Priscila Ferreira\"},\"url\":\"https:\/\/www.estrategiaconcursos.com.br\/blog\/author\/prof-prisfergmail-com\/\"}]}<\/script>\n<!-- \/ Yoast SEO Premium plugin. -->","yoast_head_json":{"title":"Carta ao Assinante OAB 06","robots":{"index":"index","follow":"follow","max-snippet":"max-snippet:-1","max-image-preview":"max-image-preview:large","max-video-preview":"max-video-preview:-1"},"canonical":"https:\/\/www.estrategiaconcursos.com.br\/blog\/carta-ao-assinante-oab-06\/","og_locale":"pt_BR","og_type":"article","og_title":"Carta ao Assinante OAB 06","og_description":"Ol\u00e1, queridos (as). &nbsp; Faltam menos de quinze dias para a sua prova, ent\u00e3o, iniciaremos a nossa semana especial de estudos. Isso mesmo, nos pr\u00f3ximos dias, teremos um cronograma especial para que voc\u00eas possam revisar diariamente as principais mat\u00e9rias que estar\u00e3o na prova. O nosso objetivo \u00e9 focar na resolu\u00e7\u00e3o de quest\u00f5es dos principais temas [&hellip;]","og_url":"https:\/\/www.estrategiaconcursos.com.br\/blog\/carta-ao-assinante-oab-06\/","og_site_name":"Estrat\u00e9gia Concursos","article_published_time":"2021-02-23T21:18:57+00:00","article_modified_time":"2021-02-23T21:19:47+00:00","og_image":[{"width":800,"height":450,"url":"https:\/\/dhg1h5j42swfq.cloudfront.net\/2020\/12\/18131240\/unnamed-2.png","type":"image\/png"}],"author":"Priscila Ferreira","twitter_card":"summary_large_image","twitter_creator":"@EstratConcursos","twitter_site":"@EstratConcursos","twitter_misc":{"Escrito por":"Priscila Ferreira","Est. tempo de leitura":"4 minutos"},"schema":{"@context":"https:\/\/schema.org","@graph":[{"@type":"NewsArticle","@id":"https:\/\/www.estrategiaconcursos.com.br\/blog\/carta-ao-assinante-oab-06\/#article","isPartOf":{"@id":"https:\/\/www.estrategiaconcursos.com.br\/blog\/carta-ao-assinante-oab-06\/"},"author":{"name":"Priscila Ferreira","@id":"https:\/\/www.estrategiaconcursos.com.br\/blog\/#\/schema\/person\/75dcd757b9d160f278f7513e9964e3b8"},"headline":"Carta ao Assinante OAB 06","datePublished":"2021-02-23T21:18:57+00:00","dateModified":"2021-02-23T21:19:47+00:00","mainEntityOfPage":{"@id":"https:\/\/www.estrategiaconcursos.com.br\/blog\/carta-ao-assinante-oab-06\/"},"wordCount":839,"commentCount":0,"publisher":{"@id":"https:\/\/www.estrategiaconcursos.com.br\/blog\/#organization"},"image":{"@id":"https:\/\/www.estrategiaconcursos.com.br\/blog\/carta-ao-assinante-oab-06\/#primaryimage"},"thumbnailUrl":"https:\/\/dhg1h5j42swfq.cloudfront.net\/2020\/12\/18131240\/unnamed-2.png","articleSection":["Concursos P\u00fablicos"],"inLanguage":"pt-BR","potentialAction":[{"@type":"CommentAction","name":"Comment","target":["https:\/\/www.estrategiaconcursos.com.br\/blog\/carta-ao-assinante-oab-06\/#respond"]}],"copyrightYear":"2021","copyrightHolder":{"@id":"https:\/\/www.estrategiaconcursos.com.br\/blog\/#organization"}},{"@type":"WebPage","@id":"https:\/\/www.estrategiaconcursos.com.br\/blog\/carta-ao-assinante-oab-06\/","url":"https:\/\/www.estrategiaconcursos.com.br\/blog\/carta-ao-assinante-oab-06\/","name":"Carta ao Assinante OAB 06","isPartOf":{"@id":"https:\/\/www.estrategiaconcursos.com.br\/blog\/#website"},"primaryImageOfPage":{"@id":"https:\/\/www.estrategiaconcursos.com.br\/blog\/carta-ao-assinante-oab-06\/#primaryimage"},"image":{"@id":"https:\/\/www.estrategiaconcursos.com.br\/blog\/carta-ao-assinante-oab-06\/#primaryimage"},"thumbnailUrl":"https:\/\/dhg1h5j42swfq.cloudfront.net\/2020\/12\/18131240\/unnamed-2.png","datePublished":"2021-02-23T21:18:57+00:00","dateModified":"2021-02-23T21:19:47+00:00","breadcrumb":{"@id":"https:\/\/www.estrategiaconcursos.com.br\/blog\/carta-ao-assinante-oab-06\/#breadcrumb"},"inLanguage":"pt-BR","potentialAction":[{"@type":"ReadAction","target":["https:\/\/www.estrategiaconcursos.com.br\/blog\/carta-ao-assinante-oab-06\/"]}]},{"@type":"ImageObject","inLanguage":"pt-BR","@id":"https:\/\/www.estrategiaconcursos.com.br\/blog\/carta-ao-assinante-oab-06\/#primaryimage","url":"https:\/\/dhg1h5j42swfq.cloudfront.net\/2020\/12\/18131240\/unnamed-2.png","contentUrl":"https:\/\/dhg1h5j42swfq.cloudfront.net\/2020\/12\/18131240\/unnamed-2.png","width":800,"height":450,"caption":"CARTA AOS ASSINANTES"},{"@type":"BreadcrumbList","@id":"https:\/\/www.estrategiaconcursos.com.br\/blog\/carta-ao-assinante-oab-06\/#breadcrumb","itemListElement":[{"@type":"ListItem","position":1,"name":"In\u00edcio","item":"https:\/\/www.estrategiaconcursos.com.br\/blog\/"},{"@type":"ListItem","position":2,"name":"Carta ao Assinante OAB 06"}]},{"@type":"WebSite","@id":"https:\/\/www.estrategiaconcursos.com.br\/blog\/#website","url":"https:\/\/www.estrategiaconcursos.com.br\/blog\/","name":"Estrat\u00e9gia Concursos","description":"O blog da Estrat\u00e9gia Concursos traz not\u00edcias sobre concursos e artigos de professores oferecendo cursos para concursos (pdf + videaulas) no site.","publisher":{"@id":"https:\/\/www.estrategiaconcursos.com.br\/blog\/#organization"},"potentialAction":[{"@type":"SearchAction","target":{"@type":"EntryPoint","urlTemplate":"https:\/\/www.estrategiaconcursos.com.br\/blog\/?s={search_term_string}"},"query-input":{"@type":"PropertyValueSpecification","valueRequired":true,"valueName":"search_term_string"}}],"inLanguage":"pt-BR"},{"@type":"Organization","@id":"https:\/\/www.estrategiaconcursos.com.br\/blog\/#organization","name":"Estrat\u00e9gia Concursos","url":"https:\/\/www.estrategiaconcursos.com.br\/blog\/","logo":{"@type":"ImageObject","inLanguage":"pt-BR","@id":"https:\/\/www.estrategiaconcursos.com.br\/blog\/#\/schema\/logo\/image\/","url":"https:\/\/dhg1h5j42swfq.cloudfront.net\/2025\/06\/03203428\/logo_concursos-1.jpg","contentUrl":"https:\/\/dhg1h5j42swfq.cloudfront.net\/2025\/06\/03203428\/logo_concursos-1.jpg","width":230,"height":60,"caption":"Estrat\u00e9gia Concursos"},"image":{"@id":"https:\/\/www.estrategiaconcursos.com.br\/blog\/#\/schema\/logo\/image\/"},"sameAs":["https:\/\/x.com\/EstratConcursos"]},{"@type":"Person","@id":"https:\/\/www.estrategiaconcursos.com.br\/blog\/#\/schema\/person\/75dcd757b9d160f278f7513e9964e3b8","name":"Priscila Ferreira","image":{"@type":"ImageObject","inLanguage":"pt-BR","@id":"https:\/\/secure.gravatar.com\/avatar\/e8eec4f3a7f5e57631cb11a38fe3ce4b99c1efe7d24b59d6c3433c374d04a68c?s=96&d=mm&r=g","url":"https:\/\/secure.gravatar.com\/avatar\/e8eec4f3a7f5e57631cb11a38fe3ce4b99c1efe7d24b59d6c3433c374d04a68c?s=96&d=mm&r=g","contentUrl":"https:\/\/secure.gravatar.com\/avatar\/e8eec4f3a7f5e57631cb11a38fe3ce4b99c1efe7d24b59d6c3433c374d04a68c?s=96&d=mm&r=g","caption":"Priscila Ferreira"},"url":"https:\/\/www.estrategiaconcursos.com.br\/blog\/author\/prof-prisfergmail-com\/"}]}},"_links":{"self":[{"href":"https:\/\/www.estrategiaconcursos.com.br\/blog\/wp-json\/wp\/v2\/posts\/678713","targetHints":{"allow":["GET"]}}],"collection":[{"href":"https:\/\/www.estrategiaconcursos.com.br\/blog\/wp-json\/wp\/v2\/posts"}],"about":[{"href":"https:\/\/www.estrategiaconcursos.com.br\/blog\/wp-json\/wp\/v2\/types\/post"}],"author":[{"embeddable":true,"href":"https:\/\/www.estrategiaconcursos.com.br\/blog\/wp-json\/wp\/v2\/users\/545"}],"replies":[{"embeddable":true,"href":"https:\/\/www.estrategiaconcursos.com.br\/blog\/wp-json\/wp\/v2\/comments?post=678713"}],"version-history":[{"count":2,"href":"https:\/\/www.estrategiaconcursos.com.br\/blog\/wp-json\/wp\/v2\/posts\/678713\/revisions"}],"predecessor-version":[{"id":678719,"href":"https:\/\/www.estrategiaconcursos.com.br\/blog\/wp-json\/wp\/v2\/posts\/678713\/revisions\/678719"}],"wp:featuredmedia":[{"embeddable":true,"href":"https:\/\/www.estrategiaconcursos.com.br\/blog\/wp-json\/wp\/v2\/media\/633979"}],"wp:attachment":[{"href":"https:\/\/www.estrategiaconcursos.com.br\/blog\/wp-json\/wp\/v2\/media?parent=678713"}],"wp:term":[{"taxonomy":"category","embeddable":true,"href":"https:\/\/www.estrategiaconcursos.com.br\/blog\/wp-json\/wp\/v2\/categories?post=678713"},{"taxonomy":"post_tag","embeddable":true,"href":"https:\/\/www.estrategiaconcursos.com.br\/blog\/wp-json\/wp\/v2\/tags?post=678713"},{"taxonomy":"tax_estado","embeddable":true,"href":"https:\/\/www.estrategiaconcursos.com.br\/blog\/wp-json\/wp\/v2\/tax_estado?post=678713"}],"curies":[{"name":"wp","href":"https:\/\/api.w.org\/{rel}","templated":true}]}}