{"id":678127,"date":"2020-05-20T17:40:00","date_gmt":"2020-05-20T20:40:00","guid":{"rendered":"https:\/\/www.estrategiaconcursos.com.br\/blog\/?p=678127"},"modified":"2021-02-24T11:39:54","modified_gmt":"2021-02-24T14:39:54","slug":"concurso-potirendaba","status":"publish","type":"post","link":"https:\/\/www.estrategiaconcursos.com.br\/blog\/concurso-potirendaba\/","title":{"rendered":"Concurso Potirendaba: sele\u00e7\u00e3o em 2019; V\u00e1lida por dois anos"},"content":{"rendered":"\n<p>A Prefeitura Municipal de Potirendaba, estado de S\u00e3o Paulo, realizou seu \u00faltimo <strong>concurso p\u00fablico em 2019<\/strong>. Por conta das v\u00e1rias etapas, alguns cargos foram homologados em dezembro do mesmo ano e outros em janeiro e mar\u00e7o de 2020.<\/p>\n\n\n\n<p>Agora, a sele\u00e7\u00e3o seguir\u00e1 v\u00e1lida pelo prazo de dois anos, de acordo com a data final de homologa\u00e7\u00e3o, podendo a validade ser prorrogada uma vez, por igual per\u00edodo.<\/p>\n\n\n\n<p>A fim de te deixar sempre bem informado, elaboramos este artigo com as principais informa\u00e7\u00f5es e novidades sobre o concurso da Prefeitura de Potirendaba. Acompanhe os t\u00f3picos abaixo e n\u00e3o perca nenhum detalhe:<\/p>\n\n\n\n<ul class=\"wp-block-list\"><li><a href=\"#situacao\">Situa\u00e7\u00e3o atual do concurso<\/a><ul><li><a href=\"#homologacao\">Homologa\u00e7\u00e3o<\/a><\/li><\/ul><\/li><li><a href=\"#cargos-vagas\">Cargos e vagas<\/a><ul><li><a href=\"#fundamental\">Fundamental<\/a><\/li><li><a href=\"#medio\">M\u00e9dio<\/a><\/li><li><a href=\"#tecnico\">T\u00e9cnico<\/a><\/li><li><a href=\"#superior\">Superior<\/a><\/li><\/ul><\/li><li><a href=\"#etapas\">Etapas e provas<\/a><ul><li><a href=\"#objetiva\">Prova objetiva<\/a><\/li><li><a href=\"#discursiva\">Prova discursiva<\/a><\/li><li><a href=\"#titulos\">Avalia\u00e7\u00e3o de t\u00edtulos<\/a><\/li><li><a href=\"#pratica\">Prova pr\u00e1tica<\/a><\/li><\/ul><\/li><li><a href=\"#cursos-assinatura\">Cursos e assinaturas<\/a><\/li><li><a href=\"#ficha\">Ficha t\u00e9cnica<\/a><\/li><\/ul>\n\n\n\n<div class=\"container\" id=\"boxes\">\n  <div class=\"row\">\n\n    <div class=\"col-sm\">\n      <div class=\"banner-estrategia\" id=\"box-assinatura\">\n        <h3 class=\"titulo-assinatura\">Concurso Potirendaba<\/h3>\n        <p class=\"subtitulo-assinatura\">Estude conosco<\/p>\n        <div class=\"box-botao\">\n          <a class=\"btn-assinatura\" target=\"_blank\" href=\"https:\/\/www.estrategiaconcursos.com.br\/cursos\/\" role=\"button\" rel=\"noopener noreferrer\">Conhe\u00e7a os cursos<\/a>\n        <\/div>\n      <\/div>\n    \n    <\/div>\n\n  <\/div>\n<\/div>\n\n\n\n<h2 class=\"wp-block-heading\" id=\"situacao\">Situa\u00e7\u00e3o atual do concurso Potirendaba<\/h2>\n\n\n\n<h3 class=\"wp-block-heading\" id=\"homologacao\">Homologa\u00e7\u00e3o<\/h3>\n\n\n\n<ul class=\"wp-block-list\"><li><strong>Cargos de fase \u00fanica<\/strong><ul><li><strong>Homologado<\/strong>: 18 de dezembro de 2019<\/li><li><strong>V\u00e1lido at\u00e9<\/strong>: dezembro de 2021<\/li><\/ul><\/li><\/ul>\n\n\n\n<ul class=\"wp-block-list\"><li><strong>Cargos com exig\u00eancia de segunda fase<\/strong><ul><li><strong>Homologado<\/strong>: 30 de janeiro de 2020<\/li><li><strong>V\u00e1lido at\u00e9<\/strong>: janeiro de 2022<\/li><\/ul><\/li><\/ul>\n\n\n\n<ul class=\"wp-block-list\"><li><strong>Cargos com exig\u00eancia de terceira fase<\/strong><ul><li><strong>Homologado<\/strong>: 11 de mar\u00e7o de 2020<\/li><li><strong>V\u00e1lido at\u00e9<\/strong>: mar\u00e7o de 2022<\/li><\/ul><\/li><\/ul>\n\n\n\n<p class=\"has-text-align-center has-background has-medium-font-size\" style=\"background-color:#eeeeee\"><a href=\"https:\/\/dhg1h5j42swfq.cloudfront.net\/2025\/06\/23181929\/877ca23f52bc3c842ac708b2e894cfb2.pdf\" target=\"_blank\" rel=\"noreferrer noopener\"><strong>Ato geral de homologa\u00e7\u00e3o<\/strong><\/a><\/p>\n\n\n\n<h2 class=\"wp-block-heading\" id=\"cargos-vagas\">Cargos e vagas do concurso Potirendaba<\/h2>\n\n\n\n<p>No total, foram ofertadas 855 vagas, entre ampla ampla concorr\u00eancia, pessoas com defici\u00eancia e cadastro reserva. Os sal\u00e1rios variaram entre valores de R$ 1.209,83 a R$ 11.620,00.<\/p>\n\n\n\n<h3 class=\"wp-block-heading\" id=\"fundamental\">N\u00edvel fundamental<\/h3>\n\n\n\n<figure class=\"wp-block-table is-style-stripes\"><table class=\"has-subtle-pale-blue-background-color has-fixed-layout has-background\"><thead><tr><th class=\"has-text-align-center\" data-align=\"center\"><strong>CARGO<\/strong>S<\/th><\/tr><\/thead><tbody><tr><td class=\"has-text-align-center\" data-align=\"center\">Almoxarife<\/td><\/tr><tr><td class=\"has-text-align-center\" data-align=\"center\">Art\u00edfice<\/td><\/tr><tr><td class=\"has-text-align-center\" data-align=\"center\">Auxiliar de Encanador<\/td><\/tr><tr><td class=\"has-text-align-center\" data-align=\"center\">Auxiliar de Servi\u00e7o<\/td><\/tr><tr><td class=\"has-text-align-center\" data-align=\"center\">Chefe de Almoxarifado<\/td><\/tr><tr><td class=\"has-text-align-center\" data-align=\"center\">Chefe de Vigias<\/td><\/tr><tr><td class=\"has-text-align-center\" data-align=\"center\">Chefe do Armaz\u00e9m Comunit\u00e1rio<\/td><\/tr><tr><td class=\"has-text-align-center\" data-align=\"center\">Coordenador da Merenda<\/td><\/tr><tr><td class=\"has-text-align-center\" data-align=\"center\">Cozinheiro<\/td><\/tr><tr><td class=\"has-text-align-center\" data-align=\"center\">Eletricista<\/td><\/tr><tr><td class=\"has-text-align-center\" data-align=\"center\">Encanador<\/td><\/tr><tr><td class=\"has-text-align-center\" data-align=\"center\">Encarregado de Pessoal<\/td><\/tr><tr><td class=\"has-text-align-center\" data-align=\"center\">Fiscal do Servi\u00e7o de \u00c1gua<\/td><\/tr><tr><td class=\"has-text-align-center\" data-align=\"center\">Lavador<\/td><\/tr><tr><td class=\"has-text-align-center\" data-align=\"center\">Lubrificador<\/td><\/tr><tr><td class=\"has-text-align-center\" data-align=\"center\">Mec\u00e2nico<\/td><\/tr><tr><td class=\"has-text-align-center\" data-align=\"center\">Merendeira<\/td><\/tr><tr><td class=\"has-text-align-center\" data-align=\"center\">Motorista<\/td><\/tr><tr><td class=\"has-text-align-center\" data-align=\"center\">Operador de M\u00e1quinas<\/td><\/tr><tr><td class=\"has-text-align-center\" data-align=\"center\">Padeiro<\/td><\/tr><tr><td class=\"has-text-align-center\" data-align=\"center\">Pedreiro<\/td><\/tr><tr><td class=\"has-text-align-center\" data-align=\"center\">Recepcionista<\/td><\/tr><tr><td class=\"has-text-align-center\" data-align=\"center\">Servente<\/td><\/tr><tr><td class=\"has-text-align-center\" data-align=\"center\">Servente de Pedreiro<\/td><\/tr><tr><td class=\"has-text-align-center\" data-align=\"center\">Telefonista<\/td><\/tr><tr><td class=\"has-text-align-center\" data-align=\"center\">Trabalhador Bra\u00e7al<\/td><\/tr><tr><td class=\"has-text-align-center\" data-align=\"center\">Vigia<\/td><\/tr><tr><td class=\"has-text-align-center\" data-align=\"center\">Zelador<\/td><\/tr><\/tbody><\/table><\/figure>\n\n\n\n<h3 class=\"wp-block-heading\" id=\"medio\">Ensino m\u00e9dio<\/h3>\n\n\n\n<figure class=\"wp-block-table is-style-stripes\"><table class=\"has-subtle-pale-blue-background-color has-fixed-layout has-background\"><thead><tr><th class=\"has-text-align-center\" data-align=\"center\"><strong>CARGO<\/strong>S<\/th><\/tr><\/thead><tbody><tr><td class=\"has-text-align-center\" data-align=\"center\">Agente Administrativo<\/td><\/tr><tr><td class=\"has-text-align-center\" data-align=\"center\">Agente de Combate a Endemias<\/td><\/tr><tr><td class=\"has-text-align-center\" data-align=\"center\">Agente Comunit\u00e1rio de Sa\u00fade<\/td><\/tr><tr><td class=\"has-text-align-center\" data-align=\"center\">Agente de Saneamento<\/td><\/tr><tr><td class=\"has-text-align-center\" data-align=\"center\">Assistente de Licita\u00e7\u00e3o<\/td><\/tr><tr><td class=\"has-text-align-center\" data-align=\"center\">Atendente<\/td><\/tr><tr><td class=\"has-text-align-center\" data-align=\"center\">Auxiliar Administrativo<\/td><\/tr><tr><td class=\"has-text-align-center\" data-align=\"center\">Auxiliar de Consult\u00f3rio Dent\u00e1rio<\/td><\/tr><tr><td class=\"has-text-align-center\" data-align=\"center\">Chefe de Departamento Pessoal<\/td><\/tr><tr><td class=\"has-text-align-center\" data-align=\"center\">Chefe de Se\u00e7\u00e3o Administrativo<\/td><\/tr><tr><td class=\"has-text-align-center\" data-align=\"center\">Cont\u00ednuo<\/td><\/tr><tr><td class=\"has-text-align-center\" data-align=\"center\">Controlador de Arrecada\u00e7\u00e3o de ICMS<\/td><\/tr><tr><td class=\"has-text-align-center\" data-align=\"center\">Cuidador<\/td><\/tr><tr><td class=\"has-text-align-center\" data-align=\"center\">Desenhista<\/td><\/tr><tr><td class=\"has-text-align-center\" data-align=\"center\">Digitador<\/td><\/tr><tr><td class=\"has-text-align-center\" data-align=\"center\">Diretor de Patrim\u00f4nio<\/td><\/tr><tr><td class=\"has-text-align-center\" data-align=\"center\">Escritur\u00e1rio<\/td><\/tr><tr><td class=\"has-text-align-center\" data-align=\"center\">Fiscal de Obras<\/td><\/tr><tr><td class=\"has-text-align-center\" data-align=\"center\">Fiscal de Posturas Municipais<\/td><\/tr><tr><td class=\"has-text-align-center\" data-align=\"center\">Guarda Civil Municipal<\/td><\/tr><tr><td class=\"has-text-align-center\" data-align=\"center\">Inspetor de Alunos<\/td><\/tr><tr><td class=\"has-text-align-center\" data-align=\"center\">Leiturista<\/td><\/tr><tr><td class=\"has-text-align-center\" data-align=\"center\">Monitor<\/td><\/tr><tr><td class=\"has-text-align-center\" data-align=\"center\">Monitor de Educa\u00e7\u00e3o Infantil<\/td><\/tr><tr><td class=\"has-text-align-center\" data-align=\"center\">Secret\u00e1rio (v\u00e1rios)<\/td><\/tr><tr><td class=\"has-text-align-center\" data-align=\"center\">Tesoureiro<\/td><\/tr><\/tbody><\/table><\/figure>\n\n\n\n<h3 class=\"wp-block-heading\" id=\"tecnico\">N\u00edvel t\u00e9cnico<\/h3>\n\n\n\n<figure class=\"wp-block-table is-style-stripes\"><table class=\"has-subtle-pale-blue-background-color has-fixed-layout has-background\"><thead><tr><th class=\"has-text-align-center\" data-align=\"center\"><strong>CARGO<\/strong>S<\/th><\/tr><\/thead><tbody><tr><td class=\"has-text-align-center\" data-align=\"center\">Auxiliar de Enfermagem<\/td><\/tr><tr><td class=\"has-text-align-center\" data-align=\"center\">Operador de CPD<\/td><\/tr><tr><td class=\"has-text-align-center\" data-align=\"center\">T\u00e9cnico Agr\u00edcola<\/td><\/tr><tr><td class=\"has-text-align-center\" data-align=\"center\">T\u00e9cnico em Contabilidade<\/td><\/tr><tr><td class=\"has-text-align-center\" data-align=\"center\">T\u00e9cnico em Qu\u00edmica<\/td><\/tr><\/tbody><\/table><\/figure>\n\n\n\n<h3 class=\"wp-block-heading\" id=\"superior\">Curso superior<\/h3>\n\n\n\n<figure class=\"wp-block-table is-style-stripes\"><table class=\"has-subtle-pale-blue-background-color has-fixed-layout has-background\"><thead><tr><th class=\"has-text-align-center\" data-align=\"center\"><strong>CARGO<\/strong>S<\/th><\/tr><\/thead><tbody><tr><td class=\"has-text-align-center\" data-align=\"center\">Advogado<\/td><\/tr><tr><td class=\"has-text-align-center\" data-align=\"center\">Analista de Sistemas<\/td><\/tr><tr><td class=\"has-text-align-center\" data-align=\"center\">Assistente Social<\/td><\/tr><tr><td class=\"has-text-align-center\" data-align=\"center\">Bibliotec\u00e1ria<\/td><\/tr><tr><td class=\"has-text-align-center\" data-align=\"center\">Bi\u00f3logo<\/td><\/tr><tr><td class=\"has-text-align-center\" data-align=\"center\">Contador<\/td><\/tr><tr><td class=\"has-text-align-center\" data-align=\"center\">Controlador Interno<\/td><\/tr><tr><td class=\"has-text-align-center\" data-align=\"center\">Coordenador Pedag\u00f3gico<\/td><\/tr><tr><td class=\"has-text-align-center\" data-align=\"center\">Dentista<\/td><\/tr><tr><td class=\"has-text-align-center\" data-align=\"center\">Diretor &#8211; Setor Licita\u00e7\u00f5es e Contratos<\/td><\/tr><tr><td class=\"has-text-align-center\" data-align=\"center\">Diretor de Escola<\/td><\/tr><tr><td class=\"has-text-align-center\" data-align=\"center\">Diretor de Finan\u00e7as<\/td><\/tr><tr><td class=\"has-text-align-center\" data-align=\"center\">Enfermeiro<\/td><\/tr><tr><td class=\"has-text-align-center\" data-align=\"center\">Engenheiro Agr\u00f4nomo e Civil<\/td><\/tr><tr><td class=\"has-text-align-center\" data-align=\"center\">Farmac\u00eautico<\/td><\/tr><tr><td class=\"has-text-align-center\" data-align=\"center\">Fiscal de Tributos<\/td><\/tr><tr><td class=\"has-text-align-center\" data-align=\"center\">Fisioterapeuta<\/td><\/tr><tr><td class=\"has-text-align-center\" data-align=\"center\">Fonoaudi\u00f3logo<\/td><\/tr><tr><td class=\"has-text-align-center\" data-align=\"center\">M\u00e9dico (v\u00e1rios)<\/td><\/tr><tr><td class=\"has-text-align-center\" data-align=\"center\">Nutricionista<\/td><\/tr><tr><td class=\"has-text-align-center\" data-align=\"center\">Orientador Social<\/td><\/tr><tr><td class=\"has-text-align-center\" data-align=\"center\">Professor (v\u00e1rios)<\/td><\/tr><tr><td class=\"has-text-align-center\" data-align=\"center\">Psic\u00f3logo<\/td><\/tr><tr><td class=\"has-text-align-center\" data-align=\"center\">Supervisor de Ensino<\/td><\/tr><tr><td class=\"has-text-align-center\" data-align=\"center\">Terapeuta Ocupacional<\/td><\/tr><tr><td class=\"has-text-align-center\" data-align=\"center\">Vice-Diretor<\/td><\/tr><\/tbody><\/table><\/figure>\n\n\n\n<h2 class=\"wp-block-heading\" id=\"etapas\">Etapas e provas do concurso Potirendaba<\/h2>\n\n\n\n<p>O concurso da Prefeitura de Potirendaba foi composto pelas seguintes etapas:<\/p>\n\n\n\n<ul class=\"wp-block-list\"><li><strong>Provas Objetivas<\/strong> &#8211; para todos os cargos;<\/li><li><strong>Reda\u00e7\u00e3o <\/strong>&#8211; para todos os cargos;<\/li><li><strong>Avalia\u00e7\u00e3o de T\u00edtulos<\/strong> &#8211; apenas aos inscritos de n\u00edvel superior;<\/li><li><strong>Prova Pr\u00e1tica<\/strong> &#8211; para alguns cargos de n\u00edvel fundamental e m\u00e9dio.<\/li><\/ul>\n\n\n\n<h3 class=\"wp-block-heading\" id=\"objetiva\">Provas Objetivas<\/h3>\n\n\n\n<p>A prova objetiva, de car\u00e1ter eliminat\u00f3rio e classificat\u00f3rio, foi aplicada a fim de avaliar o grau de conhecimento te\u00f3rico do candidato, necess\u00e1rio ao desempenho do cargo, sendo composta de quest\u00f5es de m\u00faltipla escolha.<\/p>\n\n\n\n<ul class=\"wp-block-list\"><li><strong>Cargos de n\u00edvel fundamental:<\/strong><ul><li><em>L\u00edngua Portuguesa &#8211; 10<\/em><\/li><li><em>Matem\u00e1tica &#8211; 5<\/em><\/li><li><em>Atualidades &#8211; 10<\/em><\/li><\/ul><\/li><\/ul>\n\n\n\n<ul class=\"wp-block-list\"><li><strong>Guarda Civil:<\/strong><ul><li><em>L\u00edngua Portuguesa &#8211; 15<\/em><\/li><li><em>Matem\u00e1tica \u2013 05<\/em><\/li><li><em>Inform\u00e1tica \u2013 05<\/em><\/li><li><em>Atualidades \u2013 10<\/em><\/li><li><em>Conhecimentos Espec\u00edficos \u2013 05<\/em><\/li><\/ul><\/li><\/ul>\n\n\n\n<ul class=\"wp-block-list\"><li><strong>Demais cargos de n\u00edvel m\u00e9dio e t\u00e9cnico:<\/strong><ul><li><em>L\u00edngua Portuguesa &#8211; 15<\/em><\/li><li><em>Matem\u00e1tica \u2013 05<\/em><\/li><li><em>Inform\u00e1tica \u2013 05<\/em><\/li><li><em>Atualidades &#8211; 15<\/em><\/li><\/ul><\/li><\/ul>\n\n\n\n<ul class=\"wp-block-list\"><li><strong>Digitador e Operador de CPD:<\/strong><ul><li><em>L\u00edngua Portuguesa &#8211; 10<\/em><\/li><li><em>Matem\u00e1tica \u2013 05<\/em><\/li><li><em>Atualidades \u2013 10<\/em><\/li><li><em>Conhecimentos Espec\u00edficos de Inform\u00e1tica &#8211; 15<\/em><\/li><\/ul><\/li><\/ul>\n\n\n\n<ul class=\"wp-block-list\"><li><strong>Guarda Municipal:<\/strong><ul><li><em>L\u00edngua Portuguesa &#8211; 15<\/em><\/li><li><em>Matem\u00e1tica \u2013 05<\/em><\/li><li><em>Inform\u00e1tica \u2013 05<\/em><\/li><li><em>Atualidades \u2013 10<\/em><\/li><li><em>Conhecimentos Espec\u00edficos &#8211; 05<\/em><\/li><\/ul><\/li><\/ul>\n\n\n\n<ul class=\"wp-block-list\"><li><strong>Cargos de n\u00edvel superior:<\/strong><ul><li><em>L\u00edngua Portuguesa &#8211; 10<\/em><\/li><li><em>Atualidades \u2013 10<\/em><\/li><li><em>Conhecimentos Espec\u00edficos &#8211; 20<\/em><\/li><\/ul><\/li><\/ul>\n\n\n\n<h3 class=\"wp-block-heading\" id=\"discursiva\">Prova Discursiva (Reda\u00e7\u00e3o)<\/h3>\n\n\n\n<p>No que diz respeito a forma de corre\u00e7\u00e3o da prova de reda\u00e7\u00e3o e\/ou discursiva, a atribui\u00e7\u00e3o de pontos foi oriunda, conforme os aspectos relacionados a seguir:<\/p>\n\n\n\n<ul class=\"wp-block-list\"><li>Conte\u00fado: (At\u00e9 30 pontos)<\/li><li>Estrutura: (At\u00e9 10 pontos)<\/li><li>Express\u00e3o: (At\u00e9 10 pontos)<\/li><\/ul>\n\n\n\n<h3 class=\"wp-block-heading\" id=\"titulos\">Avalia\u00e7\u00e3o de T\u00edtulos<\/h3>\n\n\n\n<p>A Avalia\u00e7\u00e3o de T\u00edtulos compreendeu  na experi\u00eancia profissional docente na \u00e1rea ou \u00e1reas para a qual ou para as quais se inscreveu e t\u00edtulos acad\u00eamicos.<\/p>\n\n\n\n<div class=\"wp-block-image\"><figure class=\"aligncenter size-large\"><img loading=\"lazy\" decoding=\"async\" width=\"594\" height=\"387\" src=\"https:\/\/dhg1h5j42swfq.cloudfront.net\/2021\/02\/23171913\/image-297.png\" alt=\"\" class=\"wp-image-678647\" srcset=\"https:\/\/dhg1h5j42swfq.cloudfront.net\/2021\/02\/23171913\/image-297.png 594w, https:\/\/dhg1h5j42swfq.cloudfront.net\/2021\/02\/23171913\/image-297-300x195.png 300w\" sizes=\"auto, (max-width: 594px) 100vw, 594px\" \/><\/figure><\/div>\n\n\n\n<h3 class=\"wp-block-heading\" id=\"pratica\">Prova Pr\u00e1tica<\/h3>\n\n\n\n<p>A prova pr\u00e1tica teve car\u00e1ter classificat\u00f3rio e eliminat\u00f3rio, sendo avaliada, por meio de demonstra\u00e7\u00e3o pr\u00e1tica, o conhecimento e as habilidades do candidato para as atividades do cargo.<\/p>\n\n\n\n<hr class=\"wp-block-separator\"\/>\n\n\n\n<h2 class=\"has-text-align-center wp-block-heading\" id=\"cursos-assinatura\">Quer estudar para o concurso Potirendaba?<\/h2>\n\n\n\n<div class=\"container\" id=\"boxes\">\n  <div class=\"row\">\n\n    <div class=\"col-sm\">\n      <div class=\"banner-estrategia\" id=\"box-assinatura\">\n        <h3 class=\"titulo-assinatura\">Concurso Potirendaba<\/h3>\n        <p class=\"subtitulo-assinatura\">Conhe\u00e7a os cursos<\/p>\n        <div class=\"box-botao\">\n          <a class=\"btn-assinatura\" target=\"_blank\" href=\"https:\/\/www.estrategiaconcursos.com.br\/cursos\/\" role=\"button\" rel=\"noopener noreferrer\">Conhe\u00e7a mais<\/a>\n        <\/div>\n      <\/div>\n      \n    <\/div>\n\n  <\/div>\n<\/div>\n\n\n\n<div class=\"container\" id=\"boxes\">\n  <div class=\"row\">\n\n    <div class=\"col-sm\">\n      <div class=\"estrategia\" id=\"box-assinatura\">\n        <h3 class=\"titulo-assinatura\">Assinatura Ilimitada<\/h3>\n        <p class=\"subtitulo-assinatura\">Assinatura Anual Ilimitada*<\/p>\n        <div class=\"box-botao\">\n          <a class=\"btn-assinatura\" target=\"_blank\" href=\"https:\/\/www.estrategiaconcursos.com.br\/assinaturas\/\" role=\"button\" rel=\"noopener noreferrer\">ASSINE AGORA<\/a>\n        <\/div>\n      <\/div>\n      <p class=\"texto-auxiliar\">Prepare-se com o melhor material e com quem mais aprova em Concursos P\u00fablicos em todo o pa\u00eds. Assine agora a nossa Assinatura Anual e tenha acesso ilimitado* a todos os nossos cursos.<\/p>\n    <\/div>\n\n    <div class=\"col-sm\">\n      <div class=\"questoes\" id=\"box-assinatura\">\n        <h3 class=\"titulo-assinatura\">Sistema de Quest\u00f5es<\/h3>\n        <p class=\"subtitulo-assinatura\">Assinatura Ilimitada*\n<\/p>\n        <div class=\"box-botao\">\n          <a class=\"btn-assinatura\" target=\"_blank\" href=\"https:\/\/questoes.estrategiaconcursos.com.br\/\" role=\"button\" rel=\"noopener noreferrer\">ASSINE AGORA<\/a>\n        <\/div>\n      <\/div>\n      <p class=\"texto-auxiliar\">Estrat\u00e9gia Quest\u00f5es nasceu maior do que todos os concorrentes, com mais quest\u00f5es cadastradas e mais solu\u00e7\u00f5es por professores. Clique no link e aproveite os descontos e b\u00f4nus imperd\u00edveis!<\/p>\n    <\/div>\n  <\/div>\n<\/div>\n\n\n\n<div class=\"container\" id=\"boxes\">\n  <div class=\"row\">\n\n    <div class=\"col-sm\" id=\"boxes-concursos\">\n      <div style=\"background-color: #005DAD;\" class=\"conteudo-concursos\" id=\"box-concursos\">\n        <h3 class=\"titulo-assinatura\">Concursos Abertos<\/h3>\n        <p class=\"subtitulo-assinatura\">mais de 15 mil vagas<\/p>\n        <div class=\"box-botao\">\n          <a class=\"btn-assinatura\" target=\"_blank\" href=\"https:\/\/www.estrategiaconcursos.com.br\/blog\/concursos-abertos\/\" role=\"button\" rel=\"noopener noreferrer\">Conhe\u00e7a Agora<\/a>\n        <\/div>\n      <\/div>\n    <\/div>\n\n    <div class=\"col-sm\" id=\"boxes-concursos\">\n      <div style=\"background-color: #419FF0;\" class=\"conteudo-concursos\" id=\"box-concursos\">\n        <h3 class=\"titulo-assinatura\">Concursos 2021<\/h3>\n        <p class=\"subtitulo-assinatura\">mais de 50 mil vagas<\/p>\n        <div class=\"box-botao\">\n          <a class=\"btn-assinatura\" target=\"_blank\" href=\"https:\/\/www.estrategiaconcursos.com.br\/blog\/concursos-2021\/\" role=\"button\" rel=\"noopener noreferrer\">Conhe\u00e7a Agora<\/a>\n        <\/div>\n      <\/div>\n    <\/div>\n\n  <\/div>\n<\/div>\n\n\n\n<figure class=\"wp-block-image\"><img loading=\"lazy\" decoding=\"async\" width=\"300\" height=\"102\" src=\"https:\/\/dhg1h5j42swfq.cloudfront.net\/2017\/03\/28152500\/coruja-ficha-tecnica-300x102.png\" alt=\"Informa\u00e7\u00f5es do concurso Prefeitura de Potirendaba-SP\" class=\"wp-image-68542\"\/><\/figure>\n\n\n\n<h3 class=\"wp-block-heading\" id=\"ficha\">Informa\u00e7\u00f5es do concurso Prefeitura de Potirendaba-SP<\/h3>\n\n\n\n<ul class=\"wp-block-list\"><li><strong>Data<\/strong>: 2019<\/li><li><strong>Vagas<\/strong>: 110 + 745 CR<\/li><li><strong>Cargos<\/strong>: Diversos<\/li><li><strong>Banca<\/strong>: FAUSCS<\/li><li><strong>Escolaridade<\/strong>: N\u00edvel fundamental, m\u00e9dio, t\u00e9cnico e superior<\/li><li><strong>Edital<\/strong>:&nbsp;<a href=\"https:\/\/dhg1h5j42swfq.cloudfront.net\/2025\/06\/23111956\/1446b5355ca0fb1acd6b035b941a0f2e.pdf\" target=\"_blank\" rel=\"noreferrer noopener\">Edital Potirendaba<\/a> | <a href=\"https:\/\/dhg1h5j42swfq.cloudfront.net\/2025\/06\/23112003\/eb422522cb14a038d7e5721b6052492a.pdf\" target=\"_blank\" rel=\"noreferrer noopener\">Retifica\u00e7\u00e3o<\/a><\/li><\/ul>\n","protected":false},"excerpt":{"rendered":"<p>A Prefeitura Municipal de Potirendaba, estado de S\u00e3o Paulo, realizou seu \u00faltimo concurso p\u00fablico em 2019. Por conta das v\u00e1rias etapas, alguns cargos foram homologados em dezembro do mesmo ano e outros em janeiro e mar\u00e7o de 2020. Agora, a sele\u00e7\u00e3o seguir\u00e1 v\u00e1lida pelo prazo de dois anos, de acordo com a data final de [&hellip;]<\/p>\n","protected":false},"author":1,"featured_media":678728,"comment_status":"open","ping_status":"closed","sticky":false,"template":"","format":"standard","meta":{"post_tipo":"news_page","footnotes":""},"categories":[1],"tags":[],"tax_estado":[219989],"class_list":["post-678127","post","type-post","status-publish","format-standard","has-post-thumbnail","hentry","category-cursos-e-concursos","tax_estado-sp"],"acf":[],"yoast_head":"<!-- This site is optimized with the Yoast SEO Premium plugin v27.2 (Yoast SEO v27.2) - https:\/\/yoast.com\/product\/yoast-seo-premium-wordpress\/ -->\n<title>Concurso Potirendaba: sele\u00e7\u00e3o em 2019; V\u00e1lida por dois anos<\/title>\n<meta name=\"description\" content=\"Concurso Prefeitura de Potirendaba-SP: O \u00faltimo concurso realizado em 2019 permanece v\u00e1lido at\u00e9 2021 ou 2022, conforme cargo.\" \/>\n<meta name=\"robots\" content=\"index, follow, max-snippet:-1, max-image-preview:large, max-video-preview:-1\" \/>\n<link rel=\"canonical\" href=\"https:\/\/www.estrategiaconcursos.com.br\/blog\/concurso-potirendaba\/\" \/>\n<meta property=\"og:locale\" content=\"pt_BR\" \/>\n<meta property=\"og:type\" content=\"article\" \/>\n<meta property=\"og:title\" content=\"Concurso Potirendaba: sele\u00e7\u00e3o em 2019; V\u00e1lida por dois anos\" \/>\n<meta property=\"og:description\" content=\"Concurso Prefeitura de Potirendaba-SP: O \u00faltimo concurso realizado em 2019 permanece v\u00e1lido at\u00e9 2021 ou 2022, conforme cargo.\" \/>\n<meta property=\"og:url\" content=\"https:\/\/www.estrategiaconcursos.com.br\/blog\/concurso-potirendaba\/\" \/>\n<meta property=\"og:site_name\" content=\"Estrat\u00e9gia Concursos\" \/>\n<meta property=\"article:author\" content=\"https:\/\/www.facebook.com\/EstrategiaConcursos\" \/>\n<meta property=\"article:published_time\" content=\"2020-05-20T20:40:00+00:00\" \/>\n<meta property=\"article:modified_time\" content=\"2021-02-24T14:39:54+00:00\" \/>\n<meta property=\"og:image\" content=\"https:\/\/dhg1h5j42swfq.cloudfront.net\/2021\/02\/23182420\/prefeitura_de_potirendaba-sp.jpg\" \/>\n\t<meta property=\"og:image:width\" content=\"1200\" \/>\n\t<meta property=\"og:image:height\" content=\"628\" \/>\n\t<meta property=\"og:image:type\" content=\"image\/jpeg\" \/>\n<meta name=\"author\" content=\"Coordena\u00e7\u00e3o\" \/>\n<meta name=\"twitter:card\" content=\"summary_large_image\" \/>\n<meta name=\"twitter:creator\" content=\"@EstratConcursos\" \/>\n<meta name=\"twitter:site\" content=\"@EstratConcursos\" \/>\n<meta name=\"twitter:label1\" content=\"Escrito por\" \/>\n\t<meta name=\"twitter:data1\" content=\"Coordena\u00e7\u00e3o\" \/>\n\t<meta name=\"twitter:label2\" content=\"Est. tempo de leitura\" \/>\n\t<meta name=\"twitter:data2\" content=\"4 minutos\" \/>\n<script type=\"application\/ld+json\" class=\"yoast-schema-graph\">{\"@context\":\"https:\/\/schema.org\",\"@graph\":[{\"@type\":\"NewsArticle\",\"@id\":\"https:\/\/www.estrategiaconcursos.com.br\/blog\/concurso-potirendaba\/#article\",\"isPartOf\":{\"@id\":\"https:\/\/www.estrategiaconcursos.com.br\/blog\/concurso-potirendaba\/\"},\"author\":{\"name\":\"Coordena\u00e7\u00e3o\",\"@id\":\"https:\/\/www.estrategiaconcursos.com.br\/blog\/#\/schema\/person\/b4a388c97673c5f483d72185668afa1f\"},\"headline\":\"Concurso Potirendaba: sele\u00e7\u00e3o em 2019; V\u00e1lida por dois anos\",\"datePublished\":\"2020-05-20T20:40:00+00:00\",\"dateModified\":\"2021-02-24T14:39:54+00:00\",\"mainEntityOfPage\":{\"@id\":\"https:\/\/www.estrategiaconcursos.com.br\/blog\/concurso-potirendaba\/\"},\"wordCount\":951,\"commentCount\":0,\"publisher\":{\"@id\":\"https:\/\/www.estrategiaconcursos.com.br\/blog\/#organization\"},\"image\":{\"@id\":\"https:\/\/www.estrategiaconcursos.com.br\/blog\/concurso-potirendaba\/#primaryimage\"},\"thumbnailUrl\":\"https:\/\/dhg1h5j42swfq.cloudfront.net\/2021\/02\/23182420\/prefeitura_de_potirendaba-sp.jpg\",\"articleSection\":[\"Concursos P\u00fablicos\"],\"inLanguage\":\"pt-BR\",\"potentialAction\":[{\"@type\":\"CommentAction\",\"name\":\"Comment\",\"target\":[\"https:\/\/www.estrategiaconcursos.com.br\/blog\/concurso-potirendaba\/#respond\"]}],\"copyrightYear\":\"2020\",\"copyrightHolder\":{\"@id\":\"https:\/\/www.estrategiaconcursos.com.br\/blog\/#organization\"}},{\"@type\":\"WebPage\",\"@id\":\"https:\/\/www.estrategiaconcursos.com.br\/blog\/concurso-potirendaba\/\",\"url\":\"https:\/\/www.estrategiaconcursos.com.br\/blog\/concurso-potirendaba\/\",\"name\":\"Concurso Potirendaba: sele\u00e7\u00e3o em 2019; V\u00e1lida por dois anos\",\"isPartOf\":{\"@id\":\"https:\/\/www.estrategiaconcursos.com.br\/blog\/#website\"},\"primaryImageOfPage\":{\"@id\":\"https:\/\/www.estrategiaconcursos.com.br\/blog\/concurso-potirendaba\/#primaryimage\"},\"image\":{\"@id\":\"https:\/\/www.estrategiaconcursos.com.br\/blog\/concurso-potirendaba\/#primaryimage\"},\"thumbnailUrl\":\"https:\/\/dhg1h5j42swfq.cloudfront.net\/2021\/02\/23182420\/prefeitura_de_potirendaba-sp.jpg\",\"datePublished\":\"2020-05-20T20:40:00+00:00\",\"dateModified\":\"2021-02-24T14:39:54+00:00\",\"description\":\"Concurso Prefeitura de Potirendaba-SP: O \u00faltimo concurso realizado em 2019 permanece v\u00e1lido at\u00e9 2021 ou 2022, conforme cargo.\",\"breadcrumb\":{\"@id\":\"https:\/\/www.estrategiaconcursos.com.br\/blog\/concurso-potirendaba\/#breadcrumb\"},\"inLanguage\":\"pt-BR\",\"potentialAction\":[{\"@type\":\"ReadAction\",\"target\":[\"https:\/\/www.estrategiaconcursos.com.br\/blog\/concurso-potirendaba\/\"]}]},{\"@type\":\"ImageObject\",\"inLanguage\":\"pt-BR\",\"@id\":\"https:\/\/www.estrategiaconcursos.com.br\/blog\/concurso-potirendaba\/#primaryimage\",\"url\":\"https:\/\/dhg1h5j42swfq.cloudfront.net\/2021\/02\/23182420\/prefeitura_de_potirendaba-sp.jpg\",\"contentUrl\":\"https:\/\/dhg1h5j42swfq.cloudfront.net\/2021\/02\/23182420\/prefeitura_de_potirendaba-sp.jpg\",\"width\":1200,\"height\":628},{\"@type\":\"BreadcrumbList\",\"@id\":\"https:\/\/www.estrategiaconcursos.com.br\/blog\/concurso-potirendaba\/#breadcrumb\",\"itemListElement\":[{\"@type\":\"ListItem\",\"position\":1,\"name\":\"In\u00edcio\",\"item\":\"https:\/\/www.estrategiaconcursos.com.br\/blog\/\"},{\"@type\":\"ListItem\",\"position\":2,\"name\":\"Concurso Potirendaba: sele\u00e7\u00e3o em 2019; V\u00e1lida por dois anos\"}]},{\"@type\":\"WebSite\",\"@id\":\"https:\/\/www.estrategiaconcursos.com.br\/blog\/#website\",\"url\":\"https:\/\/www.estrategiaconcursos.com.br\/blog\/\",\"name\":\"Estrat\u00e9gia Concursos\",\"description\":\"O blog da Estrat\u00e9gia Concursos traz not\u00edcias sobre concursos e artigos de professores oferecendo cursos para concursos (pdf + videaulas) no site.\",\"publisher\":{\"@id\":\"https:\/\/www.estrategiaconcursos.com.br\/blog\/#organization\"},\"potentialAction\":[{\"@type\":\"SearchAction\",\"target\":{\"@type\":\"EntryPoint\",\"urlTemplate\":\"https:\/\/www.estrategiaconcursos.com.br\/blog\/?s={search_term_string}\"},\"query-input\":{\"@type\":\"PropertyValueSpecification\",\"valueRequired\":true,\"valueName\":\"search_term_string\"}}],\"inLanguage\":\"pt-BR\"},{\"@type\":\"Organization\",\"@id\":\"https:\/\/www.estrategiaconcursos.com.br\/blog\/#organization\",\"name\":\"Estrat\u00e9gia Concursos\",\"url\":\"https:\/\/www.estrategiaconcursos.com.br\/blog\/\",\"logo\":{\"@type\":\"ImageObject\",\"inLanguage\":\"pt-BR\",\"@id\":\"https:\/\/www.estrategiaconcursos.com.br\/blog\/#\/schema\/logo\/image\/\",\"url\":\"https:\/\/dhg1h5j42swfq.cloudfront.net\/2025\/06\/03203428\/logo_concursos-1.jpg\",\"contentUrl\":\"https:\/\/dhg1h5j42swfq.cloudfront.net\/2025\/06\/03203428\/logo_concursos-1.jpg\",\"width\":230,\"height\":60,\"caption\":\"Estrat\u00e9gia Concursos\"},\"image\":{\"@id\":\"https:\/\/www.estrategiaconcursos.com.br\/blog\/#\/schema\/logo\/image\/\"},\"sameAs\":[\"https:\/\/x.com\/EstratConcursos\"]},{\"@type\":\"Person\",\"@id\":\"https:\/\/www.estrategiaconcursos.com.br\/blog\/#\/schema\/person\/b4a388c97673c5f483d72185668afa1f\",\"name\":\"Coordena\u00e7\u00e3o\",\"image\":{\"@type\":\"ImageObject\",\"inLanguage\":\"pt-BR\",\"@id\":\"https:\/\/secure.gravatar.com\/avatar\/b720319e4c9a967eb58678d110f4fe35452fc5d5f97b202bac7b8acceb18c6ad?s=96&d=mm&r=g\",\"url\":\"https:\/\/secure.gravatar.com\/avatar\/b720319e4c9a967eb58678d110f4fe35452fc5d5f97b202bac7b8acceb18c6ad?s=96&d=mm&r=g\",\"contentUrl\":\"https:\/\/secure.gravatar.com\/avatar\/b720319e4c9a967eb58678d110f4fe35452fc5d5f97b202bac7b8acceb18c6ad?s=96&d=mm&r=g\",\"caption\":\"Coordena\u00e7\u00e3o\"},\"sameAs\":[\"https:\/\/www.facebook.com\/EstrategiaConcursos\",\"https:\/\/x.com\/EstratConcursos\"],\"url\":\"https:\/\/www.estrategiaconcursos.com.br\/blog\/author\/estrategia2013\/\"}]}<\/script>\n<!-- \/ Yoast SEO Premium plugin. -->","yoast_head_json":{"title":"Concurso Potirendaba: sele\u00e7\u00e3o em 2019; V\u00e1lida por dois anos","description":"Concurso Prefeitura de Potirendaba-SP: O \u00faltimo concurso realizado em 2019 permanece v\u00e1lido at\u00e9 2021 ou 2022, conforme cargo.","robots":{"index":"index","follow":"follow","max-snippet":"max-snippet:-1","max-image-preview":"max-image-preview:large","max-video-preview":"max-video-preview:-1"},"canonical":"https:\/\/www.estrategiaconcursos.com.br\/blog\/concurso-potirendaba\/","og_locale":"pt_BR","og_type":"article","og_title":"Concurso Potirendaba: sele\u00e7\u00e3o em 2019; V\u00e1lida por dois anos","og_description":"Concurso Prefeitura de Potirendaba-SP: O \u00faltimo concurso realizado em 2019 permanece v\u00e1lido at\u00e9 2021 ou 2022, conforme cargo.","og_url":"https:\/\/www.estrategiaconcursos.com.br\/blog\/concurso-potirendaba\/","og_site_name":"Estrat\u00e9gia Concursos","article_author":"https:\/\/www.facebook.com\/EstrategiaConcursos","article_published_time":"2020-05-20T20:40:00+00:00","article_modified_time":"2021-02-24T14:39:54+00:00","og_image":[{"width":1200,"height":628,"url":"https:\/\/dhg1h5j42swfq.cloudfront.net\/2021\/02\/23182420\/prefeitura_de_potirendaba-sp.jpg","type":"image\/jpeg"}],"author":"Coordena\u00e7\u00e3o","twitter_card":"summary_large_image","twitter_creator":"@EstratConcursos","twitter_site":"@EstratConcursos","twitter_misc":{"Escrito por":"Coordena\u00e7\u00e3o","Est. tempo de leitura":"4 minutos"},"schema":{"@context":"https:\/\/schema.org","@graph":[{"@type":"NewsArticle","@id":"https:\/\/www.estrategiaconcursos.com.br\/blog\/concurso-potirendaba\/#article","isPartOf":{"@id":"https:\/\/www.estrategiaconcursos.com.br\/blog\/concurso-potirendaba\/"},"author":{"name":"Coordena\u00e7\u00e3o","@id":"https:\/\/www.estrategiaconcursos.com.br\/blog\/#\/schema\/person\/b4a388c97673c5f483d72185668afa1f"},"headline":"Concurso Potirendaba: sele\u00e7\u00e3o em 2019; V\u00e1lida por dois anos","datePublished":"2020-05-20T20:40:00+00:00","dateModified":"2021-02-24T14:39:54+00:00","mainEntityOfPage":{"@id":"https:\/\/www.estrategiaconcursos.com.br\/blog\/concurso-potirendaba\/"},"wordCount":951,"commentCount":0,"publisher":{"@id":"https:\/\/www.estrategiaconcursos.com.br\/blog\/#organization"},"image":{"@id":"https:\/\/www.estrategiaconcursos.com.br\/blog\/concurso-potirendaba\/#primaryimage"},"thumbnailUrl":"https:\/\/dhg1h5j42swfq.cloudfront.net\/2021\/02\/23182420\/prefeitura_de_potirendaba-sp.jpg","articleSection":["Concursos P\u00fablicos"],"inLanguage":"pt-BR","potentialAction":[{"@type":"CommentAction","name":"Comment","target":["https:\/\/www.estrategiaconcursos.com.br\/blog\/concurso-potirendaba\/#respond"]}],"copyrightYear":"2020","copyrightHolder":{"@id":"https:\/\/www.estrategiaconcursos.com.br\/blog\/#organization"}},{"@type":"WebPage","@id":"https:\/\/www.estrategiaconcursos.com.br\/blog\/concurso-potirendaba\/","url":"https:\/\/www.estrategiaconcursos.com.br\/blog\/concurso-potirendaba\/","name":"Concurso Potirendaba: sele\u00e7\u00e3o em 2019; V\u00e1lida por dois anos","isPartOf":{"@id":"https:\/\/www.estrategiaconcursos.com.br\/blog\/#website"},"primaryImageOfPage":{"@id":"https:\/\/www.estrategiaconcursos.com.br\/blog\/concurso-potirendaba\/#primaryimage"},"image":{"@id":"https:\/\/www.estrategiaconcursos.com.br\/blog\/concurso-potirendaba\/#primaryimage"},"thumbnailUrl":"https:\/\/dhg1h5j42swfq.cloudfront.net\/2021\/02\/23182420\/prefeitura_de_potirendaba-sp.jpg","datePublished":"2020-05-20T20:40:00+00:00","dateModified":"2021-02-24T14:39:54+00:00","description":"Concurso Prefeitura de Potirendaba-SP: O \u00faltimo concurso realizado em 2019 permanece v\u00e1lido at\u00e9 2021 ou 2022, conforme cargo.","breadcrumb":{"@id":"https:\/\/www.estrategiaconcursos.com.br\/blog\/concurso-potirendaba\/#breadcrumb"},"inLanguage":"pt-BR","potentialAction":[{"@type":"ReadAction","target":["https:\/\/www.estrategiaconcursos.com.br\/blog\/concurso-potirendaba\/"]}]},{"@type":"ImageObject","inLanguage":"pt-BR","@id":"https:\/\/www.estrategiaconcursos.com.br\/blog\/concurso-potirendaba\/#primaryimage","url":"https:\/\/dhg1h5j42swfq.cloudfront.net\/2021\/02\/23182420\/prefeitura_de_potirendaba-sp.jpg","contentUrl":"https:\/\/dhg1h5j42swfq.cloudfront.net\/2021\/02\/23182420\/prefeitura_de_potirendaba-sp.jpg","width":1200,"height":628},{"@type":"BreadcrumbList","@id":"https:\/\/www.estrategiaconcursos.com.br\/blog\/concurso-potirendaba\/#breadcrumb","itemListElement":[{"@type":"ListItem","position":1,"name":"In\u00edcio","item":"https:\/\/www.estrategiaconcursos.com.br\/blog\/"},{"@type":"ListItem","position":2,"name":"Concurso Potirendaba: sele\u00e7\u00e3o em 2019; V\u00e1lida por dois anos"}]},{"@type":"WebSite","@id":"https:\/\/www.estrategiaconcursos.com.br\/blog\/#website","url":"https:\/\/www.estrategiaconcursos.com.br\/blog\/","name":"Estrat\u00e9gia Concursos","description":"O blog da Estrat\u00e9gia Concursos traz not\u00edcias sobre concursos e artigos de professores oferecendo cursos para concursos (pdf + videaulas) no site.","publisher":{"@id":"https:\/\/www.estrategiaconcursos.com.br\/blog\/#organization"},"potentialAction":[{"@type":"SearchAction","target":{"@type":"EntryPoint","urlTemplate":"https:\/\/www.estrategiaconcursos.com.br\/blog\/?s={search_term_string}"},"query-input":{"@type":"PropertyValueSpecification","valueRequired":true,"valueName":"search_term_string"}}],"inLanguage":"pt-BR"},{"@type":"Organization","@id":"https:\/\/www.estrategiaconcursos.com.br\/blog\/#organization","name":"Estrat\u00e9gia Concursos","url":"https:\/\/www.estrategiaconcursos.com.br\/blog\/","logo":{"@type":"ImageObject","inLanguage":"pt-BR","@id":"https:\/\/www.estrategiaconcursos.com.br\/blog\/#\/schema\/logo\/image\/","url":"https:\/\/dhg1h5j42swfq.cloudfront.net\/2025\/06\/03203428\/logo_concursos-1.jpg","contentUrl":"https:\/\/dhg1h5j42swfq.cloudfront.net\/2025\/06\/03203428\/logo_concursos-1.jpg","width":230,"height":60,"caption":"Estrat\u00e9gia Concursos"},"image":{"@id":"https:\/\/www.estrategiaconcursos.com.br\/blog\/#\/schema\/logo\/image\/"},"sameAs":["https:\/\/x.com\/EstratConcursos"]},{"@type":"Person","@id":"https:\/\/www.estrategiaconcursos.com.br\/blog\/#\/schema\/person\/b4a388c97673c5f483d72185668afa1f","name":"Coordena\u00e7\u00e3o","image":{"@type":"ImageObject","inLanguage":"pt-BR","@id":"https:\/\/secure.gravatar.com\/avatar\/b720319e4c9a967eb58678d110f4fe35452fc5d5f97b202bac7b8acceb18c6ad?s=96&d=mm&r=g","url":"https:\/\/secure.gravatar.com\/avatar\/b720319e4c9a967eb58678d110f4fe35452fc5d5f97b202bac7b8acceb18c6ad?s=96&d=mm&r=g","contentUrl":"https:\/\/secure.gravatar.com\/avatar\/b720319e4c9a967eb58678d110f4fe35452fc5d5f97b202bac7b8acceb18c6ad?s=96&d=mm&r=g","caption":"Coordena\u00e7\u00e3o"},"sameAs":["https:\/\/www.facebook.com\/EstrategiaConcursos","https:\/\/x.com\/EstratConcursos"],"url":"https:\/\/www.estrategiaconcursos.com.br\/blog\/author\/estrategia2013\/"}]}},"_links":{"self":[{"href":"https:\/\/www.estrategiaconcursos.com.br\/blog\/wp-json\/wp\/v2\/posts\/678127","targetHints":{"allow":["GET"]}}],"collection":[{"href":"https:\/\/www.estrategiaconcursos.com.br\/blog\/wp-json\/wp\/v2\/posts"}],"about":[{"href":"https:\/\/www.estrategiaconcursos.com.br\/blog\/wp-json\/wp\/v2\/types\/post"}],"author":[{"embeddable":true,"href":"https:\/\/www.estrategiaconcursos.com.br\/blog\/wp-json\/wp\/v2\/users\/1"}],"replies":[{"embeddable":true,"href":"https:\/\/www.estrategiaconcursos.com.br\/blog\/wp-json\/wp\/v2\/comments?post=678127"}],"version-history":[{"count":8,"href":"https:\/\/www.estrategiaconcursos.com.br\/blog\/wp-json\/wp\/v2\/posts\/678127\/revisions"}],"predecessor-version":[{"id":679196,"href":"https:\/\/www.estrategiaconcursos.com.br\/blog\/wp-json\/wp\/v2\/posts\/678127\/revisions\/679196"}],"wp:featuredmedia":[{"embeddable":true,"href":"https:\/\/www.estrategiaconcursos.com.br\/blog\/wp-json\/wp\/v2\/media\/678728"}],"wp:attachment":[{"href":"https:\/\/www.estrategiaconcursos.com.br\/blog\/wp-json\/wp\/v2\/media?parent=678127"}],"wp:term":[{"taxonomy":"category","embeddable":true,"href":"https:\/\/www.estrategiaconcursos.com.br\/blog\/wp-json\/wp\/v2\/categories?post=678127"},{"taxonomy":"post_tag","embeddable":true,"href":"https:\/\/www.estrategiaconcursos.com.br\/blog\/wp-json\/wp\/v2\/tags?post=678127"},{"taxonomy":"tax_estado","embeddable":true,"href":"https:\/\/www.estrategiaconcursos.com.br\/blog\/wp-json\/wp\/v2\/tax_estado?post=678127"}],"curies":[{"name":"wp","href":"https:\/\/api.w.org\/{rel}","templated":true}]}}